{"id":97,"date":"2012-09-11T12:50:31","date_gmt":"2012-09-11T11:50:31","guid":{"rendered":"https:\/\/www.jaermuseet.no\/vitengarden\/potetdag-for-barnehagar-26-september\/"},"modified":"2012-09-11T12:50:31","modified_gmt":"2012-09-11T11:50:31","slug":"potetdag-for-barnehagar-26-september","status":"publish","type":"post","link":"https:\/\/www.jaermuseet.no\/vitengarden\/potetdag-for-barnehagar-26-september\/","title":{"rendered":"Potetdag for barnehagar 26. september"},"content":{"rendered":"<p><img loading=\"lazy\" decoding=\"async\" style=\"margin-right: 10px;margin-bottom: 10px\" alt=\"Potet\" src=\"https:\/\/www.jaermuseet.no\/wp-content\/uploads\/sites\/11\/2012\/09\/Potet.jpg\" width=\"275\" height=\"212\" \/><br \/><strong>Potetdag for barnehagar<\/strong> <strong>26. september<\/strong> \u00a0 <br \/>\u00a0 \u00a0 \u00a0 \u00a0 \u00a0 \u00a0 \u00a0 \u00a0 \u00a0 \u00a0 \u00a0 \u00a0 \u00a0 \u00a0 \u00a0 \u00a0 \u00a0 \u00a0 \u00a0 \u00a0 \u00a0 \u00a0 \u00a0 \u00a0 \u00a0 \u00a0 \u00a0 \u00a0 \u00a0 \u00a0 \u00a0 \u00a0 <br \/>\u00a0 \u00a0 \u00a0 \u00a0 \u00a0 \u00a0\u00a0\u00a0 \u00a0 \u00a0 \u00a0 \u00a0 \u00a0 \u00a0 \u00a0 \u00a0 \u00a0 \u00a0 \u00a0 \u00a0 \u00a0 \u00a0 \u00a0 \u00a0 \u00a0 \u00a0 \u00a0 \u00a0 \u00a0 \u00a0 \u00a0 \u00a0 \u00a0 \u00a0 \u00a0 \u00a0 \u00a0 \u00a0 \u00a0 \u00a0 \u00a0 \u00a0 \u00a0 \u00a0 \u00a0 \u00a0 \u00a0 \u00a0 \u00a0 \u00a0 \u00a0 \u00a0 \u00a0 \u00a0 \u00a0\u00a0 <br \/>For f\u00f8rste gong p\u00e5 fleire \u00e5r har me i \u00e5r poteter, eller eple, p\u00e5 Vitengarden. <\/p>\n<p>I det h\u00f8vet tenkte me \u00e5 invitera dokker i barnehagane til ein potetdag p\u00e5 Vitengarden 26. september klokka 0930 &#8211; 1330.<\/p>\n<p>Me organiserer fleire aktivitetar p\u00e5 ulike stasjonar, til d\u00f8mes henting av potet, steiking av potet p\u00e5 b\u00e5l,<\/p>\n<p>smaking p\u00e5 gr\u00f8nsaker, hest og kjerrek\u00f8yring, og ymse poteteksperiment.<\/p>\n<p>Det er avgrensa med plasser, s\u00e5 ver snare\u00a0og meld dokker p\u00e5 om dokker vil vera med.<\/p>\n<p>P\u00e5melding f\u00f8r onsdag 19. september med \u00e5 senda ein e- post til:<\/p>\n<p>bhg.vitengarden@jaermuseet.no eller p\u00e5 telefon: 51799420<\/p>\n<p><strong><br \/>Potetopptak veke 39 og 40.<\/strong><\/p>\n<p>Passar dagen d\u00e5rleg, opnar me for \u00e5 ha potetopplegget au i veke 39 og 40.<\/p>\n<p>D\u00e5 avgrensar me opplegget til potethenting og steiking av potet p\u00e5 b\u00e5l.<\/p>\n<p>Her gjeld f\u00f8rste mann til m\u00f8lla, s\u00e5 ver snar og finn ein dag det passar og bestill.<\/p>\n<p>P\u00e5melding f\u00f8r onsdag 19. september med \u00e5 senda ein e- post til:<\/p>\n<p>bhg.vitengarden@jaermuseet.no eller p\u00e5 telefon: 51799420<\/p>\n<p>Sj\u00e5 elles barnehagetilboda me har her: <br \/><a href=\"anlegga-vare\/vitengarden\/for-skuler-og-barnehagar\/215-barnehagar\">https:\/\/www.jaermuseet.no\/anlegga-vare\/vitengarden\/for-skuler-og-barnehagar\/215-barnehagar<\/a> <\/p>\n<p><\/p>\n","protected":false},"excerpt":{"rendered":"<p><strong>Potetdag for barnehagar 26. september.<\/strong><br \/>For fyrste gong p\u00e5 fleire \u00e5r har me i \u00e5r poteter, eller eple, p\u00e5 Vitengarden.<\/p>\n<p><img loading=\"lazy\" decoding=\"async\" style=\"margin-right: 10px;margin-bottom: 10px\" alt=\"Potet\" src=\"https:\/\/www.jaermuseet.no\/wp-content\/uploads\/sites\/11\/2012\/09\/Potet.jpg\" width=\"198\" height=\"153\" \/><\/p>\n","protected":false},"author":10,"featured_media":0,"comment_status":"open","ping_status":"open","sticky":false,"template":"","format":"standard","meta":{"_acf_changed":false,"_jetpack_memberships_contains_paid_content":false,"footnotes":""},"categories":[5],"tags":[],"class_list":["post-97","post","type-post","status-publish","format-standard","hentry","category-nytt-fra-vitengarden"],"acf":[],"yoast_head":"<!-- This site is optimized with the Yoast SEO plugin v27.4 - https:\/\/yoast.com\/product\/yoast-seo-wordpress\/ -->\n<title>Potetdag for barnehagar 26. september - Vitengarden<\/title>\n<meta name=\"robots\" content=\"index, follow, max-snippet:-1, max-image-preview:large, max-video-preview:-1\" \/>\n<link rel=\"canonical\" href=\"https:\/\/www.jaermuseet.no\/vitengarden\/potetdag-for-barnehagar-26-september\/\" \/>\n<meta property=\"og:locale\" content=\"nn_NO\" \/>\n<meta property=\"og:type\" content=\"article\" \/>\n<meta property=\"og:title\" content=\"Potetdag for barnehagar 26. september - Vitengarden\" \/>\n<meta property=\"og:description\" content=\"Potetdag for barnehagar 26. september.For fyrste gong p\u00e5 fleire \u00e5r har me i \u00e5r poteter, eller eple, p\u00e5 Vitengarden.\" \/>\n<meta property=\"og:url\" content=\"https:\/\/www.jaermuseet.no\/vitengarden\/potetdag-for-barnehagar-26-september\/\" \/>\n<meta property=\"og:site_name\" content=\"Vitengarden\" \/>\n<meta property=\"article:published_time\" content=\"2012-09-11T11:50:31+00:00\" \/>\n<meta property=\"og:image\" content=\"https:\/\/www.jaermuseet.no\/wp-content\/uploads\/sites\/11\/2012\/09\/Potet.jpg\" \/>\n<meta name=\"author\" content=\"Vitengarden\" \/>\n<meta name=\"twitter:card\" content=\"summary_large_image\" \/>\n<meta name=\"twitter:label1\" content=\"Written by\" \/>\n\t<meta name=\"twitter:data1\" content=\"Vitengarden\" \/>\n\t<meta name=\"twitter:label2\" content=\"Est. reading time\" \/>\n\t<meta name=\"twitter:data2\" content=\"1 minutt\" \/>\n<script type=\"application\/ld+json\" class=\"yoast-schema-graph\">{\"@context\":\"https:\\\/\\\/schema.org\",\"@graph\":[{\"@type\":\"Article\",\"@id\":\"https:\\\/\\\/www.jaermuseet.no\\\/vitengarden\\\/potetdag-for-barnehagar-26-september\\\/#article\",\"isPartOf\":{\"@id\":\"https:\\\/\\\/www.jaermuseet.no\\\/vitengarden\\\/potetdag-for-barnehagar-26-september\\\/\"},\"author\":{\"name\":\"Vitengarden\",\"@id\":\"https:\\\/\\\/www.jaermuseet.no\\\/vitengarden\\\/#\\\/schema\\\/person\\\/ac022bcc14f020945a1d11c7b825c8f2\"},\"headline\":\"Potetdag for barnehagar 26. september\",\"datePublished\":\"2012-09-11T11:50:31+00:00\",\"mainEntityOfPage\":{\"@id\":\"https:\\\/\\\/www.jaermuseet.no\\\/vitengarden\\\/potetdag-for-barnehagar-26-september\\\/\"},\"wordCount\":189,\"commentCount\":0,\"image\":{\"@id\":\"https:\\\/\\\/www.jaermuseet.no\\\/vitengarden\\\/potetdag-for-barnehagar-26-september\\\/#primaryimage\"},\"thumbnailUrl\":\"https:\\\/\\\/www.jaermuseet.no\\\/wp-content\\\/uploads\\\/sites\\\/11\\\/2012\\\/09\\\/Potet.jpg\",\"articleSection\":[\"Nytt fr\u00e5 Vitengarden\"],\"inLanguage\":\"nn-NO\",\"potentialAction\":[{\"@type\":\"CommentAction\",\"name\":\"Comment\",\"target\":[\"https:\\\/\\\/www.jaermuseet.no\\\/vitengarden\\\/potetdag-for-barnehagar-26-september\\\/#respond\"]}]},{\"@type\":\"WebPage\",\"@id\":\"https:\\\/\\\/www.jaermuseet.no\\\/vitengarden\\\/potetdag-for-barnehagar-26-september\\\/\",\"url\":\"https:\\\/\\\/www.jaermuseet.no\\\/vitengarden\\\/potetdag-for-barnehagar-26-september\\\/\",\"name\":\"Potetdag for barnehagar 26. september - Vitengarden\",\"isPartOf\":{\"@id\":\"https:\\\/\\\/www.jaermuseet.no\\\/vitengarden\\\/#website\"},\"primaryImageOfPage\":{\"@id\":\"https:\\\/\\\/www.jaermuseet.no\\\/vitengarden\\\/potetdag-for-barnehagar-26-september\\\/#primaryimage\"},\"image\":{\"@id\":\"https:\\\/\\\/www.jaermuseet.no\\\/vitengarden\\\/potetdag-for-barnehagar-26-september\\\/#primaryimage\"},\"thumbnailUrl\":\"https:\\\/\\\/www.jaermuseet.no\\\/wp-content\\\/uploads\\\/sites\\\/11\\\/2012\\\/09\\\/Potet.jpg\",\"datePublished\":\"2012-09-11T11:50:31+00:00\",\"author\":{\"@id\":\"https:\\\/\\\/www.jaermuseet.no\\\/vitengarden\\\/#\\\/schema\\\/person\\\/ac022bcc14f020945a1d11c7b825c8f2\"},\"breadcrumb\":{\"@id\":\"https:\\\/\\\/www.jaermuseet.no\\\/vitengarden\\\/potetdag-for-barnehagar-26-september\\\/#breadcrumb\"},\"inLanguage\":\"nn-NO\",\"potentialAction\":[{\"@type\":\"ReadAction\",\"target\":[\"https:\\\/\\\/www.jaermuseet.no\\\/vitengarden\\\/potetdag-for-barnehagar-26-september\\\/\"]}]},{\"@type\":\"ImageObject\",\"inLanguage\":\"nn-NO\",\"@id\":\"https:\\\/\\\/www.jaermuseet.no\\\/vitengarden\\\/potetdag-for-barnehagar-26-september\\\/#primaryimage\",\"url\":\"https:\\\/\\\/www.jaermuseet.no\\\/wp-content\\\/uploads\\\/sites\\\/11\\\/2012\\\/09\\\/Potet.jpg\",\"contentUrl\":\"https:\\\/\\\/www.jaermuseet.no\\\/wp-content\\\/uploads\\\/sites\\\/11\\\/2012\\\/09\\\/Potet.jpg\"},{\"@type\":\"BreadcrumbList\",\"@id\":\"https:\\\/\\\/www.jaermuseet.no\\\/vitengarden\\\/potetdag-for-barnehagar-26-september\\\/#breadcrumb\",\"itemListElement\":[{\"@type\":\"ListItem\",\"position\":1,\"name\":\"Heim\",\"item\":\"https:\\\/\\\/www.jaermuseet.no\\\/vitengarden\\\/\"},{\"@type\":\"ListItem\",\"position\":2,\"name\":\"Potetdag for barnehagar 26. september\"}]},{\"@type\":\"WebSite\",\"@id\":\"https:\\\/\\\/www.jaermuseet.no\\\/vitengarden\\\/#website\",\"url\":\"https:\\\/\\\/www.jaermuseet.no\\\/vitengarden\\\/\",\"name\":\"Vitengarden\",\"description\":\"Take part in science and history with new and engaging methods\",\"potentialAction\":[{\"@type\":\"SearchAction\",\"target\":{\"@type\":\"EntryPoint\",\"urlTemplate\":\"https:\\\/\\\/www.jaermuseet.no\\\/vitengarden\\\/?s={search_term_string}\"},\"query-input\":{\"@type\":\"PropertyValueSpecification\",\"valueRequired\":true,\"valueName\":\"search_term_string\"}}],\"inLanguage\":\"nn-NO\"},{\"@type\":\"Person\",\"@id\":\"https:\\\/\\\/www.jaermuseet.no\\\/vitengarden\\\/#\\\/schema\\\/person\\\/ac022bcc14f020945a1d11c7b825c8f2\",\"name\":\"Vitengarden\",\"image\":{\"@type\":\"ImageObject\",\"inLanguage\":\"nn-NO\",\"@id\":\"https:\\\/\\\/secure.gravatar.com\\\/avatar\\\/05ab667a03e4e22dc7bcffff9bbbdd8fc37f1f5acdd02907e510909ad5b0fd27?s=96&d=mm&r=g\",\"url\":\"https:\\\/\\\/secure.gravatar.com\\\/avatar\\\/05ab667a03e4e22dc7bcffff9bbbdd8fc37f1f5acdd02907e510909ad5b0fd27?s=96&d=mm&r=g\",\"contentUrl\":\"https:\\\/\\\/secure.gravatar.com\\\/avatar\\\/05ab667a03e4e22dc7bcffff9bbbdd8fc37f1f5acdd02907e510909ad5b0fd27?s=96&d=mm&r=g\",\"caption\":\"Vitengarden\"},\"url\":\"https:\\\/\\\/www.jaermuseet.no\\\/vitengarden\\\/author\\\/vitengarden\\\/\"}]}<\/script>\n<!-- \/ Yoast SEO plugin. -->","yoast_head_json":{"title":"Potetdag for barnehagar 26. september - Vitengarden","robots":{"index":"index","follow":"follow","max-snippet":"max-snippet:-1","max-image-preview":"max-image-preview:large","max-video-preview":"max-video-preview:-1"},"canonical":"https:\/\/www.jaermuseet.no\/vitengarden\/potetdag-for-barnehagar-26-september\/","og_locale":"nn_NO","og_type":"article","og_title":"Potetdag for barnehagar 26. september - Vitengarden","og_description":"Potetdag for barnehagar 26. september.For fyrste gong p\u00e5 fleire \u00e5r har me i \u00e5r poteter, eller eple, p\u00e5 Vitengarden.","og_url":"https:\/\/www.jaermuseet.no\/vitengarden\/potetdag-for-barnehagar-26-september\/","og_site_name":"Vitengarden","article_published_time":"2012-09-11T11:50:31+00:00","og_image":[{"url":"https:\/\/www.jaermuseet.no\/wp-content\/uploads\/sites\/11\/2012\/09\/Potet.jpg","type":"","width":"","height":""}],"author":"Vitengarden","twitter_card":"summary_large_image","twitter_misc":{"Written by":"Vitengarden","Est. reading time":"1 minutt"},"schema":{"@context":"https:\/\/schema.org","@graph":[{"@type":"Article","@id":"https:\/\/www.jaermuseet.no\/vitengarden\/potetdag-for-barnehagar-26-september\/#article","isPartOf":{"@id":"https:\/\/www.jaermuseet.no\/vitengarden\/potetdag-for-barnehagar-26-september\/"},"author":{"name":"Vitengarden","@id":"https:\/\/www.jaermuseet.no\/vitengarden\/#\/schema\/person\/ac022bcc14f020945a1d11c7b825c8f2"},"headline":"Potetdag for barnehagar 26. september","datePublished":"2012-09-11T11:50:31+00:00","mainEntityOfPage":{"@id":"https:\/\/www.jaermuseet.no\/vitengarden\/potetdag-for-barnehagar-26-september\/"},"wordCount":189,"commentCount":0,"image":{"@id":"https:\/\/www.jaermuseet.no\/vitengarden\/potetdag-for-barnehagar-26-september\/#primaryimage"},"thumbnailUrl":"https:\/\/www.jaermuseet.no\/wp-content\/uploads\/sites\/11\/2012\/09\/Potet.jpg","articleSection":["Nytt fr\u00e5 Vitengarden"],"inLanguage":"nn-NO","potentialAction":[{"@type":"CommentAction","name":"Comment","target":["https:\/\/www.jaermuseet.no\/vitengarden\/potetdag-for-barnehagar-26-september\/#respond"]}]},{"@type":"WebPage","@id":"https:\/\/www.jaermuseet.no\/vitengarden\/potetdag-for-barnehagar-26-september\/","url":"https:\/\/www.jaermuseet.no\/vitengarden\/potetdag-for-barnehagar-26-september\/","name":"Potetdag for barnehagar 26. september - Vitengarden","isPartOf":{"@id":"https:\/\/www.jaermuseet.no\/vitengarden\/#website"},"primaryImageOfPage":{"@id":"https:\/\/www.jaermuseet.no\/vitengarden\/potetdag-for-barnehagar-26-september\/#primaryimage"},"image":{"@id":"https:\/\/www.jaermuseet.no\/vitengarden\/potetdag-for-barnehagar-26-september\/#primaryimage"},"thumbnailUrl":"https:\/\/www.jaermuseet.no\/wp-content\/uploads\/sites\/11\/2012\/09\/Potet.jpg","datePublished":"2012-09-11T11:50:31+00:00","author":{"@id":"https:\/\/www.jaermuseet.no\/vitengarden\/#\/schema\/person\/ac022bcc14f020945a1d11c7b825c8f2"},"breadcrumb":{"@id":"https:\/\/www.jaermuseet.no\/vitengarden\/potetdag-for-barnehagar-26-september\/#breadcrumb"},"inLanguage":"nn-NO","potentialAction":[{"@type":"ReadAction","target":["https:\/\/www.jaermuseet.no\/vitengarden\/potetdag-for-barnehagar-26-september\/"]}]},{"@type":"ImageObject","inLanguage":"nn-NO","@id":"https:\/\/www.jaermuseet.no\/vitengarden\/potetdag-for-barnehagar-26-september\/#primaryimage","url":"https:\/\/www.jaermuseet.no\/wp-content\/uploads\/sites\/11\/2012\/09\/Potet.jpg","contentUrl":"https:\/\/www.jaermuseet.no\/wp-content\/uploads\/sites\/11\/2012\/09\/Potet.jpg"},{"@type":"BreadcrumbList","@id":"https:\/\/www.jaermuseet.no\/vitengarden\/potetdag-for-barnehagar-26-september\/#breadcrumb","itemListElement":[{"@type":"ListItem","position":1,"name":"Heim","item":"https:\/\/www.jaermuseet.no\/vitengarden\/"},{"@type":"ListItem","position":2,"name":"Potetdag for barnehagar 26. september"}]},{"@type":"WebSite","@id":"https:\/\/www.jaermuseet.no\/vitengarden\/#website","url":"https:\/\/www.jaermuseet.no\/vitengarden\/","name":"Vitengarden","description":"Take part in science and history with new and engaging methods","potentialAction":[{"@type":"SearchAction","target":{"@type":"EntryPoint","urlTemplate":"https:\/\/www.jaermuseet.no\/vitengarden\/?s={search_term_string}"},"query-input":{"@type":"PropertyValueSpecification","valueRequired":true,"valueName":"search_term_string"}}],"inLanguage":"nn-NO"},{"@type":"Person","@id":"https:\/\/www.jaermuseet.no\/vitengarden\/#\/schema\/person\/ac022bcc14f020945a1d11c7b825c8f2","name":"Vitengarden","image":{"@type":"ImageObject","inLanguage":"nn-NO","@id":"https:\/\/secure.gravatar.com\/avatar\/05ab667a03e4e22dc7bcffff9bbbdd8fc37f1f5acdd02907e510909ad5b0fd27?s=96&d=mm&r=g","url":"https:\/\/secure.gravatar.com\/avatar\/05ab667a03e4e22dc7bcffff9bbbdd8fc37f1f5acdd02907e510909ad5b0fd27?s=96&d=mm&r=g","contentUrl":"https:\/\/secure.gravatar.com\/avatar\/05ab667a03e4e22dc7bcffff9bbbdd8fc37f1f5acdd02907e510909ad5b0fd27?s=96&d=mm&r=g","caption":"Vitengarden"},"url":"https:\/\/www.jaermuseet.no\/vitengarden\/author\/vitengarden\/"}]}},"cc_featured_image_caption":{"caption_text":false,"source_text":false,"source_url":false},"jetpack_featured_media_url":"","jetpack_sharing_enabled":true,"_links":{"self":[{"href":"https:\/\/www.jaermuseet.no\/vitengarden\/wp-json\/wp\/v2\/posts\/97","targetHints":{"allow":["GET"]}}],"collection":[{"href":"https:\/\/www.jaermuseet.no\/vitengarden\/wp-json\/wp\/v2\/posts"}],"about":[{"href":"https:\/\/www.jaermuseet.no\/vitengarden\/wp-json\/wp\/v2\/types\/post"}],"author":[{"embeddable":true,"href":"https:\/\/www.jaermuseet.no\/vitengarden\/wp-json\/wp\/v2\/users\/10"}],"replies":[{"embeddable":true,"href":"https:\/\/www.jaermuseet.no\/vitengarden\/wp-json\/wp\/v2\/comments?post=97"}],"version-history":[{"count":0,"href":"https:\/\/www.jaermuseet.no\/vitengarden\/wp-json\/wp\/v2\/posts\/97\/revisions"}],"wp:attachment":[{"href":"https:\/\/www.jaermuseet.no\/vitengarden\/wp-json\/wp\/v2\/media?parent=97"}],"wp:term":[{"taxonomy":"category","embeddable":true,"href":"https:\/\/www.jaermuseet.no\/vitengarden\/wp-json\/wp\/v2\/categories?post=97"},{"taxonomy":"post_tag","embeddable":true,"href":"https:\/\/www.jaermuseet.no\/vitengarden\/wp-json\/wp\/v2\/tags?post=97"}],"curies":[{"name":"wp","href":"https:\/\/api.w.org\/{rel}","templated":true}]}}