{"id":9238,"date":"2024-06-21T09:02:18","date_gmt":"2024-06-21T07:02:18","guid":{"rendered":"https:\/\/www.jaermuseet.no\/vitengarden\/?p=9238"},"modified":"2024-06-21T09:56:17","modified_gmt":"2024-06-21T07:56:17","slug":"pengegave-til-pelsdyrutstilling","status":"publish","type":"post","link":"https:\/\/www.jaermuseet.no\/vitengarden\/pengegave-til-pelsdyrutstilling\/","title":{"rendered":"Pengeg\u00e5ve til pelsdyrutstilling"},"content":{"rendered":"\n<p class=\"wp-block-paragraph\">G\u00e5va skal g\u00e5 til ny pelsdyrutstilling p\u00e5 Vitengarden. Pelsdyrutstillinga skal opne same dag som pelsdyrn\u00e6ringa offisielt blir forbode, 1. februar 2025. Arbeidet med utstillinga er godt i gang, og J\u00e6ren Sparebank fekk ei orientering om planane for utstillinga d\u00e5 dei kom med g\u00e5va.<\/p>\n\n\n\n<p class=\"wp-block-paragraph\">Administrerande direkt\u00f8r i J\u00e6ren Sparebank, Geir Magne Tj\u00e5land, tykte planane for utstillinga s\u00e5g lovande ut. &#8220;Pelsdyrn\u00e6ringa er ei viktig n\u00e6ring p\u00e5 J\u00e6ren som har ei spesiell historie med mange ulike perspektiv. For J\u00e6ren Sparebank er det viktig \u00e5 st\u00f8tta opp om den profesjonelle formidlinga av kunnskap som J\u00e6rmuseet driv med. Planane verkar gjennomtenkte og balanserte. I ei digital tid er det \u00f2g s\u00e6rs viktig med fysiske opplevingar som engasjerer barna og vaksne&#8221;, seier Tj\u00e5land. <\/p>\n\n\n\n<p class=\"wp-block-paragraph\">Anne Jorunn Fr\u00f8yen, f\u00f8rstekonservator NMF og prosjektleiar for utstillinga er s\u00e6rs glad for g\u00e5va. &#8220;Dette er eit betydeleg bel\u00f8p som sikrar at utstillinga blir i tr\u00e5d med slik me har planlagt og \u00f8nsker den skal bli. N\u00e5 kan me trykke p\u00e5 dei rette knappane og setje i gang produksjon av viktige element&#8221;, avsluttar ho.<\/p>\n\n\n\n<p class=\"wp-block-paragraph\"><\/p>\n\n\n\n<figure class=\"wp-block-gallery has-nested-images columns-default is-cropped wp-block-gallery-1 is-layout-flex wp-block-gallery-is-layout-flex\">\n<figure class=\"wp-block-image size-large\"><img loading=\"lazy\" decoding=\"async\" width=\"1024\" height=\"683\" data-id=\"9240\" src=\"https:\/\/www.jaermuseet.no\/vitengarden\/wp-content\/uploads\/sites\/11\/2024\/06\/240620_Jaeren_Sparebank_Besok_Pelsdyr_UtstillingCZ9A8232-1024x683.jpg\" alt=\"\" class=\"wp-image-9240\" srcset=\"https:\/\/www.jaermuseet.no\/vitengarden\/wp-content\/uploads\/sites\/11\/2024\/06\/240620_Jaeren_Sparebank_Besok_Pelsdyr_UtstillingCZ9A8232-1024x683.jpg 1024w, https:\/\/www.jaermuseet.no\/vitengarden\/wp-content\/uploads\/sites\/11\/2024\/06\/240620_Jaeren_Sparebank_Besok_Pelsdyr_UtstillingCZ9A8232-300x200.jpg 300w, https:\/\/www.jaermuseet.no\/vitengarden\/wp-content\/uploads\/sites\/11\/2024\/06\/240620_Jaeren_Sparebank_Besok_Pelsdyr_UtstillingCZ9A8232-200x133.jpg 200w, https:\/\/www.jaermuseet.no\/vitengarden\/wp-content\/uploads\/sites\/11\/2024\/06\/240620_Jaeren_Sparebank_Besok_Pelsdyr_UtstillingCZ9A8232-1536x1024.jpg 1536w, https:\/\/www.jaermuseet.no\/vitengarden\/wp-content\/uploads\/sites\/11\/2024\/06\/240620_Jaeren_Sparebank_Besok_Pelsdyr_UtstillingCZ9A8232-2048x1366.jpg 2048w\" sizes=\"auto, (max-width: 1024px) 100vw, 1024px\" \/><figcaption class=\"wp-element-caption\">Fr\u00e5 venstre Geir Magne Tj\u00e5land, Trond Egil Sunde og Anne Birgit Braut Langemyhr fr\u00e5 J\u00e6ren Sparebank. Atle Fisk\u00e5, Anne Jorunn Fr\u00f8yen og Elin Ravndal Bell fr\u00e5 J\u00e6rmuseet.<\/figcaption><\/figure>\n<\/figure>\n\n\n\n<h4 class=\"wp-block-heading\">Kvifor skal Vitengarden ha ei pelsdyrutstilling? <\/h4>\n\n\n\n<p class=\"wp-block-paragraph\">J\u00e6rmuseet skal dokumentera nyare norsk landbrukshistorie. Pelsdyr har vore ei viktig n\u00e6ring i Rogaland i nesten hundre \u00e5r. P\u00e5 det meste, i 1969, var det heile 721 pelsdyrgardar p\u00e5 J\u00e6ren. Det er difor heilt naturleg at J\u00e6rmuseet b\u00e5de samlar inn gjenstandar og historier knyta til n\u00e6ringa, og lagar ei utstilling om denne.<\/p>\n\n\n\n<p class=\"wp-block-paragraph\"><\/p>\n","protected":false},"excerpt":{"rendered":"<p>G\u00e5va skal g\u00e5 til ny pelsdyrutstilling p\u00e5 Vitengarden. Pelsdyrutstillinga skal&#8230;<\/p>\n","protected":false},"author":10,"featured_media":9239,"comment_status":"closed","ping_status":"closed","sticky":false,"template":"","format":"standard","meta":{"_acf_changed":false,"_jetpack_newsletter_access":"","_jetpack_dont_email_post_to_subs":false,"_jetpack_newsletter_tier_id":0,"_jetpack_memberships_contains_paywalled_content":false,"_jetpack_feature_clip_id":0,"_jetpack_memberships_contains_paid_content":false,"footnotes":"","jetpack_post_was_ever_published":false},"categories":[5],"tags":[],"class_list":["post-9238","post","type-post","status-publish","format-standard","has-post-thumbnail","hentry","category-nytt-fra-vitengarden","featured-image-size-large"],"acf":[],"yoast_head":"<!-- This site is optimized with the Yoast SEO plugin v28.4 - https:\/\/yoast.com\/product\/yoast-seo-wordpress\/ -->\n<title>Pengeg\u00e5ve til pelsdyrutstilling - Vitengarden<\/title>\n<meta name=\"robots\" content=\"index, follow, max-snippet:-1, max-image-preview:large, max-video-preview:-1\" \/>\n<link rel=\"canonical\" href=\"https:\/\/www.jaermuseet.no\/vitengarden\/pengegave-til-pelsdyrutstilling\/\" \/>\n<meta property=\"og:locale\" content=\"nn_NO\" \/>\n<meta property=\"og:type\" content=\"article\" \/>\n<meta property=\"og:title\" content=\"Pengeg\u00e5ve til pelsdyrutstilling - Vitengarden\" \/>\n<meta property=\"og:description\" content=\"G\u00e5va skal g\u00e5 til ny pelsdyrutstilling p\u00e5 Vitengarden. Pelsdyrutstillinga skal...\" \/>\n<meta property=\"og:url\" content=\"https:\/\/www.jaermuseet.no\/vitengarden\/pengegave-til-pelsdyrutstilling\/\" \/>\n<meta property=\"og:site_name\" content=\"Vitengarden\" \/>\n<meta property=\"article:published_time\" content=\"2024-06-21T07:02:18+00:00\" \/>\n<meta property=\"article:modified_time\" content=\"2024-06-21T07:56:17+00:00\" \/>\n<meta property=\"og:image\" content=\"https:\/\/www.jaermuseet.no\/vitengarden\/wp-content\/uploads\/sites\/11\/2024\/06\/240620_Jaeren_Sparebank_Besok_Pelsdyr_UtstillingCZ9A8222.jpg\" \/>\n\t<meta property=\"og:image:width\" content=\"2500\" \/>\n\t<meta property=\"og:image:height\" content=\"1824\" \/>\n\t<meta property=\"og:image:type\" content=\"image\/jpeg\" \/>\n<meta name=\"author\" content=\"Vitengarden\" \/>\n<meta name=\"twitter:card\" content=\"summary_large_image\" \/>\n<meta name=\"twitter:label1\" content=\"Written by\" \/>\n\t<meta name=\"twitter:data1\" content=\"Vitengarden\" \/>\n\t<meta name=\"twitter:label2\" content=\"Est. reading time\" \/>\n\t<meta name=\"twitter:data2\" content=\"2 minutt\" \/>\n<script type=\"application\/ld+json\" class=\"yoast-schema-graph\">{\"@context\":\"https:\\\/\\\/schema.org\",\"@graph\":[{\"@type\":\"Article\",\"@id\":\"https:\\\/\\\/www.jaermuseet.no\\\/vitengarden\\\/pengegave-til-pelsdyrutstilling\\\/#article\",\"isPartOf\":{\"@id\":\"https:\\\/\\\/www.jaermuseet.no\\\/vitengarden\\\/pengegave-til-pelsdyrutstilling\\\/\"},\"author\":{\"name\":\"Vitengarden\",\"@id\":\"https:\\\/\\\/www.jaermuseet.no\\\/vitengarden\\\/#\\\/schema\\\/person\\\/ac022bcc14f020945a1d11c7b825c8f2\"},\"headline\":\"Pengeg\u00e5ve til pelsdyrutstilling\",\"datePublished\":\"2024-06-21T07:02:18+00:00\",\"dateModified\":\"2024-06-21T07:56:17+00:00\",\"mainEntityOfPage\":{\"@id\":\"https:\\\/\\\/www.jaermuseet.no\\\/vitengarden\\\/pengegave-til-pelsdyrutstilling\\\/\"},\"wordCount\":287,\"image\":{\"@id\":\"https:\\\/\\\/www.jaermuseet.no\\\/vitengarden\\\/pengegave-til-pelsdyrutstilling\\\/#primaryimage\"},\"thumbnailUrl\":\"https:\\\/\\\/www.jaermuseet.no\\\/vitengarden\\\/wp-content\\\/uploads\\\/sites\\\/11\\\/2024\\\/06\\\/240620_Jaeren_Sparebank_Besok_Pelsdyr_UtstillingCZ9A8222.jpg\",\"articleSection\":[\"Nytt fr\u00e5 Vitengarden\"],\"inLanguage\":\"nn-NO\"},{\"@type\":\"WebPage\",\"@id\":\"https:\\\/\\\/www.jaermuseet.no\\\/vitengarden\\\/pengegave-til-pelsdyrutstilling\\\/\",\"url\":\"https:\\\/\\\/www.jaermuseet.no\\\/vitengarden\\\/pengegave-til-pelsdyrutstilling\\\/\",\"name\":\"Pengeg\u00e5ve til pelsdyrutstilling - Vitengarden\",\"isPartOf\":{\"@id\":\"https:\\\/\\\/www.jaermuseet.no\\\/vitengarden\\\/#website\"},\"primaryImageOfPage\":{\"@id\":\"https:\\\/\\\/www.jaermuseet.no\\\/vitengarden\\\/pengegave-til-pelsdyrutstilling\\\/#primaryimage\"},\"image\":{\"@id\":\"https:\\\/\\\/www.jaermuseet.no\\\/vitengarden\\\/pengegave-til-pelsdyrutstilling\\\/#primaryimage\"},\"thumbnailUrl\":\"https:\\\/\\\/www.jaermuseet.no\\\/vitengarden\\\/wp-content\\\/uploads\\\/sites\\\/11\\\/2024\\\/06\\\/240620_Jaeren_Sparebank_Besok_Pelsdyr_UtstillingCZ9A8222.jpg\",\"datePublished\":\"2024-06-21T07:02:18+00:00\",\"dateModified\":\"2024-06-21T07:56:17+00:00\",\"author\":{\"@id\":\"https:\\\/\\\/www.jaermuseet.no\\\/vitengarden\\\/#\\\/schema\\\/person\\\/ac022bcc14f020945a1d11c7b825c8f2\"},\"breadcrumb\":{\"@id\":\"https:\\\/\\\/www.jaermuseet.no\\\/vitengarden\\\/pengegave-til-pelsdyrutstilling\\\/#breadcrumb\"},\"inLanguage\":\"nn-NO\",\"potentialAction\":[{\"@type\":\"ReadAction\",\"target\":[\"https:\\\/\\\/www.jaermuseet.no\\\/vitengarden\\\/pengegave-til-pelsdyrutstilling\\\/\"]}]},{\"@type\":\"ImageObject\",\"inLanguage\":\"nn-NO\",\"@id\":\"https:\\\/\\\/www.jaermuseet.no\\\/vitengarden\\\/pengegave-til-pelsdyrutstilling\\\/#primaryimage\",\"url\":\"https:\\\/\\\/www.jaermuseet.no\\\/vitengarden\\\/wp-content\\\/uploads\\\/sites\\\/11\\\/2024\\\/06\\\/240620_Jaeren_Sparebank_Besok_Pelsdyr_UtstillingCZ9A8222.jpg\",\"contentUrl\":\"https:\\\/\\\/www.jaermuseet.no\\\/vitengarden\\\/wp-content\\\/uploads\\\/sites\\\/11\\\/2024\\\/06\\\/240620_Jaeren_Sparebank_Besok_Pelsdyr_UtstillingCZ9A8222.jpg\",\"width\":2500,\"height\":1824,\"caption\":\"Fotograf: Andreas Lange\"},{\"@type\":\"BreadcrumbList\",\"@id\":\"https:\\\/\\\/www.jaermuseet.no\\\/vitengarden\\\/pengegave-til-pelsdyrutstilling\\\/#breadcrumb\",\"itemListElement\":[{\"@type\":\"ListItem\",\"position\":1,\"name\":\"Heim\",\"item\":\"https:\\\/\\\/www.jaermuseet.no\\\/vitengarden\\\/\"},{\"@type\":\"ListItem\",\"position\":2,\"name\":\"Pengeg\u00e5ve til pelsdyrutstilling\"}]},{\"@type\":\"WebSite\",\"@id\":\"https:\\\/\\\/www.jaermuseet.no\\\/vitengarden\\\/#website\",\"url\":\"https:\\\/\\\/www.jaermuseet.no\\\/vitengarden\\\/\",\"name\":\"Vitengarden\",\"description\":\"Take part in science and history with new and engaging methods\",\"potentialAction\":[{\"@type\":\"SearchAction\",\"target\":{\"@type\":\"EntryPoint\",\"urlTemplate\":\"https:\\\/\\\/www.jaermuseet.no\\\/vitengarden\\\/?s={search_term_string}\"},\"query-input\":{\"@type\":\"PropertyValueSpecification\",\"valueRequired\":true,\"valueName\":\"search_term_string\"}}],\"inLanguage\":\"nn-NO\"},{\"@type\":\"Person\",\"@id\":\"https:\\\/\\\/www.jaermuseet.no\\\/vitengarden\\\/#\\\/schema\\\/person\\\/ac022bcc14f020945a1d11c7b825c8f2\",\"name\":\"Vitengarden\",\"image\":{\"@type\":\"ImageObject\",\"inLanguage\":\"nn-NO\",\"@id\":\"https:\\\/\\\/secure.gravatar.com\\\/avatar\\\/05ab667a03e4e22dc7bcffff9bbbdd8fc37f1f5acdd02907e510909ad5b0fd27?s=96&d=mm&r=g\",\"url\":\"https:\\\/\\\/secure.gravatar.com\\\/avatar\\\/05ab667a03e4e22dc7bcffff9bbbdd8fc37f1f5acdd02907e510909ad5b0fd27?s=96&d=mm&r=g\",\"contentUrl\":\"https:\\\/\\\/secure.gravatar.com\\\/avatar\\\/05ab667a03e4e22dc7bcffff9bbbdd8fc37f1f5acdd02907e510909ad5b0fd27?s=96&d=mm&r=g\",\"caption\":\"Vitengarden\"},\"url\":\"https:\\\/\\\/www.jaermuseet.no\\\/vitengarden\\\/author\\\/vitengarden\\\/\"}]}<\/script>\n<!-- \/ Yoast SEO plugin. -->","yoast_head_json":{"title":"Pengeg\u00e5ve til pelsdyrutstilling - Vitengarden","robots":{"index":"index","follow":"follow","max-snippet":"max-snippet:-1","max-image-preview":"max-image-preview:large","max-video-preview":"max-video-preview:-1"},"canonical":"https:\/\/www.jaermuseet.no\/vitengarden\/pengegave-til-pelsdyrutstilling\/","og_locale":"nn_NO","og_type":"article","og_title":"Pengeg\u00e5ve til pelsdyrutstilling - Vitengarden","og_description":"G\u00e5va skal g\u00e5 til ny pelsdyrutstilling p\u00e5 Vitengarden. Pelsdyrutstillinga skal...","og_url":"https:\/\/www.jaermuseet.no\/vitengarden\/pengegave-til-pelsdyrutstilling\/","og_site_name":"Vitengarden","article_published_time":"2024-06-21T07:02:18+00:00","article_modified_time":"2024-06-21T07:56:17+00:00","og_image":[{"width":2500,"height":1824,"url":"https:\/\/www.jaermuseet.no\/vitengarden\/wp-content\/uploads\/sites\/11\/2024\/06\/240620_Jaeren_Sparebank_Besok_Pelsdyr_UtstillingCZ9A8222.jpg","type":"image\/jpeg"}],"author":"Vitengarden","twitter_card":"summary_large_image","twitter_misc":{"Written by":"Vitengarden","Est. reading time":"2 minutt"},"schema":{"@context":"https:\/\/schema.org","@graph":[{"@type":"Article","@id":"https:\/\/www.jaermuseet.no\/vitengarden\/pengegave-til-pelsdyrutstilling\/#article","isPartOf":{"@id":"https:\/\/www.jaermuseet.no\/vitengarden\/pengegave-til-pelsdyrutstilling\/"},"author":{"name":"Vitengarden","@id":"https:\/\/www.jaermuseet.no\/vitengarden\/#\/schema\/person\/ac022bcc14f020945a1d11c7b825c8f2"},"headline":"Pengeg\u00e5ve til pelsdyrutstilling","datePublished":"2024-06-21T07:02:18+00:00","dateModified":"2024-06-21T07:56:17+00:00","mainEntityOfPage":{"@id":"https:\/\/www.jaermuseet.no\/vitengarden\/pengegave-til-pelsdyrutstilling\/"},"wordCount":287,"image":{"@id":"https:\/\/www.jaermuseet.no\/vitengarden\/pengegave-til-pelsdyrutstilling\/#primaryimage"},"thumbnailUrl":"https:\/\/www.jaermuseet.no\/vitengarden\/wp-content\/uploads\/sites\/11\/2024\/06\/240620_Jaeren_Sparebank_Besok_Pelsdyr_UtstillingCZ9A8222.jpg","articleSection":["Nytt fr\u00e5 Vitengarden"],"inLanguage":"nn-NO"},{"@type":"WebPage","@id":"https:\/\/www.jaermuseet.no\/vitengarden\/pengegave-til-pelsdyrutstilling\/","url":"https:\/\/www.jaermuseet.no\/vitengarden\/pengegave-til-pelsdyrutstilling\/","name":"Pengeg\u00e5ve til pelsdyrutstilling - Vitengarden","isPartOf":{"@id":"https:\/\/www.jaermuseet.no\/vitengarden\/#website"},"primaryImageOfPage":{"@id":"https:\/\/www.jaermuseet.no\/vitengarden\/pengegave-til-pelsdyrutstilling\/#primaryimage"},"image":{"@id":"https:\/\/www.jaermuseet.no\/vitengarden\/pengegave-til-pelsdyrutstilling\/#primaryimage"},"thumbnailUrl":"https:\/\/www.jaermuseet.no\/vitengarden\/wp-content\/uploads\/sites\/11\/2024\/06\/240620_Jaeren_Sparebank_Besok_Pelsdyr_UtstillingCZ9A8222.jpg","datePublished":"2024-06-21T07:02:18+00:00","dateModified":"2024-06-21T07:56:17+00:00","author":{"@id":"https:\/\/www.jaermuseet.no\/vitengarden\/#\/schema\/person\/ac022bcc14f020945a1d11c7b825c8f2"},"breadcrumb":{"@id":"https:\/\/www.jaermuseet.no\/vitengarden\/pengegave-til-pelsdyrutstilling\/#breadcrumb"},"inLanguage":"nn-NO","potentialAction":[{"@type":"ReadAction","target":["https:\/\/www.jaermuseet.no\/vitengarden\/pengegave-til-pelsdyrutstilling\/"]}]},{"@type":"ImageObject","inLanguage":"nn-NO","@id":"https:\/\/www.jaermuseet.no\/vitengarden\/pengegave-til-pelsdyrutstilling\/#primaryimage","url":"https:\/\/www.jaermuseet.no\/vitengarden\/wp-content\/uploads\/sites\/11\/2024\/06\/240620_Jaeren_Sparebank_Besok_Pelsdyr_UtstillingCZ9A8222.jpg","contentUrl":"https:\/\/www.jaermuseet.no\/vitengarden\/wp-content\/uploads\/sites\/11\/2024\/06\/240620_Jaeren_Sparebank_Besok_Pelsdyr_UtstillingCZ9A8222.jpg","width":2500,"height":1824,"caption":"Fotograf: Andreas Lange"},{"@type":"BreadcrumbList","@id":"https:\/\/www.jaermuseet.no\/vitengarden\/pengegave-til-pelsdyrutstilling\/#breadcrumb","itemListElement":[{"@type":"ListItem","position":1,"name":"Heim","item":"https:\/\/www.jaermuseet.no\/vitengarden\/"},{"@type":"ListItem","position":2,"name":"Pengeg\u00e5ve til pelsdyrutstilling"}]},{"@type":"WebSite","@id":"https:\/\/www.jaermuseet.no\/vitengarden\/#website","url":"https:\/\/www.jaermuseet.no\/vitengarden\/","name":"Vitengarden","description":"Take part in science and history with new and engaging methods","potentialAction":[{"@type":"SearchAction","target":{"@type":"EntryPoint","urlTemplate":"https:\/\/www.jaermuseet.no\/vitengarden\/?s={search_term_string}"},"query-input":{"@type":"PropertyValueSpecification","valueRequired":true,"valueName":"search_term_string"}}],"inLanguage":"nn-NO"},{"@type":"Person","@id":"https:\/\/www.jaermuseet.no\/vitengarden\/#\/schema\/person\/ac022bcc14f020945a1d11c7b825c8f2","name":"Vitengarden","image":{"@type":"ImageObject","inLanguage":"nn-NO","@id":"https:\/\/secure.gravatar.com\/avatar\/05ab667a03e4e22dc7bcffff9bbbdd8fc37f1f5acdd02907e510909ad5b0fd27?s=96&d=mm&r=g","url":"https:\/\/secure.gravatar.com\/avatar\/05ab667a03e4e22dc7bcffff9bbbdd8fc37f1f5acdd02907e510909ad5b0fd27?s=96&d=mm&r=g","contentUrl":"https:\/\/secure.gravatar.com\/avatar\/05ab667a03e4e22dc7bcffff9bbbdd8fc37f1f5acdd02907e510909ad5b0fd27?s=96&d=mm&r=g","caption":"Vitengarden"},"url":"https:\/\/www.jaermuseet.no\/vitengarden\/author\/vitengarden\/"}]}},"cc_featured_image_caption":{"caption_text":"Prosjektleiar for utstillinga, Anne Jorunn Fr\u00f8yen, vart s\u00e6rs glad for g\u00e5va som administrerande direkt\u00f8r i J\u00e6ren Sparebank, Geir Magne Tj\u00e5land, kom med. \r\nFoto: Andreas Lange \/ J\u00e6rmuseet","source_text":"","source_url":""},"jetpack_sharing_enabled":true,"jetpack_featured_media_url":"https:\/\/www.jaermuseet.no\/vitengarden\/wp-content\/uploads\/sites\/11\/2024\/06\/240620_Jaeren_Sparebank_Besok_Pelsdyr_UtstillingCZ9A8222.jpg","_links":{"self":[{"href":"https:\/\/www.jaermuseet.no\/vitengarden\/wp-json\/wp\/v2\/posts\/9238","targetHints":{"allow":["GET"]}}],"collection":[{"href":"https:\/\/www.jaermuseet.no\/vitengarden\/wp-json\/wp\/v2\/posts"}],"about":[{"href":"https:\/\/www.jaermuseet.no\/vitengarden\/wp-json\/wp\/v2\/types\/post"}],"author":[{"embeddable":true,"href":"https:\/\/www.jaermuseet.no\/vitengarden\/wp-json\/wp\/v2\/users\/10"}],"replies":[{"embeddable":true,"href":"https:\/\/www.jaermuseet.no\/vitengarden\/wp-json\/wp\/v2\/comments?post=9238"}],"version-history":[{"count":7,"href":"https:\/\/www.jaermuseet.no\/vitengarden\/wp-json\/wp\/v2\/posts\/9238\/revisions"}],"predecessor-version":[{"id":9249,"href":"https:\/\/www.jaermuseet.no\/vitengarden\/wp-json\/wp\/v2\/posts\/9238\/revisions\/9249"}],"wp:featuredmedia":[{"embeddable":true,"href":"https:\/\/www.jaermuseet.no\/vitengarden\/wp-json\/wp\/v2\/media\/9239"}],"wp:attachment":[{"href":"https:\/\/www.jaermuseet.no\/vitengarden\/wp-json\/wp\/v2\/media?parent=9238"}],"wp:term":[{"taxonomy":"category","embeddable":true,"href":"https:\/\/www.jaermuseet.no\/vitengarden\/wp-json\/wp\/v2\/categories?post=9238"},{"taxonomy":"post_tag","embeddable":true,"href":"https:\/\/www.jaermuseet.no\/vitengarden\/wp-json\/wp\/v2\/tags?post=9238"}],"curies":[{"name":"wp","href":"https:\/\/api.w.org\/{rel}","templated":true}]}}