{"id":58,"date":"2015-06-03T13:29:40","date_gmt":"2015-06-03T11:29:40","guid":{"rendered":"https:\/\/www.jaermuseet.no\/vitengarden\/kvia-4h-gard\/"},"modified":"2023-11-13T14:09:30","modified_gmt":"2023-11-13T12:09:30","slug":"kvia-4h-gard","status":"publish","type":"post","link":"https:\/\/www.jaermuseet.no\/vitengarden\/kvia-4h-gard\/","title":{"rendered":"Museumsgarden"},"content":{"rendered":"<p>Museumsgarden (bnr. 6) blei skilt ut fr\u00e5 nabobruket i 1878. Heimehuset og driftsbygningen er fr\u00e5 dette \u00e5ret; det frittst\u00e5ande fjoset blei bygd i 1887. Tunet blei etablert samtidig med bygginga av j\u00e6rbanen. Derfor vender stovene mot aust, og ikkje mot vest slik byggetradisjonen vanlegvis var. Folka p\u00e5 garden m\u00e5tte jo f\u00f8lga med det nye og dampande tekniske vidunderet som pesa seg forbi den austre heimeb\u00f8en!<\/p>\n<p>Heimehuset er innreia slik det var hos folk flest. Mange vil kjenna igjen m\u00f8blar fr\u00e5 lokale fabrikkar, pyntegjenstandar, bilde &#8211; eller kanskje lukta? Om s\u00f8ndagane og i skulen sin sommarferie vil museusmvertane\u00a0 fortelja om livet og arbeidet p\u00e5 J\u00e6ren i denne tida. Kanskje lurer du p\u00e5 kor badet, toalettet eller garderobeskapet er? Eller kvifor den eine stova er s\u00e5 mykje finare enn den andre?<\/p>\n<p>P\u00e5 garden finn du dei husdyrrasane som var vanlege p\u00e5 J\u00e6ren i 1950-60-\u00e5ra. Store og sm\u00e5 kan f\u00e5 n\u00e6rkontakt med kyr av vestlandsk raukolle, gris, h\u00f8ns og sauer. P\u00e5 sommarstid vil dyra vera p\u00e5 beite rundt husa, om vinteren er dei fleste inne i fjoset. Me har ogs\u00e5 bier &#8211; dei er det ikkje meininga at publikum skal ha n\u00e6rkontakt med. Men biene kan ogs\u00e5 observerast inne i utstillinga i museumsbygget.\u00a0 J\u00e6rmuseet er med p\u00e5 det nordiske samarbeidet for \u00e5 ta vare p\u00e5 gamle husdyrrasar. Me har ei bevaringsbesetning av s\u00f8r- og vestlandsfe.<\/p>\n<p>P\u00e5 Kvia 4H-gard kan du\u00a0m\u00f8e\u00a0desse dyra:<\/p>\n<p><strong>Vestlandsk raukolle<\/strong><\/p>\n<p>Dette var den vanlegaste kurasen i Rogaland og p\u00e5 S\u00f8rvestlandet fram til NRF-kyrne overtok fjosa i 1960-\u00e5ra. Det er sett inn s\u00e6rskilde tiltak for \u00e5 verna b\u00e5de vestlandsk raukolle og fleire andre truga husdyrrasar. Dette arbeidet blir samordna av Genressursutvalet.<\/p>\n<p><a href=\"https:\/\/www.jaermuseet.no\/vitengarden\/wp-content\/uploads\/sites\/11\/2010\/11\/raudkolle.jpg\"><img loading=\"lazy\" decoding=\"async\" width=\"225\" height=\"300\" class=\"alignnone size-medium wp-image-790\" src=\"https:\/\/www.jaermuseet.no\/vitengarden\/wp-content\/uploads\/sites\/11\/2010\/11\/raudkolle-225x300.jpg\" alt=\"raudkolle\" srcset=\"https:\/\/www.jaermuseet.no\/vitengarden\/wp-content\/uploads\/sites\/11\/2010\/11\/raudkolle-225x300.jpg 225w, https:\/\/www.jaermuseet.no\/vitengarden\/wp-content\/uploads\/sites\/11\/2010\/11\/raudkolle-768x1024.jpg 768w, https:\/\/www.jaermuseet.no\/vitengarden\/wp-content\/uploads\/sites\/11\/2010\/11\/raudkolle-250x333.jpg 250w, https:\/\/www.jaermuseet.no\/vitengarden\/wp-content\/uploads\/sites\/11\/2010\/11\/raudkolle.jpg 1704w\" sizes=\"auto, (max-width: 225px) 100vw, 225px\" \/><\/a><\/p>\n<p><strong>J\u00e6rh\u00f8ns<\/strong><\/p>\n<p>J\u00e6rh\u00f8nsa h\u00f8yrer \u00f2g med til dei gamle norske husdyrrasane, og den einaste fj\u00f8rferasen som blir rekna som norsk. Vitengarden har j\u00e6rh\u00f8ns p\u00e5 museumsgarden. Dessutan rugar me ut kyllingar i &#8220;Den elektriske h\u00f8na&#8221; i vitensenteret.<\/p>\n<p><a href=\"https:\/\/www.jaermuseet.no\/vitengarden\/wp-content\/uploads\/sites\/11\/2010\/11\/J\u00e6rh\u00f8na.jpg\"><img loading=\"lazy\" decoding=\"async\" width=\"297\" height=\"300\" class=\"alignnone size-medium wp-image-783\" src=\"https:\/\/www.jaermuseet.no\/vitengarden\/wp-content\/uploads\/sites\/11\/2010\/11\/J\u00e6rh\u00f8na-297x300.jpg\" alt=\"J\u00e6rh\u00f8na\" srcset=\"https:\/\/www.jaermuseet.no\/vitengarden\/wp-content\/uploads\/sites\/11\/2010\/11\/J\u00e6rh\u00f8na-297x300.jpg 297w, https:\/\/www.jaermuseet.no\/vitengarden\/wp-content\/uploads\/sites\/11\/2010\/11\/J\u00e6rh\u00f8na-1012x1024.jpg 1012w, https:\/\/www.jaermuseet.no\/vitengarden\/wp-content\/uploads\/sites\/11\/2010\/11\/J\u00e6rh\u00f8na-250x253.jpg 250w, https:\/\/www.jaermuseet.no\/vitengarden\/wp-content\/uploads\/sites\/11\/2010\/11\/J\u00e6rh\u00f8na.jpg 1704w\" sizes=\"auto, (max-width: 297px) 100vw, 297px\" \/><\/a><\/p>\n<p><strong>Landgris<\/strong><br \/>\nVitengarden er ein av dei f\u00e5 plassane der du kan sj\u00e5 den gamle norske landgrisen.<\/p>\n<p><a href=\"https:\/\/www.jaermuseet.no\/vitengarden\/wp-content\/uploads\/sites\/11\/2010\/11\/Grisemor.jpg\"><img loading=\"lazy\" decoding=\"async\" width=\"300\" height=\"200\" class=\"alignnone size-medium wp-image-789\" src=\"https:\/\/www.jaermuseet.no\/vitengarden\/wp-content\/uploads\/sites\/11\/2010\/11\/Grisemor-300x200.jpg\" alt=\"Grisemor\" srcset=\"https:\/\/www.jaermuseet.no\/vitengarden\/wp-content\/uploads\/sites\/11\/2010\/11\/Grisemor-300x200.jpg 300w, https:\/\/www.jaermuseet.no\/vitengarden\/wp-content\/uploads\/sites\/11\/2010\/11\/Grisemor-1024x683.jpg 1024w, https:\/\/www.jaermuseet.no\/vitengarden\/wp-content\/uploads\/sites\/11\/2010\/11\/Grisemor-250x167.jpg 250w\" sizes=\"auto, (max-width: 300px) 100vw, 300px\" \/><\/a><\/p>\n<p><strong>Sau<\/strong><br \/>\nP\u00e5 museumsgarden kan du \u00f2g m\u00f8ta sauer. Om sommaren f\u00e5r du kanskje vera med \u00e5 gi kopplammet mj\u00f8lk?<\/p>\n<p><a href=\"https:\/\/www.jaermuseet.no\/vitengarden\/wp-content\/uploads\/sites\/11\/2010\/11\/Lammet.jpg\"><img loading=\"lazy\" decoding=\"async\" width=\"300\" height=\"269\" class=\"alignnone size-medium wp-image-784\" src=\"https:\/\/www.jaermuseet.no\/vitengarden\/wp-content\/uploads\/sites\/11\/2010\/11\/Lammet-300x269.jpg\" alt=\"Lammet\" \/><\/a><\/p>\n<p><strong>Aktivitetar<\/strong><br \/>\nDet skjer noko p\u00e5 garden &#8211; alt etter kva \u00e5rstid det er. Om sommaren er bondekona p\u00e5 plass og lagar tradisjonsmat p\u00e5 kj\u00f8kkenet, eller i kjellaren. P\u00e5 aktivitetsdagane demonstrerer me arbeidsm\u00e5tar, reiskapar og maskinar nytta i jordbruket i eldre tid. Dagleg arbeid p\u00e5 garden avhengig av arbeid og \u00e5rstid.<\/p>\n","protected":false},"excerpt":{"rendered":"<p>Museumsgarden (bnr. 6) blei skilt ut fr\u00e5 nabobruket i 1878&#8230;.<\/p>\n","protected":false},"author":10,"featured_media":787,"comment_status":"open","ping_status":"open","sticky":false,"template":"","format":"standard","meta":{"_acf_changed":false,"_jetpack_memberships_contains_paid_content":false,"footnotes":""},"categories":[4],"tags":[],"class_list":["post-58","post","type-post","status-publish","format-standard","has-post-thumbnail","hentry","category-utstillingar-pa-vitengarden","featured-image-size-large"],"acf":[],"yoast_head":"<!-- This site is optimized with the Yoast SEO plugin v27.4 - https:\/\/yoast.com\/product\/yoast-seo-wordpress\/ -->\n<title>Museumsgarden - Vitengarden<\/title>\n<meta name=\"robots\" content=\"index, follow, max-snippet:-1, max-image-preview:large, max-video-preview:-1\" \/>\n<link rel=\"canonical\" href=\"https:\/\/www.jaermuseet.no\/vitengarden\/kvia-4h-gard\/\" \/>\n<meta property=\"og:locale\" content=\"nn_NO\" \/>\n<meta property=\"og:type\" content=\"article\" \/>\n<meta property=\"og:title\" content=\"Museumsgarden - Vitengarden\" \/>\n<meta property=\"og:description\" content=\"Museumsgarden (bnr. 6) blei skilt ut fr\u00e5 nabobruket i 1878....\" \/>\n<meta property=\"og:url\" content=\"https:\/\/www.jaermuseet.no\/vitengarden\/kvia-4h-gard\/\" \/>\n<meta property=\"og:site_name\" content=\"Vitengarden\" \/>\n<meta property=\"article:published_time\" content=\"2015-06-03T11:29:40+00:00\" \/>\n<meta property=\"article:modified_time\" content=\"2023-11-13T12:09:30+00:00\" \/>\n<meta property=\"og:image\" content=\"https:\/\/www.jaermuseet.no\/vitengarden\/wp-content\/uploads\/sites\/11\/2010\/11\/Sauer-og-Andres-1024x683.jpg\" \/>\n\t<meta property=\"og:image:width\" content=\"1024\" \/>\n\t<meta property=\"og:image:height\" content=\"683\" \/>\n\t<meta property=\"og:image:type\" content=\"image\/jpeg\" \/>\n<meta name=\"author\" content=\"Vitengarden\" \/>\n<meta name=\"twitter:card\" content=\"summary_large_image\" \/>\n<meta name=\"twitter:label1\" content=\"Written by\" \/>\n\t<meta name=\"twitter:data1\" content=\"Vitengarden\" \/>\n\t<meta name=\"twitter:label2\" content=\"Est. reading time\" \/>\n\t<meta name=\"twitter:data2\" content=\"3 minutt\" \/>\n<script type=\"application\/ld+json\" class=\"yoast-schema-graph\">{\"@context\":\"https:\\\/\\\/schema.org\",\"@graph\":[{\"@type\":\"Article\",\"@id\":\"https:\\\/\\\/www.jaermuseet.no\\\/vitengarden\\\/kvia-4h-gard\\\/#article\",\"isPartOf\":{\"@id\":\"https:\\\/\\\/www.jaermuseet.no\\\/vitengarden\\\/kvia-4h-gard\\\/\"},\"author\":{\"name\":\"Vitengarden\",\"@id\":\"https:\\\/\\\/www.jaermuseet.no\\\/vitengarden\\\/#\\\/schema\\\/person\\\/ac022bcc14f020945a1d11c7b825c8f2\"},\"headline\":\"Museumsgarden\",\"datePublished\":\"2015-06-03T11:29:40+00:00\",\"dateModified\":\"2023-11-13T12:09:30+00:00\",\"mainEntityOfPage\":{\"@id\":\"https:\\\/\\\/www.jaermuseet.no\\\/vitengarden\\\/kvia-4h-gard\\\/\"},\"wordCount\":422,\"commentCount\":0,\"image\":{\"@id\":\"https:\\\/\\\/www.jaermuseet.no\\\/vitengarden\\\/kvia-4h-gard\\\/#primaryimage\"},\"thumbnailUrl\":\"https:\\\/\\\/www.jaermuseet.no\\\/vitengarden\\\/wp-content\\\/uploads\\\/sites\\\/11\\\/2010\\\/11\\\/Sauer-og-Andres.jpg\",\"articleSection\":[\"Utstillingar p\u00e5 Vitengarden\"],\"inLanguage\":\"nn-NO\",\"potentialAction\":[{\"@type\":\"CommentAction\",\"name\":\"Comment\",\"target\":[\"https:\\\/\\\/www.jaermuseet.no\\\/vitengarden\\\/kvia-4h-gard\\\/#respond\"]}]},{\"@type\":\"WebPage\",\"@id\":\"https:\\\/\\\/www.jaermuseet.no\\\/vitengarden\\\/kvia-4h-gard\\\/\",\"url\":\"https:\\\/\\\/www.jaermuseet.no\\\/vitengarden\\\/kvia-4h-gard\\\/\",\"name\":\"Museumsgarden - Vitengarden\",\"isPartOf\":{\"@id\":\"https:\\\/\\\/www.jaermuseet.no\\\/vitengarden\\\/#website\"},\"primaryImageOfPage\":{\"@id\":\"https:\\\/\\\/www.jaermuseet.no\\\/vitengarden\\\/kvia-4h-gard\\\/#primaryimage\"},\"image\":{\"@id\":\"https:\\\/\\\/www.jaermuseet.no\\\/vitengarden\\\/kvia-4h-gard\\\/#primaryimage\"},\"thumbnailUrl\":\"https:\\\/\\\/www.jaermuseet.no\\\/vitengarden\\\/wp-content\\\/uploads\\\/sites\\\/11\\\/2010\\\/11\\\/Sauer-og-Andres.jpg\",\"datePublished\":\"2015-06-03T11:29:40+00:00\",\"dateModified\":\"2023-11-13T12:09:30+00:00\",\"author\":{\"@id\":\"https:\\\/\\\/www.jaermuseet.no\\\/vitengarden\\\/#\\\/schema\\\/person\\\/ac022bcc14f020945a1d11c7b825c8f2\"},\"breadcrumb\":{\"@id\":\"https:\\\/\\\/www.jaermuseet.no\\\/vitengarden\\\/kvia-4h-gard\\\/#breadcrumb\"},\"inLanguage\":\"nn-NO\",\"potentialAction\":[{\"@type\":\"ReadAction\",\"target\":[\"https:\\\/\\\/www.jaermuseet.no\\\/vitengarden\\\/kvia-4h-gard\\\/\"]}]},{\"@type\":\"ImageObject\",\"inLanguage\":\"nn-NO\",\"@id\":\"https:\\\/\\\/www.jaermuseet.no\\\/vitengarden\\\/kvia-4h-gard\\\/#primaryimage\",\"url\":\"https:\\\/\\\/www.jaermuseet.no\\\/vitengarden\\\/wp-content\\\/uploads\\\/sites\\\/11\\\/2010\\\/11\\\/Sauer-og-Andres.jpg\",\"contentUrl\":\"https:\\\/\\\/www.jaermuseet.no\\\/vitengarden\\\/wp-content\\\/uploads\\\/sites\\\/11\\\/2010\\\/11\\\/Sauer-og-Andres.jpg\",\"width\":2272,\"height\":1515},{\"@type\":\"BreadcrumbList\",\"@id\":\"https:\\\/\\\/www.jaermuseet.no\\\/vitengarden\\\/kvia-4h-gard\\\/#breadcrumb\",\"itemListElement\":[{\"@type\":\"ListItem\",\"position\":1,\"name\":\"Heim\",\"item\":\"https:\\\/\\\/www.jaermuseet.no\\\/vitengarden\\\/\"},{\"@type\":\"ListItem\",\"position\":2,\"name\":\"Museumsgarden\"}]},{\"@type\":\"WebSite\",\"@id\":\"https:\\\/\\\/www.jaermuseet.no\\\/vitengarden\\\/#website\",\"url\":\"https:\\\/\\\/www.jaermuseet.no\\\/vitengarden\\\/\",\"name\":\"Vitengarden\",\"description\":\"Take part in science and history with new and engaging methods\",\"potentialAction\":[{\"@type\":\"SearchAction\",\"target\":{\"@type\":\"EntryPoint\",\"urlTemplate\":\"https:\\\/\\\/www.jaermuseet.no\\\/vitengarden\\\/?s={search_term_string}\"},\"query-input\":{\"@type\":\"PropertyValueSpecification\",\"valueRequired\":true,\"valueName\":\"search_term_string\"}}],\"inLanguage\":\"nn-NO\"},{\"@type\":\"Person\",\"@id\":\"https:\\\/\\\/www.jaermuseet.no\\\/vitengarden\\\/#\\\/schema\\\/person\\\/ac022bcc14f020945a1d11c7b825c8f2\",\"name\":\"Vitengarden\",\"image\":{\"@type\":\"ImageObject\",\"inLanguage\":\"nn-NO\",\"@id\":\"https:\\\/\\\/secure.gravatar.com\\\/avatar\\\/05ab667a03e4e22dc7bcffff9bbbdd8fc37f1f5acdd02907e510909ad5b0fd27?s=96&d=mm&r=g\",\"url\":\"https:\\\/\\\/secure.gravatar.com\\\/avatar\\\/05ab667a03e4e22dc7bcffff9bbbdd8fc37f1f5acdd02907e510909ad5b0fd27?s=96&d=mm&r=g\",\"contentUrl\":\"https:\\\/\\\/secure.gravatar.com\\\/avatar\\\/05ab667a03e4e22dc7bcffff9bbbdd8fc37f1f5acdd02907e510909ad5b0fd27?s=96&d=mm&r=g\",\"caption\":\"Vitengarden\"},\"url\":\"https:\\\/\\\/www.jaermuseet.no\\\/vitengarden\\\/author\\\/vitengarden\\\/\"}]}<\/script>\n<!-- \/ Yoast SEO plugin. -->","yoast_head_json":{"title":"Museumsgarden - Vitengarden","robots":{"index":"index","follow":"follow","max-snippet":"max-snippet:-1","max-image-preview":"max-image-preview:large","max-video-preview":"max-video-preview:-1"},"canonical":"https:\/\/www.jaermuseet.no\/vitengarden\/kvia-4h-gard\/","og_locale":"nn_NO","og_type":"article","og_title":"Museumsgarden - Vitengarden","og_description":"Museumsgarden (bnr. 6) blei skilt ut fr\u00e5 nabobruket i 1878....","og_url":"https:\/\/www.jaermuseet.no\/vitengarden\/kvia-4h-gard\/","og_site_name":"Vitengarden","article_published_time":"2015-06-03T11:29:40+00:00","article_modified_time":"2023-11-13T12:09:30+00:00","og_image":[{"width":1024,"height":683,"url":"https:\/\/www.jaermuseet.no\/vitengarden\/wp-content\/uploads\/sites\/11\/2010\/11\/Sauer-og-Andres-1024x683.jpg","type":"image\/jpeg"}],"author":"Vitengarden","twitter_card":"summary_large_image","twitter_misc":{"Written by":"Vitengarden","Est. reading time":"3 minutt"},"schema":{"@context":"https:\/\/schema.org","@graph":[{"@type":"Article","@id":"https:\/\/www.jaermuseet.no\/vitengarden\/kvia-4h-gard\/#article","isPartOf":{"@id":"https:\/\/www.jaermuseet.no\/vitengarden\/kvia-4h-gard\/"},"author":{"name":"Vitengarden","@id":"https:\/\/www.jaermuseet.no\/vitengarden\/#\/schema\/person\/ac022bcc14f020945a1d11c7b825c8f2"},"headline":"Museumsgarden","datePublished":"2015-06-03T11:29:40+00:00","dateModified":"2023-11-13T12:09:30+00:00","mainEntityOfPage":{"@id":"https:\/\/www.jaermuseet.no\/vitengarden\/kvia-4h-gard\/"},"wordCount":422,"commentCount":0,"image":{"@id":"https:\/\/www.jaermuseet.no\/vitengarden\/kvia-4h-gard\/#primaryimage"},"thumbnailUrl":"https:\/\/www.jaermuseet.no\/vitengarden\/wp-content\/uploads\/sites\/11\/2010\/11\/Sauer-og-Andres.jpg","articleSection":["Utstillingar p\u00e5 Vitengarden"],"inLanguage":"nn-NO","potentialAction":[{"@type":"CommentAction","name":"Comment","target":["https:\/\/www.jaermuseet.no\/vitengarden\/kvia-4h-gard\/#respond"]}]},{"@type":"WebPage","@id":"https:\/\/www.jaermuseet.no\/vitengarden\/kvia-4h-gard\/","url":"https:\/\/www.jaermuseet.no\/vitengarden\/kvia-4h-gard\/","name":"Museumsgarden - Vitengarden","isPartOf":{"@id":"https:\/\/www.jaermuseet.no\/vitengarden\/#website"},"primaryImageOfPage":{"@id":"https:\/\/www.jaermuseet.no\/vitengarden\/kvia-4h-gard\/#primaryimage"},"image":{"@id":"https:\/\/www.jaermuseet.no\/vitengarden\/kvia-4h-gard\/#primaryimage"},"thumbnailUrl":"https:\/\/www.jaermuseet.no\/vitengarden\/wp-content\/uploads\/sites\/11\/2010\/11\/Sauer-og-Andres.jpg","datePublished":"2015-06-03T11:29:40+00:00","dateModified":"2023-11-13T12:09:30+00:00","author":{"@id":"https:\/\/www.jaermuseet.no\/vitengarden\/#\/schema\/person\/ac022bcc14f020945a1d11c7b825c8f2"},"breadcrumb":{"@id":"https:\/\/www.jaermuseet.no\/vitengarden\/kvia-4h-gard\/#breadcrumb"},"inLanguage":"nn-NO","potentialAction":[{"@type":"ReadAction","target":["https:\/\/www.jaermuseet.no\/vitengarden\/kvia-4h-gard\/"]}]},{"@type":"ImageObject","inLanguage":"nn-NO","@id":"https:\/\/www.jaermuseet.no\/vitengarden\/kvia-4h-gard\/#primaryimage","url":"https:\/\/www.jaermuseet.no\/vitengarden\/wp-content\/uploads\/sites\/11\/2010\/11\/Sauer-og-Andres.jpg","contentUrl":"https:\/\/www.jaermuseet.no\/vitengarden\/wp-content\/uploads\/sites\/11\/2010\/11\/Sauer-og-Andres.jpg","width":2272,"height":1515},{"@type":"BreadcrumbList","@id":"https:\/\/www.jaermuseet.no\/vitengarden\/kvia-4h-gard\/#breadcrumb","itemListElement":[{"@type":"ListItem","position":1,"name":"Heim","item":"https:\/\/www.jaermuseet.no\/vitengarden\/"},{"@type":"ListItem","position":2,"name":"Museumsgarden"}]},{"@type":"WebSite","@id":"https:\/\/www.jaermuseet.no\/vitengarden\/#website","url":"https:\/\/www.jaermuseet.no\/vitengarden\/","name":"Vitengarden","description":"Take part in science and history with new and engaging methods","potentialAction":[{"@type":"SearchAction","target":{"@type":"EntryPoint","urlTemplate":"https:\/\/www.jaermuseet.no\/vitengarden\/?s={search_term_string}"},"query-input":{"@type":"PropertyValueSpecification","valueRequired":true,"valueName":"search_term_string"}}],"inLanguage":"nn-NO"},{"@type":"Person","@id":"https:\/\/www.jaermuseet.no\/vitengarden\/#\/schema\/person\/ac022bcc14f020945a1d11c7b825c8f2","name":"Vitengarden","image":{"@type":"ImageObject","inLanguage":"nn-NO","@id":"https:\/\/secure.gravatar.com\/avatar\/05ab667a03e4e22dc7bcffff9bbbdd8fc37f1f5acdd02907e510909ad5b0fd27?s=96&d=mm&r=g","url":"https:\/\/secure.gravatar.com\/avatar\/05ab667a03e4e22dc7bcffff9bbbdd8fc37f1f5acdd02907e510909ad5b0fd27?s=96&d=mm&r=g","contentUrl":"https:\/\/secure.gravatar.com\/avatar\/05ab667a03e4e22dc7bcffff9bbbdd8fc37f1f5acdd02907e510909ad5b0fd27?s=96&d=mm&r=g","caption":"Vitengarden"},"url":"https:\/\/www.jaermuseet.no\/vitengarden\/author\/vitengarden\/"}]}},"cc_featured_image_caption":{"caption_text":"","source_text":"","source_url":""},"jetpack_featured_media_url":"https:\/\/www.jaermuseet.no\/vitengarden\/wp-content\/uploads\/sites\/11\/2010\/11\/Sauer-og-Andres.jpg","jetpack_sharing_enabled":true,"_links":{"self":[{"href":"https:\/\/www.jaermuseet.no\/vitengarden\/wp-json\/wp\/v2\/posts\/58","targetHints":{"allow":["GET"]}}],"collection":[{"href":"https:\/\/www.jaermuseet.no\/vitengarden\/wp-json\/wp\/v2\/posts"}],"about":[{"href":"https:\/\/www.jaermuseet.no\/vitengarden\/wp-json\/wp\/v2\/types\/post"}],"author":[{"embeddable":true,"href":"https:\/\/www.jaermuseet.no\/vitengarden\/wp-json\/wp\/v2\/users\/10"}],"replies":[{"embeddable":true,"href":"https:\/\/www.jaermuseet.no\/vitengarden\/wp-json\/wp\/v2\/comments?post=58"}],"version-history":[{"count":9,"href":"https:\/\/www.jaermuseet.no\/vitengarden\/wp-json\/wp\/v2\/posts\/58\/revisions"}],"predecessor-version":[{"id":8712,"href":"https:\/\/www.jaermuseet.no\/vitengarden\/wp-json\/wp\/v2\/posts\/58\/revisions\/8712"}],"wp:featuredmedia":[{"embeddable":true,"href":"https:\/\/www.jaermuseet.no\/vitengarden\/wp-json\/wp\/v2\/media\/787"}],"wp:attachment":[{"href":"https:\/\/www.jaermuseet.no\/vitengarden\/wp-json\/wp\/v2\/media?parent=58"}],"wp:term":[{"taxonomy":"category","embeddable":true,"href":"https:\/\/www.jaermuseet.no\/vitengarden\/wp-json\/wp\/v2\/categories?post=58"},{"taxonomy":"post_tag","embeddable":true,"href":"https:\/\/www.jaermuseet.no\/vitengarden\/wp-json\/wp\/v2\/tags?post=58"}],"curies":[{"name":"wp","href":"https:\/\/api.w.org\/{rel}","templated":true}]}}