{"id":53,"date":"2026-02-10T16:29:48","date_gmt":"2026-02-10T14:29:48","guid":{"rendered":"https:\/\/www.jaermuseet.no\/vitengarden\/teknologi-og-landskap\/"},"modified":"2026-04-14T09:26:06","modified_gmt":"2026-04-14T07:26:06","slug":"jaeren-blir-til","status":"publish","type":"post","link":"https:\/\/www.jaermuseet.no\/vitengarden\/jaeren-blir-til\/","title":{"rendered":"J\u00e6ren blir til"},"content":{"rendered":"\n<p>Landskapet rundt oss er ikkje fast. Is, vatn og vind har forma J\u00e6ren gjennom tusenvis av \u00e5r, og menneska fortsett \u00e5 p\u00e5verka&nbsp;det i dag&nbsp;\u00f2g.&nbsp;\u201cYve-s\u00e5tt&nbsp;med kampestein, trelaust og&nbsp;berrt\u201d, skreiv Arne Garborg om J\u00e6ren.&nbsp;Slik er det&nbsp;ikkje&nbsp;i dag.&nbsp;I denne utstillinga inviterer me deg til \u00e5&nbsp;utforska dei endringane som har skjedd og teknologien&nbsp;me nyttar for&nbsp;\u00e5 dyrka jorda, leva og bu her.&nbsp;&nbsp;<\/p>\n\n\n\n<p>J\u00e6ren var tidlegare eit landskap med mange vatn og store myromr\u00e5de.&nbsp;G\u00e5 inn i&nbsp;myra i utstillinga og sj\u00e5 kva som g\u00f8ymer seg der.&nbsp;Kan du finna alt? Myra er ogs\u00e5&nbsp;heimen til mange plantar og dyr,&nbsp;sm\u00e5kryp&nbsp;og fuglar. Bli kjend med vassedderkoppen og buttsnutefrosken&nbsp;og sj\u00e5 det fargerike lappeteppet av torvmosar. Visste du at myra kan hjelpa oss&nbsp;med&nbsp;\u00e5 handtera klimaendringane og det v\u00e5te v\u00earet?&nbsp;<\/p>\n\n\n\n<p>Kan&nbsp;me&nbsp;og alt&nbsp;som lever&nbsp;her&nbsp;klara dei endringane som kjem?&nbsp;<\/p>\n\n\n\n<p><em>Kan<\/em>&nbsp;me&nbsp;kontrollera&nbsp;naturen?&nbsp;<em>Skal<\/em>&nbsp;me&nbsp;kontrollera&nbsp;naturen?&nbsp;<\/p>\n\n\n\n<p>Og&nbsp;kva&nbsp;blir det neste kapittelet i historia om J\u00e6ren?&nbsp;<\/p>\n\n\n\n<figure class=\"wp-block-gallery has-nested-images columns-default is-cropped wp-block-gallery-1 is-layout-flex wp-block-gallery-is-layout-flex\">\n<figure class=\"wp-block-image size-large\"><img loading=\"lazy\" decoding=\"async\" width=\"614\" height=\"1024\" data-id=\"9899\" src=\"https:\/\/www.jaermuseet.no\/vitengarden\/wp-content\/uploads\/sites\/11\/2026\/02\/Apning-av-utstilling-9233_0380c93c-bb81-4f2b-919a-8809c7ca6d44-1-614x1024.jpg\" alt=\"\" class=\"wp-image-9899\" srcset=\"https:\/\/www.jaermuseet.no\/vitengarden\/wp-content\/uploads\/sites\/11\/2026\/02\/Apning-av-utstilling-9233_0380c93c-bb81-4f2b-919a-8809c7ca6d44-1-614x1024.jpg 614w, https:\/\/www.jaermuseet.no\/vitengarden\/wp-content\/uploads\/sites\/11\/2026\/02\/Apning-av-utstilling-9233_0380c93c-bb81-4f2b-919a-8809c7ca6d44-1-180x300.jpg 180w, https:\/\/www.jaermuseet.no\/vitengarden\/wp-content\/uploads\/sites\/11\/2026\/02\/Apning-av-utstilling-9233_0380c93c-bb81-4f2b-919a-8809c7ca6d44-1-120x200.jpg 120w, https:\/\/www.jaermuseet.no\/vitengarden\/wp-content\/uploads\/sites\/11\/2026\/02\/Apning-av-utstilling-9233_0380c93c-bb81-4f2b-919a-8809c7ca6d44-1.jpg 899w\" sizes=\"auto, (max-width: 614px) 100vw, 614px\" \/><\/figure>\n\n\n\n<figure class=\"wp-block-image size-large\"><img loading=\"lazy\" decoding=\"async\" width=\"1024\" height=\"817\" data-id=\"9900\" src=\"https:\/\/www.jaermuseet.no\/vitengarden\/wp-content\/uploads\/sites\/11\/2026\/02\/Apning-av-utstilling-9272_f7efc8d8-adcd-4cee-bdab-b8e1527b2bab-1-1024x817.jpg\" alt=\"\" class=\"wp-image-9900\" srcset=\"https:\/\/www.jaermuseet.no\/vitengarden\/wp-content\/uploads\/sites\/11\/2026\/02\/Apning-av-utstilling-9272_f7efc8d8-adcd-4cee-bdab-b8e1527b2bab-1-1024x817.jpg 1024w, https:\/\/www.jaermuseet.no\/vitengarden\/wp-content\/uploads\/sites\/11\/2026\/02\/Apning-av-utstilling-9272_f7efc8d8-adcd-4cee-bdab-b8e1527b2bab-1-300x239.jpg 300w, https:\/\/www.jaermuseet.no\/vitengarden\/wp-content\/uploads\/sites\/11\/2026\/02\/Apning-av-utstilling-9272_f7efc8d8-adcd-4cee-bdab-b8e1527b2bab-1-200x160.jpg 200w, https:\/\/www.jaermuseet.no\/vitengarden\/wp-content\/uploads\/sites\/11\/2026\/02\/Apning-av-utstilling-9272_f7efc8d8-adcd-4cee-bdab-b8e1527b2bab-1-1536x1226.jpg 1536w, https:\/\/www.jaermuseet.no\/vitengarden\/wp-content\/uploads\/sites\/11\/2026\/02\/Apning-av-utstilling-9272_f7efc8d8-adcd-4cee-bdab-b8e1527b2bab-1.jpg 1879w\" sizes=\"auto, (max-width: 1024px) 100vw, 1024px\" \/><\/figure>\n\n\n\n<figure class=\"wp-block-image size-large\"><img loading=\"lazy\" decoding=\"async\" width=\"1024\" height=\"683\" data-id=\"9898\" src=\"https:\/\/www.jaermuseet.no\/vitengarden\/wp-content\/uploads\/sites\/11\/2026\/02\/Apning-av-utstilling-9499_aa3d46b4-a5b4-4a5e-8bff-f8fcd26ae40a-1024x683.jpg\" alt=\"\" class=\"wp-image-9898\" srcset=\"https:\/\/www.jaermuseet.no\/vitengarden\/wp-content\/uploads\/sites\/11\/2026\/02\/Apning-av-utstilling-9499_aa3d46b4-a5b4-4a5e-8bff-f8fcd26ae40a-1024x683.jpg 1024w, https:\/\/www.jaermuseet.no\/vitengarden\/wp-content\/uploads\/sites\/11\/2026\/02\/Apning-av-utstilling-9499_aa3d46b4-a5b4-4a5e-8bff-f8fcd26ae40a-300x200.jpg 300w, https:\/\/www.jaermuseet.no\/vitengarden\/wp-content\/uploads\/sites\/11\/2026\/02\/Apning-av-utstilling-9499_aa3d46b4-a5b4-4a5e-8bff-f8fcd26ae40a-200x133.jpg 200w, https:\/\/www.jaermuseet.no\/vitengarden\/wp-content\/uploads\/sites\/11\/2026\/02\/Apning-av-utstilling-9499_aa3d46b4-a5b4-4a5e-8bff-f8fcd26ae40a-1536x1025.jpg 1536w, https:\/\/www.jaermuseet.no\/vitengarden\/wp-content\/uploads\/sites\/11\/2026\/02\/Apning-av-utstilling-9499_aa3d46b4-a5b4-4a5e-8bff-f8fcd26ae40a.jpg 2000w\" sizes=\"auto, (max-width: 1024px) 100vw, 1024px\" \/><\/figure>\n<\/figure>\n","protected":false},"excerpt":{"rendered":"<p>Landskapet rundt oss er ikkje fast. Is, vatn og vind&#8230;<\/p>\n","protected":false},"author":10,"featured_media":9897,"comment_status":"open","ping_status":"open","sticky":false,"template":"","format":"standard","meta":{"_acf_changed":false,"_jetpack_memberships_contains_paid_content":false,"footnotes":""},"categories":[4],"tags":[],"class_list":["post-53","post","type-post","status-publish","format-standard","has-post-thumbnail","hentry","category-utstillingar-pa-vitengarden","featured-image-size-large"],"acf":[],"yoast_head":"<!-- This site is optimized with the Yoast SEO plugin v27.4 - https:\/\/yoast.com\/product\/yoast-seo-wordpress\/ -->\n<title>J\u00e6ren blir til - Vitengarden<\/title>\n<meta name=\"robots\" content=\"index, follow, max-snippet:-1, max-image-preview:large, max-video-preview:-1\" \/>\n<link rel=\"canonical\" href=\"https:\/\/www.jaermuseet.no\/vitengarden\/jaeren-blir-til\/\" \/>\n<meta property=\"og:locale\" content=\"nn_NO\" \/>\n<meta property=\"og:type\" content=\"article\" \/>\n<meta property=\"og:title\" content=\"J\u00e6ren blir til - Vitengarden\" \/>\n<meta property=\"og:description\" content=\"Landskapet rundt oss er ikkje fast. Is, vatn og vind...\" \/>\n<meta property=\"og:url\" content=\"https:\/\/www.jaermuseet.no\/vitengarden\/jaeren-blir-til\/\" \/>\n<meta property=\"og:site_name\" content=\"Vitengarden\" \/>\n<meta property=\"article:published_time\" content=\"2026-02-10T14:29:48+00:00\" \/>\n<meta property=\"article:modified_time\" content=\"2026-04-14T07:26:06+00:00\" \/>\n<meta property=\"og:image\" content=\"https:\/\/www.jaermuseet.no\/vitengarden\/wp-content\/uploads\/sites\/11\/2026\/02\/Apning-av-utstilling-9368_3a95a055-881d-490e-94ce-0737c9e5f182-1024x685.jpg\" \/>\n\t<meta property=\"og:image:width\" content=\"1024\" \/>\n\t<meta property=\"og:image:height\" content=\"685\" \/>\n\t<meta property=\"og:image:type\" content=\"image\/jpeg\" \/>\n<meta name=\"author\" content=\"Vitengarden\" \/>\n<meta name=\"twitter:card\" content=\"summary_large_image\" \/>\n<meta name=\"twitter:label1\" content=\"Written by\" \/>\n\t<meta name=\"twitter:data1\" content=\"Vitengarden\" \/>\n\t<meta name=\"twitter:label2\" content=\"Est. reading time\" \/>\n\t<meta name=\"twitter:data2\" content=\"2 minutt\" \/>\n<script type=\"application\/ld+json\" class=\"yoast-schema-graph\">{\"@context\":\"https:\\\/\\\/schema.org\",\"@graph\":[{\"@type\":\"Article\",\"@id\":\"https:\\\/\\\/www.jaermuseet.no\\\/vitengarden\\\/jaeren-blir-til\\\/#article\",\"isPartOf\":{\"@id\":\"https:\\\/\\\/www.jaermuseet.no\\\/vitengarden\\\/jaeren-blir-til\\\/\"},\"author\":{\"name\":\"Vitengarden\",\"@id\":\"https:\\\/\\\/www.jaermuseet.no\\\/vitengarden\\\/#\\\/schema\\\/person\\\/ac022bcc14f020945a1d11c7b825c8f2\"},\"headline\":\"J\u00e6ren blir til\",\"datePublished\":\"2026-02-10T14:29:48+00:00\",\"dateModified\":\"2026-04-14T07:26:06+00:00\",\"mainEntityOfPage\":{\"@id\":\"https:\\\/\\\/www.jaermuseet.no\\\/vitengarden\\\/jaeren-blir-til\\\/\"},\"wordCount\":219,\"commentCount\":0,\"image\":{\"@id\":\"https:\\\/\\\/www.jaermuseet.no\\\/vitengarden\\\/jaeren-blir-til\\\/#primaryimage\"},\"thumbnailUrl\":\"https:\\\/\\\/www.jaermuseet.no\\\/vitengarden\\\/wp-content\\\/uploads\\\/sites\\\/11\\\/2026\\\/02\\\/Apning-av-utstilling-9368_3a95a055-881d-490e-94ce-0737c9e5f182.jpg\",\"articleSection\":[\"Utstillingar p\u00e5 Vitengarden\"],\"inLanguage\":\"nn-NO\",\"potentialAction\":[{\"@type\":\"CommentAction\",\"name\":\"Comment\",\"target\":[\"https:\\\/\\\/www.jaermuseet.no\\\/vitengarden\\\/jaeren-blir-til\\\/#respond\"]}]},{\"@type\":\"WebPage\",\"@id\":\"https:\\\/\\\/www.jaermuseet.no\\\/vitengarden\\\/jaeren-blir-til\\\/\",\"url\":\"https:\\\/\\\/www.jaermuseet.no\\\/vitengarden\\\/jaeren-blir-til\\\/\",\"name\":\"J\u00e6ren blir til - Vitengarden\",\"isPartOf\":{\"@id\":\"https:\\\/\\\/www.jaermuseet.no\\\/vitengarden\\\/#website\"},\"primaryImageOfPage\":{\"@id\":\"https:\\\/\\\/www.jaermuseet.no\\\/vitengarden\\\/jaeren-blir-til\\\/#primaryimage\"},\"image\":{\"@id\":\"https:\\\/\\\/www.jaermuseet.no\\\/vitengarden\\\/jaeren-blir-til\\\/#primaryimage\"},\"thumbnailUrl\":\"https:\\\/\\\/www.jaermuseet.no\\\/vitengarden\\\/wp-content\\\/uploads\\\/sites\\\/11\\\/2026\\\/02\\\/Apning-av-utstilling-9368_3a95a055-881d-490e-94ce-0737c9e5f182.jpg\",\"datePublished\":\"2026-02-10T14:29:48+00:00\",\"dateModified\":\"2026-04-14T07:26:06+00:00\",\"author\":{\"@id\":\"https:\\\/\\\/www.jaermuseet.no\\\/vitengarden\\\/#\\\/schema\\\/person\\\/ac022bcc14f020945a1d11c7b825c8f2\"},\"breadcrumb\":{\"@id\":\"https:\\\/\\\/www.jaermuseet.no\\\/vitengarden\\\/jaeren-blir-til\\\/#breadcrumb\"},\"inLanguage\":\"nn-NO\",\"potentialAction\":[{\"@type\":\"ReadAction\",\"target\":[\"https:\\\/\\\/www.jaermuseet.no\\\/vitengarden\\\/jaeren-blir-til\\\/\"]}]},{\"@type\":\"ImageObject\",\"inLanguage\":\"nn-NO\",\"@id\":\"https:\\\/\\\/www.jaermuseet.no\\\/vitengarden\\\/jaeren-blir-til\\\/#primaryimage\",\"url\":\"https:\\\/\\\/www.jaermuseet.no\\\/vitengarden\\\/wp-content\\\/uploads\\\/sites\\\/11\\\/2026\\\/02\\\/Apning-av-utstilling-9368_3a95a055-881d-490e-94ce-0737c9e5f182.jpg\",\"contentUrl\":\"https:\\\/\\\/www.jaermuseet.no\\\/vitengarden\\\/wp-content\\\/uploads\\\/sites\\\/11\\\/2026\\\/02\\\/Apning-av-utstilling-9368_3a95a055-881d-490e-94ce-0737c9e5f182.jpg\",\"width\":2000,\"height\":1337},{\"@type\":\"BreadcrumbList\",\"@id\":\"https:\\\/\\\/www.jaermuseet.no\\\/vitengarden\\\/jaeren-blir-til\\\/#breadcrumb\",\"itemListElement\":[{\"@type\":\"ListItem\",\"position\":1,\"name\":\"Heim\",\"item\":\"https:\\\/\\\/www.jaermuseet.no\\\/vitengarden\\\/\"},{\"@type\":\"ListItem\",\"position\":2,\"name\":\"J\u00e6ren blir til\"}]},{\"@type\":\"WebSite\",\"@id\":\"https:\\\/\\\/www.jaermuseet.no\\\/vitengarden\\\/#website\",\"url\":\"https:\\\/\\\/www.jaermuseet.no\\\/vitengarden\\\/\",\"name\":\"Vitengarden\",\"description\":\"Take part in science and history with new and engaging methods\",\"potentialAction\":[{\"@type\":\"SearchAction\",\"target\":{\"@type\":\"EntryPoint\",\"urlTemplate\":\"https:\\\/\\\/www.jaermuseet.no\\\/vitengarden\\\/?s={search_term_string}\"},\"query-input\":{\"@type\":\"PropertyValueSpecification\",\"valueRequired\":true,\"valueName\":\"search_term_string\"}}],\"inLanguage\":\"nn-NO\"},{\"@type\":\"Person\",\"@id\":\"https:\\\/\\\/www.jaermuseet.no\\\/vitengarden\\\/#\\\/schema\\\/person\\\/ac022bcc14f020945a1d11c7b825c8f2\",\"name\":\"Vitengarden\",\"image\":{\"@type\":\"ImageObject\",\"inLanguage\":\"nn-NO\",\"@id\":\"https:\\\/\\\/secure.gravatar.com\\\/avatar\\\/05ab667a03e4e22dc7bcffff9bbbdd8fc37f1f5acdd02907e510909ad5b0fd27?s=96&d=mm&r=g\",\"url\":\"https:\\\/\\\/secure.gravatar.com\\\/avatar\\\/05ab667a03e4e22dc7bcffff9bbbdd8fc37f1f5acdd02907e510909ad5b0fd27?s=96&d=mm&r=g\",\"contentUrl\":\"https:\\\/\\\/secure.gravatar.com\\\/avatar\\\/05ab667a03e4e22dc7bcffff9bbbdd8fc37f1f5acdd02907e510909ad5b0fd27?s=96&d=mm&r=g\",\"caption\":\"Vitengarden\"},\"url\":\"https:\\\/\\\/www.jaermuseet.no\\\/vitengarden\\\/author\\\/vitengarden\\\/\"}]}<\/script>\n<!-- \/ Yoast SEO plugin. -->","yoast_head_json":{"title":"J\u00e6ren blir til - Vitengarden","robots":{"index":"index","follow":"follow","max-snippet":"max-snippet:-1","max-image-preview":"max-image-preview:large","max-video-preview":"max-video-preview:-1"},"canonical":"https:\/\/www.jaermuseet.no\/vitengarden\/jaeren-blir-til\/","og_locale":"nn_NO","og_type":"article","og_title":"J\u00e6ren blir til - Vitengarden","og_description":"Landskapet rundt oss er ikkje fast. Is, vatn og vind...","og_url":"https:\/\/www.jaermuseet.no\/vitengarden\/jaeren-blir-til\/","og_site_name":"Vitengarden","article_published_time":"2026-02-10T14:29:48+00:00","article_modified_time":"2026-04-14T07:26:06+00:00","og_image":[{"width":1024,"height":685,"url":"https:\/\/www.jaermuseet.no\/vitengarden\/wp-content\/uploads\/sites\/11\/2026\/02\/Apning-av-utstilling-9368_3a95a055-881d-490e-94ce-0737c9e5f182-1024x685.jpg","type":"image\/jpeg"}],"author":"Vitengarden","twitter_card":"summary_large_image","twitter_misc":{"Written by":"Vitengarden","Est. reading time":"2 minutt"},"schema":{"@context":"https:\/\/schema.org","@graph":[{"@type":"Article","@id":"https:\/\/www.jaermuseet.no\/vitengarden\/jaeren-blir-til\/#article","isPartOf":{"@id":"https:\/\/www.jaermuseet.no\/vitengarden\/jaeren-blir-til\/"},"author":{"name":"Vitengarden","@id":"https:\/\/www.jaermuseet.no\/vitengarden\/#\/schema\/person\/ac022bcc14f020945a1d11c7b825c8f2"},"headline":"J\u00e6ren blir til","datePublished":"2026-02-10T14:29:48+00:00","dateModified":"2026-04-14T07:26:06+00:00","mainEntityOfPage":{"@id":"https:\/\/www.jaermuseet.no\/vitengarden\/jaeren-blir-til\/"},"wordCount":219,"commentCount":0,"image":{"@id":"https:\/\/www.jaermuseet.no\/vitengarden\/jaeren-blir-til\/#primaryimage"},"thumbnailUrl":"https:\/\/www.jaermuseet.no\/vitengarden\/wp-content\/uploads\/sites\/11\/2026\/02\/Apning-av-utstilling-9368_3a95a055-881d-490e-94ce-0737c9e5f182.jpg","articleSection":["Utstillingar p\u00e5 Vitengarden"],"inLanguage":"nn-NO","potentialAction":[{"@type":"CommentAction","name":"Comment","target":["https:\/\/www.jaermuseet.no\/vitengarden\/jaeren-blir-til\/#respond"]}]},{"@type":"WebPage","@id":"https:\/\/www.jaermuseet.no\/vitengarden\/jaeren-blir-til\/","url":"https:\/\/www.jaermuseet.no\/vitengarden\/jaeren-blir-til\/","name":"J\u00e6ren blir til - Vitengarden","isPartOf":{"@id":"https:\/\/www.jaermuseet.no\/vitengarden\/#website"},"primaryImageOfPage":{"@id":"https:\/\/www.jaermuseet.no\/vitengarden\/jaeren-blir-til\/#primaryimage"},"image":{"@id":"https:\/\/www.jaermuseet.no\/vitengarden\/jaeren-blir-til\/#primaryimage"},"thumbnailUrl":"https:\/\/www.jaermuseet.no\/vitengarden\/wp-content\/uploads\/sites\/11\/2026\/02\/Apning-av-utstilling-9368_3a95a055-881d-490e-94ce-0737c9e5f182.jpg","datePublished":"2026-02-10T14:29:48+00:00","dateModified":"2026-04-14T07:26:06+00:00","author":{"@id":"https:\/\/www.jaermuseet.no\/vitengarden\/#\/schema\/person\/ac022bcc14f020945a1d11c7b825c8f2"},"breadcrumb":{"@id":"https:\/\/www.jaermuseet.no\/vitengarden\/jaeren-blir-til\/#breadcrumb"},"inLanguage":"nn-NO","potentialAction":[{"@type":"ReadAction","target":["https:\/\/www.jaermuseet.no\/vitengarden\/jaeren-blir-til\/"]}]},{"@type":"ImageObject","inLanguage":"nn-NO","@id":"https:\/\/www.jaermuseet.no\/vitengarden\/jaeren-blir-til\/#primaryimage","url":"https:\/\/www.jaermuseet.no\/vitengarden\/wp-content\/uploads\/sites\/11\/2026\/02\/Apning-av-utstilling-9368_3a95a055-881d-490e-94ce-0737c9e5f182.jpg","contentUrl":"https:\/\/www.jaermuseet.no\/vitengarden\/wp-content\/uploads\/sites\/11\/2026\/02\/Apning-av-utstilling-9368_3a95a055-881d-490e-94ce-0737c9e5f182.jpg","width":2000,"height":1337},{"@type":"BreadcrumbList","@id":"https:\/\/www.jaermuseet.no\/vitengarden\/jaeren-blir-til\/#breadcrumb","itemListElement":[{"@type":"ListItem","position":1,"name":"Heim","item":"https:\/\/www.jaermuseet.no\/vitengarden\/"},{"@type":"ListItem","position":2,"name":"J\u00e6ren blir til"}]},{"@type":"WebSite","@id":"https:\/\/www.jaermuseet.no\/vitengarden\/#website","url":"https:\/\/www.jaermuseet.no\/vitengarden\/","name":"Vitengarden","description":"Take part in science and history with new and engaging methods","potentialAction":[{"@type":"SearchAction","target":{"@type":"EntryPoint","urlTemplate":"https:\/\/www.jaermuseet.no\/vitengarden\/?s={search_term_string}"},"query-input":{"@type":"PropertyValueSpecification","valueRequired":true,"valueName":"search_term_string"}}],"inLanguage":"nn-NO"},{"@type":"Person","@id":"https:\/\/www.jaermuseet.no\/vitengarden\/#\/schema\/person\/ac022bcc14f020945a1d11c7b825c8f2","name":"Vitengarden","image":{"@type":"ImageObject","inLanguage":"nn-NO","@id":"https:\/\/secure.gravatar.com\/avatar\/05ab667a03e4e22dc7bcffff9bbbdd8fc37f1f5acdd02907e510909ad5b0fd27?s=96&d=mm&r=g","url":"https:\/\/secure.gravatar.com\/avatar\/05ab667a03e4e22dc7bcffff9bbbdd8fc37f1f5acdd02907e510909ad5b0fd27?s=96&d=mm&r=g","contentUrl":"https:\/\/secure.gravatar.com\/avatar\/05ab667a03e4e22dc7bcffff9bbbdd8fc37f1f5acdd02907e510909ad5b0fd27?s=96&d=mm&r=g","caption":"Vitengarden"},"url":"https:\/\/www.jaermuseet.no\/vitengarden\/author\/vitengarden\/"}]}},"cc_featured_image_caption":{"caption_text":"","source_text":"","source_url":""},"jetpack_featured_media_url":"https:\/\/www.jaermuseet.no\/vitengarden\/wp-content\/uploads\/sites\/11\/2026\/02\/Apning-av-utstilling-9368_3a95a055-881d-490e-94ce-0737c9e5f182.jpg","jetpack_sharing_enabled":true,"_links":{"self":[{"href":"https:\/\/www.jaermuseet.no\/vitengarden\/wp-json\/wp\/v2\/posts\/53","targetHints":{"allow":["GET"]}}],"collection":[{"href":"https:\/\/www.jaermuseet.no\/vitengarden\/wp-json\/wp\/v2\/posts"}],"about":[{"href":"https:\/\/www.jaermuseet.no\/vitengarden\/wp-json\/wp\/v2\/types\/post"}],"author":[{"embeddable":true,"href":"https:\/\/www.jaermuseet.no\/vitengarden\/wp-json\/wp\/v2\/users\/10"}],"replies":[{"embeddable":true,"href":"https:\/\/www.jaermuseet.no\/vitengarden\/wp-json\/wp\/v2\/comments?post=53"}],"version-history":[{"count":6,"href":"https:\/\/www.jaermuseet.no\/vitengarden\/wp-json\/wp\/v2\/posts\/53\/revisions"}],"predecessor-version":[{"id":9921,"href":"https:\/\/www.jaermuseet.no\/vitengarden\/wp-json\/wp\/v2\/posts\/53\/revisions\/9921"}],"wp:featuredmedia":[{"embeddable":true,"href":"https:\/\/www.jaermuseet.no\/vitengarden\/wp-json\/wp\/v2\/media\/9897"}],"wp:attachment":[{"href":"https:\/\/www.jaermuseet.no\/vitengarden\/wp-json\/wp\/v2\/media?parent=53"}],"wp:term":[{"taxonomy":"category","embeddable":true,"href":"https:\/\/www.jaermuseet.no\/vitengarden\/wp-json\/wp\/v2\/categories?post=53"},{"taxonomy":"post_tag","embeddable":true,"href":"https:\/\/www.jaermuseet.no\/vitengarden\/wp-json\/wp\/v2\/tags?post=53"}],"curies":[{"name":"wp","href":"https:\/\/api.w.org\/{rel}","templated":true}]}}