{"id":4685,"date":"2021-05-11T13:52:11","date_gmt":"2021-05-11T11:52:11","guid":{"rendered":"https:\/\/www.jaermuseet.no\/vitengarden\/?p=4685"},"modified":"2024-06-28T07:39:42","modified_gmt":"2024-06-28T05:39:42","slug":"ystepikene-og-eit-godt-maltid-pa-vitengarden","status":"publish","type":"post","link":"https:\/\/www.jaermuseet.no\/vitengarden\/ystepikene-og-eit-godt-maltid-pa-vitengarden\/","title":{"rendered":"Ystepikene og eit godt m\u00e5ltid p\u00e5 Vitengarden"},"content":{"rendered":"\n<div style=\"height:21px\" aria-hidden=\"true\" class=\"wp-block-spacer\"><\/div>\n\n\n\n<p class=\"has-text-align-center\"><strong>Bli med p\u00e5 ein tur kor de f\u00e5r bli kjende med det d\u00f8gnopne ysteriet p\u00e5 Varhaug, og familien som driv det. P\u00e5 Vitengarden f\u00e5r de servert god historieforteljing og ein smakfull ostetallerken. <\/strong><\/p>\n\n\n\n<div style=\"height:40px\" aria-hidden=\"true\" class=\"wp-block-spacer\"><\/div>\n\n\n\n<h2 class=\"wp-block-heading has-text-align-center\">Ystepikene p\u00e5 Varhaug<\/h2>\n\n\n\n<p class=\"has-text-align-center\">Under ein storsl\u00e5tt himmel, n\u00e6r gr\u00f8ne marker p\u00e5 J\u00e6ren, driv Ystepikene sitt eige ysteri. Garden har vore i familien sitt eige i 100 \u00e5r, og her lagar dei knallgode ostar ysta p\u00e5 mj\u00f8lk dei sj\u00f8lv har produsert fr\u00e5 forn\u00f8gde kyr p\u00e5 garden. Dei produserer kjende og kj\u00e6re ostar, men \u00f2g nokre med spennande smakar for dei meir eventyrlystne. Her f\u00e5r du b\u00e5de J\u00e6rsk Bedaost, J\u00e6rsk Kremost og J\u00e6rsk Kvitskimmelost. Her kan de \u00f2g handla mykje godt fr\u00e5 andre lokale produsentar.<\/p>\n\n\n\n<p class=\"has-text-align-center\"><\/p>\n\n\n\n<div class=\"wp-block-columns is-layout-flex wp-container-core-columns-is-layout-9d6595d7 wp-block-columns-is-layout-flex\">\n<div class=\"wp-block-column is-layout-flow wp-block-column-is-layout-flow\" style=\"flex-basis:100%\"><div class=\"wp-block-image is-style-rounded\">\n<figure class=\"aligncenter size-medium\"><a href=\"https:\/\/ystepikene.no\/\"><img loading=\"lazy\" decoding=\"async\" width=\"300\" height=\"300\" src=\"https:\/\/www.jaermuseet.no\/vitengarden\/wp-content\/uploads\/sites\/11\/2021\/05\/2020_september_15_ALO_009-uai-1440x1080-1-edited-1-300x300.jpg\" alt=\"\" class=\"wp-image-4726\" srcset=\"https:\/\/www.jaermuseet.no\/vitengarden\/wp-content\/uploads\/sites\/11\/2021\/05\/2020_september_15_ALO_009-uai-1440x1080-1-edited-1-300x300.jpg 300w, https:\/\/www.jaermuseet.no\/vitengarden\/wp-content\/uploads\/sites\/11\/2021\/05\/2020_september_15_ALO_009-uai-1440x1080-1-edited-1-1024x1024.jpg 1024w, https:\/\/www.jaermuseet.no\/vitengarden\/wp-content\/uploads\/sites\/11\/2021\/05\/2020_september_15_ALO_009-uai-1440x1080-1-edited-1-150x150.jpg 150w, https:\/\/www.jaermuseet.no\/vitengarden\/wp-content\/uploads\/sites\/11\/2021\/05\/2020_september_15_ALO_009-uai-1440x1080-1-edited-1-200x200.jpg 200w, https:\/\/www.jaermuseet.no\/vitengarden\/wp-content\/uploads\/sites\/11\/2021\/05\/2020_september_15_ALO_009-uai-1440x1080-1-edited-1-250x250.jpg 250w, https:\/\/www.jaermuseet.no\/vitengarden\/wp-content\/uploads\/sites\/11\/2021\/05\/2020_september_15_ALO_009-uai-1440x1080-1-edited-1.jpg 1078w\" sizes=\"auto, (max-width: 300px) 100vw, 300px\" \/><\/a><\/figure>\n<\/div>\n\n\n<p><\/p>\n<\/div>\n<\/div>\n\n\n\n<div style=\"height:58px\" aria-hidden=\"true\" class=\"wp-block-spacer\"><\/div>\n\n\n\n<h2 class=\"wp-block-heading has-text-align-center\">Vitengarden<\/h2>\n\n\n\n<p class=\"has-text-align-center\">Eit bes\u00f8k p\u00e5 Vitengarden er ein perfekt m\u00e5te \u00e5 oppdaga J\u00e6ren p\u00e5. Start med ei kort orientering om Vitengarden, utforsk utstillingane og avslutt med eit smakrikt og mettande m\u00e5ltid med oster og smakar fr\u00e5 Ystepikene f\u00f8rebudd av kokkar p\u00e5 v\u00e5rt eige kj\u00f8kken. <\/p>\n\n\n<div class=\"wp-block-image is-style-rounded\">\n<figure class=\"aligncenter size-medium\"><img loading=\"lazy\" decoding=\"async\" width=\"300\" height=\"300\" src=\"https:\/\/www.jaermuseet.no\/vitengarden\/wp-content\/uploads\/sites\/11\/2021\/05\/IMG_6169-edited-300x300.jpg\" alt=\"\" class=\"wp-image-4740\" srcset=\"https:\/\/www.jaermuseet.no\/vitengarden\/wp-content\/uploads\/sites\/11\/2021\/05\/IMG_6169-edited-300x300.jpg 300w, https:\/\/www.jaermuseet.no\/vitengarden\/wp-content\/uploads\/sites\/11\/2021\/05\/IMG_6169-edited-150x150.jpg 150w, https:\/\/www.jaermuseet.no\/vitengarden\/wp-content\/uploads\/sites\/11\/2021\/05\/IMG_6169-edited-200x200.jpg 200w, https:\/\/www.jaermuseet.no\/vitengarden\/wp-content\/uploads\/sites\/11\/2021\/05\/IMG_6169-edited-250x250.jpg 250w, https:\/\/www.jaermuseet.no\/vitengarden\/wp-content\/uploads\/sites\/11\/2021\/05\/IMG_6169-edited.jpg 480w\" sizes=\"auto, (max-width: 300px) 100vw, 300px\" \/><\/figure>\n<\/div>\n\n\n<div style=\"height:43px\" aria-hidden=\"true\" class=\"wp-block-spacer\"><\/div>\n\n\n\n<h2 class=\"wp-block-heading has-text-align-center\">V\u00e5re utstillingar<\/h2>\n\n\n<div class=\"wp-block-image is-style-rounded\">\n<figure class=\"aligncenter size-medium\"><a href=\"https:\/\/www.jaermuseet.no\/vitengarden\/kategori\/utstillingar-pa-vitengarden\/\"><img loading=\"lazy\" decoding=\"async\" width=\"300\" height=\"300\" src=\"https:\/\/www.jaermuseet.no\/vitengarden\/wp-content\/uploads\/sites\/11\/2021\/05\/IMG_20200630_135855-edited-300x300.jpg\" alt=\"\" class=\"wp-image-4725\" srcset=\"https:\/\/www.jaermuseet.no\/vitengarden\/wp-content\/uploads\/sites\/11\/2021\/05\/IMG_20200630_135855-edited-300x300.jpg 300w, https:\/\/www.jaermuseet.no\/vitengarden\/wp-content\/uploads\/sites\/11\/2021\/05\/IMG_20200630_135855-edited-1024x1024.jpg 1024w, https:\/\/www.jaermuseet.no\/vitengarden\/wp-content\/uploads\/sites\/11\/2021\/05\/IMG_20200630_135855-edited-150x150.jpg 150w, https:\/\/www.jaermuseet.no\/vitengarden\/wp-content\/uploads\/sites\/11\/2021\/05\/IMG_20200630_135855-edited-200x200.jpg 200w, https:\/\/www.jaermuseet.no\/vitengarden\/wp-content\/uploads\/sites\/11\/2021\/05\/IMG_20200630_135855-edited-1536x1536.jpg 1536w, https:\/\/www.jaermuseet.no\/vitengarden\/wp-content\/uploads\/sites\/11\/2021\/05\/IMG_20200630_135855-edited-2048x2048.jpg 2048w, https:\/\/www.jaermuseet.no\/vitengarden\/wp-content\/uploads\/sites\/11\/2021\/05\/IMG_20200630_135855-edited-250x250.jpg 250w\" sizes=\"auto, (max-width: 300px) 100vw, 300px\" \/><\/a><\/figure>\n<\/div>\n\n\n<div style=\"height:35px\" aria-hidden=\"true\" class=\"wp-block-spacer\"><\/div>\n\n\n\n<div class=\"wp-block-cover is-light\"><span aria-hidden=\"true\" class=\"wp-block-cover__background has-pale-cyan-blue-background-color has-background-dim\"><\/span><img loading=\"lazy\" decoding=\"async\" width=\"640\" height=\"427\" class=\"wp-block-cover__image-background wp-image-158\" alt=\"\" src=\"https:\/\/www.jaermuseet.no\/vitengarden\/wp-content\/uploads\/sites\/11\/2010\/11\/2010IngeborgSkrudland_IMG_14052.jpg\" data-object-fit=\"cover\" srcset=\"https:\/\/www.jaermuseet.no\/vitengarden\/wp-content\/uploads\/sites\/11\/2010\/11\/2010IngeborgSkrudland_IMG_14052.jpg 640w, https:\/\/www.jaermuseet.no\/vitengarden\/wp-content\/uploads\/sites\/11\/2010\/11\/2010IngeborgSkrudland_IMG_14052-300x200.jpg 300w, https:\/\/www.jaermuseet.no\/vitengarden\/wp-content\/uploads\/sites\/11\/2010\/11\/2010IngeborgSkrudland_IMG_14052-250x167.jpg 250w, https:\/\/www.jaermuseet.no\/vitengarden\/wp-content\/uploads\/sites\/11\/2010\/11\/2010IngeborgSkrudland_IMG_14052-150x100.jpg 150w\" sizes=\"auto, (max-width: 640px) 100vw, 640px\" \/><div class=\"wp-block-cover__inner-container is-layout-flow wp-block-cover-is-layout-flow\">\n<h3 class=\"has-text-align-center wp-block-heading\" id=\"block-5ad50e98-70d5-490e-a480-3b9779031585\"><strong><span class=\"has-inline-color has-black-color\">Tema<\/span><\/strong><\/h3>\n\n\n\n<p class=\"has-text-align-center\"><a href=\"https:\/\/www.jaermuseet.no\/vitengarden\/opnar-ny-utstilling-sauen\/\"><span class=\"has-inline-color has-black-color\">Sauen, gjetaren og hunden<\/span><\/a><\/p>\n\n\n\n<p class=\"has-text-align-center\"><a href=\"https:\/\/www.jaermuseet.no\/vitengarden\/teknologi-og-landskap\/\"><span class=\"has-inline-color has-black-color\">Teknologien som endra kulturlandskapet p\u00e5 J\u00e6ren<\/span><\/a><\/p>\n\n\n\n<p class=\"has-text-align-center\"><a href=\"https:\/\/www.jaermuseet.no\/vitengarden\/men-mat-ma-me-ha\/\"><span class=\"has-inline-color has-black-color\">Matproduksjon og lokale byggetradisjonar<\/span><\/a><\/p>\n\n\n\n<p class=\"has-text-align-center\"><a href=\"https:\/\/www.jaermuseet.no\/vitengarden\/utstillingar-pa-vitengarden\/\"><span class=\"has-inline-color has-black-color\">Traktorliv<\/span><\/a><\/p>\n\n\n\n<p class=\"has-text-align-center\"><a href=\"https:\/\/www.jaermuseet.no\/vitengarden\/snu\/\"><span class=\"has-inline-color has-black-color\">&#8220;SNU&#8221; Ei utand\u00f8rs utstilling om energikjeldar og biogass<\/span><\/a><\/p>\n<\/div><\/div>\n\n\n\n<p class=\"has-text-align-center\"><\/p>\n\n\n\n<div style=\"height:46px\" aria-hidden=\"true\" class=\"wp-block-spacer\"><\/div>\n\n\n\n<div class=\"wp-block-cover is-light is-position-center-center\" style=\"min-height:599px;aspect-ratio:unset;\"><span aria-hidden=\"true\" class=\"wp-block-cover__background has-background-dim-100 has-background-dim has-background-gradient has-luminous-vivid-amber-to-luminous-vivid-orange-gradient-background\"><\/span><div class=\"wp-block-cover__inner-container is-layout-flow wp-block-cover-is-layout-flow\">\n<div class=\"wp-block-columns is-layout-flex wp-container-core-columns-is-layout-9d6595d7 wp-block-columns-is-layout-flex\">\n<div class=\"wp-block-column is-layout-flow wp-block-column-is-layout-flow\">\n<h3 class=\"wp-block-heading has-text-align-center\" id=\"block-ed72f675-7526-4ae5-84a8-bd01735dae5e\"><strong>Pris per person kr. 495,- inkluderer<\/strong><\/h3>\n\n\n\n<p class=\"has-text-align-center\">Inngang p\u00e5 Vitengarden<\/p>\n\n\n\n<p class=\"has-text-align-center\">Omvisning og historieforteljing om eit valfritt tema<\/p>\n\n\n\n<p class=\"has-text-align-center\"> Ein smakrik og mettande ostetallerken med blandt anna ost fr\u00e5 Ystepikene og spekemat fr\u00e5 Nyyyt<\/p>\n\n\n\n<p class=\"has-text-align-center\">Kaffi og drikke<\/p>\n\n\n\n<p class=\"has-text-align-center\">Bes\u00f8k og unike pakketilbod hj\u00e5 Ystepikene<\/p>\n\n\n\n<p class=\"has-text-align-center\"><sup>*Pris f\u00f8reset eit minimum p\u00e5 ti betalande gjester, og de m\u00e5 sj\u00f8lv st\u00e5 for transport.<\/sup><\/p>\n<\/div>\n<\/div>\n<\/div><\/div>\n\n\n\n<div style=\"height:40px\" aria-hidden=\"true\" class=\"wp-block-spacer\"><\/div>\n\n\n\n<div style=\"height:29px\" aria-hidden=\"true\" class=\"wp-block-spacer\"><\/div>\n\n\n\n<hr class=\"wp-block-separator has-css-opacity is-style-wide\"\/>\n\n\n\n<h3 class=\"wp-block-heading has-text-align-center\"><mark class=\"has-inline-color has-vivid-red-color\">Alle i turf\u00f8lget f\u00e5r 10 % rabatt p\u00e5 bes\u00f8ksdagen i butikken p\u00e5 Vitengarden, og hj\u00e5 Ystepikene har dei sett saman kjekke g\u00e5vepakker.<\/mark><\/h3>\n\n\n\n<hr class=\"wp-block-separator has-css-opacity is-style-wide\"\/>\n\n\n\n<p class=\"has-text-align-center\"><\/p>\n\n\n\n<div style=\"height:50px\" aria-hidden=\"true\" class=\"wp-block-spacer\"><\/div>\n\n\n\n<h2 class=\"wp-block-heading has-text-align-center\"><strong>Bestilling<\/strong><\/h2>\n\n\n\n<p class=\"has-text-align-center\">\u00d8nsker du \u00e5 ta med ei gruppe og f\u00e5 ein gild og annleis dag saman? Opplegget passer for alle som \u00f8nsker ei ny og l\u00e6rerik oppleving. Det kan vera familiar, vennelag, foreiningar, kollegaer, nettverksbygging m.m.<\/p>\n\n\n\n<p class=\"has-text-align-center\">Ta kontakt med oss i dag for meir informasjon s\u00e5nn at me kan gje deg det opplegget du \u00f8nsker. Du kan kontakta oss p\u00e5 e-post vitengarden@jaermuseet.no eller ringa oss p\u00e5 telefon 47 77 60 20. Eller du kan fylla ut \u00e5 senda inn skjema under.<\/p>\n\n\n<style id=\"wpforms-css-vars-root\">\n\t\t\t\t:root {\n\t\t\t\t\t--wpforms-field-border-radius: 3px;\n--wpforms-field-border-style: solid;\n--wpforms-field-border-size: 1px;\n--wpforms-field-background-color: #ffffff;\n--wpforms-field-border-color: rgba( 0, 0, 0, 0.25 );\n--wpforms-field-border-color-spare: rgba( 0, 0, 0, 0.25 );\n--wpforms-field-text-color: rgba( 0, 0, 0, 0.7 );\n--wpforms-field-menu-color: #ffffff;\n--wpforms-label-color: rgba( 0, 0, 0, 0.85 );\n--wpforms-label-sublabel-color: rgba( 0, 0, 0, 0.55 );\n--wpforms-label-error-color: #d63637;\n--wpforms-button-border-radius: 3px;\n--wpforms-button-border-style: none;\n--wpforms-button-border-size: 1px;\n--wpforms-button-background-color: #066aab;\n--wpforms-button-border-color: #066aab;\n--wpforms-button-text-color: #ffffff;\n--wpforms-page-break-color: #066aab;\n--wpforms-background-image: none;\n--wpforms-background-position: center center;\n--wpforms-background-repeat: no-repeat;\n--wpforms-background-size: cover;\n--wpforms-background-width: 100px;\n--wpforms-background-height: 100px;\n--wpforms-background-color: rgba( 0, 0, 0, 0 );\n--wpforms-background-url: none;\n--wpforms-container-padding: 0px;\n--wpforms-container-border-style: none;\n--wpforms-container-border-width: 1px;\n--wpforms-container-border-color: #000000;\n--wpforms-container-border-radius: 3px;\n--wpforms-field-size-input-height: 43px;\n--wpforms-field-size-input-spacing: 15px;\n--wpforms-field-size-font-size: 16px;\n--wpforms-field-size-line-height: 19px;\n--wpforms-field-size-padding-h: 14px;\n--wpforms-field-size-checkbox-size: 16px;\n--wpforms-field-size-sublabel-spacing: 5px;\n--wpforms-field-size-icon-size: 1;\n--wpforms-label-size-font-size: 16px;\n--wpforms-label-size-line-height: 19px;\n--wpforms-label-size-sublabel-font-size: 14px;\n--wpforms-label-size-sublabel-line-height: 17px;\n--wpforms-button-size-font-size: 17px;\n--wpforms-button-size-height: 41px;\n--wpforms-button-size-padding-h: 15px;\n--wpforms-button-size-margin-top: 10px;\n--wpforms-container-shadow-size-box-shadow: none;\n\n\t\t\t\t}\n\t\t\t<\/style><style id=\"wpforms-css-vars-9254-block-3e4ce9ad-f0af-4425-8df8-bc69c3eac0ba\">\n\t\t\t\t#wpforms-9254.wpforms-block-3e4ce9ad-f0af-4425-8df8-bc69c3eac0ba {\n\t\t\t\t\t--wpforms-field-border-style: dashed;\n--wpforms-field-border-radius: 12px;\n--wpforms-field-text-color: #5889b5;\n--wpforms-container-padding: 20px;\n--wpforms-container-border-style: solid;\n--wpforms-container-border-color: #c9c9c9;\n--wpforms-button-background-color: #5889b5;\n--wpforms-background-color: #f2f2f2;\n--wpforms-field-size-input-height: 43px;\n--wpforms-field-size-input-spacing: 15px;\n--wpforms-field-size-font-size: 16px;\n--wpforms-field-size-line-height: 19px;\n--wpforms-field-size-padding-h: 14px;\n--wpforms-field-size-checkbox-size: 16px;\n--wpforms-field-size-sublabel-spacing: 5px;\n--wpforms-field-size-icon-size: 1;\n--wpforms-label-size-font-size: 16px;\n--wpforms-label-size-line-height: 19px;\n--wpforms-label-size-sublabel-font-size: 14px;\n--wpforms-label-size-sublabel-line-height: 17px;\n--wpforms-button-size-font-size: 17px;\n--wpforms-button-size-height: 41px;\n--wpforms-button-size-padding-h: 15px;\n--wpforms-button-size-margin-top: 10px;\n--wpforms-container-shadow-size-box-shadow: none;\n\n\t\t\t\t}\n\t\t\t<\/style><div class=\"wpforms-container wpforms-container-full wpforms-block wpforms-block-3e4ce9ad-f0af-4425-8df8-bc69c3eac0ba wpforms-render-modern\" id=\"wpforms-9254\"><form id=\"wpforms-form-9254\" class=\"wpforms-validate wpforms-form wpforms-ajax-form\" data-formid=\"9254\" method=\"post\" enctype=\"multipart\/form-data\" action=\"\/vitengarden\/wp-json\/wp\/v2\/posts\/4685\" data-token=\"bca06217c372eb0ef35fc26160e7c366\" data-token-time=\"1777609881\"><noscript class=\"wpforms-error-noscript\">Please enable JavaScript in your browser to complete this form.<\/noscript><div class=\"wpforms-hidden\" id=\"wpforms-error-noscript\">Please enable JavaScript in your browser to complete this form.<\/div><div class=\"wpforms-field-container\"><div id=\"wpforms-9254-field_20-container\" class=\"wpforms-field wpforms-field-radio wpforms-conditional-trigger\" data-field-id=\"20\"><fieldset><legend class=\"wpforms-field-label\">Er du en privatperson eller henvender du deg p\u00e5 vegne av en bedrift, lag eller organisasjon? <span class=\"wpforms-required-label\" aria-hidden=\"true\">*<\/span><\/legend><ul id=\"wpforms-9254-field_20\" class=\"wpforms-field-required\"><li class=\"choice-1 depth-1\"><input type=\"radio\" id=\"wpforms-9254-field_20_1\" name=\"wpforms[fields][20]\" value=\"Bedrift \/ lag \/ organisasjon\" aria-errormessage=\"wpforms-9254-field_20_1-error\" required ><label class=\"wpforms-field-label-inline\" for=\"wpforms-9254-field_20_1\">Bedrift \/ lag \/ organisasjon<\/label><\/li><li class=\"choice-2 depth-1\"><input type=\"radio\" id=\"wpforms-9254-field_20_2\" name=\"wpforms[fields][20]\" value=\"Privat\" aria-errormessage=\"wpforms-9254-field_20_2-error\" required ><label class=\"wpforms-field-label-inline\" for=\"wpforms-9254-field_20_2\">Privat<\/label><\/li><\/ul><\/fieldset><\/div><div id=\"wpforms-9254-field_2-container\" class=\"wpforms-field wpforms-field-text wpforms-conditional-field wpforms-conditional-show\" data-field-id=\"2\" style=\"display:none;\"><label class=\"wpforms-field-label\" for=\"wpforms-9254-field_2\">Navn p\u00e5 bedrift \/ lag \/ organisasjon  <span class=\"wpforms-required-label\" aria-hidden=\"true\">*<\/span><\/label><input type=\"text\" id=\"wpforms-9254-field_2\" class=\"wpforms-field-medium wpforms-field-required\" name=\"wpforms[fields][2]\" aria-errormessage=\"wpforms-9254-field_2-error\" required><\/div><div id=\"wpforms-9254-field_4-container\" class=\"wpforms-field wpforms-field-text\" data-field-id=\"4\"><label class=\"wpforms-field-label\" for=\"wpforms-9254-field_4\">Kontaktperson <span class=\"wpforms-required-label\" aria-hidden=\"true\">*<\/span><\/label><input type=\"text\" id=\"wpforms-9254-field_4\" class=\"wpforms-field-medium wpforms-field-required\" name=\"wpforms[fields][4]\" aria-errormessage=\"wpforms-9254-field_4-error\" required><\/div><div id=\"wpforms-9254-field_7-container\" class=\"wpforms-field wpforms-field-email\" data-field-id=\"7\"><label class=\"wpforms-field-label\" for=\"wpforms-9254-field_7\">E-post <span class=\"wpforms-required-label\" aria-hidden=\"true\">*<\/span><\/label><input type=\"email\" id=\"wpforms-9254-field_7\" class=\"wpforms-field-medium wpforms-field-required\" name=\"wpforms[fields][7]\" spellcheck=\"false\" aria-errormessage=\"wpforms-9254-field_7-error\" required><\/div><div id=\"wpforms-9254-field_6-container\" class=\"wpforms-field wpforms-field-phone\" data-field-id=\"6\"><label class=\"wpforms-field-label\" for=\"wpforms-9254-field_6\">Telefonnummer <span class=\"wpforms-required-label\" aria-hidden=\"true\">*<\/span><\/label><input type=\"tel\" id=\"wpforms-9254-field_6\" class=\"wpforms-field-medium wpforms-field-required\" data-rule-int-phone-field=\"true\" name=\"wpforms[fields][6]\" aria-errormessage=\"wpforms-9254-field_6-error\" required><\/div><div id=\"wpforms-9254-field_22-container\" class=\"wpforms-field wpforms-field-select wpforms-field-select-style-classic\" data-field-id=\"22\"><label class=\"wpforms-field-label\" for=\"wpforms-9254-field_22\">Type arrangement: <span class=\"wpforms-required-label\" aria-hidden=\"true\">*<\/span><\/label><select id=\"wpforms-9254-field_22\" class=\"wpforms-field-medium wpforms-field-required\" name=\"wpforms[fields][22]\" required=\"required\"><option value=\"Bryllaup\" >Bryllaup<\/option><option value=\"Konfirmasjon\" >Konfirmasjon<\/option><option value=\"\u00c5rem\u00e5l\" >\u00c5rem\u00e5l<\/option><option value=\"Minnestund\" >Minnestund<\/option><option value=\"Teambuilding\" >Teambuilding<\/option><option value=\"M\u00f8te, kurs, konferanse\" >M\u00f8te, kurs, konferanse<\/option><option value=\"Omvising\" >Omvising<\/option><option value=\"Familiedag\" >Familiedag<\/option><option value=\"Julebord\" >Julebord<\/option><option value=\"Anna\" >Anna<\/option><\/select><\/div><div id=\"wpforms-9254-field_9-container\" class=\"wpforms-field wpforms-field-text\" data-field-id=\"9\"><label class=\"wpforms-field-label\" for=\"wpforms-9254-field_9\">\u00d8nska dag\/dato og klokkeslett (skriv gjerne inn fleire alternativar) <span class=\"wpforms-required-label\" aria-hidden=\"true\">*<\/span><\/label><input type=\"text\" id=\"wpforms-9254-field_9\" class=\"wpforms-field-medium wpforms-field-required\" name=\"wpforms[fields][9]\" aria-errormessage=\"wpforms-9254-field_9-error\" required><\/div><div id=\"wpforms-9254-field_10-container\" class=\"wpforms-field wpforms-field-text\" data-field-id=\"10\"><label class=\"wpforms-field-label\" for=\"wpforms-9254-field_10\">Ca antall deltakarar (barn og vaksne) <span class=\"wpforms-required-label\" aria-hidden=\"true\">*<\/span><\/label><input type=\"text\" id=\"wpforms-9254-field_10\" class=\"wpforms-field-medium wpforms-field-required\" name=\"wpforms[fields][10]\" aria-errormessage=\"wpforms-9254-field_10-error\" required><\/div><div id=\"wpforms-9254-field_17-container\" class=\"wpforms-field wpforms-field-textarea\" data-field-id=\"17\"><label class=\"wpforms-field-label\" for=\"wpforms-9254-field_17\">F\u00f8respurnad \/ anna<\/label><textarea id=\"wpforms-9254-field_17\" class=\"wpforms-field-medium\" name=\"wpforms[fields][17]\" aria-errormessage=\"wpforms-9254-field_17-error\" ><\/textarea><\/div><div id=\"wpforms-9254-field_23-container\" class=\"wpforms-field wpforms-field-checkbox\" data-field-id=\"23\"><fieldset><legend class=\"wpforms-field-label\">Persondata <span class=\"wpforms-required-label\" aria-hidden=\"true\">*<\/span><\/legend><ul id=\"wpforms-9254-field_23\" class=\"wpforms-field-required\"><li class=\"choice-1 depth-1\"><input type=\"checkbox\" id=\"wpforms-9254-field_23_1\" name=\"wpforms[fields][23][]\" value=\"Dette skjemaet lagrar din kontaktinformasjon slik at me kan handsama din f\u00f8respurnad. Innsendt data vil ikkje bli delt med andre eller brukt i marknadsf\u00f8ringssamanheng. Eg samtykker at J\u00e6rmuseet lagrar min kontaktinformasjon*.\" aria-errormessage=\"wpforms-9254-field_23_1-error\" required ><label class=\"wpforms-field-label-inline\" for=\"wpforms-9254-field_23_1\">Dette skjemaet lagrar din kontaktinformasjon slik at me kan handsama din f\u00f8respurnad. Innsendt data vil ikkje bli delt med andre eller brukt i marknadsf\u00f8ringssamanheng. Eg samtykker at J\u00e6rmuseet lagrar min kontaktinformasjon*.<\/label><\/li><\/ul><\/fieldset><\/div><\/div><!-- .wpforms-field-container --><div class=\"wpforms-recaptcha-container wpforms-is-recaptcha wpforms-is-recaptcha-type-v3\" ><input type=\"hidden\" name=\"wpforms[recaptcha]\" value=\"\"><\/div><div class=\"wpforms-submit-container\" ><input type=\"hidden\" name=\"wpforms[id]\" value=\"9254\"><input type=\"hidden\" name=\"page_title\" value=\"\"><input type=\"hidden\" name=\"page_url\" value=\"https:\/\/www.jaermuseet.no\/vitengarden\/wp-json\/wp\/v2\/posts\/4685\"><button type=\"submit\" name=\"wpforms[submit]\" id=\"wpforms-submit-9254\" class=\"wpforms-submit\" data-alt-text=\"Sender...\" data-submit-text=\"Send inn\" aria-live=\"assertive\" value=\"wpforms-submit\">Send inn<\/button><img loading=\"lazy\" decoding=\"async\" src=\"https:\/\/www.jaermuseet.no\/vitengarden\/wp-content\/plugins\/wpforms\/assets\/images\/submit-spin.svg\" class=\"wpforms-submit-spinner\" style=\"display: none;\" width=\"26\" height=\"26\" alt=\"Loading\"><\/div><\/form><\/div>  <!-- .wpforms-container -->","protected":false},"excerpt":{"rendered":"<p>Bli med p\u00e5 ein tur kor de f\u00e5r bli kjende&#8230;<\/p>\n","protected":false},"author":10,"featured_media":4731,"comment_status":"closed","ping_status":"closed","sticky":false,"template":"","format":"standard","meta":{"_acf_changed":false,"_jetpack_memberships_contains_paid_content":false,"footnotes":""},"categories":[61],"tags":[99,101,103,105,107,109,111,113,115,117,119,121,123,125],"class_list":["post-4685","post","type-post","status-publish","format-standard","has-post-thumbnail","hentry","category-pakker-gruppetilbod-aktiviteter","tag-aktivitet-nn","tag-ferie-nn","tag-guide-nn","tag-gupper-nn","tag-jaeren-nn","tag-landskap-nn","tag-naerbo-nn","tag-norge-nn","tag-opplevelse-nn","tag-region-nn","tag-reise-nn","tag-teambuilding-nn","tag-tur-nn","tag-varhaug-nn","featured-image-size-large"],"acf":[],"yoast_head":"<!-- This site is optimized with the Yoast SEO plugin v27.4 - https:\/\/yoast.com\/product\/yoast-seo-wordpress\/ -->\n<title>Ystepikene og eit godt m\u00e5ltid p\u00e5 Vitengarden - Vitengarden<\/title>\n<meta name=\"description\" content=\"Pakketilbud med unike opplevelser p\u00e5 J\u00e6ren tilpasset for grupper. F\u00e5 tilrettelagt en tur som dere vil huske lenge enten det er sammen med familie, venner eller kollegaer.\" \/>\n<meta name=\"robots\" content=\"index, follow, max-snippet:-1, max-image-preview:large, max-video-preview:-1\" \/>\n<link rel=\"canonical\" href=\"https:\/\/www.jaermuseet.no\/vitengarden\/ystepikene-og-eit-godt-maltid-pa-vitengarden\/\" \/>\n<meta property=\"og:locale\" content=\"nn_NO\" \/>\n<meta property=\"og:type\" content=\"article\" \/>\n<meta property=\"og:title\" content=\"Ystepikene og eit godt m\u00e5ltid p\u00e5 Vitengarden - Vitengarden\" \/>\n<meta property=\"og:description\" content=\"Pakketilbud med unike opplevelser p\u00e5 J\u00e6ren tilpasset for grupper. F\u00e5 tilrettelagt en tur som dere vil huske lenge enten det er sammen med familie, venner eller kollegaer.\" \/>\n<meta property=\"og:url\" content=\"https:\/\/www.jaermuseet.no\/vitengarden\/ystepikene-og-eit-godt-maltid-pa-vitengarden\/\" \/>\n<meta property=\"og:site_name\" content=\"Vitengarden\" \/>\n<meta property=\"article:published_time\" content=\"2021-05-11T11:52:11+00:00\" \/>\n<meta property=\"article:modified_time\" content=\"2024-06-28T05:39:42+00:00\" \/>\n<meta property=\"og:image\" content=\"https:\/\/www.jaermuseet.no\/vitengarden\/wp-content\/uploads\/sites\/11\/2021\/05\/Ysteterrasse-matfat-uai-810x540-2.jpg\" \/>\n\t<meta property=\"og:image:width\" content=\"810\" \/>\n\t<meta property=\"og:image:height\" content=\"540\" \/>\n\t<meta property=\"og:image:type\" content=\"image\/jpeg\" \/>\n<meta name=\"author\" content=\"Vitengarden\" \/>\n<meta name=\"twitter:card\" content=\"summary_large_image\" \/>\n<meta name=\"twitter:label1\" content=\"Written by\" \/>\n\t<meta name=\"twitter:data1\" content=\"Vitengarden\" \/>\n\t<meta name=\"twitter:label2\" content=\"Est. reading time\" \/>\n\t<meta name=\"twitter:data2\" content=\"3 minutt\" \/>\n<script type=\"application\/ld+json\" class=\"yoast-schema-graph\">{\"@context\":\"https:\\\/\\\/schema.org\",\"@graph\":[{\"@type\":\"Article\",\"@id\":\"https:\\\/\\\/www.jaermuseet.no\\\/vitengarden\\\/ystepikene-og-eit-godt-maltid-pa-vitengarden\\\/#article\",\"isPartOf\":{\"@id\":\"https:\\\/\\\/www.jaermuseet.no\\\/vitengarden\\\/ystepikene-og-eit-godt-maltid-pa-vitengarden\\\/\"},\"author\":{\"name\":\"Vitengarden\",\"@id\":\"https:\\\/\\\/www.jaermuseet.no\\\/vitengarden\\\/#\\\/schema\\\/person\\\/ac022bcc14f020945a1d11c7b825c8f2\"},\"headline\":\"Ystepikene og eit godt m\u00e5ltid p\u00e5 Vitengarden\",\"datePublished\":\"2021-05-11T11:52:11+00:00\",\"dateModified\":\"2024-06-28T05:39:42+00:00\",\"mainEntityOfPage\":{\"@id\":\"https:\\\/\\\/www.jaermuseet.no\\\/vitengarden\\\/ystepikene-og-eit-godt-maltid-pa-vitengarden\\\/\"},\"wordCount\":352,\"image\":{\"@id\":\"https:\\\/\\\/www.jaermuseet.no\\\/vitengarden\\\/ystepikene-og-eit-godt-maltid-pa-vitengarden\\\/#primaryimage\"},\"thumbnailUrl\":\"https:\\\/\\\/www.jaermuseet.no\\\/vitengarden\\\/wp-content\\\/uploads\\\/sites\\\/11\\\/2021\\\/05\\\/Ysteterrasse-matfat-uai-810x540-2.jpg\",\"keywords\":[\"aktivitet\",\"ferie\",\"guide\",\"gupper\",\"j\u00e6ren\",\"landskap\",\"n\u00e6rb\u00f8\",\"norge\",\"opplevelse\",\"region\",\"reise\",\"teambuilding\",\"tur\",\"varhaug\"],\"articleSection\":[\"Gruppetilbod\"],\"inLanguage\":\"nn-NO\"},{\"@type\":\"WebPage\",\"@id\":\"https:\\\/\\\/www.jaermuseet.no\\\/vitengarden\\\/ystepikene-og-eit-godt-maltid-pa-vitengarden\\\/\",\"url\":\"https:\\\/\\\/www.jaermuseet.no\\\/vitengarden\\\/ystepikene-og-eit-godt-maltid-pa-vitengarden\\\/\",\"name\":\"Ystepikene og eit godt m\u00e5ltid p\u00e5 Vitengarden - Vitengarden\",\"isPartOf\":{\"@id\":\"https:\\\/\\\/www.jaermuseet.no\\\/vitengarden\\\/#website\"},\"primaryImageOfPage\":{\"@id\":\"https:\\\/\\\/www.jaermuseet.no\\\/vitengarden\\\/ystepikene-og-eit-godt-maltid-pa-vitengarden\\\/#primaryimage\"},\"image\":{\"@id\":\"https:\\\/\\\/www.jaermuseet.no\\\/vitengarden\\\/ystepikene-og-eit-godt-maltid-pa-vitengarden\\\/#primaryimage\"},\"thumbnailUrl\":\"https:\\\/\\\/www.jaermuseet.no\\\/vitengarden\\\/wp-content\\\/uploads\\\/sites\\\/11\\\/2021\\\/05\\\/Ysteterrasse-matfat-uai-810x540-2.jpg\",\"datePublished\":\"2021-05-11T11:52:11+00:00\",\"dateModified\":\"2024-06-28T05:39:42+00:00\",\"author\":{\"@id\":\"https:\\\/\\\/www.jaermuseet.no\\\/vitengarden\\\/#\\\/schema\\\/person\\\/ac022bcc14f020945a1d11c7b825c8f2\"},\"description\":\"Pakketilbud med unike opplevelser p\u00e5 J\u00e6ren tilpasset for grupper. F\u00e5 tilrettelagt en tur som dere vil huske lenge enten det er sammen med familie, venner eller kollegaer.\",\"breadcrumb\":{\"@id\":\"https:\\\/\\\/www.jaermuseet.no\\\/vitengarden\\\/ystepikene-og-eit-godt-maltid-pa-vitengarden\\\/#breadcrumb\"},\"inLanguage\":\"nn-NO\",\"potentialAction\":[{\"@type\":\"ReadAction\",\"target\":[\"https:\\\/\\\/www.jaermuseet.no\\\/vitengarden\\\/ystepikene-og-eit-godt-maltid-pa-vitengarden\\\/\"]}]},{\"@type\":\"ImageObject\",\"inLanguage\":\"nn-NO\",\"@id\":\"https:\\\/\\\/www.jaermuseet.no\\\/vitengarden\\\/ystepikene-og-eit-godt-maltid-pa-vitengarden\\\/#primaryimage\",\"url\":\"https:\\\/\\\/www.jaermuseet.no\\\/vitengarden\\\/wp-content\\\/uploads\\\/sites\\\/11\\\/2021\\\/05\\\/Ysteterrasse-matfat-uai-810x540-2.jpg\",\"contentUrl\":\"https:\\\/\\\/www.jaermuseet.no\\\/vitengarden\\\/wp-content\\\/uploads\\\/sites\\\/11\\\/2021\\\/05\\\/Ysteterrasse-matfat-uai-810x540-2.jpg\",\"width\":810,\"height\":540},{\"@type\":\"BreadcrumbList\",\"@id\":\"https:\\\/\\\/www.jaermuseet.no\\\/vitengarden\\\/ystepikene-og-eit-godt-maltid-pa-vitengarden\\\/#breadcrumb\",\"itemListElement\":[{\"@type\":\"ListItem\",\"position\":1,\"name\":\"Heim\",\"item\":\"https:\\\/\\\/www.jaermuseet.no\\\/vitengarden\\\/\"},{\"@type\":\"ListItem\",\"position\":2,\"name\":\"Ystepikene og eit godt m\u00e5ltid p\u00e5 Vitengarden\"}]},{\"@type\":\"WebSite\",\"@id\":\"https:\\\/\\\/www.jaermuseet.no\\\/vitengarden\\\/#website\",\"url\":\"https:\\\/\\\/www.jaermuseet.no\\\/vitengarden\\\/\",\"name\":\"Vitengarden\",\"description\":\"Take part in science and history with new and engaging methods\",\"potentialAction\":[{\"@type\":\"SearchAction\",\"target\":{\"@type\":\"EntryPoint\",\"urlTemplate\":\"https:\\\/\\\/www.jaermuseet.no\\\/vitengarden\\\/?s={search_term_string}\"},\"query-input\":{\"@type\":\"PropertyValueSpecification\",\"valueRequired\":true,\"valueName\":\"search_term_string\"}}],\"inLanguage\":\"nn-NO\"},{\"@type\":\"Person\",\"@id\":\"https:\\\/\\\/www.jaermuseet.no\\\/vitengarden\\\/#\\\/schema\\\/person\\\/ac022bcc14f020945a1d11c7b825c8f2\",\"name\":\"Vitengarden\",\"image\":{\"@type\":\"ImageObject\",\"inLanguage\":\"nn-NO\",\"@id\":\"https:\\\/\\\/secure.gravatar.com\\\/avatar\\\/05ab667a03e4e22dc7bcffff9bbbdd8fc37f1f5acdd02907e510909ad5b0fd27?s=96&d=mm&r=g\",\"url\":\"https:\\\/\\\/secure.gravatar.com\\\/avatar\\\/05ab667a03e4e22dc7bcffff9bbbdd8fc37f1f5acdd02907e510909ad5b0fd27?s=96&d=mm&r=g\",\"contentUrl\":\"https:\\\/\\\/secure.gravatar.com\\\/avatar\\\/05ab667a03e4e22dc7bcffff9bbbdd8fc37f1f5acdd02907e510909ad5b0fd27?s=96&d=mm&r=g\",\"caption\":\"Vitengarden\"},\"url\":\"https:\\\/\\\/www.jaermuseet.no\\\/vitengarden\\\/author\\\/vitengarden\\\/\"}]}<\/script>\n<!-- \/ Yoast SEO plugin. -->","yoast_head_json":{"title":"Ystepikene og eit godt m\u00e5ltid p\u00e5 Vitengarden - Vitengarden","description":"Pakketilbud med unike opplevelser p\u00e5 J\u00e6ren tilpasset for grupper. F\u00e5 tilrettelagt en tur som dere vil huske lenge enten det er sammen med familie, venner eller kollegaer.","robots":{"index":"index","follow":"follow","max-snippet":"max-snippet:-1","max-image-preview":"max-image-preview:large","max-video-preview":"max-video-preview:-1"},"canonical":"https:\/\/www.jaermuseet.no\/vitengarden\/ystepikene-og-eit-godt-maltid-pa-vitengarden\/","og_locale":"nn_NO","og_type":"article","og_title":"Ystepikene og eit godt m\u00e5ltid p\u00e5 Vitengarden - Vitengarden","og_description":"Pakketilbud med unike opplevelser p\u00e5 J\u00e6ren tilpasset for grupper. F\u00e5 tilrettelagt en tur som dere vil huske lenge enten det er sammen med familie, venner eller kollegaer.","og_url":"https:\/\/www.jaermuseet.no\/vitengarden\/ystepikene-og-eit-godt-maltid-pa-vitengarden\/","og_site_name":"Vitengarden","article_published_time":"2021-05-11T11:52:11+00:00","article_modified_time":"2024-06-28T05:39:42+00:00","og_image":[{"width":810,"height":540,"url":"https:\/\/www.jaermuseet.no\/vitengarden\/wp-content\/uploads\/sites\/11\/2021\/05\/Ysteterrasse-matfat-uai-810x540-2.jpg","type":"image\/jpeg"}],"author":"Vitengarden","twitter_card":"summary_large_image","twitter_misc":{"Written by":"Vitengarden","Est. reading time":"3 minutt"},"schema":{"@context":"https:\/\/schema.org","@graph":[{"@type":"Article","@id":"https:\/\/www.jaermuseet.no\/vitengarden\/ystepikene-og-eit-godt-maltid-pa-vitengarden\/#article","isPartOf":{"@id":"https:\/\/www.jaermuseet.no\/vitengarden\/ystepikene-og-eit-godt-maltid-pa-vitengarden\/"},"author":{"name":"Vitengarden","@id":"https:\/\/www.jaermuseet.no\/vitengarden\/#\/schema\/person\/ac022bcc14f020945a1d11c7b825c8f2"},"headline":"Ystepikene og eit godt m\u00e5ltid p\u00e5 Vitengarden","datePublished":"2021-05-11T11:52:11+00:00","dateModified":"2024-06-28T05:39:42+00:00","mainEntityOfPage":{"@id":"https:\/\/www.jaermuseet.no\/vitengarden\/ystepikene-og-eit-godt-maltid-pa-vitengarden\/"},"wordCount":352,"image":{"@id":"https:\/\/www.jaermuseet.no\/vitengarden\/ystepikene-og-eit-godt-maltid-pa-vitengarden\/#primaryimage"},"thumbnailUrl":"https:\/\/www.jaermuseet.no\/vitengarden\/wp-content\/uploads\/sites\/11\/2021\/05\/Ysteterrasse-matfat-uai-810x540-2.jpg","keywords":["aktivitet","ferie","guide","gupper","j\u00e6ren","landskap","n\u00e6rb\u00f8","norge","opplevelse","region","reise","teambuilding","tur","varhaug"],"articleSection":["Gruppetilbod"],"inLanguage":"nn-NO"},{"@type":"WebPage","@id":"https:\/\/www.jaermuseet.no\/vitengarden\/ystepikene-og-eit-godt-maltid-pa-vitengarden\/","url":"https:\/\/www.jaermuseet.no\/vitengarden\/ystepikene-og-eit-godt-maltid-pa-vitengarden\/","name":"Ystepikene og eit godt m\u00e5ltid p\u00e5 Vitengarden - Vitengarden","isPartOf":{"@id":"https:\/\/www.jaermuseet.no\/vitengarden\/#website"},"primaryImageOfPage":{"@id":"https:\/\/www.jaermuseet.no\/vitengarden\/ystepikene-og-eit-godt-maltid-pa-vitengarden\/#primaryimage"},"image":{"@id":"https:\/\/www.jaermuseet.no\/vitengarden\/ystepikene-og-eit-godt-maltid-pa-vitengarden\/#primaryimage"},"thumbnailUrl":"https:\/\/www.jaermuseet.no\/vitengarden\/wp-content\/uploads\/sites\/11\/2021\/05\/Ysteterrasse-matfat-uai-810x540-2.jpg","datePublished":"2021-05-11T11:52:11+00:00","dateModified":"2024-06-28T05:39:42+00:00","author":{"@id":"https:\/\/www.jaermuseet.no\/vitengarden\/#\/schema\/person\/ac022bcc14f020945a1d11c7b825c8f2"},"description":"Pakketilbud med unike opplevelser p\u00e5 J\u00e6ren tilpasset for grupper. F\u00e5 tilrettelagt en tur som dere vil huske lenge enten det er sammen med familie, venner eller kollegaer.","breadcrumb":{"@id":"https:\/\/www.jaermuseet.no\/vitengarden\/ystepikene-og-eit-godt-maltid-pa-vitengarden\/#breadcrumb"},"inLanguage":"nn-NO","potentialAction":[{"@type":"ReadAction","target":["https:\/\/www.jaermuseet.no\/vitengarden\/ystepikene-og-eit-godt-maltid-pa-vitengarden\/"]}]},{"@type":"ImageObject","inLanguage":"nn-NO","@id":"https:\/\/www.jaermuseet.no\/vitengarden\/ystepikene-og-eit-godt-maltid-pa-vitengarden\/#primaryimage","url":"https:\/\/www.jaermuseet.no\/vitengarden\/wp-content\/uploads\/sites\/11\/2021\/05\/Ysteterrasse-matfat-uai-810x540-2.jpg","contentUrl":"https:\/\/www.jaermuseet.no\/vitengarden\/wp-content\/uploads\/sites\/11\/2021\/05\/Ysteterrasse-matfat-uai-810x540-2.jpg","width":810,"height":540},{"@type":"BreadcrumbList","@id":"https:\/\/www.jaermuseet.no\/vitengarden\/ystepikene-og-eit-godt-maltid-pa-vitengarden\/#breadcrumb","itemListElement":[{"@type":"ListItem","position":1,"name":"Heim","item":"https:\/\/www.jaermuseet.no\/vitengarden\/"},{"@type":"ListItem","position":2,"name":"Ystepikene og eit godt m\u00e5ltid p\u00e5 Vitengarden"}]},{"@type":"WebSite","@id":"https:\/\/www.jaermuseet.no\/vitengarden\/#website","url":"https:\/\/www.jaermuseet.no\/vitengarden\/","name":"Vitengarden","description":"Take part in science and history with new and engaging methods","potentialAction":[{"@type":"SearchAction","target":{"@type":"EntryPoint","urlTemplate":"https:\/\/www.jaermuseet.no\/vitengarden\/?s={search_term_string}"},"query-input":{"@type":"PropertyValueSpecification","valueRequired":true,"valueName":"search_term_string"}}],"inLanguage":"nn-NO"},{"@type":"Person","@id":"https:\/\/www.jaermuseet.no\/vitengarden\/#\/schema\/person\/ac022bcc14f020945a1d11c7b825c8f2","name":"Vitengarden","image":{"@type":"ImageObject","inLanguage":"nn-NO","@id":"https:\/\/secure.gravatar.com\/avatar\/05ab667a03e4e22dc7bcffff9bbbdd8fc37f1f5acdd02907e510909ad5b0fd27?s=96&d=mm&r=g","url":"https:\/\/secure.gravatar.com\/avatar\/05ab667a03e4e22dc7bcffff9bbbdd8fc37f1f5acdd02907e510909ad5b0fd27?s=96&d=mm&r=g","contentUrl":"https:\/\/secure.gravatar.com\/avatar\/05ab667a03e4e22dc7bcffff9bbbdd8fc37f1f5acdd02907e510909ad5b0fd27?s=96&d=mm&r=g","caption":"Vitengarden"},"url":"https:\/\/www.jaermuseet.no\/vitengarden\/author\/vitengarden\/"}]}},"cc_featured_image_caption":{"caption_text":"","source_text":"","source_url":""},"jetpack_featured_media_url":"https:\/\/www.jaermuseet.no\/vitengarden\/wp-content\/uploads\/sites\/11\/2021\/05\/Ysteterrasse-matfat-uai-810x540-2.jpg","jetpack_sharing_enabled":true,"_links":{"self":[{"href":"https:\/\/www.jaermuseet.no\/vitengarden\/wp-json\/wp\/v2\/posts\/4685","targetHints":{"allow":["GET"]}}],"collection":[{"href":"https:\/\/www.jaermuseet.no\/vitengarden\/wp-json\/wp\/v2\/posts"}],"about":[{"href":"https:\/\/www.jaermuseet.no\/vitengarden\/wp-json\/wp\/v2\/types\/post"}],"author":[{"embeddable":true,"href":"https:\/\/www.jaermuseet.no\/vitengarden\/wp-json\/wp\/v2\/users\/10"}],"replies":[{"embeddable":true,"href":"https:\/\/www.jaermuseet.no\/vitengarden\/wp-json\/wp\/v2\/comments?post=4685"}],"version-history":[{"count":30,"href":"https:\/\/www.jaermuseet.no\/vitengarden\/wp-json\/wp\/v2\/posts\/4685\/revisions"}],"predecessor-version":[{"id":9279,"href":"https:\/\/www.jaermuseet.no\/vitengarden\/wp-json\/wp\/v2\/posts\/4685\/revisions\/9279"}],"wp:featuredmedia":[{"embeddable":true,"href":"https:\/\/www.jaermuseet.no\/vitengarden\/wp-json\/wp\/v2\/media\/4731"}],"wp:attachment":[{"href":"https:\/\/www.jaermuseet.no\/vitengarden\/wp-json\/wp\/v2\/media?parent=4685"}],"wp:term":[{"taxonomy":"category","embeddable":true,"href":"https:\/\/www.jaermuseet.no\/vitengarden\/wp-json\/wp\/v2\/categories?post=4685"},{"taxonomy":"post_tag","embeddable":true,"href":"https:\/\/www.jaermuseet.no\/vitengarden\/wp-json\/wp\/v2\/tags?post=4685"}],"curies":[{"name":"wp","href":"https:\/\/api.w.org\/{rel}","templated":true}]}}