{"id":3710,"date":"2020-03-05T09:57:11","date_gmt":"2020-03-05T07:57:11","guid":{"rendered":"https:\/\/www.jaermuseet.no\/vitengarden\/?p=3710"},"modified":"2020-03-05T09:57:11","modified_gmt":"2020-03-05T07:57:11","slug":"eksperimentdagar-for-5-og-6-aringar-28-29-og-30-april-pa-vitengarden","status":"publish","type":"post","link":"https:\/\/www.jaermuseet.no\/vitengarden\/eksperimentdagar-for-5-og-6-aringar-28-29-og-30-april-pa-vitengarden\/","title":{"rendered":"Eksperimentdagar for 5 og 6 \u00e5ringar, 28, 29 og 30 april p\u00e5 Vitengarden."},"content":{"rendered":"<p>Eksperimentdagen er eit tilbod til dei eldste ungane i barnehagane. Det er ein dag me arrangerer \u00e5rleg med eksperiment og aktivitetar inne og ute p\u00e5 Vitengarden. Me delar opp i 6 grupper, 3 grupper inne og 3 grupper ute og deltek p\u00e5 stasjonar rundt p\u00e5 anlegget. Kvar stasjon har ein aktivitet som varar 20 minutt og ein har 10 minutt til \u00e5 flytta seg til neste, s\u00e5 kvar halvtime startar ein p\u00e5 ny stasjon. Etter lunsj kjem dei 3 gruppene som har vore ute, inn og dei 3 gruppene som har vore inne kler seg og g\u00e5r ut, s\u00e5 alle f\u00e5r delta p\u00e5 alle 6 eksperimenta og aktivitetane.<\/p>\n<p>Programmet startar kl 09.30, det er lunsj mellom kl 11.00- 12.00 og programmet er slutt 13.30<br \/>\nTa med mat sj\u00f8lv.<br \/>\nPris: 750,- (H\u00e5 kommune har eigen avtale)<br \/>\nGrunna stor p\u00e5gang i fjor har me i \u00e5r utvida til 3 dagar og de kan sj\u00f8lve velja kva dag de vil melda dykk p\u00e5. De kan velja mellom tysdag 28. april, onsdag 29. april eller torsdag 30. april Det vert same opplegg alle 3 dagar. Me har sett eit tak p\u00e5 kor mange me kan ha kvar dag, s\u00e5 skulle ein av dagane verta full, m\u00e5 de velja ein annan.<\/p>\n<p>Det er veldig viktig \u00e5 hugse \u00e5 melda seg p\u00e5! For at dagane skal bli\u00a0best mogleg, er me n\u00f8ye med\u00a0organiseringa, d\u00e5 det nyttar ikkje \u00e5 m\u00f8ta opp utan \u00e5 vera p\u00e5melde. Det er f\u00f8rste mann til m\u00f8lla som gjeld. P\u00e5meldingsfrist: 1. april<\/p>\n<p>P\u00e5melding <a href=\"https:\/\/www.netigate.se\/a\/s.aspx?s=861465X217068990X97023\">her<\/a>.<\/p>\n","protected":false},"excerpt":{"rendered":"<p>Eksperimentdagen er eit tilbod til dei eldste ungane i barnehagane&#8230;.<\/p>\n","protected":false},"author":10,"featured_media":3610,"comment_status":"closed","ping_status":"closed","sticky":false,"template":"","format":"standard","meta":{"_acf_changed":false,"_jetpack_memberships_contains_paid_content":false,"footnotes":""},"categories":[5],"tags":[],"class_list":["post-3710","post","type-post","status-publish","format-standard","has-post-thumbnail","hentry","category-nytt-fra-vitengarden","featured-image-size-large"],"acf":[],"yoast_head":"<!-- This site is optimized with the Yoast SEO plugin v27.4 - https:\/\/yoast.com\/product\/yoast-seo-wordpress\/ -->\n<title>Eksperimentdagar for 5 og 6 \u00e5ringar, 28, 29 og 30 april p\u00e5 Vitengarden. - Vitengarden<\/title>\n<meta name=\"robots\" content=\"index, follow, max-snippet:-1, max-image-preview:large, max-video-preview:-1\" \/>\n<link rel=\"canonical\" href=\"https:\/\/www.jaermuseet.no\/vitengarden\/eksperimentdagar-for-5-og-6-aringar-28-29-og-30-april-pa-vitengarden\/\" \/>\n<meta property=\"og:locale\" content=\"nn_NO\" \/>\n<meta property=\"og:type\" content=\"article\" \/>\n<meta property=\"og:title\" content=\"Eksperimentdagar for 5 og 6 \u00e5ringar, 28, 29 og 30 april p\u00e5 Vitengarden. - Vitengarden\" \/>\n<meta property=\"og:description\" content=\"Eksperimentdagen er eit tilbod til dei eldste ungane i barnehagane....\" \/>\n<meta property=\"og:url\" content=\"https:\/\/www.jaermuseet.no\/vitengarden\/eksperimentdagar-for-5-og-6-aringar-28-29-og-30-april-pa-vitengarden\/\" \/>\n<meta property=\"og:site_name\" content=\"Vitengarden\" \/>\n<meta property=\"article:published_time\" content=\"2020-03-05T07:57:11+00:00\" \/>\n<meta property=\"og:image\" content=\"https:\/\/www.jaermuseet.no\/vitengarden\/wp-content\/uploads\/sites\/11\/2020\/01\/20-Koding-godkjent-for-bruk-Far-Way-6712-e1583395001340.jpg\" \/>\n\t<meta property=\"og:image:width\" content=\"1000\" \/>\n\t<meta property=\"og:image:height\" content=\"1000\" \/>\n\t<meta property=\"og:image:type\" content=\"image\/jpeg\" \/>\n<meta name=\"author\" content=\"Vitengarden\" \/>\n<meta name=\"twitter:card\" content=\"summary_large_image\" \/>\n<meta name=\"twitter:label1\" content=\"Written by\" \/>\n\t<meta name=\"twitter:data1\" content=\"Vitengarden\" \/>\n\t<meta name=\"twitter:label2\" content=\"Est. reading time\" \/>\n\t<meta name=\"twitter:data2\" content=\"1 minutt\" \/>\n<script type=\"application\/ld+json\" class=\"yoast-schema-graph\">{\"@context\":\"https:\\\/\\\/schema.org\",\"@graph\":[{\"@type\":\"Article\",\"@id\":\"https:\\\/\\\/www.jaermuseet.no\\\/vitengarden\\\/eksperimentdagar-for-5-og-6-aringar-28-29-og-30-april-pa-vitengarden\\\/#article\",\"isPartOf\":{\"@id\":\"https:\\\/\\\/www.jaermuseet.no\\\/vitengarden\\\/eksperimentdagar-for-5-og-6-aringar-28-29-og-30-april-pa-vitengarden\\\/\"},\"author\":{\"name\":\"Vitengarden\",\"@id\":\"https:\\\/\\\/www.jaermuseet.no\\\/vitengarden\\\/#\\\/schema\\\/person\\\/ac022bcc14f020945a1d11c7b825c8f2\"},\"headline\":\"Eksperimentdagar for 5 og 6 \u00e5ringar, 28, 29 og 30 april p\u00e5 Vitengarden.\",\"datePublished\":\"2020-03-05T07:57:11+00:00\",\"mainEntityOfPage\":{\"@id\":\"https:\\\/\\\/www.jaermuseet.no\\\/vitengarden\\\/eksperimentdagar-for-5-og-6-aringar-28-29-og-30-april-pa-vitengarden\\\/\"},\"wordCount\":250,\"image\":{\"@id\":\"https:\\\/\\\/www.jaermuseet.no\\\/vitengarden\\\/eksperimentdagar-for-5-og-6-aringar-28-29-og-30-april-pa-vitengarden\\\/#primaryimage\"},\"thumbnailUrl\":\"https:\\\/\\\/www.jaermuseet.no\\\/vitengarden\\\/wp-content\\\/uploads\\\/sites\\\/11\\\/2020\\\/01\\\/20-Koding-godkjent-for-bruk-Far-Way-6712-e1583395001340.jpg\",\"articleSection\":[\"Nytt fr\u00e5 Vitengarden\"],\"inLanguage\":\"nn-NO\"},{\"@type\":\"WebPage\",\"@id\":\"https:\\\/\\\/www.jaermuseet.no\\\/vitengarden\\\/eksperimentdagar-for-5-og-6-aringar-28-29-og-30-april-pa-vitengarden\\\/\",\"url\":\"https:\\\/\\\/www.jaermuseet.no\\\/vitengarden\\\/eksperimentdagar-for-5-og-6-aringar-28-29-og-30-april-pa-vitengarden\\\/\",\"name\":\"Eksperimentdagar for 5 og 6 \u00e5ringar, 28, 29 og 30 april p\u00e5 Vitengarden. - Vitengarden\",\"isPartOf\":{\"@id\":\"https:\\\/\\\/www.jaermuseet.no\\\/vitengarden\\\/#website\"},\"primaryImageOfPage\":{\"@id\":\"https:\\\/\\\/www.jaermuseet.no\\\/vitengarden\\\/eksperimentdagar-for-5-og-6-aringar-28-29-og-30-april-pa-vitengarden\\\/#primaryimage\"},\"image\":{\"@id\":\"https:\\\/\\\/www.jaermuseet.no\\\/vitengarden\\\/eksperimentdagar-for-5-og-6-aringar-28-29-og-30-april-pa-vitengarden\\\/#primaryimage\"},\"thumbnailUrl\":\"https:\\\/\\\/www.jaermuseet.no\\\/vitengarden\\\/wp-content\\\/uploads\\\/sites\\\/11\\\/2020\\\/01\\\/20-Koding-godkjent-for-bruk-Far-Way-6712-e1583395001340.jpg\",\"datePublished\":\"2020-03-05T07:57:11+00:00\",\"author\":{\"@id\":\"https:\\\/\\\/www.jaermuseet.no\\\/vitengarden\\\/#\\\/schema\\\/person\\\/ac022bcc14f020945a1d11c7b825c8f2\"},\"breadcrumb\":{\"@id\":\"https:\\\/\\\/www.jaermuseet.no\\\/vitengarden\\\/eksperimentdagar-for-5-og-6-aringar-28-29-og-30-april-pa-vitengarden\\\/#breadcrumb\"},\"inLanguage\":\"nn-NO\",\"potentialAction\":[{\"@type\":\"ReadAction\",\"target\":[\"https:\\\/\\\/www.jaermuseet.no\\\/vitengarden\\\/eksperimentdagar-for-5-og-6-aringar-28-29-og-30-april-pa-vitengarden\\\/\"]}]},{\"@type\":\"ImageObject\",\"inLanguage\":\"nn-NO\",\"@id\":\"https:\\\/\\\/www.jaermuseet.no\\\/vitengarden\\\/eksperimentdagar-for-5-og-6-aringar-28-29-og-30-april-pa-vitengarden\\\/#primaryimage\",\"url\":\"https:\\\/\\\/www.jaermuseet.no\\\/vitengarden\\\/wp-content\\\/uploads\\\/sites\\\/11\\\/2020\\\/01\\\/20-Koding-godkjent-for-bruk-Far-Way-6712-e1583395001340.jpg\",\"contentUrl\":\"https:\\\/\\\/www.jaermuseet.no\\\/vitengarden\\\/wp-content\\\/uploads\\\/sites\\\/11\\\/2020\\\/01\\\/20-Koding-godkjent-for-bruk-Far-Way-6712-e1583395001340.jpg\",\"width\":1000,\"height\":1000,\"caption\":\"Foto: Rune Helliesen\"},{\"@type\":\"BreadcrumbList\",\"@id\":\"https:\\\/\\\/www.jaermuseet.no\\\/vitengarden\\\/eksperimentdagar-for-5-og-6-aringar-28-29-og-30-april-pa-vitengarden\\\/#breadcrumb\",\"itemListElement\":[{\"@type\":\"ListItem\",\"position\":1,\"name\":\"Heim\",\"item\":\"https:\\\/\\\/www.jaermuseet.no\\\/vitengarden\\\/\"},{\"@type\":\"ListItem\",\"position\":2,\"name\":\"Eksperimentdagar for 5 og 6 \u00e5ringar, 28, 29 og 30 april p\u00e5 Vitengarden.\"}]},{\"@type\":\"WebSite\",\"@id\":\"https:\\\/\\\/www.jaermuseet.no\\\/vitengarden\\\/#website\",\"url\":\"https:\\\/\\\/www.jaermuseet.no\\\/vitengarden\\\/\",\"name\":\"Vitengarden\",\"description\":\"Take part in science and history with new and engaging methods\",\"potentialAction\":[{\"@type\":\"SearchAction\",\"target\":{\"@type\":\"EntryPoint\",\"urlTemplate\":\"https:\\\/\\\/www.jaermuseet.no\\\/vitengarden\\\/?s={search_term_string}\"},\"query-input\":{\"@type\":\"PropertyValueSpecification\",\"valueRequired\":true,\"valueName\":\"search_term_string\"}}],\"inLanguage\":\"nn-NO\"},{\"@type\":\"Person\",\"@id\":\"https:\\\/\\\/www.jaermuseet.no\\\/vitengarden\\\/#\\\/schema\\\/person\\\/ac022bcc14f020945a1d11c7b825c8f2\",\"name\":\"Vitengarden\",\"image\":{\"@type\":\"ImageObject\",\"inLanguage\":\"nn-NO\",\"@id\":\"https:\\\/\\\/secure.gravatar.com\\\/avatar\\\/05ab667a03e4e22dc7bcffff9bbbdd8fc37f1f5acdd02907e510909ad5b0fd27?s=96&d=mm&r=g\",\"url\":\"https:\\\/\\\/secure.gravatar.com\\\/avatar\\\/05ab667a03e4e22dc7bcffff9bbbdd8fc37f1f5acdd02907e510909ad5b0fd27?s=96&d=mm&r=g\",\"contentUrl\":\"https:\\\/\\\/secure.gravatar.com\\\/avatar\\\/05ab667a03e4e22dc7bcffff9bbbdd8fc37f1f5acdd02907e510909ad5b0fd27?s=96&d=mm&r=g\",\"caption\":\"Vitengarden\"},\"url\":\"https:\\\/\\\/www.jaermuseet.no\\\/vitengarden\\\/author\\\/vitengarden\\\/\"}]}<\/script>\n<!-- \/ Yoast SEO plugin. -->","yoast_head_json":{"title":"Eksperimentdagar for 5 og 6 \u00e5ringar, 28, 29 og 30 april p\u00e5 Vitengarden. - Vitengarden","robots":{"index":"index","follow":"follow","max-snippet":"max-snippet:-1","max-image-preview":"max-image-preview:large","max-video-preview":"max-video-preview:-1"},"canonical":"https:\/\/www.jaermuseet.no\/vitengarden\/eksperimentdagar-for-5-og-6-aringar-28-29-og-30-april-pa-vitengarden\/","og_locale":"nn_NO","og_type":"article","og_title":"Eksperimentdagar for 5 og 6 \u00e5ringar, 28, 29 og 30 april p\u00e5 Vitengarden. - Vitengarden","og_description":"Eksperimentdagen er eit tilbod til dei eldste ungane i barnehagane....","og_url":"https:\/\/www.jaermuseet.no\/vitengarden\/eksperimentdagar-for-5-og-6-aringar-28-29-og-30-april-pa-vitengarden\/","og_site_name":"Vitengarden","article_published_time":"2020-03-05T07:57:11+00:00","og_image":[{"width":1000,"height":1000,"url":"https:\/\/www.jaermuseet.no\/vitengarden\/wp-content\/uploads\/sites\/11\/2020\/01\/20-Koding-godkjent-for-bruk-Far-Way-6712-e1583395001340.jpg","type":"image\/jpeg"}],"author":"Vitengarden","twitter_card":"summary_large_image","twitter_misc":{"Written by":"Vitengarden","Est. reading time":"1 minutt"},"schema":{"@context":"https:\/\/schema.org","@graph":[{"@type":"Article","@id":"https:\/\/www.jaermuseet.no\/vitengarden\/eksperimentdagar-for-5-og-6-aringar-28-29-og-30-april-pa-vitengarden\/#article","isPartOf":{"@id":"https:\/\/www.jaermuseet.no\/vitengarden\/eksperimentdagar-for-5-og-6-aringar-28-29-og-30-april-pa-vitengarden\/"},"author":{"name":"Vitengarden","@id":"https:\/\/www.jaermuseet.no\/vitengarden\/#\/schema\/person\/ac022bcc14f020945a1d11c7b825c8f2"},"headline":"Eksperimentdagar for 5 og 6 \u00e5ringar, 28, 29 og 30 april p\u00e5 Vitengarden.","datePublished":"2020-03-05T07:57:11+00:00","mainEntityOfPage":{"@id":"https:\/\/www.jaermuseet.no\/vitengarden\/eksperimentdagar-for-5-og-6-aringar-28-29-og-30-april-pa-vitengarden\/"},"wordCount":250,"image":{"@id":"https:\/\/www.jaermuseet.no\/vitengarden\/eksperimentdagar-for-5-og-6-aringar-28-29-og-30-april-pa-vitengarden\/#primaryimage"},"thumbnailUrl":"https:\/\/www.jaermuseet.no\/vitengarden\/wp-content\/uploads\/sites\/11\/2020\/01\/20-Koding-godkjent-for-bruk-Far-Way-6712-e1583395001340.jpg","articleSection":["Nytt fr\u00e5 Vitengarden"],"inLanguage":"nn-NO"},{"@type":"WebPage","@id":"https:\/\/www.jaermuseet.no\/vitengarden\/eksperimentdagar-for-5-og-6-aringar-28-29-og-30-april-pa-vitengarden\/","url":"https:\/\/www.jaermuseet.no\/vitengarden\/eksperimentdagar-for-5-og-6-aringar-28-29-og-30-april-pa-vitengarden\/","name":"Eksperimentdagar for 5 og 6 \u00e5ringar, 28, 29 og 30 april p\u00e5 Vitengarden. - Vitengarden","isPartOf":{"@id":"https:\/\/www.jaermuseet.no\/vitengarden\/#website"},"primaryImageOfPage":{"@id":"https:\/\/www.jaermuseet.no\/vitengarden\/eksperimentdagar-for-5-og-6-aringar-28-29-og-30-april-pa-vitengarden\/#primaryimage"},"image":{"@id":"https:\/\/www.jaermuseet.no\/vitengarden\/eksperimentdagar-for-5-og-6-aringar-28-29-og-30-april-pa-vitengarden\/#primaryimage"},"thumbnailUrl":"https:\/\/www.jaermuseet.no\/vitengarden\/wp-content\/uploads\/sites\/11\/2020\/01\/20-Koding-godkjent-for-bruk-Far-Way-6712-e1583395001340.jpg","datePublished":"2020-03-05T07:57:11+00:00","author":{"@id":"https:\/\/www.jaermuseet.no\/vitengarden\/#\/schema\/person\/ac022bcc14f020945a1d11c7b825c8f2"},"breadcrumb":{"@id":"https:\/\/www.jaermuseet.no\/vitengarden\/eksperimentdagar-for-5-og-6-aringar-28-29-og-30-april-pa-vitengarden\/#breadcrumb"},"inLanguage":"nn-NO","potentialAction":[{"@type":"ReadAction","target":["https:\/\/www.jaermuseet.no\/vitengarden\/eksperimentdagar-for-5-og-6-aringar-28-29-og-30-april-pa-vitengarden\/"]}]},{"@type":"ImageObject","inLanguage":"nn-NO","@id":"https:\/\/www.jaermuseet.no\/vitengarden\/eksperimentdagar-for-5-og-6-aringar-28-29-og-30-april-pa-vitengarden\/#primaryimage","url":"https:\/\/www.jaermuseet.no\/vitengarden\/wp-content\/uploads\/sites\/11\/2020\/01\/20-Koding-godkjent-for-bruk-Far-Way-6712-e1583395001340.jpg","contentUrl":"https:\/\/www.jaermuseet.no\/vitengarden\/wp-content\/uploads\/sites\/11\/2020\/01\/20-Koding-godkjent-for-bruk-Far-Way-6712-e1583395001340.jpg","width":1000,"height":1000,"caption":"Foto: Rune Helliesen"},{"@type":"BreadcrumbList","@id":"https:\/\/www.jaermuseet.no\/vitengarden\/eksperimentdagar-for-5-og-6-aringar-28-29-og-30-april-pa-vitengarden\/#breadcrumb","itemListElement":[{"@type":"ListItem","position":1,"name":"Heim","item":"https:\/\/www.jaermuseet.no\/vitengarden\/"},{"@type":"ListItem","position":2,"name":"Eksperimentdagar for 5 og 6 \u00e5ringar, 28, 29 og 30 april p\u00e5 Vitengarden."}]},{"@type":"WebSite","@id":"https:\/\/www.jaermuseet.no\/vitengarden\/#website","url":"https:\/\/www.jaermuseet.no\/vitengarden\/","name":"Vitengarden","description":"Take part in science and history with new and engaging methods","potentialAction":[{"@type":"SearchAction","target":{"@type":"EntryPoint","urlTemplate":"https:\/\/www.jaermuseet.no\/vitengarden\/?s={search_term_string}"},"query-input":{"@type":"PropertyValueSpecification","valueRequired":true,"valueName":"search_term_string"}}],"inLanguage":"nn-NO"},{"@type":"Person","@id":"https:\/\/www.jaermuseet.no\/vitengarden\/#\/schema\/person\/ac022bcc14f020945a1d11c7b825c8f2","name":"Vitengarden","image":{"@type":"ImageObject","inLanguage":"nn-NO","@id":"https:\/\/secure.gravatar.com\/avatar\/05ab667a03e4e22dc7bcffff9bbbdd8fc37f1f5acdd02907e510909ad5b0fd27?s=96&d=mm&r=g","url":"https:\/\/secure.gravatar.com\/avatar\/05ab667a03e4e22dc7bcffff9bbbdd8fc37f1f5acdd02907e510909ad5b0fd27?s=96&d=mm&r=g","contentUrl":"https:\/\/secure.gravatar.com\/avatar\/05ab667a03e4e22dc7bcffff9bbbdd8fc37f1f5acdd02907e510909ad5b0fd27?s=96&d=mm&r=g","caption":"Vitengarden"},"url":"https:\/\/www.jaermuseet.no\/vitengarden\/author\/vitengarden\/"}]}},"cc_featured_image_caption":{"caption_text":"","source_text":"","source_url":""},"jetpack_featured_media_url":"https:\/\/www.jaermuseet.no\/vitengarden\/wp-content\/uploads\/sites\/11\/2020\/01\/20-Koding-godkjent-for-bruk-Far-Way-6712-e1583395001340.jpg","jetpack_sharing_enabled":true,"_links":{"self":[{"href":"https:\/\/www.jaermuseet.no\/vitengarden\/wp-json\/wp\/v2\/posts\/3710","targetHints":{"allow":["GET"]}}],"collection":[{"href":"https:\/\/www.jaermuseet.no\/vitengarden\/wp-json\/wp\/v2\/posts"}],"about":[{"href":"https:\/\/www.jaermuseet.no\/vitengarden\/wp-json\/wp\/v2\/types\/post"}],"author":[{"embeddable":true,"href":"https:\/\/www.jaermuseet.no\/vitengarden\/wp-json\/wp\/v2\/users\/10"}],"replies":[{"embeddable":true,"href":"https:\/\/www.jaermuseet.no\/vitengarden\/wp-json\/wp\/v2\/comments?post=3710"}],"version-history":[{"count":1,"href":"https:\/\/www.jaermuseet.no\/vitengarden\/wp-json\/wp\/v2\/posts\/3710\/revisions"}],"predecessor-version":[{"id":3711,"href":"https:\/\/www.jaermuseet.no\/vitengarden\/wp-json\/wp\/v2\/posts\/3710\/revisions\/3711"}],"wp:featuredmedia":[{"embeddable":true,"href":"https:\/\/www.jaermuseet.no\/vitengarden\/wp-json\/wp\/v2\/media\/3610"}],"wp:attachment":[{"href":"https:\/\/www.jaermuseet.no\/vitengarden\/wp-json\/wp\/v2\/media?parent=3710"}],"wp:term":[{"taxonomy":"category","embeddable":true,"href":"https:\/\/www.jaermuseet.no\/vitengarden\/wp-json\/wp\/v2\/categories?post=3710"},{"taxonomy":"post_tag","embeddable":true,"href":"https:\/\/www.jaermuseet.no\/vitengarden\/wp-json\/wp\/v2\/tags?post=3710"}],"curies":[{"name":"wp","href":"https:\/\/api.w.org\/{rel}","templated":true}]}}