{"id":3337,"date":"2019-05-31T10:38:07","date_gmt":"2019-05-31T08:38:07","guid":{"rendered":"https:\/\/www.jaermuseet.no\/vitengarden\/?p=3337"},"modified":"2020-08-19T09:24:36","modified_gmt":"2020-08-19T07:24:36","slug":"opnar-ny-utstilling-sauen","status":"publish","type":"post","link":"https:\/\/www.jaermuseet.no\/vitengarden\/opnar-ny-utstilling-sauen\/","title":{"rendered":"SAUEN"},"content":{"rendered":"<p>Utstillinga \u00abSauen\u00bb er ei permanent utstilling p\u00e5 Vitengarden. Bakgrunnen for utstillinga er ein 200-\u00e5r gammal tradisjon med \u00e5 f\u00f8re sauer til h\u00f8gheiene om sommaren. I dag kjem dyra fr\u00e5 kysten av Randaberg i vest til Grimstad i aust, dei blir f\u00f8rt til fjellet i Rogaland og Agder medan gjetarane\/heiasjefane kjem hovudsakleg fr\u00e5 J\u00e6ren. Det er ein levande tradisjon som har klart \u00e5 omstille seg etter endringar i samfunnet, og den er unik for denne delen av landet. Tilsvarande ordningar fins i landa kring Middelhavet, men er der under sterkt press.<\/p>\n<p>Heiaf\u00f8ringa er eit gode for sauen, og for dei delane av folket som ikkje er i kontakt med landbruksn\u00e6ringa; dyra held utmarka open og legg slik til rette for allmenn ferdsel, det gjeld b\u00e5de i h\u00f8g- og l\u00e5gheiene. Dessutan sikrar ordninga at vi beheld kulturlandskapet og dei biologiske verdiane det representerer. Dette er ei ordning det er god grunn til \u00e5 feire i ei tid der avstanden mellom bonde og forbrukar er veksande, og det blir stilt sp\u00f8rsm\u00e5l ved sauen sine klimagassutslepp. Vi vil at publikum skal reflektere over dette husdyret sin plass i menneska sine liv i ein lang tidshorisont og kva plass dyret skal ha i Norge i framtida. M\u00e5lgrupper er barn og ei vaksen allmenn publikumsgruppe.<\/p>\n<p><strong>Utstillinga har fire ulike soner:<\/strong><\/p>\n<ol>\n<li>Ein sm\u00e5feklinikk, der barn tek p\u00e5 seg rolla som veterin\u00e6r, unders\u00f8ker sauer og lam og stiller diagnosar. Deretter m\u00e5 dyra behandlast. Treng dei antibiotika? M\u00e5 f\u00f8tene bandasjerast? Eller kan dei rett og slett aldri verta friske?<\/li>\n<li>Heiaf\u00f8ringa og \u00e5rssyklusen saman med sauen i samtid og fortid fortald gjennom foto. Bygger p\u00e5 materiale samla inn av museet nyleg, p\u00e5 byrjinga av 1990-talet og eldre historisk materiale i samarbeid med J\u00e6ren Smalelag, heiasjefar og saueb\u00f8nder i distriktet, lokale lag av Sau og geit, frivillige som driv trening av gjetarhundar, n\u00e6ringsmiddelindustrien og mange andre.<\/li>\n<li>Sauen og sauehaldet tolka av filmkunstnar Anne Helen Robberstad, ein st\u00f8rre kunstinstallasjon.<\/li>\n<li>Hundre ting om sauen. Gjennom museumsgjenstandar og andre ting formidlar me sauen sin plass i v\u00e5r kultur.<\/li>\n<\/ol>\n<p>Vitengarden tek imot grupper p\u00e5 dag- og kveldstid og s\u00f8rger for god servering, omvising og m\u00f8terom om det er behov for det.<\/p>\n<p>Her er nokre glimt fr\u00e5 opninga av utstillinga:<\/p>\n<div class=\"tiled-gallery type-rectangular tiled-gallery-unresized\" data-original-width=\"500\" data-carousel-extra='null' itemscope itemtype=\"http:\/\/schema.org\/ImageGallery\" > <div class=\"gallery-row\" style=\"width: 500px; height: 251px;\" data-original-width=\"500\" data-original-height=\"251\" > <div class=\"gallery-group images-1\" style=\"width: 347px; height: 251px;\" data-original-width=\"347\" data-original-height=\"251\" > <div class=\"tiled-gallery-item tiled-gallery-item-large\" itemprop=\"associatedMedia\" itemscope itemtype=\"http:\/\/schema.org\/ImageObject\"> <a href=\"https:\/\/www.jaermuseet.no\/vitengarden\/opnar-ny-utstilling-sauen\/20190603-opning-sauen-foto-rune-helliesen-14\/\" border=\"0\" itemprop=\"url\"> <meta itemprop=\"width\" content=\"343\"> <meta itemprop=\"height\" content=\"247\"> <img decoding=\"async\" class=\"\" data-attachment-id=\"3354\" data-orig-file=\"https:\/\/www.jaermuseet.no\/vitengarden\/wp-content\/uploads\/sites\/11\/2019\/05\/20190603-Opning-SAUEN-foto-Rune-Helliesen-14.jpg\" data-orig-size=\"2400,1727\" data-comments-opened=\"\" data-image-meta=\"{&quot;aperture&quot;:&quot;2&quot;,&quot;credit&quot;:&quot;Rune Helliesen&quot;,&quot;camera&quot;:&quot;Canon EOS R&quot;,&quot;caption&quot;:&quot;&quot;,&quot;created_timestamp&quot;:&quot;1559568967&quot;,&quot;copyright&quot;:&quot;Fotograf Rune Helliesen&quot;,&quot;focal_length&quot;:&quot;50&quot;,&quot;iso&quot;:&quot;2000&quot;,&quot;shutter_speed&quot;:&quot;0.001&quot;,&quot;title&quot;:&quot;&quot;,&quot;orientation&quot;:&quot;0&quot;}\" data-image-title=\"20190603 Opning SAUEN foto Rune Helliesen (14)\" data-image-description=\"\" data-medium-file=\"https:\/\/www.jaermuseet.no\/vitengarden\/wp-content\/uploads\/sites\/11\/2019\/05\/20190603-Opning-SAUEN-foto-Rune-Helliesen-14-300x216.jpg\" data-large-file=\"https:\/\/www.jaermuseet.no\/vitengarden\/wp-content\/uploads\/sites\/11\/2019\/05\/20190603-Opning-SAUEN-foto-Rune-Helliesen-14-1024x737.jpg\" src=\"https:\/\/i0.wp.com\/www.jaermuseet.no\/vitengarden\/wp-content\/uploads\/sites\/11\/2019\/05\/20190603-Opning-SAUEN-foto-Rune-Helliesen-14.jpg?w=343&#038;h=247&#038;ssl=1\" srcset=\"https:\/\/www.jaermuseet.no\/vitengarden\/wp-content\/uploads\/sites\/11\/2019\/05\/20190603-Opning-SAUEN-foto-Rune-Helliesen-14.jpg 2400w, https:\/\/www.jaermuseet.no\/vitengarden\/wp-content\/uploads\/sites\/11\/2019\/05\/20190603-Opning-SAUEN-foto-Rune-Helliesen-14-300x216.jpg 300w, https:\/\/www.jaermuseet.no\/vitengarden\/wp-content\/uploads\/sites\/11\/2019\/05\/20190603-Opning-SAUEN-foto-Rune-Helliesen-14-1024x737.jpg 1024w, https:\/\/www.jaermuseet.no\/vitengarden\/wp-content\/uploads\/sites\/11\/2019\/05\/20190603-Opning-SAUEN-foto-Rune-Helliesen-14-250x180.jpg 250w\" width=\"343\" height=\"247\" loading=\"lazy\" data-original-width=\"343\" data-original-height=\"247\" itemprop=\"http:\/\/schema.org\/image\" title=\"20190603 Opning SAUEN foto Rune Helliesen (14)\" alt=\"Foto: Rune Helliesen \/ J\u00e6rmuseet\" style=\"width: 343px; height: 247px;\" \/> <\/a> <div class=\"tiled-gallery-caption\" itemprop=\"caption description\"> Foto: Rune Helliesen \/ J\u00e6rmuseet <\/div> <\/div> <\/div> <!-- close group --> <div class=\"gallery-group images-2\" style=\"width: 153px; height: 251px;\" data-original-width=\"153\" data-original-height=\"251\" > <div class=\"tiled-gallery-item tiled-gallery-item-small\" itemprop=\"associatedMedia\" itemscope itemtype=\"http:\/\/schema.org\/ImageObject\"> <a href=\"https:\/\/www.jaermuseet.no\/vitengarden\/opnar-ny-utstilling-sauen\/20190603-opning-sauen-foto-rune-helliesen-3\/\" border=\"0\" itemprop=\"url\"> <meta itemprop=\"width\" content=\"149\"> <meta itemprop=\"height\" content=\"138\"> <img decoding=\"async\" class=\"\" data-attachment-id=\"3343\" data-orig-file=\"https:\/\/www.jaermuseet.no\/vitengarden\/wp-content\/uploads\/sites\/11\/2019\/05\/20190603-Opning-SAUEN-foto-Rune-Helliesen-3.jpg\" data-orig-size=\"2400,2215\" data-comments-opened=\"\" data-image-meta=\"{&quot;aperture&quot;:&quot;4.5&quot;,&quot;credit&quot;:&quot;Rune Helliesen&quot;,&quot;camera&quot;:&quot;Canon EOS R&quot;,&quot;caption&quot;:&quot;&quot;,&quot;created_timestamp&quot;:&quot;1559565990&quot;,&quot;copyright&quot;:&quot;Fotograf Rune Helliesen&quot;,&quot;focal_length&quot;:&quot;50&quot;,&quot;iso&quot;:&quot;1000&quot;,&quot;shutter_speed&quot;:&quot;0.004&quot;,&quot;title&quot;:&quot;&quot;,&quot;orientation&quot;:&quot;0&quot;}\" data-image-title=\"20190603 Opning SAUEN foto Rune Helliesen (3)\" data-image-description=\"\" data-medium-file=\"https:\/\/www.jaermuseet.no\/vitengarden\/wp-content\/uploads\/sites\/11\/2019\/05\/20190603-Opning-SAUEN-foto-Rune-Helliesen-3-300x277.jpg\" data-large-file=\"https:\/\/www.jaermuseet.no\/vitengarden\/wp-content\/uploads\/sites\/11\/2019\/05\/20190603-Opning-SAUEN-foto-Rune-Helliesen-3-1024x945.jpg\" src=\"https:\/\/i0.wp.com\/www.jaermuseet.no\/vitengarden\/wp-content\/uploads\/sites\/11\/2019\/05\/20190603-Opning-SAUEN-foto-Rune-Helliesen-3.jpg?w=149&#038;h=138&#038;ssl=1\" srcset=\"https:\/\/www.jaermuseet.no\/vitengarden\/wp-content\/uploads\/sites\/11\/2019\/05\/20190603-Opning-SAUEN-foto-Rune-Helliesen-3.jpg 2400w, https:\/\/www.jaermuseet.no\/vitengarden\/wp-content\/uploads\/sites\/11\/2019\/05\/20190603-Opning-SAUEN-foto-Rune-Helliesen-3-300x277.jpg 300w, https:\/\/www.jaermuseet.no\/vitengarden\/wp-content\/uploads\/sites\/11\/2019\/05\/20190603-Opning-SAUEN-foto-Rune-Helliesen-3-1024x945.jpg 1024w, https:\/\/www.jaermuseet.no\/vitengarden\/wp-content\/uploads\/sites\/11\/2019\/05\/20190603-Opning-SAUEN-foto-Rune-Helliesen-3-250x231.jpg 250w\" width=\"149\" height=\"138\" loading=\"lazy\" data-original-width=\"149\" data-original-height=\"138\" itemprop=\"http:\/\/schema.org\/image\" title=\"20190603 Opning SAUEN foto Rune Helliesen (3)\" alt=\"Foto: Rune Helliesen \/ J\u00e6rmuseet\" style=\"width: 149px; height: 138px;\" \/> <\/a> <div class=\"tiled-gallery-caption\" itemprop=\"caption description\"> Foto: Rune Helliesen \/ J\u00e6rmuseet <\/div> <\/div> <div class=\"tiled-gallery-item tiled-gallery-item-small\" itemprop=\"associatedMedia\" itemscope itemtype=\"http:\/\/schema.org\/ImageObject\"> <a href=\"https:\/\/www.jaermuseet.no\/vitengarden\/opnar-ny-utstilling-sauen\/20190603-opning-sauen-foto-rune-helliesen-23\/\" border=\"0\" itemprop=\"url\"> <meta itemprop=\"width\" content=\"149\"> <meta itemprop=\"height\" content=\"105\"> <img decoding=\"async\" class=\"\" data-attachment-id=\"3363\" data-orig-file=\"https:\/\/www.jaermuseet.no\/vitengarden\/wp-content\/uploads\/sites\/11\/2019\/05\/20190603-Opning-SAUEN-foto-Rune-Helliesen-23.jpg\" data-orig-size=\"2400,1682\" data-comments-opened=\"\" data-image-meta=\"{&quot;aperture&quot;:&quot;5.6&quot;,&quot;credit&quot;:&quot;Rune Helliesen&quot;,&quot;camera&quot;:&quot;Canon EOS 5D Mark IV&quot;,&quot;caption&quot;:&quot;&quot;,&quot;created_timestamp&quot;:&quot;1559571426&quot;,&quot;copyright&quot;:&quot;All Rights Reserved&quot;,&quot;focal_length&quot;:&quot;16&quot;,&quot;iso&quot;:&quot;1000&quot;,&quot;shutter_speed&quot;:&quot;0.004&quot;,&quot;title&quot;:&quot;&quot;,&quot;orientation&quot;:&quot;0&quot;}\" data-image-title=\"20190603 Opning SAUEN foto Rune Helliesen (23)\" data-image-description=\"\" data-medium-file=\"https:\/\/www.jaermuseet.no\/vitengarden\/wp-content\/uploads\/sites\/11\/2019\/05\/20190603-Opning-SAUEN-foto-Rune-Helliesen-23-300x210.jpg\" data-large-file=\"https:\/\/www.jaermuseet.no\/vitengarden\/wp-content\/uploads\/sites\/11\/2019\/05\/20190603-Opning-SAUEN-foto-Rune-Helliesen-23-1024x718.jpg\" src=\"https:\/\/i0.wp.com\/www.jaermuseet.no\/vitengarden\/wp-content\/uploads\/sites\/11\/2019\/05\/20190603-Opning-SAUEN-foto-Rune-Helliesen-23.jpg?w=149&#038;h=105&#038;ssl=1\" srcset=\"https:\/\/www.jaermuseet.no\/vitengarden\/wp-content\/uploads\/sites\/11\/2019\/05\/20190603-Opning-SAUEN-foto-Rune-Helliesen-23.jpg 2400w, https:\/\/www.jaermuseet.no\/vitengarden\/wp-content\/uploads\/sites\/11\/2019\/05\/20190603-Opning-SAUEN-foto-Rune-Helliesen-23-300x210.jpg 300w, https:\/\/www.jaermuseet.no\/vitengarden\/wp-content\/uploads\/sites\/11\/2019\/05\/20190603-Opning-SAUEN-foto-Rune-Helliesen-23-1024x718.jpg 1024w, https:\/\/www.jaermuseet.no\/vitengarden\/wp-content\/uploads\/sites\/11\/2019\/05\/20190603-Opning-SAUEN-foto-Rune-Helliesen-23-250x175.jpg 250w, https:\/\/www.jaermuseet.no\/vitengarden\/wp-content\/uploads\/sites\/11\/2019\/05\/20190603-Opning-SAUEN-foto-Rune-Helliesen-23-400x280.jpg 400w\" width=\"149\" height=\"105\" loading=\"lazy\" data-original-width=\"149\" data-original-height=\"105\" itemprop=\"http:\/\/schema.org\/image\" title=\"20190603 Opning SAUEN foto Rune Helliesen (23)\" alt=\"Foto: Rune Helliesen \/ J\u00e6rmuseet\" style=\"width: 149px; height: 105px;\" \/> <\/a> <div class=\"tiled-gallery-caption\" itemprop=\"caption description\"> Foto: Rune Helliesen \/ J\u00e6rmuseet <\/div> <\/div> <\/div> <!-- close group --> <\/div> <!-- close row --> <div class=\"gallery-row\" style=\"width: 500px; height: 324px;\" data-original-width=\"500\" data-original-height=\"324\" > <div class=\"gallery-group images-2\" style=\"width: 222px; height: 324px;\" data-original-width=\"222\" data-original-height=\"324\" > <div class=\"tiled-gallery-item tiled-gallery-item-small\" itemprop=\"associatedMedia\" itemscope itemtype=\"http:\/\/schema.org\/ImageObject\"> <a href=\"https:\/\/www.jaermuseet.no\/vitengarden\/opnar-ny-utstilling-sauen\/20190603-opning-sauen-foto-rune-helliesen-9\/\" border=\"0\" itemprop=\"url\"> <meta itemprop=\"width\" content=\"218\"> <meta itemprop=\"height\" content=\"171\"> <img decoding=\"async\" class=\"\" data-attachment-id=\"3349\" data-orig-file=\"https:\/\/www.jaermuseet.no\/vitengarden\/wp-content\/uploads\/sites\/11\/2019\/05\/20190603-Opning-SAUEN-foto-Rune-Helliesen-9.jpg\" data-orig-size=\"2400,1882\" data-comments-opened=\"\" data-image-meta=\"{&quot;aperture&quot;:&quot;3.5&quot;,&quot;credit&quot;:&quot;Rune Helliesen&quot;,&quot;camera&quot;:&quot;Canon EOS R&quot;,&quot;caption&quot;:&quot;&quot;,&quot;created_timestamp&quot;:&quot;1559566919&quot;,&quot;copyright&quot;:&quot;Fotograf Rune Helliesen&quot;,&quot;focal_length&quot;:&quot;50&quot;,&quot;iso&quot;:&quot;2000&quot;,&quot;shutter_speed&quot;:&quot;0.004&quot;,&quot;title&quot;:&quot;&quot;,&quot;orientation&quot;:&quot;0&quot;}\" data-image-title=\"20190603 Opning SAUEN foto Rune Helliesen (9)\" data-image-description=\"\" data-medium-file=\"https:\/\/www.jaermuseet.no\/vitengarden\/wp-content\/uploads\/sites\/11\/2019\/05\/20190603-Opning-SAUEN-foto-Rune-Helliesen-9-300x235.jpg\" data-large-file=\"https:\/\/www.jaermuseet.no\/vitengarden\/wp-content\/uploads\/sites\/11\/2019\/05\/20190603-Opning-SAUEN-foto-Rune-Helliesen-9-1024x803.jpg\" src=\"https:\/\/i0.wp.com\/www.jaermuseet.no\/vitengarden\/wp-content\/uploads\/sites\/11\/2019\/05\/20190603-Opning-SAUEN-foto-Rune-Helliesen-9.jpg?w=218&#038;h=171&#038;ssl=1\" srcset=\"https:\/\/www.jaermuseet.no\/vitengarden\/wp-content\/uploads\/sites\/11\/2019\/05\/20190603-Opning-SAUEN-foto-Rune-Helliesen-9.jpg 2400w, https:\/\/www.jaermuseet.no\/vitengarden\/wp-content\/uploads\/sites\/11\/2019\/05\/20190603-Opning-SAUEN-foto-Rune-Helliesen-9-300x235.jpg 300w, https:\/\/www.jaermuseet.no\/vitengarden\/wp-content\/uploads\/sites\/11\/2019\/05\/20190603-Opning-SAUEN-foto-Rune-Helliesen-9-1024x803.jpg 1024w, https:\/\/www.jaermuseet.no\/vitengarden\/wp-content\/uploads\/sites\/11\/2019\/05\/20190603-Opning-SAUEN-foto-Rune-Helliesen-9-250x196.jpg 250w\" width=\"218\" height=\"171\" loading=\"lazy\" data-original-width=\"218\" data-original-height=\"171\" itemprop=\"http:\/\/schema.org\/image\" title=\"20190603 Opning SAUEN foto Rune Helliesen (9)\" alt=\"Foto: Rune Helliesen \/ J\u00e6rmuseet\" style=\"width: 218px; height: 171px;\" \/> <\/a> <div class=\"tiled-gallery-caption\" itemprop=\"caption description\"> Foto: Rune Helliesen \/ J\u00e6rmuseet <\/div> <\/div> <div class=\"tiled-gallery-item tiled-gallery-item-small\" itemprop=\"associatedMedia\" itemscope itemtype=\"http:\/\/schema.org\/ImageObject\"> <a href=\"https:\/\/www.jaermuseet.no\/vitengarden\/opnar-ny-utstilling-sauen\/20190603-opning-sauen-foto-rune-helliesen-11\/\" border=\"0\" itemprop=\"url\"> <meta itemprop=\"width\" content=\"218\"> <meta itemprop=\"height\" content=\"145\"> <img decoding=\"async\" class=\"\" data-attachment-id=\"3351\" data-orig-file=\"https:\/\/www.jaermuseet.no\/vitengarden\/wp-content\/uploads\/sites\/11\/2019\/05\/20190603-Opning-SAUEN-foto-Rune-Helliesen-11.jpg\" data-orig-size=\"2400,1600\" data-comments-opened=\"\" data-image-meta=\"{&quot;aperture&quot;:&quot;2&quot;,&quot;credit&quot;:&quot;Rune Helliesen&quot;,&quot;camera&quot;:&quot;Canon EOS R&quot;,&quot;caption&quot;:&quot;&quot;,&quot;created_timestamp&quot;:&quot;1559567528&quot;,&quot;copyright&quot;:&quot;Fotograf Rune Helliesen&quot;,&quot;focal_length&quot;:&quot;50&quot;,&quot;iso&quot;:&quot;2000&quot;,&quot;shutter_speed&quot;:&quot;0.00125&quot;,&quot;title&quot;:&quot;&quot;,&quot;orientation&quot;:&quot;0&quot;}\" data-image-title=\"20190603 Opning SAUEN foto Rune Helliesen (11)\" data-image-description=\"\" data-medium-file=\"https:\/\/www.jaermuseet.no\/vitengarden\/wp-content\/uploads\/sites\/11\/2019\/05\/20190603-Opning-SAUEN-foto-Rune-Helliesen-11-300x200.jpg\" data-large-file=\"https:\/\/www.jaermuseet.no\/vitengarden\/wp-content\/uploads\/sites\/11\/2019\/05\/20190603-Opning-SAUEN-foto-Rune-Helliesen-11-1024x683.jpg\" src=\"https:\/\/i0.wp.com\/www.jaermuseet.no\/vitengarden\/wp-content\/uploads\/sites\/11\/2019\/05\/20190603-Opning-SAUEN-foto-Rune-Helliesen-11.jpg?w=218&#038;h=145&#038;ssl=1\" srcset=\"https:\/\/www.jaermuseet.no\/vitengarden\/wp-content\/uploads\/sites\/11\/2019\/05\/20190603-Opning-SAUEN-foto-Rune-Helliesen-11.jpg 2400w, https:\/\/www.jaermuseet.no\/vitengarden\/wp-content\/uploads\/sites\/11\/2019\/05\/20190603-Opning-SAUEN-foto-Rune-Helliesen-11-300x200.jpg 300w, https:\/\/www.jaermuseet.no\/vitengarden\/wp-content\/uploads\/sites\/11\/2019\/05\/20190603-Opning-SAUEN-foto-Rune-Helliesen-11-1024x683.jpg 1024w, https:\/\/www.jaermuseet.no\/vitengarden\/wp-content\/uploads\/sites\/11\/2019\/05\/20190603-Opning-SAUEN-foto-Rune-Helliesen-11-250x167.jpg 250w\" width=\"218\" height=\"145\" loading=\"lazy\" data-original-width=\"218\" data-original-height=\"145\" itemprop=\"http:\/\/schema.org\/image\" title=\"20190603 Opning SAUEN foto Rune Helliesen (11)\" alt=\"Foto: Rune Helliesen \/ J\u00e6rmuseet\" style=\"width: 218px; height: 145px;\" \/> <\/a> <div class=\"tiled-gallery-caption\" itemprop=\"caption description\"> Foto: Rune Helliesen \/ J\u00e6rmuseet <\/div> <\/div> <\/div> <!-- close group --> <div class=\"gallery-group images-1\" style=\"width: 278px; height: 324px;\" data-original-width=\"278\" data-original-height=\"324\" > <div class=\"tiled-gallery-item tiled-gallery-item-large\" itemprop=\"associatedMedia\" itemscope itemtype=\"http:\/\/schema.org\/ImageObject\"> <a href=\"https:\/\/www.jaermuseet.no\/vitengarden\/opnar-ny-utstilling-sauen\/20190603-opning-sauen-foto-rune-helliesen-8\/\" border=\"0\" itemprop=\"url\"> <meta itemprop=\"width\" content=\"274\"> <meta itemprop=\"height\" content=\"320\"> <img decoding=\"async\" class=\"\" data-attachment-id=\"3348\" data-orig-file=\"https:\/\/www.jaermuseet.no\/vitengarden\/wp-content\/uploads\/sites\/11\/2019\/05\/20190603-Opning-SAUEN-foto-Rune-Helliesen-8.jpg\" data-orig-size=\"2051,2400\" data-comments-opened=\"\" data-image-meta=\"{&quot;aperture&quot;:&quot;2.8&quot;,&quot;credit&quot;:&quot;Rune Helliesen&quot;,&quot;camera&quot;:&quot;Canon EOS R&quot;,&quot;caption&quot;:&quot;&quot;,&quot;created_timestamp&quot;:&quot;1559566838&quot;,&quot;copyright&quot;:&quot;Fotograf Rune Helliesen&quot;,&quot;focal_length&quot;:&quot;50&quot;,&quot;iso&quot;:&quot;2000&quot;,&quot;shutter_speed&quot;:&quot;0.004&quot;,&quot;title&quot;:&quot;&quot;,&quot;orientation&quot;:&quot;0&quot;}\" data-image-title=\"20190603 Opning SAUEN foto Rune Helliesen (8)\" data-image-description=\"\" data-medium-file=\"https:\/\/www.jaermuseet.no\/vitengarden\/wp-content\/uploads\/sites\/11\/2019\/05\/20190603-Opning-SAUEN-foto-Rune-Helliesen-8-256x300.jpg\" data-large-file=\"https:\/\/www.jaermuseet.no\/vitengarden\/wp-content\/uploads\/sites\/11\/2019\/05\/20190603-Opning-SAUEN-foto-Rune-Helliesen-8-875x1024.jpg\" src=\"https:\/\/i0.wp.com\/www.jaermuseet.no\/vitengarden\/wp-content\/uploads\/sites\/11\/2019\/05\/20190603-Opning-SAUEN-foto-Rune-Helliesen-8.jpg?w=274&#038;h=320&#038;ssl=1\" srcset=\"https:\/\/www.jaermuseet.no\/vitengarden\/wp-content\/uploads\/sites\/11\/2019\/05\/20190603-Opning-SAUEN-foto-Rune-Helliesen-8.jpg 2051w, https:\/\/www.jaermuseet.no\/vitengarden\/wp-content\/uploads\/sites\/11\/2019\/05\/20190603-Opning-SAUEN-foto-Rune-Helliesen-8-256x300.jpg 256w, https:\/\/www.jaermuseet.no\/vitengarden\/wp-content\/uploads\/sites\/11\/2019\/05\/20190603-Opning-SAUEN-foto-Rune-Helliesen-8-875x1024.jpg 875w, https:\/\/www.jaermuseet.no\/vitengarden\/wp-content\/uploads\/sites\/11\/2019\/05\/20190603-Opning-SAUEN-foto-Rune-Helliesen-8-250x293.jpg 250w\" width=\"274\" height=\"320\" loading=\"lazy\" data-original-width=\"274\" data-original-height=\"320\" itemprop=\"http:\/\/schema.org\/image\" title=\"20190603 Opning SAUEN foto Rune Helliesen (8)\" alt=\"Foto: Rune Helliesen \/ J\u00e6rmuseet\" style=\"width: 274px; height: 320px;\" \/> <\/a> <div class=\"tiled-gallery-caption\" itemprop=\"caption description\"> Foto: Rune Helliesen \/ J\u00e6rmuseet <\/div> <\/div> <\/div> <!-- close group --> <\/div> <!-- close row --> <div class=\"gallery-row\" style=\"width: 500px; height: 176px;\" data-original-width=\"500\" data-original-height=\"176\" > <div class=\"gallery-group images-1\" style=\"width: 238px; height: 176px;\" data-original-width=\"238\" data-original-height=\"176\" > <div class=\"tiled-gallery-item tiled-gallery-item-small\" itemprop=\"associatedMedia\" itemscope itemtype=\"http:\/\/schema.org\/ImageObject\"> <a href=\"https:\/\/www.jaermuseet.no\/vitengarden\/opnar-ny-utstilling-sauen\/20190603-opning-sauen-foto-rune-helliesen-10\/\" border=\"0\" itemprop=\"url\"> <meta itemprop=\"width\" content=\"234\"> <meta itemprop=\"height\" content=\"172\"> <img decoding=\"async\" class=\"\" data-attachment-id=\"3350\" data-orig-file=\"https:\/\/www.jaermuseet.no\/vitengarden\/wp-content\/uploads\/sites\/11\/2019\/05\/20190603-Opning-SAUEN-foto-Rune-Helliesen-10.jpg\" data-orig-size=\"2400,1771\" data-comments-opened=\"\" data-image-meta=\"{&quot;aperture&quot;:&quot;1.8&quot;,&quot;credit&quot;:&quot;Rune Helliesen&quot;,&quot;camera&quot;:&quot;Canon EOS R&quot;,&quot;caption&quot;:&quot;&quot;,&quot;created_timestamp&quot;:&quot;1559567370&quot;,&quot;copyright&quot;:&quot;Fotograf Rune Helliesen&quot;,&quot;focal_length&quot;:&quot;50&quot;,&quot;iso&quot;:&quot;2000&quot;,&quot;shutter_speed&quot;:&quot;0.00125&quot;,&quot;title&quot;:&quot;&quot;,&quot;orientation&quot;:&quot;0&quot;}\" data-image-title=\"20190603 Opning SAUEN foto Rune Helliesen (10)\" data-image-description=\"\" data-medium-file=\"https:\/\/www.jaermuseet.no\/vitengarden\/wp-content\/uploads\/sites\/11\/2019\/05\/20190603-Opning-SAUEN-foto-Rune-Helliesen-10-300x221.jpg\" data-large-file=\"https:\/\/www.jaermuseet.no\/vitengarden\/wp-content\/uploads\/sites\/11\/2019\/05\/20190603-Opning-SAUEN-foto-Rune-Helliesen-10-1024x756.jpg\" src=\"https:\/\/i0.wp.com\/www.jaermuseet.no\/vitengarden\/wp-content\/uploads\/sites\/11\/2019\/05\/20190603-Opning-SAUEN-foto-Rune-Helliesen-10.jpg?w=234&#038;h=172&#038;ssl=1\" srcset=\"https:\/\/www.jaermuseet.no\/vitengarden\/wp-content\/uploads\/sites\/11\/2019\/05\/20190603-Opning-SAUEN-foto-Rune-Helliesen-10.jpg 2400w, https:\/\/www.jaermuseet.no\/vitengarden\/wp-content\/uploads\/sites\/11\/2019\/05\/20190603-Opning-SAUEN-foto-Rune-Helliesen-10-300x221.jpg 300w, https:\/\/www.jaermuseet.no\/vitengarden\/wp-content\/uploads\/sites\/11\/2019\/05\/20190603-Opning-SAUEN-foto-Rune-Helliesen-10-1024x756.jpg 1024w, https:\/\/www.jaermuseet.no\/vitengarden\/wp-content\/uploads\/sites\/11\/2019\/05\/20190603-Opning-SAUEN-foto-Rune-Helliesen-10-250x184.jpg 250w\" width=\"234\" height=\"172\" loading=\"lazy\" data-original-width=\"234\" data-original-height=\"172\" itemprop=\"http:\/\/schema.org\/image\" title=\"20190603 Opning SAUEN foto Rune Helliesen (10)\" alt=\"Foto: Rune Helliesen \/ J\u00e6rmuseet\" style=\"width: 234px; height: 172px;\" \/> <\/a> <div class=\"tiled-gallery-caption\" itemprop=\"caption description\"> Foto: Rune Helliesen \/ J\u00e6rmuseet <\/div> <\/div> <\/div> <!-- close group --> <div class=\"gallery-group images-1\" style=\"width: 262px; height: 176px;\" data-original-width=\"262\" data-original-height=\"176\" > <div class=\"tiled-gallery-item tiled-gallery-item-large\" itemprop=\"associatedMedia\" itemscope itemtype=\"http:\/\/schema.org\/ImageObject\"> <a href=\"https:\/\/www.jaermuseet.no\/vitengarden\/opnar-ny-utstilling-sauen\/20190603-opning-sauen-foto-rune-helliesen-12\/\" border=\"0\" itemprop=\"url\"> <meta itemprop=\"width\" content=\"258\"> <meta itemprop=\"height\" content=\"172\"> <img decoding=\"async\" class=\"\" data-attachment-id=\"3352\" data-orig-file=\"https:\/\/www.jaermuseet.no\/vitengarden\/wp-content\/uploads\/sites\/11\/2019\/05\/20190603-Opning-SAUEN-foto-Rune-Helliesen-12.jpg\" data-orig-size=\"2400,1600\" data-comments-opened=\"\" data-image-meta=\"{&quot;aperture&quot;:&quot;2&quot;,&quot;credit&quot;:&quot;Rune Helliesen&quot;,&quot;camera&quot;:&quot;Canon EOS R&quot;,&quot;caption&quot;:&quot;&quot;,&quot;created_timestamp&quot;:&quot;1559567552&quot;,&quot;copyright&quot;:&quot;Fotograf Rune Helliesen&quot;,&quot;focal_length&quot;:&quot;50&quot;,&quot;iso&quot;:&quot;2000&quot;,&quot;shutter_speed&quot;:&quot;0.0015625&quot;,&quot;title&quot;:&quot;&quot;,&quot;orientation&quot;:&quot;0&quot;}\" data-image-title=\"20190603 Opning SAUEN foto Rune Helliesen (12)\" data-image-description=\"\" data-medium-file=\"https:\/\/www.jaermuseet.no\/vitengarden\/wp-content\/uploads\/sites\/11\/2019\/05\/20190603-Opning-SAUEN-foto-Rune-Helliesen-12-300x200.jpg\" data-large-file=\"https:\/\/www.jaermuseet.no\/vitengarden\/wp-content\/uploads\/sites\/11\/2019\/05\/20190603-Opning-SAUEN-foto-Rune-Helliesen-12-1024x683.jpg\" src=\"https:\/\/i0.wp.com\/www.jaermuseet.no\/vitengarden\/wp-content\/uploads\/sites\/11\/2019\/05\/20190603-Opning-SAUEN-foto-Rune-Helliesen-12.jpg?w=258&#038;h=172&#038;ssl=1\" srcset=\"https:\/\/www.jaermuseet.no\/vitengarden\/wp-content\/uploads\/sites\/11\/2019\/05\/20190603-Opning-SAUEN-foto-Rune-Helliesen-12.jpg 2400w, https:\/\/www.jaermuseet.no\/vitengarden\/wp-content\/uploads\/sites\/11\/2019\/05\/20190603-Opning-SAUEN-foto-Rune-Helliesen-12-300x200.jpg 300w, https:\/\/www.jaermuseet.no\/vitengarden\/wp-content\/uploads\/sites\/11\/2019\/05\/20190603-Opning-SAUEN-foto-Rune-Helliesen-12-1024x683.jpg 1024w, https:\/\/www.jaermuseet.no\/vitengarden\/wp-content\/uploads\/sites\/11\/2019\/05\/20190603-Opning-SAUEN-foto-Rune-Helliesen-12-250x167.jpg 250w\" width=\"258\" height=\"172\" loading=\"lazy\" data-original-width=\"258\" data-original-height=\"172\" itemprop=\"http:\/\/schema.org\/image\" title=\"20190603 Opning SAUEN foto Rune Helliesen (12)\" alt=\"Foto: Rune Helliesen \/ J\u00e6rmuseet\" style=\"width: 258px; height: 172px;\" \/> <\/a> <div class=\"tiled-gallery-caption\" itemprop=\"caption description\"> Foto: Rune Helliesen \/ J\u00e6rmuseet <\/div> <\/div> <\/div> <!-- close group --> <\/div> <!-- close row --> <div class=\"gallery-row\" style=\"width: 500px; height: 438px;\" data-original-width=\"500\" data-original-height=\"438\" > <div class=\"gallery-group images-1\" style=\"width: 293px; height: 438px;\" data-original-width=\"293\" data-original-height=\"438\" > <div class=\"tiled-gallery-item tiled-gallery-item-large\" itemprop=\"associatedMedia\" itemscope itemtype=\"http:\/\/schema.org\/ImageObject\"> <a href=\"https:\/\/www.jaermuseet.no\/vitengarden\/opnar-ny-utstilling-sauen\/20190603-opning-sauen-foto-rune-helliesen-13\/\" border=\"0\" itemprop=\"url\"> <meta itemprop=\"width\" content=\"289\"> <meta itemprop=\"height\" content=\"434\"> <img decoding=\"async\" class=\"\" data-attachment-id=\"3353\" data-orig-file=\"https:\/\/www.jaermuseet.no\/vitengarden\/wp-content\/uploads\/sites\/11\/2019\/05\/20190603-Opning-SAUEN-foto-Rune-Helliesen-13.jpg\" data-orig-size=\"1600,2400\" data-comments-opened=\"\" data-image-meta=\"{&quot;aperture&quot;:&quot;2&quot;,&quot;credit&quot;:&quot;Rune Helliesen&quot;,&quot;camera&quot;:&quot;Canon EOS R&quot;,&quot;caption&quot;:&quot;&quot;,&quot;created_timestamp&quot;:&quot;1559567647&quot;,&quot;copyright&quot;:&quot;Fotograf Rune Helliesen&quot;,&quot;focal_length&quot;:&quot;50&quot;,&quot;iso&quot;:&quot;2000&quot;,&quot;shutter_speed&quot;:&quot;0.000625&quot;,&quot;title&quot;:&quot;&quot;,&quot;orientation&quot;:&quot;0&quot;}\" data-image-title=\"20190603 Opning SAUEN foto Rune Helliesen (13)\" data-image-description=\"\" data-medium-file=\"https:\/\/www.jaermuseet.no\/vitengarden\/wp-content\/uploads\/sites\/11\/2019\/05\/20190603-Opning-SAUEN-foto-Rune-Helliesen-13-200x300.jpg\" data-large-file=\"https:\/\/www.jaermuseet.no\/vitengarden\/wp-content\/uploads\/sites\/11\/2019\/05\/20190603-Opning-SAUEN-foto-Rune-Helliesen-13-683x1024.jpg\" src=\"https:\/\/i0.wp.com\/www.jaermuseet.no\/vitengarden\/wp-content\/uploads\/sites\/11\/2019\/05\/20190603-Opning-SAUEN-foto-Rune-Helliesen-13.jpg?w=289&#038;h=434&#038;ssl=1\" srcset=\"https:\/\/www.jaermuseet.no\/vitengarden\/wp-content\/uploads\/sites\/11\/2019\/05\/20190603-Opning-SAUEN-foto-Rune-Helliesen-13.jpg 1600w, https:\/\/www.jaermuseet.no\/vitengarden\/wp-content\/uploads\/sites\/11\/2019\/05\/20190603-Opning-SAUEN-foto-Rune-Helliesen-13-200x300.jpg 200w, https:\/\/www.jaermuseet.no\/vitengarden\/wp-content\/uploads\/sites\/11\/2019\/05\/20190603-Opning-SAUEN-foto-Rune-Helliesen-13-683x1024.jpg 683w, https:\/\/www.jaermuseet.no\/vitengarden\/wp-content\/uploads\/sites\/11\/2019\/05\/20190603-Opning-SAUEN-foto-Rune-Helliesen-13-250x375.jpg 250w\" width=\"289\" height=\"434\" loading=\"lazy\" data-original-width=\"289\" data-original-height=\"434\" itemprop=\"http:\/\/schema.org\/image\" title=\"20190603 Opning SAUEN foto Rune Helliesen (13)\" alt=\"Foto: Rune Helliesen \/ J\u00e6rmuseet\" style=\"width: 289px; height: 434px;\" \/> <\/a> <div class=\"tiled-gallery-caption\" itemprop=\"caption description\"> Foto: Rune Helliesen \/ J\u00e6rmuseet <\/div> <\/div> <\/div> <!-- close group --> <div class=\"gallery-group images-3\" style=\"width: 207px; height: 438px;\" data-original-width=\"207\" data-original-height=\"438\" > <div class=\"tiled-gallery-item tiled-gallery-item-small\" itemprop=\"associatedMedia\" itemscope itemtype=\"http:\/\/schema.org\/ImageObject\"> <a href=\"https:\/\/www.jaermuseet.no\/vitengarden\/opnar-ny-utstilling-sauen\/20190603-opning-sauen-foto-rune-helliesen-28\/\" border=\"0\" itemprop=\"url\"> <meta itemprop=\"width\" content=\"203\"> <meta itemprop=\"height\" content=\"203\"> <img decoding=\"async\" class=\"\" data-attachment-id=\"3368\" data-orig-file=\"https:\/\/www.jaermuseet.no\/vitengarden\/wp-content\/uploads\/sites\/11\/2019\/05\/20190603-Opning-SAUEN-foto-Rune-Helliesen-28.jpg\" data-orig-size=\"2400,2400\" data-comments-opened=\"\" data-image-meta=\"{&quot;aperture&quot;:&quot;2.8&quot;,&quot;credit&quot;:&quot;Rune Helliesen&quot;,&quot;camera&quot;:&quot;Canon EOS R&quot;,&quot;caption&quot;:&quot;&quot;,&quot;created_timestamp&quot;:&quot;1559562246&quot;,&quot;copyright&quot;:&quot;Fotograf Rune Helliesen&quot;,&quot;focal_length&quot;:&quot;50&quot;,&quot;iso&quot;:&quot;2000&quot;,&quot;shutter_speed&quot;:&quot;0.003125&quot;,&quot;title&quot;:&quot;&quot;,&quot;orientation&quot;:&quot;0&quot;}\" data-image-title=\"20190603 Opning SAUEN foto Rune Helliesen (28)\" data-image-description=\"\" data-medium-file=\"https:\/\/www.jaermuseet.no\/vitengarden\/wp-content\/uploads\/sites\/11\/2019\/05\/20190603-Opning-SAUEN-foto-Rune-Helliesen-28-300x300.jpg\" data-large-file=\"https:\/\/www.jaermuseet.no\/vitengarden\/wp-content\/uploads\/sites\/11\/2019\/05\/20190603-Opning-SAUEN-foto-Rune-Helliesen-28-1024x1024.jpg\" src=\"https:\/\/i0.wp.com\/www.jaermuseet.no\/vitengarden\/wp-content\/uploads\/sites\/11\/2019\/05\/20190603-Opning-SAUEN-foto-Rune-Helliesen-28.jpg?w=203&#038;h=203&#038;crop=1&#038;ssl=1\" srcset=\"https:\/\/www.jaermuseet.no\/vitengarden\/wp-content\/uploads\/sites\/11\/2019\/05\/20190603-Opning-SAUEN-foto-Rune-Helliesen-28.jpg 2400w, https:\/\/www.jaermuseet.no\/vitengarden\/wp-content\/uploads\/sites\/11\/2019\/05\/20190603-Opning-SAUEN-foto-Rune-Helliesen-28-150x150.jpg 150w, https:\/\/www.jaermuseet.no\/vitengarden\/wp-content\/uploads\/sites\/11\/2019\/05\/20190603-Opning-SAUEN-foto-Rune-Helliesen-28-300x300.jpg 300w, https:\/\/www.jaermuseet.no\/vitengarden\/wp-content\/uploads\/sites\/11\/2019\/05\/20190603-Opning-SAUEN-foto-Rune-Helliesen-28-1024x1024.jpg 1024w, https:\/\/www.jaermuseet.no\/vitengarden\/wp-content\/uploads\/sites\/11\/2019\/05\/20190603-Opning-SAUEN-foto-Rune-Helliesen-28-250x250.jpg 250w\" width=\"203\" height=\"203\" loading=\"lazy\" data-original-width=\"203\" data-original-height=\"203\" itemprop=\"http:\/\/schema.org\/image\" title=\"20190603 Opning SAUEN foto Rune Helliesen (28)\" alt=\"Foto: Rune Helliesen \/ J\u00e6rmuseet\" style=\"width: 203px; height: 203px;\" \/> <\/a> <div class=\"tiled-gallery-caption\" itemprop=\"caption description\"> Foto: Rune Helliesen \/ J\u00e6rmuseet <\/div> <\/div> <div class=\"tiled-gallery-item tiled-gallery-item-small\" itemprop=\"associatedMedia\" itemscope itemtype=\"http:\/\/schema.org\/ImageObject\"> <a href=\"https:\/\/www.jaermuseet.no\/vitengarden\/opnar-ny-utstilling-sauen\/20190603-opning-sauen-foto-rune-helliesen-20\/\" border=\"0\" itemprop=\"url\"> <meta itemprop=\"width\" content=\"203\"> <meta itemprop=\"height\" content=\"111\"> <img decoding=\"async\" class=\"\" data-attachment-id=\"3360\" data-orig-file=\"https:\/\/www.jaermuseet.no\/vitengarden\/wp-content\/uploads\/sites\/11\/2019\/05\/20190603-Opning-SAUEN-foto-Rune-Helliesen-20.jpg\" data-orig-size=\"2400,1319\" data-comments-opened=\"\" data-image-meta=\"{&quot;aperture&quot;:&quot;10&quot;,&quot;credit&quot;:&quot;Rune Helliesen&quot;,&quot;camera&quot;:&quot;Canon EOS 5D Mark IV&quot;,&quot;caption&quot;:&quot;&quot;,&quot;created_timestamp&quot;:&quot;1559569163&quot;,&quot;copyright&quot;:&quot;All Rights Reserved&quot;,&quot;focal_length&quot;:&quot;12&quot;,&quot;iso&quot;:&quot;2000&quot;,&quot;shutter_speed&quot;:&quot;0.2&quot;,&quot;title&quot;:&quot;&quot;,&quot;orientation&quot;:&quot;0&quot;}\" data-image-title=\"20190603 Opning SAUEN foto Rune Helliesen (20)\" data-image-description=\"\" data-medium-file=\"https:\/\/www.jaermuseet.no\/vitengarden\/wp-content\/uploads\/sites\/11\/2019\/05\/20190603-Opning-SAUEN-foto-Rune-Helliesen-20-300x165.jpg\" data-large-file=\"https:\/\/www.jaermuseet.no\/vitengarden\/wp-content\/uploads\/sites\/11\/2019\/05\/20190603-Opning-SAUEN-foto-Rune-Helliesen-20-1024x563.jpg\" src=\"https:\/\/i0.wp.com\/www.jaermuseet.no\/vitengarden\/wp-content\/uploads\/sites\/11\/2019\/05\/20190603-Opning-SAUEN-foto-Rune-Helliesen-20.jpg?w=203&#038;h=111&#038;ssl=1\" srcset=\"https:\/\/www.jaermuseet.no\/vitengarden\/wp-content\/uploads\/sites\/11\/2019\/05\/20190603-Opning-SAUEN-foto-Rune-Helliesen-20.jpg 2400w, https:\/\/www.jaermuseet.no\/vitengarden\/wp-content\/uploads\/sites\/11\/2019\/05\/20190603-Opning-SAUEN-foto-Rune-Helliesen-20-300x165.jpg 300w, https:\/\/www.jaermuseet.no\/vitengarden\/wp-content\/uploads\/sites\/11\/2019\/05\/20190603-Opning-SAUEN-foto-Rune-Helliesen-20-1024x563.jpg 1024w, https:\/\/www.jaermuseet.no\/vitengarden\/wp-content\/uploads\/sites\/11\/2019\/05\/20190603-Opning-SAUEN-foto-Rune-Helliesen-20-250x137.jpg 250w\" width=\"203\" height=\"111\" loading=\"lazy\" data-original-width=\"203\" data-original-height=\"111\" itemprop=\"http:\/\/schema.org\/image\" title=\"20190603 Opning SAUEN foto Rune Helliesen (20)\" alt=\"&quot;Sauen, gjetaren og hunden&quot; Foto: Rune Helliesen \/ J\u00e6rmuseet\" style=\"width: 203px; height: 111px;\" \/> <\/a> <div class=\"tiled-gallery-caption\" itemprop=\"caption description\"> &#8220;Sauen, gjetaren og hunden&#8221; Foto: Rune Helliesen \/ J\u00e6rmuseet <\/div> <\/div> <div class=\"tiled-gallery-item tiled-gallery-item-small\" itemprop=\"associatedMedia\" itemscope itemtype=\"http:\/\/schema.org\/ImageObject\"> <a href=\"https:\/\/www.jaermuseet.no\/vitengarden\/opnar-ny-utstilling-sauen\/20190603-opning-sauen-foto-rune-helliesen-22\/\" border=\"0\" itemprop=\"url\"> <meta itemprop=\"width\" content=\"203\"> <meta itemprop=\"height\" content=\"112\"> <img decoding=\"async\" class=\"\" data-attachment-id=\"3362\" data-orig-file=\"https:\/\/www.jaermuseet.no\/vitengarden\/wp-content\/uploads\/sites\/11\/2019\/05\/20190603-Opning-SAUEN-foto-Rune-Helliesen-22.jpg\" data-orig-size=\"2400,1324\" data-comments-opened=\"\" data-image-meta=\"{&quot;aperture&quot;:&quot;4&quot;,&quot;credit&quot;:&quot;Rune Helliesen&quot;,&quot;camera&quot;:&quot;Canon EOS 5D Mark IV&quot;,&quot;caption&quot;:&quot;&quot;,&quot;created_timestamp&quot;:&quot;1559569899&quot;,&quot;copyright&quot;:&quot;All Rights Reserved&quot;,&quot;focal_length&quot;:&quot;11&quot;,&quot;iso&quot;:&quot;2000&quot;,&quot;shutter_speed&quot;:&quot;0.125&quot;,&quot;title&quot;:&quot;&quot;,&quot;orientation&quot;:&quot;0&quot;}\" data-image-title=\"20190603 Opning SAUEN foto Rune Helliesen (22)\" data-image-description=\"\" data-medium-file=\"https:\/\/www.jaermuseet.no\/vitengarden\/wp-content\/uploads\/sites\/11\/2019\/05\/20190603-Opning-SAUEN-foto-Rune-Helliesen-22-300x166.jpg\" data-large-file=\"https:\/\/www.jaermuseet.no\/vitengarden\/wp-content\/uploads\/sites\/11\/2019\/05\/20190603-Opning-SAUEN-foto-Rune-Helliesen-22-1024x565.jpg\" src=\"https:\/\/i0.wp.com\/www.jaermuseet.no\/vitengarden\/wp-content\/uploads\/sites\/11\/2019\/05\/20190603-Opning-SAUEN-foto-Rune-Helliesen-22.jpg?w=203&#038;h=112&#038;ssl=1\" srcset=\"https:\/\/www.jaermuseet.no\/vitengarden\/wp-content\/uploads\/sites\/11\/2019\/05\/20190603-Opning-SAUEN-foto-Rune-Helliesen-22.jpg 2400w, https:\/\/www.jaermuseet.no\/vitengarden\/wp-content\/uploads\/sites\/11\/2019\/05\/20190603-Opning-SAUEN-foto-Rune-Helliesen-22-300x166.jpg 300w, https:\/\/www.jaermuseet.no\/vitengarden\/wp-content\/uploads\/sites\/11\/2019\/05\/20190603-Opning-SAUEN-foto-Rune-Helliesen-22-1024x565.jpg 1024w, https:\/\/www.jaermuseet.no\/vitengarden\/wp-content\/uploads\/sites\/11\/2019\/05\/20190603-Opning-SAUEN-foto-Rune-Helliesen-22-250x138.jpg 250w\" width=\"203\" height=\"112\" loading=\"lazy\" data-original-width=\"203\" data-original-height=\"112\" itemprop=\"http:\/\/schema.org\/image\" title=\"20190603 Opning SAUEN foto Rune Helliesen (22)\" alt=\"Foto: Rune Helliesen \/ J\u00e6rmuseet\" style=\"width: 203px; height: 112px;\" \/> <\/a> <div class=\"tiled-gallery-caption\" itemprop=\"caption description\"> Foto: Rune Helliesen \/ J\u00e6rmuseet <\/div> <\/div> <\/div> <!-- close group --> <\/div> <!-- close row --> <div class=\"gallery-row\" style=\"width: 500px; height: 153px;\" data-original-width=\"500\" data-original-height=\"153\" > <div class=\"gallery-group images-1\" style=\"width: 268px; height: 153px;\" data-original-width=\"268\" data-original-height=\"153\" > <div class=\"tiled-gallery-item tiled-gallery-item-large\" itemprop=\"associatedMedia\" itemscope itemtype=\"http:\/\/schema.org\/ImageObject\"> <a href=\"https:\/\/www.jaermuseet.no\/vitengarden\/opnar-ny-utstilling-sauen\/20190603-opning-sauen-foto-rune-helliesen-32\/\" border=\"0\" itemprop=\"url\"> <meta itemprop=\"width\" content=\"264\"> <meta itemprop=\"height\" content=\"149\"> <img decoding=\"async\" class=\"\" data-attachment-id=\"3372\" data-orig-file=\"https:\/\/www.jaermuseet.no\/vitengarden\/wp-content\/uploads\/sites\/11\/2019\/05\/20190603-Opning-SAUEN-foto-Rune-Helliesen-32.jpg\" data-orig-size=\"2400,1356\" data-comments-opened=\"\" data-image-meta=\"{&quot;aperture&quot;:&quot;1.2&quot;,&quot;credit&quot;:&quot;Rune Helliesen&quot;,&quot;camera&quot;:&quot;Canon EOS R&quot;,&quot;caption&quot;:&quot;&quot;,&quot;created_timestamp&quot;:&quot;1559564925&quot;,&quot;copyright&quot;:&quot;Fotograf Rune Helliesen&quot;,&quot;focal_length&quot;:&quot;50&quot;,&quot;iso&quot;:&quot;1000&quot;,&quot;shutter_speed&quot;:&quot;0.0003125&quot;,&quot;title&quot;:&quot;&quot;,&quot;orientation&quot;:&quot;0&quot;}\" data-image-title=\"20190603 Opning SAUEN foto Rune Helliesen (32)\" data-image-description=\"\" data-medium-file=\"https:\/\/www.jaermuseet.no\/vitengarden\/wp-content\/uploads\/sites\/11\/2019\/05\/20190603-Opning-SAUEN-foto-Rune-Helliesen-32-300x170.jpg\" data-large-file=\"https:\/\/www.jaermuseet.no\/vitengarden\/wp-content\/uploads\/sites\/11\/2019\/05\/20190603-Opning-SAUEN-foto-Rune-Helliesen-32-1024x579.jpg\" src=\"https:\/\/i0.wp.com\/www.jaermuseet.no\/vitengarden\/wp-content\/uploads\/sites\/11\/2019\/05\/20190603-Opning-SAUEN-foto-Rune-Helliesen-32.jpg?w=264&#038;h=149&#038;ssl=1\" srcset=\"https:\/\/www.jaermuseet.no\/vitengarden\/wp-content\/uploads\/sites\/11\/2019\/05\/20190603-Opning-SAUEN-foto-Rune-Helliesen-32.jpg 2400w, https:\/\/www.jaermuseet.no\/vitengarden\/wp-content\/uploads\/sites\/11\/2019\/05\/20190603-Opning-SAUEN-foto-Rune-Helliesen-32-300x170.jpg 300w, https:\/\/www.jaermuseet.no\/vitengarden\/wp-content\/uploads\/sites\/11\/2019\/05\/20190603-Opning-SAUEN-foto-Rune-Helliesen-32-1024x579.jpg 1024w, https:\/\/www.jaermuseet.no\/vitengarden\/wp-content\/uploads\/sites\/11\/2019\/05\/20190603-Opning-SAUEN-foto-Rune-Helliesen-32-250x141.jpg 250w\" width=\"264\" height=\"149\" loading=\"lazy\" data-original-width=\"264\" data-original-height=\"149\" itemprop=\"http:\/\/schema.org\/image\" title=\"20190603 Opning SAUEN foto Rune Helliesen (32)\" alt=\"20190603 Opning SAUEN foto Rune Helliesen (32)\" style=\"width: 264px; height: 149px;\" \/> <\/a> <\/div> <\/div> <!-- close group --> <div class=\"gallery-group images-1\" style=\"width: 232px; height: 153px;\" data-original-width=\"232\" data-original-height=\"153\" > <div class=\"tiled-gallery-item tiled-gallery-item-small\" itemprop=\"associatedMedia\" itemscope itemtype=\"http:\/\/schema.org\/ImageObject\"> <a href=\"https:\/\/www.jaermuseet.no\/vitengarden\/opnar-ny-utstilling-sauen\/20190603-opning-sauen-foto-rune-helliesen-31\/\" border=\"0\" itemprop=\"url\"> <meta itemprop=\"width\" content=\"228\"> <meta itemprop=\"height\" content=\"149\"> <img decoding=\"async\" class=\"\" data-attachment-id=\"3371\" data-orig-file=\"https:\/\/www.jaermuseet.no\/vitengarden\/wp-content\/uploads\/sites\/11\/2019\/05\/20190603-Opning-SAUEN-foto-Rune-Helliesen-31.jpg\" data-orig-size=\"2400,1568\" data-comments-opened=\"\" data-image-meta=\"{&quot;aperture&quot;:&quot;2&quot;,&quot;credit&quot;:&quot;Rune Helliesen&quot;,&quot;camera&quot;:&quot;Canon EOS R&quot;,&quot;caption&quot;:&quot;&quot;,&quot;created_timestamp&quot;:&quot;1559564880&quot;,&quot;copyright&quot;:&quot;Fotograf Rune Helliesen&quot;,&quot;focal_length&quot;:&quot;50&quot;,&quot;iso&quot;:&quot;1000&quot;,&quot;shutter_speed&quot;:&quot;0.0008&quot;,&quot;title&quot;:&quot;&quot;,&quot;orientation&quot;:&quot;0&quot;}\" data-image-title=\"20190603 Opning SAUEN foto Rune Helliesen (31)\" data-image-description=\"\" data-medium-file=\"https:\/\/www.jaermuseet.no\/vitengarden\/wp-content\/uploads\/sites\/11\/2019\/05\/20190603-Opning-SAUEN-foto-Rune-Helliesen-31-300x196.jpg\" data-large-file=\"https:\/\/www.jaermuseet.no\/vitengarden\/wp-content\/uploads\/sites\/11\/2019\/05\/20190603-Opning-SAUEN-foto-Rune-Helliesen-31-1024x669.jpg\" src=\"https:\/\/i0.wp.com\/www.jaermuseet.no\/vitengarden\/wp-content\/uploads\/sites\/11\/2019\/05\/20190603-Opning-SAUEN-foto-Rune-Helliesen-31.jpg?w=228&#038;h=149&#038;ssl=1\" srcset=\"https:\/\/www.jaermuseet.no\/vitengarden\/wp-content\/uploads\/sites\/11\/2019\/05\/20190603-Opning-SAUEN-foto-Rune-Helliesen-31.jpg 2400w, https:\/\/www.jaermuseet.no\/vitengarden\/wp-content\/uploads\/sites\/11\/2019\/05\/20190603-Opning-SAUEN-foto-Rune-Helliesen-31-300x196.jpg 300w, https:\/\/www.jaermuseet.no\/vitengarden\/wp-content\/uploads\/sites\/11\/2019\/05\/20190603-Opning-SAUEN-foto-Rune-Helliesen-31-1024x669.jpg 1024w, https:\/\/www.jaermuseet.no\/vitengarden\/wp-content\/uploads\/sites\/11\/2019\/05\/20190603-Opning-SAUEN-foto-Rune-Helliesen-31-250x163.jpg 250w, https:\/\/www.jaermuseet.no\/vitengarden\/wp-content\/uploads\/sites\/11\/2019\/05\/20190603-Opning-SAUEN-foto-Rune-Helliesen-31-800x520.jpg 800w\" width=\"228\" height=\"149\" loading=\"lazy\" data-original-width=\"228\" data-original-height=\"149\" itemprop=\"http:\/\/schema.org\/image\" title=\"20190603 Opning SAUEN foto Rune Helliesen (31)\" alt=\"Foto: Rune Helliesen \/ J\u00e6rmuseet\" style=\"width: 228px; height: 149px;\" \/> <\/a> <div class=\"tiled-gallery-caption\" itemprop=\"caption description\"> Foto: Rune Helliesen \/ J\u00e6rmuseet <\/div> <\/div> <\/div> <!-- close group --> <\/div> <!-- close row --> <div class=\"gallery-row\" style=\"width: 500px; height: 245px;\" data-original-width=\"500\" data-original-height=\"245\" > <div class=\"gallery-group images-1\" style=\"width: 320px; height: 245px;\" data-original-width=\"320\" data-original-height=\"245\" > <div class=\"tiled-gallery-item tiled-gallery-item-large\" itemprop=\"associatedMedia\" itemscope itemtype=\"http:\/\/schema.org\/ImageObject\"> <a href=\"https:\/\/www.jaermuseet.no\/vitengarden\/opnar-ny-utstilling-sauen\/20190603-opning-sauen-foto-rune-helliesen-1\/\" border=\"0\" itemprop=\"url\"> <meta itemprop=\"width\" content=\"316\"> <meta itemprop=\"height\" content=\"241\"> <img decoding=\"async\" class=\"\" data-attachment-id=\"3341\" data-orig-file=\"https:\/\/www.jaermuseet.no\/vitengarden\/wp-content\/uploads\/sites\/11\/2019\/05\/20190603-Opning-SAUEN-foto-Rune-Helliesen-1.jpg\" data-orig-size=\"2400,1829\" data-comments-opened=\"\" data-image-meta=\"{&quot;aperture&quot;:&quot;1.2&quot;,&quot;credit&quot;:&quot;Rune Helliesen&quot;,&quot;camera&quot;:&quot;Canon EOS R&quot;,&quot;caption&quot;:&quot;&quot;,&quot;created_timestamp&quot;:&quot;1559564954&quot;,&quot;copyright&quot;:&quot;Fotograf Rune Helliesen&quot;,&quot;focal_length&quot;:&quot;50&quot;,&quot;iso&quot;:&quot;1000&quot;,&quot;shutter_speed&quot;:&quot;0.0003125&quot;,&quot;title&quot;:&quot;&quot;,&quot;orientation&quot;:&quot;0&quot;}\" data-image-title=\"20190603 Opning SAUEN foto Rune Helliesen (1)\" data-image-description=\"\" data-medium-file=\"https:\/\/www.jaermuseet.no\/vitengarden\/wp-content\/uploads\/sites\/11\/2019\/05\/20190603-Opning-SAUEN-foto-Rune-Helliesen-1-300x229.jpg\" data-large-file=\"https:\/\/www.jaermuseet.no\/vitengarden\/wp-content\/uploads\/sites\/11\/2019\/05\/20190603-Opning-SAUEN-foto-Rune-Helliesen-1-1024x780.jpg\" src=\"https:\/\/i0.wp.com\/www.jaermuseet.no\/vitengarden\/wp-content\/uploads\/sites\/11\/2019\/05\/20190603-Opning-SAUEN-foto-Rune-Helliesen-1.jpg?w=316&#038;h=241&#038;ssl=1\" srcset=\"https:\/\/www.jaermuseet.no\/vitengarden\/wp-content\/uploads\/sites\/11\/2019\/05\/20190603-Opning-SAUEN-foto-Rune-Helliesen-1.jpg 2400w, https:\/\/www.jaermuseet.no\/vitengarden\/wp-content\/uploads\/sites\/11\/2019\/05\/20190603-Opning-SAUEN-foto-Rune-Helliesen-1-300x229.jpg 300w, https:\/\/www.jaermuseet.no\/vitengarden\/wp-content\/uploads\/sites\/11\/2019\/05\/20190603-Opning-SAUEN-foto-Rune-Helliesen-1-1024x780.jpg 1024w, https:\/\/www.jaermuseet.no\/vitengarden\/wp-content\/uploads\/sites\/11\/2019\/05\/20190603-Opning-SAUEN-foto-Rune-Helliesen-1-250x191.jpg 250w\" width=\"316\" height=\"241\" loading=\"lazy\" data-original-width=\"316\" data-original-height=\"241\" itemprop=\"http:\/\/schema.org\/image\" title=\"20190603 Opning SAUEN foto Rune Helliesen (1)\" alt=\"Foto: Rune Helliesen \/ J\u00e6rmuseet\" style=\"width: 316px; height: 241px;\" \/> <\/a> <div class=\"tiled-gallery-caption\" itemprop=\"caption description\"> Foto: Rune Helliesen \/ J\u00e6rmuseet <\/div> <\/div> <\/div> <!-- close group --> <div class=\"gallery-group images-2\" style=\"width: 180px; height: 245px;\" data-original-width=\"180\" data-original-height=\"245\" > <div class=\"tiled-gallery-item tiled-gallery-item-small\" itemprop=\"associatedMedia\" itemscope itemtype=\"http:\/\/schema.org\/ImageObject\"> <a href=\"https:\/\/www.jaermuseet.no\/vitengarden\/opnar-ny-utstilling-sauen\/20190603-opning-sauen-foto-rune-helliesen-15\/\" border=\"0\" itemprop=\"url\"> <meta itemprop=\"width\" content=\"176\"> <meta itemprop=\"height\" content=\"117\"> <img decoding=\"async\" class=\"\" data-attachment-id=\"3355\" data-orig-file=\"https:\/\/www.jaermuseet.no\/vitengarden\/wp-content\/uploads\/sites\/11\/2019\/05\/20190603-Opning-SAUEN-foto-Rune-Helliesen-15.jpg\" data-orig-size=\"2400,1600\" data-comments-opened=\"\" data-image-meta=\"{&quot;aperture&quot;:&quot;2.8&quot;,&quot;credit&quot;:&quot;Rune Helliesen&quot;,&quot;camera&quot;:&quot;Canon EOS R&quot;,&quot;caption&quot;:&quot;&quot;,&quot;created_timestamp&quot;:&quot;1559571084&quot;,&quot;copyright&quot;:&quot;Fotograf Rune Helliesen&quot;,&quot;focal_length&quot;:&quot;28&quot;,&quot;iso&quot;:&quot;2000&quot;,&quot;shutter_speed&quot;:&quot;0.00625&quot;,&quot;title&quot;:&quot;&quot;,&quot;orientation&quot;:&quot;0&quot;}\" data-image-title=\"20190603 Opning SAUEN foto Rune Helliesen (15)\" data-image-description=\"\" data-medium-file=\"https:\/\/www.jaermuseet.no\/vitengarden\/wp-content\/uploads\/sites\/11\/2019\/05\/20190603-Opning-SAUEN-foto-Rune-Helliesen-15-300x200.jpg\" data-large-file=\"https:\/\/www.jaermuseet.no\/vitengarden\/wp-content\/uploads\/sites\/11\/2019\/05\/20190603-Opning-SAUEN-foto-Rune-Helliesen-15-1024x683.jpg\" src=\"https:\/\/i0.wp.com\/www.jaermuseet.no\/vitengarden\/wp-content\/uploads\/sites\/11\/2019\/05\/20190603-Opning-SAUEN-foto-Rune-Helliesen-15.jpg?w=176&#038;h=117&#038;ssl=1\" srcset=\"https:\/\/www.jaermuseet.no\/vitengarden\/wp-content\/uploads\/sites\/11\/2019\/05\/20190603-Opning-SAUEN-foto-Rune-Helliesen-15.jpg 2400w, https:\/\/www.jaermuseet.no\/vitengarden\/wp-content\/uploads\/sites\/11\/2019\/05\/20190603-Opning-SAUEN-foto-Rune-Helliesen-15-300x200.jpg 300w, https:\/\/www.jaermuseet.no\/vitengarden\/wp-content\/uploads\/sites\/11\/2019\/05\/20190603-Opning-SAUEN-foto-Rune-Helliesen-15-1024x683.jpg 1024w, https:\/\/www.jaermuseet.no\/vitengarden\/wp-content\/uploads\/sites\/11\/2019\/05\/20190603-Opning-SAUEN-foto-Rune-Helliesen-15-250x167.jpg 250w\" width=\"176\" height=\"117\" loading=\"lazy\" data-original-width=\"176\" data-original-height=\"117\" itemprop=\"http:\/\/schema.org\/image\" title=\"20190603 Opning SAUEN foto Rune Helliesen (15)\" alt=\"Foto: Rune Helliesen \/ J\u00e6rmuseet\" style=\"width: 176px; height: 117px;\" \/> <\/a> <div class=\"tiled-gallery-caption\" itemprop=\"caption description\"> Foto: Rune Helliesen \/ J\u00e6rmuseet <\/div> <\/div> <div class=\"tiled-gallery-item tiled-gallery-item-small\" itemprop=\"associatedMedia\" itemscope itemtype=\"http:\/\/schema.org\/ImageObject\"> <a href=\"https:\/\/www.jaermuseet.no\/vitengarden\/opnar-ny-utstilling-sauen\/20190603-opning-sauen-foto-rune-helliesen-26\/\" border=\"0\" itemprop=\"url\"> <meta itemprop=\"width\" content=\"176\"> <meta itemprop=\"height\" content=\"120\"> <img decoding=\"async\" class=\"\" data-attachment-id=\"3366\" data-orig-file=\"https:\/\/www.jaermuseet.no\/vitengarden\/wp-content\/uploads\/sites\/11\/2019\/05\/20190603-Opning-SAUEN-foto-Rune-Helliesen-26.jpg\" data-orig-size=\"2400,1636\" data-comments-opened=\"\" data-image-meta=\"{&quot;aperture&quot;:&quot;2.8&quot;,&quot;credit&quot;:&quot;&quot;,&quot;camera&quot;:&quot;L1D-20c&quot;,&quot;caption&quot;:&quot;&quot;,&quot;created_timestamp&quot;:&quot;1553698531&quot;,&quot;copyright&quot;:&quot;&quot;,&quot;focal_length&quot;:&quot;10.26&quot;,&quot;iso&quot;:&quot;100&quot;,&quot;shutter_speed&quot;:&quot;0.0004&quot;,&quot;title&quot;:&quot;&quot;,&quot;orientation&quot;:&quot;0&quot;}\" data-image-title=\"20190603 Opning SAUEN foto Rune Helliesen (26)\" data-image-description=\"\" data-medium-file=\"https:\/\/www.jaermuseet.no\/vitengarden\/wp-content\/uploads\/sites\/11\/2019\/05\/20190603-Opning-SAUEN-foto-Rune-Helliesen-26-300x205.jpg\" data-large-file=\"https:\/\/www.jaermuseet.no\/vitengarden\/wp-content\/uploads\/sites\/11\/2019\/05\/20190603-Opning-SAUEN-foto-Rune-Helliesen-26-1024x698.jpg\" src=\"https:\/\/i0.wp.com\/www.jaermuseet.no\/vitengarden\/wp-content\/uploads\/sites\/11\/2019\/05\/20190603-Opning-SAUEN-foto-Rune-Helliesen-26.jpg?w=176&#038;h=120&#038;ssl=1\" srcset=\"https:\/\/www.jaermuseet.no\/vitengarden\/wp-content\/uploads\/sites\/11\/2019\/05\/20190603-Opning-SAUEN-foto-Rune-Helliesen-26.jpg 2400w, https:\/\/www.jaermuseet.no\/vitengarden\/wp-content\/uploads\/sites\/11\/2019\/05\/20190603-Opning-SAUEN-foto-Rune-Helliesen-26-300x205.jpg 300w, https:\/\/www.jaermuseet.no\/vitengarden\/wp-content\/uploads\/sites\/11\/2019\/05\/20190603-Opning-SAUEN-foto-Rune-Helliesen-26-1024x698.jpg 1024w, https:\/\/www.jaermuseet.no\/vitengarden\/wp-content\/uploads\/sites\/11\/2019\/05\/20190603-Opning-SAUEN-foto-Rune-Helliesen-26-250x170.jpg 250w\" width=\"176\" height=\"120\" loading=\"lazy\" data-original-width=\"176\" data-original-height=\"120\" itemprop=\"http:\/\/schema.org\/image\" title=\"20190603 Opning SAUEN foto Rune Helliesen (26)\" alt=\"Foto: Rune Helliesen \/ J\u00e6rmuseet\" style=\"width: 176px; height: 120px;\" \/> <\/a> <div class=\"tiled-gallery-caption\" itemprop=\"caption description\"> Foto: Rune Helliesen \/ J\u00e6rmuseet <\/div> <\/div> <\/div> <!-- close group --> <\/div> <!-- close row --> <\/div>\n<p><strong>Kontaktpersonar J\u00e6rmuseet<\/strong><\/p>\n<ul>\n<li>Prosjektleiar Anne Jorunn Fr\u00f8yen, <a href=\"mailto:ajf@jaermuseet.no\">ajf@jaermuseet.no<\/a> \/ 952 94 524<\/li>\n<li>Marknadssjef Elin Ravndal Bell, <a href=\"mailto:erb@jaermuseet.no\">erb@jaermuseet.no<\/a> \/ 908 03 864<\/li>\n<\/ul>\n","protected":false},"excerpt":{"rendered":"<p>Utstillinga \u00abSauen\u00bb er ei permanent utstilling p\u00e5 Vitengarden. Bakgrunnen for&#8230;<\/p>\n","protected":false},"author":18,"featured_media":3012,"comment_status":"closed","ping_status":"closed","sticky":false,"template":"","format":"standard","meta":{"_acf_changed":false,"_jetpack_memberships_contains_paid_content":false,"footnotes":""},"categories":[5,4],"tags":[],"class_list":["post-3337","post","type-post","status-publish","format-standard","has-post-thumbnail","hentry","category-nytt-fra-vitengarden","category-utstillingar-pa-vitengarden","featured-image-size-large"],"acf":[],"yoast_head":"<!-- This site is optimized with the Yoast SEO plugin v27.4 - https:\/\/yoast.com\/product\/yoast-seo-wordpress\/ -->\n<title>SAUEN - Vitengarden<\/title>\n<meta name=\"robots\" content=\"index, follow, max-snippet:-1, max-image-preview:large, max-video-preview:-1\" \/>\n<link rel=\"canonical\" href=\"https:\/\/www.jaermuseet.no\/vitengarden\/opnar-ny-utstilling-sauen\/\" \/>\n<meta property=\"og:locale\" content=\"nn_NO\" \/>\n<meta property=\"og:type\" content=\"article\" \/>\n<meta property=\"og:title\" content=\"SAUEN - Vitengarden\" \/>\n<meta property=\"og:description\" content=\"Utstillinga \u00abSauen\u00bb er ei permanent utstilling p\u00e5 Vitengarden. Bakgrunnen for...\" \/>\n<meta property=\"og:url\" content=\"https:\/\/www.jaermuseet.no\/vitengarden\/opnar-ny-utstilling-sauen\/\" \/>\n<meta property=\"og:site_name\" content=\"Vitengarden\" \/>\n<meta property=\"article:published_time\" content=\"2019-05-31T08:38:07+00:00\" \/>\n<meta property=\"article:modified_time\" content=\"2020-08-19T07:24:36+00:00\" \/>\n<meta property=\"og:image\" content=\"https:\/\/www.jaermuseet.no\/vitengarden\/wp-content\/uploads\/sites\/11\/2018\/09\/Saueportrett.jpg\" \/>\n\t<meta property=\"og:image:width\" content=\"1240\" \/>\n\t<meta property=\"og:image:height\" content=\"902\" \/>\n\t<meta property=\"og:image:type\" content=\"image\/jpeg\" \/>\n<meta name=\"author\" content=\"Elin Ravndal Bell\" \/>\n<meta name=\"twitter:card\" content=\"summary_large_image\" \/>\n<meta name=\"twitter:label1\" content=\"Written by\" \/>\n\t<meta name=\"twitter:data1\" content=\"Elin Ravndal Bell\" \/>\n\t<meta name=\"twitter:label2\" content=\"Est. reading time\" \/>\n\t<meta name=\"twitter:data2\" content=\"2 minutt\" \/>\n<script type=\"application\/ld+json\" class=\"yoast-schema-graph\">{\"@context\":\"https:\\\/\\\/schema.org\",\"@graph\":[{\"@type\":\"Article\",\"@id\":\"https:\\\/\\\/www.jaermuseet.no\\\/vitengarden\\\/opnar-ny-utstilling-sauen\\\/#article\",\"isPartOf\":{\"@id\":\"https:\\\/\\\/www.jaermuseet.no\\\/vitengarden\\\/opnar-ny-utstilling-sauen\\\/\"},\"author\":{\"name\":\"Elin Ravndal Bell\",\"@id\":\"https:\\\/\\\/www.jaermuseet.no\\\/vitengarden\\\/#\\\/schema\\\/person\\\/7ff2f4a5ef01f38db857a14b2d7e38e2\"},\"headline\":\"SAUEN\",\"datePublished\":\"2019-05-31T08:38:07+00:00\",\"dateModified\":\"2020-08-19T07:24:36+00:00\",\"mainEntityOfPage\":{\"@id\":\"https:\\\/\\\/www.jaermuseet.no\\\/vitengarden\\\/opnar-ny-utstilling-sauen\\\/\"},\"wordCount\":410,\"image\":{\"@id\":\"https:\\\/\\\/www.jaermuseet.no\\\/vitengarden\\\/opnar-ny-utstilling-sauen\\\/#primaryimage\"},\"thumbnailUrl\":\"https:\\\/\\\/www.jaermuseet.no\\\/vitengarden\\\/wp-content\\\/uploads\\\/sites\\\/11\\\/2018\\\/09\\\/Saueportrett.jpg\",\"articleSection\":[\"Nytt fr\u00e5 Vitengarden\",\"Utstillingar p\u00e5 Vitengarden\"],\"inLanguage\":\"nn-NO\"},{\"@type\":\"WebPage\",\"@id\":\"https:\\\/\\\/www.jaermuseet.no\\\/vitengarden\\\/opnar-ny-utstilling-sauen\\\/\",\"url\":\"https:\\\/\\\/www.jaermuseet.no\\\/vitengarden\\\/opnar-ny-utstilling-sauen\\\/\",\"name\":\"SAUEN - Vitengarden\",\"isPartOf\":{\"@id\":\"https:\\\/\\\/www.jaermuseet.no\\\/vitengarden\\\/#website\"},\"primaryImageOfPage\":{\"@id\":\"https:\\\/\\\/www.jaermuseet.no\\\/vitengarden\\\/opnar-ny-utstilling-sauen\\\/#primaryimage\"},\"image\":{\"@id\":\"https:\\\/\\\/www.jaermuseet.no\\\/vitengarden\\\/opnar-ny-utstilling-sauen\\\/#primaryimage\"},\"thumbnailUrl\":\"https:\\\/\\\/www.jaermuseet.no\\\/vitengarden\\\/wp-content\\\/uploads\\\/sites\\\/11\\\/2018\\\/09\\\/Saueportrett.jpg\",\"datePublished\":\"2019-05-31T08:38:07+00:00\",\"dateModified\":\"2020-08-19T07:24:36+00:00\",\"author\":{\"@id\":\"https:\\\/\\\/www.jaermuseet.no\\\/vitengarden\\\/#\\\/schema\\\/person\\\/7ff2f4a5ef01f38db857a14b2d7e38e2\"},\"breadcrumb\":{\"@id\":\"https:\\\/\\\/www.jaermuseet.no\\\/vitengarden\\\/opnar-ny-utstilling-sauen\\\/#breadcrumb\"},\"inLanguage\":\"nn-NO\",\"potentialAction\":[{\"@type\":\"ReadAction\",\"target\":[\"https:\\\/\\\/www.jaermuseet.no\\\/vitengarden\\\/opnar-ny-utstilling-sauen\\\/\"]}]},{\"@type\":\"ImageObject\",\"inLanguage\":\"nn-NO\",\"@id\":\"https:\\\/\\\/www.jaermuseet.no\\\/vitengarden\\\/opnar-ny-utstilling-sauen\\\/#primaryimage\",\"url\":\"https:\\\/\\\/www.jaermuseet.no\\\/vitengarden\\\/wp-content\\\/uploads\\\/sites\\\/11\\\/2018\\\/09\\\/Saueportrett.jpg\",\"contentUrl\":\"https:\\\/\\\/www.jaermuseet.no\\\/vitengarden\\\/wp-content\\\/uploads\\\/sites\\\/11\\\/2018\\\/09\\\/Saueportrett.jpg\",\"width\":1240,\"height\":902,\"caption\":\"Foto: Anne Helen Robberstad \\\/ J\u00e6rmuseet\"},{\"@type\":\"BreadcrumbList\",\"@id\":\"https:\\\/\\\/www.jaermuseet.no\\\/vitengarden\\\/opnar-ny-utstilling-sauen\\\/#breadcrumb\",\"itemListElement\":[{\"@type\":\"ListItem\",\"position\":1,\"name\":\"Heim\",\"item\":\"https:\\\/\\\/www.jaermuseet.no\\\/vitengarden\\\/\"},{\"@type\":\"ListItem\",\"position\":2,\"name\":\"SAUEN\"}]},{\"@type\":\"WebSite\",\"@id\":\"https:\\\/\\\/www.jaermuseet.no\\\/vitengarden\\\/#website\",\"url\":\"https:\\\/\\\/www.jaermuseet.no\\\/vitengarden\\\/\",\"name\":\"Vitengarden\",\"description\":\"Take part in science and history with new and engaging methods\",\"potentialAction\":[{\"@type\":\"SearchAction\",\"target\":{\"@type\":\"EntryPoint\",\"urlTemplate\":\"https:\\\/\\\/www.jaermuseet.no\\\/vitengarden\\\/?s={search_term_string}\"},\"query-input\":{\"@type\":\"PropertyValueSpecification\",\"valueRequired\":true,\"valueName\":\"search_term_string\"}}],\"inLanguage\":\"nn-NO\"},{\"@type\":\"Person\",\"@id\":\"https:\\\/\\\/www.jaermuseet.no\\\/vitengarden\\\/#\\\/schema\\\/person\\\/7ff2f4a5ef01f38db857a14b2d7e38e2\",\"name\":\"Elin Ravndal Bell\",\"image\":{\"@type\":\"ImageObject\",\"inLanguage\":\"nn-NO\",\"@id\":\"https:\\\/\\\/secure.gravatar.com\\\/avatar\\\/4181007aaf01ac703eb4e74ca2c02bb9a1b5431636b84de7dd3dce5826c01cb6?s=96&d=mm&r=g\",\"url\":\"https:\\\/\\\/secure.gravatar.com\\\/avatar\\\/4181007aaf01ac703eb4e74ca2c02bb9a1b5431636b84de7dd3dce5826c01cb6?s=96&d=mm&r=g\",\"contentUrl\":\"https:\\\/\\\/secure.gravatar.com\\\/avatar\\\/4181007aaf01ac703eb4e74ca2c02bb9a1b5431636b84de7dd3dce5826c01cb6?s=96&d=mm&r=g\",\"caption\":\"Elin Ravndal Bell\"},\"url\":\"https:\\\/\\\/www.jaermuseet.no\\\/vitengarden\\\/author\\\/elrabe\\\/\"}]}<\/script>\n<!-- \/ Yoast SEO plugin. -->","yoast_head_json":{"title":"SAUEN - Vitengarden","robots":{"index":"index","follow":"follow","max-snippet":"max-snippet:-1","max-image-preview":"max-image-preview:large","max-video-preview":"max-video-preview:-1"},"canonical":"https:\/\/www.jaermuseet.no\/vitengarden\/opnar-ny-utstilling-sauen\/","og_locale":"nn_NO","og_type":"article","og_title":"SAUEN - Vitengarden","og_description":"Utstillinga \u00abSauen\u00bb er ei permanent utstilling p\u00e5 Vitengarden. Bakgrunnen for...","og_url":"https:\/\/www.jaermuseet.no\/vitengarden\/opnar-ny-utstilling-sauen\/","og_site_name":"Vitengarden","article_published_time":"2019-05-31T08:38:07+00:00","article_modified_time":"2020-08-19T07:24:36+00:00","og_image":[{"width":1240,"height":902,"url":"https:\/\/www.jaermuseet.no\/vitengarden\/wp-content\/uploads\/sites\/11\/2018\/09\/Saueportrett.jpg","type":"image\/jpeg"}],"author":"Elin Ravndal Bell","twitter_card":"summary_large_image","twitter_misc":{"Written by":"Elin Ravndal Bell","Est. reading time":"2 minutt"},"schema":{"@context":"https:\/\/schema.org","@graph":[{"@type":"Article","@id":"https:\/\/www.jaermuseet.no\/vitengarden\/opnar-ny-utstilling-sauen\/#article","isPartOf":{"@id":"https:\/\/www.jaermuseet.no\/vitengarden\/opnar-ny-utstilling-sauen\/"},"author":{"name":"Elin Ravndal Bell","@id":"https:\/\/www.jaermuseet.no\/vitengarden\/#\/schema\/person\/7ff2f4a5ef01f38db857a14b2d7e38e2"},"headline":"SAUEN","datePublished":"2019-05-31T08:38:07+00:00","dateModified":"2020-08-19T07:24:36+00:00","mainEntityOfPage":{"@id":"https:\/\/www.jaermuseet.no\/vitengarden\/opnar-ny-utstilling-sauen\/"},"wordCount":410,"image":{"@id":"https:\/\/www.jaermuseet.no\/vitengarden\/opnar-ny-utstilling-sauen\/#primaryimage"},"thumbnailUrl":"https:\/\/www.jaermuseet.no\/vitengarden\/wp-content\/uploads\/sites\/11\/2018\/09\/Saueportrett.jpg","articleSection":["Nytt fr\u00e5 Vitengarden","Utstillingar p\u00e5 Vitengarden"],"inLanguage":"nn-NO"},{"@type":"WebPage","@id":"https:\/\/www.jaermuseet.no\/vitengarden\/opnar-ny-utstilling-sauen\/","url":"https:\/\/www.jaermuseet.no\/vitengarden\/opnar-ny-utstilling-sauen\/","name":"SAUEN - Vitengarden","isPartOf":{"@id":"https:\/\/www.jaermuseet.no\/vitengarden\/#website"},"primaryImageOfPage":{"@id":"https:\/\/www.jaermuseet.no\/vitengarden\/opnar-ny-utstilling-sauen\/#primaryimage"},"image":{"@id":"https:\/\/www.jaermuseet.no\/vitengarden\/opnar-ny-utstilling-sauen\/#primaryimage"},"thumbnailUrl":"https:\/\/www.jaermuseet.no\/vitengarden\/wp-content\/uploads\/sites\/11\/2018\/09\/Saueportrett.jpg","datePublished":"2019-05-31T08:38:07+00:00","dateModified":"2020-08-19T07:24:36+00:00","author":{"@id":"https:\/\/www.jaermuseet.no\/vitengarden\/#\/schema\/person\/7ff2f4a5ef01f38db857a14b2d7e38e2"},"breadcrumb":{"@id":"https:\/\/www.jaermuseet.no\/vitengarden\/opnar-ny-utstilling-sauen\/#breadcrumb"},"inLanguage":"nn-NO","potentialAction":[{"@type":"ReadAction","target":["https:\/\/www.jaermuseet.no\/vitengarden\/opnar-ny-utstilling-sauen\/"]}]},{"@type":"ImageObject","inLanguage":"nn-NO","@id":"https:\/\/www.jaermuseet.no\/vitengarden\/opnar-ny-utstilling-sauen\/#primaryimage","url":"https:\/\/www.jaermuseet.no\/vitengarden\/wp-content\/uploads\/sites\/11\/2018\/09\/Saueportrett.jpg","contentUrl":"https:\/\/www.jaermuseet.no\/vitengarden\/wp-content\/uploads\/sites\/11\/2018\/09\/Saueportrett.jpg","width":1240,"height":902,"caption":"Foto: Anne Helen Robberstad \/ J\u00e6rmuseet"},{"@type":"BreadcrumbList","@id":"https:\/\/www.jaermuseet.no\/vitengarden\/opnar-ny-utstilling-sauen\/#breadcrumb","itemListElement":[{"@type":"ListItem","position":1,"name":"Heim","item":"https:\/\/www.jaermuseet.no\/vitengarden\/"},{"@type":"ListItem","position":2,"name":"SAUEN"}]},{"@type":"WebSite","@id":"https:\/\/www.jaermuseet.no\/vitengarden\/#website","url":"https:\/\/www.jaermuseet.no\/vitengarden\/","name":"Vitengarden","description":"Take part in science and history with new and engaging methods","potentialAction":[{"@type":"SearchAction","target":{"@type":"EntryPoint","urlTemplate":"https:\/\/www.jaermuseet.no\/vitengarden\/?s={search_term_string}"},"query-input":{"@type":"PropertyValueSpecification","valueRequired":true,"valueName":"search_term_string"}}],"inLanguage":"nn-NO"},{"@type":"Person","@id":"https:\/\/www.jaermuseet.no\/vitengarden\/#\/schema\/person\/7ff2f4a5ef01f38db857a14b2d7e38e2","name":"Elin Ravndal Bell","image":{"@type":"ImageObject","inLanguage":"nn-NO","@id":"https:\/\/secure.gravatar.com\/avatar\/4181007aaf01ac703eb4e74ca2c02bb9a1b5431636b84de7dd3dce5826c01cb6?s=96&d=mm&r=g","url":"https:\/\/secure.gravatar.com\/avatar\/4181007aaf01ac703eb4e74ca2c02bb9a1b5431636b84de7dd3dce5826c01cb6?s=96&d=mm&r=g","contentUrl":"https:\/\/secure.gravatar.com\/avatar\/4181007aaf01ac703eb4e74ca2c02bb9a1b5431636b84de7dd3dce5826c01cb6?s=96&d=mm&r=g","caption":"Elin Ravndal Bell"},"url":"https:\/\/www.jaermuseet.no\/vitengarden\/author\/elrabe\/"}]}},"cc_featured_image_caption":{"caption_text":"","source_text":"","source_url":""},"jetpack_featured_media_url":"https:\/\/www.jaermuseet.no\/vitengarden\/wp-content\/uploads\/sites\/11\/2018\/09\/Saueportrett.jpg","jetpack_sharing_enabled":true,"_links":{"self":[{"href":"https:\/\/www.jaermuseet.no\/vitengarden\/wp-json\/wp\/v2\/posts\/3337","targetHints":{"allow":["GET"]}}],"collection":[{"href":"https:\/\/www.jaermuseet.no\/vitengarden\/wp-json\/wp\/v2\/posts"}],"about":[{"href":"https:\/\/www.jaermuseet.no\/vitengarden\/wp-json\/wp\/v2\/types\/post"}],"author":[{"embeddable":true,"href":"https:\/\/www.jaermuseet.no\/vitengarden\/wp-json\/wp\/v2\/users\/18"}],"replies":[{"embeddable":true,"href":"https:\/\/www.jaermuseet.no\/vitengarden\/wp-json\/wp\/v2\/comments?post=3337"}],"version-history":[{"count":6,"href":"https:\/\/www.jaermuseet.no\/vitengarden\/wp-json\/wp\/v2\/posts\/3337\/revisions"}],"predecessor-version":[{"id":3968,"href":"https:\/\/www.jaermuseet.no\/vitengarden\/wp-json\/wp\/v2\/posts\/3337\/revisions\/3968"}],"wp:featuredmedia":[{"embeddable":true,"href":"https:\/\/www.jaermuseet.no\/vitengarden\/wp-json\/wp\/v2\/media\/3012"}],"wp:attachment":[{"href":"https:\/\/www.jaermuseet.no\/vitengarden\/wp-json\/wp\/v2\/media?parent=3337"}],"wp:term":[{"taxonomy":"category","embeddable":true,"href":"https:\/\/www.jaermuseet.no\/vitengarden\/wp-json\/wp\/v2\/categories?post=3337"},{"taxonomy":"post_tag","embeddable":true,"href":"https:\/\/www.jaermuseet.no\/vitengarden\/wp-json\/wp\/v2\/tags?post=3337"}],"curies":[{"name":"wp","href":"https:\/\/api.w.org\/{rel}","templated":true}]}}