{"id":118,"date":"2015-01-15T08:00:38","date_gmt":"2015-01-15T07:00:38","guid":{"rendered":"https:\/\/www.jaermuseet.no\/vitengarden\/dyr-du-skulle-onske-ikke-fantes\/"},"modified":"2015-09-21T10:45:01","modified_gmt":"2015-09-21T08:45:01","slug":"dyr-du-skulle-onske-ikke-fantes","status":"publish","type":"post","link":"https:\/\/www.jaermuseet.no\/vitengarden\/dyr-du-skulle-onske-ikke-fantes\/","title":{"rendered":"&#8220;Dyr du skulle \u00f8nske ikke fantes&#8221;"},"content":{"rendered":"<p><strong>&#8220;Dyr du skulle \u00f8nske ikke fantes<\/strong>&#8221;<\/p>\n<p>&#8211; ny utstilling p\u00e5 Vitengarden!<\/p>\n<p>Torsdag 29. januar flyttar nokre skumle, l\u00f8gne, rare, ufysne men \u00f2g litt s\u00f8te dyr inn i kjellaren p\u00e5 Vitengarden. Lemen type A som er p\u00e5 biletet her er eit av dei, men det Islandske bankvesenet, Anakonda, Mongolsk Vannrotte og Revrestrictor er \u00f2g med p\u00e5 flyttelasset n\u00e5r utstillinga &#8220;Dyr du skulle \u00f8nske ikke fantes&#8221; kjem fr\u00e5 Harstad til N\u00e6rb\u00f8. Mon tru om husdyra vil verta glade n\u00e5r dei f\u00e5r selskap av desse?<\/p>\n<p><img loading=\"lazy\" decoding=\"async\" style=\"margin-right: 10px; margin-bottom: 10px;\" src=\"https:\/\/www.jaermuseet.no\/wp-content\/uploads\/sites\/11\/2015\/01\/Lemen_type_A.jpg\" alt=\"Lemen type A\" width=\"350\" height=\"325\" \/><\/p>\n<p>Dyra i utstillinga er dei som mange har blitt kjent med fr\u00e5 Jo Nesb\u00f8 sine barneb\u00f8ker. Du vil f\u00e5 n\u00e6rkontakt med fantasidyr- og vesener som til n\u00e5 har vore uoppdaga og skjult for offentligheita. Med god grunn, mange av dei er ganske s\u00e5 gufne.<\/p>\n<p><strong>Vinterferien 2015<\/strong><\/p>\n<p>&#8220;Dyr du skulle \u00f8nske ikke fantes&#8221; vil vera temaet i vinterferien p\u00e5 Vitengarden. I tillegg til \u00e5 sj\u00e5 utstillinga og oppleva dyra p\u00e5 n\u00e6rt hald saman med vertane, kan du f\u00e5 laga ditt dyr som du skulle ynskja ikkje fanst. Koss vert det sj\u00e5ande ut? Kr. 30,- i tillegg til inngangsbillett, reserver verkstad i resepsjonen. Vitengarden si utand\u00f8rsutstilling SNU vil vera open heile vinterferien. Her kan du pr\u00f8va deg som menneskeleg jojo eller testa korleis det er \u00e5 kjenna ein orkan p\u00e5 kroppen. P\u00e5 garden er det k\u00f8yring med hest og kjerre og du kan m\u00f8ta kalven Hercules.<\/p>\n<p><strong>God og lokal mat i kaf\u00e8en<\/strong><\/p>\n<p>Vitengarden har tilsett ny kokk og kaf\u00e8ansvarleg, Vidar Skjerahaug. Saman med vertane serverer han gode, varme supper og p\u00e5smurt, heimalaga bakarvarer, lapper og kaker kvar dag heile vinterferien og fast kvar onsdag og sundag framover,<\/p>\n<p>Opningstider vinterferien (veke 8): m\u00e5ndag &#8211; fredag kl. 10 &#8211; 15, laurdag stengt, sundag kl. 12 &#8211; 17.<\/p>\n<p>_____<\/p>\n<p>I samband med utstillinga er det laga opplegg for <a href=\"anlegga-vare\/vitengarden\/for-skuler-og-barnehagar\/215-barnehagar\">barnehage<\/a> og <a href=\"anlegga-vare\/vitengarden\/for-skuler-og-barnehagar\/218-1-4-trinn5\">barneskular<\/a> med tema knytta opp mot rammeplan og kunnskapsl\u00f8ftet. Bestill allereide n\u00e5 &#8211; utstillinga st\u00e5r til og med 5. april.<\/p>\n<p>Det er Naturhistorisk Museum og Aschehoug som i samband med den tredje boka i serien &#8220;Doktor Proktor&#8221; laga utstillinga. Den er for barn i alderenm 5 til 105 \u00e5r. Utstillinga har vore fleire stader i landet, og har vore sett av n\u00e6rare 250 000 personar. Det er fyrste gong utstillinga vert vist i Rogaland.<\/p>\n","protected":false},"excerpt":{"rendered":"<p><img loading=\"lazy\" decoding=\"async\" width=\"409\" height=\"380\" style=\"margin-right: 10px;margin-bottom: 10px\" alt=\"Lemen type A\" src=\"https:\/\/www.jaermuseet.no\/wp-content\/uploads\/sites\/11\/2015\/01\/Lemen_type_A.jpg\" \/><\/p>\n","protected":false},"author":10,"featured_media":926,"comment_status":"open","ping_status":"open","sticky":false,"template":"","format":"standard","meta":{"_acf_changed":false,"_jetpack_memberships_contains_paid_content":false,"footnotes":""},"categories":[5],"tags":[],"class_list":["post-118","post","type-post","status-publish","format-standard","has-post-thumbnail","hentry","category-nytt-fra-vitengarden","featured-image-size-large"],"acf":[],"yoast_head":"<!-- This site is optimized with the Yoast SEO plugin v27.4 - https:\/\/yoast.com\/product\/yoast-seo-wordpress\/ -->\n<title>&quot;Dyr du skulle \u00f8nske ikke fantes&quot; - Vitengarden<\/title>\n<meta name=\"robots\" content=\"index, follow, max-snippet:-1, max-image-preview:large, max-video-preview:-1\" \/>\n<link rel=\"canonical\" href=\"https:\/\/www.jaermuseet.no\/vitengarden\/dyr-du-skulle-onske-ikke-fantes\/\" \/>\n<meta property=\"og:locale\" content=\"nn_NO\" \/>\n<meta property=\"og:type\" content=\"article\" \/>\n<meta property=\"og:title\" content=\"&quot;Dyr du skulle \u00f8nske ikke fantes&quot; - Vitengarden\" \/>\n<meta property=\"og:url\" content=\"https:\/\/www.jaermuseet.no\/vitengarden\/dyr-du-skulle-onske-ikke-fantes\/\" \/>\n<meta property=\"og:site_name\" content=\"Vitengarden\" \/>\n<meta property=\"article:published_time\" content=\"2015-01-15T07:00:38+00:00\" \/>\n<meta property=\"article:modified_time\" content=\"2015-09-21T08:45:01+00:00\" \/>\n<meta property=\"og:image\" content=\"https:\/\/www.jaermuseet.no\/vitengarden\/wp-content\/uploads\/sites\/11\/2015\/01\/IMG_5188.jpg\" \/>\n\t<meta property=\"og:image:width\" content=\"3888\" \/>\n\t<meta property=\"og:image:height\" content=\"2592\" \/>\n\t<meta property=\"og:image:type\" content=\"image\/jpeg\" \/>\n<meta name=\"author\" content=\"Vitengarden\" \/>\n<meta name=\"twitter:card\" content=\"summary_large_image\" \/>\n<meta name=\"twitter:label1\" content=\"Written by\" \/>\n\t<meta name=\"twitter:data1\" content=\"Vitengarden\" \/>\n\t<meta name=\"twitter:label2\" content=\"Est. reading time\" \/>\n\t<meta name=\"twitter:data2\" content=\"2 minutt\" \/>\n<script type=\"application\/ld+json\" class=\"yoast-schema-graph\">{\"@context\":\"https:\\\/\\\/schema.org\",\"@graph\":[{\"@type\":\"Article\",\"@id\":\"https:\\\/\\\/www.jaermuseet.no\\\/vitengarden\\\/dyr-du-skulle-onske-ikke-fantes\\\/#article\",\"isPartOf\":{\"@id\":\"https:\\\/\\\/www.jaermuseet.no\\\/vitengarden\\\/dyr-du-skulle-onske-ikke-fantes\\\/\"},\"author\":{\"name\":\"Vitengarden\",\"@id\":\"https:\\\/\\\/www.jaermuseet.no\\\/vitengarden\\\/#\\\/schema\\\/person\\\/ac022bcc14f020945a1d11c7b825c8f2\"},\"headline\":\"&#8220;Dyr du skulle \u00f8nske ikke fantes&#8221;\",\"datePublished\":\"2015-01-15T07:00:38+00:00\",\"dateModified\":\"2015-09-21T08:45:01+00:00\",\"mainEntityOfPage\":{\"@id\":\"https:\\\/\\\/www.jaermuseet.no\\\/vitengarden\\\/dyr-du-skulle-onske-ikke-fantes\\\/\"},\"wordCount\":383,\"commentCount\":0,\"image\":{\"@id\":\"https:\\\/\\\/www.jaermuseet.no\\\/vitengarden\\\/dyr-du-skulle-onske-ikke-fantes\\\/#primaryimage\"},\"thumbnailUrl\":\"https:\\\/\\\/www.jaermuseet.no\\\/vitengarden\\\/wp-content\\\/uploads\\\/sites\\\/11\\\/2015\\\/01\\\/IMG_5188.jpg\",\"articleSection\":[\"Nytt fr\u00e5 Vitengarden\"],\"inLanguage\":\"nn-NO\",\"potentialAction\":[{\"@type\":\"CommentAction\",\"name\":\"Comment\",\"target\":[\"https:\\\/\\\/www.jaermuseet.no\\\/vitengarden\\\/dyr-du-skulle-onske-ikke-fantes\\\/#respond\"]}]},{\"@type\":\"WebPage\",\"@id\":\"https:\\\/\\\/www.jaermuseet.no\\\/vitengarden\\\/dyr-du-skulle-onske-ikke-fantes\\\/\",\"url\":\"https:\\\/\\\/www.jaermuseet.no\\\/vitengarden\\\/dyr-du-skulle-onske-ikke-fantes\\\/\",\"name\":\"\\\"Dyr du skulle \u00f8nske ikke fantes\\\" - Vitengarden\",\"isPartOf\":{\"@id\":\"https:\\\/\\\/www.jaermuseet.no\\\/vitengarden\\\/#website\"},\"primaryImageOfPage\":{\"@id\":\"https:\\\/\\\/www.jaermuseet.no\\\/vitengarden\\\/dyr-du-skulle-onske-ikke-fantes\\\/#primaryimage\"},\"image\":{\"@id\":\"https:\\\/\\\/www.jaermuseet.no\\\/vitengarden\\\/dyr-du-skulle-onske-ikke-fantes\\\/#primaryimage\"},\"thumbnailUrl\":\"https:\\\/\\\/www.jaermuseet.no\\\/vitengarden\\\/wp-content\\\/uploads\\\/sites\\\/11\\\/2015\\\/01\\\/IMG_5188.jpg\",\"datePublished\":\"2015-01-15T07:00:38+00:00\",\"dateModified\":\"2015-09-21T08:45:01+00:00\",\"author\":{\"@id\":\"https:\\\/\\\/www.jaermuseet.no\\\/vitengarden\\\/#\\\/schema\\\/person\\\/ac022bcc14f020945a1d11c7b825c8f2\"},\"breadcrumb\":{\"@id\":\"https:\\\/\\\/www.jaermuseet.no\\\/vitengarden\\\/dyr-du-skulle-onske-ikke-fantes\\\/#breadcrumb\"},\"inLanguage\":\"nn-NO\",\"potentialAction\":[{\"@type\":\"ReadAction\",\"target\":[\"https:\\\/\\\/www.jaermuseet.no\\\/vitengarden\\\/dyr-du-skulle-onske-ikke-fantes\\\/\"]}]},{\"@type\":\"ImageObject\",\"inLanguage\":\"nn-NO\",\"@id\":\"https:\\\/\\\/www.jaermuseet.no\\\/vitengarden\\\/dyr-du-skulle-onske-ikke-fantes\\\/#primaryimage\",\"url\":\"https:\\\/\\\/www.jaermuseet.no\\\/vitengarden\\\/wp-content\\\/uploads\\\/sites\\\/11\\\/2015\\\/01\\\/IMG_5188.jpg\",\"contentUrl\":\"https:\\\/\\\/www.jaermuseet.no\\\/vitengarden\\\/wp-content\\\/uploads\\\/sites\\\/11\\\/2015\\\/01\\\/IMG_5188.jpg\",\"width\":3888,\"height\":2592,\"caption\":\"Foto: Elin Ravndal Bell, J\u00e6rmuseet\"},{\"@type\":\"BreadcrumbList\",\"@id\":\"https:\\\/\\\/www.jaermuseet.no\\\/vitengarden\\\/dyr-du-skulle-onske-ikke-fantes\\\/#breadcrumb\",\"itemListElement\":[{\"@type\":\"ListItem\",\"position\":1,\"name\":\"Heim\",\"item\":\"https:\\\/\\\/www.jaermuseet.no\\\/vitengarden\\\/\"},{\"@type\":\"ListItem\",\"position\":2,\"name\":\"&laquo;Dyr du skulle \u00f8nske ikke fantes&raquo;\"}]},{\"@type\":\"WebSite\",\"@id\":\"https:\\\/\\\/www.jaermuseet.no\\\/vitengarden\\\/#website\",\"url\":\"https:\\\/\\\/www.jaermuseet.no\\\/vitengarden\\\/\",\"name\":\"Vitengarden\",\"description\":\"Take part in science and history with new and engaging methods\",\"potentialAction\":[{\"@type\":\"SearchAction\",\"target\":{\"@type\":\"EntryPoint\",\"urlTemplate\":\"https:\\\/\\\/www.jaermuseet.no\\\/vitengarden\\\/?s={search_term_string}\"},\"query-input\":{\"@type\":\"PropertyValueSpecification\",\"valueRequired\":true,\"valueName\":\"search_term_string\"}}],\"inLanguage\":\"nn-NO\"},{\"@type\":\"Person\",\"@id\":\"https:\\\/\\\/www.jaermuseet.no\\\/vitengarden\\\/#\\\/schema\\\/person\\\/ac022bcc14f020945a1d11c7b825c8f2\",\"name\":\"Vitengarden\",\"image\":{\"@type\":\"ImageObject\",\"inLanguage\":\"nn-NO\",\"@id\":\"https:\\\/\\\/secure.gravatar.com\\\/avatar\\\/05ab667a03e4e22dc7bcffff9bbbdd8fc37f1f5acdd02907e510909ad5b0fd27?s=96&d=mm&r=g\",\"url\":\"https:\\\/\\\/secure.gravatar.com\\\/avatar\\\/05ab667a03e4e22dc7bcffff9bbbdd8fc37f1f5acdd02907e510909ad5b0fd27?s=96&d=mm&r=g\",\"contentUrl\":\"https:\\\/\\\/secure.gravatar.com\\\/avatar\\\/05ab667a03e4e22dc7bcffff9bbbdd8fc37f1f5acdd02907e510909ad5b0fd27?s=96&d=mm&r=g\",\"caption\":\"Vitengarden\"},\"url\":\"https:\\\/\\\/www.jaermuseet.no\\\/vitengarden\\\/author\\\/vitengarden\\\/\"}]}<\/script>\n<!-- \/ Yoast SEO plugin. -->","yoast_head_json":{"title":"\"Dyr du skulle \u00f8nske ikke fantes\" - Vitengarden","robots":{"index":"index","follow":"follow","max-snippet":"max-snippet:-1","max-image-preview":"max-image-preview:large","max-video-preview":"max-video-preview:-1"},"canonical":"https:\/\/www.jaermuseet.no\/vitengarden\/dyr-du-skulle-onske-ikke-fantes\/","og_locale":"nn_NO","og_type":"article","og_title":"\"Dyr du skulle \u00f8nske ikke fantes\" - Vitengarden","og_url":"https:\/\/www.jaermuseet.no\/vitengarden\/dyr-du-skulle-onske-ikke-fantes\/","og_site_name":"Vitengarden","article_published_time":"2015-01-15T07:00:38+00:00","article_modified_time":"2015-09-21T08:45:01+00:00","og_image":[{"width":3888,"height":2592,"url":"https:\/\/www.jaermuseet.no\/vitengarden\/wp-content\/uploads\/sites\/11\/2015\/01\/IMG_5188.jpg","type":"image\/jpeg"}],"author":"Vitengarden","twitter_card":"summary_large_image","twitter_misc":{"Written by":"Vitengarden","Est. reading time":"2 minutt"},"schema":{"@context":"https:\/\/schema.org","@graph":[{"@type":"Article","@id":"https:\/\/www.jaermuseet.no\/vitengarden\/dyr-du-skulle-onske-ikke-fantes\/#article","isPartOf":{"@id":"https:\/\/www.jaermuseet.no\/vitengarden\/dyr-du-skulle-onske-ikke-fantes\/"},"author":{"name":"Vitengarden","@id":"https:\/\/www.jaermuseet.no\/vitengarden\/#\/schema\/person\/ac022bcc14f020945a1d11c7b825c8f2"},"headline":"&#8220;Dyr du skulle \u00f8nske ikke fantes&#8221;","datePublished":"2015-01-15T07:00:38+00:00","dateModified":"2015-09-21T08:45:01+00:00","mainEntityOfPage":{"@id":"https:\/\/www.jaermuseet.no\/vitengarden\/dyr-du-skulle-onske-ikke-fantes\/"},"wordCount":383,"commentCount":0,"image":{"@id":"https:\/\/www.jaermuseet.no\/vitengarden\/dyr-du-skulle-onske-ikke-fantes\/#primaryimage"},"thumbnailUrl":"https:\/\/www.jaermuseet.no\/vitengarden\/wp-content\/uploads\/sites\/11\/2015\/01\/IMG_5188.jpg","articleSection":["Nytt fr\u00e5 Vitengarden"],"inLanguage":"nn-NO","potentialAction":[{"@type":"CommentAction","name":"Comment","target":["https:\/\/www.jaermuseet.no\/vitengarden\/dyr-du-skulle-onske-ikke-fantes\/#respond"]}]},{"@type":"WebPage","@id":"https:\/\/www.jaermuseet.no\/vitengarden\/dyr-du-skulle-onske-ikke-fantes\/","url":"https:\/\/www.jaermuseet.no\/vitengarden\/dyr-du-skulle-onske-ikke-fantes\/","name":"\"Dyr du skulle \u00f8nske ikke fantes\" - Vitengarden","isPartOf":{"@id":"https:\/\/www.jaermuseet.no\/vitengarden\/#website"},"primaryImageOfPage":{"@id":"https:\/\/www.jaermuseet.no\/vitengarden\/dyr-du-skulle-onske-ikke-fantes\/#primaryimage"},"image":{"@id":"https:\/\/www.jaermuseet.no\/vitengarden\/dyr-du-skulle-onske-ikke-fantes\/#primaryimage"},"thumbnailUrl":"https:\/\/www.jaermuseet.no\/vitengarden\/wp-content\/uploads\/sites\/11\/2015\/01\/IMG_5188.jpg","datePublished":"2015-01-15T07:00:38+00:00","dateModified":"2015-09-21T08:45:01+00:00","author":{"@id":"https:\/\/www.jaermuseet.no\/vitengarden\/#\/schema\/person\/ac022bcc14f020945a1d11c7b825c8f2"},"breadcrumb":{"@id":"https:\/\/www.jaermuseet.no\/vitengarden\/dyr-du-skulle-onske-ikke-fantes\/#breadcrumb"},"inLanguage":"nn-NO","potentialAction":[{"@type":"ReadAction","target":["https:\/\/www.jaermuseet.no\/vitengarden\/dyr-du-skulle-onske-ikke-fantes\/"]}]},{"@type":"ImageObject","inLanguage":"nn-NO","@id":"https:\/\/www.jaermuseet.no\/vitengarden\/dyr-du-skulle-onske-ikke-fantes\/#primaryimage","url":"https:\/\/www.jaermuseet.no\/vitengarden\/wp-content\/uploads\/sites\/11\/2015\/01\/IMG_5188.jpg","contentUrl":"https:\/\/www.jaermuseet.no\/vitengarden\/wp-content\/uploads\/sites\/11\/2015\/01\/IMG_5188.jpg","width":3888,"height":2592,"caption":"Foto: Elin Ravndal Bell, J\u00e6rmuseet"},{"@type":"BreadcrumbList","@id":"https:\/\/www.jaermuseet.no\/vitengarden\/dyr-du-skulle-onske-ikke-fantes\/#breadcrumb","itemListElement":[{"@type":"ListItem","position":1,"name":"Heim","item":"https:\/\/www.jaermuseet.no\/vitengarden\/"},{"@type":"ListItem","position":2,"name":"&laquo;Dyr du skulle \u00f8nske ikke fantes&raquo;"}]},{"@type":"WebSite","@id":"https:\/\/www.jaermuseet.no\/vitengarden\/#website","url":"https:\/\/www.jaermuseet.no\/vitengarden\/","name":"Vitengarden","description":"Take part in science and history with new and engaging methods","potentialAction":[{"@type":"SearchAction","target":{"@type":"EntryPoint","urlTemplate":"https:\/\/www.jaermuseet.no\/vitengarden\/?s={search_term_string}"},"query-input":{"@type":"PropertyValueSpecification","valueRequired":true,"valueName":"search_term_string"}}],"inLanguage":"nn-NO"},{"@type":"Person","@id":"https:\/\/www.jaermuseet.no\/vitengarden\/#\/schema\/person\/ac022bcc14f020945a1d11c7b825c8f2","name":"Vitengarden","image":{"@type":"ImageObject","inLanguage":"nn-NO","@id":"https:\/\/secure.gravatar.com\/avatar\/05ab667a03e4e22dc7bcffff9bbbdd8fc37f1f5acdd02907e510909ad5b0fd27?s=96&d=mm&r=g","url":"https:\/\/secure.gravatar.com\/avatar\/05ab667a03e4e22dc7bcffff9bbbdd8fc37f1f5acdd02907e510909ad5b0fd27?s=96&d=mm&r=g","contentUrl":"https:\/\/secure.gravatar.com\/avatar\/05ab667a03e4e22dc7bcffff9bbbdd8fc37f1f5acdd02907e510909ad5b0fd27?s=96&d=mm&r=g","caption":"Vitengarden"},"url":"https:\/\/www.jaermuseet.no\/vitengarden\/author\/vitengarden\/"}]}},"cc_featured_image_caption":{"caption_text":"","source_text":"","source_url":""},"jetpack_featured_media_url":"https:\/\/www.jaermuseet.no\/vitengarden\/wp-content\/uploads\/sites\/11\/2015\/01\/IMG_5188.jpg","jetpack_sharing_enabled":true,"_links":{"self":[{"href":"https:\/\/www.jaermuseet.no\/vitengarden\/wp-json\/wp\/v2\/posts\/118","targetHints":{"allow":["GET"]}}],"collection":[{"href":"https:\/\/www.jaermuseet.no\/vitengarden\/wp-json\/wp\/v2\/posts"}],"about":[{"href":"https:\/\/www.jaermuseet.no\/vitengarden\/wp-json\/wp\/v2\/types\/post"}],"author":[{"embeddable":true,"href":"https:\/\/www.jaermuseet.no\/vitengarden\/wp-json\/wp\/v2\/users\/10"}],"replies":[{"embeddable":true,"href":"https:\/\/www.jaermuseet.no\/vitengarden\/wp-json\/wp\/v2\/comments?post=118"}],"version-history":[{"count":1,"href":"https:\/\/www.jaermuseet.no\/vitengarden\/wp-json\/wp\/v2\/posts\/118\/revisions"}],"predecessor-version":[{"id":927,"href":"https:\/\/www.jaermuseet.no\/vitengarden\/wp-json\/wp\/v2\/posts\/118\/revisions\/927"}],"wp:featuredmedia":[{"embeddable":true,"href":"https:\/\/www.jaermuseet.no\/vitengarden\/wp-json\/wp\/v2\/media\/926"}],"wp:attachment":[{"href":"https:\/\/www.jaermuseet.no\/vitengarden\/wp-json\/wp\/v2\/media?parent=118"}],"wp:term":[{"taxonomy":"category","embeddable":true,"href":"https:\/\/www.jaermuseet.no\/vitengarden\/wp-json\/wp\/v2\/categories?post=118"},{"taxonomy":"post_tag","embeddable":true,"href":"https:\/\/www.jaermuseet.no\/vitengarden\/wp-json\/wp\/v2\/tags?post=118"}],"curies":[{"name":"wp","href":"https:\/\/api.w.org\/{rel}","templated":true}]}}