{"id":101,"date":"2013-04-06T20:27:58","date_gmt":"2013-04-06T19:27:58","guid":{"rendered":"https:\/\/www.jaermuseet.no\/vitengarden\/sa-gjor-vi-sa-klesvask-i-100-ar\/"},"modified":"2013-04-06T20:27:58","modified_gmt":"2013-04-06T19:27:58","slug":"sa-gjor-vi-sa-klesvask-i-100-ar","status":"publish","type":"post","link":"https:\/\/www.jaermuseet.no\/vitengarden\/sa-gjor-vi-sa-klesvask-i-100-ar\/","title":{"rendered":"S\u00e5 gj\u00f8r vi s\u00e5 &#8211; klesvask i 100 \u00e5r"},"content":{"rendered":"<\/p>\n<p style=\"padding-top: 0.8em;padding-right: 0px;padding-bottom: 0.8em;padding-left: 0px;font-family: inherit;font-size: inherit;color: inherit;margin: 0px\">Sundag 14. april opna to utstillinger p\u00e5 Vitengarden.<\/p>\n<p style=\"padding-top: 0.8em;padding-right: 0px;padding-bottom: 0.8em;padding-left: 0px;font-family: inherit;font-size: inherit;color: inherit;margin: 0px\">&#8220;S\u00e5 gj\u00f8r vi s\u00e5&#8230; &#8211; klesvask i 100 \u00e5r&#8221; er ei utstilling om utvikling av vaskemaskinar p\u00e5 J\u00e6ren fr\u00e5 1913 til 2013 og &#8220;Lappete, lusete, fillette &#8211; ren&#8230; Skittent\u00f8yets kulturhistorie&#8221; som er ei vandreutstilling fr\u00e5 Kvinnemuseet.<\/p>\n<p><img loading=\"lazy\" decoding=\"async\" style=\"margin-bottom: 10px;margin-right: 10px\" alt=\"Vaskemaskin-page-001\" src=\"https:\/\/www.jaermuseet.no\/wp-content\/uploads\/sites\/11\/2013\/04\/Vaskemaskin-page-001.jpg\" width=\"352\" height=\"498\" \/><\/p>\n<p style=\"margin: 0cm 0cm 0pt\"><span style=\"font-family: Calibri\">For hundre \u00e5r sidan, i 1913, fekk kvinnene r\u00f8ysterett i Norge. Samtidig kom dei f\u00f8rste vaskemaskinene i handelen.  Vaskemaskina blei viktig for kvinnene. Ho b\u00e5de letta arbeidet og frigjorde tid slik at dei mellom anna kunne delta aktivt i politisk arbeid. <\/span><\/p>\n<p style=\"margin: 0cm 0cm 0pt\"><span style=\"font-family: Calibri\">I samband med r\u00f8ysterettsjubileet har me laga ei utstilling om vaskemaskiner p\u00e5 Vitengarden. Her kan ein sj\u00e5 vaskemaskiner som er hundre \u00e5r gamle, og f\u00f8lgje utviklinga  fram til den heilautomatiske som i dag er vanleg i alle heimar. Det er vaskemaskinar laga av lokale \u201dPetter Smartar\u201d, og fabrikkproduserte. Nokre veit me mykje om, nokre veit me lite eller ingenting om. Me h\u00e5per derfor at publikum kan hjelpe oss med kunnskap om lokal vaskemaskinproduksjon. <\/span><\/p>\n<p style=\"margin: 0cm 0cm 0pt\">Den andre utstillinga som opnar er &#8220;Lappete, lusete, fillette &#8211; ren&#8230; Skittent\u00f8yets kulturhistorie&#8221;. Utstillinga vart laga av Kvinnemuseet i 2006, og vil n\u00e5 bli presentert p\u00e5 ny p\u00e5 Vitengarden. Den viser utviklinga av menn og kvinner sine rutiner for klesstell og hygiene fr\u00e5 Eilert Sundts tid og fram til i dag, med fokus p\u00e5 kj\u00f8nnsroller og familieliv.  <\/p>\n<p>Begge utstillingane skal st\u00e5 p\u00e5 Vitengarden fram til oktober.  <\/p>\n<p><a href=\"http:\/\/www.nrk.no\/video\/dette_er_vaskemaskinens_historie\/34A05B2A9094A610\/\">Her<\/a> kan du sj\u00e5 reportasje fr\u00e5 utstillinga, laga av NRK Rogaland.<\/p>\n<p> For meir informasjon om sj\u00f8lve utstillinga, kontakt r\u00e5dgjevar og utstillingsansvarleg, Anne Jorunn Fr\u00f8yen. Telefon 51 79 94 20.<\/p>\n","protected":false},"excerpt":{"rendered":"<p style=\"padding-top: 0.8em;padding-right: 0px;padding-bottom: 0.8em;padding-left: 0px;font-family: inherit;font-size: inherit;color: inherit;margin: 0px\">Sundag 14. april opna to utstillinger p\u00e5 Vitengarden.<\/p>\n<p style=\"padding-top: 0.8em;padding-right: 0px;padding-bottom: 0.8em;padding-left: 0px;font-family: inherit;font-size: inherit;color: inherit;margin: 0px\">&#8220;S\u00e5 gj\u00f8r vi s\u00e5&#8230; &#8211; klesvask i 100 \u00e5r&#8221; er ei utstilling om utvikling av vaskemaskinar p\u00e5 J\u00e6ren fr\u00e5 1913 til 2013 og &#8220;Lappete, lusete, fillette &#8211; ren&#8230; Skittent\u00f8yets kulturhistorie&#8221; som er ei vandreutstilling fr\u00e5 Kvinnemuseet.<\/p>\n","protected":false},"author":10,"featured_media":0,"comment_status":"open","ping_status":"open","sticky":false,"template":"","format":"standard","meta":{"_acf_changed":false,"_jetpack_memberships_contains_paid_content":false,"footnotes":""},"categories":[5],"tags":[],"class_list":["post-101","post","type-post","status-publish","format-standard","hentry","category-nytt-fra-vitengarden"],"acf":[],"yoast_head":"<!-- This site is optimized with the Yoast SEO plugin v27.4 - https:\/\/yoast.com\/product\/yoast-seo-wordpress\/ -->\n<title>S\u00e5 gj\u00f8r vi s\u00e5 - klesvask i 100 \u00e5r - Vitengarden<\/title>\n<meta name=\"robots\" content=\"index, follow, max-snippet:-1, max-image-preview:large, max-video-preview:-1\" \/>\n<link rel=\"canonical\" href=\"https:\/\/www.jaermuseet.no\/vitengarden\/sa-gjor-vi-sa-klesvask-i-100-ar\/\" \/>\n<meta property=\"og:locale\" content=\"nn_NO\" \/>\n<meta property=\"og:type\" content=\"article\" \/>\n<meta property=\"og:title\" content=\"S\u00e5 gj\u00f8r vi s\u00e5 - klesvask i 100 \u00e5r - Vitengarden\" \/>\n<meta property=\"og:description\" content=\"Sundag 14. april opna to utstillinger p\u00e5 Vitengarden. &quot;S\u00e5 gj\u00f8r vi s\u00e5... - klesvask i 100 \u00e5r&quot; er ei utstilling om utvikling av vaskemaskinar p\u00e5 J\u00e6ren fr\u00e5 1913 til 2013 og &quot;Lappete, lusete, fillette - ren... Skittent\u00f8yets kulturhistorie&quot; som er ei vandreutstilling fr\u00e5 Kvinnemuseet.\" \/>\n<meta property=\"og:url\" content=\"https:\/\/www.jaermuseet.no\/vitengarden\/sa-gjor-vi-sa-klesvask-i-100-ar\/\" \/>\n<meta property=\"og:site_name\" content=\"Vitengarden\" \/>\n<meta property=\"article:published_time\" content=\"2013-04-06T19:27:58+00:00\" \/>\n<meta property=\"og:image\" content=\"https:\/\/www.jaermuseet.no\/wp-content\/uploads\/sites\/11\/2013\/04\/Vaskemaskin-page-001.jpg\" \/>\n<meta name=\"author\" content=\"Vitengarden\" \/>\n<meta name=\"twitter:card\" content=\"summary_large_image\" \/>\n<meta name=\"twitter:label1\" content=\"Written by\" \/>\n\t<meta name=\"twitter:data1\" content=\"Vitengarden\" \/>\n\t<meta name=\"twitter:label2\" content=\"Est. reading time\" \/>\n\t<meta name=\"twitter:data2\" content=\"1 minutt\" \/>\n<script type=\"application\/ld+json\" class=\"yoast-schema-graph\">{\"@context\":\"https:\\\/\\\/schema.org\",\"@graph\":[{\"@type\":\"Article\",\"@id\":\"https:\\\/\\\/www.jaermuseet.no\\\/vitengarden\\\/sa-gjor-vi-sa-klesvask-i-100-ar\\\/#article\",\"isPartOf\":{\"@id\":\"https:\\\/\\\/www.jaermuseet.no\\\/vitengarden\\\/sa-gjor-vi-sa-klesvask-i-100-ar\\\/\"},\"author\":{\"name\":\"Vitengarden\",\"@id\":\"https:\\\/\\\/www.jaermuseet.no\\\/vitengarden\\\/#\\\/schema\\\/person\\\/ac022bcc14f020945a1d11c7b825c8f2\"},\"headline\":\"S\u00e5 gj\u00f8r vi s\u00e5 &#8211; klesvask i 100 \u00e5r\",\"datePublished\":\"2013-04-06T19:27:58+00:00\",\"mainEntityOfPage\":{\"@id\":\"https:\\\/\\\/www.jaermuseet.no\\\/vitengarden\\\/sa-gjor-vi-sa-klesvask-i-100-ar\\\/\"},\"wordCount\":266,\"commentCount\":0,\"image\":{\"@id\":\"https:\\\/\\\/www.jaermuseet.no\\\/vitengarden\\\/sa-gjor-vi-sa-klesvask-i-100-ar\\\/#primaryimage\"},\"thumbnailUrl\":\"https:\\\/\\\/www.jaermuseet.no\\\/wp-content\\\/uploads\\\/sites\\\/11\\\/2013\\\/04\\\/Vaskemaskin-page-001.jpg\",\"articleSection\":[\"Nytt fr\u00e5 Vitengarden\"],\"inLanguage\":\"nn-NO\",\"potentialAction\":[{\"@type\":\"CommentAction\",\"name\":\"Comment\",\"target\":[\"https:\\\/\\\/www.jaermuseet.no\\\/vitengarden\\\/sa-gjor-vi-sa-klesvask-i-100-ar\\\/#respond\"]}]},{\"@type\":\"WebPage\",\"@id\":\"https:\\\/\\\/www.jaermuseet.no\\\/vitengarden\\\/sa-gjor-vi-sa-klesvask-i-100-ar\\\/\",\"url\":\"https:\\\/\\\/www.jaermuseet.no\\\/vitengarden\\\/sa-gjor-vi-sa-klesvask-i-100-ar\\\/\",\"name\":\"S\u00e5 gj\u00f8r vi s\u00e5 - klesvask i 100 \u00e5r - Vitengarden\",\"isPartOf\":{\"@id\":\"https:\\\/\\\/www.jaermuseet.no\\\/vitengarden\\\/#website\"},\"primaryImageOfPage\":{\"@id\":\"https:\\\/\\\/www.jaermuseet.no\\\/vitengarden\\\/sa-gjor-vi-sa-klesvask-i-100-ar\\\/#primaryimage\"},\"image\":{\"@id\":\"https:\\\/\\\/www.jaermuseet.no\\\/vitengarden\\\/sa-gjor-vi-sa-klesvask-i-100-ar\\\/#primaryimage\"},\"thumbnailUrl\":\"https:\\\/\\\/www.jaermuseet.no\\\/wp-content\\\/uploads\\\/sites\\\/11\\\/2013\\\/04\\\/Vaskemaskin-page-001.jpg\",\"datePublished\":\"2013-04-06T19:27:58+00:00\",\"author\":{\"@id\":\"https:\\\/\\\/www.jaermuseet.no\\\/vitengarden\\\/#\\\/schema\\\/person\\\/ac022bcc14f020945a1d11c7b825c8f2\"},\"breadcrumb\":{\"@id\":\"https:\\\/\\\/www.jaermuseet.no\\\/vitengarden\\\/sa-gjor-vi-sa-klesvask-i-100-ar\\\/#breadcrumb\"},\"inLanguage\":\"nn-NO\",\"potentialAction\":[{\"@type\":\"ReadAction\",\"target\":[\"https:\\\/\\\/www.jaermuseet.no\\\/vitengarden\\\/sa-gjor-vi-sa-klesvask-i-100-ar\\\/\"]}]},{\"@type\":\"ImageObject\",\"inLanguage\":\"nn-NO\",\"@id\":\"https:\\\/\\\/www.jaermuseet.no\\\/vitengarden\\\/sa-gjor-vi-sa-klesvask-i-100-ar\\\/#primaryimage\",\"url\":\"https:\\\/\\\/www.jaermuseet.no\\\/wp-content\\\/uploads\\\/sites\\\/11\\\/2013\\\/04\\\/Vaskemaskin-page-001.jpg\",\"contentUrl\":\"https:\\\/\\\/www.jaermuseet.no\\\/wp-content\\\/uploads\\\/sites\\\/11\\\/2013\\\/04\\\/Vaskemaskin-page-001.jpg\"},{\"@type\":\"BreadcrumbList\",\"@id\":\"https:\\\/\\\/www.jaermuseet.no\\\/vitengarden\\\/sa-gjor-vi-sa-klesvask-i-100-ar\\\/#breadcrumb\",\"itemListElement\":[{\"@type\":\"ListItem\",\"position\":1,\"name\":\"Heim\",\"item\":\"https:\\\/\\\/www.jaermuseet.no\\\/vitengarden\\\/\"},{\"@type\":\"ListItem\",\"position\":2,\"name\":\"S\u00e5 gj\u00f8r vi s\u00e5 &#8211; klesvask i 100 \u00e5r\"}]},{\"@type\":\"WebSite\",\"@id\":\"https:\\\/\\\/www.jaermuseet.no\\\/vitengarden\\\/#website\",\"url\":\"https:\\\/\\\/www.jaermuseet.no\\\/vitengarden\\\/\",\"name\":\"Vitengarden\",\"description\":\"Take part in science and history with new and engaging methods\",\"potentialAction\":[{\"@type\":\"SearchAction\",\"target\":{\"@type\":\"EntryPoint\",\"urlTemplate\":\"https:\\\/\\\/www.jaermuseet.no\\\/vitengarden\\\/?s={search_term_string}\"},\"query-input\":{\"@type\":\"PropertyValueSpecification\",\"valueRequired\":true,\"valueName\":\"search_term_string\"}}],\"inLanguage\":\"nn-NO\"},{\"@type\":\"Person\",\"@id\":\"https:\\\/\\\/www.jaermuseet.no\\\/vitengarden\\\/#\\\/schema\\\/person\\\/ac022bcc14f020945a1d11c7b825c8f2\",\"name\":\"Vitengarden\",\"image\":{\"@type\":\"ImageObject\",\"inLanguage\":\"nn-NO\",\"@id\":\"https:\\\/\\\/secure.gravatar.com\\\/avatar\\\/05ab667a03e4e22dc7bcffff9bbbdd8fc37f1f5acdd02907e510909ad5b0fd27?s=96&d=mm&r=g\",\"url\":\"https:\\\/\\\/secure.gravatar.com\\\/avatar\\\/05ab667a03e4e22dc7bcffff9bbbdd8fc37f1f5acdd02907e510909ad5b0fd27?s=96&d=mm&r=g\",\"contentUrl\":\"https:\\\/\\\/secure.gravatar.com\\\/avatar\\\/05ab667a03e4e22dc7bcffff9bbbdd8fc37f1f5acdd02907e510909ad5b0fd27?s=96&d=mm&r=g\",\"caption\":\"Vitengarden\"},\"url\":\"https:\\\/\\\/www.jaermuseet.no\\\/vitengarden\\\/author\\\/vitengarden\\\/\"}]}<\/script>\n<!-- \/ Yoast SEO plugin. -->","yoast_head_json":{"title":"S\u00e5 gj\u00f8r vi s\u00e5 - klesvask i 100 \u00e5r - Vitengarden","robots":{"index":"index","follow":"follow","max-snippet":"max-snippet:-1","max-image-preview":"max-image-preview:large","max-video-preview":"max-video-preview:-1"},"canonical":"https:\/\/www.jaermuseet.no\/vitengarden\/sa-gjor-vi-sa-klesvask-i-100-ar\/","og_locale":"nn_NO","og_type":"article","og_title":"S\u00e5 gj\u00f8r vi s\u00e5 - klesvask i 100 \u00e5r - Vitengarden","og_description":"Sundag 14. april opna to utstillinger p\u00e5 Vitengarden. \"S\u00e5 gj\u00f8r vi s\u00e5... - klesvask i 100 \u00e5r\" er ei utstilling om utvikling av vaskemaskinar p\u00e5 J\u00e6ren fr\u00e5 1913 til 2013 og \"Lappete, lusete, fillette - ren... Skittent\u00f8yets kulturhistorie\" som er ei vandreutstilling fr\u00e5 Kvinnemuseet.","og_url":"https:\/\/www.jaermuseet.no\/vitengarden\/sa-gjor-vi-sa-klesvask-i-100-ar\/","og_site_name":"Vitengarden","article_published_time":"2013-04-06T19:27:58+00:00","og_image":[{"url":"https:\/\/www.jaermuseet.no\/wp-content\/uploads\/sites\/11\/2013\/04\/Vaskemaskin-page-001.jpg","type":"","width":"","height":""}],"author":"Vitengarden","twitter_card":"summary_large_image","twitter_misc":{"Written by":"Vitengarden","Est. reading time":"1 minutt"},"schema":{"@context":"https:\/\/schema.org","@graph":[{"@type":"Article","@id":"https:\/\/www.jaermuseet.no\/vitengarden\/sa-gjor-vi-sa-klesvask-i-100-ar\/#article","isPartOf":{"@id":"https:\/\/www.jaermuseet.no\/vitengarden\/sa-gjor-vi-sa-klesvask-i-100-ar\/"},"author":{"name":"Vitengarden","@id":"https:\/\/www.jaermuseet.no\/vitengarden\/#\/schema\/person\/ac022bcc14f020945a1d11c7b825c8f2"},"headline":"S\u00e5 gj\u00f8r vi s\u00e5 &#8211; klesvask i 100 \u00e5r","datePublished":"2013-04-06T19:27:58+00:00","mainEntityOfPage":{"@id":"https:\/\/www.jaermuseet.no\/vitengarden\/sa-gjor-vi-sa-klesvask-i-100-ar\/"},"wordCount":266,"commentCount":0,"image":{"@id":"https:\/\/www.jaermuseet.no\/vitengarden\/sa-gjor-vi-sa-klesvask-i-100-ar\/#primaryimage"},"thumbnailUrl":"https:\/\/www.jaermuseet.no\/wp-content\/uploads\/sites\/11\/2013\/04\/Vaskemaskin-page-001.jpg","articleSection":["Nytt fr\u00e5 Vitengarden"],"inLanguage":"nn-NO","potentialAction":[{"@type":"CommentAction","name":"Comment","target":["https:\/\/www.jaermuseet.no\/vitengarden\/sa-gjor-vi-sa-klesvask-i-100-ar\/#respond"]}]},{"@type":"WebPage","@id":"https:\/\/www.jaermuseet.no\/vitengarden\/sa-gjor-vi-sa-klesvask-i-100-ar\/","url":"https:\/\/www.jaermuseet.no\/vitengarden\/sa-gjor-vi-sa-klesvask-i-100-ar\/","name":"S\u00e5 gj\u00f8r vi s\u00e5 - klesvask i 100 \u00e5r - Vitengarden","isPartOf":{"@id":"https:\/\/www.jaermuseet.no\/vitengarden\/#website"},"primaryImageOfPage":{"@id":"https:\/\/www.jaermuseet.no\/vitengarden\/sa-gjor-vi-sa-klesvask-i-100-ar\/#primaryimage"},"image":{"@id":"https:\/\/www.jaermuseet.no\/vitengarden\/sa-gjor-vi-sa-klesvask-i-100-ar\/#primaryimage"},"thumbnailUrl":"https:\/\/www.jaermuseet.no\/wp-content\/uploads\/sites\/11\/2013\/04\/Vaskemaskin-page-001.jpg","datePublished":"2013-04-06T19:27:58+00:00","author":{"@id":"https:\/\/www.jaermuseet.no\/vitengarden\/#\/schema\/person\/ac022bcc14f020945a1d11c7b825c8f2"},"breadcrumb":{"@id":"https:\/\/www.jaermuseet.no\/vitengarden\/sa-gjor-vi-sa-klesvask-i-100-ar\/#breadcrumb"},"inLanguage":"nn-NO","potentialAction":[{"@type":"ReadAction","target":["https:\/\/www.jaermuseet.no\/vitengarden\/sa-gjor-vi-sa-klesvask-i-100-ar\/"]}]},{"@type":"ImageObject","inLanguage":"nn-NO","@id":"https:\/\/www.jaermuseet.no\/vitengarden\/sa-gjor-vi-sa-klesvask-i-100-ar\/#primaryimage","url":"https:\/\/www.jaermuseet.no\/wp-content\/uploads\/sites\/11\/2013\/04\/Vaskemaskin-page-001.jpg","contentUrl":"https:\/\/www.jaermuseet.no\/wp-content\/uploads\/sites\/11\/2013\/04\/Vaskemaskin-page-001.jpg"},{"@type":"BreadcrumbList","@id":"https:\/\/www.jaermuseet.no\/vitengarden\/sa-gjor-vi-sa-klesvask-i-100-ar\/#breadcrumb","itemListElement":[{"@type":"ListItem","position":1,"name":"Heim","item":"https:\/\/www.jaermuseet.no\/vitengarden\/"},{"@type":"ListItem","position":2,"name":"S\u00e5 gj\u00f8r vi s\u00e5 &#8211; klesvask i 100 \u00e5r"}]},{"@type":"WebSite","@id":"https:\/\/www.jaermuseet.no\/vitengarden\/#website","url":"https:\/\/www.jaermuseet.no\/vitengarden\/","name":"Vitengarden","description":"Take part in science and history with new and engaging methods","potentialAction":[{"@type":"SearchAction","target":{"@type":"EntryPoint","urlTemplate":"https:\/\/www.jaermuseet.no\/vitengarden\/?s={search_term_string}"},"query-input":{"@type":"PropertyValueSpecification","valueRequired":true,"valueName":"search_term_string"}}],"inLanguage":"nn-NO"},{"@type":"Person","@id":"https:\/\/www.jaermuseet.no\/vitengarden\/#\/schema\/person\/ac022bcc14f020945a1d11c7b825c8f2","name":"Vitengarden","image":{"@type":"ImageObject","inLanguage":"nn-NO","@id":"https:\/\/secure.gravatar.com\/avatar\/05ab667a03e4e22dc7bcffff9bbbdd8fc37f1f5acdd02907e510909ad5b0fd27?s=96&d=mm&r=g","url":"https:\/\/secure.gravatar.com\/avatar\/05ab667a03e4e22dc7bcffff9bbbdd8fc37f1f5acdd02907e510909ad5b0fd27?s=96&d=mm&r=g","contentUrl":"https:\/\/secure.gravatar.com\/avatar\/05ab667a03e4e22dc7bcffff9bbbdd8fc37f1f5acdd02907e510909ad5b0fd27?s=96&d=mm&r=g","caption":"Vitengarden"},"url":"https:\/\/www.jaermuseet.no\/vitengarden\/author\/vitengarden\/"}]}},"cc_featured_image_caption":{"caption_text":false,"source_text":false,"source_url":false},"jetpack_featured_media_url":"","jetpack_sharing_enabled":true,"_links":{"self":[{"href":"https:\/\/www.jaermuseet.no\/vitengarden\/wp-json\/wp\/v2\/posts\/101","targetHints":{"allow":["GET"]}}],"collection":[{"href":"https:\/\/www.jaermuseet.no\/vitengarden\/wp-json\/wp\/v2\/posts"}],"about":[{"href":"https:\/\/www.jaermuseet.no\/vitengarden\/wp-json\/wp\/v2\/types\/post"}],"author":[{"embeddable":true,"href":"https:\/\/www.jaermuseet.no\/vitengarden\/wp-json\/wp\/v2\/users\/10"}],"replies":[{"embeddable":true,"href":"https:\/\/www.jaermuseet.no\/vitengarden\/wp-json\/wp\/v2\/comments?post=101"}],"version-history":[{"count":0,"href":"https:\/\/www.jaermuseet.no\/vitengarden\/wp-json\/wp\/v2\/posts\/101\/revisions"}],"wp:attachment":[{"href":"https:\/\/www.jaermuseet.no\/vitengarden\/wp-json\/wp\/v2\/media?parent=101"}],"wp:term":[{"taxonomy":"category","embeddable":true,"href":"https:\/\/www.jaermuseet.no\/vitengarden\/wp-json\/wp\/v2\/categories?post=101"},{"taxonomy":"post_tag","embeddable":true,"href":"https:\/\/www.jaermuseet.no\/vitengarden\/wp-json\/wp\/v2\/tags?post=101"}],"curies":[{"name":"wp","href":"https:\/\/api.w.org\/{rel}","templated":true}]}}