{"id":9152,"date":"2022-01-25T09:55:35","date_gmt":"2022-01-25T08:55:35","guid":{"rendered":"https:\/\/www.jaermuseet.no\/vitenfabrikken\/?p=9152"},"modified":"2022-01-25T14:13:27","modified_gmt":"2022-01-25T13:13:27","slug":"formidlingsvideoer-matematikk-fysikk","status":"publish","type":"post","link":"https:\/\/www.jaermuseet.no\/vitenfabrikken\/formidlingsvideoer-matematikk-fysikk\/","title":{"rendered":"Formidlingsvideoer i matematikk og fysikk"},"content":{"rendered":"\n<p><em>P\u00e5 J\u00e6rmuseet sin YouTube kanal, og p\u00e5 Vitenfabrikkens nettside, er det n\u00e5 publisert flere videoer med tema matematikk og fysikk<\/em>.<\/p>\n\n\n\n<p>Johan Nyg\u00e5rd er tidligere lektor ved Sandnes vgs, og Lars Sund er tidligere fysiker i Equinor. Begge to har i en \u00e5rrekke bidratt med sin kompetanse b\u00e5de i bygging av utstillinger p\u00e5 Vitenfabrikken og i formidlingsarbeid med s\u00e6rlig fokus p\u00e5 matematikk og fysikk. Opp gjennom \u00e5rene har de laget presentasjoner innen utvalgte tema i matematikk og fysikk. Disse presentasjonene, 12 totalt, har vi n\u00e5 f\u00e5tt Nyg\u00e5rd og Sund til \u00e5 presentere selv mens de har blitt filmet. Alle 12 filmene med presentasjoner er publisert p\u00e5 YouTube. Vi h\u00e5per disse presentasjonene vil gi realfagsinspirasjon til l\u00e6rere, studenter, elever og andre. &nbsp;<\/p>\n\n\n\n<p><a href=\"https:\/\/www.jaermuseet.no\/vitenfabrikken\/educational\/bibliotek\/\" target=\"_blank\" rel=\"noreferrer noopener\">Her kan du se alle videoene.<\/a><\/p>\n","protected":false},"excerpt":{"rendered":"<p>P\u00e5 J\u00e6rmuseet sin YouTube kanal, og p\u00e5 Vitenfabrikkens nettside, er&#8230;<\/p>\n","protected":false},"author":18,"featured_media":9154,"comment_status":"closed","ping_status":"closed","sticky":false,"template":"","format":"standard","meta":{"_acf_changed":false,"_jetpack_memberships_contains_paid_content":false,"footnotes":""},"categories":[4],"tags":[],"class_list":["post-9152","post","type-post","status-publish","format-standard","has-post-thumbnail","hentry","category-nyheter-fra-vitenfabrikken","featured-image-size-large"],"acf":[],"yoast_head":"<!-- This site is optimized with the Yoast SEO plugin v27.4 - https:\/\/yoast.com\/product\/yoast-seo-wordpress\/ -->\n<title>Formidlingsvideoer i matematikk og fysikk - Vitenfabrikken<\/title>\n<meta name=\"robots\" content=\"index, follow, max-snippet:-1, max-image-preview:large, max-video-preview:-1\" \/>\n<link rel=\"canonical\" href=\"https:\/\/www.jaermuseet.no\/vitenfabrikken\/formidlingsvideoer-matematikk-fysikk\/\" \/>\n<meta property=\"og:locale\" content=\"nb_NO\" \/>\n<meta property=\"og:type\" content=\"article\" \/>\n<meta property=\"og:title\" content=\"Formidlingsvideoer i matematikk og fysikk - Vitenfabrikken\" \/>\n<meta property=\"og:description\" content=\"P\u00e5 J\u00e6rmuseet sin YouTube kanal, og p\u00e5 Vitenfabrikkens nettside, er...\" \/>\n<meta property=\"og:url\" content=\"https:\/\/www.jaermuseet.no\/vitenfabrikken\/formidlingsvideoer-matematikk-fysikk\/\" \/>\n<meta property=\"og:site_name\" content=\"Vitenfabrikken\" \/>\n<meta property=\"article:published_time\" content=\"2022-01-25T08:55:35+00:00\" \/>\n<meta property=\"article:modified_time\" content=\"2022-01-25T13:13:27+00:00\" \/>\n<meta property=\"og:image\" content=\"https:\/\/www.jaermuseet.no\/vitenfabrikken\/wp-content\/uploads\/sites\/12\/2022\/01\/Nyggard2.jpg\" \/>\n\t<meta property=\"og:image:width\" content=\"429\" \/>\n\t<meta property=\"og:image:height\" content=\"347\" \/>\n\t<meta property=\"og:image:type\" content=\"image\/jpeg\" \/>\n<meta name=\"author\" content=\"Elin Ravndal Bell\" \/>\n<meta name=\"twitter:card\" content=\"summary_large_image\" \/>\n<meta name=\"twitter:label1\" content=\"Skrevet av\" \/>\n\t<meta name=\"twitter:data1\" content=\"Elin Ravndal Bell\" \/>\n\t<meta name=\"twitter:label2\" content=\"Ansl. lesetid\" \/>\n\t<meta name=\"twitter:data2\" content=\"1 minutt\" \/>\n<script type=\"application\/ld+json\" class=\"yoast-schema-graph\">{\"@context\":\"https:\\\/\\\/schema.org\",\"@graph\":[{\"@type\":\"Article\",\"@id\":\"https:\\\/\\\/www.jaermuseet.no\\\/vitenfabrikken\\\/formidlingsvideoer-matematikk-fysikk\\\/#article\",\"isPartOf\":{\"@id\":\"https:\\\/\\\/www.jaermuseet.no\\\/vitenfabrikken\\\/formidlingsvideoer-matematikk-fysikk\\\/\"},\"author\":{\"name\":\"Elin Ravndal Bell\",\"@id\":\"https:\\\/\\\/www.jaermuseet.no\\\/vitenfabrikken\\\/#\\\/schema\\\/person\\\/7ff2f4a5ef01f38db857a14b2d7e38e2\"},\"headline\":\"Formidlingsvideoer i matematikk og fysikk\",\"datePublished\":\"2022-01-25T08:55:35+00:00\",\"dateModified\":\"2022-01-25T13:13:27+00:00\",\"mainEntityOfPage\":{\"@id\":\"https:\\\/\\\/www.jaermuseet.no\\\/vitenfabrikken\\\/formidlingsvideoer-matematikk-fysikk\\\/\"},\"wordCount\":136,\"image\":{\"@id\":\"https:\\\/\\\/www.jaermuseet.no\\\/vitenfabrikken\\\/formidlingsvideoer-matematikk-fysikk\\\/#primaryimage\"},\"thumbnailUrl\":\"https:\\\/\\\/www.jaermuseet.no\\\/vitenfabrikken\\\/wp-content\\\/uploads\\\/sites\\\/12\\\/2022\\\/01\\\/Nyggard2.jpg\",\"articleSection\":[\"Nytt fra Vitenfabrikken\"],\"inLanguage\":\"nb-NO\"},{\"@type\":\"WebPage\",\"@id\":\"https:\\\/\\\/www.jaermuseet.no\\\/vitenfabrikken\\\/formidlingsvideoer-matematikk-fysikk\\\/\",\"url\":\"https:\\\/\\\/www.jaermuseet.no\\\/vitenfabrikken\\\/formidlingsvideoer-matematikk-fysikk\\\/\",\"name\":\"Formidlingsvideoer i matematikk og fysikk - Vitenfabrikken\",\"isPartOf\":{\"@id\":\"https:\\\/\\\/www.jaermuseet.no\\\/vitenfabrikken\\\/#website\"},\"primaryImageOfPage\":{\"@id\":\"https:\\\/\\\/www.jaermuseet.no\\\/vitenfabrikken\\\/formidlingsvideoer-matematikk-fysikk\\\/#primaryimage\"},\"image\":{\"@id\":\"https:\\\/\\\/www.jaermuseet.no\\\/vitenfabrikken\\\/formidlingsvideoer-matematikk-fysikk\\\/#primaryimage\"},\"thumbnailUrl\":\"https:\\\/\\\/www.jaermuseet.no\\\/vitenfabrikken\\\/wp-content\\\/uploads\\\/sites\\\/12\\\/2022\\\/01\\\/Nyggard2.jpg\",\"datePublished\":\"2022-01-25T08:55:35+00:00\",\"dateModified\":\"2022-01-25T13:13:27+00:00\",\"author\":{\"@id\":\"https:\\\/\\\/www.jaermuseet.no\\\/vitenfabrikken\\\/#\\\/schema\\\/person\\\/7ff2f4a5ef01f38db857a14b2d7e38e2\"},\"breadcrumb\":{\"@id\":\"https:\\\/\\\/www.jaermuseet.no\\\/vitenfabrikken\\\/formidlingsvideoer-matematikk-fysikk\\\/#breadcrumb\"},\"inLanguage\":\"nb-NO\",\"potentialAction\":[{\"@type\":\"ReadAction\",\"target\":[\"https:\\\/\\\/www.jaermuseet.no\\\/vitenfabrikken\\\/formidlingsvideoer-matematikk-fysikk\\\/\"]}]},{\"@type\":\"ImageObject\",\"inLanguage\":\"nb-NO\",\"@id\":\"https:\\\/\\\/www.jaermuseet.no\\\/vitenfabrikken\\\/formidlingsvideoer-matematikk-fysikk\\\/#primaryimage\",\"url\":\"https:\\\/\\\/www.jaermuseet.no\\\/vitenfabrikken\\\/wp-content\\\/uploads\\\/sites\\\/12\\\/2022\\\/01\\\/Nyggard2.jpg\",\"contentUrl\":\"https:\\\/\\\/www.jaermuseet.no\\\/vitenfabrikken\\\/wp-content\\\/uploads\\\/sites\\\/12\\\/2022\\\/01\\\/Nyggard2.jpg\",\"width\":429,\"height\":347},{\"@type\":\"BreadcrumbList\",\"@id\":\"https:\\\/\\\/www.jaermuseet.no\\\/vitenfabrikken\\\/formidlingsvideoer-matematikk-fysikk\\\/#breadcrumb\",\"itemListElement\":[{\"@type\":\"ListItem\",\"position\":1,\"name\":\"Hjem\",\"item\":\"https:\\\/\\\/www.jaermuseet.no\\\/vitenfabrikken\\\/\"},{\"@type\":\"ListItem\",\"position\":2,\"name\":\"Formidlingsvideoer i matematikk og fysikk\"}]},{\"@type\":\"WebSite\",\"@id\":\"https:\\\/\\\/www.jaermuseet.no\\\/vitenfabrikken\\\/#website\",\"url\":\"https:\\\/\\\/www.jaermuseet.no\\\/vitenfabrikken\\\/\",\"name\":\"Vitenfabrikken\",\"description\":\"Exciting exhibitions and interactive installations\",\"potentialAction\":[{\"@type\":\"SearchAction\",\"target\":{\"@type\":\"EntryPoint\",\"urlTemplate\":\"https:\\\/\\\/www.jaermuseet.no\\\/vitenfabrikken\\\/?s={search_term_string}\"},\"query-input\":{\"@type\":\"PropertyValueSpecification\",\"valueRequired\":true,\"valueName\":\"search_term_string\"}}],\"inLanguage\":\"nb-NO\"},{\"@type\":\"Person\",\"@id\":\"https:\\\/\\\/www.jaermuseet.no\\\/vitenfabrikken\\\/#\\\/schema\\\/person\\\/7ff2f4a5ef01f38db857a14b2d7e38e2\",\"name\":\"Elin Ravndal Bell\",\"image\":{\"@type\":\"ImageObject\",\"inLanguage\":\"nb-NO\",\"@id\":\"https:\\\/\\\/secure.gravatar.com\\\/avatar\\\/4181007aaf01ac703eb4e74ca2c02bb9a1b5431636b84de7dd3dce5826c01cb6?s=96&d=mm&r=g\",\"url\":\"https:\\\/\\\/secure.gravatar.com\\\/avatar\\\/4181007aaf01ac703eb4e74ca2c02bb9a1b5431636b84de7dd3dce5826c01cb6?s=96&d=mm&r=g\",\"contentUrl\":\"https:\\\/\\\/secure.gravatar.com\\\/avatar\\\/4181007aaf01ac703eb4e74ca2c02bb9a1b5431636b84de7dd3dce5826c01cb6?s=96&d=mm&r=g\",\"caption\":\"Elin Ravndal Bell\"},\"url\":\"https:\\\/\\\/www.jaermuseet.no\\\/vitenfabrikken\\\/author\\\/elrabe\\\/\"}]}<\/script>\n<!-- \/ Yoast SEO plugin. -->","yoast_head_json":{"title":"Formidlingsvideoer i matematikk og fysikk - Vitenfabrikken","robots":{"index":"index","follow":"follow","max-snippet":"max-snippet:-1","max-image-preview":"max-image-preview:large","max-video-preview":"max-video-preview:-1"},"canonical":"https:\/\/www.jaermuseet.no\/vitenfabrikken\/formidlingsvideoer-matematikk-fysikk\/","og_locale":"nb_NO","og_type":"article","og_title":"Formidlingsvideoer i matematikk og fysikk - Vitenfabrikken","og_description":"P\u00e5 J\u00e6rmuseet sin YouTube kanal, og p\u00e5 Vitenfabrikkens nettside, er...","og_url":"https:\/\/www.jaermuseet.no\/vitenfabrikken\/formidlingsvideoer-matematikk-fysikk\/","og_site_name":"Vitenfabrikken","article_published_time":"2022-01-25T08:55:35+00:00","article_modified_time":"2022-01-25T13:13:27+00:00","og_image":[{"width":429,"height":347,"url":"https:\/\/www.jaermuseet.no\/vitenfabrikken\/wp-content\/uploads\/sites\/12\/2022\/01\/Nyggard2.jpg","type":"image\/jpeg"}],"author":"Elin Ravndal Bell","twitter_card":"summary_large_image","twitter_misc":{"Skrevet av":"Elin Ravndal Bell","Ansl. lesetid":"1 minutt"},"schema":{"@context":"https:\/\/schema.org","@graph":[{"@type":"Article","@id":"https:\/\/www.jaermuseet.no\/vitenfabrikken\/formidlingsvideoer-matematikk-fysikk\/#article","isPartOf":{"@id":"https:\/\/www.jaermuseet.no\/vitenfabrikken\/formidlingsvideoer-matematikk-fysikk\/"},"author":{"name":"Elin Ravndal Bell","@id":"https:\/\/www.jaermuseet.no\/vitenfabrikken\/#\/schema\/person\/7ff2f4a5ef01f38db857a14b2d7e38e2"},"headline":"Formidlingsvideoer i matematikk og fysikk","datePublished":"2022-01-25T08:55:35+00:00","dateModified":"2022-01-25T13:13:27+00:00","mainEntityOfPage":{"@id":"https:\/\/www.jaermuseet.no\/vitenfabrikken\/formidlingsvideoer-matematikk-fysikk\/"},"wordCount":136,"image":{"@id":"https:\/\/www.jaermuseet.no\/vitenfabrikken\/formidlingsvideoer-matematikk-fysikk\/#primaryimage"},"thumbnailUrl":"https:\/\/www.jaermuseet.no\/vitenfabrikken\/wp-content\/uploads\/sites\/12\/2022\/01\/Nyggard2.jpg","articleSection":["Nytt fra Vitenfabrikken"],"inLanguage":"nb-NO"},{"@type":"WebPage","@id":"https:\/\/www.jaermuseet.no\/vitenfabrikken\/formidlingsvideoer-matematikk-fysikk\/","url":"https:\/\/www.jaermuseet.no\/vitenfabrikken\/formidlingsvideoer-matematikk-fysikk\/","name":"Formidlingsvideoer i matematikk og fysikk - Vitenfabrikken","isPartOf":{"@id":"https:\/\/www.jaermuseet.no\/vitenfabrikken\/#website"},"primaryImageOfPage":{"@id":"https:\/\/www.jaermuseet.no\/vitenfabrikken\/formidlingsvideoer-matematikk-fysikk\/#primaryimage"},"image":{"@id":"https:\/\/www.jaermuseet.no\/vitenfabrikken\/formidlingsvideoer-matematikk-fysikk\/#primaryimage"},"thumbnailUrl":"https:\/\/www.jaermuseet.no\/vitenfabrikken\/wp-content\/uploads\/sites\/12\/2022\/01\/Nyggard2.jpg","datePublished":"2022-01-25T08:55:35+00:00","dateModified":"2022-01-25T13:13:27+00:00","author":{"@id":"https:\/\/www.jaermuseet.no\/vitenfabrikken\/#\/schema\/person\/7ff2f4a5ef01f38db857a14b2d7e38e2"},"breadcrumb":{"@id":"https:\/\/www.jaermuseet.no\/vitenfabrikken\/formidlingsvideoer-matematikk-fysikk\/#breadcrumb"},"inLanguage":"nb-NO","potentialAction":[{"@type":"ReadAction","target":["https:\/\/www.jaermuseet.no\/vitenfabrikken\/formidlingsvideoer-matematikk-fysikk\/"]}]},{"@type":"ImageObject","inLanguage":"nb-NO","@id":"https:\/\/www.jaermuseet.no\/vitenfabrikken\/formidlingsvideoer-matematikk-fysikk\/#primaryimage","url":"https:\/\/www.jaermuseet.no\/vitenfabrikken\/wp-content\/uploads\/sites\/12\/2022\/01\/Nyggard2.jpg","contentUrl":"https:\/\/www.jaermuseet.no\/vitenfabrikken\/wp-content\/uploads\/sites\/12\/2022\/01\/Nyggard2.jpg","width":429,"height":347},{"@type":"BreadcrumbList","@id":"https:\/\/www.jaermuseet.no\/vitenfabrikken\/formidlingsvideoer-matematikk-fysikk\/#breadcrumb","itemListElement":[{"@type":"ListItem","position":1,"name":"Hjem","item":"https:\/\/www.jaermuseet.no\/vitenfabrikken\/"},{"@type":"ListItem","position":2,"name":"Formidlingsvideoer i matematikk og fysikk"}]},{"@type":"WebSite","@id":"https:\/\/www.jaermuseet.no\/vitenfabrikken\/#website","url":"https:\/\/www.jaermuseet.no\/vitenfabrikken\/","name":"Vitenfabrikken","description":"Exciting exhibitions and interactive installations","potentialAction":[{"@type":"SearchAction","target":{"@type":"EntryPoint","urlTemplate":"https:\/\/www.jaermuseet.no\/vitenfabrikken\/?s={search_term_string}"},"query-input":{"@type":"PropertyValueSpecification","valueRequired":true,"valueName":"search_term_string"}}],"inLanguage":"nb-NO"},{"@type":"Person","@id":"https:\/\/www.jaermuseet.no\/vitenfabrikken\/#\/schema\/person\/7ff2f4a5ef01f38db857a14b2d7e38e2","name":"Elin Ravndal Bell","image":{"@type":"ImageObject","inLanguage":"nb-NO","@id":"https:\/\/secure.gravatar.com\/avatar\/4181007aaf01ac703eb4e74ca2c02bb9a1b5431636b84de7dd3dce5826c01cb6?s=96&d=mm&r=g","url":"https:\/\/secure.gravatar.com\/avatar\/4181007aaf01ac703eb4e74ca2c02bb9a1b5431636b84de7dd3dce5826c01cb6?s=96&d=mm&r=g","contentUrl":"https:\/\/secure.gravatar.com\/avatar\/4181007aaf01ac703eb4e74ca2c02bb9a1b5431636b84de7dd3dce5826c01cb6?s=96&d=mm&r=g","caption":"Elin Ravndal Bell"},"url":"https:\/\/www.jaermuseet.no\/vitenfabrikken\/author\/elrabe\/"}]}},"cc_featured_image_caption":{"caption_text":"","source_text":"","source_url":""},"jetpack_featured_media_url":"https:\/\/www.jaermuseet.no\/vitenfabrikken\/wp-content\/uploads\/sites\/12\/2022\/01\/Nyggard2.jpg","jetpack_sharing_enabled":true,"jetpack-related-posts":[{"id":2993,"url":"https:\/\/www.jaermuseet.no\/vitenfabrikken\/kodeknekkeren-2025-2\/","url_meta":{"origin":9152,"position":0},"title":"Kodeknekkeren 2025","author":"Vitenfabrikken","date":"4. februar 2025","format":false,"excerpt":"Kodeknekkeren er en \u00e5rlig matematikk-konkurranse for videreg\u00e5nde skoler, som arrangeres i samarbeid med Equinor. Det er to runder i Kodeknekkeren. Oppgavene til runde 1 blir publisert her p\u00e5 denne siden 16. januar. Disse oppgavene kan l\u00f8ses p\u00e5 skolen, og m\u00e5 bli sendt inn innen kl. 23:41 21. februar. De som\u2026","rel":"","context":"i &quot;Nytt fra Vitenfabrikken&quot;","block_context":{"text":"Nytt fra Vitenfabrikken","link":"https:\/\/www.jaermuseet.no\/vitenfabrikken\/kategori\/nyheter-fra-vitenfabrikken\/"},"img":{"alt_text":"","src":"https:\/\/i0.wp.com\/www.jaermuseet.no\/vitenfabrikken\/wp-content\/uploads\/sites\/12\/2025\/01\/240314_Kodeknekkeren_2024_Vitenfabrikken_WebDSC02457-scaled.jpg?resize=350%2C200&ssl=1","width":350,"height":200,"srcset":"https:\/\/i0.wp.com\/www.jaermuseet.no\/vitenfabrikken\/wp-content\/uploads\/sites\/12\/2025\/01\/240314_Kodeknekkeren_2024_Vitenfabrikken_WebDSC02457-scaled.jpg?resize=350%2C200&ssl=1 1x, https:\/\/i0.wp.com\/www.jaermuseet.no\/vitenfabrikken\/wp-content\/uploads\/sites\/12\/2025\/01\/240314_Kodeknekkeren_2024_Vitenfabrikken_WebDSC02457-scaled.jpg?resize=525%2C300&ssl=1 1.5x, https:\/\/i0.wp.com\/www.jaermuseet.no\/vitenfabrikken\/wp-content\/uploads\/sites\/12\/2025\/01\/240314_Kodeknekkeren_2024_Vitenfabrikken_WebDSC02457-scaled.jpg?resize=700%2C400&ssl=1 2x, https:\/\/i0.wp.com\/www.jaermuseet.no\/vitenfabrikken\/wp-content\/uploads\/sites\/12\/2025\/01\/240314_Kodeknekkeren_2024_Vitenfabrikken_WebDSC02457-scaled.jpg?resize=1050%2C600&ssl=1 3x, https:\/\/i0.wp.com\/www.jaermuseet.no\/vitenfabrikken\/wp-content\/uploads\/sites\/12\/2025\/01\/240314_Kodeknekkeren_2024_Vitenfabrikken_WebDSC02457-scaled.jpg?resize=1400%2C800&ssl=1 4x"},"classes":[]},{"id":6148,"url":"https:\/\/www.jaermuseet.no\/vitenfabrikken\/omvisning-for-grupper\/","url_meta":{"origin":9152,"position":1},"title":"Privat omvisning for en gruppe","author":"Vitenfabrikken","date":"3. juni 2024","format":false,"excerpt":"Book en engasjerende og l\u00e6rerik omvisning for ditt lag, forening eller organisasjon. Tema: Vi hos \u00d8gl\u00e6nd I 2018 \u00e5pnet Vitenfabrikken \u00ab\u00d8gl\u00e6nd i 150\u00bb i forbindelse med at det var 150 \u00e5r siden Sandnesbedriften ble etablert. Bli bedre kjent med bedriften som har v\u00e6rt s\u00e5 viktig for v\u00e5r region. V\u00e5re omvisere\u2026","rel":"","context":"i &quot;Bedriftstilbud&quot;","block_context":{"text":"Bedriftstilbud","link":"https:\/\/www.jaermuseet.no\/vitenfabrikken\/kategori\/teambuilding-og-familiedag-mote-utleie\/"},"img":{"alt_text":"","src":"https:\/\/i0.wp.com\/www.jaermuseet.no\/vitenfabrikken\/wp-content\/uploads\/sites\/12\/2024\/06\/20230531-Cruisebesok-foto-Aina-Fiskaa_red-scaled.jpg?resize=350%2C200&ssl=1","width":350,"height":200,"srcset":"https:\/\/i0.wp.com\/www.jaermuseet.no\/vitenfabrikken\/wp-content\/uploads\/sites\/12\/2024\/06\/20230531-Cruisebesok-foto-Aina-Fiskaa_red-scaled.jpg?resize=350%2C200&ssl=1 1x, https:\/\/i0.wp.com\/www.jaermuseet.no\/vitenfabrikken\/wp-content\/uploads\/sites\/12\/2024\/06\/20230531-Cruisebesok-foto-Aina-Fiskaa_red-scaled.jpg?resize=525%2C300&ssl=1 1.5x, https:\/\/i0.wp.com\/www.jaermuseet.no\/vitenfabrikken\/wp-content\/uploads\/sites\/12\/2024\/06\/20230531-Cruisebesok-foto-Aina-Fiskaa_red-scaled.jpg?resize=700%2C400&ssl=1 2x, https:\/\/i0.wp.com\/www.jaermuseet.no\/vitenfabrikken\/wp-content\/uploads\/sites\/12\/2024\/06\/20230531-Cruisebesok-foto-Aina-Fiskaa_red-scaled.jpg?resize=1050%2C600&ssl=1 3x, https:\/\/i0.wp.com\/www.jaermuseet.no\/vitenfabrikken\/wp-content\/uploads\/sites\/12\/2024\/06\/20230531-Cruisebesok-foto-Aina-Fiskaa_red-scaled.jpg?resize=1400%2C800&ssl=1 4x"},"classes":[]},{"id":10814,"url":"https:\/\/www.jaermuseet.no\/vitenfabrikken\/tryggheim-vgs-til-topps-i-kodeknekkeren\/","url_meta":{"origin":9152,"position":2},"title":"Tryggheim vgs til topps i Kodeknekkeren","author":"Elin Ravndal Bell","date":"15. mars 2023","format":false,"excerpt":"P\u00e5 forh\u00e5nd m\u00e5tte elevene gjennom en kvalifisering. Da m\u00e5tte de l\u00f8se seks matematiske oppgaver og sende inn til Vitenfabrikken. Da fristen var g\u00e5tt ut, var det fire klasser fra tre ulike videreg\u00e5ende skoler i Rogaland som hadde kvalifisert seg. Disse fire var: Tryggheim vgs, Fysikk 1 Sandnes vgs, 2STA Tryggheim\u2026","rel":"","context":"i &quot;Nytt fra Vitenfabrikken&quot;","block_context":{"text":"Nytt fra Vitenfabrikken","link":"https:\/\/www.jaermuseet.no\/vitenfabrikken\/kategori\/nyheter-fra-vitenfabrikken\/"},"img":{"alt_text":"Elever fra Tryggheim videreg\u00e5ende skole som vant matematikk-konkurransen Kodeknekkeren.","src":"https:\/\/i0.wp.com\/www.jaermuseet.no\/vitenfabrikken\/wp-content\/uploads\/sites\/12\/2023\/03\/20230315_Kodeknekkeren_vinnereTrygggheim_JAF-scaled.jpg?resize=350%2C200&ssl=1","width":350,"height":200,"srcset":"https:\/\/i0.wp.com\/www.jaermuseet.no\/vitenfabrikken\/wp-content\/uploads\/sites\/12\/2023\/03\/20230315_Kodeknekkeren_vinnereTrygggheim_JAF-scaled.jpg?resize=350%2C200&ssl=1 1x, https:\/\/i0.wp.com\/www.jaermuseet.no\/vitenfabrikken\/wp-content\/uploads\/sites\/12\/2023\/03\/20230315_Kodeknekkeren_vinnereTrygggheim_JAF-scaled.jpg?resize=525%2C300&ssl=1 1.5x, https:\/\/i0.wp.com\/www.jaermuseet.no\/vitenfabrikken\/wp-content\/uploads\/sites\/12\/2023\/03\/20230315_Kodeknekkeren_vinnereTrygggheim_JAF-scaled.jpg?resize=700%2C400&ssl=1 2x, https:\/\/i0.wp.com\/www.jaermuseet.no\/vitenfabrikken\/wp-content\/uploads\/sites\/12\/2023\/03\/20230315_Kodeknekkeren_vinnereTrygggheim_JAF-scaled.jpg?resize=1050%2C600&ssl=1 3x, https:\/\/i0.wp.com\/www.jaermuseet.no\/vitenfabrikken\/wp-content\/uploads\/sites\/12\/2023\/03\/20230315_Kodeknekkeren_vinnereTrygggheim_JAF-scaled.jpg?resize=1400%2C800&ssl=1 4x"},"classes":[]},{"id":60,"url":"https:\/\/www.jaermuseet.no\/vitenfabrikken\/klassisk-turi-design\/","url_meta":{"origin":9152,"position":3},"title":"Det ska svara seg","author":"Vitenfabrikken","date":"1. juni 2021","format":false,"excerpt":"7. juni \u00e5pnet Vitenfabrikken en helt ny utstilling.","rel":"","context":"i &quot;Utstillinger&quot;","block_context":{"text":"Utstillinger","link":"https:\/\/www.jaermuseet.no\/vitenfabrikken\/kategori\/utstillinger-pa-vitenfabrikken\/"},"img":{"alt_text":"Foto: Jan Inge Haga","src":"https:\/\/i0.wp.com\/www.jaermuseet.no\/vitenfabrikken\/wp-content\/uploads\/sites\/12\/2011\/06\/Det-ska-svara-seg.jpg?resize=350%2C200&ssl=1","width":350,"height":200,"srcset":"https:\/\/i0.wp.com\/www.jaermuseet.no\/vitenfabrikken\/wp-content\/uploads\/sites\/12\/2011\/06\/Det-ska-svara-seg.jpg?resize=350%2C200&ssl=1 1x, https:\/\/i0.wp.com\/www.jaermuseet.no\/vitenfabrikken\/wp-content\/uploads\/sites\/12\/2011\/06\/Det-ska-svara-seg.jpg?resize=525%2C300&ssl=1 1.5x, https:\/\/i0.wp.com\/www.jaermuseet.no\/vitenfabrikken\/wp-content\/uploads\/sites\/12\/2011\/06\/Det-ska-svara-seg.jpg?resize=700%2C400&ssl=1 2x, https:\/\/i0.wp.com\/www.jaermuseet.no\/vitenfabrikken\/wp-content\/uploads\/sites\/12\/2011\/06\/Det-ska-svara-seg.jpg?resize=1050%2C600&ssl=1 3x, https:\/\/i0.wp.com\/www.jaermuseet.no\/vitenfabrikken\/wp-content\/uploads\/sites\/12\/2011\/06\/Det-ska-svara-seg.jpg?resize=1400%2C800&ssl=1 4x"},"classes":[]},{"id":5448,"url":"https:\/\/www.jaermuseet.no\/vitenfabrikken\/nytt-matematikkloft-pa-vitenfabrikken\/","url_meta":{"origin":9152,"position":4},"title":"Abelloftet","author":"Elin Ravndal Bell","date":"14. februar 2021","format":false,"excerpt":"P\u00e5 v\u00e5rt magiske loft er det innredet med over 50 matematikkeksperiment og installasjoner. S\u00e5 langt vi kjenner til er dette den st\u00f8rste matematikkutstillingen i Norge. Abelloftet er oppkalt etter Niels Henrik Abel, en internasjonal kjendis fra Finn\u00f8y. I hvert fall regnes han som en stjerne av folk som liker matematikk.\u2026","rel":"","context":"i &quot;Utstillinger&quot;","block_context":{"text":"Utstillinger","link":"https:\/\/www.jaermuseet.no\/vitenfabrikken\/kategori\/utstillinger-pa-vitenfabrikken\/"},"img":{"alt_text":"","src":"https:\/\/i0.wp.com\/www.jaermuseet.no\/vitenfabrikken\/wp-content\/uploads\/sites\/12\/2019\/02\/20190214-Abelloftet-Foto-Jan-Inge-Haga-25.jpg?resize=350%2C200&ssl=1","width":350,"height":200,"srcset":"https:\/\/i0.wp.com\/www.jaermuseet.no\/vitenfabrikken\/wp-content\/uploads\/sites\/12\/2019\/02\/20190214-Abelloftet-Foto-Jan-Inge-Haga-25.jpg?resize=350%2C200&ssl=1 1x, https:\/\/i0.wp.com\/www.jaermuseet.no\/vitenfabrikken\/wp-content\/uploads\/sites\/12\/2019\/02\/20190214-Abelloftet-Foto-Jan-Inge-Haga-25.jpg?resize=525%2C300&ssl=1 1.5x, https:\/\/i0.wp.com\/www.jaermuseet.no\/vitenfabrikken\/wp-content\/uploads\/sites\/12\/2019\/02\/20190214-Abelloftet-Foto-Jan-Inge-Haga-25.jpg?resize=700%2C400&ssl=1 2x, https:\/\/i0.wp.com\/www.jaermuseet.no\/vitenfabrikken\/wp-content\/uploads\/sites\/12\/2019\/02\/20190214-Abelloftet-Foto-Jan-Inge-Haga-25.jpg?resize=1050%2C600&ssl=1 3x, https:\/\/i0.wp.com\/www.jaermuseet.no\/vitenfabrikken\/wp-content\/uploads\/sites\/12\/2019\/02\/20190214-Abelloftet-Foto-Jan-Inge-Haga-25.jpg?resize=1400%2C800&ssl=1 4x"},"classes":[]},{"id":2791,"url":"https:\/\/www.jaermuseet.no\/vitenfabrikken\/kodeknekkeren-2026\/","url_meta":{"origin":9152,"position":5},"title":"Kodeknekkeren 2026 &#8211; info","author":"Elin Ravndal Bell","date":"7. januar 2026","format":false,"excerpt":"I \u00e5r blir det noen endringer til Kodeknekkeren. Den st\u00f8rste endringen er at en ikke trenger \u00e5 forh\u00e5ndskvalifisere seg med oppgaver, men\u00a0kun \u00e5 melde seg p\u00e5 til konkurransedagen. I tillegg kan en klasse stille med flere lag. Mot slutten av januar publiseres to teaser-oppgaver til Kodeknekkeren 2026. Disse oppgavene trenger\u2026","rel":"","context":"i &quot;Nytt fra Vitenfabrikken&quot;","block_context":{"text":"Nytt fra Vitenfabrikken","link":"https:\/\/www.jaermuseet.no\/vitenfabrikken\/kategori\/nyheter-fra-vitenfabrikken\/"},"img":{"alt_text":"","src":"https:\/\/i0.wp.com\/www.jaermuseet.no\/vitenfabrikken\/wp-content\/uploads\/sites\/12\/2020\/12\/IMG_20190315_130506-scaled.jpg?resize=350%2C200&ssl=1","width":350,"height":200,"srcset":"https:\/\/i0.wp.com\/www.jaermuseet.no\/vitenfabrikken\/wp-content\/uploads\/sites\/12\/2020\/12\/IMG_20190315_130506-scaled.jpg?resize=350%2C200&ssl=1 1x, https:\/\/i0.wp.com\/www.jaermuseet.no\/vitenfabrikken\/wp-content\/uploads\/sites\/12\/2020\/12\/IMG_20190315_130506-scaled.jpg?resize=525%2C300&ssl=1 1.5x, https:\/\/i0.wp.com\/www.jaermuseet.no\/vitenfabrikken\/wp-content\/uploads\/sites\/12\/2020\/12\/IMG_20190315_130506-scaled.jpg?resize=700%2C400&ssl=1 2x, https:\/\/i0.wp.com\/www.jaermuseet.no\/vitenfabrikken\/wp-content\/uploads\/sites\/12\/2020\/12\/IMG_20190315_130506-scaled.jpg?resize=1050%2C600&ssl=1 3x, https:\/\/i0.wp.com\/www.jaermuseet.no\/vitenfabrikken\/wp-content\/uploads\/sites\/12\/2020\/12\/IMG_20190315_130506-scaled.jpg?resize=1400%2C800&ssl=1 4x"},"classes":[]}],"_links":{"self":[{"href":"https:\/\/www.jaermuseet.no\/vitenfabrikken\/wp-json\/wp\/v2\/posts\/9152","targetHints":{"allow":["GET"]}}],"collection":[{"href":"https:\/\/www.jaermuseet.no\/vitenfabrikken\/wp-json\/wp\/v2\/posts"}],"about":[{"href":"https:\/\/www.jaermuseet.no\/vitenfabrikken\/wp-json\/wp\/v2\/types\/post"}],"author":[{"embeddable":true,"href":"https:\/\/www.jaermuseet.no\/vitenfabrikken\/wp-json\/wp\/v2\/users\/18"}],"replies":[{"embeddable":true,"href":"https:\/\/www.jaermuseet.no\/vitenfabrikken\/wp-json\/wp\/v2\/comments?post=9152"}],"version-history":[{"count":6,"href":"https:\/\/www.jaermuseet.no\/vitenfabrikken\/wp-json\/wp\/v2\/posts\/9152\/revisions"}],"predecessor-version":[{"id":9161,"href":"https:\/\/www.jaermuseet.no\/vitenfabrikken\/wp-json\/wp\/v2\/posts\/9152\/revisions\/9161"}],"wp:featuredmedia":[{"embeddable":true,"href":"https:\/\/www.jaermuseet.no\/vitenfabrikken\/wp-json\/wp\/v2\/media\/9154"}],"wp:attachment":[{"href":"https:\/\/www.jaermuseet.no\/vitenfabrikken\/wp-json\/wp\/v2\/media?parent=9152"}],"wp:term":[{"taxonomy":"category","embeddable":true,"href":"https:\/\/www.jaermuseet.no\/vitenfabrikken\/wp-json\/wp\/v2\/categories?post=9152"},{"taxonomy":"post_tag","embeddable":true,"href":"https:\/\/www.jaermuseet.no\/vitenfabrikken\/wp-json\/wp\/v2\/tags?post=9152"}],"curies":[{"name":"wp","href":"https:\/\/api.w.org\/{rel}","templated":true}]}}