{"id":8478,"date":"2021-06-07T12:44:02","date_gmt":"2021-06-07T10:44:02","guid":{"rendered":"https:\/\/www.jaermuseet.no\/vitenfabrikken\/?p=8478"},"modified":"2021-09-02T12:17:54","modified_gmt":"2021-09-02T10:17:54","slug":"glede-pa-vitenfabrikken-over-prosjektmidler-til-diversitas-familieverksted","status":"publish","type":"post","link":"https:\/\/www.jaermuseet.no\/vitenfabrikken\/glede-pa-vitenfabrikken-over-prosjektmidler-til-diversitas-familieverksted\/","title":{"rendered":"Glede p\u00e5 Vitenfabrikken over prosjektmidler til Diversitas familieverksted!"},"content":{"rendered":"\n<p><strong>P\u00e5 Vitenfabrikken er vi veldig glade! Vi har f\u00e5tt prosjektmidler fra Barne-, ungdoms- og familiedirektoratet til opprettelse av et familieverksted for barnefamilier med innvandrerbakgrunn. Tilbudet er gratis for de deltakende familier. Vi har valgt navnet Diversitas familieverksted, fordi det betyr mangfold.<\/strong><\/p>\n\n\n\n<p><strong>P\u00e5 Diversitas familieverksted vil de deltakende familiene sammen l\u00e6re seg ulike skaperverkt\u00f8y til forskjellige prosjekter. Det kan for eksempel v\u00e6re \u00e5 designe et handlenett med design med refleks eller l\u00e6re \u00e5 bygge sm\u00e5 elektroniske troll. Vi har MANGE aktiviteter p\u00e5 lur, som vi gleder oss til \u00e5 ta i bruk p\u00e5 familieverkstedet!<\/strong><\/p>\n\n\n\n<p><strong>F\u00f8r sommerferien har Vitenfabrikken planlagt to Diversitas familieverksteder.  Etter sommerferien starter vi opp igjen og ha \u00e5pent fast en helg hver m\u00e5ned samt p\u00e5 hverdagene i h\u00f8stferien.<\/strong><\/p>\n\n\n\n<p><strong>P\u00e5 Diversitas familieverksted vil vi selvf\u00f8lgelig f\u00f8lge de smittevernsregler, som er gjeldende p\u00e5 tidspunktet.<\/strong><\/p>\n\n\n\n<figure class=\"wp-block-image size-large\"><img loading=\"lazy\" decoding=\"async\" width=\"1024\" height=\"908\" data-attachment-id=\"8479\" data-permalink=\"https:\/\/www.jaermuseet.no\/vitenfabrikken\/glede-pa-vitenfabrikken-over-prosjektmidler-til-diversitas-familieverksted\/foto-rokas-kerpauskas-vagen-vgs-7\/\" data-orig-file=\"https:\/\/www.jaermuseet.no\/vitenfabrikken\/wp-content\/uploads\/sites\/12\/2021\/06\/Foto-Rokas-Kerpauskas-Vagen-vgs-7.jpg\" data-orig-size=\"1999,1772\" data-comments-opened=\"0\" data-image-meta=\"{&quot;aperture&quot;:&quot;2.5&quot;,&quot;credit&quot;:&quot;terje gabrielsen&quot;,&quot;camera&quot;:&quot;ILCE-7RM2&quot;,&quot;caption&quot;:&quot;&quot;,&quot;created_timestamp&quot;:&quot;1581083292&quot;,&quot;copyright&quot;:&quot;terje gabrielsen&quot;,&quot;focal_length&quot;:&quot;35&quot;,&quot;iso&quot;:&quot;320&quot;,&quot;shutter_speed&quot;:&quot;0.00625&quot;,&quot;title&quot;:&quot;&quot;,&quot;orientation&quot;:&quot;1&quot;}\" data-image-title=\"Foto-Rokas-Kerpauskas-Vagen-vgs-7\" data-image-description=\"\" data-image-caption=\"\" data-large-file=\"https:\/\/www.jaermuseet.no\/vitenfabrikken\/wp-content\/uploads\/sites\/12\/2021\/06\/Foto-Rokas-Kerpauskas-Vagen-vgs-7-1024x908.jpg\" src=\"https:\/\/www.jaermuseet.no\/vitenfabrikken\/wp-content\/uploads\/sites\/12\/2021\/06\/Foto-Rokas-Kerpauskas-Vagen-vgs-7-1024x908.jpg\" alt=\"\" class=\"wp-image-8479\" srcset=\"https:\/\/www.jaermuseet.no\/vitenfabrikken\/wp-content\/uploads\/sites\/12\/2021\/06\/Foto-Rokas-Kerpauskas-Vagen-vgs-7-1024x908.jpg 1024w, https:\/\/www.jaermuseet.no\/vitenfabrikken\/wp-content\/uploads\/sites\/12\/2021\/06\/Foto-Rokas-Kerpauskas-Vagen-vgs-7-300x266.jpg 300w, https:\/\/www.jaermuseet.no\/vitenfabrikken\/wp-content\/uploads\/sites\/12\/2021\/06\/Foto-Rokas-Kerpauskas-Vagen-vgs-7-200x177.jpg 200w, https:\/\/www.jaermuseet.no\/vitenfabrikken\/wp-content\/uploads\/sites\/12\/2021\/06\/Foto-Rokas-Kerpauskas-Vagen-vgs-7-1536x1362.jpg 1536w, https:\/\/www.jaermuseet.no\/vitenfabrikken\/wp-content\/uploads\/sites\/12\/2021\/06\/Foto-Rokas-Kerpauskas-Vagen-vgs-7-250x222.jpg 250w, https:\/\/www.jaermuseet.no\/vitenfabrikken\/wp-content\/uploads\/sites\/12\/2021\/06\/Foto-Rokas-Kerpauskas-Vagen-vgs-7.jpg 1999w\" sizes=\"auto, (max-width: 1024px) 100vw, 1024px\" \/><\/figure>\n\n\n\n<p><strong><span style=\"text-decoration: underline\">Hva skjer p\u00e5 Diversitas familieverksted?<\/span><\/strong><\/p>\n\n\n\n<p>Familiene, som har meldt seg p\u00e5, m\u00f8ter opp n\u00e5r Vitenfabrikken \u00e5pner. Med deres billetter er de invitert med p\u00e5 Diversitas familieverksted. Etter verkstedet kan de gratis benytte seg av Vitenfabrikkens andre aktivitetstilbud.<\/p>\n\n\n\n<p>Diversitas familieverksted er en plass hvor familier m\u00f8tes og er kreative. Det er et popup-skaperverksted, hvor aktivitetene vil v\u00e6re mange av de samme aktiviteter, som ellers foreg\u00e5r p\u00e5 Makerspace Vitenfabrikken. P\u00e5 familieverkstedet blir det tilrettelagt s\u00e5 yngre barn ogs\u00e5 kan bli med. Familiene jobber sammen om aktiviteten, s\u00e5 det er et tilbud hvor b\u00e5de barn og voksne er sammen. Det vil alltid v\u00e6re to veiledere tilstede som har grundig kjennskap til aktiviteten og som vil hjelpe familiene.<\/p>\n\n\n\n<p>Alle Diversitas familieverkstedene er introduksjon til verkt\u00f8y og programvare, det betyr at deltakelsen ikke krever forkunnskaper, bare lyst til \u00e5 l\u00e6re og skape. Hver m\u00e5ned har sitt eget tema. Det betyr at familiene kan velge \u00e5 melde seg p\u00e5 en eller flere verksteder.<\/p>\n\n\n\n<figure class=\"wp-block-gallery columns-2 is-cropped wp-block-gallery-1 is-layout-flex wp-block-gallery-is-layout-flex\"><ul class=\"blocks-gallery-grid\"><li class=\"blocks-gallery-item\"><figure><img loading=\"lazy\" decoding=\"async\" width=\"1024\" height=\"842\" data-attachment-id=\"8482\" data-permalink=\"https:\/\/www.jaermuseet.no\/vitenfabrikken\/glede-pa-vitenfabrikken-over-prosjektmidler-til-diversitas-familieverksted\/foto-rokas-kerpauskas-vagen-vgs-65\/\" data-orig-file=\"https:\/\/www.jaermuseet.no\/vitenfabrikken\/wp-content\/uploads\/sites\/12\/2021\/06\/Foto-Rokas-Kerpauskas-Vagen-vgs-65.jpg\" data-orig-size=\"2156,1772\" data-comments-opened=\"0\" data-image-meta=\"{&quot;aperture&quot;:&quot;2.8&quot;,&quot;credit&quot;:&quot;&quot;,&quot;camera&quot;:&quot;NIKON D3S&quot;,&quot;caption&quot;:&quot;&quot;,&quot;created_timestamp&quot;:&quot;1581081298&quot;,&quot;copyright&quot;:&quot;&quot;,&quot;focal_length&quot;:&quot;48&quot;,&quot;iso&quot;:&quot;1000&quot;,&quot;shutter_speed&quot;:&quot;0.01&quot;,&quot;title&quot;:&quot;&quot;,&quot;orientation&quot;:&quot;1&quot;}\" data-image-title=\"Foto-Rokas-Kerpauskas-Vagen-vgs-65\" data-image-description=\"\" data-image-caption=\"\" data-large-file=\"https:\/\/www.jaermuseet.no\/vitenfabrikken\/wp-content\/uploads\/sites\/12\/2021\/06\/Foto-Rokas-Kerpauskas-Vagen-vgs-65-1024x842.jpg\" src=\"https:\/\/www.jaermuseet.no\/vitenfabrikken\/wp-content\/uploads\/sites\/12\/2021\/06\/Foto-Rokas-Kerpauskas-Vagen-vgs-65-1024x842.jpg\" alt=\"\" data-id=\"8482\" data-link=\"https:\/\/www.jaermuseet.no\/vitenfabrikken\/?attachment_id=8482\" class=\"wp-image-8482\" srcset=\"https:\/\/www.jaermuseet.no\/vitenfabrikken\/wp-content\/uploads\/sites\/12\/2021\/06\/Foto-Rokas-Kerpauskas-Vagen-vgs-65-1024x842.jpg 1024w, https:\/\/www.jaermuseet.no\/vitenfabrikken\/wp-content\/uploads\/sites\/12\/2021\/06\/Foto-Rokas-Kerpauskas-Vagen-vgs-65-300x247.jpg 300w, https:\/\/www.jaermuseet.no\/vitenfabrikken\/wp-content\/uploads\/sites\/12\/2021\/06\/Foto-Rokas-Kerpauskas-Vagen-vgs-65-200x164.jpg 200w, https:\/\/www.jaermuseet.no\/vitenfabrikken\/wp-content\/uploads\/sites\/12\/2021\/06\/Foto-Rokas-Kerpauskas-Vagen-vgs-65-1536x1262.jpg 1536w, https:\/\/www.jaermuseet.no\/vitenfabrikken\/wp-content\/uploads\/sites\/12\/2021\/06\/Foto-Rokas-Kerpauskas-Vagen-vgs-65-2048x1683.jpg 2048w, https:\/\/www.jaermuseet.no\/vitenfabrikken\/wp-content\/uploads\/sites\/12\/2021\/06\/Foto-Rokas-Kerpauskas-Vagen-vgs-65-250x205.jpg 250w\" sizes=\"auto, (max-width: 1024px) 100vw, 1024px\" \/><\/figure><\/li><li class=\"blocks-gallery-item\"><figure><img loading=\"lazy\" decoding=\"async\" width=\"1024\" height=\"682\" data-attachment-id=\"8491\" data-permalink=\"https:\/\/www.jaermuseet.no\/vitenfabrikken\/glede-pa-vitenfabrikken-over-prosjektmidler-til-diversitas-familieverksted\/foto-rokas-kerpauskas-vagen-vgs-48-2\/\" data-orig-file=\"https:\/\/www.jaermuseet.no\/vitenfabrikken\/wp-content\/uploads\/sites\/12\/2021\/06\/Foto-Rokas-Kerpauskas-Vagen-vgs-48-scaled.jpg\" data-orig-size=\"2560,1704\" data-comments-opened=\"0\" data-image-meta=\"{&quot;aperture&quot;:&quot;2.8&quot;,&quot;credit&quot;:&quot;&quot;,&quot;camera&quot;:&quot;NIKON D3S&quot;,&quot;caption&quot;:&quot;&quot;,&quot;created_timestamp&quot;:&quot;1581082467&quot;,&quot;copyright&quot;:&quot;&quot;,&quot;focal_length&quot;:&quot;70&quot;,&quot;iso&quot;:&quot;500&quot;,&quot;shutter_speed&quot;:&quot;0.01&quot;,&quot;title&quot;:&quot;&quot;,&quot;orientation&quot;:&quot;1&quot;}\" data-image-title=\"Foto-Rokas-Kerpauskas-Vagen-vgs-48\" data-image-description=\"\" data-image-caption=\"\" data-large-file=\"https:\/\/www.jaermuseet.no\/vitenfabrikken\/wp-content\/uploads\/sites\/12\/2021\/06\/Foto-Rokas-Kerpauskas-Vagen-vgs-48-1024x682.jpg\" src=\"https:\/\/www.jaermuseet.no\/vitenfabrikken\/wp-content\/uploads\/sites\/12\/2021\/06\/Foto-Rokas-Kerpauskas-Vagen-vgs-48-1024x682.jpg\" alt=\"\" data-id=\"8491\" data-full-url=\"https:\/\/www.jaermuseet.no\/vitenfabrikken\/wp-content\/uploads\/sites\/12\/2021\/06\/Foto-Rokas-Kerpauskas-Vagen-vgs-48-scaled.jpg\" data-link=\"https:\/\/www.jaermuseet.no\/vitenfabrikken\/glede-pa-vitenfabrikken-over-prosjektmidler-til-diversitas-familieverksted\/foto-rokas-kerpauskas-vagen-vgs-48-2\/\" class=\"wp-image-8491\" srcset=\"https:\/\/www.jaermuseet.no\/vitenfabrikken\/wp-content\/uploads\/sites\/12\/2021\/06\/Foto-Rokas-Kerpauskas-Vagen-vgs-48-1024x682.jpg 1024w, https:\/\/www.jaermuseet.no\/vitenfabrikken\/wp-content\/uploads\/sites\/12\/2021\/06\/Foto-Rokas-Kerpauskas-Vagen-vgs-48-300x200.jpg 300w, https:\/\/www.jaermuseet.no\/vitenfabrikken\/wp-content\/uploads\/sites\/12\/2021\/06\/Foto-Rokas-Kerpauskas-Vagen-vgs-48-200x133.jpg 200w, https:\/\/www.jaermuseet.no\/vitenfabrikken\/wp-content\/uploads\/sites\/12\/2021\/06\/Foto-Rokas-Kerpauskas-Vagen-vgs-48-1536x1022.jpg 1536w, https:\/\/www.jaermuseet.no\/vitenfabrikken\/wp-content\/uploads\/sites\/12\/2021\/06\/Foto-Rokas-Kerpauskas-Vagen-vgs-48-2048x1363.jpg 2048w, https:\/\/www.jaermuseet.no\/vitenfabrikken\/wp-content\/uploads\/sites\/12\/2021\/06\/Foto-Rokas-Kerpauskas-Vagen-vgs-48-250x166.jpg 250w\" sizes=\"auto, (max-width: 1024px) 100vw, 1024px\" \/><\/figure><\/li><\/ul><\/figure>\n\n\n\n<p><strong><span style=\"text-decoration: underline\">Hvem er Diversitas familieverksted rettet mot?<\/span><\/strong><\/p>\n\n\n\n<p>Familier med barn 6-18 \u00e5r, som kommer fra andre land.  Med familier mener vi voksne og barn. Barn kan derfor gjerne ta med seg en onkel\/tante, en voksen venn eller en av sine besteforeldre.  Hver familie p\u00e5 familieverkstedet m\u00e5 best\u00e5r av b\u00e5de barn og voksne.  Familiene vil f\u00e5 en invitasjon med p\u00e5meldingslenke.<\/p>\n","protected":false},"excerpt":{"rendered":"<p>P\u00e5 Vitenfabrikken er vi veldig glade! Vi har f\u00e5tt prosjektmidler&#8230;<\/p>\n","protected":false},"author":11,"featured_media":8485,"comment_status":"closed","ping_status":"closed","sticky":false,"template":"","format":"standard","meta":{"_acf_changed":false,"_jetpack_memberships_contains_paid_content":false,"footnotes":""},"categories":[4],"tags":[],"class_list":["post-8478","post","type-post","status-publish","format-standard","has-post-thumbnail","hentry","category-nyheter-fra-vitenfabrikken","featured-image-size-large"],"acf":[],"yoast_head":"<!-- This site is optimized with the Yoast SEO plugin v27.4 - https:\/\/yoast.com\/product\/yoast-seo-wordpress\/ -->\n<title>Glede p\u00e5 Vitenfabrikken over prosjektmidler til Diversitas familieverksted! - Vitenfabrikken<\/title>\n<meta name=\"robots\" content=\"index, follow, max-snippet:-1, max-image-preview:large, max-video-preview:-1\" \/>\n<link rel=\"canonical\" href=\"https:\/\/www.jaermuseet.no\/vitenfabrikken\/glede-pa-vitenfabrikken-over-prosjektmidler-til-diversitas-familieverksted\/\" \/>\n<meta property=\"og:locale\" content=\"nb_NO\" \/>\n<meta property=\"og:type\" content=\"article\" \/>\n<meta property=\"og:title\" content=\"Glede p\u00e5 Vitenfabrikken over prosjektmidler til Diversitas familieverksted! - Vitenfabrikken\" \/>\n<meta property=\"og:description\" content=\"P\u00e5 Vitenfabrikken er vi veldig glade! Vi har f\u00e5tt prosjektmidler...\" \/>\n<meta property=\"og:url\" content=\"https:\/\/www.jaermuseet.no\/vitenfabrikken\/glede-pa-vitenfabrikken-over-prosjektmidler-til-diversitas-familieverksted\/\" \/>\n<meta property=\"og:site_name\" content=\"Vitenfabrikken\" \/>\n<meta property=\"article:published_time\" content=\"2021-06-07T10:44:02+00:00\" \/>\n<meta property=\"article:modified_time\" content=\"2021-09-02T10:17:54+00:00\" \/>\n<meta property=\"og:image\" content=\"https:\/\/www.jaermuseet.no\/vitenfabrikken\/wp-content\/uploads\/sites\/12\/2021\/06\/Foto-Terje-Gabrielsen-Vagen-vgs-46-1024x732.jpg\" \/>\n\t<meta property=\"og:image:width\" content=\"1024\" \/>\n\t<meta property=\"og:image:height\" content=\"732\" \/>\n\t<meta property=\"og:image:type\" content=\"image\/jpeg\" \/>\n<meta name=\"author\" content=\"Vitenfabrikken\" \/>\n<meta name=\"twitter:card\" content=\"summary_large_image\" \/>\n<meta name=\"twitter:label1\" content=\"Skrevet av\" \/>\n\t<meta name=\"twitter:data1\" content=\"Vitenfabrikken\" \/>\n\t<meta name=\"twitter:label2\" content=\"Ansl. lesetid\" \/>\n\t<meta name=\"twitter:data2\" content=\"3 minutter\" \/>\n<script type=\"application\/ld+json\" class=\"yoast-schema-graph\">{\"@context\":\"https:\\\/\\\/schema.org\",\"@graph\":[{\"@type\":\"Article\",\"@id\":\"https:\\\/\\\/www.jaermuseet.no\\\/vitenfabrikken\\\/glede-pa-vitenfabrikken-over-prosjektmidler-til-diversitas-familieverksted\\\/#article\",\"isPartOf\":{\"@id\":\"https:\\\/\\\/www.jaermuseet.no\\\/vitenfabrikken\\\/glede-pa-vitenfabrikken-over-prosjektmidler-til-diversitas-familieverksted\\\/\"},\"author\":{\"name\":\"Vitenfabrikken\",\"@id\":\"https:\\\/\\\/www.jaermuseet.no\\\/vitenfabrikken\\\/#\\\/schema\\\/person\\\/a5fe2192bfdad6d2a4252b128975f316\"},\"headline\":\"Glede p\u00e5 Vitenfabrikken over prosjektmidler til Diversitas familieverksted!\",\"datePublished\":\"2021-06-07T10:44:02+00:00\",\"dateModified\":\"2021-09-02T10:17:54+00:00\",\"mainEntityOfPage\":{\"@id\":\"https:\\\/\\\/www.jaermuseet.no\\\/vitenfabrikken\\\/glede-pa-vitenfabrikken-over-prosjektmidler-til-diversitas-familieverksted\\\/\"},\"wordCount\":376,\"image\":{\"@id\":\"https:\\\/\\\/www.jaermuseet.no\\\/vitenfabrikken\\\/glede-pa-vitenfabrikken-over-prosjektmidler-til-diversitas-familieverksted\\\/#primaryimage\"},\"thumbnailUrl\":\"https:\\\/\\\/www.jaermuseet.no\\\/vitenfabrikken\\\/wp-content\\\/uploads\\\/sites\\\/12\\\/2021\\\/06\\\/Foto-Terje-Gabrielsen-Vagen-vgs-46.jpg\",\"articleSection\":[\"Nytt fra Vitenfabrikken\"],\"inLanguage\":\"nb-NO\"},{\"@type\":\"WebPage\",\"@id\":\"https:\\\/\\\/www.jaermuseet.no\\\/vitenfabrikken\\\/glede-pa-vitenfabrikken-over-prosjektmidler-til-diversitas-familieverksted\\\/\",\"url\":\"https:\\\/\\\/www.jaermuseet.no\\\/vitenfabrikken\\\/glede-pa-vitenfabrikken-over-prosjektmidler-til-diversitas-familieverksted\\\/\",\"name\":\"Glede p\u00e5 Vitenfabrikken over prosjektmidler til Diversitas familieverksted! - Vitenfabrikken\",\"isPartOf\":{\"@id\":\"https:\\\/\\\/www.jaermuseet.no\\\/vitenfabrikken\\\/#website\"},\"primaryImageOfPage\":{\"@id\":\"https:\\\/\\\/www.jaermuseet.no\\\/vitenfabrikken\\\/glede-pa-vitenfabrikken-over-prosjektmidler-til-diversitas-familieverksted\\\/#primaryimage\"},\"image\":{\"@id\":\"https:\\\/\\\/www.jaermuseet.no\\\/vitenfabrikken\\\/glede-pa-vitenfabrikken-over-prosjektmidler-til-diversitas-familieverksted\\\/#primaryimage\"},\"thumbnailUrl\":\"https:\\\/\\\/www.jaermuseet.no\\\/vitenfabrikken\\\/wp-content\\\/uploads\\\/sites\\\/12\\\/2021\\\/06\\\/Foto-Terje-Gabrielsen-Vagen-vgs-46.jpg\",\"datePublished\":\"2021-06-07T10:44:02+00:00\",\"dateModified\":\"2021-09-02T10:17:54+00:00\",\"author\":{\"@id\":\"https:\\\/\\\/www.jaermuseet.no\\\/vitenfabrikken\\\/#\\\/schema\\\/person\\\/a5fe2192bfdad6d2a4252b128975f316\"},\"breadcrumb\":{\"@id\":\"https:\\\/\\\/www.jaermuseet.no\\\/vitenfabrikken\\\/glede-pa-vitenfabrikken-over-prosjektmidler-til-diversitas-familieverksted\\\/#breadcrumb\"},\"inLanguage\":\"nb-NO\",\"potentialAction\":[{\"@type\":\"ReadAction\",\"target\":[\"https:\\\/\\\/www.jaermuseet.no\\\/vitenfabrikken\\\/glede-pa-vitenfabrikken-over-prosjektmidler-til-diversitas-familieverksted\\\/\"]}]},{\"@type\":\"ImageObject\",\"inLanguage\":\"nb-NO\",\"@id\":\"https:\\\/\\\/www.jaermuseet.no\\\/vitenfabrikken\\\/glede-pa-vitenfabrikken-over-prosjektmidler-til-diversitas-familieverksted\\\/#primaryimage\",\"url\":\"https:\\\/\\\/www.jaermuseet.no\\\/vitenfabrikken\\\/wp-content\\\/uploads\\\/sites\\\/12\\\/2021\\\/06\\\/Foto-Terje-Gabrielsen-Vagen-vgs-46.jpg\",\"contentUrl\":\"https:\\\/\\\/www.jaermuseet.no\\\/vitenfabrikken\\\/wp-content\\\/uploads\\\/sites\\\/12\\\/2021\\\/06\\\/Foto-Terje-Gabrielsen-Vagen-vgs-46.jpg\",\"width\":2479,\"height\":1772},{\"@type\":\"BreadcrumbList\",\"@id\":\"https:\\\/\\\/www.jaermuseet.no\\\/vitenfabrikken\\\/glede-pa-vitenfabrikken-over-prosjektmidler-til-diversitas-familieverksted\\\/#breadcrumb\",\"itemListElement\":[{\"@type\":\"ListItem\",\"position\":1,\"name\":\"Hjem\",\"item\":\"https:\\\/\\\/www.jaermuseet.no\\\/vitenfabrikken\\\/\"},{\"@type\":\"ListItem\",\"position\":2,\"name\":\"Glede p\u00e5 Vitenfabrikken over prosjektmidler til Diversitas familieverksted!\"}]},{\"@type\":\"WebSite\",\"@id\":\"https:\\\/\\\/www.jaermuseet.no\\\/vitenfabrikken\\\/#website\",\"url\":\"https:\\\/\\\/www.jaermuseet.no\\\/vitenfabrikken\\\/\",\"name\":\"Vitenfabrikken\",\"description\":\"Exciting exhibitions and interactive installations\",\"potentialAction\":[{\"@type\":\"SearchAction\",\"target\":{\"@type\":\"EntryPoint\",\"urlTemplate\":\"https:\\\/\\\/www.jaermuseet.no\\\/vitenfabrikken\\\/?s={search_term_string}\"},\"query-input\":{\"@type\":\"PropertyValueSpecification\",\"valueRequired\":true,\"valueName\":\"search_term_string\"}}],\"inLanguage\":\"nb-NO\"},{\"@type\":\"Person\",\"@id\":\"https:\\\/\\\/www.jaermuseet.no\\\/vitenfabrikken\\\/#\\\/schema\\\/person\\\/a5fe2192bfdad6d2a4252b128975f316\",\"name\":\"Vitenfabrikken\",\"image\":{\"@type\":\"ImageObject\",\"inLanguage\":\"nb-NO\",\"@id\":\"https:\\\/\\\/secure.gravatar.com\\\/avatar\\\/6af482d5c3cb941d8dad3f44c07d12455ae8092887dc7b37c44b7111a4760a7c?s=96&d=mm&r=g\",\"url\":\"https:\\\/\\\/secure.gravatar.com\\\/avatar\\\/6af482d5c3cb941d8dad3f44c07d12455ae8092887dc7b37c44b7111a4760a7c?s=96&d=mm&r=g\",\"contentUrl\":\"https:\\\/\\\/secure.gravatar.com\\\/avatar\\\/6af482d5c3cb941d8dad3f44c07d12455ae8092887dc7b37c44b7111a4760a7c?s=96&d=mm&r=g\",\"caption\":\"Vitenfabrikken\"},\"url\":\"https:\\\/\\\/www.jaermuseet.no\\\/vitenfabrikken\\\/author\\\/vitenfabrikken\\\/\"}]}<\/script>\n<!-- \/ Yoast SEO plugin. -->","yoast_head_json":{"title":"Glede p\u00e5 Vitenfabrikken over prosjektmidler til Diversitas familieverksted! - Vitenfabrikken","robots":{"index":"index","follow":"follow","max-snippet":"max-snippet:-1","max-image-preview":"max-image-preview:large","max-video-preview":"max-video-preview:-1"},"canonical":"https:\/\/www.jaermuseet.no\/vitenfabrikken\/glede-pa-vitenfabrikken-over-prosjektmidler-til-diversitas-familieverksted\/","og_locale":"nb_NO","og_type":"article","og_title":"Glede p\u00e5 Vitenfabrikken over prosjektmidler til Diversitas familieverksted! - Vitenfabrikken","og_description":"P\u00e5 Vitenfabrikken er vi veldig glade! Vi har f\u00e5tt prosjektmidler...","og_url":"https:\/\/www.jaermuseet.no\/vitenfabrikken\/glede-pa-vitenfabrikken-over-prosjektmidler-til-diversitas-familieverksted\/","og_site_name":"Vitenfabrikken","article_published_time":"2021-06-07T10:44:02+00:00","article_modified_time":"2021-09-02T10:17:54+00:00","og_image":[{"width":1024,"height":732,"url":"https:\/\/www.jaermuseet.no\/vitenfabrikken\/wp-content\/uploads\/sites\/12\/2021\/06\/Foto-Terje-Gabrielsen-Vagen-vgs-46-1024x732.jpg","type":"image\/jpeg"}],"author":"Vitenfabrikken","twitter_card":"summary_large_image","twitter_misc":{"Skrevet av":"Vitenfabrikken","Ansl. lesetid":"3 minutter"},"schema":{"@context":"https:\/\/schema.org","@graph":[{"@type":"Article","@id":"https:\/\/www.jaermuseet.no\/vitenfabrikken\/glede-pa-vitenfabrikken-over-prosjektmidler-til-diversitas-familieverksted\/#article","isPartOf":{"@id":"https:\/\/www.jaermuseet.no\/vitenfabrikken\/glede-pa-vitenfabrikken-over-prosjektmidler-til-diversitas-familieverksted\/"},"author":{"name":"Vitenfabrikken","@id":"https:\/\/www.jaermuseet.no\/vitenfabrikken\/#\/schema\/person\/a5fe2192bfdad6d2a4252b128975f316"},"headline":"Glede p\u00e5 Vitenfabrikken over prosjektmidler til Diversitas familieverksted!","datePublished":"2021-06-07T10:44:02+00:00","dateModified":"2021-09-02T10:17:54+00:00","mainEntityOfPage":{"@id":"https:\/\/www.jaermuseet.no\/vitenfabrikken\/glede-pa-vitenfabrikken-over-prosjektmidler-til-diversitas-familieverksted\/"},"wordCount":376,"image":{"@id":"https:\/\/www.jaermuseet.no\/vitenfabrikken\/glede-pa-vitenfabrikken-over-prosjektmidler-til-diversitas-familieverksted\/#primaryimage"},"thumbnailUrl":"https:\/\/www.jaermuseet.no\/vitenfabrikken\/wp-content\/uploads\/sites\/12\/2021\/06\/Foto-Terje-Gabrielsen-Vagen-vgs-46.jpg","articleSection":["Nytt fra Vitenfabrikken"],"inLanguage":"nb-NO"},{"@type":"WebPage","@id":"https:\/\/www.jaermuseet.no\/vitenfabrikken\/glede-pa-vitenfabrikken-over-prosjektmidler-til-diversitas-familieverksted\/","url":"https:\/\/www.jaermuseet.no\/vitenfabrikken\/glede-pa-vitenfabrikken-over-prosjektmidler-til-diversitas-familieverksted\/","name":"Glede p\u00e5 Vitenfabrikken over prosjektmidler til Diversitas familieverksted! - Vitenfabrikken","isPartOf":{"@id":"https:\/\/www.jaermuseet.no\/vitenfabrikken\/#website"},"primaryImageOfPage":{"@id":"https:\/\/www.jaermuseet.no\/vitenfabrikken\/glede-pa-vitenfabrikken-over-prosjektmidler-til-diversitas-familieverksted\/#primaryimage"},"image":{"@id":"https:\/\/www.jaermuseet.no\/vitenfabrikken\/glede-pa-vitenfabrikken-over-prosjektmidler-til-diversitas-familieverksted\/#primaryimage"},"thumbnailUrl":"https:\/\/www.jaermuseet.no\/vitenfabrikken\/wp-content\/uploads\/sites\/12\/2021\/06\/Foto-Terje-Gabrielsen-Vagen-vgs-46.jpg","datePublished":"2021-06-07T10:44:02+00:00","dateModified":"2021-09-02T10:17:54+00:00","author":{"@id":"https:\/\/www.jaermuseet.no\/vitenfabrikken\/#\/schema\/person\/a5fe2192bfdad6d2a4252b128975f316"},"breadcrumb":{"@id":"https:\/\/www.jaermuseet.no\/vitenfabrikken\/glede-pa-vitenfabrikken-over-prosjektmidler-til-diversitas-familieverksted\/#breadcrumb"},"inLanguage":"nb-NO","potentialAction":[{"@type":"ReadAction","target":["https:\/\/www.jaermuseet.no\/vitenfabrikken\/glede-pa-vitenfabrikken-over-prosjektmidler-til-diversitas-familieverksted\/"]}]},{"@type":"ImageObject","inLanguage":"nb-NO","@id":"https:\/\/www.jaermuseet.no\/vitenfabrikken\/glede-pa-vitenfabrikken-over-prosjektmidler-til-diversitas-familieverksted\/#primaryimage","url":"https:\/\/www.jaermuseet.no\/vitenfabrikken\/wp-content\/uploads\/sites\/12\/2021\/06\/Foto-Terje-Gabrielsen-Vagen-vgs-46.jpg","contentUrl":"https:\/\/www.jaermuseet.no\/vitenfabrikken\/wp-content\/uploads\/sites\/12\/2021\/06\/Foto-Terje-Gabrielsen-Vagen-vgs-46.jpg","width":2479,"height":1772},{"@type":"BreadcrumbList","@id":"https:\/\/www.jaermuseet.no\/vitenfabrikken\/glede-pa-vitenfabrikken-over-prosjektmidler-til-diversitas-familieverksted\/#breadcrumb","itemListElement":[{"@type":"ListItem","position":1,"name":"Hjem","item":"https:\/\/www.jaermuseet.no\/vitenfabrikken\/"},{"@type":"ListItem","position":2,"name":"Glede p\u00e5 Vitenfabrikken over prosjektmidler til Diversitas familieverksted!"}]},{"@type":"WebSite","@id":"https:\/\/www.jaermuseet.no\/vitenfabrikken\/#website","url":"https:\/\/www.jaermuseet.no\/vitenfabrikken\/","name":"Vitenfabrikken","description":"Exciting exhibitions and interactive installations","potentialAction":[{"@type":"SearchAction","target":{"@type":"EntryPoint","urlTemplate":"https:\/\/www.jaermuseet.no\/vitenfabrikken\/?s={search_term_string}"},"query-input":{"@type":"PropertyValueSpecification","valueRequired":true,"valueName":"search_term_string"}}],"inLanguage":"nb-NO"},{"@type":"Person","@id":"https:\/\/www.jaermuseet.no\/vitenfabrikken\/#\/schema\/person\/a5fe2192bfdad6d2a4252b128975f316","name":"Vitenfabrikken","image":{"@type":"ImageObject","inLanguage":"nb-NO","@id":"https:\/\/secure.gravatar.com\/avatar\/6af482d5c3cb941d8dad3f44c07d12455ae8092887dc7b37c44b7111a4760a7c?s=96&d=mm&r=g","url":"https:\/\/secure.gravatar.com\/avatar\/6af482d5c3cb941d8dad3f44c07d12455ae8092887dc7b37c44b7111a4760a7c?s=96&d=mm&r=g","contentUrl":"https:\/\/secure.gravatar.com\/avatar\/6af482d5c3cb941d8dad3f44c07d12455ae8092887dc7b37c44b7111a4760a7c?s=96&d=mm&r=g","caption":"Vitenfabrikken"},"url":"https:\/\/www.jaermuseet.no\/vitenfabrikken\/author\/vitenfabrikken\/"}]}},"cc_featured_image_caption":{"caption_text":"","source_text":"","source_url":""},"jetpack_featured_media_url":"https:\/\/www.jaermuseet.no\/vitenfabrikken\/wp-content\/uploads\/sites\/12\/2021\/06\/Foto-Terje-Gabrielsen-Vagen-vgs-46.jpg","jetpack_sharing_enabled":true,"jetpack-related-posts":[{"id":9689,"url":"https:\/\/www.jaermuseet.no\/vitenfabrikken\/utstillingsapning-de-tre-sma-griser\/","url_meta":{"origin":8478,"position":0},"title":"Tre sm\u00e5 griser","author":"Elin Ravndal Bell","date":"17. juni 2022","format":false,"excerpt":"De tre sm\u00e5 grisene er et eventyr de fleste barn vokser opp med. N\u00e5 har eventyret f\u00e5tt plass p\u00e5 Vitenfabrikken - med en vri. Alle kjenner fortellingen, men f\u00e5 har gjerne tenkt p\u00e5 hva det lukter hos de forskjellige grisene? For hva lukter det egentlig hos \"J\u00e5legrisen\" - den grisen\u2026","rel":"","context":"i &quot;Nytt fra Vitenfabrikken&quot;","block_context":{"text":"Nytt fra Vitenfabrikken","link":"https:\/\/www.jaermuseet.no\/vitenfabrikken\/kategori\/nyheter-fra-vitenfabrikken\/"},"img":{"alt_text":"","src":"https:\/\/i0.wp.com\/www.jaermuseet.no\/vitenfabrikken\/wp-content\/uploads\/sites\/12\/2022\/06\/20220614_HAG_42-scaled.jpg?resize=350%2C200&ssl=1","width":350,"height":200,"srcset":"https:\/\/i0.wp.com\/www.jaermuseet.no\/vitenfabrikken\/wp-content\/uploads\/sites\/12\/2022\/06\/20220614_HAG_42-scaled.jpg?resize=350%2C200&ssl=1 1x, https:\/\/i0.wp.com\/www.jaermuseet.no\/vitenfabrikken\/wp-content\/uploads\/sites\/12\/2022\/06\/20220614_HAG_42-scaled.jpg?resize=525%2C300&ssl=1 1.5x, https:\/\/i0.wp.com\/www.jaermuseet.no\/vitenfabrikken\/wp-content\/uploads\/sites\/12\/2022\/06\/20220614_HAG_42-scaled.jpg?resize=700%2C400&ssl=1 2x, https:\/\/i0.wp.com\/www.jaermuseet.no\/vitenfabrikken\/wp-content\/uploads\/sites\/12\/2022\/06\/20220614_HAG_42-scaled.jpg?resize=1050%2C600&ssl=1 3x, https:\/\/i0.wp.com\/www.jaermuseet.no\/vitenfabrikken\/wp-content\/uploads\/sites\/12\/2022\/06\/20220614_HAG_42-scaled.jpg?resize=1400%2C800&ssl=1 4x"},"classes":[]},{"id":5035,"url":"https:\/\/www.jaermuseet.no\/vitenfabrikken\/vi-hos-ogland\/","url_meta":{"origin":8478,"position":1},"title":"Vi hos \u00d8gl\u00e6nd","author":"Vitenfabrikken","date":"10. september 2020","format":false,"excerpt":"\u00a0 I utstillingen \"Vi hos \u00d8gl\u00e6nd\" blir du bedre kjent med bedriften som har v\u00e6rt s\u00e5 viktig for v\u00e5r region. L\u00e6re ved \u00e5 gj\u00f8re I god J\u00e6rmuseet-\u00e5nd er utstillingene bygget for \u00e5 v\u00e6re interaktive og engasjerende for publikum. Noen av hovedattraksjonene i utstillingen er: Kj\u00f8r en ekte tempo gjennom gatene\u2026","rel":"","context":"i &quot;Nytt fra Vitenfabrikken&quot;","block_context":{"text":"Nytt fra Vitenfabrikken","link":"https:\/\/www.jaermuseet.no\/vitenfabrikken\/kategori\/nyheter-fra-vitenfabrikken\/"},"img":{"alt_text":"","src":"https:\/\/i0.wp.com\/www.jaermuseet.no\/vitenfabrikken\/wp-content\/uploads\/sites\/12\/2018\/05\/oglend_utstilling_skei_grande27.jpg?resize=350%2C200&ssl=1","width":350,"height":200,"srcset":"https:\/\/i0.wp.com\/www.jaermuseet.no\/vitenfabrikken\/wp-content\/uploads\/sites\/12\/2018\/05\/oglend_utstilling_skei_grande27.jpg?resize=350%2C200&ssl=1 1x, https:\/\/i0.wp.com\/www.jaermuseet.no\/vitenfabrikken\/wp-content\/uploads\/sites\/12\/2018\/05\/oglend_utstilling_skei_grande27.jpg?resize=525%2C300&ssl=1 1.5x, https:\/\/i0.wp.com\/www.jaermuseet.no\/vitenfabrikken\/wp-content\/uploads\/sites\/12\/2018\/05\/oglend_utstilling_skei_grande27.jpg?resize=700%2C400&ssl=1 2x, https:\/\/i0.wp.com\/www.jaermuseet.no\/vitenfabrikken\/wp-content\/uploads\/sites\/12\/2018\/05\/oglend_utstilling_skei_grande27.jpg?resize=1050%2C600&ssl=1 3x, https:\/\/i0.wp.com\/www.jaermuseet.no\/vitenfabrikken\/wp-content\/uploads\/sites\/12\/2018\/05\/oglend_utstilling_skei_grande27.jpg?resize=1400%2C800&ssl=1 4x"},"classes":[]},{"id":14191,"url":"https:\/\/www.jaermuseet.no\/vitenfabrikken\/bursdagsfeiring-med-nye-tema-fra-hosten-kan-bestilles-allerede-na\/","url_meta":{"origin":8478,"position":2},"title":"Bursdagsfeiring med nye tema fra h\u00f8sten. Kan bestilles allerede n\u00e5!","author":"Debra Hagen","date":"1. juli 2025","format":false,"excerpt":"Lag ditt eget smykke med perlingFeiende flott i farge og formLag s\u00e5pebobler og pinneRakettverkstedLeire\/modelleringEggonaut eller planetarietAbeltastiske utfordringerHvem er den skyldige? Sm\u00e5 detektiver h\u00e5per \u00e5 l\u00f8se mysteriet. Vi \u00e5pner opp for nye, kjekke tema fra h\u00f8sten av. Da kan vi faktisk tilby totalt 8 bursdagstema! Velg mellom tema som smykkeperling, forming\u2026","rel":"","context":"i &quot;Nytt fra Vitenfabrikken&quot;","block_context":{"text":"Nytt fra Vitenfabrikken","link":"https:\/\/www.jaermuseet.no\/vitenfabrikken\/kategori\/nyheter-fra-vitenfabrikken\/"},"img":{"alt_text":"","src":"https:\/\/i0.wp.com\/www.jaermuseet.no\/vitenfabrikken\/wp-content\/uploads\/sites\/12\/2020\/09\/20131119_JanIngeHaga_DSSS-5-scaled.jpg?resize=350%2C200&ssl=1","width":350,"height":200,"srcset":"https:\/\/i0.wp.com\/www.jaermuseet.no\/vitenfabrikken\/wp-content\/uploads\/sites\/12\/2020\/09\/20131119_JanIngeHaga_DSSS-5-scaled.jpg?resize=350%2C200&ssl=1 1x, https:\/\/i0.wp.com\/www.jaermuseet.no\/vitenfabrikken\/wp-content\/uploads\/sites\/12\/2020\/09\/20131119_JanIngeHaga_DSSS-5-scaled.jpg?resize=525%2C300&ssl=1 1.5x, https:\/\/i0.wp.com\/www.jaermuseet.no\/vitenfabrikken\/wp-content\/uploads\/sites\/12\/2020\/09\/20131119_JanIngeHaga_DSSS-5-scaled.jpg?resize=700%2C400&ssl=1 2x, https:\/\/i0.wp.com\/www.jaermuseet.no\/vitenfabrikken\/wp-content\/uploads\/sites\/12\/2020\/09\/20131119_JanIngeHaga_DSSS-5-scaled.jpg?resize=1050%2C600&ssl=1 3x, https:\/\/i0.wp.com\/www.jaermuseet.no\/vitenfabrikken\/wp-content\/uploads\/sites\/12\/2020\/09\/20131119_JanIngeHaga_DSSS-5-scaled.jpg?resize=1400%2C800&ssl=1 4x"},"classes":[]},{"id":12480,"url":"https:\/\/www.jaermuseet.no\/vitenfabrikken\/ordforeren-roser-formidlingsopplegg-et-fantastisk-tilbud-til-elevene-i-sandnes\/","url_meta":{"origin":8478,"position":3},"title":"Ordf\u00f8reren roser formidlingsopplegg: -Et fantastisk tilbud til elevene i Sandnes","author":"Andreas Lange","date":"13. juni 2024","format":false,"excerpt":"\u00abJeg synes dette er et fantastisk tilbud til elevene i Sandnes\u00bb sier ordf\u00f8rer i Sandnes kommune, Kenny Rettore, etter \u00e5 ha v\u00e6rt med 4. klasse fra Forsand skule p\u00e5 teglsteinmaking p\u00e5 Vitenfabrikken tirsdag 28. mai. Dagens formidlingsopplegg for skuleklassen fra Forsand, \u00abPottemakeren og Teglverkene\u00bb, er muliggjort av den kulturelle skolesekken,\u2026","rel":"","context":"i &quot;Nytt fra Vitenfabrikken&quot;","block_context":{"text":"Nytt fra Vitenfabrikken","link":"https:\/\/www.jaermuseet.no\/vitenfabrikken\/kategori\/nyheter-fra-vitenfabrikken\/"},"img":{"alt_text":"","src":"https:\/\/i0.wp.com\/www.jaermuseet.no\/vitenfabrikken\/wp-content\/uploads\/sites\/12\/2024\/05\/240538_Vitenfabrikken_Ordforer_Besok_WebCZ9A5515-scaled.jpg?resize=350%2C200&ssl=1","width":350,"height":200,"srcset":"https:\/\/i0.wp.com\/www.jaermuseet.no\/vitenfabrikken\/wp-content\/uploads\/sites\/12\/2024\/05\/240538_Vitenfabrikken_Ordforer_Besok_WebCZ9A5515-scaled.jpg?resize=350%2C200&ssl=1 1x, https:\/\/i0.wp.com\/www.jaermuseet.no\/vitenfabrikken\/wp-content\/uploads\/sites\/12\/2024\/05\/240538_Vitenfabrikken_Ordforer_Besok_WebCZ9A5515-scaled.jpg?resize=525%2C300&ssl=1 1.5x, https:\/\/i0.wp.com\/www.jaermuseet.no\/vitenfabrikken\/wp-content\/uploads\/sites\/12\/2024\/05\/240538_Vitenfabrikken_Ordforer_Besok_WebCZ9A5515-scaled.jpg?resize=700%2C400&ssl=1 2x, https:\/\/i0.wp.com\/www.jaermuseet.no\/vitenfabrikken\/wp-content\/uploads\/sites\/12\/2024\/05\/240538_Vitenfabrikken_Ordforer_Besok_WebCZ9A5515-scaled.jpg?resize=1050%2C600&ssl=1 3x, https:\/\/i0.wp.com\/www.jaermuseet.no\/vitenfabrikken\/wp-content\/uploads\/sites\/12\/2024\/05\/240538_Vitenfabrikken_Ordforer_Besok_WebCZ9A5515-scaled.jpg?resize=1400%2C800&ssl=1 4x"},"classes":[]},{"id":14301,"url":"https:\/\/www.jaermuseet.no\/vitenfabrikken\/nyhet-fra-makerspace-vitenfabrikken\/","url_meta":{"origin":8478,"position":4},"title":"Nyhet fra Makerspace Vitenfabrikken!","author":"Debra Hagen","date":"10. september 2025","format":false,"excerpt":"Vi har siden 2016 hatt Fredags-dropin p\u00e5 Makerspace Vitenfabrikken hver fredag kl. 12:00-15:00. Fremover vil dette tilbudet bli flyttet til torsdager. Samme tid og vilk\u00e5r: Torsdags-dropin p\u00e5 Makerspace Vitenfabrikken: Kl. 12:00-15:00 Gratis inngang For alle over 13 \u00e5r Som alltid er dere hjertelig velkommen med egne skaper-prosjekter, f\u00e5 hjelp til\u2026","rel":"","context":"i &quot;Nytt fra Vitenfabrikken&quot;","block_context":{"text":"Nytt fra Vitenfabrikken","link":"https:\/\/www.jaermuseet.no\/vitenfabrikken\/kategori\/nyheter-fra-vitenfabrikken\/"},"img":{"alt_text":"","src":"https:\/\/i0.wp.com\/www.jaermuseet.no\/vitenfabrikken\/wp-content\/uploads\/sites\/12\/2017\/04\/Makerspace.jpg?resize=350%2C200&ssl=1","width":350,"height":200,"srcset":"https:\/\/i0.wp.com\/www.jaermuseet.no\/vitenfabrikken\/wp-content\/uploads\/sites\/12\/2017\/04\/Makerspace.jpg?resize=350%2C200&ssl=1 1x, https:\/\/i0.wp.com\/www.jaermuseet.no\/vitenfabrikken\/wp-content\/uploads\/sites\/12\/2017\/04\/Makerspace.jpg?resize=525%2C300&ssl=1 1.5x, https:\/\/i0.wp.com\/www.jaermuseet.no\/vitenfabrikken\/wp-content\/uploads\/sites\/12\/2017\/04\/Makerspace.jpg?resize=700%2C400&ssl=1 2x"},"classes":[]},{"id":10950,"url":"https:\/\/www.jaermuseet.no\/vitenfabrikken\/lommepark-med-biokull-apnet\/","url_meta":{"origin":8478,"position":5},"title":"Lommepark med biokull \u00e5pnet","author":"Elin Ravndal Bell","date":"2. mai 2023","format":false,"excerpt":"Sandnes kommune og den filantropiske organisasjonen Bloomberg har samarbeidet om biokull siden 2022. Som et ledd i dette samarbeidet, har Vitenfabrikken utarbeidet et nytt undervisningsprogram myntet p\u00e5 alle sjetteklassingene i Sandnes-skolen. - Vi er utrolig stolte av at Bloomberg vil samarbeide med oss. Sammen skal vi gj\u00f8re b\u00e5de bruk og\u2026","rel":"","context":"i &quot;Nytt fra Vitenfabrikken&quot;","block_context":{"text":"Nytt fra Vitenfabrikken","link":"https:\/\/www.jaermuseet.no\/vitenfabrikken\/kategori\/nyheter-fra-vitenfabrikken\/"},"img":{"alt_text":"Ordf\u00f8rer Stanley Wirak klippet snora og \u00e5pner Lommeparken.","src":"https:\/\/i0.wp.com\/www.jaermuseet.no\/vitenfabrikken\/wp-content\/uploads\/sites\/12\/2023\/05\/Vitenfabrikken_Lommepark_73.jpg?resize=350%2C200&ssl=1","width":350,"height":200,"srcset":"https:\/\/i0.wp.com\/www.jaermuseet.no\/vitenfabrikken\/wp-content\/uploads\/sites\/12\/2023\/05\/Vitenfabrikken_Lommepark_73.jpg?resize=350%2C200&ssl=1 1x, https:\/\/i0.wp.com\/www.jaermuseet.no\/vitenfabrikken\/wp-content\/uploads\/sites\/12\/2023\/05\/Vitenfabrikken_Lommepark_73.jpg?resize=525%2C300&ssl=1 1.5x, https:\/\/i0.wp.com\/www.jaermuseet.no\/vitenfabrikken\/wp-content\/uploads\/sites\/12\/2023\/05\/Vitenfabrikken_Lommepark_73.jpg?resize=700%2C400&ssl=1 2x, https:\/\/i0.wp.com\/www.jaermuseet.no\/vitenfabrikken\/wp-content\/uploads\/sites\/12\/2023\/05\/Vitenfabrikken_Lommepark_73.jpg?resize=1050%2C600&ssl=1 3x, https:\/\/i0.wp.com\/www.jaermuseet.no\/vitenfabrikken\/wp-content\/uploads\/sites\/12\/2023\/05\/Vitenfabrikken_Lommepark_73.jpg?resize=1400%2C800&ssl=1 4x"},"classes":[]}],"_links":{"self":[{"href":"https:\/\/www.jaermuseet.no\/vitenfabrikken\/wp-json\/wp\/v2\/posts\/8478","targetHints":{"allow":["GET"]}}],"collection":[{"href":"https:\/\/www.jaermuseet.no\/vitenfabrikken\/wp-json\/wp\/v2\/posts"}],"about":[{"href":"https:\/\/www.jaermuseet.no\/vitenfabrikken\/wp-json\/wp\/v2\/types\/post"}],"author":[{"embeddable":true,"href":"https:\/\/www.jaermuseet.no\/vitenfabrikken\/wp-json\/wp\/v2\/users\/11"}],"replies":[{"embeddable":true,"href":"https:\/\/www.jaermuseet.no\/vitenfabrikken\/wp-json\/wp\/v2\/comments?post=8478"}],"version-history":[{"count":4,"href":"https:\/\/www.jaermuseet.no\/vitenfabrikken\/wp-json\/wp\/v2\/posts\/8478\/revisions"}],"predecessor-version":[{"id":8670,"href":"https:\/\/www.jaermuseet.no\/vitenfabrikken\/wp-json\/wp\/v2\/posts\/8478\/revisions\/8670"}],"wp:featuredmedia":[{"embeddable":true,"href":"https:\/\/www.jaermuseet.no\/vitenfabrikken\/wp-json\/wp\/v2\/media\/8485"}],"wp:attachment":[{"href":"https:\/\/www.jaermuseet.no\/vitenfabrikken\/wp-json\/wp\/v2\/media?parent=8478"}],"wp:term":[{"taxonomy":"category","embeddable":true,"href":"https:\/\/www.jaermuseet.no\/vitenfabrikken\/wp-json\/wp\/v2\/categories?post=8478"},{"taxonomy":"post_tag","embeddable":true,"href":"https:\/\/www.jaermuseet.no\/vitenfabrikken\/wp-json\/wp\/v2\/tags?post=8478"}],"curies":[{"name":"wp","href":"https:\/\/api.w.org\/{rel}","templated":true}]}}