{"id":5035,"date":"2020-09-10T08:26:00","date_gmt":"2020-09-10T06:26:00","guid":{"rendered":"https:\/\/www.jaermuseet.no\/vitenfabrikken\/?p=5035"},"modified":"2026-01-12T12:49:43","modified_gmt":"2026-01-12T11:49:43","slug":"vi-hos-ogland","status":"publish","type":"post","link":"https:\/\/www.jaermuseet.no\/vitenfabrikken\/vi-hos-ogland\/","title":{"rendered":"Vi hos \u00d8gl\u00e6nd"},"content":{"rendered":"<p><strong>\u00a0<\/strong><\/p>\n<p>I utstillingen &#8220;Vi hos \u00d8gl\u00e6nd&#8221; blir du bedre kjent med bedriften som har v\u00e6rt s\u00e5 viktig for v\u00e5r region.<\/p>\n<p><strong>L\u00e6re ved \u00e5 gj\u00f8re<\/strong><\/p>\n<p>I god J\u00e6rmuseet-\u00e5nd er utstillingene bygget for \u00e5 v\u00e6re interaktive og engasjerende for publikum. Noen av hovedattraksjonene i utstillingen er:<\/p>\n<ul>\n<li>Kj\u00f8r en ekte tempo gjennom gatene i Sandnes mens vinden bl\u00e5ser i ansiktet<\/li>\n<li>Tidsspeil der hele familien kan stille seg opp i speilet med \u00d8gl\u00e6nd-kl\u00e6r fra 50,- 60,- 70,- og 80-tallet<\/li>\n<li>Lytt til historier fra ansatte og andre om hvordan det var \u00e5 jobbe\/bes\u00f8ke \u00d8gl\u00e6nd<\/li>\n<li>Stemple deg inn i stemplingsuret<\/li>\n<li>Pr\u00f8v \u00e5 sett p\u00e5 ulike sykkeldeler p\u00e5 sykkelen<\/li>\n<li>Forst\u00e5 hvor mye \u00d8gl\u00e6nd preget byen i det interaktive kartet som viser alle \u00d8gl\u00e6nd sine bygninger. Mange st\u00e5r der i dag, men folk flest er kanskje ikke klar over at de ble bygget for \u00d8gl\u00e6nd. Bygningene vil vise bilder b\u00e5de utenfra og innenfra.<\/li>\n<li>Og sist men ikke minst \u2013 utstilling av mange \u00d8gl\u00e6nd-produkt som DBS-sykler, Tempo\u2019er, prototyper, arbeidskl\u00e6r og konfeksjon<\/li>\n<\/ul>\n\n\n<h4 class=\"wp-block-heading\">Omvisning<\/h4>\n\n\n\n<p><strong>Beate \u00d8gl\u00e6nd<\/strong>&nbsp;er 4. generasjons \u00d8gl\u00e6nd og datter av Jonas Bjarne \u00d8gl\u00e6nd. Hun er et tidsvitne som kjenner bedriftshistorien fra \u00e5 ha vokst opp med den, og har mange gode historier \u00e5 fortelle. Beate f\u00e5r du omvisninger med p\u00e5 utvalgte s\u00f8ndager. Sjekk under &#8220;Kva skjer&#8221; om det er satt opp omvisninger med Beate fremover.<\/p>\n\n\n\n<p>Det er mulig for grupper \u00e5 bestille omvisning i utstillingen med tidligere \u00e6rendsgutt hos Jonas \u00d8gl\u00e6nd, <strong>Jan-Erik Holmen.<\/strong> \u00d8nsker du en omvisning for sm\u00e5 eller store grupper, ta kontakt med oss p\u00e5 vitenfabrikken@jaermuseet.no<\/p>\n\n\n\n<figure class=\"wp-block-gallery has-nested-images columns-default is-cropped wp-block-gallery-1 is-layout-flex wp-block-gallery-is-layout-flex\">\n<figure class=\"wp-block-image size-large\"><img loading=\"lazy\" decoding=\"async\" width=\"1024\" height=\"683\" data-attachment-id=\"12671\" data-permalink=\"https:\/\/www.jaermuseet.no\/vitenfabrikken\/vi-hos-ogland\/240719_vitenfabrikken_oglaend_utstilling_bilder_printcz9a0002\/\" data-orig-file=\"https:\/\/www.jaermuseet.no\/vitenfabrikken\/wp-content\/uploads\/sites\/12\/2020\/09\/240719_Vitenfabrikken_Oglaend_utstilling_Bilder_PrintCZ9A0002-scaled.jpg\" data-orig-size=\"2560,1707\" data-comments-opened=\"0\" data-image-meta=\"{&quot;aperture&quot;:&quot;1.8&quot;,&quot;credit&quot;:&quot;&quot;,&quot;camera&quot;:&quot;Canon EOS R7&quot;,&quot;caption&quot;:&quot;&quot;,&quot;created_timestamp&quot;:&quot;1721376495&quot;,&quot;copyright&quot;:&quot;&quot;,&quot;focal_length&quot;:&quot;35&quot;,&quot;iso&quot;:&quot;1000&quot;,&quot;shutter_speed&quot;:&quot;0.005&quot;,&quot;title&quot;:&quot;&quot;,&quot;orientation&quot;:&quot;0&quot;}\" data-image-title=\"240719_Vitenfabrikken_\u00d8gl\u00e6nd_utstilling_Bilder_PrintCZ9A0002\" data-image-description=\"\" data-image-caption=\"\" data-large-file=\"https:\/\/www.jaermuseet.no\/vitenfabrikken\/wp-content\/uploads\/sites\/12\/2020\/09\/240719_Vitenfabrikken_Oglaend_utstilling_Bilder_PrintCZ9A0002-1024x683.jpg\" data-id=\"12671\" src=\"https:\/\/www.jaermuseet.no\/vitenfabrikken\/wp-content\/uploads\/sites\/12\/2020\/09\/240719_Vitenfabrikken_Oglaend_utstilling_Bilder_PrintCZ9A0002-1024x683.jpg\" alt=\"\" class=\"wp-image-12671\" srcset=\"https:\/\/www.jaermuseet.no\/vitenfabrikken\/wp-content\/uploads\/sites\/12\/2020\/09\/240719_Vitenfabrikken_Oglaend_utstilling_Bilder_PrintCZ9A0002-1024x683.jpg 1024w, https:\/\/www.jaermuseet.no\/vitenfabrikken\/wp-content\/uploads\/sites\/12\/2020\/09\/240719_Vitenfabrikken_Oglaend_utstilling_Bilder_PrintCZ9A0002-300x200.jpg 300w, https:\/\/www.jaermuseet.no\/vitenfabrikken\/wp-content\/uploads\/sites\/12\/2020\/09\/240719_Vitenfabrikken_Oglaend_utstilling_Bilder_PrintCZ9A0002-200x133.jpg 200w, https:\/\/www.jaermuseet.no\/vitenfabrikken\/wp-content\/uploads\/sites\/12\/2020\/09\/240719_Vitenfabrikken_Oglaend_utstilling_Bilder_PrintCZ9A0002-1536x1024.jpg 1536w, https:\/\/www.jaermuseet.no\/vitenfabrikken\/wp-content\/uploads\/sites\/12\/2020\/09\/240719_Vitenfabrikken_Oglaend_utstilling_Bilder_PrintCZ9A0002-2048x1365.jpg 2048w\" sizes=\"auto, (max-width: 1024px) 100vw, 1024px\" \/><\/figure>\n\n\n\n<figure class=\"wp-block-image size-large\"><img loading=\"lazy\" decoding=\"async\" width=\"1024\" height=\"683\" data-attachment-id=\"12670\" data-permalink=\"https:\/\/www.jaermuseet.no\/vitenfabrikken\/vi-hos-ogland\/240719_vitenfabrikken_oglaend_utstilling_bilder_printcz9a0009\/\" data-orig-file=\"https:\/\/www.jaermuseet.no\/vitenfabrikken\/wp-content\/uploads\/sites\/12\/2020\/09\/240719_Vitenfabrikken_Oglaend_utstilling_Bilder_PrintCZ9A0009-scaled.jpg\" data-orig-size=\"2560,1707\" data-comments-opened=\"0\" data-image-meta=\"{&quot;aperture&quot;:&quot;1.8&quot;,&quot;credit&quot;:&quot;&quot;,&quot;camera&quot;:&quot;Canon EOS R7&quot;,&quot;caption&quot;:&quot;&quot;,&quot;created_timestamp&quot;:&quot;1721376521&quot;,&quot;copyright&quot;:&quot;&quot;,&quot;focal_length&quot;:&quot;35&quot;,&quot;iso&quot;:&quot;1000&quot;,&quot;shutter_speed&quot;:&quot;0.0125&quot;,&quot;title&quot;:&quot;&quot;,&quot;orientation&quot;:&quot;0&quot;}\" data-image-title=\"240719_Vitenfabrikken_\u00d8gl\u00e6nd_utstilling_Bilder_PrintCZ9A0009\" data-image-description=\"\" data-image-caption=\"\" data-large-file=\"https:\/\/www.jaermuseet.no\/vitenfabrikken\/wp-content\/uploads\/sites\/12\/2020\/09\/240719_Vitenfabrikken_Oglaend_utstilling_Bilder_PrintCZ9A0009-1024x683.jpg\" data-id=\"12670\" src=\"https:\/\/www.jaermuseet.no\/vitenfabrikken\/wp-content\/uploads\/sites\/12\/2020\/09\/240719_Vitenfabrikken_Oglaend_utstilling_Bilder_PrintCZ9A0009-1024x683.jpg\" alt=\"\" class=\"wp-image-12670\" srcset=\"https:\/\/www.jaermuseet.no\/vitenfabrikken\/wp-content\/uploads\/sites\/12\/2020\/09\/240719_Vitenfabrikken_Oglaend_utstilling_Bilder_PrintCZ9A0009-1024x683.jpg 1024w, https:\/\/www.jaermuseet.no\/vitenfabrikken\/wp-content\/uploads\/sites\/12\/2020\/09\/240719_Vitenfabrikken_Oglaend_utstilling_Bilder_PrintCZ9A0009-300x200.jpg 300w, https:\/\/www.jaermuseet.no\/vitenfabrikken\/wp-content\/uploads\/sites\/12\/2020\/09\/240719_Vitenfabrikken_Oglaend_utstilling_Bilder_PrintCZ9A0009-200x133.jpg 200w, https:\/\/www.jaermuseet.no\/vitenfabrikken\/wp-content\/uploads\/sites\/12\/2020\/09\/240719_Vitenfabrikken_Oglaend_utstilling_Bilder_PrintCZ9A0009-1536x1024.jpg 1536w, https:\/\/www.jaermuseet.no\/vitenfabrikken\/wp-content\/uploads\/sites\/12\/2020\/09\/240719_Vitenfabrikken_Oglaend_utstilling_Bilder_PrintCZ9A0009-2048x1365.jpg 2048w\" sizes=\"auto, (max-width: 1024px) 100vw, 1024px\" \/><\/figure>\n\n\n\n<figure class=\"wp-block-image size-large\"><img loading=\"lazy\" decoding=\"async\" width=\"1024\" height=\"683\" data-attachment-id=\"12673\" data-permalink=\"https:\/\/www.jaermuseet.no\/vitenfabrikken\/vi-hos-ogland\/240719_vitenfabrikken_oglaend_utstilling_bilder_printcz9a0049\/\" data-orig-file=\"https:\/\/www.jaermuseet.no\/vitenfabrikken\/wp-content\/uploads\/sites\/12\/2020\/09\/240719_Vitenfabrikken_Oglaend_utstilling_Bilder_PrintCZ9A0049-scaled.jpg\" data-orig-size=\"2560,1707\" data-comments-opened=\"0\" data-image-meta=\"{&quot;aperture&quot;:&quot;1.8&quot;,&quot;credit&quot;:&quot;&quot;,&quot;camera&quot;:&quot;Canon EOS R7&quot;,&quot;caption&quot;:&quot;&quot;,&quot;created_timestamp&quot;:&quot;1721376759&quot;,&quot;copyright&quot;:&quot;&quot;,&quot;focal_length&quot;:&quot;35&quot;,&quot;iso&quot;:&quot;6400&quot;,&quot;shutter_speed&quot;:&quot;0.025&quot;,&quot;title&quot;:&quot;&quot;,&quot;orientation&quot;:&quot;0&quot;}\" data-image-title=\"240719_Vitenfabrikken_\u00d8gl\u00e6nd_utstilling_Bilder_PrintCZ9A0049\" data-image-description=\"\" data-image-caption=\"\" data-large-file=\"https:\/\/www.jaermuseet.no\/vitenfabrikken\/wp-content\/uploads\/sites\/12\/2020\/09\/240719_Vitenfabrikken_Oglaend_utstilling_Bilder_PrintCZ9A0049-1024x683.jpg\" data-id=\"12673\" src=\"https:\/\/www.jaermuseet.no\/vitenfabrikken\/wp-content\/uploads\/sites\/12\/2020\/09\/240719_Vitenfabrikken_Oglaend_utstilling_Bilder_PrintCZ9A0049-1024x683.jpg\" alt=\"\" class=\"wp-image-12673\" srcset=\"https:\/\/www.jaermuseet.no\/vitenfabrikken\/wp-content\/uploads\/sites\/12\/2020\/09\/240719_Vitenfabrikken_Oglaend_utstilling_Bilder_PrintCZ9A0049-1024x683.jpg 1024w, https:\/\/www.jaermuseet.no\/vitenfabrikken\/wp-content\/uploads\/sites\/12\/2020\/09\/240719_Vitenfabrikken_Oglaend_utstilling_Bilder_PrintCZ9A0049-300x200.jpg 300w, https:\/\/www.jaermuseet.no\/vitenfabrikken\/wp-content\/uploads\/sites\/12\/2020\/09\/240719_Vitenfabrikken_Oglaend_utstilling_Bilder_PrintCZ9A0049-200x133.jpg 200w, https:\/\/www.jaermuseet.no\/vitenfabrikken\/wp-content\/uploads\/sites\/12\/2020\/09\/240719_Vitenfabrikken_Oglaend_utstilling_Bilder_PrintCZ9A0049-1536x1024.jpg 1536w, https:\/\/www.jaermuseet.no\/vitenfabrikken\/wp-content\/uploads\/sites\/12\/2020\/09\/240719_Vitenfabrikken_Oglaend_utstilling_Bilder_PrintCZ9A0049-2048x1365.jpg 2048w\" sizes=\"auto, (max-width: 1024px) 100vw, 1024px\" \/><\/figure>\n\n\n\n<figure class=\"wp-block-image size-large\"><img loading=\"lazy\" decoding=\"async\" width=\"1024\" height=\"683\" data-attachment-id=\"12672\" data-permalink=\"https:\/\/www.jaermuseet.no\/vitenfabrikken\/vi-hos-ogland\/240719_vitenfabrikken_oglaend_utstilling_bilder_printcz9a0095\/\" data-orig-file=\"https:\/\/www.jaermuseet.no\/vitenfabrikken\/wp-content\/uploads\/sites\/12\/2020\/09\/240719_Vitenfabrikken_Oglaend_utstilling_Bilder_PrintCZ9A0095-scaled.jpg\" data-orig-size=\"2560,1707\" data-comments-opened=\"0\" data-image-meta=\"{&quot;aperture&quot;:&quot;1.8&quot;,&quot;credit&quot;:&quot;&quot;,&quot;camera&quot;:&quot;Canon EOS R7&quot;,&quot;caption&quot;:&quot;&quot;,&quot;created_timestamp&quot;:&quot;1721376991&quot;,&quot;copyright&quot;:&quot;&quot;,&quot;focal_length&quot;:&quot;35&quot;,&quot;iso&quot;:&quot;6400&quot;,&quot;shutter_speed&quot;:&quot;0.033333333333333&quot;,&quot;title&quot;:&quot;&quot;,&quot;orientation&quot;:&quot;0&quot;}\" data-image-title=\"240719_Vitenfabrikken_\u00d8gl\u00e6nd_utstilling_Bilder_PrintCZ9A0095\" data-image-description=\"\" data-image-caption=\"\" data-large-file=\"https:\/\/www.jaermuseet.no\/vitenfabrikken\/wp-content\/uploads\/sites\/12\/2020\/09\/240719_Vitenfabrikken_Oglaend_utstilling_Bilder_PrintCZ9A0095-1024x683.jpg\" data-id=\"12672\" src=\"https:\/\/www.jaermuseet.no\/vitenfabrikken\/wp-content\/uploads\/sites\/12\/2020\/09\/240719_Vitenfabrikken_Oglaend_utstilling_Bilder_PrintCZ9A0095-1024x683.jpg\" alt=\"\" class=\"wp-image-12672\" srcset=\"https:\/\/www.jaermuseet.no\/vitenfabrikken\/wp-content\/uploads\/sites\/12\/2020\/09\/240719_Vitenfabrikken_Oglaend_utstilling_Bilder_PrintCZ9A0095-1024x683.jpg 1024w, https:\/\/www.jaermuseet.no\/vitenfabrikken\/wp-content\/uploads\/sites\/12\/2020\/09\/240719_Vitenfabrikken_Oglaend_utstilling_Bilder_PrintCZ9A0095-300x200.jpg 300w, https:\/\/www.jaermuseet.no\/vitenfabrikken\/wp-content\/uploads\/sites\/12\/2020\/09\/240719_Vitenfabrikken_Oglaend_utstilling_Bilder_PrintCZ9A0095-200x133.jpg 200w, https:\/\/www.jaermuseet.no\/vitenfabrikken\/wp-content\/uploads\/sites\/12\/2020\/09\/240719_Vitenfabrikken_Oglaend_utstilling_Bilder_PrintCZ9A0095-1536x1024.jpg 1536w, https:\/\/www.jaermuseet.no\/vitenfabrikken\/wp-content\/uploads\/sites\/12\/2020\/09\/240719_Vitenfabrikken_Oglaend_utstilling_Bilder_PrintCZ9A0095-2048x1365.jpg 2048w\" sizes=\"auto, (max-width: 1024px) 100vw, 1024px\" \/><\/figure>\n<\/figure>\n\n\n\n<div style=\"height:100px\" aria-hidden=\"true\" class=\"wp-block-spacer\"><\/div>\n","protected":false},"excerpt":{"rendered":"<p>\u00a0 I utstillingen &#8220;Vi hos \u00d8gl\u00e6nd&#8221; blir du bedre kjent&#8230;<\/p>\n","protected":false},"author":11,"featured_media":4733,"comment_status":"closed","ping_status":"closed","sticky":false,"template":"","format":"standard","meta":{"_acf_changed":false,"_jetpack_memberships_contains_paid_content":false,"footnotes":""},"categories":[4,3],"tags":[],"class_list":["post-5035","post","type-post","status-publish","format-standard","has-post-thumbnail","hentry","category-nyheter-fra-vitenfabrikken","category-utstillinger-pa-vitenfabrikken","featured-image-size-large"],"acf":[],"yoast_head":"<!-- This site is optimized with the Yoast SEO plugin v27.4 - https:\/\/yoast.com\/product\/yoast-seo-wordpress\/ -->\n<title>Vi hos \u00d8gl\u00e6nd - Vitenfabrikken<\/title>\n<meta name=\"description\" content=\"I utstillingen Vi hos \u00d8gl\u00e6nd f\u00e5r du se mange ulike DBS og Tempo&#039;er, alle produsert i Sandnes. Her er ogs\u00e5 mange aktiviteter for barna.\" \/>\n<meta name=\"robots\" content=\"index, follow, max-snippet:-1, max-image-preview:large, max-video-preview:-1\" \/>\n<link rel=\"canonical\" href=\"https:\/\/www.jaermuseet.no\/vitenfabrikken\/vi-hos-ogland\/\" \/>\n<meta property=\"og:locale\" content=\"nb_NO\" \/>\n<meta property=\"og:type\" content=\"article\" \/>\n<meta property=\"og:title\" content=\"Vi hos \u00d8gl\u00e6nd - Vitenfabrikken\" \/>\n<meta property=\"og:description\" content=\"I utstillingen Vi hos \u00d8gl\u00e6nd f\u00e5r du se mange ulike DBS og Tempo&#039;er, alle produsert i Sandnes. Her er ogs\u00e5 mange aktiviteter for barna.\" \/>\n<meta property=\"og:url\" content=\"https:\/\/www.jaermuseet.no\/vitenfabrikken\/vi-hos-ogland\/\" \/>\n<meta property=\"og:site_name\" content=\"Vitenfabrikken\" \/>\n<meta property=\"article:published_time\" content=\"2020-09-10T06:26:00+00:00\" \/>\n<meta property=\"article:modified_time\" content=\"2026-01-12T11:49:43+00:00\" \/>\n<meta property=\"og:image\" content=\"https:\/\/www.jaermuseet.no\/vitenfabrikken\/wp-content\/uploads\/sites\/12\/2018\/05\/oglend_utstilling_skei_grande27-1024x683.jpg\" \/>\n\t<meta property=\"og:image:width\" content=\"1024\" \/>\n\t<meta property=\"og:image:height\" content=\"683\" \/>\n\t<meta property=\"og:image:type\" content=\"image\/jpeg\" \/>\n<meta name=\"author\" content=\"Vitenfabrikken\" \/>\n<meta name=\"twitter:card\" content=\"summary_large_image\" \/>\n<meta name=\"twitter:label1\" content=\"Skrevet av\" \/>\n\t<meta name=\"twitter:data1\" content=\"Vitenfabrikken\" \/>\n\t<meta name=\"twitter:label2\" content=\"Ansl. lesetid\" \/>\n\t<meta name=\"twitter:data2\" content=\"3 minutter\" \/>\n<script type=\"application\/ld+json\" class=\"yoast-schema-graph\">{\"@context\":\"https:\\\/\\\/schema.org\",\"@graph\":[{\"@type\":\"Article\",\"@id\":\"https:\\\/\\\/www.jaermuseet.no\\\/vitenfabrikken\\\/vi-hos-ogland\\\/#article\",\"isPartOf\":{\"@id\":\"https:\\\/\\\/www.jaermuseet.no\\\/vitenfabrikken\\\/vi-hos-ogland\\\/\"},\"author\":{\"name\":\"Vitenfabrikken\",\"@id\":\"https:\\\/\\\/www.jaermuseet.no\\\/vitenfabrikken\\\/#\\\/schema\\\/person\\\/a5fe2192bfdad6d2a4252b128975f316\"},\"headline\":\"Vi hos \u00d8gl\u00e6nd\",\"datePublished\":\"2020-09-10T06:26:00+00:00\",\"dateModified\":\"2026-01-12T11:49:43+00:00\",\"mainEntityOfPage\":{\"@id\":\"https:\\\/\\\/www.jaermuseet.no\\\/vitenfabrikken\\\/vi-hos-ogland\\\/\"},\"wordCount\":277,\"image\":{\"@id\":\"https:\\\/\\\/www.jaermuseet.no\\\/vitenfabrikken\\\/vi-hos-ogland\\\/#primaryimage\"},\"thumbnailUrl\":\"https:\\\/\\\/www.jaermuseet.no\\\/vitenfabrikken\\\/wp-content\\\/uploads\\\/sites\\\/12\\\/2018\\\/05\\\/oglend_utstilling_skei_grande27.jpg\",\"articleSection\":[\"Nytt fra Vitenfabrikken\",\"Utstillinger\"],\"inLanguage\":\"nb-NO\"},{\"@type\":\"WebPage\",\"@id\":\"https:\\\/\\\/www.jaermuseet.no\\\/vitenfabrikken\\\/vi-hos-ogland\\\/\",\"url\":\"https:\\\/\\\/www.jaermuseet.no\\\/vitenfabrikken\\\/vi-hos-ogland\\\/\",\"name\":\"Vi hos \u00d8gl\u00e6nd - Vitenfabrikken\",\"isPartOf\":{\"@id\":\"https:\\\/\\\/www.jaermuseet.no\\\/vitenfabrikken\\\/#website\"},\"primaryImageOfPage\":{\"@id\":\"https:\\\/\\\/www.jaermuseet.no\\\/vitenfabrikken\\\/vi-hos-ogland\\\/#primaryimage\"},\"image\":{\"@id\":\"https:\\\/\\\/www.jaermuseet.no\\\/vitenfabrikken\\\/vi-hos-ogland\\\/#primaryimage\"},\"thumbnailUrl\":\"https:\\\/\\\/www.jaermuseet.no\\\/vitenfabrikken\\\/wp-content\\\/uploads\\\/sites\\\/12\\\/2018\\\/05\\\/oglend_utstilling_skei_grande27.jpg\",\"datePublished\":\"2020-09-10T06:26:00+00:00\",\"dateModified\":\"2026-01-12T11:49:43+00:00\",\"author\":{\"@id\":\"https:\\\/\\\/www.jaermuseet.no\\\/vitenfabrikken\\\/#\\\/schema\\\/person\\\/a5fe2192bfdad6d2a4252b128975f316\"},\"description\":\"I utstillingen Vi hos \u00d8gl\u00e6nd f\u00e5r du se mange ulike DBS og Tempo'er, alle produsert i Sandnes. Her er ogs\u00e5 mange aktiviteter for barna.\",\"breadcrumb\":{\"@id\":\"https:\\\/\\\/www.jaermuseet.no\\\/vitenfabrikken\\\/vi-hos-ogland\\\/#breadcrumb\"},\"inLanguage\":\"nb-NO\",\"potentialAction\":[{\"@type\":\"ReadAction\",\"target\":[\"https:\\\/\\\/www.jaermuseet.no\\\/vitenfabrikken\\\/vi-hos-ogland\\\/\"]}]},{\"@type\":\"ImageObject\",\"inLanguage\":\"nb-NO\",\"@id\":\"https:\\\/\\\/www.jaermuseet.no\\\/vitenfabrikken\\\/vi-hos-ogland\\\/#primaryimage\",\"url\":\"https:\\\/\\\/www.jaermuseet.no\\\/vitenfabrikken\\\/wp-content\\\/uploads\\\/sites\\\/12\\\/2018\\\/05\\\/oglend_utstilling_skei_grande27.jpg\",\"contentUrl\":\"https:\\\/\\\/www.jaermuseet.no\\\/vitenfabrikken\\\/wp-content\\\/uploads\\\/sites\\\/12\\\/2018\\\/05\\\/oglend_utstilling_skei_grande27.jpg\",\"width\":7360,\"height\":4912},{\"@type\":\"BreadcrumbList\",\"@id\":\"https:\\\/\\\/www.jaermuseet.no\\\/vitenfabrikken\\\/vi-hos-ogland\\\/#breadcrumb\",\"itemListElement\":[{\"@type\":\"ListItem\",\"position\":1,\"name\":\"Hjem\",\"item\":\"https:\\\/\\\/www.jaermuseet.no\\\/vitenfabrikken\\\/\"},{\"@type\":\"ListItem\",\"position\":2,\"name\":\"Vi hos \u00d8gl\u00e6nd\"}]},{\"@type\":\"WebSite\",\"@id\":\"https:\\\/\\\/www.jaermuseet.no\\\/vitenfabrikken\\\/#website\",\"url\":\"https:\\\/\\\/www.jaermuseet.no\\\/vitenfabrikken\\\/\",\"name\":\"Vitenfabrikken\",\"description\":\"Exciting exhibitions and interactive installations\",\"potentialAction\":[{\"@type\":\"SearchAction\",\"target\":{\"@type\":\"EntryPoint\",\"urlTemplate\":\"https:\\\/\\\/www.jaermuseet.no\\\/vitenfabrikken\\\/?s={search_term_string}\"},\"query-input\":{\"@type\":\"PropertyValueSpecification\",\"valueRequired\":true,\"valueName\":\"search_term_string\"}}],\"inLanguage\":\"nb-NO\"},{\"@type\":\"Person\",\"@id\":\"https:\\\/\\\/www.jaermuseet.no\\\/vitenfabrikken\\\/#\\\/schema\\\/person\\\/a5fe2192bfdad6d2a4252b128975f316\",\"name\":\"Vitenfabrikken\",\"image\":{\"@type\":\"ImageObject\",\"inLanguage\":\"nb-NO\",\"@id\":\"https:\\\/\\\/secure.gravatar.com\\\/avatar\\\/6af482d5c3cb941d8dad3f44c07d12455ae8092887dc7b37c44b7111a4760a7c?s=96&d=mm&r=g\",\"url\":\"https:\\\/\\\/secure.gravatar.com\\\/avatar\\\/6af482d5c3cb941d8dad3f44c07d12455ae8092887dc7b37c44b7111a4760a7c?s=96&d=mm&r=g\",\"contentUrl\":\"https:\\\/\\\/secure.gravatar.com\\\/avatar\\\/6af482d5c3cb941d8dad3f44c07d12455ae8092887dc7b37c44b7111a4760a7c?s=96&d=mm&r=g\",\"caption\":\"Vitenfabrikken\"},\"url\":\"https:\\\/\\\/www.jaermuseet.no\\\/vitenfabrikken\\\/author\\\/vitenfabrikken\\\/\"}]}<\/script>\n<!-- \/ Yoast SEO plugin. -->","yoast_head_json":{"title":"Vi hos \u00d8gl\u00e6nd - Vitenfabrikken","description":"I utstillingen Vi hos \u00d8gl\u00e6nd f\u00e5r du se mange ulike DBS og Tempo'er, alle produsert i Sandnes. Her er ogs\u00e5 mange aktiviteter for barna.","robots":{"index":"index","follow":"follow","max-snippet":"max-snippet:-1","max-image-preview":"max-image-preview:large","max-video-preview":"max-video-preview:-1"},"canonical":"https:\/\/www.jaermuseet.no\/vitenfabrikken\/vi-hos-ogland\/","og_locale":"nb_NO","og_type":"article","og_title":"Vi hos \u00d8gl\u00e6nd - Vitenfabrikken","og_description":"I utstillingen Vi hos \u00d8gl\u00e6nd f\u00e5r du se mange ulike DBS og Tempo'er, alle produsert i Sandnes. Her er ogs\u00e5 mange aktiviteter for barna.","og_url":"https:\/\/www.jaermuseet.no\/vitenfabrikken\/vi-hos-ogland\/","og_site_name":"Vitenfabrikken","article_published_time":"2020-09-10T06:26:00+00:00","article_modified_time":"2026-01-12T11:49:43+00:00","og_image":[{"width":1024,"height":683,"url":"https:\/\/www.jaermuseet.no\/vitenfabrikken\/wp-content\/uploads\/sites\/12\/2018\/05\/oglend_utstilling_skei_grande27-1024x683.jpg","type":"image\/jpeg"}],"author":"Vitenfabrikken","twitter_card":"summary_large_image","twitter_misc":{"Skrevet av":"Vitenfabrikken","Ansl. lesetid":"3 minutter"},"schema":{"@context":"https:\/\/schema.org","@graph":[{"@type":"Article","@id":"https:\/\/www.jaermuseet.no\/vitenfabrikken\/vi-hos-ogland\/#article","isPartOf":{"@id":"https:\/\/www.jaermuseet.no\/vitenfabrikken\/vi-hos-ogland\/"},"author":{"name":"Vitenfabrikken","@id":"https:\/\/www.jaermuseet.no\/vitenfabrikken\/#\/schema\/person\/a5fe2192bfdad6d2a4252b128975f316"},"headline":"Vi hos \u00d8gl\u00e6nd","datePublished":"2020-09-10T06:26:00+00:00","dateModified":"2026-01-12T11:49:43+00:00","mainEntityOfPage":{"@id":"https:\/\/www.jaermuseet.no\/vitenfabrikken\/vi-hos-ogland\/"},"wordCount":277,"image":{"@id":"https:\/\/www.jaermuseet.no\/vitenfabrikken\/vi-hos-ogland\/#primaryimage"},"thumbnailUrl":"https:\/\/www.jaermuseet.no\/vitenfabrikken\/wp-content\/uploads\/sites\/12\/2018\/05\/oglend_utstilling_skei_grande27.jpg","articleSection":["Nytt fra Vitenfabrikken","Utstillinger"],"inLanguage":"nb-NO"},{"@type":"WebPage","@id":"https:\/\/www.jaermuseet.no\/vitenfabrikken\/vi-hos-ogland\/","url":"https:\/\/www.jaermuseet.no\/vitenfabrikken\/vi-hos-ogland\/","name":"Vi hos \u00d8gl\u00e6nd - Vitenfabrikken","isPartOf":{"@id":"https:\/\/www.jaermuseet.no\/vitenfabrikken\/#website"},"primaryImageOfPage":{"@id":"https:\/\/www.jaermuseet.no\/vitenfabrikken\/vi-hos-ogland\/#primaryimage"},"image":{"@id":"https:\/\/www.jaermuseet.no\/vitenfabrikken\/vi-hos-ogland\/#primaryimage"},"thumbnailUrl":"https:\/\/www.jaermuseet.no\/vitenfabrikken\/wp-content\/uploads\/sites\/12\/2018\/05\/oglend_utstilling_skei_grande27.jpg","datePublished":"2020-09-10T06:26:00+00:00","dateModified":"2026-01-12T11:49:43+00:00","author":{"@id":"https:\/\/www.jaermuseet.no\/vitenfabrikken\/#\/schema\/person\/a5fe2192bfdad6d2a4252b128975f316"},"description":"I utstillingen Vi hos \u00d8gl\u00e6nd f\u00e5r du se mange ulike DBS og Tempo'er, alle produsert i Sandnes. Her er ogs\u00e5 mange aktiviteter for barna.","breadcrumb":{"@id":"https:\/\/www.jaermuseet.no\/vitenfabrikken\/vi-hos-ogland\/#breadcrumb"},"inLanguage":"nb-NO","potentialAction":[{"@type":"ReadAction","target":["https:\/\/www.jaermuseet.no\/vitenfabrikken\/vi-hos-ogland\/"]}]},{"@type":"ImageObject","inLanguage":"nb-NO","@id":"https:\/\/www.jaermuseet.no\/vitenfabrikken\/vi-hos-ogland\/#primaryimage","url":"https:\/\/www.jaermuseet.no\/vitenfabrikken\/wp-content\/uploads\/sites\/12\/2018\/05\/oglend_utstilling_skei_grande27.jpg","contentUrl":"https:\/\/www.jaermuseet.no\/vitenfabrikken\/wp-content\/uploads\/sites\/12\/2018\/05\/oglend_utstilling_skei_grande27.jpg","width":7360,"height":4912},{"@type":"BreadcrumbList","@id":"https:\/\/www.jaermuseet.no\/vitenfabrikken\/vi-hos-ogland\/#breadcrumb","itemListElement":[{"@type":"ListItem","position":1,"name":"Hjem","item":"https:\/\/www.jaermuseet.no\/vitenfabrikken\/"},{"@type":"ListItem","position":2,"name":"Vi hos \u00d8gl\u00e6nd"}]},{"@type":"WebSite","@id":"https:\/\/www.jaermuseet.no\/vitenfabrikken\/#website","url":"https:\/\/www.jaermuseet.no\/vitenfabrikken\/","name":"Vitenfabrikken","description":"Exciting exhibitions and interactive installations","potentialAction":[{"@type":"SearchAction","target":{"@type":"EntryPoint","urlTemplate":"https:\/\/www.jaermuseet.no\/vitenfabrikken\/?s={search_term_string}"},"query-input":{"@type":"PropertyValueSpecification","valueRequired":true,"valueName":"search_term_string"}}],"inLanguage":"nb-NO"},{"@type":"Person","@id":"https:\/\/www.jaermuseet.no\/vitenfabrikken\/#\/schema\/person\/a5fe2192bfdad6d2a4252b128975f316","name":"Vitenfabrikken","image":{"@type":"ImageObject","inLanguage":"nb-NO","@id":"https:\/\/secure.gravatar.com\/avatar\/6af482d5c3cb941d8dad3f44c07d12455ae8092887dc7b37c44b7111a4760a7c?s=96&d=mm&r=g","url":"https:\/\/secure.gravatar.com\/avatar\/6af482d5c3cb941d8dad3f44c07d12455ae8092887dc7b37c44b7111a4760a7c?s=96&d=mm&r=g","contentUrl":"https:\/\/secure.gravatar.com\/avatar\/6af482d5c3cb941d8dad3f44c07d12455ae8092887dc7b37c44b7111a4760a7c?s=96&d=mm&r=g","caption":"Vitenfabrikken"},"url":"https:\/\/www.jaermuseet.no\/vitenfabrikken\/author\/vitenfabrikken\/"}]}},"cc_featured_image_caption":{"caption_text":"","source_text":"","source_url":""},"jetpack_featured_media_url":"https:\/\/www.jaermuseet.no\/vitenfabrikken\/wp-content\/uploads\/sites\/12\/2018\/05\/oglend_utstilling_skei_grande27.jpg","jetpack_sharing_enabled":true,"jetpack-related-posts":[{"id":6148,"url":"https:\/\/www.jaermuseet.no\/vitenfabrikken\/omvisning-for-grupper\/","url_meta":{"origin":5035,"position":0},"title":"Privat omvisning for en gruppe","author":"Vitenfabrikken","date":"3. juni 2024","format":false,"excerpt":"Book en engasjerende og l\u00e6rerik omvisning for ditt lag, forening eller organisasjon. Tema: Vi hos \u00d8gl\u00e6nd I 2018 \u00e5pnet Vitenfabrikken \u00ab\u00d8gl\u00e6nd i 150\u00bb i forbindelse med at det var 150 \u00e5r siden Sandnesbedriften ble etablert. Bli bedre kjent med bedriften som har v\u00e6rt s\u00e5 viktig for v\u00e5r region. V\u00e5re omvisere\u2026","rel":"","context":"i &quot;Bedriftstilbud&quot;","block_context":{"text":"Bedriftstilbud","link":"https:\/\/www.jaermuseet.no\/vitenfabrikken\/kategori\/teambuilding-og-familiedag-mote-utleie\/"},"img":{"alt_text":"","src":"https:\/\/i0.wp.com\/www.jaermuseet.no\/vitenfabrikken\/wp-content\/uploads\/sites\/12\/2024\/06\/20230531-Cruisebesok-foto-Aina-Fiskaa_red-scaled.jpg?resize=350%2C200&ssl=1","width":350,"height":200,"srcset":"https:\/\/i0.wp.com\/www.jaermuseet.no\/vitenfabrikken\/wp-content\/uploads\/sites\/12\/2024\/06\/20230531-Cruisebesok-foto-Aina-Fiskaa_red-scaled.jpg?resize=350%2C200&ssl=1 1x, https:\/\/i0.wp.com\/www.jaermuseet.no\/vitenfabrikken\/wp-content\/uploads\/sites\/12\/2024\/06\/20230531-Cruisebesok-foto-Aina-Fiskaa_red-scaled.jpg?resize=525%2C300&ssl=1 1.5x, https:\/\/i0.wp.com\/www.jaermuseet.no\/vitenfabrikken\/wp-content\/uploads\/sites\/12\/2024\/06\/20230531-Cruisebesok-foto-Aina-Fiskaa_red-scaled.jpg?resize=700%2C400&ssl=1 2x, https:\/\/i0.wp.com\/www.jaermuseet.no\/vitenfabrikken\/wp-content\/uploads\/sites\/12\/2024\/06\/20230531-Cruisebesok-foto-Aina-Fiskaa_red-scaled.jpg?resize=1050%2C600&ssl=1 3x, https:\/\/i0.wp.com\/www.jaermuseet.no\/vitenfabrikken\/wp-content\/uploads\/sites\/12\/2024\/06\/20230531-Cruisebesok-foto-Aina-Fiskaa_red-scaled.jpg?resize=1400%2C800&ssl=1 4x"},"classes":[]},{"id":60,"url":"https:\/\/www.jaermuseet.no\/vitenfabrikken\/klassisk-turi-design\/","url_meta":{"origin":5035,"position":1},"title":"Det ska svara seg","author":"Vitenfabrikken","date":"1. juni 2021","format":false,"excerpt":"7. juni \u00e5pnet Vitenfabrikken en helt ny utstilling.","rel":"","context":"i &quot;Utstillinger&quot;","block_context":{"text":"Utstillinger","link":"https:\/\/www.jaermuseet.no\/vitenfabrikken\/kategori\/utstillinger-pa-vitenfabrikken\/"},"img":{"alt_text":"Foto: Jan Inge Haga","src":"https:\/\/i0.wp.com\/www.jaermuseet.no\/vitenfabrikken\/wp-content\/uploads\/sites\/12\/2011\/06\/Det-ska-svara-seg.jpg?resize=350%2C200&ssl=1","width":350,"height":200,"srcset":"https:\/\/i0.wp.com\/www.jaermuseet.no\/vitenfabrikken\/wp-content\/uploads\/sites\/12\/2011\/06\/Det-ska-svara-seg.jpg?resize=350%2C200&ssl=1 1x, https:\/\/i0.wp.com\/www.jaermuseet.no\/vitenfabrikken\/wp-content\/uploads\/sites\/12\/2011\/06\/Det-ska-svara-seg.jpg?resize=525%2C300&ssl=1 1.5x, https:\/\/i0.wp.com\/www.jaermuseet.no\/vitenfabrikken\/wp-content\/uploads\/sites\/12\/2011\/06\/Det-ska-svara-seg.jpg?resize=700%2C400&ssl=1 2x, https:\/\/i0.wp.com\/www.jaermuseet.no\/vitenfabrikken\/wp-content\/uploads\/sites\/12\/2011\/06\/Det-ska-svara-seg.jpg?resize=1050%2C600&ssl=1 3x, https:\/\/i0.wp.com\/www.jaermuseet.no\/vitenfabrikken\/wp-content\/uploads\/sites\/12\/2011\/06\/Det-ska-svara-seg.jpg?resize=1400%2C800&ssl=1 4x"},"classes":[]},{"id":275,"url":"https:\/\/www.jaermuseet.no\/vitenfabrikken\/familiedag-med-din-bedrift\/","url_meta":{"origin":5035,"position":2},"title":"Familiedag","author":"Vitenfabrikken","date":"5. november 2022","format":false,"excerpt":"I tillegg kan vi tilby morsomme og l\u00e6rerike aktiviteter i publikumsverkstedet, filmer i planetariet, et forrykende\u00a0realfagsshow for hele familien eller andre spennende aktiviteter. Invester i en familiedag for store og sm\u00e5 markeringer, kundepleie, eller for \u00e5 styrke organisasjonens fellesskap og samhold. Vi skreddersyr gjerne familiedagen til dere og tilpasser den\u2026","rel":"","context":"i &quot;Bedriftstilbud&quot;","block_context":{"text":"Bedriftstilbud","link":"https:\/\/www.jaermuseet.no\/vitenfabrikken\/kategori\/teambuilding-og-familiedag-mote-utleie\/"},"img":{"alt_text":"","src":"https:\/\/i0.wp.com\/www.jaermuseet.no\/vitenfabrikken\/wp-content\/uploads\/sites\/12\/2015\/05\/20161008-Familiedag-Statoil-Foto-Harald-Pettersen-AP-Statoil-2.jpg?resize=350%2C200&ssl=1","width":350,"height":200,"srcset":"https:\/\/i0.wp.com\/www.jaermuseet.no\/vitenfabrikken\/wp-content\/uploads\/sites\/12\/2015\/05\/20161008-Familiedag-Statoil-Foto-Harald-Pettersen-AP-Statoil-2.jpg?resize=350%2C200&ssl=1 1x, https:\/\/i0.wp.com\/www.jaermuseet.no\/vitenfabrikken\/wp-content\/uploads\/sites\/12\/2015\/05\/20161008-Familiedag-Statoil-Foto-Harald-Pettersen-AP-Statoil-2.jpg?resize=525%2C300&ssl=1 1.5x, https:\/\/i0.wp.com\/www.jaermuseet.no\/vitenfabrikken\/wp-content\/uploads\/sites\/12\/2015\/05\/20161008-Familiedag-Statoil-Foto-Harald-Pettersen-AP-Statoil-2.jpg?resize=700%2C400&ssl=1 2x, https:\/\/i0.wp.com\/www.jaermuseet.no\/vitenfabrikken\/wp-content\/uploads\/sites\/12\/2015\/05\/20161008-Familiedag-Statoil-Foto-Harald-Pettersen-AP-Statoil-2.jpg?resize=1050%2C600&ssl=1 3x, https:\/\/i0.wp.com\/www.jaermuseet.no\/vitenfabrikken\/wp-content\/uploads\/sites\/12\/2015\/05\/20161008-Familiedag-Statoil-Foto-Harald-Pettersen-AP-Statoil-2.jpg?resize=1400%2C800&ssl=1 4x"},"classes":[]},{"id":5848,"url":"https:\/\/www.jaermuseet.no\/vitenfabrikken\/ny-apning-av-planetariet\/","url_meta":{"origin":5035,"position":3},"title":"Ny-\u00e5pning av Planetariet","author":"Elin Ravndal Bell","date":"21. juni 2019","format":false,"excerpt":"Heldigvis er det mange som heier og tror p\u00e5 Vitenfabrikken og viktigheten av \u00e5 formidle astronomi til barn og unge! Vitenfabrikken s\u00f8kte midler av Sandnes Sparebank sitt gavefond og fikk en flott gave p\u00e5 kr. 3 millioner. I tillegg til oppsparte, egne midler,\u00a0 var det derfor mulig \u00e5 realisere planene\u2026","rel":"","context":"i &quot;Nytt fra Vitenfabrikken&quot;","block_context":{"text":"Nytt fra Vitenfabrikken","link":"https:\/\/www.jaermuseet.no\/vitenfabrikken\/kategori\/nyheter-fra-vitenfabrikken\/"},"img":{"alt_text":"","src":"https:\/\/i0.wp.com\/www.jaermuseet.no\/vitenfabrikken\/wp-content\/uploads\/sites\/12\/2019\/06\/Rune-Helliesen-4413.jpg?resize=350%2C200&ssl=1","width":350,"height":200,"srcset":"https:\/\/i0.wp.com\/www.jaermuseet.no\/vitenfabrikken\/wp-content\/uploads\/sites\/12\/2019\/06\/Rune-Helliesen-4413.jpg?resize=350%2C200&ssl=1 1x, https:\/\/i0.wp.com\/www.jaermuseet.no\/vitenfabrikken\/wp-content\/uploads\/sites\/12\/2019\/06\/Rune-Helliesen-4413.jpg?resize=525%2C300&ssl=1 1.5x, https:\/\/i0.wp.com\/www.jaermuseet.no\/vitenfabrikken\/wp-content\/uploads\/sites\/12\/2019\/06\/Rune-Helliesen-4413.jpg?resize=700%2C400&ssl=1 2x, https:\/\/i0.wp.com\/www.jaermuseet.no\/vitenfabrikken\/wp-content\/uploads\/sites\/12\/2019\/06\/Rune-Helliesen-4413.jpg?resize=1050%2C600&ssl=1 3x, https:\/\/i0.wp.com\/www.jaermuseet.no\/vitenfabrikken\/wp-content\/uploads\/sites\/12\/2019\/06\/Rune-Helliesen-4413.jpg?resize=1400%2C800&ssl=1 4x"},"classes":[]},{"id":12480,"url":"https:\/\/www.jaermuseet.no\/vitenfabrikken\/ordforeren-roser-formidlingsopplegg-et-fantastisk-tilbud-til-elevene-i-sandnes\/","url_meta":{"origin":5035,"position":4},"title":"Ordf\u00f8reren roser formidlingsopplegg: -Et fantastisk tilbud til elevene i Sandnes","author":"Andreas Lange","date":"13. juni 2024","format":false,"excerpt":"\u00abJeg synes dette er et fantastisk tilbud til elevene i Sandnes\u00bb sier ordf\u00f8rer i Sandnes kommune, Kenny Rettore, etter \u00e5 ha v\u00e6rt med 4. klasse fra Forsand skule p\u00e5 teglsteinmaking p\u00e5 Vitenfabrikken tirsdag 28. mai. Dagens formidlingsopplegg for skuleklassen fra Forsand, \u00abPottemakeren og Teglverkene\u00bb, er muliggjort av den kulturelle skolesekken,\u2026","rel":"","context":"i &quot;Nytt fra Vitenfabrikken&quot;","block_context":{"text":"Nytt fra Vitenfabrikken","link":"https:\/\/www.jaermuseet.no\/vitenfabrikken\/kategori\/nyheter-fra-vitenfabrikken\/"},"img":{"alt_text":"","src":"https:\/\/i0.wp.com\/www.jaermuseet.no\/vitenfabrikken\/wp-content\/uploads\/sites\/12\/2024\/05\/240538_Vitenfabrikken_Ordforer_Besok_WebCZ9A5515-scaled.jpg?resize=350%2C200&ssl=1","width":350,"height":200,"srcset":"https:\/\/i0.wp.com\/www.jaermuseet.no\/vitenfabrikken\/wp-content\/uploads\/sites\/12\/2024\/05\/240538_Vitenfabrikken_Ordforer_Besok_WebCZ9A5515-scaled.jpg?resize=350%2C200&ssl=1 1x, https:\/\/i0.wp.com\/www.jaermuseet.no\/vitenfabrikken\/wp-content\/uploads\/sites\/12\/2024\/05\/240538_Vitenfabrikken_Ordforer_Besok_WebCZ9A5515-scaled.jpg?resize=525%2C300&ssl=1 1.5x, https:\/\/i0.wp.com\/www.jaermuseet.no\/vitenfabrikken\/wp-content\/uploads\/sites\/12\/2024\/05\/240538_Vitenfabrikken_Ordforer_Besok_WebCZ9A5515-scaled.jpg?resize=700%2C400&ssl=1 2x, https:\/\/i0.wp.com\/www.jaermuseet.no\/vitenfabrikken\/wp-content\/uploads\/sites\/12\/2024\/05\/240538_Vitenfabrikken_Ordforer_Besok_WebCZ9A5515-scaled.jpg?resize=1050%2C600&ssl=1 3x, https:\/\/i0.wp.com\/www.jaermuseet.no\/vitenfabrikken\/wp-content\/uploads\/sites\/12\/2024\/05\/240538_Vitenfabrikken_Ordforer_Besok_WebCZ9A5515-scaled.jpg?resize=1400%2C800&ssl=1 4x"},"classes":[]},{"id":6297,"url":"https:\/\/www.jaermuseet.no\/vitenfabrikken\/vinneren-av-first-lego-league-ble-techteens\/","url_meta":{"origin":5035,"position":5},"title":"Vinneren av First Lego League ble TechTeens!","author":"Vitenfabrikken","date":"9. november 2019","format":false,"excerpt":"Regionale finaler ble arrangert i hele Skandinavia i dag med hele 925 lag fra 49 byer. \u00c5rets oppdrag, City Shaper, ble lansert for \u00e5tte uker siden. Temaet handler om \u00e5 utforske utfordringer i byer og bygder som transport, tilgjengelighet og til og med naturkatastrofer. M\u00e5let med First Lego League er\u2026","rel":"","context":"i &quot;Nytt fra Vitenfabrikken&quot;","block_context":{"text":"Nytt fra Vitenfabrikken","link":"https:\/\/www.jaermuseet.no\/vitenfabrikken\/kategori\/nyheter-fra-vitenfabrikken\/"},"img":{"alt_text":"","src":"https:\/\/i0.wp.com\/www.jaermuseet.no\/vitenfabrikken\/wp-content\/uploads\/sites\/12\/2019\/11\/2K9A1414.jpg?resize=350%2C200&ssl=1","width":350,"height":200,"srcset":"https:\/\/i0.wp.com\/www.jaermuseet.no\/vitenfabrikken\/wp-content\/uploads\/sites\/12\/2019\/11\/2K9A1414.jpg?resize=350%2C200&ssl=1 1x, https:\/\/i0.wp.com\/www.jaermuseet.no\/vitenfabrikken\/wp-content\/uploads\/sites\/12\/2019\/11\/2K9A1414.jpg?resize=525%2C300&ssl=1 1.5x, https:\/\/i0.wp.com\/www.jaermuseet.no\/vitenfabrikken\/wp-content\/uploads\/sites\/12\/2019\/11\/2K9A1414.jpg?resize=700%2C400&ssl=1 2x, https:\/\/i0.wp.com\/www.jaermuseet.no\/vitenfabrikken\/wp-content\/uploads\/sites\/12\/2019\/11\/2K9A1414.jpg?resize=1050%2C600&ssl=1 3x, https:\/\/i0.wp.com\/www.jaermuseet.no\/vitenfabrikken\/wp-content\/uploads\/sites\/12\/2019\/11\/2K9A1414.jpg?resize=1400%2C800&ssl=1 4x"},"classes":[]}],"_links":{"self":[{"href":"https:\/\/www.jaermuseet.no\/vitenfabrikken\/wp-json\/wp\/v2\/posts\/5035","targetHints":{"allow":["GET"]}}],"collection":[{"href":"https:\/\/www.jaermuseet.no\/vitenfabrikken\/wp-json\/wp\/v2\/posts"}],"about":[{"href":"https:\/\/www.jaermuseet.no\/vitenfabrikken\/wp-json\/wp\/v2\/types\/post"}],"author":[{"embeddable":true,"href":"https:\/\/www.jaermuseet.no\/vitenfabrikken\/wp-json\/wp\/v2\/users\/11"}],"replies":[{"embeddable":true,"href":"https:\/\/www.jaermuseet.no\/vitenfabrikken\/wp-json\/wp\/v2\/comments?post=5035"}],"version-history":[{"count":18,"href":"https:\/\/www.jaermuseet.no\/vitenfabrikken\/wp-json\/wp\/v2\/posts\/5035\/revisions"}],"predecessor-version":[{"id":12675,"href":"https:\/\/www.jaermuseet.no\/vitenfabrikken\/wp-json\/wp\/v2\/posts\/5035\/revisions\/12675"}],"wp:featuredmedia":[{"embeddable":true,"href":"https:\/\/www.jaermuseet.no\/vitenfabrikken\/wp-json\/wp\/v2\/media\/4733"}],"wp:attachment":[{"href":"https:\/\/www.jaermuseet.no\/vitenfabrikken\/wp-json\/wp\/v2\/media?parent=5035"}],"wp:term":[{"taxonomy":"category","embeddable":true,"href":"https:\/\/www.jaermuseet.no\/vitenfabrikken\/wp-json\/wp\/v2\/categories?post=5035"},{"taxonomy":"post_tag","embeddable":true,"href":"https:\/\/www.jaermuseet.no\/vitenfabrikken\/wp-json\/wp\/v2\/tags?post=5035"}],"curies":[{"name":"wp","href":"https:\/\/api.w.org\/{rel}","templated":true}]}}