{"id":4839,"date":"2021-07-10T11:35:00","date_gmt":"2021-07-10T09:35:00","guid":{"rendered":"https:\/\/www.jaermuseet.no\/vitenfabrikken\/?p=4839"},"modified":"2025-10-28T14:12:43","modified_gmt":"2025-10-28T13:12:43","slug":"auditorium-og-moterom","status":"publish","type":"post","link":"https:\/\/www.jaermuseet.no\/vitenfabrikken\/auditorium-og-moterom\/","title":{"rendered":"M\u00f8te, kurs og konferanse"},"content":{"rendered":"\n<p><strong>Kurs? Konferanse? M\u00f8te?<\/strong> Vitenfabrikken har b\u00e5de store og sm\u00e5 rom som egner seg for ulike arrangement. V\u00e5re lokaler midt i Sandnes, med kort vei til tog- og bussforbindelser, er topp moderne med fullt AV-utstyr. Vi gj\u00f8r v\u00e5rt ytterste for at dere skal f\u00e5 den gode og inspirerende opplevelsen.<\/p>\n\n\n\n<p><strong>V\u00e5re m\u00f8terom:<\/strong><\/p>\n\n\n\n<ul class=\"wp-block-list\">\n<li><em>Auditoriet<\/em> har 120 sitteplasser, alle med polstrete stoler og egne skrivebord. Projektor med stort lerret, mikrofon og fire mygger er tilgjengelig. Dette er rommet som er perfekt for halv- og heldagskonferanser med inngang&nbsp;fra kaf\u00e8 Hjernef\u00f8de i f\u00f8rste etasje.<\/li>\n\n\n\n<li><em>Automaten<\/em> ligger i tredje etasje. Rommet er utstyrt med fullt AV-utstyr. Her er det plass til inntill 25 personer i klasseroms oppsett, 35 personer i kino oppsett.<\/li>\n\n\n\n<li><em>MakerSpace<\/em> er v\u00e5rt kreative verksted. Dette kan brukes til \u00e5 utvikle en id\u00e8 eller til \u00e5 holde workshop. Her er laserkuttere, 3D-printere, venylkuttere og mye annet spennende utstyr. MakerSpace er egnet for inntill 15 personer.&nbsp;<\/li>\n\n\n\n<li><em>Abelloftet <\/em>er Vitenfabrikken sitt matematikkloft. Helt p\u00e5 toppen av Vitenfabrikken, i nyrenoverte lokaler, er Abelloftet perfekt for m\u00f8ter og kurs der en skal jobbe sammen i grupper. Abelloftet egner seg for inntill 50 personer.<\/li>\n\n\n\n<li><em>Kaf\u00e8 Hjernef\u00f8de og utstillingene <\/em>kan reserveres for st\u00f8rre arrangement utenom Vitenfabrikken sin \u00e5pningstid. Her kan det holdes b\u00e5de foredrag, middager og&nbsp;andre eventer.<\/li>\n<\/ul>\n\n\n\n<p>Det er mulig \u00e5 bestille m\u00f8te, kurs og konferanse p\u00e5 dag- og kveldstid, fra tirsdag til s\u00f8ndag. For parkeringsmuligheter ved Vitenfabrikken, se <a href=\"https:\/\/www.jaermuseet.no\/vitenfabrikken\/parkering\/\">her.<\/a><\/p>\n\n\n\n<h2 class=\"wp-block-heading\">Servering<\/h2>\n\n\n\n<p>V\u00e5r <a href=\"https:\/\/www.jaermuseet.no\/vitenfabrikken\/kafe-hjernefode-pa-vitenfabrikken\/\">kaf\u00e8 Hjernef\u00f8de<\/a> byr p\u00e5 varm og kald mat, samt kaffe, frukt, gr\u00f8nsaker og kaker til alle typer arrangement.<\/p>\n\n\n\n<p>V\u00e5re kokker setter opp ukesmenyer. Ukes- og selskapsmeny f\u00e5r du tilsendt ved foresp\u00f8rsel.&nbsp;<\/p>\n\n\n\n<p>Kombinere m\u00f8te og aktivitet? Se&nbsp;<a href=\"https:\/\/www.jaermuseet.no\/vitenfabrikken\/teambuilding\/\">her<\/a>&nbsp;for \u00e5 lese om v\u00e5rt tilbud.<\/p>\n\n\n\n<p>Hva med en liten&nbsp;<strong>hjernetrimutfordring<\/strong>&nbsp;eller en annen gave fra&nbsp;<a href=\"https:\/\/www.jaermuseet.no\/vitenfabrikken\/butikken\/\">Vitenbutikken<\/a>&nbsp; til deltakerne? Vi har spennende gaver i alle prisklasser. Husk \u00e5 forh\u00e5ndsbestille. Alle deltakere f\u00e5r 10% rabatt p\u00e5 ordin\u00e6re varer.<\/p>\n\n\n\n<p><\/p>\n\n\n\n<h2 class=\"wp-block-heading\">Kontakt oss<\/h2>\n\n\n\n<p>Ta kontakt og planlegg neste arrangement allerede n\u00e5. Fyll ut skjema under og vi tar kontakt, eller ring\/send e-post her:<br>Tlf. 47776020 <\/p>\n\n\n\n<p>E-post: <a href=\"mailto:bedrift.vitenfabrikken@jaermuseet.no\">bedrift.vitenfabrikken@jaermuseet.no<\/a><\/p>\n\n\n\n<h2 class=\"wp-block-heading\">Kontaktskjema<\/h2>\n\n\n<style id=\"wpforms-css-vars-root\">\n\t\t\t\t:root {\n\t\t\t\t\t--wpforms-field-border-radius: 3px;\n--wpforms-field-border-style: solid;\n--wpforms-field-border-size: 1px;\n--wpforms-field-background-color: #ffffff;\n--wpforms-field-border-color: rgba( 0, 0, 0, 0.25 );\n--wpforms-field-border-color-spare: rgba( 0, 0, 0, 0.25 );\n--wpforms-field-text-color: rgba( 0, 0, 0, 0.7 );\n--wpforms-field-menu-color: #ffffff;\n--wpforms-label-color: rgba( 0, 0, 0, 0.85 );\n--wpforms-label-sublabel-color: rgba( 0, 0, 0, 0.55 );\n--wpforms-label-error-color: #d63637;\n--wpforms-button-border-radius: 3px;\n--wpforms-button-border-style: none;\n--wpforms-button-border-size: 1px;\n--wpforms-button-background-color: #066aab;\n--wpforms-button-border-color: #066aab;\n--wpforms-button-text-color: #ffffff;\n--wpforms-page-break-color: #066aab;\n--wpforms-background-image: none;\n--wpforms-background-position: center center;\n--wpforms-background-repeat: no-repeat;\n--wpforms-background-size: cover;\n--wpforms-background-width: 100px;\n--wpforms-background-height: 100px;\n--wpforms-background-color: rgba( 0, 0, 0, 0 );\n--wpforms-background-url: none;\n--wpforms-container-padding: 0px;\n--wpforms-container-border-style: none;\n--wpforms-container-border-width: 1px;\n--wpforms-container-border-color: #000000;\n--wpforms-container-border-radius: 3px;\n--wpforms-field-size-input-height: 43px;\n--wpforms-field-size-input-spacing: 15px;\n--wpforms-field-size-font-size: 16px;\n--wpforms-field-size-line-height: 19px;\n--wpforms-field-size-padding-h: 14px;\n--wpforms-field-size-checkbox-size: 16px;\n--wpforms-field-size-sublabel-spacing: 5px;\n--wpforms-field-size-icon-size: 1;\n--wpforms-label-size-font-size: 16px;\n--wpforms-label-size-line-height: 19px;\n--wpforms-label-size-sublabel-font-size: 14px;\n--wpforms-label-size-sublabel-line-height: 17px;\n--wpforms-button-size-font-size: 17px;\n--wpforms-button-size-height: 41px;\n--wpforms-button-size-padding-h: 15px;\n--wpforms-button-size-margin-top: 10px;\n--wpforms-container-shadow-size-box-shadow: none;\n\n\t\t\t\t}\n\t\t\t<\/style><style id=\"wpforms-css-vars-13510-block-cc63a598-f570-48ad-855d-cfb18c87d1c4\">\n\t\t\t\t#wpforms-13510.wpforms-block-cc63a598-f570-48ad-855d-cfb18c87d1c4 {\n\t\t\t\t\t--wpforms-field-border-radius: 8px;\n--wpforms-container-padding: 30px;\n--wpforms-container-border-radius: 18px;\n--wpforms-background-color: #f3f3f3;\n--wpforms-field-size-input-height: 43px;\n--wpforms-field-size-input-spacing: 15px;\n--wpforms-field-size-font-size: 16px;\n--wpforms-field-size-line-height: 19px;\n--wpforms-field-size-padding-h: 14px;\n--wpforms-field-size-checkbox-size: 16px;\n--wpforms-field-size-sublabel-spacing: 5px;\n--wpforms-field-size-icon-size: 1;\n--wpforms-label-size-font-size: 16px;\n--wpforms-label-size-line-height: 19px;\n--wpforms-label-size-sublabel-font-size: 14px;\n--wpforms-label-size-sublabel-line-height: 17px;\n--wpforms-button-size-font-size: 17px;\n--wpforms-button-size-height: 41px;\n--wpforms-button-size-padding-h: 15px;\n--wpforms-button-size-margin-top: 10px;\n--wpforms-container-shadow-size-box-shadow: none;\n\n\t\t\t\t}\n\t\t\t<\/style><div class=\"wpforms-container wpforms-container-full wpforms-block wpforms-block-cc63a598-f570-48ad-855d-cfb18c87d1c4 wpforms-render-modern\" id=\"wpforms-13510\"><form id=\"wpforms-form-13510\" class=\"wpforms-validate wpforms-form wpforms-ajax-form\" data-formid=\"13510\" method=\"post\" enctype=\"multipart\/form-data\" action=\"\/vitenfabrikken\/wp-json\/wp\/v2\/posts\/4839\" data-token=\"f2394d1bd6bafe41889fbe24f504c5be\" data-token-time=\"1777640816\"><noscript class=\"wpforms-error-noscript\">Please enable JavaScript in your browser to complete this form.<\/noscript><div class=\"wpforms-hidden\" id=\"wpforms-error-noscript\">Please enable JavaScript in your browser to complete this form.<\/div><div class=\"wpforms-field-container\"><div id=\"wpforms-13510-field_26-container\" class=\"wpforms-field wpforms-field-layout\" data-field-id=\"26\"><label class=\"wpforms-field-label wpforms-label-hide\" aria-hidden=\"false\">Layout<\/label><div class=\"wpforms-field-layout-rows wpforms-field-large\"><div class=\"wpforms-layout-row\"><div class=\"wpforms-layout-column wpforms-layout-column-50\"><div id=\"wpforms-13510-field_16-container\" class=\"wpforms-field wpforms-field-radio wpforms-list-inline wpforms-conditional-trigger\" data-field-id=\"16\"><fieldset><legend class=\"wpforms-field-label\">Privat eller bedrift? <span class=\"wpforms-required-label\" aria-hidden=\"true\">*<\/span><\/legend><ul id=\"wpforms-13510-field_16\" class=\"wpforms-field-required\"><li class=\"choice-1 depth-1\"><input type=\"radio\" id=\"wpforms-13510-field_16_1\" name=\"wpforms[fields][16]\" value=\"Privat\" aria-errormessage=\"wpforms-13510-field_16_1-error\" required ><label class=\"wpforms-field-label-inline\" for=\"wpforms-13510-field_16_1\">Privat<\/label><\/li><li class=\"choice-2 depth-1\"><input type=\"radio\" id=\"wpforms-13510-field_16_2\" name=\"wpforms[fields][16]\" value=\"Bedrift\" aria-errormessage=\"wpforms-13510-field_16_2-error\" required ><label class=\"wpforms-field-label-inline\" for=\"wpforms-13510-field_16_2\">Bedrift<\/label><\/li><\/ul><\/fieldset><\/div><\/div><div class=\"wpforms-layout-column wpforms-layout-column-50\"><div id=\"wpforms-13510-field_25-container\" class=\"wpforms-field wpforms-field-select wpforms-field-select-style-classic\" data-field-id=\"25\"><label class=\"wpforms-field-label\" for=\"wpforms-13510-field_25\">Hvilket type arrangement \u00f8nsker du? <span class=\"wpforms-required-label\" aria-hidden=\"true\">*<\/span><\/label><select id=\"wpforms-13510-field_25\" class=\"wpforms-field-medium wpforms-field-required\" name=\"wpforms[fields][25]\" required=\"required\"><option value=\"Kurs, m\u00f8ter og konferanse\"  selected='selected'>Kurs, m\u00f8ter og konferanse<\/option><option value=\"Teambuilding\" >Teambuilding<\/option><option value=\"Konsert\/visninger i Planetariet\" >Konsert\/visninger i Planetariet<\/option><option value=\"Familiedag\" >Familiedag<\/option><option value=\"Omvisning i museet\/utstillingene\" >Omvisning i museet\/utstillingene<\/option><option value=\"Konfirmasjon\/privat selskap\" >Konfirmasjon\/privat selskap<\/option><option value=\"Annet\" >Annet<\/option><\/select><\/div><\/div><\/div><\/div><\/div><div id=\"wpforms-13510-field_14-container\" class=\"wpforms-field wpforms-field-layout\" data-field-id=\"14\"><label class=\"wpforms-field-label wpforms-label-hide\" aria-hidden=\"false\">Layout<\/label><div class=\"wpforms-field-layout-rows wpforms-field-large\"><div class=\"wpforms-layout-row\"><div class=\"wpforms-layout-column wpforms-layout-column-50\"><div id=\"wpforms-13510-field_1-container\" class=\"wpforms-field wpforms-field-text wpforms-conditional-field wpforms-conditional-show\" data-field-id=\"1\" style=\"display:none;\"><label class=\"wpforms-field-label\" for=\"wpforms-13510-field_1\">Bedrift\/lag\/organisasjon <span class=\"wpforms-required-label\" aria-hidden=\"true\">*<\/span><\/label><input type=\"text\" id=\"wpforms-13510-field_1\" class=\"wpforms-field-medium wpforms-field-required\" name=\"wpforms[fields][1]\" aria-errormessage=\"wpforms-13510-field_1-error\" required><\/div><\/div><div class=\"wpforms-layout-column wpforms-layout-column-50\"><\/div><\/div><\/div><\/div><div id=\"wpforms-13510-field_17-container\" class=\"wpforms-field wpforms-field-layout\" data-field-id=\"17\"><label class=\"wpforms-field-label wpforms-label-hide\" aria-hidden=\"false\">Layout (copy)<\/label><div class=\"wpforms-field-layout-rows wpforms-field-large\"><div class=\"wpforms-layout-row\"><div class=\"wpforms-layout-column wpforms-layout-column-50\"><div id=\"wpforms-13510-field_21-container\" class=\"wpforms-field wpforms-field-text\" data-field-id=\"21\"><label class=\"wpforms-field-label\" for=\"wpforms-13510-field_21\">Kontaktperson  <span class=\"wpforms-required-label\" aria-hidden=\"true\">*<\/span><\/label><input type=\"text\" id=\"wpforms-13510-field_21\" class=\"wpforms-field-medium wpforms-field-required\" name=\"wpforms[fields][21]\" aria-errormessage=\"wpforms-13510-field_21-error\" required><\/div><\/div><div class=\"wpforms-layout-column wpforms-layout-column-50\"><div id=\"wpforms-13510-field_22-container\" class=\"wpforms-field wpforms-field-email\" data-field-id=\"22\"><label class=\"wpforms-field-label\" for=\"wpforms-13510-field_22\">E-post <span class=\"wpforms-required-label\" aria-hidden=\"true\">*<\/span><\/label><input type=\"email\" id=\"wpforms-13510-field_22\" class=\"wpforms-field-medium wpforms-field-required\" name=\"wpforms[fields][22]\" spellcheck=\"false\" aria-errormessage=\"wpforms-13510-field_22-error\" required><\/div><\/div><\/div><div class=\"wpforms-layout-row\"><div class=\"wpforms-layout-column wpforms-layout-column-50\"><div id=\"wpforms-13510-field_19-container\" class=\"wpforms-field wpforms-field-phone\" data-field-id=\"19\"><label class=\"wpforms-field-label\" for=\"wpforms-13510-field_19\">Tlf <span class=\"wpforms-required-label\" aria-hidden=\"true\">*<\/span><\/label><input type=\"tel\" id=\"wpforms-13510-field_19\" class=\"wpforms-field-medium wpforms-field-required\" data-rule-int-phone-field=\"true\" name=\"wpforms[fields][19]\" aria-errormessage=\"wpforms-13510-field_19-error\" required><\/div><\/div><div class=\"wpforms-layout-column wpforms-layout-column-50\"><div id=\"wpforms-13510-field_23-container\" class=\"wpforms-field wpforms-field-text\" data-field-id=\"23\"><label class=\"wpforms-field-label\" for=\"wpforms-13510-field_23\">\u00d8nsket tidspunkt \/ dag \/ dato <span class=\"wpforms-required-label\" aria-hidden=\"true\">*<\/span><\/label><input type=\"text\" id=\"wpforms-13510-field_23\" class=\"wpforms-field-medium wpforms-field-required\" name=\"wpforms[fields][23]\" aria-errormessage=\"wpforms-13510-field_23-error\" required><\/div><\/div><\/div><div class=\"wpforms-layout-row\"><div class=\"wpforms-layout-column wpforms-layout-column-50\"><div id=\"wpforms-13510-field_20-container\" class=\"wpforms-field wpforms-field-number\" data-field-id=\"20\"><label class=\"wpforms-field-label\" for=\"wpforms-13510-field_20\">Ca tall p\u00e5 deltakere <span class=\"wpforms-required-label\" aria-hidden=\"true\">*<\/span><\/label><input type=\"number\" id=\"wpforms-13510-field_20\" class=\"wpforms-field-medium wpforms-field-required\" name=\"wpforms[fields][20]\" aria-errormessage=\"wpforms-13510-field_20-error\" required><\/div><\/div><div class=\"wpforms-layout-column wpforms-layout-column-50\"><\/div><\/div><\/div><\/div><div id=\"wpforms-13510-field_12-container\" class=\"wpforms-field wpforms-field-radio\" data-field-id=\"12\"><fieldset><legend class=\"wpforms-field-label\">\u00d8nsker med eller uten servering? Mat som serveres, m\u00e5 bestilles fra v\u00e5rt kj\u00f8kken. <span class=\"wpforms-required-label\" aria-hidden=\"true\">*<\/span><\/legend><ul id=\"wpforms-13510-field_12\" class=\"wpforms-field-required\"><li class=\"choice-1 depth-1\"><input type=\"radio\" id=\"wpforms-13510-field_12_1\" name=\"wpforms[fields][12]\" value=\"Med servering\" aria-errormessage=\"wpforms-13510-field_12_1-error\" required ><label class=\"wpforms-field-label-inline\" for=\"wpforms-13510-field_12_1\">Med servering<\/label><\/li><li class=\"choice-2 depth-1\"><input type=\"radio\" id=\"wpforms-13510-field_12_2\" name=\"wpforms[fields][12]\" value=\"Uten servering\" aria-errormessage=\"wpforms-13510-field_12_2-error\" required ><label class=\"wpforms-field-label-inline\" for=\"wpforms-13510-field_12_2\">Uten servering<\/label><\/li><li class=\"choice-3 depth-1\"><input type=\"radio\" id=\"wpforms-13510-field_12_3\" name=\"wpforms[fields][12]\" value=\"Vet ikke enda\" aria-errormessage=\"wpforms-13510-field_12_3-error\" required ><label class=\"wpforms-field-label-inline\" for=\"wpforms-13510-field_12_3\">Vet ikke enda<\/label><\/li><\/ul><\/fieldset><\/div><div id=\"wpforms-13510-field_11-container\" class=\"wpforms-field wpforms-field-textarea\" data-field-id=\"11\"><label class=\"wpforms-field-label\" for=\"wpforms-13510-field_11\">Andre \u00f8nsker \/ opplysninger<\/label><textarea id=\"wpforms-13510-field_11\" class=\"wpforms-field-medium\" name=\"wpforms[fields][11]\" aria-errormessage=\"wpforms-13510-field_11-error\" ><\/textarea><\/div><div id=\"wpforms-13510-field_7-container\" class=\"wpforms-field wpforms-field-checkbox\" data-field-id=\"7\"><fieldset><legend class=\"wpforms-field-label\">Samtykke <span class=\"wpforms-required-label\" aria-hidden=\"true\">*<\/span><\/legend><ul id=\"wpforms-13510-field_7\" class=\"wpforms-field-required\"><li class=\"choice-1 depth-1\"><input type=\"checkbox\" id=\"wpforms-13510-field_7_1\" name=\"wpforms[fields][7][]\" value=\"Dette skjemaet lagrer din kontaktinformasjon slik at vi kan behandle din foresp\u00f8rsel. Innsendt data vil ikke bli delt med andre eller brukt i markedsf\u00f8ringssammenheng. Jeg samtykker at J\u00e6rmuseet lagrer min kontaktinformasjon.\" aria-errormessage=\"wpforms-13510-field_7_1-error\" required ><label class=\"wpforms-field-label-inline\" for=\"wpforms-13510-field_7_1\">Dette skjemaet lagrer din kontaktinformasjon slik at vi kan behandle din foresp\u00f8rsel. Innsendt data vil ikke bli delt med andre eller brukt i markedsf\u00f8ringssammenheng. Jeg samtykker at J\u00e6rmuseet lagrer min kontaktinformasjon.<\/label><\/li><\/ul><\/fieldset><\/div><\/div><!-- .wpforms-field-container --><div class=\"wpforms-recaptcha-container wpforms-is-recaptcha wpforms-is-recaptcha-type-v3\" ><input type=\"hidden\" name=\"wpforms[recaptcha]\" value=\"\"><\/div><div class=\"wpforms-submit-container\" ><input type=\"hidden\" name=\"wpforms[id]\" value=\"13510\"><input type=\"hidden\" name=\"page_title\" value=\"\"><input type=\"hidden\" name=\"page_url\" value=\"https:\/\/www.jaermuseet.no\/vitenfabrikken\/wp-json\/wp\/v2\/posts\/4839\"><button type=\"submit\" name=\"wpforms[submit]\" id=\"wpforms-submit-13510\" class=\"wpforms-submit\" data-alt-text=\"Sender...\" data-submit-text=\"Send skjema\" aria-live=\"assertive\" value=\"wpforms-submit\">Send skjema<\/button><img loading=\"lazy\" decoding=\"async\" src=\"https:\/\/www.jaermuseet.no\/vitenfabrikken\/wp-content\/plugins\/wpforms\/assets\/images\/submit-spin.svg\" class=\"wpforms-submit-spinner\" style=\"display: none;\" width=\"26\" height=\"26\" alt=\"Loading\"><\/div><\/form><\/div>  <!-- .wpforms-container -->\n\n\n<div class=\"wp-block-group\"><div class=\"wp-block-group__inner-container is-layout-flow wp-block-group-is-layout-flow\">\n<div class=\"wp-block-columns is-layout-flex wp-container-core-columns-is-layout-9d6595d7 wp-block-columns-is-layout-flex\">\n<div class=\"wp-block-column is-layout-flow wp-block-column-is-layout-flow\" style=\"flex-basis:100%\"><\/div>\n<\/div>\n<\/div><\/div>\n\n\n\n<div style=\"height:151px\" aria-hidden=\"true\" class=\"wp-block-spacer\"><\/div>\n","protected":false},"excerpt":{"rendered":"<p>Kurs? Konferanse? M\u00f8te? Vitenfabrikken har b\u00e5de store og sm\u00e5 rom&#8230;<\/p>\n","protected":false},"author":11,"featured_media":4840,"comment_status":"closed","ping_status":"closed","sticky":false,"template":"","format":"standard","meta":{"_acf_changed":false,"_jetpack_memberships_contains_paid_content":false,"footnotes":""},"categories":[17,4],"tags":[176,178,180,182,184,186,188,55],"class_list":["post-4839","post","type-post","status-publish","format-standard","has-post-thumbnail","hentry","category-teambuilding-og-familiedag-mote-utleie","category-nyheter-fra-vitenfabrikken","tag-konferanse-nb","tag-kurs-nb","tag-lokaler-nb","tag-moterom-nb","tag-sandnes-nb","tag-teambuilding-nb","tag-utleie-nb","tag-vitenfabrikken","featured-image-size-large"],"acf":[],"yoast_head":"<!-- This site is optimized with the Yoast SEO plugin v27.4 - https:\/\/yoast.com\/product\/yoast-seo-wordpress\/ -->\n<title>M\u00f8te, kurs og konferanse - Vitenfabrikken<\/title>\n<meta name=\"description\" content=\"Vitenfabrrikken i Sandnes har sm\u00e5 og store m\u00f8terom, i kreative og inspirerende lokaler. Kombiner m\u00f8tet med aktivitet eller omvisning.\" \/>\n<meta name=\"robots\" content=\"index, follow, max-snippet:-1, max-image-preview:large, max-video-preview:-1\" \/>\n<link rel=\"canonical\" href=\"https:\/\/www.jaermuseet.no\/vitenfabrikken\/auditorium-og-moterom\/\" \/>\n<meta property=\"og:locale\" content=\"nb_NO\" \/>\n<meta property=\"og:type\" content=\"article\" \/>\n<meta property=\"og:title\" content=\"M\u00f8te, kurs og konferanse - Vitenfabrikken\" \/>\n<meta property=\"og:description\" content=\"Vitenfabrrikken i Sandnes har sm\u00e5 og store m\u00f8terom, i kreative og inspirerende lokaler. Kombiner m\u00f8tet med aktivitet eller omvisning.\" \/>\n<meta property=\"og:url\" content=\"https:\/\/www.jaermuseet.no\/vitenfabrikken\/auditorium-og-moterom\/\" \/>\n<meta property=\"og:site_name\" content=\"Vitenfabrikken\" \/>\n<meta property=\"article:published_time\" content=\"2021-07-10T09:35:00+00:00\" \/>\n<meta property=\"article:modified_time\" content=\"2025-10-28T13:12:43+00:00\" \/>\n<meta property=\"og:image\" content=\"https:\/\/www.jaermuseet.no\/vitenfabrikken\/wp-content\/uploads\/sites\/12\/2018\/07\/160608_mb_554-e1531215289548.jpg\" \/>\n\t<meta property=\"og:image:width\" content=\"2288\" \/>\n\t<meta property=\"og:image:height\" content=\"1520\" \/>\n\t<meta property=\"og:image:type\" content=\"image\/jpeg\" \/>\n<meta name=\"author\" content=\"Vitenfabrikken\" \/>\n<meta name=\"twitter:card\" content=\"summary_large_image\" \/>\n<meta name=\"twitter:label1\" content=\"Skrevet av\" \/>\n\t<meta name=\"twitter:data1\" content=\"Vitenfabrikken\" \/>\n\t<meta name=\"twitter:label2\" content=\"Ansl. lesetid\" \/>\n\t<meta name=\"twitter:data2\" content=\"3 minutter\" \/>\n<script type=\"application\/ld+json\" class=\"yoast-schema-graph\">{\"@context\":\"https:\\\/\\\/schema.org\",\"@graph\":[{\"@type\":\"Article\",\"@id\":\"https:\\\/\\\/www.jaermuseet.no\\\/vitenfabrikken\\\/auditorium-og-moterom\\\/#article\",\"isPartOf\":{\"@id\":\"https:\\\/\\\/www.jaermuseet.no\\\/vitenfabrikken\\\/auditorium-og-moterom\\\/\"},\"author\":{\"name\":\"Vitenfabrikken\",\"@id\":\"https:\\\/\\\/www.jaermuseet.no\\\/vitenfabrikken\\\/#\\\/schema\\\/person\\\/a5fe2192bfdad6d2a4252b128975f316\"},\"headline\":\"M\u00f8te, kurs og konferanse\",\"datePublished\":\"2021-07-10T09:35:00+00:00\",\"dateModified\":\"2025-10-28T13:12:43+00:00\",\"mainEntityOfPage\":{\"@id\":\"https:\\\/\\\/www.jaermuseet.no\\\/vitenfabrikken\\\/auditorium-og-moterom\\\/\"},\"wordCount\":368,\"image\":{\"@id\":\"https:\\\/\\\/www.jaermuseet.no\\\/vitenfabrikken\\\/auditorium-og-moterom\\\/#primaryimage\"},\"thumbnailUrl\":\"https:\\\/\\\/www.jaermuseet.no\\\/vitenfabrikken\\\/wp-content\\\/uploads\\\/sites\\\/12\\\/2018\\\/07\\\/160608_mb_554-e1531215289548.jpg\",\"keywords\":[\"konferanse\",\"kurs\",\"lokaler\",\"m\u00f8terom\",\"sandnes\",\"teambuilding\",\"utleie\",\"Vitenfabrikken\"],\"articleSection\":[\"Bedriftstilbud\",\"Nytt fra Vitenfabrikken\"],\"inLanguage\":\"nb-NO\"},{\"@type\":\"WebPage\",\"@id\":\"https:\\\/\\\/www.jaermuseet.no\\\/vitenfabrikken\\\/auditorium-og-moterom\\\/\",\"url\":\"https:\\\/\\\/www.jaermuseet.no\\\/vitenfabrikken\\\/auditorium-og-moterom\\\/\",\"name\":\"M\u00f8te, kurs og konferanse - Vitenfabrikken\",\"isPartOf\":{\"@id\":\"https:\\\/\\\/www.jaermuseet.no\\\/vitenfabrikken\\\/#website\"},\"primaryImageOfPage\":{\"@id\":\"https:\\\/\\\/www.jaermuseet.no\\\/vitenfabrikken\\\/auditorium-og-moterom\\\/#primaryimage\"},\"image\":{\"@id\":\"https:\\\/\\\/www.jaermuseet.no\\\/vitenfabrikken\\\/auditorium-og-moterom\\\/#primaryimage\"},\"thumbnailUrl\":\"https:\\\/\\\/www.jaermuseet.no\\\/vitenfabrikken\\\/wp-content\\\/uploads\\\/sites\\\/12\\\/2018\\\/07\\\/160608_mb_554-e1531215289548.jpg\",\"datePublished\":\"2021-07-10T09:35:00+00:00\",\"dateModified\":\"2025-10-28T13:12:43+00:00\",\"author\":{\"@id\":\"https:\\\/\\\/www.jaermuseet.no\\\/vitenfabrikken\\\/#\\\/schema\\\/person\\\/a5fe2192bfdad6d2a4252b128975f316\"},\"description\":\"Vitenfabrrikken i Sandnes har sm\u00e5 og store m\u00f8terom, i kreative og inspirerende lokaler. Kombiner m\u00f8tet med aktivitet eller omvisning.\",\"breadcrumb\":{\"@id\":\"https:\\\/\\\/www.jaermuseet.no\\\/vitenfabrikken\\\/auditorium-og-moterom\\\/#breadcrumb\"},\"inLanguage\":\"nb-NO\",\"potentialAction\":[{\"@type\":\"ReadAction\",\"target\":[\"https:\\\/\\\/www.jaermuseet.no\\\/vitenfabrikken\\\/auditorium-og-moterom\\\/\"]}]},{\"@type\":\"ImageObject\",\"inLanguage\":\"nb-NO\",\"@id\":\"https:\\\/\\\/www.jaermuseet.no\\\/vitenfabrikken\\\/auditorium-og-moterom\\\/#primaryimage\",\"url\":\"https:\\\/\\\/www.jaermuseet.no\\\/vitenfabrikken\\\/wp-content\\\/uploads\\\/sites\\\/12\\\/2018\\\/07\\\/160608_mb_554-e1531215289548.jpg\",\"contentUrl\":\"https:\\\/\\\/www.jaermuseet.no\\\/vitenfabrikken\\\/wp-content\\\/uploads\\\/sites\\\/12\\\/2018\\\/07\\\/160608_mb_554-e1531215289548.jpg\",\"width\":2288,\"height\":1520,\"caption\":\"Auditoriet 1. etg\"},{\"@type\":\"BreadcrumbList\",\"@id\":\"https:\\\/\\\/www.jaermuseet.no\\\/vitenfabrikken\\\/auditorium-og-moterom\\\/#breadcrumb\",\"itemListElement\":[{\"@type\":\"ListItem\",\"position\":1,\"name\":\"Hjem\",\"item\":\"https:\\\/\\\/www.jaermuseet.no\\\/vitenfabrikken\\\/\"},{\"@type\":\"ListItem\",\"position\":2,\"name\":\"M\u00f8te, kurs og konferanse\"}]},{\"@type\":\"WebSite\",\"@id\":\"https:\\\/\\\/www.jaermuseet.no\\\/vitenfabrikken\\\/#website\",\"url\":\"https:\\\/\\\/www.jaermuseet.no\\\/vitenfabrikken\\\/\",\"name\":\"Vitenfabrikken\",\"description\":\"Exciting exhibitions and interactive installations\",\"potentialAction\":[{\"@type\":\"SearchAction\",\"target\":{\"@type\":\"EntryPoint\",\"urlTemplate\":\"https:\\\/\\\/www.jaermuseet.no\\\/vitenfabrikken\\\/?s={search_term_string}\"},\"query-input\":{\"@type\":\"PropertyValueSpecification\",\"valueRequired\":true,\"valueName\":\"search_term_string\"}}],\"inLanguage\":\"nb-NO\"},{\"@type\":\"Person\",\"@id\":\"https:\\\/\\\/www.jaermuseet.no\\\/vitenfabrikken\\\/#\\\/schema\\\/person\\\/a5fe2192bfdad6d2a4252b128975f316\",\"name\":\"Vitenfabrikken\",\"image\":{\"@type\":\"ImageObject\",\"inLanguage\":\"nb-NO\",\"@id\":\"https:\\\/\\\/secure.gravatar.com\\\/avatar\\\/6af482d5c3cb941d8dad3f44c07d12455ae8092887dc7b37c44b7111a4760a7c?s=96&d=mm&r=g\",\"url\":\"https:\\\/\\\/secure.gravatar.com\\\/avatar\\\/6af482d5c3cb941d8dad3f44c07d12455ae8092887dc7b37c44b7111a4760a7c?s=96&d=mm&r=g\",\"contentUrl\":\"https:\\\/\\\/secure.gravatar.com\\\/avatar\\\/6af482d5c3cb941d8dad3f44c07d12455ae8092887dc7b37c44b7111a4760a7c?s=96&d=mm&r=g\",\"caption\":\"Vitenfabrikken\"},\"url\":\"https:\\\/\\\/www.jaermuseet.no\\\/vitenfabrikken\\\/author\\\/vitenfabrikken\\\/\"}]}<\/script>\n<!-- \/ Yoast SEO plugin. -->","yoast_head_json":{"title":"M\u00f8te, kurs og konferanse - Vitenfabrikken","description":"Vitenfabrrikken i Sandnes har sm\u00e5 og store m\u00f8terom, i kreative og inspirerende lokaler. Kombiner m\u00f8tet med aktivitet eller omvisning.","robots":{"index":"index","follow":"follow","max-snippet":"max-snippet:-1","max-image-preview":"max-image-preview:large","max-video-preview":"max-video-preview:-1"},"canonical":"https:\/\/www.jaermuseet.no\/vitenfabrikken\/auditorium-og-moterom\/","og_locale":"nb_NO","og_type":"article","og_title":"M\u00f8te, kurs og konferanse - Vitenfabrikken","og_description":"Vitenfabrrikken i Sandnes har sm\u00e5 og store m\u00f8terom, i kreative og inspirerende lokaler. Kombiner m\u00f8tet med aktivitet eller omvisning.","og_url":"https:\/\/www.jaermuseet.no\/vitenfabrikken\/auditorium-og-moterom\/","og_site_name":"Vitenfabrikken","article_published_time":"2021-07-10T09:35:00+00:00","article_modified_time":"2025-10-28T13:12:43+00:00","og_image":[{"width":2288,"height":1520,"url":"https:\/\/www.jaermuseet.no\/vitenfabrikken\/wp-content\/uploads\/sites\/12\/2018\/07\/160608_mb_554-e1531215289548.jpg","type":"image\/jpeg"}],"author":"Vitenfabrikken","twitter_card":"summary_large_image","twitter_misc":{"Skrevet av":"Vitenfabrikken","Ansl. lesetid":"3 minutter"},"schema":{"@context":"https:\/\/schema.org","@graph":[{"@type":"Article","@id":"https:\/\/www.jaermuseet.no\/vitenfabrikken\/auditorium-og-moterom\/#article","isPartOf":{"@id":"https:\/\/www.jaermuseet.no\/vitenfabrikken\/auditorium-og-moterom\/"},"author":{"name":"Vitenfabrikken","@id":"https:\/\/www.jaermuseet.no\/vitenfabrikken\/#\/schema\/person\/a5fe2192bfdad6d2a4252b128975f316"},"headline":"M\u00f8te, kurs og konferanse","datePublished":"2021-07-10T09:35:00+00:00","dateModified":"2025-10-28T13:12:43+00:00","mainEntityOfPage":{"@id":"https:\/\/www.jaermuseet.no\/vitenfabrikken\/auditorium-og-moterom\/"},"wordCount":368,"image":{"@id":"https:\/\/www.jaermuseet.no\/vitenfabrikken\/auditorium-og-moterom\/#primaryimage"},"thumbnailUrl":"https:\/\/www.jaermuseet.no\/vitenfabrikken\/wp-content\/uploads\/sites\/12\/2018\/07\/160608_mb_554-e1531215289548.jpg","keywords":["konferanse","kurs","lokaler","m\u00f8terom","sandnes","teambuilding","utleie","Vitenfabrikken"],"articleSection":["Bedriftstilbud","Nytt fra Vitenfabrikken"],"inLanguage":"nb-NO"},{"@type":"WebPage","@id":"https:\/\/www.jaermuseet.no\/vitenfabrikken\/auditorium-og-moterom\/","url":"https:\/\/www.jaermuseet.no\/vitenfabrikken\/auditorium-og-moterom\/","name":"M\u00f8te, kurs og konferanse - Vitenfabrikken","isPartOf":{"@id":"https:\/\/www.jaermuseet.no\/vitenfabrikken\/#website"},"primaryImageOfPage":{"@id":"https:\/\/www.jaermuseet.no\/vitenfabrikken\/auditorium-og-moterom\/#primaryimage"},"image":{"@id":"https:\/\/www.jaermuseet.no\/vitenfabrikken\/auditorium-og-moterom\/#primaryimage"},"thumbnailUrl":"https:\/\/www.jaermuseet.no\/vitenfabrikken\/wp-content\/uploads\/sites\/12\/2018\/07\/160608_mb_554-e1531215289548.jpg","datePublished":"2021-07-10T09:35:00+00:00","dateModified":"2025-10-28T13:12:43+00:00","author":{"@id":"https:\/\/www.jaermuseet.no\/vitenfabrikken\/#\/schema\/person\/a5fe2192bfdad6d2a4252b128975f316"},"description":"Vitenfabrrikken i Sandnes har sm\u00e5 og store m\u00f8terom, i kreative og inspirerende lokaler. Kombiner m\u00f8tet med aktivitet eller omvisning.","breadcrumb":{"@id":"https:\/\/www.jaermuseet.no\/vitenfabrikken\/auditorium-og-moterom\/#breadcrumb"},"inLanguage":"nb-NO","potentialAction":[{"@type":"ReadAction","target":["https:\/\/www.jaermuseet.no\/vitenfabrikken\/auditorium-og-moterom\/"]}]},{"@type":"ImageObject","inLanguage":"nb-NO","@id":"https:\/\/www.jaermuseet.no\/vitenfabrikken\/auditorium-og-moterom\/#primaryimage","url":"https:\/\/www.jaermuseet.no\/vitenfabrikken\/wp-content\/uploads\/sites\/12\/2018\/07\/160608_mb_554-e1531215289548.jpg","contentUrl":"https:\/\/www.jaermuseet.no\/vitenfabrikken\/wp-content\/uploads\/sites\/12\/2018\/07\/160608_mb_554-e1531215289548.jpg","width":2288,"height":1520,"caption":"Auditoriet 1. etg"},{"@type":"BreadcrumbList","@id":"https:\/\/www.jaermuseet.no\/vitenfabrikken\/auditorium-og-moterom\/#breadcrumb","itemListElement":[{"@type":"ListItem","position":1,"name":"Hjem","item":"https:\/\/www.jaermuseet.no\/vitenfabrikken\/"},{"@type":"ListItem","position":2,"name":"M\u00f8te, kurs og konferanse"}]},{"@type":"WebSite","@id":"https:\/\/www.jaermuseet.no\/vitenfabrikken\/#website","url":"https:\/\/www.jaermuseet.no\/vitenfabrikken\/","name":"Vitenfabrikken","description":"Exciting exhibitions and interactive installations","potentialAction":[{"@type":"SearchAction","target":{"@type":"EntryPoint","urlTemplate":"https:\/\/www.jaermuseet.no\/vitenfabrikken\/?s={search_term_string}"},"query-input":{"@type":"PropertyValueSpecification","valueRequired":true,"valueName":"search_term_string"}}],"inLanguage":"nb-NO"},{"@type":"Person","@id":"https:\/\/www.jaermuseet.no\/vitenfabrikken\/#\/schema\/person\/a5fe2192bfdad6d2a4252b128975f316","name":"Vitenfabrikken","image":{"@type":"ImageObject","inLanguage":"nb-NO","@id":"https:\/\/secure.gravatar.com\/avatar\/6af482d5c3cb941d8dad3f44c07d12455ae8092887dc7b37c44b7111a4760a7c?s=96&d=mm&r=g","url":"https:\/\/secure.gravatar.com\/avatar\/6af482d5c3cb941d8dad3f44c07d12455ae8092887dc7b37c44b7111a4760a7c?s=96&d=mm&r=g","contentUrl":"https:\/\/secure.gravatar.com\/avatar\/6af482d5c3cb941d8dad3f44c07d12455ae8092887dc7b37c44b7111a4760a7c?s=96&d=mm&r=g","caption":"Vitenfabrikken"},"url":"https:\/\/www.jaermuseet.no\/vitenfabrikken\/author\/vitenfabrikken\/"}]}},"cc_featured_image_caption":{"caption_text":"","source_text":"","source_url":""},"jetpack_featured_media_url":"https:\/\/www.jaermuseet.no\/vitenfabrikken\/wp-content\/uploads\/sites\/12\/2018\/07\/160608_mb_554-e1531215289548.jpg","jetpack_sharing_enabled":true,"jetpack-related-posts":[{"id":9096,"url":"https:\/\/www.jaermuseet.no\/vitenfabrikken\/selskapslokaler\/","url_meta":{"origin":4839,"position":0},"title":"Selskapslokaler","author":"Vitenfabrikken","date":"18. januar 2022","format":false,"excerpt":"P\u00e5 Vitenfabrikken kan dere feire den store dagen i spennende omgivelser. Kom sammen og marker dagen, og vi h\u00e5per dere vil skape gode minner som vil huskes lenge. Enten det er en konfirmasjon, d\u00e5p, navnedag, jubilant eller annen anledning, har vi det som trengs for at deres markering skal f\u00e5\u2026","rel":"","context":"i &quot;Bedriftstilbud&quot;","block_context":{"text":"Bedriftstilbud","link":"https:\/\/www.jaermuseet.no\/vitenfabrikken\/kategori\/teambuilding-og-familiedag-mote-utleie\/"},"img":{"alt_text":"","src":"https:\/\/i0.wp.com\/www.jaermuseet.no\/vitenfabrikken\/wp-content\/uploads\/sites\/12\/2022\/01\/20190503_153048-scaled.jpg?resize=350%2C200&ssl=1","width":350,"height":200,"srcset":"https:\/\/i0.wp.com\/www.jaermuseet.no\/vitenfabrikken\/wp-content\/uploads\/sites\/12\/2022\/01\/20190503_153048-scaled.jpg?resize=350%2C200&ssl=1 1x, https:\/\/i0.wp.com\/www.jaermuseet.no\/vitenfabrikken\/wp-content\/uploads\/sites\/12\/2022\/01\/20190503_153048-scaled.jpg?resize=525%2C300&ssl=1 1.5x, https:\/\/i0.wp.com\/www.jaermuseet.no\/vitenfabrikken\/wp-content\/uploads\/sites\/12\/2022\/01\/20190503_153048-scaled.jpg?resize=700%2C400&ssl=1 2x, https:\/\/i0.wp.com\/www.jaermuseet.no\/vitenfabrikken\/wp-content\/uploads\/sites\/12\/2022\/01\/20190503_153048-scaled.jpg?resize=1050%2C600&ssl=1 3x, https:\/\/i0.wp.com\/www.jaermuseet.no\/vitenfabrikken\/wp-content\/uploads\/sites\/12\/2022\/01\/20190503_153048-scaled.jpg?resize=1400%2C800&ssl=1 4x"},"classes":[]},{"id":12050,"url":"https:\/\/www.jaermuseet.no\/vitenfabrikken\/ny-utstillinglions-tegnekonkurranse-2023\/","url_meta":{"origin":4839,"position":1},"title":"Ny utstilling: Lions tegnekonkurranse 2025","author":"Debra Hagen","date":"27. januar 2026","format":false,"excerpt":"Vitenfabrikken har hengt opp lokale bidrag til fredsplakat- tegnekonkurransen i regi Lions Norge. Tegnekonkurransen holdes \u00e5rlig og tema for 2025 er\u00a0\u00abTogether As One\", oversatt til \"Sammen som en\".\u00a0 Konkurransen er verdensomspennende og hvert \u00e5r leveres rundt 450.000 tegninger inn fra hele verden. De lokale bidragene, samt \u00e5rets distriktsvinner Mei Elisa\u2026","rel":"","context":"i &quot;Nytt fra Vitenfabrikken&quot;","block_context":{"text":"Nytt fra Vitenfabrikken","link":"https:\/\/www.jaermuseet.no\/vitenfabrikken\/kategori\/nyheter-fra-vitenfabrikken\/"},"img":{"alt_text":"","src":"https:\/\/i0.wp.com\/www.jaermuseet.no\/vitenfabrikken\/wp-content\/uploads\/sites\/12\/2025\/03\/Lions-peace-contest.jpg?resize=350%2C200&ssl=1","width":350,"height":200,"srcset":"https:\/\/i0.wp.com\/www.jaermuseet.no\/vitenfabrikken\/wp-content\/uploads\/sites\/12\/2025\/03\/Lions-peace-contest.jpg?resize=350%2C200&ssl=1 1x, https:\/\/i0.wp.com\/www.jaermuseet.no\/vitenfabrikken\/wp-content\/uploads\/sites\/12\/2025\/03\/Lions-peace-contest.jpg?resize=525%2C300&ssl=1 1.5x"},"classes":[]},{"id":277,"url":"https:\/\/www.jaermuseet.no\/vitenfabrikken\/teambuilding\/","url_meta":{"origin":4839,"position":2},"title":"Teambuildinger","author":"administrator","date":"11. november 2025","format":false,"excerpt":"Hos Vitenfabrikken skaper vi opplevelser som styrker samholdet og gir minner dere vil snakke om lenge. Vi tilbyr spennende og l\u00e6rerike aktiviteter som utfordrer kreativitet, samarbeid og konkurranseinstinkt \u2013 perfekt for vennegjenger, kollegaer, lag og foreninger. Bes\u00f8ket tilpasses alltid etter deres behov, enten dere er en liten gruppe eller et\u2026","rel":"","context":"i &quot;Bedriftstilbud&quot;","block_context":{"text":"Bedriftstilbud","link":"https:\/\/www.jaermuseet.no\/vitenfabrikken\/kategori\/teambuilding-og-familiedag-mote-utleie\/"},"img":{"alt_text":"","src":"https:\/\/i0.wp.com\/www.jaermuseet.no\/vitenfabrikken\/wp-content\/uploads\/sites\/12\/2024\/02\/241101_Vitenfabrikken_Homo_Ludens_TeambuildingCZ9A9254_39e633e2-aa32-4fa9-a0fe-4baf10d44ec3.jpg?resize=350%2C200&ssl=1","width":350,"height":200,"srcset":"https:\/\/i0.wp.com\/www.jaermuseet.no\/vitenfabrikken\/wp-content\/uploads\/sites\/12\/2024\/02\/241101_Vitenfabrikken_Homo_Ludens_TeambuildingCZ9A9254_39e633e2-aa32-4fa9-a0fe-4baf10d44ec3.jpg?resize=350%2C200&ssl=1 1x, https:\/\/i0.wp.com\/www.jaermuseet.no\/vitenfabrikken\/wp-content\/uploads\/sites\/12\/2024\/02\/241101_Vitenfabrikken_Homo_Ludens_TeambuildingCZ9A9254_39e633e2-aa32-4fa9-a0fe-4baf10d44ec3.jpg?resize=525%2C300&ssl=1 1.5x, https:\/\/i0.wp.com\/www.jaermuseet.no\/vitenfabrikken\/wp-content\/uploads\/sites\/12\/2024\/02\/241101_Vitenfabrikken_Homo_Ludens_TeambuildingCZ9A9254_39e633e2-aa32-4fa9-a0fe-4baf10d44ec3.jpg?resize=700%2C400&ssl=1 2x, https:\/\/i0.wp.com\/www.jaermuseet.no\/vitenfabrikken\/wp-content\/uploads\/sites\/12\/2024\/02\/241101_Vitenfabrikken_Homo_Ludens_TeambuildingCZ9A9254_39e633e2-aa32-4fa9-a0fe-4baf10d44ec3.jpg?resize=1050%2C600&ssl=1 3x, https:\/\/i0.wp.com\/www.jaermuseet.no\/vitenfabrikken\/wp-content\/uploads\/sites\/12\/2024\/02\/241101_Vitenfabrikken_Homo_Ludens_TeambuildingCZ9A9254_39e633e2-aa32-4fa9-a0fe-4baf10d44ec3.jpg?resize=1400%2C800&ssl=1 4x"},"classes":[]},{"id":6148,"url":"https:\/\/www.jaermuseet.no\/vitenfabrikken\/omvisning-for-grupper\/","url_meta":{"origin":4839,"position":3},"title":"Privat omvisning for en gruppe","author":"Vitenfabrikken","date":"3. juni 2024","format":false,"excerpt":"Book en engasjerende og l\u00e6rerik omvisning for ditt lag, forening eller organisasjon. Tema: Vi hos \u00d8gl\u00e6nd I 2018 \u00e5pnet Vitenfabrikken \u00ab\u00d8gl\u00e6nd i 150\u00bb i forbindelse med at det var 150 \u00e5r siden Sandnesbedriften ble etablert. Bli bedre kjent med bedriften som har v\u00e6rt s\u00e5 viktig for v\u00e5r region. V\u00e5re omvisere\u2026","rel":"","context":"i &quot;Bedriftstilbud&quot;","block_context":{"text":"Bedriftstilbud","link":"https:\/\/www.jaermuseet.no\/vitenfabrikken\/kategori\/teambuilding-og-familiedag-mote-utleie\/"},"img":{"alt_text":"","src":"https:\/\/i0.wp.com\/www.jaermuseet.no\/vitenfabrikken\/wp-content\/uploads\/sites\/12\/2024\/06\/20230531-Cruisebesok-foto-Aina-Fiskaa_red-scaled.jpg?resize=350%2C200&ssl=1","width":350,"height":200,"srcset":"https:\/\/i0.wp.com\/www.jaermuseet.no\/vitenfabrikken\/wp-content\/uploads\/sites\/12\/2024\/06\/20230531-Cruisebesok-foto-Aina-Fiskaa_red-scaled.jpg?resize=350%2C200&ssl=1 1x, https:\/\/i0.wp.com\/www.jaermuseet.no\/vitenfabrikken\/wp-content\/uploads\/sites\/12\/2024\/06\/20230531-Cruisebesok-foto-Aina-Fiskaa_red-scaled.jpg?resize=525%2C300&ssl=1 1.5x, https:\/\/i0.wp.com\/www.jaermuseet.no\/vitenfabrikken\/wp-content\/uploads\/sites\/12\/2024\/06\/20230531-Cruisebesok-foto-Aina-Fiskaa_red-scaled.jpg?resize=700%2C400&ssl=1 2x, https:\/\/i0.wp.com\/www.jaermuseet.no\/vitenfabrikken\/wp-content\/uploads\/sites\/12\/2024\/06\/20230531-Cruisebesok-foto-Aina-Fiskaa_red-scaled.jpg?resize=1050%2C600&ssl=1 3x, https:\/\/i0.wp.com\/www.jaermuseet.no\/vitenfabrikken\/wp-content\/uploads\/sites\/12\/2024\/06\/20230531-Cruisebesok-foto-Aina-Fiskaa_red-scaled.jpg?resize=1400%2C800&ssl=1 4x"},"classes":[]},{"id":4758,"url":"https:\/\/www.jaermuseet.no\/vitenfabrikken\/sandnes-sparebank-med-milliongave\/","url_meta":{"origin":4839,"position":4},"title":"Sandnes Sparebank med milliongave","author":"Elin Ravndal Bell","date":"29. mai 2018","format":false,"excerpt":"Pengene er gitt av Sandnes Sparebanks gavefond, og skal i sin helhet brukes til en total oppgradering og fornying av en av Vitenfabrikken sine store\u00a0attraksjoner - planetariet. Planetariet \u00e5pnet samtidig som Vitenfabrikken, 22. mai 2008. Siden da har over 250.000 store og sm\u00e5 f\u00e5tt formidling i dette spennende, magiske \"rommet\".\u2026","rel":"","context":"i &quot;Nytt fra Vitenfabrikken&quot;","block_context":{"text":"Nytt fra Vitenfabrikken","link":"https:\/\/www.jaermuseet.no\/vitenfabrikken\/kategori\/nyheter-fra-vitenfabrikken\/"},"img":{"alt_text":"","src":"https:\/\/i0.wp.com\/www.jaermuseet.no\/vitenfabrikken\/wp-content\/uploads\/sites\/12\/2018\/05\/John-Arne-Frafjord-og-Trine-Stangeland.jpg?resize=350%2C200&ssl=1","width":350,"height":200,"srcset":"https:\/\/i0.wp.com\/www.jaermuseet.no\/vitenfabrikken\/wp-content\/uploads\/sites\/12\/2018\/05\/John-Arne-Frafjord-og-Trine-Stangeland.jpg?resize=350%2C200&ssl=1 1x, https:\/\/i0.wp.com\/www.jaermuseet.no\/vitenfabrikken\/wp-content\/uploads\/sites\/12\/2018\/05\/John-Arne-Frafjord-og-Trine-Stangeland.jpg?resize=525%2C300&ssl=1 1.5x, https:\/\/i0.wp.com\/www.jaermuseet.no\/vitenfabrikken\/wp-content\/uploads\/sites\/12\/2018\/05\/John-Arne-Frafjord-og-Trine-Stangeland.jpg?resize=700%2C400&ssl=1 2x, https:\/\/i0.wp.com\/www.jaermuseet.no\/vitenfabrikken\/wp-content\/uploads\/sites\/12\/2018\/05\/John-Arne-Frafjord-og-Trine-Stangeland.jpg?resize=1050%2C600&ssl=1 3x, https:\/\/i0.wp.com\/www.jaermuseet.no\/vitenfabrikken\/wp-content\/uploads\/sites\/12\/2018\/05\/John-Arne-Frafjord-og-Trine-Stangeland.jpg?resize=1400%2C800&ssl=1 4x"},"classes":[]},{"id":5448,"url":"https:\/\/www.jaermuseet.no\/vitenfabrikken\/nytt-matematikkloft-pa-vitenfabrikken\/","url_meta":{"origin":4839,"position":5},"title":"Abelloftet","author":"Elin Ravndal Bell","date":"14. februar 2021","format":false,"excerpt":"P\u00e5 v\u00e5rt magiske loft er det innredet med over 50 matematikkeksperiment og installasjoner. S\u00e5 langt vi kjenner til er dette den st\u00f8rste matematikkutstillingen i Norge. Abelloftet er oppkalt etter Niels Henrik Abel, en internasjonal kjendis fra Finn\u00f8y. I hvert fall regnes han som en stjerne av folk som liker matematikk.\u2026","rel":"","context":"i &quot;Utstillinger&quot;","block_context":{"text":"Utstillinger","link":"https:\/\/www.jaermuseet.no\/vitenfabrikken\/kategori\/utstillinger-pa-vitenfabrikken\/"},"img":{"alt_text":"","src":"https:\/\/i0.wp.com\/www.jaermuseet.no\/vitenfabrikken\/wp-content\/uploads\/sites\/12\/2019\/02\/20190214-Abelloftet-Foto-Jan-Inge-Haga-25.jpg?resize=350%2C200&ssl=1","width":350,"height":200,"srcset":"https:\/\/i0.wp.com\/www.jaermuseet.no\/vitenfabrikken\/wp-content\/uploads\/sites\/12\/2019\/02\/20190214-Abelloftet-Foto-Jan-Inge-Haga-25.jpg?resize=350%2C200&ssl=1 1x, https:\/\/i0.wp.com\/www.jaermuseet.no\/vitenfabrikken\/wp-content\/uploads\/sites\/12\/2019\/02\/20190214-Abelloftet-Foto-Jan-Inge-Haga-25.jpg?resize=525%2C300&ssl=1 1.5x, https:\/\/i0.wp.com\/www.jaermuseet.no\/vitenfabrikken\/wp-content\/uploads\/sites\/12\/2019\/02\/20190214-Abelloftet-Foto-Jan-Inge-Haga-25.jpg?resize=700%2C400&ssl=1 2x, https:\/\/i0.wp.com\/www.jaermuseet.no\/vitenfabrikken\/wp-content\/uploads\/sites\/12\/2019\/02\/20190214-Abelloftet-Foto-Jan-Inge-Haga-25.jpg?resize=1050%2C600&ssl=1 3x, https:\/\/i0.wp.com\/www.jaermuseet.no\/vitenfabrikken\/wp-content\/uploads\/sites\/12\/2019\/02\/20190214-Abelloftet-Foto-Jan-Inge-Haga-25.jpg?resize=1400%2C800&ssl=1 4x"},"classes":[]}],"_links":{"self":[{"href":"https:\/\/www.jaermuseet.no\/vitenfabrikken\/wp-json\/wp\/v2\/posts\/4839","targetHints":{"allow":["GET"]}}],"collection":[{"href":"https:\/\/www.jaermuseet.no\/vitenfabrikken\/wp-json\/wp\/v2\/posts"}],"about":[{"href":"https:\/\/www.jaermuseet.no\/vitenfabrikken\/wp-json\/wp\/v2\/types\/post"}],"author":[{"embeddable":true,"href":"https:\/\/www.jaermuseet.no\/vitenfabrikken\/wp-json\/wp\/v2\/users\/11"}],"replies":[{"embeddable":true,"href":"https:\/\/www.jaermuseet.no\/vitenfabrikken\/wp-json\/wp\/v2\/comments?post=4839"}],"version-history":[{"count":36,"href":"https:\/\/www.jaermuseet.no\/vitenfabrikken\/wp-json\/wp\/v2\/posts\/4839\/revisions"}],"predecessor-version":[{"id":14462,"href":"https:\/\/www.jaermuseet.no\/vitenfabrikken\/wp-json\/wp\/v2\/posts\/4839\/revisions\/14462"}],"wp:featuredmedia":[{"embeddable":true,"href":"https:\/\/www.jaermuseet.no\/vitenfabrikken\/wp-json\/wp\/v2\/media\/4840"}],"wp:attachment":[{"href":"https:\/\/www.jaermuseet.no\/vitenfabrikken\/wp-json\/wp\/v2\/media?parent=4839"}],"wp:term":[{"taxonomy":"category","embeddable":true,"href":"https:\/\/www.jaermuseet.no\/vitenfabrikken\/wp-json\/wp\/v2\/categories?post=4839"},{"taxonomy":"post_tag","embeddable":true,"href":"https:\/\/www.jaermuseet.no\/vitenfabrikken\/wp-json\/wp\/v2\/tags?post=4839"}],"curies":[{"name":"wp","href":"https:\/\/api.w.org\/{rel}","templated":true}]}}