{"id":91,"date":"2015-09-17T07:22:08","date_gmt":"2015-09-17T06:22:08","guid":{"rendered":"https:\/\/www.jaermuseet.no\/varden\/?p=91"},"modified":"2016-06-06T09:54:24","modified_gmt":"2016-06-06T08:54:24","slug":"familiedag-i-varden-2016","status":"publish","type":"post","link":"https:\/\/www.jaermuseet.no\/varden\/familiedag-i-varden-2016\/","title":{"rendered":"Familiedag i Varden 2016"},"content":{"rendered":"<p>Det vert ny familiedag v\u00e5ren 2016.<\/p>\n<p>Denne vert 12. juni kl 12 &#8211; 15.<\/p>\n<p>Med mange gilde aktivitetar for store og sm\u00e5 \ud83d\ude42<\/p>\n<p>Pr\u00f8v redningstolen og reperbanen.<br \/>\nPostar med sp\u00f8rsm\u00e5l og aktivitetar.<br \/>\nSnekra sm\u00e5b\u00e5tar. Lag deg ein rakett og sj\u00e5 kor langt du kan skyta den.<br \/>\nHels p\u00e5 Eliasb\u00e5ten og andre b\u00e5tar.<br \/>\nSj\u00e5, lukt og h\u00f8yr p\u00e5 motorar.<br \/>\nSal av p\u00f8lser, kaffi, lappar og fiskesuppa.<br \/>\nAlle velkomne.<br \/>\nArr. i samarbeid med J\u00e6ren Kystlag, H\u00e5 Historielag, Sirev\u00e5g Dykkerklubb og Ogna Camping<br \/>\nInngang: kr 30 for vaksne, barn og medlemmar i J\u00e6rmuseet gratis.<\/p>\n","protected":false},"excerpt":{"rendered":"<p>Det vert ny familiedag v\u00e5ren 2016. Denne vert 12. juni&#8230;<\/p>\n","protected":false},"author":5,"featured_media":0,"comment_status":"open","ping_status":"open","sticky":false,"template":"","format":"standard","meta":{"_acf_changed":false,"_jetpack_memberships_contains_paid_content":false,"footnotes":""},"categories":[1],"tags":[],"class_list":["post-91","post","type-post","status-publish","format-standard","hentry","category-ukategorisert","featured-image-size-large"],"acf":[],"yoast_head":"<!-- This site is optimized with the Yoast SEO plugin v27.4 - https:\/\/yoast.com\/product\/yoast-seo-wordpress\/ -->\n<title>Familiedag i Varden 2016 - Varden<\/title>\n<meta name=\"robots\" content=\"index, follow, max-snippet:-1, max-image-preview:large, max-video-preview:-1\" \/>\n<link rel=\"canonical\" href=\"https:\/\/www.jaermuseet.no\/varden\/familiedag-i-varden-2016\/\" \/>\n<meta property=\"og:locale\" content=\"nn_NO\" \/>\n<meta property=\"og:type\" content=\"article\" \/>\n<meta property=\"og:title\" content=\"Familiedag i Varden 2016 - Varden\" \/>\n<meta property=\"og:description\" content=\"Det vert ny familiedag v\u00e5ren 2016. Denne vert 12. juni...\" \/>\n<meta property=\"og:url\" content=\"https:\/\/www.jaermuseet.no\/varden\/familiedag-i-varden-2016\/\" \/>\n<meta property=\"og:site_name\" content=\"Varden\" \/>\n<meta property=\"article:published_time\" content=\"2015-09-17T06:22:08+00:00\" \/>\n<meta property=\"article:modified_time\" content=\"2016-06-06T08:54:24+00:00\" \/>\n<meta name=\"author\" content=\"varden\" \/>\n<meta name=\"twitter:card\" content=\"summary_large_image\" \/>\n<meta name=\"twitter:label1\" content=\"Written by\" \/>\n\t<meta name=\"twitter:data1\" content=\"varden\" \/>\n<script type=\"application\/ld+json\" class=\"yoast-schema-graph\">{\"@context\":\"https:\\\/\\\/schema.org\",\"@graph\":[{\"@type\":\"Article\",\"@id\":\"https:\\\/\\\/www.jaermuseet.no\\\/varden\\\/familiedag-i-varden-2016\\\/#article\",\"isPartOf\":{\"@id\":\"https:\\\/\\\/www.jaermuseet.no\\\/varden\\\/familiedag-i-varden-2016\\\/\"},\"author\":{\"name\":\"varden\",\"@id\":\"https:\\\/\\\/www.jaermuseet.no\\\/varden\\\/#\\\/schema\\\/person\\\/ad977141ee8d10ba7480b9c4dcc5cc92\"},\"headline\":\"Familiedag i Varden 2016\",\"datePublished\":\"2015-09-17T06:22:08+00:00\",\"dateModified\":\"2016-06-06T08:54:24+00:00\",\"mainEntityOfPage\":{\"@id\":\"https:\\\/\\\/www.jaermuseet.no\\\/varden\\\/familiedag-i-varden-2016\\\/\"},\"wordCount\":102,\"commentCount\":0,\"articleSection\":[\"Ukategorisert\"],\"inLanguage\":\"nn-NO\",\"potentialAction\":[{\"@type\":\"CommentAction\",\"name\":\"Comment\",\"target\":[\"https:\\\/\\\/www.jaermuseet.no\\\/varden\\\/familiedag-i-varden-2016\\\/#respond\"]}]},{\"@type\":\"WebPage\",\"@id\":\"https:\\\/\\\/www.jaermuseet.no\\\/varden\\\/familiedag-i-varden-2016\\\/\",\"url\":\"https:\\\/\\\/www.jaermuseet.no\\\/varden\\\/familiedag-i-varden-2016\\\/\",\"name\":\"Familiedag i Varden 2016 - Varden\",\"isPartOf\":{\"@id\":\"https:\\\/\\\/www.jaermuseet.no\\\/varden\\\/#website\"},\"datePublished\":\"2015-09-17T06:22:08+00:00\",\"dateModified\":\"2016-06-06T08:54:24+00:00\",\"author\":{\"@id\":\"https:\\\/\\\/www.jaermuseet.no\\\/varden\\\/#\\\/schema\\\/person\\\/ad977141ee8d10ba7480b9c4dcc5cc92\"},\"breadcrumb\":{\"@id\":\"https:\\\/\\\/www.jaermuseet.no\\\/varden\\\/familiedag-i-varden-2016\\\/#breadcrumb\"},\"inLanguage\":\"nn-NO\",\"potentialAction\":[{\"@type\":\"ReadAction\",\"target\":[\"https:\\\/\\\/www.jaermuseet.no\\\/varden\\\/familiedag-i-varden-2016\\\/\"]}]},{\"@type\":\"BreadcrumbList\",\"@id\":\"https:\\\/\\\/www.jaermuseet.no\\\/varden\\\/familiedag-i-varden-2016\\\/#breadcrumb\",\"itemListElement\":[{\"@type\":\"ListItem\",\"position\":1,\"name\":\"Hjem\",\"item\":\"https:\\\/\\\/www.jaermuseet.no\\\/varden\\\/en\\\/\"},{\"@type\":\"ListItem\",\"position\":2,\"name\":\"Familiedag i Varden 2016\"}]},{\"@type\":\"WebSite\",\"@id\":\"https:\\\/\\\/www.jaermuseet.no\\\/varden\\\/#website\",\"url\":\"https:\\\/\\\/www.jaermuseet.no\\\/varden\\\/\",\"name\":\"Varden\",\"description\":\"Sj\u00f8redningsmuseum p\u00e5 Ogna.\",\"potentialAction\":[{\"@type\":\"SearchAction\",\"target\":{\"@type\":\"EntryPoint\",\"urlTemplate\":\"https:\\\/\\\/www.jaermuseet.no\\\/varden\\\/?s={search_term_string}\"},\"query-input\":{\"@type\":\"PropertyValueSpecification\",\"valueRequired\":true,\"valueName\":\"search_term_string\"}}],\"inLanguage\":\"nn-NO\"},{\"@type\":\"Person\",\"@id\":\"https:\\\/\\\/www.jaermuseet.no\\\/varden\\\/#\\\/schema\\\/person\\\/ad977141ee8d10ba7480b9c4dcc5cc92\",\"name\":\"varden\",\"image\":{\"@type\":\"ImageObject\",\"inLanguage\":\"nn-NO\",\"@id\":\"https:\\\/\\\/secure.gravatar.com\\\/avatar\\\/573e47a255b805e226224195e5b882ef1a3edc16e5f000a9637a61ba6f558ad6?s=96&d=mm&r=g\",\"url\":\"https:\\\/\\\/secure.gravatar.com\\\/avatar\\\/573e47a255b805e226224195e5b882ef1a3edc16e5f000a9637a61ba6f558ad6?s=96&d=mm&r=g\",\"contentUrl\":\"https:\\\/\\\/secure.gravatar.com\\\/avatar\\\/573e47a255b805e226224195e5b882ef1a3edc16e5f000a9637a61ba6f558ad6?s=96&d=mm&r=g\",\"caption\":\"varden\"},\"url\":\"https:\\\/\\\/www.jaermuseet.no\\\/varden\\\/author\\\/varden\\\/\"}]}<\/script>\n<!-- \/ Yoast SEO plugin. -->","yoast_head_json":{"title":"Familiedag i Varden 2016 - Varden","robots":{"index":"index","follow":"follow","max-snippet":"max-snippet:-1","max-image-preview":"max-image-preview:large","max-video-preview":"max-video-preview:-1"},"canonical":"https:\/\/www.jaermuseet.no\/varden\/familiedag-i-varden-2016\/","og_locale":"nn_NO","og_type":"article","og_title":"Familiedag i Varden 2016 - Varden","og_description":"Det vert ny familiedag v\u00e5ren 2016. Denne vert 12. juni...","og_url":"https:\/\/www.jaermuseet.no\/varden\/familiedag-i-varden-2016\/","og_site_name":"Varden","article_published_time":"2015-09-17T06:22:08+00:00","article_modified_time":"2016-06-06T08:54:24+00:00","author":"varden","twitter_card":"summary_large_image","twitter_misc":{"Written by":"varden"},"schema":{"@context":"https:\/\/schema.org","@graph":[{"@type":"Article","@id":"https:\/\/www.jaermuseet.no\/varden\/familiedag-i-varden-2016\/#article","isPartOf":{"@id":"https:\/\/www.jaermuseet.no\/varden\/familiedag-i-varden-2016\/"},"author":{"name":"varden","@id":"https:\/\/www.jaermuseet.no\/varden\/#\/schema\/person\/ad977141ee8d10ba7480b9c4dcc5cc92"},"headline":"Familiedag i Varden 2016","datePublished":"2015-09-17T06:22:08+00:00","dateModified":"2016-06-06T08:54:24+00:00","mainEntityOfPage":{"@id":"https:\/\/www.jaermuseet.no\/varden\/familiedag-i-varden-2016\/"},"wordCount":102,"commentCount":0,"articleSection":["Ukategorisert"],"inLanguage":"nn-NO","potentialAction":[{"@type":"CommentAction","name":"Comment","target":["https:\/\/www.jaermuseet.no\/varden\/familiedag-i-varden-2016\/#respond"]}]},{"@type":"WebPage","@id":"https:\/\/www.jaermuseet.no\/varden\/familiedag-i-varden-2016\/","url":"https:\/\/www.jaermuseet.no\/varden\/familiedag-i-varden-2016\/","name":"Familiedag i Varden 2016 - Varden","isPartOf":{"@id":"https:\/\/www.jaermuseet.no\/varden\/#website"},"datePublished":"2015-09-17T06:22:08+00:00","dateModified":"2016-06-06T08:54:24+00:00","author":{"@id":"https:\/\/www.jaermuseet.no\/varden\/#\/schema\/person\/ad977141ee8d10ba7480b9c4dcc5cc92"},"breadcrumb":{"@id":"https:\/\/www.jaermuseet.no\/varden\/familiedag-i-varden-2016\/#breadcrumb"},"inLanguage":"nn-NO","potentialAction":[{"@type":"ReadAction","target":["https:\/\/www.jaermuseet.no\/varden\/familiedag-i-varden-2016\/"]}]},{"@type":"BreadcrumbList","@id":"https:\/\/www.jaermuseet.no\/varden\/familiedag-i-varden-2016\/#breadcrumb","itemListElement":[{"@type":"ListItem","position":1,"name":"Hjem","item":"https:\/\/www.jaermuseet.no\/varden\/en\/"},{"@type":"ListItem","position":2,"name":"Familiedag i Varden 2016"}]},{"@type":"WebSite","@id":"https:\/\/www.jaermuseet.no\/varden\/#website","url":"https:\/\/www.jaermuseet.no\/varden\/","name":"Varden","description":"Sj\u00f8redningsmuseum p\u00e5 Ogna.","potentialAction":[{"@type":"SearchAction","target":{"@type":"EntryPoint","urlTemplate":"https:\/\/www.jaermuseet.no\/varden\/?s={search_term_string}"},"query-input":{"@type":"PropertyValueSpecification","valueRequired":true,"valueName":"search_term_string"}}],"inLanguage":"nn-NO"},{"@type":"Person","@id":"https:\/\/www.jaermuseet.no\/varden\/#\/schema\/person\/ad977141ee8d10ba7480b9c4dcc5cc92","name":"varden","image":{"@type":"ImageObject","inLanguage":"nn-NO","@id":"https:\/\/secure.gravatar.com\/avatar\/573e47a255b805e226224195e5b882ef1a3edc16e5f000a9637a61ba6f558ad6?s=96&d=mm&r=g","url":"https:\/\/secure.gravatar.com\/avatar\/573e47a255b805e226224195e5b882ef1a3edc16e5f000a9637a61ba6f558ad6?s=96&d=mm&r=g","contentUrl":"https:\/\/secure.gravatar.com\/avatar\/573e47a255b805e226224195e5b882ef1a3edc16e5f000a9637a61ba6f558ad6?s=96&d=mm&r=g","caption":"varden"},"url":"https:\/\/www.jaermuseet.no\/varden\/author\/varden\/"}]}},"cc_featured_image_caption":{"caption_text":"","source_text":"","source_url":""},"jetpack_featured_media_url":"","jetpack_sharing_enabled":true,"_links":{"self":[{"href":"https:\/\/www.jaermuseet.no\/varden\/wp-json\/wp\/v2\/posts\/91","targetHints":{"allow":["GET"]}}],"collection":[{"href":"https:\/\/www.jaermuseet.no\/varden\/wp-json\/wp\/v2\/posts"}],"about":[{"href":"https:\/\/www.jaermuseet.no\/varden\/wp-json\/wp\/v2\/types\/post"}],"author":[{"embeddable":true,"href":"https:\/\/www.jaermuseet.no\/varden\/wp-json\/wp\/v2\/users\/5"}],"replies":[{"embeddable":true,"href":"https:\/\/www.jaermuseet.no\/varden\/wp-json\/wp\/v2\/comments?post=91"}],"version-history":[{"count":4,"href":"https:\/\/www.jaermuseet.no\/varden\/wp-json\/wp\/v2\/posts\/91\/revisions"}],"predecessor-version":[{"id":135,"href":"https:\/\/www.jaermuseet.no\/varden\/wp-json\/wp\/v2\/posts\/91\/revisions\/135"}],"wp:attachment":[{"href":"https:\/\/www.jaermuseet.no\/varden\/wp-json\/wp\/v2\/media?parent=91"}],"wp:term":[{"taxonomy":"category","embeddable":true,"href":"https:\/\/www.jaermuseet.no\/varden\/wp-json\/wp\/v2\/categories?post=91"},{"taxonomy":"post_tag","embeddable":true,"href":"https:\/\/www.jaermuseet.no\/varden\/wp-json\/wp\/v2\/tags?post=91"}],"curies":[{"name":"wp","href":"https:\/\/api.w.org\/{rel}","templated":true}]}}