{"id":20,"date":"2014-05-19T11:58:47","date_gmt":"2014-05-19T10:58:47","guid":{"rendered":"https:\/\/www.jaermuseet.no\/varden\/familiedag-i-varden-2014\/"},"modified":"2014-05-19T11:58:47","modified_gmt":"2014-05-19T10:58:47","slug":"familiedag-i-varden-2014","status":"publish","type":"post","link":"https:\/\/www.jaermuseet.no\/varden\/familiedag-i-varden-2014\/","title":{"rendered":"Familiedag i Varden 2014"},"content":{"rendered":"<p><img loading=\"lazy\" decoding=\"async\" width=\"640\" height=\"480\" style=\"margin-right: 10px;margin-bottom: 10px\" alt=\"nett090614mgr 081 Large\" src=\"https:\/\/www.jaermuseet.no\/wp-content\/uploads\/sites\/6\/2014\/05\/nett090614mgr_081_Large.jpg\" \/><\/p>\n<p>Sundag 25. mai er du velkommen til stor redningsdag i Varden. Her kan de sj\u00e5 korleis folk vart berga iland fr\u00e5 skipsforlis for 150 \u00e5r sidan. Og de f\u00e5r sj\u00e5 korleis folk vert redda i dag. Me vil alts\u00e5 bruka utstyret fr\u00e5 dei gamle redningsstasjonane p\u00e5 J\u00e6ren. I Noreg var det kun p\u00e5 J\u00e6ren og p\u00e5 Lista at dette vart brukt. De f\u00e5r sj\u00e5 korleis lina vart skoten ut og alt tauverk med inn- og uthalerlina og redningsstol vart montert. S\u00e5 vart ein og ein person hala inn til lands.<\/p>\n<p>Etterp\u00e5 f\u00e5r me bes\u00f8k av redningshelikopter fr\u00e5 330 skvadronen p\u00e5 Sola og redningssk\u00f8yta i Egersund. Dei vil syna korleis redning f\u00f8reg\u00e5r idag. Her er sj\u00f8lvsagt eit lite forbehold om at dei ikkje m\u00e5 ut p\u00e5 oppdrag.<\/p>\n<p>Arrangementet f\u00f8reg\u00e5r inne p\u00e5 omr\u00e5det til Ogna Camping. Her finn du redningsmuseet som syner litt av den lokale redningshistoria. Rundt museet vert det mange aktivitetar for store og sm\u00e5. Og ikkje minst sal av p\u00f8lser, lappar, kaffi og saft.<\/p>\n<p>De kan laga papirrakettar og skyta opp med trykkluft, suger\u00f8yrsrakettar, byggja sm\u00e5b\u00e5tar, rebusl\u00f8ype, helsa p\u00e5 Eliasb\u00e5ten, tauarbeid, motorar, utstillingar m.m.<\/p>\n<p>Det vert og tur fr\u00e5 Kvassheim til Varden &#8220;Langs farleg strand&#8221; med los Egil Harald Grude.NB! Denne startar fr\u00e5 Kvassheim kl 10.30 ( ikkje 11.30 som det st\u00e5r p\u00e5 plakaten)<\/p>\n<p>25. mai skjer ting du bare kan vera med p\u00e5 kvart 5. \u00e5r!. S\u00e5 ikkje g\u00e5 glipp av denne dagen!<\/p>\n<p>Her er fleire bilete til inspirasjon. Dei fleste fr\u00e5 redningsdagen i 2009:<\/p>\n<p> <img loading=\"lazy\" decoding=\"async\" width=\"448\" height=\"336\" style=\"margin-right: 10px;margin-bottom: 10px\" alt=\"nett090614Bmgr 001 Large\" src=\"https:\/\/www.jaermuseet.no\/wp-content\/uploads\/sites\/6\/2014\/05\/nett090614Bmgr_001_Large.jpg\" \/><img loading=\"lazy\" decoding=\"async\" width=\"448\" height=\"336\" style=\"margin-right: 10px;margin-bottom: 10px\" alt=\"nett090614Bmgr 006 Large\" src=\"https:\/\/www.jaermuseet.no\/wp-content\/uploads\/sites\/6\/2014\/05\/nett090614Bmgr_006_Large.jpg\" \/><img loading=\"lazy\" decoding=\"async\" width=\"448\" height=\"336\" style=\"margin-right: 10px;margin-bottom: 10px\" alt=\"nett090614mgr 025 Large\" src=\"https:\/\/www.jaermuseet.no\/wp-content\/uploads\/sites\/6\/2014\/05\/nett090614mgr_025_Large.jpg\" \/><img loading=\"lazy\" decoding=\"async\" width=\"448\" height=\"336\" style=\"margin-right: 10px;margin-bottom: 10px\" alt=\"nett090614mgr 060 Large\" src=\"https:\/\/www.jaermuseet.no\/wp-content\/uploads\/sites\/6\/2014\/05\/nett090614mgr_060_Large.jpg\" \/><img loading=\"lazy\" decoding=\"async\" width=\"448\" height=\"336\" style=\"margin-right: 10px;margin-bottom: 10px\" alt=\"nett090614mgr 072 Large\" src=\"https:\/\/www.jaermuseet.no\/wp-content\/uploads\/sites\/6\/2014\/05\/nett090614mgr_072_Large.jpg\" \/><img loading=\"lazy\" decoding=\"async\" width=\"448\" height=\"336\" style=\"margin-right: 10px;margin-bottom: 10px\" alt=\"nett090614mgr 075 Large\" src=\"https:\/\/www.jaermuseet.no\/wp-content\/uploads\/sites\/6\/2014\/05\/nett090614mgr_075_Large.jpg\" \/><img loading=\"lazy\" decoding=\"async\" width=\"448\" height=\"336\" style=\"margin-right: 10px;margin-bottom: 10px\" alt=\"nett090614mgr 086 Large\" src=\"https:\/\/www.jaermuseet.no\/wp-content\/uploads\/sites\/6\/2014\/05\/nett090614mgr_086_Large.jpg\" \/><img loading=\"lazy\" decoding=\"async\" width=\"448\" height=\"336\" style=\"margin-right: 10px;margin-bottom: 10px\" alt=\"nett090614mgr 106 Large\" src=\"https:\/\/www.jaermuseet.no\/wp-content\/uploads\/sites\/6\/2014\/05\/nett090614mgr_106_Large.jpg\" \/><img loading=\"lazy\" decoding=\"async\" width=\"252\" height=\"336\" style=\"margin-right: 10px;margin-bottom: 10px\" alt=\"nett090614mgr 131 Large\" src=\"https:\/\/www.jaermuseet.no\/wp-content\/uploads\/sites\/6\/2014\/05\/nett090614mgr_131_Large.jpg\" \/><img loading=\"lazy\" decoding=\"async\" width=\"252\" height=\"336\" style=\"margin-right: 10px;margin-bottom: 10px\" alt=\"nett090614mgr 135 Large\" src=\"https:\/\/www.jaermuseet.no\/wp-content\/uploads\/sites\/6\/2014\/05\/nett090614mgr_135_Large.jpg\" \/><img loading=\"lazy\" decoding=\"async\" width=\"448\" height=\"336\" style=\"margin-right: 10px;margin-bottom: 10px\" alt=\"nett090614mgr 155 Large\" src=\"https:\/\/www.jaermuseet.no\/wp-content\/uploads\/sites\/6\/2014\/05\/nett090614mgr_155_Large.jpg\" \/><img loading=\"lazy\" decoding=\"async\" width=\"448\" height=\"336\" style=\"margin-right: 10px;margin-bottom: 10px\" alt=\"nett090614mgr 182 Large\" src=\"https:\/\/www.jaermuseet.no\/wp-content\/uploads\/sites\/6\/2014\/05\/nett090614mgr_182_Large.jpg\" \/><img loading=\"lazy\" decoding=\"async\" width=\"406\" height=\"336\" style=\"margin-right: 10px;margin-bottom: 10px\" alt=\"nett20090614RednIIB 002 Medium\" src=\"https:\/\/www.jaermuseet.no\/wp-content\/uploads\/sites\/6\/2014\/05\/nett20090614RednIIB_002_Medium.jpg\" \/><img loading=\"lazy\" decoding=\"async\" width=\"448\" height=\"295\" style=\"margin-right: 10px;margin-bottom: 10px\" alt=\"nett20090614RednIIB 038 Medium\" src=\"https:\/\/www.jaermuseet.no\/wp-content\/uploads\/sites\/6\/2014\/05\/nett20090614RednIIB_038_Medium.jpg\" \/><img loading=\"lazy\" decoding=\"async\" width=\"448\" height=\"246\" style=\"margin-right: 10px;margin-bottom: 10px\" alt=\"nett20090614RednIIB 046 Medium\" src=\"https:\/\/www.jaermuseet.no\/wp-content\/uploads\/sites\/6\/2014\/05\/nett20090614RednIIB_046_Medium.jpg\" \/><img loading=\"lazy\" decoding=\"async\" width=\"339\" height=\"336\" style=\"margin-right: 10px;margin-bottom: 10px\" alt=\"nett20090614RednIIB 127 Medium\" src=\"https:\/\/www.jaermuseet.no\/wp-content\/uploads\/sites\/6\/2014\/05\/nett20090614RednIIB_127_Medium.jpg\" \/><img loading=\"lazy\" decoding=\"async\" width=\"448\" height=\"299\" style=\"margin-right: 10px;margin-bottom: 10px\" alt=\"nett20130512ins 093\" src=\"https:\/\/www.jaermuseet.no\/wp-content\/uploads\/sites\/6\/2014\/05\/nett20130512ins_093.jpg\" \/><\/p>\n<\/p>\n<\/p><\/p>\n","protected":false},"excerpt":{"rendered":"<p>Sundag 25. mai er du velkommen til stor redningsdag i&#8230;<\/p>\n","protected":false},"author":5,"featured_media":0,"comment_status":"open","ping_status":"open","sticky":false,"template":"","format":"standard","meta":{"_acf_changed":false,"_jetpack_memberships_contains_paid_content":false,"footnotes":""},"categories":[3],"tags":[],"class_list":["post-20","post","type-post","status-publish","format-standard","hentry","category-nytt-fra-varden"],"acf":[],"yoast_head":"<!-- This site is optimized with the Yoast SEO plugin v27.4 - https:\/\/yoast.com\/product\/yoast-seo-wordpress\/ -->\n<title>Familiedag i Varden 2014 - Varden<\/title>\n<meta name=\"robots\" content=\"index, follow, max-snippet:-1, max-image-preview:large, max-video-preview:-1\" \/>\n<link rel=\"canonical\" href=\"https:\/\/www.jaermuseet.no\/varden\/familiedag-i-varden-2014\/\" \/>\n<meta property=\"og:locale\" content=\"nn_NO\" \/>\n<meta property=\"og:type\" content=\"article\" \/>\n<meta property=\"og:title\" content=\"Familiedag i Varden 2014 - Varden\" \/>\n<meta property=\"og:description\" content=\"Sundag 25. mai er du velkommen til stor redningsdag i...\" \/>\n<meta property=\"og:url\" content=\"https:\/\/www.jaermuseet.no\/varden\/familiedag-i-varden-2014\/\" \/>\n<meta property=\"og:site_name\" content=\"Varden\" \/>\n<meta property=\"article:published_time\" content=\"2014-05-19T10:58:47+00:00\" \/>\n<meta property=\"og:image\" content=\"https:\/\/www.jaermuseet.no\/wp-content\/uploads\/sites\/6\/2014\/05\/nett090614mgr_081_Large.jpg\" \/>\n<meta name=\"author\" content=\"varden\" \/>\n<meta name=\"twitter:card\" content=\"summary_large_image\" \/>\n<meta name=\"twitter:label1\" content=\"Written by\" \/>\n\t<meta name=\"twitter:data1\" content=\"varden\" \/>\n\t<meta name=\"twitter:label2\" content=\"Est. reading time\" \/>\n\t<meta name=\"twitter:data2\" content=\"1 minutt\" \/>\n<script type=\"application\/ld+json\" class=\"yoast-schema-graph\">{\"@context\":\"https:\\\/\\\/schema.org\",\"@graph\":[{\"@type\":\"Article\",\"@id\":\"https:\\\/\\\/www.jaermuseet.no\\\/varden\\\/familiedag-i-varden-2014\\\/#article\",\"isPartOf\":{\"@id\":\"https:\\\/\\\/www.jaermuseet.no\\\/varden\\\/familiedag-i-varden-2014\\\/\"},\"author\":{\"name\":\"varden\",\"@id\":\"https:\\\/\\\/www.jaermuseet.no\\\/varden\\\/#\\\/schema\\\/person\\\/ad977141ee8d10ba7480b9c4dcc5cc92\"},\"headline\":\"Familiedag i Varden 2014\",\"datePublished\":\"2014-05-19T10:58:47+00:00\",\"mainEntityOfPage\":{\"@id\":\"https:\\\/\\\/www.jaermuseet.no\\\/varden\\\/familiedag-i-varden-2014\\\/\"},\"wordCount\":263,\"commentCount\":0,\"image\":{\"@id\":\"https:\\\/\\\/www.jaermuseet.no\\\/varden\\\/familiedag-i-varden-2014\\\/#primaryimage\"},\"thumbnailUrl\":\"https:\\\/\\\/www.jaermuseet.no\\\/wp-content\\\/uploads\\\/sites\\\/6\\\/2014\\\/05\\\/nett090614mgr_081_Large.jpg\",\"articleSection\":[\"Nytt fr\u00e5 Varden\"],\"inLanguage\":\"nn-NO\",\"potentialAction\":[{\"@type\":\"CommentAction\",\"name\":\"Comment\",\"target\":[\"https:\\\/\\\/www.jaermuseet.no\\\/varden\\\/familiedag-i-varden-2014\\\/#respond\"]}]},{\"@type\":\"WebPage\",\"@id\":\"https:\\\/\\\/www.jaermuseet.no\\\/varden\\\/familiedag-i-varden-2014\\\/\",\"url\":\"https:\\\/\\\/www.jaermuseet.no\\\/varden\\\/familiedag-i-varden-2014\\\/\",\"name\":\"Familiedag i Varden 2014 - Varden\",\"isPartOf\":{\"@id\":\"https:\\\/\\\/www.jaermuseet.no\\\/varden\\\/#website\"},\"primaryImageOfPage\":{\"@id\":\"https:\\\/\\\/www.jaermuseet.no\\\/varden\\\/familiedag-i-varden-2014\\\/#primaryimage\"},\"image\":{\"@id\":\"https:\\\/\\\/www.jaermuseet.no\\\/varden\\\/familiedag-i-varden-2014\\\/#primaryimage\"},\"thumbnailUrl\":\"https:\\\/\\\/www.jaermuseet.no\\\/wp-content\\\/uploads\\\/sites\\\/6\\\/2014\\\/05\\\/nett090614mgr_081_Large.jpg\",\"datePublished\":\"2014-05-19T10:58:47+00:00\",\"author\":{\"@id\":\"https:\\\/\\\/www.jaermuseet.no\\\/varden\\\/#\\\/schema\\\/person\\\/ad977141ee8d10ba7480b9c4dcc5cc92\"},\"breadcrumb\":{\"@id\":\"https:\\\/\\\/www.jaermuseet.no\\\/varden\\\/familiedag-i-varden-2014\\\/#breadcrumb\"},\"inLanguage\":\"nn-NO\",\"potentialAction\":[{\"@type\":\"ReadAction\",\"target\":[\"https:\\\/\\\/www.jaermuseet.no\\\/varden\\\/familiedag-i-varden-2014\\\/\"]}]},{\"@type\":\"ImageObject\",\"inLanguage\":\"nn-NO\",\"@id\":\"https:\\\/\\\/www.jaermuseet.no\\\/varden\\\/familiedag-i-varden-2014\\\/#primaryimage\",\"url\":\"https:\\\/\\\/www.jaermuseet.no\\\/wp-content\\\/uploads\\\/sites\\\/6\\\/2014\\\/05\\\/nett090614mgr_081_Large.jpg\",\"contentUrl\":\"https:\\\/\\\/www.jaermuseet.no\\\/wp-content\\\/uploads\\\/sites\\\/6\\\/2014\\\/05\\\/nett090614mgr_081_Large.jpg\"},{\"@type\":\"BreadcrumbList\",\"@id\":\"https:\\\/\\\/www.jaermuseet.no\\\/varden\\\/familiedag-i-varden-2014\\\/#breadcrumb\",\"itemListElement\":[{\"@type\":\"ListItem\",\"position\":1,\"name\":\"Hjem\",\"item\":\"https:\\\/\\\/www.jaermuseet.no\\\/varden\\\/en\\\/\"},{\"@type\":\"ListItem\",\"position\":2,\"name\":\"Familiedag i Varden 2014\"}]},{\"@type\":\"WebSite\",\"@id\":\"https:\\\/\\\/www.jaermuseet.no\\\/varden\\\/#website\",\"url\":\"https:\\\/\\\/www.jaermuseet.no\\\/varden\\\/\",\"name\":\"Varden\",\"description\":\"Sj\u00f8redningsmuseum p\u00e5 Ogna.\",\"potentialAction\":[{\"@type\":\"SearchAction\",\"target\":{\"@type\":\"EntryPoint\",\"urlTemplate\":\"https:\\\/\\\/www.jaermuseet.no\\\/varden\\\/?s={search_term_string}\"},\"query-input\":{\"@type\":\"PropertyValueSpecification\",\"valueRequired\":true,\"valueName\":\"search_term_string\"}}],\"inLanguage\":\"nn-NO\"},{\"@type\":\"Person\",\"@id\":\"https:\\\/\\\/www.jaermuseet.no\\\/varden\\\/#\\\/schema\\\/person\\\/ad977141ee8d10ba7480b9c4dcc5cc92\",\"name\":\"varden\",\"image\":{\"@type\":\"ImageObject\",\"inLanguage\":\"nn-NO\",\"@id\":\"https:\\\/\\\/secure.gravatar.com\\\/avatar\\\/573e47a255b805e226224195e5b882ef1a3edc16e5f000a9637a61ba6f558ad6?s=96&d=mm&r=g\",\"url\":\"https:\\\/\\\/secure.gravatar.com\\\/avatar\\\/573e47a255b805e226224195e5b882ef1a3edc16e5f000a9637a61ba6f558ad6?s=96&d=mm&r=g\",\"contentUrl\":\"https:\\\/\\\/secure.gravatar.com\\\/avatar\\\/573e47a255b805e226224195e5b882ef1a3edc16e5f000a9637a61ba6f558ad6?s=96&d=mm&r=g\",\"caption\":\"varden\"},\"url\":\"https:\\\/\\\/www.jaermuseet.no\\\/varden\\\/author\\\/varden\\\/\"}]}<\/script>\n<!-- \/ Yoast SEO plugin. -->","yoast_head_json":{"title":"Familiedag i Varden 2014 - Varden","robots":{"index":"index","follow":"follow","max-snippet":"max-snippet:-1","max-image-preview":"max-image-preview:large","max-video-preview":"max-video-preview:-1"},"canonical":"https:\/\/www.jaermuseet.no\/varden\/familiedag-i-varden-2014\/","og_locale":"nn_NO","og_type":"article","og_title":"Familiedag i Varden 2014 - Varden","og_description":"Sundag 25. mai er du velkommen til stor redningsdag i...","og_url":"https:\/\/www.jaermuseet.no\/varden\/familiedag-i-varden-2014\/","og_site_name":"Varden","article_published_time":"2014-05-19T10:58:47+00:00","og_image":[{"url":"https:\/\/www.jaermuseet.no\/wp-content\/uploads\/sites\/6\/2014\/05\/nett090614mgr_081_Large.jpg","type":"","width":"","height":""}],"author":"varden","twitter_card":"summary_large_image","twitter_misc":{"Written by":"varden","Est. reading time":"1 minutt"},"schema":{"@context":"https:\/\/schema.org","@graph":[{"@type":"Article","@id":"https:\/\/www.jaermuseet.no\/varden\/familiedag-i-varden-2014\/#article","isPartOf":{"@id":"https:\/\/www.jaermuseet.no\/varden\/familiedag-i-varden-2014\/"},"author":{"name":"varden","@id":"https:\/\/www.jaermuseet.no\/varden\/#\/schema\/person\/ad977141ee8d10ba7480b9c4dcc5cc92"},"headline":"Familiedag i Varden 2014","datePublished":"2014-05-19T10:58:47+00:00","mainEntityOfPage":{"@id":"https:\/\/www.jaermuseet.no\/varden\/familiedag-i-varden-2014\/"},"wordCount":263,"commentCount":0,"image":{"@id":"https:\/\/www.jaermuseet.no\/varden\/familiedag-i-varden-2014\/#primaryimage"},"thumbnailUrl":"https:\/\/www.jaermuseet.no\/wp-content\/uploads\/sites\/6\/2014\/05\/nett090614mgr_081_Large.jpg","articleSection":["Nytt fr\u00e5 Varden"],"inLanguage":"nn-NO","potentialAction":[{"@type":"CommentAction","name":"Comment","target":["https:\/\/www.jaermuseet.no\/varden\/familiedag-i-varden-2014\/#respond"]}]},{"@type":"WebPage","@id":"https:\/\/www.jaermuseet.no\/varden\/familiedag-i-varden-2014\/","url":"https:\/\/www.jaermuseet.no\/varden\/familiedag-i-varden-2014\/","name":"Familiedag i Varden 2014 - Varden","isPartOf":{"@id":"https:\/\/www.jaermuseet.no\/varden\/#website"},"primaryImageOfPage":{"@id":"https:\/\/www.jaermuseet.no\/varden\/familiedag-i-varden-2014\/#primaryimage"},"image":{"@id":"https:\/\/www.jaermuseet.no\/varden\/familiedag-i-varden-2014\/#primaryimage"},"thumbnailUrl":"https:\/\/www.jaermuseet.no\/wp-content\/uploads\/sites\/6\/2014\/05\/nett090614mgr_081_Large.jpg","datePublished":"2014-05-19T10:58:47+00:00","author":{"@id":"https:\/\/www.jaermuseet.no\/varden\/#\/schema\/person\/ad977141ee8d10ba7480b9c4dcc5cc92"},"breadcrumb":{"@id":"https:\/\/www.jaermuseet.no\/varden\/familiedag-i-varden-2014\/#breadcrumb"},"inLanguage":"nn-NO","potentialAction":[{"@type":"ReadAction","target":["https:\/\/www.jaermuseet.no\/varden\/familiedag-i-varden-2014\/"]}]},{"@type":"ImageObject","inLanguage":"nn-NO","@id":"https:\/\/www.jaermuseet.no\/varden\/familiedag-i-varden-2014\/#primaryimage","url":"https:\/\/www.jaermuseet.no\/wp-content\/uploads\/sites\/6\/2014\/05\/nett090614mgr_081_Large.jpg","contentUrl":"https:\/\/www.jaermuseet.no\/wp-content\/uploads\/sites\/6\/2014\/05\/nett090614mgr_081_Large.jpg"},{"@type":"BreadcrumbList","@id":"https:\/\/www.jaermuseet.no\/varden\/familiedag-i-varden-2014\/#breadcrumb","itemListElement":[{"@type":"ListItem","position":1,"name":"Hjem","item":"https:\/\/www.jaermuseet.no\/varden\/en\/"},{"@type":"ListItem","position":2,"name":"Familiedag i Varden 2014"}]},{"@type":"WebSite","@id":"https:\/\/www.jaermuseet.no\/varden\/#website","url":"https:\/\/www.jaermuseet.no\/varden\/","name":"Varden","description":"Sj\u00f8redningsmuseum p\u00e5 Ogna.","potentialAction":[{"@type":"SearchAction","target":{"@type":"EntryPoint","urlTemplate":"https:\/\/www.jaermuseet.no\/varden\/?s={search_term_string}"},"query-input":{"@type":"PropertyValueSpecification","valueRequired":true,"valueName":"search_term_string"}}],"inLanguage":"nn-NO"},{"@type":"Person","@id":"https:\/\/www.jaermuseet.no\/varden\/#\/schema\/person\/ad977141ee8d10ba7480b9c4dcc5cc92","name":"varden","image":{"@type":"ImageObject","inLanguage":"nn-NO","@id":"https:\/\/secure.gravatar.com\/avatar\/573e47a255b805e226224195e5b882ef1a3edc16e5f000a9637a61ba6f558ad6?s=96&d=mm&r=g","url":"https:\/\/secure.gravatar.com\/avatar\/573e47a255b805e226224195e5b882ef1a3edc16e5f000a9637a61ba6f558ad6?s=96&d=mm&r=g","contentUrl":"https:\/\/secure.gravatar.com\/avatar\/573e47a255b805e226224195e5b882ef1a3edc16e5f000a9637a61ba6f558ad6?s=96&d=mm&r=g","caption":"varden"},"url":"https:\/\/www.jaermuseet.no\/varden\/author\/varden\/"}]}},"cc_featured_image_caption":{"caption_text":false,"source_text":false,"source_url":false},"jetpack_featured_media_url":"","jetpack_sharing_enabled":true,"_links":{"self":[{"href":"https:\/\/www.jaermuseet.no\/varden\/wp-json\/wp\/v2\/posts\/20","targetHints":{"allow":["GET"]}}],"collection":[{"href":"https:\/\/www.jaermuseet.no\/varden\/wp-json\/wp\/v2\/posts"}],"about":[{"href":"https:\/\/www.jaermuseet.no\/varden\/wp-json\/wp\/v2\/types\/post"}],"author":[{"embeddable":true,"href":"https:\/\/www.jaermuseet.no\/varden\/wp-json\/wp\/v2\/users\/5"}],"replies":[{"embeddable":true,"href":"https:\/\/www.jaermuseet.no\/varden\/wp-json\/wp\/v2\/comments?post=20"}],"version-history":[{"count":0,"href":"https:\/\/www.jaermuseet.no\/varden\/wp-json\/wp\/v2\/posts\/20\/revisions"}],"wp:attachment":[{"href":"https:\/\/www.jaermuseet.no\/varden\/wp-json\/wp\/v2\/media?parent=20"}],"wp:term":[{"taxonomy":"category","embeddable":true,"href":"https:\/\/www.jaermuseet.no\/varden\/wp-json\/wp\/v2\/categories?post=20"},{"taxonomy":"post_tag","embeddable":true,"href":"https:\/\/www.jaermuseet.no\/varden\/wp-json\/wp\/v2\/tags?post=20"}],"curies":[{"name":"wp","href":"https:\/\/api.w.org\/{rel}","templated":true}]}}