{"id":927,"date":"2020-11-07T09:00:52","date_gmt":"2020-11-07T08:00:52","guid":{"rendered":"https:\/\/www.jaermuseet.no\/tungenesfyr\/?p=927"},"modified":"2021-04-16T08:28:44","modified_gmt":"2021-04-16T06:28:44","slug":"smittevern-pa-tungenes-fyr","status":"publish","type":"post","link":"https:\/\/www.jaermuseet.no\/tungenesfyr\/smittevern-pa-tungenes-fyr\/","title":{"rendered":"Smittevern p\u00e5 Tungenes fyr"},"content":{"rendered":"\n<p><strong>Fr\u00e5 og med 16. april 2021 til og med 27. april 2021 er Tungenes fyr stengt, som f\u00f8lge av regionale smittevernregler gjeldande for Nord-J\u00e6ren. <\/strong><\/p>\n\n\n\n<p><strong><em><em>Det skal vera trygt b\u00e5de for gjester og tilsette \u00e5 vera p\u00e5 musea. Nedanfor kan du lesa kva tiltak J\u00e6rmuseet har gjort for \u00e5 sikra dette.<\/em><\/em><\/strong><\/p>\n\n\n\n<p>J\u00e6rmuseet f\u00f8lger til ei kvar tid FHI sine retningslinjer for smitteverntak, og dei gjeldande lokale retningslinjene i kommunane der musea v\u00e5re er.<\/p>\n\n\n\n<p><\/p>\n\n\n\n<h5 class=\"wp-block-heading\"><strong>Korleis gjer du bes\u00f8ket trygt for deg og for andre?<\/strong><\/h5>\n\n\n\n<ul class=\"wp-block-list\"><li>Registrer deg via QR-kode n\u00e5r du kjem. Alle bes\u00f8kande skal registrera seg. (J\u00e6rmuseet oppbevarer data ti dagar etter bes\u00f8k.)<\/li><li>Hugs \u00e5 halda minst \u00e9in meters avstand til andre.<\/li><li>Vask\/sprit hender.<\/li><li>Bli heime dersom du er sjuk.<\/li><\/ul>\n\n\n\n<h5 class=\"wp-block-heading\"><strong>Korleis gjer J\u00e6rmuseet bes\u00f8ket trygt for deg?<\/strong><\/h5>\n\n\n\n<ul class=\"wp-block-list\"><li>Overflater og ber\u00f8ringspunkt vert reingjort regelmessig og ofte<\/li><li>Antibac-stasjonar er sett ut fleire stader p\u00e5 musea<\/li><li>Me oppfordrar gjestene \u00e5 bruka kontaktlaus betaling<\/li><li>Me har tilrettelagt for 1-meters avstand<\/li><li>Eit par installasjonar er stengt ned<\/li><li>Grupper m\u00e5 reservera plass p\u00e5 f\u00f8rehand<\/li><li>Me avgrensar talet p\u00e5 gjester som kan vera inne p\u00e5 museet samstundes<\/li><\/ul>\n\n\n\n<h5 class=\"wp-block-heading\">Leige lokale?<\/h5>\n\n\n\n<p>Du kan leige lokale hj\u00e5 oss, s\u00e5 lenge tal p\u00e5 deltakarar er innafor dei gjeldande retningslinjene. Ta kontakt for eit tilbod.<\/p>\n\n\n\n<h5 class=\"wp-block-heading\">Bes\u00f8k med barnehage\/skular?<\/h5>\n\n\n\n<p>Me har lagt til rette for bes\u00f8k fr\u00e5 barnehage og skular der de ikkje vil vera i kontakt med andre grupper. Me har \u00f2g muligheit til \u00e5 halda nokre undervisningsopplegg digitalt. Ta kontakt for \u00e5 h\u00f8yra kva me kan tilby.<\/p>\n\n\n\n<h5 class=\"wp-block-heading\">Sp\u00f8rsm\u00e5l?<\/h5>\n\n\n\n<p>Ta kontakt med oss p\u00e5 telefon 47776020 \/ post@jaermuseet.no <\/p>\n","protected":false},"excerpt":{"rendered":"<p>Fr\u00e5 og med 16. april 2021 til og med 27&#8230;.<\/p>\n","protected":false},"author":18,"featured_media":775,"comment_status":"closed","ping_status":"closed","sticky":false,"template":"","format":"standard","meta":{"_acf_changed":false,"_jetpack_memberships_contains_paid_content":false,"footnotes":""},"categories":[],"tags":[],"class_list":["post-927","post","type-post","status-publish","format-standard","has-post-thumbnail","hentry","featured-image-size-large"],"acf":[],"yoast_head":"<!-- This site is optimized with the Yoast SEO plugin v27.4 - https:\/\/yoast.com\/product\/yoast-seo-wordpress\/ -->\n<title>Smittevern p\u00e5 Tungenes fyr - Tungenes Fyr<\/title>\n<meta name=\"robots\" content=\"index, follow, max-snippet:-1, max-image-preview:large, max-video-preview:-1\" \/>\n<link rel=\"canonical\" href=\"https:\/\/www.jaermuseet.no\/tungenesfyr\/smittevern-pa-tungenes-fyr\/\" \/>\n<meta property=\"og:locale\" content=\"nn_NO\" \/>\n<meta property=\"og:type\" content=\"article\" \/>\n<meta property=\"og:title\" content=\"Smittevern p\u00e5 Tungenes fyr - Tungenes Fyr\" \/>\n<meta property=\"og:description\" content=\"Fr\u00e5 og med 16. april 2021 til og med 27....\" \/>\n<meta property=\"og:url\" content=\"https:\/\/www.jaermuseet.no\/tungenesfyr\/smittevern-pa-tungenes-fyr\/\" \/>\n<meta property=\"og:site_name\" content=\"Tungenes Fyr\" \/>\n<meta property=\"article:published_time\" content=\"2020-11-07T08:00:52+00:00\" \/>\n<meta property=\"article:modified_time\" content=\"2021-04-16T06:28:44+00:00\" \/>\n<meta property=\"og:image\" content=\"https:\/\/www.jaermuseet.no\/tungenesfyr\/wp-content\/uploads\/sites\/10\/2019\/05\/20190514-Fotograf-Lise-Bjelland-39-1024x683.jpg\" \/>\n\t<meta property=\"og:image:width\" content=\"1024\" \/>\n\t<meta property=\"og:image:height\" content=\"683\" \/>\n\t<meta property=\"og:image:type\" content=\"image\/jpeg\" \/>\n<meta name=\"author\" content=\"Elin Ravndal Bell\" \/>\n<meta name=\"twitter:card\" content=\"summary_large_image\" \/>\n<meta name=\"twitter:label1\" content=\"Written by\" \/>\n\t<meta name=\"twitter:data1\" content=\"Elin Ravndal Bell\" \/>\n\t<meta name=\"twitter:label2\" content=\"Est. reading time\" \/>\n\t<meta name=\"twitter:data2\" content=\"2 minutt\" \/>\n<script type=\"application\/ld+json\" class=\"yoast-schema-graph\">{\"@context\":\"https:\\\/\\\/schema.org\",\"@graph\":[{\"@type\":\"Article\",\"@id\":\"https:\\\/\\\/www.jaermuseet.no\\\/tungenesfyr\\\/smittevern-pa-tungenes-fyr\\\/#article\",\"isPartOf\":{\"@id\":\"https:\\\/\\\/www.jaermuseet.no\\\/tungenesfyr\\\/smittevern-pa-tungenes-fyr\\\/\"},\"author\":{\"name\":\"Elin Ravndal Bell\",\"@id\":\"https:\\\/\\\/www.jaermuseet.no\\\/tungenesfyr\\\/#\\\/schema\\\/person\\\/7ff2f4a5ef01f38db857a14b2d7e38e2\"},\"headline\":\"Smittevern p\u00e5 Tungenes fyr\",\"datePublished\":\"2020-11-07T08:00:52+00:00\",\"dateModified\":\"2021-04-16T06:28:44+00:00\",\"mainEntityOfPage\":{\"@id\":\"https:\\\/\\\/www.jaermuseet.no\\\/tungenesfyr\\\/smittevern-pa-tungenes-fyr\\\/\"},\"wordCount\":271,\"image\":{\"@id\":\"https:\\\/\\\/www.jaermuseet.no\\\/tungenesfyr\\\/smittevern-pa-tungenes-fyr\\\/#primaryimage\"},\"thumbnailUrl\":\"https:\\\/\\\/www.jaermuseet.no\\\/tungenesfyr\\\/wp-content\\\/uploads\\\/sites\\\/10\\\/2019\\\/05\\\/20190514-Fotograf-Lise-Bjelland-39.jpg\",\"inLanguage\":\"nn-NO\"},{\"@type\":\"WebPage\",\"@id\":\"https:\\\/\\\/www.jaermuseet.no\\\/tungenesfyr\\\/smittevern-pa-tungenes-fyr\\\/\",\"url\":\"https:\\\/\\\/www.jaermuseet.no\\\/tungenesfyr\\\/smittevern-pa-tungenes-fyr\\\/\",\"name\":\"Smittevern p\u00e5 Tungenes fyr - Tungenes Fyr\",\"isPartOf\":{\"@id\":\"https:\\\/\\\/www.jaermuseet.no\\\/tungenesfyr\\\/#website\"},\"primaryImageOfPage\":{\"@id\":\"https:\\\/\\\/www.jaermuseet.no\\\/tungenesfyr\\\/smittevern-pa-tungenes-fyr\\\/#primaryimage\"},\"image\":{\"@id\":\"https:\\\/\\\/www.jaermuseet.no\\\/tungenesfyr\\\/smittevern-pa-tungenes-fyr\\\/#primaryimage\"},\"thumbnailUrl\":\"https:\\\/\\\/www.jaermuseet.no\\\/tungenesfyr\\\/wp-content\\\/uploads\\\/sites\\\/10\\\/2019\\\/05\\\/20190514-Fotograf-Lise-Bjelland-39.jpg\",\"datePublished\":\"2020-11-07T08:00:52+00:00\",\"dateModified\":\"2021-04-16T06:28:44+00:00\",\"author\":{\"@id\":\"https:\\\/\\\/www.jaermuseet.no\\\/tungenesfyr\\\/#\\\/schema\\\/person\\\/7ff2f4a5ef01f38db857a14b2d7e38e2\"},\"breadcrumb\":{\"@id\":\"https:\\\/\\\/www.jaermuseet.no\\\/tungenesfyr\\\/smittevern-pa-tungenes-fyr\\\/#breadcrumb\"},\"inLanguage\":\"nn-NO\",\"potentialAction\":[{\"@type\":\"ReadAction\",\"target\":[\"https:\\\/\\\/www.jaermuseet.no\\\/tungenesfyr\\\/smittevern-pa-tungenes-fyr\\\/\"]}]},{\"@type\":\"ImageObject\",\"inLanguage\":\"nn-NO\",\"@id\":\"https:\\\/\\\/www.jaermuseet.no\\\/tungenesfyr\\\/smittevern-pa-tungenes-fyr\\\/#primaryimage\",\"url\":\"https:\\\/\\\/www.jaermuseet.no\\\/tungenesfyr\\\/wp-content\\\/uploads\\\/sites\\\/10\\\/2019\\\/05\\\/20190514-Fotograf-Lise-Bjelland-39.jpg\",\"contentUrl\":\"https:\\\/\\\/www.jaermuseet.no\\\/tungenesfyr\\\/wp-content\\\/uploads\\\/sites\\\/10\\\/2019\\\/05\\\/20190514-Fotograf-Lise-Bjelland-39.jpg\",\"width\":3543,\"height\":2362},{\"@type\":\"BreadcrumbList\",\"@id\":\"https:\\\/\\\/www.jaermuseet.no\\\/tungenesfyr\\\/smittevern-pa-tungenes-fyr\\\/#breadcrumb\",\"itemListElement\":[{\"@type\":\"ListItem\",\"position\":1,\"name\":\"Hjem\",\"item\":\"https:\\\/\\\/www.jaermuseet.no\\\/tungenesfyr\\\/\"},{\"@type\":\"ListItem\",\"position\":2,\"name\":\"Smittevern p\u00e5 Tungenes fyr\"}]},{\"@type\":\"WebSite\",\"@id\":\"https:\\\/\\\/www.jaermuseet.no\\\/tungenesfyr\\\/#website\",\"url\":\"https:\\\/\\\/www.jaermuseet.no\\\/tungenesfyr\\\/\",\"name\":\"Tungenes Fyr\",\"description\":\"Eit kulturelt fyrt\u00e5rn med eit mangfaldig aktivitetstilbod.\",\"potentialAction\":[{\"@type\":\"SearchAction\",\"target\":{\"@type\":\"EntryPoint\",\"urlTemplate\":\"https:\\\/\\\/www.jaermuseet.no\\\/tungenesfyr\\\/?s={search_term_string}\"},\"query-input\":{\"@type\":\"PropertyValueSpecification\",\"valueRequired\":true,\"valueName\":\"search_term_string\"}}],\"inLanguage\":\"nn-NO\"},{\"@type\":\"Person\",\"@id\":\"https:\\\/\\\/www.jaermuseet.no\\\/tungenesfyr\\\/#\\\/schema\\\/person\\\/7ff2f4a5ef01f38db857a14b2d7e38e2\",\"name\":\"Elin Ravndal Bell\",\"image\":{\"@type\":\"ImageObject\",\"inLanguage\":\"nn-NO\",\"@id\":\"https:\\\/\\\/secure.gravatar.com\\\/avatar\\\/4181007aaf01ac703eb4e74ca2c02bb9a1b5431636b84de7dd3dce5826c01cb6?s=96&d=mm&r=g\",\"url\":\"https:\\\/\\\/secure.gravatar.com\\\/avatar\\\/4181007aaf01ac703eb4e74ca2c02bb9a1b5431636b84de7dd3dce5826c01cb6?s=96&d=mm&r=g\",\"contentUrl\":\"https:\\\/\\\/secure.gravatar.com\\\/avatar\\\/4181007aaf01ac703eb4e74ca2c02bb9a1b5431636b84de7dd3dce5826c01cb6?s=96&d=mm&r=g\",\"caption\":\"Elin Ravndal Bell\"},\"url\":\"https:\\\/\\\/www.jaermuseet.no\\\/tungenesfyr\\\/author\\\/elrabe\\\/\"}]}<\/script>\n<!-- \/ Yoast SEO plugin. -->","yoast_head_json":{"title":"Smittevern p\u00e5 Tungenes fyr - Tungenes Fyr","robots":{"index":"index","follow":"follow","max-snippet":"max-snippet:-1","max-image-preview":"max-image-preview:large","max-video-preview":"max-video-preview:-1"},"canonical":"https:\/\/www.jaermuseet.no\/tungenesfyr\/smittevern-pa-tungenes-fyr\/","og_locale":"nn_NO","og_type":"article","og_title":"Smittevern p\u00e5 Tungenes fyr - Tungenes Fyr","og_description":"Fr\u00e5 og med 16. april 2021 til og med 27....","og_url":"https:\/\/www.jaermuseet.no\/tungenesfyr\/smittevern-pa-tungenes-fyr\/","og_site_name":"Tungenes Fyr","article_published_time":"2020-11-07T08:00:52+00:00","article_modified_time":"2021-04-16T06:28:44+00:00","og_image":[{"width":1024,"height":683,"url":"https:\/\/www.jaermuseet.no\/tungenesfyr\/wp-content\/uploads\/sites\/10\/2019\/05\/20190514-Fotograf-Lise-Bjelland-39-1024x683.jpg","type":"image\/jpeg"}],"author":"Elin Ravndal Bell","twitter_card":"summary_large_image","twitter_misc":{"Written by":"Elin Ravndal Bell","Est. reading time":"2 minutt"},"schema":{"@context":"https:\/\/schema.org","@graph":[{"@type":"Article","@id":"https:\/\/www.jaermuseet.no\/tungenesfyr\/smittevern-pa-tungenes-fyr\/#article","isPartOf":{"@id":"https:\/\/www.jaermuseet.no\/tungenesfyr\/smittevern-pa-tungenes-fyr\/"},"author":{"name":"Elin Ravndal Bell","@id":"https:\/\/www.jaermuseet.no\/tungenesfyr\/#\/schema\/person\/7ff2f4a5ef01f38db857a14b2d7e38e2"},"headline":"Smittevern p\u00e5 Tungenes fyr","datePublished":"2020-11-07T08:00:52+00:00","dateModified":"2021-04-16T06:28:44+00:00","mainEntityOfPage":{"@id":"https:\/\/www.jaermuseet.no\/tungenesfyr\/smittevern-pa-tungenes-fyr\/"},"wordCount":271,"image":{"@id":"https:\/\/www.jaermuseet.no\/tungenesfyr\/smittevern-pa-tungenes-fyr\/#primaryimage"},"thumbnailUrl":"https:\/\/www.jaermuseet.no\/tungenesfyr\/wp-content\/uploads\/sites\/10\/2019\/05\/20190514-Fotograf-Lise-Bjelland-39.jpg","inLanguage":"nn-NO"},{"@type":"WebPage","@id":"https:\/\/www.jaermuseet.no\/tungenesfyr\/smittevern-pa-tungenes-fyr\/","url":"https:\/\/www.jaermuseet.no\/tungenesfyr\/smittevern-pa-tungenes-fyr\/","name":"Smittevern p\u00e5 Tungenes fyr - Tungenes Fyr","isPartOf":{"@id":"https:\/\/www.jaermuseet.no\/tungenesfyr\/#website"},"primaryImageOfPage":{"@id":"https:\/\/www.jaermuseet.no\/tungenesfyr\/smittevern-pa-tungenes-fyr\/#primaryimage"},"image":{"@id":"https:\/\/www.jaermuseet.no\/tungenesfyr\/smittevern-pa-tungenes-fyr\/#primaryimage"},"thumbnailUrl":"https:\/\/www.jaermuseet.no\/tungenesfyr\/wp-content\/uploads\/sites\/10\/2019\/05\/20190514-Fotograf-Lise-Bjelland-39.jpg","datePublished":"2020-11-07T08:00:52+00:00","dateModified":"2021-04-16T06:28:44+00:00","author":{"@id":"https:\/\/www.jaermuseet.no\/tungenesfyr\/#\/schema\/person\/7ff2f4a5ef01f38db857a14b2d7e38e2"},"breadcrumb":{"@id":"https:\/\/www.jaermuseet.no\/tungenesfyr\/smittevern-pa-tungenes-fyr\/#breadcrumb"},"inLanguage":"nn-NO","potentialAction":[{"@type":"ReadAction","target":["https:\/\/www.jaermuseet.no\/tungenesfyr\/smittevern-pa-tungenes-fyr\/"]}]},{"@type":"ImageObject","inLanguage":"nn-NO","@id":"https:\/\/www.jaermuseet.no\/tungenesfyr\/smittevern-pa-tungenes-fyr\/#primaryimage","url":"https:\/\/www.jaermuseet.no\/tungenesfyr\/wp-content\/uploads\/sites\/10\/2019\/05\/20190514-Fotograf-Lise-Bjelland-39.jpg","contentUrl":"https:\/\/www.jaermuseet.no\/tungenesfyr\/wp-content\/uploads\/sites\/10\/2019\/05\/20190514-Fotograf-Lise-Bjelland-39.jpg","width":3543,"height":2362},{"@type":"BreadcrumbList","@id":"https:\/\/www.jaermuseet.no\/tungenesfyr\/smittevern-pa-tungenes-fyr\/#breadcrumb","itemListElement":[{"@type":"ListItem","position":1,"name":"Hjem","item":"https:\/\/www.jaermuseet.no\/tungenesfyr\/"},{"@type":"ListItem","position":2,"name":"Smittevern p\u00e5 Tungenes fyr"}]},{"@type":"WebSite","@id":"https:\/\/www.jaermuseet.no\/tungenesfyr\/#website","url":"https:\/\/www.jaermuseet.no\/tungenesfyr\/","name":"Tungenes Fyr","description":"Eit kulturelt fyrt\u00e5rn med eit mangfaldig aktivitetstilbod.","potentialAction":[{"@type":"SearchAction","target":{"@type":"EntryPoint","urlTemplate":"https:\/\/www.jaermuseet.no\/tungenesfyr\/?s={search_term_string}"},"query-input":{"@type":"PropertyValueSpecification","valueRequired":true,"valueName":"search_term_string"}}],"inLanguage":"nn-NO"},{"@type":"Person","@id":"https:\/\/www.jaermuseet.no\/tungenesfyr\/#\/schema\/person\/7ff2f4a5ef01f38db857a14b2d7e38e2","name":"Elin Ravndal Bell","image":{"@type":"ImageObject","inLanguage":"nn-NO","@id":"https:\/\/secure.gravatar.com\/avatar\/4181007aaf01ac703eb4e74ca2c02bb9a1b5431636b84de7dd3dce5826c01cb6?s=96&d=mm&r=g","url":"https:\/\/secure.gravatar.com\/avatar\/4181007aaf01ac703eb4e74ca2c02bb9a1b5431636b84de7dd3dce5826c01cb6?s=96&d=mm&r=g","contentUrl":"https:\/\/secure.gravatar.com\/avatar\/4181007aaf01ac703eb4e74ca2c02bb9a1b5431636b84de7dd3dce5826c01cb6?s=96&d=mm&r=g","caption":"Elin Ravndal Bell"},"url":"https:\/\/www.jaermuseet.no\/tungenesfyr\/author\/elrabe\/"}]}},"cc_featured_image_caption":{"caption_text":"","source_text":"","source_url":""},"jetpack_featured_media_url":"https:\/\/www.jaermuseet.no\/tungenesfyr\/wp-content\/uploads\/sites\/10\/2019\/05\/20190514-Fotograf-Lise-Bjelland-39.jpg","jetpack_sharing_enabled":true,"_links":{"self":[{"href":"https:\/\/www.jaermuseet.no\/tungenesfyr\/wp-json\/wp\/v2\/posts\/927","targetHints":{"allow":["GET"]}}],"collection":[{"href":"https:\/\/www.jaermuseet.no\/tungenesfyr\/wp-json\/wp\/v2\/posts"}],"about":[{"href":"https:\/\/www.jaermuseet.no\/tungenesfyr\/wp-json\/wp\/v2\/types\/post"}],"author":[{"embeddable":true,"href":"https:\/\/www.jaermuseet.no\/tungenesfyr\/wp-json\/wp\/v2\/users\/18"}],"replies":[{"embeddable":true,"href":"https:\/\/www.jaermuseet.no\/tungenesfyr\/wp-json\/wp\/v2\/comments?post=927"}],"version-history":[{"count":3,"href":"https:\/\/www.jaermuseet.no\/tungenesfyr\/wp-json\/wp\/v2\/posts\/927\/revisions"}],"predecessor-version":[{"id":965,"href":"https:\/\/www.jaermuseet.no\/tungenesfyr\/wp-json\/wp\/v2\/posts\/927\/revisions\/965"}],"wp:featuredmedia":[{"embeddable":true,"href":"https:\/\/www.jaermuseet.no\/tungenesfyr\/wp-json\/wp\/v2\/media\/775"}],"wp:attachment":[{"href":"https:\/\/www.jaermuseet.no\/tungenesfyr\/wp-json\/wp\/v2\/media?parent=927"}],"wp:term":[{"taxonomy":"category","embeddable":true,"href":"https:\/\/www.jaermuseet.no\/tungenesfyr\/wp-json\/wp\/v2\/categories?post=927"},{"taxonomy":"post_tag","embeddable":true,"href":"https:\/\/www.jaermuseet.no\/tungenesfyr\/wp-json\/wp\/v2\/tags?post=927"}],"curies":[{"name":"wp","href":"https:\/\/api.w.org\/{rel}","templated":true}]}}