{"id":878,"date":"2020-05-18T14:05:06","date_gmt":"2020-05-18T12:05:06","guid":{"rendered":"https:\/\/www.jaermuseet.no\/tungenesfyr\/?p=878"},"modified":"2020-05-18T15:16:28","modified_gmt":"2020-05-18T13:16:28","slug":"gradvis-opning-av-museumsanlegga","status":"publish","type":"post","link":"https:\/\/www.jaermuseet.no\/tungenesfyr\/gradvis-opning-av-museumsanlegga\/","title":{"rendered":"Gradvis opning av museumsanlegga"},"content":{"rendered":"<p>Opninga av musea vil skje gradvis og forsiktig, og det vert lagt stor vekt p\u00e5 at det skal vera trygt for b\u00e5de gjester \u00e5 bes\u00f8ka oss og for tilsette \u00e5 vera p\u00e5 jobb.<\/p>\n<p>Det er gjort vurderingar av alle musea, og det kan vera at nokre deler av utstillingane vil vera stengt. Dette vil gjelda dei utstillingane med mykje interaktivitet og &#8220;hands-on&#8221;-aktivitet. Likevel er det mykje \u00e5 b\u00e5de sj\u00e5 og oppleva, og me gler oss til igjen \u00e5 kunne vise gjester rundt i dei fantastiske anlegga og utstillingane.<\/p>\n<p>&nbsp;<\/p>\n<p>Planlagte opningsdatoar for kvart enkelt anlegg ser du i lista nedanfor. P\u00e5 kvar enkelt anlegg si side vil du f\u00e5 oversikt over opningstider, billettar og aktivitetar. Merk at det er muleg for barehagar, skuler og andre grupper \u00e5 kome f\u00f8r me opnar for vanleg publikumsbes\u00f8k &#8211; ta kontakt for bestilling.<\/p>\n<p>Har du J\u00e6rmuseet sitt \u00e5rskort? Me utvider alle <a href=\"https:\/\/www.jaermuseet.no\/blog\/informasjon-til-arskorthaldarar\/\">\u00e5rskorta<\/a> til \u00e5 vara tilsvarande periode som det me n\u00e5 har hatt stengt.<\/p>\n<p>&nbsp;<\/p>\n<p><strong>Sundag 24. mai<\/strong><\/p>\n<p>Tungenes fyr<\/p>\n<p>Flyhistorisk Museum Sola<\/p>\n<p>Torpedoverkstedet, Sola (NYHEIT!)<\/p>\n<p>&nbsp;<\/p>\n<p><strong>Sundag 7. juni<\/strong><\/p>\n<p>Knudaheio<\/p>\n<p>Garborgheimen<\/p>\n<p>Limagarden<\/p>\n<p>Gr\u00f8daland<\/p>\n<p>&nbsp;<\/p>\n<p><strong>Laurdag 20. juni<\/strong><\/p>\n<p>Vitenfabrikken<\/p>\n<p>&nbsp;<\/p>\n<p><strong>Sundag 21. juni<\/strong><\/p>\n<p>Vitengarden<\/p>\n<p>&nbsp;<\/p>\n<p>Eventuelle sp\u00f8rsm\u00e5l kan rettast til direkt\u00f8r M\u00e5lfrid Sn\u00f8rteland, telefon 91390361 \/ e-post: <a href=\"mailto:msn@jaermuseet.no\">msn@jaermuseet.no<\/a><\/p>\n","protected":false},"excerpt":{"rendered":"<p>Opninga av musea vil skje gradvis og forsiktig, og det&#8230;<\/p>\n","protected":false},"author":18,"featured_media":775,"comment_status":"closed","ping_status":"closed","sticky":false,"template":"","format":"standard","meta":{"_acf_changed":false,"_jetpack_memberships_contains_paid_content":false,"footnotes":""},"categories":[3],"tags":[],"class_list":["post-878","post","type-post","status-publish","format-standard","has-post-thumbnail","hentry","category-nytt-fra-tungenes-fyr","featured-image-size-large"],"acf":[],"yoast_head":"<!-- This site is optimized with the Yoast SEO plugin v27.4 - https:\/\/yoast.com\/product\/yoast-seo-wordpress\/ -->\n<title>Gradvis opning av museumsanlegga - Tungenes Fyr<\/title>\n<meta name=\"robots\" content=\"index, follow, max-snippet:-1, max-image-preview:large, max-video-preview:-1\" \/>\n<link rel=\"canonical\" href=\"https:\/\/www.jaermuseet.no\/tungenesfyr\/gradvis-opning-av-museumsanlegga\/\" \/>\n<meta property=\"og:locale\" content=\"nn_NO\" \/>\n<meta property=\"og:type\" content=\"article\" \/>\n<meta property=\"og:title\" content=\"Gradvis opning av museumsanlegga - Tungenes Fyr\" \/>\n<meta property=\"og:description\" content=\"Opninga av musea vil skje gradvis og forsiktig, og det...\" \/>\n<meta property=\"og:url\" content=\"https:\/\/www.jaermuseet.no\/tungenesfyr\/gradvis-opning-av-museumsanlegga\/\" \/>\n<meta property=\"og:site_name\" content=\"Tungenes Fyr\" \/>\n<meta property=\"article:published_time\" content=\"2020-05-18T12:05:06+00:00\" \/>\n<meta property=\"article:modified_time\" content=\"2020-05-18T13:16:28+00:00\" \/>\n<meta property=\"og:image\" content=\"https:\/\/www.jaermuseet.no\/tungenesfyr\/wp-content\/uploads\/sites\/10\/2019\/05\/20190514-Fotograf-Lise-Bjelland-39-1024x683.jpg\" \/>\n\t<meta property=\"og:image:width\" content=\"1024\" \/>\n\t<meta property=\"og:image:height\" content=\"683\" \/>\n\t<meta property=\"og:image:type\" content=\"image\/jpeg\" \/>\n<meta name=\"author\" content=\"Elin Ravndal Bell\" \/>\n<meta name=\"twitter:card\" content=\"summary_large_image\" \/>\n<meta name=\"twitter:label1\" content=\"Written by\" \/>\n\t<meta name=\"twitter:data1\" content=\"Elin Ravndal Bell\" \/>\n\t<meta name=\"twitter:label2\" content=\"Est. reading time\" \/>\n\t<meta name=\"twitter:data2\" content=\"1 minutt\" \/>\n<script type=\"application\/ld+json\" class=\"yoast-schema-graph\">{\"@context\":\"https:\\\/\\\/schema.org\",\"@graph\":[{\"@type\":\"Article\",\"@id\":\"https:\\\/\\\/www.jaermuseet.no\\\/tungenesfyr\\\/gradvis-opning-av-museumsanlegga\\\/#article\",\"isPartOf\":{\"@id\":\"https:\\\/\\\/www.jaermuseet.no\\\/tungenesfyr\\\/gradvis-opning-av-museumsanlegga\\\/\"},\"author\":{\"name\":\"Elin Ravndal Bell\",\"@id\":\"https:\\\/\\\/www.jaermuseet.no\\\/tungenesfyr\\\/#\\\/schema\\\/person\\\/7ff2f4a5ef01f38db857a14b2d7e38e2\"},\"headline\":\"Gradvis opning av museumsanlegga\",\"datePublished\":\"2020-05-18T12:05:06+00:00\",\"dateModified\":\"2020-05-18T13:16:28+00:00\",\"mainEntityOfPage\":{\"@id\":\"https:\\\/\\\/www.jaermuseet.no\\\/tungenesfyr\\\/gradvis-opning-av-museumsanlegga\\\/\"},\"wordCount\":211,\"image\":{\"@id\":\"https:\\\/\\\/www.jaermuseet.no\\\/tungenesfyr\\\/gradvis-opning-av-museumsanlegga\\\/#primaryimage\"},\"thumbnailUrl\":\"https:\\\/\\\/www.jaermuseet.no\\\/tungenesfyr\\\/wp-content\\\/uploads\\\/sites\\\/10\\\/2019\\\/05\\\/20190514-Fotograf-Lise-Bjelland-39.jpg\",\"articleSection\":[\"Nytt fr\u00e5 Tungenes Fyr\"],\"inLanguage\":\"nn-NO\"},{\"@type\":\"WebPage\",\"@id\":\"https:\\\/\\\/www.jaermuseet.no\\\/tungenesfyr\\\/gradvis-opning-av-museumsanlegga\\\/\",\"url\":\"https:\\\/\\\/www.jaermuseet.no\\\/tungenesfyr\\\/gradvis-opning-av-museumsanlegga\\\/\",\"name\":\"Gradvis opning av museumsanlegga - Tungenes Fyr\",\"isPartOf\":{\"@id\":\"https:\\\/\\\/www.jaermuseet.no\\\/tungenesfyr\\\/#website\"},\"primaryImageOfPage\":{\"@id\":\"https:\\\/\\\/www.jaermuseet.no\\\/tungenesfyr\\\/gradvis-opning-av-museumsanlegga\\\/#primaryimage\"},\"image\":{\"@id\":\"https:\\\/\\\/www.jaermuseet.no\\\/tungenesfyr\\\/gradvis-opning-av-museumsanlegga\\\/#primaryimage\"},\"thumbnailUrl\":\"https:\\\/\\\/www.jaermuseet.no\\\/tungenesfyr\\\/wp-content\\\/uploads\\\/sites\\\/10\\\/2019\\\/05\\\/20190514-Fotograf-Lise-Bjelland-39.jpg\",\"datePublished\":\"2020-05-18T12:05:06+00:00\",\"dateModified\":\"2020-05-18T13:16:28+00:00\",\"author\":{\"@id\":\"https:\\\/\\\/www.jaermuseet.no\\\/tungenesfyr\\\/#\\\/schema\\\/person\\\/7ff2f4a5ef01f38db857a14b2d7e38e2\"},\"breadcrumb\":{\"@id\":\"https:\\\/\\\/www.jaermuseet.no\\\/tungenesfyr\\\/gradvis-opning-av-museumsanlegga\\\/#breadcrumb\"},\"inLanguage\":\"nn-NO\",\"potentialAction\":[{\"@type\":\"ReadAction\",\"target\":[\"https:\\\/\\\/www.jaermuseet.no\\\/tungenesfyr\\\/gradvis-opning-av-museumsanlegga\\\/\"]}]},{\"@type\":\"ImageObject\",\"inLanguage\":\"nn-NO\",\"@id\":\"https:\\\/\\\/www.jaermuseet.no\\\/tungenesfyr\\\/gradvis-opning-av-museumsanlegga\\\/#primaryimage\",\"url\":\"https:\\\/\\\/www.jaermuseet.no\\\/tungenesfyr\\\/wp-content\\\/uploads\\\/sites\\\/10\\\/2019\\\/05\\\/20190514-Fotograf-Lise-Bjelland-39.jpg\",\"contentUrl\":\"https:\\\/\\\/www.jaermuseet.no\\\/tungenesfyr\\\/wp-content\\\/uploads\\\/sites\\\/10\\\/2019\\\/05\\\/20190514-Fotograf-Lise-Bjelland-39.jpg\",\"width\":3543,\"height\":2362},{\"@type\":\"BreadcrumbList\",\"@id\":\"https:\\\/\\\/www.jaermuseet.no\\\/tungenesfyr\\\/gradvis-opning-av-museumsanlegga\\\/#breadcrumb\",\"itemListElement\":[{\"@type\":\"ListItem\",\"position\":1,\"name\":\"Hjem\",\"item\":\"https:\\\/\\\/www.jaermuseet.no\\\/tungenesfyr\\\/\"},{\"@type\":\"ListItem\",\"position\":2,\"name\":\"Gradvis opning av museumsanlegga\"}]},{\"@type\":\"WebSite\",\"@id\":\"https:\\\/\\\/www.jaermuseet.no\\\/tungenesfyr\\\/#website\",\"url\":\"https:\\\/\\\/www.jaermuseet.no\\\/tungenesfyr\\\/\",\"name\":\"Tungenes Fyr\",\"description\":\"Eit kulturelt fyrt\u00e5rn med eit mangfaldig aktivitetstilbod.\",\"potentialAction\":[{\"@type\":\"SearchAction\",\"target\":{\"@type\":\"EntryPoint\",\"urlTemplate\":\"https:\\\/\\\/www.jaermuseet.no\\\/tungenesfyr\\\/?s={search_term_string}\"},\"query-input\":{\"@type\":\"PropertyValueSpecification\",\"valueRequired\":true,\"valueName\":\"search_term_string\"}}],\"inLanguage\":\"nn-NO\"},{\"@type\":\"Person\",\"@id\":\"https:\\\/\\\/www.jaermuseet.no\\\/tungenesfyr\\\/#\\\/schema\\\/person\\\/7ff2f4a5ef01f38db857a14b2d7e38e2\",\"name\":\"Elin Ravndal Bell\",\"image\":{\"@type\":\"ImageObject\",\"inLanguage\":\"nn-NO\",\"@id\":\"https:\\\/\\\/secure.gravatar.com\\\/avatar\\\/4181007aaf01ac703eb4e74ca2c02bb9a1b5431636b84de7dd3dce5826c01cb6?s=96&d=mm&r=g\",\"url\":\"https:\\\/\\\/secure.gravatar.com\\\/avatar\\\/4181007aaf01ac703eb4e74ca2c02bb9a1b5431636b84de7dd3dce5826c01cb6?s=96&d=mm&r=g\",\"contentUrl\":\"https:\\\/\\\/secure.gravatar.com\\\/avatar\\\/4181007aaf01ac703eb4e74ca2c02bb9a1b5431636b84de7dd3dce5826c01cb6?s=96&d=mm&r=g\",\"caption\":\"Elin Ravndal Bell\"},\"url\":\"https:\\\/\\\/www.jaermuseet.no\\\/tungenesfyr\\\/author\\\/elrabe\\\/\"}]}<\/script>\n<!-- \/ Yoast SEO plugin. -->","yoast_head_json":{"title":"Gradvis opning av museumsanlegga - Tungenes Fyr","robots":{"index":"index","follow":"follow","max-snippet":"max-snippet:-1","max-image-preview":"max-image-preview:large","max-video-preview":"max-video-preview:-1"},"canonical":"https:\/\/www.jaermuseet.no\/tungenesfyr\/gradvis-opning-av-museumsanlegga\/","og_locale":"nn_NO","og_type":"article","og_title":"Gradvis opning av museumsanlegga - Tungenes Fyr","og_description":"Opninga av musea vil skje gradvis og forsiktig, og det...","og_url":"https:\/\/www.jaermuseet.no\/tungenesfyr\/gradvis-opning-av-museumsanlegga\/","og_site_name":"Tungenes Fyr","article_published_time":"2020-05-18T12:05:06+00:00","article_modified_time":"2020-05-18T13:16:28+00:00","og_image":[{"width":1024,"height":683,"url":"https:\/\/www.jaermuseet.no\/tungenesfyr\/wp-content\/uploads\/sites\/10\/2019\/05\/20190514-Fotograf-Lise-Bjelland-39-1024x683.jpg","type":"image\/jpeg"}],"author":"Elin Ravndal Bell","twitter_card":"summary_large_image","twitter_misc":{"Written by":"Elin Ravndal Bell","Est. reading time":"1 minutt"},"schema":{"@context":"https:\/\/schema.org","@graph":[{"@type":"Article","@id":"https:\/\/www.jaermuseet.no\/tungenesfyr\/gradvis-opning-av-museumsanlegga\/#article","isPartOf":{"@id":"https:\/\/www.jaermuseet.no\/tungenesfyr\/gradvis-opning-av-museumsanlegga\/"},"author":{"name":"Elin Ravndal Bell","@id":"https:\/\/www.jaermuseet.no\/tungenesfyr\/#\/schema\/person\/7ff2f4a5ef01f38db857a14b2d7e38e2"},"headline":"Gradvis opning av museumsanlegga","datePublished":"2020-05-18T12:05:06+00:00","dateModified":"2020-05-18T13:16:28+00:00","mainEntityOfPage":{"@id":"https:\/\/www.jaermuseet.no\/tungenesfyr\/gradvis-opning-av-museumsanlegga\/"},"wordCount":211,"image":{"@id":"https:\/\/www.jaermuseet.no\/tungenesfyr\/gradvis-opning-av-museumsanlegga\/#primaryimage"},"thumbnailUrl":"https:\/\/www.jaermuseet.no\/tungenesfyr\/wp-content\/uploads\/sites\/10\/2019\/05\/20190514-Fotograf-Lise-Bjelland-39.jpg","articleSection":["Nytt fr\u00e5 Tungenes Fyr"],"inLanguage":"nn-NO"},{"@type":"WebPage","@id":"https:\/\/www.jaermuseet.no\/tungenesfyr\/gradvis-opning-av-museumsanlegga\/","url":"https:\/\/www.jaermuseet.no\/tungenesfyr\/gradvis-opning-av-museumsanlegga\/","name":"Gradvis opning av museumsanlegga - Tungenes Fyr","isPartOf":{"@id":"https:\/\/www.jaermuseet.no\/tungenesfyr\/#website"},"primaryImageOfPage":{"@id":"https:\/\/www.jaermuseet.no\/tungenesfyr\/gradvis-opning-av-museumsanlegga\/#primaryimage"},"image":{"@id":"https:\/\/www.jaermuseet.no\/tungenesfyr\/gradvis-opning-av-museumsanlegga\/#primaryimage"},"thumbnailUrl":"https:\/\/www.jaermuseet.no\/tungenesfyr\/wp-content\/uploads\/sites\/10\/2019\/05\/20190514-Fotograf-Lise-Bjelland-39.jpg","datePublished":"2020-05-18T12:05:06+00:00","dateModified":"2020-05-18T13:16:28+00:00","author":{"@id":"https:\/\/www.jaermuseet.no\/tungenesfyr\/#\/schema\/person\/7ff2f4a5ef01f38db857a14b2d7e38e2"},"breadcrumb":{"@id":"https:\/\/www.jaermuseet.no\/tungenesfyr\/gradvis-opning-av-museumsanlegga\/#breadcrumb"},"inLanguage":"nn-NO","potentialAction":[{"@type":"ReadAction","target":["https:\/\/www.jaermuseet.no\/tungenesfyr\/gradvis-opning-av-museumsanlegga\/"]}]},{"@type":"ImageObject","inLanguage":"nn-NO","@id":"https:\/\/www.jaermuseet.no\/tungenesfyr\/gradvis-opning-av-museumsanlegga\/#primaryimage","url":"https:\/\/www.jaermuseet.no\/tungenesfyr\/wp-content\/uploads\/sites\/10\/2019\/05\/20190514-Fotograf-Lise-Bjelland-39.jpg","contentUrl":"https:\/\/www.jaermuseet.no\/tungenesfyr\/wp-content\/uploads\/sites\/10\/2019\/05\/20190514-Fotograf-Lise-Bjelland-39.jpg","width":3543,"height":2362},{"@type":"BreadcrumbList","@id":"https:\/\/www.jaermuseet.no\/tungenesfyr\/gradvis-opning-av-museumsanlegga\/#breadcrumb","itemListElement":[{"@type":"ListItem","position":1,"name":"Hjem","item":"https:\/\/www.jaermuseet.no\/tungenesfyr\/"},{"@type":"ListItem","position":2,"name":"Gradvis opning av museumsanlegga"}]},{"@type":"WebSite","@id":"https:\/\/www.jaermuseet.no\/tungenesfyr\/#website","url":"https:\/\/www.jaermuseet.no\/tungenesfyr\/","name":"Tungenes Fyr","description":"Eit kulturelt fyrt\u00e5rn med eit mangfaldig aktivitetstilbod.","potentialAction":[{"@type":"SearchAction","target":{"@type":"EntryPoint","urlTemplate":"https:\/\/www.jaermuseet.no\/tungenesfyr\/?s={search_term_string}"},"query-input":{"@type":"PropertyValueSpecification","valueRequired":true,"valueName":"search_term_string"}}],"inLanguage":"nn-NO"},{"@type":"Person","@id":"https:\/\/www.jaermuseet.no\/tungenesfyr\/#\/schema\/person\/7ff2f4a5ef01f38db857a14b2d7e38e2","name":"Elin Ravndal Bell","image":{"@type":"ImageObject","inLanguage":"nn-NO","@id":"https:\/\/secure.gravatar.com\/avatar\/4181007aaf01ac703eb4e74ca2c02bb9a1b5431636b84de7dd3dce5826c01cb6?s=96&d=mm&r=g","url":"https:\/\/secure.gravatar.com\/avatar\/4181007aaf01ac703eb4e74ca2c02bb9a1b5431636b84de7dd3dce5826c01cb6?s=96&d=mm&r=g","contentUrl":"https:\/\/secure.gravatar.com\/avatar\/4181007aaf01ac703eb4e74ca2c02bb9a1b5431636b84de7dd3dce5826c01cb6?s=96&d=mm&r=g","caption":"Elin Ravndal Bell"},"url":"https:\/\/www.jaermuseet.no\/tungenesfyr\/author\/elrabe\/"}]}},"cc_featured_image_caption":{"caption_text":"","source_text":"","source_url":""},"jetpack_featured_media_url":"https:\/\/www.jaermuseet.no\/tungenesfyr\/wp-content\/uploads\/sites\/10\/2019\/05\/20190514-Fotograf-Lise-Bjelland-39.jpg","jetpack_sharing_enabled":true,"_links":{"self":[{"href":"https:\/\/www.jaermuseet.no\/tungenesfyr\/wp-json\/wp\/v2\/posts\/878","targetHints":{"allow":["GET"]}}],"collection":[{"href":"https:\/\/www.jaermuseet.no\/tungenesfyr\/wp-json\/wp\/v2\/posts"}],"about":[{"href":"https:\/\/www.jaermuseet.no\/tungenesfyr\/wp-json\/wp\/v2\/types\/post"}],"author":[{"embeddable":true,"href":"https:\/\/www.jaermuseet.no\/tungenesfyr\/wp-json\/wp\/v2\/users\/18"}],"replies":[{"embeddable":true,"href":"https:\/\/www.jaermuseet.no\/tungenesfyr\/wp-json\/wp\/v2\/comments?post=878"}],"version-history":[{"count":2,"href":"https:\/\/www.jaermuseet.no\/tungenesfyr\/wp-json\/wp\/v2\/posts\/878\/revisions"}],"predecessor-version":[{"id":880,"href":"https:\/\/www.jaermuseet.no\/tungenesfyr\/wp-json\/wp\/v2\/posts\/878\/revisions\/880"}],"wp:featuredmedia":[{"embeddable":true,"href":"https:\/\/www.jaermuseet.no\/tungenesfyr\/wp-json\/wp\/v2\/media\/775"}],"wp:attachment":[{"href":"https:\/\/www.jaermuseet.no\/tungenesfyr\/wp-json\/wp\/v2\/media?parent=878"}],"wp:term":[{"taxonomy":"category","embeddable":true,"href":"https:\/\/www.jaermuseet.no\/tungenesfyr\/wp-json\/wp\/v2\/categories?post=878"},{"taxonomy":"post_tag","embeddable":true,"href":"https:\/\/www.jaermuseet.no\/tungenesfyr\/wp-json\/wp\/v2\/tags?post=878"}],"curies":[{"name":"wp","href":"https:\/\/api.w.org\/{rel}","templated":true}]}}