{"id":505,"date":"2017-03-17T11:06:14","date_gmt":"2017-03-17T10:06:14","guid":{"rendered":"https:\/\/www.jaermuseet.no\/tungenesfyr\/?p=505"},"modified":"2017-03-17T11:16:50","modified_gmt":"2017-03-17T10:16:50","slug":"spennende-varprogram-pa-fyret","status":"publish","type":"post","link":"https:\/\/www.jaermuseet.no\/tungenesfyr\/spennende-varprogram-pa-fyret\/","title":{"rendered":"Spennende v\u00e5rprogram p\u00e5 fyret"},"content":{"rendered":"<p>\u00c5rets konsertsesong p\u00e5 fyret ble startet allerede 9. februar med en dobbeltkonsert. Wullf &amp; Stenseng og B\u00e5rd &amp; B\u00f8rre Band laget god stemning for de oppm\u00f8tte.<\/p>\n<p>Neste konsert arrangeres 20. april i samarbeid med Folken og er en del av deres konsertserie \u00abIndie v\u00e5r hage\u00bb. Steve Gunn er en produktiv musiker innenfor sjangeren alternativ rock\/country. Han har gitt ut ni soloalbum og sju plater i samarbeid med andre artister. I fjor kom utgivelsen \u00abEyes on the Line\u00bb og denne havnet p\u00e5 mange internasjonale kritikertopplister. Hans konsert p\u00e5 Tungenes vil v\u00e6re et av kun to stoppesteder i Norge p\u00e5 denne soloturneen.<\/p>\n<p>Allerede uken etter, 27. april, kommer Silja Sol til fyret. Hun har b\u00e5de en s\u00e6regen meloditeft og en sjarmerende sceneutstr\u00e5ling og slipper sitt tredje album i \u00e5r \u00abNi liv\u00bb. Tittell\u00e5ta p\u00e5 plata har allerede f\u00e5tt mye skryt og avspillinger. Hun spiller solo n\u00e5r hun gjester Tungenes fyr.<\/p>\n<p>Mai betyr Maijazz og i samarbeid med denne festivalen presenteres trioen Trees of light. P\u00e5 det nye svensk-japanske prosjektet til Anders Jormin klarer Jormin f\u00e5 til en utrolig vidunderlig, musikalsk konstellasjon. Her introduseres Karin Nakagawa, en av Japans fremste virtuoser p\u00e5 25-strengers Koto, og Lena Willemark, som har spredt svensk folkemusikk i flere ti\u00e5r og b\u00e6rer egenart og fornemmelse av b\u00e5de historie, samtid og morgendag. Gjennom samspillet mellom den klassiske japanske tradisjonen, den arkaisk-klingende kotoen og Jormins muskul\u00f8se bassimprovisasjoner dannes en unik kontekst for Lena Willemark\u2019s nydelige sang p\u00e5 \u00c4lvdals-dialekt. Tradisjon og improvisasjon m\u00f8tes og nye d\u00f8rer \u00e5pnes. Trees Of Light-trioen presenterer sl\u00e5ende, uvanlig og vakker musikk.<\/p>\n<p>V\u00e5rens konsertserie avsluttes med Elin Furubotn 8. juni. H\u00f8sten 2017 kommer hun med sitt syvende album \u00abIkkje g\u00e5 deg vill\u00bb. Albumet er skrevet i ei gammel skrivestue i Sirdal og b\u00e6rer tydelig preg av naturen i tekst og melodier. Elin Furubotn har lang fartstid som artist, og hun har gitt ut kritikerrost norsk musikk som har f\u00e5tt mye spilletid p\u00e5 NRK P1. P\u00e5 Tungenes opptrer hun sammen med multi-instrumentalist Torbj\u00f8rn \u00d8kland.<\/p>\n<p>&nbsp;<\/p>\n<p>Konsertserien Torsdag p\u00e5 Tungenes er et samarbeid mellom Randaberg kommune og J\u00e6rmuseet.<br \/>\nFyret ligger i Randaberg, kun 15 minutters kj\u00f8retur fra Stavanger.<\/p>\n<p>Billetter til samtlige konserter finner du p\u00e5 <a href=\"http:\/\/www.billettportalen.no\/\" target=\"_blank\">billettportalen.no<\/a><\/p>\n","protected":false},"excerpt":{"rendered":"<p>\u00c5rets konsertsesong p\u00e5 fyret ble startet allerede 9. februar med&#8230;<\/p>\n","protected":false},"author":9,"featured_media":507,"comment_status":"closed","ping_status":"closed","sticky":false,"template":"","format":"standard","meta":{"_acf_changed":false,"_jetpack_memberships_contains_paid_content":false,"footnotes":""},"categories":[3],"tags":[],"class_list":["post-505","post","type-post","status-publish","format-standard","has-post-thumbnail","hentry","category-nytt-fra-tungenes-fyr","featured-image-size-large"],"acf":[],"yoast_head":"<!-- This site is optimized with the Yoast SEO plugin v27.4 - https:\/\/yoast.com\/product\/yoast-seo-wordpress\/ -->\n<title>Spennende v\u00e5rprogram p\u00e5 fyret - Tungenes Fyr<\/title>\n<meta name=\"robots\" content=\"index, follow, max-snippet:-1, max-image-preview:large, max-video-preview:-1\" \/>\n<link rel=\"canonical\" href=\"https:\/\/www.jaermuseet.no\/tungenesfyr\/spennende-varprogram-pa-fyret\/\" \/>\n<meta property=\"og:locale\" content=\"nn_NO\" \/>\n<meta property=\"og:type\" content=\"article\" \/>\n<meta property=\"og:title\" content=\"Spennende v\u00e5rprogram p\u00e5 fyret - Tungenes Fyr\" \/>\n<meta property=\"og:description\" content=\"\u00c5rets konsertsesong p\u00e5 fyret ble startet allerede 9. februar med...\" \/>\n<meta property=\"og:url\" content=\"https:\/\/www.jaermuseet.no\/tungenesfyr\/spennende-varprogram-pa-fyret\/\" \/>\n<meta property=\"og:site_name\" content=\"Tungenes Fyr\" \/>\n<meta property=\"article:published_time\" content=\"2017-03-17T10:06:14+00:00\" \/>\n<meta property=\"article:modified_time\" content=\"2017-03-17T10:16:50+00:00\" \/>\n<meta property=\"og:image\" content=\"https:\/\/www.jaermuseet.no\/tungenesfyr\/wp-content\/uploads\/sites\/10\/2017\/03\/ASB_.jpg\" \/>\n\t<meta property=\"og:image:width\" content=\"1280\" \/>\n\t<meta property=\"og:image:height\" content=\"818\" \/>\n\t<meta property=\"og:image:type\" content=\"image\/jpeg\" \/>\n<meta name=\"author\" content=\"tungenesfyr\" \/>\n<meta name=\"twitter:card\" content=\"summary_large_image\" \/>\n<meta name=\"twitter:label1\" content=\"Written by\" \/>\n\t<meta name=\"twitter:data1\" content=\"tungenesfyr\" \/>\n\t<meta name=\"twitter:label2\" content=\"Est. reading time\" \/>\n\t<meta name=\"twitter:data2\" content=\"2 minutt\" \/>\n<script type=\"application\/ld+json\" class=\"yoast-schema-graph\">{\"@context\":\"https:\\\/\\\/schema.org\",\"@graph\":[{\"@type\":\"Article\",\"@id\":\"https:\\\/\\\/www.jaermuseet.no\\\/tungenesfyr\\\/spennende-varprogram-pa-fyret\\\/#article\",\"isPartOf\":{\"@id\":\"https:\\\/\\\/www.jaermuseet.no\\\/tungenesfyr\\\/spennende-varprogram-pa-fyret\\\/\"},\"author\":{\"name\":\"tungenesfyr\",\"@id\":\"https:\\\/\\\/www.jaermuseet.no\\\/tungenesfyr\\\/#\\\/schema\\\/person\\\/ad28cf844fb90e04e5602a5b095afc7b\"},\"headline\":\"Spennende v\u00e5rprogram p\u00e5 fyret\",\"datePublished\":\"2017-03-17T10:06:14+00:00\",\"dateModified\":\"2017-03-17T10:16:50+00:00\",\"mainEntityOfPage\":{\"@id\":\"https:\\\/\\\/www.jaermuseet.no\\\/tungenesfyr\\\/spennende-varprogram-pa-fyret\\\/\"},\"wordCount\":383,\"image\":{\"@id\":\"https:\\\/\\\/www.jaermuseet.no\\\/tungenesfyr\\\/spennende-varprogram-pa-fyret\\\/#primaryimage\"},\"thumbnailUrl\":\"https:\\\/\\\/www.jaermuseet.no\\\/tungenesfyr\\\/wp-content\\\/uploads\\\/sites\\\/10\\\/2017\\\/03\\\/ASB_.jpg\",\"articleSection\":[\"Nytt fr\u00e5 Tungenes Fyr\"],\"inLanguage\":\"nn-NO\"},{\"@type\":\"WebPage\",\"@id\":\"https:\\\/\\\/www.jaermuseet.no\\\/tungenesfyr\\\/spennende-varprogram-pa-fyret\\\/\",\"url\":\"https:\\\/\\\/www.jaermuseet.no\\\/tungenesfyr\\\/spennende-varprogram-pa-fyret\\\/\",\"name\":\"Spennende v\u00e5rprogram p\u00e5 fyret - Tungenes Fyr\",\"isPartOf\":{\"@id\":\"https:\\\/\\\/www.jaermuseet.no\\\/tungenesfyr\\\/#website\"},\"primaryImageOfPage\":{\"@id\":\"https:\\\/\\\/www.jaermuseet.no\\\/tungenesfyr\\\/spennende-varprogram-pa-fyret\\\/#primaryimage\"},\"image\":{\"@id\":\"https:\\\/\\\/www.jaermuseet.no\\\/tungenesfyr\\\/spennende-varprogram-pa-fyret\\\/#primaryimage\"},\"thumbnailUrl\":\"https:\\\/\\\/www.jaermuseet.no\\\/tungenesfyr\\\/wp-content\\\/uploads\\\/sites\\\/10\\\/2017\\\/03\\\/ASB_.jpg\",\"datePublished\":\"2017-03-17T10:06:14+00:00\",\"dateModified\":\"2017-03-17T10:16:50+00:00\",\"author\":{\"@id\":\"https:\\\/\\\/www.jaermuseet.no\\\/tungenesfyr\\\/#\\\/schema\\\/person\\\/ad28cf844fb90e04e5602a5b095afc7b\"},\"breadcrumb\":{\"@id\":\"https:\\\/\\\/www.jaermuseet.no\\\/tungenesfyr\\\/spennende-varprogram-pa-fyret\\\/#breadcrumb\"},\"inLanguage\":\"nn-NO\",\"potentialAction\":[{\"@type\":\"ReadAction\",\"target\":[\"https:\\\/\\\/www.jaermuseet.no\\\/tungenesfyr\\\/spennende-varprogram-pa-fyret\\\/\"]}]},{\"@type\":\"ImageObject\",\"inLanguage\":\"nn-NO\",\"@id\":\"https:\\\/\\\/www.jaermuseet.no\\\/tungenesfyr\\\/spennende-varprogram-pa-fyret\\\/#primaryimage\",\"url\":\"https:\\\/\\\/www.jaermuseet.no\\\/tungenesfyr\\\/wp-content\\\/uploads\\\/sites\\\/10\\\/2017\\\/03\\\/ASB_.jpg\",\"contentUrl\":\"https:\\\/\\\/www.jaermuseet.no\\\/tungenesfyr\\\/wp-content\\\/uploads\\\/sites\\\/10\\\/2017\\\/03\\\/ASB_.jpg\",\"width\":1280,\"height\":818},{\"@type\":\"BreadcrumbList\",\"@id\":\"https:\\\/\\\/www.jaermuseet.no\\\/tungenesfyr\\\/spennende-varprogram-pa-fyret\\\/#breadcrumb\",\"itemListElement\":[{\"@type\":\"ListItem\",\"position\":1,\"name\":\"Hjem\",\"item\":\"https:\\\/\\\/www.jaermuseet.no\\\/tungenesfyr\\\/\"},{\"@type\":\"ListItem\",\"position\":2,\"name\":\"Spennende v\u00e5rprogram p\u00e5 fyret\"}]},{\"@type\":\"WebSite\",\"@id\":\"https:\\\/\\\/www.jaermuseet.no\\\/tungenesfyr\\\/#website\",\"url\":\"https:\\\/\\\/www.jaermuseet.no\\\/tungenesfyr\\\/\",\"name\":\"Tungenes Fyr\",\"description\":\"Eit kulturelt fyrt\u00e5rn med eit mangfaldig aktivitetstilbod.\",\"potentialAction\":[{\"@type\":\"SearchAction\",\"target\":{\"@type\":\"EntryPoint\",\"urlTemplate\":\"https:\\\/\\\/www.jaermuseet.no\\\/tungenesfyr\\\/?s={search_term_string}\"},\"query-input\":{\"@type\":\"PropertyValueSpecification\",\"valueRequired\":true,\"valueName\":\"search_term_string\"}}],\"inLanguage\":\"nn-NO\"},{\"@type\":\"Person\",\"@id\":\"https:\\\/\\\/www.jaermuseet.no\\\/tungenesfyr\\\/#\\\/schema\\\/person\\\/ad28cf844fb90e04e5602a5b095afc7b\",\"name\":\"tungenesfyr\",\"image\":{\"@type\":\"ImageObject\",\"inLanguage\":\"nn-NO\",\"@id\":\"https:\\\/\\\/secure.gravatar.com\\\/avatar\\\/d70ae36f62b71e8bda7363ecf7b630130b8c22c55f903a5d44cd9fa7bfe96dd3?s=96&d=mm&r=g\",\"url\":\"https:\\\/\\\/secure.gravatar.com\\\/avatar\\\/d70ae36f62b71e8bda7363ecf7b630130b8c22c55f903a5d44cd9fa7bfe96dd3?s=96&d=mm&r=g\",\"contentUrl\":\"https:\\\/\\\/secure.gravatar.com\\\/avatar\\\/d70ae36f62b71e8bda7363ecf7b630130b8c22c55f903a5d44cd9fa7bfe96dd3?s=96&d=mm&r=g\",\"caption\":\"tungenesfyr\"},\"url\":\"https:\\\/\\\/www.jaermuseet.no\\\/tungenesfyr\\\/author\\\/tungenesfyr\\\/\"}]}<\/script>\n<!-- \/ Yoast SEO plugin. -->","yoast_head_json":{"title":"Spennende v\u00e5rprogram p\u00e5 fyret - Tungenes Fyr","robots":{"index":"index","follow":"follow","max-snippet":"max-snippet:-1","max-image-preview":"max-image-preview:large","max-video-preview":"max-video-preview:-1"},"canonical":"https:\/\/www.jaermuseet.no\/tungenesfyr\/spennende-varprogram-pa-fyret\/","og_locale":"nn_NO","og_type":"article","og_title":"Spennende v\u00e5rprogram p\u00e5 fyret - Tungenes Fyr","og_description":"\u00c5rets konsertsesong p\u00e5 fyret ble startet allerede 9. februar med...","og_url":"https:\/\/www.jaermuseet.no\/tungenesfyr\/spennende-varprogram-pa-fyret\/","og_site_name":"Tungenes Fyr","article_published_time":"2017-03-17T10:06:14+00:00","article_modified_time":"2017-03-17T10:16:50+00:00","og_image":[{"width":1280,"height":818,"url":"https:\/\/www.jaermuseet.no\/tungenesfyr\/wp-content\/uploads\/sites\/10\/2017\/03\/ASB_.jpg","type":"image\/jpeg"}],"author":"tungenesfyr","twitter_card":"summary_large_image","twitter_misc":{"Written by":"tungenesfyr","Est. reading time":"2 minutt"},"schema":{"@context":"https:\/\/schema.org","@graph":[{"@type":"Article","@id":"https:\/\/www.jaermuseet.no\/tungenesfyr\/spennende-varprogram-pa-fyret\/#article","isPartOf":{"@id":"https:\/\/www.jaermuseet.no\/tungenesfyr\/spennende-varprogram-pa-fyret\/"},"author":{"name":"tungenesfyr","@id":"https:\/\/www.jaermuseet.no\/tungenesfyr\/#\/schema\/person\/ad28cf844fb90e04e5602a5b095afc7b"},"headline":"Spennende v\u00e5rprogram p\u00e5 fyret","datePublished":"2017-03-17T10:06:14+00:00","dateModified":"2017-03-17T10:16:50+00:00","mainEntityOfPage":{"@id":"https:\/\/www.jaermuseet.no\/tungenesfyr\/spennende-varprogram-pa-fyret\/"},"wordCount":383,"image":{"@id":"https:\/\/www.jaermuseet.no\/tungenesfyr\/spennende-varprogram-pa-fyret\/#primaryimage"},"thumbnailUrl":"https:\/\/www.jaermuseet.no\/tungenesfyr\/wp-content\/uploads\/sites\/10\/2017\/03\/ASB_.jpg","articleSection":["Nytt fr\u00e5 Tungenes Fyr"],"inLanguage":"nn-NO"},{"@type":"WebPage","@id":"https:\/\/www.jaermuseet.no\/tungenesfyr\/spennende-varprogram-pa-fyret\/","url":"https:\/\/www.jaermuseet.no\/tungenesfyr\/spennende-varprogram-pa-fyret\/","name":"Spennende v\u00e5rprogram p\u00e5 fyret - Tungenes Fyr","isPartOf":{"@id":"https:\/\/www.jaermuseet.no\/tungenesfyr\/#website"},"primaryImageOfPage":{"@id":"https:\/\/www.jaermuseet.no\/tungenesfyr\/spennende-varprogram-pa-fyret\/#primaryimage"},"image":{"@id":"https:\/\/www.jaermuseet.no\/tungenesfyr\/spennende-varprogram-pa-fyret\/#primaryimage"},"thumbnailUrl":"https:\/\/www.jaermuseet.no\/tungenesfyr\/wp-content\/uploads\/sites\/10\/2017\/03\/ASB_.jpg","datePublished":"2017-03-17T10:06:14+00:00","dateModified":"2017-03-17T10:16:50+00:00","author":{"@id":"https:\/\/www.jaermuseet.no\/tungenesfyr\/#\/schema\/person\/ad28cf844fb90e04e5602a5b095afc7b"},"breadcrumb":{"@id":"https:\/\/www.jaermuseet.no\/tungenesfyr\/spennende-varprogram-pa-fyret\/#breadcrumb"},"inLanguage":"nn-NO","potentialAction":[{"@type":"ReadAction","target":["https:\/\/www.jaermuseet.no\/tungenesfyr\/spennende-varprogram-pa-fyret\/"]}]},{"@type":"ImageObject","inLanguage":"nn-NO","@id":"https:\/\/www.jaermuseet.no\/tungenesfyr\/spennende-varprogram-pa-fyret\/#primaryimage","url":"https:\/\/www.jaermuseet.no\/tungenesfyr\/wp-content\/uploads\/sites\/10\/2017\/03\/ASB_.jpg","contentUrl":"https:\/\/www.jaermuseet.no\/tungenesfyr\/wp-content\/uploads\/sites\/10\/2017\/03\/ASB_.jpg","width":1280,"height":818},{"@type":"BreadcrumbList","@id":"https:\/\/www.jaermuseet.no\/tungenesfyr\/spennende-varprogram-pa-fyret\/#breadcrumb","itemListElement":[{"@type":"ListItem","position":1,"name":"Hjem","item":"https:\/\/www.jaermuseet.no\/tungenesfyr\/"},{"@type":"ListItem","position":2,"name":"Spennende v\u00e5rprogram p\u00e5 fyret"}]},{"@type":"WebSite","@id":"https:\/\/www.jaermuseet.no\/tungenesfyr\/#website","url":"https:\/\/www.jaermuseet.no\/tungenesfyr\/","name":"Tungenes Fyr","description":"Eit kulturelt fyrt\u00e5rn med eit mangfaldig aktivitetstilbod.","potentialAction":[{"@type":"SearchAction","target":{"@type":"EntryPoint","urlTemplate":"https:\/\/www.jaermuseet.no\/tungenesfyr\/?s={search_term_string}"},"query-input":{"@type":"PropertyValueSpecification","valueRequired":true,"valueName":"search_term_string"}}],"inLanguage":"nn-NO"},{"@type":"Person","@id":"https:\/\/www.jaermuseet.no\/tungenesfyr\/#\/schema\/person\/ad28cf844fb90e04e5602a5b095afc7b","name":"tungenesfyr","image":{"@type":"ImageObject","inLanguage":"nn-NO","@id":"https:\/\/secure.gravatar.com\/avatar\/d70ae36f62b71e8bda7363ecf7b630130b8c22c55f903a5d44cd9fa7bfe96dd3?s=96&d=mm&r=g","url":"https:\/\/secure.gravatar.com\/avatar\/d70ae36f62b71e8bda7363ecf7b630130b8c22c55f903a5d44cd9fa7bfe96dd3?s=96&d=mm&r=g","contentUrl":"https:\/\/secure.gravatar.com\/avatar\/d70ae36f62b71e8bda7363ecf7b630130b8c22c55f903a5d44cd9fa7bfe96dd3?s=96&d=mm&r=g","caption":"tungenesfyr"},"url":"https:\/\/www.jaermuseet.no\/tungenesfyr\/author\/tungenesfyr\/"}]}},"cc_featured_image_caption":{"caption_text":"","source_text":"","source_url":""},"jetpack_featured_media_url":"https:\/\/www.jaermuseet.no\/tungenesfyr\/wp-content\/uploads\/sites\/10\/2017\/03\/ASB_.jpg","jetpack_sharing_enabled":true,"_links":{"self":[{"href":"https:\/\/www.jaermuseet.no\/tungenesfyr\/wp-json\/wp\/v2\/posts\/505","targetHints":{"allow":["GET"]}}],"collection":[{"href":"https:\/\/www.jaermuseet.no\/tungenesfyr\/wp-json\/wp\/v2\/posts"}],"about":[{"href":"https:\/\/www.jaermuseet.no\/tungenesfyr\/wp-json\/wp\/v2\/types\/post"}],"author":[{"embeddable":true,"href":"https:\/\/www.jaermuseet.no\/tungenesfyr\/wp-json\/wp\/v2\/users\/9"}],"replies":[{"embeddable":true,"href":"https:\/\/www.jaermuseet.no\/tungenesfyr\/wp-json\/wp\/v2\/comments?post=505"}],"version-history":[{"count":1,"href":"https:\/\/www.jaermuseet.no\/tungenesfyr\/wp-json\/wp\/v2\/posts\/505\/revisions"}],"predecessor-version":[{"id":506,"href":"https:\/\/www.jaermuseet.no\/tungenesfyr\/wp-json\/wp\/v2\/posts\/505\/revisions\/506"}],"wp:featuredmedia":[{"embeddable":true,"href":"https:\/\/www.jaermuseet.no\/tungenesfyr\/wp-json\/wp\/v2\/media\/507"}],"wp:attachment":[{"href":"https:\/\/www.jaermuseet.no\/tungenesfyr\/wp-json\/wp\/v2\/media?parent=505"}],"wp:term":[{"taxonomy":"category","embeddable":true,"href":"https:\/\/www.jaermuseet.no\/tungenesfyr\/wp-json\/wp\/v2\/categories?post=505"},{"taxonomy":"post_tag","embeddable":true,"href":"https:\/\/www.jaermuseet.no\/tungenesfyr\/wp-json\/wp\/v2\/tags?post=505"}],"curies":[{"name":"wp","href":"https:\/\/api.w.org\/{rel}","templated":true}]}}