{"id":43,"date":"2013-04-02T10:27:57","date_gmt":"2013-04-02T09:27:57","guid":{"rendered":"https:\/\/www.jaermuseet.no\/tungenesfyr\/utstillingsopning-og-krigshistorisk-vandring-pa-fyret\/"},"modified":"2015-09-17T15:51:01","modified_gmt":"2015-09-17T13:51:01","slug":"utstillingsopning-og-krigshistorisk-vandring-pa-fyret","status":"publish","type":"post","link":"https:\/\/www.jaermuseet.no\/tungenesfyr\/utstillingsopning-og-krigshistorisk-vandring-pa-fyret\/","title":{"rendered":"Utstillingsopning og krigshistorisk vandring p\u00e5 fyret"},"content":{"rendered":"<p><img loading=\"lazy\" decoding=\"async\" style=\"margin-bottom: 10px;margin-right: 10px\" alt=\"krigshistorisk vandring 18\" src=\"https:\/\/www.jaermuseet.no\/wp-content\/uploads\/sites\/10\/2013\/04\/krigshistorisk_vandring_18.JPG\" width=\"664\" height=\"444\" \/><\/p>\n<p>J\u00e6rmuseet inviterar til den \u00e5rlege krigshistoriske vandringa p\u00e5 Tungenes fyr s\u00f8ndag 7. april kl. 13.30. Turleiar Svein Magne Olsen ga ut andre band av bokserien om Randaberg under andre verdskrigen like f\u00f8r jul i fjor. Den nye boka gir ei n\u00e6rare skildring av korleis den tyske okkupasjonen r\u00e5ka bygdefolket og skapte b\u00e5de samhald og splitting. Det lokale ordskiftet etter bokutgjevinga viser at krigen framleis vekker sterke kjensler i Randaberg.<\/p>\n<p>Turen byjrar med f\u00f8redrag i uthuset p\u00e5 fyret.<\/p>\n<p>Kl. 13 same dag, f\u00f8r det krigshistoriske arrangementet ,opnar Annlaug Auestad ei ny kunstutstilling i kaf\u00e9bygget. Meir informasjon om dette finn du her: <a href=\"http:\/\/www.randaberg.kommune.no\/no\/Nyheter\/Fyrfargar-i-februar\/\">http:\/\/www.randaberg.kommune.no\/no\/Nyheter\/Fyrfargar-i-februar\/<\/a><\/p>\n<p>Hjarteleg velkommen<\/p>\n","protected":false},"excerpt":{"rendered":"<p>J\u00e6rmuseet inviterar til den \u00e5rlege krigshistoriske vandringa p\u00e5 Tungenes fyr&#8230;<\/p>\n","protected":false},"author":9,"featured_media":0,"comment_status":"closed","ping_status":"closed","sticky":false,"template":"","format":"standard","meta":{"_acf_changed":false,"_jetpack_memberships_contains_paid_content":false,"footnotes":""},"categories":[3],"tags":[],"class_list":["post-43","post","type-post","status-publish","format-standard","hentry","category-nytt-fra-tungenes-fyr"],"acf":[],"yoast_head":"<!-- This site is optimized with the Yoast SEO plugin v27.4 - https:\/\/yoast.com\/product\/yoast-seo-wordpress\/ -->\n<title>Utstillingsopning og krigshistorisk vandring p\u00e5 fyret - Tungenes Fyr<\/title>\n<meta name=\"robots\" content=\"index, follow, max-snippet:-1, max-image-preview:large, max-video-preview:-1\" \/>\n<link rel=\"canonical\" href=\"https:\/\/www.jaermuseet.no\/tungenesfyr\/utstillingsopning-og-krigshistorisk-vandring-pa-fyret\/\" \/>\n<meta property=\"og:locale\" content=\"nn_NO\" \/>\n<meta property=\"og:type\" content=\"article\" \/>\n<meta property=\"og:title\" content=\"Utstillingsopning og krigshistorisk vandring p\u00e5 fyret - Tungenes Fyr\" \/>\n<meta property=\"og:description\" content=\"J\u00e6rmuseet inviterar til den \u00e5rlege krigshistoriske vandringa p\u00e5 Tungenes fyr...\" \/>\n<meta property=\"og:url\" content=\"https:\/\/www.jaermuseet.no\/tungenesfyr\/utstillingsopning-og-krigshistorisk-vandring-pa-fyret\/\" \/>\n<meta property=\"og:site_name\" content=\"Tungenes Fyr\" \/>\n<meta property=\"article:published_time\" content=\"2013-04-02T09:27:57+00:00\" \/>\n<meta property=\"article:modified_time\" content=\"2015-09-17T13:51:01+00:00\" \/>\n<meta property=\"og:image\" content=\"https:\/\/www.jaermuseet.no\/wp-content\/uploads\/sites\/10\/2013\/04\/krigshistorisk_vandring_18.JPG\" \/>\n<meta name=\"author\" content=\"tungenesfyr\" \/>\n<meta name=\"twitter:card\" content=\"summary_large_image\" \/>\n<meta name=\"twitter:label1\" content=\"Written by\" \/>\n\t<meta name=\"twitter:data1\" content=\"tungenesfyr\" \/>\n\t<meta name=\"twitter:label2\" content=\"Est. reading time\" \/>\n\t<meta name=\"twitter:data2\" content=\"1 minutt\" \/>\n<script type=\"application\/ld+json\" class=\"yoast-schema-graph\">{\"@context\":\"https:\\\/\\\/schema.org\",\"@graph\":[{\"@type\":\"Article\",\"@id\":\"https:\\\/\\\/www.jaermuseet.no\\\/tungenesfyr\\\/utstillingsopning-og-krigshistorisk-vandring-pa-fyret\\\/#article\",\"isPartOf\":{\"@id\":\"https:\\\/\\\/www.jaermuseet.no\\\/tungenesfyr\\\/utstillingsopning-og-krigshistorisk-vandring-pa-fyret\\\/\"},\"author\":{\"name\":\"tungenesfyr\",\"@id\":\"https:\\\/\\\/www.jaermuseet.no\\\/tungenesfyr\\\/#\\\/schema\\\/person\\\/ad28cf844fb90e04e5602a5b095afc7b\"},\"headline\":\"Utstillingsopning og krigshistorisk vandring p\u00e5 fyret\",\"datePublished\":\"2013-04-02T09:27:57+00:00\",\"dateModified\":\"2015-09-17T13:51:01+00:00\",\"mainEntityOfPage\":{\"@id\":\"https:\\\/\\\/www.jaermuseet.no\\\/tungenesfyr\\\/utstillingsopning-og-krigshistorisk-vandring-pa-fyret\\\/\"},\"wordCount\":122,\"image\":{\"@id\":\"https:\\\/\\\/www.jaermuseet.no\\\/tungenesfyr\\\/utstillingsopning-og-krigshistorisk-vandring-pa-fyret\\\/#primaryimage\"},\"thumbnailUrl\":\"https:\\\/\\\/www.jaermuseet.no\\\/wp-content\\\/uploads\\\/sites\\\/10\\\/2013\\\/04\\\/krigshistorisk_vandring_18.JPG\",\"articleSection\":[\"Nytt fr\u00e5 Tungenes Fyr\"],\"inLanguage\":\"nn-NO\"},{\"@type\":\"WebPage\",\"@id\":\"https:\\\/\\\/www.jaermuseet.no\\\/tungenesfyr\\\/utstillingsopning-og-krigshistorisk-vandring-pa-fyret\\\/\",\"url\":\"https:\\\/\\\/www.jaermuseet.no\\\/tungenesfyr\\\/utstillingsopning-og-krigshistorisk-vandring-pa-fyret\\\/\",\"name\":\"Utstillingsopning og krigshistorisk vandring p\u00e5 fyret - Tungenes Fyr\",\"isPartOf\":{\"@id\":\"https:\\\/\\\/www.jaermuseet.no\\\/tungenesfyr\\\/#website\"},\"primaryImageOfPage\":{\"@id\":\"https:\\\/\\\/www.jaermuseet.no\\\/tungenesfyr\\\/utstillingsopning-og-krigshistorisk-vandring-pa-fyret\\\/#primaryimage\"},\"image\":{\"@id\":\"https:\\\/\\\/www.jaermuseet.no\\\/tungenesfyr\\\/utstillingsopning-og-krigshistorisk-vandring-pa-fyret\\\/#primaryimage\"},\"thumbnailUrl\":\"https:\\\/\\\/www.jaermuseet.no\\\/wp-content\\\/uploads\\\/sites\\\/10\\\/2013\\\/04\\\/krigshistorisk_vandring_18.JPG\",\"datePublished\":\"2013-04-02T09:27:57+00:00\",\"dateModified\":\"2015-09-17T13:51:01+00:00\",\"author\":{\"@id\":\"https:\\\/\\\/www.jaermuseet.no\\\/tungenesfyr\\\/#\\\/schema\\\/person\\\/ad28cf844fb90e04e5602a5b095afc7b\"},\"breadcrumb\":{\"@id\":\"https:\\\/\\\/www.jaermuseet.no\\\/tungenesfyr\\\/utstillingsopning-og-krigshistorisk-vandring-pa-fyret\\\/#breadcrumb\"},\"inLanguage\":\"nn-NO\",\"potentialAction\":[{\"@type\":\"ReadAction\",\"target\":[\"https:\\\/\\\/www.jaermuseet.no\\\/tungenesfyr\\\/utstillingsopning-og-krigshistorisk-vandring-pa-fyret\\\/\"]}]},{\"@type\":\"ImageObject\",\"inLanguage\":\"nn-NO\",\"@id\":\"https:\\\/\\\/www.jaermuseet.no\\\/tungenesfyr\\\/utstillingsopning-og-krigshistorisk-vandring-pa-fyret\\\/#primaryimage\",\"url\":\"https:\\\/\\\/www.jaermuseet.no\\\/wp-content\\\/uploads\\\/sites\\\/10\\\/2013\\\/04\\\/krigshistorisk_vandring_18.JPG\",\"contentUrl\":\"https:\\\/\\\/www.jaermuseet.no\\\/wp-content\\\/uploads\\\/sites\\\/10\\\/2013\\\/04\\\/krigshistorisk_vandring_18.JPG\"},{\"@type\":\"BreadcrumbList\",\"@id\":\"https:\\\/\\\/www.jaermuseet.no\\\/tungenesfyr\\\/utstillingsopning-og-krigshistorisk-vandring-pa-fyret\\\/#breadcrumb\",\"itemListElement\":[{\"@type\":\"ListItem\",\"position\":1,\"name\":\"Hjem\",\"item\":\"https:\\\/\\\/www.jaermuseet.no\\\/tungenesfyr\\\/\"},{\"@type\":\"ListItem\",\"position\":2,\"name\":\"Utstillingsopning og krigshistorisk vandring p\u00e5 fyret\"}]},{\"@type\":\"WebSite\",\"@id\":\"https:\\\/\\\/www.jaermuseet.no\\\/tungenesfyr\\\/#website\",\"url\":\"https:\\\/\\\/www.jaermuseet.no\\\/tungenesfyr\\\/\",\"name\":\"Tungenes Fyr\",\"description\":\"Eit kulturelt fyrt\u00e5rn med eit mangfaldig aktivitetstilbod.\",\"potentialAction\":[{\"@type\":\"SearchAction\",\"target\":{\"@type\":\"EntryPoint\",\"urlTemplate\":\"https:\\\/\\\/www.jaermuseet.no\\\/tungenesfyr\\\/?s={search_term_string}\"},\"query-input\":{\"@type\":\"PropertyValueSpecification\",\"valueRequired\":true,\"valueName\":\"search_term_string\"}}],\"inLanguage\":\"nn-NO\"},{\"@type\":\"Person\",\"@id\":\"https:\\\/\\\/www.jaermuseet.no\\\/tungenesfyr\\\/#\\\/schema\\\/person\\\/ad28cf844fb90e04e5602a5b095afc7b\",\"name\":\"tungenesfyr\",\"image\":{\"@type\":\"ImageObject\",\"inLanguage\":\"nn-NO\",\"@id\":\"https:\\\/\\\/secure.gravatar.com\\\/avatar\\\/d70ae36f62b71e8bda7363ecf7b630130b8c22c55f903a5d44cd9fa7bfe96dd3?s=96&d=mm&r=g\",\"url\":\"https:\\\/\\\/secure.gravatar.com\\\/avatar\\\/d70ae36f62b71e8bda7363ecf7b630130b8c22c55f903a5d44cd9fa7bfe96dd3?s=96&d=mm&r=g\",\"contentUrl\":\"https:\\\/\\\/secure.gravatar.com\\\/avatar\\\/d70ae36f62b71e8bda7363ecf7b630130b8c22c55f903a5d44cd9fa7bfe96dd3?s=96&d=mm&r=g\",\"caption\":\"tungenesfyr\"},\"url\":\"https:\\\/\\\/www.jaermuseet.no\\\/tungenesfyr\\\/author\\\/tungenesfyr\\\/\"}]}<\/script>\n<!-- \/ Yoast SEO plugin. -->","yoast_head_json":{"title":"Utstillingsopning og krigshistorisk vandring p\u00e5 fyret - Tungenes Fyr","robots":{"index":"index","follow":"follow","max-snippet":"max-snippet:-1","max-image-preview":"max-image-preview:large","max-video-preview":"max-video-preview:-1"},"canonical":"https:\/\/www.jaermuseet.no\/tungenesfyr\/utstillingsopning-og-krigshistorisk-vandring-pa-fyret\/","og_locale":"nn_NO","og_type":"article","og_title":"Utstillingsopning og krigshistorisk vandring p\u00e5 fyret - Tungenes Fyr","og_description":"J\u00e6rmuseet inviterar til den \u00e5rlege krigshistoriske vandringa p\u00e5 Tungenes fyr...","og_url":"https:\/\/www.jaermuseet.no\/tungenesfyr\/utstillingsopning-og-krigshistorisk-vandring-pa-fyret\/","og_site_name":"Tungenes Fyr","article_published_time":"2013-04-02T09:27:57+00:00","article_modified_time":"2015-09-17T13:51:01+00:00","og_image":[{"url":"https:\/\/www.jaermuseet.no\/wp-content\/uploads\/sites\/10\/2013\/04\/krigshistorisk_vandring_18.JPG","type":"","width":"","height":""}],"author":"tungenesfyr","twitter_card":"summary_large_image","twitter_misc":{"Written by":"tungenesfyr","Est. reading time":"1 minutt"},"schema":{"@context":"https:\/\/schema.org","@graph":[{"@type":"Article","@id":"https:\/\/www.jaermuseet.no\/tungenesfyr\/utstillingsopning-og-krigshistorisk-vandring-pa-fyret\/#article","isPartOf":{"@id":"https:\/\/www.jaermuseet.no\/tungenesfyr\/utstillingsopning-og-krigshistorisk-vandring-pa-fyret\/"},"author":{"name":"tungenesfyr","@id":"https:\/\/www.jaermuseet.no\/tungenesfyr\/#\/schema\/person\/ad28cf844fb90e04e5602a5b095afc7b"},"headline":"Utstillingsopning og krigshistorisk vandring p\u00e5 fyret","datePublished":"2013-04-02T09:27:57+00:00","dateModified":"2015-09-17T13:51:01+00:00","mainEntityOfPage":{"@id":"https:\/\/www.jaermuseet.no\/tungenesfyr\/utstillingsopning-og-krigshistorisk-vandring-pa-fyret\/"},"wordCount":122,"image":{"@id":"https:\/\/www.jaermuseet.no\/tungenesfyr\/utstillingsopning-og-krigshistorisk-vandring-pa-fyret\/#primaryimage"},"thumbnailUrl":"https:\/\/www.jaermuseet.no\/wp-content\/uploads\/sites\/10\/2013\/04\/krigshistorisk_vandring_18.JPG","articleSection":["Nytt fr\u00e5 Tungenes Fyr"],"inLanguage":"nn-NO"},{"@type":"WebPage","@id":"https:\/\/www.jaermuseet.no\/tungenesfyr\/utstillingsopning-og-krigshistorisk-vandring-pa-fyret\/","url":"https:\/\/www.jaermuseet.no\/tungenesfyr\/utstillingsopning-og-krigshistorisk-vandring-pa-fyret\/","name":"Utstillingsopning og krigshistorisk vandring p\u00e5 fyret - Tungenes Fyr","isPartOf":{"@id":"https:\/\/www.jaermuseet.no\/tungenesfyr\/#website"},"primaryImageOfPage":{"@id":"https:\/\/www.jaermuseet.no\/tungenesfyr\/utstillingsopning-og-krigshistorisk-vandring-pa-fyret\/#primaryimage"},"image":{"@id":"https:\/\/www.jaermuseet.no\/tungenesfyr\/utstillingsopning-og-krigshistorisk-vandring-pa-fyret\/#primaryimage"},"thumbnailUrl":"https:\/\/www.jaermuseet.no\/wp-content\/uploads\/sites\/10\/2013\/04\/krigshistorisk_vandring_18.JPG","datePublished":"2013-04-02T09:27:57+00:00","dateModified":"2015-09-17T13:51:01+00:00","author":{"@id":"https:\/\/www.jaermuseet.no\/tungenesfyr\/#\/schema\/person\/ad28cf844fb90e04e5602a5b095afc7b"},"breadcrumb":{"@id":"https:\/\/www.jaermuseet.no\/tungenesfyr\/utstillingsopning-og-krigshistorisk-vandring-pa-fyret\/#breadcrumb"},"inLanguage":"nn-NO","potentialAction":[{"@type":"ReadAction","target":["https:\/\/www.jaermuseet.no\/tungenesfyr\/utstillingsopning-og-krigshistorisk-vandring-pa-fyret\/"]}]},{"@type":"ImageObject","inLanguage":"nn-NO","@id":"https:\/\/www.jaermuseet.no\/tungenesfyr\/utstillingsopning-og-krigshistorisk-vandring-pa-fyret\/#primaryimage","url":"https:\/\/www.jaermuseet.no\/wp-content\/uploads\/sites\/10\/2013\/04\/krigshistorisk_vandring_18.JPG","contentUrl":"https:\/\/www.jaermuseet.no\/wp-content\/uploads\/sites\/10\/2013\/04\/krigshistorisk_vandring_18.JPG"},{"@type":"BreadcrumbList","@id":"https:\/\/www.jaermuseet.no\/tungenesfyr\/utstillingsopning-og-krigshistorisk-vandring-pa-fyret\/#breadcrumb","itemListElement":[{"@type":"ListItem","position":1,"name":"Hjem","item":"https:\/\/www.jaermuseet.no\/tungenesfyr\/"},{"@type":"ListItem","position":2,"name":"Utstillingsopning og krigshistorisk vandring p\u00e5 fyret"}]},{"@type":"WebSite","@id":"https:\/\/www.jaermuseet.no\/tungenesfyr\/#website","url":"https:\/\/www.jaermuseet.no\/tungenesfyr\/","name":"Tungenes Fyr","description":"Eit kulturelt fyrt\u00e5rn med eit mangfaldig aktivitetstilbod.","potentialAction":[{"@type":"SearchAction","target":{"@type":"EntryPoint","urlTemplate":"https:\/\/www.jaermuseet.no\/tungenesfyr\/?s={search_term_string}"},"query-input":{"@type":"PropertyValueSpecification","valueRequired":true,"valueName":"search_term_string"}}],"inLanguage":"nn-NO"},{"@type":"Person","@id":"https:\/\/www.jaermuseet.no\/tungenesfyr\/#\/schema\/person\/ad28cf844fb90e04e5602a5b095afc7b","name":"tungenesfyr","image":{"@type":"ImageObject","inLanguage":"nn-NO","@id":"https:\/\/secure.gravatar.com\/avatar\/d70ae36f62b71e8bda7363ecf7b630130b8c22c55f903a5d44cd9fa7bfe96dd3?s=96&d=mm&r=g","url":"https:\/\/secure.gravatar.com\/avatar\/d70ae36f62b71e8bda7363ecf7b630130b8c22c55f903a5d44cd9fa7bfe96dd3?s=96&d=mm&r=g","contentUrl":"https:\/\/secure.gravatar.com\/avatar\/d70ae36f62b71e8bda7363ecf7b630130b8c22c55f903a5d44cd9fa7bfe96dd3?s=96&d=mm&r=g","caption":"tungenesfyr"},"url":"https:\/\/www.jaermuseet.no\/tungenesfyr\/author\/tungenesfyr\/"}]}},"cc_featured_image_caption":{"caption_text":false,"source_text":false,"source_url":false},"jetpack_featured_media_url":"","jetpack_sharing_enabled":true,"_links":{"self":[{"href":"https:\/\/www.jaermuseet.no\/tungenesfyr\/wp-json\/wp\/v2\/posts\/43","targetHints":{"allow":["GET"]}}],"collection":[{"href":"https:\/\/www.jaermuseet.no\/tungenesfyr\/wp-json\/wp\/v2\/posts"}],"about":[{"href":"https:\/\/www.jaermuseet.no\/tungenesfyr\/wp-json\/wp\/v2\/types\/post"}],"author":[{"embeddable":true,"href":"https:\/\/www.jaermuseet.no\/tungenesfyr\/wp-json\/wp\/v2\/users\/9"}],"replies":[{"embeddable":true,"href":"https:\/\/www.jaermuseet.no\/tungenesfyr\/wp-json\/wp\/v2\/comments?post=43"}],"version-history":[{"count":1,"href":"https:\/\/www.jaermuseet.no\/tungenesfyr\/wp-json\/wp\/v2\/posts\/43\/revisions"}],"predecessor-version":[{"id":208,"href":"https:\/\/www.jaermuseet.no\/tungenesfyr\/wp-json\/wp\/v2\/posts\/43\/revisions\/208"}],"wp:attachment":[{"href":"https:\/\/www.jaermuseet.no\/tungenesfyr\/wp-json\/wp\/v2\/media?parent=43"}],"wp:term":[{"taxonomy":"category","embeddable":true,"href":"https:\/\/www.jaermuseet.no\/tungenesfyr\/wp-json\/wp\/v2\/categories?post=43"},{"taxonomy":"post_tag","embeddable":true,"href":"https:\/\/www.jaermuseet.no\/tungenesfyr\/wp-json\/wp\/v2\/tags?post=43"}],"curies":[{"name":"wp","href":"https:\/\/api.w.org\/{rel}","templated":true}]}}