{"id":42,"date":"2012-10-16T10:58:46","date_gmt":"2012-10-16T09:58:46","guid":{"rendered":"https:\/\/www.jaermuseet.no\/tungenesfyr\/nautofon-20-10-2012\/"},"modified":"2015-09-17T15:51:01","modified_gmt":"2015-09-17T13:51:01","slug":"nautofon-20-10-2012","status":"publish","type":"post","link":"https:\/\/www.jaermuseet.no\/tungenesfyr\/nautofon-20-10-2012\/","title":{"rendered":"Nautofon 20.10.2012"},"content":{"rendered":"<p>Velkommen til\u00a0festival\u00a0p\u00e5\u00a0Tungenes fyr. <\/p>\n<p><img loading=\"lazy\" decoding=\"async\" style=\"margin-bottom: 10px;margin-right: 10px\" alt=\"Lys mot havet\" src=\"https:\/\/www.jaermuseet.no\/wp-content\/uploads\/sites\/10\/2012\/10\/Lys_mot_havet.jpg\" width=\"664\" height=\"443\" \/><br \/><span style=\"font-size: 8pt\">Foto: Ove Tennfjord, Randaberg kommune<\/span><\/p>\n<p>Program:<br \/>Lasse Marhaug \/ Nils Henrik Asheim<br \/>{T\u00e5kelur, Konserthusorgel, lydbehandling}<\/p>\n<p>Gaute Valvatne Granli<br \/>{Gitarimprov}<\/p>\n<p>Moon Relay<br \/>{Messende, melodi\u00f8s og dansbar gitarrock}<\/p>\n<p>Bodycocktail (us)<br \/>{Amerikansk enmansskollektiv}<\/p>\n<p>Elin \u00d8yen Vister<br \/>{Soundscape R\u00f8st lydinstallsjon}<\/p>\n<p>Kristin Auestad Danielsen \/ Sindre Bjerga \/ Nils Rostad<br \/>{Dikt og improvisasjon}<\/p>\n<p>Inngang: kr 120 \/ kr 60 (student)<\/p>\n<p>Nautofon er en-dags festival som \u00f8nsker \u00e5 utforske uttrykk i krysningen mellom det visuelle og lydlige, mellom teknologi og menneske; relasjoner som fyret har representert siden det stod ferdig i 1862. Forvent en kveld med konserter, videokunst, installasjoner og perfomancekunst.<\/p>\n<p>Da Nautofon i fjor for f\u00f8rste gang ble arrangert, var det Gaute Vikdal som stod for \u00e5pningsfanfaren i duett med t\u00e5keluren p\u00e5 Tungenes fyr. Fyrlykta var tent p\u00e5 kvelden for f\u00f8rste gang siden 1984 og var med p\u00e5 \u00e5 skapte en unik visuell ramme for opptredenen.<br \/>Festivalen er et samarbeid mellom Randaberg kommune, J\u00e6rmuseet og zang:<br \/>St\u00f8ttet av Stavanger Kommune, Rogaland Fylkeskommune og Norsk Kulturr\u00e5d<\/p>\n","protected":false},"excerpt":{"rendered":"<p>Velkommen til\u00a0festival\u00a0p\u00e5\u00a0Tungenes fyr. Foto: Ove Tennfjord, Randaberg kommune Program:Lasse Marhaug&#8230;<\/p>\n","protected":false},"author":9,"featured_media":0,"comment_status":"closed","ping_status":"closed","sticky":false,"template":"","format":"standard","meta":{"_acf_changed":false,"_jetpack_memberships_contains_paid_content":false,"footnotes":""},"categories":[3],"tags":[],"class_list":["post-42","post","type-post","status-publish","format-standard","hentry","category-nytt-fra-tungenes-fyr"],"acf":[],"yoast_head":"<!-- This site is optimized with the Yoast SEO plugin v27.4 - https:\/\/yoast.com\/product\/yoast-seo-wordpress\/ -->\n<title>Nautofon 20.10.2012 - Tungenes Fyr<\/title>\n<meta name=\"robots\" content=\"index, follow, max-snippet:-1, max-image-preview:large, max-video-preview:-1\" \/>\n<link rel=\"canonical\" href=\"https:\/\/www.jaermuseet.no\/tungenesfyr\/nautofon-20-10-2012\/\" \/>\n<meta property=\"og:locale\" content=\"nn_NO\" \/>\n<meta property=\"og:type\" content=\"article\" \/>\n<meta property=\"og:title\" content=\"Nautofon 20.10.2012 - Tungenes Fyr\" \/>\n<meta property=\"og:description\" content=\"Velkommen til\u00a0festival\u00a0p\u00e5\u00a0Tungenes fyr. Foto: Ove Tennfjord, Randaberg kommune Program:Lasse Marhaug...\" \/>\n<meta property=\"og:url\" content=\"https:\/\/www.jaermuseet.no\/tungenesfyr\/nautofon-20-10-2012\/\" \/>\n<meta property=\"og:site_name\" content=\"Tungenes Fyr\" \/>\n<meta property=\"article:published_time\" content=\"2012-10-16T09:58:46+00:00\" \/>\n<meta property=\"article:modified_time\" content=\"2015-09-17T13:51:01+00:00\" \/>\n<meta property=\"og:image\" content=\"https:\/\/www.jaermuseet.no\/wp-content\/uploads\/sites\/10\/2012\/10\/Lys_mot_havet.jpg\" \/>\n<meta name=\"author\" content=\"tungenesfyr\" \/>\n<meta name=\"twitter:card\" content=\"summary_large_image\" \/>\n<meta name=\"twitter:label1\" content=\"Written by\" \/>\n\t<meta name=\"twitter:data1\" content=\"tungenesfyr\" \/>\n\t<meta name=\"twitter:label2\" content=\"Est. reading time\" \/>\n\t<meta name=\"twitter:data2\" content=\"1 minutt\" \/>\n<script type=\"application\/ld+json\" class=\"yoast-schema-graph\">{\"@context\":\"https:\\\/\\\/schema.org\",\"@graph\":[{\"@type\":\"Article\",\"@id\":\"https:\\\/\\\/www.jaermuseet.no\\\/tungenesfyr\\\/nautofon-20-10-2012\\\/#article\",\"isPartOf\":{\"@id\":\"https:\\\/\\\/www.jaermuseet.no\\\/tungenesfyr\\\/nautofon-20-10-2012\\\/\"},\"author\":{\"name\":\"tungenesfyr\",\"@id\":\"https:\\\/\\\/www.jaermuseet.no\\\/tungenesfyr\\\/#\\\/schema\\\/person\\\/ad28cf844fb90e04e5602a5b095afc7b\"},\"headline\":\"Nautofon 20.10.2012\",\"datePublished\":\"2012-10-16T09:58:46+00:00\",\"dateModified\":\"2015-09-17T13:51:01+00:00\",\"mainEntityOfPage\":{\"@id\":\"https:\\\/\\\/www.jaermuseet.no\\\/tungenesfyr\\\/nautofon-20-10-2012\\\/\"},\"wordCount\":166,\"image\":{\"@id\":\"https:\\\/\\\/www.jaermuseet.no\\\/tungenesfyr\\\/nautofon-20-10-2012\\\/#primaryimage\"},\"thumbnailUrl\":\"https:\\\/\\\/www.jaermuseet.no\\\/wp-content\\\/uploads\\\/sites\\\/10\\\/2012\\\/10\\\/Lys_mot_havet.jpg\",\"articleSection\":[\"Nytt fr\u00e5 Tungenes Fyr\"],\"inLanguage\":\"nn-NO\"},{\"@type\":\"WebPage\",\"@id\":\"https:\\\/\\\/www.jaermuseet.no\\\/tungenesfyr\\\/nautofon-20-10-2012\\\/\",\"url\":\"https:\\\/\\\/www.jaermuseet.no\\\/tungenesfyr\\\/nautofon-20-10-2012\\\/\",\"name\":\"Nautofon 20.10.2012 - Tungenes Fyr\",\"isPartOf\":{\"@id\":\"https:\\\/\\\/www.jaermuseet.no\\\/tungenesfyr\\\/#website\"},\"primaryImageOfPage\":{\"@id\":\"https:\\\/\\\/www.jaermuseet.no\\\/tungenesfyr\\\/nautofon-20-10-2012\\\/#primaryimage\"},\"image\":{\"@id\":\"https:\\\/\\\/www.jaermuseet.no\\\/tungenesfyr\\\/nautofon-20-10-2012\\\/#primaryimage\"},\"thumbnailUrl\":\"https:\\\/\\\/www.jaermuseet.no\\\/wp-content\\\/uploads\\\/sites\\\/10\\\/2012\\\/10\\\/Lys_mot_havet.jpg\",\"datePublished\":\"2012-10-16T09:58:46+00:00\",\"dateModified\":\"2015-09-17T13:51:01+00:00\",\"author\":{\"@id\":\"https:\\\/\\\/www.jaermuseet.no\\\/tungenesfyr\\\/#\\\/schema\\\/person\\\/ad28cf844fb90e04e5602a5b095afc7b\"},\"breadcrumb\":{\"@id\":\"https:\\\/\\\/www.jaermuseet.no\\\/tungenesfyr\\\/nautofon-20-10-2012\\\/#breadcrumb\"},\"inLanguage\":\"nn-NO\",\"potentialAction\":[{\"@type\":\"ReadAction\",\"target\":[\"https:\\\/\\\/www.jaermuseet.no\\\/tungenesfyr\\\/nautofon-20-10-2012\\\/\"]}]},{\"@type\":\"ImageObject\",\"inLanguage\":\"nn-NO\",\"@id\":\"https:\\\/\\\/www.jaermuseet.no\\\/tungenesfyr\\\/nautofon-20-10-2012\\\/#primaryimage\",\"url\":\"https:\\\/\\\/www.jaermuseet.no\\\/wp-content\\\/uploads\\\/sites\\\/10\\\/2012\\\/10\\\/Lys_mot_havet.jpg\",\"contentUrl\":\"https:\\\/\\\/www.jaermuseet.no\\\/wp-content\\\/uploads\\\/sites\\\/10\\\/2012\\\/10\\\/Lys_mot_havet.jpg\"},{\"@type\":\"BreadcrumbList\",\"@id\":\"https:\\\/\\\/www.jaermuseet.no\\\/tungenesfyr\\\/nautofon-20-10-2012\\\/#breadcrumb\",\"itemListElement\":[{\"@type\":\"ListItem\",\"position\":1,\"name\":\"Hjem\",\"item\":\"https:\\\/\\\/www.jaermuseet.no\\\/tungenesfyr\\\/\"},{\"@type\":\"ListItem\",\"position\":2,\"name\":\"Nautofon 20.10.2012\"}]},{\"@type\":\"WebSite\",\"@id\":\"https:\\\/\\\/www.jaermuseet.no\\\/tungenesfyr\\\/#website\",\"url\":\"https:\\\/\\\/www.jaermuseet.no\\\/tungenesfyr\\\/\",\"name\":\"Tungenes Fyr\",\"description\":\"Eit kulturelt fyrt\u00e5rn med eit mangfaldig aktivitetstilbod.\",\"potentialAction\":[{\"@type\":\"SearchAction\",\"target\":{\"@type\":\"EntryPoint\",\"urlTemplate\":\"https:\\\/\\\/www.jaermuseet.no\\\/tungenesfyr\\\/?s={search_term_string}\"},\"query-input\":{\"@type\":\"PropertyValueSpecification\",\"valueRequired\":true,\"valueName\":\"search_term_string\"}}],\"inLanguage\":\"nn-NO\"},{\"@type\":\"Person\",\"@id\":\"https:\\\/\\\/www.jaermuseet.no\\\/tungenesfyr\\\/#\\\/schema\\\/person\\\/ad28cf844fb90e04e5602a5b095afc7b\",\"name\":\"tungenesfyr\",\"image\":{\"@type\":\"ImageObject\",\"inLanguage\":\"nn-NO\",\"@id\":\"https:\\\/\\\/secure.gravatar.com\\\/avatar\\\/d70ae36f62b71e8bda7363ecf7b630130b8c22c55f903a5d44cd9fa7bfe96dd3?s=96&d=mm&r=g\",\"url\":\"https:\\\/\\\/secure.gravatar.com\\\/avatar\\\/d70ae36f62b71e8bda7363ecf7b630130b8c22c55f903a5d44cd9fa7bfe96dd3?s=96&d=mm&r=g\",\"contentUrl\":\"https:\\\/\\\/secure.gravatar.com\\\/avatar\\\/d70ae36f62b71e8bda7363ecf7b630130b8c22c55f903a5d44cd9fa7bfe96dd3?s=96&d=mm&r=g\",\"caption\":\"tungenesfyr\"},\"url\":\"https:\\\/\\\/www.jaermuseet.no\\\/tungenesfyr\\\/author\\\/tungenesfyr\\\/\"}]}<\/script>\n<!-- \/ Yoast SEO plugin. -->","yoast_head_json":{"title":"Nautofon 20.10.2012 - Tungenes Fyr","robots":{"index":"index","follow":"follow","max-snippet":"max-snippet:-1","max-image-preview":"max-image-preview:large","max-video-preview":"max-video-preview:-1"},"canonical":"https:\/\/www.jaermuseet.no\/tungenesfyr\/nautofon-20-10-2012\/","og_locale":"nn_NO","og_type":"article","og_title":"Nautofon 20.10.2012 - Tungenes Fyr","og_description":"Velkommen til\u00a0festival\u00a0p\u00e5\u00a0Tungenes fyr. Foto: Ove Tennfjord, Randaberg kommune Program:Lasse Marhaug...","og_url":"https:\/\/www.jaermuseet.no\/tungenesfyr\/nautofon-20-10-2012\/","og_site_name":"Tungenes Fyr","article_published_time":"2012-10-16T09:58:46+00:00","article_modified_time":"2015-09-17T13:51:01+00:00","og_image":[{"url":"https:\/\/www.jaermuseet.no\/wp-content\/uploads\/sites\/10\/2012\/10\/Lys_mot_havet.jpg","type":"","width":"","height":""}],"author":"tungenesfyr","twitter_card":"summary_large_image","twitter_misc":{"Written by":"tungenesfyr","Est. reading time":"1 minutt"},"schema":{"@context":"https:\/\/schema.org","@graph":[{"@type":"Article","@id":"https:\/\/www.jaermuseet.no\/tungenesfyr\/nautofon-20-10-2012\/#article","isPartOf":{"@id":"https:\/\/www.jaermuseet.no\/tungenesfyr\/nautofon-20-10-2012\/"},"author":{"name":"tungenesfyr","@id":"https:\/\/www.jaermuseet.no\/tungenesfyr\/#\/schema\/person\/ad28cf844fb90e04e5602a5b095afc7b"},"headline":"Nautofon 20.10.2012","datePublished":"2012-10-16T09:58:46+00:00","dateModified":"2015-09-17T13:51:01+00:00","mainEntityOfPage":{"@id":"https:\/\/www.jaermuseet.no\/tungenesfyr\/nautofon-20-10-2012\/"},"wordCount":166,"image":{"@id":"https:\/\/www.jaermuseet.no\/tungenesfyr\/nautofon-20-10-2012\/#primaryimage"},"thumbnailUrl":"https:\/\/www.jaermuseet.no\/wp-content\/uploads\/sites\/10\/2012\/10\/Lys_mot_havet.jpg","articleSection":["Nytt fr\u00e5 Tungenes Fyr"],"inLanguage":"nn-NO"},{"@type":"WebPage","@id":"https:\/\/www.jaermuseet.no\/tungenesfyr\/nautofon-20-10-2012\/","url":"https:\/\/www.jaermuseet.no\/tungenesfyr\/nautofon-20-10-2012\/","name":"Nautofon 20.10.2012 - Tungenes Fyr","isPartOf":{"@id":"https:\/\/www.jaermuseet.no\/tungenesfyr\/#website"},"primaryImageOfPage":{"@id":"https:\/\/www.jaermuseet.no\/tungenesfyr\/nautofon-20-10-2012\/#primaryimage"},"image":{"@id":"https:\/\/www.jaermuseet.no\/tungenesfyr\/nautofon-20-10-2012\/#primaryimage"},"thumbnailUrl":"https:\/\/www.jaermuseet.no\/wp-content\/uploads\/sites\/10\/2012\/10\/Lys_mot_havet.jpg","datePublished":"2012-10-16T09:58:46+00:00","dateModified":"2015-09-17T13:51:01+00:00","author":{"@id":"https:\/\/www.jaermuseet.no\/tungenesfyr\/#\/schema\/person\/ad28cf844fb90e04e5602a5b095afc7b"},"breadcrumb":{"@id":"https:\/\/www.jaermuseet.no\/tungenesfyr\/nautofon-20-10-2012\/#breadcrumb"},"inLanguage":"nn-NO","potentialAction":[{"@type":"ReadAction","target":["https:\/\/www.jaermuseet.no\/tungenesfyr\/nautofon-20-10-2012\/"]}]},{"@type":"ImageObject","inLanguage":"nn-NO","@id":"https:\/\/www.jaermuseet.no\/tungenesfyr\/nautofon-20-10-2012\/#primaryimage","url":"https:\/\/www.jaermuseet.no\/wp-content\/uploads\/sites\/10\/2012\/10\/Lys_mot_havet.jpg","contentUrl":"https:\/\/www.jaermuseet.no\/wp-content\/uploads\/sites\/10\/2012\/10\/Lys_mot_havet.jpg"},{"@type":"BreadcrumbList","@id":"https:\/\/www.jaermuseet.no\/tungenesfyr\/nautofon-20-10-2012\/#breadcrumb","itemListElement":[{"@type":"ListItem","position":1,"name":"Hjem","item":"https:\/\/www.jaermuseet.no\/tungenesfyr\/"},{"@type":"ListItem","position":2,"name":"Nautofon 20.10.2012"}]},{"@type":"WebSite","@id":"https:\/\/www.jaermuseet.no\/tungenesfyr\/#website","url":"https:\/\/www.jaermuseet.no\/tungenesfyr\/","name":"Tungenes Fyr","description":"Eit kulturelt fyrt\u00e5rn med eit mangfaldig aktivitetstilbod.","potentialAction":[{"@type":"SearchAction","target":{"@type":"EntryPoint","urlTemplate":"https:\/\/www.jaermuseet.no\/tungenesfyr\/?s={search_term_string}"},"query-input":{"@type":"PropertyValueSpecification","valueRequired":true,"valueName":"search_term_string"}}],"inLanguage":"nn-NO"},{"@type":"Person","@id":"https:\/\/www.jaermuseet.no\/tungenesfyr\/#\/schema\/person\/ad28cf844fb90e04e5602a5b095afc7b","name":"tungenesfyr","image":{"@type":"ImageObject","inLanguage":"nn-NO","@id":"https:\/\/secure.gravatar.com\/avatar\/d70ae36f62b71e8bda7363ecf7b630130b8c22c55f903a5d44cd9fa7bfe96dd3?s=96&d=mm&r=g","url":"https:\/\/secure.gravatar.com\/avatar\/d70ae36f62b71e8bda7363ecf7b630130b8c22c55f903a5d44cd9fa7bfe96dd3?s=96&d=mm&r=g","contentUrl":"https:\/\/secure.gravatar.com\/avatar\/d70ae36f62b71e8bda7363ecf7b630130b8c22c55f903a5d44cd9fa7bfe96dd3?s=96&d=mm&r=g","caption":"tungenesfyr"},"url":"https:\/\/www.jaermuseet.no\/tungenesfyr\/author\/tungenesfyr\/"}]}},"cc_featured_image_caption":{"caption_text":false,"source_text":false,"source_url":false},"jetpack_featured_media_url":"","jetpack_sharing_enabled":true,"_links":{"self":[{"href":"https:\/\/www.jaermuseet.no\/tungenesfyr\/wp-json\/wp\/v2\/posts\/42","targetHints":{"allow":["GET"]}}],"collection":[{"href":"https:\/\/www.jaermuseet.no\/tungenesfyr\/wp-json\/wp\/v2\/posts"}],"about":[{"href":"https:\/\/www.jaermuseet.no\/tungenesfyr\/wp-json\/wp\/v2\/types\/post"}],"author":[{"embeddable":true,"href":"https:\/\/www.jaermuseet.no\/tungenesfyr\/wp-json\/wp\/v2\/users\/9"}],"replies":[{"embeddable":true,"href":"https:\/\/www.jaermuseet.no\/tungenesfyr\/wp-json\/wp\/v2\/comments?post=42"}],"version-history":[{"count":1,"href":"https:\/\/www.jaermuseet.no\/tungenesfyr\/wp-json\/wp\/v2\/posts\/42\/revisions"}],"predecessor-version":[{"id":209,"href":"https:\/\/www.jaermuseet.no\/tungenesfyr\/wp-json\/wp\/v2\/posts\/42\/revisions\/209"}],"wp:attachment":[{"href":"https:\/\/www.jaermuseet.no\/tungenesfyr\/wp-json\/wp\/v2\/media?parent=42"}],"wp:term":[{"taxonomy":"category","embeddable":true,"href":"https:\/\/www.jaermuseet.no\/tungenesfyr\/wp-json\/wp\/v2\/categories?post=42"},{"taxonomy":"post_tag","embeddable":true,"href":"https:\/\/www.jaermuseet.no\/tungenesfyr\/wp-json\/wp\/v2\/tags?post=42"}],"curies":[{"name":"wp","href":"https:\/\/api.w.org\/{rel}","templated":true}]}}