{"id":26,"date":"2010-11-26T09:07:38","date_gmt":"2010-11-26T08:07:38","guid":{"rendered":"https:\/\/www.jaermuseet.no\/tungenesfyr\/forjulsstemning-pa-fyret\/"},"modified":"2015-09-17T15:51:02","modified_gmt":"2015-09-17T13:51:02","slug":"forjulsstemning-pa-fyret","status":"publish","type":"post","link":"https:\/\/www.jaermuseet.no\/tungenesfyr\/forjulsstemning-pa-fyret\/","title":{"rendered":"F\u00f8rjulsstemning p\u00e5 fyret"},"content":{"rendered":"<p><img loading=\"lazy\" decoding=\"async\" style=\"margin-right: 10px;float: left\" alt=\"juletre\" src=\"https:\/\/www.jaermuseet.no\/wp-content\/uploads\/sites\/10\/2010\/11\/juletre.jpg\" height=\"150\" width=\"112\" \/>J\u00e6rmuseet og Randaberg kommune invitarar til f\u00f8rjulsstemning med juleverkstad og juleforteljingar s\u00f8ndag 28. november kl. 12-16.<\/p>\n<p>Marianne Stenerud fortel forunderlege julehistoriar for vaksne og born over fire \u00e5r. I juleverkstaden kan du lage tradisjonell og utradisjonell julepynt.<\/p>\n<p>Det blir sal av gr\u00f8t, gl\u00f8gg og julebakst.<\/p>\n<p>Billettpris: born kr. 50, vaksne gratis.<\/p>\n<p>Hjarteleg velkommen.<\/p>\n","protected":false},"excerpt":{"rendered":"<p>J\u00e6rmuseet og Randaberg kommune invitarar til f\u00f8rjulsstemning med juleverkstad&#8230;<\/p>\n","protected":false},"author":9,"featured_media":0,"comment_status":"closed","ping_status":"closed","sticky":false,"template":"","format":"standard","meta":{"_acf_changed":false,"_jetpack_memberships_contains_paid_content":false,"footnotes":""},"categories":[3],"tags":[],"class_list":["post-26","post","type-post","status-publish","format-standard","hentry","category-nytt-fra-tungenes-fyr"],"acf":[],"yoast_head":"<!-- This site is optimized with the Yoast SEO plugin v27.4 - https:\/\/yoast.com\/product\/yoast-seo-wordpress\/ -->\n<title>F\u00f8rjulsstemning p\u00e5 fyret - Tungenes Fyr<\/title>\n<meta name=\"robots\" content=\"index, follow, max-snippet:-1, max-image-preview:large, max-video-preview:-1\" \/>\n<link rel=\"canonical\" href=\"https:\/\/www.jaermuseet.no\/tungenesfyr\/forjulsstemning-pa-fyret\/\" \/>\n<meta property=\"og:locale\" content=\"nn_NO\" \/>\n<meta property=\"og:type\" content=\"article\" \/>\n<meta property=\"og:title\" content=\"F\u00f8rjulsstemning p\u00e5 fyret - Tungenes Fyr\" \/>\n<meta property=\"og:description\" content=\"J\u00e6rmuseet og Randaberg kommune invitarar til f\u00f8rjulsstemning med juleverkstad...\" \/>\n<meta property=\"og:url\" content=\"https:\/\/www.jaermuseet.no\/tungenesfyr\/forjulsstemning-pa-fyret\/\" \/>\n<meta property=\"og:site_name\" content=\"Tungenes Fyr\" \/>\n<meta property=\"article:published_time\" content=\"2010-11-26T08:07:38+00:00\" \/>\n<meta property=\"article:modified_time\" content=\"2015-09-17T13:51:02+00:00\" \/>\n<meta property=\"og:image\" content=\"https:\/\/www.jaermuseet.no\/wp-content\/uploads\/sites\/10\/2010\/11\/juletre.jpg\" \/>\n<meta name=\"author\" content=\"tungenesfyr\" \/>\n<meta name=\"twitter:card\" content=\"summary_large_image\" \/>\n<meta name=\"twitter:label1\" content=\"Written by\" \/>\n\t<meta name=\"twitter:data1\" content=\"tungenesfyr\" \/>\n<script type=\"application\/ld+json\" class=\"yoast-schema-graph\">{\"@context\":\"https:\\\/\\\/schema.org\",\"@graph\":[{\"@type\":\"Article\",\"@id\":\"https:\\\/\\\/www.jaermuseet.no\\\/tungenesfyr\\\/forjulsstemning-pa-fyret\\\/#article\",\"isPartOf\":{\"@id\":\"https:\\\/\\\/www.jaermuseet.no\\\/tungenesfyr\\\/forjulsstemning-pa-fyret\\\/\"},\"author\":{\"name\":\"tungenesfyr\",\"@id\":\"https:\\\/\\\/www.jaermuseet.no\\\/tungenesfyr\\\/#\\\/schema\\\/person\\\/ad28cf844fb90e04e5602a5b095afc7b\"},\"headline\":\"F\u00f8rjulsstemning p\u00e5 fyret\",\"datePublished\":\"2010-11-26T08:07:38+00:00\",\"dateModified\":\"2015-09-17T13:51:02+00:00\",\"mainEntityOfPage\":{\"@id\":\"https:\\\/\\\/www.jaermuseet.no\\\/tungenesfyr\\\/forjulsstemning-pa-fyret\\\/\"},\"wordCount\":60,\"image\":{\"@id\":\"https:\\\/\\\/www.jaermuseet.no\\\/tungenesfyr\\\/forjulsstemning-pa-fyret\\\/#primaryimage\"},\"thumbnailUrl\":\"https:\\\/\\\/www.jaermuseet.no\\\/wp-content\\\/uploads\\\/sites\\\/10\\\/2010\\\/11\\\/juletre.jpg\",\"articleSection\":[\"Nytt fr\u00e5 Tungenes Fyr\"],\"inLanguage\":\"nn-NO\"},{\"@type\":\"WebPage\",\"@id\":\"https:\\\/\\\/www.jaermuseet.no\\\/tungenesfyr\\\/forjulsstemning-pa-fyret\\\/\",\"url\":\"https:\\\/\\\/www.jaermuseet.no\\\/tungenesfyr\\\/forjulsstemning-pa-fyret\\\/\",\"name\":\"F\u00f8rjulsstemning p\u00e5 fyret - Tungenes Fyr\",\"isPartOf\":{\"@id\":\"https:\\\/\\\/www.jaermuseet.no\\\/tungenesfyr\\\/#website\"},\"primaryImageOfPage\":{\"@id\":\"https:\\\/\\\/www.jaermuseet.no\\\/tungenesfyr\\\/forjulsstemning-pa-fyret\\\/#primaryimage\"},\"image\":{\"@id\":\"https:\\\/\\\/www.jaermuseet.no\\\/tungenesfyr\\\/forjulsstemning-pa-fyret\\\/#primaryimage\"},\"thumbnailUrl\":\"https:\\\/\\\/www.jaermuseet.no\\\/wp-content\\\/uploads\\\/sites\\\/10\\\/2010\\\/11\\\/juletre.jpg\",\"datePublished\":\"2010-11-26T08:07:38+00:00\",\"dateModified\":\"2015-09-17T13:51:02+00:00\",\"author\":{\"@id\":\"https:\\\/\\\/www.jaermuseet.no\\\/tungenesfyr\\\/#\\\/schema\\\/person\\\/ad28cf844fb90e04e5602a5b095afc7b\"},\"breadcrumb\":{\"@id\":\"https:\\\/\\\/www.jaermuseet.no\\\/tungenesfyr\\\/forjulsstemning-pa-fyret\\\/#breadcrumb\"},\"inLanguage\":\"nn-NO\",\"potentialAction\":[{\"@type\":\"ReadAction\",\"target\":[\"https:\\\/\\\/www.jaermuseet.no\\\/tungenesfyr\\\/forjulsstemning-pa-fyret\\\/\"]}]},{\"@type\":\"ImageObject\",\"inLanguage\":\"nn-NO\",\"@id\":\"https:\\\/\\\/www.jaermuseet.no\\\/tungenesfyr\\\/forjulsstemning-pa-fyret\\\/#primaryimage\",\"url\":\"https:\\\/\\\/www.jaermuseet.no\\\/wp-content\\\/uploads\\\/sites\\\/10\\\/2010\\\/11\\\/juletre.jpg\",\"contentUrl\":\"https:\\\/\\\/www.jaermuseet.no\\\/wp-content\\\/uploads\\\/sites\\\/10\\\/2010\\\/11\\\/juletre.jpg\"},{\"@type\":\"BreadcrumbList\",\"@id\":\"https:\\\/\\\/www.jaermuseet.no\\\/tungenesfyr\\\/forjulsstemning-pa-fyret\\\/#breadcrumb\",\"itemListElement\":[{\"@type\":\"ListItem\",\"position\":1,\"name\":\"Hjem\",\"item\":\"https:\\\/\\\/www.jaermuseet.no\\\/tungenesfyr\\\/\"},{\"@type\":\"ListItem\",\"position\":2,\"name\":\"F\u00f8rjulsstemning p\u00e5 fyret\"}]},{\"@type\":\"WebSite\",\"@id\":\"https:\\\/\\\/www.jaermuseet.no\\\/tungenesfyr\\\/#website\",\"url\":\"https:\\\/\\\/www.jaermuseet.no\\\/tungenesfyr\\\/\",\"name\":\"Tungenes Fyr\",\"description\":\"Eit kulturelt fyrt\u00e5rn med eit mangfaldig aktivitetstilbod.\",\"potentialAction\":[{\"@type\":\"SearchAction\",\"target\":{\"@type\":\"EntryPoint\",\"urlTemplate\":\"https:\\\/\\\/www.jaermuseet.no\\\/tungenesfyr\\\/?s={search_term_string}\"},\"query-input\":{\"@type\":\"PropertyValueSpecification\",\"valueRequired\":true,\"valueName\":\"search_term_string\"}}],\"inLanguage\":\"nn-NO\"},{\"@type\":\"Person\",\"@id\":\"https:\\\/\\\/www.jaermuseet.no\\\/tungenesfyr\\\/#\\\/schema\\\/person\\\/ad28cf844fb90e04e5602a5b095afc7b\",\"name\":\"tungenesfyr\",\"image\":{\"@type\":\"ImageObject\",\"inLanguage\":\"nn-NO\",\"@id\":\"https:\\\/\\\/secure.gravatar.com\\\/avatar\\\/d70ae36f62b71e8bda7363ecf7b630130b8c22c55f903a5d44cd9fa7bfe96dd3?s=96&d=mm&r=g\",\"url\":\"https:\\\/\\\/secure.gravatar.com\\\/avatar\\\/d70ae36f62b71e8bda7363ecf7b630130b8c22c55f903a5d44cd9fa7bfe96dd3?s=96&d=mm&r=g\",\"contentUrl\":\"https:\\\/\\\/secure.gravatar.com\\\/avatar\\\/d70ae36f62b71e8bda7363ecf7b630130b8c22c55f903a5d44cd9fa7bfe96dd3?s=96&d=mm&r=g\",\"caption\":\"tungenesfyr\"},\"url\":\"https:\\\/\\\/www.jaermuseet.no\\\/tungenesfyr\\\/author\\\/tungenesfyr\\\/\"}]}<\/script>\n<!-- \/ Yoast SEO plugin. -->","yoast_head_json":{"title":"F\u00f8rjulsstemning p\u00e5 fyret - Tungenes Fyr","robots":{"index":"index","follow":"follow","max-snippet":"max-snippet:-1","max-image-preview":"max-image-preview:large","max-video-preview":"max-video-preview:-1"},"canonical":"https:\/\/www.jaermuseet.no\/tungenesfyr\/forjulsstemning-pa-fyret\/","og_locale":"nn_NO","og_type":"article","og_title":"F\u00f8rjulsstemning p\u00e5 fyret - Tungenes Fyr","og_description":"J\u00e6rmuseet og Randaberg kommune invitarar til f\u00f8rjulsstemning med juleverkstad...","og_url":"https:\/\/www.jaermuseet.no\/tungenesfyr\/forjulsstemning-pa-fyret\/","og_site_name":"Tungenes Fyr","article_published_time":"2010-11-26T08:07:38+00:00","article_modified_time":"2015-09-17T13:51:02+00:00","og_image":[{"url":"https:\/\/www.jaermuseet.no\/wp-content\/uploads\/sites\/10\/2010\/11\/juletre.jpg","type":"","width":"","height":""}],"author":"tungenesfyr","twitter_card":"summary_large_image","twitter_misc":{"Written by":"tungenesfyr"},"schema":{"@context":"https:\/\/schema.org","@graph":[{"@type":"Article","@id":"https:\/\/www.jaermuseet.no\/tungenesfyr\/forjulsstemning-pa-fyret\/#article","isPartOf":{"@id":"https:\/\/www.jaermuseet.no\/tungenesfyr\/forjulsstemning-pa-fyret\/"},"author":{"name":"tungenesfyr","@id":"https:\/\/www.jaermuseet.no\/tungenesfyr\/#\/schema\/person\/ad28cf844fb90e04e5602a5b095afc7b"},"headline":"F\u00f8rjulsstemning p\u00e5 fyret","datePublished":"2010-11-26T08:07:38+00:00","dateModified":"2015-09-17T13:51:02+00:00","mainEntityOfPage":{"@id":"https:\/\/www.jaermuseet.no\/tungenesfyr\/forjulsstemning-pa-fyret\/"},"wordCount":60,"image":{"@id":"https:\/\/www.jaermuseet.no\/tungenesfyr\/forjulsstemning-pa-fyret\/#primaryimage"},"thumbnailUrl":"https:\/\/www.jaermuseet.no\/wp-content\/uploads\/sites\/10\/2010\/11\/juletre.jpg","articleSection":["Nytt fr\u00e5 Tungenes Fyr"],"inLanguage":"nn-NO"},{"@type":"WebPage","@id":"https:\/\/www.jaermuseet.no\/tungenesfyr\/forjulsstemning-pa-fyret\/","url":"https:\/\/www.jaermuseet.no\/tungenesfyr\/forjulsstemning-pa-fyret\/","name":"F\u00f8rjulsstemning p\u00e5 fyret - Tungenes Fyr","isPartOf":{"@id":"https:\/\/www.jaermuseet.no\/tungenesfyr\/#website"},"primaryImageOfPage":{"@id":"https:\/\/www.jaermuseet.no\/tungenesfyr\/forjulsstemning-pa-fyret\/#primaryimage"},"image":{"@id":"https:\/\/www.jaermuseet.no\/tungenesfyr\/forjulsstemning-pa-fyret\/#primaryimage"},"thumbnailUrl":"https:\/\/www.jaermuseet.no\/wp-content\/uploads\/sites\/10\/2010\/11\/juletre.jpg","datePublished":"2010-11-26T08:07:38+00:00","dateModified":"2015-09-17T13:51:02+00:00","author":{"@id":"https:\/\/www.jaermuseet.no\/tungenesfyr\/#\/schema\/person\/ad28cf844fb90e04e5602a5b095afc7b"},"breadcrumb":{"@id":"https:\/\/www.jaermuseet.no\/tungenesfyr\/forjulsstemning-pa-fyret\/#breadcrumb"},"inLanguage":"nn-NO","potentialAction":[{"@type":"ReadAction","target":["https:\/\/www.jaermuseet.no\/tungenesfyr\/forjulsstemning-pa-fyret\/"]}]},{"@type":"ImageObject","inLanguage":"nn-NO","@id":"https:\/\/www.jaermuseet.no\/tungenesfyr\/forjulsstemning-pa-fyret\/#primaryimage","url":"https:\/\/www.jaermuseet.no\/wp-content\/uploads\/sites\/10\/2010\/11\/juletre.jpg","contentUrl":"https:\/\/www.jaermuseet.no\/wp-content\/uploads\/sites\/10\/2010\/11\/juletre.jpg"},{"@type":"BreadcrumbList","@id":"https:\/\/www.jaermuseet.no\/tungenesfyr\/forjulsstemning-pa-fyret\/#breadcrumb","itemListElement":[{"@type":"ListItem","position":1,"name":"Hjem","item":"https:\/\/www.jaermuseet.no\/tungenesfyr\/"},{"@type":"ListItem","position":2,"name":"F\u00f8rjulsstemning p\u00e5 fyret"}]},{"@type":"WebSite","@id":"https:\/\/www.jaermuseet.no\/tungenesfyr\/#website","url":"https:\/\/www.jaermuseet.no\/tungenesfyr\/","name":"Tungenes Fyr","description":"Eit kulturelt fyrt\u00e5rn med eit mangfaldig aktivitetstilbod.","potentialAction":[{"@type":"SearchAction","target":{"@type":"EntryPoint","urlTemplate":"https:\/\/www.jaermuseet.no\/tungenesfyr\/?s={search_term_string}"},"query-input":{"@type":"PropertyValueSpecification","valueRequired":true,"valueName":"search_term_string"}}],"inLanguage":"nn-NO"},{"@type":"Person","@id":"https:\/\/www.jaermuseet.no\/tungenesfyr\/#\/schema\/person\/ad28cf844fb90e04e5602a5b095afc7b","name":"tungenesfyr","image":{"@type":"ImageObject","inLanguage":"nn-NO","@id":"https:\/\/secure.gravatar.com\/avatar\/d70ae36f62b71e8bda7363ecf7b630130b8c22c55f903a5d44cd9fa7bfe96dd3?s=96&d=mm&r=g","url":"https:\/\/secure.gravatar.com\/avatar\/d70ae36f62b71e8bda7363ecf7b630130b8c22c55f903a5d44cd9fa7bfe96dd3?s=96&d=mm&r=g","contentUrl":"https:\/\/secure.gravatar.com\/avatar\/d70ae36f62b71e8bda7363ecf7b630130b8c22c55f903a5d44cd9fa7bfe96dd3?s=96&d=mm&r=g","caption":"tungenesfyr"},"url":"https:\/\/www.jaermuseet.no\/tungenesfyr\/author\/tungenesfyr\/"}]}},"cc_featured_image_caption":{"caption_text":false,"source_text":false,"source_url":false},"jetpack_featured_media_url":"","jetpack_sharing_enabled":true,"_links":{"self":[{"href":"https:\/\/www.jaermuseet.no\/tungenesfyr\/wp-json\/wp\/v2\/posts\/26","targetHints":{"allow":["GET"]}}],"collection":[{"href":"https:\/\/www.jaermuseet.no\/tungenesfyr\/wp-json\/wp\/v2\/posts"}],"about":[{"href":"https:\/\/www.jaermuseet.no\/tungenesfyr\/wp-json\/wp\/v2\/types\/post"}],"author":[{"embeddable":true,"href":"https:\/\/www.jaermuseet.no\/tungenesfyr\/wp-json\/wp\/v2\/users\/9"}],"replies":[{"embeddable":true,"href":"https:\/\/www.jaermuseet.no\/tungenesfyr\/wp-json\/wp\/v2\/comments?post=26"}],"version-history":[{"count":1,"href":"https:\/\/www.jaermuseet.no\/tungenesfyr\/wp-json\/wp\/v2\/posts\/26\/revisions"}],"predecessor-version":[{"id":225,"href":"https:\/\/www.jaermuseet.no\/tungenesfyr\/wp-json\/wp\/v2\/posts\/26\/revisions\/225"}],"wp:attachment":[{"href":"https:\/\/www.jaermuseet.no\/tungenesfyr\/wp-json\/wp\/v2\/media?parent=26"}],"wp:term":[{"taxonomy":"category","embeddable":true,"href":"https:\/\/www.jaermuseet.no\/tungenesfyr\/wp-json\/wp\/v2\/categories?post=26"},{"taxonomy":"post_tag","embeddable":true,"href":"https:\/\/www.jaermuseet.no\/tungenesfyr\/wp-json\/wp\/v2\/tags?post=26"}],"curies":[{"name":"wp","href":"https:\/\/api.w.org\/{rel}","templated":true}]}}