{"id":1432,"date":"2025-07-04T13:02:36","date_gmt":"2025-07-04T11:02:36","guid":{"rendered":"https:\/\/www.jaermuseet.no\/tungenesfyr\/?p=1432"},"modified":"2025-08-11T11:24:08","modified_gmt":"2025-08-11T09:24:08","slug":"ny-utstilling-pa-tungenes-roret-er-eit-mentalt-symbol","status":"publish","type":"post","link":"https:\/\/www.jaermuseet.no\/tungenesfyr\/ny-utstilling-pa-tungenes-roret-er-eit-mentalt-symbol\/","title":{"rendered":"Ny utstilling p\u00e5 Tungenes: -roret er eit mentalt symbol"},"content":{"rendered":"\n<p><strong>Medan <em>Restauration<\/em> seglar forbi Tungenes fredag 4. juli i samband med 200-\u00e5rsmarkeringa for starten p\u00e5 organiseringa av norske busetjingar over dammen, opnar samstundes ei utstilling p\u00e5 fyret til refleksjon over tydinga av reise, sj\u00f8liv og retning.<\/strong><\/p>\n\n\n\n<p>Men Ingvar Moi, kunstnaren bak utstillinga &#8220;Spor i Sj\u00f8&#8221;, ville nok ikkje sj\u00f8lv ha teke turen for 200 \u00e5r sidan \u2013 for som han sj\u00f8lv seier dagen f\u00f8r utstillingsopninga: \u2013 Eg likar ikkje \u00e5 vera p\u00e5 havet.<\/p>\n\n\n\n<p>Likevel er det nett havet som er tema for dei 33 kunstverka som no er utstilte p\u00e5 Tungenes fyr.<\/p>\n\n\n\n<figure class=\"wp-block-image size-large\"><img loading=\"lazy\" decoding=\"async\" width=\"1024\" height=\"683\" src=\"https:\/\/www.jaermuseet.no\/tungenesfyr\/wp-content\/uploads\/sites\/10\/2025\/07\/250703_Tungenes_fyr_Utstillingsapning_6-1024x683.jpg\" alt=\"\" class=\"wp-image-1435\" srcset=\"https:\/\/www.jaermuseet.no\/tungenesfyr\/wp-content\/uploads\/sites\/10\/2025\/07\/250703_Tungenes_fyr_Utstillingsapning_6-1024x683.jpg 1024w, https:\/\/www.jaermuseet.no\/tungenesfyr\/wp-content\/uploads\/sites\/10\/2025\/07\/250703_Tungenes_fyr_Utstillingsapning_6-300x200.jpg 300w, https:\/\/www.jaermuseet.no\/tungenesfyr\/wp-content\/uploads\/sites\/10\/2025\/07\/250703_Tungenes_fyr_Utstillingsapning_6-200x133.jpg 200w, https:\/\/www.jaermuseet.no\/tungenesfyr\/wp-content\/uploads\/sites\/10\/2025\/07\/250703_Tungenes_fyr_Utstillingsapning_6-1536x1024.jpg 1536w, https:\/\/www.jaermuseet.no\/tungenesfyr\/wp-content\/uploads\/sites\/10\/2025\/07\/250703_Tungenes_fyr_Utstillingsapning_6-2048x1365.jpg 2048w\" sizes=\"auto, (max-width: 1024px) 100vw, 1024px\" \/><\/figure>\n\n\n\n<p>I uthuset p\u00e5 fyret dagen f\u00f8r opninga fortel Moi om tankane bak, og kvifor akkurat roret har f\u00e5tt ei sentral rolle i utstillinga.<\/p>\n\n\n\n<p>\u2013 Ved \u00e5 nytta roret i lag med forteljingar knytte til dei, h\u00e5par eg at dei bes\u00f8kande tenkjer over roret b\u00e5de som skulptur, som forteljing og som symbol, forklarar han.<\/p>\n\n\n\n<figure class=\"wp-block-image size-large\"><img loading=\"lazy\" decoding=\"async\" width=\"1024\" height=\"683\" src=\"https:\/\/www.jaermuseet.no\/tungenesfyr\/wp-content\/uploads\/sites\/10\/2025\/07\/250703_Tungenes_fyr_Utstillingsapning_9-1024x683.jpg\" alt=\"\" class=\"wp-image-1437\" srcset=\"https:\/\/www.jaermuseet.no\/tungenesfyr\/wp-content\/uploads\/sites\/10\/2025\/07\/250703_Tungenes_fyr_Utstillingsapning_9-1024x683.jpg 1024w, https:\/\/www.jaermuseet.no\/tungenesfyr\/wp-content\/uploads\/sites\/10\/2025\/07\/250703_Tungenes_fyr_Utstillingsapning_9-300x200.jpg 300w, https:\/\/www.jaermuseet.no\/tungenesfyr\/wp-content\/uploads\/sites\/10\/2025\/07\/250703_Tungenes_fyr_Utstillingsapning_9-200x133.jpg 200w, https:\/\/www.jaermuseet.no\/tungenesfyr\/wp-content\/uploads\/sites\/10\/2025\/07\/250703_Tungenes_fyr_Utstillingsapning_9-1536x1024.jpg 1536w, https:\/\/www.jaermuseet.no\/tungenesfyr\/wp-content\/uploads\/sites\/10\/2025\/07\/250703_Tungenes_fyr_Utstillingsapning_9-2048x1365.jpg 2048w\" sizes=\"auto, (max-width: 1024px) 100vw, 1024px\" \/><\/figure>\n\n\n\n<p>P\u00e5 sp\u00f8rsm\u00e5l om kva han legg i uttrykket \u00abror som symbol\u00bb, svarar han:<\/p>\n\n\n\n<p>\u2013 \u00c9in ting er at dei vart brukte til \u00e5 styra b\u00e5ten, men ror er \u00f2g noko me menneske nyttar for \u00e5 bestemma kor me skal, kva me skal styra unna, og korleis me finn heim att.<\/p>\n\n\n\n<p>\u2013 Roret er alts\u00e5 ein viktig fysisk gjenstand, men \u00f2g eit mentalt symbol, fortel kunstnaren, \u2013 i alle fall for meg som er landkrabbe, legg j\u00e6rbuen til med eit glimt i auga.<\/p>\n\n\n\n<p><strong>Bakgrunn: Roret fr\u00e5 Lyng\u00f8r<\/strong><\/p>\n\n\n\n<figure class=\"wp-block-image size-large\"><img loading=\"lazy\" decoding=\"async\" width=\"1024\" height=\"683\" src=\"https:\/\/www.jaermuseet.no\/tungenesfyr\/wp-content\/uploads\/sites\/10\/2025\/07\/250703_Tungenes_fyr_Utstillingsapning_10-1024x683.jpg\" alt=\"\" class=\"wp-image-1438\" srcset=\"https:\/\/www.jaermuseet.no\/tungenesfyr\/wp-content\/uploads\/sites\/10\/2025\/07\/250703_Tungenes_fyr_Utstillingsapning_10-1024x683.jpg 1024w, https:\/\/www.jaermuseet.no\/tungenesfyr\/wp-content\/uploads\/sites\/10\/2025\/07\/250703_Tungenes_fyr_Utstillingsapning_10-300x200.jpg 300w, https:\/\/www.jaermuseet.no\/tungenesfyr\/wp-content\/uploads\/sites\/10\/2025\/07\/250703_Tungenes_fyr_Utstillingsapning_10-200x133.jpg 200w, https:\/\/www.jaermuseet.no\/tungenesfyr\/wp-content\/uploads\/sites\/10\/2025\/07\/250703_Tungenes_fyr_Utstillingsapning_10-1536x1024.jpg 1536w, https:\/\/www.jaermuseet.no\/tungenesfyr\/wp-content\/uploads\/sites\/10\/2025\/07\/250703_Tungenes_fyr_Utstillingsapning_10-2048x1365.jpg 2048w\" sizes=\"auto, (max-width: 1024px) 100vw, 1024px\" \/><\/figure>\n\n\n\n<p>For seks-sju \u00e5r sidan var Moi p\u00e5 kaf\u00e9 i Lyng\u00f8r, og blei \u2013 slik han sj\u00f8lv forklarar det \u2013 forelska i eit ror som hadde vore spikra opp bak ein d\u00f8r.<\/p>\n\n\n\n<p>Medan han arbeidde med skissane, trefte han Ketil Thu, leiar ved Eng\u00f8yholmen kystkultursenter, som ikkje var i tvil: Moi sitt arbeid m\u00e5tte bli ei utstilling i samband med 200-\u00e5rsmarkeringa.<\/p>\n\n\n\n<p>Men det er ikkje kva som helst ror som no heng p\u00e5 veggane p\u00e5 Tungenes fyr, forklarar Moi. Mange av dei har tilknyting til Stavanger-regionen og innover i Ryfylke.<\/p>\n\n\n\n<p><strong>Ror og b\u00e5tar med regional forankring<\/strong><\/p>\n\n\n\n<figure class=\"wp-block-image size-large\"><img loading=\"lazy\" decoding=\"async\" width=\"1024\" height=\"683\" src=\"https:\/\/www.jaermuseet.no\/tungenesfyr\/wp-content\/uploads\/sites\/10\/2025\/07\/250703_Tungenes_fyr_Utstillingsapning_11-1024x683.jpg\" alt=\"\" class=\"wp-image-1439\" srcset=\"https:\/\/www.jaermuseet.no\/tungenesfyr\/wp-content\/uploads\/sites\/10\/2025\/07\/250703_Tungenes_fyr_Utstillingsapning_11-1024x683.jpg 1024w, https:\/\/www.jaermuseet.no\/tungenesfyr\/wp-content\/uploads\/sites\/10\/2025\/07\/250703_Tungenes_fyr_Utstillingsapning_11-300x200.jpg 300w, https:\/\/www.jaermuseet.no\/tungenesfyr\/wp-content\/uploads\/sites\/10\/2025\/07\/250703_Tungenes_fyr_Utstillingsapning_11-200x133.jpg 200w, https:\/\/www.jaermuseet.no\/tungenesfyr\/wp-content\/uploads\/sites\/10\/2025\/07\/250703_Tungenes_fyr_Utstillingsapning_11-1536x1024.jpg 1536w, https:\/\/www.jaermuseet.no\/tungenesfyr\/wp-content\/uploads\/sites\/10\/2025\/07\/250703_Tungenes_fyr_Utstillingsapning_11-2048x1365.jpg 2048w\" sizes=\"auto, (max-width: 1024px) 100vw, 1024px\" \/><\/figure>\n\n\n\n<p>Eitt av rora kjem fr\u00e5 ein b\u00e5t som Sven Idse i Ryfylke bygde \u2013 ein b\u00e5t p\u00e5 14,5 fot, rigga b\u00e5de for \u00e5rar og segl. Roret som Moi har teke utgangspunkt i, er henta fr\u00e5 denne.<\/p>\n\n\n\n<p>Dei fleste fysiske ror og b\u00e5tar som er representerte i utstillinga med namnet <em>Spor i sj\u00f8<\/em>, h\u00f8yrer til p\u00e5 Eng\u00f8yholmen. Men dei som vil sj\u00e5 kunstverka hans, m\u00e5 ta turen til Tungenes, avsluttar Moi \u2013 som h\u00e5par kunsten hans kan bli ein samtalestartar om sj\u00f8fart, s\u00e6rleg levek\u00e5ra til fiskarane, og korleis dei har blitt p\u00e5verka av ulike faktorar gjennom tidene.<\/p>\n\n\n\n<p><strong>Avdelingsdirekt\u00f8r  er n\u00f8gd<\/strong><\/p>\n\n\n\n<figure class=\"wp-block-image size-large\"><img loading=\"lazy\" decoding=\"async\" width=\"1024\" height=\"683\" src=\"https:\/\/www.jaermuseet.no\/tungenesfyr\/wp-content\/uploads\/sites\/10\/2025\/07\/250703_Tungenes_fyr_Utstillingsapning-1024x683.jpg\" alt=\"\" class=\"wp-image-1440\" srcset=\"https:\/\/www.jaermuseet.no\/tungenesfyr\/wp-content\/uploads\/sites\/10\/2025\/07\/250703_Tungenes_fyr_Utstillingsapning-1024x683.jpg 1024w, https:\/\/www.jaermuseet.no\/tungenesfyr\/wp-content\/uploads\/sites\/10\/2025\/07\/250703_Tungenes_fyr_Utstillingsapning-300x200.jpg 300w, https:\/\/www.jaermuseet.no\/tungenesfyr\/wp-content\/uploads\/sites\/10\/2025\/07\/250703_Tungenes_fyr_Utstillingsapning-200x133.jpg 200w, https:\/\/www.jaermuseet.no\/tungenesfyr\/wp-content\/uploads\/sites\/10\/2025\/07\/250703_Tungenes_fyr_Utstillingsapning-1536x1024.jpg 1536w, https:\/\/www.jaermuseet.no\/tungenesfyr\/wp-content\/uploads\/sites\/10\/2025\/07\/250703_Tungenes_fyr_Utstillingsapning-2048x1365.jpg 2048w\" sizes=\"auto, (max-width: 1024px) 100vw, 1024px\" \/><figcaption class=\"wp-element-caption\">F.v: kunstnar Ingvar Moi, avdelingsledere Levande historie i J\u00e6rmuseet, Eirik Gurandsrud og Torgeir Nes ved Randaberg kommune<\/figcaption><\/figure>\n\n\n\n<p>Avdelingsleder Eirik Gurandsrud ved J\u00e6rmuseet-avdelinga &#8220;Levande historie&#8221; som er ansvarleg for drift og museumsformidling ved Tungenes fyr i lag med Randaberg kommune, fortel at utstillinga passar rett inn i Tungenes fyr si formidling.<\/p>\n\n\n\n<p>\u2013 Utstillinga er vakker for fleire sansar. For ikkje berre er det vakre element \u00e5 sj\u00e5, men \u00f2g noko \u00e5 lukta, forklarar Gurandsrud og held fram:<\/p>\n\n\n\n<p>\u2013 Det har nemleg blitt brukt tj\u00f8re i m\u00e5linga av kunstverka, og lukta gir ei ekstra dimensjon \u2013 ei ekte kjensle av b\u00e5t og sj\u00f8.<\/p>\n\n\n\n<p>Gurandsrud gler seg til \u00e5 ha utstillinga p\u00e5 plass fr\u00e5 4. juli, og ho skal st\u00e5 gjennom heile sommaren b\u00e5de i uthuset og i fyrkafeen kor publikum kan nyta kunst og regional kultrhistorie i lag med heimelaga vaffel, kaffi og is.<\/p>\n\n\n\n<figure class=\"wp-block-image size-large\"><img loading=\"lazy\" decoding=\"async\" width=\"1024\" height=\"683\" src=\"https:\/\/www.jaermuseet.no\/tungenesfyr\/wp-content\/uploads\/sites\/10\/2025\/07\/250703_Tungenes_fyr_Utstillingsapning_12-1024x683.jpg\" alt=\"\" class=\"wp-image-1441\" srcset=\"https:\/\/www.jaermuseet.no\/tungenesfyr\/wp-content\/uploads\/sites\/10\/2025\/07\/250703_Tungenes_fyr_Utstillingsapning_12-1024x683.jpg 1024w, https:\/\/www.jaermuseet.no\/tungenesfyr\/wp-content\/uploads\/sites\/10\/2025\/07\/250703_Tungenes_fyr_Utstillingsapning_12-300x200.jpg 300w, https:\/\/www.jaermuseet.no\/tungenesfyr\/wp-content\/uploads\/sites\/10\/2025\/07\/250703_Tungenes_fyr_Utstillingsapning_12-200x133.jpg 200w, https:\/\/www.jaermuseet.no\/tungenesfyr\/wp-content\/uploads\/sites\/10\/2025\/07\/250703_Tungenes_fyr_Utstillingsapning_12-1536x1024.jpg 1536w, https:\/\/www.jaermuseet.no\/tungenesfyr\/wp-content\/uploads\/sites\/10\/2025\/07\/250703_Tungenes_fyr_Utstillingsapning_12-2048x1365.jpg 2048w\" sizes=\"auto, (max-width: 1024px) 100vw, 1024px\" \/><\/figure>\n\n\n\n<p>Utstillinga er eit samarbeid mellom Ingvar Moi og Eng\u00f8yholmen kystkultursenter og Tungenes fyr ved J\u00e6rmuseet og Randaberg kommune.<\/p>\n","protected":false},"excerpt":{"rendered":"<p>Medan Restauration seglar forbi Tungenes fredag 4. juli i samband&#8230;<\/p>\n","protected":false},"author":55,"featured_media":1433,"comment_status":"closed","ping_status":"closed","sticky":false,"template":"","format":"standard","meta":{"_acf_changed":false,"_jetpack_memberships_contains_paid_content":false,"footnotes":""},"categories":[],"tags":[],"class_list":["post-1432","post","type-post","status-publish","format-standard","has-post-thumbnail","hentry","featured-image-size-large"],"acf":[],"yoast_head":"<!-- This site is optimized with the Yoast SEO plugin v27.4 - https:\/\/yoast.com\/product\/yoast-seo-wordpress\/ -->\n<title>Ny utstilling p\u00e5 Tungenes: -roret er eit mentalt symbol - Tungenes Fyr<\/title>\n<meta name=\"robots\" content=\"index, follow, max-snippet:-1, max-image-preview:large, max-video-preview:-1\" \/>\n<link rel=\"canonical\" href=\"https:\/\/www.jaermuseet.no\/tungenesfyr\/ny-utstilling-pa-tungenes-roret-er-eit-mentalt-symbol\/\" \/>\n<meta property=\"og:locale\" content=\"nn_NO\" \/>\n<meta property=\"og:type\" content=\"article\" \/>\n<meta property=\"og:title\" content=\"Ny utstilling p\u00e5 Tungenes: -roret er eit mentalt symbol - Tungenes Fyr\" \/>\n<meta property=\"og:description\" content=\"Medan Restauration seglar forbi Tungenes fredag 4. juli i samband...\" \/>\n<meta property=\"og:url\" content=\"https:\/\/www.jaermuseet.no\/tungenesfyr\/ny-utstilling-pa-tungenes-roret-er-eit-mentalt-symbol\/\" \/>\n<meta property=\"og:site_name\" content=\"Tungenes Fyr\" \/>\n<meta property=\"article:published_time\" content=\"2025-07-04T11:02:36+00:00\" \/>\n<meta property=\"article:modified_time\" content=\"2025-08-11T09:24:08+00:00\" \/>\n<meta property=\"og:image\" content=\"https:\/\/www.jaermuseet.no\/tungenesfyr\/wp-content\/uploads\/sites\/10\/2025\/07\/250703_Tungenes_fyr_Utstillingsapning_2-scaled.jpg\" \/>\n\t<meta property=\"og:image:width\" content=\"2560\" \/>\n\t<meta property=\"og:image:height\" content=\"1707\" \/>\n\t<meta property=\"og:image:type\" content=\"image\/jpeg\" \/>\n<meta name=\"author\" content=\"Andreas Lange\" \/>\n<meta name=\"twitter:card\" content=\"summary_large_image\" \/>\n<meta name=\"twitter:label1\" content=\"Written by\" \/>\n\t<meta name=\"twitter:data1\" content=\"Andreas Lange\" \/>\n\t<meta name=\"twitter:label2\" content=\"Est. reading time\" \/>\n\t<meta name=\"twitter:data2\" content=\"5 minutt\" \/>\n<script type=\"application\/ld+json\" class=\"yoast-schema-graph\">{\"@context\":\"https:\\\/\\\/schema.org\",\"@graph\":[{\"@type\":\"Article\",\"@id\":\"https:\\\/\\\/www.jaermuseet.no\\\/tungenesfyr\\\/ny-utstilling-pa-tungenes-roret-er-eit-mentalt-symbol\\\/#article\",\"isPartOf\":{\"@id\":\"https:\\\/\\\/www.jaermuseet.no\\\/tungenesfyr\\\/ny-utstilling-pa-tungenes-roret-er-eit-mentalt-symbol\\\/\"},\"author\":{\"name\":\"Andreas Lange\",\"@id\":\"https:\\\/\\\/www.jaermuseet.no\\\/tungenesfyr\\\/#\\\/schema\\\/person\\\/20211947d5257d1a6ed15320f44ce30c\"},\"headline\":\"Ny utstilling p\u00e5 Tungenes: -roret er eit mentalt symbol\",\"datePublished\":\"2025-07-04T11:02:36+00:00\",\"dateModified\":\"2025-08-11T09:24:08+00:00\",\"mainEntityOfPage\":{\"@id\":\"https:\\\/\\\/www.jaermuseet.no\\\/tungenesfyr\\\/ny-utstilling-pa-tungenes-roret-er-eit-mentalt-symbol\\\/\"},\"wordCount\":613,\"image\":{\"@id\":\"https:\\\/\\\/www.jaermuseet.no\\\/tungenesfyr\\\/ny-utstilling-pa-tungenes-roret-er-eit-mentalt-symbol\\\/#primaryimage\"},\"thumbnailUrl\":\"https:\\\/\\\/www.jaermuseet.no\\\/tungenesfyr\\\/wp-content\\\/uploads\\\/sites\\\/10\\\/2025\\\/07\\\/250703_Tungenes_fyr_Utstillingsapning_2-scaled.jpg\",\"inLanguage\":\"nn-NO\"},{\"@type\":\"WebPage\",\"@id\":\"https:\\\/\\\/www.jaermuseet.no\\\/tungenesfyr\\\/ny-utstilling-pa-tungenes-roret-er-eit-mentalt-symbol\\\/\",\"url\":\"https:\\\/\\\/www.jaermuseet.no\\\/tungenesfyr\\\/ny-utstilling-pa-tungenes-roret-er-eit-mentalt-symbol\\\/\",\"name\":\"Ny utstilling p\u00e5 Tungenes: -roret er eit mentalt symbol - Tungenes Fyr\",\"isPartOf\":{\"@id\":\"https:\\\/\\\/www.jaermuseet.no\\\/tungenesfyr\\\/#website\"},\"primaryImageOfPage\":{\"@id\":\"https:\\\/\\\/www.jaermuseet.no\\\/tungenesfyr\\\/ny-utstilling-pa-tungenes-roret-er-eit-mentalt-symbol\\\/#primaryimage\"},\"image\":{\"@id\":\"https:\\\/\\\/www.jaermuseet.no\\\/tungenesfyr\\\/ny-utstilling-pa-tungenes-roret-er-eit-mentalt-symbol\\\/#primaryimage\"},\"thumbnailUrl\":\"https:\\\/\\\/www.jaermuseet.no\\\/tungenesfyr\\\/wp-content\\\/uploads\\\/sites\\\/10\\\/2025\\\/07\\\/250703_Tungenes_fyr_Utstillingsapning_2-scaled.jpg\",\"datePublished\":\"2025-07-04T11:02:36+00:00\",\"dateModified\":\"2025-08-11T09:24:08+00:00\",\"author\":{\"@id\":\"https:\\\/\\\/www.jaermuseet.no\\\/tungenesfyr\\\/#\\\/schema\\\/person\\\/20211947d5257d1a6ed15320f44ce30c\"},\"breadcrumb\":{\"@id\":\"https:\\\/\\\/www.jaermuseet.no\\\/tungenesfyr\\\/ny-utstilling-pa-tungenes-roret-er-eit-mentalt-symbol\\\/#breadcrumb\"},\"inLanguage\":\"nn-NO\",\"potentialAction\":[{\"@type\":\"ReadAction\",\"target\":[\"https:\\\/\\\/www.jaermuseet.no\\\/tungenesfyr\\\/ny-utstilling-pa-tungenes-roret-er-eit-mentalt-symbol\\\/\"]}]},{\"@type\":\"ImageObject\",\"inLanguage\":\"nn-NO\",\"@id\":\"https:\\\/\\\/www.jaermuseet.no\\\/tungenesfyr\\\/ny-utstilling-pa-tungenes-roret-er-eit-mentalt-symbol\\\/#primaryimage\",\"url\":\"https:\\\/\\\/www.jaermuseet.no\\\/tungenesfyr\\\/wp-content\\\/uploads\\\/sites\\\/10\\\/2025\\\/07\\\/250703_Tungenes_fyr_Utstillingsapning_2-scaled.jpg\",\"contentUrl\":\"https:\\\/\\\/www.jaermuseet.no\\\/tungenesfyr\\\/wp-content\\\/uploads\\\/sites\\\/10\\\/2025\\\/07\\\/250703_Tungenes_fyr_Utstillingsapning_2-scaled.jpg\",\"width\":2560,\"height\":1707},{\"@type\":\"BreadcrumbList\",\"@id\":\"https:\\\/\\\/www.jaermuseet.no\\\/tungenesfyr\\\/ny-utstilling-pa-tungenes-roret-er-eit-mentalt-symbol\\\/#breadcrumb\",\"itemListElement\":[{\"@type\":\"ListItem\",\"position\":1,\"name\":\"Hjem\",\"item\":\"https:\\\/\\\/www.jaermuseet.no\\\/tungenesfyr\\\/\"},{\"@type\":\"ListItem\",\"position\":2,\"name\":\"Ny utstilling p\u00e5 Tungenes: -roret er eit mentalt symbol\"}]},{\"@type\":\"WebSite\",\"@id\":\"https:\\\/\\\/www.jaermuseet.no\\\/tungenesfyr\\\/#website\",\"url\":\"https:\\\/\\\/www.jaermuseet.no\\\/tungenesfyr\\\/\",\"name\":\"Tungenes Fyr\",\"description\":\"Eit kulturelt fyrt\u00e5rn med eit mangfaldig aktivitetstilbod.\",\"potentialAction\":[{\"@type\":\"SearchAction\",\"target\":{\"@type\":\"EntryPoint\",\"urlTemplate\":\"https:\\\/\\\/www.jaermuseet.no\\\/tungenesfyr\\\/?s={search_term_string}\"},\"query-input\":{\"@type\":\"PropertyValueSpecification\",\"valueRequired\":true,\"valueName\":\"search_term_string\"}}],\"inLanguage\":\"nn-NO\"},{\"@type\":\"Person\",\"@id\":\"https:\\\/\\\/www.jaermuseet.no\\\/tungenesfyr\\\/#\\\/schema\\\/person\\\/20211947d5257d1a6ed15320f44ce30c\",\"name\":\"Andreas Lange\",\"image\":{\"@type\":\"ImageObject\",\"inLanguage\":\"nn-NO\",\"@id\":\"https:\\\/\\\/secure.gravatar.com\\\/avatar\\\/3c629766151696a039e28c046a75c32cd8690188af1da84a403faf160e697d04?s=96&d=mm&r=g\",\"url\":\"https:\\\/\\\/secure.gravatar.com\\\/avatar\\\/3c629766151696a039e28c046a75c32cd8690188af1da84a403faf160e697d04?s=96&d=mm&r=g\",\"contentUrl\":\"https:\\\/\\\/secure.gravatar.com\\\/avatar\\\/3c629766151696a039e28c046a75c32cd8690188af1da84a403faf160e697d04?s=96&d=mm&r=g\",\"caption\":\"Andreas Lange\"},\"url\":\"https:\\\/\\\/www.jaermuseet.no\\\/tungenesfyr\\\/author\\\/andreaslange\\\/\"}]}<\/script>\n<!-- \/ Yoast SEO plugin. -->","yoast_head_json":{"title":"Ny utstilling p\u00e5 Tungenes: -roret er eit mentalt symbol - Tungenes Fyr","robots":{"index":"index","follow":"follow","max-snippet":"max-snippet:-1","max-image-preview":"max-image-preview:large","max-video-preview":"max-video-preview:-1"},"canonical":"https:\/\/www.jaermuseet.no\/tungenesfyr\/ny-utstilling-pa-tungenes-roret-er-eit-mentalt-symbol\/","og_locale":"nn_NO","og_type":"article","og_title":"Ny utstilling p\u00e5 Tungenes: -roret er eit mentalt symbol - Tungenes Fyr","og_description":"Medan Restauration seglar forbi Tungenes fredag 4. juli i samband...","og_url":"https:\/\/www.jaermuseet.no\/tungenesfyr\/ny-utstilling-pa-tungenes-roret-er-eit-mentalt-symbol\/","og_site_name":"Tungenes Fyr","article_published_time":"2025-07-04T11:02:36+00:00","article_modified_time":"2025-08-11T09:24:08+00:00","og_image":[{"width":2560,"height":1707,"url":"https:\/\/www.jaermuseet.no\/tungenesfyr\/wp-content\/uploads\/sites\/10\/2025\/07\/250703_Tungenes_fyr_Utstillingsapning_2-scaled.jpg","type":"image\/jpeg"}],"author":"Andreas Lange","twitter_card":"summary_large_image","twitter_misc":{"Written by":"Andreas Lange","Est. reading time":"5 minutt"},"schema":{"@context":"https:\/\/schema.org","@graph":[{"@type":"Article","@id":"https:\/\/www.jaermuseet.no\/tungenesfyr\/ny-utstilling-pa-tungenes-roret-er-eit-mentalt-symbol\/#article","isPartOf":{"@id":"https:\/\/www.jaermuseet.no\/tungenesfyr\/ny-utstilling-pa-tungenes-roret-er-eit-mentalt-symbol\/"},"author":{"name":"Andreas Lange","@id":"https:\/\/www.jaermuseet.no\/tungenesfyr\/#\/schema\/person\/20211947d5257d1a6ed15320f44ce30c"},"headline":"Ny utstilling p\u00e5 Tungenes: -roret er eit mentalt symbol","datePublished":"2025-07-04T11:02:36+00:00","dateModified":"2025-08-11T09:24:08+00:00","mainEntityOfPage":{"@id":"https:\/\/www.jaermuseet.no\/tungenesfyr\/ny-utstilling-pa-tungenes-roret-er-eit-mentalt-symbol\/"},"wordCount":613,"image":{"@id":"https:\/\/www.jaermuseet.no\/tungenesfyr\/ny-utstilling-pa-tungenes-roret-er-eit-mentalt-symbol\/#primaryimage"},"thumbnailUrl":"https:\/\/www.jaermuseet.no\/tungenesfyr\/wp-content\/uploads\/sites\/10\/2025\/07\/250703_Tungenes_fyr_Utstillingsapning_2-scaled.jpg","inLanguage":"nn-NO"},{"@type":"WebPage","@id":"https:\/\/www.jaermuseet.no\/tungenesfyr\/ny-utstilling-pa-tungenes-roret-er-eit-mentalt-symbol\/","url":"https:\/\/www.jaermuseet.no\/tungenesfyr\/ny-utstilling-pa-tungenes-roret-er-eit-mentalt-symbol\/","name":"Ny utstilling p\u00e5 Tungenes: -roret er eit mentalt symbol - Tungenes Fyr","isPartOf":{"@id":"https:\/\/www.jaermuseet.no\/tungenesfyr\/#website"},"primaryImageOfPage":{"@id":"https:\/\/www.jaermuseet.no\/tungenesfyr\/ny-utstilling-pa-tungenes-roret-er-eit-mentalt-symbol\/#primaryimage"},"image":{"@id":"https:\/\/www.jaermuseet.no\/tungenesfyr\/ny-utstilling-pa-tungenes-roret-er-eit-mentalt-symbol\/#primaryimage"},"thumbnailUrl":"https:\/\/www.jaermuseet.no\/tungenesfyr\/wp-content\/uploads\/sites\/10\/2025\/07\/250703_Tungenes_fyr_Utstillingsapning_2-scaled.jpg","datePublished":"2025-07-04T11:02:36+00:00","dateModified":"2025-08-11T09:24:08+00:00","author":{"@id":"https:\/\/www.jaermuseet.no\/tungenesfyr\/#\/schema\/person\/20211947d5257d1a6ed15320f44ce30c"},"breadcrumb":{"@id":"https:\/\/www.jaermuseet.no\/tungenesfyr\/ny-utstilling-pa-tungenes-roret-er-eit-mentalt-symbol\/#breadcrumb"},"inLanguage":"nn-NO","potentialAction":[{"@type":"ReadAction","target":["https:\/\/www.jaermuseet.no\/tungenesfyr\/ny-utstilling-pa-tungenes-roret-er-eit-mentalt-symbol\/"]}]},{"@type":"ImageObject","inLanguage":"nn-NO","@id":"https:\/\/www.jaermuseet.no\/tungenesfyr\/ny-utstilling-pa-tungenes-roret-er-eit-mentalt-symbol\/#primaryimage","url":"https:\/\/www.jaermuseet.no\/tungenesfyr\/wp-content\/uploads\/sites\/10\/2025\/07\/250703_Tungenes_fyr_Utstillingsapning_2-scaled.jpg","contentUrl":"https:\/\/www.jaermuseet.no\/tungenesfyr\/wp-content\/uploads\/sites\/10\/2025\/07\/250703_Tungenes_fyr_Utstillingsapning_2-scaled.jpg","width":2560,"height":1707},{"@type":"BreadcrumbList","@id":"https:\/\/www.jaermuseet.no\/tungenesfyr\/ny-utstilling-pa-tungenes-roret-er-eit-mentalt-symbol\/#breadcrumb","itemListElement":[{"@type":"ListItem","position":1,"name":"Hjem","item":"https:\/\/www.jaermuseet.no\/tungenesfyr\/"},{"@type":"ListItem","position":2,"name":"Ny utstilling p\u00e5 Tungenes: -roret er eit mentalt symbol"}]},{"@type":"WebSite","@id":"https:\/\/www.jaermuseet.no\/tungenesfyr\/#website","url":"https:\/\/www.jaermuseet.no\/tungenesfyr\/","name":"Tungenes Fyr","description":"Eit kulturelt fyrt\u00e5rn med eit mangfaldig aktivitetstilbod.","potentialAction":[{"@type":"SearchAction","target":{"@type":"EntryPoint","urlTemplate":"https:\/\/www.jaermuseet.no\/tungenesfyr\/?s={search_term_string}"},"query-input":{"@type":"PropertyValueSpecification","valueRequired":true,"valueName":"search_term_string"}}],"inLanguage":"nn-NO"},{"@type":"Person","@id":"https:\/\/www.jaermuseet.no\/tungenesfyr\/#\/schema\/person\/20211947d5257d1a6ed15320f44ce30c","name":"Andreas Lange","image":{"@type":"ImageObject","inLanguage":"nn-NO","@id":"https:\/\/secure.gravatar.com\/avatar\/3c629766151696a039e28c046a75c32cd8690188af1da84a403faf160e697d04?s=96&d=mm&r=g","url":"https:\/\/secure.gravatar.com\/avatar\/3c629766151696a039e28c046a75c32cd8690188af1da84a403faf160e697d04?s=96&d=mm&r=g","contentUrl":"https:\/\/secure.gravatar.com\/avatar\/3c629766151696a039e28c046a75c32cd8690188af1da84a403faf160e697d04?s=96&d=mm&r=g","caption":"Andreas Lange"},"url":"https:\/\/www.jaermuseet.no\/tungenesfyr\/author\/andreaslange\/"}]}},"cc_featured_image_caption":{"caption_text":"","source_text":"","source_url":""},"jetpack_featured_media_url":"https:\/\/www.jaermuseet.no\/tungenesfyr\/wp-content\/uploads\/sites\/10\/2025\/07\/250703_Tungenes_fyr_Utstillingsapning_2-scaled.jpg","jetpack_sharing_enabled":true,"_links":{"self":[{"href":"https:\/\/www.jaermuseet.no\/tungenesfyr\/wp-json\/wp\/v2\/posts\/1432","targetHints":{"allow":["GET"]}}],"collection":[{"href":"https:\/\/www.jaermuseet.no\/tungenesfyr\/wp-json\/wp\/v2\/posts"}],"about":[{"href":"https:\/\/www.jaermuseet.no\/tungenesfyr\/wp-json\/wp\/v2\/types\/post"}],"author":[{"embeddable":true,"href":"https:\/\/www.jaermuseet.no\/tungenesfyr\/wp-json\/wp\/v2\/users\/55"}],"replies":[{"embeddable":true,"href":"https:\/\/www.jaermuseet.no\/tungenesfyr\/wp-json\/wp\/v2\/comments?post=1432"}],"version-history":[{"count":9,"href":"https:\/\/www.jaermuseet.no\/tungenesfyr\/wp-json\/wp\/v2\/posts\/1432\/revisions"}],"predecessor-version":[{"id":1449,"href":"https:\/\/www.jaermuseet.no\/tungenesfyr\/wp-json\/wp\/v2\/posts\/1432\/revisions\/1449"}],"wp:featuredmedia":[{"embeddable":true,"href":"https:\/\/www.jaermuseet.no\/tungenesfyr\/wp-json\/wp\/v2\/media\/1433"}],"wp:attachment":[{"href":"https:\/\/www.jaermuseet.no\/tungenesfyr\/wp-json\/wp\/v2\/media?parent=1432"}],"wp:term":[{"taxonomy":"category","embeddable":true,"href":"https:\/\/www.jaermuseet.no\/tungenesfyr\/wp-json\/wp\/v2\/categories?post=1432"},{"taxonomy":"post_tag","embeddable":true,"href":"https:\/\/www.jaermuseet.no\/tungenesfyr\/wp-json\/wp\/v2\/tags?post=1432"}],"curies":[{"name":"wp","href":"https:\/\/api.w.org\/{rel}","templated":true}]}}