{"id":1253,"date":"2024-04-18T13:05:34","date_gmt":"2024-04-18T11:05:34","guid":{"rendered":"https:\/\/www.jaermuseet.no\/tungenesfyr\/?p=1253"},"modified":"2024-04-18T13:09:43","modified_gmt":"2024-04-18T11:09:43","slug":"konsertar-og-opningstider-i-mai-og-juni","status":"publish","type":"post","link":"https:\/\/www.jaermuseet.no\/tungenesfyr\/konsertar-og-opningstider-i-mai-og-juni\/","title":{"rendered":"Konsertar og opningstider i mai og juni"},"content":{"rendered":"\n<p>Fr\u00e5 nye stjerneskot til velkjende stjerner, innan sommaren brakar laus for fullt blir det musikalske opplevingar p\u00e5 Tungenes Fyr som du ikkje vil g\u00e5 glipp av.<\/p>\n\n\n\n<p><strong><a href=\"https:\/\/www.linticket.no\/page\/no\/69\/1\/504?fbclid=IwAR2d5by-wAi9bKYeOBEzJP182uVU58ucmXLgakg5YsAau9AA0ZGwn2Yqshs\">Vilde Bye | 2. mai 2024<\/a><\/strong><\/p>\n\n\n\n<figure class=\"wp-block-image size-full\"><a href=\"https:\/\/www.linticket.no\/page\/no\/69\/1\/504?fbclid=IwAR2d5by-wAi9bKYeOBEzJP182uVU58ucmXLgakg5YsAau9AA0ZGwn2Yqshs\"><img loading=\"lazy\" decoding=\"async\" width=\"758\" height=\"505\" src=\"https:\/\/www.jaermuseet.no\/tungenesfyr\/wp-content\/uploads\/sites\/10\/2024\/04\/image.png\" alt=\"\" class=\"wp-image-1255\" srcset=\"https:\/\/www.jaermuseet.no\/tungenesfyr\/wp-content\/uploads\/sites\/10\/2024\/04\/image.png 758w, https:\/\/www.jaermuseet.no\/tungenesfyr\/wp-content\/uploads\/sites\/10\/2024\/04\/image-300x200.png 300w, https:\/\/www.jaermuseet.no\/tungenesfyr\/wp-content\/uploads\/sites\/10\/2024\/04\/image-200x133.png 200w\" sizes=\"auto, (max-width: 758px) 100vw, 758px\" \/><\/a><figcaption class=\"wp-element-caption\">Vilde Bye p\u00e5 scena med akustisk gitar<\/figcaption><\/figure>\n\n\n\n<p>Trykk<a href=\"https:\/\/www.linticket.no\/page\/no\/69\/1\/504?fbclid=IwAR2d5by-wAi9bKYeOBEzJP182uVU58ucmXLgakg5YsAau9AA0ZGwn2Yqshs\"> <strong>her<\/strong> <\/a>for billettar<\/p>\n\n\n\n<p>\u00abDu bare m\u00e5 oppleve henne live\u00bb seier iTroms\u00f8s konsertanmeldar (2022) om Vilde Bye sine konsertar. Det unge stjernskotet fr\u00e5 nord imponerar anmelderane gong p\u00e5 gong og vg\u00b4s anmeldaer beskrev stemmen hennar som noke \u00absom legger seg elegant mellom Stina Nordenstam og Sigrid.\u00bb.<\/p>\n\n\n\n<p>Grip sjansen f\u00f8r du kanskje m\u00e5 sitte klar som eit egg framanfor dataen f\u00f8r billettslepp og ligge ei veke i telt foran Spektrum i hovedstaden for \u00e5 oppleva Vilde Bye live p\u00e5 n\u00e6rt hald.<\/p>\n\n\n\n<p class=\"has-small-font-size\">Kl. 20:00, | D\u00f8rene opnar 19:30 med servering | Studentar: 150,- | Ordin\u00e6r: 290,-<\/p>\n\n\n\n<p><strong><a href=\"https:\/\/www.linticket.no\/page\/no\/69\/1\/521?fbclid=IwAR1wXddzTfQovVdkGRdHxCeaDRqVpbcdOGJz4FF4e9-7McqgrxEao7lPtiQ\">Jonas Alaska | 23. mai 2024 (F\u00e5 billettar igjen)<\/a><\/strong><\/p>\n\n\n\n<figure class=\"wp-block-image size-full\"><a href=\"https:\/\/www.linticket.no\/page\/no\/69\/1\/521?fbclid=IwAR1wXddzTfQovVdkGRdHxCeaDRqVpbcdOGJz4FF4e9-7McqgrxEao7lPtiQ\"><img loading=\"lazy\" decoding=\"async\" width=\"760\" height=\"503\" src=\"https:\/\/www.jaermuseet.no\/tungenesfyr\/wp-content\/uploads\/sites\/10\/2024\/04\/image-1.png\" alt=\"\" class=\"wp-image-1256\" srcset=\"https:\/\/www.jaermuseet.no\/tungenesfyr\/wp-content\/uploads\/sites\/10\/2024\/04\/image-1.png 760w, https:\/\/www.jaermuseet.no\/tungenesfyr\/wp-content\/uploads\/sites\/10\/2024\/04\/image-1-300x199.png 300w, https:\/\/www.jaermuseet.no\/tungenesfyr\/wp-content\/uploads\/sites\/10\/2024\/04\/image-1-200x132.png 200w\" sizes=\"auto, (max-width: 760px) 100vw, 760px\" \/><\/a><figcaption class=\"wp-element-caption\">Jonas Alaska p\u00e5 scena med akustisk gitar<\/figcaption><\/figure>\n\n\n\n<p>Trykk <strong><a href=\"https:\/\/www.linticket.no\/page\/no\/69\/1\/521?fbclid=IwAR1wXddzTfQovVdkGRdHxCeaDRqVpbcdOGJz4FF4e9-7McqgrxEao7lPtiQ\">her<\/a><\/strong> for billettar<\/p>\n\n\n\n<p>\u00abJonas Alaska er helt r\u00e5 p\u00e5 \u00e5 formidle tekst\u00bb erkl\u00e6rte Musikknyheter sin anmelder etter konserten p\u00e5 fjor\u00e5rets \u00d8ya festival. Med ein karriere som har passert ti \u00e5r er ikkje det noko rart i.<\/p>\n\n\n\n<p>Meir enn ti \u00e5r siden han fikk Spellemann for \u00e5rets nykommar, n\u00e5, syv album og nokre utanlands-turneear seinare kjem han til Tungenes Fyr, det h\u00e5par me du gjer og.<\/p>\n\n\n\n<p class=\"has-small-font-size\">Kl. 20:00, | D\u00f8rene opnar 19:30 med servering | Studentar: 150,- | Ordin\u00e6r: 290,-<\/p>\n\n\n\n<p><strong><a href=\"https:\/\/www.jaermuseet.no\/tungenesfyr\/aktiviteter\/pa-tungenes-moddi\/\">Moddi | 2. juni 2024 (UTSOLGT)<\/a><\/strong><\/p>\n\n\n\n<figure class=\"wp-block-image size-full\"><img loading=\"lazy\" decoding=\"async\" width=\"764\" height=\"503\" src=\"https:\/\/www.jaermuseet.no\/tungenesfyr\/wp-content\/uploads\/sites\/10\/2024\/04\/image-2.png\" alt=\"\" class=\"wp-image-1258\" srcset=\"https:\/\/www.jaermuseet.no\/tungenesfyr\/wp-content\/uploads\/sites\/10\/2024\/04\/image-2.png 764w, https:\/\/www.jaermuseet.no\/tungenesfyr\/wp-content\/uploads\/sites\/10\/2024\/04\/image-2-300x198.png 300w, https:\/\/www.jaermuseet.no\/tungenesfyr\/wp-content\/uploads\/sites\/10\/2024\/04\/image-2-200x132.png 200w\" sizes=\"auto, (max-width: 764px) 100vw, 764px\" \/><figcaption class=\"wp-element-caption\">Portrettbilete av Moddi p\u00e5 vandring i naturen<\/figcaption><\/figure>\n\n\n\n<p>Trykk <strong><a href=\"https:\/\/www.linticket.no\/page\/no\/69\/1\/508?fbclid=IwAR0MDOgZk0R6YdvYk6BAWYOf4OdJ3RHwYr3rY6YxgP1h853xxRj6qIVg49k\">her<\/a><\/strong> for billettar<\/p>\n\n\n\n<p>\u00abHan har ogs\u00e5 en egen evne til \u00e5 se velkjente problemstillinger fra nye vinkler og beskrive dem med andre ord enn vi er vant til.\u00bb proklamerte iTroms\u00f8 sin anmeldar (2020).<\/p>\n\n\n\n<p>D\u00e5 er det heller ikkje noko sjokk at Moddi har vunne Spellemann prisen to gonger eller er at han er kjend for \u00e5 vere ein tydeleg stemme mot sensur og undertrykking. Velkommen til ein lun, varm og tankevekkende kveld p\u00e5 Tungenes Fyr.<\/p>\n\n\n\n<p class=\"has-small-font-size\">Kl. 19:00, | D\u00f8rene opnar 18:30 med servering | Studentar: 150,- | Ordin\u00e6r: 290,-<\/p>\n","protected":false},"excerpt":{"rendered":"<p>Fr\u00e5 nye stjerneskot til velkjende stjerner, innan sommaren brakar laus&#8230;<\/p>\n","protected":false},"author":55,"featured_media":1263,"comment_status":"closed","ping_status":"closed","sticky":false,"template":"","format":"standard","meta":{"_acf_changed":false,"_jetpack_memberships_contains_paid_content":false,"footnotes":""},"categories":[3,2],"tags":[],"class_list":["post-1253","post","type-post","status-publish","format-standard","has-post-thumbnail","hentry","category-nytt-fra-tungenes-fyr","category-utstillingar-pa-tungenes-fyr","featured-image-size-large"],"acf":[],"yoast_head":"<!-- This site is optimized with the Yoast SEO plugin v27.4 - https:\/\/yoast.com\/product\/yoast-seo-wordpress\/ -->\n<title>Konsertar og opningstider i mai og juni - Tungenes Fyr<\/title>\n<meta name=\"description\" content=\"Sj\u00e5 hvilke makalause konsertopplevingar du kan f\u00e5 med deg p\u00e5 Tungenes Fyr f\u00f8r sommaren. Sj\u00e5 og opningstider for cafeen.\" \/>\n<meta name=\"robots\" content=\"index, follow, max-snippet:-1, max-image-preview:large, max-video-preview:-1\" \/>\n<link rel=\"canonical\" href=\"https:\/\/www.jaermuseet.no\/tungenesfyr\/konsertar-og-opningstider-i-mai-og-juni\/\" \/>\n<meta property=\"og:locale\" content=\"nn_NO\" \/>\n<meta property=\"og:type\" content=\"article\" \/>\n<meta property=\"og:title\" content=\"Konsertar og opningstider i mai og juni - Tungenes Fyr\" \/>\n<meta property=\"og:description\" content=\"Sj\u00e5 hvilke makalause konsertopplevingar du kan f\u00e5 med deg p\u00e5 Tungenes Fyr f\u00f8r sommaren. Sj\u00e5 og opningstider for cafeen.\" \/>\n<meta property=\"og:url\" content=\"https:\/\/www.jaermuseet.no\/tungenesfyr\/konsertar-og-opningstider-i-mai-og-juni\/\" \/>\n<meta property=\"og:site_name\" content=\"Tungenes Fyr\" \/>\n<meta property=\"article:published_time\" content=\"2024-04-18T11:05:34+00:00\" \/>\n<meta property=\"article:modified_time\" content=\"2024-04-18T11:09:43+00:00\" \/>\n<meta property=\"og:image\" content=\"https:\/\/www.jaermuseet.no\/tungenesfyr\/wp-content\/uploads\/sites\/10\/2024\/04\/Konserter_tungenes_Fyr_Mai_Juni_2024_Header_Master-2-1024x576.png\" \/>\n\t<meta property=\"og:image:width\" content=\"1024\" \/>\n\t<meta property=\"og:image:height\" content=\"576\" \/>\n\t<meta property=\"og:image:type\" content=\"image\/png\" \/>\n<meta name=\"author\" content=\"Andreas Lange\" \/>\n<meta name=\"twitter:card\" content=\"summary_large_image\" \/>\n<meta name=\"twitter:label1\" content=\"Written by\" \/>\n\t<meta name=\"twitter:data1\" content=\"Andreas Lange\" \/>\n\t<meta name=\"twitter:label2\" content=\"Est. reading time\" \/>\n\t<meta name=\"twitter:data2\" content=\"3 minutt\" \/>\n<script type=\"application\/ld+json\" class=\"yoast-schema-graph\">{\"@context\":\"https:\\\/\\\/schema.org\",\"@graph\":[{\"@type\":\"Article\",\"@id\":\"https:\\\/\\\/www.jaermuseet.no\\\/tungenesfyr\\\/konsertar-og-opningstider-i-mai-og-juni\\\/#article\",\"isPartOf\":{\"@id\":\"https:\\\/\\\/www.jaermuseet.no\\\/tungenesfyr\\\/konsertar-og-opningstider-i-mai-og-juni\\\/\"},\"author\":{\"name\":\"Andreas Lange\",\"@id\":\"https:\\\/\\\/www.jaermuseet.no\\\/tungenesfyr\\\/#\\\/schema\\\/person\\\/20211947d5257d1a6ed15320f44ce30c\"},\"headline\":\"Konsertar og opningstider i mai og juni\",\"datePublished\":\"2024-04-18T11:05:34+00:00\",\"dateModified\":\"2024-04-18T11:09:43+00:00\",\"mainEntityOfPage\":{\"@id\":\"https:\\\/\\\/www.jaermuseet.no\\\/tungenesfyr\\\/konsertar-og-opningstider-i-mai-og-juni\\\/\"},\"wordCount\":322,\"image\":{\"@id\":\"https:\\\/\\\/www.jaermuseet.no\\\/tungenesfyr\\\/konsertar-og-opningstider-i-mai-og-juni\\\/#primaryimage\"},\"thumbnailUrl\":\"https:\\\/\\\/www.jaermuseet.no\\\/tungenesfyr\\\/wp-content\\\/uploads\\\/sites\\\/10\\\/2024\\\/04\\\/Konserter_tungenes_Fyr_Mai_Juni_2024_Header_Master-2.png\",\"articleSection\":[\"Nytt fr\u00e5 Tungenes Fyr\",\"Utstillingar p\u00e5 Tungenes Fyr\"],\"inLanguage\":\"nn-NO\"},{\"@type\":\"WebPage\",\"@id\":\"https:\\\/\\\/www.jaermuseet.no\\\/tungenesfyr\\\/konsertar-og-opningstider-i-mai-og-juni\\\/\",\"url\":\"https:\\\/\\\/www.jaermuseet.no\\\/tungenesfyr\\\/konsertar-og-opningstider-i-mai-og-juni\\\/\",\"name\":\"Konsertar og opningstider i mai og juni - Tungenes Fyr\",\"isPartOf\":{\"@id\":\"https:\\\/\\\/www.jaermuseet.no\\\/tungenesfyr\\\/#website\"},\"primaryImageOfPage\":{\"@id\":\"https:\\\/\\\/www.jaermuseet.no\\\/tungenesfyr\\\/konsertar-og-opningstider-i-mai-og-juni\\\/#primaryimage\"},\"image\":{\"@id\":\"https:\\\/\\\/www.jaermuseet.no\\\/tungenesfyr\\\/konsertar-og-opningstider-i-mai-og-juni\\\/#primaryimage\"},\"thumbnailUrl\":\"https:\\\/\\\/www.jaermuseet.no\\\/tungenesfyr\\\/wp-content\\\/uploads\\\/sites\\\/10\\\/2024\\\/04\\\/Konserter_tungenes_Fyr_Mai_Juni_2024_Header_Master-2.png\",\"datePublished\":\"2024-04-18T11:05:34+00:00\",\"dateModified\":\"2024-04-18T11:09:43+00:00\",\"author\":{\"@id\":\"https:\\\/\\\/www.jaermuseet.no\\\/tungenesfyr\\\/#\\\/schema\\\/person\\\/20211947d5257d1a6ed15320f44ce30c\"},\"description\":\"Sj\u00e5 hvilke makalause konsertopplevingar du kan f\u00e5 med deg p\u00e5 Tungenes Fyr f\u00f8r sommaren. Sj\u00e5 og opningstider for cafeen.\",\"breadcrumb\":{\"@id\":\"https:\\\/\\\/www.jaermuseet.no\\\/tungenesfyr\\\/konsertar-og-opningstider-i-mai-og-juni\\\/#breadcrumb\"},\"inLanguage\":\"nn-NO\",\"potentialAction\":[{\"@type\":\"ReadAction\",\"target\":[\"https:\\\/\\\/www.jaermuseet.no\\\/tungenesfyr\\\/konsertar-og-opningstider-i-mai-og-juni\\\/\"]}]},{\"@type\":\"ImageObject\",\"inLanguage\":\"nn-NO\",\"@id\":\"https:\\\/\\\/www.jaermuseet.no\\\/tungenesfyr\\\/konsertar-og-opningstider-i-mai-og-juni\\\/#primaryimage\",\"url\":\"https:\\\/\\\/www.jaermuseet.no\\\/tungenesfyr\\\/wp-content\\\/uploads\\\/sites\\\/10\\\/2024\\\/04\\\/Konserter_tungenes_Fyr_Mai_Juni_2024_Header_Master-2.png\",\"contentUrl\":\"https:\\\/\\\/www.jaermuseet.no\\\/tungenesfyr\\\/wp-content\\\/uploads\\\/sites\\\/10\\\/2024\\\/04\\\/Konserter_tungenes_Fyr_Mai_Juni_2024_Header_Master-2.png\",\"width\":5333,\"height\":3000,\"caption\":\"Bilete viser artistane Vilde Bye, Moddi og Jonas Alaska i ein collage med teksten Torsdag p\u00e5 Tungenes\"},{\"@type\":\"BreadcrumbList\",\"@id\":\"https:\\\/\\\/www.jaermuseet.no\\\/tungenesfyr\\\/konsertar-og-opningstider-i-mai-og-juni\\\/#breadcrumb\",\"itemListElement\":[{\"@type\":\"ListItem\",\"position\":1,\"name\":\"Hjem\",\"item\":\"https:\\\/\\\/www.jaermuseet.no\\\/tungenesfyr\\\/\"},{\"@type\":\"ListItem\",\"position\":2,\"name\":\"Konsertar og opningstider i mai og juni\"}]},{\"@type\":\"WebSite\",\"@id\":\"https:\\\/\\\/www.jaermuseet.no\\\/tungenesfyr\\\/#website\",\"url\":\"https:\\\/\\\/www.jaermuseet.no\\\/tungenesfyr\\\/\",\"name\":\"Tungenes Fyr\",\"description\":\"Eit kulturelt fyrt\u00e5rn med eit mangfaldig aktivitetstilbod.\",\"potentialAction\":[{\"@type\":\"SearchAction\",\"target\":{\"@type\":\"EntryPoint\",\"urlTemplate\":\"https:\\\/\\\/www.jaermuseet.no\\\/tungenesfyr\\\/?s={search_term_string}\"},\"query-input\":{\"@type\":\"PropertyValueSpecification\",\"valueRequired\":true,\"valueName\":\"search_term_string\"}}],\"inLanguage\":\"nn-NO\"},{\"@type\":\"Person\",\"@id\":\"https:\\\/\\\/www.jaermuseet.no\\\/tungenesfyr\\\/#\\\/schema\\\/person\\\/20211947d5257d1a6ed15320f44ce30c\",\"name\":\"Andreas Lange\",\"image\":{\"@type\":\"ImageObject\",\"inLanguage\":\"nn-NO\",\"@id\":\"https:\\\/\\\/secure.gravatar.com\\\/avatar\\\/3c629766151696a039e28c046a75c32cd8690188af1da84a403faf160e697d04?s=96&d=mm&r=g\",\"url\":\"https:\\\/\\\/secure.gravatar.com\\\/avatar\\\/3c629766151696a039e28c046a75c32cd8690188af1da84a403faf160e697d04?s=96&d=mm&r=g\",\"contentUrl\":\"https:\\\/\\\/secure.gravatar.com\\\/avatar\\\/3c629766151696a039e28c046a75c32cd8690188af1da84a403faf160e697d04?s=96&d=mm&r=g\",\"caption\":\"Andreas Lange\"},\"url\":\"https:\\\/\\\/www.jaermuseet.no\\\/tungenesfyr\\\/author\\\/andreaslange\\\/\"}]}<\/script>\n<!-- \/ Yoast SEO plugin. -->","yoast_head_json":{"title":"Konsertar og opningstider i mai og juni - Tungenes Fyr","description":"Sj\u00e5 hvilke makalause konsertopplevingar du kan f\u00e5 med deg p\u00e5 Tungenes Fyr f\u00f8r sommaren. Sj\u00e5 og opningstider for cafeen.","robots":{"index":"index","follow":"follow","max-snippet":"max-snippet:-1","max-image-preview":"max-image-preview:large","max-video-preview":"max-video-preview:-1"},"canonical":"https:\/\/www.jaermuseet.no\/tungenesfyr\/konsertar-og-opningstider-i-mai-og-juni\/","og_locale":"nn_NO","og_type":"article","og_title":"Konsertar og opningstider i mai og juni - Tungenes Fyr","og_description":"Sj\u00e5 hvilke makalause konsertopplevingar du kan f\u00e5 med deg p\u00e5 Tungenes Fyr f\u00f8r sommaren. Sj\u00e5 og opningstider for cafeen.","og_url":"https:\/\/www.jaermuseet.no\/tungenesfyr\/konsertar-og-opningstider-i-mai-og-juni\/","og_site_name":"Tungenes Fyr","article_published_time":"2024-04-18T11:05:34+00:00","article_modified_time":"2024-04-18T11:09:43+00:00","og_image":[{"width":1024,"height":576,"url":"https:\/\/www.jaermuseet.no\/tungenesfyr\/wp-content\/uploads\/sites\/10\/2024\/04\/Konserter_tungenes_Fyr_Mai_Juni_2024_Header_Master-2-1024x576.png","type":"image\/png"}],"author":"Andreas Lange","twitter_card":"summary_large_image","twitter_misc":{"Written by":"Andreas Lange","Est. reading time":"3 minutt"},"schema":{"@context":"https:\/\/schema.org","@graph":[{"@type":"Article","@id":"https:\/\/www.jaermuseet.no\/tungenesfyr\/konsertar-og-opningstider-i-mai-og-juni\/#article","isPartOf":{"@id":"https:\/\/www.jaermuseet.no\/tungenesfyr\/konsertar-og-opningstider-i-mai-og-juni\/"},"author":{"name":"Andreas Lange","@id":"https:\/\/www.jaermuseet.no\/tungenesfyr\/#\/schema\/person\/20211947d5257d1a6ed15320f44ce30c"},"headline":"Konsertar og opningstider i mai og juni","datePublished":"2024-04-18T11:05:34+00:00","dateModified":"2024-04-18T11:09:43+00:00","mainEntityOfPage":{"@id":"https:\/\/www.jaermuseet.no\/tungenesfyr\/konsertar-og-opningstider-i-mai-og-juni\/"},"wordCount":322,"image":{"@id":"https:\/\/www.jaermuseet.no\/tungenesfyr\/konsertar-og-opningstider-i-mai-og-juni\/#primaryimage"},"thumbnailUrl":"https:\/\/www.jaermuseet.no\/tungenesfyr\/wp-content\/uploads\/sites\/10\/2024\/04\/Konserter_tungenes_Fyr_Mai_Juni_2024_Header_Master-2.png","articleSection":["Nytt fr\u00e5 Tungenes Fyr","Utstillingar p\u00e5 Tungenes Fyr"],"inLanguage":"nn-NO"},{"@type":"WebPage","@id":"https:\/\/www.jaermuseet.no\/tungenesfyr\/konsertar-og-opningstider-i-mai-og-juni\/","url":"https:\/\/www.jaermuseet.no\/tungenesfyr\/konsertar-og-opningstider-i-mai-og-juni\/","name":"Konsertar og opningstider i mai og juni - Tungenes Fyr","isPartOf":{"@id":"https:\/\/www.jaermuseet.no\/tungenesfyr\/#website"},"primaryImageOfPage":{"@id":"https:\/\/www.jaermuseet.no\/tungenesfyr\/konsertar-og-opningstider-i-mai-og-juni\/#primaryimage"},"image":{"@id":"https:\/\/www.jaermuseet.no\/tungenesfyr\/konsertar-og-opningstider-i-mai-og-juni\/#primaryimage"},"thumbnailUrl":"https:\/\/www.jaermuseet.no\/tungenesfyr\/wp-content\/uploads\/sites\/10\/2024\/04\/Konserter_tungenes_Fyr_Mai_Juni_2024_Header_Master-2.png","datePublished":"2024-04-18T11:05:34+00:00","dateModified":"2024-04-18T11:09:43+00:00","author":{"@id":"https:\/\/www.jaermuseet.no\/tungenesfyr\/#\/schema\/person\/20211947d5257d1a6ed15320f44ce30c"},"description":"Sj\u00e5 hvilke makalause konsertopplevingar du kan f\u00e5 med deg p\u00e5 Tungenes Fyr f\u00f8r sommaren. Sj\u00e5 og opningstider for cafeen.","breadcrumb":{"@id":"https:\/\/www.jaermuseet.no\/tungenesfyr\/konsertar-og-opningstider-i-mai-og-juni\/#breadcrumb"},"inLanguage":"nn-NO","potentialAction":[{"@type":"ReadAction","target":["https:\/\/www.jaermuseet.no\/tungenesfyr\/konsertar-og-opningstider-i-mai-og-juni\/"]}]},{"@type":"ImageObject","inLanguage":"nn-NO","@id":"https:\/\/www.jaermuseet.no\/tungenesfyr\/konsertar-og-opningstider-i-mai-og-juni\/#primaryimage","url":"https:\/\/www.jaermuseet.no\/tungenesfyr\/wp-content\/uploads\/sites\/10\/2024\/04\/Konserter_tungenes_Fyr_Mai_Juni_2024_Header_Master-2.png","contentUrl":"https:\/\/www.jaermuseet.no\/tungenesfyr\/wp-content\/uploads\/sites\/10\/2024\/04\/Konserter_tungenes_Fyr_Mai_Juni_2024_Header_Master-2.png","width":5333,"height":3000,"caption":"Bilete viser artistane Vilde Bye, Moddi og Jonas Alaska i ein collage med teksten Torsdag p\u00e5 Tungenes"},{"@type":"BreadcrumbList","@id":"https:\/\/www.jaermuseet.no\/tungenesfyr\/konsertar-og-opningstider-i-mai-og-juni\/#breadcrumb","itemListElement":[{"@type":"ListItem","position":1,"name":"Hjem","item":"https:\/\/www.jaermuseet.no\/tungenesfyr\/"},{"@type":"ListItem","position":2,"name":"Konsertar og opningstider i mai og juni"}]},{"@type":"WebSite","@id":"https:\/\/www.jaermuseet.no\/tungenesfyr\/#website","url":"https:\/\/www.jaermuseet.no\/tungenesfyr\/","name":"Tungenes Fyr","description":"Eit kulturelt fyrt\u00e5rn med eit mangfaldig aktivitetstilbod.","potentialAction":[{"@type":"SearchAction","target":{"@type":"EntryPoint","urlTemplate":"https:\/\/www.jaermuseet.no\/tungenesfyr\/?s={search_term_string}"},"query-input":{"@type":"PropertyValueSpecification","valueRequired":true,"valueName":"search_term_string"}}],"inLanguage":"nn-NO"},{"@type":"Person","@id":"https:\/\/www.jaermuseet.no\/tungenesfyr\/#\/schema\/person\/20211947d5257d1a6ed15320f44ce30c","name":"Andreas Lange","image":{"@type":"ImageObject","inLanguage":"nn-NO","@id":"https:\/\/secure.gravatar.com\/avatar\/3c629766151696a039e28c046a75c32cd8690188af1da84a403faf160e697d04?s=96&d=mm&r=g","url":"https:\/\/secure.gravatar.com\/avatar\/3c629766151696a039e28c046a75c32cd8690188af1da84a403faf160e697d04?s=96&d=mm&r=g","contentUrl":"https:\/\/secure.gravatar.com\/avatar\/3c629766151696a039e28c046a75c32cd8690188af1da84a403faf160e697d04?s=96&d=mm&r=g","caption":"Andreas Lange"},"url":"https:\/\/www.jaermuseet.no\/tungenesfyr\/author\/andreaslange\/"}]}},"cc_featured_image_caption":{"caption_text":"","source_text":"","source_url":""},"jetpack_featured_media_url":"https:\/\/www.jaermuseet.no\/tungenesfyr\/wp-content\/uploads\/sites\/10\/2024\/04\/Konserter_tungenes_Fyr_Mai_Juni_2024_Header_Master-2.png","jetpack_sharing_enabled":true,"_links":{"self":[{"href":"https:\/\/www.jaermuseet.no\/tungenesfyr\/wp-json\/wp\/v2\/posts\/1253","targetHints":{"allow":["GET"]}}],"collection":[{"href":"https:\/\/www.jaermuseet.no\/tungenesfyr\/wp-json\/wp\/v2\/posts"}],"about":[{"href":"https:\/\/www.jaermuseet.no\/tungenesfyr\/wp-json\/wp\/v2\/types\/post"}],"author":[{"embeddable":true,"href":"https:\/\/www.jaermuseet.no\/tungenesfyr\/wp-json\/wp\/v2\/users\/55"}],"replies":[{"embeddable":true,"href":"https:\/\/www.jaermuseet.no\/tungenesfyr\/wp-json\/wp\/v2\/comments?post=1253"}],"version-history":[{"count":4,"href":"https:\/\/www.jaermuseet.no\/tungenesfyr\/wp-json\/wp\/v2\/posts\/1253\/revisions"}],"predecessor-version":[{"id":1262,"href":"https:\/\/www.jaermuseet.no\/tungenesfyr\/wp-json\/wp\/v2\/posts\/1253\/revisions\/1262"}],"wp:featuredmedia":[{"embeddable":true,"href":"https:\/\/www.jaermuseet.no\/tungenesfyr\/wp-json\/wp\/v2\/media\/1263"}],"wp:attachment":[{"href":"https:\/\/www.jaermuseet.no\/tungenesfyr\/wp-json\/wp\/v2\/media?parent=1253"}],"wp:term":[{"taxonomy":"category","embeddable":true,"href":"https:\/\/www.jaermuseet.no\/tungenesfyr\/wp-json\/wp\/v2\/categories?post=1253"},{"taxonomy":"post_tag","embeddable":true,"href":"https:\/\/www.jaermuseet.no\/tungenesfyr\/wp-json\/wp\/v2\/tags?post=1253"}],"curies":[{"name":"wp","href":"https:\/\/api.w.org\/{rel}","templated":true}]}}