{"id":948,"date":"2016-04-19T10:00:08","date_gmt":"2016-04-19T08:00:08","guid":{"rendered":"https:\/\/www.jaermuseet.no\/samlingar\/?p=948"},"modified":"2021-04-15T11:58:46","modified_gmt":"2021-04-15T09:58:46","slug":"sja-jaeren-2014","status":"publish","type":"post","link":"https:\/\/www.jaermuseet.no\/samlingar\/sja-jaeren-2014\/","title":{"rendered":"Sj\u00e5 J\u00e6ren 2014"},"content":{"rendered":"\n<div class=\"wp-block-columns is-layout-flex wp-container-core-columns-is-layout-9d6595d7 wp-block-columns-is-layout-flex\">\n<div class=\"wp-block-column is-layout-flow wp-block-column-is-layout-flow\" style=\"flex-basis:100%\">\n<p>Innhald:<\/p>\n\n\n\n<hr class=\"wp-block-separator is-style-wide\" \/>\n\n\n\n<p><strong>Det merkelige hundre\u00e5ret<\/strong> J\u00e6ren i perioden 1800-1940<\/p>\n\n\n\n<p>EGIL HARALD GRUDE<\/p>\n\n\n\n<div class=\"wp-block-file\"><a href=\"https:\/\/www.jaermuseet.no\/samlingar\/wp-content\/uploads\/sites\/16\/2021\/04\/Det-merkelege-hundrearet-EGIL-HARALD-GRUDE.pdf\" class=\"wp-block-file__button\" download>Last ned<\/a><\/div>\n\n\n\n<hr class=\"wp-block-separator is-style-wide\" \/>\n\n\n\n<p><strong>Sm\u00e5pikene p\u00e5 Fladholmen fyr<\/strong><\/p>\n\n\n\n<p>ATLE SKARSTEN<\/p>\n\n\n\n<div class=\"wp-block-file\"><a href=\"https:\/\/www.jaermuseet.no\/samlingar\/wp-content\/uploads\/sites\/16\/2021\/04\/Smapikene-pa-Fladholmen-fyr-ATLE-SKARSTEN.pdf\" class=\"wp-block-file__button\" download>Last ned<\/a><\/div>\n\n\n\n<hr class=\"wp-block-separator is-style-wide\" \/>\n\n\n\n<p><strong>\u00abDet ska svara seg\u00bb<\/strong>. <strong>Utstilling i Vitenfabrikken<\/strong><\/p>\n\n\n\n<p>M\u00c5LFRID GRIMSTVEDT<\/p>\n\n\n\n<div class=\"wp-block-file\"><a href=\"https:\/\/www.jaermuseet.no\/samlingar\/wp-content\/uploads\/sites\/16\/2021\/04\/Det-ska-svare-seg-Utstilling-i-Vitenfabrikken-MALFRID-GRIMSTVEDT.pdf\" class=\"wp-block-file__button\" download>Last ned<\/a><\/div>\n\n\n\n<hr class=\"wp-block-separator is-style-wide\" \/>\n\n\n\n<p><strong>Kva gjer vi med Heinkel He 115? Konservering eller restaurering?<\/strong><\/p>\n\n\n\n<p>REDAKSJONEN<\/p>\n\n\n\n<div class=\"wp-block-file\"><a href=\"https:\/\/www.jaermuseet.no\/samlingar\/wp-content\/uploads\/sites\/16\/2021\/04\/Kva-gjer-vi-med-Heinkel-He-115-Redaksjonen.pdf\" class=\"wp-block-file__button\" download>Last ned<\/a><\/div>\n\n\n\n<hr class=\"wp-block-separator is-style-wide\" \/>\n\n\n\n<p><strong>Konservering av haleseksjonen<\/strong>. <strong>Heinkel 115<\/strong><\/p>\n\n\n\n<p>EIRIK \u00c5\u00c5REBROT<\/p>\n\n\n\n<div class=\"wp-block-file\"><a href=\"https:\/\/www.jaermuseet.no\/samlingar\/wp-content\/uploads\/sites\/16\/2021\/04\/Konserveringen-av-haleseksjonen-Heinkel-115-EIRIK-AAREBROT-1.pdf\" class=\"wp-block-file__button\" download>Last ned<\/a><\/div>\n\n\n\n<hr class=\"wp-block-separator is-style-wide\" \/>\n\n\n\n<p><strong>En frivilling entusisast. Betraktninger rundt et restaureringsprosjekt<\/strong><\/p>\n\n\n\n<p>ROAR HENRIKSEN<\/p>\n\n\n\n<div class=\"wp-block-file\"><a href=\"https:\/\/www.jaermuseet.no\/samlingar\/wp-content\/uploads\/sites\/16\/2021\/04\/En-frivillig-entusiast.-Betraktninger-rundt-et-restaureringsprosjekt-ROAR-HENRIKSEN.pdf\" class=\"wp-block-file__button\" download>Last ned<\/a><\/div>\n\n\n\n<hr class=\"wp-block-separator is-style-wide\" \/>\n\n\n\n<p><strong>Audamotlandsgarden, ein typisk j\u00e6rgard?<\/strong><\/p>\n\n\n\n<p>ANNE JORUNN FR\u00d8YEN OG KNUT G. AUSTAD<\/p>\n\n\n\n<div class=\"wp-block-file\"><a href=\"https:\/\/www.jaermuseet.no\/samlingar\/wp-content\/uploads\/sites\/16\/2021\/04\/Audamotlandsgarden-ein-typisk-jaergard.-ANNE-JORUNN-FROYEN-OG-KNUT-G.-AUSTAD.pdf\" class=\"wp-block-file__button\" download>Last ned<\/a><\/div>\n\n\n\n<hr class=\"wp-block-separator is-style-wide\" \/>\n\n\n\n<p><strong>Klesvask og vaskemaskiner fr\u00e5 J\u00e6ren<\/strong><\/p>\n\n\n\n<p>ANNE JORUNN FR\u00d8YEN OG INGEBORG  N\u00c6RLAND SKJ\u00c6RPE<\/p>\n\n\n\n<div class=\"wp-block-file\"><a href=\"https:\/\/www.jaermuseet.no\/samlingar\/wp-content\/uploads\/sites\/16\/2021\/04\/Klesvask-og-vaskemaskiner-fra-Jaeren-ANNE-JORUNN-FROYEN-OG-INGEBORG-NAERLAND-SKJAERPE.pdf\" class=\"wp-block-file__button\" download>Last ned<\/a><\/div>\n\n\n\n<hr class=\"wp-block-separator is-style-wide\" \/>\n\n\n\n<p><strong>Forfatteromtale<\/strong><\/p>\n\n\n\n<div class=\"wp-block-file\"><a href=\"https:\/\/www.jaermuseet.no\/samlingar\/wp-content\/uploads\/sites\/16\/2021\/04\/Forfatteromtale-2014.pdf\" class=\"wp-block-file__button\" download>Last ned<\/a><\/div>\n\n\n\n<hr class=\"wp-block-separator is-style-wide\" \/>\n\n\n\n<div style=\"height:48px\" aria-hidden=\"true\" class=\"wp-block-spacer\"><\/div>\n\n\n\n<div class=\"wp-block-buttons is-layout-flex wp-block-buttons-is-layout-flex\">\n<div class=\"wp-block-button is-style-fill\"><a class=\"wp-block-button__link\" href=\"https:\/\/www.jaermuseet.no\/blog\/sja-jaeren\/\">Tilbake til oversikt over alle b\u00f8ker<\/a><\/div>\n<\/div>\n\n\n\n<div style=\"height:100px\" aria-hidden=\"true\" class=\"wp-block-spacer\"><\/div>\n<\/div>\n<\/div>\n\n\n\n<p><\/p>\n","protected":false},"excerpt":{"rendered":"<p>Innhald: Det merkelige hundre\u00e5ret J\u00e6ren i perioden 1800-1940 EGIL HARALD&#8230;<\/p>\n","protected":false},"author":39,"featured_media":857,"comment_status":"closed","ping_status":"closed","sticky":false,"template":"","format":"standard","meta":{"_acf_changed":false,"_jetpack_memberships_contains_paid_content":false,"footnotes":""},"categories":[35],"tags":[],"class_list":["post-948","post","type-post","status-publish","format-standard","has-post-thumbnail","hentry","category-aktuelt-kunnskap","featured-image-size-large"],"acf":[],"yoast_head":"<!-- This site is optimized with the Yoast SEO plugin v27.4 - https:\/\/yoast.com\/product\/yoast-seo-wordpress\/ -->\n<title>Sj\u00e5 J\u00e6ren 2014 - Samlingar<\/title>\n<meta name=\"robots\" content=\"index, follow, max-snippet:-1, max-image-preview:large, max-video-preview:-1\" \/>\n<link rel=\"canonical\" href=\"https:\/\/www.jaermuseet.no\/samlingar\/sja-jaeren-2014\/\" \/>\n<meta property=\"og:locale\" content=\"nn_NO\" \/>\n<meta property=\"og:type\" content=\"article\" \/>\n<meta property=\"og:title\" content=\"Sj\u00e5 J\u00e6ren 2014 - Samlingar\" \/>\n<meta property=\"og:description\" content=\"Innhald: Det merkelige hundre\u00e5ret J\u00e6ren i perioden 1800-1940 EGIL HARALD...\" \/>\n<meta property=\"og:url\" content=\"https:\/\/www.jaermuseet.no\/samlingar\/sja-jaeren-2014\/\" \/>\n<meta property=\"og:site_name\" content=\"Samlingar\" \/>\n<meta property=\"article:published_time\" content=\"2016-04-19T08:00:08+00:00\" \/>\n<meta property=\"article:modified_time\" content=\"2021-04-15T09:58:46+00:00\" \/>\n<meta property=\"og:image\" content=\"https:\/\/www.jaermuseet.no\/samlingar\/wp-content\/uploads\/sites\/16\/2015\/09\/pu_\u00e5rbok2014-1.jpg\" \/>\n\t<meta property=\"og:image:width\" content=\"800\" \/>\n\t<meta property=\"og:image:height\" content=\"520\" \/>\n\t<meta property=\"og:image:type\" content=\"image\/jpeg\" \/>\n<meta name=\"author\" content=\"Ingunn Aase Hovelsrud\" \/>\n<meta name=\"twitter:card\" content=\"summary_large_image\" \/>\n<meta name=\"twitter:label1\" content=\"Written by\" \/>\n\t<meta name=\"twitter:data1\" content=\"Ingunn Aase Hovelsrud\" \/>\n\t<meta name=\"twitter:label2\" content=\"Est. reading time\" \/>\n\t<meta name=\"twitter:data2\" content=\"1 minutt\" \/>\n<script type=\"application\/ld+json\" class=\"yoast-schema-graph\">{\"@context\":\"https:\\\/\\\/schema.org\",\"@graph\":[{\"@type\":\"Article\",\"@id\":\"https:\\\/\\\/www.jaermuseet.no\\\/samlingar\\\/sja-jaeren-2014\\\/#article\",\"isPartOf\":{\"@id\":\"https:\\\/\\\/www.jaermuseet.no\\\/samlingar\\\/sja-jaeren-2014\\\/\"},\"author\":{\"name\":\"Ingunn Aase Hovelsrud\",\"@id\":\"https:\\\/\\\/www.jaermuseet.no\\\/samlingar\\\/#\\\/schema\\\/person\\\/268312c968e309c794536d106beb3238\"},\"headline\":\"Sj\u00e5 J\u00e6ren 2014\",\"datePublished\":\"2016-04-19T08:00:08+00:00\",\"dateModified\":\"2021-04-15T09:58:46+00:00\",\"mainEntityOfPage\":{\"@id\":\"https:\\\/\\\/www.jaermuseet.no\\\/samlingar\\\/sja-jaeren-2014\\\/\"},\"wordCount\":113,\"image\":{\"@id\":\"https:\\\/\\\/www.jaermuseet.no\\\/samlingar\\\/sja-jaeren-2014\\\/#primaryimage\"},\"thumbnailUrl\":\"https:\\\/\\\/www.jaermuseet.no\\\/samlingar\\\/wp-content\\\/uploads\\\/sites\\\/16\\\/2015\\\/09\\\/pu_\u00e5rbok2014-1.jpg\",\"articleSection\":[\"Aktuelt - kunnskap\"],\"inLanguage\":\"nn-NO\"},{\"@type\":\"WebPage\",\"@id\":\"https:\\\/\\\/www.jaermuseet.no\\\/samlingar\\\/sja-jaeren-2014\\\/\",\"url\":\"https:\\\/\\\/www.jaermuseet.no\\\/samlingar\\\/sja-jaeren-2014\\\/\",\"name\":\"Sj\u00e5 J\u00e6ren 2014 - Samlingar\",\"isPartOf\":{\"@id\":\"https:\\\/\\\/www.jaermuseet.no\\\/samlingar\\\/#website\"},\"primaryImageOfPage\":{\"@id\":\"https:\\\/\\\/www.jaermuseet.no\\\/samlingar\\\/sja-jaeren-2014\\\/#primaryimage\"},\"image\":{\"@id\":\"https:\\\/\\\/www.jaermuseet.no\\\/samlingar\\\/sja-jaeren-2014\\\/#primaryimage\"},\"thumbnailUrl\":\"https:\\\/\\\/www.jaermuseet.no\\\/samlingar\\\/wp-content\\\/uploads\\\/sites\\\/16\\\/2015\\\/09\\\/pu_\u00e5rbok2014-1.jpg\",\"datePublished\":\"2016-04-19T08:00:08+00:00\",\"dateModified\":\"2021-04-15T09:58:46+00:00\",\"author\":{\"@id\":\"https:\\\/\\\/www.jaermuseet.no\\\/samlingar\\\/#\\\/schema\\\/person\\\/268312c968e309c794536d106beb3238\"},\"breadcrumb\":{\"@id\":\"https:\\\/\\\/www.jaermuseet.no\\\/samlingar\\\/sja-jaeren-2014\\\/#breadcrumb\"},\"inLanguage\":\"nn-NO\",\"potentialAction\":[{\"@type\":\"ReadAction\",\"target\":[\"https:\\\/\\\/www.jaermuseet.no\\\/samlingar\\\/sja-jaeren-2014\\\/\"]}]},{\"@type\":\"ImageObject\",\"inLanguage\":\"nn-NO\",\"@id\":\"https:\\\/\\\/www.jaermuseet.no\\\/samlingar\\\/sja-jaeren-2014\\\/#primaryimage\",\"url\":\"https:\\\/\\\/www.jaermuseet.no\\\/samlingar\\\/wp-content\\\/uploads\\\/sites\\\/16\\\/2015\\\/09\\\/pu_\u00e5rbok2014-1.jpg\",\"contentUrl\":\"https:\\\/\\\/www.jaermuseet.no\\\/samlingar\\\/wp-content\\\/uploads\\\/sites\\\/16\\\/2015\\\/09\\\/pu_\u00e5rbok2014-1.jpg\",\"width\":800,\"height\":520},{\"@type\":\"BreadcrumbList\",\"@id\":\"https:\\\/\\\/www.jaermuseet.no\\\/samlingar\\\/sja-jaeren-2014\\\/#breadcrumb\",\"itemListElement\":[{\"@type\":\"ListItem\",\"position\":1,\"name\":\"Hjem\",\"item\":\"https:\\\/\\\/www.jaermuseet.no\\\/samlingar\\\/\"},{\"@type\":\"ListItem\",\"position\":2,\"name\":\"Sj\u00e5 J\u00e6ren 2014\"}]},{\"@type\":\"WebSite\",\"@id\":\"https:\\\/\\\/www.jaermuseet.no\\\/samlingar\\\/#website\",\"url\":\"https:\\\/\\\/www.jaermuseet.no\\\/samlingar\\\/\",\"name\":\"Samlingar\",\"description\":\"Innsamling, dokumentasjon, forsking og bevaring.\",\"potentialAction\":[{\"@type\":\"SearchAction\",\"target\":{\"@type\":\"EntryPoint\",\"urlTemplate\":\"https:\\\/\\\/www.jaermuseet.no\\\/samlingar\\\/?s={search_term_string}\"},\"query-input\":{\"@type\":\"PropertyValueSpecification\",\"valueRequired\":true,\"valueName\":\"search_term_string\"}}],\"inLanguage\":\"nn-NO\"},{\"@type\":\"Person\",\"@id\":\"https:\\\/\\\/www.jaermuseet.no\\\/samlingar\\\/#\\\/schema\\\/person\\\/268312c968e309c794536d106beb3238\",\"name\":\"Ingunn Aase Hovelsrud\",\"image\":{\"@type\":\"ImageObject\",\"inLanguage\":\"nn-NO\",\"@id\":\"https:\\\/\\\/secure.gravatar.com\\\/avatar\\\/e2392785347da3edb91da69670664c586b212784029483d1a1a4adedd0f26a00?s=96&d=mm&r=g\",\"url\":\"https:\\\/\\\/secure.gravatar.com\\\/avatar\\\/e2392785347da3edb91da69670664c586b212784029483d1a1a4adedd0f26a00?s=96&d=mm&r=g\",\"contentUrl\":\"https:\\\/\\\/secure.gravatar.com\\\/avatar\\\/e2392785347da3edb91da69670664c586b212784029483d1a1a4adedd0f26a00?s=96&d=mm&r=g\",\"caption\":\"Ingunn Aase Hovelsrud\"},\"url\":\"https:\\\/\\\/www.jaermuseet.no\\\/samlingar\\\/author\\\/ingunnaasehovelsrud\\\/\"}]}<\/script>\n<!-- \/ Yoast SEO plugin. -->","yoast_head_json":{"title":"Sj\u00e5 J\u00e6ren 2014 - Samlingar","robots":{"index":"index","follow":"follow","max-snippet":"max-snippet:-1","max-image-preview":"max-image-preview:large","max-video-preview":"max-video-preview:-1"},"canonical":"https:\/\/www.jaermuseet.no\/samlingar\/sja-jaeren-2014\/","og_locale":"nn_NO","og_type":"article","og_title":"Sj\u00e5 J\u00e6ren 2014 - Samlingar","og_description":"Innhald: Det merkelige hundre\u00e5ret J\u00e6ren i perioden 1800-1940 EGIL HARALD...","og_url":"https:\/\/www.jaermuseet.no\/samlingar\/sja-jaeren-2014\/","og_site_name":"Samlingar","article_published_time":"2016-04-19T08:00:08+00:00","article_modified_time":"2021-04-15T09:58:46+00:00","og_image":[{"width":800,"height":520,"url":"https:\/\/www.jaermuseet.no\/samlingar\/wp-content\/uploads\/sites\/16\/2015\/09\/pu_\u00e5rbok2014-1.jpg","type":"image\/jpeg"}],"author":"Ingunn Aase Hovelsrud","twitter_card":"summary_large_image","twitter_misc":{"Written by":"Ingunn Aase Hovelsrud","Est. reading time":"1 minutt"},"schema":{"@context":"https:\/\/schema.org","@graph":[{"@type":"Article","@id":"https:\/\/www.jaermuseet.no\/samlingar\/sja-jaeren-2014\/#article","isPartOf":{"@id":"https:\/\/www.jaermuseet.no\/samlingar\/sja-jaeren-2014\/"},"author":{"name":"Ingunn Aase Hovelsrud","@id":"https:\/\/www.jaermuseet.no\/samlingar\/#\/schema\/person\/268312c968e309c794536d106beb3238"},"headline":"Sj\u00e5 J\u00e6ren 2014","datePublished":"2016-04-19T08:00:08+00:00","dateModified":"2021-04-15T09:58:46+00:00","mainEntityOfPage":{"@id":"https:\/\/www.jaermuseet.no\/samlingar\/sja-jaeren-2014\/"},"wordCount":113,"image":{"@id":"https:\/\/www.jaermuseet.no\/samlingar\/sja-jaeren-2014\/#primaryimage"},"thumbnailUrl":"https:\/\/www.jaermuseet.no\/samlingar\/wp-content\/uploads\/sites\/16\/2015\/09\/pu_\u00e5rbok2014-1.jpg","articleSection":["Aktuelt - kunnskap"],"inLanguage":"nn-NO"},{"@type":"WebPage","@id":"https:\/\/www.jaermuseet.no\/samlingar\/sja-jaeren-2014\/","url":"https:\/\/www.jaermuseet.no\/samlingar\/sja-jaeren-2014\/","name":"Sj\u00e5 J\u00e6ren 2014 - Samlingar","isPartOf":{"@id":"https:\/\/www.jaermuseet.no\/samlingar\/#website"},"primaryImageOfPage":{"@id":"https:\/\/www.jaermuseet.no\/samlingar\/sja-jaeren-2014\/#primaryimage"},"image":{"@id":"https:\/\/www.jaermuseet.no\/samlingar\/sja-jaeren-2014\/#primaryimage"},"thumbnailUrl":"https:\/\/www.jaermuseet.no\/samlingar\/wp-content\/uploads\/sites\/16\/2015\/09\/pu_\u00e5rbok2014-1.jpg","datePublished":"2016-04-19T08:00:08+00:00","dateModified":"2021-04-15T09:58:46+00:00","author":{"@id":"https:\/\/www.jaermuseet.no\/samlingar\/#\/schema\/person\/268312c968e309c794536d106beb3238"},"breadcrumb":{"@id":"https:\/\/www.jaermuseet.no\/samlingar\/sja-jaeren-2014\/#breadcrumb"},"inLanguage":"nn-NO","potentialAction":[{"@type":"ReadAction","target":["https:\/\/www.jaermuseet.no\/samlingar\/sja-jaeren-2014\/"]}]},{"@type":"ImageObject","inLanguage":"nn-NO","@id":"https:\/\/www.jaermuseet.no\/samlingar\/sja-jaeren-2014\/#primaryimage","url":"https:\/\/www.jaermuseet.no\/samlingar\/wp-content\/uploads\/sites\/16\/2015\/09\/pu_\u00e5rbok2014-1.jpg","contentUrl":"https:\/\/www.jaermuseet.no\/samlingar\/wp-content\/uploads\/sites\/16\/2015\/09\/pu_\u00e5rbok2014-1.jpg","width":800,"height":520},{"@type":"BreadcrumbList","@id":"https:\/\/www.jaermuseet.no\/samlingar\/sja-jaeren-2014\/#breadcrumb","itemListElement":[{"@type":"ListItem","position":1,"name":"Hjem","item":"https:\/\/www.jaermuseet.no\/samlingar\/"},{"@type":"ListItem","position":2,"name":"Sj\u00e5 J\u00e6ren 2014"}]},{"@type":"WebSite","@id":"https:\/\/www.jaermuseet.no\/samlingar\/#website","url":"https:\/\/www.jaermuseet.no\/samlingar\/","name":"Samlingar","description":"Innsamling, dokumentasjon, forsking og bevaring.","potentialAction":[{"@type":"SearchAction","target":{"@type":"EntryPoint","urlTemplate":"https:\/\/www.jaermuseet.no\/samlingar\/?s={search_term_string}"},"query-input":{"@type":"PropertyValueSpecification","valueRequired":true,"valueName":"search_term_string"}}],"inLanguage":"nn-NO"},{"@type":"Person","@id":"https:\/\/www.jaermuseet.no\/samlingar\/#\/schema\/person\/268312c968e309c794536d106beb3238","name":"Ingunn Aase Hovelsrud","image":{"@type":"ImageObject","inLanguage":"nn-NO","@id":"https:\/\/secure.gravatar.com\/avatar\/e2392785347da3edb91da69670664c586b212784029483d1a1a4adedd0f26a00?s=96&d=mm&r=g","url":"https:\/\/secure.gravatar.com\/avatar\/e2392785347da3edb91da69670664c586b212784029483d1a1a4adedd0f26a00?s=96&d=mm&r=g","contentUrl":"https:\/\/secure.gravatar.com\/avatar\/e2392785347da3edb91da69670664c586b212784029483d1a1a4adedd0f26a00?s=96&d=mm&r=g","caption":"Ingunn Aase Hovelsrud"},"url":"https:\/\/www.jaermuseet.no\/samlingar\/author\/ingunnaasehovelsrud\/"}]}},"cc_featured_image_caption":{"caption_text":"","source_text":"","source_url":""},"jetpack_featured_media_url":"https:\/\/www.jaermuseet.no\/samlingar\/wp-content\/uploads\/sites\/16\/2015\/09\/pu_\u00e5rbok2014-1.jpg","jetpack_sharing_enabled":true,"_links":{"self":[{"href":"https:\/\/www.jaermuseet.no\/samlingar\/wp-json\/wp\/v2\/posts\/948","targetHints":{"allow":["GET"]}}],"collection":[{"href":"https:\/\/www.jaermuseet.no\/samlingar\/wp-json\/wp\/v2\/posts"}],"about":[{"href":"https:\/\/www.jaermuseet.no\/samlingar\/wp-json\/wp\/v2\/types\/post"}],"author":[{"embeddable":true,"href":"https:\/\/www.jaermuseet.no\/samlingar\/wp-json\/wp\/v2\/users\/39"}],"replies":[{"embeddable":true,"href":"https:\/\/www.jaermuseet.no\/samlingar\/wp-json\/wp\/v2\/comments?post=948"}],"version-history":[{"count":7,"href":"https:\/\/www.jaermuseet.no\/samlingar\/wp-json\/wp\/v2\/posts\/948\/revisions"}],"predecessor-version":[{"id":1404,"href":"https:\/\/www.jaermuseet.no\/samlingar\/wp-json\/wp\/v2\/posts\/948\/revisions\/1404"}],"wp:featuredmedia":[{"embeddable":true,"href":"https:\/\/www.jaermuseet.no\/samlingar\/wp-json\/wp\/v2\/media\/857"}],"wp:attachment":[{"href":"https:\/\/www.jaermuseet.no\/samlingar\/wp-json\/wp\/v2\/media?parent=948"}],"wp:term":[{"taxonomy":"category","embeddable":true,"href":"https:\/\/www.jaermuseet.no\/samlingar\/wp-json\/wp\/v2\/categories?post=948"},{"taxonomy":"post_tag","embeddable":true,"href":"https:\/\/www.jaermuseet.no\/samlingar\/wp-json\/wp\/v2\/tags?post=948"}],"curies":[{"name":"wp","href":"https:\/\/api.w.org\/{rel}","templated":true}]}}