{"id":36,"date":"2011-06-14T13:01:00","date_gmt":"2011-06-14T11:01:00","guid":{"rendered":"https:\/\/www.jaermuseet.no\/samlingar\/2011\/06\/14\/sja-jaeren-1999\/"},"modified":"2019-04-24T08:51:41","modified_gmt":"2019-04-24T06:51:41","slug":"sja-jaeren-1999","status":"publish","type":"post","link":"https:\/\/www.jaermuseet.no\/samlingar\/sja-jaeren-1999\/","title":{"rendered":"Sj\u00e5 J\u00e6ren 1999"},"content":{"rendered":"<p>Innhald:<\/p>\n<hr \/>\n<h4><a class=\"wf_file\" href=\"https:\/\/www.jaermuseet.no\/samlingar\/wp-content\/uploads\/sites\/16\/2015\/09\/1999_007_J\u00e6rske_mattradisjonar.PDF\" target=\"_blank\" rel=\"noopener noreferrer\"><strong>J\u00e6rske mattradisjonar<\/strong><\/a><br \/>\n<a class=\"wf_file\" href=\"https:\/\/www.jaermuseet.no\/samlingar\/wp-content\/uploads\/sites\/16\/2015\/09\/1999_023_Det_daglege_br\u00f8d.PDF\" target=\"_blank\" rel=\"noopener noreferrer\">\u2014 Det daglege br\u00f8d<\/a><br \/>\n<a class=\"wf_file\" href=\"https:\/\/www.jaermuseet.no\/samlingar\/wp-content\/uploads\/sites\/16\/2015\/09\/1999_042__Fehald_og_mj\u00f8lkeprodukt.PDF\" target=\"_blank\" rel=\"noopener noreferrer\">\u2014 Fehald og mj\u00f8lkeprodukt<\/a><br \/>\n<a class=\"wf_file\" href=\"https:\/\/www.jaermuseet.no\/samlingar\/wp-content\/uploads\/sites\/16\/2015\/09\/1999_050_Kj\u00f8t_og_kj\u00f8tmat.PDF\" target=\"_blank\" rel=\"noopener noreferrer\">\u2014 Kj\u00f8t og kj\u00f8tmat<\/a><br \/>\n<a class=\"wf_file\" href=\"https:\/\/www.jaermuseet.no\/samlingar\/wp-content\/uploads\/sites\/16\/2015\/09\/1999_088_Saft_og_syltet\u00f8y.PDF\" target=\"_blank\" rel=\"noopener noreferrer\">\u2014 Saft og syltet\u00f8y<\/a><br \/>\n<a class=\"wf_file\" href=\"https:\/\/www.jaermuseet.no\/samlingar\/wp-content\/uploads\/sites\/16\/2015\/09\/1999_092_Oppsummering.PDF\" target=\"_blank\" rel=\"noopener noreferrer\">\u2014 Oppsummering<\/a><\/h4>\n<h4>M\u00e5lfrid Sn\u00f8rteland<\/h4>\n<hr \/>\n<h4><a class=\"wf_file\" href=\"https:\/\/www.jaermuseet.no\/samlingar\/wp-content\/uploads\/sites\/16\/2015\/09\/1999_99_Brygging_av_heime\u00f8l_p\u00e5_J\u00e6ren.PDF\" target=\"_blank\" rel=\"noopener noreferrer\"><strong>Brygging av heime\u00f8l p\u00e5 J\u00e6ren<\/strong><\/a><\/h4>\n<h4>Arne L\u00f8ge og Jonas Lea<\/h4>\n<hr \/>\n<h4><a class=\"wf_file\" href=\"https:\/\/www.jaermuseet.no\/samlingar\/wp-content\/uploads\/sites\/16\/2015\/09\/1999_103_I_manns_minne.PDF\" target=\"_blank\" rel=\"noopener noreferrer\"><strong>I manns minne<\/strong><\/a><\/h4>\n<h4>Andreas Aurdal, Borghild Idland og Gabriel Nj\u00e5<\/h4>\n<hr \/>\n<h4><a class=\"wf_file\" href=\"https:\/\/www.jaermuseet.no\/samlingar\/wp-content\/uploads\/sites\/16\/2015\/09\/1999_108_Sauen_som_mj\u00f8lkedyr.PDF\" target=\"_blank\" rel=\"noopener noreferrer\"><strong>Sauen som mj\u00f8lkedyr<\/strong><\/a><\/h4>\n<h4>Jon Bergsaker<\/h4>\n<hr \/>\n<h4><a class=\"wf_file\" href=\"https:\/\/www.jaermuseet.no\/samlingar\/wp-content\/uploads\/sites\/16\/2015\/09\/1999_116_Havregrynsm\u00f8llene_i_Rogaland.PDF\" target=\"_blank\" rel=\"noopener noreferrer\"><strong>Havregrynsm\u00f8llene i Rogaland<\/strong><\/a><\/h4>\n<h4>M\u00e5lfrid Grimstvedt<\/h4>\n<hr \/>\n<h4><a class=\"wf_file\" href=\"https:\/\/www.jaermuseet.no\/samlingar\/wp-content\/uploads\/sites\/16\/2015\/09\/1999_140_Tankar_rundt_eit_panneverk.PDF\" target=\"_blank\" rel=\"noopener noreferrer\"><strong>Tankar rundt eit panneverk<\/strong><\/a><\/h4>\n<h4>Audun \u00d8yri<\/h4>\n<hr \/>\n<h4><a href=\"https:\/\/www.jaermuseet.no\/samlingar\/wp-content\/uploads\/sites\/16\/2011\/06\/1999-145-\u00c5rsmelding-1998-2.pdf\"><strong>\u00c5rsmelding for J\u00e6rmuseet 1998<\/strong><\/a><\/h4>\n<h4><\/h4>\n","protected":false},"excerpt":{"rendered":"<p>Dette er boka om <strong>j\u00e6rske mattradisjonar<\/strong>: Det daglege <strong>br\u00f8d<\/strong>.<strong> Fehald<\/strong> og <strong>mj\u00f8lkeproduksjon. Kj\u00f8t og kj\u00f8tmat. Fisk og sild. Saft og syltet\u00f8y; Brygging<\/strong> av <strong>heime\u00f8l<\/strong> p\u00e5 J\u00e6ren; I manns minna; <strong>Sauen<\/strong> som mj\u00f8lkedyr; <strong>Havregrynsm\u00f8llene<\/strong> i Rogaland; Tankar rundt eit <strong>panneverk<\/strong><\/p>\n","protected":false},"author":16,"featured_media":839,"comment_status":"closed","ping_status":"closed","sticky":false,"template":"","format":"standard","meta":{"_acf_changed":false,"_jetpack_memberships_contains_paid_content":false,"footnotes":""},"categories":[35],"tags":[],"class_list":["post-36","post","type-post","status-publish","format-standard","has-post-thumbnail","hentry","category-aktuelt-kunnskap","featured-image-size-large"],"acf":[],"yoast_head":"<!-- This site is optimized with the Yoast SEO plugin v27.4 - https:\/\/yoast.com\/product\/yoast-seo-wordpress\/ -->\n<title>Sj\u00e5 J\u00e6ren 1999 - Samlingar<\/title>\n<meta name=\"robots\" content=\"index, follow, max-snippet:-1, max-image-preview:large, max-video-preview:-1\" \/>\n<link rel=\"canonical\" href=\"https:\/\/www.jaermuseet.no\/samlingar\/sja-jaeren-1999\/\" \/>\n<meta property=\"og:locale\" content=\"nn_NO\" \/>\n<meta property=\"og:type\" content=\"article\" \/>\n<meta property=\"og:title\" content=\"Sj\u00e5 J\u00e6ren 1999 - Samlingar\" \/>\n<meta property=\"og:description\" content=\"Dette er boka om j\u00e6rske mattradisjonar: Det daglege br\u00f8d. Fehald og mj\u00f8lkeproduksjon. Kj\u00f8t og kj\u00f8tmat. Fisk og sild. Saft og syltet\u00f8y; Brygging av heime\u00f8l p\u00e5 J\u00e6ren; I manns minna; Sauen som mj\u00f8lkedyr; Havregrynsm\u00f8llene i Rogaland; Tankar rundt eit panneverk\" \/>\n<meta property=\"og:url\" content=\"https:\/\/www.jaermuseet.no\/samlingar\/sja-jaeren-1999\/\" \/>\n<meta property=\"og:site_name\" content=\"Samlingar\" \/>\n<meta property=\"article:published_time\" content=\"2011-06-14T11:01:00+00:00\" \/>\n<meta property=\"article:modified_time\" content=\"2019-04-24T06:51:41+00:00\" \/>\n<meta property=\"og:image\" content=\"https:\/\/www.jaermuseet.no\/samlingar\/wp-content\/uploads\/sites\/16\/2015\/09\/pu_\u00e5rbok1999.jpg\" \/>\n\t<meta property=\"og:image:width\" content=\"800\" \/>\n\t<meta property=\"og:image:height\" content=\"520\" \/>\n\t<meta property=\"og:image:type\" content=\"image\/jpeg\" \/>\n<meta name=\"author\" content=\"Samlingar\" \/>\n<meta name=\"twitter:card\" content=\"summary_large_image\" \/>\n<meta name=\"twitter:label1\" content=\"Written by\" \/>\n\t<meta name=\"twitter:data1\" content=\"Samlingar\" \/>\n<script type=\"application\/ld+json\" class=\"yoast-schema-graph\">{\"@context\":\"https:\\\/\\\/schema.org\",\"@graph\":[{\"@type\":\"Article\",\"@id\":\"https:\\\/\\\/www.jaermuseet.no\\\/samlingar\\\/sja-jaeren-1999\\\/#article\",\"isPartOf\":{\"@id\":\"https:\\\/\\\/www.jaermuseet.no\\\/samlingar\\\/sja-jaeren-1999\\\/\"},\"author\":{\"name\":\"Samlingar\",\"@id\":\"https:\\\/\\\/www.jaermuseet.no\\\/samlingar\\\/#\\\/schema\\\/person\\\/ec788f8c295f4f47c2b6836e5eb8ba41\"},\"headline\":\"Sj\u00e5 J\u00e6ren 1999\",\"datePublished\":\"2011-06-14T11:01:00+00:00\",\"dateModified\":\"2019-04-24T06:51:41+00:00\",\"mainEntityOfPage\":{\"@id\":\"https:\\\/\\\/www.jaermuseet.no\\\/samlingar\\\/sja-jaeren-1999\\\/\"},\"wordCount\":75,\"image\":{\"@id\":\"https:\\\/\\\/www.jaermuseet.no\\\/samlingar\\\/sja-jaeren-1999\\\/#primaryimage\"},\"thumbnailUrl\":\"https:\\\/\\\/www.jaermuseet.no\\\/samlingar\\\/wp-content\\\/uploads\\\/sites\\\/16\\\/2015\\\/09\\\/pu_\u00e5rbok1999.jpg\",\"articleSection\":[\"Aktuelt - kunnskap\"],\"inLanguage\":\"nn-NO\"},{\"@type\":\"WebPage\",\"@id\":\"https:\\\/\\\/www.jaermuseet.no\\\/samlingar\\\/sja-jaeren-1999\\\/\",\"url\":\"https:\\\/\\\/www.jaermuseet.no\\\/samlingar\\\/sja-jaeren-1999\\\/\",\"name\":\"Sj\u00e5 J\u00e6ren 1999 - Samlingar\",\"isPartOf\":{\"@id\":\"https:\\\/\\\/www.jaermuseet.no\\\/samlingar\\\/#website\"},\"primaryImageOfPage\":{\"@id\":\"https:\\\/\\\/www.jaermuseet.no\\\/samlingar\\\/sja-jaeren-1999\\\/#primaryimage\"},\"image\":{\"@id\":\"https:\\\/\\\/www.jaermuseet.no\\\/samlingar\\\/sja-jaeren-1999\\\/#primaryimage\"},\"thumbnailUrl\":\"https:\\\/\\\/www.jaermuseet.no\\\/samlingar\\\/wp-content\\\/uploads\\\/sites\\\/16\\\/2015\\\/09\\\/pu_\u00e5rbok1999.jpg\",\"datePublished\":\"2011-06-14T11:01:00+00:00\",\"dateModified\":\"2019-04-24T06:51:41+00:00\",\"author\":{\"@id\":\"https:\\\/\\\/www.jaermuseet.no\\\/samlingar\\\/#\\\/schema\\\/person\\\/ec788f8c295f4f47c2b6836e5eb8ba41\"},\"breadcrumb\":{\"@id\":\"https:\\\/\\\/www.jaermuseet.no\\\/samlingar\\\/sja-jaeren-1999\\\/#breadcrumb\"},\"inLanguage\":\"nn-NO\",\"potentialAction\":[{\"@type\":\"ReadAction\",\"target\":[\"https:\\\/\\\/www.jaermuseet.no\\\/samlingar\\\/sja-jaeren-1999\\\/\"]}]},{\"@type\":\"ImageObject\",\"inLanguage\":\"nn-NO\",\"@id\":\"https:\\\/\\\/www.jaermuseet.no\\\/samlingar\\\/sja-jaeren-1999\\\/#primaryimage\",\"url\":\"https:\\\/\\\/www.jaermuseet.no\\\/samlingar\\\/wp-content\\\/uploads\\\/sites\\\/16\\\/2015\\\/09\\\/pu_\u00e5rbok1999.jpg\",\"contentUrl\":\"https:\\\/\\\/www.jaermuseet.no\\\/samlingar\\\/wp-content\\\/uploads\\\/sites\\\/16\\\/2015\\\/09\\\/pu_\u00e5rbok1999.jpg\",\"width\":800,\"height\":520},{\"@type\":\"BreadcrumbList\",\"@id\":\"https:\\\/\\\/www.jaermuseet.no\\\/samlingar\\\/sja-jaeren-1999\\\/#breadcrumb\",\"itemListElement\":[{\"@type\":\"ListItem\",\"position\":1,\"name\":\"Hjem\",\"item\":\"https:\\\/\\\/www.jaermuseet.no\\\/samlingar\\\/\"},{\"@type\":\"ListItem\",\"position\":2,\"name\":\"Sj\u00e5 J\u00e6ren 1999\"}]},{\"@type\":\"WebSite\",\"@id\":\"https:\\\/\\\/www.jaermuseet.no\\\/samlingar\\\/#website\",\"url\":\"https:\\\/\\\/www.jaermuseet.no\\\/samlingar\\\/\",\"name\":\"Samlingar\",\"description\":\"Innsamling, dokumentasjon, forsking og bevaring.\",\"potentialAction\":[{\"@type\":\"SearchAction\",\"target\":{\"@type\":\"EntryPoint\",\"urlTemplate\":\"https:\\\/\\\/www.jaermuseet.no\\\/samlingar\\\/?s={search_term_string}\"},\"query-input\":{\"@type\":\"PropertyValueSpecification\",\"valueRequired\":true,\"valueName\":\"search_term_string\"}}],\"inLanguage\":\"nn-NO\"},{\"@type\":\"Person\",\"@id\":\"https:\\\/\\\/www.jaermuseet.no\\\/samlingar\\\/#\\\/schema\\\/person\\\/ec788f8c295f4f47c2b6836e5eb8ba41\",\"name\":\"Samlingar\",\"image\":{\"@type\":\"ImageObject\",\"inLanguage\":\"nn-NO\",\"@id\":\"https:\\\/\\\/secure.gravatar.com\\\/avatar\\\/da7aa29e4ada3bba26141d6d9f94f4b77b1cc7d8571c652cc439f4cc19fbe645?s=96&d=mm&r=g\",\"url\":\"https:\\\/\\\/secure.gravatar.com\\\/avatar\\\/da7aa29e4ada3bba26141d6d9f94f4b77b1cc7d8571c652cc439f4cc19fbe645?s=96&d=mm&r=g\",\"contentUrl\":\"https:\\\/\\\/secure.gravatar.com\\\/avatar\\\/da7aa29e4ada3bba26141d6d9f94f4b77b1cc7d8571c652cc439f4cc19fbe645?s=96&d=mm&r=g\",\"caption\":\"Samlingar\"},\"url\":\"https:\\\/\\\/www.jaermuseet.no\\\/samlingar\\\/author\\\/samlingar\\\/\"}]}<\/script>\n<!-- \/ Yoast SEO plugin. -->","yoast_head_json":{"title":"Sj\u00e5 J\u00e6ren 1999 - Samlingar","robots":{"index":"index","follow":"follow","max-snippet":"max-snippet:-1","max-image-preview":"max-image-preview:large","max-video-preview":"max-video-preview:-1"},"canonical":"https:\/\/www.jaermuseet.no\/samlingar\/sja-jaeren-1999\/","og_locale":"nn_NO","og_type":"article","og_title":"Sj\u00e5 J\u00e6ren 1999 - Samlingar","og_description":"Dette er boka om j\u00e6rske mattradisjonar: Det daglege br\u00f8d. Fehald og mj\u00f8lkeproduksjon. Kj\u00f8t og kj\u00f8tmat. Fisk og sild. Saft og syltet\u00f8y; Brygging av heime\u00f8l p\u00e5 J\u00e6ren; I manns minna; Sauen som mj\u00f8lkedyr; Havregrynsm\u00f8llene i Rogaland; Tankar rundt eit panneverk","og_url":"https:\/\/www.jaermuseet.no\/samlingar\/sja-jaeren-1999\/","og_site_name":"Samlingar","article_published_time":"2011-06-14T11:01:00+00:00","article_modified_time":"2019-04-24T06:51:41+00:00","og_image":[{"width":800,"height":520,"url":"https:\/\/www.jaermuseet.no\/samlingar\/wp-content\/uploads\/sites\/16\/2015\/09\/pu_\u00e5rbok1999.jpg","type":"image\/jpeg"}],"author":"Samlingar","twitter_card":"summary_large_image","twitter_misc":{"Written by":"Samlingar"},"schema":{"@context":"https:\/\/schema.org","@graph":[{"@type":"Article","@id":"https:\/\/www.jaermuseet.no\/samlingar\/sja-jaeren-1999\/#article","isPartOf":{"@id":"https:\/\/www.jaermuseet.no\/samlingar\/sja-jaeren-1999\/"},"author":{"name":"Samlingar","@id":"https:\/\/www.jaermuseet.no\/samlingar\/#\/schema\/person\/ec788f8c295f4f47c2b6836e5eb8ba41"},"headline":"Sj\u00e5 J\u00e6ren 1999","datePublished":"2011-06-14T11:01:00+00:00","dateModified":"2019-04-24T06:51:41+00:00","mainEntityOfPage":{"@id":"https:\/\/www.jaermuseet.no\/samlingar\/sja-jaeren-1999\/"},"wordCount":75,"image":{"@id":"https:\/\/www.jaermuseet.no\/samlingar\/sja-jaeren-1999\/#primaryimage"},"thumbnailUrl":"https:\/\/www.jaermuseet.no\/samlingar\/wp-content\/uploads\/sites\/16\/2015\/09\/pu_\u00e5rbok1999.jpg","articleSection":["Aktuelt - kunnskap"],"inLanguage":"nn-NO"},{"@type":"WebPage","@id":"https:\/\/www.jaermuseet.no\/samlingar\/sja-jaeren-1999\/","url":"https:\/\/www.jaermuseet.no\/samlingar\/sja-jaeren-1999\/","name":"Sj\u00e5 J\u00e6ren 1999 - Samlingar","isPartOf":{"@id":"https:\/\/www.jaermuseet.no\/samlingar\/#website"},"primaryImageOfPage":{"@id":"https:\/\/www.jaermuseet.no\/samlingar\/sja-jaeren-1999\/#primaryimage"},"image":{"@id":"https:\/\/www.jaermuseet.no\/samlingar\/sja-jaeren-1999\/#primaryimage"},"thumbnailUrl":"https:\/\/www.jaermuseet.no\/samlingar\/wp-content\/uploads\/sites\/16\/2015\/09\/pu_\u00e5rbok1999.jpg","datePublished":"2011-06-14T11:01:00+00:00","dateModified":"2019-04-24T06:51:41+00:00","author":{"@id":"https:\/\/www.jaermuseet.no\/samlingar\/#\/schema\/person\/ec788f8c295f4f47c2b6836e5eb8ba41"},"breadcrumb":{"@id":"https:\/\/www.jaermuseet.no\/samlingar\/sja-jaeren-1999\/#breadcrumb"},"inLanguage":"nn-NO","potentialAction":[{"@type":"ReadAction","target":["https:\/\/www.jaermuseet.no\/samlingar\/sja-jaeren-1999\/"]}]},{"@type":"ImageObject","inLanguage":"nn-NO","@id":"https:\/\/www.jaermuseet.no\/samlingar\/sja-jaeren-1999\/#primaryimage","url":"https:\/\/www.jaermuseet.no\/samlingar\/wp-content\/uploads\/sites\/16\/2015\/09\/pu_\u00e5rbok1999.jpg","contentUrl":"https:\/\/www.jaermuseet.no\/samlingar\/wp-content\/uploads\/sites\/16\/2015\/09\/pu_\u00e5rbok1999.jpg","width":800,"height":520},{"@type":"BreadcrumbList","@id":"https:\/\/www.jaermuseet.no\/samlingar\/sja-jaeren-1999\/#breadcrumb","itemListElement":[{"@type":"ListItem","position":1,"name":"Hjem","item":"https:\/\/www.jaermuseet.no\/samlingar\/"},{"@type":"ListItem","position":2,"name":"Sj\u00e5 J\u00e6ren 1999"}]},{"@type":"WebSite","@id":"https:\/\/www.jaermuseet.no\/samlingar\/#website","url":"https:\/\/www.jaermuseet.no\/samlingar\/","name":"Samlingar","description":"Innsamling, dokumentasjon, forsking og bevaring.","potentialAction":[{"@type":"SearchAction","target":{"@type":"EntryPoint","urlTemplate":"https:\/\/www.jaermuseet.no\/samlingar\/?s={search_term_string}"},"query-input":{"@type":"PropertyValueSpecification","valueRequired":true,"valueName":"search_term_string"}}],"inLanguage":"nn-NO"},{"@type":"Person","@id":"https:\/\/www.jaermuseet.no\/samlingar\/#\/schema\/person\/ec788f8c295f4f47c2b6836e5eb8ba41","name":"Samlingar","image":{"@type":"ImageObject","inLanguage":"nn-NO","@id":"https:\/\/secure.gravatar.com\/avatar\/da7aa29e4ada3bba26141d6d9f94f4b77b1cc7d8571c652cc439f4cc19fbe645?s=96&d=mm&r=g","url":"https:\/\/secure.gravatar.com\/avatar\/da7aa29e4ada3bba26141d6d9f94f4b77b1cc7d8571c652cc439f4cc19fbe645?s=96&d=mm&r=g","contentUrl":"https:\/\/secure.gravatar.com\/avatar\/da7aa29e4ada3bba26141d6d9f94f4b77b1cc7d8571c652cc439f4cc19fbe645?s=96&d=mm&r=g","caption":"Samlingar"},"url":"https:\/\/www.jaermuseet.no\/samlingar\/author\/samlingar\/"}]}},"cc_featured_image_caption":{"caption_text":"","source_text":"","source_url":""},"jetpack_featured_media_url":"https:\/\/www.jaermuseet.no\/samlingar\/wp-content\/uploads\/sites\/16\/2015\/09\/pu_\u00e5rbok1999.jpg","jetpack_sharing_enabled":true,"_links":{"self":[{"href":"https:\/\/www.jaermuseet.no\/samlingar\/wp-json\/wp\/v2\/posts\/36","targetHints":{"allow":["GET"]}}],"collection":[{"href":"https:\/\/www.jaermuseet.no\/samlingar\/wp-json\/wp\/v2\/posts"}],"about":[{"href":"https:\/\/www.jaermuseet.no\/samlingar\/wp-json\/wp\/v2\/types\/post"}],"author":[{"embeddable":true,"href":"https:\/\/www.jaermuseet.no\/samlingar\/wp-json\/wp\/v2\/users\/16"}],"replies":[{"embeddable":true,"href":"https:\/\/www.jaermuseet.no\/samlingar\/wp-json\/wp\/v2\/comments?post=36"}],"version-history":[{"count":9,"href":"https:\/\/www.jaermuseet.no\/samlingar\/wp-json\/wp\/v2\/posts\/36\/revisions"}],"predecessor-version":[{"id":1301,"href":"https:\/\/www.jaermuseet.no\/samlingar\/wp-json\/wp\/v2\/posts\/36\/revisions\/1301"}],"wp:featuredmedia":[{"embeddable":true,"href":"https:\/\/www.jaermuseet.no\/samlingar\/wp-json\/wp\/v2\/media\/839"}],"wp:attachment":[{"href":"https:\/\/www.jaermuseet.no\/samlingar\/wp-json\/wp\/v2\/media?parent=36"}],"wp:term":[{"taxonomy":"category","embeddable":true,"href":"https:\/\/www.jaermuseet.no\/samlingar\/wp-json\/wp\/v2\/categories?post=36"},{"taxonomy":"post_tag","embeddable":true,"href":"https:\/\/www.jaermuseet.no\/samlingar\/wp-json\/wp\/v2\/tags?post=36"}],"curies":[{"name":"wp","href":"https:\/\/api.w.org\/{rel}","templated":true}]}}