{"id":32,"date":"2011-06-14T12:25:06","date_gmt":"2011-06-14T10:25:06","guid":{"rendered":"https:\/\/www.jaermuseet.no\/samlingar\/2011\/06\/14\/sja-jaeren-1995\/"},"modified":"2019-04-24T08:51:42","modified_gmt":"2019-04-24T06:51:42","slug":"sja-jaeren-1995","status":"publish","type":"post","link":"https:\/\/www.jaermuseet.no\/samlingar\/sja-jaeren-1995\/","title":{"rendered":"Sj\u00e5 J\u00e6ren 1995"},"content":{"rendered":"<p>Innhald:<\/p>\n<hr \/>\n<h4><a class=\"wf_file\" href=\"https:\/\/www.jaermuseet.no\/samlingar\/wp-content\/uploads\/sites\/16\/2015\/10\/1995_018_J\u00e6rmuseet_10_\u00e5r_A.pdf\" target=\"_blank\" rel=\"noopener noreferrer\"><strong>J\u00e6rmuseet 10 \u00e5r<\/strong><br \/>\nTilbakeblikk og framtidsperspektiv<\/a><\/h4>\n<h4>M\u00e5lfrid Sn\u00f8rteland<\/h4>\n<hr \/>\n<h4><a class=\"wf_file\" href=\"https:\/\/www.jaermuseet.no\/samlingar\/wp-content\/uploads\/sites\/16\/2015\/10\/1995_043_\u00c5_lera_med_\u00e5_gjera_A.pdf\" target=\"_blank\" rel=\"noopener noreferrer\"><strong>\u00c5 l\u00e6ra ved \u00e5 gjera<\/strong><br \/>\nAktivitetsplan for barn og vaksne<\/a><\/h4>\n<h4>J\u00e6rmuseet<\/h4>\n<hr \/>\n<h4><a class=\"wf_file\" href=\"https:\/\/www.jaermuseet.no\/samlingar\/wp-content\/uploads\/sites\/16\/2015\/10\/1995_054_Massey_Harris_mod._24_A.pdf\" target=\"_blank\" rel=\"noopener noreferrer\"><strong>Fr\u00e5 J\u00e6rmuseet sine samlingar:<\/strong><br \/>\nMassey Harris mod. 25<\/a><\/h4>\n<h4>&nbsp;<\/h4>\n<hr \/>\n<h4><a class=\"wf_file\" href=\"https:\/\/www.jaermuseet.no\/samlingar\/wp-content\/uploads\/sites\/16\/2015\/10\/1995_065_Vegen_fram_til_Museumsbygg.PDF\" target=\"_blank\" rel=\"noopener noreferrer\"><strong>Vegen fram til museumsbygg<\/strong><\/a><\/h4>\n<h4>Einar Myklebust<\/h4>\n<hr \/>\n<h4><a class=\"wf_file\" href=\"https:\/\/www.jaermuseet.no\/samlingar\/wp-content\/uploads\/sites\/16\/2015\/10\/1995_087_Audamotlandsgarden.PDF\" target=\"_blank\" rel=\"noopener noreferrer\"><strong>Audamotlandsgarden<\/strong><br \/>\nPlanlagd demonstrasjonsbruk for det f\u00f8rmekaniserte j\u00e6rjordbruket<\/a><\/h4>\n<h4>M\u00e5lfrid Sn\u00f8rteland<\/h4>\n<hr \/>\n<h4><a class=\"wf_file\" href=\"https:\/\/www.jaermuseet.no\/samlingar\/wp-content\/uploads\/sites\/16\/2015\/10\/1995_094_Kviagarden.PDF\" target=\"_blank\" rel=\"noopener noreferrer\"><strong>Kviagarden<\/strong><\/a><\/h4>\n<h4>Tobias Skretting<\/h4>\n<hr \/>\n<h4><a class=\"wf_file\" href=\"https:\/\/www.jaermuseet.no\/samlingar\/wp-content\/uploads\/sites\/16\/2015\/10\/1995_104_Hanabergsmarka.PDF\" target=\"_blank\" rel=\"noopener noreferrer\"><strong>Hanabergsmarka<\/strong><br \/>\nEt fossilt landskap rundt et aktivt museum<\/a><\/h4>\n<h4>Hanne Thomsen<\/h4>\n<hr \/>\n<h4><a class=\"wf_file\" href=\"https:\/\/www.jaermuseet.no\/samlingar\/wp-content\/uploads\/sites\/16\/2015\/10\/1995_115_Fornminna.PDF\" target=\"_blank\" rel=\"noopener noreferrer\"><strong>Fornminna<\/strong><\/a><\/h4>\n<h4>Arkeologisk Museum i Stavanger<\/h4>\n<hr \/>\n<h4><a class=\"wf_file\" href=\"https:\/\/www.jaermuseet.no\/samlingar\/wp-content\/uploads\/sites\/16\/2015\/10\/1995_131_D\u00e5_\u00d8ksna-Motland_L\u00e5g_\u00d8yde.PDF\" target=\"_blank\" rel=\"noopener noreferrer\"><strong>D\u00e5 \u00d8ksna-Motland l\u00e5g \u00f8yde<\/strong><br \/>\nPest og \u00f8ydetid i N\u00e6rb\u00f8 1349-1600<\/a><\/h4>\n<h4>Birger Lindanger<\/h4>\n<hr \/>\n<h4><a class=\"wf_file\" href=\"https:\/\/www.jaermuseet.no\/samlingar\/wp-content\/uploads\/sites\/16\/2015\/10\/1995_147_Hanabergsmarka_under_2.verdskrig.PDF\" target=\"_blank\" rel=\"noopener noreferrer\"><strong>Hanabergsmarka under 2. verdskrigen<\/strong><\/a><\/h4>\n<h4>Tor \u00d8demotland og M\u00e5lfrid Sn\u00f8rteland<\/h4>\n<hr \/>\n<h4><a class=\"wf_file\" href=\"https:\/\/www.jaermuseet.no\/samlingar\/wp-content\/uploads\/sites\/16\/2015\/10\/1995_151_\u00c5rsmelding_94.PDF\" target=\"_blank\" rel=\"noopener noreferrer\"><strong>\u00c5rsmelding for J\u00e6rmuseet 1994<\/strong><\/a><\/h4>\n<h4>J\u00e6ren Museumsr\u00e5d<\/h4>\n","protected":false},"excerpt":{"rendered":"<p>Innhald: J\u00e6rmuseet 10 \u00e5r Tilbakeblikk og framtidsperspektiv M\u00e5lfrid Sn\u00f8rteland \u00c5&#8230;<\/p>\n","protected":false},"author":16,"featured_media":835,"comment_status":"closed","ping_status":"closed","sticky":false,"template":"","format":"standard","meta":{"_acf_changed":false,"_jetpack_memberships_contains_paid_content":false,"footnotes":""},"categories":[35],"tags":[],"class_list":["post-32","post","type-post","status-publish","format-standard","has-post-thumbnail","hentry","category-aktuelt-kunnskap","featured-image-size-large"],"acf":[],"yoast_head":"<!-- This site is optimized with the Yoast SEO plugin v27.4 - https:\/\/yoast.com\/product\/yoast-seo-wordpress\/ -->\n<title>Sj\u00e5 J\u00e6ren 1995 - Samlingar<\/title>\n<meta name=\"robots\" content=\"index, follow, max-snippet:-1, max-image-preview:large, max-video-preview:-1\" \/>\n<link rel=\"canonical\" href=\"https:\/\/www.jaermuseet.no\/samlingar\/sja-jaeren-1995\/\" \/>\n<meta property=\"og:locale\" content=\"nn_NO\" \/>\n<meta property=\"og:type\" content=\"article\" \/>\n<meta property=\"og:title\" content=\"Sj\u00e5 J\u00e6ren 1995 - Samlingar\" \/>\n<meta property=\"og:description\" content=\"Innhald: J\u00e6rmuseet 10 \u00e5r Tilbakeblikk og framtidsperspektiv M\u00e5lfrid Sn\u00f8rteland \u00c5...\" \/>\n<meta property=\"og:url\" content=\"https:\/\/www.jaermuseet.no\/samlingar\/sja-jaeren-1995\/\" \/>\n<meta property=\"og:site_name\" content=\"Samlingar\" \/>\n<meta property=\"article:published_time\" content=\"2011-06-14T10:25:06+00:00\" \/>\n<meta property=\"article:modified_time\" content=\"2019-04-24T06:51:42+00:00\" \/>\n<meta property=\"og:image\" content=\"https:\/\/www.jaermuseet.no\/samlingar\/wp-content\/uploads\/sites\/16\/2015\/09\/pu_\u00e5rbok1995.jpg\" \/>\n\t<meta property=\"og:image:width\" content=\"800\" \/>\n\t<meta property=\"og:image:height\" content=\"520\" \/>\n\t<meta property=\"og:image:type\" content=\"image\/jpeg\" \/>\n<meta name=\"author\" content=\"Samlingar\" \/>\n<meta name=\"twitter:card\" content=\"summary_large_image\" \/>\n<meta name=\"twitter:label1\" content=\"Written by\" \/>\n\t<meta name=\"twitter:data1\" content=\"Samlingar\" \/>\n\t<meta name=\"twitter:label2\" content=\"Est. reading time\" \/>\n\t<meta name=\"twitter:data2\" content=\"1 minutt\" \/>\n<script type=\"application\/ld+json\" class=\"yoast-schema-graph\">{\"@context\":\"https:\\\/\\\/schema.org\",\"@graph\":[{\"@type\":\"Article\",\"@id\":\"https:\\\/\\\/www.jaermuseet.no\\\/samlingar\\\/sja-jaeren-1995\\\/#article\",\"isPartOf\":{\"@id\":\"https:\\\/\\\/www.jaermuseet.no\\\/samlingar\\\/sja-jaeren-1995\\\/\"},\"author\":{\"name\":\"Samlingar\",\"@id\":\"https:\\\/\\\/www.jaermuseet.no\\\/samlingar\\\/#\\\/schema\\\/person\\\/ec788f8c295f4f47c2b6836e5eb8ba41\"},\"headline\":\"Sj\u00e5 J\u00e6ren 1995\",\"datePublished\":\"2011-06-14T10:25:06+00:00\",\"dateModified\":\"2019-04-24T06:51:42+00:00\",\"mainEntityOfPage\":{\"@id\":\"https:\\\/\\\/www.jaermuseet.no\\\/samlingar\\\/sja-jaeren-1995\\\/\"},\"wordCount\":103,\"image\":{\"@id\":\"https:\\\/\\\/www.jaermuseet.no\\\/samlingar\\\/sja-jaeren-1995\\\/#primaryimage\"},\"thumbnailUrl\":\"https:\\\/\\\/www.jaermuseet.no\\\/samlingar\\\/wp-content\\\/uploads\\\/sites\\\/16\\\/2015\\\/09\\\/pu_\u00e5rbok1995.jpg\",\"articleSection\":[\"Aktuelt - kunnskap\"],\"inLanguage\":\"nn-NO\"},{\"@type\":\"WebPage\",\"@id\":\"https:\\\/\\\/www.jaermuseet.no\\\/samlingar\\\/sja-jaeren-1995\\\/\",\"url\":\"https:\\\/\\\/www.jaermuseet.no\\\/samlingar\\\/sja-jaeren-1995\\\/\",\"name\":\"Sj\u00e5 J\u00e6ren 1995 - Samlingar\",\"isPartOf\":{\"@id\":\"https:\\\/\\\/www.jaermuseet.no\\\/samlingar\\\/#website\"},\"primaryImageOfPage\":{\"@id\":\"https:\\\/\\\/www.jaermuseet.no\\\/samlingar\\\/sja-jaeren-1995\\\/#primaryimage\"},\"image\":{\"@id\":\"https:\\\/\\\/www.jaermuseet.no\\\/samlingar\\\/sja-jaeren-1995\\\/#primaryimage\"},\"thumbnailUrl\":\"https:\\\/\\\/www.jaermuseet.no\\\/samlingar\\\/wp-content\\\/uploads\\\/sites\\\/16\\\/2015\\\/09\\\/pu_\u00e5rbok1995.jpg\",\"datePublished\":\"2011-06-14T10:25:06+00:00\",\"dateModified\":\"2019-04-24T06:51:42+00:00\",\"author\":{\"@id\":\"https:\\\/\\\/www.jaermuseet.no\\\/samlingar\\\/#\\\/schema\\\/person\\\/ec788f8c295f4f47c2b6836e5eb8ba41\"},\"breadcrumb\":{\"@id\":\"https:\\\/\\\/www.jaermuseet.no\\\/samlingar\\\/sja-jaeren-1995\\\/#breadcrumb\"},\"inLanguage\":\"nn-NO\",\"potentialAction\":[{\"@type\":\"ReadAction\",\"target\":[\"https:\\\/\\\/www.jaermuseet.no\\\/samlingar\\\/sja-jaeren-1995\\\/\"]}]},{\"@type\":\"ImageObject\",\"inLanguage\":\"nn-NO\",\"@id\":\"https:\\\/\\\/www.jaermuseet.no\\\/samlingar\\\/sja-jaeren-1995\\\/#primaryimage\",\"url\":\"https:\\\/\\\/www.jaermuseet.no\\\/samlingar\\\/wp-content\\\/uploads\\\/sites\\\/16\\\/2015\\\/09\\\/pu_\u00e5rbok1995.jpg\",\"contentUrl\":\"https:\\\/\\\/www.jaermuseet.no\\\/samlingar\\\/wp-content\\\/uploads\\\/sites\\\/16\\\/2015\\\/09\\\/pu_\u00e5rbok1995.jpg\",\"width\":800,\"height\":520},{\"@type\":\"BreadcrumbList\",\"@id\":\"https:\\\/\\\/www.jaermuseet.no\\\/samlingar\\\/sja-jaeren-1995\\\/#breadcrumb\",\"itemListElement\":[{\"@type\":\"ListItem\",\"position\":1,\"name\":\"Hjem\",\"item\":\"https:\\\/\\\/www.jaermuseet.no\\\/samlingar\\\/\"},{\"@type\":\"ListItem\",\"position\":2,\"name\":\"Sj\u00e5 J\u00e6ren 1995\"}]},{\"@type\":\"WebSite\",\"@id\":\"https:\\\/\\\/www.jaermuseet.no\\\/samlingar\\\/#website\",\"url\":\"https:\\\/\\\/www.jaermuseet.no\\\/samlingar\\\/\",\"name\":\"Samlingar\",\"description\":\"Innsamling, dokumentasjon, forsking og bevaring.\",\"potentialAction\":[{\"@type\":\"SearchAction\",\"target\":{\"@type\":\"EntryPoint\",\"urlTemplate\":\"https:\\\/\\\/www.jaermuseet.no\\\/samlingar\\\/?s={search_term_string}\"},\"query-input\":{\"@type\":\"PropertyValueSpecification\",\"valueRequired\":true,\"valueName\":\"search_term_string\"}}],\"inLanguage\":\"nn-NO\"},{\"@type\":\"Person\",\"@id\":\"https:\\\/\\\/www.jaermuseet.no\\\/samlingar\\\/#\\\/schema\\\/person\\\/ec788f8c295f4f47c2b6836e5eb8ba41\",\"name\":\"Samlingar\",\"image\":{\"@type\":\"ImageObject\",\"inLanguage\":\"nn-NO\",\"@id\":\"https:\\\/\\\/secure.gravatar.com\\\/avatar\\\/da7aa29e4ada3bba26141d6d9f94f4b77b1cc7d8571c652cc439f4cc19fbe645?s=96&d=mm&r=g\",\"url\":\"https:\\\/\\\/secure.gravatar.com\\\/avatar\\\/da7aa29e4ada3bba26141d6d9f94f4b77b1cc7d8571c652cc439f4cc19fbe645?s=96&d=mm&r=g\",\"contentUrl\":\"https:\\\/\\\/secure.gravatar.com\\\/avatar\\\/da7aa29e4ada3bba26141d6d9f94f4b77b1cc7d8571c652cc439f4cc19fbe645?s=96&d=mm&r=g\",\"caption\":\"Samlingar\"},\"url\":\"https:\\\/\\\/www.jaermuseet.no\\\/samlingar\\\/author\\\/samlingar\\\/\"}]}<\/script>\n<!-- \/ Yoast SEO plugin. -->","yoast_head_json":{"title":"Sj\u00e5 J\u00e6ren 1995 - Samlingar","robots":{"index":"index","follow":"follow","max-snippet":"max-snippet:-1","max-image-preview":"max-image-preview:large","max-video-preview":"max-video-preview:-1"},"canonical":"https:\/\/www.jaermuseet.no\/samlingar\/sja-jaeren-1995\/","og_locale":"nn_NO","og_type":"article","og_title":"Sj\u00e5 J\u00e6ren 1995 - Samlingar","og_description":"Innhald: J\u00e6rmuseet 10 \u00e5r Tilbakeblikk og framtidsperspektiv M\u00e5lfrid Sn\u00f8rteland \u00c5...","og_url":"https:\/\/www.jaermuseet.no\/samlingar\/sja-jaeren-1995\/","og_site_name":"Samlingar","article_published_time":"2011-06-14T10:25:06+00:00","article_modified_time":"2019-04-24T06:51:42+00:00","og_image":[{"width":800,"height":520,"url":"https:\/\/www.jaermuseet.no\/samlingar\/wp-content\/uploads\/sites\/16\/2015\/09\/pu_\u00e5rbok1995.jpg","type":"image\/jpeg"}],"author":"Samlingar","twitter_card":"summary_large_image","twitter_misc":{"Written by":"Samlingar","Est. reading time":"1 minutt"},"schema":{"@context":"https:\/\/schema.org","@graph":[{"@type":"Article","@id":"https:\/\/www.jaermuseet.no\/samlingar\/sja-jaeren-1995\/#article","isPartOf":{"@id":"https:\/\/www.jaermuseet.no\/samlingar\/sja-jaeren-1995\/"},"author":{"name":"Samlingar","@id":"https:\/\/www.jaermuseet.no\/samlingar\/#\/schema\/person\/ec788f8c295f4f47c2b6836e5eb8ba41"},"headline":"Sj\u00e5 J\u00e6ren 1995","datePublished":"2011-06-14T10:25:06+00:00","dateModified":"2019-04-24T06:51:42+00:00","mainEntityOfPage":{"@id":"https:\/\/www.jaermuseet.no\/samlingar\/sja-jaeren-1995\/"},"wordCount":103,"image":{"@id":"https:\/\/www.jaermuseet.no\/samlingar\/sja-jaeren-1995\/#primaryimage"},"thumbnailUrl":"https:\/\/www.jaermuseet.no\/samlingar\/wp-content\/uploads\/sites\/16\/2015\/09\/pu_\u00e5rbok1995.jpg","articleSection":["Aktuelt - kunnskap"],"inLanguage":"nn-NO"},{"@type":"WebPage","@id":"https:\/\/www.jaermuseet.no\/samlingar\/sja-jaeren-1995\/","url":"https:\/\/www.jaermuseet.no\/samlingar\/sja-jaeren-1995\/","name":"Sj\u00e5 J\u00e6ren 1995 - Samlingar","isPartOf":{"@id":"https:\/\/www.jaermuseet.no\/samlingar\/#website"},"primaryImageOfPage":{"@id":"https:\/\/www.jaermuseet.no\/samlingar\/sja-jaeren-1995\/#primaryimage"},"image":{"@id":"https:\/\/www.jaermuseet.no\/samlingar\/sja-jaeren-1995\/#primaryimage"},"thumbnailUrl":"https:\/\/www.jaermuseet.no\/samlingar\/wp-content\/uploads\/sites\/16\/2015\/09\/pu_\u00e5rbok1995.jpg","datePublished":"2011-06-14T10:25:06+00:00","dateModified":"2019-04-24T06:51:42+00:00","author":{"@id":"https:\/\/www.jaermuseet.no\/samlingar\/#\/schema\/person\/ec788f8c295f4f47c2b6836e5eb8ba41"},"breadcrumb":{"@id":"https:\/\/www.jaermuseet.no\/samlingar\/sja-jaeren-1995\/#breadcrumb"},"inLanguage":"nn-NO","potentialAction":[{"@type":"ReadAction","target":["https:\/\/www.jaermuseet.no\/samlingar\/sja-jaeren-1995\/"]}]},{"@type":"ImageObject","inLanguage":"nn-NO","@id":"https:\/\/www.jaermuseet.no\/samlingar\/sja-jaeren-1995\/#primaryimage","url":"https:\/\/www.jaermuseet.no\/samlingar\/wp-content\/uploads\/sites\/16\/2015\/09\/pu_\u00e5rbok1995.jpg","contentUrl":"https:\/\/www.jaermuseet.no\/samlingar\/wp-content\/uploads\/sites\/16\/2015\/09\/pu_\u00e5rbok1995.jpg","width":800,"height":520},{"@type":"BreadcrumbList","@id":"https:\/\/www.jaermuseet.no\/samlingar\/sja-jaeren-1995\/#breadcrumb","itemListElement":[{"@type":"ListItem","position":1,"name":"Hjem","item":"https:\/\/www.jaermuseet.no\/samlingar\/"},{"@type":"ListItem","position":2,"name":"Sj\u00e5 J\u00e6ren 1995"}]},{"@type":"WebSite","@id":"https:\/\/www.jaermuseet.no\/samlingar\/#website","url":"https:\/\/www.jaermuseet.no\/samlingar\/","name":"Samlingar","description":"Innsamling, dokumentasjon, forsking og bevaring.","potentialAction":[{"@type":"SearchAction","target":{"@type":"EntryPoint","urlTemplate":"https:\/\/www.jaermuseet.no\/samlingar\/?s={search_term_string}"},"query-input":{"@type":"PropertyValueSpecification","valueRequired":true,"valueName":"search_term_string"}}],"inLanguage":"nn-NO"},{"@type":"Person","@id":"https:\/\/www.jaermuseet.no\/samlingar\/#\/schema\/person\/ec788f8c295f4f47c2b6836e5eb8ba41","name":"Samlingar","image":{"@type":"ImageObject","inLanguage":"nn-NO","@id":"https:\/\/secure.gravatar.com\/avatar\/da7aa29e4ada3bba26141d6d9f94f4b77b1cc7d8571c652cc439f4cc19fbe645?s=96&d=mm&r=g","url":"https:\/\/secure.gravatar.com\/avatar\/da7aa29e4ada3bba26141d6d9f94f4b77b1cc7d8571c652cc439f4cc19fbe645?s=96&d=mm&r=g","contentUrl":"https:\/\/secure.gravatar.com\/avatar\/da7aa29e4ada3bba26141d6d9f94f4b77b1cc7d8571c652cc439f4cc19fbe645?s=96&d=mm&r=g","caption":"Samlingar"},"url":"https:\/\/www.jaermuseet.no\/samlingar\/author\/samlingar\/"}]}},"cc_featured_image_caption":{"caption_text":"","source_text":"","source_url":""},"jetpack_featured_media_url":"https:\/\/www.jaermuseet.no\/samlingar\/wp-content\/uploads\/sites\/16\/2015\/09\/pu_\u00e5rbok1995.jpg","jetpack_sharing_enabled":true,"_links":{"self":[{"href":"https:\/\/www.jaermuseet.no\/samlingar\/wp-json\/wp\/v2\/posts\/32","targetHints":{"allow":["GET"]}}],"collection":[{"href":"https:\/\/www.jaermuseet.no\/samlingar\/wp-json\/wp\/v2\/posts"}],"about":[{"href":"https:\/\/www.jaermuseet.no\/samlingar\/wp-json\/wp\/v2\/types\/post"}],"author":[{"embeddable":true,"href":"https:\/\/www.jaermuseet.no\/samlingar\/wp-json\/wp\/v2\/users\/16"}],"replies":[{"embeddable":true,"href":"https:\/\/www.jaermuseet.no\/samlingar\/wp-json\/wp\/v2\/comments?post=32"}],"version-history":[{"count":7,"href":"https:\/\/www.jaermuseet.no\/samlingar\/wp-json\/wp\/v2\/posts\/32\/revisions"}],"predecessor-version":[{"id":1305,"href":"https:\/\/www.jaermuseet.no\/samlingar\/wp-json\/wp\/v2\/posts\/32\/revisions\/1305"}],"wp:featuredmedia":[{"embeddable":true,"href":"https:\/\/www.jaermuseet.no\/samlingar\/wp-json\/wp\/v2\/media\/835"}],"wp:attachment":[{"href":"https:\/\/www.jaermuseet.no\/samlingar\/wp-json\/wp\/v2\/media?parent=32"}],"wp:term":[{"taxonomy":"category","embeddable":true,"href":"https:\/\/www.jaermuseet.no\/samlingar\/wp-json\/wp\/v2\/categories?post=32"},{"taxonomy":"post_tag","embeddable":true,"href":"https:\/\/www.jaermuseet.no\/samlingar\/wp-json\/wp\/v2\/tags?post=32"}],"curies":[{"name":"wp","href":"https:\/\/api.w.org\/{rel}","templated":true}]}}