{"id":25,"date":"2010-11-02T16:16:11","date_gmt":"2010-11-02T15:16:11","guid":{"rendered":"https:\/\/www.jaermuseet.no\/samlingar\/2010\/11\/02\/sja-jaeren-1989\/"},"modified":"2019-04-24T08:51:43","modified_gmt":"2019-04-24T06:51:43","slug":"sja-jaeren-1989","status":"publish","type":"post","link":"https:\/\/www.jaermuseet.no\/samlingar\/sja-jaeren-1989\/","title":{"rendered":"Sj\u00e5 J\u00e6ren 1989"},"content":{"rendered":"<p>Innhald:<\/p>\n<hr \/>\n<h4><strong>J\u00e6rbuen himself<\/strong><\/h4>\n<h4>Tobias Skretting<\/h4>\n<hr \/>\n<h4><a class=\"wf_file\" href=\"https:\/\/www.jaermuseet.no\/samlingar\/wp-content\/uploads\/sites\/16\/2015\/10\/012_Framsteg_gjennom_folkeopplysning.pdf\"><strong>Framsteg gjennom folkeopplysning<\/strong><br \/>\nJ.A. Budde sin plan for plan for landbruksutdanning er 150 \u00e5r.<\/a><\/h4>\n<h4>Stein S\u00e6grov<\/h4>\n<hr \/>\n<h4><a class=\"jce_file_custom\" href=\"https:\/\/www.jaermuseet.no\/samlingar\/wp-content\/uploads\/sites\/16\/2015\/10\/024_Reiskapsprodusksjonen_ved_landbrukskulen_pa_Austraatt.pdf\">Reiskapsproduksjon ved landbruksskulen p\u00e5 Austr\u00e5tt<\/a><\/h4>\n<h4>Stein S\u00e6grov<\/h4>\n<hr \/>\n<h4><a class=\"jce_file\" href=\"https:\/\/www.jaermuseet.no\/samlingar\/wp-content\/uploads\/sites\/16\/2015\/10\/034_aaslands-Jentene_merkte_seg_ut.pdf\"><strong>\u00ab\u00c5slandsjentene merkte seg ut\u00bb<\/strong><br \/>\nJenteskulen p\u00e5 \u00c5sland 1883-1902<\/a><\/h4>\n<h4>Asgjerd Taksdal<\/h4>\n<hr \/>\n<h4><a class=\"jce_file\" href=\"https:\/\/www.jaermuseet.no\/samlingar\/wp-content\/uploads\/sites\/16\/2015\/10\/046 Byggeskikk i Sandnes.pdf\" target=\"_blank\" rel=\"noopener noreferrer\">Byggeskikk i Sandnes<\/a><\/h4>\n<h4>Unni Broe og Solrun Skogstad<\/h4>\n<hr \/>\n<h4><strong>Kulturlandskapet p\u00e5 Midt-J\u00e6ren \u2013 et metodeprosjekt<\/strong><\/h4>\n<h4>Per Kristian Austb\u00f8<\/h4>\n<hr \/>\n<h4><a class=\"jce_file\" href=\"https:\/\/www.jaermuseet.no\/samlingar\/wp-content\/uploads\/sites\/16\/2015\/10\/097_Krossens_Havremoelle_Sandnes.pdf\"><strong>Krossens Havrem\u00f8lle i Sandnes<\/strong><br \/>\nDokumentasjon av ei produksjonsbedrift<\/a><\/h4>\n<h4>M\u00e5lfrid Grimstvedt<\/h4>\n<hr \/>\n<h4><a class=\"jce_file_custom\" href=\"https:\/\/www.jaermuseet.no\/samlingar\/wp-content\/uploads\/sites\/16\/2015\/10\/111_Gjesdal_Ljaafabrikk.pdf\"><strong>Gjesdal Lj\u00e5fabrikk er restaurert<\/strong><br \/>\nLj\u00e5produksjon \u2013 gammal tradisjon i Gjesdalsbygda<\/a><\/h4>\n<h4>M\u00e5lfrid Sn\u00f8rteland<\/h4>\n<hr \/>\n<h4><a class=\"jce_file\" href=\"https:\/\/www.jaermuseet.no\/samlingar\/wp-content\/uploads\/sites\/16\/2015\/10\/122_Emelankton_Aadnesen.pdf\"><strong>Emelankton Aadnesen<\/strong><br \/>\nEin 100-\u00e5rs veteran i bygdemuseet<\/a><\/h4>\n<h4>Tobias Skretting<\/h4>\n<hr \/>\n<h4><a href=\"https:\/\/www.jaermuseet.no\/samlingar\/wp-content\/uploads\/sites\/16\/2010\/11\/\u00c5rsmelding-88.pdf\"><strong>\u00c5rsmelding for J\u00e6rmuseet 1988<\/strong><\/a><\/h4>\n<h4>J\u00e6ren Museumsr\u00e5d<\/h4>\n","protected":false},"excerpt":{"rendered":"<p><img loading=\"lazy\" decoding=\"async\" alt=\"sjajae089\" src=\"images\/stories\/dokumenter\/sjajae089.jpg\" width=\"150\" height=\"152\" \/><\/p>\n<p><strong> J\u00e6rbuen<\/strong> himself; Framsteg gjennom <strong>folkeopplysning. J.A. Bud<\/strong>de sin plan for plan for landbruksutdanning er 150 \u00e5r.; <strong>Reiskapsproduksjo<\/strong>n ved <strong>landbruksskulen<\/strong> p\u00e5 <strong>Austr\u00e5tt;<\/strong> &#8220;\u00c5slandsjentene merkte seg ut&#8221;. <strong>Jenteskulen p\u00e5 \u00c5sland<\/strong> 1883-1902; Byggeskikk i Sandnes; Kulturlandskapet p\u00e5 Midt-J\u00e6ren &#8211; et metodeprosjekt; <strong>Krossens Havre<\/strong>m\u00f8lle i <strong>Sandnes<\/strong>. Dokumentasjon av ei produksjonsbedrift; <strong>Emelankton Aadnesen<\/strong> Ein 100-\u00e5rs veteran i <strong>bygdemuseet<\/strong>;     <\/p>\n","protected":false},"author":16,"featured_media":789,"comment_status":"closed","ping_status":"closed","sticky":false,"template":"","format":"standard","meta":{"_acf_changed":false,"_jetpack_memberships_contains_paid_content":false,"footnotes":""},"categories":[35],"tags":[],"class_list":["post-25","post","type-post","status-publish","format-standard","has-post-thumbnail","hentry","category-aktuelt-kunnskap","featured-image-size-large"],"acf":[],"yoast_head":"<!-- This site is optimized with the Yoast SEO plugin v27.4 - https:\/\/yoast.com\/product\/yoast-seo-wordpress\/ -->\n<title>Sj\u00e5 J\u00e6ren 1989 - Samlingar<\/title>\n<meta name=\"robots\" content=\"index, follow, max-snippet:-1, max-image-preview:large, max-video-preview:-1\" \/>\n<link rel=\"canonical\" href=\"https:\/\/www.jaermuseet.no\/samlingar\/sja-jaeren-1989\/\" \/>\n<meta property=\"og:locale\" content=\"nn_NO\" \/>\n<meta property=\"og:type\" content=\"article\" \/>\n<meta property=\"og:title\" content=\"Sj\u00e5 J\u00e6ren 1989 - Samlingar\" \/>\n<meta property=\"og:description\" content=\"J\u00e6rbuen himself; Framsteg gjennom folkeopplysning. J.A. Budde sin plan for plan for landbruksutdanning er 150 \u00e5r.; Reiskapsproduksjon ved landbruksskulen p\u00e5 Austr\u00e5tt; &quot;\u00c5slandsjentene merkte seg ut&quot;. Jenteskulen p\u00e5 \u00c5sland 1883-1902; Byggeskikk i Sandnes; Kulturlandskapet p\u00e5 Midt-J\u00e6ren - et metodeprosjekt; Krossens Havrem\u00f8lle i Sandnes. Dokumentasjon av ei produksjonsbedrift; Emelankton Aadnesen Ein 100-\u00e5rs veteran i bygdemuseet;\" \/>\n<meta property=\"og:url\" content=\"https:\/\/www.jaermuseet.no\/samlingar\/sja-jaeren-1989\/\" \/>\n<meta property=\"og:site_name\" content=\"Samlingar\" \/>\n<meta property=\"article:published_time\" content=\"2010-11-02T15:16:11+00:00\" \/>\n<meta property=\"article:modified_time\" content=\"2019-04-24T06:51:43+00:00\" \/>\n<meta property=\"og:image\" content=\"https:\/\/www.jaermuseet.no\/samlingar\/wp-content\/uploads\/sites\/16\/2010\/11\/pu_\u00e5rbok1989.jpg\" \/>\n\t<meta property=\"og:image:width\" content=\"800\" \/>\n\t<meta property=\"og:image:height\" content=\"520\" \/>\n\t<meta property=\"og:image:type\" content=\"image\/jpeg\" \/>\n<meta name=\"author\" content=\"Samlingar\" \/>\n<meta name=\"twitter:card\" content=\"summary_large_image\" \/>\n<meta name=\"twitter:label1\" content=\"Written by\" \/>\n\t<meta name=\"twitter:data1\" content=\"Samlingar\" \/>\n\t<meta name=\"twitter:label2\" content=\"Est. reading time\" \/>\n\t<meta name=\"twitter:data2\" content=\"1 minutt\" \/>\n<script type=\"application\/ld+json\" class=\"yoast-schema-graph\">{\"@context\":\"https:\\\/\\\/schema.org\",\"@graph\":[{\"@type\":\"Article\",\"@id\":\"https:\\\/\\\/www.jaermuseet.no\\\/samlingar\\\/sja-jaeren-1989\\\/#article\",\"isPartOf\":{\"@id\":\"https:\\\/\\\/www.jaermuseet.no\\\/samlingar\\\/sja-jaeren-1989\\\/\"},\"author\":{\"name\":\"Samlingar\",\"@id\":\"https:\\\/\\\/www.jaermuseet.no\\\/samlingar\\\/#\\\/schema\\\/person\\\/ec788f8c295f4f47c2b6836e5eb8ba41\"},\"headline\":\"Sj\u00e5 J\u00e6ren 1989\",\"datePublished\":\"2010-11-02T15:16:11+00:00\",\"dateModified\":\"2019-04-24T06:51:43+00:00\",\"mainEntityOfPage\":{\"@id\":\"https:\\\/\\\/www.jaermuseet.no\\\/samlingar\\\/sja-jaeren-1989\\\/\"},\"wordCount\":107,\"image\":{\"@id\":\"https:\\\/\\\/www.jaermuseet.no\\\/samlingar\\\/sja-jaeren-1989\\\/#primaryimage\"},\"thumbnailUrl\":\"https:\\\/\\\/www.jaermuseet.no\\\/samlingar\\\/wp-content\\\/uploads\\\/sites\\\/16\\\/2010\\\/11\\\/pu_\u00e5rbok1989.jpg\",\"articleSection\":[\"Aktuelt - kunnskap\"],\"inLanguage\":\"nn-NO\"},{\"@type\":\"WebPage\",\"@id\":\"https:\\\/\\\/www.jaermuseet.no\\\/samlingar\\\/sja-jaeren-1989\\\/\",\"url\":\"https:\\\/\\\/www.jaermuseet.no\\\/samlingar\\\/sja-jaeren-1989\\\/\",\"name\":\"Sj\u00e5 J\u00e6ren 1989 - Samlingar\",\"isPartOf\":{\"@id\":\"https:\\\/\\\/www.jaermuseet.no\\\/samlingar\\\/#website\"},\"primaryImageOfPage\":{\"@id\":\"https:\\\/\\\/www.jaermuseet.no\\\/samlingar\\\/sja-jaeren-1989\\\/#primaryimage\"},\"image\":{\"@id\":\"https:\\\/\\\/www.jaermuseet.no\\\/samlingar\\\/sja-jaeren-1989\\\/#primaryimage\"},\"thumbnailUrl\":\"https:\\\/\\\/www.jaermuseet.no\\\/samlingar\\\/wp-content\\\/uploads\\\/sites\\\/16\\\/2010\\\/11\\\/pu_\u00e5rbok1989.jpg\",\"datePublished\":\"2010-11-02T15:16:11+00:00\",\"dateModified\":\"2019-04-24T06:51:43+00:00\",\"author\":{\"@id\":\"https:\\\/\\\/www.jaermuseet.no\\\/samlingar\\\/#\\\/schema\\\/person\\\/ec788f8c295f4f47c2b6836e5eb8ba41\"},\"breadcrumb\":{\"@id\":\"https:\\\/\\\/www.jaermuseet.no\\\/samlingar\\\/sja-jaeren-1989\\\/#breadcrumb\"},\"inLanguage\":\"nn-NO\",\"potentialAction\":[{\"@type\":\"ReadAction\",\"target\":[\"https:\\\/\\\/www.jaermuseet.no\\\/samlingar\\\/sja-jaeren-1989\\\/\"]}]},{\"@type\":\"ImageObject\",\"inLanguage\":\"nn-NO\",\"@id\":\"https:\\\/\\\/www.jaermuseet.no\\\/samlingar\\\/sja-jaeren-1989\\\/#primaryimage\",\"url\":\"https:\\\/\\\/www.jaermuseet.no\\\/samlingar\\\/wp-content\\\/uploads\\\/sites\\\/16\\\/2010\\\/11\\\/pu_\u00e5rbok1989.jpg\",\"contentUrl\":\"https:\\\/\\\/www.jaermuseet.no\\\/samlingar\\\/wp-content\\\/uploads\\\/sites\\\/16\\\/2010\\\/11\\\/pu_\u00e5rbok1989.jpg\",\"width\":800,\"height\":520},{\"@type\":\"BreadcrumbList\",\"@id\":\"https:\\\/\\\/www.jaermuseet.no\\\/samlingar\\\/sja-jaeren-1989\\\/#breadcrumb\",\"itemListElement\":[{\"@type\":\"ListItem\",\"position\":1,\"name\":\"Hjem\",\"item\":\"https:\\\/\\\/www.jaermuseet.no\\\/samlingar\\\/\"},{\"@type\":\"ListItem\",\"position\":2,\"name\":\"Sj\u00e5 J\u00e6ren 1989\"}]},{\"@type\":\"WebSite\",\"@id\":\"https:\\\/\\\/www.jaermuseet.no\\\/samlingar\\\/#website\",\"url\":\"https:\\\/\\\/www.jaermuseet.no\\\/samlingar\\\/\",\"name\":\"Samlingar\",\"description\":\"Innsamling, dokumentasjon, forsking og bevaring.\",\"potentialAction\":[{\"@type\":\"SearchAction\",\"target\":{\"@type\":\"EntryPoint\",\"urlTemplate\":\"https:\\\/\\\/www.jaermuseet.no\\\/samlingar\\\/?s={search_term_string}\"},\"query-input\":{\"@type\":\"PropertyValueSpecification\",\"valueRequired\":true,\"valueName\":\"search_term_string\"}}],\"inLanguage\":\"nn-NO\"},{\"@type\":\"Person\",\"@id\":\"https:\\\/\\\/www.jaermuseet.no\\\/samlingar\\\/#\\\/schema\\\/person\\\/ec788f8c295f4f47c2b6836e5eb8ba41\",\"name\":\"Samlingar\",\"image\":{\"@type\":\"ImageObject\",\"inLanguage\":\"nn-NO\",\"@id\":\"https:\\\/\\\/secure.gravatar.com\\\/avatar\\\/da7aa29e4ada3bba26141d6d9f94f4b77b1cc7d8571c652cc439f4cc19fbe645?s=96&d=mm&r=g\",\"url\":\"https:\\\/\\\/secure.gravatar.com\\\/avatar\\\/da7aa29e4ada3bba26141d6d9f94f4b77b1cc7d8571c652cc439f4cc19fbe645?s=96&d=mm&r=g\",\"contentUrl\":\"https:\\\/\\\/secure.gravatar.com\\\/avatar\\\/da7aa29e4ada3bba26141d6d9f94f4b77b1cc7d8571c652cc439f4cc19fbe645?s=96&d=mm&r=g\",\"caption\":\"Samlingar\"},\"url\":\"https:\\\/\\\/www.jaermuseet.no\\\/samlingar\\\/author\\\/samlingar\\\/\"}]}<\/script>\n<!-- \/ Yoast SEO plugin. -->","yoast_head_json":{"title":"Sj\u00e5 J\u00e6ren 1989 - Samlingar","robots":{"index":"index","follow":"follow","max-snippet":"max-snippet:-1","max-image-preview":"max-image-preview:large","max-video-preview":"max-video-preview:-1"},"canonical":"https:\/\/www.jaermuseet.no\/samlingar\/sja-jaeren-1989\/","og_locale":"nn_NO","og_type":"article","og_title":"Sj\u00e5 J\u00e6ren 1989 - Samlingar","og_description":"J\u00e6rbuen himself; Framsteg gjennom folkeopplysning. J.A. Budde sin plan for plan for landbruksutdanning er 150 \u00e5r.; Reiskapsproduksjon ved landbruksskulen p\u00e5 Austr\u00e5tt; \"\u00c5slandsjentene merkte seg ut\". Jenteskulen p\u00e5 \u00c5sland 1883-1902; Byggeskikk i Sandnes; Kulturlandskapet p\u00e5 Midt-J\u00e6ren - et metodeprosjekt; Krossens Havrem\u00f8lle i Sandnes. Dokumentasjon av ei produksjonsbedrift; Emelankton Aadnesen Ein 100-\u00e5rs veteran i bygdemuseet;","og_url":"https:\/\/www.jaermuseet.no\/samlingar\/sja-jaeren-1989\/","og_site_name":"Samlingar","article_published_time":"2010-11-02T15:16:11+00:00","article_modified_time":"2019-04-24T06:51:43+00:00","og_image":[{"width":800,"height":520,"url":"https:\/\/www.jaermuseet.no\/samlingar\/wp-content\/uploads\/sites\/16\/2010\/11\/pu_\u00e5rbok1989.jpg","type":"image\/jpeg"}],"author":"Samlingar","twitter_card":"summary_large_image","twitter_misc":{"Written by":"Samlingar","Est. reading time":"1 minutt"},"schema":{"@context":"https:\/\/schema.org","@graph":[{"@type":"Article","@id":"https:\/\/www.jaermuseet.no\/samlingar\/sja-jaeren-1989\/#article","isPartOf":{"@id":"https:\/\/www.jaermuseet.no\/samlingar\/sja-jaeren-1989\/"},"author":{"name":"Samlingar","@id":"https:\/\/www.jaermuseet.no\/samlingar\/#\/schema\/person\/ec788f8c295f4f47c2b6836e5eb8ba41"},"headline":"Sj\u00e5 J\u00e6ren 1989","datePublished":"2010-11-02T15:16:11+00:00","dateModified":"2019-04-24T06:51:43+00:00","mainEntityOfPage":{"@id":"https:\/\/www.jaermuseet.no\/samlingar\/sja-jaeren-1989\/"},"wordCount":107,"image":{"@id":"https:\/\/www.jaermuseet.no\/samlingar\/sja-jaeren-1989\/#primaryimage"},"thumbnailUrl":"https:\/\/www.jaermuseet.no\/samlingar\/wp-content\/uploads\/sites\/16\/2010\/11\/pu_\u00e5rbok1989.jpg","articleSection":["Aktuelt - kunnskap"],"inLanguage":"nn-NO"},{"@type":"WebPage","@id":"https:\/\/www.jaermuseet.no\/samlingar\/sja-jaeren-1989\/","url":"https:\/\/www.jaermuseet.no\/samlingar\/sja-jaeren-1989\/","name":"Sj\u00e5 J\u00e6ren 1989 - Samlingar","isPartOf":{"@id":"https:\/\/www.jaermuseet.no\/samlingar\/#website"},"primaryImageOfPage":{"@id":"https:\/\/www.jaermuseet.no\/samlingar\/sja-jaeren-1989\/#primaryimage"},"image":{"@id":"https:\/\/www.jaermuseet.no\/samlingar\/sja-jaeren-1989\/#primaryimage"},"thumbnailUrl":"https:\/\/www.jaermuseet.no\/samlingar\/wp-content\/uploads\/sites\/16\/2010\/11\/pu_\u00e5rbok1989.jpg","datePublished":"2010-11-02T15:16:11+00:00","dateModified":"2019-04-24T06:51:43+00:00","author":{"@id":"https:\/\/www.jaermuseet.no\/samlingar\/#\/schema\/person\/ec788f8c295f4f47c2b6836e5eb8ba41"},"breadcrumb":{"@id":"https:\/\/www.jaermuseet.no\/samlingar\/sja-jaeren-1989\/#breadcrumb"},"inLanguage":"nn-NO","potentialAction":[{"@type":"ReadAction","target":["https:\/\/www.jaermuseet.no\/samlingar\/sja-jaeren-1989\/"]}]},{"@type":"ImageObject","inLanguage":"nn-NO","@id":"https:\/\/www.jaermuseet.no\/samlingar\/sja-jaeren-1989\/#primaryimage","url":"https:\/\/www.jaermuseet.no\/samlingar\/wp-content\/uploads\/sites\/16\/2010\/11\/pu_\u00e5rbok1989.jpg","contentUrl":"https:\/\/www.jaermuseet.no\/samlingar\/wp-content\/uploads\/sites\/16\/2010\/11\/pu_\u00e5rbok1989.jpg","width":800,"height":520},{"@type":"BreadcrumbList","@id":"https:\/\/www.jaermuseet.no\/samlingar\/sja-jaeren-1989\/#breadcrumb","itemListElement":[{"@type":"ListItem","position":1,"name":"Hjem","item":"https:\/\/www.jaermuseet.no\/samlingar\/"},{"@type":"ListItem","position":2,"name":"Sj\u00e5 J\u00e6ren 1989"}]},{"@type":"WebSite","@id":"https:\/\/www.jaermuseet.no\/samlingar\/#website","url":"https:\/\/www.jaermuseet.no\/samlingar\/","name":"Samlingar","description":"Innsamling, dokumentasjon, forsking og bevaring.","potentialAction":[{"@type":"SearchAction","target":{"@type":"EntryPoint","urlTemplate":"https:\/\/www.jaermuseet.no\/samlingar\/?s={search_term_string}"},"query-input":{"@type":"PropertyValueSpecification","valueRequired":true,"valueName":"search_term_string"}}],"inLanguage":"nn-NO"},{"@type":"Person","@id":"https:\/\/www.jaermuseet.no\/samlingar\/#\/schema\/person\/ec788f8c295f4f47c2b6836e5eb8ba41","name":"Samlingar","image":{"@type":"ImageObject","inLanguage":"nn-NO","@id":"https:\/\/secure.gravatar.com\/avatar\/da7aa29e4ada3bba26141d6d9f94f4b77b1cc7d8571c652cc439f4cc19fbe645?s=96&d=mm&r=g","url":"https:\/\/secure.gravatar.com\/avatar\/da7aa29e4ada3bba26141d6d9f94f4b77b1cc7d8571c652cc439f4cc19fbe645?s=96&d=mm&r=g","contentUrl":"https:\/\/secure.gravatar.com\/avatar\/da7aa29e4ada3bba26141d6d9f94f4b77b1cc7d8571c652cc439f4cc19fbe645?s=96&d=mm&r=g","caption":"Samlingar"},"url":"https:\/\/www.jaermuseet.no\/samlingar\/author\/samlingar\/"}]}},"cc_featured_image_caption":{"caption_text":"","source_text":"","source_url":""},"jetpack_featured_media_url":"https:\/\/www.jaermuseet.no\/samlingar\/wp-content\/uploads\/sites\/16\/2010\/11\/pu_\u00e5rbok1989.jpg","jetpack_sharing_enabled":true,"_links":{"self":[{"href":"https:\/\/www.jaermuseet.no\/samlingar\/wp-json\/wp\/v2\/posts\/25","targetHints":{"allow":["GET"]}}],"collection":[{"href":"https:\/\/www.jaermuseet.no\/samlingar\/wp-json\/wp\/v2\/posts"}],"about":[{"href":"https:\/\/www.jaermuseet.no\/samlingar\/wp-json\/wp\/v2\/types\/post"}],"author":[{"embeddable":true,"href":"https:\/\/www.jaermuseet.no\/samlingar\/wp-json\/wp\/v2\/users\/16"}],"replies":[{"embeddable":true,"href":"https:\/\/www.jaermuseet.no\/samlingar\/wp-json\/wp\/v2\/comments?post=25"}],"version-history":[{"count":11,"href":"https:\/\/www.jaermuseet.no\/samlingar\/wp-json\/wp\/v2\/posts\/25\/revisions"}],"predecessor-version":[{"id":1308,"href":"https:\/\/www.jaermuseet.no\/samlingar\/wp-json\/wp\/v2\/posts\/25\/revisions\/1308"}],"wp:featuredmedia":[{"embeddable":true,"href":"https:\/\/www.jaermuseet.no\/samlingar\/wp-json\/wp\/v2\/media\/789"}],"wp:attachment":[{"href":"https:\/\/www.jaermuseet.no\/samlingar\/wp-json\/wp\/v2\/media?parent=25"}],"wp:term":[{"taxonomy":"category","embeddable":true,"href":"https:\/\/www.jaermuseet.no\/samlingar\/wp-json\/wp\/v2\/categories?post=25"},{"taxonomy":"post_tag","embeddable":true,"href":"https:\/\/www.jaermuseet.no\/samlingar\/wp-json\/wp\/v2\/tags?post=25"}],"curies":[{"name":"wp","href":"https:\/\/api.w.org\/{rel}","templated":true}]}}