{"id":21,"date":"2010-12-01T20:38:45","date_gmt":"2010-12-01T19:38:45","guid":{"rendered":"https:\/\/www.jaermuseet.no\/samlingar\/2010\/12\/01\/fotosamling-jaeof-jonas-oglaend-sandnes\/"},"modified":"2019-04-24T08:51:42","modified_gmt":"2019-04-24T06:51:42","slug":"fotosamling-jaeof-jonas-oglaend-sandnes","status":"publish","type":"post","link":"https:\/\/www.jaermuseet.no\/samlingar\/fotosamling-jaeof-jonas-oglaend-sandnes\/","title":{"rendered":"Fotosamling J\u00c6\u00d8F \u2013 Jonas \u00d8gl\u00e6nd, Sandnes"},"content":{"rendered":"<p>&nbsp;<\/p>\n<p>Fotografiene i fotosamlingen fra bedriften Jonas \u00d8gl\u00e6nd AS kommer fra mange forskjellige kilder. Starten var fotosamlingen som bedriftsmuseet bygget opp. Senere ble denne supplert med fotografier som ble funnet her og der i bedriften, i gjenstandssamlingen eller i krinkler og kroker i den nedlagte bedriften.<\/p>\n<p>Felles for alle de\u00a0over 20.000 bildene er at disse har en eller annen tilknytning til bedriften Jonas \u00d8gl\u00e6nd AS: om det er portretter av bedriftseierne eller arbeidere i produksjonen, om det er bygninger fra luften eller interi\u00f8ret i butikkene, om det er reklamefotografier av syklene eller bilder fra utfluktene til bedriften.<\/p>\n<p>Noen deler av fotosamlingen kan framheves:<\/p>\n<p><strong>Knudsens Fotosenter<\/strong> dokumenterte i forkant av bedriftsjubileet i 1968 hele virksomheten til bedriften &#8211; \u00a0fra de \u00f8verste sjefene til de ansatte p\u00e5 gulvet, fra store overblikk over bygningene til den enkelte detalj i produksjonen, fr\u00e5 b\u00e5de framstillingen av syklene, produksjonen av konfeksjonen og varehandelen. Fotografiene ble publisert i jubileumsboken, f\u00f8rt i pennen av Jonas Schanche Jonasen.<\/p>\n<p>Et utvalg av Knudsens<span style=\"text-decoration: line-through\">\u2019<\/span> fotografier finner du publisert p\u00e5 Digitalt Museum <a href=\"https:\/\/digitaltmuseum.no\/search\/?q=%22Knudsens+Fotosenter%22&amp;aq=owner%3F%3A%22JRM%22\">her<\/a>.<\/p>\n<p><strong>Bedriftsbladet \u00abVi hos \u00d8gl\u00e6nd\u00bb<\/strong> informerte mellom 1955 og 1985 bedriftens ansatte om livet i bedriften. Her vises b\u00e5de det daglige arbeidet og store begivenheter,\u00a0de ansattes hverdag s\u00e5 vel som utflukter og fester. Det unike med disse bildene er at vi har god informasjon om dem. Hadde du en slektning som jobbet hos \u00d8gl\u00e6nd i denne tiden, s\u00e5 er det godt mulig at du finner ham\u00a0eller henne\u00a0i fotosamlingen til bedriftsbladet.<\/p>\n<p>Et utvalg av fotografiene fra bedriftsbladet finner du publisert p\u00e5 Digitalt Museum <a href=\"https:\/\/digitaltmuseum.no\/search\/?q=J%C3%86%C3%98FV&amp;aq=owner%3F%3A%22JRM%22\">her<\/a>.<\/p>\n<p>&nbsp;<\/p>\n","protected":false},"excerpt":{"rendered":"<p><img loading=\"lazy\" decoding=\"async\" src=\"\/images\/stories\/samlingar\/foto\/JF\/JF0001-2.jpg\" width=\"228\" height=\"132\" alt=\"JF0001-2\" style=\"margin-right: 10px;margin-bottom: 10px\" \/>Fotosamlinga etter storbedrifta Jonas \u00d8gl\u00e6nd Sandnes ble en del av J\u00e6rmuseet n\u00e5r \u00d8gl\u00e6nds bedriftsmuseum gikk inn i J\u00e6rmuseet i 2001. Denne samlinga viser seg \u00e5 v\u00e6re en noks\u00e5 typisk fotosamling etter en storbedrift.<\/p>\n","protected":false},"author":16,"featured_media":0,"comment_status":"closed","ping_status":"closed","sticky":false,"template":"","format":"standard","meta":{"_acf_changed":false,"_jetpack_memberships_contains_paid_content":false,"footnotes":""},"categories":[35],"tags":[],"class_list":["post-21","post","type-post","status-publish","format-standard","hentry","category-aktuelt-kunnskap","featured-image-size-large"],"acf":[],"yoast_head":"<!-- This site is optimized with the Yoast SEO plugin v27.4 - https:\/\/yoast.com\/product\/yoast-seo-wordpress\/ -->\n<title>Fotosamling J\u00c6\u00d8F \u2013 Jonas \u00d8gl\u00e6nd, Sandnes - Samlingar<\/title>\n<meta name=\"robots\" content=\"index, follow, max-snippet:-1, max-image-preview:large, max-video-preview:-1\" \/>\n<link rel=\"canonical\" href=\"https:\/\/www.jaermuseet.no\/samlingar\/fotosamling-jaeof-jonas-oglaend-sandnes\/\" \/>\n<meta property=\"og:locale\" content=\"nn_NO\" \/>\n<meta property=\"og:type\" content=\"article\" \/>\n<meta property=\"og:title\" content=\"Fotosamling J\u00c6\u00d8F \u2013 Jonas \u00d8gl\u00e6nd, Sandnes - Samlingar\" \/>\n<meta property=\"og:description\" content=\"Fotosamlinga etter storbedrifta Jonas \u00d8gl\u00e6nd Sandnes ble en del av J\u00e6rmuseet n\u00e5r \u00d8gl\u00e6nds bedriftsmuseum gikk inn i J\u00e6rmuseet i 2001. Denne samlinga viser seg \u00e5 v\u00e6re en noks\u00e5 typisk fotosamling etter en storbedrift.\" \/>\n<meta property=\"og:url\" content=\"https:\/\/www.jaermuseet.no\/samlingar\/fotosamling-jaeof-jonas-oglaend-sandnes\/\" \/>\n<meta property=\"og:site_name\" content=\"Samlingar\" \/>\n<meta property=\"article:published_time\" content=\"2010-12-01T19:38:45+00:00\" \/>\n<meta property=\"article:modified_time\" content=\"2019-04-24T06:51:42+00:00\" \/>\n<meta name=\"author\" content=\"Samlingar\" \/>\n<meta name=\"twitter:card\" content=\"summary_large_image\" \/>\n<meta name=\"twitter:label1\" content=\"Written by\" \/>\n\t<meta name=\"twitter:data1\" content=\"Samlingar\" \/>\n\t<meta name=\"twitter:label2\" content=\"Est. reading time\" \/>\n\t<meta name=\"twitter:data2\" content=\"1 minutt\" \/>\n<script type=\"application\/ld+json\" class=\"yoast-schema-graph\">{\"@context\":\"https:\\\/\\\/schema.org\",\"@graph\":[{\"@type\":\"Article\",\"@id\":\"https:\\\/\\\/www.jaermuseet.no\\\/samlingar\\\/fotosamling-jaeof-jonas-oglaend-sandnes\\\/#article\",\"isPartOf\":{\"@id\":\"https:\\\/\\\/www.jaermuseet.no\\\/samlingar\\\/fotosamling-jaeof-jonas-oglaend-sandnes\\\/\"},\"author\":{\"name\":\"Samlingar\",\"@id\":\"https:\\\/\\\/www.jaermuseet.no\\\/samlingar\\\/#\\\/schema\\\/person\\\/ec788f8c295f4f47c2b6836e5eb8ba41\"},\"headline\":\"Fotosamling J\u00c6\u00d8F \u2013 Jonas \u00d8gl\u00e6nd, Sandnes\",\"datePublished\":\"2010-12-01T19:38:45+00:00\",\"dateModified\":\"2019-04-24T06:51:42+00:00\",\"mainEntityOfPage\":{\"@id\":\"https:\\\/\\\/www.jaermuseet.no\\\/samlingar\\\/fotosamling-jaeof-jonas-oglaend-sandnes\\\/\"},\"wordCount\":269,\"articleSection\":[\"Aktuelt - kunnskap\"],\"inLanguage\":\"nn-NO\"},{\"@type\":\"WebPage\",\"@id\":\"https:\\\/\\\/www.jaermuseet.no\\\/samlingar\\\/fotosamling-jaeof-jonas-oglaend-sandnes\\\/\",\"url\":\"https:\\\/\\\/www.jaermuseet.no\\\/samlingar\\\/fotosamling-jaeof-jonas-oglaend-sandnes\\\/\",\"name\":\"Fotosamling J\u00c6\u00d8F \u2013 Jonas \u00d8gl\u00e6nd, Sandnes - Samlingar\",\"isPartOf\":{\"@id\":\"https:\\\/\\\/www.jaermuseet.no\\\/samlingar\\\/#website\"},\"datePublished\":\"2010-12-01T19:38:45+00:00\",\"dateModified\":\"2019-04-24T06:51:42+00:00\",\"author\":{\"@id\":\"https:\\\/\\\/www.jaermuseet.no\\\/samlingar\\\/#\\\/schema\\\/person\\\/ec788f8c295f4f47c2b6836e5eb8ba41\"},\"breadcrumb\":{\"@id\":\"https:\\\/\\\/www.jaermuseet.no\\\/samlingar\\\/fotosamling-jaeof-jonas-oglaend-sandnes\\\/#breadcrumb\"},\"inLanguage\":\"nn-NO\",\"potentialAction\":[{\"@type\":\"ReadAction\",\"target\":[\"https:\\\/\\\/www.jaermuseet.no\\\/samlingar\\\/fotosamling-jaeof-jonas-oglaend-sandnes\\\/\"]}]},{\"@type\":\"BreadcrumbList\",\"@id\":\"https:\\\/\\\/www.jaermuseet.no\\\/samlingar\\\/fotosamling-jaeof-jonas-oglaend-sandnes\\\/#breadcrumb\",\"itemListElement\":[{\"@type\":\"ListItem\",\"position\":1,\"name\":\"Hjem\",\"item\":\"https:\\\/\\\/www.jaermuseet.no\\\/samlingar\\\/\"},{\"@type\":\"ListItem\",\"position\":2,\"name\":\"Fotosamling J\u00c6\u00d8F \u2013 Jonas \u00d8gl\u00e6nd, Sandnes\"}]},{\"@type\":\"WebSite\",\"@id\":\"https:\\\/\\\/www.jaermuseet.no\\\/samlingar\\\/#website\",\"url\":\"https:\\\/\\\/www.jaermuseet.no\\\/samlingar\\\/\",\"name\":\"Samlingar\",\"description\":\"Innsamling, dokumentasjon, forsking og bevaring.\",\"potentialAction\":[{\"@type\":\"SearchAction\",\"target\":{\"@type\":\"EntryPoint\",\"urlTemplate\":\"https:\\\/\\\/www.jaermuseet.no\\\/samlingar\\\/?s={search_term_string}\"},\"query-input\":{\"@type\":\"PropertyValueSpecification\",\"valueRequired\":true,\"valueName\":\"search_term_string\"}}],\"inLanguage\":\"nn-NO\"},{\"@type\":\"Person\",\"@id\":\"https:\\\/\\\/www.jaermuseet.no\\\/samlingar\\\/#\\\/schema\\\/person\\\/ec788f8c295f4f47c2b6836e5eb8ba41\",\"name\":\"Samlingar\",\"image\":{\"@type\":\"ImageObject\",\"inLanguage\":\"nn-NO\",\"@id\":\"https:\\\/\\\/secure.gravatar.com\\\/avatar\\\/da7aa29e4ada3bba26141d6d9f94f4b77b1cc7d8571c652cc439f4cc19fbe645?s=96&d=mm&r=g\",\"url\":\"https:\\\/\\\/secure.gravatar.com\\\/avatar\\\/da7aa29e4ada3bba26141d6d9f94f4b77b1cc7d8571c652cc439f4cc19fbe645?s=96&d=mm&r=g\",\"contentUrl\":\"https:\\\/\\\/secure.gravatar.com\\\/avatar\\\/da7aa29e4ada3bba26141d6d9f94f4b77b1cc7d8571c652cc439f4cc19fbe645?s=96&d=mm&r=g\",\"caption\":\"Samlingar\"},\"url\":\"https:\\\/\\\/www.jaermuseet.no\\\/samlingar\\\/author\\\/samlingar\\\/\"}]}<\/script>\n<!-- \/ Yoast SEO plugin. -->","yoast_head_json":{"title":"Fotosamling J\u00c6\u00d8F \u2013 Jonas \u00d8gl\u00e6nd, Sandnes - Samlingar","robots":{"index":"index","follow":"follow","max-snippet":"max-snippet:-1","max-image-preview":"max-image-preview:large","max-video-preview":"max-video-preview:-1"},"canonical":"https:\/\/www.jaermuseet.no\/samlingar\/fotosamling-jaeof-jonas-oglaend-sandnes\/","og_locale":"nn_NO","og_type":"article","og_title":"Fotosamling J\u00c6\u00d8F \u2013 Jonas \u00d8gl\u00e6nd, Sandnes - Samlingar","og_description":"Fotosamlinga etter storbedrifta Jonas \u00d8gl\u00e6nd Sandnes ble en del av J\u00e6rmuseet n\u00e5r \u00d8gl\u00e6nds bedriftsmuseum gikk inn i J\u00e6rmuseet i 2001. Denne samlinga viser seg \u00e5 v\u00e6re en noks\u00e5 typisk fotosamling etter en storbedrift.","og_url":"https:\/\/www.jaermuseet.no\/samlingar\/fotosamling-jaeof-jonas-oglaend-sandnes\/","og_site_name":"Samlingar","article_published_time":"2010-12-01T19:38:45+00:00","article_modified_time":"2019-04-24T06:51:42+00:00","author":"Samlingar","twitter_card":"summary_large_image","twitter_misc":{"Written by":"Samlingar","Est. reading time":"1 minutt"},"schema":{"@context":"https:\/\/schema.org","@graph":[{"@type":"Article","@id":"https:\/\/www.jaermuseet.no\/samlingar\/fotosamling-jaeof-jonas-oglaend-sandnes\/#article","isPartOf":{"@id":"https:\/\/www.jaermuseet.no\/samlingar\/fotosamling-jaeof-jonas-oglaend-sandnes\/"},"author":{"name":"Samlingar","@id":"https:\/\/www.jaermuseet.no\/samlingar\/#\/schema\/person\/ec788f8c295f4f47c2b6836e5eb8ba41"},"headline":"Fotosamling J\u00c6\u00d8F \u2013 Jonas \u00d8gl\u00e6nd, Sandnes","datePublished":"2010-12-01T19:38:45+00:00","dateModified":"2019-04-24T06:51:42+00:00","mainEntityOfPage":{"@id":"https:\/\/www.jaermuseet.no\/samlingar\/fotosamling-jaeof-jonas-oglaend-sandnes\/"},"wordCount":269,"articleSection":["Aktuelt - kunnskap"],"inLanguage":"nn-NO"},{"@type":"WebPage","@id":"https:\/\/www.jaermuseet.no\/samlingar\/fotosamling-jaeof-jonas-oglaend-sandnes\/","url":"https:\/\/www.jaermuseet.no\/samlingar\/fotosamling-jaeof-jonas-oglaend-sandnes\/","name":"Fotosamling J\u00c6\u00d8F \u2013 Jonas \u00d8gl\u00e6nd, Sandnes - Samlingar","isPartOf":{"@id":"https:\/\/www.jaermuseet.no\/samlingar\/#website"},"datePublished":"2010-12-01T19:38:45+00:00","dateModified":"2019-04-24T06:51:42+00:00","author":{"@id":"https:\/\/www.jaermuseet.no\/samlingar\/#\/schema\/person\/ec788f8c295f4f47c2b6836e5eb8ba41"},"breadcrumb":{"@id":"https:\/\/www.jaermuseet.no\/samlingar\/fotosamling-jaeof-jonas-oglaend-sandnes\/#breadcrumb"},"inLanguage":"nn-NO","potentialAction":[{"@type":"ReadAction","target":["https:\/\/www.jaermuseet.no\/samlingar\/fotosamling-jaeof-jonas-oglaend-sandnes\/"]}]},{"@type":"BreadcrumbList","@id":"https:\/\/www.jaermuseet.no\/samlingar\/fotosamling-jaeof-jonas-oglaend-sandnes\/#breadcrumb","itemListElement":[{"@type":"ListItem","position":1,"name":"Hjem","item":"https:\/\/www.jaermuseet.no\/samlingar\/"},{"@type":"ListItem","position":2,"name":"Fotosamling J\u00c6\u00d8F \u2013 Jonas \u00d8gl\u00e6nd, Sandnes"}]},{"@type":"WebSite","@id":"https:\/\/www.jaermuseet.no\/samlingar\/#website","url":"https:\/\/www.jaermuseet.no\/samlingar\/","name":"Samlingar","description":"Innsamling, dokumentasjon, forsking og bevaring.","potentialAction":[{"@type":"SearchAction","target":{"@type":"EntryPoint","urlTemplate":"https:\/\/www.jaermuseet.no\/samlingar\/?s={search_term_string}"},"query-input":{"@type":"PropertyValueSpecification","valueRequired":true,"valueName":"search_term_string"}}],"inLanguage":"nn-NO"},{"@type":"Person","@id":"https:\/\/www.jaermuseet.no\/samlingar\/#\/schema\/person\/ec788f8c295f4f47c2b6836e5eb8ba41","name":"Samlingar","image":{"@type":"ImageObject","inLanguage":"nn-NO","@id":"https:\/\/secure.gravatar.com\/avatar\/da7aa29e4ada3bba26141d6d9f94f4b77b1cc7d8571c652cc439f4cc19fbe645?s=96&d=mm&r=g","url":"https:\/\/secure.gravatar.com\/avatar\/da7aa29e4ada3bba26141d6d9f94f4b77b1cc7d8571c652cc439f4cc19fbe645?s=96&d=mm&r=g","contentUrl":"https:\/\/secure.gravatar.com\/avatar\/da7aa29e4ada3bba26141d6d9f94f4b77b1cc7d8571c652cc439f4cc19fbe645?s=96&d=mm&r=g","caption":"Samlingar"},"url":"https:\/\/www.jaermuseet.no\/samlingar\/author\/samlingar\/"}]}},"cc_featured_image_caption":{"caption_text":"","source_text":"","source_url":""},"jetpack_featured_media_url":"","jetpack_sharing_enabled":true,"_links":{"self":[{"href":"https:\/\/www.jaermuseet.no\/samlingar\/wp-json\/wp\/v2\/posts\/21","targetHints":{"allow":["GET"]}}],"collection":[{"href":"https:\/\/www.jaermuseet.no\/samlingar\/wp-json\/wp\/v2\/posts"}],"about":[{"href":"https:\/\/www.jaermuseet.no\/samlingar\/wp-json\/wp\/v2\/types\/post"}],"author":[{"embeddable":true,"href":"https:\/\/www.jaermuseet.no\/samlingar\/wp-json\/wp\/v2\/users\/16"}],"replies":[{"embeddable":true,"href":"https:\/\/www.jaermuseet.no\/samlingar\/wp-json\/wp\/v2\/comments?post=21"}],"version-history":[{"count":17,"href":"https:\/\/www.jaermuseet.no\/samlingar\/wp-json\/wp\/v2\/posts\/21\/revisions"}],"predecessor-version":[{"id":1283,"href":"https:\/\/www.jaermuseet.no\/samlingar\/wp-json\/wp\/v2\/posts\/21\/revisions\/1283"}],"wp:attachment":[{"href":"https:\/\/www.jaermuseet.no\/samlingar\/wp-json\/wp\/v2\/media?parent=21"}],"wp:term":[{"taxonomy":"category","embeddable":true,"href":"https:\/\/www.jaermuseet.no\/samlingar\/wp-json\/wp\/v2\/categories?post=21"},{"taxonomy":"post_tag","embeddable":true,"href":"https:\/\/www.jaermuseet.no\/samlingar\/wp-json\/wp\/v2\/tags?post=21"}],"curies":[{"name":"wp","href":"https:\/\/api.w.org\/{rel}","templated":true}]}}