{"id":16,"date":"2011-07-22T10:36:45","date_gmt":"2011-07-22T08:36:45","guid":{"rendered":"https:\/\/www.jaermuseet.no\/samlingar\/2011\/07\/22\/jonas-oglaend-as\/"},"modified":"2019-07-01T15:20:22","modified_gmt":"2019-07-01T13:20:22","slug":"jonas-oglaend-as","status":"publish","type":"post","link":"https:\/\/www.jaermuseet.no\/samlingar\/jonas-oglaend-as\/","title":{"rendered":"Jonas \u00d8gl\u00e6nd as"},"content":{"rendered":"<p>Bedrifta Jonas \u00d8gl\u00e6nd as hadde si eiga bedriftsavis: Vi hos \u00d8gl\u00e6nd som kom med meir enn 100 nummer fr\u00e5 1954 til 1982. Her kan ein lesa om store og sm\u00e5 hendingar i dei ulike avdelingane av bedrifta: Sykkelfabrikken, Konfeksjonsfabrikken og butikkane.<\/p>\n<table style=\"width: 600px;\" border=\"0\" align=\"left\">\n<tbody>\n<tr>\n<td><\/td>\n<td><\/td>\n<\/tr>\n<tr>\n<td><img loading=\"lazy\" decoding=\"async\" style=\"margin-bottom: 10px; margin-right: 10px;\" src=\"https:\/\/www.jaermuseet.no\/wp-content\/uploads\/sites\/16\/2011\/07\/JFVi43.jpg\" alt=\"JFVi43\" width=\"89\" height=\"118\" \/><\/td>\n<td><strong>Vi hos \u00d8gl\u00e6nd nr. 43\u00a0Sommeren 1965<\/strong><\/p>\n<p><a href=\"https:\/\/www.jaermuseet.no\/samlingar\/wp-content\/uploads\/sites\/16\/2019\/07\/J\u00c6\u00d8FVi0043_1965.pdf\" target=\"_blank\" rel=\"noopener noreferrer\">Last ned nummeret som pdf<\/a><\/td>\n<\/tr>\n<tr>\n<td><img loading=\"lazy\" decoding=\"async\" style=\"margin-bottom: 10px; margin-right: 10px;\" src=\"https:\/\/www.jaermuseet.no\/wp-content\/uploads\/sites\/16\/2011\/07\/Vi45_fram.jpg\" alt=\"Vi45_fram\" width=\"94\" height=\"101\" \/><\/td>\n<td><strong>Vi hos \u00d8gl\u00e6nd nr. 45\u00a0Julen 1965<\/strong><\/p>\n<div><a href=\"https:\/\/www.jaermuseet.no\/samlingar\/wp-content\/uploads\/sites\/16\/2011\/07\/J\u00c6\u00d8FVi0045_1965.pdf\" target=\"_blank\" rel=\"noopener noreferrer\">Last ned nummeret som pdf<\/a><\/div>\n<p>&nbsp;<\/td>\n<\/tr>\n<tr>\n<td><img loading=\"lazy\" decoding=\"async\" style=\"margin-bottom: 10px; margin-right: 10px;\" src=\"https:\/\/www.jaermuseet.no\/wp-content\/uploads\/sites\/16\/2011\/07\/Vi47_fram.jpg\" alt=\"Vi47_fram\" width=\"97\" height=\"108\" \/><\/td>\n<td><strong>Vi hos \u00d8gl\u00e6nd nr. 47\u00a0Sommerem 1966 <\/strong><\/p>\n<div><a href=\"https:\/\/www.jaermuseet.no\/samlingar\/wp-content\/uploads\/sites\/16\/2011\/07\/J\u00c6\u00d8FVi0047_1966.pdf\" target=\"_blank\" rel=\"noopener noreferrer\">Last ned nummeret som pdf<\/a><\/div>\n<p>&nbsp;<\/td>\n<\/tr>\n<tr>\n<td><img loading=\"lazy\" decoding=\"async\" style=\"margin-bottom: 10px; margin-right: 10px;\" src=\"https:\/\/www.jaermuseet.no\/wp-content\/uploads\/sites\/16\/2011\/07\/Vi49_fram.jpg\" alt=\"Vi49_fram\" width=\"106\" height=\"156\" \/><\/td>\n<td><strong>Vi hos \u00d8gl\u00e6nd nr. 49\u00a0Julen 1966 <\/strong><\/p>\n<div><a href=\"https:\/\/www.jaermuseet.no\/samlingar\/wp-content\/uploads\/sites\/16\/2011\/07\/J\u00c6\u00d8FVi0049_1966.pdf\" target=\"_blank\" rel=\"noopener noreferrer\">Last ned nummeret som pdf<\/a><\/div>\n<p>&nbsp;<\/td>\n<\/tr>\n<tr>\n<td><img loading=\"lazy\" decoding=\"async\" style=\"margin-bottom: 10px; margin-right: 10px;\" src=\"https:\/\/www.jaermuseet.no\/wp-content\/uploads\/sites\/16\/2011\/07\/Vi51_fram.jpg\" alt=\"Vi51_fram\" width=\"107\" height=\"137\" \/><\/td>\n<td><strong>Vi hos \u00d8gl\u00e6nd nr.\u00a051\u00a0Sommeren 1967 <\/strong><\/p>\n<div><a href=\"https:\/\/www.jaermuseet.no\/samlingar\/wp-content\/uploads\/sites\/16\/2011\/07\/J\u00c6\u00d8FVi0051_1967.pdf\" target=\"_blank\" rel=\"noopener noreferrer\">Last ned nummeret som pdf<\/a><\/div>\n<p>&nbsp;<\/td>\n<\/tr>\n<tr>\n<td><img loading=\"lazy\" decoding=\"async\" style=\"margin-bottom: 10px; margin-right: 10px;\" src=\"https:\/\/www.jaermuseet.no\/wp-content\/uploads\/sites\/16\/2011\/07\/Vi53_fram.jpg\" alt=\"Vi53_fram\" width=\"111\" height=\"136\" \/><\/td>\n<td><strong>Vi hos \u00d8gl\u00e6nd nr.\u00a053\u00a0Julen 1967<\/strong><\/p>\n<div><a href=\"https:\/\/www.jaermuseet.no\/samlingar\/wp-content\/uploads\/sites\/16\/2011\/07\/J\u00c6\u00d8FVi0053_1967.pdf\" target=\"_blank\" rel=\"noopener noreferrer\">Last ned nummeret som pdf<\/a><\/div>\n<p>&nbsp;<\/td>\n<\/tr>\n<tr>\n<td><\/td>\n<td><strong>\u00a0<\/strong><\/td>\n<\/tr>\n<tr>\n<td><img loading=\"lazy\" decoding=\"async\" style=\"margin-bottom: 10px; margin-right: 10px;\" src=\"https:\/\/www.jaermuseet.no\/wp-content\/uploads\/sites\/16\/2011\/07\/thumb_Vi59_fram.jpg\" alt=\"thumb_Vi59_fram\" width=\"100\" height=\"150\" \/><\/td>\n<td><strong>\u00a0Vi hos \u00d8gl\u00e6nd nr.\u00a059 Sommeren 1969<\/strong><\/p>\n<p><a href=\"https:\/\/www.jaermuseet.no\/samlingar\/wp-content\/uploads\/sites\/16\/2011\/07\/J\u00c6\u00d8FVi0059_1969.pdf\" target=\"_blank\" rel=\"noopener noreferrer\">Last ned nummeret som pdf<\/a><\/td>\n<\/tr>\n<\/tbody>\n<\/table>\n","protected":false},"excerpt":{"rendered":"<p>Bedrifta Jonas \u00d8gl\u00e6nd as hadde si eiga bedriftsavis: <strong>Vi hos \u00d8gl\u00e6nd\u00a0<\/strong>som kom med meir enn 100 nummer fr\u00e5 1954 til 1982. Her kan ein lesa om store og sm\u00e5 hendingar i dei ulike avdelingane av bedrifta: Sykkelfabrikken, Konfeksjonsfabrikken og butikkane.<\/p>\n","protected":false},"author":16,"featured_media":0,"comment_status":"closed","ping_status":"closed","sticky":false,"template":"","format":"standard","meta":{"_acf_changed":false,"_jetpack_memberships_contains_paid_content":false,"footnotes":""},"categories":[35],"tags":[],"class_list":["post-16","post","type-post","status-publish","format-standard","hentry","category-aktuelt-kunnskap","featured-image-size-large"],"acf":[],"yoast_head":"<!-- This site is optimized with the Yoast SEO plugin v27.4 - https:\/\/yoast.com\/product\/yoast-seo-wordpress\/ -->\n<title>Jonas \u00d8gl\u00e6nd as - Samlingar<\/title>\n<meta name=\"robots\" content=\"index, follow, max-snippet:-1, max-image-preview:large, max-video-preview:-1\" \/>\n<link rel=\"canonical\" href=\"https:\/\/www.jaermuseet.no\/samlingar\/jonas-oglaend-as\/\" \/>\n<meta property=\"og:locale\" content=\"nn_NO\" \/>\n<meta property=\"og:type\" content=\"article\" \/>\n<meta property=\"og:title\" content=\"Jonas \u00d8gl\u00e6nd as - Samlingar\" \/>\n<meta property=\"og:description\" content=\"Bedrifta Jonas \u00d8gl\u00e6nd as hadde si eiga bedriftsavis: Vi hos \u00d8gl\u00e6nd\u00a0som kom med meir enn 100 nummer fr\u00e5 1954 til 1982. Her kan ein lesa om store og sm\u00e5 hendingar i dei ulike avdelingane av bedrifta: Sykkelfabrikken, Konfeksjonsfabrikken og butikkane.\" \/>\n<meta property=\"og:url\" content=\"https:\/\/www.jaermuseet.no\/samlingar\/jonas-oglaend-as\/\" \/>\n<meta property=\"og:site_name\" content=\"Samlingar\" \/>\n<meta property=\"article:published_time\" content=\"2011-07-22T08:36:45+00:00\" \/>\n<meta property=\"article:modified_time\" content=\"2019-07-01T13:20:22+00:00\" \/>\n<meta property=\"og:image\" content=\"https:\/\/www.jaermuseet.no\/wp-content\/uploads\/sites\/16\/2011\/07\/JFVi43.jpg\" \/>\n<meta name=\"author\" content=\"Samlingar\" \/>\n<meta name=\"twitter:card\" content=\"summary_large_image\" \/>\n<meta name=\"twitter:label1\" content=\"Written by\" \/>\n\t<meta name=\"twitter:data1\" content=\"Samlingar\" \/>\n\t<meta name=\"twitter:label2\" content=\"Est. reading time\" \/>\n\t<meta name=\"twitter:data2\" content=\"1 minutt\" \/>\n<script type=\"application\/ld+json\" class=\"yoast-schema-graph\">{\"@context\":\"https:\\\/\\\/schema.org\",\"@graph\":[{\"@type\":\"Article\",\"@id\":\"https:\\\/\\\/www.jaermuseet.no\\\/samlingar\\\/jonas-oglaend-as\\\/#article\",\"isPartOf\":{\"@id\":\"https:\\\/\\\/www.jaermuseet.no\\\/samlingar\\\/jonas-oglaend-as\\\/\"},\"author\":{\"name\":\"Samlingar\",\"@id\":\"https:\\\/\\\/www.jaermuseet.no\\\/samlingar\\\/#\\\/schema\\\/person\\\/ec788f8c295f4f47c2b6836e5eb8ba41\"},\"headline\":\"Jonas \u00d8gl\u00e6nd as\",\"datePublished\":\"2011-07-22T08:36:45+00:00\",\"dateModified\":\"2019-07-01T13:20:22+00:00\",\"mainEntityOfPage\":{\"@id\":\"https:\\\/\\\/www.jaermuseet.no\\\/samlingar\\\/jonas-oglaend-as\\\/\"},\"wordCount\":126,\"image\":{\"@id\":\"https:\\\/\\\/www.jaermuseet.no\\\/samlingar\\\/jonas-oglaend-as\\\/#primaryimage\"},\"thumbnailUrl\":\"https:\\\/\\\/www.jaermuseet.no\\\/wp-content\\\/uploads\\\/sites\\\/16\\\/2011\\\/07\\\/JFVi43.jpg\",\"articleSection\":[\"Aktuelt - kunnskap\"],\"inLanguage\":\"nn-NO\"},{\"@type\":\"WebPage\",\"@id\":\"https:\\\/\\\/www.jaermuseet.no\\\/samlingar\\\/jonas-oglaend-as\\\/\",\"url\":\"https:\\\/\\\/www.jaermuseet.no\\\/samlingar\\\/jonas-oglaend-as\\\/\",\"name\":\"Jonas \u00d8gl\u00e6nd as - Samlingar\",\"isPartOf\":{\"@id\":\"https:\\\/\\\/www.jaermuseet.no\\\/samlingar\\\/#website\"},\"primaryImageOfPage\":{\"@id\":\"https:\\\/\\\/www.jaermuseet.no\\\/samlingar\\\/jonas-oglaend-as\\\/#primaryimage\"},\"image\":{\"@id\":\"https:\\\/\\\/www.jaermuseet.no\\\/samlingar\\\/jonas-oglaend-as\\\/#primaryimage\"},\"thumbnailUrl\":\"https:\\\/\\\/www.jaermuseet.no\\\/wp-content\\\/uploads\\\/sites\\\/16\\\/2011\\\/07\\\/JFVi43.jpg\",\"datePublished\":\"2011-07-22T08:36:45+00:00\",\"dateModified\":\"2019-07-01T13:20:22+00:00\",\"author\":{\"@id\":\"https:\\\/\\\/www.jaermuseet.no\\\/samlingar\\\/#\\\/schema\\\/person\\\/ec788f8c295f4f47c2b6836e5eb8ba41\"},\"breadcrumb\":{\"@id\":\"https:\\\/\\\/www.jaermuseet.no\\\/samlingar\\\/jonas-oglaend-as\\\/#breadcrumb\"},\"inLanguage\":\"nn-NO\",\"potentialAction\":[{\"@type\":\"ReadAction\",\"target\":[\"https:\\\/\\\/www.jaermuseet.no\\\/samlingar\\\/jonas-oglaend-as\\\/\"]}]},{\"@type\":\"ImageObject\",\"inLanguage\":\"nn-NO\",\"@id\":\"https:\\\/\\\/www.jaermuseet.no\\\/samlingar\\\/jonas-oglaend-as\\\/#primaryimage\",\"url\":\"https:\\\/\\\/www.jaermuseet.no\\\/wp-content\\\/uploads\\\/sites\\\/16\\\/2011\\\/07\\\/JFVi43.jpg\",\"contentUrl\":\"https:\\\/\\\/www.jaermuseet.no\\\/wp-content\\\/uploads\\\/sites\\\/16\\\/2011\\\/07\\\/JFVi43.jpg\"},{\"@type\":\"BreadcrumbList\",\"@id\":\"https:\\\/\\\/www.jaermuseet.no\\\/samlingar\\\/jonas-oglaend-as\\\/#breadcrumb\",\"itemListElement\":[{\"@type\":\"ListItem\",\"position\":1,\"name\":\"Hjem\",\"item\":\"https:\\\/\\\/www.jaermuseet.no\\\/samlingar\\\/\"},{\"@type\":\"ListItem\",\"position\":2,\"name\":\"Jonas \u00d8gl\u00e6nd as\"}]},{\"@type\":\"WebSite\",\"@id\":\"https:\\\/\\\/www.jaermuseet.no\\\/samlingar\\\/#website\",\"url\":\"https:\\\/\\\/www.jaermuseet.no\\\/samlingar\\\/\",\"name\":\"Samlingar\",\"description\":\"Innsamling, dokumentasjon, forsking og bevaring.\",\"potentialAction\":[{\"@type\":\"SearchAction\",\"target\":{\"@type\":\"EntryPoint\",\"urlTemplate\":\"https:\\\/\\\/www.jaermuseet.no\\\/samlingar\\\/?s={search_term_string}\"},\"query-input\":{\"@type\":\"PropertyValueSpecification\",\"valueRequired\":true,\"valueName\":\"search_term_string\"}}],\"inLanguage\":\"nn-NO\"},{\"@type\":\"Person\",\"@id\":\"https:\\\/\\\/www.jaermuseet.no\\\/samlingar\\\/#\\\/schema\\\/person\\\/ec788f8c295f4f47c2b6836e5eb8ba41\",\"name\":\"Samlingar\",\"image\":{\"@type\":\"ImageObject\",\"inLanguage\":\"nn-NO\",\"@id\":\"https:\\\/\\\/secure.gravatar.com\\\/avatar\\\/da7aa29e4ada3bba26141d6d9f94f4b77b1cc7d8571c652cc439f4cc19fbe645?s=96&d=mm&r=g\",\"url\":\"https:\\\/\\\/secure.gravatar.com\\\/avatar\\\/da7aa29e4ada3bba26141d6d9f94f4b77b1cc7d8571c652cc439f4cc19fbe645?s=96&d=mm&r=g\",\"contentUrl\":\"https:\\\/\\\/secure.gravatar.com\\\/avatar\\\/da7aa29e4ada3bba26141d6d9f94f4b77b1cc7d8571c652cc439f4cc19fbe645?s=96&d=mm&r=g\",\"caption\":\"Samlingar\"},\"url\":\"https:\\\/\\\/www.jaermuseet.no\\\/samlingar\\\/author\\\/samlingar\\\/\"}]}<\/script>\n<!-- \/ Yoast SEO plugin. -->","yoast_head_json":{"title":"Jonas \u00d8gl\u00e6nd as - Samlingar","robots":{"index":"index","follow":"follow","max-snippet":"max-snippet:-1","max-image-preview":"max-image-preview:large","max-video-preview":"max-video-preview:-1"},"canonical":"https:\/\/www.jaermuseet.no\/samlingar\/jonas-oglaend-as\/","og_locale":"nn_NO","og_type":"article","og_title":"Jonas \u00d8gl\u00e6nd as - Samlingar","og_description":"Bedrifta Jonas \u00d8gl\u00e6nd as hadde si eiga bedriftsavis: Vi hos \u00d8gl\u00e6nd\u00a0som kom med meir enn 100 nummer fr\u00e5 1954 til 1982. Her kan ein lesa om store og sm\u00e5 hendingar i dei ulike avdelingane av bedrifta: Sykkelfabrikken, Konfeksjonsfabrikken og butikkane.","og_url":"https:\/\/www.jaermuseet.no\/samlingar\/jonas-oglaend-as\/","og_site_name":"Samlingar","article_published_time":"2011-07-22T08:36:45+00:00","article_modified_time":"2019-07-01T13:20:22+00:00","og_image":[{"url":"https:\/\/www.jaermuseet.no\/wp-content\/uploads\/sites\/16\/2011\/07\/JFVi43.jpg","type":"","width":"","height":""}],"author":"Samlingar","twitter_card":"summary_large_image","twitter_misc":{"Written by":"Samlingar","Est. reading time":"1 minutt"},"schema":{"@context":"https:\/\/schema.org","@graph":[{"@type":"Article","@id":"https:\/\/www.jaermuseet.no\/samlingar\/jonas-oglaend-as\/#article","isPartOf":{"@id":"https:\/\/www.jaermuseet.no\/samlingar\/jonas-oglaend-as\/"},"author":{"name":"Samlingar","@id":"https:\/\/www.jaermuseet.no\/samlingar\/#\/schema\/person\/ec788f8c295f4f47c2b6836e5eb8ba41"},"headline":"Jonas \u00d8gl\u00e6nd as","datePublished":"2011-07-22T08:36:45+00:00","dateModified":"2019-07-01T13:20:22+00:00","mainEntityOfPage":{"@id":"https:\/\/www.jaermuseet.no\/samlingar\/jonas-oglaend-as\/"},"wordCount":126,"image":{"@id":"https:\/\/www.jaermuseet.no\/samlingar\/jonas-oglaend-as\/#primaryimage"},"thumbnailUrl":"https:\/\/www.jaermuseet.no\/wp-content\/uploads\/sites\/16\/2011\/07\/JFVi43.jpg","articleSection":["Aktuelt - kunnskap"],"inLanguage":"nn-NO"},{"@type":"WebPage","@id":"https:\/\/www.jaermuseet.no\/samlingar\/jonas-oglaend-as\/","url":"https:\/\/www.jaermuseet.no\/samlingar\/jonas-oglaend-as\/","name":"Jonas \u00d8gl\u00e6nd as - Samlingar","isPartOf":{"@id":"https:\/\/www.jaermuseet.no\/samlingar\/#website"},"primaryImageOfPage":{"@id":"https:\/\/www.jaermuseet.no\/samlingar\/jonas-oglaend-as\/#primaryimage"},"image":{"@id":"https:\/\/www.jaermuseet.no\/samlingar\/jonas-oglaend-as\/#primaryimage"},"thumbnailUrl":"https:\/\/www.jaermuseet.no\/wp-content\/uploads\/sites\/16\/2011\/07\/JFVi43.jpg","datePublished":"2011-07-22T08:36:45+00:00","dateModified":"2019-07-01T13:20:22+00:00","author":{"@id":"https:\/\/www.jaermuseet.no\/samlingar\/#\/schema\/person\/ec788f8c295f4f47c2b6836e5eb8ba41"},"breadcrumb":{"@id":"https:\/\/www.jaermuseet.no\/samlingar\/jonas-oglaend-as\/#breadcrumb"},"inLanguage":"nn-NO","potentialAction":[{"@type":"ReadAction","target":["https:\/\/www.jaermuseet.no\/samlingar\/jonas-oglaend-as\/"]}]},{"@type":"ImageObject","inLanguage":"nn-NO","@id":"https:\/\/www.jaermuseet.no\/samlingar\/jonas-oglaend-as\/#primaryimage","url":"https:\/\/www.jaermuseet.no\/wp-content\/uploads\/sites\/16\/2011\/07\/JFVi43.jpg","contentUrl":"https:\/\/www.jaermuseet.no\/wp-content\/uploads\/sites\/16\/2011\/07\/JFVi43.jpg"},{"@type":"BreadcrumbList","@id":"https:\/\/www.jaermuseet.no\/samlingar\/jonas-oglaend-as\/#breadcrumb","itemListElement":[{"@type":"ListItem","position":1,"name":"Hjem","item":"https:\/\/www.jaermuseet.no\/samlingar\/"},{"@type":"ListItem","position":2,"name":"Jonas \u00d8gl\u00e6nd as"}]},{"@type":"WebSite","@id":"https:\/\/www.jaermuseet.no\/samlingar\/#website","url":"https:\/\/www.jaermuseet.no\/samlingar\/","name":"Samlingar","description":"Innsamling, dokumentasjon, forsking og bevaring.","potentialAction":[{"@type":"SearchAction","target":{"@type":"EntryPoint","urlTemplate":"https:\/\/www.jaermuseet.no\/samlingar\/?s={search_term_string}"},"query-input":{"@type":"PropertyValueSpecification","valueRequired":true,"valueName":"search_term_string"}}],"inLanguage":"nn-NO"},{"@type":"Person","@id":"https:\/\/www.jaermuseet.no\/samlingar\/#\/schema\/person\/ec788f8c295f4f47c2b6836e5eb8ba41","name":"Samlingar","image":{"@type":"ImageObject","inLanguage":"nn-NO","@id":"https:\/\/secure.gravatar.com\/avatar\/da7aa29e4ada3bba26141d6d9f94f4b77b1cc7d8571c652cc439f4cc19fbe645?s=96&d=mm&r=g","url":"https:\/\/secure.gravatar.com\/avatar\/da7aa29e4ada3bba26141d6d9f94f4b77b1cc7d8571c652cc439f4cc19fbe645?s=96&d=mm&r=g","contentUrl":"https:\/\/secure.gravatar.com\/avatar\/da7aa29e4ada3bba26141d6d9f94f4b77b1cc7d8571c652cc439f4cc19fbe645?s=96&d=mm&r=g","caption":"Samlingar"},"url":"https:\/\/www.jaermuseet.no\/samlingar\/author\/samlingar\/"}]}},"cc_featured_image_caption":{"caption_text":"","source_text":"","source_url":""},"jetpack_featured_media_url":"","jetpack_sharing_enabled":true,"_links":{"self":[{"href":"https:\/\/www.jaermuseet.no\/samlingar\/wp-json\/wp\/v2\/posts\/16","targetHints":{"allow":["GET"]}}],"collection":[{"href":"https:\/\/www.jaermuseet.no\/samlingar\/wp-json\/wp\/v2\/posts"}],"about":[{"href":"https:\/\/www.jaermuseet.no\/samlingar\/wp-json\/wp\/v2\/types\/post"}],"author":[{"embeddable":true,"href":"https:\/\/www.jaermuseet.no\/samlingar\/wp-json\/wp\/v2\/users\/16"}],"replies":[{"embeddable":true,"href":"https:\/\/www.jaermuseet.no\/samlingar\/wp-json\/wp\/v2\/comments?post=16"}],"version-history":[{"count":9,"href":"https:\/\/www.jaermuseet.no\/samlingar\/wp-json\/wp\/v2\/posts\/16\/revisions"}],"predecessor-version":[{"id":1326,"href":"https:\/\/www.jaermuseet.no\/samlingar\/wp-json\/wp\/v2\/posts\/16\/revisions\/1326"}],"wp:attachment":[{"href":"https:\/\/www.jaermuseet.no\/samlingar\/wp-json\/wp\/v2\/media?parent=16"}],"wp:term":[{"taxonomy":"category","embeddable":true,"href":"https:\/\/www.jaermuseet.no\/samlingar\/wp-json\/wp\/v2\/categories?post=16"},{"taxonomy":"post_tag","embeddable":true,"href":"https:\/\/www.jaermuseet.no\/samlingar\/wp-json\/wp\/v2\/tags?post=16"}],"curies":[{"name":"wp","href":"https:\/\/api.w.org\/{rel}","templated":true}]}}