{"id":779,"date":"2025-06-10T10:40:39","date_gmt":"2025-06-10T08:40:39","guid":{"rendered":"https:\/\/www.jaermuseet.no\/haugabakka\/?p=779"},"modified":"2025-06-10T10:40:40","modified_gmt":"2025-06-10T08:40:40","slug":"ny-utstilling-dette-er-opplevingar-som-er-viktig-a-fa-fram","status":"publish","type":"post","link":"https:\/\/www.jaermuseet.no\/haugabakka\/ny-utstilling-dette-er-opplevingar-som-er-viktig-a-fa-fram\/","title":{"rendered":"Ny utstilling: -Dette er opplevingar som er viktig \u00e5 f\u00e5 fram"},"content":{"rendered":"\n<p>-Utstillinga<em> Pelsdyrhald i Klepp<\/em> p\u00e5 Haugabakka er ei forlenging av utstillinga<a href=\"https:\/\/www.jaermuseet.no\/blog\/ny-utstilling-pels-eg-trur-me-har-klart-a-gi-plass-til-dei-fleste-perspektiva\/\"> PELS, som blei opna tidlegare i \u00e5r p\u00e5 Vitengarden<\/a>, fortel prosjektleiar Elisabeth Tungland.<\/p>\n\n\n\n<p>-Medan utstillinga PELS hadde fleire perspektiv, som politikk, etikk, aktivisme, handel og mote har denne utstillinga g\u00e5tt meir i dybden p\u00e5 bondens personlege oppleving.<\/p>\n\n\n\n<figure class=\"wp-block-image size-large\"><img decoding=\"async\" src=\"https:\/\/www.jaermuseet.no\/wp-content\/uploads\/2025\/06\/250606_Haugabakka_Utstillingsapning_Pelsdyrbonder_KleppCZ9A2080-1024x683.jpg\" alt=\"To publikummere diskuterer utand\u00f8rsutstillinga &quot;pelsdyrhald i Klepp&quot;\" class=\"wp-image-8921\" \/><\/figure>\n\n\n\n<p>-Her er fokuset p\u00e5 sosiale forhold kring pelsdyrb\u00f8nder sine opplevingar fr\u00e5 dagleg drift, fagleg utveksling, psykososialt milj\u00f8 til nedlegging av n\u00e6ringa.<\/p>\n\n\n\n<p>-Dette er opplevingar som er viktig \u00e5 f\u00e5 fram, b\u00e5de for dei som er innafor og utforbi milj\u00f8et, spesielt viktig for ein kommune med sterk historisk tilknytning til pelsdyr.<\/p>\n\n\n\n<p><strong>Forskinsgbasert utstillingsarbeid<\/strong><\/p>\n\n\n\n<figure class=\"wp-block-image size-large\"><img decoding=\"async\" src=\"https:\/\/www.jaermuseet.no\/wp-content\/uploads\/2025\/06\/250606_Haugabakka_Utstillingsapning_Pelsdyrbonder_KleppCZ9A1585-1024x683.jpg\" alt=\"Even Braut, held foredrag om masteoppg\u00e5va si som handlar om pelsdyrb\u00f8nder i Klepp sin oppleving an n\u00e6ringa\" class=\"wp-image-8914\" \/><figcaption class=\"wp-element-caption\">Even Braut presenterer sine finn fr\u00e5 masteroppg\u00e5va om pelsdyrb\u00f8nder i Klepp<\/figcaption><\/figure>\n\n\n\n<p>Prosjektleiar Tungland, som til dagleg er samlingsforvaltar i J\u00e6rmuseet ved avdelinga Samling og dokumentasjon, visar til blant anna masterstudent ved UiB sitt arbeid, Even Hadland Braut, og kan opplysa om at Klepp har markert seg tydeleg p\u00e5 landsbasis som pelsdyrkommune gjennom historia.<\/p>\n\n\n\n<p>-P\u00e5 60-talet stod pelsdyrb\u00f8ndene i Klepp for 11% av skatteinntektene til Klepp kommune og&nbsp;p\u00e5 landsbasis i 1969 stod kommunen for 7,6% av pelsdyr i Norge<\/p>\n\n\n\n<p>-S\u00e5 n\u00e5r eg seier at her kan ein g\u00e5 p\u00e5 hagevandring i pelsdyrhistoria til ein av dei st\u00f8rste pesldyrkommunane i si tid, s\u00e5 er det alts\u00e5 ikkje ein underdriving understek prosjektleiar Tungland.<\/p>\n\n\n\n<p><strong>Mimreverdig opning<\/strong><\/p>\n\n\n\n<figure class=\"wp-block-gallery has-nested-images columns-default is-cropped wp-block-gallery-1 is-layout-flex wp-block-gallery-is-layout-flex\">\n<figure class=\"wp-block-image size-large\"><img decoding=\"async\" data-id=\"8916\" src=\"https:\/\/www.jaermuseet.no\/wp-content\/uploads\/2025\/06\/250606_Haugabakka_Utstillingsapning_Pelsdyrbonder_KleppCZ9A1552-1024x683.jpg\" alt=\"\" class=\"wp-image-8916\" \/><\/figure>\n\n\n\n<figure class=\"wp-block-image size-large\"><img decoding=\"async\" data-id=\"8919\" src=\"https:\/\/www.jaermuseet.no\/wp-content\/uploads\/2025\/06\/250606_Haugabakka_Utstillingsapning_Pelsdyrbonder_KleppCZ9A1585-1-1024x683.jpg\" alt=\"\" class=\"wp-image-8919\" \/><\/figure>\n\n\n\n<figure class=\"wp-block-image size-large\"><img decoding=\"async\" data-id=\"8915\" src=\"https:\/\/www.jaermuseet.no\/wp-content\/uploads\/2025\/06\/250606_Haugabakka_Utstillingsapning_Pelsdyrbonder_KleppCZ9A1695-1024x683.jpg\" alt=\"\" class=\"wp-image-8915\" \/><\/figure>\n\n\n\n<figure class=\"wp-block-image size-large\"><img decoding=\"async\" data-id=\"8918\" src=\"https:\/\/www.jaermuseet.no\/wp-content\/uploads\/2025\/06\/250606_Haugabakka_Utstillingsapning_Pelsdyrbonder_KleppCZ9A1773-1024x683.jpg\" alt=\"\" class=\"wp-image-8918\" \/><\/figure>\n\n\n\n<figure class=\"wp-block-image size-large\"><img decoding=\"async\" data-id=\"8917\" src=\"https:\/\/www.jaermuseet.no\/wp-content\/uploads\/2025\/06\/250606_Haugabakka_Utstillingsapning_Pelsdyrbonder_KleppCZ9A1935-1024x683.jpg\" alt=\"\" class=\"wp-image-8917\" \/><\/figure>\n\n\n\n<figure class=\"wp-block-image size-large\"><img decoding=\"async\" data-id=\"8920\" src=\"https:\/\/www.jaermuseet.no\/wp-content\/uploads\/2025\/06\/250606_Haugabakka_Utstillingsapning_Pelsdyrbonder_KleppCZ9A2210-1024x683.jpg\" alt=\"\" class=\"wp-image-8920\" \/><\/figure>\n<\/figure>\n\n\n\n<p>Utstillinga vart opna av ordf\u00f8rar i Klepp kommune, Kjetil Maudal. Even Braut presenterte si masteroppg\u00e5ve. Innlegg ved Bertran Trane Skadsem, leiar i Norges pelsdyralslag og Anne Jorunn Fr\u00f8yen, f\u00f8rstekonservator NMF, Samling og dokumentasjon i J\u00e6rmuseet. Introduksjonar ved Per Inge B\u00f8e, avdelingsdirekt\u00f8r Samling og dokumentasjon.<\/p>\n\n\n\n<p><strong>Framover<\/strong><\/p>\n\n\n\n<figure class=\"wp-block-gallery has-nested-images columns-default is-cropped wp-block-gallery-2 is-layout-flex wp-block-gallery-is-layout-flex\">\n<figure class=\"wp-block-image size-large\"><img decoding=\"async\" data-id=\"8922\" src=\"https:\/\/www.jaermuseet.no\/wp-content\/uploads\/2025\/06\/250606_Haugabakka_Utstillingsapning_Pelsdyrbonder_KleppCZ9A2053-1024x683.jpg\" alt=\"\" class=\"wp-image-8922\" \/><\/figure>\n\n\n\n<figure class=\"wp-block-image size-large\"><img decoding=\"async\" data-id=\"8925\" src=\"https:\/\/www.jaermuseet.no\/wp-content\/uploads\/2025\/06\/250606_Haugabakka_Utstillingsapning_Pelsdyrbonder_KleppCZ9A2129-1024x683.jpg\" alt=\"\" class=\"wp-image-8925\" \/><\/figure>\n\n\n\n<figure class=\"wp-block-image size-large\"><img decoding=\"async\" data-id=\"8924\" src=\"https:\/\/www.jaermuseet.no\/wp-content\/uploads\/2025\/06\/250606_Haugabakka_Utstillingsapning_Pelsdyrbonder_KleppCZ9A2140-1024x683.jpg\" alt=\"\" class=\"wp-image-8924\" \/><\/figure>\n\n\n\n<figure class=\"wp-block-image size-large\"><img decoding=\"async\" data-id=\"8923\" src=\"https:\/\/www.jaermuseet.no\/wp-content\/uploads\/2025\/06\/250606_Haugabakka_Utstillingsapning_Pelsdyrbonder_KleppCZ9A2165-1024x683.jpg\" alt=\"\" class=\"wp-image-8923\" \/><figcaption class=\"wp-element-caption\">Fr\u00e5 venstre: Elisabeth Tungland, prosjektleiar og samlingsforvalar i J\u00e6rmuseet.&nbsp;Fotograf&nbsp;Ingeborg Skrudland har teke fleire foto til utstillinga.<\/figcaption><\/figure>\n<\/figure>\n\n\n\n<p style=\"font-style:normal;font-weight:400\"><em>-Det er ikkje bestemt enno kor lenge utstillinga skal st\u00e5, men den st\u00e5r nok minst eit \u00e5r. Kanskje to?<\/em><\/p>\n\n\n\n<p style=\"font-style:normal;font-weight:400\"><em>-Eg vil i alle fall anbefala alle \u00e5 koma innom ila. det neste \u00e5ret, det er ei viktig utstilling som er ope 24 timer i d\u00f8gnet heile \u00e5ret, og gratis inngang.<\/em><\/p>\n\n\n\n<p>Takk til Klepp historielag for samarbeidet kring utstillinga!<\/p>\n","protected":false},"excerpt":{"rendered":"<p>-Utstillinga Pelsdyrhald i Klepp p\u00e5 Haugabakka er ei forlenging av&#8230;<\/p>\n","protected":false},"author":55,"featured_media":780,"comment_status":"closed","ping_status":"closed","sticky":false,"template":"","format":"standard","meta":{"_acf_changed":false,"_jetpack_memberships_contains_paid_content":false,"footnotes":""},"categories":[2],"tags":[],"class_list":["post-779","post","type-post","status-publish","format-standard","has-post-thumbnail","hentry","category-nytt-fra-haugabakka","featured-image-size-large"],"acf":[],"yoast_head":"<!-- This site is optimized with the Yoast SEO plugin v27.4 - https:\/\/yoast.com\/product\/yoast-seo-wordpress\/ -->\n<title>Ny utstilling: -Dette er opplevingar som er viktig \u00e5 f\u00e5 fram - Haugabakka<\/title>\n<meta name=\"robots\" content=\"index, follow, max-snippet:-1, max-image-preview:large, max-video-preview:-1\" \/>\n<link rel=\"canonical\" href=\"https:\/\/www.jaermuseet.no\/haugabakka\/ny-utstilling-dette-er-opplevingar-som-er-viktig-a-fa-fram\/\" \/>\n<meta property=\"og:locale\" content=\"nn_NO\" \/>\n<meta property=\"og:type\" content=\"article\" \/>\n<meta property=\"og:title\" content=\"Ny utstilling: -Dette er opplevingar som er viktig \u00e5 f\u00e5 fram - Haugabakka\" \/>\n<meta property=\"og:description\" content=\"-Utstillinga Pelsdyrhald i Klepp p\u00e5 Haugabakka er ei forlenging av...\" \/>\n<meta property=\"og:url\" content=\"https:\/\/www.jaermuseet.no\/haugabakka\/ny-utstilling-dette-er-opplevingar-som-er-viktig-a-fa-fram\/\" \/>\n<meta property=\"og:site_name\" content=\"Haugabakka\" \/>\n<meta property=\"article:published_time\" content=\"2025-06-10T08:40:39+00:00\" \/>\n<meta property=\"article:modified_time\" content=\"2025-06-10T08:40:40+00:00\" \/>\n<meta property=\"og:image\" content=\"https:\/\/www.jaermuseet.no\/haugabakka\/wp-content\/uploads\/sites\/7\/2025\/06\/250602_Samling_og_dokumentasjon_Pelsdyrbonder_HaugabakkaIMG_3583-scaled.jpg\" \/>\n\t<meta property=\"og:image:width\" content=\"2560\" \/>\n\t<meta property=\"og:image:height\" content=\"1707\" \/>\n\t<meta property=\"og:image:type\" content=\"image\/jpeg\" \/>\n<meta name=\"author\" content=\"Andreas Lange\" \/>\n<meta name=\"twitter:card\" content=\"summary_large_image\" \/>\n<meta name=\"twitter:label1\" content=\"Written by\" \/>\n\t<meta name=\"twitter:data1\" content=\"Andreas Lange\" \/>\n\t<meta name=\"twitter:label2\" content=\"Est. reading time\" \/>\n\t<meta name=\"twitter:data2\" content=\"5 minutt\" \/>\n<script type=\"application\/ld+json\" class=\"yoast-schema-graph\">{\"@context\":\"https:\\\/\\\/schema.org\",\"@graph\":[{\"@type\":\"Article\",\"@id\":\"https:\\\/\\\/www.jaermuseet.no\\\/haugabakka\\\/ny-utstilling-dette-er-opplevingar-som-er-viktig-a-fa-fram\\\/#article\",\"isPartOf\":{\"@id\":\"https:\\\/\\\/www.jaermuseet.no\\\/haugabakka\\\/ny-utstilling-dette-er-opplevingar-som-er-viktig-a-fa-fram\\\/\"},\"author\":{\"name\":\"Andreas Lange\",\"@id\":\"https:\\\/\\\/www.jaermuseet.no\\\/haugabakka\\\/#\\\/schema\\\/person\\\/20211947d5257d1a6ed15320f44ce30c\"},\"headline\":\"Ny utstilling: -Dette er opplevingar som er viktig \u00e5 f\u00e5 fram\",\"datePublished\":\"2025-06-10T08:40:39+00:00\",\"dateModified\":\"2025-06-10T08:40:40+00:00\",\"mainEntityOfPage\":{\"@id\":\"https:\\\/\\\/www.jaermuseet.no\\\/haugabakka\\\/ny-utstilling-dette-er-opplevingar-som-er-viktig-a-fa-fram\\\/\"},\"wordCount\":362,\"image\":{\"@id\":\"https:\\\/\\\/www.jaermuseet.no\\\/haugabakka\\\/ny-utstilling-dette-er-opplevingar-som-er-viktig-a-fa-fram\\\/#primaryimage\"},\"thumbnailUrl\":\"https:\\\/\\\/www.jaermuseet.no\\\/haugabakka\\\/wp-content\\\/uploads\\\/sites\\\/7\\\/2025\\\/06\\\/250602_Samling_og_dokumentasjon_Pelsdyrbonder_HaugabakkaIMG_3583-scaled.jpg\",\"articleSection\":[\"Nytt fr\u00e5 Haugabakka\"],\"inLanguage\":\"nn-NO\"},{\"@type\":\"WebPage\",\"@id\":\"https:\\\/\\\/www.jaermuseet.no\\\/haugabakka\\\/ny-utstilling-dette-er-opplevingar-som-er-viktig-a-fa-fram\\\/\",\"url\":\"https:\\\/\\\/www.jaermuseet.no\\\/haugabakka\\\/ny-utstilling-dette-er-opplevingar-som-er-viktig-a-fa-fram\\\/\",\"name\":\"Ny utstilling: -Dette er opplevingar som er viktig \u00e5 f\u00e5 fram - Haugabakka\",\"isPartOf\":{\"@id\":\"https:\\\/\\\/www.jaermuseet.no\\\/haugabakka\\\/#website\"},\"primaryImageOfPage\":{\"@id\":\"https:\\\/\\\/www.jaermuseet.no\\\/haugabakka\\\/ny-utstilling-dette-er-opplevingar-som-er-viktig-a-fa-fram\\\/#primaryimage\"},\"image\":{\"@id\":\"https:\\\/\\\/www.jaermuseet.no\\\/haugabakka\\\/ny-utstilling-dette-er-opplevingar-som-er-viktig-a-fa-fram\\\/#primaryimage\"},\"thumbnailUrl\":\"https:\\\/\\\/www.jaermuseet.no\\\/haugabakka\\\/wp-content\\\/uploads\\\/sites\\\/7\\\/2025\\\/06\\\/250602_Samling_og_dokumentasjon_Pelsdyrbonder_HaugabakkaIMG_3583-scaled.jpg\",\"datePublished\":\"2025-06-10T08:40:39+00:00\",\"dateModified\":\"2025-06-10T08:40:40+00:00\",\"author\":{\"@id\":\"https:\\\/\\\/www.jaermuseet.no\\\/haugabakka\\\/#\\\/schema\\\/person\\\/20211947d5257d1a6ed15320f44ce30c\"},\"breadcrumb\":{\"@id\":\"https:\\\/\\\/www.jaermuseet.no\\\/haugabakka\\\/ny-utstilling-dette-er-opplevingar-som-er-viktig-a-fa-fram\\\/#breadcrumb\"},\"inLanguage\":\"nn-NO\",\"potentialAction\":[{\"@type\":\"ReadAction\",\"target\":[\"https:\\\/\\\/www.jaermuseet.no\\\/haugabakka\\\/ny-utstilling-dette-er-opplevingar-som-er-viktig-a-fa-fram\\\/\"]}]},{\"@type\":\"ImageObject\",\"inLanguage\":\"nn-NO\",\"@id\":\"https:\\\/\\\/www.jaermuseet.no\\\/haugabakka\\\/ny-utstilling-dette-er-opplevingar-som-er-viktig-a-fa-fram\\\/#primaryimage\",\"url\":\"https:\\\/\\\/www.jaermuseet.no\\\/haugabakka\\\/wp-content\\\/uploads\\\/sites\\\/7\\\/2025\\\/06\\\/250602_Samling_og_dokumentasjon_Pelsdyrbonder_HaugabakkaIMG_3583-scaled.jpg\",\"contentUrl\":\"https:\\\/\\\/www.jaermuseet.no\\\/haugabakka\\\/wp-content\\\/uploads\\\/sites\\\/7\\\/2025\\\/06\\\/250602_Samling_og_dokumentasjon_Pelsdyrbonder_HaugabakkaIMG_3583-scaled.jpg\",\"width\":2560,\"height\":1707,\"caption\":\"Samlingsforvaltar Elisabeth Tungland og museumshansdverkar Odd-Geir Rosland st\u00e5r p\u00e5 kvar sin side av utstillingsplakaten til utstillinga \\\"Pelsdyrhald i Klepp\\\" utand\u00f8rs p\u00e5 Haugabakka\"},{\"@type\":\"BreadcrumbList\",\"@id\":\"https:\\\/\\\/www.jaermuseet.no\\\/haugabakka\\\/ny-utstilling-dette-er-opplevingar-som-er-viktig-a-fa-fram\\\/#breadcrumb\",\"itemListElement\":[{\"@type\":\"ListItem\",\"position\":1,\"name\":\"Hjem\",\"item\":\"https:\\\/\\\/www.jaermuseet.no\\\/haugabakka\\\/en\\\/\"},{\"@type\":\"ListItem\",\"position\":2,\"name\":\"Ny utstilling: -Dette er opplevingar som er viktig \u00e5 f\u00e5 fram\"}]},{\"@type\":\"WebSite\",\"@id\":\"https:\\\/\\\/www.jaermuseet.no\\\/haugabakka\\\/#website\",\"url\":\"https:\\\/\\\/www.jaermuseet.no\\\/haugabakka\\\/\",\"name\":\"Haugabakka\",\"description\":\"Klepp bygdemuseum\",\"potentialAction\":[{\"@type\":\"SearchAction\",\"target\":{\"@type\":\"EntryPoint\",\"urlTemplate\":\"https:\\\/\\\/www.jaermuseet.no\\\/haugabakka\\\/?s={search_term_string}\"},\"query-input\":{\"@type\":\"PropertyValueSpecification\",\"valueRequired\":true,\"valueName\":\"search_term_string\"}}],\"inLanguage\":\"nn-NO\"},{\"@type\":\"Person\",\"@id\":\"https:\\\/\\\/www.jaermuseet.no\\\/haugabakka\\\/#\\\/schema\\\/person\\\/20211947d5257d1a6ed15320f44ce30c\",\"name\":\"Andreas Lange\",\"image\":{\"@type\":\"ImageObject\",\"inLanguage\":\"nn-NO\",\"@id\":\"https:\\\/\\\/secure.gravatar.com\\\/avatar\\\/3c629766151696a039e28c046a75c32cd8690188af1da84a403faf160e697d04?s=96&d=mm&r=g\",\"url\":\"https:\\\/\\\/secure.gravatar.com\\\/avatar\\\/3c629766151696a039e28c046a75c32cd8690188af1da84a403faf160e697d04?s=96&d=mm&r=g\",\"contentUrl\":\"https:\\\/\\\/secure.gravatar.com\\\/avatar\\\/3c629766151696a039e28c046a75c32cd8690188af1da84a403faf160e697d04?s=96&d=mm&r=g\",\"caption\":\"Andreas Lange\"},\"url\":\"https:\\\/\\\/www.jaermuseet.no\\\/haugabakka\\\/author\\\/andreaslange\\\/\"}]}<\/script>\n<!-- \/ Yoast SEO plugin. -->","yoast_head_json":{"title":"Ny utstilling: -Dette er opplevingar som er viktig \u00e5 f\u00e5 fram - Haugabakka","robots":{"index":"index","follow":"follow","max-snippet":"max-snippet:-1","max-image-preview":"max-image-preview:large","max-video-preview":"max-video-preview:-1"},"canonical":"https:\/\/www.jaermuseet.no\/haugabakka\/ny-utstilling-dette-er-opplevingar-som-er-viktig-a-fa-fram\/","og_locale":"nn_NO","og_type":"article","og_title":"Ny utstilling: -Dette er opplevingar som er viktig \u00e5 f\u00e5 fram - Haugabakka","og_description":"-Utstillinga Pelsdyrhald i Klepp p\u00e5 Haugabakka er ei forlenging av...","og_url":"https:\/\/www.jaermuseet.no\/haugabakka\/ny-utstilling-dette-er-opplevingar-som-er-viktig-a-fa-fram\/","og_site_name":"Haugabakka","article_published_time":"2025-06-10T08:40:39+00:00","article_modified_time":"2025-06-10T08:40:40+00:00","og_image":[{"width":2560,"height":1707,"url":"https:\/\/www.jaermuseet.no\/haugabakka\/wp-content\/uploads\/sites\/7\/2025\/06\/250602_Samling_og_dokumentasjon_Pelsdyrbonder_HaugabakkaIMG_3583-scaled.jpg","type":"image\/jpeg"}],"author":"Andreas Lange","twitter_card":"summary_large_image","twitter_misc":{"Written by":"Andreas Lange","Est. reading time":"5 minutt"},"schema":{"@context":"https:\/\/schema.org","@graph":[{"@type":"Article","@id":"https:\/\/www.jaermuseet.no\/haugabakka\/ny-utstilling-dette-er-opplevingar-som-er-viktig-a-fa-fram\/#article","isPartOf":{"@id":"https:\/\/www.jaermuseet.no\/haugabakka\/ny-utstilling-dette-er-opplevingar-som-er-viktig-a-fa-fram\/"},"author":{"name":"Andreas Lange","@id":"https:\/\/www.jaermuseet.no\/haugabakka\/#\/schema\/person\/20211947d5257d1a6ed15320f44ce30c"},"headline":"Ny utstilling: -Dette er opplevingar som er viktig \u00e5 f\u00e5 fram","datePublished":"2025-06-10T08:40:39+00:00","dateModified":"2025-06-10T08:40:40+00:00","mainEntityOfPage":{"@id":"https:\/\/www.jaermuseet.no\/haugabakka\/ny-utstilling-dette-er-opplevingar-som-er-viktig-a-fa-fram\/"},"wordCount":362,"image":{"@id":"https:\/\/www.jaermuseet.no\/haugabakka\/ny-utstilling-dette-er-opplevingar-som-er-viktig-a-fa-fram\/#primaryimage"},"thumbnailUrl":"https:\/\/www.jaermuseet.no\/haugabakka\/wp-content\/uploads\/sites\/7\/2025\/06\/250602_Samling_og_dokumentasjon_Pelsdyrbonder_HaugabakkaIMG_3583-scaled.jpg","articleSection":["Nytt fr\u00e5 Haugabakka"],"inLanguage":"nn-NO"},{"@type":"WebPage","@id":"https:\/\/www.jaermuseet.no\/haugabakka\/ny-utstilling-dette-er-opplevingar-som-er-viktig-a-fa-fram\/","url":"https:\/\/www.jaermuseet.no\/haugabakka\/ny-utstilling-dette-er-opplevingar-som-er-viktig-a-fa-fram\/","name":"Ny utstilling: -Dette er opplevingar som er viktig \u00e5 f\u00e5 fram - Haugabakka","isPartOf":{"@id":"https:\/\/www.jaermuseet.no\/haugabakka\/#website"},"primaryImageOfPage":{"@id":"https:\/\/www.jaermuseet.no\/haugabakka\/ny-utstilling-dette-er-opplevingar-som-er-viktig-a-fa-fram\/#primaryimage"},"image":{"@id":"https:\/\/www.jaermuseet.no\/haugabakka\/ny-utstilling-dette-er-opplevingar-som-er-viktig-a-fa-fram\/#primaryimage"},"thumbnailUrl":"https:\/\/www.jaermuseet.no\/haugabakka\/wp-content\/uploads\/sites\/7\/2025\/06\/250602_Samling_og_dokumentasjon_Pelsdyrbonder_HaugabakkaIMG_3583-scaled.jpg","datePublished":"2025-06-10T08:40:39+00:00","dateModified":"2025-06-10T08:40:40+00:00","author":{"@id":"https:\/\/www.jaermuseet.no\/haugabakka\/#\/schema\/person\/20211947d5257d1a6ed15320f44ce30c"},"breadcrumb":{"@id":"https:\/\/www.jaermuseet.no\/haugabakka\/ny-utstilling-dette-er-opplevingar-som-er-viktig-a-fa-fram\/#breadcrumb"},"inLanguage":"nn-NO","potentialAction":[{"@type":"ReadAction","target":["https:\/\/www.jaermuseet.no\/haugabakka\/ny-utstilling-dette-er-opplevingar-som-er-viktig-a-fa-fram\/"]}]},{"@type":"ImageObject","inLanguage":"nn-NO","@id":"https:\/\/www.jaermuseet.no\/haugabakka\/ny-utstilling-dette-er-opplevingar-som-er-viktig-a-fa-fram\/#primaryimage","url":"https:\/\/www.jaermuseet.no\/haugabakka\/wp-content\/uploads\/sites\/7\/2025\/06\/250602_Samling_og_dokumentasjon_Pelsdyrbonder_HaugabakkaIMG_3583-scaled.jpg","contentUrl":"https:\/\/www.jaermuseet.no\/haugabakka\/wp-content\/uploads\/sites\/7\/2025\/06\/250602_Samling_og_dokumentasjon_Pelsdyrbonder_HaugabakkaIMG_3583-scaled.jpg","width":2560,"height":1707,"caption":"Samlingsforvaltar Elisabeth Tungland og museumshansdverkar Odd-Geir Rosland st\u00e5r p\u00e5 kvar sin side av utstillingsplakaten til utstillinga \"Pelsdyrhald i Klepp\" utand\u00f8rs p\u00e5 Haugabakka"},{"@type":"BreadcrumbList","@id":"https:\/\/www.jaermuseet.no\/haugabakka\/ny-utstilling-dette-er-opplevingar-som-er-viktig-a-fa-fram\/#breadcrumb","itemListElement":[{"@type":"ListItem","position":1,"name":"Hjem","item":"https:\/\/www.jaermuseet.no\/haugabakka\/en\/"},{"@type":"ListItem","position":2,"name":"Ny utstilling: -Dette er opplevingar som er viktig \u00e5 f\u00e5 fram"}]},{"@type":"WebSite","@id":"https:\/\/www.jaermuseet.no\/haugabakka\/#website","url":"https:\/\/www.jaermuseet.no\/haugabakka\/","name":"Haugabakka","description":"Klepp bygdemuseum","potentialAction":[{"@type":"SearchAction","target":{"@type":"EntryPoint","urlTemplate":"https:\/\/www.jaermuseet.no\/haugabakka\/?s={search_term_string}"},"query-input":{"@type":"PropertyValueSpecification","valueRequired":true,"valueName":"search_term_string"}}],"inLanguage":"nn-NO"},{"@type":"Person","@id":"https:\/\/www.jaermuseet.no\/haugabakka\/#\/schema\/person\/20211947d5257d1a6ed15320f44ce30c","name":"Andreas Lange","image":{"@type":"ImageObject","inLanguage":"nn-NO","@id":"https:\/\/secure.gravatar.com\/avatar\/3c629766151696a039e28c046a75c32cd8690188af1da84a403faf160e697d04?s=96&d=mm&r=g","url":"https:\/\/secure.gravatar.com\/avatar\/3c629766151696a039e28c046a75c32cd8690188af1da84a403faf160e697d04?s=96&d=mm&r=g","contentUrl":"https:\/\/secure.gravatar.com\/avatar\/3c629766151696a039e28c046a75c32cd8690188af1da84a403faf160e697d04?s=96&d=mm&r=g","caption":"Andreas Lange"},"url":"https:\/\/www.jaermuseet.no\/haugabakka\/author\/andreaslange\/"}]}},"cc_featured_image_caption":{"caption_text":"","source_text":"","source_url":""},"jetpack_featured_media_url":"https:\/\/www.jaermuseet.no\/haugabakka\/wp-content\/uploads\/sites\/7\/2025\/06\/250602_Samling_og_dokumentasjon_Pelsdyrbonder_HaugabakkaIMG_3583-scaled.jpg","jetpack_sharing_enabled":true,"_links":{"self":[{"href":"https:\/\/www.jaermuseet.no\/haugabakka\/wp-json\/wp\/v2\/posts\/779","targetHints":{"allow":["GET"]}}],"collection":[{"href":"https:\/\/www.jaermuseet.no\/haugabakka\/wp-json\/wp\/v2\/posts"}],"about":[{"href":"https:\/\/www.jaermuseet.no\/haugabakka\/wp-json\/wp\/v2\/types\/post"}],"author":[{"embeddable":true,"href":"https:\/\/www.jaermuseet.no\/haugabakka\/wp-json\/wp\/v2\/users\/55"}],"replies":[{"embeddable":true,"href":"https:\/\/www.jaermuseet.no\/haugabakka\/wp-json\/wp\/v2\/comments?post=779"}],"version-history":[{"count":1,"href":"https:\/\/www.jaermuseet.no\/haugabakka\/wp-json\/wp\/v2\/posts\/779\/revisions"}],"predecessor-version":[{"id":781,"href":"https:\/\/www.jaermuseet.no\/haugabakka\/wp-json\/wp\/v2\/posts\/779\/revisions\/781"}],"wp:featuredmedia":[{"embeddable":true,"href":"https:\/\/www.jaermuseet.no\/haugabakka\/wp-json\/wp\/v2\/media\/780"}],"wp:attachment":[{"href":"https:\/\/www.jaermuseet.no\/haugabakka\/wp-json\/wp\/v2\/media?parent=779"}],"wp:term":[{"taxonomy":"category","embeddable":true,"href":"https:\/\/www.jaermuseet.no\/haugabakka\/wp-json\/wp\/v2\/categories?post=779"},{"taxonomy":"post_tag","embeddable":true,"href":"https:\/\/www.jaermuseet.no\/haugabakka\/wp-json\/wp\/v2\/tags?post=779"}],"curies":[{"name":"wp","href":"https:\/\/api.w.org\/{rel}","templated":true}]}}