{"id":988,"date":"2023-06-02T15:44:22","date_gmt":"2023-06-02T13:44:22","guid":{"rendered":"https:\/\/www.jaermuseet.no\/grodaland\/?p=988"},"modified":"2025-08-20T10:34:48","modified_gmt":"2025-08-20T08:34:48","slug":"seeds","status":"publish","type":"post","link":"https:\/\/www.jaermuseet.no\/grodaland\/en\/seeds\/","title":{"rendered":"Seed mixture"},"content":{"rendered":"\n<p>Flowering meadows are beautiful and bloom throughout summer. They are also vitally important for pollinating insects.<\/p>\n\n\n\n<p>Wild meadows or hay meadows were made up of local, indigenous plants and had a rich biological diversity. The composition of plants varied. But although the same plant could be found in a meadow on the coast and in a meadow in the mountains, the genetic material was often different. They were adapted to the conditions of the location and to interactions with other organisms. In order to preserve this biodiversity, it is important to use seed mixtures from areas close to where the new flower meadow is to be established. The mixture we have used has been provided by NIBIO (Norwegian Institute of Bioeconomy Research), and comes from seeds collected in Rogaland from plants typical of south-western Norway.<\/p>\n\n\n\n<p><strong>In 2023, the seed mixture from NIBIO contained these species:<\/strong><\/p>\n\n\n\n<div class=\"wp-block-columns alignwide is-layout-flex wp-container-core-columns-is-layout-9d6595d7 wp-block-columns-is-layout-flex\">\n<div class=\"wp-block-column is-layout-flow wp-block-column-is-layout-flow\">\n<figure class=\"wp-block-image alignfull size-full\"><img loading=\"lazy\" decoding=\"async\" width=\"2048\" height=\"2048\" src=\"https:\/\/www.jaermuseet.no\/grodaland\/wp-content\/uploads\/sites\/8\/2023\/06\/Blodtopp_Sanguisorba_officinalis_Robert_Flogaus-Faust_wikimedia.jpg\" alt=\"\" class=\"wp-image-768\" \/><figcaption class=\"wp-element-caption\"><strong>Great Burnet<\/strong><br><em>Sanguisorba officinalis<\/em><br>Collected in H\u00e5 municipality<br><em>Photo: Robert Flogaus-Faust \/ <a href=\"https:\/\/commons.wikimedia.org\/w\/index.php?curid=128506535\">Wikimedia Commons<\/a><\/em><\/figcaption><\/figure>\n<\/div>\n\n\n\n<div class=\"wp-block-column is-layout-flow wp-block-column-is-layout-flow\">\n<figure class=\"wp-block-image alignfull size-large\"><img loading=\"lazy\" decoding=\"async\" width=\"1024\" height=\"1024\" src=\"https:\/\/www.jaermuseet.no\/grodaland\/wp-content\/uploads\/sites\/8\/2023\/06\/Blaklokke_Campanula_rotundifolia_Bolette_Bele_NIBIO-1024x1024.jpg\" alt=\"\" class=\"wp-image-757\" srcset=\"https:\/\/www.jaermuseet.no\/grodaland\/wp-content\/uploads\/sites\/8\/2023\/06\/Blaklokke_Campanula_rotundifolia_Bolette_Bele_NIBIO-1024x1024.jpg 1024w, https:\/\/www.jaermuseet.no\/grodaland\/wp-content\/uploads\/sites\/8\/2023\/06\/Blaklokke_Campanula_rotundifolia_Bolette_Bele_NIBIO-300x300.jpg 300w, https:\/\/www.jaermuseet.no\/grodaland\/wp-content\/uploads\/sites\/8\/2023\/06\/Blaklokke_Campanula_rotundifolia_Bolette_Bele_NIBIO-150x150.jpg 150w, https:\/\/www.jaermuseet.no\/grodaland\/wp-content\/uploads\/sites\/8\/2023\/06\/Blaklokke_Campanula_rotundifolia_Bolette_Bele_NIBIO-200x200.jpg 200w, https:\/\/www.jaermuseet.no\/grodaland\/wp-content\/uploads\/sites\/8\/2023\/06\/Blaklokke_Campanula_rotundifolia_Bolette_Bele_NIBIO.jpg 1197w\" sizes=\"auto, (max-width: 1024px) 100vw, 1024px\" \/><figcaption class=\"wp-element-caption\"><strong>Harebell<\/strong><br><em>Campanula rotundifolia<\/em><br>Collected in Sola municipality <br><em>Photo: Bolette Bele \/ NIBIO<\/em><\/figcaption><\/figure>\n<\/div>\n\n\n\n<div class=\"wp-block-column is-layout-flow wp-block-column-is-layout-flow\">\n<figure class=\"wp-block-image alignfull size-full\"><img loading=\"lazy\" decoding=\"async\" width=\"931\" height=\"931\" src=\"https:\/\/www.jaermuseet.no\/grodaland\/wp-content\/uploads\/sites\/8\/2023\/06\/Engtjaereblom_Viscaria_vulgaris_Bolette_Bele_NIBIO.jpg\" alt=\"\" class=\"wp-image-758\" srcset=\"https:\/\/www.jaermuseet.no\/grodaland\/wp-content\/uploads\/sites\/8\/2023\/06\/Engtjaereblom_Viscaria_vulgaris_Bolette_Bele_NIBIO.jpg 931w, https:\/\/www.jaermuseet.no\/grodaland\/wp-content\/uploads\/sites\/8\/2023\/06\/Engtjaereblom_Viscaria_vulgaris_Bolette_Bele_NIBIO-300x300.jpg 300w, https:\/\/www.jaermuseet.no\/grodaland\/wp-content\/uploads\/sites\/8\/2023\/06\/Engtjaereblom_Viscaria_vulgaris_Bolette_Bele_NIBIO-150x150.jpg 150w, https:\/\/www.jaermuseet.no\/grodaland\/wp-content\/uploads\/sites\/8\/2023\/06\/Engtjaereblom_Viscaria_vulgaris_Bolette_Bele_NIBIO-200x200.jpg 200w\" sizes=\"auto, (max-width: 931px) 100vw, 931px\" \/><figcaption class=\"wp-element-caption\"><strong>Sticky Catchfly<\/strong><br><em>Viscaria vulgaris<\/em><br>Collected in Egersund municipality<br><em>Photo: Bolette Bele \/ NIBIO<\/em><\/figcaption><\/figure>\n<\/div>\n<\/div>\n\n\n\n<div class=\"wp-block-columns alignwide is-layout-flex wp-container-core-columns-is-layout-9d6595d7 wp-block-columns-is-layout-flex\">\n<div class=\"wp-block-column is-layout-flow wp-block-column-is-layout-flow\">\n<figure class=\"wp-block-image alignfull size-large\"><img loading=\"lazy\" decoding=\"async\" width=\"1024\" height=\"1024\" src=\"https:\/\/www.jaermuseet.no\/grodaland\/wp-content\/uploads\/sites\/8\/2023\/06\/Fuglevikke_Vicia_cracca_Bolette_Bele_NIBIO-1024x1024.jpg\" alt=\"\" class=\"wp-image-759\" srcset=\"https:\/\/www.jaermuseet.no\/grodaland\/wp-content\/uploads\/sites\/8\/2023\/06\/Fuglevikke_Vicia_cracca_Bolette_Bele_NIBIO-1024x1024.jpg 1024w, https:\/\/www.jaermuseet.no\/grodaland\/wp-content\/uploads\/sites\/8\/2023\/06\/Fuglevikke_Vicia_cracca_Bolette_Bele_NIBIO-300x300.jpg 300w, https:\/\/www.jaermuseet.no\/grodaland\/wp-content\/uploads\/sites\/8\/2023\/06\/Fuglevikke_Vicia_cracca_Bolette_Bele_NIBIO-150x150.jpg 150w, https:\/\/www.jaermuseet.no\/grodaland\/wp-content\/uploads\/sites\/8\/2023\/06\/Fuglevikke_Vicia_cracca_Bolette_Bele_NIBIO-200x200.jpg 200w, https:\/\/www.jaermuseet.no\/grodaland\/wp-content\/uploads\/sites\/8\/2023\/06\/Fuglevikke_Vicia_cracca_Bolette_Bele_NIBIO.jpg 1197w\" sizes=\"auto, (max-width: 1024px) 100vw, 1024px\" \/><figcaption class=\"wp-element-caption\"><strong>Tufted Vetch<\/strong><br><em>Vicia cracca<\/em><br>Collected in Sola municipality<br><em>Photo: Bolette Bele \/ NIBIO<\/em><\/figcaption><\/figure>\n<\/div>\n\n\n\n<div class=\"wp-block-column is-layout-flow wp-block-column-is-layout-flow\">\n<figure class=\"wp-block-image alignfull size-large\"><img loading=\"lazy\" decoding=\"async\" width=\"1024\" height=\"1024\" src=\"https:\/\/www.jaermuseet.no\/grodaland\/wp-content\/uploads\/sites\/8\/2023\/06\/Gjerdevikke_Vicia_sepium_Hauk_Liebe_Artsdatabanken-1024x1024.jpg\" alt=\"\" class=\"wp-image-760\" srcset=\"https:\/\/www.jaermuseet.no\/grodaland\/wp-content\/uploads\/sites\/8\/2023\/06\/Gjerdevikke_Vicia_sepium_Hauk_Liebe_Artsdatabanken-1024x1024.jpg 1024w, https:\/\/www.jaermuseet.no\/grodaland\/wp-content\/uploads\/sites\/8\/2023\/06\/Gjerdevikke_Vicia_sepium_Hauk_Liebe_Artsdatabanken-300x300.jpg 300w, https:\/\/www.jaermuseet.no\/grodaland\/wp-content\/uploads\/sites\/8\/2023\/06\/Gjerdevikke_Vicia_sepium_Hauk_Liebe_Artsdatabanken-150x150.jpg 150w, https:\/\/www.jaermuseet.no\/grodaland\/wp-content\/uploads\/sites\/8\/2023\/06\/Gjerdevikke_Vicia_sepium_Hauk_Liebe_Artsdatabanken-200x200.jpg 200w, https:\/\/www.jaermuseet.no\/grodaland\/wp-content\/uploads\/sites\/8\/2023\/06\/Gjerdevikke_Vicia_sepium_Hauk_Liebe_Artsdatabanken.jpg 1123w\" sizes=\"auto, (max-width: 1024px) 100vw, 1024px\" \/><figcaption class=\"wp-element-caption\"><strong>Bush Vetch<\/strong><br><em>Vicia sepium<\/em><br>Collected in Klepp municipality<br><em>Photo: Hauk Liebe \/ Artsdatabanken<\/em><\/figcaption><\/figure>\n<\/div>\n\n\n\n<div class=\"wp-block-column is-layout-flow wp-block-column-is-layout-flow\">\n<figure class=\"wp-block-image alignfull size-large\"><img loading=\"lazy\" decoding=\"async\" width=\"1024\" height=\"1024\" src=\"https:\/\/www.jaermuseet.no\/grodaland\/wp-content\/uploads\/sites\/8\/2023\/06\/Gulaks_Anthoxanthum_odoratum_Bolette_Bele_NIBIO-1024x1024.jpg\" alt=\"\" class=\"wp-image-761\" srcset=\"https:\/\/www.jaermuseet.no\/grodaland\/wp-content\/uploads\/sites\/8\/2023\/06\/Gulaks_Anthoxanthum_odoratum_Bolette_Bele_NIBIO-1024x1024.jpg 1024w, https:\/\/www.jaermuseet.no\/grodaland\/wp-content\/uploads\/sites\/8\/2023\/06\/Gulaks_Anthoxanthum_odoratum_Bolette_Bele_NIBIO-300x300.jpg 300w, https:\/\/www.jaermuseet.no\/grodaland\/wp-content\/uploads\/sites\/8\/2023\/06\/Gulaks_Anthoxanthum_odoratum_Bolette_Bele_NIBIO-150x150.jpg 150w, https:\/\/www.jaermuseet.no\/grodaland\/wp-content\/uploads\/sites\/8\/2023\/06\/Gulaks_Anthoxanthum_odoratum_Bolette_Bele_NIBIO-200x200.jpg 200w, https:\/\/www.jaermuseet.no\/grodaland\/wp-content\/uploads\/sites\/8\/2023\/06\/Gulaks_Anthoxanthum_odoratum_Bolette_Bele_NIBIO.jpg 1197w\" sizes=\"auto, (max-width: 1024px) 100vw, 1024px\" \/><figcaption class=\"wp-element-caption\"><strong>Sweet Vernal Grass<\/strong><br><em>Anthoxanthum odoratum<\/em><br>Collected in Sandnes municipality<br><em>Photo: Bolette Bele \/ NIBIO<\/em><\/figcaption><\/figure>\n<\/div>\n<\/div>\n\n\n\n<div class=\"wp-block-columns alignwide is-layout-flex wp-container-core-columns-is-layout-9d6595d7 wp-block-columns-is-layout-flex\">\n<div class=\"wp-block-column is-layout-flow wp-block-column-is-layout-flow\">\n<figure class=\"wp-block-image alignfull size-large\"><img loading=\"lazy\" decoding=\"async\" width=\"1024\" height=\"1024\" src=\"https:\/\/www.jaermuseet.no\/grodaland\/wp-content\/uploads\/sites\/8\/2023\/06\/Gulflatbelg_Lathyrus_pratensis_Hauk_Liebe_Artsdatabanken-1024x1024.jpg\" alt=\"\" class=\"wp-image-762\" srcset=\"https:\/\/www.jaermuseet.no\/grodaland\/wp-content\/uploads\/sites\/8\/2023\/06\/Gulflatbelg_Lathyrus_pratensis_Hauk_Liebe_Artsdatabanken-1024x1024.jpg 1024w, https:\/\/www.jaermuseet.no\/grodaland\/wp-content\/uploads\/sites\/8\/2023\/06\/Gulflatbelg_Lathyrus_pratensis_Hauk_Liebe_Artsdatabanken-300x300.jpg 300w, https:\/\/www.jaermuseet.no\/grodaland\/wp-content\/uploads\/sites\/8\/2023\/06\/Gulflatbelg_Lathyrus_pratensis_Hauk_Liebe_Artsdatabanken-150x150.jpg 150w, https:\/\/www.jaermuseet.no\/grodaland\/wp-content\/uploads\/sites\/8\/2023\/06\/Gulflatbelg_Lathyrus_pratensis_Hauk_Liebe_Artsdatabanken-200x200.jpg 200w, https:\/\/www.jaermuseet.no\/grodaland\/wp-content\/uploads\/sites\/8\/2023\/06\/Gulflatbelg_Lathyrus_pratensis_Hauk_Liebe_Artsdatabanken.jpg 1087w\" sizes=\"auto, (max-width: 1024px) 100vw, 1024px\" \/><figcaption class=\"wp-element-caption\"><strong>Meadow Vetchling<\/strong><br><em>Lathyrus pratensis<\/em><br>Collected in Sola municipality <br><em>Photo: Hauk Liebe \/ Artsdatabanken<\/em><\/figcaption><\/figure>\n<\/div>\n\n\n\n<div class=\"wp-block-column is-layout-flow wp-block-column-is-layout-flow\">\n<figure class=\"wp-block-image alignfull size-large\"><img loading=\"lazy\" decoding=\"async\" width=\"1024\" height=\"1024\" src=\"https:\/\/www.jaermuseet.no\/grodaland\/wp-content\/uploads\/sites\/8\/2023\/06\/Gullris_Solidago_virgaurea_Eli_Fremstad_Artsdatabanken-1024x1024.jpg\" alt=\"\" class=\"wp-image-765\" srcset=\"https:\/\/www.jaermuseet.no\/grodaland\/wp-content\/uploads\/sites\/8\/2023\/06\/Gullris_Solidago_virgaurea_Eli_Fremstad_Artsdatabanken-1024x1024.jpg 1024w, https:\/\/www.jaermuseet.no\/grodaland\/wp-content\/uploads\/sites\/8\/2023\/06\/Gullris_Solidago_virgaurea_Eli_Fremstad_Artsdatabanken-300x300.jpg 300w, https:\/\/www.jaermuseet.no\/grodaland\/wp-content\/uploads\/sites\/8\/2023\/06\/Gullris_Solidago_virgaurea_Eli_Fremstad_Artsdatabanken-150x150.jpg 150w, https:\/\/www.jaermuseet.no\/grodaland\/wp-content\/uploads\/sites\/8\/2023\/06\/Gullris_Solidago_virgaurea_Eli_Fremstad_Artsdatabanken-200x200.jpg 200w, https:\/\/www.jaermuseet.no\/grodaland\/wp-content\/uploads\/sites\/8\/2023\/06\/Gullris_Solidago_virgaurea_Eli_Fremstad_Artsdatabanken-1536x1536.jpg 1536w, https:\/\/www.jaermuseet.no\/grodaland\/wp-content\/uploads\/sites\/8\/2023\/06\/Gullris_Solidago_virgaurea_Eli_Fremstad_Artsdatabanken-2048x2048.jpg 2048w\" sizes=\"auto, (max-width: 1024px) 100vw, 1024px\" \/><figcaption class=\"wp-element-caption\"><strong>Goldenrod<\/strong><br><em>Solidago virgaurea<\/em><br>Collected in Sola municipality <br><em>Photo: Eli Fremstad \/ Artsdatabanken<\/em><\/figcaption><\/figure>\n<\/div>\n\n\n\n<div class=\"wp-block-column is-layout-flow wp-block-column-is-layout-flow\">\n<figure class=\"wp-block-image alignfull size-large\"><img loading=\"lazy\" decoding=\"async\" width=\"1024\" height=\"1024\" src=\"https:\/\/www.jaermuseet.no\/grodaland\/wp-content\/uploads\/sites\/8\/2023\/06\/svartknoppurt-x-engknoppurt-scaled-e1755605452501-1024x1024.jpg\" alt=\"\" class=\"wp-image-1082\" srcset=\"https:\/\/www.jaermuseet.no\/grodaland\/wp-content\/uploads\/sites\/8\/2023\/06\/svartknoppurt-x-engknoppurt-scaled-e1755605452501-1024x1024.jpg 1024w, https:\/\/www.jaermuseet.no\/grodaland\/wp-content\/uploads\/sites\/8\/2023\/06\/svartknoppurt-x-engknoppurt-scaled-e1755605452501-300x300.jpg 300w, https:\/\/www.jaermuseet.no\/grodaland\/wp-content\/uploads\/sites\/8\/2023\/06\/svartknoppurt-x-engknoppurt-scaled-e1755605452501-150x150.jpg 150w, https:\/\/www.jaermuseet.no\/grodaland\/wp-content\/uploads\/sites\/8\/2023\/06\/svartknoppurt-x-engknoppurt-scaled-e1755605452501-200x200.jpg 200w, https:\/\/www.jaermuseet.no\/grodaland\/wp-content\/uploads\/sites\/8\/2023\/06\/svartknoppurt-x-engknoppurt-scaled-e1755605452501-1536x1536.jpg 1536w, https:\/\/www.jaermuseet.no\/grodaland\/wp-content\/uploads\/sites\/8\/2023\/06\/svartknoppurt-x-engknoppurt-scaled-e1755605452501.jpg 1877w\" sizes=\"auto, (max-width: 1024px) 100vw, 1024px\" \/><figcaption class=\"wp-element-caption\"><strong>Hybrid Knapweed<\/strong><br><em>Centaurea jacea x nigra<\/em> Collected in H\u00e5 municipality<br><em>Photo: Maria S\u00e6bj\u00f8rnsen \/ NIBIO<\/em><\/figcaption><\/figure>\n<\/div>\n<\/div>\n\n\n\n<div class=\"wp-block-columns alignwide is-layout-flex wp-container-core-columns-is-layout-9d6595d7 wp-block-columns-is-layout-flex\">\n<div class=\"wp-block-column is-layout-flow wp-block-column-is-layout-flow\">\n<figure class=\"wp-block-image alignfull size-large\"><img loading=\"lazy\" decoding=\"async\" width=\"1024\" height=\"1024\" src=\"https:\/\/www.jaermuseet.no\/grodaland\/wp-content\/uploads\/sites\/8\/2023\/06\/Kystgrisore_Hypochaeris_radicata_Christian_Fischer_wiki-1024x1024.jpg\" alt=\"\" class=\"wp-image-820\" srcset=\"https:\/\/www.jaermuseet.no\/grodaland\/wp-content\/uploads\/sites\/8\/2023\/06\/Kystgrisore_Hypochaeris_radicata_Christian_Fischer_wiki-1024x1024.jpg 1024w, https:\/\/www.jaermuseet.no\/grodaland\/wp-content\/uploads\/sites\/8\/2023\/06\/Kystgrisore_Hypochaeris_radicata_Christian_Fischer_wiki-300x300.jpg 300w, https:\/\/www.jaermuseet.no\/grodaland\/wp-content\/uploads\/sites\/8\/2023\/06\/Kystgrisore_Hypochaeris_radicata_Christian_Fischer_wiki-150x150.jpg 150w, https:\/\/www.jaermuseet.no\/grodaland\/wp-content\/uploads\/sites\/8\/2023\/06\/Kystgrisore_Hypochaeris_radicata_Christian_Fischer_wiki-200x200.jpg 200w, https:\/\/www.jaermuseet.no\/grodaland\/wp-content\/uploads\/sites\/8\/2023\/06\/Kystgrisore_Hypochaeris_radicata_Christian_Fischer_wiki.jpg 1051w\" sizes=\"auto, (max-width: 1024px) 100vw, 1024px\" \/><figcaption class=\"wp-element-caption\"><strong>Cat&#8217;s-ear<\/strong><br><em>Hypochaeris radicata<\/em><br>Collected in Sola municipality <br><em>Photo: Christian Fischer \/ <a href=\"https:\/\/commons.wikimedia.org\/w\/index.php?curid=15776060\">Wikimedia Commons<\/a><\/em><\/figcaption><\/figure>\n<\/div>\n\n\n\n<div class=\"wp-block-column is-layout-flow wp-block-column-is-layout-flow\">\n<figure class=\"wp-block-image alignfull size-large\"><img loading=\"lazy\" decoding=\"async\" width=\"1024\" height=\"1024\" src=\"https:\/\/www.jaermuseet.no\/grodaland\/wp-content\/uploads\/sites\/8\/2023\/06\/Ryllik_Achillea_millefolium_Bolette_Bele_NIBIO-1024x1024.jpg\" alt=\"\" class=\"wp-image-771\" srcset=\"https:\/\/www.jaermuseet.no\/grodaland\/wp-content\/uploads\/sites\/8\/2023\/06\/Ryllik_Achillea_millefolium_Bolette_Bele_NIBIO-1024x1024.jpg 1024w, https:\/\/www.jaermuseet.no\/grodaland\/wp-content\/uploads\/sites\/8\/2023\/06\/Ryllik_Achillea_millefolium_Bolette_Bele_NIBIO-300x300.jpg 300w, https:\/\/www.jaermuseet.no\/grodaland\/wp-content\/uploads\/sites\/8\/2023\/06\/Ryllik_Achillea_millefolium_Bolette_Bele_NIBIO-150x150.jpg 150w, https:\/\/www.jaermuseet.no\/grodaland\/wp-content\/uploads\/sites\/8\/2023\/06\/Ryllik_Achillea_millefolium_Bolette_Bele_NIBIO-200x200.jpg 200w, https:\/\/www.jaermuseet.no\/grodaland\/wp-content\/uploads\/sites\/8\/2023\/06\/Ryllik_Achillea_millefolium_Bolette_Bele_NIBIO.jpg 1072w\" sizes=\"auto, (max-width: 1024px) 100vw, 1024px\" \/><figcaption class=\"wp-element-caption\"><strong>Yarrow<\/strong><br><em>Achillea millefolium<\/em><br>Collected in Sola municipality <br><em>Photo: Bolette Bele \/ NIBIO<\/em><\/figcaption><\/figure>\n<\/div>\n\n\n\n<div class=\"wp-block-column is-layout-flow wp-block-column-is-layout-flow\">\n<figure class=\"wp-block-image alignfull size-large\"><img loading=\"lazy\" decoding=\"async\" width=\"1024\" height=\"1024\" src=\"https:\/\/www.jaermuseet.no\/grodaland\/wp-content\/uploads\/sites\/8\/2023\/06\/RaudJonsokblom_Silene_dioica_Bolette_Bele_NIBIO-1024x1024.jpg\" alt=\"\" class=\"wp-image-772\" srcset=\"https:\/\/www.jaermuseet.no\/grodaland\/wp-content\/uploads\/sites\/8\/2023\/06\/RaudJonsokblom_Silene_dioica_Bolette_Bele_NIBIO-1024x1024.jpg 1024w, https:\/\/www.jaermuseet.no\/grodaland\/wp-content\/uploads\/sites\/8\/2023\/06\/RaudJonsokblom_Silene_dioica_Bolette_Bele_NIBIO-300x300.jpg 300w, https:\/\/www.jaermuseet.no\/grodaland\/wp-content\/uploads\/sites\/8\/2023\/06\/RaudJonsokblom_Silene_dioica_Bolette_Bele_NIBIO-150x150.jpg 150w, https:\/\/www.jaermuseet.no\/grodaland\/wp-content\/uploads\/sites\/8\/2023\/06\/RaudJonsokblom_Silene_dioica_Bolette_Bele_NIBIO-200x200.jpg 200w, https:\/\/www.jaermuseet.no\/grodaland\/wp-content\/uploads\/sites\/8\/2023\/06\/RaudJonsokblom_Silene_dioica_Bolette_Bele_NIBIO.jpg 1197w\" sizes=\"auto, (max-width: 1024px) 100vw, 1024px\" \/><figcaption class=\"wp-element-caption\"><strong>Red Campion<\/strong><br><em>Silene dioica<\/em><br>Collected in Klepp municipality<br><em>Photo: Bolette Bele \/ NIBIO<\/em><\/figcaption><\/figure>\n<\/div>\n<\/div>\n\n\n\n<div class=\"wp-block-columns alignwide is-layout-flex wp-container-core-columns-is-layout-9d6595d7 wp-block-columns-is-layout-flex\">\n<div class=\"wp-block-column is-layout-flow wp-block-column-is-layout-flow\">\n<figure class=\"wp-block-image alignfull size-large\"><img loading=\"lazy\" decoding=\"async\" width=\"1024\" height=\"1024\" src=\"https:\/\/www.jaermuseet.no\/grodaland\/wp-content\/uploads\/sites\/8\/2023\/06\/Skjermsveve_Hieracium_umbellatum_Jerzy_Opiola_wiki-1024x1024.jpg\" alt=\"\" class=\"wp-image-822\" srcset=\"https:\/\/www.jaermuseet.no\/grodaland\/wp-content\/uploads\/sites\/8\/2023\/06\/Skjermsveve_Hieracium_umbellatum_Jerzy_Opiola_wiki-1024x1024.jpg 1024w, https:\/\/www.jaermuseet.no\/grodaland\/wp-content\/uploads\/sites\/8\/2023\/06\/Skjermsveve_Hieracium_umbellatum_Jerzy_Opiola_wiki-300x300.jpg 300w, https:\/\/www.jaermuseet.no\/grodaland\/wp-content\/uploads\/sites\/8\/2023\/06\/Skjermsveve_Hieracium_umbellatum_Jerzy_Opiola_wiki-150x150.jpg 150w, https:\/\/www.jaermuseet.no\/grodaland\/wp-content\/uploads\/sites\/8\/2023\/06\/Skjermsveve_Hieracium_umbellatum_Jerzy_Opiola_wiki-200x200.jpg 200w, https:\/\/www.jaermuseet.no\/grodaland\/wp-content\/uploads\/sites\/8\/2023\/06\/Skjermsveve_Hieracium_umbellatum_Jerzy_Opiola_wiki-1536x1536.jpg 1536w, https:\/\/www.jaermuseet.no\/grodaland\/wp-content\/uploads\/sites\/8\/2023\/06\/Skjermsveve_Hieracium_umbellatum_Jerzy_Opiola_wiki.jpg 2000w\" sizes=\"auto, (max-width: 1024px) 100vw, 1024px\" \/><figcaption class=\"wp-element-caption\"><strong>Hawkweed<\/strong><br><em>Hieracium umbellatum<\/em><br>Collected in Sola municipality <br><em>Photo: Jerzy Opio\u0142a \/ <a href=\"https:\/\/commons.wikimedia.org\/w\/index.php?curid=42288147\">Wikimedia Commons<\/a><\/em><\/figcaption><\/figure>\n<\/div>\n\n\n\n<div class=\"wp-block-column is-layout-flow wp-block-column-is-layout-flow\">\n<figure class=\"wp-block-image alignfull size-large\"><img loading=\"lazy\" decoding=\"async\" width=\"1024\" height=\"1024\" src=\"https:\/\/www.jaermuseet.no\/grodaland\/wp-content\/uploads\/sites\/8\/2023\/06\/Smalkjempe_Plantago_lanceolata_Bolette_Bele_NIBIO-1024x1024.jpg\" alt=\"\" class=\"wp-image-773\" srcset=\"https:\/\/www.jaermuseet.no\/grodaland\/wp-content\/uploads\/sites\/8\/2023\/06\/Smalkjempe_Plantago_lanceolata_Bolette_Bele_NIBIO-1024x1024.jpg 1024w, https:\/\/www.jaermuseet.no\/grodaland\/wp-content\/uploads\/sites\/8\/2023\/06\/Smalkjempe_Plantago_lanceolata_Bolette_Bele_NIBIO-300x300.jpg 300w, https:\/\/www.jaermuseet.no\/grodaland\/wp-content\/uploads\/sites\/8\/2023\/06\/Smalkjempe_Plantago_lanceolata_Bolette_Bele_NIBIO-150x150.jpg 150w, https:\/\/www.jaermuseet.no\/grodaland\/wp-content\/uploads\/sites\/8\/2023\/06\/Smalkjempe_Plantago_lanceolata_Bolette_Bele_NIBIO-200x200.jpg 200w, https:\/\/www.jaermuseet.no\/grodaland\/wp-content\/uploads\/sites\/8\/2023\/06\/Smalkjempe_Plantago_lanceolata_Bolette_Bele_NIBIO.jpg 1350w\" sizes=\"auto, (max-width: 1024px) 100vw, 1024px\" \/><figcaption class=\"wp-element-caption\"><strong>Ribwort Plantain<\/strong><br><em>Plantago lanceolata<\/em><br>Collected in Sola municipality <br><em>Photo: Bolette Bele \/ NIBIO<\/em><\/figcaption><\/figure>\n<\/div>\n\n\n\n<div class=\"wp-block-column is-layout-flow wp-block-column-is-layout-flow\"><\/div>\n<\/div>\n\n\n\n<p><strong>In 2025, the seed mixture used in test square 5 contained these species:<\/strong><\/p>\n\n\n\n<div class=\"wp-block-columns alignwide is-layout-flex wp-container-core-columns-is-layout-9d6595d7 wp-block-columns-is-layout-flex\">\n<div class=\"wp-block-column is-layout-flow wp-block-column-is-layout-flow\">\n<figure class=\"wp-block-image alignfull size-large\"><img loading=\"lazy\" decoding=\"async\" width=\"1024\" height=\"1024\" src=\"https:\/\/www.jaermuseet.no\/grodaland\/wp-content\/uploads\/sites\/8\/2023\/06\/Ryllik_Achillea_millefolium_Bolette_Bele_NIBIO-1024x1024.jpg\" alt=\"\" class=\"wp-image-771\" srcset=\"https:\/\/www.jaermuseet.no\/grodaland\/wp-content\/uploads\/sites\/8\/2023\/06\/Ryllik_Achillea_millefolium_Bolette_Bele_NIBIO-1024x1024.jpg 1024w, https:\/\/www.jaermuseet.no\/grodaland\/wp-content\/uploads\/sites\/8\/2023\/06\/Ryllik_Achillea_millefolium_Bolette_Bele_NIBIO-300x300.jpg 300w, https:\/\/www.jaermuseet.no\/grodaland\/wp-content\/uploads\/sites\/8\/2023\/06\/Ryllik_Achillea_millefolium_Bolette_Bele_NIBIO-150x150.jpg 150w, https:\/\/www.jaermuseet.no\/grodaland\/wp-content\/uploads\/sites\/8\/2023\/06\/Ryllik_Achillea_millefolium_Bolette_Bele_NIBIO-200x200.jpg 200w, https:\/\/www.jaermuseet.no\/grodaland\/wp-content\/uploads\/sites\/8\/2023\/06\/Ryllik_Achillea_millefolium_Bolette_Bele_NIBIO.jpg 1072w\" sizes=\"auto, (max-width: 1024px) 100vw, 1024px\" \/><figcaption class=\"wp-element-caption\"><strong>Yarrow<\/strong><br><em>Achillea millefolium<\/em><br>Collected in Sola municipality <br><em>Photo: Bolette Bele \/ NIBIO<\/em><\/figcaption><\/figure>\n<\/div>\n\n\n\n<div class=\"wp-block-column is-layout-flow wp-block-column-is-layout-flow\">\n<figure class=\"wp-block-image size-large\"><img loading=\"lazy\" decoding=\"async\" width=\"1024\" height=\"1024\" src=\"https:\/\/www.jaermuseet.no\/grodaland\/wp-content\/uploads\/sites\/8\/2023\/06\/RaudJonsokblom_Silene_dioica_Bolette_Bele_NIBIO-1024x1024.jpg\" alt=\"\" class=\"wp-image-772\" srcset=\"https:\/\/www.jaermuseet.no\/grodaland\/wp-content\/uploads\/sites\/8\/2023\/06\/RaudJonsokblom_Silene_dioica_Bolette_Bele_NIBIO-1024x1024.jpg 1024w, https:\/\/www.jaermuseet.no\/grodaland\/wp-content\/uploads\/sites\/8\/2023\/06\/RaudJonsokblom_Silene_dioica_Bolette_Bele_NIBIO-300x300.jpg 300w, https:\/\/www.jaermuseet.no\/grodaland\/wp-content\/uploads\/sites\/8\/2023\/06\/RaudJonsokblom_Silene_dioica_Bolette_Bele_NIBIO-150x150.jpg 150w, https:\/\/www.jaermuseet.no\/grodaland\/wp-content\/uploads\/sites\/8\/2023\/06\/RaudJonsokblom_Silene_dioica_Bolette_Bele_NIBIO-200x200.jpg 200w, https:\/\/www.jaermuseet.no\/grodaland\/wp-content\/uploads\/sites\/8\/2023\/06\/RaudJonsokblom_Silene_dioica_Bolette_Bele_NIBIO.jpg 1197w\" sizes=\"auto, (max-width: 1024px) 100vw, 1024px\" \/><figcaption class=\"wp-element-caption\"><strong>Red Campion<\/strong><br><em>Silene dioica<\/em><br>Collected in Klepp municipality<br><em>Photo: Bolette Bele \/ NIBIO<\/em><\/figcaption><\/figure>\n<\/div>\n\n\n\n<div class=\"wp-block-column is-layout-flow wp-block-column-is-layout-flow\">\n<figure class=\"wp-block-image size-large\"><img loading=\"lazy\" decoding=\"async\" width=\"1024\" height=\"1024\" src=\"https:\/\/www.jaermuseet.no\/grodaland\/wp-content\/uploads\/sites\/8\/2023\/06\/Skjermsveve_Hieracium_umbellatum_Jerzy_Opiola_wiki-1024x1024.jpg\" alt=\"\" class=\"wp-image-822\" srcset=\"https:\/\/www.jaermuseet.no\/grodaland\/wp-content\/uploads\/sites\/8\/2023\/06\/Skjermsveve_Hieracium_umbellatum_Jerzy_Opiola_wiki-1024x1024.jpg 1024w, https:\/\/www.jaermuseet.no\/grodaland\/wp-content\/uploads\/sites\/8\/2023\/06\/Skjermsveve_Hieracium_umbellatum_Jerzy_Opiola_wiki-300x300.jpg 300w, https:\/\/www.jaermuseet.no\/grodaland\/wp-content\/uploads\/sites\/8\/2023\/06\/Skjermsveve_Hieracium_umbellatum_Jerzy_Opiola_wiki-150x150.jpg 150w, https:\/\/www.jaermuseet.no\/grodaland\/wp-content\/uploads\/sites\/8\/2023\/06\/Skjermsveve_Hieracium_umbellatum_Jerzy_Opiola_wiki-200x200.jpg 200w, https:\/\/www.jaermuseet.no\/grodaland\/wp-content\/uploads\/sites\/8\/2023\/06\/Skjermsveve_Hieracium_umbellatum_Jerzy_Opiola_wiki-1536x1536.jpg 1536w, https:\/\/www.jaermuseet.no\/grodaland\/wp-content\/uploads\/sites\/8\/2023\/06\/Skjermsveve_Hieracium_umbellatum_Jerzy_Opiola_wiki.jpg 2000w\" sizes=\"auto, (max-width: 1024px) 100vw, 1024px\" \/><figcaption class=\"wp-element-caption\"><strong>Hawkweed<\/strong><br><em>Hieracium umbellatum<\/em><br>Collected in Sola municipality <br><em>Photo: Jerzy Opio\u0142a \/ <a href=\"https:\/\/commons.wikimedia.org\/w\/index.php?curid=42288147\">Wikimedia Commons<\/a><\/em><\/figcaption><\/figure>\n<\/div>\n<\/div>\n\n\n\n<div class=\"wp-block-columns alignwide is-layout-flex wp-container-core-columns-is-layout-9d6595d7 wp-block-columns-is-layout-flex\">\n<div class=\"wp-block-column is-layout-flow wp-block-column-is-layout-flow\">\n<figure class=\"wp-block-image size-large\"><img loading=\"lazy\" decoding=\"async\" width=\"1024\" height=\"1024\" src=\"https:\/\/www.jaermuseet.no\/grodaland\/wp-content\/uploads\/sites\/8\/2023\/06\/Smalkjempe_Plantago_lanceolata_Bolette_Bele_NIBIO-1024x1024.jpg\" alt=\"\" class=\"wp-image-773\" srcset=\"https:\/\/www.jaermuseet.no\/grodaland\/wp-content\/uploads\/sites\/8\/2023\/06\/Smalkjempe_Plantago_lanceolata_Bolette_Bele_NIBIO-1024x1024.jpg 1024w, https:\/\/www.jaermuseet.no\/grodaland\/wp-content\/uploads\/sites\/8\/2023\/06\/Smalkjempe_Plantago_lanceolata_Bolette_Bele_NIBIO-300x300.jpg 300w, https:\/\/www.jaermuseet.no\/grodaland\/wp-content\/uploads\/sites\/8\/2023\/06\/Smalkjempe_Plantago_lanceolata_Bolette_Bele_NIBIO-150x150.jpg 150w, https:\/\/www.jaermuseet.no\/grodaland\/wp-content\/uploads\/sites\/8\/2023\/06\/Smalkjempe_Plantago_lanceolata_Bolette_Bele_NIBIO-200x200.jpg 200w, https:\/\/www.jaermuseet.no\/grodaland\/wp-content\/uploads\/sites\/8\/2023\/06\/Smalkjempe_Plantago_lanceolata_Bolette_Bele_NIBIO.jpg 1350w\" sizes=\"auto, (max-width: 1024px) 100vw, 1024px\" \/><figcaption class=\"wp-element-caption\"><strong>Ribwort Plantain<\/strong><br><em>Plantago lanceolata<\/em><br>Collected in Sola municipality <br><em>Photo: Bolette Bele \/ NIBIO<\/em><\/figcaption><\/figure>\n<\/div>\n\n\n\n<div class=\"wp-block-column is-layout-flow wp-block-column-is-layout-flow\">\n<figure class=\"wp-block-image size-large\"><img loading=\"lazy\" decoding=\"async\" width=\"1024\" height=\"1024\" src=\"https:\/\/www.jaermuseet.no\/grodaland\/wp-content\/uploads\/sites\/8\/2023\/06\/Centaurea_nigra-3233-scaled-e1755609499985-1024x1024.jpg\" alt=\"\" class=\"wp-image-1111\" srcset=\"https:\/\/www.jaermuseet.no\/grodaland\/wp-content\/uploads\/sites\/8\/2023\/06\/Centaurea_nigra-3233-scaled-e1755609499985-1024x1024.jpg 1024w, https:\/\/www.jaermuseet.no\/grodaland\/wp-content\/uploads\/sites\/8\/2023\/06\/Centaurea_nigra-3233-scaled-e1755609499985-300x300.jpg 300w, https:\/\/www.jaermuseet.no\/grodaland\/wp-content\/uploads\/sites\/8\/2023\/06\/Centaurea_nigra-3233-scaled-e1755609499985-150x150.jpg 150w, https:\/\/www.jaermuseet.no\/grodaland\/wp-content\/uploads\/sites\/8\/2023\/06\/Centaurea_nigra-3233-scaled-e1755609499985-200x200.jpg 200w, https:\/\/www.jaermuseet.no\/grodaland\/wp-content\/uploads\/sites\/8\/2023\/06\/Centaurea_nigra-3233-scaled-e1755609499985-1536x1536.jpg 1536w, https:\/\/www.jaermuseet.no\/grodaland\/wp-content\/uploads\/sites\/8\/2023\/06\/Centaurea_nigra-3233-scaled-e1755609499985.jpg 1728w\" sizes=\"auto, (max-width: 1024px) 100vw, 1024px\" \/><figcaption class=\"wp-element-caption\"><strong>Common Knapweed<\/strong><br><em>Centaurea nigra<\/em> <br><em>Photo: <a href=\"https:\/\/commons.wikimedia.org\/wiki\/User:Julia_W\">Julie Anne Workman<\/a> \/ <a href=\"https:\/\/commons.wikimedia.org\/wiki\/File:Centaurea_nigra-3233.jpg\">Wikimedia Commons<\/a><\/em><\/figcaption><\/figure>\n<\/div>\n\n\n\n<div class=\"wp-block-column is-layout-flow wp-block-column-is-layout-flow\">\n<figure class=\"wp-block-image size-large\"><img loading=\"lazy\" decoding=\"async\" width=\"1024\" height=\"1024\" src=\"https:\/\/www.jaermuseet.no\/grodaland\/wp-content\/uploads\/sites\/8\/2023\/06\/Fuglevikke_Vicia_cracca_Bolette_Bele_NIBIO-1024x1024.jpg\" alt=\"\" class=\"wp-image-759\" srcset=\"https:\/\/www.jaermuseet.no\/grodaland\/wp-content\/uploads\/sites\/8\/2023\/06\/Fuglevikke_Vicia_cracca_Bolette_Bele_NIBIO-1024x1024.jpg 1024w, https:\/\/www.jaermuseet.no\/grodaland\/wp-content\/uploads\/sites\/8\/2023\/06\/Fuglevikke_Vicia_cracca_Bolette_Bele_NIBIO-300x300.jpg 300w, https:\/\/www.jaermuseet.no\/grodaland\/wp-content\/uploads\/sites\/8\/2023\/06\/Fuglevikke_Vicia_cracca_Bolette_Bele_NIBIO-150x150.jpg 150w, https:\/\/www.jaermuseet.no\/grodaland\/wp-content\/uploads\/sites\/8\/2023\/06\/Fuglevikke_Vicia_cracca_Bolette_Bele_NIBIO-200x200.jpg 200w, https:\/\/www.jaermuseet.no\/grodaland\/wp-content\/uploads\/sites\/8\/2023\/06\/Fuglevikke_Vicia_cracca_Bolette_Bele_NIBIO.jpg 1197w\" sizes=\"auto, (max-width: 1024px) 100vw, 1024px\" \/><figcaption class=\"wp-element-caption\"><strong>Tufted Vetch<\/strong><br><em>Vicia cracca<\/em><br>Collected in Sola municipality<br><em>Photo: Bolette Bele \/ NIBIO<\/em><\/figcaption><\/figure>\n<\/div>\n<\/div>\n\n\n\n<div class=\"wp-block-columns alignwide is-layout-flex wp-container-core-columns-is-layout-9d6595d7 wp-block-columns-is-layout-flex\">\n<div class=\"wp-block-column is-layout-flow wp-block-column-is-layout-flow\">\n<figure class=\"wp-block-image size-full\"><img loading=\"lazy\" decoding=\"async\" width=\"720\" height=\"720\" src=\"https:\/\/www.jaermuseet.no\/grodaland\/wp-content\/uploads\/sites\/8\/2023\/06\/Agrostis_capillaris-e1755673971674.jpg\" alt=\"\" class=\"wp-image-1134\" srcset=\"https:\/\/www.jaermuseet.no\/grodaland\/wp-content\/uploads\/sites\/8\/2023\/06\/Agrostis_capillaris-e1755673971674.jpg 720w, https:\/\/www.jaermuseet.no\/grodaland\/wp-content\/uploads\/sites\/8\/2023\/06\/Agrostis_capillaris-e1755673971674-300x300.jpg 300w, https:\/\/www.jaermuseet.no\/grodaland\/wp-content\/uploads\/sites\/8\/2023\/06\/Agrostis_capillaris-e1755673971674-150x150.jpg 150w, https:\/\/www.jaermuseet.no\/grodaland\/wp-content\/uploads\/sites\/8\/2023\/06\/Agrostis_capillaris-e1755673971674-200x200.jpg 200w\" sizes=\"auto, (max-width: 720px) 100vw, 720px\" \/><figcaption class=\"wp-element-caption\"><strong>Common Bent<\/strong><br><em>Agrostis capillaris\u00a0L.<\/em><br><em>Photo: AnRo0002 \/ <a href=\"https:\/\/commons.wikimedia.org\/wiki\/File:20150630Agrostis_capillaris2.jpg\">Wikimedia Commons<\/a><\/em><\/figcaption><\/figure>\n\n\n\n<p><\/p>\n<\/div>\n\n\n\n<div class=\"wp-block-column is-layout-flow wp-block-column-is-layout-flow\">\n<figure class=\"wp-block-image size-full\"><img loading=\"lazy\" decoding=\"async\" width=\"781\" height=\"780\" src=\"https:\/\/www.jaermuseet.no\/grodaland\/wp-content\/uploads\/sites\/8\/2023\/06\/Festuca_rubra_-_Rot-Schwingel_Ableg-e1755674926890.jpg\" alt=\"\" class=\"wp-image-1136\" srcset=\"https:\/\/www.jaermuseet.no\/grodaland\/wp-content\/uploads\/sites\/8\/2023\/06\/Festuca_rubra_-_Rot-Schwingel_Ableg-e1755674926890.jpg 781w, https:\/\/www.jaermuseet.no\/grodaland\/wp-content\/uploads\/sites\/8\/2023\/06\/Festuca_rubra_-_Rot-Schwingel_Ableg-e1755674926890-300x300.jpg 300w, https:\/\/www.jaermuseet.no\/grodaland\/wp-content\/uploads\/sites\/8\/2023\/06\/Festuca_rubra_-_Rot-Schwingel_Ableg-e1755674926890-150x150.jpg 150w, https:\/\/www.jaermuseet.no\/grodaland\/wp-content\/uploads\/sites\/8\/2023\/06\/Festuca_rubra_-_Rot-Schwingel_Ableg-e1755674926890-200x200.jpg 200w\" sizes=\"auto, (max-width: 781px) 100vw, 781px\" \/><figcaption class=\"wp-element-caption\"><strong>Red Fescue<\/strong><br><em>Festuca rubra<\/em><br><em>Photo: Konrad Lackerbeck \/ <a href=\"https:\/\/commons.wikimedia.org\/wiki\/File:Festuca_rubra_-_Rot-Schwingel_Ableg.jpg\">Wikimedia Commons<\/a><\/em><\/figcaption><\/figure>\n<\/div>\n\n\n\n<div class=\"wp-block-column is-layout-flow wp-block-column-is-layout-flow\"><\/div>\n<\/div>\n\n\n\n<div class=\"wp-block-buttons is-layout-flex wp-block-buttons-is-layout-flex\">\n<div class=\"wp-block-button is-style-fill\"><a class=\"wp-block-button__link has-yellow-background-color has-text-color has-background has-link-color wp-element-button\" href=\"https:\/\/www.jaermuseet.no\/grodaland\/en\/meadow\/\" style=\"color:#000000\">Back to main page for &#8220;From mowed lawn to flowering meadow&#8221;<\/a><\/div>\n<\/div>\n\n\n\n<p><\/p>\n","protected":false},"excerpt":{"rendered":"<p>Flowering meadows are beautiful and bloom throughout summer. They are&#8230;<\/p>\n","protected":false},"author":7,"featured_media":0,"comment_status":"closed","ping_status":"closed","sticky":false,"template":"","format":"standard","meta":{"_acf_changed":false,"_jetpack_memberships_contains_paid_content":false,"footnotes":""},"categories":[30],"tags":[],"class_list":["post-988","post","type-post","status-publish","format-standard","hentry","category-butterfly","featured-image-size-large"],"acf":[],"yoast_head":"<!-- This site is optimized with the Yoast SEO plugin v27.4 - https:\/\/yoast.com\/product\/yoast-seo-wordpress\/ -->\n<title>Seed mixture - Gr\u00f8daland<\/title>\n<meta name=\"robots\" content=\"index, follow, max-snippet:-1, max-image-preview:large, max-video-preview:-1\" \/>\n<link rel=\"canonical\" href=\"https:\/\/www.jaermuseet.no\/grodaland\/en\/seeds\/\" \/>\n<meta property=\"og:locale\" content=\"nn_NO\" \/>\n<meta property=\"og:type\" content=\"article\" \/>\n<meta property=\"og:title\" content=\"Seed mixture - Gr\u00f8daland\" \/>\n<meta property=\"og:description\" content=\"Flowering meadows are beautiful and bloom throughout summer. They are...\" \/>\n<meta property=\"og:url\" content=\"https:\/\/www.jaermuseet.no\/grodaland\/en\/seeds\/\" \/>\n<meta property=\"og:site_name\" content=\"Gr\u00f8daland\" \/>\n<meta property=\"article:published_time\" content=\"2023-06-02T13:44:22+00:00\" \/>\n<meta property=\"article:modified_time\" content=\"2025-08-20T08:34:48+00:00\" \/>\n<meta property=\"og:image\" content=\"https:\/\/www.jaermuseet.no\/grodaland\/wp-content\/uploads\/sites\/8\/2023\/06\/Blodtopp_Sanguisorba_officinalis_Robert_Flogaus-Faust_wikimedia.jpg\" \/>\n\t<meta property=\"og:image:width\" content=\"2048\" \/>\n\t<meta property=\"og:image:height\" content=\"2048\" \/>\n\t<meta property=\"og:image:type\" content=\"image\/jpeg\" \/>\n<meta name=\"author\" content=\"Gr\u00f8dalandstunet\" \/>\n<meta name=\"twitter:card\" content=\"summary_large_image\" \/>\n<meta name=\"twitter:label1\" content=\"Written by\" \/>\n\t<meta name=\"twitter:data1\" content=\"Gr\u00f8dalandstunet\" \/>\n\t<meta name=\"twitter:label2\" content=\"Est. reading time\" \/>\n\t<meta name=\"twitter:data2\" content=\"7 minutt\" \/>\n<script type=\"application\/ld+json\" class=\"yoast-schema-graph\">{\"@context\":\"https:\\\/\\\/schema.org\",\"@graph\":[{\"@type\":\"Article\",\"@id\":\"https:\\\/\\\/www.jaermuseet.no\\\/grodaland\\\/en\\\/seeds\\\/#article\",\"isPartOf\":{\"@id\":\"https:\\\/\\\/www.jaermuseet.no\\\/grodaland\\\/en\\\/seeds\\\/\"},\"author\":{\"name\":\"Gr\u00f8dalandstunet\",\"@id\":\"https:\\\/\\\/www.jaermuseet.no\\\/grodaland\\\/#\\\/schema\\\/person\\\/0e4d7fc167ad690ffe4827960e881388\"},\"headline\":\"Seed mixture\",\"datePublished\":\"2023-06-02T13:44:22+00:00\",\"dateModified\":\"2025-08-20T08:34:48+00:00\",\"mainEntityOfPage\":{\"@id\":\"https:\\\/\\\/www.jaermuseet.no\\\/grodaland\\\/en\\\/seeds\\\/\"},\"wordCount\":429,\"image\":{\"@id\":\"https:\\\/\\\/www.jaermuseet.no\\\/grodaland\\\/en\\\/seeds\\\/#primaryimage\"},\"thumbnailUrl\":\"https:\\\/\\\/www.jaermuseet.no\\\/grodaland\\\/wp-content\\\/uploads\\\/sites\\\/8\\\/2023\\\/06\\\/Blodtopp_Sanguisorba_officinalis_Robert_Flogaus-Faust_wikimedia.jpg\",\"articleSection\":[\"Butterfly\"],\"inLanguage\":\"nn-NO\"},{\"@type\":\"WebPage\",\"@id\":\"https:\\\/\\\/www.jaermuseet.no\\\/grodaland\\\/en\\\/seeds\\\/\",\"url\":\"https:\\\/\\\/www.jaermuseet.no\\\/grodaland\\\/en\\\/seeds\\\/\",\"name\":\"Seed mixture - Gr\u00f8daland\",\"isPartOf\":{\"@id\":\"https:\\\/\\\/www.jaermuseet.no\\\/grodaland\\\/#website\"},\"primaryImageOfPage\":{\"@id\":\"https:\\\/\\\/www.jaermuseet.no\\\/grodaland\\\/en\\\/seeds\\\/#primaryimage\"},\"image\":{\"@id\":\"https:\\\/\\\/www.jaermuseet.no\\\/grodaland\\\/en\\\/seeds\\\/#primaryimage\"},\"thumbnailUrl\":\"https:\\\/\\\/www.jaermuseet.no\\\/grodaland\\\/wp-content\\\/uploads\\\/sites\\\/8\\\/2023\\\/06\\\/Blodtopp_Sanguisorba_officinalis_Robert_Flogaus-Faust_wikimedia.jpg\",\"datePublished\":\"2023-06-02T13:44:22+00:00\",\"dateModified\":\"2025-08-20T08:34:48+00:00\",\"author\":{\"@id\":\"https:\\\/\\\/www.jaermuseet.no\\\/grodaland\\\/#\\\/schema\\\/person\\\/0e4d7fc167ad690ffe4827960e881388\"},\"breadcrumb\":{\"@id\":\"https:\\\/\\\/www.jaermuseet.no\\\/grodaland\\\/en\\\/seeds\\\/#breadcrumb\"},\"inLanguage\":\"nn-NO\",\"potentialAction\":[{\"@type\":\"ReadAction\",\"target\":[\"https:\\\/\\\/www.jaermuseet.no\\\/grodaland\\\/en\\\/seeds\\\/\"]}]},{\"@type\":\"ImageObject\",\"inLanguage\":\"nn-NO\",\"@id\":\"https:\\\/\\\/www.jaermuseet.no\\\/grodaland\\\/en\\\/seeds\\\/#primaryimage\",\"url\":\"https:\\\/\\\/www.jaermuseet.no\\\/grodaland\\\/wp-content\\\/uploads\\\/sites\\\/8\\\/2023\\\/06\\\/Blodtopp_Sanguisorba_officinalis_Robert_Flogaus-Faust_wikimedia.jpg\",\"contentUrl\":\"https:\\\/\\\/www.jaermuseet.no\\\/grodaland\\\/wp-content\\\/uploads\\\/sites\\\/8\\\/2023\\\/06\\\/Blodtopp_Sanguisorba_officinalis_Robert_Flogaus-Faust_wikimedia.jpg\",\"width\":2048,\"height\":2048},{\"@type\":\"BreadcrumbList\",\"@id\":\"https:\\\/\\\/www.jaermuseet.no\\\/grodaland\\\/en\\\/seeds\\\/#breadcrumb\",\"itemListElement\":[{\"@type\":\"ListItem\",\"position\":1,\"name\":\"Hjem\",\"item\":\"https:\\\/\\\/www.jaermuseet.no\\\/grodaland\\\/\"},{\"@type\":\"ListItem\",\"position\":2,\"name\":\"Seed mixture\"}]},{\"@type\":\"WebSite\",\"@id\":\"https:\\\/\\\/www.jaermuseet.no\\\/grodaland\\\/#website\",\"url\":\"https:\\\/\\\/www.jaermuseet.no\\\/grodaland\\\/\",\"name\":\"Gr\u00f8daland\",\"description\":\"One of the prettiest and best preserved museum farms\",\"potentialAction\":[{\"@type\":\"SearchAction\",\"target\":{\"@type\":\"EntryPoint\",\"urlTemplate\":\"https:\\\/\\\/www.jaermuseet.no\\\/grodaland\\\/?s={search_term_string}\"},\"query-input\":{\"@type\":\"PropertyValueSpecification\",\"valueRequired\":true,\"valueName\":\"search_term_string\"}}],\"inLanguage\":\"nn-NO\"},{\"@type\":\"Person\",\"@id\":\"https:\\\/\\\/www.jaermuseet.no\\\/grodaland\\\/#\\\/schema\\\/person\\\/0e4d7fc167ad690ffe4827960e881388\",\"name\":\"Gr\u00f8dalandstunet\",\"image\":{\"@type\":\"ImageObject\",\"inLanguage\":\"nn-NO\",\"@id\":\"https:\\\/\\\/secure.gravatar.com\\\/avatar\\\/e4a2391a1ac941882f524309c9813ddd4b91bf62974cdf21889e8c9478b0914f?s=96&d=mm&r=g\",\"url\":\"https:\\\/\\\/secure.gravatar.com\\\/avatar\\\/e4a2391a1ac941882f524309c9813ddd4b91bf62974cdf21889e8c9478b0914f?s=96&d=mm&r=g\",\"contentUrl\":\"https:\\\/\\\/secure.gravatar.com\\\/avatar\\\/e4a2391a1ac941882f524309c9813ddd4b91bf62974cdf21889e8c9478b0914f?s=96&d=mm&r=g\",\"caption\":\"Gr\u00f8dalandstunet\"},\"url\":\"https:\\\/\\\/www.jaermuseet.no\\\/grodaland\\\/author\\\/grodaland\\\/\"}]}<\/script>\n<!-- \/ Yoast SEO plugin. -->","yoast_head_json":{"title":"Seed mixture - Gr\u00f8daland","robots":{"index":"index","follow":"follow","max-snippet":"max-snippet:-1","max-image-preview":"max-image-preview:large","max-video-preview":"max-video-preview:-1"},"canonical":"https:\/\/www.jaermuseet.no\/grodaland\/en\/seeds\/","og_locale":"nn_NO","og_type":"article","og_title":"Seed mixture - Gr\u00f8daland","og_description":"Flowering meadows are beautiful and bloom throughout summer. They are...","og_url":"https:\/\/www.jaermuseet.no\/grodaland\/en\/seeds\/","og_site_name":"Gr\u00f8daland","article_published_time":"2023-06-02T13:44:22+00:00","article_modified_time":"2025-08-20T08:34:48+00:00","og_image":[{"width":2048,"height":2048,"url":"https:\/\/www.jaermuseet.no\/grodaland\/wp-content\/uploads\/sites\/8\/2023\/06\/Blodtopp_Sanguisorba_officinalis_Robert_Flogaus-Faust_wikimedia.jpg","type":"image\/jpeg"}],"author":"Gr\u00f8dalandstunet","twitter_card":"summary_large_image","twitter_misc":{"Written by":"Gr\u00f8dalandstunet","Est. reading time":"7 minutt"},"schema":{"@context":"https:\/\/schema.org","@graph":[{"@type":"Article","@id":"https:\/\/www.jaermuseet.no\/grodaland\/en\/seeds\/#article","isPartOf":{"@id":"https:\/\/www.jaermuseet.no\/grodaland\/en\/seeds\/"},"author":{"name":"Gr\u00f8dalandstunet","@id":"https:\/\/www.jaermuseet.no\/grodaland\/#\/schema\/person\/0e4d7fc167ad690ffe4827960e881388"},"headline":"Seed mixture","datePublished":"2023-06-02T13:44:22+00:00","dateModified":"2025-08-20T08:34:48+00:00","mainEntityOfPage":{"@id":"https:\/\/www.jaermuseet.no\/grodaland\/en\/seeds\/"},"wordCount":429,"image":{"@id":"https:\/\/www.jaermuseet.no\/grodaland\/en\/seeds\/#primaryimage"},"thumbnailUrl":"https:\/\/www.jaermuseet.no\/grodaland\/wp-content\/uploads\/sites\/8\/2023\/06\/Blodtopp_Sanguisorba_officinalis_Robert_Flogaus-Faust_wikimedia.jpg","articleSection":["Butterfly"],"inLanguage":"nn-NO"},{"@type":"WebPage","@id":"https:\/\/www.jaermuseet.no\/grodaland\/en\/seeds\/","url":"https:\/\/www.jaermuseet.no\/grodaland\/en\/seeds\/","name":"Seed mixture - Gr\u00f8daland","isPartOf":{"@id":"https:\/\/www.jaermuseet.no\/grodaland\/#website"},"primaryImageOfPage":{"@id":"https:\/\/www.jaermuseet.no\/grodaland\/en\/seeds\/#primaryimage"},"image":{"@id":"https:\/\/www.jaermuseet.no\/grodaland\/en\/seeds\/#primaryimage"},"thumbnailUrl":"https:\/\/www.jaermuseet.no\/grodaland\/wp-content\/uploads\/sites\/8\/2023\/06\/Blodtopp_Sanguisorba_officinalis_Robert_Flogaus-Faust_wikimedia.jpg","datePublished":"2023-06-02T13:44:22+00:00","dateModified":"2025-08-20T08:34:48+00:00","author":{"@id":"https:\/\/www.jaermuseet.no\/grodaland\/#\/schema\/person\/0e4d7fc167ad690ffe4827960e881388"},"breadcrumb":{"@id":"https:\/\/www.jaermuseet.no\/grodaland\/en\/seeds\/#breadcrumb"},"inLanguage":"nn-NO","potentialAction":[{"@type":"ReadAction","target":["https:\/\/www.jaermuseet.no\/grodaland\/en\/seeds\/"]}]},{"@type":"ImageObject","inLanguage":"nn-NO","@id":"https:\/\/www.jaermuseet.no\/grodaland\/en\/seeds\/#primaryimage","url":"https:\/\/www.jaermuseet.no\/grodaland\/wp-content\/uploads\/sites\/8\/2023\/06\/Blodtopp_Sanguisorba_officinalis_Robert_Flogaus-Faust_wikimedia.jpg","contentUrl":"https:\/\/www.jaermuseet.no\/grodaland\/wp-content\/uploads\/sites\/8\/2023\/06\/Blodtopp_Sanguisorba_officinalis_Robert_Flogaus-Faust_wikimedia.jpg","width":2048,"height":2048},{"@type":"BreadcrumbList","@id":"https:\/\/www.jaermuseet.no\/grodaland\/en\/seeds\/#breadcrumb","itemListElement":[{"@type":"ListItem","position":1,"name":"Hjem","item":"https:\/\/www.jaermuseet.no\/grodaland\/"},{"@type":"ListItem","position":2,"name":"Seed mixture"}]},{"@type":"WebSite","@id":"https:\/\/www.jaermuseet.no\/grodaland\/#website","url":"https:\/\/www.jaermuseet.no\/grodaland\/","name":"Gr\u00f8daland","description":"One of the prettiest and best preserved museum farms","potentialAction":[{"@type":"SearchAction","target":{"@type":"EntryPoint","urlTemplate":"https:\/\/www.jaermuseet.no\/grodaland\/?s={search_term_string}"},"query-input":{"@type":"PropertyValueSpecification","valueRequired":true,"valueName":"search_term_string"}}],"inLanguage":"nn-NO"},{"@type":"Person","@id":"https:\/\/www.jaermuseet.no\/grodaland\/#\/schema\/person\/0e4d7fc167ad690ffe4827960e881388","name":"Gr\u00f8dalandstunet","image":{"@type":"ImageObject","inLanguage":"nn-NO","@id":"https:\/\/secure.gravatar.com\/avatar\/e4a2391a1ac941882f524309c9813ddd4b91bf62974cdf21889e8c9478b0914f?s=96&d=mm&r=g","url":"https:\/\/secure.gravatar.com\/avatar\/e4a2391a1ac941882f524309c9813ddd4b91bf62974cdf21889e8c9478b0914f?s=96&d=mm&r=g","contentUrl":"https:\/\/secure.gravatar.com\/avatar\/e4a2391a1ac941882f524309c9813ddd4b91bf62974cdf21889e8c9478b0914f?s=96&d=mm&r=g","caption":"Gr\u00f8dalandstunet"},"url":"https:\/\/www.jaermuseet.no\/grodaland\/author\/grodaland\/"}]}},"cc_featured_image_caption":{"caption_text":"","source_text":"","source_url":""},"jetpack_featured_media_url":"","jetpack_sharing_enabled":true,"_links":{"self":[{"href":"https:\/\/www.jaermuseet.no\/grodaland\/wp-json\/wp\/v2\/posts\/988","targetHints":{"allow":["GET"]}}],"collection":[{"href":"https:\/\/www.jaermuseet.no\/grodaland\/wp-json\/wp\/v2\/posts"}],"about":[{"href":"https:\/\/www.jaermuseet.no\/grodaland\/wp-json\/wp\/v2\/types\/post"}],"author":[{"embeddable":true,"href":"https:\/\/www.jaermuseet.no\/grodaland\/wp-json\/wp\/v2\/users\/7"}],"replies":[{"embeddable":true,"href":"https:\/\/www.jaermuseet.no\/grodaland\/wp-json\/wp\/v2\/comments?post=988"}],"version-history":[{"count":19,"href":"https:\/\/www.jaermuseet.no\/grodaland\/wp-json\/wp\/v2\/posts\/988\/revisions"}],"predecessor-version":[{"id":1143,"href":"https:\/\/www.jaermuseet.no\/grodaland\/wp-json\/wp\/v2\/posts\/988\/revisions\/1143"}],"wp:attachment":[{"href":"https:\/\/www.jaermuseet.no\/grodaland\/wp-json\/wp\/v2\/media?parent=988"}],"wp:term":[{"taxonomy":"category","embeddable":true,"href":"https:\/\/www.jaermuseet.no\/grodaland\/wp-json\/wp\/v2\/categories?post=988"},{"taxonomy":"post_tag","embeddable":true,"href":"https:\/\/www.jaermuseet.no\/grodaland\/wp-json\/wp\/v2\/tags?post=988"}],"curies":[{"name":"wp","href":"https:\/\/api.w.org\/{rel}","templated":true}]}}