{"id":32,"date":"2014-09-22T12:30:40","date_gmt":"2014-09-22T11:30:40","guid":{"rendered":"https:\/\/www.jaermuseet.no\/grodaland\/haustkos-pa-grodaland-28-september\/"},"modified":"2016-02-03T14:27:10","modified_gmt":"2016-02-03T12:27:10","slug":"haustkos-pa-grodaland-28-september","status":"publish","type":"post","link":"https:\/\/www.jaermuseet.no\/grodaland\/haustkos-pa-grodaland-28-september\/","title":{"rendered":"Haustkos p\u00e5 Gr\u00f8daland 28. september"},"content":{"rendered":"<p><img loading=\"lazy\" decoding=\"async\" style=\"margin-right: 10px;margin-bottom: 10px\" src=\"https:\/\/www.jaermuseet.no\/wp-content\/uploads\/sites\/8\/2014\/09\/20130929ins_004red2.jpg\" alt=\"20130929ins 004red2\" width=\"640\" height=\"429\" \/> <span style=\"font-size: 12pt\">kl 12 &#8211; 15: <\/span><\/p>\n<p><span style=\"font-size: 14pt;text-decoration: underline\"><span style=\"line-height: 115%;font-family: 'Arial','sans-serif'\">Kj\u00f8kkenkos: <\/span><\/span><\/p>\n<p><span style=\"line-height: 115%;font-family: 'Arial','sans-serif';font-size: 14pt\">Me bakar eplekaker og kinnar sm\u00f8r \u2013 smakspr\u00f8ver til deg!<\/span><\/p>\n<p><span style=\"font-size: 14pt;text-decoration: underline\"><span style=\"line-height: 115%;font-family: 'Arial','sans-serif'\">Stovekos:<\/span><\/span><\/p>\n<p><span style=\"line-height: 115%;font-family: 'Arial','sans-serif';font-size: 14pt\">Me spelar gamle spel \u2013 kom og ver med! <\/span><\/p>\n<p><span style=\"line-height: 115%;font-family: 'Arial','sans-serif';font-size: 14pt\">Kr\u00e5ka, kogre, putti, dald\u00f8s, tr\u00e5dleik, kurong, kinasjakk, domino, sjakk m.m.<\/span><\/p>\n<table style=\"border: currentColor;border-collapse: collapse\" border=\"1\" cellspacing=\"0\" cellpadding=\"0\">\n<tbody>\n<tr>\n<td style=\"border-width: medium 1pt medium medium;border-style: none solid none none;border-color: currentColor white currentColor currentColor;padding: 0cm 5.4pt;width: 352.45pt\" valign=\"top\" width=\"470\"><\/td>\n<\/tr>\n<\/tbody>\n<\/table>\n<p><span style=\"font-size: 14pt;text-decoration: underline\"><span style=\"line-height: 115%;font-family: 'Arial','sans-serif'\">Uteleik:<\/span><\/span><\/p>\n<p><span style=\"line-height: 115%;font-family: 'Arial','sans-serif';font-size: 14pt\">Singleband, krokket, stylter, ringspel, snekkerbu, hoppetau.<\/span><\/p>\n<p><span style=\"line-height: 115%;font-family: 'Arial','sans-serif';font-size: 14pt\">Sal av kaffi.<\/span><\/p>\n<p><span style=\"font-size: 14pt\">Alle velkommne!<\/span><\/p>\n<p>museet er ope kl 12 &#8211; 16<\/p>\n<p>Inngangspengar kr 30 for vaksne, barn og medlemmar i Historielaget gratis.<\/p>\n<p><img loading=\"lazy\" decoding=\"async\" style=\"margin-right: 10px;margin-bottom: 10px\" src=\"https:\/\/www.jaermuseet.no\/wp-content\/uploads\/sites\/8\/2014\/09\/20130929ins_086red.jpg\" alt=\"20130929ins 086red\" width=\"640\" height=\"360\" \/><\/p>\n","protected":false},"excerpt":{"rendered":"<p>kl 12 &#8211; 15: Kj\u00f8kkenkos: Me bakar eplekaker og kinnar&#8230;<\/p>\n","protected":false},"author":7,"featured_media":60,"comment_status":"closed","ping_status":"closed","sticky":false,"template":"","format":"standard","meta":{"_acf_changed":false,"_jetpack_memberships_contains_paid_content":false,"footnotes":""},"categories":[2],"tags":[],"class_list":["post-32","post","type-post","status-publish","format-standard","has-post-thumbnail","hentry","category-nytt-fra-grodaland","featured-image-size-large"],"acf":[],"yoast_head":"<!-- This site is optimized with the Yoast SEO plugin v27.4 - https:\/\/yoast.com\/product\/yoast-seo-wordpress\/ -->\n<title>Haustkos p\u00e5 Gr\u00f8daland 28. september - Gr\u00f8daland<\/title>\n<meta name=\"robots\" content=\"index, follow, max-snippet:-1, max-image-preview:large, max-video-preview:-1\" \/>\n<link rel=\"canonical\" href=\"https:\/\/www.jaermuseet.no\/grodaland\/haustkos-pa-grodaland-28-september\/\" \/>\n<meta property=\"og:locale\" content=\"nn_NO\" \/>\n<meta property=\"og:type\" content=\"article\" \/>\n<meta property=\"og:title\" content=\"Haustkos p\u00e5 Gr\u00f8daland 28. september - Gr\u00f8daland\" \/>\n<meta property=\"og:description\" content=\"kl 12 &#8211; 15: Kj\u00f8kkenkos: Me bakar eplekaker og kinnar...\" \/>\n<meta property=\"og:url\" content=\"https:\/\/www.jaermuseet.no\/grodaland\/haustkos-pa-grodaland-28-september\/\" \/>\n<meta property=\"og:site_name\" content=\"Gr\u00f8daland\" \/>\n<meta property=\"article:published_time\" content=\"2014-09-22T11:30:40+00:00\" \/>\n<meta property=\"article:modified_time\" content=\"2016-02-03T12:27:10+00:00\" \/>\n<meta property=\"og:image\" content=\"https:\/\/www.jaermuseet.no\/grodaland\/wp-content\/uploads\/sites\/8\/2014\/09\/20130929ins_004red21.jpg\" \/>\n\t<meta property=\"og:image:width\" content=\"640\" \/>\n\t<meta property=\"og:image:height\" content=\"429\" \/>\n\t<meta property=\"og:image:type\" content=\"image\/jpeg\" \/>\n<meta name=\"author\" content=\"Gr\u00f8dalandstunet\" \/>\n<meta name=\"twitter:card\" content=\"summary_large_image\" \/>\n<meta name=\"twitter:label1\" content=\"Written by\" \/>\n\t<meta name=\"twitter:data1\" content=\"Gr\u00f8dalandstunet\" \/>\n<script type=\"application\/ld+json\" class=\"yoast-schema-graph\">{\"@context\":\"https:\\\/\\\/schema.org\",\"@graph\":[{\"@type\":\"Article\",\"@id\":\"https:\\\/\\\/www.jaermuseet.no\\\/grodaland\\\/haustkos-pa-grodaland-28-september\\\/#article\",\"isPartOf\":{\"@id\":\"https:\\\/\\\/www.jaermuseet.no\\\/grodaland\\\/haustkos-pa-grodaland-28-september\\\/\"},\"author\":{\"name\":\"Gr\u00f8dalandstunet\",\"@id\":\"https:\\\/\\\/www.jaermuseet.no\\\/grodaland\\\/#\\\/schema\\\/person\\\/0e4d7fc167ad690ffe4827960e881388\"},\"headline\":\"Haustkos p\u00e5 Gr\u00f8daland 28. september\",\"datePublished\":\"2014-09-22T11:30:40+00:00\",\"dateModified\":\"2016-02-03T12:27:10+00:00\",\"mainEntityOfPage\":{\"@id\":\"https:\\\/\\\/www.jaermuseet.no\\\/grodaland\\\/haustkos-pa-grodaland-28-september\\\/\"},\"wordCount\":70,\"image\":{\"@id\":\"https:\\\/\\\/www.jaermuseet.no\\\/grodaland\\\/haustkos-pa-grodaland-28-september\\\/#primaryimage\"},\"thumbnailUrl\":\"https:\\\/\\\/www.jaermuseet.no\\\/grodaland\\\/wp-content\\\/uploads\\\/sites\\\/8\\\/2014\\\/09\\\/20130929ins_004red21.jpg\",\"articleSection\":[\"Nytt fr\u00e5 Gr\u00f8daland\"],\"inLanguage\":\"nn-NO\"},{\"@type\":\"WebPage\",\"@id\":\"https:\\\/\\\/www.jaermuseet.no\\\/grodaland\\\/haustkos-pa-grodaland-28-september\\\/\",\"url\":\"https:\\\/\\\/www.jaermuseet.no\\\/grodaland\\\/haustkos-pa-grodaland-28-september\\\/\",\"name\":\"Haustkos p\u00e5 Gr\u00f8daland 28. september - Gr\u00f8daland\",\"isPartOf\":{\"@id\":\"https:\\\/\\\/www.jaermuseet.no\\\/grodaland\\\/#website\"},\"primaryImageOfPage\":{\"@id\":\"https:\\\/\\\/www.jaermuseet.no\\\/grodaland\\\/haustkos-pa-grodaland-28-september\\\/#primaryimage\"},\"image\":{\"@id\":\"https:\\\/\\\/www.jaermuseet.no\\\/grodaland\\\/haustkos-pa-grodaland-28-september\\\/#primaryimage\"},\"thumbnailUrl\":\"https:\\\/\\\/www.jaermuseet.no\\\/grodaland\\\/wp-content\\\/uploads\\\/sites\\\/8\\\/2014\\\/09\\\/20130929ins_004red21.jpg\",\"datePublished\":\"2014-09-22T11:30:40+00:00\",\"dateModified\":\"2016-02-03T12:27:10+00:00\",\"author\":{\"@id\":\"https:\\\/\\\/www.jaermuseet.no\\\/grodaland\\\/#\\\/schema\\\/person\\\/0e4d7fc167ad690ffe4827960e881388\"},\"breadcrumb\":{\"@id\":\"https:\\\/\\\/www.jaermuseet.no\\\/grodaland\\\/haustkos-pa-grodaland-28-september\\\/#breadcrumb\"},\"inLanguage\":\"nn-NO\",\"potentialAction\":[{\"@type\":\"ReadAction\",\"target\":[\"https:\\\/\\\/www.jaermuseet.no\\\/grodaland\\\/haustkos-pa-grodaland-28-september\\\/\"]}]},{\"@type\":\"ImageObject\",\"inLanguage\":\"nn-NO\",\"@id\":\"https:\\\/\\\/www.jaermuseet.no\\\/grodaland\\\/haustkos-pa-grodaland-28-september\\\/#primaryimage\",\"url\":\"https:\\\/\\\/www.jaermuseet.no\\\/grodaland\\\/wp-content\\\/uploads\\\/sites\\\/8\\\/2014\\\/09\\\/20130929ins_004red21.jpg\",\"contentUrl\":\"https:\\\/\\\/www.jaermuseet.no\\\/grodaland\\\/wp-content\\\/uploads\\\/sites\\\/8\\\/2014\\\/09\\\/20130929ins_004red21.jpg\",\"width\":640,\"height\":429},{\"@type\":\"BreadcrumbList\",\"@id\":\"https:\\\/\\\/www.jaermuseet.no\\\/grodaland\\\/haustkos-pa-grodaland-28-september\\\/#breadcrumb\",\"itemListElement\":[{\"@type\":\"ListItem\",\"position\":1,\"name\":\"Hjem\",\"item\":\"https:\\\/\\\/www.jaermuseet.no\\\/grodaland\\\/\"},{\"@type\":\"ListItem\",\"position\":2,\"name\":\"Haustkos p\u00e5 Gr\u00f8daland 28. september\"}]},{\"@type\":\"WebSite\",\"@id\":\"https:\\\/\\\/www.jaermuseet.no\\\/grodaland\\\/#website\",\"url\":\"https:\\\/\\\/www.jaermuseet.no\\\/grodaland\\\/\",\"name\":\"Gr\u00f8daland\",\"description\":\"One of the prettiest and best preserved museum farms\",\"potentialAction\":[{\"@type\":\"SearchAction\",\"target\":{\"@type\":\"EntryPoint\",\"urlTemplate\":\"https:\\\/\\\/www.jaermuseet.no\\\/grodaland\\\/?s={search_term_string}\"},\"query-input\":{\"@type\":\"PropertyValueSpecification\",\"valueRequired\":true,\"valueName\":\"search_term_string\"}}],\"inLanguage\":\"nn-NO\"},{\"@type\":\"Person\",\"@id\":\"https:\\\/\\\/www.jaermuseet.no\\\/grodaland\\\/#\\\/schema\\\/person\\\/0e4d7fc167ad690ffe4827960e881388\",\"name\":\"Gr\u00f8dalandstunet\",\"image\":{\"@type\":\"ImageObject\",\"inLanguage\":\"nn-NO\",\"@id\":\"https:\\\/\\\/secure.gravatar.com\\\/avatar\\\/e4a2391a1ac941882f524309c9813ddd4b91bf62974cdf21889e8c9478b0914f?s=96&d=mm&r=g\",\"url\":\"https:\\\/\\\/secure.gravatar.com\\\/avatar\\\/e4a2391a1ac941882f524309c9813ddd4b91bf62974cdf21889e8c9478b0914f?s=96&d=mm&r=g\",\"contentUrl\":\"https:\\\/\\\/secure.gravatar.com\\\/avatar\\\/e4a2391a1ac941882f524309c9813ddd4b91bf62974cdf21889e8c9478b0914f?s=96&d=mm&r=g\",\"caption\":\"Gr\u00f8dalandstunet\"},\"url\":\"https:\\\/\\\/www.jaermuseet.no\\\/grodaland\\\/author\\\/grodaland\\\/\"}]}<\/script>\n<!-- \/ Yoast SEO plugin. -->","yoast_head_json":{"title":"Haustkos p\u00e5 Gr\u00f8daland 28. september - Gr\u00f8daland","robots":{"index":"index","follow":"follow","max-snippet":"max-snippet:-1","max-image-preview":"max-image-preview:large","max-video-preview":"max-video-preview:-1"},"canonical":"https:\/\/www.jaermuseet.no\/grodaland\/haustkos-pa-grodaland-28-september\/","og_locale":"nn_NO","og_type":"article","og_title":"Haustkos p\u00e5 Gr\u00f8daland 28. september - Gr\u00f8daland","og_description":"kl 12 &#8211; 15: Kj\u00f8kkenkos: Me bakar eplekaker og kinnar...","og_url":"https:\/\/www.jaermuseet.no\/grodaland\/haustkos-pa-grodaland-28-september\/","og_site_name":"Gr\u00f8daland","article_published_time":"2014-09-22T11:30:40+00:00","article_modified_time":"2016-02-03T12:27:10+00:00","og_image":[{"width":640,"height":429,"url":"https:\/\/www.jaermuseet.no\/grodaland\/wp-content\/uploads\/sites\/8\/2014\/09\/20130929ins_004red21.jpg","type":"image\/jpeg"}],"author":"Gr\u00f8dalandstunet","twitter_card":"summary_large_image","twitter_misc":{"Written by":"Gr\u00f8dalandstunet"},"schema":{"@context":"https:\/\/schema.org","@graph":[{"@type":"Article","@id":"https:\/\/www.jaermuseet.no\/grodaland\/haustkos-pa-grodaland-28-september\/#article","isPartOf":{"@id":"https:\/\/www.jaermuseet.no\/grodaland\/haustkos-pa-grodaland-28-september\/"},"author":{"name":"Gr\u00f8dalandstunet","@id":"https:\/\/www.jaermuseet.no\/grodaland\/#\/schema\/person\/0e4d7fc167ad690ffe4827960e881388"},"headline":"Haustkos p\u00e5 Gr\u00f8daland 28. september","datePublished":"2014-09-22T11:30:40+00:00","dateModified":"2016-02-03T12:27:10+00:00","mainEntityOfPage":{"@id":"https:\/\/www.jaermuseet.no\/grodaland\/haustkos-pa-grodaland-28-september\/"},"wordCount":70,"image":{"@id":"https:\/\/www.jaermuseet.no\/grodaland\/haustkos-pa-grodaland-28-september\/#primaryimage"},"thumbnailUrl":"https:\/\/www.jaermuseet.no\/grodaland\/wp-content\/uploads\/sites\/8\/2014\/09\/20130929ins_004red21.jpg","articleSection":["Nytt fr\u00e5 Gr\u00f8daland"],"inLanguage":"nn-NO"},{"@type":"WebPage","@id":"https:\/\/www.jaermuseet.no\/grodaland\/haustkos-pa-grodaland-28-september\/","url":"https:\/\/www.jaermuseet.no\/grodaland\/haustkos-pa-grodaland-28-september\/","name":"Haustkos p\u00e5 Gr\u00f8daland 28. september - Gr\u00f8daland","isPartOf":{"@id":"https:\/\/www.jaermuseet.no\/grodaland\/#website"},"primaryImageOfPage":{"@id":"https:\/\/www.jaermuseet.no\/grodaland\/haustkos-pa-grodaland-28-september\/#primaryimage"},"image":{"@id":"https:\/\/www.jaermuseet.no\/grodaland\/haustkos-pa-grodaland-28-september\/#primaryimage"},"thumbnailUrl":"https:\/\/www.jaermuseet.no\/grodaland\/wp-content\/uploads\/sites\/8\/2014\/09\/20130929ins_004red21.jpg","datePublished":"2014-09-22T11:30:40+00:00","dateModified":"2016-02-03T12:27:10+00:00","author":{"@id":"https:\/\/www.jaermuseet.no\/grodaland\/#\/schema\/person\/0e4d7fc167ad690ffe4827960e881388"},"breadcrumb":{"@id":"https:\/\/www.jaermuseet.no\/grodaland\/haustkos-pa-grodaland-28-september\/#breadcrumb"},"inLanguage":"nn-NO","potentialAction":[{"@type":"ReadAction","target":["https:\/\/www.jaermuseet.no\/grodaland\/haustkos-pa-grodaland-28-september\/"]}]},{"@type":"ImageObject","inLanguage":"nn-NO","@id":"https:\/\/www.jaermuseet.no\/grodaland\/haustkos-pa-grodaland-28-september\/#primaryimage","url":"https:\/\/www.jaermuseet.no\/grodaland\/wp-content\/uploads\/sites\/8\/2014\/09\/20130929ins_004red21.jpg","contentUrl":"https:\/\/www.jaermuseet.no\/grodaland\/wp-content\/uploads\/sites\/8\/2014\/09\/20130929ins_004red21.jpg","width":640,"height":429},{"@type":"BreadcrumbList","@id":"https:\/\/www.jaermuseet.no\/grodaland\/haustkos-pa-grodaland-28-september\/#breadcrumb","itemListElement":[{"@type":"ListItem","position":1,"name":"Hjem","item":"https:\/\/www.jaermuseet.no\/grodaland\/"},{"@type":"ListItem","position":2,"name":"Haustkos p\u00e5 Gr\u00f8daland 28. september"}]},{"@type":"WebSite","@id":"https:\/\/www.jaermuseet.no\/grodaland\/#website","url":"https:\/\/www.jaermuseet.no\/grodaland\/","name":"Gr\u00f8daland","description":"One of the prettiest and best preserved museum farms","potentialAction":[{"@type":"SearchAction","target":{"@type":"EntryPoint","urlTemplate":"https:\/\/www.jaermuseet.no\/grodaland\/?s={search_term_string}"},"query-input":{"@type":"PropertyValueSpecification","valueRequired":true,"valueName":"search_term_string"}}],"inLanguage":"nn-NO"},{"@type":"Person","@id":"https:\/\/www.jaermuseet.no\/grodaland\/#\/schema\/person\/0e4d7fc167ad690ffe4827960e881388","name":"Gr\u00f8dalandstunet","image":{"@type":"ImageObject","inLanguage":"nn-NO","@id":"https:\/\/secure.gravatar.com\/avatar\/e4a2391a1ac941882f524309c9813ddd4b91bf62974cdf21889e8c9478b0914f?s=96&d=mm&r=g","url":"https:\/\/secure.gravatar.com\/avatar\/e4a2391a1ac941882f524309c9813ddd4b91bf62974cdf21889e8c9478b0914f?s=96&d=mm&r=g","contentUrl":"https:\/\/secure.gravatar.com\/avatar\/e4a2391a1ac941882f524309c9813ddd4b91bf62974cdf21889e8c9478b0914f?s=96&d=mm&r=g","caption":"Gr\u00f8dalandstunet"},"url":"https:\/\/www.jaermuseet.no\/grodaland\/author\/grodaland\/"}]}},"cc_featured_image_caption":{"caption_text":"","source_text":"","source_url":""},"jetpack_featured_media_url":"https:\/\/www.jaermuseet.no\/grodaland\/wp-content\/uploads\/sites\/8\/2014\/09\/20130929ins_004red21.jpg","jetpack_sharing_enabled":true,"_links":{"self":[{"href":"https:\/\/www.jaermuseet.no\/grodaland\/wp-json\/wp\/v2\/posts\/32","targetHints":{"allow":["GET"]}}],"collection":[{"href":"https:\/\/www.jaermuseet.no\/grodaland\/wp-json\/wp\/v2\/posts"}],"about":[{"href":"https:\/\/www.jaermuseet.no\/grodaland\/wp-json\/wp\/v2\/types\/post"}],"author":[{"embeddable":true,"href":"https:\/\/www.jaermuseet.no\/grodaland\/wp-json\/wp\/v2\/users\/7"}],"replies":[{"embeddable":true,"href":"https:\/\/www.jaermuseet.no\/grodaland\/wp-json\/wp\/v2\/comments?post=32"}],"version-history":[{"count":2,"href":"https:\/\/www.jaermuseet.no\/grodaland\/wp-json\/wp\/v2\/posts\/32\/revisions"}],"predecessor-version":[{"id":249,"href":"https:\/\/www.jaermuseet.no\/grodaland\/wp-json\/wp\/v2\/posts\/32\/revisions\/249"}],"wp:featuredmedia":[{"embeddable":true,"href":"https:\/\/www.jaermuseet.no\/grodaland\/wp-json\/wp\/v2\/media\/60"}],"wp:attachment":[{"href":"https:\/\/www.jaermuseet.no\/grodaland\/wp-json\/wp\/v2\/media?parent=32"}],"wp:term":[{"taxonomy":"category","embeddable":true,"href":"https:\/\/www.jaermuseet.no\/grodaland\/wp-json\/wp\/v2\/categories?post=32"},{"taxonomy":"post_tag","embeddable":true,"href":"https:\/\/www.jaermuseet.no\/grodaland\/wp-json\/wp\/v2\/tags?post=32"}],"curies":[{"name":"wp","href":"https:\/\/api.w.org\/{rel}","templated":true}]}}