{"id":15,"date":"2011-04-26T08:27:33","date_gmt":"2011-04-26T07:27:33","guid":{"rendered":"https:\/\/www.jaermuseet.no\/grodaland\/snart-klar-til-a-ta-imot-besok\/"},"modified":"2015-09-17T15:52:11","modified_gmt":"2015-09-17T13:52:11","slug":"snart-klar-til-a-ta-imot-besok","status":"publish","type":"post","link":"https:\/\/www.jaermuseet.no\/grodaland\/snart-klar-til-a-ta-imot-besok\/","title":{"rendered":"Snart klar til \u00e5 ta imot bes\u00f8k!"},"content":{"rendered":"<div>N\u00e5 har b\u00f8tteballetten vore i sving og gjort det reint og fint i husa p\u00e5 Gr\u00f8daland etter vintaren. P\u00e5 sundagane framover kan de m\u00f8ta medlemmar fr\u00e5 H\u00e5 Historielag som kan fortelja og syna fram museet. Me startar 8. mai. Og opningstida er kvar sundag kl 12 &#8211; 17. Vel m\u00f8tt!! <\/div>\n<div> <\/div>\n<\/p>\n<p>  {rdxsg folder=&#8221;images\/stories\/groedaland\/bildegalleri\/Vrreingjering_2011&#8243; use _medium=&#8221;0&#8243; thumb_width=&#8221;120&#8243; thumb_height=&#8221;80&#8243; thumb_resize_method=&#8221;fit&#8221;}<\/p>\n","protected":false},"excerpt":{"rendered":"<p>N\u00e5 har b\u00f8tteballetten vore i sving og gjort det reint og fint i husa p\u00e5 Gr\u00f8daland etter vintaren. P\u00e5 sundagane framover kan de m\u00f8ta medlemmar fr\u00e5 H\u00e5 Historielag som kan fortelja og syna fram museet. Me startar 8. mai. Og opningstida er kvar sundag kl. 12 &#8211; 17. Vel m\u00f8tt!!<\/p>\n<p><img loading=\"lazy\" decoding=\"async\" alt=\"20110413ins_005red\" src=\"images\/stories\/groedaland\/bildegalleri\/Vrreingjering_2011\/20110413ins_005red.jpg\" width=\"300\" height=\"225\" \/><\/p>\n","protected":false},"author":7,"featured_media":0,"comment_status":"closed","ping_status":"closed","sticky":false,"template":"","format":"standard","meta":{"_acf_changed":false,"_jetpack_memberships_contains_paid_content":false,"footnotes":""},"categories":[2],"tags":[],"class_list":["post-15","post","type-post","status-publish","format-standard","hentry","category-nytt-fra-grodaland"],"acf":[],"yoast_head":"<!-- This site is optimized with the Yoast SEO plugin v27.4 - https:\/\/yoast.com\/product\/yoast-seo-wordpress\/ -->\n<title>Snart klar til \u00e5 ta imot bes\u00f8k! - Gr\u00f8daland<\/title>\n<meta name=\"robots\" content=\"index, follow, max-snippet:-1, max-image-preview:large, max-video-preview:-1\" \/>\n<link rel=\"canonical\" href=\"https:\/\/www.jaermuseet.no\/grodaland\/snart-klar-til-a-ta-imot-besok\/\" \/>\n<meta property=\"og:locale\" content=\"nn_NO\" \/>\n<meta property=\"og:type\" content=\"article\" \/>\n<meta property=\"og:title\" content=\"Snart klar til \u00e5 ta imot bes\u00f8k! - Gr\u00f8daland\" \/>\n<meta property=\"og:description\" content=\"N\u00e5 har b\u00f8tteballetten vore i sving og gjort det reint og fint i husa p\u00e5 Gr\u00f8daland etter vintaren. P\u00e5 sundagane framover kan de m\u00f8ta medlemmar fr\u00e5 H\u00e5 Historielag som kan fortelja og syna fram museet. Me startar 8. mai. Og opningstida er kvar sundag kl. 12 - 17. Vel m\u00f8tt!!\" \/>\n<meta property=\"og:url\" content=\"https:\/\/www.jaermuseet.no\/grodaland\/snart-klar-til-a-ta-imot-besok\/\" \/>\n<meta property=\"og:site_name\" content=\"Gr\u00f8daland\" \/>\n<meta property=\"article:published_time\" content=\"2011-04-26T07:27:33+00:00\" \/>\n<meta property=\"article:modified_time\" content=\"2015-09-17T13:52:11+00:00\" \/>\n<meta name=\"author\" content=\"Gr\u00f8dalandstunet\" \/>\n<meta name=\"twitter:card\" content=\"summary_large_image\" \/>\n<meta name=\"twitter:label1\" content=\"Written by\" \/>\n\t<meta name=\"twitter:data1\" content=\"Gr\u00f8dalandstunet\" \/>\n<script type=\"application\/ld+json\" class=\"yoast-schema-graph\">{\"@context\":\"https:\\\/\\\/schema.org\",\"@graph\":[{\"@type\":\"Article\",\"@id\":\"https:\\\/\\\/www.jaermuseet.no\\\/grodaland\\\/snart-klar-til-a-ta-imot-besok\\\/#article\",\"isPartOf\":{\"@id\":\"https:\\\/\\\/www.jaermuseet.no\\\/grodaland\\\/snart-klar-til-a-ta-imot-besok\\\/\"},\"author\":{\"name\":\"Gr\u00f8dalandstunet\",\"@id\":\"https:\\\/\\\/www.jaermuseet.no\\\/grodaland\\\/#\\\/schema\\\/person\\\/0e4d7fc167ad690ffe4827960e881388\"},\"headline\":\"Snart klar til \u00e5 ta imot bes\u00f8k!\",\"datePublished\":\"2011-04-26T07:27:33+00:00\",\"dateModified\":\"2015-09-17T13:52:11+00:00\",\"mainEntityOfPage\":{\"@id\":\"https:\\\/\\\/www.jaermuseet.no\\\/grodaland\\\/snart-klar-til-a-ta-imot-besok\\\/\"},\"wordCount\":75,\"articleSection\":[\"Nytt fr\u00e5 Gr\u00f8daland\"],\"inLanguage\":\"nn-NO\"},{\"@type\":\"WebPage\",\"@id\":\"https:\\\/\\\/www.jaermuseet.no\\\/grodaland\\\/snart-klar-til-a-ta-imot-besok\\\/\",\"url\":\"https:\\\/\\\/www.jaermuseet.no\\\/grodaland\\\/snart-klar-til-a-ta-imot-besok\\\/\",\"name\":\"Snart klar til \u00e5 ta imot bes\u00f8k! - Gr\u00f8daland\",\"isPartOf\":{\"@id\":\"https:\\\/\\\/www.jaermuseet.no\\\/grodaland\\\/#website\"},\"datePublished\":\"2011-04-26T07:27:33+00:00\",\"dateModified\":\"2015-09-17T13:52:11+00:00\",\"author\":{\"@id\":\"https:\\\/\\\/www.jaermuseet.no\\\/grodaland\\\/#\\\/schema\\\/person\\\/0e4d7fc167ad690ffe4827960e881388\"},\"breadcrumb\":{\"@id\":\"https:\\\/\\\/www.jaermuseet.no\\\/grodaland\\\/snart-klar-til-a-ta-imot-besok\\\/#breadcrumb\"},\"inLanguage\":\"nn-NO\",\"potentialAction\":[{\"@type\":\"ReadAction\",\"target\":[\"https:\\\/\\\/www.jaermuseet.no\\\/grodaland\\\/snart-klar-til-a-ta-imot-besok\\\/\"]}]},{\"@type\":\"BreadcrumbList\",\"@id\":\"https:\\\/\\\/www.jaermuseet.no\\\/grodaland\\\/snart-klar-til-a-ta-imot-besok\\\/#breadcrumb\",\"itemListElement\":[{\"@type\":\"ListItem\",\"position\":1,\"name\":\"Hjem\",\"item\":\"https:\\\/\\\/www.jaermuseet.no\\\/grodaland\\\/\"},{\"@type\":\"ListItem\",\"position\":2,\"name\":\"Snart klar til \u00e5 ta imot bes\u00f8k!\"}]},{\"@type\":\"WebSite\",\"@id\":\"https:\\\/\\\/www.jaermuseet.no\\\/grodaland\\\/#website\",\"url\":\"https:\\\/\\\/www.jaermuseet.no\\\/grodaland\\\/\",\"name\":\"Gr\u00f8daland\",\"description\":\"One of the prettiest and best preserved museum farms\",\"potentialAction\":[{\"@type\":\"SearchAction\",\"target\":{\"@type\":\"EntryPoint\",\"urlTemplate\":\"https:\\\/\\\/www.jaermuseet.no\\\/grodaland\\\/?s={search_term_string}\"},\"query-input\":{\"@type\":\"PropertyValueSpecification\",\"valueRequired\":true,\"valueName\":\"search_term_string\"}}],\"inLanguage\":\"nn-NO\"},{\"@type\":\"Person\",\"@id\":\"https:\\\/\\\/www.jaermuseet.no\\\/grodaland\\\/#\\\/schema\\\/person\\\/0e4d7fc167ad690ffe4827960e881388\",\"name\":\"Gr\u00f8dalandstunet\",\"image\":{\"@type\":\"ImageObject\",\"inLanguage\":\"nn-NO\",\"@id\":\"https:\\\/\\\/secure.gravatar.com\\\/avatar\\\/e4a2391a1ac941882f524309c9813ddd4b91bf62974cdf21889e8c9478b0914f?s=96&d=mm&r=g\",\"url\":\"https:\\\/\\\/secure.gravatar.com\\\/avatar\\\/e4a2391a1ac941882f524309c9813ddd4b91bf62974cdf21889e8c9478b0914f?s=96&d=mm&r=g\",\"contentUrl\":\"https:\\\/\\\/secure.gravatar.com\\\/avatar\\\/e4a2391a1ac941882f524309c9813ddd4b91bf62974cdf21889e8c9478b0914f?s=96&d=mm&r=g\",\"caption\":\"Gr\u00f8dalandstunet\"},\"url\":\"https:\\\/\\\/www.jaermuseet.no\\\/grodaland\\\/author\\\/grodaland\\\/\"}]}<\/script>\n<!-- \/ Yoast SEO plugin. -->","yoast_head_json":{"title":"Snart klar til \u00e5 ta imot bes\u00f8k! - Gr\u00f8daland","robots":{"index":"index","follow":"follow","max-snippet":"max-snippet:-1","max-image-preview":"max-image-preview:large","max-video-preview":"max-video-preview:-1"},"canonical":"https:\/\/www.jaermuseet.no\/grodaland\/snart-klar-til-a-ta-imot-besok\/","og_locale":"nn_NO","og_type":"article","og_title":"Snart klar til \u00e5 ta imot bes\u00f8k! - Gr\u00f8daland","og_description":"N\u00e5 har b\u00f8tteballetten vore i sving og gjort det reint og fint i husa p\u00e5 Gr\u00f8daland etter vintaren. P\u00e5 sundagane framover kan de m\u00f8ta medlemmar fr\u00e5 H\u00e5 Historielag som kan fortelja og syna fram museet. Me startar 8. mai. Og opningstida er kvar sundag kl. 12 - 17. Vel m\u00f8tt!!","og_url":"https:\/\/www.jaermuseet.no\/grodaland\/snart-klar-til-a-ta-imot-besok\/","og_site_name":"Gr\u00f8daland","article_published_time":"2011-04-26T07:27:33+00:00","article_modified_time":"2015-09-17T13:52:11+00:00","author":"Gr\u00f8dalandstunet","twitter_card":"summary_large_image","twitter_misc":{"Written by":"Gr\u00f8dalandstunet"},"schema":{"@context":"https:\/\/schema.org","@graph":[{"@type":"Article","@id":"https:\/\/www.jaermuseet.no\/grodaland\/snart-klar-til-a-ta-imot-besok\/#article","isPartOf":{"@id":"https:\/\/www.jaermuseet.no\/grodaland\/snart-klar-til-a-ta-imot-besok\/"},"author":{"name":"Gr\u00f8dalandstunet","@id":"https:\/\/www.jaermuseet.no\/grodaland\/#\/schema\/person\/0e4d7fc167ad690ffe4827960e881388"},"headline":"Snart klar til \u00e5 ta imot bes\u00f8k!","datePublished":"2011-04-26T07:27:33+00:00","dateModified":"2015-09-17T13:52:11+00:00","mainEntityOfPage":{"@id":"https:\/\/www.jaermuseet.no\/grodaland\/snart-klar-til-a-ta-imot-besok\/"},"wordCount":75,"articleSection":["Nytt fr\u00e5 Gr\u00f8daland"],"inLanguage":"nn-NO"},{"@type":"WebPage","@id":"https:\/\/www.jaermuseet.no\/grodaland\/snart-klar-til-a-ta-imot-besok\/","url":"https:\/\/www.jaermuseet.no\/grodaland\/snart-klar-til-a-ta-imot-besok\/","name":"Snart klar til \u00e5 ta imot bes\u00f8k! - Gr\u00f8daland","isPartOf":{"@id":"https:\/\/www.jaermuseet.no\/grodaland\/#website"},"datePublished":"2011-04-26T07:27:33+00:00","dateModified":"2015-09-17T13:52:11+00:00","author":{"@id":"https:\/\/www.jaermuseet.no\/grodaland\/#\/schema\/person\/0e4d7fc167ad690ffe4827960e881388"},"breadcrumb":{"@id":"https:\/\/www.jaermuseet.no\/grodaland\/snart-klar-til-a-ta-imot-besok\/#breadcrumb"},"inLanguage":"nn-NO","potentialAction":[{"@type":"ReadAction","target":["https:\/\/www.jaermuseet.no\/grodaland\/snart-klar-til-a-ta-imot-besok\/"]}]},{"@type":"BreadcrumbList","@id":"https:\/\/www.jaermuseet.no\/grodaland\/snart-klar-til-a-ta-imot-besok\/#breadcrumb","itemListElement":[{"@type":"ListItem","position":1,"name":"Hjem","item":"https:\/\/www.jaermuseet.no\/grodaland\/"},{"@type":"ListItem","position":2,"name":"Snart klar til \u00e5 ta imot bes\u00f8k!"}]},{"@type":"WebSite","@id":"https:\/\/www.jaermuseet.no\/grodaland\/#website","url":"https:\/\/www.jaermuseet.no\/grodaland\/","name":"Gr\u00f8daland","description":"One of the prettiest and best preserved museum farms","potentialAction":[{"@type":"SearchAction","target":{"@type":"EntryPoint","urlTemplate":"https:\/\/www.jaermuseet.no\/grodaland\/?s={search_term_string}"},"query-input":{"@type":"PropertyValueSpecification","valueRequired":true,"valueName":"search_term_string"}}],"inLanguage":"nn-NO"},{"@type":"Person","@id":"https:\/\/www.jaermuseet.no\/grodaland\/#\/schema\/person\/0e4d7fc167ad690ffe4827960e881388","name":"Gr\u00f8dalandstunet","image":{"@type":"ImageObject","inLanguage":"nn-NO","@id":"https:\/\/secure.gravatar.com\/avatar\/e4a2391a1ac941882f524309c9813ddd4b91bf62974cdf21889e8c9478b0914f?s=96&d=mm&r=g","url":"https:\/\/secure.gravatar.com\/avatar\/e4a2391a1ac941882f524309c9813ddd4b91bf62974cdf21889e8c9478b0914f?s=96&d=mm&r=g","contentUrl":"https:\/\/secure.gravatar.com\/avatar\/e4a2391a1ac941882f524309c9813ddd4b91bf62974cdf21889e8c9478b0914f?s=96&d=mm&r=g","caption":"Gr\u00f8dalandstunet"},"url":"https:\/\/www.jaermuseet.no\/grodaland\/author\/grodaland\/"}]}},"cc_featured_image_caption":{"caption_text":false,"source_text":false,"source_url":false},"jetpack_featured_media_url":"","jetpack_sharing_enabled":true,"_links":{"self":[{"href":"https:\/\/www.jaermuseet.no\/grodaland\/wp-json\/wp\/v2\/posts\/15","targetHints":{"allow":["GET"]}}],"collection":[{"href":"https:\/\/www.jaermuseet.no\/grodaland\/wp-json\/wp\/v2\/posts"}],"about":[{"href":"https:\/\/www.jaermuseet.no\/grodaland\/wp-json\/wp\/v2\/types\/post"}],"author":[{"embeddable":true,"href":"https:\/\/www.jaermuseet.no\/grodaland\/wp-json\/wp\/v2\/users\/7"}],"replies":[{"embeddable":true,"href":"https:\/\/www.jaermuseet.no\/grodaland\/wp-json\/wp\/v2\/comments?post=15"}],"version-history":[{"count":1,"href":"https:\/\/www.jaermuseet.no\/grodaland\/wp-json\/wp\/v2\/posts\/15\/revisions"}],"predecessor-version":[{"id":181,"href":"https:\/\/www.jaermuseet.no\/grodaland\/wp-json\/wp\/v2\/posts\/15\/revisions\/181"}],"wp:attachment":[{"href":"https:\/\/www.jaermuseet.no\/grodaland\/wp-json\/wp\/v2\/media?parent=15"}],"wp:term":[{"taxonomy":"category","embeddable":true,"href":"https:\/\/www.jaermuseet.no\/grodaland\/wp-json\/wp\/v2\/categories?post=15"},{"taxonomy":"post_tag","embeddable":true,"href":"https:\/\/www.jaermuseet.no\/grodaland\/wp-json\/wp\/v2\/tags?post=15"}],"curies":[{"name":"wp","href":"https:\/\/api.w.org\/{rel}","templated":true}]}}