{"id":8582,"date":"2021-12-07T09:44:00","date_gmt":"2021-12-07T07:44:00","guid":{"rendered":"https:\/\/www.jaermuseet.no\/garborgsenteret\/?p=8582"},"modified":"2021-12-17T10:20:38","modified_gmt":"2021-12-17T08:20:38","slug":"fattige-barn-i-verdas-rikaste-land","status":"publish","type":"post","link":"https:\/\/www.jaermuseet.no\/garborgsenteret\/fattige-barn-i-verdas-rikaste-land\/","title":{"rendered":"Fattige barn i verdas rikaste land"},"content":{"rendered":"\n<p>I januar opna Garborgsenteret utstillinga \u00abVeksa opp i verdas rikaste land\u00bb. Me l\u00e5ner henne av Barnemuseet i Stavanger, men har tilpassa innhaldet til J\u00e6ren med hjelp av elevar fr\u00e5 Bryne vidareg\u00e5ande skule. I april i \u00e5r kunngjorde kulturminister Abid Raja at Verdas rikaste land-utstillinga fekk prisen \u00abMOT i museet\u00bb. Me er stolte av \u00e5 kunna visa henne fram, f\u00f8rst og fremst fordi ho uttrykker ein bodskap alle b\u00f8r kjenna til og gjera seg opp ei meining om.<\/p>\n\n\n\n<p>\u00abVerdas rikaste land\u00bb viser korleis det kan kjennast for ungdommar \u00e5 tilh\u00f8yra familiar \u00abmed vedvarande l\u00e5ginntekt\u00bb. Dette offisielle omgrepet er ei omskriving av fattige i rike land, det vil seia dei som tener mindre enn seksti prosent av medianinntekta der dei bur. I Noreg betyr dette ei inntekt etter skatt rundt 320 000, med justeringar etter familiens storleik. Barna som veks opp i desse familiane har ikkje r\u00e5d til \u00e5 vera med p\u00e5 det same som klassekameratane, med den f\u00f8lgja at dei skammar seg, kjedar seg, trekk seg unna eller blir utagerande, gjer det d\u00e5rlegare p\u00e5 skulen og blir oftare enn andre ei byrde for samfunnet.<\/p>\n\n\n\n<p>\u00abDet var ein i klassen som spurde \u00abkvifor f\u00e5r du ikkje mj\u00f8lk?\u00bb Eg svarte berre \u00abveit ikkje\u00bb.\u00bb Sahra, Verdas rikaste land<\/p>\n\n\n\n<p>Talet p\u00e5 barn under 18 \u00e5r som veks opp i familiar med vedvarande l\u00e5ginntekt aukar kraftig, b\u00e5de p\u00e5 J\u00e6ren og i Noreg. Dei nyaste tala fr\u00e5 Statistisk sentralbyr\u00e5 gjeld for 2019, og desse viser ei urovekkande utvikling. P\u00e5 fem \u00e5r, fr\u00e5 2014, har talet fattige stige fr\u00e5 729 til 1169 i Time, Klepp og H\u00e5. I Time er talet fordobla p\u00e5 fem \u00e5r! I 2014 gjaldt det 184 barn og unge, mot 386 i 2019. I Klepp har talet stige fr\u00e5 246 til 370 og i H\u00e5 fr\u00e5 299 til 413. Rundt 9 prosent av barna i desse j\u00e6rkommunane er ramma, mot over 11 prosent p\u00e5 landsbasis.<\/p>\n\n\n\n<p>Mykje tyder p\u00e5 at dette talet har auka ytterlegare det siste \u00e5ret, kanskje dramatisk, for regionen v\u00e5r. Stavanger Aftenblad kunne den 19. mai fortelja at nesten dobbelt s\u00e5 mange rogalendingar mangla pengar til mat i 2020 enn \u00e5ret f\u00f8r. Fakta om utviklinga av den vedvarande barnefattigdommen f\u00e5r me om to \u00e5r n\u00e5r Statistisk sentralbyr\u00e5 kjem med tal for 2021.<\/p>\n\n\n\n<p>\u00abDagen etterp\u00e5 hadde eg p\u00e5 meg dei same kleda som dagen f\u00f8r. Det var jo heilt feil. Alt blei jo feil.\u00bb Silje, Verdas rikaste land<\/p>\n\n\n\n<p>Ringverknadane er store. Ungdommane har alle statistikkar imot seg. Veks du opp i ein familie med f\u00e5 ressursar er sjansen stor for at du sj\u00f8lv endar opp slik som vaksen. Fattigdom g\u00e5r i arv, ogs\u00e5 i verdas rikaste land der me i teorien skulle ha like moglegheiter. Barn i l\u00e5ginntekstfamiliar f\u00e5r mindre oppf\u00f8lging i heimen, mindre stimulanse utanfr\u00e5 og utviklar seg seinare. Er du mellom dei siste i klassen til \u00e5 l\u00e6ra \u00e5 lesa, er du allereie i ferd med \u00e5 f\u00e5 ei utfordring for livet.<\/p>\n\n\n\n<p>\u00abDet er ingen i gjengen min som har pengar, s\u00e5 d\u00e5 blir det fort til at me stel. For me vil jo \u00f2g ha det som alle ungdommar har.\u00bb Leo, Verdas rikaste land<\/p>\n\n\n\n<p>Det kjennest for ein ten\u00e5ring \u00e5 ikkje kunna g\u00e5 p\u00e5 kino saman med dei andre, ikkje driva med fritidsaktivitetar, vera med p\u00e5 klassetur, reisa p\u00e5 skitur eller ferie, g\u00e5 med gilde klede. Mange trekk seg unna det sosiale livet fordi det er for ubehageleg \u00e5 bli identifisert som \u00abfattig\u00bb. Skamma styrker mindreverdigheitskjensla. Dei vondaste sp\u00f8rsm\u00e5la kan vera dei som f\u00e5r andre til \u00e5 lysa opp: &#8220;Kva fekk du til jul?&#8221; &#8220;Kor var du p\u00e5 ferie?&#8221; &#8220;Kva synst du om den siste Marvel-filmen?&#8221;<\/p>\n\n\n\n<p>Korleis det f\u00f8last \u00e5 vera utanfor? Ungdommane sine forteljingar f\u00e5r du p\u00e5 Garborgsenteret.<\/p>\n\n\n\n<p>\u00abEg f\u00f8ler at eg g\u00e5r rundt med hundre kilo p\u00e5 meg. Det er s\u00e5 tungt.\u00bb Silje, Verdas rikaste land<\/p>\n\n\n\n<p>At dei som skammar seg trekk seg unna eller blir utagerande, er menneskeleg. Det er slik me er laga. Veks du opp i ein fattig familie aukar sjansen for d\u00e5rleg mental helse og kriminalitet. 27. mai publiserte FHI ein studie som syner at barna til dei med l\u00e5gast inntekt har tre til fire gonger s\u00e5 h\u00f8g sannsynlegheit for \u00e5 bli diagnostisert med psykiske lidingar, og at gutane kjem d\u00e5rlegare ut av det enn jentene.<\/p>\n\n\n\n<p>Dette kostar ikkje berre livskvalitet for alle det gjeld, men det kostar ogs\u00e5 samfunnet store pengar. P\u00e5 toppen av alt g\u00e5r me glipp av mange evnerike menneske som kunne ha bidratt til samfunnet p\u00e5 ulike m\u00e5tar. Det er viktig \u00e5 minna om at skilnaden mellom fattig og rik berre handlar om kva me eig, ikkje kva me kan.<\/p>\n\n\n\n<p>\u00c5 visa fram samfunnets skuggesider var eit av poenga med den naturalistiske kulturstr\u00f8yminga Arne Garborg var ein del av. I b\u00f8ker og avisartiklar fokuserte han og andre p\u00e5 samfunnet sine problem, for slik \u00e5 tvinga dei med makt og ressursar til \u00e5 gjera noko med det. \u00abVeksa opp i verdas rikaste land\u00bb er ei utstilling i hans \u00e5nd.<\/p>\n\n\n\n<hr class=\"wp-block-separator\"\/>\n\n\n\n<p><em>Denne teksten blei f\u00f8rst publisert p\u00e5 jbl.no 4.6.21.<\/em><\/p>\n","protected":false},"excerpt":{"rendered":"<p>I januar opna Garborgsenteret utstillinga \u00abVeksa opp i verdas rikaste&#8230;<\/p>\n","protected":false},"author":17,"featured_media":8200,"comment_status":"closed","ping_status":"closed","sticky":false,"template":"","format":"standard","meta":{"_acf_changed":false,"_jetpack_memberships_contains_paid_content":false,"footnotes":""},"categories":[13],"tags":[],"class_list":["post-8582","post","type-post","status-publish","format-standard","has-post-thumbnail","hentry","category-nytt-fra-garborgsenteret","featured-image-size-large"],"acf":[],"yoast_head":"<!-- This site is optimized with the Yoast SEO plugin v27.4 - https:\/\/yoast.com\/product\/yoast-seo-wordpress\/ -->\n<title>Fattige barn i verdas rikaste land - Garborgsenteret<\/title>\n<meta name=\"robots\" content=\"index, follow, max-snippet:-1, max-image-preview:large, max-video-preview:-1\" \/>\n<link rel=\"canonical\" href=\"https:\/\/www.jaermuseet.no\/garborgsenteret\/fattige-barn-i-verdas-rikaste-land\/\" \/>\n<meta property=\"og:locale\" content=\"nn_NO\" \/>\n<meta property=\"og:type\" content=\"article\" \/>\n<meta property=\"og:title\" content=\"Fattige barn i verdas rikaste land - Garborgsenteret\" \/>\n<meta property=\"og:description\" content=\"I januar opna Garborgsenteret utstillinga \u00abVeksa opp i verdas rikaste...\" \/>\n<meta property=\"og:url\" content=\"https:\/\/www.jaermuseet.no\/garborgsenteret\/fattige-barn-i-verdas-rikaste-land\/\" \/>\n<meta property=\"og:site_name\" content=\"Garborgsenteret\" \/>\n<meta property=\"article:published_time\" content=\"2021-12-07T07:44:00+00:00\" \/>\n<meta property=\"article:modified_time\" content=\"2021-12-17T08:20:38+00:00\" \/>\n<meta property=\"og:image\" content=\"https:\/\/www.jaermuseet.no\/wp-content\/uploads\/sites\/2\/2021\/01\/2021-01-22_oej28bearb-scaled-e1611759182313.jpg\" \/>\n\t<meta property=\"og:image:width\" content=\"2063\" \/>\n\t<meta property=\"og:image:height\" content=\"2560\" \/>\n\t<meta property=\"og:image:type\" content=\"image\/jpeg\" \/>\n<meta name=\"author\" content=\"\u00d8rjan Zazzera Johansen\" \/>\n<meta name=\"twitter:card\" content=\"summary_large_image\" \/>\n<meta name=\"twitter:label1\" content=\"Written by\" \/>\n\t<meta name=\"twitter:data1\" content=\"\u00d8rjan Zazzera Johansen\" \/>\n\t<meta name=\"twitter:label2\" content=\"Est. reading time\" \/>\n\t<meta name=\"twitter:data2\" content=\"5 minutt\" \/>\n<script type=\"application\/ld+json\" class=\"yoast-schema-graph\">{\"@context\":\"https:\\\/\\\/schema.org\",\"@graph\":[{\"@type\":\"Article\",\"@id\":\"https:\\\/\\\/www.jaermuseet.no\\\/garborgsenteret\\\/fattige-barn-i-verdas-rikaste-land\\\/#article\",\"isPartOf\":{\"@id\":\"https:\\\/\\\/www.jaermuseet.no\\\/garborgsenteret\\\/fattige-barn-i-verdas-rikaste-land\\\/\"},\"author\":{\"name\":\"\u00d8rjan Zazzera Johansen\",\"@id\":\"https:\\\/\\\/www.jaermuseet.no\\\/garborgsenteret\\\/#\\\/schema\\\/person\\\/52c44fabae367c881e773d89b13f6a39\"},\"headline\":\"Fattige barn i verdas rikaste land\",\"datePublished\":\"2021-12-07T07:44:00+00:00\",\"dateModified\":\"2021-12-17T08:20:38+00:00\",\"mainEntityOfPage\":{\"@id\":\"https:\\\/\\\/www.jaermuseet.no\\\/garborgsenteret\\\/fattige-barn-i-verdas-rikaste-land\\\/\"},\"wordCount\":840,\"image\":{\"@id\":\"https:\\\/\\\/www.jaermuseet.no\\\/garborgsenteret\\\/fattige-barn-i-verdas-rikaste-land\\\/#primaryimage\"},\"thumbnailUrl\":\"https:\\\/\\\/www.jaermuseet.no\\\/garborgsenteret\\\/wp-content\\\/uploads\\\/sites\\\/2\\\/2021\\\/01\\\/2021-01-22_oej28bearb-scaled-e1611759182313.jpg\",\"articleSection\":[\"Nytt\"],\"inLanguage\":\"nn-NO\"},{\"@type\":\"WebPage\",\"@id\":\"https:\\\/\\\/www.jaermuseet.no\\\/garborgsenteret\\\/fattige-barn-i-verdas-rikaste-land\\\/\",\"url\":\"https:\\\/\\\/www.jaermuseet.no\\\/garborgsenteret\\\/fattige-barn-i-verdas-rikaste-land\\\/\",\"name\":\"Fattige barn i verdas rikaste land - Garborgsenteret\",\"isPartOf\":{\"@id\":\"https:\\\/\\\/www.jaermuseet.no\\\/garborgsenteret\\\/#website\"},\"primaryImageOfPage\":{\"@id\":\"https:\\\/\\\/www.jaermuseet.no\\\/garborgsenteret\\\/fattige-barn-i-verdas-rikaste-land\\\/#primaryimage\"},\"image\":{\"@id\":\"https:\\\/\\\/www.jaermuseet.no\\\/garborgsenteret\\\/fattige-barn-i-verdas-rikaste-land\\\/#primaryimage\"},\"thumbnailUrl\":\"https:\\\/\\\/www.jaermuseet.no\\\/garborgsenteret\\\/wp-content\\\/uploads\\\/sites\\\/2\\\/2021\\\/01\\\/2021-01-22_oej28bearb-scaled-e1611759182313.jpg\",\"datePublished\":\"2021-12-07T07:44:00+00:00\",\"dateModified\":\"2021-12-17T08:20:38+00:00\",\"author\":{\"@id\":\"https:\\\/\\\/www.jaermuseet.no\\\/garborgsenteret\\\/#\\\/schema\\\/person\\\/52c44fabae367c881e773d89b13f6a39\"},\"breadcrumb\":{\"@id\":\"https:\\\/\\\/www.jaermuseet.no\\\/garborgsenteret\\\/fattige-barn-i-verdas-rikaste-land\\\/#breadcrumb\"},\"inLanguage\":\"nn-NO\",\"potentialAction\":[{\"@type\":\"ReadAction\",\"target\":[\"https:\\\/\\\/www.jaermuseet.no\\\/garborgsenteret\\\/fattige-barn-i-verdas-rikaste-land\\\/\"]}]},{\"@type\":\"ImageObject\",\"inLanguage\":\"nn-NO\",\"@id\":\"https:\\\/\\\/www.jaermuseet.no\\\/garborgsenteret\\\/fattige-barn-i-verdas-rikaste-land\\\/#primaryimage\",\"url\":\"https:\\\/\\\/www.jaermuseet.no\\\/garborgsenteret\\\/wp-content\\\/uploads\\\/sites\\\/2\\\/2021\\\/01\\\/2021-01-22_oej28bearb-scaled-e1611759182313.jpg\",\"contentUrl\":\"https:\\\/\\\/www.jaermuseet.no\\\/garborgsenteret\\\/wp-content\\\/uploads\\\/sites\\\/2\\\/2021\\\/01\\\/2021-01-22_oej28bearb-scaled-e1611759182313.jpg\",\"width\":2063,\"height\":2560},{\"@type\":\"BreadcrumbList\",\"@id\":\"https:\\\/\\\/www.jaermuseet.no\\\/garborgsenteret\\\/fattige-barn-i-verdas-rikaste-land\\\/#breadcrumb\",\"itemListElement\":[{\"@type\":\"ListItem\",\"position\":1,\"name\":\"Hjem\",\"item\":\"https:\\\/\\\/www.jaermuseet.no\\\/garborgsenteret\\\/\"},{\"@type\":\"ListItem\",\"position\":2,\"name\":\"Fattige barn i verdas rikaste land\"}]},{\"@type\":\"WebSite\",\"@id\":\"https:\\\/\\\/www.jaermuseet.no\\\/garborgsenteret\\\/#website\",\"url\":\"https:\\\/\\\/www.jaermuseet.no\\\/garborgsenteret\\\/\",\"name\":\"Garborgsenteret\",\"description\":\"A national arena to promote the interest for authors Arne and Hulda Garborg\",\"potentialAction\":[{\"@type\":\"SearchAction\",\"target\":{\"@type\":\"EntryPoint\",\"urlTemplate\":\"https:\\\/\\\/www.jaermuseet.no\\\/garborgsenteret\\\/?s={search_term_string}\"},\"query-input\":{\"@type\":\"PropertyValueSpecification\",\"valueRequired\":true,\"valueName\":\"search_term_string\"}}],\"inLanguage\":\"nn-NO\"},{\"@type\":\"Person\",\"@id\":\"https:\\\/\\\/www.jaermuseet.no\\\/garborgsenteret\\\/#\\\/schema\\\/person\\\/52c44fabae367c881e773d89b13f6a39\",\"name\":\"\u00d8rjan Zazzera Johansen\",\"image\":{\"@type\":\"ImageObject\",\"inLanguage\":\"nn-NO\",\"@id\":\"https:\\\/\\\/secure.gravatar.com\\\/avatar\\\/0b86a48618c6ca6592b74ea11c3de001ac75d3e294240f39e05a080f19386fb4?s=96&d=mm&r=g\",\"url\":\"https:\\\/\\\/secure.gravatar.com\\\/avatar\\\/0b86a48618c6ca6592b74ea11c3de001ac75d3e294240f39e05a080f19386fb4?s=96&d=mm&r=g\",\"contentUrl\":\"https:\\\/\\\/secure.gravatar.com\\\/avatar\\\/0b86a48618c6ca6592b74ea11c3de001ac75d3e294240f39e05a080f19386fb4?s=96&d=mm&r=g\",\"caption\":\"\u00d8rjan Zazzera Johansen\"},\"url\":\"https:\\\/\\\/www.jaermuseet.no\\\/garborgsenteret\\\/author\\\/orjo\\\/\"}]}<\/script>\n<!-- \/ Yoast SEO plugin. -->","yoast_head_json":{"title":"Fattige barn i verdas rikaste land - Garborgsenteret","robots":{"index":"index","follow":"follow","max-snippet":"max-snippet:-1","max-image-preview":"max-image-preview:large","max-video-preview":"max-video-preview:-1"},"canonical":"https:\/\/www.jaermuseet.no\/garborgsenteret\/fattige-barn-i-verdas-rikaste-land\/","og_locale":"nn_NO","og_type":"article","og_title":"Fattige barn i verdas rikaste land - Garborgsenteret","og_description":"I januar opna Garborgsenteret utstillinga \u00abVeksa opp i verdas rikaste...","og_url":"https:\/\/www.jaermuseet.no\/garborgsenteret\/fattige-barn-i-verdas-rikaste-land\/","og_site_name":"Garborgsenteret","article_published_time":"2021-12-07T07:44:00+00:00","article_modified_time":"2021-12-17T08:20:38+00:00","og_image":[{"width":2063,"height":2560,"url":"https:\/\/www.jaermuseet.no\/wp-content\/uploads\/sites\/2\/2021\/01\/2021-01-22_oej28bearb-scaled-e1611759182313.jpg","type":"image\/jpeg"}],"author":"\u00d8rjan Zazzera Johansen","twitter_card":"summary_large_image","twitter_misc":{"Written by":"\u00d8rjan Zazzera Johansen","Est. reading time":"5 minutt"},"schema":{"@context":"https:\/\/schema.org","@graph":[{"@type":"Article","@id":"https:\/\/www.jaermuseet.no\/garborgsenteret\/fattige-barn-i-verdas-rikaste-land\/#article","isPartOf":{"@id":"https:\/\/www.jaermuseet.no\/garborgsenteret\/fattige-barn-i-verdas-rikaste-land\/"},"author":{"name":"\u00d8rjan Zazzera Johansen","@id":"https:\/\/www.jaermuseet.no\/garborgsenteret\/#\/schema\/person\/52c44fabae367c881e773d89b13f6a39"},"headline":"Fattige barn i verdas rikaste land","datePublished":"2021-12-07T07:44:00+00:00","dateModified":"2021-12-17T08:20:38+00:00","mainEntityOfPage":{"@id":"https:\/\/www.jaermuseet.no\/garborgsenteret\/fattige-barn-i-verdas-rikaste-land\/"},"wordCount":840,"image":{"@id":"https:\/\/www.jaermuseet.no\/garborgsenteret\/fattige-barn-i-verdas-rikaste-land\/#primaryimage"},"thumbnailUrl":"https:\/\/www.jaermuseet.no\/garborgsenteret\/wp-content\/uploads\/sites\/2\/2021\/01\/2021-01-22_oej28bearb-scaled-e1611759182313.jpg","articleSection":["Nytt"],"inLanguage":"nn-NO"},{"@type":"WebPage","@id":"https:\/\/www.jaermuseet.no\/garborgsenteret\/fattige-barn-i-verdas-rikaste-land\/","url":"https:\/\/www.jaermuseet.no\/garborgsenteret\/fattige-barn-i-verdas-rikaste-land\/","name":"Fattige barn i verdas rikaste land - Garborgsenteret","isPartOf":{"@id":"https:\/\/www.jaermuseet.no\/garborgsenteret\/#website"},"primaryImageOfPage":{"@id":"https:\/\/www.jaermuseet.no\/garborgsenteret\/fattige-barn-i-verdas-rikaste-land\/#primaryimage"},"image":{"@id":"https:\/\/www.jaermuseet.no\/garborgsenteret\/fattige-barn-i-verdas-rikaste-land\/#primaryimage"},"thumbnailUrl":"https:\/\/www.jaermuseet.no\/garborgsenteret\/wp-content\/uploads\/sites\/2\/2021\/01\/2021-01-22_oej28bearb-scaled-e1611759182313.jpg","datePublished":"2021-12-07T07:44:00+00:00","dateModified":"2021-12-17T08:20:38+00:00","author":{"@id":"https:\/\/www.jaermuseet.no\/garborgsenteret\/#\/schema\/person\/52c44fabae367c881e773d89b13f6a39"},"breadcrumb":{"@id":"https:\/\/www.jaermuseet.no\/garborgsenteret\/fattige-barn-i-verdas-rikaste-land\/#breadcrumb"},"inLanguage":"nn-NO","potentialAction":[{"@type":"ReadAction","target":["https:\/\/www.jaermuseet.no\/garborgsenteret\/fattige-barn-i-verdas-rikaste-land\/"]}]},{"@type":"ImageObject","inLanguage":"nn-NO","@id":"https:\/\/www.jaermuseet.no\/garborgsenteret\/fattige-barn-i-verdas-rikaste-land\/#primaryimage","url":"https:\/\/www.jaermuseet.no\/garborgsenteret\/wp-content\/uploads\/sites\/2\/2021\/01\/2021-01-22_oej28bearb-scaled-e1611759182313.jpg","contentUrl":"https:\/\/www.jaermuseet.no\/garborgsenteret\/wp-content\/uploads\/sites\/2\/2021\/01\/2021-01-22_oej28bearb-scaled-e1611759182313.jpg","width":2063,"height":2560},{"@type":"BreadcrumbList","@id":"https:\/\/www.jaermuseet.no\/garborgsenteret\/fattige-barn-i-verdas-rikaste-land\/#breadcrumb","itemListElement":[{"@type":"ListItem","position":1,"name":"Hjem","item":"https:\/\/www.jaermuseet.no\/garborgsenteret\/"},{"@type":"ListItem","position":2,"name":"Fattige barn i verdas rikaste land"}]},{"@type":"WebSite","@id":"https:\/\/www.jaermuseet.no\/garborgsenteret\/#website","url":"https:\/\/www.jaermuseet.no\/garborgsenteret\/","name":"Garborgsenteret","description":"A national arena to promote the interest for authors Arne and Hulda Garborg","potentialAction":[{"@type":"SearchAction","target":{"@type":"EntryPoint","urlTemplate":"https:\/\/www.jaermuseet.no\/garborgsenteret\/?s={search_term_string}"},"query-input":{"@type":"PropertyValueSpecification","valueRequired":true,"valueName":"search_term_string"}}],"inLanguage":"nn-NO"},{"@type":"Person","@id":"https:\/\/www.jaermuseet.no\/garborgsenteret\/#\/schema\/person\/52c44fabae367c881e773d89b13f6a39","name":"\u00d8rjan Zazzera Johansen","image":{"@type":"ImageObject","inLanguage":"nn-NO","@id":"https:\/\/secure.gravatar.com\/avatar\/0b86a48618c6ca6592b74ea11c3de001ac75d3e294240f39e05a080f19386fb4?s=96&d=mm&r=g","url":"https:\/\/secure.gravatar.com\/avatar\/0b86a48618c6ca6592b74ea11c3de001ac75d3e294240f39e05a080f19386fb4?s=96&d=mm&r=g","contentUrl":"https:\/\/secure.gravatar.com\/avatar\/0b86a48618c6ca6592b74ea11c3de001ac75d3e294240f39e05a080f19386fb4?s=96&d=mm&r=g","caption":"\u00d8rjan Zazzera Johansen"},"url":"https:\/\/www.jaermuseet.no\/garborgsenteret\/author\/orjo\/"}]}},"cc_featured_image_caption":{"caption_text":"","source_text":"","source_url":""},"jetpack_featured_media_url":"https:\/\/www.jaermuseet.no\/garborgsenteret\/wp-content\/uploads\/sites\/2\/2021\/01\/2021-01-22_oej28bearb-scaled-e1611759182313.jpg","jetpack_sharing_enabled":true,"_links":{"self":[{"href":"https:\/\/www.jaermuseet.no\/garborgsenteret\/wp-json\/wp\/v2\/posts\/8582","targetHints":{"allow":["GET"]}}],"collection":[{"href":"https:\/\/www.jaermuseet.no\/garborgsenteret\/wp-json\/wp\/v2\/posts"}],"about":[{"href":"https:\/\/www.jaermuseet.no\/garborgsenteret\/wp-json\/wp\/v2\/types\/post"}],"author":[{"embeddable":true,"href":"https:\/\/www.jaermuseet.no\/garborgsenteret\/wp-json\/wp\/v2\/users\/17"}],"replies":[{"embeddable":true,"href":"https:\/\/www.jaermuseet.no\/garborgsenteret\/wp-json\/wp\/v2\/comments?post=8582"}],"version-history":[{"count":3,"href":"https:\/\/www.jaermuseet.no\/garborgsenteret\/wp-json\/wp\/v2\/posts\/8582\/revisions"}],"predecessor-version":[{"id":8810,"href":"https:\/\/www.jaermuseet.no\/garborgsenteret\/wp-json\/wp\/v2\/posts\/8582\/revisions\/8810"}],"wp:featuredmedia":[{"embeddable":true,"href":"https:\/\/www.jaermuseet.no\/garborgsenteret\/wp-json\/wp\/v2\/media\/8200"}],"wp:attachment":[{"href":"https:\/\/www.jaermuseet.no\/garborgsenteret\/wp-json\/wp\/v2\/media?parent=8582"}],"wp:term":[{"taxonomy":"category","embeddable":true,"href":"https:\/\/www.jaermuseet.no\/garborgsenteret\/wp-json\/wp\/v2\/categories?post=8582"},{"taxonomy":"post_tag","embeddable":true,"href":"https:\/\/www.jaermuseet.no\/garborgsenteret\/wp-json\/wp\/v2\/tags?post=8582"}],"curies":[{"name":"wp","href":"https:\/\/api.w.org\/{rel}","templated":true}]}}