{"id":7357,"date":"2019-11-27T10:38:49","date_gmt":"2019-11-27T08:38:49","guid":{"rendered":"https:\/\/www.jaermuseet.no\/garborgsenteret\/?p=7357"},"modified":"2021-08-24T13:16:09","modified_gmt":"2021-08-24T11:16:09","slug":"den-bortkomne-faderen-er-saerskilt-aktuell","status":"publish","type":"post","link":"https:\/\/www.jaermuseet.no\/garborgsenteret\/den-bortkomne-faderen-er-saerskilt-aktuell\/","title":{"rendered":"&#8220;Den bortkomne Faderen er s\u00e6rskilt aktuell&#8221;"},"content":{"rendered":"<blockquote><p><em>Eg hadde levd som&nbsp;den bortkomne sonen og var som han komen i naud; men d\u00e5 eg som han s\u00f8kte heim att, var Faderen borte.<\/em><\/p><\/blockquote>\n<p>20. og 21. november avslutta Torbj\u00f8rn Berglund Eriksen Den bortkomne Faderen-turneen sin med to forestillingar p\u00e5 Tou i Stavanger. D\u00e5 hadde han lese Arne Garborg sin roman fr\u00e5 1899 p\u00e5 Garborgsenteret og innom Litteraturhuset i Oslo, Labr\u00e5ten i Asker, N\u00f8tter\u00f8y og Feda. Boka er gjerne rekna som Arne Garborg sitt siste meisterverk, skriven d\u00e5 han var p\u00e5 veg inn i ein tung depresjon og samstundes som han bygde seg sommarstove p\u00e5 J\u00e6ren for \u00e5 koma seg heim og familien flytta fr\u00e5 Kolbotn i Tynset til Labr\u00e5ten i Asker. Diktarens eksistensielle krise gav seg uttrykk i heimlengt, gudstvil og ein fullkomen poetisk form. I tillegg til \u00e5 lesa har Eriksen komponert musikk som han spelar sj\u00f8lv som ein del av forestillinga.<\/p>\n<p>Avdelingsdirekt\u00f8ren p\u00e5 Garborgsenteret, Inger Undheim, initierte prosjektet i h\u00f8ve Garborgdagar 2019, og var full av lovord om Torbj\u00f8rn etter ekstraforestillinga p\u00e5 Tou. \u00abTorbj\u00f8rn er ein ekstremt musikalsk skodespelar. I Den bortkomne Faderen er klang og rytme framtredande,&nbsp;men at han skulle komponera eigen musikk til forestillinga var likevel over all forventning. Resultatet har blitt um\u00e5teleg bra: vakkert, r\u00f8rande, vemodig og frydefullt. Torbj\u00f8rns lesing og musikk forsterkar den poetiske krafta.\u00bb<\/p>\n<blockquote><p><em>Og dei r\u00f8ynde sin visdom og sine sj\u00e5glas, og rekna seg gjennom himlar og heimar og ransaka stjernet\u00e5ker og avgrunnar; men dei sa: &#8220;Faderen er borte, og me finn han ikkje.&#8221;<\/em><\/p><\/blockquote>\n<p>&#8220;Boka tek for seg tidlause sp\u00f8rsm\u00e5l&#8221;, seier Eriksen sj\u00f8lv. &#8220;Det er derfor ein enkel sak \u00e5 trekka fram aktualiteten. Men i v\u00e5r moderne og omskiftelege tid kor gamle tradisjonar og truer i s\u00e5 sterk grad blir utfordra, meiner eg at Den bortkomne faderen er s\u00e6rskilt aktuell. Den er eit d\u00f8me p\u00e5 at det \u00e5 retta eit kritisk blikk mot kristen dogmatikk langt ifr\u00e5 er eit nytt fenomen. Men p\u00e5 sitt djuptg\u00e5ande vis er den samstundes eit d\u00f8me p\u00e5 kor avgjerande det er at eit kritisk blikk er forankra i ei grunnleggjande respekt.&#8221;<\/p>\n<blockquote><p><em>Faderen er den som borna skapte i sitt bilete; og dei gjorde han stor, og sette han opp for seg til ei tr\u00f8yst og til ei hjelp; for dei var sm\u00e5e og kunne ikkje vera faderlause. <\/em><em>Men n\u00e5r dei vert st\u00f8rre, og er misn\u00f8gde med tilh\u00f8va, og ikkje f\u00e5r hjelp n\u00e5r dei ber, og ikkje svar n\u00e5r dei sp\u00f8r, d\u00e5 g\u00e5r dei p\u00e5 leit etter Faderen og finn seg sj\u00f8lve.<\/em><\/p><\/blockquote>\n<p>&#8220;Sp\u00f8rsm\u00e5la boka tek for seg er store og alvorlege&#8221;, seier han. &#8220;Med ei forutinntatt haldning kan desse for mange bli oppfatta som depressive. Eg ville gjennom musikk framheva den sterke og positive livsviljen som m\u00e5 liggja til grunn for at Garborg i det heile valde \u00e5 setja ord p\u00e5 desse tankane.&#8221;<\/p>\n<blockquote><p><em>Men d\u00e5 eg var \u00e5leine i det framande landet, og tok til \u00e5 illtrivast, og hugen vart uroleg og dauden banka p\u00e5, tenkte eg: om Faderen er borte, vil eg sj\u00e5 barneheimen.<\/em><\/p><\/blockquote>\n<p>&#8220;Slekta mi stammar fr\u00e5 Time p\u00e5 J\u00e6ren&#8221;, seier Eriksen, som er oppvaksen i Stavanger. &#8220;Oldefar min er f\u00f8dd p\u00e5 Time og hadde ein landstad der. Familien tok gjerne turar til Knudaheio og Garborgheimen. D\u00e5 eg var p\u00e5 Knudaheio for \u00e5 ta bilete til prosjektet var det noko heimsleg ved \u00e5 vera tilbake. P\u00e5 liknande vis f\u00e5r forfattarskapen til Garborg meg til \u00e5 kjenna meg heime.&#8221;<\/p>\n<blockquote><p><em>Og eg sa med meg sj\u00f8lv: Her vil eg d\u00f8y.&nbsp;<\/em><\/p><\/blockquote>\n<p>&#8220;Eg synest det er fascinerande kor ulik kvar framf\u00f8ring blir alt etter kor den finn stad. Turneen har vore som eit eventyr \u2013 heile tida ny. Det seier seg nok sj\u00f8lv, men det \u00e5 f\u00e5 framf\u00f8ra Den bortkomne faderen i stua til Hulda og Arne Garborg si heim p\u00e5 Labr\u00e5ten er ein augneblink eg aldri kjem til \u00e5 gl\u00f8yma.&#8221;<\/p>\n<blockquote><p><em>N\u00e5 er eg heimkomen, men ikkje heime.<\/em><\/p><\/blockquote>\n<p>&#8220;Og om det er noko eg angrar p\u00e5? Det m\u00e5 vel vera at eg ikkje spurde om lov til \u00e5 campa i hagen til Hulda og Arne p\u00e5 Labr\u00e5ten!&#8221;<\/p>\n<blockquote><p><em>Men end\u00e5 vinn eg heim. Det er berre den siste kneiken att; og dette tronge rommet skal vera min inngang til kvila.<\/em><\/p><\/blockquote>\n<p>&#8220;Ein god ven og regiss\u00f8r har ein gong oppfordra meg som skodespelar til \u00e5 oppdaga teksten samstundes som eg framf\u00f8rer han. Dette synest eg har vore ein god tanke \u00e5 ha med meg i mitt arbeid fordi det handlar om \u00e5 skapa rom for oppdagingar. Det same trur eg gjeld det \u00e5 lytta til ein tekst saman med andre i motsetning til \u00e5 lesa han \u00e5leine. Rett nok kan ein sj\u00f8lvsagt oppdaga mykje \u00e5leine, men i fellesskap kan ein kanskje oppdaga meir.&#8221;<a href=\"https:\/\/www.jaermuseet.no\/garborgsenteret\/den-bortkomne-faderen-er-saerskilt-aktuell\/torbjorn3\/\" rel=\"attachment wp-att-7369\"><img loading=\"lazy\" decoding=\"async\" width=\"2560\" height=\"1707\" class=\"alignnone size-full wp-image-7369\" src=\"https:\/\/www.jaermuseet.no\/wp-content\/uploads\/sites\/2\/2019\/11\/torbj\u00f8rn3-scaled.jpeg\" alt=\"\" srcset=\"https:\/\/www.jaermuseet.no\/garborgsenteret\/wp-content\/uploads\/sites\/2\/2019\/11\/torbj\u00f8rn3-scaled.jpeg 2560w, https:\/\/www.jaermuseet.no\/garborgsenteret\/wp-content\/uploads\/sites\/2\/2019\/11\/torbj\u00f8rn3-300x200.jpeg 300w, https:\/\/www.jaermuseet.no\/garborgsenteret\/wp-content\/uploads\/sites\/2\/2019\/11\/torbj\u00f8rn3-1024x683.jpeg 1024w, https:\/\/www.jaermuseet.no\/garborgsenteret\/wp-content\/uploads\/sites\/2\/2019\/11\/torbj\u00f8rn3-1536x1024.jpeg 1536w, https:\/\/www.jaermuseet.no\/garborgsenteret\/wp-content\/uploads\/sites\/2\/2019\/11\/torbj\u00f8rn3-2048x1365.jpeg 2048w, https:\/\/www.jaermuseet.no\/garborgsenteret\/wp-content\/uploads\/sites\/2\/2019\/11\/torbj\u00f8rn3-250x167.jpeg 250w\" sizes=\"auto, (max-width: 2560px) 100vw, 2560px\" \/><\/a><\/p>\n<p>&#8220;Utfordringa ligg i forarbeidet. Som skodespelar er eg van med \u00e5 tenkja dramaturgi. For \u00e5 halda merksemda konsentrert i s\u00e5 lang tid, krev det grundig gjennomtenkt dramaturgi. Fordelen med \u00e5 minimera b\u00e5de scenografi og tal p\u00e5 skodespelarar p\u00e5 scena, er at publikum i st\u00f8rre grad skaper seg sine eigne bilete.&#8221;<\/p>\n<blockquote><p><em>Og eg tenkte meg om og sa: Kva vil eg med Faderen? Eg har aldri kjent Faderen.<\/em><\/p><\/blockquote>\n<p>&#8220;Prosjektet, som fyrst blei initiert av Inger Undheim, opna opp ein ny innfallsvinkel for meg til det \u00e5 driva med scenekunst. Det \u00e5 mininera uttrykk, og berre oppdaga ei tekst i fellesskap med andre,<br \/>\nvekte p\u00e5 sitt enkle vis ei sterk interesse som eg fekk lyst til \u00e5 utforska vidare. Eg trur eg vel \u00e5 setja opp eit skilje mellom litteratur og god litteratur. God litteratur er viktig.&#8221;<\/p>\n<blockquote><p><em>Eg trudde p\u00e5 Gud og var redd; for Gud var farleg. Han gj\u00e6tte meg med augo av eld, og han s\u00e5g alt; og alt var vondt; og alt vondt kveikte hans harme, og Herrens dag skulle koma som ein tjuv om natta.<\/em><\/p><\/blockquote>\n<p>&#8220;Det er alltid ei god kjensle \u00e5 fullf\u00f8ra noko&#8221;, seier han om at turneen er over. &#8220;S\u00e6rleg n\u00e5r det har blitt s\u00e5 godt mottatt. Men ferdig med prosjektet er eg nok ikkje. Den bortkomne Faderen ligg klar til h\u00f8vet dukkar opp<em>.&#8221;<\/em><\/p>\n<blockquote><p><em>Og alltid n\u00e5r eg ville vera glad m\u00e5tte eg gl\u00f8yma Gud.<\/em><\/p><\/blockquote>\n<p>&#8220;Dette blir noko nytt og annleis&#8221;, seier Eriksen om Kolbotnbrev, som han skal lesa under Garborgdagar 2020. Kolbotnbrev kom ut i 1890 og er eit spesielt verk med heilt andre kvalitetar enn Den bortkomne faderen. Kanskje g\u00e5r det an \u00e5 seia at dei to b\u00f8kene er ein slags motpolar i Arne Garborg sin forfattarskap. Anerkjende er dei likevel, begge, og s\u00e6rskilt naturskildringane i Kolbotnbrev er blitt l\u00f8fta fram av mange. &#8220;Eg har no gjort meg nokre erfaringar med lesing av ei tekst av Garborg&#8221;, seier han. &#8220;Men dette er ein annan tekst, og eg vel \u00e5 sj\u00e5 p\u00e5 utvalet eg skal lesa fr\u00e5 Kolbotnbrev med heilt friske augo. Som skodespelar har eg vent meg til \u00e5 seia minst mogleg om kva eg sj\u00f8lv synest, slik at teksten sj\u00f8lv f\u00e5r seia det ho vil til kvar enkelt.&#8221;<\/p>\n<blockquote><p><em>Og Faderen er borte; men n\u00e5r dagen lir til kvelds g\u00e5r eg heim til mor, til mi rette mor, heim til naturen.<\/em><\/p><\/blockquote>\n<p>&#8220;Kolbotnbrev? Eg gler meg!&#8221;<\/p>\n<p>Urframf\u00f8ringa av Kolbotnbrev er ein del av Garborgdagar 2020 og skjer p\u00e5 Garborgsenteret s\u00f8ndag 19. januar. Me gler oss \u00f2g!<\/p>\n<hr>\n<p>Tekstutdraga er henta fr\u00e5 Arne Garborgs <em>Den bortkomne Faderen<\/em>, revidert av Sigbj\u00f8rn Reime, utgitt av Time kommune i 2008.<\/p>\n<p>Foto, \u00f8vst: \u00d8rjan Zazzera Johansen, Garborgsenteret, tatt etter framf\u00f8ringa av Den bortkomne faderen p\u00e5 Tou i Stavanger 20. november 2019.<\/p>\n<p>Foto, nedst: Ove Larsen, tatt under framf\u00f8ringa av Den bortkomne faderen p\u00e5 Huset i Feda 16. oktober 2019.<\/p>\n<p>&nbsp;<\/p>\n<p>&nbsp;<\/p>\n","protected":false},"excerpt":{"rendered":"<p>Eg hadde levd som&nbsp;den bortkomne sonen og var som han&#8230;<\/p>\n","protected":false},"author":17,"featured_media":7360,"comment_status":"closed","ping_status":"closed","sticky":false,"template":"","format":"standard","meta":{"_acf_changed":false,"_jetpack_memberships_contains_paid_content":false,"footnotes":""},"categories":[13],"tags":[],"class_list":["post-7357","post","type-post","status-publish","format-standard","has-post-thumbnail","hentry","category-nytt-fra-garborgsenteret","featured-image-size-large"],"acf":[],"yoast_head":"<!-- This site is optimized with the Yoast SEO plugin v27.4 - https:\/\/yoast.com\/product\/yoast-seo-wordpress\/ -->\n<title>&quot;Den bortkomne Faderen er s\u00e6rskilt aktuell&quot; - Garborgsenteret<\/title>\n<meta name=\"robots\" content=\"index, follow, max-snippet:-1, max-image-preview:large, max-video-preview:-1\" \/>\n<link rel=\"canonical\" href=\"https:\/\/www.jaermuseet.no\/garborgsenteret\/den-bortkomne-faderen-er-saerskilt-aktuell\/\" \/>\n<meta property=\"og:locale\" content=\"nn_NO\" \/>\n<meta property=\"og:type\" content=\"article\" \/>\n<meta property=\"og:title\" content=\"&quot;Den bortkomne Faderen er s\u00e6rskilt aktuell&quot; - Garborgsenteret\" \/>\n<meta property=\"og:description\" content=\"Eg hadde levd som&nbsp;den bortkomne sonen og var som han...\" \/>\n<meta property=\"og:url\" content=\"https:\/\/www.jaermuseet.no\/garborgsenteret\/den-bortkomne-faderen-er-saerskilt-aktuell\/\" \/>\n<meta property=\"og:site_name\" content=\"Garborgsenteret\" \/>\n<meta property=\"article:published_time\" content=\"2019-11-27T08:38:49+00:00\" \/>\n<meta property=\"article:modified_time\" content=\"2021-08-24T11:16:09+00:00\" \/>\n<meta property=\"og:image\" content=\"https:\/\/www.jaermuseet.no\/wp-content\/uploads\/sites\/2\/2019\/11\/2019-11-20_oej07bearb.jpg\" \/>\n\t<meta property=\"og:image:width\" content=\"2560\" \/>\n\t<meta property=\"og:image:height\" content=\"1440\" \/>\n\t<meta property=\"og:image:type\" content=\"image\/jpeg\" \/>\n<meta name=\"author\" content=\"\u00d8rjan Zazzera Johansen\" \/>\n<meta name=\"twitter:card\" content=\"summary_large_image\" \/>\n<meta name=\"twitter:label1\" content=\"Written by\" \/>\n\t<meta name=\"twitter:data1\" content=\"\u00d8rjan Zazzera Johansen\" \/>\n\t<meta name=\"twitter:label2\" content=\"Est. reading time\" \/>\n\t<meta name=\"twitter:data2\" content=\"6 minutt\" \/>\n<script type=\"application\/ld+json\" class=\"yoast-schema-graph\">{\"@context\":\"https:\\\/\\\/schema.org\",\"@graph\":[{\"@type\":\"Article\",\"@id\":\"https:\\\/\\\/www.jaermuseet.no\\\/garborgsenteret\\\/den-bortkomne-faderen-er-saerskilt-aktuell\\\/#article\",\"isPartOf\":{\"@id\":\"https:\\\/\\\/www.jaermuseet.no\\\/garborgsenteret\\\/den-bortkomne-faderen-er-saerskilt-aktuell\\\/\"},\"author\":{\"name\":\"\u00d8rjan Zazzera Johansen\",\"@id\":\"https:\\\/\\\/www.jaermuseet.no\\\/garborgsenteret\\\/#\\\/schema\\\/person\\\/52c44fabae367c881e773d89b13f6a39\"},\"headline\":\"&#8220;Den bortkomne Faderen er s\u00e6rskilt aktuell&#8221;\",\"datePublished\":\"2019-11-27T08:38:49+00:00\",\"dateModified\":\"2021-08-24T11:16:09+00:00\",\"mainEntityOfPage\":{\"@id\":\"https:\\\/\\\/www.jaermuseet.no\\\/garborgsenteret\\\/den-bortkomne-faderen-er-saerskilt-aktuell\\\/\"},\"wordCount\":1281,\"image\":{\"@id\":\"https:\\\/\\\/www.jaermuseet.no\\\/garborgsenteret\\\/den-bortkomne-faderen-er-saerskilt-aktuell\\\/#primaryimage\"},\"thumbnailUrl\":\"https:\\\/\\\/www.jaermuseet.no\\\/garborgsenteret\\\/wp-content\\\/uploads\\\/sites\\\/2\\\/2019\\\/11\\\/2019-11-20_oej07bearb.jpg\",\"articleSection\":[\"Nytt\"],\"inLanguage\":\"nn-NO\"},{\"@type\":\"WebPage\",\"@id\":\"https:\\\/\\\/www.jaermuseet.no\\\/garborgsenteret\\\/den-bortkomne-faderen-er-saerskilt-aktuell\\\/\",\"url\":\"https:\\\/\\\/www.jaermuseet.no\\\/garborgsenteret\\\/den-bortkomne-faderen-er-saerskilt-aktuell\\\/\",\"name\":\"\\\"Den bortkomne Faderen er s\u00e6rskilt aktuell\\\" - Garborgsenteret\",\"isPartOf\":{\"@id\":\"https:\\\/\\\/www.jaermuseet.no\\\/garborgsenteret\\\/#website\"},\"primaryImageOfPage\":{\"@id\":\"https:\\\/\\\/www.jaermuseet.no\\\/garborgsenteret\\\/den-bortkomne-faderen-er-saerskilt-aktuell\\\/#primaryimage\"},\"image\":{\"@id\":\"https:\\\/\\\/www.jaermuseet.no\\\/garborgsenteret\\\/den-bortkomne-faderen-er-saerskilt-aktuell\\\/#primaryimage\"},\"thumbnailUrl\":\"https:\\\/\\\/www.jaermuseet.no\\\/garborgsenteret\\\/wp-content\\\/uploads\\\/sites\\\/2\\\/2019\\\/11\\\/2019-11-20_oej07bearb.jpg\",\"datePublished\":\"2019-11-27T08:38:49+00:00\",\"dateModified\":\"2021-08-24T11:16:09+00:00\",\"author\":{\"@id\":\"https:\\\/\\\/www.jaermuseet.no\\\/garborgsenteret\\\/#\\\/schema\\\/person\\\/52c44fabae367c881e773d89b13f6a39\"},\"breadcrumb\":{\"@id\":\"https:\\\/\\\/www.jaermuseet.no\\\/garborgsenteret\\\/den-bortkomne-faderen-er-saerskilt-aktuell\\\/#breadcrumb\"},\"inLanguage\":\"nn-NO\",\"potentialAction\":[{\"@type\":\"ReadAction\",\"target\":[\"https:\\\/\\\/www.jaermuseet.no\\\/garborgsenteret\\\/den-bortkomne-faderen-er-saerskilt-aktuell\\\/\"]}]},{\"@type\":\"ImageObject\",\"inLanguage\":\"nn-NO\",\"@id\":\"https:\\\/\\\/www.jaermuseet.no\\\/garborgsenteret\\\/den-bortkomne-faderen-er-saerskilt-aktuell\\\/#primaryimage\",\"url\":\"https:\\\/\\\/www.jaermuseet.no\\\/garborgsenteret\\\/wp-content\\\/uploads\\\/sites\\\/2\\\/2019\\\/11\\\/2019-11-20_oej07bearb.jpg\",\"contentUrl\":\"https:\\\/\\\/www.jaermuseet.no\\\/garborgsenteret\\\/wp-content\\\/uploads\\\/sites\\\/2\\\/2019\\\/11\\\/2019-11-20_oej07bearb.jpg\",\"width\":2560,\"height\":1440},{\"@type\":\"BreadcrumbList\",\"@id\":\"https:\\\/\\\/www.jaermuseet.no\\\/garborgsenteret\\\/den-bortkomne-faderen-er-saerskilt-aktuell\\\/#breadcrumb\",\"itemListElement\":[{\"@type\":\"ListItem\",\"position\":1,\"name\":\"Hjem\",\"item\":\"https:\\\/\\\/www.jaermuseet.no\\\/garborgsenteret\\\/\"},{\"@type\":\"ListItem\",\"position\":2,\"name\":\"&laquo;Den bortkomne Faderen er s\u00e6rskilt aktuell&raquo;\"}]},{\"@type\":\"WebSite\",\"@id\":\"https:\\\/\\\/www.jaermuseet.no\\\/garborgsenteret\\\/#website\",\"url\":\"https:\\\/\\\/www.jaermuseet.no\\\/garborgsenteret\\\/\",\"name\":\"Garborgsenteret\",\"description\":\"A national arena to promote the interest for authors Arne and Hulda Garborg\",\"potentialAction\":[{\"@type\":\"SearchAction\",\"target\":{\"@type\":\"EntryPoint\",\"urlTemplate\":\"https:\\\/\\\/www.jaermuseet.no\\\/garborgsenteret\\\/?s={search_term_string}\"},\"query-input\":{\"@type\":\"PropertyValueSpecification\",\"valueRequired\":true,\"valueName\":\"search_term_string\"}}],\"inLanguage\":\"nn-NO\"},{\"@type\":\"Person\",\"@id\":\"https:\\\/\\\/www.jaermuseet.no\\\/garborgsenteret\\\/#\\\/schema\\\/person\\\/52c44fabae367c881e773d89b13f6a39\",\"name\":\"\u00d8rjan Zazzera Johansen\",\"image\":{\"@type\":\"ImageObject\",\"inLanguage\":\"nn-NO\",\"@id\":\"https:\\\/\\\/secure.gravatar.com\\\/avatar\\\/0b86a48618c6ca6592b74ea11c3de001ac75d3e294240f39e05a080f19386fb4?s=96&d=mm&r=g\",\"url\":\"https:\\\/\\\/secure.gravatar.com\\\/avatar\\\/0b86a48618c6ca6592b74ea11c3de001ac75d3e294240f39e05a080f19386fb4?s=96&d=mm&r=g\",\"contentUrl\":\"https:\\\/\\\/secure.gravatar.com\\\/avatar\\\/0b86a48618c6ca6592b74ea11c3de001ac75d3e294240f39e05a080f19386fb4?s=96&d=mm&r=g\",\"caption\":\"\u00d8rjan Zazzera Johansen\"},\"url\":\"https:\\\/\\\/www.jaermuseet.no\\\/garborgsenteret\\\/author\\\/orjo\\\/\"}]}<\/script>\n<!-- \/ Yoast SEO plugin. -->","yoast_head_json":{"title":"\"Den bortkomne Faderen er s\u00e6rskilt aktuell\" - Garborgsenteret","robots":{"index":"index","follow":"follow","max-snippet":"max-snippet:-1","max-image-preview":"max-image-preview:large","max-video-preview":"max-video-preview:-1"},"canonical":"https:\/\/www.jaermuseet.no\/garborgsenteret\/den-bortkomne-faderen-er-saerskilt-aktuell\/","og_locale":"nn_NO","og_type":"article","og_title":"\"Den bortkomne Faderen er s\u00e6rskilt aktuell\" - Garborgsenteret","og_description":"Eg hadde levd som&nbsp;den bortkomne sonen og var som han...","og_url":"https:\/\/www.jaermuseet.no\/garborgsenteret\/den-bortkomne-faderen-er-saerskilt-aktuell\/","og_site_name":"Garborgsenteret","article_published_time":"2019-11-27T08:38:49+00:00","article_modified_time":"2021-08-24T11:16:09+00:00","og_image":[{"width":2560,"height":1440,"url":"https:\/\/www.jaermuseet.no\/wp-content\/uploads\/sites\/2\/2019\/11\/2019-11-20_oej07bearb.jpg","type":"image\/jpeg"}],"author":"\u00d8rjan Zazzera Johansen","twitter_card":"summary_large_image","twitter_misc":{"Written by":"\u00d8rjan Zazzera Johansen","Est. reading time":"6 minutt"},"schema":{"@context":"https:\/\/schema.org","@graph":[{"@type":"Article","@id":"https:\/\/www.jaermuseet.no\/garborgsenteret\/den-bortkomne-faderen-er-saerskilt-aktuell\/#article","isPartOf":{"@id":"https:\/\/www.jaermuseet.no\/garborgsenteret\/den-bortkomne-faderen-er-saerskilt-aktuell\/"},"author":{"name":"\u00d8rjan Zazzera Johansen","@id":"https:\/\/www.jaermuseet.no\/garborgsenteret\/#\/schema\/person\/52c44fabae367c881e773d89b13f6a39"},"headline":"&#8220;Den bortkomne Faderen er s\u00e6rskilt aktuell&#8221;","datePublished":"2019-11-27T08:38:49+00:00","dateModified":"2021-08-24T11:16:09+00:00","mainEntityOfPage":{"@id":"https:\/\/www.jaermuseet.no\/garborgsenteret\/den-bortkomne-faderen-er-saerskilt-aktuell\/"},"wordCount":1281,"image":{"@id":"https:\/\/www.jaermuseet.no\/garborgsenteret\/den-bortkomne-faderen-er-saerskilt-aktuell\/#primaryimage"},"thumbnailUrl":"https:\/\/www.jaermuseet.no\/garborgsenteret\/wp-content\/uploads\/sites\/2\/2019\/11\/2019-11-20_oej07bearb.jpg","articleSection":["Nytt"],"inLanguage":"nn-NO"},{"@type":"WebPage","@id":"https:\/\/www.jaermuseet.no\/garborgsenteret\/den-bortkomne-faderen-er-saerskilt-aktuell\/","url":"https:\/\/www.jaermuseet.no\/garborgsenteret\/den-bortkomne-faderen-er-saerskilt-aktuell\/","name":"\"Den bortkomne Faderen er s\u00e6rskilt aktuell\" - Garborgsenteret","isPartOf":{"@id":"https:\/\/www.jaermuseet.no\/garborgsenteret\/#website"},"primaryImageOfPage":{"@id":"https:\/\/www.jaermuseet.no\/garborgsenteret\/den-bortkomne-faderen-er-saerskilt-aktuell\/#primaryimage"},"image":{"@id":"https:\/\/www.jaermuseet.no\/garborgsenteret\/den-bortkomne-faderen-er-saerskilt-aktuell\/#primaryimage"},"thumbnailUrl":"https:\/\/www.jaermuseet.no\/garborgsenteret\/wp-content\/uploads\/sites\/2\/2019\/11\/2019-11-20_oej07bearb.jpg","datePublished":"2019-11-27T08:38:49+00:00","dateModified":"2021-08-24T11:16:09+00:00","author":{"@id":"https:\/\/www.jaermuseet.no\/garborgsenteret\/#\/schema\/person\/52c44fabae367c881e773d89b13f6a39"},"breadcrumb":{"@id":"https:\/\/www.jaermuseet.no\/garborgsenteret\/den-bortkomne-faderen-er-saerskilt-aktuell\/#breadcrumb"},"inLanguage":"nn-NO","potentialAction":[{"@type":"ReadAction","target":["https:\/\/www.jaermuseet.no\/garborgsenteret\/den-bortkomne-faderen-er-saerskilt-aktuell\/"]}]},{"@type":"ImageObject","inLanguage":"nn-NO","@id":"https:\/\/www.jaermuseet.no\/garborgsenteret\/den-bortkomne-faderen-er-saerskilt-aktuell\/#primaryimage","url":"https:\/\/www.jaermuseet.no\/garborgsenteret\/wp-content\/uploads\/sites\/2\/2019\/11\/2019-11-20_oej07bearb.jpg","contentUrl":"https:\/\/www.jaermuseet.no\/garborgsenteret\/wp-content\/uploads\/sites\/2\/2019\/11\/2019-11-20_oej07bearb.jpg","width":2560,"height":1440},{"@type":"BreadcrumbList","@id":"https:\/\/www.jaermuseet.no\/garborgsenteret\/den-bortkomne-faderen-er-saerskilt-aktuell\/#breadcrumb","itemListElement":[{"@type":"ListItem","position":1,"name":"Hjem","item":"https:\/\/www.jaermuseet.no\/garborgsenteret\/"},{"@type":"ListItem","position":2,"name":"&laquo;Den bortkomne Faderen er s\u00e6rskilt aktuell&raquo;"}]},{"@type":"WebSite","@id":"https:\/\/www.jaermuseet.no\/garborgsenteret\/#website","url":"https:\/\/www.jaermuseet.no\/garborgsenteret\/","name":"Garborgsenteret","description":"A national arena to promote the interest for authors Arne and Hulda Garborg","potentialAction":[{"@type":"SearchAction","target":{"@type":"EntryPoint","urlTemplate":"https:\/\/www.jaermuseet.no\/garborgsenteret\/?s={search_term_string}"},"query-input":{"@type":"PropertyValueSpecification","valueRequired":true,"valueName":"search_term_string"}}],"inLanguage":"nn-NO"},{"@type":"Person","@id":"https:\/\/www.jaermuseet.no\/garborgsenteret\/#\/schema\/person\/52c44fabae367c881e773d89b13f6a39","name":"\u00d8rjan Zazzera Johansen","image":{"@type":"ImageObject","inLanguage":"nn-NO","@id":"https:\/\/secure.gravatar.com\/avatar\/0b86a48618c6ca6592b74ea11c3de001ac75d3e294240f39e05a080f19386fb4?s=96&d=mm&r=g","url":"https:\/\/secure.gravatar.com\/avatar\/0b86a48618c6ca6592b74ea11c3de001ac75d3e294240f39e05a080f19386fb4?s=96&d=mm&r=g","contentUrl":"https:\/\/secure.gravatar.com\/avatar\/0b86a48618c6ca6592b74ea11c3de001ac75d3e294240f39e05a080f19386fb4?s=96&d=mm&r=g","caption":"\u00d8rjan Zazzera Johansen"},"url":"https:\/\/www.jaermuseet.no\/garborgsenteret\/author\/orjo\/"}]}},"cc_featured_image_caption":{"caption_text":"","source_text":"","source_url":""},"jetpack_featured_media_url":"https:\/\/www.jaermuseet.no\/garborgsenteret\/wp-content\/uploads\/sites\/2\/2019\/11\/2019-11-20_oej07bearb.jpg","jetpack_sharing_enabled":true,"_links":{"self":[{"href":"https:\/\/www.jaermuseet.no\/garborgsenteret\/wp-json\/wp\/v2\/posts\/7357","targetHints":{"allow":["GET"]}}],"collection":[{"href":"https:\/\/www.jaermuseet.no\/garborgsenteret\/wp-json\/wp\/v2\/posts"}],"about":[{"href":"https:\/\/www.jaermuseet.no\/garborgsenteret\/wp-json\/wp\/v2\/types\/post"}],"author":[{"embeddable":true,"href":"https:\/\/www.jaermuseet.no\/garborgsenteret\/wp-json\/wp\/v2\/users\/17"}],"replies":[{"embeddable":true,"href":"https:\/\/www.jaermuseet.no\/garborgsenteret\/wp-json\/wp\/v2\/comments?post=7357"}],"version-history":[{"count":36,"href":"https:\/\/www.jaermuseet.no\/garborgsenteret\/wp-json\/wp\/v2\/posts\/7357\/revisions"}],"predecessor-version":[{"id":8673,"href":"https:\/\/www.jaermuseet.no\/garborgsenteret\/wp-json\/wp\/v2\/posts\/7357\/revisions\/8673"}],"wp:featuredmedia":[{"embeddable":true,"href":"https:\/\/www.jaermuseet.no\/garborgsenteret\/wp-json\/wp\/v2\/media\/7360"}],"wp:attachment":[{"href":"https:\/\/www.jaermuseet.no\/garborgsenteret\/wp-json\/wp\/v2\/media?parent=7357"}],"wp:term":[{"taxonomy":"category","embeddable":true,"href":"https:\/\/www.jaermuseet.no\/garborgsenteret\/wp-json\/wp\/v2\/categories?post=7357"},{"taxonomy":"post_tag","embeddable":true,"href":"https:\/\/www.jaermuseet.no\/garborgsenteret\/wp-json\/wp\/v2\/tags?post=7357"}],"curies":[{"name":"wp","href":"https:\/\/api.w.org\/{rel}","templated":true}]}}