{"id":7078,"date":"2019-05-21T13:42:06","date_gmt":"2019-05-21T11:42:06","guid":{"rendered":"https:\/\/www.jaermuseet.no\/garborgsenteret\/?p=7078"},"modified":"2019-06-14T13:36:37","modified_gmt":"2019-06-14T11:36:37","slug":"og-stammen-min-er-kunst","status":"publish","type":"post","link":"https:\/\/www.jaermuseet.no\/garborgsenteret\/og-stammen-min-er-kunst\/","title":{"rendered":"&#8230; og stammen min er Kunst"},"content":{"rendered":"<p>Rachel Mwakazi Skj\u00e6rpe er ei av grunnleggjarane i <a href=\"http:\/\/man-go.no\/about-2\/\">ManGo Development<\/a>, ei frittst\u00e5ende og upolitisk foreining som baserer verksemda p\u00e5 like rettigheitar uavhengig av kj\u00f8nn, overbevisning og tru. Dei arbeider mest med \u00e5 fremja utvikling og levevilk\u00e5r i Kenya, Skj\u00e6rpe sitt opprinnelege heimland. N\u00e5 bur ho i Noreg med mannen sin, Vilhelm, som er formann i foreininga. Eit av prosjekta er <strong>My Tribe Is Art<\/strong>, som \u00f2g har gitt namn til utstillinga som opnar p\u00e5 Garborgsenteret 8. juni. Fram til d\u00e5 heng bilda p\u00e5 Frida Hansens hus i Stavanger.<\/p>\n<figure id=\"attachment_7082\" aria-describedby=\"caption-attachment-7082\" style=\"width: 1024px\" class=\"wp-caption alignnone\"><a href=\"https:\/\/www.jaermuseet.no\/garborgsenteret\/og-stammen-min-er-kunst\/2019-05-16_oej24bearb\/\" rel=\"attachment wp-att-7082\"><img loading=\"lazy\" decoding=\"async\" class=\"wp-image-7082 size-large\" src=\"https:\/\/www.jaermuseet.no\/wp-content\/uploads\/sites\/2\/2019\/05\/2019-05-16_oej24bearb-1024x703.jpg\" alt=\"\" width=\"1024\" height=\"703\" srcset=\"https:\/\/www.jaermuseet.no\/garborgsenteret\/wp-content\/uploads\/sites\/2\/2019\/05\/2019-05-16_oej24bearb-1024x703.jpg 1024w, https:\/\/www.jaermuseet.no\/garborgsenteret\/wp-content\/uploads\/sites\/2\/2019\/05\/2019-05-16_oej24bearb-300x206.jpg 300w, https:\/\/www.jaermuseet.no\/garborgsenteret\/wp-content\/uploads\/sites\/2\/2019\/05\/2019-05-16_oej24bearb-250x172.jpg 250w, https:\/\/www.jaermuseet.no\/garborgsenteret\/wp-content\/uploads\/sites\/2\/2019\/05\/2019-05-16_oej24bearb.jpg 1983w\" sizes=\"auto, (max-width: 1024px) 100vw, 1024px\" \/><\/a><figcaption id=\"caption-attachment-7082\" class=\"wp-caption-text\">Bildet til h\u00f8gre er laga av Bella, medan dei til venstre er av Njeri. Fotoet er tatt p\u00e5 Frida Hansens hus i Stavanger.<\/figcaption><\/figure>\n<p>I l\u00f8pet av to \u00e5r har over 100 afrikanske kunstnarar knytt seg til prosjektet. Skj\u00e6rpe fortel om konseptet, og ideen som oppstod i kj\u00f8lvatnet av det mislukka presidentvalet i Kenya i 2017. Valet blei annullert av h\u00f8gsterett etter mistankar om valfusk fr\u00e5 den sittande presidenten. Dette var f\u00f8rste gongen rettssystemet overpr\u00f8vde eit presidentval i Afrika, og kommentatorar s\u00e5g annuleringa som ein slags framgang for demokratiet &#8211; sj\u00f8lv om den umiddelbare effekten var kaos. Dramatiske hendingar fulgte, med drap og tortur, noko som f\u00f8rte til at opposisjonskandidaten trakk seg fr\u00e5 nyvalet. Resultatet blei at mange kenyararar tok avstand fr\u00e5 den kenyanske staten og at gamle stammekonfliktar blussa opp igjen.<\/p>\n<p>&#8220;For \u00e5 betra situasjonen i Kenya&#8221;, seier Skj\u00e6rpe, &#8220;m\u00e5 folket g\u00e5 saman mot korrupsjon og vald, og ikkje setja stammane opp mot kvarandre&#8221;. Eit tiltak er at kunstnarane i My Tribe Is Art ikkje f\u00f8rst og fremst skal identifisera seg ved stammetilh\u00f8yrsle, men ved det at dei er kunstnarar. &#8220;Eg heiter NN og stammen min er Kunst&#8221;. I staden for \u00e5 sp\u00f8rja kenyaranar kva etnisitet dei tilh\u00f8yrer, sp\u00f8r Skj\u00e6rpe om kva dei kan. Sv\u00e6rt ofte f\u00e5r ho svar som har med kunst \u00e5 gjera. Ho oppdaga eit mangfald av kunstuttrykk og ville oppmuntra til \u00e5 spreia dette universelle spr\u00e5ket.<\/p>\n<p>Skj\u00e6rpe fortel historier om unge menneske som ikkje har r\u00e5d til kunstutdanning, men som likevel dedikerer livet sitt til kunsten. Ho har plukka ut dei som har f\u00e5tt vera med p\u00e5 utstillinga, og har sans for dei som \u00f8nsker \u00e5 visa det vakre og sterke med Afrika, ikkje berre nauda. Ho har end\u00e5til fungert som inspirasjon for somme av dei, i det at ho sj\u00f8lv er blitt m\u00e5la.<\/p>\n<p>Eit kunstsal kan gjera ein stor forskjell for kunstnarane i Kenya. ManGo Development \u00f8nsker \u00e5 hjelpa folk til \u00e5 hjelpa seg sj\u00f8lve, anten det er gjennom \u00e5 laga hus eller kunst. Arbeidet skal folk gjera sj\u00f8lv , medan ManGo Development hjelpa til med \u00e5 skaffa byggematerialar eller utstillingslokale. Kunstnarane blir oppmuntra til \u00e5 ta eigarskap over konseptet My Tribe Is Art, og har begynt \u00e5 samarbeida og hjelpa kvarandre og arrangera utstillingar sj\u00f8lve. Ikkje alle kjem fr\u00e5 Kenya heller, representert p\u00e5 utstillinga er kunstnarar fr\u00e5 S\u00f8r-Sudan og Tanzania ogs\u00e5.<\/p>\n<div class=\"tiled-gallery type-rectangular tiled-gallery-unresized\" data-original-width=\"500\" data-carousel-extra='null' itemscope itemtype=\"http:\/\/schema.org\/ImageGallery\" > <div class=\"gallery-row\" style=\"width: 500px; height: 183px;\" data-original-width=\"500\" data-original-height=\"183\" > <div class=\"gallery-group images-1\" style=\"width: 124px; height: 183px;\" data-original-width=\"124\" data-original-height=\"183\" > <div class=\"tiled-gallery-item tiled-gallery-item-small\" itemprop=\"associatedMedia\" itemscope itemtype=\"http:\/\/schema.org\/ImageObject\"> <a href=\"https:\/\/www.jaermuseet.no\/garborgsenteret\/og-stammen-min-er-kunst\/2019-05-16_oej03bearb\/\" border=\"0\" itemprop=\"url\"> <meta itemprop=\"width\" content=\"120\"> <meta itemprop=\"height\" content=\"179\"> <img decoding=\"async\" class=\"\" data-attachment-id=\"7083\" data-orig-file=\"https:\/\/www.jaermuseet.no\/garborgsenteret\/wp-content\/uploads\/sites\/2\/2019\/05\/2019-05-16_oej03bearb.jpg\" data-orig-size=\"1440,2146\" data-comments-opened=\"\" data-image-meta=\"{&quot;aperture&quot;:&quot;1.7&quot;,&quot;credit&quot;:&quot;&quot;,&quot;camera&quot;:&quot;SM-G930F&quot;,&quot;caption&quot;:&quot;&quot;,&quot;created_timestamp&quot;:&quot;1558010455&quot;,&quot;copyright&quot;:&quot;&quot;,&quot;focal_length&quot;:&quot;4.2&quot;,&quot;iso&quot;:&quot;125&quot;,&quot;shutter_speed&quot;:&quot;0.02&quot;,&quot;title&quot;:&quot;&quot;,&quot;orientation&quot;:&quot;1&quot;}\" data-image-title=\"2019-05-16_oej03bearb\" data-image-description=\"&lt;p&gt;My Tribe IS Art, Rachel Skj\u00e6rpe, Frida Hansens hus, oej&lt;\/p&gt; \" data-medium-file=\"https:\/\/www.jaermuseet.no\/garborgsenteret\/wp-content\/uploads\/sites\/2\/2019\/05\/2019-05-16_oej03bearb-201x300.jpg\" data-large-file=\"https:\/\/www.jaermuseet.no\/garborgsenteret\/wp-content\/uploads\/sites\/2\/2019\/05\/2019-05-16_oej03bearb-687x1024.jpg\" src=\"https:\/\/i0.wp.com\/www.jaermuseet.no\/garborgsenteret\/wp-content\/uploads\/sites\/2\/2019\/05\/2019-05-16_oej03bearb.jpg?w=120&#038;h=179&#038;ssl=1\" srcset=\"https:\/\/www.jaermuseet.no\/garborgsenteret\/wp-content\/uploads\/sites\/2\/2019\/05\/2019-05-16_oej03bearb.jpg 1440w, https:\/\/www.jaermuseet.no\/garborgsenteret\/wp-content\/uploads\/sites\/2\/2019\/05\/2019-05-16_oej03bearb-201x300.jpg 201w, https:\/\/www.jaermuseet.no\/garborgsenteret\/wp-content\/uploads\/sites\/2\/2019\/05\/2019-05-16_oej03bearb-687x1024.jpg 687w, https:\/\/www.jaermuseet.no\/garborgsenteret\/wp-content\/uploads\/sites\/2\/2019\/05\/2019-05-16_oej03bearb-250x373.jpg 250w\" width=\"120\" height=\"179\" loading=\"lazy\" data-original-width=\"120\" data-original-height=\"179\" itemprop=\"http:\/\/schema.org\/image\" title=\"2019-05-16_oej03bearb\" alt=\"Skj\u00e6rpe framfor nokre av bilda som syner noko av det vakre med Afrika.\" style=\"width: 120px; height: 179px;\" \/> <\/a> <div class=\"tiled-gallery-caption\" itemprop=\"caption description\"> Skj\u00e6rpe framfor nokre av bilda som syner noko av det vakre med Afrika. <\/div> <\/div> <\/div> <!-- close group --> <div class=\"gallery-group images-1\" style=\"width: 376px; height: 183px;\" data-original-width=\"376\" data-original-height=\"183\" > <div class=\"tiled-gallery-item tiled-gallery-item-large\" itemprop=\"associatedMedia\" itemscope itemtype=\"http:\/\/schema.org\/ImageObject\"> <a href=\"https:\/\/www.jaermuseet.no\/garborgsenteret\/og-stammen-min-er-kunst\/2019-05-16_oej13bearb2\/\" border=\"0\" itemprop=\"url\"> <meta itemprop=\"width\" content=\"372\"> <meta itemprop=\"height\" content=\"179\"> <img decoding=\"async\" class=\"\" data-attachment-id=\"7080\" data-orig-file=\"https:\/\/www.jaermuseet.no\/garborgsenteret\/wp-content\/uploads\/sites\/2\/2019\/05\/2019-05-16_oej13bearb2.jpg\" data-orig-size=\"2422,1166\" data-comments-opened=\"\" data-image-meta=\"{&quot;aperture&quot;:&quot;1.7&quot;,&quot;credit&quot;:&quot;&quot;,&quot;camera&quot;:&quot;SM-G930F&quot;,&quot;caption&quot;:&quot;&quot;,&quot;created_timestamp&quot;:&quot;1558010969&quot;,&quot;copyright&quot;:&quot;&quot;,&quot;focal_length&quot;:&quot;4.2&quot;,&quot;iso&quot;:&quot;100&quot;,&quot;shutter_speed&quot;:&quot;0.01&quot;,&quot;title&quot;:&quot;&quot;,&quot;orientation&quot;:&quot;1&quot;}\" data-image-title=\"2019-05-16_oej13bearb2\" data-image-description=\"&lt;p&gt;My Tribe IS Art, Rachel Skj\u00e6rpe, Frida Hansens hus, oej&lt;\/p&gt; \" data-medium-file=\"https:\/\/www.jaermuseet.no\/garborgsenteret\/wp-content\/uploads\/sites\/2\/2019\/05\/2019-05-16_oej13bearb2-300x144.jpg\" data-large-file=\"https:\/\/www.jaermuseet.no\/garborgsenteret\/wp-content\/uploads\/sites\/2\/2019\/05\/2019-05-16_oej13bearb2-1024x493.jpg\" src=\"https:\/\/i0.wp.com\/www.jaermuseet.no\/garborgsenteret\/wp-content\/uploads\/sites\/2\/2019\/05\/2019-05-16_oej13bearb2.jpg?w=372&#038;h=179&#038;ssl=1\" srcset=\"https:\/\/www.jaermuseet.no\/garborgsenteret\/wp-content\/uploads\/sites\/2\/2019\/05\/2019-05-16_oej13bearb2.jpg 2422w, https:\/\/www.jaermuseet.no\/garborgsenteret\/wp-content\/uploads\/sites\/2\/2019\/05\/2019-05-16_oej13bearb2-300x144.jpg 300w, https:\/\/www.jaermuseet.no\/garborgsenteret\/wp-content\/uploads\/sites\/2\/2019\/05\/2019-05-16_oej13bearb2-1024x493.jpg 1024w, https:\/\/www.jaermuseet.no\/garborgsenteret\/wp-content\/uploads\/sites\/2\/2019\/05\/2019-05-16_oej13bearb2-250x120.jpg 250w\" width=\"372\" height=\"179\" loading=\"lazy\" data-original-width=\"372\" data-original-height=\"179\" itemprop=\"http:\/\/schema.org\/image\" title=\"2019-05-16_oej13bearb2\" alt=\"Kunstnar: Mutahi (My Tribe Is Art).\" style=\"width: 372px; height: 179px;\" \/> <\/a> <div class=\"tiled-gallery-caption\" itemprop=\"caption description\"> Kunstnar: Mutahi (My Tribe Is Art). <\/div> <\/div> <\/div> <!-- close group --> <\/div> <!-- close row --> <div class=\"gallery-row\" style=\"width: 500px; height: 386px;\" data-original-width=\"500\" data-original-height=\"386\" > <div class=\"gallery-group images-2\" style=\"width: 211px; height: 386px;\" data-original-width=\"211\" data-original-height=\"386\" > <div class=\"tiled-gallery-item tiled-gallery-item-small\" itemprop=\"associatedMedia\" itemscope itemtype=\"http:\/\/schema.org\/ImageObject\"> <a href=\"https:\/\/www.jaermuseet.no\/garborgsenteret\/og-stammen-min-er-kunst\/2019-05-16_oej06bearb\/\" border=\"0\" itemprop=\"url\"> <meta itemprop=\"width\" content=\"207\"> <meta itemprop=\"height\" content=\"153\"> <img decoding=\"async\" class=\"\" data-attachment-id=\"7094\" data-orig-file=\"https:\/\/www.jaermuseet.no\/garborgsenteret\/wp-content\/uploads\/sites\/2\/2019\/05\/2019-05-16_oej06bearb.jpg\" data-orig-size=\"1945,1440\" data-comments-opened=\"\" data-image-meta=\"{&quot;aperture&quot;:&quot;1.7&quot;,&quot;credit&quot;:&quot;&quot;,&quot;camera&quot;:&quot;SM-G930F&quot;,&quot;caption&quot;:&quot;&quot;,&quot;created_timestamp&quot;:&quot;1558010630&quot;,&quot;copyright&quot;:&quot;&quot;,&quot;focal_length&quot;:&quot;4.2&quot;,&quot;iso&quot;:&quot;64&quot;,&quot;shutter_speed&quot;:&quot;0.02&quot;,&quot;title&quot;:&quot;&quot;,&quot;orientation&quot;:&quot;1&quot;}\" data-image-title=\"2019-05-16_oej06bearb\" data-image-description=\"\" data-medium-file=\"https:\/\/www.jaermuseet.no\/garborgsenteret\/wp-content\/uploads\/sites\/2\/2019\/05\/2019-05-16_oej06bearb-300x222.jpg\" data-large-file=\"https:\/\/www.jaermuseet.no\/garborgsenteret\/wp-content\/uploads\/sites\/2\/2019\/05\/2019-05-16_oej06bearb-1024x758.jpg\" src=\"https:\/\/i0.wp.com\/www.jaermuseet.no\/garborgsenteret\/wp-content\/uploads\/sites\/2\/2019\/05\/2019-05-16_oej06bearb.jpg?w=207&#038;h=153&#038;ssl=1\" srcset=\"https:\/\/www.jaermuseet.no\/garborgsenteret\/wp-content\/uploads\/sites\/2\/2019\/05\/2019-05-16_oej06bearb.jpg 1945w, https:\/\/www.jaermuseet.no\/garborgsenteret\/wp-content\/uploads\/sites\/2\/2019\/05\/2019-05-16_oej06bearb-300x222.jpg 300w, https:\/\/www.jaermuseet.no\/garborgsenteret\/wp-content\/uploads\/sites\/2\/2019\/05\/2019-05-16_oej06bearb-1024x758.jpg 1024w, https:\/\/www.jaermuseet.no\/garborgsenteret\/wp-content\/uploads\/sites\/2\/2019\/05\/2019-05-16_oej06bearb-250x185.jpg 250w\" width=\"207\" height=\"153\" loading=\"lazy\" data-original-width=\"207\" data-original-height=\"153\" itemprop=\"http:\/\/schema.org\/image\" title=\"2019-05-16_oej06bearb\" alt=\"Kunstnar: Kennedy Kinyua (My Tribe Is Art).\" style=\"width: 207px; height: 153px;\" \/> <\/a> <div class=\"tiled-gallery-caption\" itemprop=\"caption description\"> Kunstnar: Kennedy Kinyua (My Tribe Is Art). <\/div> <\/div> <div class=\"tiled-gallery-item tiled-gallery-item-small\" itemprop=\"associatedMedia\" itemscope itemtype=\"http:\/\/schema.org\/ImageObject\"> <a href=\"https:\/\/www.jaermuseet.no\/garborgsenteret\/og-stammen-min-er-kunst\/2019-05-16_oej07bearbsnu\/\" border=\"0\" itemprop=\"url\"> <meta itemprop=\"width\" content=\"207\"> <meta itemprop=\"height\" content=\"225\"> <img decoding=\"async\" class=\"\" data-attachment-id=\"7099\" data-orig-file=\"https:\/\/www.jaermuseet.no\/garborgsenteret\/wp-content\/uploads\/sites\/2\/2019\/05\/2019-05-16_oej07bearbSnu.jpg\" data-orig-size=\"1023,1111\" data-comments-opened=\"\" data-image-meta=\"{&quot;aperture&quot;:&quot;1.7&quot;,&quot;credit&quot;:&quot;&quot;,&quot;camera&quot;:&quot;SM-G930F&quot;,&quot;caption&quot;:&quot;&quot;,&quot;created_timestamp&quot;:&quot;1558010656&quot;,&quot;copyright&quot;:&quot;&quot;,&quot;focal_length&quot;:&quot;4.2&quot;,&quot;iso&quot;:&quot;80&quot;,&quot;shutter_speed&quot;:&quot;0.02&quot;,&quot;title&quot;:&quot;&quot;,&quot;orientation&quot;:&quot;1&quot;}\" data-image-title=\"2019-05-16_oej07bearbSnu\" data-image-description=\"&lt;p&gt;My Tribe IS Art, Rachel Skj\u00e6rpe, Frida Hansens hus, oej&lt;\/p&gt; \" data-medium-file=\"https:\/\/www.jaermuseet.no\/garborgsenteret\/wp-content\/uploads\/sites\/2\/2019\/05\/2019-05-16_oej07bearbSnu-276x300.jpg\" data-large-file=\"https:\/\/www.jaermuseet.no\/garborgsenteret\/wp-content\/uploads\/sites\/2\/2019\/05\/2019-05-16_oej07bearbSnu-943x1024.jpg\" src=\"https:\/\/i0.wp.com\/www.jaermuseet.no\/garborgsenteret\/wp-content\/uploads\/sites\/2\/2019\/05\/2019-05-16_oej07bearbSnu.jpg?w=207&#038;h=225&#038;ssl=1\" srcset=\"https:\/\/www.jaermuseet.no\/garborgsenteret\/wp-content\/uploads\/sites\/2\/2019\/05\/2019-05-16_oej07bearbSnu.jpg 1023w, https:\/\/www.jaermuseet.no\/garborgsenteret\/wp-content\/uploads\/sites\/2\/2019\/05\/2019-05-16_oej07bearbSnu-276x300.jpg 276w, https:\/\/www.jaermuseet.no\/garborgsenteret\/wp-content\/uploads\/sites\/2\/2019\/05\/2019-05-16_oej07bearbSnu-943x1024.jpg 943w, https:\/\/www.jaermuseet.no\/garborgsenteret\/wp-content\/uploads\/sites\/2\/2019\/05\/2019-05-16_oej07bearbSnu-250x272.jpg 250w\" width=\"207\" height=\"225\" loading=\"lazy\" data-original-width=\"207\" data-original-height=\"225\" itemprop=\"http:\/\/schema.org\/image\" title=\"2019-05-16_oej07bearbSnu\" alt=\"Kunstnar: Deng Ajuech-nak (My Tribe Is Art).\" style=\"width: 207px; height: 225px;\" \/> <\/a> <div class=\"tiled-gallery-caption\" itemprop=\"caption description\"> Kunstnar: Deng Ajuech-nak (My Tribe Is Art). <\/div> <\/div> <\/div> <!-- close group --> <div class=\"gallery-group images-1\" style=\"width: 289px; height: 386px;\" data-original-width=\"289\" data-original-height=\"386\" > <div class=\"tiled-gallery-item tiled-gallery-item-large\" itemprop=\"associatedMedia\" itemscope itemtype=\"http:\/\/schema.org\/ImageObject\"> <a href=\"https:\/\/www.jaermuseet.no\/garborgsenteret\/og-stammen-min-er-kunst\/2019-05-16_oej20bearbsnu\/\" border=\"0\" itemprop=\"url\"> <meta itemprop=\"width\" content=\"285\"> <meta itemprop=\"height\" content=\"382\"> <img decoding=\"async\" class=\"\" data-attachment-id=\"7100\" data-orig-file=\"https:\/\/www.jaermuseet.no\/garborgsenteret\/wp-content\/uploads\/sites\/2\/2019\/05\/2019-05-16_oej20bearbSnu.jpg\" data-orig-size=\"1154,1545\" data-comments-opened=\"\" data-image-meta=\"{&quot;aperture&quot;:&quot;1.7&quot;,&quot;credit&quot;:&quot;&quot;,&quot;camera&quot;:&quot;SM-G930F&quot;,&quot;caption&quot;:&quot;&quot;,&quot;created_timestamp&quot;:&quot;1558011406&quot;,&quot;copyright&quot;:&quot;&quot;,&quot;focal_length&quot;:&quot;4.2&quot;,&quot;iso&quot;:&quot;160&quot;,&quot;shutter_speed&quot;:&quot;0.04&quot;,&quot;title&quot;:&quot;&quot;,&quot;orientation&quot;:&quot;1&quot;}\" data-image-title=\"2019-05-16_oej20bearbSnu\" data-image-description=\"&lt;p&gt;My Tribe Is Art, Rachel Skj\u00e6rpe, Frida Hansens hus, oej&lt;\/p&gt; \" data-medium-file=\"https:\/\/www.jaermuseet.no\/garborgsenteret\/wp-content\/uploads\/sites\/2\/2019\/05\/2019-05-16_oej20bearbSnu-224x300.jpg\" data-large-file=\"https:\/\/www.jaermuseet.no\/garborgsenteret\/wp-content\/uploads\/sites\/2\/2019\/05\/2019-05-16_oej20bearbSnu-765x1024.jpg\" src=\"https:\/\/i0.wp.com\/www.jaermuseet.no\/garborgsenteret\/wp-content\/uploads\/sites\/2\/2019\/05\/2019-05-16_oej20bearbSnu.jpg?w=285&#038;h=382&#038;ssl=1\" srcset=\"https:\/\/www.jaermuseet.no\/garborgsenteret\/wp-content\/uploads\/sites\/2\/2019\/05\/2019-05-16_oej20bearbSnu.jpg 1154w, https:\/\/www.jaermuseet.no\/garborgsenteret\/wp-content\/uploads\/sites\/2\/2019\/05\/2019-05-16_oej20bearbSnu-224x300.jpg 224w, https:\/\/www.jaermuseet.no\/garborgsenteret\/wp-content\/uploads\/sites\/2\/2019\/05\/2019-05-16_oej20bearbSnu-765x1024.jpg 765w, https:\/\/www.jaermuseet.no\/garborgsenteret\/wp-content\/uploads\/sites\/2\/2019\/05\/2019-05-16_oej20bearbSnu-250x335.jpg 250w\" width=\"285\" height=\"382\" loading=\"lazy\" data-original-width=\"285\" data-original-height=\"382\" itemprop=\"http:\/\/schema.org\/image\" title=\"2019-05-16_oej20bearbSnu\" alt=\"2019-05-16_oej20bearbSnu\" style=\"width: 285px; height: 382px;\" \/> <\/a> <\/div> <\/div> <!-- close group --> <\/div> <!-- close row --> <div class=\"gallery-row\" style=\"width: 500px; height: 369px;\" data-original-width=\"500\" data-original-height=\"369\" > <div class=\"gallery-group images-1\" style=\"width: 253px; height: 369px;\" data-original-width=\"253\" data-original-height=\"369\" > <div class=\"tiled-gallery-item tiled-gallery-item-small\" itemprop=\"associatedMedia\" itemscope itemtype=\"http:\/\/schema.org\/ImageObject\"> <a href=\"https:\/\/www.jaermuseet.no\/garborgsenteret\/aktiviteter\/utstillingsopning-my-tribe-is-art\/sanjay\/\" border=\"0\" itemprop=\"url\"> <meta itemprop=\"width\" content=\"249\"> <meta itemprop=\"height\" content=\"365\"> <img decoding=\"async\" class=\"\" data-attachment-id=\"6927\" data-orig-file=\"https:\/\/www.jaermuseet.no\/garborgsenteret\/wp-content\/uploads\/sites\/2\/2019\/01\/Sanjay.jpg\" data-orig-size=\"801,1173\" data-comments-opened=\"\" data-image-meta=\"{&quot;aperture&quot;:&quot;0&quot;,&quot;credit&quot;:&quot;&quot;,&quot;camera&quot;:&quot;Life Pro 7&quot;,&quot;caption&quot;:&quot;&quot;,&quot;created_timestamp&quot;:&quot;0&quot;,&quot;copyright&quot;:&quot;&quot;,&quot;focal_length&quot;:&quot;0&quot;,&quot;iso&quot;:&quot;0&quot;,&quot;shutter_speed&quot;:&quot;0&quot;,&quot;title&quot;:&quot;&quot;,&quot;orientation&quot;:&quot;1&quot;}\" data-image-title=\"Sanjay\" data-image-description=\"\" data-medium-file=\"https:\/\/www.jaermuseet.no\/garborgsenteret\/wp-content\/uploads\/sites\/2\/2019\/01\/Sanjay-205x300.jpg\" data-large-file=\"https:\/\/www.jaermuseet.no\/garborgsenteret\/wp-content\/uploads\/sites\/2\/2019\/01\/Sanjay-699x1024.jpg\" src=\"https:\/\/i0.wp.com\/www.jaermuseet.no\/garborgsenteret\/wp-content\/uploads\/sites\/2\/2019\/01\/Sanjay.jpg?w=249&#038;h=365&#038;ssl=1\" srcset=\"https:\/\/www.jaermuseet.no\/garborgsenteret\/wp-content\/uploads\/sites\/2\/2019\/01\/Sanjay.jpg 801w, https:\/\/www.jaermuseet.no\/garborgsenteret\/wp-content\/uploads\/sites\/2\/2019\/01\/Sanjay-205x300.jpg 205w, https:\/\/www.jaermuseet.no\/garborgsenteret\/wp-content\/uploads\/sites\/2\/2019\/01\/Sanjay-699x1024.jpg 699w, https:\/\/www.jaermuseet.no\/garborgsenteret\/wp-content\/uploads\/sites\/2\/2019\/01\/Sanjay-250x366.jpg 250w\" width=\"249\" height=\"365\" loading=\"lazy\" data-original-width=\"249\" data-original-height=\"365\" itemprop=\"http:\/\/schema.org\/image\" title=\"Sanjay\" alt=\"Kunstnar: Sanjay (My Tribe Is Art).\" style=\"width: 249px; height: 365px;\" \/> <\/a> <div class=\"tiled-gallery-caption\" itemprop=\"caption description\"> Kunstnar: Sanjay (My Tribe Is Art). <\/div> <\/div> <\/div> <!-- close group --> <div class=\"gallery-group images-1\" style=\"width: 247px; height: 369px;\" data-original-width=\"247\" data-original-height=\"369\" > <div class=\"tiled-gallery-item tiled-gallery-item-small\" itemprop=\"associatedMedia\" itemscope itemtype=\"http:\/\/schema.org\/ImageObject\"> <a href=\"https:\/\/www.jaermuseet.no\/garborgsenteret\/aktiviteter\/utstillingsopning-my-tribe-is-art\/modl5577-edit\/\" border=\"0\" itemprop=\"url\"> <meta itemprop=\"width\" content=\"243\"> <meta itemprop=\"height\" content=\"365\"> <img decoding=\"async\" class=\"\" data-attachment-id=\"6925\" data-orig-file=\"https:\/\/www.jaermuseet.no\/garborgsenteret\/wp-content\/uploads\/sites\/2\/2019\/01\/MODL5577-Edit.jpg\" data-orig-size=\"3840,5760\" data-comments-opened=\"\" data-image-meta=\"{&quot;aperture&quot;:&quot;11&quot;,&quot;credit&quot;:&quot;Modan-photography&quot;,&quot;camera&quot;:&quot;Canon EOS 5D Mark III&quot;,&quot;caption&quot;:&quot;&quot;,&quot;created_timestamp&quot;:&quot;1525845736&quot;,&quot;copyright&quot;:&quot;Moses Odanga&quot;,&quot;focal_length&quot;:&quot;135&quot;,&quot;iso&quot;:&quot;50&quot;,&quot;shutter_speed&quot;:&quot;0.00625&quot;,&quot;title&quot;:&quot;&quot;,&quot;orientation&quot;:&quot;0&quot;}\" data-image-title=\"MODL5577-Edit\" data-image-description=\"\" data-medium-file=\"https:\/\/www.jaermuseet.no\/garborgsenteret\/wp-content\/uploads\/sites\/2\/2019\/01\/MODL5577-Edit-200x300.jpg\" data-large-file=\"https:\/\/www.jaermuseet.no\/garborgsenteret\/wp-content\/uploads\/sites\/2\/2019\/01\/MODL5577-Edit-683x1024.jpg\" src=\"https:\/\/i0.wp.com\/www.jaermuseet.no\/garborgsenteret\/wp-content\/uploads\/sites\/2\/2019\/01\/MODL5577-Edit.jpg?w=243&#038;h=365&#038;ssl=1\" srcset=\"https:\/\/www.jaermuseet.no\/garborgsenteret\/wp-content\/uploads\/sites\/2\/2019\/01\/MODL5577-Edit.jpg 3840w, https:\/\/www.jaermuseet.no\/garborgsenteret\/wp-content\/uploads\/sites\/2\/2019\/01\/MODL5577-Edit-200x300.jpg 200w, https:\/\/www.jaermuseet.no\/garborgsenteret\/wp-content\/uploads\/sites\/2\/2019\/01\/MODL5577-Edit-683x1024.jpg 683w, https:\/\/www.jaermuseet.no\/garborgsenteret\/wp-content\/uploads\/sites\/2\/2019\/01\/MODL5577-Edit-250x375.jpg 250w\" width=\"243\" height=\"365\" loading=\"lazy\" data-original-width=\"243\" data-original-height=\"365\" itemprop=\"http:\/\/schema.org\/image\" title=\"MODL5577-Edit\" alt=\"Kunstnar: Kelvin Kariithi (My Tribe Is Art).\" style=\"width: 243px; height: 365px;\" \/> <\/a> <div class=\"tiled-gallery-caption\" itemprop=\"caption description\"> Kunstnar: Kelvin Kariithi (My Tribe Is Art). <\/div> <\/div> <\/div> <!-- close group --> <\/div> <!-- close row --> <div class=\"gallery-row\" style=\"width: 500px; height: 440px;\" data-original-width=\"500\" data-original-height=\"440\" > <div class=\"gallery-group images-1\" style=\"width: 295px; height: 440px;\" data-original-width=\"295\" data-original-height=\"440\" > <div class=\"tiled-gallery-item tiled-gallery-item-large\" itemprop=\"associatedMedia\" itemscope itemtype=\"http:\/\/schema.org\/ImageObject\"> <a href=\"https:\/\/www.jaermuseet.no\/garborgsenteret\/aktiviteter\/utstillingsopning-my-tribe-is-art\/modl5566-edit\/\" border=\"0\" itemprop=\"url\"> <meta itemprop=\"width\" content=\"291\"> <meta itemprop=\"height\" content=\"436\"> <img decoding=\"async\" class=\"\" data-attachment-id=\"6923\" data-orig-file=\"https:\/\/www.jaermuseet.no\/garborgsenteret\/wp-content\/uploads\/sites\/2\/2019\/01\/MODL5566-Edit.jpg\" data-orig-size=\"3840,5760\" data-comments-opened=\"\" data-image-meta=\"{&quot;aperture&quot;:&quot;10&quot;,&quot;credit&quot;:&quot;Modan-photography&quot;,&quot;camera&quot;:&quot;Canon EOS 5D Mark III&quot;,&quot;caption&quot;:&quot;&quot;,&quot;created_timestamp&quot;:&quot;1525845429&quot;,&quot;copyright&quot;:&quot;Moses Odanga&quot;,&quot;focal_length&quot;:&quot;135&quot;,&quot;iso&quot;:&quot;50&quot;,&quot;shutter_speed&quot;:&quot;0.00625&quot;,&quot;title&quot;:&quot;&quot;,&quot;orientation&quot;:&quot;0&quot;}\" data-image-title=\"MODL5566-Edit\" data-image-description=\"\" data-medium-file=\"https:\/\/www.jaermuseet.no\/garborgsenteret\/wp-content\/uploads\/sites\/2\/2019\/01\/MODL5566-Edit-200x300.jpg\" data-large-file=\"https:\/\/www.jaermuseet.no\/garborgsenteret\/wp-content\/uploads\/sites\/2\/2019\/01\/MODL5566-Edit-683x1024.jpg\" src=\"https:\/\/i0.wp.com\/www.jaermuseet.no\/garborgsenteret\/wp-content\/uploads\/sites\/2\/2019\/01\/MODL5566-Edit.jpg?w=291&#038;h=436&#038;ssl=1\" srcset=\"https:\/\/www.jaermuseet.no\/garborgsenteret\/wp-content\/uploads\/sites\/2\/2019\/01\/MODL5566-Edit.jpg 3840w, https:\/\/www.jaermuseet.no\/garborgsenteret\/wp-content\/uploads\/sites\/2\/2019\/01\/MODL5566-Edit-200x300.jpg 200w, https:\/\/www.jaermuseet.no\/garborgsenteret\/wp-content\/uploads\/sites\/2\/2019\/01\/MODL5566-Edit-683x1024.jpg 683w, https:\/\/www.jaermuseet.no\/garborgsenteret\/wp-content\/uploads\/sites\/2\/2019\/01\/MODL5566-Edit-250x375.jpg 250w\" width=\"291\" height=\"436\" loading=\"lazy\" data-original-width=\"291\" data-original-height=\"436\" itemprop=\"http:\/\/schema.org\/image\" title=\"MODL5566-Edit\" alt=\"Kunstnar: Kelvin Kariithi (My Tribe Is Art).\" style=\"width: 291px; height: 436px;\" \/> <\/a> <div class=\"tiled-gallery-caption\" itemprop=\"caption description\"> Kunstnar: Kelvin Kariithi (My Tribe Is Art). <\/div> <\/div> <\/div> <!-- close group --> <div class=\"gallery-group images-3\" style=\"width: 205px; height: 440px;\" data-original-width=\"205\" data-original-height=\"440\" > <div class=\"tiled-gallery-item tiled-gallery-item-small\" itemprop=\"associatedMedia\" itemscope itemtype=\"http:\/\/schema.org\/ImageObject\"> <a href=\"https:\/\/www.jaermuseet.no\/garborgsenteret\/aktiviteter\/utstillingsopning-my-tribe-is-art\/mbwire\/\" border=\"0\" itemprop=\"url\"> <meta itemprop=\"width\" content=\"201\"> <meta itemprop=\"height\" content=\"124\"> <img decoding=\"async\" class=\"\" data-attachment-id=\"6922\" data-orig-file=\"https:\/\/www.jaermuseet.no\/garborgsenteret\/wp-content\/uploads\/sites\/2\/2019\/01\/mbwire.jpg\" data-orig-size=\"5264,3237\" data-comments-opened=\"\" data-image-meta=\"{&quot;aperture&quot;:&quot;0&quot;,&quot;credit&quot;:&quot;&quot;,&quot;camera&quot;:&quot;&quot;,&quot;caption&quot;:&quot;&quot;,&quot;created_timestamp&quot;:&quot;0&quot;,&quot;copyright&quot;:&quot;&quot;,&quot;focal_length&quot;:&quot;0&quot;,&quot;iso&quot;:&quot;0&quot;,&quot;shutter_speed&quot;:&quot;0&quot;,&quot;title&quot;:&quot;&quot;,&quot;orientation&quot;:&quot;1&quot;}\" data-image-title=\"mbwire\" data-image-description=\"\" data-medium-file=\"https:\/\/www.jaermuseet.no\/garborgsenteret\/wp-content\/uploads\/sites\/2\/2019\/01\/mbwire-300x184.jpg\" data-large-file=\"https:\/\/www.jaermuseet.no\/garborgsenteret\/wp-content\/uploads\/sites\/2\/2019\/01\/mbwire-1024x630.jpg\" src=\"https:\/\/i0.wp.com\/www.jaermuseet.no\/garborgsenteret\/wp-content\/uploads\/sites\/2\/2019\/01\/mbwire.jpg?w=201&#038;h=124&#038;ssl=1\" srcset=\"https:\/\/www.jaermuseet.no\/garborgsenteret\/wp-content\/uploads\/sites\/2\/2019\/01\/mbwire.jpg 5264w, https:\/\/www.jaermuseet.no\/garborgsenteret\/wp-content\/uploads\/sites\/2\/2019\/01\/mbwire-300x184.jpg 300w, https:\/\/www.jaermuseet.no\/garborgsenteret\/wp-content\/uploads\/sites\/2\/2019\/01\/mbwire-1024x630.jpg 1024w, https:\/\/www.jaermuseet.no\/garborgsenteret\/wp-content\/uploads\/sites\/2\/2019\/01\/mbwire-250x154.jpg 250w\" width=\"201\" height=\"124\" loading=\"lazy\" data-original-width=\"201\" data-original-height=\"124\" itemprop=\"http:\/\/schema.org\/image\" title=\"mbwire\" alt=\"Kunstnar: Kelvin Kariithi (My Tribe Is Art).\" style=\"width: 201px; height: 124px;\" \/> <\/a> <div class=\"tiled-gallery-caption\" itemprop=\"caption description\"> Kunstnar: Kelvin Kariithi (My Tribe Is Art). <\/div> <\/div> <div class=\"tiled-gallery-item tiled-gallery-item-small\" itemprop=\"associatedMedia\" itemscope itemtype=\"http:\/\/schema.org\/ImageObject\"> <a href=\"https:\/\/www.jaermuseet.no\/garborgsenteret\/aktiviteter\/utstillingsopning-my-tribe-is-art\/img_0009-edit\/\" border=\"0\" itemprop=\"url\"> <meta itemprop=\"width\" content=\"201\"> <meta itemprop=\"height\" content=\"140\"> <img decoding=\"async\" class=\"\" data-attachment-id=\"6882\" data-orig-file=\"https:\/\/www.jaermuseet.no\/garborgsenteret\/wp-content\/uploads\/sites\/2\/2019\/01\/IMG_0009-Edit.jpg\" data-orig-size=\"5031,3507\" data-comments-opened=\"\" data-image-meta=\"{&quot;aperture&quot;:&quot;5&quot;,&quot;credit&quot;:&quot;Moses Odanga&quot;,&quot;camera&quot;:&quot;Canon EOS 6D&quot;,&quot;caption&quot;:&quot;&quot;,&quot;created_timestamp&quot;:&quot;1541082058&quot;,&quot;copyright&quot;:&quot;Modan Photography&quot;,&quot;focal_length&quot;:&quot;50&quot;,&quot;iso&quot;:&quot;50&quot;,&quot;shutter_speed&quot;:&quot;0.008&quot;,&quot;title&quot;:&quot;&quot;,&quot;orientation&quot;:&quot;0&quot;}\" data-image-title=\"IMG_0009-Edit\" data-image-description=\"&lt;p&gt;Foto: Kelvin Kariithi (MyTribeIsArt)&lt;\/p&gt; \" data-medium-file=\"https:\/\/www.jaermuseet.no\/garborgsenteret\/wp-content\/uploads\/sites\/2\/2019\/01\/IMG_0009-Edit-300x209.jpg\" data-large-file=\"https:\/\/www.jaermuseet.no\/garborgsenteret\/wp-content\/uploads\/sites\/2\/2019\/01\/IMG_0009-Edit-1024x714.jpg\" src=\"https:\/\/i0.wp.com\/www.jaermuseet.no\/garborgsenteret\/wp-content\/uploads\/sites\/2\/2019\/01\/IMG_0009-Edit.jpg?w=201&#038;h=140&#038;ssl=1\" srcset=\"https:\/\/www.jaermuseet.no\/garborgsenteret\/wp-content\/uploads\/sites\/2\/2019\/01\/IMG_0009-Edit.jpg 5031w, https:\/\/www.jaermuseet.no\/garborgsenteret\/wp-content\/uploads\/sites\/2\/2019\/01\/IMG_0009-Edit-300x209.jpg 300w, https:\/\/www.jaermuseet.no\/garborgsenteret\/wp-content\/uploads\/sites\/2\/2019\/01\/IMG_0009-Edit-1024x714.jpg 1024w, https:\/\/www.jaermuseet.no\/garborgsenteret\/wp-content\/uploads\/sites\/2\/2019\/01\/IMG_0009-Edit-250x174.jpg 250w, https:\/\/www.jaermuseet.no\/garborgsenteret\/wp-content\/uploads\/sites\/2\/2019\/01\/IMG_0009-Edit-400x280.jpg 400w\" width=\"201\" height=\"140\" loading=\"lazy\" data-original-width=\"201\" data-original-height=\"140\" itemprop=\"http:\/\/schema.org\/image\" title=\"IMG_0009-Edit\" alt=\"Kunstnar: Kelvin Kariithi (My Tribe Is Art).\" style=\"width: 201px; height: 140px;\" \/> <\/a> <div class=\"tiled-gallery-caption\" itemprop=\"caption description\"> Kunstnar: Kelvin Kariithi (My Tribe Is Art). <\/div> <\/div> <div class=\"tiled-gallery-item tiled-gallery-item-small\" itemprop=\"associatedMedia\" itemscope itemtype=\"http:\/\/schema.org\/ImageObject\"> <a href=\"https:\/\/www.jaermuseet.no\/garborgsenteret\/og-stammen-min-er-kunst\/2019-05-16_oej04bearb\/\" border=\"0\" itemprop=\"url\"> <meta itemprop=\"width\" content=\"201\"> <meta itemprop=\"height\" content=\"164\"> <img decoding=\"async\" class=\"\" data-attachment-id=\"7079\" data-orig-file=\"https:\/\/www.jaermuseet.no\/garborgsenteret\/wp-content\/uploads\/sites\/2\/2019\/05\/2019-05-16_oej04bearb.jpg\" data-orig-size=\"1721,1408\" data-comments-opened=\"\" data-image-meta=\"{&quot;aperture&quot;:&quot;1.7&quot;,&quot;credit&quot;:&quot;&quot;,&quot;camera&quot;:&quot;SM-G930F&quot;,&quot;caption&quot;:&quot;&quot;,&quot;created_timestamp&quot;:&quot;1558010514&quot;,&quot;copyright&quot;:&quot;&quot;,&quot;focal_length&quot;:&quot;4.2&quot;,&quot;iso&quot;:&quot;80&quot;,&quot;shutter_speed&quot;:&quot;0.02&quot;,&quot;title&quot;:&quot;&quot;,&quot;orientation&quot;:&quot;1&quot;}\" data-image-title=\"2019-05-16_oej04bearb\" data-image-description=\"&lt;p&gt;My Tribe IS Art, Rachel Skj\u00e6rpe, Frida Hansens hus, oej&lt;\/p&gt; \" data-medium-file=\"https:\/\/www.jaermuseet.no\/garborgsenteret\/wp-content\/uploads\/sites\/2\/2019\/05\/2019-05-16_oej04bearb-300x245.jpg\" data-large-file=\"https:\/\/www.jaermuseet.no\/garborgsenteret\/wp-content\/uploads\/sites\/2\/2019\/05\/2019-05-16_oej04bearb-1024x838.jpg\" src=\"https:\/\/i0.wp.com\/www.jaermuseet.no\/garborgsenteret\/wp-content\/uploads\/sites\/2\/2019\/05\/2019-05-16_oej04bearb.jpg?w=201&#038;h=164&#038;ssl=1\" srcset=\"https:\/\/www.jaermuseet.no\/garborgsenteret\/wp-content\/uploads\/sites\/2\/2019\/05\/2019-05-16_oej04bearb.jpg 1721w, https:\/\/www.jaermuseet.no\/garborgsenteret\/wp-content\/uploads\/sites\/2\/2019\/05\/2019-05-16_oej04bearb-300x245.jpg 300w, https:\/\/www.jaermuseet.no\/garborgsenteret\/wp-content\/uploads\/sites\/2\/2019\/05\/2019-05-16_oej04bearb-1024x838.jpg 1024w, https:\/\/www.jaermuseet.no\/garborgsenteret\/wp-content\/uploads\/sites\/2\/2019\/05\/2019-05-16_oej04bearb-250x205.jpg 250w\" width=\"201\" height=\"164\" loading=\"lazy\" data-original-width=\"201\" data-original-height=\"164\" itemprop=\"http:\/\/schema.org\/image\" title=\"2019-05-16_oej04bearb\" alt=\"Kunstnaren som m\u00e5la Rachel Mwakasi Skj\u00e6rpe heiter Nedia (My Tribe Is Art).\" style=\"width: 201px; height: 164px;\" \/> <\/a> <div class=\"tiled-gallery-caption\" itemprop=\"caption description\"> Kunstnaren som m\u00e5la Rachel Mwakasi Skj\u00e6rpe heiter Nedia (My Tribe Is Art). <\/div> <\/div> <\/div> <!-- close group --> <\/div> <!-- close row --> <\/div>\n<p><strong>My Tribe Is Art<\/strong> opnar p\u00e5 Garborgsenteret\/Time bibliotek 8. juni kl. 13. Utstillinga heng p\u00e5 Garborgenteret og Time bibliotek heile sommaren.<\/p>\n<p>Det \u00f8vste bildet er laga av Mutahi (My Tribe Is Art).<\/p>\n","protected":false},"excerpt":{"rendered":"<p>Rachel Mwakazi Skj\u00e6rpe er ei av grunnleggjarane i ManGo Development,&#8230;<\/p>\n","protected":false},"author":17,"featured_media":7102,"comment_status":"closed","ping_status":"closed","sticky":false,"template":"","format":"standard","meta":{"_acf_changed":false,"_jetpack_memberships_contains_paid_content":false,"footnotes":""},"categories":[13],"tags":[],"class_list":["post-7078","post","type-post","status-publish","format-standard","has-post-thumbnail","hentry","category-nytt-fra-garborgsenteret","featured-image-size-large"],"acf":[],"yoast_head":"<!-- This site is optimized with the Yoast SEO plugin v27.4 - https:\/\/yoast.com\/product\/yoast-seo-wordpress\/ -->\n<title>... og stammen min er Kunst - Garborgsenteret<\/title>\n<meta name=\"robots\" content=\"index, follow, max-snippet:-1, max-image-preview:large, max-video-preview:-1\" \/>\n<link rel=\"canonical\" href=\"https:\/\/www.jaermuseet.no\/garborgsenteret\/og-stammen-min-er-kunst\/\" \/>\n<meta property=\"og:locale\" content=\"nn_NO\" \/>\n<meta property=\"og:type\" content=\"article\" \/>\n<meta property=\"og:title\" content=\"... og stammen min er Kunst - Garborgsenteret\" \/>\n<meta property=\"og:description\" content=\"Rachel Mwakazi Skj\u00e6rpe er ei av grunnleggjarane i ManGo Development,...\" \/>\n<meta property=\"og:url\" content=\"https:\/\/www.jaermuseet.no\/garborgsenteret\/og-stammen-min-er-kunst\/\" \/>\n<meta property=\"og:site_name\" content=\"Garborgsenteret\" \/>\n<meta property=\"article:published_time\" content=\"2019-05-21T11:42:06+00:00\" \/>\n<meta property=\"article:modified_time\" content=\"2019-06-14T11:36:37+00:00\" \/>\n<meta property=\"og:image\" content=\"https:\/\/www.jaermuseet.no\/wp-content\/uploads\/sites\/2\/2019\/05\/2019-05-16_oej15bearb3.jpg\" \/>\n\t<meta property=\"og:image:width\" content=\"825\" \/>\n\t<meta property=\"og:image:height\" content=\"553\" \/>\n\t<meta property=\"og:image:type\" content=\"image\/jpeg\" \/>\n<meta name=\"author\" content=\"\u00d8rjan Zazzera Johansen\" \/>\n<meta name=\"twitter:card\" content=\"summary_large_image\" \/>\n<meta name=\"twitter:label1\" content=\"Written by\" \/>\n\t<meta name=\"twitter:data1\" content=\"\u00d8rjan Zazzera Johansen\" \/>\n\t<meta name=\"twitter:label2\" content=\"Est. reading time\" \/>\n\t<meta name=\"twitter:data2\" content=\"3 minutt\" \/>\n<script type=\"application\/ld+json\" class=\"yoast-schema-graph\">{\"@context\":\"https:\\\/\\\/schema.org\",\"@graph\":[{\"@type\":\"Article\",\"@id\":\"https:\\\/\\\/www.jaermuseet.no\\\/garborgsenteret\\\/og-stammen-min-er-kunst\\\/#article\",\"isPartOf\":{\"@id\":\"https:\\\/\\\/www.jaermuseet.no\\\/garborgsenteret\\\/og-stammen-min-er-kunst\\\/\"},\"author\":{\"name\":\"\u00d8rjan Zazzera Johansen\",\"@id\":\"https:\\\/\\\/www.jaermuseet.no\\\/garborgsenteret\\\/#\\\/schema\\\/person\\\/52c44fabae367c881e773d89b13f6a39\"},\"headline\":\"&#8230; og stammen min er Kunst\",\"datePublished\":\"2019-05-21T11:42:06+00:00\",\"dateModified\":\"2019-06-14T11:36:37+00:00\",\"mainEntityOfPage\":{\"@id\":\"https:\\\/\\\/www.jaermuseet.no\\\/garborgsenteret\\\/og-stammen-min-er-kunst\\\/\"},\"wordCount\":541,\"image\":{\"@id\":\"https:\\\/\\\/www.jaermuseet.no\\\/garborgsenteret\\\/og-stammen-min-er-kunst\\\/#primaryimage\"},\"thumbnailUrl\":\"https:\\\/\\\/www.jaermuseet.no\\\/garborgsenteret\\\/wp-content\\\/uploads\\\/sites\\\/2\\\/2019\\\/05\\\/2019-05-16_oej15bearb3.jpg\",\"articleSection\":[\"Nytt\"],\"inLanguage\":\"nn-NO\"},{\"@type\":\"WebPage\",\"@id\":\"https:\\\/\\\/www.jaermuseet.no\\\/garborgsenteret\\\/og-stammen-min-er-kunst\\\/\",\"url\":\"https:\\\/\\\/www.jaermuseet.no\\\/garborgsenteret\\\/og-stammen-min-er-kunst\\\/\",\"name\":\"... og stammen min er Kunst - Garborgsenteret\",\"isPartOf\":{\"@id\":\"https:\\\/\\\/www.jaermuseet.no\\\/garborgsenteret\\\/#website\"},\"primaryImageOfPage\":{\"@id\":\"https:\\\/\\\/www.jaermuseet.no\\\/garborgsenteret\\\/og-stammen-min-er-kunst\\\/#primaryimage\"},\"image\":{\"@id\":\"https:\\\/\\\/www.jaermuseet.no\\\/garborgsenteret\\\/og-stammen-min-er-kunst\\\/#primaryimage\"},\"thumbnailUrl\":\"https:\\\/\\\/www.jaermuseet.no\\\/garborgsenteret\\\/wp-content\\\/uploads\\\/sites\\\/2\\\/2019\\\/05\\\/2019-05-16_oej15bearb3.jpg\",\"datePublished\":\"2019-05-21T11:42:06+00:00\",\"dateModified\":\"2019-06-14T11:36:37+00:00\",\"author\":{\"@id\":\"https:\\\/\\\/www.jaermuseet.no\\\/garborgsenteret\\\/#\\\/schema\\\/person\\\/52c44fabae367c881e773d89b13f6a39\"},\"breadcrumb\":{\"@id\":\"https:\\\/\\\/www.jaermuseet.no\\\/garborgsenteret\\\/og-stammen-min-er-kunst\\\/#breadcrumb\"},\"inLanguage\":\"nn-NO\",\"potentialAction\":[{\"@type\":\"ReadAction\",\"target\":[\"https:\\\/\\\/www.jaermuseet.no\\\/garborgsenteret\\\/og-stammen-min-er-kunst\\\/\"]}]},{\"@type\":\"ImageObject\",\"inLanguage\":\"nn-NO\",\"@id\":\"https:\\\/\\\/www.jaermuseet.no\\\/garborgsenteret\\\/og-stammen-min-er-kunst\\\/#primaryimage\",\"url\":\"https:\\\/\\\/www.jaermuseet.no\\\/garborgsenteret\\\/wp-content\\\/uploads\\\/sites\\\/2\\\/2019\\\/05\\\/2019-05-16_oej15bearb3.jpg\",\"contentUrl\":\"https:\\\/\\\/www.jaermuseet.no\\\/garborgsenteret\\\/wp-content\\\/uploads\\\/sites\\\/2\\\/2019\\\/05\\\/2019-05-16_oej15bearb3.jpg\",\"width\":825,\"height\":553},{\"@type\":\"BreadcrumbList\",\"@id\":\"https:\\\/\\\/www.jaermuseet.no\\\/garborgsenteret\\\/og-stammen-min-er-kunst\\\/#breadcrumb\",\"itemListElement\":[{\"@type\":\"ListItem\",\"position\":1,\"name\":\"Hjem\",\"item\":\"https:\\\/\\\/www.jaermuseet.no\\\/garborgsenteret\\\/\"},{\"@type\":\"ListItem\",\"position\":2,\"name\":\"&#8230; og stammen min er Kunst\"}]},{\"@type\":\"WebSite\",\"@id\":\"https:\\\/\\\/www.jaermuseet.no\\\/garborgsenteret\\\/#website\",\"url\":\"https:\\\/\\\/www.jaermuseet.no\\\/garborgsenteret\\\/\",\"name\":\"Garborgsenteret\",\"description\":\"A national arena to promote the interest for authors Arne and Hulda Garborg\",\"potentialAction\":[{\"@type\":\"SearchAction\",\"target\":{\"@type\":\"EntryPoint\",\"urlTemplate\":\"https:\\\/\\\/www.jaermuseet.no\\\/garborgsenteret\\\/?s={search_term_string}\"},\"query-input\":{\"@type\":\"PropertyValueSpecification\",\"valueRequired\":true,\"valueName\":\"search_term_string\"}}],\"inLanguage\":\"nn-NO\"},{\"@type\":\"Person\",\"@id\":\"https:\\\/\\\/www.jaermuseet.no\\\/garborgsenteret\\\/#\\\/schema\\\/person\\\/52c44fabae367c881e773d89b13f6a39\",\"name\":\"\u00d8rjan Zazzera Johansen\",\"image\":{\"@type\":\"ImageObject\",\"inLanguage\":\"nn-NO\",\"@id\":\"https:\\\/\\\/secure.gravatar.com\\\/avatar\\\/0b86a48618c6ca6592b74ea11c3de001ac75d3e294240f39e05a080f19386fb4?s=96&d=mm&r=g\",\"url\":\"https:\\\/\\\/secure.gravatar.com\\\/avatar\\\/0b86a48618c6ca6592b74ea11c3de001ac75d3e294240f39e05a080f19386fb4?s=96&d=mm&r=g\",\"contentUrl\":\"https:\\\/\\\/secure.gravatar.com\\\/avatar\\\/0b86a48618c6ca6592b74ea11c3de001ac75d3e294240f39e05a080f19386fb4?s=96&d=mm&r=g\",\"caption\":\"\u00d8rjan Zazzera Johansen\"},\"url\":\"https:\\\/\\\/www.jaermuseet.no\\\/garborgsenteret\\\/author\\\/orjo\\\/\"}]}<\/script>\n<!-- \/ Yoast SEO plugin. -->","yoast_head_json":{"title":"... og stammen min er Kunst - Garborgsenteret","robots":{"index":"index","follow":"follow","max-snippet":"max-snippet:-1","max-image-preview":"max-image-preview:large","max-video-preview":"max-video-preview:-1"},"canonical":"https:\/\/www.jaermuseet.no\/garborgsenteret\/og-stammen-min-er-kunst\/","og_locale":"nn_NO","og_type":"article","og_title":"... og stammen min er Kunst - Garborgsenteret","og_description":"Rachel Mwakazi Skj\u00e6rpe er ei av grunnleggjarane i ManGo Development,...","og_url":"https:\/\/www.jaermuseet.no\/garborgsenteret\/og-stammen-min-er-kunst\/","og_site_name":"Garborgsenteret","article_published_time":"2019-05-21T11:42:06+00:00","article_modified_time":"2019-06-14T11:36:37+00:00","og_image":[{"width":825,"height":553,"url":"https:\/\/www.jaermuseet.no\/wp-content\/uploads\/sites\/2\/2019\/05\/2019-05-16_oej15bearb3.jpg","type":"image\/jpeg"}],"author":"\u00d8rjan Zazzera Johansen","twitter_card":"summary_large_image","twitter_misc":{"Written by":"\u00d8rjan Zazzera Johansen","Est. reading time":"3 minutt"},"schema":{"@context":"https:\/\/schema.org","@graph":[{"@type":"Article","@id":"https:\/\/www.jaermuseet.no\/garborgsenteret\/og-stammen-min-er-kunst\/#article","isPartOf":{"@id":"https:\/\/www.jaermuseet.no\/garborgsenteret\/og-stammen-min-er-kunst\/"},"author":{"name":"\u00d8rjan Zazzera Johansen","@id":"https:\/\/www.jaermuseet.no\/garborgsenteret\/#\/schema\/person\/52c44fabae367c881e773d89b13f6a39"},"headline":"&#8230; og stammen min er Kunst","datePublished":"2019-05-21T11:42:06+00:00","dateModified":"2019-06-14T11:36:37+00:00","mainEntityOfPage":{"@id":"https:\/\/www.jaermuseet.no\/garborgsenteret\/og-stammen-min-er-kunst\/"},"wordCount":541,"image":{"@id":"https:\/\/www.jaermuseet.no\/garborgsenteret\/og-stammen-min-er-kunst\/#primaryimage"},"thumbnailUrl":"https:\/\/www.jaermuseet.no\/garborgsenteret\/wp-content\/uploads\/sites\/2\/2019\/05\/2019-05-16_oej15bearb3.jpg","articleSection":["Nytt"],"inLanguage":"nn-NO"},{"@type":"WebPage","@id":"https:\/\/www.jaermuseet.no\/garborgsenteret\/og-stammen-min-er-kunst\/","url":"https:\/\/www.jaermuseet.no\/garborgsenteret\/og-stammen-min-er-kunst\/","name":"... og stammen min er Kunst - Garborgsenteret","isPartOf":{"@id":"https:\/\/www.jaermuseet.no\/garborgsenteret\/#website"},"primaryImageOfPage":{"@id":"https:\/\/www.jaermuseet.no\/garborgsenteret\/og-stammen-min-er-kunst\/#primaryimage"},"image":{"@id":"https:\/\/www.jaermuseet.no\/garborgsenteret\/og-stammen-min-er-kunst\/#primaryimage"},"thumbnailUrl":"https:\/\/www.jaermuseet.no\/garborgsenteret\/wp-content\/uploads\/sites\/2\/2019\/05\/2019-05-16_oej15bearb3.jpg","datePublished":"2019-05-21T11:42:06+00:00","dateModified":"2019-06-14T11:36:37+00:00","author":{"@id":"https:\/\/www.jaermuseet.no\/garborgsenteret\/#\/schema\/person\/52c44fabae367c881e773d89b13f6a39"},"breadcrumb":{"@id":"https:\/\/www.jaermuseet.no\/garborgsenteret\/og-stammen-min-er-kunst\/#breadcrumb"},"inLanguage":"nn-NO","potentialAction":[{"@type":"ReadAction","target":["https:\/\/www.jaermuseet.no\/garborgsenteret\/og-stammen-min-er-kunst\/"]}]},{"@type":"ImageObject","inLanguage":"nn-NO","@id":"https:\/\/www.jaermuseet.no\/garborgsenteret\/og-stammen-min-er-kunst\/#primaryimage","url":"https:\/\/www.jaermuseet.no\/garborgsenteret\/wp-content\/uploads\/sites\/2\/2019\/05\/2019-05-16_oej15bearb3.jpg","contentUrl":"https:\/\/www.jaermuseet.no\/garborgsenteret\/wp-content\/uploads\/sites\/2\/2019\/05\/2019-05-16_oej15bearb3.jpg","width":825,"height":553},{"@type":"BreadcrumbList","@id":"https:\/\/www.jaermuseet.no\/garborgsenteret\/og-stammen-min-er-kunst\/#breadcrumb","itemListElement":[{"@type":"ListItem","position":1,"name":"Hjem","item":"https:\/\/www.jaermuseet.no\/garborgsenteret\/"},{"@type":"ListItem","position":2,"name":"&#8230; og stammen min er Kunst"}]},{"@type":"WebSite","@id":"https:\/\/www.jaermuseet.no\/garborgsenteret\/#website","url":"https:\/\/www.jaermuseet.no\/garborgsenteret\/","name":"Garborgsenteret","description":"A national arena to promote the interest for authors Arne and Hulda Garborg","potentialAction":[{"@type":"SearchAction","target":{"@type":"EntryPoint","urlTemplate":"https:\/\/www.jaermuseet.no\/garborgsenteret\/?s={search_term_string}"},"query-input":{"@type":"PropertyValueSpecification","valueRequired":true,"valueName":"search_term_string"}}],"inLanguage":"nn-NO"},{"@type":"Person","@id":"https:\/\/www.jaermuseet.no\/garborgsenteret\/#\/schema\/person\/52c44fabae367c881e773d89b13f6a39","name":"\u00d8rjan Zazzera Johansen","image":{"@type":"ImageObject","inLanguage":"nn-NO","@id":"https:\/\/secure.gravatar.com\/avatar\/0b86a48618c6ca6592b74ea11c3de001ac75d3e294240f39e05a080f19386fb4?s=96&d=mm&r=g","url":"https:\/\/secure.gravatar.com\/avatar\/0b86a48618c6ca6592b74ea11c3de001ac75d3e294240f39e05a080f19386fb4?s=96&d=mm&r=g","contentUrl":"https:\/\/secure.gravatar.com\/avatar\/0b86a48618c6ca6592b74ea11c3de001ac75d3e294240f39e05a080f19386fb4?s=96&d=mm&r=g","caption":"\u00d8rjan Zazzera Johansen"},"url":"https:\/\/www.jaermuseet.no\/garborgsenteret\/author\/orjo\/"}]}},"cc_featured_image_caption":{"caption_text":"","source_text":"","source_url":""},"jetpack_featured_media_url":"https:\/\/www.jaermuseet.no\/garborgsenteret\/wp-content\/uploads\/sites\/2\/2019\/05\/2019-05-16_oej15bearb3.jpg","jetpack_sharing_enabled":true,"_links":{"self":[{"href":"https:\/\/www.jaermuseet.no\/garborgsenteret\/wp-json\/wp\/v2\/posts\/7078","targetHints":{"allow":["GET"]}}],"collection":[{"href":"https:\/\/www.jaermuseet.no\/garborgsenteret\/wp-json\/wp\/v2\/posts"}],"about":[{"href":"https:\/\/www.jaermuseet.no\/garborgsenteret\/wp-json\/wp\/v2\/types\/post"}],"author":[{"embeddable":true,"href":"https:\/\/www.jaermuseet.no\/garborgsenteret\/wp-json\/wp\/v2\/users\/17"}],"replies":[{"embeddable":true,"href":"https:\/\/www.jaermuseet.no\/garborgsenteret\/wp-json\/wp\/v2\/comments?post=7078"}],"version-history":[{"count":30,"href":"https:\/\/www.jaermuseet.no\/garborgsenteret\/wp-json\/wp\/v2\/posts\/7078\/revisions"}],"predecessor-version":[{"id":7124,"href":"https:\/\/www.jaermuseet.no\/garborgsenteret\/wp-json\/wp\/v2\/posts\/7078\/revisions\/7124"}],"wp:featuredmedia":[{"embeddable":true,"href":"https:\/\/www.jaermuseet.no\/garborgsenteret\/wp-json\/wp\/v2\/media\/7102"}],"wp:attachment":[{"href":"https:\/\/www.jaermuseet.no\/garborgsenteret\/wp-json\/wp\/v2\/media?parent=7078"}],"wp:term":[{"taxonomy":"category","embeddable":true,"href":"https:\/\/www.jaermuseet.no\/garborgsenteret\/wp-json\/wp\/v2\/categories?post=7078"},{"taxonomy":"post_tag","embeddable":true,"href":"https:\/\/www.jaermuseet.no\/garborgsenteret\/wp-json\/wp\/v2\/tags?post=7078"}],"curies":[{"name":"wp","href":"https:\/\/api.w.org\/{rel}","templated":true}]}}