{"id":440,"date":"2014-09-10T12:35:38","date_gmt":"2014-09-10T11:35:38","guid":{"rendered":"https:\/\/www.jaermuseet.no\/garborgsenteret\/kammerpoetane-kom\/"},"modified":"2017-11-15T14:35:56","modified_gmt":"2017-11-15T12:35:56","slug":"kammerpoetane-kom","status":"publish","type":"post","link":"https:\/\/www.jaermuseet.no\/garborgsenteret\/kammerpoetane-kom\/","title":{"rendered":"Kammerpoetane kom!"},"content":{"rendered":"<p><em><span style=\"line-height: 115%;\">20. september kl. 19 kom Kammerpoetane til Garborgsenteret, eit arrangement i litteraturfestivalen Kapittel14. Me tok ein f\u00f8rehandsprat med ei av dei, Liv Reidun Hansen.<\/span><\/em><\/p>\n<p><strong><span style=\"line-height: 115%;\">De brukar det flotte ordet &#8220;poesikonsert&#8221;. Kva slags oppleving \u00f8nsker de \u00e5 laga?<\/span><\/strong><\/p>\n<p><span style=\"line-height: 115%;\">&#8220;Ideen bak ein poesikonsert er \u00e5 skapa forestillingar der ord og musikk, og av og til bilete, forsterkar kvarandre. Me tenkjer at poesi opplest i ein slik kontekst kan ber\u00f8ra og bevega.<\/span><span style=\"line-height: 115%;\">Me trur at folk flest har godt av nokre poetiske opplevingar. Dikt veks idet dei blir lesne h\u00f8gt for andre menneske. Musikken l\u00f8ftar dikta fram. <\/span><span style=\"line-height: 115%;\">Slik blir ein poesikonsert ein god stad \u00e5 vera.&#8221;<\/span><\/p>\n<p><strong><span style=\"line-height: 115%;\">Kva betyr poesien for deg?<\/span><\/strong><\/p>\n<p><span style=\"line-height: 115%;\">&#8220;Det handlar mykje om \u00e5 tola det s\u00e5rbare, og s\u00e5 opplever eg at eg f\u00e5r lov til \u00e5 veksa meg sterk. Me er poetar fordi me ikkje kan la vera. Det \u00e5 skriva er ein del av oss, noko me ikkje kan operera bort. Sv\u00e6rt mykje av det livet dreier seg om kan transkriberast til poesi eller musikk. Og s\u00e5 gjeld det \u00e5 la seg ber\u00f8ra, bevega. V\u00e5ga \u00e5 dela, ta imot.<\/span><span style=\"line-height: 115%;\">Eg har skrive meg sterk, eg har skrive meg s\u00e5rbar. Kvar dag nye dikt. &#8220;<\/span><\/p>\n<p><strong><span style=\"line-height: 115%;\">Kor viktig er det musikalske for deg som kammerpoet?<\/span><\/strong><\/p>\n<p><span style=\"line-height: 115%;\">&#8220;Poesien er plattforma i kammerpoetgruppa. I <\/span><span style=\"line-height: 115%;\">tillegg er det fleire av oss som uttrykker oss gjennom musikk, biletkunst og dans. For meg personleg er nok musikken det aller viktigaste. Kanskje fordi eg hadde det s\u00e5 travelt at eg la det musikalske i meg til side. \u00c5 skriva har eg alltid f\u00e5tt tid til. For knapt to og eit halvt \u00e5r sidan endra livet seg. Mannen min, og far til dei fire borna v\u00e5re, d\u00f8ydde etter ei trafikkulukke. <\/span><span style=\"line-height: 115%;\">Eg spring, syng og skriv for \u00e5 klara \u00e5 halda meg fast i livet, for \u00e5 ikkje slutta \u00e5 tru p\u00e5 det gode. Og s\u00e5 fortset eg \u00e5 tru p\u00e5 n\u00e5den, og ser kor dyrebart livet er. Poesi og musikk er viktigare enn nokonsinne, og p\u00e5 mange vis heng dei tett saman. Til sjuande og sist viste det seg at sj\u00f8lv om eg har gjort himla my<\/span><span style=\"line-height: 115%;\">kje for \u00e5 balansere dette uhyre smertefulle, s\u00e5 gjekk ingenting over. <\/span><span style=\"line-height: 115%;\">Men eg trur eg driv og syng meg heil no, det er i allfall det eg fors\u00f8ker p\u00e5. <\/span><span style=\"line-height: 115%;\">Tekstane tek utgangspunkt i dikta mine, og melodiane kjem ofte til meg n\u00e5r eg s\u00f8v.&#8221;<\/span><\/p>\n<p><strong><span style=\"line-height: 115%;\">Koss fann de fram til kvarandre, og korleis fann de plattforma dykkar?<\/span><\/strong><\/p>\n<p><span style=\"line-height: 115%;\">&#8220;Me har eit samarbeid som starta ut ifr\u00e5 Dagbladets diktkammer, leia av den fine j\u00e6rdiktaren Helge Torvund. Etter kvart starta me nettstaden kammerpoetane.no. Somme av oss sendar tekstar til kvarandre, nokre gonger kjem vi tett p\u00e5 det dei andreskriv, andre gonger jobbar me meir for oss sj\u00f8lve. <\/span><span style=\"line-height: 115%;\">Kammerpoetane er, slik eg ser det, temmeleg v\u00e5gelege. Me skriv om det me \u00f8nsker \u00e5 skriva om, og me kan bli temmeleg openhjartige, g\u00e5 langt over i det som gjer vondt. Og me backar kvarandre opp. <\/span><span style=\"line-height: 115%;\">Det var vel kanskje slik me fann kvarandre, me la merke til kvarandre for det uredde, det s\u00e6reigent poetiske, evna til \u00e5 visa omtanke, koma med konstruktiv kritikk.&#8221;<\/span><\/p>\n<p><strong><span style=\"line-height: 115%;\">Korleis p\u00e5verkar den einskilde gruppa, og gruppa den einskilde? Gjer de kvarandre til betre poetar?<\/span><\/strong><\/p>\n<p><span style=\"line-height: 115%;\">&#8220;<\/span><span style=\"line-height: 115%;\">Me er blant vener i dette fellesskapet, ikkje alltid einige, men me har denne felles kjerna. Det fine med poesien er jo at det er ein himla praktisk m\u00e5te \u00e5 n\u00e5 andre menneske som brenn for det same. Ord beveger seg raskt no til dags via poetiske nettstader og sosiale medier. <\/span><span style=\"line-height: 115%;\">Men aller best er det n\u00e5r me m\u00f8tast p\u00e5 ekte, deler poesi, musikk, litt latter og ein og annan klem. D\u00e5 er det faktisk temmeleg fint \u00e5 leva!&#8221;<\/span><\/p>\n<p><em>Kammerpoetane har hatt arrangement mange stader i landet, og n\u00e5 kom dei alts\u00e5 til Bryne. Les meir om Hansen og dei andre p\u00e5 <a href=\"http:\/\/www.kammerpoetane.no\" target=\"_blank\" rel=\"noopener\">www.kammerpoetane.no<\/a>. Under ser du nokre sitat me fann der.<\/em><\/p>\n<p>&nbsp;<\/p>\n","protected":false},"excerpt":{"rendered":"<p><img loading=\"lazy\" decoding=\"async\" width=\"448\" height=\"257\" style=\"margin-right: 10px;margin-bottom: 10px\" alt=\"HansenLiggandeWeb\" src=\"images\/stories\/garborgsenter\/artikkelbilder\/Kammerpoetane\/HansenLiggandeWeb.jpg\" \/><span style=\"line-height: 115%\">20. september kl. 19 kjem Kammerpoetane til Garborgsenteret, eit arrangement i litteraturfestivalen Kapittel. Me tok ein prat med ei av dei, Liv Reidun Hansen.<\/span><\/p>\n<p>\n","protected":false},"author":17,"featured_media":782,"comment_status":"closed","ping_status":"closed","sticky":false,"template":"","format":"standard","meta":{"_acf_changed":false,"_jetpack_memberships_contains_paid_content":false,"footnotes":""},"categories":[13],"tags":[],"class_list":["post-440","post","type-post","status-publish","format-standard","has-post-thumbnail","hentry","category-nytt-fra-garborgsenteret","featured-image-size-small"],"acf":[],"yoast_head":"<!-- This site is optimized with the Yoast SEO plugin v27.4 - https:\/\/yoast.com\/product\/yoast-seo-wordpress\/ -->\n<title>Kammerpoetane kom! - Garborgsenteret<\/title>\n<meta name=\"robots\" content=\"index, follow, max-snippet:-1, max-image-preview:large, max-video-preview:-1\" \/>\n<link rel=\"canonical\" href=\"https:\/\/www.jaermuseet.no\/garborgsenteret\/kammerpoetane-kom\/\" \/>\n<meta property=\"og:locale\" content=\"nn_NO\" \/>\n<meta property=\"og:type\" content=\"article\" \/>\n<meta property=\"og:title\" content=\"Kammerpoetane kom! - Garborgsenteret\" \/>\n<meta property=\"og:description\" content=\"20. september kl. 19 kjem Kammerpoetane til Garborgsenteret, eit arrangement i litteraturfestivalen Kapittel. Me tok ein prat med ei av dei, Liv Reidun Hansen.\" \/>\n<meta property=\"og:url\" content=\"https:\/\/www.jaermuseet.no\/garborgsenteret\/kammerpoetane-kom\/\" \/>\n<meta property=\"og:site_name\" content=\"Garborgsenteret\" \/>\n<meta property=\"article:published_time\" content=\"2014-09-10T11:35:38+00:00\" \/>\n<meta property=\"article:modified_time\" content=\"2017-11-15T12:35:56+00:00\" \/>\n<meta property=\"og:image\" content=\"https:\/\/www.jaermuseet.no\/wp-content\/uploads\/sites\/2\/2014\/09\/HansenWeb1.jpg\" \/>\n\t<meta property=\"og:image:width\" content=\"336\" \/>\n\t<meta property=\"og:image:height\" content=\"448\" \/>\n\t<meta property=\"og:image:type\" content=\"image\/jpeg\" \/>\n<meta name=\"author\" content=\"\u00d8rjan Zazzera Johansen\" \/>\n<meta name=\"twitter:card\" content=\"summary_large_image\" \/>\n<meta name=\"twitter:label1\" content=\"Written by\" \/>\n\t<meta name=\"twitter:data1\" content=\"\u00d8rjan Zazzera Johansen\" \/>\n\t<meta name=\"twitter:label2\" content=\"Est. reading time\" \/>\n\t<meta name=\"twitter:data2\" content=\"3 minutt\" \/>\n<script type=\"application\/ld+json\" class=\"yoast-schema-graph\">{\"@context\":\"https:\\\/\\\/schema.org\",\"@graph\":[{\"@type\":\"Article\",\"@id\":\"https:\\\/\\\/www.jaermuseet.no\\\/garborgsenteret\\\/kammerpoetane-kom\\\/#article\",\"isPartOf\":{\"@id\":\"https:\\\/\\\/www.jaermuseet.no\\\/garborgsenteret\\\/kammerpoetane-kom\\\/\"},\"author\":{\"name\":\"\u00d8rjan Zazzera Johansen\",\"@id\":\"https:\\\/\\\/www.jaermuseet.no\\\/garborgsenteret\\\/#\\\/schema\\\/person\\\/52c44fabae367c881e773d89b13f6a39\"},\"headline\":\"Kammerpoetane kom!\",\"datePublished\":\"2014-09-10T11:35:38+00:00\",\"dateModified\":\"2017-11-15T12:35:56+00:00\",\"mainEntityOfPage\":{\"@id\":\"https:\\\/\\\/www.jaermuseet.no\\\/garborgsenteret\\\/kammerpoetane-kom\\\/\"},\"wordCount\":651,\"image\":{\"@id\":\"https:\\\/\\\/www.jaermuseet.no\\\/garborgsenteret\\\/kammerpoetane-kom\\\/#primaryimage\"},\"thumbnailUrl\":\"https:\\\/\\\/www.jaermuseet.no\\\/garborgsenteret\\\/wp-content\\\/uploads\\\/sites\\\/2\\\/2014\\\/09\\\/HansenWeb1.jpg\",\"articleSection\":[\"Nytt\"],\"inLanguage\":\"nn-NO\"},{\"@type\":\"WebPage\",\"@id\":\"https:\\\/\\\/www.jaermuseet.no\\\/garborgsenteret\\\/kammerpoetane-kom\\\/\",\"url\":\"https:\\\/\\\/www.jaermuseet.no\\\/garborgsenteret\\\/kammerpoetane-kom\\\/\",\"name\":\"Kammerpoetane kom! - Garborgsenteret\",\"isPartOf\":{\"@id\":\"https:\\\/\\\/www.jaermuseet.no\\\/garborgsenteret\\\/#website\"},\"primaryImageOfPage\":{\"@id\":\"https:\\\/\\\/www.jaermuseet.no\\\/garborgsenteret\\\/kammerpoetane-kom\\\/#primaryimage\"},\"image\":{\"@id\":\"https:\\\/\\\/www.jaermuseet.no\\\/garborgsenteret\\\/kammerpoetane-kom\\\/#primaryimage\"},\"thumbnailUrl\":\"https:\\\/\\\/www.jaermuseet.no\\\/garborgsenteret\\\/wp-content\\\/uploads\\\/sites\\\/2\\\/2014\\\/09\\\/HansenWeb1.jpg\",\"datePublished\":\"2014-09-10T11:35:38+00:00\",\"dateModified\":\"2017-11-15T12:35:56+00:00\",\"author\":{\"@id\":\"https:\\\/\\\/www.jaermuseet.no\\\/garborgsenteret\\\/#\\\/schema\\\/person\\\/52c44fabae367c881e773d89b13f6a39\"},\"breadcrumb\":{\"@id\":\"https:\\\/\\\/www.jaermuseet.no\\\/garborgsenteret\\\/kammerpoetane-kom\\\/#breadcrumb\"},\"inLanguage\":\"nn-NO\",\"potentialAction\":[{\"@type\":\"ReadAction\",\"target\":[\"https:\\\/\\\/www.jaermuseet.no\\\/garborgsenteret\\\/kammerpoetane-kom\\\/\"]}]},{\"@type\":\"ImageObject\",\"inLanguage\":\"nn-NO\",\"@id\":\"https:\\\/\\\/www.jaermuseet.no\\\/garborgsenteret\\\/kammerpoetane-kom\\\/#primaryimage\",\"url\":\"https:\\\/\\\/www.jaermuseet.no\\\/garborgsenteret\\\/wp-content\\\/uploads\\\/sites\\\/2\\\/2014\\\/09\\\/HansenWeb1.jpg\",\"contentUrl\":\"https:\\\/\\\/www.jaermuseet.no\\\/garborgsenteret\\\/wp-content\\\/uploads\\\/sites\\\/2\\\/2014\\\/09\\\/HansenWeb1.jpg\",\"width\":336,\"height\":448},{\"@type\":\"BreadcrumbList\",\"@id\":\"https:\\\/\\\/www.jaermuseet.no\\\/garborgsenteret\\\/kammerpoetane-kom\\\/#breadcrumb\",\"itemListElement\":[{\"@type\":\"ListItem\",\"position\":1,\"name\":\"Hjem\",\"item\":\"https:\\\/\\\/www.jaermuseet.no\\\/garborgsenteret\\\/\"},{\"@type\":\"ListItem\",\"position\":2,\"name\":\"Kammerpoetane kom!\"}]},{\"@type\":\"WebSite\",\"@id\":\"https:\\\/\\\/www.jaermuseet.no\\\/garborgsenteret\\\/#website\",\"url\":\"https:\\\/\\\/www.jaermuseet.no\\\/garborgsenteret\\\/\",\"name\":\"Garborgsenteret\",\"description\":\"A national arena to promote the interest for authors Arne and Hulda Garborg\",\"potentialAction\":[{\"@type\":\"SearchAction\",\"target\":{\"@type\":\"EntryPoint\",\"urlTemplate\":\"https:\\\/\\\/www.jaermuseet.no\\\/garborgsenteret\\\/?s={search_term_string}\"},\"query-input\":{\"@type\":\"PropertyValueSpecification\",\"valueRequired\":true,\"valueName\":\"search_term_string\"}}],\"inLanguage\":\"nn-NO\"},{\"@type\":\"Person\",\"@id\":\"https:\\\/\\\/www.jaermuseet.no\\\/garborgsenteret\\\/#\\\/schema\\\/person\\\/52c44fabae367c881e773d89b13f6a39\",\"name\":\"\u00d8rjan Zazzera Johansen\",\"image\":{\"@type\":\"ImageObject\",\"inLanguage\":\"nn-NO\",\"@id\":\"https:\\\/\\\/secure.gravatar.com\\\/avatar\\\/0b86a48618c6ca6592b74ea11c3de001ac75d3e294240f39e05a080f19386fb4?s=96&d=mm&r=g\",\"url\":\"https:\\\/\\\/secure.gravatar.com\\\/avatar\\\/0b86a48618c6ca6592b74ea11c3de001ac75d3e294240f39e05a080f19386fb4?s=96&d=mm&r=g\",\"contentUrl\":\"https:\\\/\\\/secure.gravatar.com\\\/avatar\\\/0b86a48618c6ca6592b74ea11c3de001ac75d3e294240f39e05a080f19386fb4?s=96&d=mm&r=g\",\"caption\":\"\u00d8rjan Zazzera Johansen\"},\"url\":\"https:\\\/\\\/www.jaermuseet.no\\\/garborgsenteret\\\/author\\\/orjo\\\/\"}]}<\/script>\n<!-- \/ Yoast SEO plugin. -->","yoast_head_json":{"title":"Kammerpoetane kom! - Garborgsenteret","robots":{"index":"index","follow":"follow","max-snippet":"max-snippet:-1","max-image-preview":"max-image-preview:large","max-video-preview":"max-video-preview:-1"},"canonical":"https:\/\/www.jaermuseet.no\/garborgsenteret\/kammerpoetane-kom\/","og_locale":"nn_NO","og_type":"article","og_title":"Kammerpoetane kom! - Garborgsenteret","og_description":"20. september kl. 19 kjem Kammerpoetane til Garborgsenteret, eit arrangement i litteraturfestivalen Kapittel. Me tok ein prat med ei av dei, Liv Reidun Hansen.","og_url":"https:\/\/www.jaermuseet.no\/garborgsenteret\/kammerpoetane-kom\/","og_site_name":"Garborgsenteret","article_published_time":"2014-09-10T11:35:38+00:00","article_modified_time":"2017-11-15T12:35:56+00:00","og_image":[{"width":336,"height":448,"url":"https:\/\/www.jaermuseet.no\/wp-content\/uploads\/sites\/2\/2014\/09\/HansenWeb1.jpg","type":"image\/jpeg"}],"author":"\u00d8rjan Zazzera Johansen","twitter_card":"summary_large_image","twitter_misc":{"Written by":"\u00d8rjan Zazzera Johansen","Est. reading time":"3 minutt"},"schema":{"@context":"https:\/\/schema.org","@graph":[{"@type":"Article","@id":"https:\/\/www.jaermuseet.no\/garborgsenteret\/kammerpoetane-kom\/#article","isPartOf":{"@id":"https:\/\/www.jaermuseet.no\/garborgsenteret\/kammerpoetane-kom\/"},"author":{"name":"\u00d8rjan Zazzera Johansen","@id":"https:\/\/www.jaermuseet.no\/garborgsenteret\/#\/schema\/person\/52c44fabae367c881e773d89b13f6a39"},"headline":"Kammerpoetane kom!","datePublished":"2014-09-10T11:35:38+00:00","dateModified":"2017-11-15T12:35:56+00:00","mainEntityOfPage":{"@id":"https:\/\/www.jaermuseet.no\/garborgsenteret\/kammerpoetane-kom\/"},"wordCount":651,"image":{"@id":"https:\/\/www.jaermuseet.no\/garborgsenteret\/kammerpoetane-kom\/#primaryimage"},"thumbnailUrl":"https:\/\/www.jaermuseet.no\/garborgsenteret\/wp-content\/uploads\/sites\/2\/2014\/09\/HansenWeb1.jpg","articleSection":["Nytt"],"inLanguage":"nn-NO"},{"@type":"WebPage","@id":"https:\/\/www.jaermuseet.no\/garborgsenteret\/kammerpoetane-kom\/","url":"https:\/\/www.jaermuseet.no\/garborgsenteret\/kammerpoetane-kom\/","name":"Kammerpoetane kom! - Garborgsenteret","isPartOf":{"@id":"https:\/\/www.jaermuseet.no\/garborgsenteret\/#website"},"primaryImageOfPage":{"@id":"https:\/\/www.jaermuseet.no\/garborgsenteret\/kammerpoetane-kom\/#primaryimage"},"image":{"@id":"https:\/\/www.jaermuseet.no\/garborgsenteret\/kammerpoetane-kom\/#primaryimage"},"thumbnailUrl":"https:\/\/www.jaermuseet.no\/garborgsenteret\/wp-content\/uploads\/sites\/2\/2014\/09\/HansenWeb1.jpg","datePublished":"2014-09-10T11:35:38+00:00","dateModified":"2017-11-15T12:35:56+00:00","author":{"@id":"https:\/\/www.jaermuseet.no\/garborgsenteret\/#\/schema\/person\/52c44fabae367c881e773d89b13f6a39"},"breadcrumb":{"@id":"https:\/\/www.jaermuseet.no\/garborgsenteret\/kammerpoetane-kom\/#breadcrumb"},"inLanguage":"nn-NO","potentialAction":[{"@type":"ReadAction","target":["https:\/\/www.jaermuseet.no\/garborgsenteret\/kammerpoetane-kom\/"]}]},{"@type":"ImageObject","inLanguage":"nn-NO","@id":"https:\/\/www.jaermuseet.no\/garborgsenteret\/kammerpoetane-kom\/#primaryimage","url":"https:\/\/www.jaermuseet.no\/garborgsenteret\/wp-content\/uploads\/sites\/2\/2014\/09\/HansenWeb1.jpg","contentUrl":"https:\/\/www.jaermuseet.no\/garborgsenteret\/wp-content\/uploads\/sites\/2\/2014\/09\/HansenWeb1.jpg","width":336,"height":448},{"@type":"BreadcrumbList","@id":"https:\/\/www.jaermuseet.no\/garborgsenteret\/kammerpoetane-kom\/#breadcrumb","itemListElement":[{"@type":"ListItem","position":1,"name":"Hjem","item":"https:\/\/www.jaermuseet.no\/garborgsenteret\/"},{"@type":"ListItem","position":2,"name":"Kammerpoetane kom!"}]},{"@type":"WebSite","@id":"https:\/\/www.jaermuseet.no\/garborgsenteret\/#website","url":"https:\/\/www.jaermuseet.no\/garborgsenteret\/","name":"Garborgsenteret","description":"A national arena to promote the interest for authors Arne and Hulda Garborg","potentialAction":[{"@type":"SearchAction","target":{"@type":"EntryPoint","urlTemplate":"https:\/\/www.jaermuseet.no\/garborgsenteret\/?s={search_term_string}"},"query-input":{"@type":"PropertyValueSpecification","valueRequired":true,"valueName":"search_term_string"}}],"inLanguage":"nn-NO"},{"@type":"Person","@id":"https:\/\/www.jaermuseet.no\/garborgsenteret\/#\/schema\/person\/52c44fabae367c881e773d89b13f6a39","name":"\u00d8rjan Zazzera Johansen","image":{"@type":"ImageObject","inLanguage":"nn-NO","@id":"https:\/\/secure.gravatar.com\/avatar\/0b86a48618c6ca6592b74ea11c3de001ac75d3e294240f39e05a080f19386fb4?s=96&d=mm&r=g","url":"https:\/\/secure.gravatar.com\/avatar\/0b86a48618c6ca6592b74ea11c3de001ac75d3e294240f39e05a080f19386fb4?s=96&d=mm&r=g","contentUrl":"https:\/\/secure.gravatar.com\/avatar\/0b86a48618c6ca6592b74ea11c3de001ac75d3e294240f39e05a080f19386fb4?s=96&d=mm&r=g","caption":"\u00d8rjan Zazzera Johansen"},"url":"https:\/\/www.jaermuseet.no\/garborgsenteret\/author\/orjo\/"}]}},"cc_featured_image_caption":{"caption_text":"","source_text":"","source_url":""},"jetpack_featured_media_url":"https:\/\/www.jaermuseet.no\/garborgsenteret\/wp-content\/uploads\/sites\/2\/2014\/09\/HansenWeb1.jpg","jetpack_sharing_enabled":true,"_links":{"self":[{"href":"https:\/\/www.jaermuseet.no\/garborgsenteret\/wp-json\/wp\/v2\/posts\/440","targetHints":{"allow":["GET"]}}],"collection":[{"href":"https:\/\/www.jaermuseet.no\/garborgsenteret\/wp-json\/wp\/v2\/posts"}],"about":[{"href":"https:\/\/www.jaermuseet.no\/garborgsenteret\/wp-json\/wp\/v2\/types\/post"}],"author":[{"embeddable":true,"href":"https:\/\/www.jaermuseet.no\/garborgsenteret\/wp-json\/wp\/v2\/users\/17"}],"replies":[{"embeddable":true,"href":"https:\/\/www.jaermuseet.no\/garborgsenteret\/wp-json\/wp\/v2\/comments?post=440"}],"version-history":[{"count":3,"href":"https:\/\/www.jaermuseet.no\/garborgsenteret\/wp-json\/wp\/v2\/posts\/440\/revisions"}],"predecessor-version":[{"id":5967,"href":"https:\/\/www.jaermuseet.no\/garborgsenteret\/wp-json\/wp\/v2\/posts\/440\/revisions\/5967"}],"wp:featuredmedia":[{"embeddable":true,"href":"https:\/\/www.jaermuseet.no\/garborgsenteret\/wp-json\/wp\/v2\/media\/782"}],"wp:attachment":[{"href":"https:\/\/www.jaermuseet.no\/garborgsenteret\/wp-json\/wp\/v2\/media?parent=440"}],"wp:term":[{"taxonomy":"category","embeddable":true,"href":"https:\/\/www.jaermuseet.no\/garborgsenteret\/wp-json\/wp\/v2\/categories?post=440"},{"taxonomy":"post_tag","embeddable":true,"href":"https:\/\/www.jaermuseet.no\/garborgsenteret\/wp-json\/wp\/v2\/tags?post=440"}],"curies":[{"name":"wp","href":"https:\/\/api.w.org\/{rel}","templated":true}]}}