{"id":439,"date":"2014-07-30T10:14:06","date_gmt":"2014-07-30T09:14:06","guid":{"rendered":"https:\/\/www.jaermuseet.no\/garborgsenteret\/foredragshaldaren-garborg\/"},"modified":"2017-11-15T14:34:59","modified_gmt":"2017-11-15T12:34:59","slug":"foredragshaldaren-garborg","status":"publish","type":"post","link":"https:\/\/www.jaermuseet.no\/garborgsenteret\/foredragshaldaren-garborg\/","title":{"rendered":"Foredragshaldaren Garborg"},"content":{"rendered":"<p>Artikkelforfattaren Tor Obrestad (f. 1938, foto: Lars Aar\u00f8n\u00e6s) er mellom dei st\u00f8rste av sin generasjon norske forfattarar. I 1991 skreiv han <em>Arne Garborg. Ein biografi<\/em>.<\/p>\n<hr \/>\n<p><strong>I alle dei \u00e5ra eg arbeidde med biografien om Arne Garborg var det eit mysterium i livet hans som eg ikkje fann eit skikkeleg svar p\u00e5. Kvifor reiste han stadig rundt i landet og heldt foredrag? Han m\u00e5tte ha visst kor elendig han var p\u00e5 talarstolen. Likevel dreiv han p\u00e5, heile livet til endes. Var det plikt, for \u00absaka\u00bb si skuld? Han var van med talarstolar heilt fr\u00e5 ungdommen av og hadde g\u00e5tt p\u00e5 skule i Studentersamfundet i Christiania i 1870-\u00e5ra, der han var sentral p\u00e5 stolen. Kvifor dreiv han stadig p\u00e5? S\u00e5 fann eg br\u00e5tt fram til ein hundre \u00e5r gammal artikkel av Fridtjof \u00d8vreb\u00f8 som l\u00f8yste g\u00e5ta og forklarte mysteriet.<\/strong><\/p>\n<p>Fridtjof \u00d8vreb\u00f8, 1871-1927, var ein bonde, lokalhistorikar, journalist og forfattar som budde heile livet i Torvastad, og skreiv mykje i pressa, f\u00f8rst og fremst i Haugesund Avis. Det han skreiv, og brev han mottok, er oppbevarte i arkivet i Haugesund bibliotek.<\/p>\n<p>Hausten 1909 h\u00f8yrde \u00d8vreb\u00f8 for f\u00f8rste gong Garborg snakka, og skildrar opplevinga i ein artikkel 25.9. som han sende til Garborg. Han skriv (trykt etter gjenopptrykking av artikkelen 26.1. 1921) og kallar det \u00abFors\u00f8k p\u00e5 en karakteristik\u00bb:<\/p>\n<p><strong>Arne Garborg som foredragsholder<\/strong><\/p>\n<p><em>Han taler rolig, n\u00e6sten koldt. Stemmen er svak, litt h\u00e6s, uten fylde, uten omfang, uten klang, uten pral. Den v\u00e6kker ikke opmerksomhet. Ordene er almindelige, hverdagslige, s\u00e6tningsbygningen likes\u00e5, uten sensation, uten sproglige krydderier. Sproget i det hele t\u00f8rt, sobert, en smule spotsk i undertonen, likesom merket av skuldertr\u00e6k.<\/em><\/p>\n<p><em>Dersom tilh\u00f8rerne befinder sig litt borte fra talerstolen s\u00e5 har de vanskelig for at h\u00f8re, dersom det videre er av den sort tilh\u00f8rere, hvis \u00f8ren ikke er \u00f8vede til skarpt at opfatte hvad en mand sier, til<\/em><em>h<\/em><em>\u00f8rere som ikke har begrep om ords val\u00f8r, bare vante til at opfange et grovt, t\u00e5ket indtryk av talestr\u00f8mmen, et omtrentlig indryk av hvad der er sagt, pr\u00e6parerte til at <\/em><em>s<\/em><em>kildres av store ords sus og et smukt organ \u2013 dersom tilh\u00f8rerne er av denne art, vil de under en forel\u00e6sning av Garborg snart f\u00e5 nok. <\/em><em>Dette er dog ingenting, synes de. Stemmen er s\u00e5 veik, ordene s\u00e5 almindelige, der er ingen sterke uttryk, ingen understregede slagord. Disse tilh\u00f8rere har jo intet klart begrep om hvad foredragsholderen sier, men de synes dog at det er ganske almindelige ting.<\/em><\/p>\n<p><em>S\u00e5 roligt, s\u00e5 fordringsl\u00f8st taler Arne Garborg. <\/em><\/p>\n<p>Under arbeidet mitt med biografien om han, snakka eg med fleire som hadde h\u00f8yrt Garborg tala. Dei fortalde alle saman det som \u00d8vreb\u00f8 skildrar s\u00e5 presist. Men han stoggar ikkje med denne registgreringa, for han heldt fram med analysen sin:<\/p>\n<p><em>Men den tilh\u00f8rer, hvis \u00e5nd og sanser er v\u00e5kne og skarpe, den tilh\u00f8rer, som vet hvad v\u00e6rd og val\u00f8r ord har, den tilh\u00f8rer som har \u00ab\u00f8ren til at h\u00f8re med\u00bb \u2013 han vil f\u00e6ngsles helt fra f\u00f8rste stund, n\u00e5r Garborg er p\u00e5 talerstolen. La ikke den rolige, fordringsl\u00f8se stemme og de hverdagslige, litet opsigtsv\u00e6kkende ord narre dig. Bak denne ytre dragt, der med flid er gjort s\u00e5 litet avstikkende, d\u00f8lger sig tanker og synsm\u00e5ter, som ofte revolutionerer vore begreper, omstyrter vore tilvante forestillinger, omjusterer vore historiske \u00absandheter\u00bb. Det er ganske merkelig: Ordene er dagligdagse, og dog er talem\u00e5ter, vanesnak banlyst. S\u00e6tninger, p\u00e5stande, beviser er forfatterens egen eiendom, omhyggelig gjennemt\u00e6nkte, lofte fyldte av originalitet eller farvet av skepsis. Ub\u00f8nh\u00f8rlig men stilf\u00e6rdig kan han gj\u00f8re det av med h\u00e6vdvundne, tomme talem\u00e5ter, autoriserte, stemplede ur\u00f8rlige \u00absandheter\u00bb. Og s\u00e5 rolig som han gj\u00f8r det! Uten stridbare fagter, uten skrik, uten spetakkel. Kun et mindretal skj\u00f8nner hvad det gj\u00e6lder. Det h\u00f8res s\u00e5 fredelig. Stemmen, ordene, v\u00e6kker en f\u00f8lelse av selvf\u00f8lgelighet. Men derfor er ogs\u00e5 Arne Garborg en farlig mand \u2013 for den humbug og svulst som kan findes her og der i vor historieskrivning, vor t\u00e6nkning, vort sprog, og som pr\u00e6ger mange av vore foredragsholderes frembringelser.<\/em><\/p>\n<p>Slik beskriv \u00d8vreb\u00f8 Garborgs metode, og argumenterer for at den grunnar seg p\u00e5 bevisste val. Kvifor vel han ein antiretorisk metode som sin strategi? Fordi han har noko \u00e5 seia, han vil noko med det han predikar, men han veit ogs\u00e5 at han har korkje r\u00f8yst eller framtoning til ein tradisjonell talar. Han ser sine veikskapar, men han snur veikskapane til sin styrke. Korleis?<\/p>\n<p><em>Garborg har alts\u00e5 ein egen metode som forel\u00e6ser. Selv n\u00e5r han taler over et \u00abbr\u00e6ndende sp\u00f8sm\u00e5l\u00bb, m\u00e5lsaken for eksempel, s\u00e5 agiterer han ikke. Han spr\u00e6kker ikke av dydig selvgodhet og kr\u00e6nkethet. Hans fremstilling har ingen patos ingen iver, ingen grepethet, ingen fanatisme.<\/em><\/p>\n<p><em>Jeg vil ikke hermed ha sagt at patos, iver, grepethet er at foragte. Aldeles ikke. Men foredragsholderen Garborg har ikke disse egenskaper.<\/em><\/p>\n<p><em>Selv n\u00e5r han fremf\u00f8rer de vigtigste s\u00e6tninger understreker han ikke. Nei da er han kanske allermest n\u00f8gtern i sprog og stemme.<\/em><\/p>\n<p><em>Han hater ikke sin motstander, hvad enten motstanderen er en person, et begrep, eller et system. Han forst\u00e5r og forklarer. Hans forel\u00e6sning er videnskap, klar unders\u00f8kelse, kold analyse. Og hans stilf\u00e6rdige m\u00e5te, hans litt t\u00f8rre ord, selv hans svake stemme synes her at v\u00e6re et fortrin, det samme fortrin som en enkel beskeden ramme om et kunstverk besitter: Den tr\u00e6kker ikke opmerksomheten bort fra billedet men lar dette virke med sin fulde kraft. Hos Garborg f\u00e6ngsles man bare av tankernes dybde.<\/em><\/p>\n<p>\u00d8vreb\u00f8 peikar her p\u00e5 det sentrale. Garborg avst\u00e5r fr\u00e5 musikk, framtoning, rytme eller lydstyrke\/veikskap i framstillinga for at orda skal st\u00e5 der nakne; ord som vitskap. Det er hans kontrakt med publikum. Det fans nok av vakne menneske den gongen som heldt kontrakten ved like, heilt til det siste. Fans dei ikkje der, gjekk han fr\u00e5 scenen. Han tala til gynasiastar p\u00e5 Riis, v\u00e5ga seg end\u00e5til opp p\u00e5 vestkanten av Christiania for \u00e5 snakka med ungdommen. Dei lo av han, og han oppfatta l\u00e5tten. Midt under foredraget samla han lappane sine saman, og gjekk. Han fortel om det i dagboka, han var rysta. Men han hadde alts\u00e5 noko \u00e5 seia for slike som ville h\u00f8yra, og han var medviten om det. \u00d8vreb\u00f8 polemiserer til slutt i artikkelen mot dei som ikkje forsto han:<\/p>\n<p><em>Arne Garborgs metode passer ikke for vore med l\u00e6gpredikanter og \u00abfolketalere\u00bb tilvante tilh\u00f8rerskarer. Han bliver ikke popul\u00e6r \u2013 endnu. Dertil er vore \u00f8ren for litet kultiverte, for meget vante til snak, svulst og ageren. De udmerkede ting, Garborg har at si, g\u00e5r derfor forbi de mange der ikke blir opmerksomme uten at hvert postulat er understreket med r\u00f8dt, hver s\u00e6tning utstyrt med svovlete frynser. Dog, en utvikling av h\u00f8re- og opfattelsesevnen, av smaken, av den kritiske sans hos vort tilh\u00f8rerpublikum m\u00e5 komme, dersom vi ikke skal overskylles av talem\u00e5ter og tomt snak. Og en s\u00e5dan utvikling vil forel\u00e6sninger som Arne Garborgs fremme. Deri ligge ikke deres mindste fortjeneste.<\/em><\/p>\n<p>Arne Garborg svarar r\u00f8rt og stolt Fridjof \u00d8vreb\u00f8 i brev 7.10.09. Det er eit oppsiktsvekkande brev. Ikkje bare gir han \u00d8vsteb\u00f8 heilt rett i analysen av metoden; den er medviten, og gjennomtenkt. Stemmens veiskap blir orda sin styrke. Men han seier ogs\u00e5 at eit bimotiv for ikkje \u00e5 farga den munnlege framstillinga er angsten for \u00e5 bli r\u00f8rt, og p\u00e5 den m\u00e5ten \u00f8ydelegga for orda. Ein kl\u00f8kt Garborg ville distrahera, derfor vekk med alt som kan tangere det \u00abr\u00f8rende\u00bb. Fr\u00e5 brevet:<\/p>\n<p><em>\u00abMed ikke mindre interesse har jeg \u2013 selvf\u00f8lgelig- l\u00e6st artikelen om undertegnede. Og p\u00e5 Deres ledetanker om Garborg som foredragsholder har jeg sikkert intet at uds\u00e6tte; hvad der er af kritik er altfor berettiget, og Deres resultat \u2013 m\u00e5 jeg ialfald \u00f8nske var vigtigt. \u2013 En af grundene til det altfor knappe og t\u00f8rre ved min mundtlige fremstillingsm\u00e5de er ellers af en s\u00e5dan natur at jeg er glad, s\u00e5l\u00e6nge den ikke \u00abopdages\u00bb; jeg er r\u00e6d at jeg \u2013 med al min respekt for det \u00abh\u00f8itidelige\u00bb foredrag \u2013 kom til at \u00abpr\u00e6dike\u00bb en del jeg ogs\u00e5, hvis ikke en tosket nerv\u00f8s svaghed ikke ligefrem tvang mig til at vogte mig for alt som kan tangere det \u00abr\u00f8rende\u00bb. Min uheldbredelige mangel p\u00e5 stemme \u2013 jeg har h\u00e6ngt for l\u00e6nge over skrivepulten \u2013 kommer ellers snart til at s\u00e6tte en stopper for min oratoriske virksomhed; imidlertid faar jeg tilst\u00e5 at jeg er glad over, at der lader sig sige s\u00e5 meget godt om min methode som De har gjort.<\/em><\/p>\n<p><em>Tak!\u00bb<\/em><\/p>\n","protected":false},"excerpt":{"rendered":"<p><img loading=\"lazy\" decoding=\"async\" width=\"976\" height=\"551\" style=\"margin-right: 10px;margin-bottom: 10px\" alt=\"GbundadLiggandHopplTilp\" src=\"images\/stories\/garborgsenter\/Arne\/GbundadLiggandHopplTilp.jpg\" \/>Kvifor reiste han stadig rundt i landet og heldt foredrag? Han m\u00e5tte ha visst kor elendig han var p\u00e5 talarstolen,&#8221; sp\u00f8r Tor Obrestad. Han meiner han har funne svaret.<\/p>\n","protected":false},"author":17,"featured_media":781,"comment_status":"closed","ping_status":"closed","sticky":false,"template":"","format":"standard","meta":{"_acf_changed":false,"_jetpack_memberships_contains_paid_content":false,"footnotes":""},"categories":[13],"tags":[],"class_list":["post-439","post","type-post","status-publish","format-standard","has-post-thumbnail","hentry","category-nytt-fra-garborgsenteret","featured-image-size-small"],"acf":[],"yoast_head":"<!-- This site is optimized with the Yoast SEO plugin v27.4 - https:\/\/yoast.com\/product\/yoast-seo-wordpress\/ -->\n<title>Foredragshaldaren Garborg - Garborgsenteret<\/title>\n<meta name=\"robots\" content=\"index, follow, max-snippet:-1, max-image-preview:large, max-video-preview:-1\" \/>\n<link rel=\"canonical\" href=\"https:\/\/www.jaermuseet.no\/garborgsenteret\/foredragshaldaren-garborg\/\" \/>\n<meta property=\"og:locale\" content=\"nn_NO\" \/>\n<meta property=\"og:type\" content=\"article\" \/>\n<meta property=\"og:title\" content=\"Foredragshaldaren Garborg - Garborgsenteret\" \/>\n<meta property=\"og:description\" content=\"Kvifor reiste han stadig rundt i landet og heldt foredrag? Han m\u00e5tte ha visst kor elendig han var p\u00e5 talarstolen,&quot; sp\u00f8r Tor Obrestad. Han meiner han har funne svaret.\" \/>\n<meta property=\"og:url\" content=\"https:\/\/www.jaermuseet.no\/garborgsenteret\/foredragshaldaren-garborg\/\" \/>\n<meta property=\"og:site_name\" content=\"Garborgsenteret\" \/>\n<meta property=\"article:published_time\" content=\"2014-07-30T09:14:06+00:00\" \/>\n<meta property=\"article:modified_time\" content=\"2017-11-15T12:34:59+00:00\" \/>\n<meta property=\"og:image\" content=\"https:\/\/www.jaermuseet.no\/wp-content\/uploads\/sites\/2\/2014\/07\/Gbunad1.jpg\" \/>\n\t<meta property=\"og:image:width\" content=\"274\" \/>\n\t<meta property=\"og:image:height\" content=\"448\" \/>\n\t<meta property=\"og:image:type\" content=\"image\/jpeg\" \/>\n<meta name=\"author\" content=\"\u00d8rjan Zazzera Johansen\" \/>\n<meta name=\"twitter:card\" content=\"summary_large_image\" \/>\n<meta name=\"twitter:label1\" content=\"Written by\" \/>\n\t<meta name=\"twitter:data1\" content=\"\u00d8rjan Zazzera Johansen\" \/>\n\t<meta name=\"twitter:label2\" content=\"Est. reading time\" \/>\n\t<meta name=\"twitter:data2\" content=\"7 minutt\" \/>\n<script type=\"application\/ld+json\" class=\"yoast-schema-graph\">{\"@context\":\"https:\\\/\\\/schema.org\",\"@graph\":[{\"@type\":\"Article\",\"@id\":\"https:\\\/\\\/www.jaermuseet.no\\\/garborgsenteret\\\/foredragshaldaren-garborg\\\/#article\",\"isPartOf\":{\"@id\":\"https:\\\/\\\/www.jaermuseet.no\\\/garborgsenteret\\\/foredragshaldaren-garborg\\\/\"},\"author\":{\"name\":\"\u00d8rjan Zazzera Johansen\",\"@id\":\"https:\\\/\\\/www.jaermuseet.no\\\/garborgsenteret\\\/#\\\/schema\\\/person\\\/52c44fabae367c881e773d89b13f6a39\"},\"headline\":\"Foredragshaldaren Garborg\",\"datePublished\":\"2014-07-30T09:14:06+00:00\",\"dateModified\":\"2017-11-15T12:34:59+00:00\",\"mainEntityOfPage\":{\"@id\":\"https:\\\/\\\/www.jaermuseet.no\\\/garborgsenteret\\\/foredragshaldaren-garborg\\\/\"},\"wordCount\":1475,\"image\":{\"@id\":\"https:\\\/\\\/www.jaermuseet.no\\\/garborgsenteret\\\/foredragshaldaren-garborg\\\/#primaryimage\"},\"thumbnailUrl\":\"https:\\\/\\\/www.jaermuseet.no\\\/garborgsenteret\\\/wp-content\\\/uploads\\\/sites\\\/2\\\/2014\\\/07\\\/Gbunad1.jpg\",\"articleSection\":[\"Nytt\"],\"inLanguage\":\"nn-NO\"},{\"@type\":\"WebPage\",\"@id\":\"https:\\\/\\\/www.jaermuseet.no\\\/garborgsenteret\\\/foredragshaldaren-garborg\\\/\",\"url\":\"https:\\\/\\\/www.jaermuseet.no\\\/garborgsenteret\\\/foredragshaldaren-garborg\\\/\",\"name\":\"Foredragshaldaren Garborg - Garborgsenteret\",\"isPartOf\":{\"@id\":\"https:\\\/\\\/www.jaermuseet.no\\\/garborgsenteret\\\/#website\"},\"primaryImageOfPage\":{\"@id\":\"https:\\\/\\\/www.jaermuseet.no\\\/garborgsenteret\\\/foredragshaldaren-garborg\\\/#primaryimage\"},\"image\":{\"@id\":\"https:\\\/\\\/www.jaermuseet.no\\\/garborgsenteret\\\/foredragshaldaren-garborg\\\/#primaryimage\"},\"thumbnailUrl\":\"https:\\\/\\\/www.jaermuseet.no\\\/garborgsenteret\\\/wp-content\\\/uploads\\\/sites\\\/2\\\/2014\\\/07\\\/Gbunad1.jpg\",\"datePublished\":\"2014-07-30T09:14:06+00:00\",\"dateModified\":\"2017-11-15T12:34:59+00:00\",\"author\":{\"@id\":\"https:\\\/\\\/www.jaermuseet.no\\\/garborgsenteret\\\/#\\\/schema\\\/person\\\/52c44fabae367c881e773d89b13f6a39\"},\"breadcrumb\":{\"@id\":\"https:\\\/\\\/www.jaermuseet.no\\\/garborgsenteret\\\/foredragshaldaren-garborg\\\/#breadcrumb\"},\"inLanguage\":\"nn-NO\",\"potentialAction\":[{\"@type\":\"ReadAction\",\"target\":[\"https:\\\/\\\/www.jaermuseet.no\\\/garborgsenteret\\\/foredragshaldaren-garborg\\\/\"]}]},{\"@type\":\"ImageObject\",\"inLanguage\":\"nn-NO\",\"@id\":\"https:\\\/\\\/www.jaermuseet.no\\\/garborgsenteret\\\/foredragshaldaren-garborg\\\/#primaryimage\",\"url\":\"https:\\\/\\\/www.jaermuseet.no\\\/garborgsenteret\\\/wp-content\\\/uploads\\\/sites\\\/2\\\/2014\\\/07\\\/Gbunad1.jpg\",\"contentUrl\":\"https:\\\/\\\/www.jaermuseet.no\\\/garborgsenteret\\\/wp-content\\\/uploads\\\/sites\\\/2\\\/2014\\\/07\\\/Gbunad1.jpg\",\"width\":274,\"height\":448},{\"@type\":\"BreadcrumbList\",\"@id\":\"https:\\\/\\\/www.jaermuseet.no\\\/garborgsenteret\\\/foredragshaldaren-garborg\\\/#breadcrumb\",\"itemListElement\":[{\"@type\":\"ListItem\",\"position\":1,\"name\":\"Hjem\",\"item\":\"https:\\\/\\\/www.jaermuseet.no\\\/garborgsenteret\\\/\"},{\"@type\":\"ListItem\",\"position\":2,\"name\":\"Foredragshaldaren Garborg\"}]},{\"@type\":\"WebSite\",\"@id\":\"https:\\\/\\\/www.jaermuseet.no\\\/garborgsenteret\\\/#website\",\"url\":\"https:\\\/\\\/www.jaermuseet.no\\\/garborgsenteret\\\/\",\"name\":\"Garborgsenteret\",\"description\":\"A national arena to promote the interest for authors Arne and Hulda Garborg\",\"potentialAction\":[{\"@type\":\"SearchAction\",\"target\":{\"@type\":\"EntryPoint\",\"urlTemplate\":\"https:\\\/\\\/www.jaermuseet.no\\\/garborgsenteret\\\/?s={search_term_string}\"},\"query-input\":{\"@type\":\"PropertyValueSpecification\",\"valueRequired\":true,\"valueName\":\"search_term_string\"}}],\"inLanguage\":\"nn-NO\"},{\"@type\":\"Person\",\"@id\":\"https:\\\/\\\/www.jaermuseet.no\\\/garborgsenteret\\\/#\\\/schema\\\/person\\\/52c44fabae367c881e773d89b13f6a39\",\"name\":\"\u00d8rjan Zazzera Johansen\",\"image\":{\"@type\":\"ImageObject\",\"inLanguage\":\"nn-NO\",\"@id\":\"https:\\\/\\\/secure.gravatar.com\\\/avatar\\\/0b86a48618c6ca6592b74ea11c3de001ac75d3e294240f39e05a080f19386fb4?s=96&d=mm&r=g\",\"url\":\"https:\\\/\\\/secure.gravatar.com\\\/avatar\\\/0b86a48618c6ca6592b74ea11c3de001ac75d3e294240f39e05a080f19386fb4?s=96&d=mm&r=g\",\"contentUrl\":\"https:\\\/\\\/secure.gravatar.com\\\/avatar\\\/0b86a48618c6ca6592b74ea11c3de001ac75d3e294240f39e05a080f19386fb4?s=96&d=mm&r=g\",\"caption\":\"\u00d8rjan Zazzera Johansen\"},\"url\":\"https:\\\/\\\/www.jaermuseet.no\\\/garborgsenteret\\\/author\\\/orjo\\\/\"}]}<\/script>\n<!-- \/ Yoast SEO plugin. -->","yoast_head_json":{"title":"Foredragshaldaren Garborg - Garborgsenteret","robots":{"index":"index","follow":"follow","max-snippet":"max-snippet:-1","max-image-preview":"max-image-preview:large","max-video-preview":"max-video-preview:-1"},"canonical":"https:\/\/www.jaermuseet.no\/garborgsenteret\/foredragshaldaren-garborg\/","og_locale":"nn_NO","og_type":"article","og_title":"Foredragshaldaren Garborg - Garborgsenteret","og_description":"Kvifor reiste han stadig rundt i landet og heldt foredrag? Han m\u00e5tte ha visst kor elendig han var p\u00e5 talarstolen,\" sp\u00f8r Tor Obrestad. Han meiner han har funne svaret.","og_url":"https:\/\/www.jaermuseet.no\/garborgsenteret\/foredragshaldaren-garborg\/","og_site_name":"Garborgsenteret","article_published_time":"2014-07-30T09:14:06+00:00","article_modified_time":"2017-11-15T12:34:59+00:00","og_image":[{"width":274,"height":448,"url":"https:\/\/www.jaermuseet.no\/wp-content\/uploads\/sites\/2\/2014\/07\/Gbunad1.jpg","type":"image\/jpeg"}],"author":"\u00d8rjan Zazzera Johansen","twitter_card":"summary_large_image","twitter_misc":{"Written by":"\u00d8rjan Zazzera Johansen","Est. reading time":"7 minutt"},"schema":{"@context":"https:\/\/schema.org","@graph":[{"@type":"Article","@id":"https:\/\/www.jaermuseet.no\/garborgsenteret\/foredragshaldaren-garborg\/#article","isPartOf":{"@id":"https:\/\/www.jaermuseet.no\/garborgsenteret\/foredragshaldaren-garborg\/"},"author":{"name":"\u00d8rjan Zazzera Johansen","@id":"https:\/\/www.jaermuseet.no\/garborgsenteret\/#\/schema\/person\/52c44fabae367c881e773d89b13f6a39"},"headline":"Foredragshaldaren Garborg","datePublished":"2014-07-30T09:14:06+00:00","dateModified":"2017-11-15T12:34:59+00:00","mainEntityOfPage":{"@id":"https:\/\/www.jaermuseet.no\/garborgsenteret\/foredragshaldaren-garborg\/"},"wordCount":1475,"image":{"@id":"https:\/\/www.jaermuseet.no\/garborgsenteret\/foredragshaldaren-garborg\/#primaryimage"},"thumbnailUrl":"https:\/\/www.jaermuseet.no\/garborgsenteret\/wp-content\/uploads\/sites\/2\/2014\/07\/Gbunad1.jpg","articleSection":["Nytt"],"inLanguage":"nn-NO"},{"@type":"WebPage","@id":"https:\/\/www.jaermuseet.no\/garborgsenteret\/foredragshaldaren-garborg\/","url":"https:\/\/www.jaermuseet.no\/garborgsenteret\/foredragshaldaren-garborg\/","name":"Foredragshaldaren Garborg - Garborgsenteret","isPartOf":{"@id":"https:\/\/www.jaermuseet.no\/garborgsenteret\/#website"},"primaryImageOfPage":{"@id":"https:\/\/www.jaermuseet.no\/garborgsenteret\/foredragshaldaren-garborg\/#primaryimage"},"image":{"@id":"https:\/\/www.jaermuseet.no\/garborgsenteret\/foredragshaldaren-garborg\/#primaryimage"},"thumbnailUrl":"https:\/\/www.jaermuseet.no\/garborgsenteret\/wp-content\/uploads\/sites\/2\/2014\/07\/Gbunad1.jpg","datePublished":"2014-07-30T09:14:06+00:00","dateModified":"2017-11-15T12:34:59+00:00","author":{"@id":"https:\/\/www.jaermuseet.no\/garborgsenteret\/#\/schema\/person\/52c44fabae367c881e773d89b13f6a39"},"breadcrumb":{"@id":"https:\/\/www.jaermuseet.no\/garborgsenteret\/foredragshaldaren-garborg\/#breadcrumb"},"inLanguage":"nn-NO","potentialAction":[{"@type":"ReadAction","target":["https:\/\/www.jaermuseet.no\/garborgsenteret\/foredragshaldaren-garborg\/"]}]},{"@type":"ImageObject","inLanguage":"nn-NO","@id":"https:\/\/www.jaermuseet.no\/garborgsenteret\/foredragshaldaren-garborg\/#primaryimage","url":"https:\/\/www.jaermuseet.no\/garborgsenteret\/wp-content\/uploads\/sites\/2\/2014\/07\/Gbunad1.jpg","contentUrl":"https:\/\/www.jaermuseet.no\/garborgsenteret\/wp-content\/uploads\/sites\/2\/2014\/07\/Gbunad1.jpg","width":274,"height":448},{"@type":"BreadcrumbList","@id":"https:\/\/www.jaermuseet.no\/garborgsenteret\/foredragshaldaren-garborg\/#breadcrumb","itemListElement":[{"@type":"ListItem","position":1,"name":"Hjem","item":"https:\/\/www.jaermuseet.no\/garborgsenteret\/"},{"@type":"ListItem","position":2,"name":"Foredragshaldaren Garborg"}]},{"@type":"WebSite","@id":"https:\/\/www.jaermuseet.no\/garborgsenteret\/#website","url":"https:\/\/www.jaermuseet.no\/garborgsenteret\/","name":"Garborgsenteret","description":"A national arena to promote the interest for authors Arne and Hulda Garborg","potentialAction":[{"@type":"SearchAction","target":{"@type":"EntryPoint","urlTemplate":"https:\/\/www.jaermuseet.no\/garborgsenteret\/?s={search_term_string}"},"query-input":{"@type":"PropertyValueSpecification","valueRequired":true,"valueName":"search_term_string"}}],"inLanguage":"nn-NO"},{"@type":"Person","@id":"https:\/\/www.jaermuseet.no\/garborgsenteret\/#\/schema\/person\/52c44fabae367c881e773d89b13f6a39","name":"\u00d8rjan Zazzera Johansen","image":{"@type":"ImageObject","inLanguage":"nn-NO","@id":"https:\/\/secure.gravatar.com\/avatar\/0b86a48618c6ca6592b74ea11c3de001ac75d3e294240f39e05a080f19386fb4?s=96&d=mm&r=g","url":"https:\/\/secure.gravatar.com\/avatar\/0b86a48618c6ca6592b74ea11c3de001ac75d3e294240f39e05a080f19386fb4?s=96&d=mm&r=g","contentUrl":"https:\/\/secure.gravatar.com\/avatar\/0b86a48618c6ca6592b74ea11c3de001ac75d3e294240f39e05a080f19386fb4?s=96&d=mm&r=g","caption":"\u00d8rjan Zazzera Johansen"},"url":"https:\/\/www.jaermuseet.no\/garborgsenteret\/author\/orjo\/"}]}},"cc_featured_image_caption":{"caption_text":"","source_text":"","source_url":""},"jetpack_featured_media_url":"https:\/\/www.jaermuseet.no\/garborgsenteret\/wp-content\/uploads\/sites\/2\/2014\/07\/Gbunad1.jpg","jetpack_sharing_enabled":true,"_links":{"self":[{"href":"https:\/\/www.jaermuseet.no\/garborgsenteret\/wp-json\/wp\/v2\/posts\/439","targetHints":{"allow":["GET"]}}],"collection":[{"href":"https:\/\/www.jaermuseet.no\/garborgsenteret\/wp-json\/wp\/v2\/posts"}],"about":[{"href":"https:\/\/www.jaermuseet.no\/garborgsenteret\/wp-json\/wp\/v2\/types\/post"}],"author":[{"embeddable":true,"href":"https:\/\/www.jaermuseet.no\/garborgsenteret\/wp-json\/wp\/v2\/users\/17"}],"replies":[{"embeddable":true,"href":"https:\/\/www.jaermuseet.no\/garborgsenteret\/wp-json\/wp\/v2\/comments?post=439"}],"version-history":[{"count":2,"href":"https:\/\/www.jaermuseet.no\/garborgsenteret\/wp-json\/wp\/v2\/posts\/439\/revisions"}],"predecessor-version":[{"id":1259,"href":"https:\/\/www.jaermuseet.no\/garborgsenteret\/wp-json\/wp\/v2\/posts\/439\/revisions\/1259"}],"wp:featuredmedia":[{"embeddable":true,"href":"https:\/\/www.jaermuseet.no\/garborgsenteret\/wp-json\/wp\/v2\/media\/781"}],"wp:attachment":[{"href":"https:\/\/www.jaermuseet.no\/garborgsenteret\/wp-json\/wp\/v2\/media?parent=439"}],"wp:term":[{"taxonomy":"category","embeddable":true,"href":"https:\/\/www.jaermuseet.no\/garborgsenteret\/wp-json\/wp\/v2\/categories?post=439"},{"taxonomy":"post_tag","embeddable":true,"href":"https:\/\/www.jaermuseet.no\/garborgsenteret\/wp-json\/wp\/v2\/tags?post=439"}],"curies":[{"name":"wp","href":"https:\/\/api.w.org\/{rel}","templated":true}]}}