{"id":406,"date":"2012-12-05T11:59:56","date_gmt":"2012-12-05T10:59:56","guid":{"rendered":"https:\/\/www.jaermuseet.no\/garborgsenteret\/bok-om-garborgs-barndom-og-oppvekst\/"},"modified":"2017-11-15T13:44:59","modified_gmt":"2017-11-15T11:44:59","slug":"bok-om-garborgs-barndom-og-oppvekst","status":"publish","type":"post","link":"https:\/\/www.jaermuseet.no\/garborgsenteret\/bok-om-garborgs-barndom-og-oppvekst\/","title":{"rendered":"Bok om Garborgs barndom og oppvekst"},"content":{"rendered":"<p>Diktaren vaks opp p\u00e5 Garborg\u00e5sen, s\u00f8r i Time kommune, med det strev som fulgte ein odelsgut, med bestefar, sm\u00e5sysken, mor og ein far som etterkvart vart psykisk sjuk. Me f\u00f8lgjer Aadne i kvardagslivet, i sm\u00e5gutens undring over verda ikring seg, men \u00f2g i kampen om \u00e5 f\u00e5 vera seg sj\u00f8lv, \u00abboksjuk\u00bb som han jo var.<\/p>\n<p>At diktaren hadde ein vanskeleg oppveks og forlot heimegarden allereie som sekten\u00e5ring er velkjent, men i boka f\u00e5r me f\u00f8lga han fr\u00e5 tida f\u00f8r farens sjukdom, gjennom gode og vonde stunder, fr\u00e5 det \u00e5 f\u00e5 ris etter \u00e5 ha gjort ein rampestrek til \u00e5 steika potetskiver i lag med mor.<\/p>\n<p>Forfattaren av boka, Sigbj\u00f8rn Reime, er ein mange\u00e5rig og s\u00e6rs popul\u00e6r kulturformidlar i Time kommune. Han har ogs\u00e5 tidlegare skrive biografisk om Arne Garborg, via b\u00f8ker om diktarheimane Knudaheio (<em>\u00abHeime att\u2026\u00bb<\/em>) og Garborgheimen <em>(\u00abHeimen er b\u00e5de vond og god\u2026\u00bb<\/em>). Det er \u00f2g Reime som st\u00e5r bak dei spr\u00e5kmoderniserte utg\u00e5vene av m.a. <em>Haugtussa<\/em> og <em>Fred<\/em>. Det er vanskeleg \u00e5 tenka seg nokon andre som kunne ha det same gode utgangspunktet for \u00e5 fortelja om Aadne sin oppvekst. Forfattaren har tatt utgangspunkt i Garborg sine eigne minne, henta ifr\u00e5 dagb\u00f8ker, brev og andres observasjonar av livet i Garborgheimen.<\/p>\n<p>\u00abBoka er flott,\u00bb seier Inger Undheim, avdelingsleiar p\u00e5 Garborgsenteret. \u00abHo er spennande og r\u00f8rande. Me har pr\u00f8vd og sett koss ho trollbind ungar, ja dei vaksne \u00f2g. Ho er god til h\u00f8gtlesning. Boka tek opp l\u00f8gne, men \u00f2g vanskelege emne, og dette fungerer sv\u00e6rt godt. Historia er fortalt ut fr\u00e5 barns synsvinkel og i eit spr\u00e5k barn gjenkjenner seg i.\u00bb<\/p>\n<p>Teksten er krydra med korte, lettfattelege og velplasserte sitat fr\u00e5 Garborg sin litteratur, og illustrert med flotte, koselege teikningar av Svein Skarb\u00f8vik. Her er artiklar fr\u00e5 <a href=\"https:\/\/www.jaermuseet.no\/wp-content\/uploads\/sites\/2\/2015\/10\/Barnebok_SA.jpg\">Stavanger Aftenblad <\/a>og <a href=\"https:\/\/www.jaermuseet.no\/wp-content\/uploads\/sites\/2\/2015\/10\/BarnebokJBL.jpg\">J\u00e6rbladet<\/a>.<\/p>\n<p><span class=\"wf_caption\" style=\"margin-right: 10px; margin-bottom: 10px; margin-left: 10px;\"><img loading=\"lazy\" decoding=\"async\" style=\"margin-bottom: 10px; margin-right: 10px;\" src=\"https:\/\/www.jaermuseet.no\/wp-content\/uploads\/sites\/2\/2012\/12\/Aadne2bearbWeb2.jpg\" alt=\"D\u00e5 Arne Garborg var liten\" width=\"672\" height=\"979\" \/><span style=\"width: 672px; clear: both;\">Tekst: Sigbj\u00f8rn Reime. Illustrasjon: Svein Skarb\u00f8vik.<\/span><\/span><\/p>\n<p><strong>Laurdag 15.12. vert det bokprat med forfattaren p\u00e5 Garborgsenteret kl 13.00. <a href=\"aktivitetar\/details\/281-bokprat-og-boksignering\">Les meir<\/a><\/strong><\/p>\n<p><span style=\"color: #808080; font-size: 8pt;\">Skrive av \u00d8rjan Johansen<\/span><\/p>\n","protected":false},"excerpt":{"rendered":"<p><img loading=\"lazy\" decoding=\"async\" style=\"margin-bottom: 10px;margin-right: 10px\" alt=\"AadneBearbLiggandeWeb\" src=\"images\/stories\/garborgsenter\/artikkelbilder\/Aadne\/AadneBearbLiggandeWeb.jpg\" width=\"448\" height=\"220\" \/>Her er boka om den litle Garborg. <\/p>\n","protected":false},"author":17,"featured_media":687,"comment_status":"open","ping_status":"open","sticky":false,"template":"","format":"standard","meta":{"_acf_changed":false,"_jetpack_memberships_contains_paid_content":false,"footnotes":""},"categories":[13],"tags":[],"class_list":["post-406","post","type-post","status-publish","format-standard","has-post-thumbnail","hentry","category-nytt-fra-garborgsenteret","featured-image-size-large"],"acf":[],"yoast_head":"<!-- This site is optimized with the Yoast SEO plugin v27.4 - https:\/\/yoast.com\/product\/yoast-seo-wordpress\/ -->\n<title>Bok om Garborgs barndom og oppvekst - Garborgsenteret<\/title>\n<meta name=\"robots\" content=\"index, follow, max-snippet:-1, max-image-preview:large, max-video-preview:-1\" \/>\n<link rel=\"canonical\" href=\"https:\/\/www.jaermuseet.no\/garborgsenteret\/bok-om-garborgs-barndom-og-oppvekst\/\" \/>\n<meta property=\"og:locale\" content=\"nn_NO\" \/>\n<meta property=\"og:type\" content=\"article\" \/>\n<meta property=\"og:title\" content=\"Bok om Garborgs barndom og oppvekst - Garborgsenteret\" \/>\n<meta property=\"og:description\" content=\"Her er boka om den litle Garborg.\" \/>\n<meta property=\"og:url\" content=\"https:\/\/www.jaermuseet.no\/garborgsenteret\/bok-om-garborgs-barndom-og-oppvekst\/\" \/>\n<meta property=\"og:site_name\" content=\"Garborgsenteret\" \/>\n<meta property=\"article:published_time\" content=\"2012-12-05T10:59:56+00:00\" \/>\n<meta property=\"article:modified_time\" content=\"2017-11-15T11:44:59+00:00\" \/>\n<meta property=\"og:image\" content=\"https:\/\/www.jaermuseet.no\/wp-content\/uploads\/sites\/2\/2012\/12\/AadneBearbWeb1.jpg\" \/>\n\t<meta property=\"og:image:width\" content=\"336\" \/>\n\t<meta property=\"og:image:height\" content=\"356\" \/>\n\t<meta property=\"og:image:type\" content=\"image\/jpeg\" \/>\n<meta name=\"author\" content=\"\u00d8rjan Zazzera Johansen\" \/>\n<meta name=\"twitter:card\" content=\"summary_large_image\" \/>\n<meta name=\"twitter:label1\" content=\"Written by\" \/>\n\t<meta name=\"twitter:data1\" content=\"\u00d8rjan Zazzera Johansen\" \/>\n\t<meta name=\"twitter:label2\" content=\"Est. reading time\" \/>\n\t<meta name=\"twitter:data2\" content=\"2 minutt\" \/>\n<script type=\"application\/ld+json\" class=\"yoast-schema-graph\">{\"@context\":\"https:\\\/\\\/schema.org\",\"@graph\":[{\"@type\":\"Article\",\"@id\":\"https:\\\/\\\/www.jaermuseet.no\\\/garborgsenteret\\\/bok-om-garborgs-barndom-og-oppvekst\\\/#article\",\"isPartOf\":{\"@id\":\"https:\\\/\\\/www.jaermuseet.no\\\/garborgsenteret\\\/bok-om-garborgs-barndom-og-oppvekst\\\/\"},\"author\":{\"name\":\"\u00d8rjan Zazzera Johansen\",\"@id\":\"https:\\\/\\\/www.jaermuseet.no\\\/garborgsenteret\\\/#\\\/schema\\\/person\\\/52c44fabae367c881e773d89b13f6a39\"},\"headline\":\"Bok om Garborgs barndom og oppvekst\",\"datePublished\":\"2012-12-05T10:59:56+00:00\",\"dateModified\":\"2017-11-15T11:44:59+00:00\",\"mainEntityOfPage\":{\"@id\":\"https:\\\/\\\/www.jaermuseet.no\\\/garborgsenteret\\\/bok-om-garborgs-barndom-og-oppvekst\\\/\"},\"wordCount\":343,\"commentCount\":0,\"image\":{\"@id\":\"https:\\\/\\\/www.jaermuseet.no\\\/garborgsenteret\\\/bok-om-garborgs-barndom-og-oppvekst\\\/#primaryimage\"},\"thumbnailUrl\":\"https:\\\/\\\/www.jaermuseet.no\\\/garborgsenteret\\\/wp-content\\\/uploads\\\/sites\\\/2\\\/2012\\\/12\\\/AadneBearbWeb1.jpg\",\"articleSection\":[\"Nytt\"],\"inLanguage\":\"nn-NO\",\"potentialAction\":[{\"@type\":\"CommentAction\",\"name\":\"Comment\",\"target\":[\"https:\\\/\\\/www.jaermuseet.no\\\/garborgsenteret\\\/bok-om-garborgs-barndom-og-oppvekst\\\/#respond\"]}]},{\"@type\":\"WebPage\",\"@id\":\"https:\\\/\\\/www.jaermuseet.no\\\/garborgsenteret\\\/bok-om-garborgs-barndom-og-oppvekst\\\/\",\"url\":\"https:\\\/\\\/www.jaermuseet.no\\\/garborgsenteret\\\/bok-om-garborgs-barndom-og-oppvekst\\\/\",\"name\":\"Bok om Garborgs barndom og oppvekst - Garborgsenteret\",\"isPartOf\":{\"@id\":\"https:\\\/\\\/www.jaermuseet.no\\\/garborgsenteret\\\/#website\"},\"primaryImageOfPage\":{\"@id\":\"https:\\\/\\\/www.jaermuseet.no\\\/garborgsenteret\\\/bok-om-garborgs-barndom-og-oppvekst\\\/#primaryimage\"},\"image\":{\"@id\":\"https:\\\/\\\/www.jaermuseet.no\\\/garborgsenteret\\\/bok-om-garborgs-barndom-og-oppvekst\\\/#primaryimage\"},\"thumbnailUrl\":\"https:\\\/\\\/www.jaermuseet.no\\\/garborgsenteret\\\/wp-content\\\/uploads\\\/sites\\\/2\\\/2012\\\/12\\\/AadneBearbWeb1.jpg\",\"datePublished\":\"2012-12-05T10:59:56+00:00\",\"dateModified\":\"2017-11-15T11:44:59+00:00\",\"author\":{\"@id\":\"https:\\\/\\\/www.jaermuseet.no\\\/garborgsenteret\\\/#\\\/schema\\\/person\\\/52c44fabae367c881e773d89b13f6a39\"},\"breadcrumb\":{\"@id\":\"https:\\\/\\\/www.jaermuseet.no\\\/garborgsenteret\\\/bok-om-garborgs-barndom-og-oppvekst\\\/#breadcrumb\"},\"inLanguage\":\"nn-NO\",\"potentialAction\":[{\"@type\":\"ReadAction\",\"target\":[\"https:\\\/\\\/www.jaermuseet.no\\\/garborgsenteret\\\/bok-om-garborgs-barndom-og-oppvekst\\\/\"]}]},{\"@type\":\"ImageObject\",\"inLanguage\":\"nn-NO\",\"@id\":\"https:\\\/\\\/www.jaermuseet.no\\\/garborgsenteret\\\/bok-om-garborgs-barndom-og-oppvekst\\\/#primaryimage\",\"url\":\"https:\\\/\\\/www.jaermuseet.no\\\/garborgsenteret\\\/wp-content\\\/uploads\\\/sites\\\/2\\\/2012\\\/12\\\/AadneBearbWeb1.jpg\",\"contentUrl\":\"https:\\\/\\\/www.jaermuseet.no\\\/garborgsenteret\\\/wp-content\\\/uploads\\\/sites\\\/2\\\/2012\\\/12\\\/AadneBearbWeb1.jpg\",\"width\":336,\"height\":356},{\"@type\":\"BreadcrumbList\",\"@id\":\"https:\\\/\\\/www.jaermuseet.no\\\/garborgsenteret\\\/bok-om-garborgs-barndom-og-oppvekst\\\/#breadcrumb\",\"itemListElement\":[{\"@type\":\"ListItem\",\"position\":1,\"name\":\"Hjem\",\"item\":\"https:\\\/\\\/www.jaermuseet.no\\\/garborgsenteret\\\/\"},{\"@type\":\"ListItem\",\"position\":2,\"name\":\"Bok om Garborgs barndom og oppvekst\"}]},{\"@type\":\"WebSite\",\"@id\":\"https:\\\/\\\/www.jaermuseet.no\\\/garborgsenteret\\\/#website\",\"url\":\"https:\\\/\\\/www.jaermuseet.no\\\/garborgsenteret\\\/\",\"name\":\"Garborgsenteret\",\"description\":\"A national arena to promote the interest for authors Arne and Hulda Garborg\",\"potentialAction\":[{\"@type\":\"SearchAction\",\"target\":{\"@type\":\"EntryPoint\",\"urlTemplate\":\"https:\\\/\\\/www.jaermuseet.no\\\/garborgsenteret\\\/?s={search_term_string}\"},\"query-input\":{\"@type\":\"PropertyValueSpecification\",\"valueRequired\":true,\"valueName\":\"search_term_string\"}}],\"inLanguage\":\"nn-NO\"},{\"@type\":\"Person\",\"@id\":\"https:\\\/\\\/www.jaermuseet.no\\\/garborgsenteret\\\/#\\\/schema\\\/person\\\/52c44fabae367c881e773d89b13f6a39\",\"name\":\"\u00d8rjan Zazzera Johansen\",\"image\":{\"@type\":\"ImageObject\",\"inLanguage\":\"nn-NO\",\"@id\":\"https:\\\/\\\/secure.gravatar.com\\\/avatar\\\/0b86a48618c6ca6592b74ea11c3de001ac75d3e294240f39e05a080f19386fb4?s=96&d=mm&r=g\",\"url\":\"https:\\\/\\\/secure.gravatar.com\\\/avatar\\\/0b86a48618c6ca6592b74ea11c3de001ac75d3e294240f39e05a080f19386fb4?s=96&d=mm&r=g\",\"contentUrl\":\"https:\\\/\\\/secure.gravatar.com\\\/avatar\\\/0b86a48618c6ca6592b74ea11c3de001ac75d3e294240f39e05a080f19386fb4?s=96&d=mm&r=g\",\"caption\":\"\u00d8rjan Zazzera Johansen\"},\"url\":\"https:\\\/\\\/www.jaermuseet.no\\\/garborgsenteret\\\/author\\\/orjo\\\/\"}]}<\/script>\n<!-- \/ Yoast SEO plugin. -->","yoast_head_json":{"title":"Bok om Garborgs barndom og oppvekst - Garborgsenteret","robots":{"index":"index","follow":"follow","max-snippet":"max-snippet:-1","max-image-preview":"max-image-preview:large","max-video-preview":"max-video-preview:-1"},"canonical":"https:\/\/www.jaermuseet.no\/garborgsenteret\/bok-om-garborgs-barndom-og-oppvekst\/","og_locale":"nn_NO","og_type":"article","og_title":"Bok om Garborgs barndom og oppvekst - Garborgsenteret","og_description":"Her er boka om den litle Garborg.","og_url":"https:\/\/www.jaermuseet.no\/garborgsenteret\/bok-om-garborgs-barndom-og-oppvekst\/","og_site_name":"Garborgsenteret","article_published_time":"2012-12-05T10:59:56+00:00","article_modified_time":"2017-11-15T11:44:59+00:00","og_image":[{"width":336,"height":356,"url":"https:\/\/www.jaermuseet.no\/wp-content\/uploads\/sites\/2\/2012\/12\/AadneBearbWeb1.jpg","type":"image\/jpeg"}],"author":"\u00d8rjan Zazzera Johansen","twitter_card":"summary_large_image","twitter_misc":{"Written by":"\u00d8rjan Zazzera Johansen","Est. reading time":"2 minutt"},"schema":{"@context":"https:\/\/schema.org","@graph":[{"@type":"Article","@id":"https:\/\/www.jaermuseet.no\/garborgsenteret\/bok-om-garborgs-barndom-og-oppvekst\/#article","isPartOf":{"@id":"https:\/\/www.jaermuseet.no\/garborgsenteret\/bok-om-garborgs-barndom-og-oppvekst\/"},"author":{"name":"\u00d8rjan Zazzera Johansen","@id":"https:\/\/www.jaermuseet.no\/garborgsenteret\/#\/schema\/person\/52c44fabae367c881e773d89b13f6a39"},"headline":"Bok om Garborgs barndom og oppvekst","datePublished":"2012-12-05T10:59:56+00:00","dateModified":"2017-11-15T11:44:59+00:00","mainEntityOfPage":{"@id":"https:\/\/www.jaermuseet.no\/garborgsenteret\/bok-om-garborgs-barndom-og-oppvekst\/"},"wordCount":343,"commentCount":0,"image":{"@id":"https:\/\/www.jaermuseet.no\/garborgsenteret\/bok-om-garborgs-barndom-og-oppvekst\/#primaryimage"},"thumbnailUrl":"https:\/\/www.jaermuseet.no\/garborgsenteret\/wp-content\/uploads\/sites\/2\/2012\/12\/AadneBearbWeb1.jpg","articleSection":["Nytt"],"inLanguage":"nn-NO","potentialAction":[{"@type":"CommentAction","name":"Comment","target":["https:\/\/www.jaermuseet.no\/garborgsenteret\/bok-om-garborgs-barndom-og-oppvekst\/#respond"]}]},{"@type":"WebPage","@id":"https:\/\/www.jaermuseet.no\/garborgsenteret\/bok-om-garborgs-barndom-og-oppvekst\/","url":"https:\/\/www.jaermuseet.no\/garborgsenteret\/bok-om-garborgs-barndom-og-oppvekst\/","name":"Bok om Garborgs barndom og oppvekst - Garborgsenteret","isPartOf":{"@id":"https:\/\/www.jaermuseet.no\/garborgsenteret\/#website"},"primaryImageOfPage":{"@id":"https:\/\/www.jaermuseet.no\/garborgsenteret\/bok-om-garborgs-barndom-og-oppvekst\/#primaryimage"},"image":{"@id":"https:\/\/www.jaermuseet.no\/garborgsenteret\/bok-om-garborgs-barndom-og-oppvekst\/#primaryimage"},"thumbnailUrl":"https:\/\/www.jaermuseet.no\/garborgsenteret\/wp-content\/uploads\/sites\/2\/2012\/12\/AadneBearbWeb1.jpg","datePublished":"2012-12-05T10:59:56+00:00","dateModified":"2017-11-15T11:44:59+00:00","author":{"@id":"https:\/\/www.jaermuseet.no\/garborgsenteret\/#\/schema\/person\/52c44fabae367c881e773d89b13f6a39"},"breadcrumb":{"@id":"https:\/\/www.jaermuseet.no\/garborgsenteret\/bok-om-garborgs-barndom-og-oppvekst\/#breadcrumb"},"inLanguage":"nn-NO","potentialAction":[{"@type":"ReadAction","target":["https:\/\/www.jaermuseet.no\/garborgsenteret\/bok-om-garborgs-barndom-og-oppvekst\/"]}]},{"@type":"ImageObject","inLanguage":"nn-NO","@id":"https:\/\/www.jaermuseet.no\/garborgsenteret\/bok-om-garborgs-barndom-og-oppvekst\/#primaryimage","url":"https:\/\/www.jaermuseet.no\/garborgsenteret\/wp-content\/uploads\/sites\/2\/2012\/12\/AadneBearbWeb1.jpg","contentUrl":"https:\/\/www.jaermuseet.no\/garborgsenteret\/wp-content\/uploads\/sites\/2\/2012\/12\/AadneBearbWeb1.jpg","width":336,"height":356},{"@type":"BreadcrumbList","@id":"https:\/\/www.jaermuseet.no\/garborgsenteret\/bok-om-garborgs-barndom-og-oppvekst\/#breadcrumb","itemListElement":[{"@type":"ListItem","position":1,"name":"Hjem","item":"https:\/\/www.jaermuseet.no\/garborgsenteret\/"},{"@type":"ListItem","position":2,"name":"Bok om Garborgs barndom og oppvekst"}]},{"@type":"WebSite","@id":"https:\/\/www.jaermuseet.no\/garborgsenteret\/#website","url":"https:\/\/www.jaermuseet.no\/garborgsenteret\/","name":"Garborgsenteret","description":"A national arena to promote the interest for authors Arne and Hulda Garborg","potentialAction":[{"@type":"SearchAction","target":{"@type":"EntryPoint","urlTemplate":"https:\/\/www.jaermuseet.no\/garborgsenteret\/?s={search_term_string}"},"query-input":{"@type":"PropertyValueSpecification","valueRequired":true,"valueName":"search_term_string"}}],"inLanguage":"nn-NO"},{"@type":"Person","@id":"https:\/\/www.jaermuseet.no\/garborgsenteret\/#\/schema\/person\/52c44fabae367c881e773d89b13f6a39","name":"\u00d8rjan Zazzera Johansen","image":{"@type":"ImageObject","inLanguage":"nn-NO","@id":"https:\/\/secure.gravatar.com\/avatar\/0b86a48618c6ca6592b74ea11c3de001ac75d3e294240f39e05a080f19386fb4?s=96&d=mm&r=g","url":"https:\/\/secure.gravatar.com\/avatar\/0b86a48618c6ca6592b74ea11c3de001ac75d3e294240f39e05a080f19386fb4?s=96&d=mm&r=g","contentUrl":"https:\/\/secure.gravatar.com\/avatar\/0b86a48618c6ca6592b74ea11c3de001ac75d3e294240f39e05a080f19386fb4?s=96&d=mm&r=g","caption":"\u00d8rjan Zazzera Johansen"},"url":"https:\/\/www.jaermuseet.no\/garborgsenteret\/author\/orjo\/"}]}},"cc_featured_image_caption":{"caption_text":"","source_text":"","source_url":""},"jetpack_featured_media_url":"https:\/\/www.jaermuseet.no\/garborgsenteret\/wp-content\/uploads\/sites\/2\/2012\/12\/AadneBearbWeb1.jpg","jetpack_sharing_enabled":true,"_links":{"self":[{"href":"https:\/\/www.jaermuseet.no\/garborgsenteret\/wp-json\/wp\/v2\/posts\/406","targetHints":{"allow":["GET"]}}],"collection":[{"href":"https:\/\/www.jaermuseet.no\/garborgsenteret\/wp-json\/wp\/v2\/posts"}],"about":[{"href":"https:\/\/www.jaermuseet.no\/garborgsenteret\/wp-json\/wp\/v2\/types\/post"}],"author":[{"embeddable":true,"href":"https:\/\/www.jaermuseet.no\/garborgsenteret\/wp-json\/wp\/v2\/users\/17"}],"replies":[{"embeddable":true,"href":"https:\/\/www.jaermuseet.no\/garborgsenteret\/wp-json\/wp\/v2\/comments?post=406"}],"version-history":[{"count":4,"href":"https:\/\/www.jaermuseet.no\/garborgsenteret\/wp-json\/wp\/v2\/posts\/406\/revisions"}],"predecessor-version":[{"id":5503,"href":"https:\/\/www.jaermuseet.no\/garborgsenteret\/wp-json\/wp\/v2\/posts\/406\/revisions\/5503"}],"wp:featuredmedia":[{"embeddable":true,"href":"https:\/\/www.jaermuseet.no\/garborgsenteret\/wp-json\/wp\/v2\/media\/687"}],"wp:attachment":[{"href":"https:\/\/www.jaermuseet.no\/garborgsenteret\/wp-json\/wp\/v2\/media?parent=406"}],"wp:term":[{"taxonomy":"category","embeddable":true,"href":"https:\/\/www.jaermuseet.no\/garborgsenteret\/wp-json\/wp\/v2\/categories?post=406"},{"taxonomy":"post_tag","embeddable":true,"href":"https:\/\/www.jaermuseet.no\/garborgsenteret\/wp-json\/wp\/v2\/tags?post=406"}],"curies":[{"name":"wp","href":"https:\/\/api.w.org\/{rel}","templated":true}]}}