{"id":383,"date":"2011-10-11T12:55:39","date_gmt":"2011-10-11T11:55:39","guid":{"rendered":"https:\/\/www.jaermuseet.no\/garborgsenteret\/som-a-vakna-til-eit-kalas\/"},"modified":"2017-11-15T13:12:36","modified_gmt":"2017-11-15T11:12:36","slug":"som-a-vakna-til-eit-kalas","status":"publish","type":"post","link":"https:\/\/www.jaermuseet.no\/garborgsenteret\/som-a-vakna-til-eit-kalas\/","title":{"rendered":"&#8220;Som \u00e5 vakna til eit kalas!&#8221;"},"content":{"rendered":"<div>Odd J\u00f8rstad, bokhandlar i Storgata p\u00e5 Bryne i 45 \u00e5r, fr\u00e5 1951 til 1996, og kledeleg skjeggprydd for anledninga, hadde med seg to \u00f8skjer fulle av dei mest storslagne g\u00e5ver.<\/div>\n<p>Kva han hadde med seg?<\/p>\n<p><img loading=\"lazy\" decoding=\"async\" style=\"margin-bottom: 10px; margin-right: 10px;\" src=\"https:\/\/www.jaermuseet.no\/wp-content\/uploads\/sites\/2\/2011\/10\/Julenisse_Jrstad_017web.jpg\" alt=\"Julenisse_Jrstad_017web\" width=\"448\" height=\"336\" \/><\/p>\n<p>B\u00f8ker!<\/p>\n<p>Haugevis med vakre, deilige, vidunderlege Garborg-b\u00f8ker. Kornmoe, og Symra, og Den store Freden, Fru Evas Dagbog, Mann av Guds naade, Fra Kolbotnen og andetsteds &#8211; berre for \u00e5 nemne nokre av dei rundt 80 b\u00f8kene julenissen hadde med seg. For det var Hulda sine b\u00f8ker som fekk avdelingsleiaren p\u00e5 Garborgsenteret, Inger Undheim, til \u00e5 skrike av lukke (rett nok eit l\u00e5gt skrik, men det var berre fordi det ligger eit bibliotek i etasjen under). For Garborgsenteret, som for ganske n\u00f8yaktig eit halvt \u00e5r sidan gjekk ut i media og sa dei \u00f8nskte seg b\u00f8ker, hadde s\u00e5 langt berre f\u00e5tt inn eit titals skrivne av Hulda Garborg. Til julenisse J\u00f8rstad kom &#8211; for d\u00e5 vart samlinga plutseleg fleirdobla.<\/p>\n<p>Nokre av b\u00f8kene var meir enn hundre \u00e5r gamle!<\/p>\n<p>Og fyrste \u00e5rgangen av Arne si avis, Den 17de Mai, komplett &#8211; ifr\u00e5 1894!<\/p>\n<p><img loading=\"lazy\" decoding=\"async\" style=\"margin-bottom: 10px; margin-right: 10px;\" src=\"https:\/\/www.jaermuseet.no\/wp-content\/uploads\/sites\/2\/2011\/10\/Julenisse_Jrstad_023web.jpg\" alt=\"Julenisse_Jrstad_023web\" width=\"336\" height=\"448\" \/><\/p>\n<p>&#8220;Eg g\u00e5r rett i klisjear om eg skal kommentera dette&#8221;, seier avdelingsleiar Undheim. &#8220;Det er s\u00e5 fantastisk. Dette er b\u00f8ker og aviser me \u00f8nskte oss sterkt. Og s\u00e6rleg stas er det med Hulda-b\u00f8kene, dei vil me ha fleire av&#8221;. Og med det oppfordrar ho\u00a0lesaren til \u00e5 sj\u00e5 i hylla eller p\u00e5 loftet om det finst nokre gamle eller nye b\u00f8ker du ikkje har bruk for &#8211; av Arne eller Hulda &#8211; eller b\u00f8ker som berre er tematisk relaterte til dei. Garborgsenteret vil gjerne stilla dei ut, lata dei vera til glede for alle vitjarar!<\/p>\n<p>Undheim trekk pusten.<\/p>\n<p>&#8220;Som \u00e5 vakna til eit kalas, julaften, ein bursdag du ikkje visste om.&#8221;<\/p>\n<p>&#8220;Me vil teikna eit stort bilete av Arne og Hulda&#8221;, seier ho. &#8220;Alt som kan relaterast til dei, tankar eller handlingar, er av interesse.&#8221;<\/p>\n<p><img loading=\"lazy\" decoding=\"async\" style=\"margin-bottom: 10px; margin-right: 10px;\" src=\"https:\/\/www.jaermuseet.no\/wp-content\/uploads\/sites\/2\/2011\/10\/Julenisse_Jrstad_019web.jpg\" alt=\"Julenisse_Jrstad_019web\" width=\"448\" height=\"336\" \/><\/p>\n<p>Odd J\u00f8rstad, Inger Undheim og utstillingsleiar Gunhild Hammeraas beundrer bokhylla der b\u00f8kene skal st\u00e5 &#8211; til glede for alle. Og som ein kan sj\u00e5 i bakgrunnen: det er full aktivitet i utstillingslokalet. Garborgsenteret reknar med \u00e5 opna d\u00f8rene p\u00e5 seinvinteren eller til v\u00e5ren.<\/p>\n<p><span style=\"color: #808080; font-size: 8pt;\">Skrive av \u00d8rjan Johansen\u00a0<\/span><\/p>\n","protected":false},"excerpt":{"rendered":"<p>Jul og 17de Mai p\u00e5 same tid. Garborgsenteret fekk ei storsl\u00e5tt g\u00e5ve.<\/p>\n","protected":false},"author":17,"featured_media":594,"comment_status":"open","ping_status":"open","sticky":false,"template":"","format":"standard","meta":{"_acf_changed":false,"_jetpack_memberships_contains_paid_content":false,"footnotes":""},"categories":[13],"tags":[],"class_list":["post-383","post","type-post","status-publish","format-standard","has-post-thumbnail","hentry","category-nytt-fra-garborgsenteret","featured-image-size-large"],"acf":[],"yoast_head":"<!-- This site is optimized with the Yoast SEO plugin v27.4 - https:\/\/yoast.com\/product\/yoast-seo-wordpress\/ -->\n<title>&quot;Som \u00e5 vakna til eit kalas!&quot; - Garborgsenteret<\/title>\n<meta name=\"robots\" content=\"index, follow, max-snippet:-1, max-image-preview:large, max-video-preview:-1\" \/>\n<link rel=\"canonical\" href=\"https:\/\/www.jaermuseet.no\/garborgsenteret\/som-a-vakna-til-eit-kalas\/\" \/>\n<meta property=\"og:locale\" content=\"nn_NO\" \/>\n<meta property=\"og:type\" content=\"article\" \/>\n<meta property=\"og:title\" content=\"&quot;Som \u00e5 vakna til eit kalas!&quot; - Garborgsenteret\" \/>\n<meta property=\"og:description\" content=\"Jul og 17de Mai p\u00e5 same tid. Garborgsenteret fekk ei storsl\u00e5tt g\u00e5ve.\" \/>\n<meta property=\"og:url\" content=\"https:\/\/www.jaermuseet.no\/garborgsenteret\/som-a-vakna-til-eit-kalas\/\" \/>\n<meta property=\"og:site_name\" content=\"Garborgsenteret\" \/>\n<meta property=\"article:published_time\" content=\"2011-10-11T11:55:39+00:00\" \/>\n<meta property=\"article:modified_time\" content=\"2017-11-15T11:12:36+00:00\" \/>\n<meta property=\"og:image\" content=\"https:\/\/www.jaermuseet.no\/wp-content\/uploads\/sites\/2\/2011\/10\/Julenisse_Jrstad_006web1.jpg\" \/>\n\t<meta property=\"og:image:width\" content=\"448\" \/>\n\t<meta property=\"og:image:height\" content=\"333\" \/>\n\t<meta property=\"og:image:type\" content=\"image\/jpeg\" \/>\n<meta name=\"author\" content=\"\u00d8rjan Zazzera Johansen\" \/>\n<meta name=\"twitter:card\" content=\"summary_large_image\" \/>\n<meta name=\"twitter:label1\" content=\"Written by\" \/>\n\t<meta name=\"twitter:data1\" content=\"\u00d8rjan Zazzera Johansen\" \/>\n\t<meta name=\"twitter:label2\" content=\"Est. reading time\" \/>\n\t<meta name=\"twitter:data2\" content=\"2 minutt\" \/>\n<script type=\"application\/ld+json\" class=\"yoast-schema-graph\">{\"@context\":\"https:\\\/\\\/schema.org\",\"@graph\":[{\"@type\":\"Article\",\"@id\":\"https:\\\/\\\/www.jaermuseet.no\\\/garborgsenteret\\\/som-a-vakna-til-eit-kalas\\\/#article\",\"isPartOf\":{\"@id\":\"https:\\\/\\\/www.jaermuseet.no\\\/garborgsenteret\\\/som-a-vakna-til-eit-kalas\\\/\"},\"author\":{\"name\":\"\u00d8rjan Zazzera Johansen\",\"@id\":\"https:\\\/\\\/www.jaermuseet.no\\\/garborgsenteret\\\/#\\\/schema\\\/person\\\/52c44fabae367c881e773d89b13f6a39\"},\"headline\":\"&#8220;Som \u00e5 vakna til eit kalas!&#8221;\",\"datePublished\":\"2011-10-11T11:55:39+00:00\",\"dateModified\":\"2017-11-15T11:12:36+00:00\",\"mainEntityOfPage\":{\"@id\":\"https:\\\/\\\/www.jaermuseet.no\\\/garborgsenteret\\\/som-a-vakna-til-eit-kalas\\\/\"},\"wordCount\":375,\"commentCount\":0,\"image\":{\"@id\":\"https:\\\/\\\/www.jaermuseet.no\\\/garborgsenteret\\\/som-a-vakna-til-eit-kalas\\\/#primaryimage\"},\"thumbnailUrl\":\"https:\\\/\\\/www.jaermuseet.no\\\/garborgsenteret\\\/wp-content\\\/uploads\\\/sites\\\/2\\\/2011\\\/10\\\/Julenisse_Jrstad_006web1.jpg\",\"articleSection\":[\"Nytt\"],\"inLanguage\":\"nn-NO\",\"potentialAction\":[{\"@type\":\"CommentAction\",\"name\":\"Comment\",\"target\":[\"https:\\\/\\\/www.jaermuseet.no\\\/garborgsenteret\\\/som-a-vakna-til-eit-kalas\\\/#respond\"]}]},{\"@type\":\"WebPage\",\"@id\":\"https:\\\/\\\/www.jaermuseet.no\\\/garborgsenteret\\\/som-a-vakna-til-eit-kalas\\\/\",\"url\":\"https:\\\/\\\/www.jaermuseet.no\\\/garborgsenteret\\\/som-a-vakna-til-eit-kalas\\\/\",\"name\":\"\\\"Som \u00e5 vakna til eit kalas!\\\" - Garborgsenteret\",\"isPartOf\":{\"@id\":\"https:\\\/\\\/www.jaermuseet.no\\\/garborgsenteret\\\/#website\"},\"primaryImageOfPage\":{\"@id\":\"https:\\\/\\\/www.jaermuseet.no\\\/garborgsenteret\\\/som-a-vakna-til-eit-kalas\\\/#primaryimage\"},\"image\":{\"@id\":\"https:\\\/\\\/www.jaermuseet.no\\\/garborgsenteret\\\/som-a-vakna-til-eit-kalas\\\/#primaryimage\"},\"thumbnailUrl\":\"https:\\\/\\\/www.jaermuseet.no\\\/garborgsenteret\\\/wp-content\\\/uploads\\\/sites\\\/2\\\/2011\\\/10\\\/Julenisse_Jrstad_006web1.jpg\",\"datePublished\":\"2011-10-11T11:55:39+00:00\",\"dateModified\":\"2017-11-15T11:12:36+00:00\",\"author\":{\"@id\":\"https:\\\/\\\/www.jaermuseet.no\\\/garborgsenteret\\\/#\\\/schema\\\/person\\\/52c44fabae367c881e773d89b13f6a39\"},\"breadcrumb\":{\"@id\":\"https:\\\/\\\/www.jaermuseet.no\\\/garborgsenteret\\\/som-a-vakna-til-eit-kalas\\\/#breadcrumb\"},\"inLanguage\":\"nn-NO\",\"potentialAction\":[{\"@type\":\"ReadAction\",\"target\":[\"https:\\\/\\\/www.jaermuseet.no\\\/garborgsenteret\\\/som-a-vakna-til-eit-kalas\\\/\"]}]},{\"@type\":\"ImageObject\",\"inLanguage\":\"nn-NO\",\"@id\":\"https:\\\/\\\/www.jaermuseet.no\\\/garborgsenteret\\\/som-a-vakna-til-eit-kalas\\\/#primaryimage\",\"url\":\"https:\\\/\\\/www.jaermuseet.no\\\/garborgsenteret\\\/wp-content\\\/uploads\\\/sites\\\/2\\\/2011\\\/10\\\/Julenisse_Jrstad_006web1.jpg\",\"contentUrl\":\"https:\\\/\\\/www.jaermuseet.no\\\/garborgsenteret\\\/wp-content\\\/uploads\\\/sites\\\/2\\\/2011\\\/10\\\/Julenisse_Jrstad_006web1.jpg\",\"width\":448,\"height\":333},{\"@type\":\"BreadcrumbList\",\"@id\":\"https:\\\/\\\/www.jaermuseet.no\\\/garborgsenteret\\\/som-a-vakna-til-eit-kalas\\\/#breadcrumb\",\"itemListElement\":[{\"@type\":\"ListItem\",\"position\":1,\"name\":\"Hjem\",\"item\":\"https:\\\/\\\/www.jaermuseet.no\\\/garborgsenteret\\\/\"},{\"@type\":\"ListItem\",\"position\":2,\"name\":\"&laquo;Som \u00e5 vakna til eit kalas!&raquo;\"}]},{\"@type\":\"WebSite\",\"@id\":\"https:\\\/\\\/www.jaermuseet.no\\\/garborgsenteret\\\/#website\",\"url\":\"https:\\\/\\\/www.jaermuseet.no\\\/garborgsenteret\\\/\",\"name\":\"Garborgsenteret\",\"description\":\"A national arena to promote the interest for authors Arne and Hulda Garborg\",\"potentialAction\":[{\"@type\":\"SearchAction\",\"target\":{\"@type\":\"EntryPoint\",\"urlTemplate\":\"https:\\\/\\\/www.jaermuseet.no\\\/garborgsenteret\\\/?s={search_term_string}\"},\"query-input\":{\"@type\":\"PropertyValueSpecification\",\"valueRequired\":true,\"valueName\":\"search_term_string\"}}],\"inLanguage\":\"nn-NO\"},{\"@type\":\"Person\",\"@id\":\"https:\\\/\\\/www.jaermuseet.no\\\/garborgsenteret\\\/#\\\/schema\\\/person\\\/52c44fabae367c881e773d89b13f6a39\",\"name\":\"\u00d8rjan Zazzera Johansen\",\"image\":{\"@type\":\"ImageObject\",\"inLanguage\":\"nn-NO\",\"@id\":\"https:\\\/\\\/secure.gravatar.com\\\/avatar\\\/0b86a48618c6ca6592b74ea11c3de001ac75d3e294240f39e05a080f19386fb4?s=96&d=mm&r=g\",\"url\":\"https:\\\/\\\/secure.gravatar.com\\\/avatar\\\/0b86a48618c6ca6592b74ea11c3de001ac75d3e294240f39e05a080f19386fb4?s=96&d=mm&r=g\",\"contentUrl\":\"https:\\\/\\\/secure.gravatar.com\\\/avatar\\\/0b86a48618c6ca6592b74ea11c3de001ac75d3e294240f39e05a080f19386fb4?s=96&d=mm&r=g\",\"caption\":\"\u00d8rjan Zazzera Johansen\"},\"url\":\"https:\\\/\\\/www.jaermuseet.no\\\/garborgsenteret\\\/author\\\/orjo\\\/\"}]}<\/script>\n<!-- \/ Yoast SEO plugin. -->","yoast_head_json":{"title":"\"Som \u00e5 vakna til eit kalas!\" - Garborgsenteret","robots":{"index":"index","follow":"follow","max-snippet":"max-snippet:-1","max-image-preview":"max-image-preview:large","max-video-preview":"max-video-preview:-1"},"canonical":"https:\/\/www.jaermuseet.no\/garborgsenteret\/som-a-vakna-til-eit-kalas\/","og_locale":"nn_NO","og_type":"article","og_title":"\"Som \u00e5 vakna til eit kalas!\" - Garborgsenteret","og_description":"Jul og 17de Mai p\u00e5 same tid. Garborgsenteret fekk ei storsl\u00e5tt g\u00e5ve.","og_url":"https:\/\/www.jaermuseet.no\/garborgsenteret\/som-a-vakna-til-eit-kalas\/","og_site_name":"Garborgsenteret","article_published_time":"2011-10-11T11:55:39+00:00","article_modified_time":"2017-11-15T11:12:36+00:00","og_image":[{"width":448,"height":333,"url":"https:\/\/www.jaermuseet.no\/wp-content\/uploads\/sites\/2\/2011\/10\/Julenisse_Jrstad_006web1.jpg","type":"image\/jpeg"}],"author":"\u00d8rjan Zazzera Johansen","twitter_card":"summary_large_image","twitter_misc":{"Written by":"\u00d8rjan Zazzera Johansen","Est. reading time":"2 minutt"},"schema":{"@context":"https:\/\/schema.org","@graph":[{"@type":"Article","@id":"https:\/\/www.jaermuseet.no\/garborgsenteret\/som-a-vakna-til-eit-kalas\/#article","isPartOf":{"@id":"https:\/\/www.jaermuseet.no\/garborgsenteret\/som-a-vakna-til-eit-kalas\/"},"author":{"name":"\u00d8rjan Zazzera Johansen","@id":"https:\/\/www.jaermuseet.no\/garborgsenteret\/#\/schema\/person\/52c44fabae367c881e773d89b13f6a39"},"headline":"&#8220;Som \u00e5 vakna til eit kalas!&#8221;","datePublished":"2011-10-11T11:55:39+00:00","dateModified":"2017-11-15T11:12:36+00:00","mainEntityOfPage":{"@id":"https:\/\/www.jaermuseet.no\/garborgsenteret\/som-a-vakna-til-eit-kalas\/"},"wordCount":375,"commentCount":0,"image":{"@id":"https:\/\/www.jaermuseet.no\/garborgsenteret\/som-a-vakna-til-eit-kalas\/#primaryimage"},"thumbnailUrl":"https:\/\/www.jaermuseet.no\/garborgsenteret\/wp-content\/uploads\/sites\/2\/2011\/10\/Julenisse_Jrstad_006web1.jpg","articleSection":["Nytt"],"inLanguage":"nn-NO","potentialAction":[{"@type":"CommentAction","name":"Comment","target":["https:\/\/www.jaermuseet.no\/garborgsenteret\/som-a-vakna-til-eit-kalas\/#respond"]}]},{"@type":"WebPage","@id":"https:\/\/www.jaermuseet.no\/garborgsenteret\/som-a-vakna-til-eit-kalas\/","url":"https:\/\/www.jaermuseet.no\/garborgsenteret\/som-a-vakna-til-eit-kalas\/","name":"\"Som \u00e5 vakna til eit kalas!\" - Garborgsenteret","isPartOf":{"@id":"https:\/\/www.jaermuseet.no\/garborgsenteret\/#website"},"primaryImageOfPage":{"@id":"https:\/\/www.jaermuseet.no\/garborgsenteret\/som-a-vakna-til-eit-kalas\/#primaryimage"},"image":{"@id":"https:\/\/www.jaermuseet.no\/garborgsenteret\/som-a-vakna-til-eit-kalas\/#primaryimage"},"thumbnailUrl":"https:\/\/www.jaermuseet.no\/garborgsenteret\/wp-content\/uploads\/sites\/2\/2011\/10\/Julenisse_Jrstad_006web1.jpg","datePublished":"2011-10-11T11:55:39+00:00","dateModified":"2017-11-15T11:12:36+00:00","author":{"@id":"https:\/\/www.jaermuseet.no\/garborgsenteret\/#\/schema\/person\/52c44fabae367c881e773d89b13f6a39"},"breadcrumb":{"@id":"https:\/\/www.jaermuseet.no\/garborgsenteret\/som-a-vakna-til-eit-kalas\/#breadcrumb"},"inLanguage":"nn-NO","potentialAction":[{"@type":"ReadAction","target":["https:\/\/www.jaermuseet.no\/garborgsenteret\/som-a-vakna-til-eit-kalas\/"]}]},{"@type":"ImageObject","inLanguage":"nn-NO","@id":"https:\/\/www.jaermuseet.no\/garborgsenteret\/som-a-vakna-til-eit-kalas\/#primaryimage","url":"https:\/\/www.jaermuseet.no\/garborgsenteret\/wp-content\/uploads\/sites\/2\/2011\/10\/Julenisse_Jrstad_006web1.jpg","contentUrl":"https:\/\/www.jaermuseet.no\/garborgsenteret\/wp-content\/uploads\/sites\/2\/2011\/10\/Julenisse_Jrstad_006web1.jpg","width":448,"height":333},{"@type":"BreadcrumbList","@id":"https:\/\/www.jaermuseet.no\/garborgsenteret\/som-a-vakna-til-eit-kalas\/#breadcrumb","itemListElement":[{"@type":"ListItem","position":1,"name":"Hjem","item":"https:\/\/www.jaermuseet.no\/garborgsenteret\/"},{"@type":"ListItem","position":2,"name":"&laquo;Som \u00e5 vakna til eit kalas!&raquo;"}]},{"@type":"WebSite","@id":"https:\/\/www.jaermuseet.no\/garborgsenteret\/#website","url":"https:\/\/www.jaermuseet.no\/garborgsenteret\/","name":"Garborgsenteret","description":"A national arena to promote the interest for authors Arne and Hulda Garborg","potentialAction":[{"@type":"SearchAction","target":{"@type":"EntryPoint","urlTemplate":"https:\/\/www.jaermuseet.no\/garborgsenteret\/?s={search_term_string}"},"query-input":{"@type":"PropertyValueSpecification","valueRequired":true,"valueName":"search_term_string"}}],"inLanguage":"nn-NO"},{"@type":"Person","@id":"https:\/\/www.jaermuseet.no\/garborgsenteret\/#\/schema\/person\/52c44fabae367c881e773d89b13f6a39","name":"\u00d8rjan Zazzera Johansen","image":{"@type":"ImageObject","inLanguage":"nn-NO","@id":"https:\/\/secure.gravatar.com\/avatar\/0b86a48618c6ca6592b74ea11c3de001ac75d3e294240f39e05a080f19386fb4?s=96&d=mm&r=g","url":"https:\/\/secure.gravatar.com\/avatar\/0b86a48618c6ca6592b74ea11c3de001ac75d3e294240f39e05a080f19386fb4?s=96&d=mm&r=g","contentUrl":"https:\/\/secure.gravatar.com\/avatar\/0b86a48618c6ca6592b74ea11c3de001ac75d3e294240f39e05a080f19386fb4?s=96&d=mm&r=g","caption":"\u00d8rjan Zazzera Johansen"},"url":"https:\/\/www.jaermuseet.no\/garborgsenteret\/author\/orjo\/"}]}},"cc_featured_image_caption":{"caption_text":"","source_text":"","source_url":""},"jetpack_featured_media_url":"https:\/\/www.jaermuseet.no\/garborgsenteret\/wp-content\/uploads\/sites\/2\/2011\/10\/Julenisse_Jrstad_006web1.jpg","jetpack_sharing_enabled":true,"_links":{"self":[{"href":"https:\/\/www.jaermuseet.no\/garborgsenteret\/wp-json\/wp\/v2\/posts\/383","targetHints":{"allow":["GET"]}}],"collection":[{"href":"https:\/\/www.jaermuseet.no\/garborgsenteret\/wp-json\/wp\/v2\/posts"}],"about":[{"href":"https:\/\/www.jaermuseet.no\/garborgsenteret\/wp-json\/wp\/v2\/types\/post"}],"author":[{"embeddable":true,"href":"https:\/\/www.jaermuseet.no\/garborgsenteret\/wp-json\/wp\/v2\/users\/17"}],"replies":[{"embeddable":true,"href":"https:\/\/www.jaermuseet.no\/garborgsenteret\/wp-json\/wp\/v2\/comments?post=383"}],"version-history":[{"count":2,"href":"https:\/\/www.jaermuseet.no\/garborgsenteret\/wp-json\/wp\/v2\/posts\/383\/revisions"}],"predecessor-version":[{"id":1832,"href":"https:\/\/www.jaermuseet.no\/garborgsenteret\/wp-json\/wp\/v2\/posts\/383\/revisions\/1832"}],"wp:featuredmedia":[{"embeddable":true,"href":"https:\/\/www.jaermuseet.no\/garborgsenteret\/wp-json\/wp\/v2\/media\/594"}],"wp:attachment":[{"href":"https:\/\/www.jaermuseet.no\/garborgsenteret\/wp-json\/wp\/v2\/media?parent=383"}],"wp:term":[{"taxonomy":"category","embeddable":true,"href":"https:\/\/www.jaermuseet.no\/garborgsenteret\/wp-json\/wp\/v2\/categories?post=383"},{"taxonomy":"post_tag","embeddable":true,"href":"https:\/\/www.jaermuseet.no\/garborgsenteret\/wp-json\/wp\/v2\/tags?post=383"}],"curies":[{"name":"wp","href":"https:\/\/api.w.org\/{rel}","templated":true}]}}