{"id":1433,"date":"2015-09-04T14:53:59","date_gmt":"2015-09-04T12:53:59","guid":{"rendered":"https:\/\/www.jaermuseet.no\/garborgsenteret\/?p=1433"},"modified":"2015-09-28T16:24:22","modified_gmt":"2015-09-28T14:24:22","slug":"her-er-barnas-ordforar","status":"publish","type":"post","link":"https:\/\/www.jaermuseet.no\/garborgsenteret\/her-er-barnas-ordforar\/","title":{"rendered":"Her er barnas ordf\u00f8rar"},"content":{"rendered":"<p><a href=\"https:\/\/www.jaermuseet.no\/wp-content\/uploads\/sites\/2\/2015\/09\/Spionpartiet-liste.png\"><img loading=\"lazy\" decoding=\"async\" width=\"240\" height=\"300\" class=\"size-medium wp-image-1448 alignleft\" src=\"https:\/\/www.jaermuseet.no\/wp-content\/uploads\/sites\/2\/2015\/09\/Spionpartiet-liste-240x300.png\" alt=\"Spionpartiet, liste\" srcset=\"https:\/\/www.jaermuseet.no\/garborgsenteret\/wp-content\/uploads\/sites\/2\/2015\/09\/Spionpartiet-liste-240x300.png 240w, https:\/\/www.jaermuseet.no\/garborgsenteret\/wp-content\/uploads\/sites\/2\/2015\/09\/Spionpartiet-liste-250x312.png 250w, https:\/\/www.jaermuseet.no\/garborgsenteret\/wp-content\/uploads\/sites\/2\/2015\/09\/Spionpartiet-liste.png 367w\" sizes=\"auto, (max-width: 240px) 100vw, 240px\" \/><\/a>N\u00e5 har barna \u00f2g f\u00e5tt lov til \u00e5 stemma. Og barnas r\u00f8yst er klar. Dei \u00f8nsker seg Spionpartiets f\u00f8rstekandidat James Bondevik som ordf\u00f8rar!<\/p>\n<figure id=\"attachment_1469\" aria-describedby=\"caption-attachment-1469\" style=\"width: 216px\" class=\"wp-caption alignright\"><a href=\"https:\/\/www.jaermuseet.no\/wp-content\/uploads\/sites\/2\/2015\/09\/James-BondevikKrymp.png\"><img loading=\"lazy\" decoding=\"async\" class=\"wp-image-1469 size-full\" src=\"https:\/\/www.jaermuseet.no\/wp-content\/uploads\/sites\/2\/2015\/09\/James-BondevikKrymp.png\" alt=\"James BondevikKrymp\" width=\"216\" height=\"211\" \/><\/a><figcaption id=\"caption-attachment-1469\" class=\"wp-caption-text\">James Bondevik, nyvald ordf\u00f8rar<\/figcaption><\/figure>\n<p>I Garborgsenterets utstilling i h\u00f8ve grunnlovsjubileet, \u00abH\u00f8gt og fritt\u00bb, som hang til mai i \u00e5r, var det mogleg \u00e5 stemma p\u00e5 uvanlege parti og uortodokse kandidatar. Me hadde laga lister over politikarar som me trudde barna ville lika \u2013 og fekk inn 915 r\u00f8yster.<\/p>\n<p>Ikkje verst, tatt i betraktning at dei fleste gjekk p\u00e5 sm\u00e5skulen og hadde utstillinga som sitt f\u00f8rste m\u00f8te med demokratiet.<\/p>\n<p>Valresultatet vart slik:<\/p>\n<p>Spionpartiet 18,9 %, Godtepartiet 17,8 %, Kosepartiet 11,7 %, Naturpartiet 10,2 %, Skurkepartiet 8,3 %, Barnepartiet 7,9 %, Dustepartiet 7,3 %, Skulepartiet 6,6 %, Handelspartiet 6,2% og\u00a0Politikarpartiet 5,0 %.<\/p>\n<p>Det var anledning til \u00e5 kumulera dei kandidatane dei likte best, men ikkje \u00e5 gje slengarar. Kommunestyret fekk f\u00f8lgjande samansetning:<\/p>\n<figure id=\"attachment_1473\" aria-describedby=\"caption-attachment-1473\" style=\"width: 241px\" class=\"wp-caption alignleft\"><a href=\"https:\/\/www.jaermuseet.no\/wp-content\/uploads\/sites\/2\/2015\/09\/Unn-DerliKrymp.png\"><img loading=\"lazy\" decoding=\"async\" class=\"wp-image-1473 size-full\" src=\"https:\/\/www.jaermuseet.no\/wp-content\/uploads\/sites\/2\/2015\/09\/Unn-DerliKrymp.png\" alt=\"Unn DerliKrymp\" width=\"241\" height=\"218\" \/><\/a><figcaption id=\"caption-attachment-1473\" class=\"wp-caption-text\">Unn Derli, Dustepartiet<\/figcaption><\/figure>\n<figure id=\"attachment_1468\" aria-describedby=\"caption-attachment-1468\" style=\"width: 178px\" class=\"wp-caption alignright\"><a href=\"https:\/\/www.jaermuseet.no\/wp-content\/uploads\/sites\/2\/2015\/09\/H\u00e5kon-DitorKrymp.png\"><img loading=\"lazy\" decoding=\"async\" class=\"wp-image-1468 size-full\" src=\"https:\/\/www.jaermuseet.no\/wp-content\/uploads\/sites\/2\/2015\/09\/H\u00e5kon-DitorKrymp.png\" alt=\"H\u00e5kon DitorKrymp\" width=\"178\" height=\"229\" \/><\/a><figcaption id=\"caption-attachment-1468\" class=\"wp-caption-text\">H\u00e5kon Ditor, Godtepartiet<\/figcaption><\/figure>\n<p>Spionpartiet, tre representantar: James Bondevik, Kalle F\u00f8ter og Skummel Gibson<br \/>\nGodtepartiet, tre representantar: Bamse Mommsen, H\u00e5kon Ditor og Marie Kjeks<br \/>\nKosepartiet, to representantar: Rosa Blom og Helle Dussen<br \/>\nNaturpartiet, to representantar: Mikkel Rev og Pelle Kahn<br \/>\nSkurkepartiet, ein representant: Palle Snekra<br \/>\nBarnepartiet, ein representant: Lillebj\u00f8rn Olsen<br \/>\nDustepartiet, ein representant: Unn Derli<br \/>\nSkulepartiet, ein representant: Endre Oppgaven<br \/>\nHandelspartiet, ein representant: Arve Rett<\/p>\n<p>Me spurde Politikarpartiets lokallagsleiar og ordf\u00f8rarkandidat, Angela Merkelie, om kvifor dei ikkje fekk plass i kommunestyret.<\/p>\n<figure id=\"attachment_1464\" aria-describedby=\"caption-attachment-1464\" style=\"width: 197px\" class=\"wp-caption alignright\"><a href=\"https:\/\/www.jaermuseet.no\/wp-content\/uploads\/sites\/2\/2015\/09\/Angela-MerkelieKrymp.png\"><img loading=\"lazy\" decoding=\"async\" class=\"wp-image-1464 size-full\" src=\"https:\/\/www.jaermuseet.no\/wp-content\/uploads\/sites\/2\/2015\/09\/Angela-MerkelieKrymp.png\" alt=\"Angela MerkelieKrymp\" width=\"197\" height=\"206\" \/><\/a><figcaption id=\"caption-attachment-1464\" class=\"wp-caption-text\">Angela Merkelie, Politikarpartiet<\/figcaption><\/figure>\n<p><a href=\"https:\/\/www.jaermuseet.no\/wp-content\/uploads\/sites\/2\/2015\/09\/Politikarpartiet-liste-utan-hovud.png\"><img loading=\"lazy\" decoding=\"async\" width=\"279\" height=\"300\" class=\"size-medium wp-image-1457 alignleft\" src=\"https:\/\/www.jaermuseet.no\/wp-content\/uploads\/sites\/2\/2015\/09\/Politikarpartiet-liste-utan-hovud-279x300.png\" alt=\"Politikarpartiet, liste, utan hovud\" srcset=\"https:\/\/www.jaermuseet.no\/garborgsenteret\/wp-content\/uploads\/sites\/2\/2015\/09\/Politikarpartiet-liste-utan-hovud-279x300.png 279w, https:\/\/www.jaermuseet.no\/garborgsenteret\/wp-content\/uploads\/sites\/2\/2015\/09\/Politikarpartiet-liste-utan-hovud-250x269.png 250w, https:\/\/www.jaermuseet.no\/garborgsenteret\/wp-content\/uploads\/sites\/2\/2015\/09\/Politikarpartiet-liste-utan-hovud.png 281w\" sizes=\"auto, (max-width: 279px) 100vw, 279px\" \/><\/a><strong>&#8220;P\u00e5 det n\u00e5verande tidspunktet synest eg, mest p\u00e5 generelt grunnlag, men ogs\u00e5 litt p\u00e5 spesifikt,\u00a0at det er noko problematisk \u00e5 ha\u00a0noka som helst formeining om dette. Sp\u00f8r meg igjen om fire \u00e5r eller deromkring, d\u00e5 kan det henda eg vil koma med ein kommentar som i st\u00f8rre grad inneheld eit\u00a0meir eller mindre\u00a0konsistensielt innhald.&#8221;<\/strong><\/p>\n<p>Konsistensielt innhald?<\/p>\n<p><strong>&#8220;Er du frekk? Sp\u00f8r meg igjen om fire \u00e5r, sa eg.&#8221;<\/strong><\/p>\n<p>Men spennande vert det allereie n\u00e5. For kva konstellasjonar vil dette\u00a0valresultatet f\u00f8ra til?\u00a0Korleis vil det g\u00e5 med det allereie betente forholdet mellom Barnepartiet og\u00a0Skulepartiet, til d\u00f8mes? Er Skurkepartiet i det heile tatt demokratisk? Korleis vil Naturpartiet\u00a0forholda seg til\u00a0Handelspartiet?\u00a0Vil Godtepartiet og Barnepartiet\u00a0stemma i lag i alle\u00a0saker\u00a0som har med barn og godt \u00e5 gjera?\u00a0Kan me rekna\u00a0Kosepartiet til denne konstellasjonen, sj\u00f8lv om ein del av Barnepartiet sine veljarar er i sterk opposisjon til kos, s\u00e6rleg\u00a0fr\u00e5 gamle tanter? Spionpartiet er det ikkje s\u00e5\u00a0lett \u00e5 lesa p\u00e5 f\u00f8rehand, dei held som vanleg sine kort tett til brystet; men me veit at dei ofte hamnar p\u00e5 vippen som resultat av at dei veit korleis dei andre partia har tenkt \u00e5 stemma.<\/p>\n<p>At dei f\u00e5r ordf\u00f8raren verkar derimot sikkert.\u00a0Anropsnummeret til calleren p\u00e5 ordf\u00f8raren sitt skrivebord skal allereie ha blitt endra til 007.<\/p>\n<figure id=\"attachment_1472\" aria-describedby=\"caption-attachment-1472\" style=\"width: 195px\" class=\"wp-caption alignright\"><a href=\"https:\/\/www.jaermuseet.no\/wp-content\/uploads\/sites\/2\/2015\/09\/Pelle-KahnKrymp.png\"><img loading=\"lazy\" decoding=\"async\" class=\"wp-image-1472 size-full\" src=\"https:\/\/www.jaermuseet.no\/wp-content\/uploads\/sites\/2\/2015\/09\/Pelle-KahnKrymp.png\" alt=\"Pelle KahnKrymp\" width=\"195\" height=\"201\" \/><\/a><figcaption id=\"caption-attachment-1472\" class=\"wp-caption-text\">Pelle Kahn, Naturpartiet<\/figcaption><\/figure>\n<p><a href=\"https:\/\/www.jaermuseet.no\/wp-content\/uploads\/sites\/2\/2015\/09\/Naturpartiet-liste.png\"><img loading=\"lazy\" decoding=\"async\" width=\"251\" height=\"300\" class=\"size-medium wp-image-1456 alignleft\" src=\"https:\/\/www.jaermuseet.no\/wp-content\/uploads\/sites\/2\/2015\/09\/Naturpartiet-liste-251x300.png\" alt=\"Naturpartiet, liste\" srcset=\"https:\/\/www.jaermuseet.no\/garborgsenteret\/wp-content\/uploads\/sites\/2\/2015\/09\/Naturpartiet-liste-251x300.png 251w, https:\/\/www.jaermuseet.no\/garborgsenteret\/wp-content\/uploads\/sites\/2\/2015\/09\/Naturpartiet-liste-250x299.png 250w, https:\/\/www.jaermuseet.no\/garborgsenteret\/wp-content\/uploads\/sites\/2\/2015\/09\/Naturpartiet-liste.png 394w\" sizes=\"auto, (max-width: 251px) 100vw, 251px\" \/><\/a>Ein svakheit ved valet var at valprogramma ikkje var tilgjengeleggjort for veljarane. Men mykje seier seg sj\u00f8lv. Spionpartiet er for datadirektivet, dei st\u00f8ttar overv\u00e5king og vil auka bevillingane til PST.\u00a0Som dei seier: det er ein menneskerett \u00e5 kle seg ut. Skurkepartiet, derimot, har reagert sterkt p\u00e5 dette med overv\u00e5king, og seier det er ei krenking av\u00a0sj\u00f8lvkjensla til skurkar flest. Dei\u00a0meiner ogs\u00e5 at det er til hinder for at mange av medlemmane deira\u00a0skal kunna ut\u00f8ve yrket sitt\u00a0p\u00e5 tradisjonelt vis.\u00a0Godtepartiet er for alt som er godt, s\u00e6rleg godteri. Dei er imot det som er vondt,\u00a0s\u00e6rleg brokkoli, tran og\u00a0fullkorn &#8211;\u00a0gjerne kalla &#8220;vondskapens akse&#8221;. Som dei matmomsane dei er, er dei imot moms p\u00e5 mat. Dei vil tilby\u00a0ekstra dessert til alle som ikkje likar middagsmat.\u00a0Barnepartiet kjem temmeleg sikkert\u00a0til \u00e5 f\u00f8lgja\u00a0Godtepartiet si line i denne saka.\u00a0Kosepartiet vektlegg verdien av mellommenneskelege relasjonar, helse og fritid. Naturpartiet kjemper for bevaring av naturen, artsmangfald og dyrevern. Dei er berre for kultur i dei tilfellene den beviseleg er naturleg.\u00a0Skurkepartiet\u00a0har alltid\u00a0g\u00e5tt inn\u00a0for h\u00f8gare fartsgrenser, l\u00e5gare tollsatsar, mindre politi og open soning i fengsel. Dei vil ogs\u00e5 opna grensene.\u00a0Den venstre fl\u00f8yen i partiet vil i retning av anarki, medan den h\u00f8gre vil ut vindauget. Barnepartiet er for liberale leggetider, lengre friminutt, lengre feriar, to laurdagar i veka\u00a0og gratis inngang\u00a0til J\u00e6rmuseet. Dei vil forby sjampo, eit middel til maktovergrep. Dustepartiet brukar \u00e5 vingla fr\u00e5 sak til sak og er generelt vanskelege \u00e5 bli kloke p\u00e5. Skulepartiet er for h\u00f8gare l\u00f8n og betre vilk\u00e5r for l\u00e6rarar, skattefr\u00e5trekk for matpakke med brunost og totalforbod mot teiknestiftar p\u00e5 stolar. Det siste\u00a0punktet har f\u00e5tt heftig kritikk fr\u00e5 Barnepartiet, som trugar med sivil ulydnad dersom det blir vedtatt.\u00a0Handelspartiet er for s\u00f8ndagsopent og null skatt p\u00e5 tenesteyting.<\/p>\n<figure id=\"attachment_1466\" aria-describedby=\"caption-attachment-1466\" style=\"width: 143px\" class=\"wp-caption alignright\"><a href=\"https:\/\/www.jaermuseet.no\/wp-content\/uploads\/sites\/2\/2015\/09\/Endre-OppgavenKrymp.png\"><img loading=\"lazy\" decoding=\"async\" class=\"wp-image-1466 size-full\" src=\"https:\/\/www.jaermuseet.no\/wp-content\/uploads\/sites\/2\/2015\/09\/Endre-OppgavenKrymp.png\" alt=\"Endre OppgavenKrymp\" width=\"143\" height=\"217\" \/><\/a><figcaption id=\"caption-attachment-1466\" class=\"wp-caption-text\">Endre Oppgaven, Skulepartiet<\/figcaption><\/figure>\n<p>Me fors\u00f8kte \u00e5 ringa den nyvalde ordf\u00f8raren, James Bondevik; men like f\u00f8r me tasta nummeret, ringte telefonen v\u00e5r.<\/p>\n<p><strong>&#8220;Hei, det er Bondevik. Planla de \u00e5 ringa til meg?&#8221;<\/strong><\/p>\n<p>Me gratulerte han med valet,\u00a0men\u00a0d\u00e5 me skulle til \u00e5 sp\u00f8rja kven som vert varaordf\u00f8rar, sa han:<\/p>\n<p><strong>&#8220;Nei, det vil eg ikkje ut med.&#8221;<\/strong><\/p>\n<p><a href=\"https:\/\/www.jaermuseet.no\/wp-content\/uploads\/sites\/2\/2015\/09\/Skurkepartiet-utan-hovud.png\"><img loading=\"lazy\" decoding=\"async\" width=\"241\" height=\"300\" class=\"size-medium wp-image-1459 alignleft\" src=\"https:\/\/www.jaermuseet.no\/wp-content\/uploads\/sites\/2\/2015\/09\/Skurkepartiet-utan-hovud-241x300.png\" alt=\"Skurkepartiet, utan hovud\" srcset=\"https:\/\/www.jaermuseet.no\/garborgsenteret\/wp-content\/uploads\/sites\/2\/2015\/09\/Skurkepartiet-utan-hovud-241x300.png 241w, https:\/\/www.jaermuseet.no\/garborgsenteret\/wp-content\/uploads\/sites\/2\/2015\/09\/Skurkepartiet-utan-hovud.png 250w\" sizes=\"auto, (max-width: 241px) 100vw, 241px\" \/><\/a>Men Garborgsenteret sit p\u00e5 informasjon som seier at dei planlegg \u00e5 samarbeida med Skurkepartiet, og at alt ligg til rette for Palle Snekra som varaordf\u00f8rar. Full kl\u00e5rleik f\u00e5r me ikkje f\u00f8r Snekra slepp ut p\u00e5 pr\u00f8ve. Enn s\u00e5 lenge\u00a0har han\u00a0brev- og bes\u00f8ksforbod. (Tatt i betraktning\u00a0dei alvorlege forholda\u00a0Snekra sit inne for, vurderer me\u00a0det dithen at det\u00a0ikkje er forsvarleg \u00e5\u00a0publisera bilde av han. Red. anm.)<\/p>\n<p>Eit anna st\u00f8tteparti kan vera Kosepartiet. Dei seier sjeldan nei til \u00e5 m\u00f8tast for \u00e5 dr\u00f8fta viktige saker over ein kopp kaffi og wienerbr\u00f8d.<\/p>\n<p>F\u00f8rstekandidat Helle Dussen gjev kl\u00e5rt uttrykk for \u00e5 vera glad d\u00e5 me tar kontakt.<\/p>\n<p><strong>&#8220;S\u00e5 hyggjeleg at de ringjer. Ja, det var koseleg.\u00a0Tenk at\u00a0me kom inn i kommunestyret! \u00c5h, eg vert s\u00e5 r\u00f8rt.&#8221;<\/strong><\/p>\n<figure id=\"attachment_1487\" aria-describedby=\"caption-attachment-1487\" style=\"width: 221px\" class=\"wp-caption alignright\"><a href=\"https:\/\/www.jaermuseet.no\/wp-content\/uploads\/sites\/2\/2015\/09\/Helle-DussenKrymp2.png\"><img loading=\"lazy\" decoding=\"async\" class=\"wp-image-1487 size-full\" src=\"https:\/\/www.jaermuseet.no\/wp-content\/uploads\/sites\/2\/2015\/09\/Helle-DussenKrymp2.png\" alt=\"Helle DussenKrymp2\" width=\"221\" height=\"218\" \/><\/a><figcaption id=\"caption-attachment-1487\" class=\"wp-caption-text\">Helle Dussen, Kosepartiet<\/figcaption><\/figure>\n<p>Korleis vil de bruka den moglegheita til \u00e5 p\u00e5verka lokalsamfunnet\u00a0som de n\u00e5 har f\u00e5tt?<\/p>\n<p><strong>&#8220;Det m\u00e5 me diskutera. Ja, ta\u00a0ein god og lang dr\u00f8s med alle som vil koma. F\u00f8rst klem, s\u00e5 dr\u00f8s.\u00a0Me kjem til \u00e5 invitera alle dei andre partia p\u00e5 spleisefest til helga. Eg skal\u00a0laga krumkaker etter\u00a0oppskrifta til bestefar.&#8221;<\/strong><\/p>\n<p>Valets st\u00f8rste overrasking, saman med det faktumet at Politikarpartiet ikkje fekk inn ein einaste representant, var at Barnepartiet berre fekk ein. Trass alt utgjorde barna nesten heile veljarmassa.<\/p>\n<p><a href=\"https:\/\/www.jaermuseet.no\/wp-content\/uploads\/sites\/2\/2015\/09\/Barnepartiet-liste.png\"><img loading=\"lazy\" decoding=\"async\" width=\"240\" height=\"300\" class=\"size-medium wp-image-1461 alignleft\" src=\"https:\/\/www.jaermuseet.no\/wp-content\/uploads\/sites\/2\/2015\/09\/Barnepartiet-liste-240x300.png\" alt=\"Barnepartiet, liste\" srcset=\"https:\/\/www.jaermuseet.no\/garborgsenteret\/wp-content\/uploads\/sites\/2\/2015\/09\/Barnepartiet-liste-240x300.png 240w, https:\/\/www.jaermuseet.no\/garborgsenteret\/wp-content\/uploads\/sites\/2\/2015\/09\/Barnepartiet-liste-250x312.png 250w, https:\/\/www.jaermuseet.no\/garborgsenteret\/wp-content\/uploads\/sites\/2\/2015\/09\/Barnepartiet-liste.png 378w\" sizes=\"auto, (max-width: 240px) 100vw, 240px\" \/><\/a>Lillebj\u00f8rn Olsen, du har vore\u00a0Barnepartiet sin ordf\u00f8rarkandidat i dette valet, korleis forklarer du det svake valresultatet?<\/p>\n<p><strong>\u00abBeklager, men eg f\u00e5r kje lov til \u00e5 snakka med framande.\u00bb<\/strong><\/p>\n<p>Ei stund seinare vert me ringt opp\u00a0av partiets talsperson.<\/p>\n<figure id=\"attachment_1470\" aria-describedby=\"caption-attachment-1470\" style=\"width: 188px\" class=\"wp-caption alignright\"><a href=\"https:\/\/www.jaermuseet.no\/wp-content\/uploads\/sites\/2\/2015\/09\/Lillebj\u00f8rn-OlsenKrymp.png\"><img loading=\"lazy\" decoding=\"async\" class=\"wp-image-1470 size-full\" src=\"https:\/\/www.jaermuseet.no\/wp-content\/uploads\/sites\/2\/2015\/09\/Lillebj\u00f8rn-OlsenKrymp.png\" alt=\"Lillebj\u00f8rn OlsenKrymp\" width=\"188\" height=\"226\" \/><\/a><figcaption id=\"caption-attachment-1470\" class=\"wp-caption-text\">Lillebj\u00f8rn Olsen, Barnepartiet<\/figcaption><\/figure>\n<p><strong>\u00abHei, det er fru Olsen som ringer. Eg er mor til Lillebj\u00f8rn. Han har lagt seg n\u00e5, men de kan f\u00e5 snakka med meg.&#8221;<\/strong><\/p>\n<p>Me avsl\u00e5r, og tar heller kontakt med Handelspartiet. Arve Rett\u00a0fortel at\u00a0dei allereie er i forhandlingar med dei andre partia.<\/p>\n<p><strong>&#8220;Dette vil nok dra ut, og det er me glade for.&#8221;<\/strong><\/p>\n<p>Kvifor\u00a0likar de det?<\/p>\n<p><strong>&#8220;Me er Handelspartiet og sj\u00f8lvsagt for handlingar som har med forhandlingar \u00e5 gjera.&#8221;<\/strong><\/p>\n<p>Kven kjem de til \u00e5 samarbeida mest med?<\/p>\n<p><strong>&#8220;Dei som ikkje prutar. Elles\u00a0er det\u00a0mange kjekke folk her, s\u00e6rleg dei i Dustepartiet. Dei finn ofte ikkje fram til m\u00f8telokala og det er herleg.\u00a0Personleg trur eg likevel at Naturpartiet er den mest\u00a0naturlege samarbeidspartneren for oss.&#8221;<\/strong><\/p>\n<p>Tenkjer du p\u00e5 noko s\u00e6rskilt her, herr Rett?<\/p>\n<p><strong>&#8220;Me vil gjerne selja naturen og dei vil kj\u00f8pa. Eit godt utgangspunkt for forhandlingar.&#8221;<\/strong><\/p>\n<p>Dette blir spennande. Garborgsenteret kjem til \u00e5 f\u00f8lgja n\u00f8ye med dei neste fire \u00e5ra.<\/p>\n","protected":false},"excerpt":{"rendered":"<p>N\u00e5 har barna \u00f2g f\u00e5tt lov til \u00e5 stemma. Og&#8230;<\/p>\n","protected":false},"author":17,"featured_media":1445,"comment_status":"closed","ping_status":"closed","sticky":false,"template":"","format":"standard","meta":{"_acf_changed":false,"_jetpack_memberships_contains_paid_content":false,"footnotes":""},"categories":[13],"tags":[],"class_list":["post-1433","post","type-post","status-publish","format-standard","has-post-thumbnail","hentry","category-nytt-fra-garborgsenteret","featured-image-size-large"],"acf":[],"yoast_head":"<!-- This site is optimized with the Yoast SEO plugin v27.4 - https:\/\/yoast.com\/product\/yoast-seo-wordpress\/ -->\n<title>Her er barnas ordf\u00f8rar - Garborgsenteret<\/title>\n<meta name=\"robots\" content=\"index, follow, max-snippet:-1, max-image-preview:large, max-video-preview:-1\" \/>\n<link rel=\"canonical\" href=\"https:\/\/www.jaermuseet.no\/garborgsenteret\/her-er-barnas-ordforar\/\" \/>\n<meta property=\"og:locale\" content=\"nn_NO\" \/>\n<meta property=\"og:type\" content=\"article\" \/>\n<meta property=\"og:title\" content=\"Her er barnas ordf\u00f8rar - Garborgsenteret\" \/>\n<meta property=\"og:description\" content=\"N\u00e5 har barna \u00f2g f\u00e5tt lov til \u00e5 stemma. Og...\" \/>\n<meta property=\"og:url\" content=\"https:\/\/www.jaermuseet.no\/garborgsenteret\/her-er-barnas-ordforar\/\" \/>\n<meta property=\"og:site_name\" content=\"Garborgsenteret\" \/>\n<meta property=\"article:published_time\" content=\"2015-09-04T12:53:59+00:00\" \/>\n<meta property=\"article:modified_time\" content=\"2015-09-28T14:24:22+00:00\" \/>\n<meta property=\"og:image\" content=\"https:\/\/www.jaermuseet.no\/wp-content\/uploads\/sites\/2\/2015\/09\/James-BondevikLig.png\" \/>\n\t<meta property=\"og:image:width\" content=\"659\" \/>\n\t<meta property=\"og:image:height\" content=\"341\" \/>\n\t<meta property=\"og:image:type\" content=\"image\/png\" \/>\n<meta name=\"author\" content=\"\u00d8rjan Zazzera Johansen\" \/>\n<meta name=\"twitter:card\" content=\"summary_large_image\" \/>\n<meta name=\"twitter:label1\" content=\"Written by\" \/>\n\t<meta name=\"twitter:data1\" content=\"\u00d8rjan Zazzera Johansen\" \/>\n\t<meta name=\"twitter:label2\" content=\"Est. reading time\" \/>\n\t<meta name=\"twitter:data2\" content=\"7 minutt\" \/>\n<script type=\"application\/ld+json\" class=\"yoast-schema-graph\">{\"@context\":\"https:\\\/\\\/schema.org\",\"@graph\":[{\"@type\":\"Article\",\"@id\":\"https:\\\/\\\/www.jaermuseet.no\\\/garborgsenteret\\\/her-er-barnas-ordforar\\\/#article\",\"isPartOf\":{\"@id\":\"https:\\\/\\\/www.jaermuseet.no\\\/garborgsenteret\\\/her-er-barnas-ordforar\\\/\"},\"author\":{\"name\":\"\u00d8rjan Zazzera Johansen\",\"@id\":\"https:\\\/\\\/www.jaermuseet.no\\\/garborgsenteret\\\/#\\\/schema\\\/person\\\/52c44fabae367c881e773d89b13f6a39\"},\"headline\":\"Her er barnas ordf\u00f8rar\",\"datePublished\":\"2015-09-04T12:53:59+00:00\",\"dateModified\":\"2015-09-28T14:24:22+00:00\",\"mainEntityOfPage\":{\"@id\":\"https:\\\/\\\/www.jaermuseet.no\\\/garborgsenteret\\\/her-er-barnas-ordforar\\\/\"},\"wordCount\":1325,\"image\":{\"@id\":\"https:\\\/\\\/www.jaermuseet.no\\\/garborgsenteret\\\/her-er-barnas-ordforar\\\/#primaryimage\"},\"thumbnailUrl\":\"https:\\\/\\\/www.jaermuseet.no\\\/garborgsenteret\\\/wp-content\\\/uploads\\\/sites\\\/2\\\/2015\\\/09\\\/James-BondevikLig.png\",\"articleSection\":[\"Nytt\"],\"inLanguage\":\"nn-NO\"},{\"@type\":\"WebPage\",\"@id\":\"https:\\\/\\\/www.jaermuseet.no\\\/garborgsenteret\\\/her-er-barnas-ordforar\\\/\",\"url\":\"https:\\\/\\\/www.jaermuseet.no\\\/garborgsenteret\\\/her-er-barnas-ordforar\\\/\",\"name\":\"Her er barnas ordf\u00f8rar - Garborgsenteret\",\"isPartOf\":{\"@id\":\"https:\\\/\\\/www.jaermuseet.no\\\/garborgsenteret\\\/#website\"},\"primaryImageOfPage\":{\"@id\":\"https:\\\/\\\/www.jaermuseet.no\\\/garborgsenteret\\\/her-er-barnas-ordforar\\\/#primaryimage\"},\"image\":{\"@id\":\"https:\\\/\\\/www.jaermuseet.no\\\/garborgsenteret\\\/her-er-barnas-ordforar\\\/#primaryimage\"},\"thumbnailUrl\":\"https:\\\/\\\/www.jaermuseet.no\\\/garborgsenteret\\\/wp-content\\\/uploads\\\/sites\\\/2\\\/2015\\\/09\\\/James-BondevikLig.png\",\"datePublished\":\"2015-09-04T12:53:59+00:00\",\"dateModified\":\"2015-09-28T14:24:22+00:00\",\"author\":{\"@id\":\"https:\\\/\\\/www.jaermuseet.no\\\/garborgsenteret\\\/#\\\/schema\\\/person\\\/52c44fabae367c881e773d89b13f6a39\"},\"breadcrumb\":{\"@id\":\"https:\\\/\\\/www.jaermuseet.no\\\/garborgsenteret\\\/her-er-barnas-ordforar\\\/#breadcrumb\"},\"inLanguage\":\"nn-NO\",\"potentialAction\":[{\"@type\":\"ReadAction\",\"target\":[\"https:\\\/\\\/www.jaermuseet.no\\\/garborgsenteret\\\/her-er-barnas-ordforar\\\/\"]}]},{\"@type\":\"ImageObject\",\"inLanguage\":\"nn-NO\",\"@id\":\"https:\\\/\\\/www.jaermuseet.no\\\/garborgsenteret\\\/her-er-barnas-ordforar\\\/#primaryimage\",\"url\":\"https:\\\/\\\/www.jaermuseet.no\\\/garborgsenteret\\\/wp-content\\\/uploads\\\/sites\\\/2\\\/2015\\\/09\\\/James-BondevikLig.png\",\"contentUrl\":\"https:\\\/\\\/www.jaermuseet.no\\\/garborgsenteret\\\/wp-content\\\/uploads\\\/sites\\\/2\\\/2015\\\/09\\\/James-BondevikLig.png\",\"width\":659,\"height\":341},{\"@type\":\"BreadcrumbList\",\"@id\":\"https:\\\/\\\/www.jaermuseet.no\\\/garborgsenteret\\\/her-er-barnas-ordforar\\\/#breadcrumb\",\"itemListElement\":[{\"@type\":\"ListItem\",\"position\":1,\"name\":\"Hjem\",\"item\":\"https:\\\/\\\/www.jaermuseet.no\\\/garborgsenteret\\\/\"},{\"@type\":\"ListItem\",\"position\":2,\"name\":\"Her er barnas ordf\u00f8rar\"}]},{\"@type\":\"WebSite\",\"@id\":\"https:\\\/\\\/www.jaermuseet.no\\\/garborgsenteret\\\/#website\",\"url\":\"https:\\\/\\\/www.jaermuseet.no\\\/garborgsenteret\\\/\",\"name\":\"Garborgsenteret\",\"description\":\"A national arena to promote the interest for authors Arne and Hulda Garborg\",\"potentialAction\":[{\"@type\":\"SearchAction\",\"target\":{\"@type\":\"EntryPoint\",\"urlTemplate\":\"https:\\\/\\\/www.jaermuseet.no\\\/garborgsenteret\\\/?s={search_term_string}\"},\"query-input\":{\"@type\":\"PropertyValueSpecification\",\"valueRequired\":true,\"valueName\":\"search_term_string\"}}],\"inLanguage\":\"nn-NO\"},{\"@type\":\"Person\",\"@id\":\"https:\\\/\\\/www.jaermuseet.no\\\/garborgsenteret\\\/#\\\/schema\\\/person\\\/52c44fabae367c881e773d89b13f6a39\",\"name\":\"\u00d8rjan Zazzera Johansen\",\"image\":{\"@type\":\"ImageObject\",\"inLanguage\":\"nn-NO\",\"@id\":\"https:\\\/\\\/secure.gravatar.com\\\/avatar\\\/0b86a48618c6ca6592b74ea11c3de001ac75d3e294240f39e05a080f19386fb4?s=96&d=mm&r=g\",\"url\":\"https:\\\/\\\/secure.gravatar.com\\\/avatar\\\/0b86a48618c6ca6592b74ea11c3de001ac75d3e294240f39e05a080f19386fb4?s=96&d=mm&r=g\",\"contentUrl\":\"https:\\\/\\\/secure.gravatar.com\\\/avatar\\\/0b86a48618c6ca6592b74ea11c3de001ac75d3e294240f39e05a080f19386fb4?s=96&d=mm&r=g\",\"caption\":\"\u00d8rjan Zazzera Johansen\"},\"url\":\"https:\\\/\\\/www.jaermuseet.no\\\/garborgsenteret\\\/author\\\/orjo\\\/\"}]}<\/script>\n<!-- \/ Yoast SEO plugin. -->","yoast_head_json":{"title":"Her er barnas ordf\u00f8rar - Garborgsenteret","robots":{"index":"index","follow":"follow","max-snippet":"max-snippet:-1","max-image-preview":"max-image-preview:large","max-video-preview":"max-video-preview:-1"},"canonical":"https:\/\/www.jaermuseet.no\/garborgsenteret\/her-er-barnas-ordforar\/","og_locale":"nn_NO","og_type":"article","og_title":"Her er barnas ordf\u00f8rar - Garborgsenteret","og_description":"N\u00e5 har barna \u00f2g f\u00e5tt lov til \u00e5 stemma. Og...","og_url":"https:\/\/www.jaermuseet.no\/garborgsenteret\/her-er-barnas-ordforar\/","og_site_name":"Garborgsenteret","article_published_time":"2015-09-04T12:53:59+00:00","article_modified_time":"2015-09-28T14:24:22+00:00","og_image":[{"width":659,"height":341,"url":"https:\/\/www.jaermuseet.no\/wp-content\/uploads\/sites\/2\/2015\/09\/James-BondevikLig.png","type":"image\/png"}],"author":"\u00d8rjan Zazzera Johansen","twitter_card":"summary_large_image","twitter_misc":{"Written by":"\u00d8rjan Zazzera Johansen","Est. reading time":"7 minutt"},"schema":{"@context":"https:\/\/schema.org","@graph":[{"@type":"Article","@id":"https:\/\/www.jaermuseet.no\/garborgsenteret\/her-er-barnas-ordforar\/#article","isPartOf":{"@id":"https:\/\/www.jaermuseet.no\/garborgsenteret\/her-er-barnas-ordforar\/"},"author":{"name":"\u00d8rjan Zazzera Johansen","@id":"https:\/\/www.jaermuseet.no\/garborgsenteret\/#\/schema\/person\/52c44fabae367c881e773d89b13f6a39"},"headline":"Her er barnas ordf\u00f8rar","datePublished":"2015-09-04T12:53:59+00:00","dateModified":"2015-09-28T14:24:22+00:00","mainEntityOfPage":{"@id":"https:\/\/www.jaermuseet.no\/garborgsenteret\/her-er-barnas-ordforar\/"},"wordCount":1325,"image":{"@id":"https:\/\/www.jaermuseet.no\/garborgsenteret\/her-er-barnas-ordforar\/#primaryimage"},"thumbnailUrl":"https:\/\/www.jaermuseet.no\/garborgsenteret\/wp-content\/uploads\/sites\/2\/2015\/09\/James-BondevikLig.png","articleSection":["Nytt"],"inLanguage":"nn-NO"},{"@type":"WebPage","@id":"https:\/\/www.jaermuseet.no\/garborgsenteret\/her-er-barnas-ordforar\/","url":"https:\/\/www.jaermuseet.no\/garborgsenteret\/her-er-barnas-ordforar\/","name":"Her er barnas ordf\u00f8rar - Garborgsenteret","isPartOf":{"@id":"https:\/\/www.jaermuseet.no\/garborgsenteret\/#website"},"primaryImageOfPage":{"@id":"https:\/\/www.jaermuseet.no\/garborgsenteret\/her-er-barnas-ordforar\/#primaryimage"},"image":{"@id":"https:\/\/www.jaermuseet.no\/garborgsenteret\/her-er-barnas-ordforar\/#primaryimage"},"thumbnailUrl":"https:\/\/www.jaermuseet.no\/garborgsenteret\/wp-content\/uploads\/sites\/2\/2015\/09\/James-BondevikLig.png","datePublished":"2015-09-04T12:53:59+00:00","dateModified":"2015-09-28T14:24:22+00:00","author":{"@id":"https:\/\/www.jaermuseet.no\/garborgsenteret\/#\/schema\/person\/52c44fabae367c881e773d89b13f6a39"},"breadcrumb":{"@id":"https:\/\/www.jaermuseet.no\/garborgsenteret\/her-er-barnas-ordforar\/#breadcrumb"},"inLanguage":"nn-NO","potentialAction":[{"@type":"ReadAction","target":["https:\/\/www.jaermuseet.no\/garborgsenteret\/her-er-barnas-ordforar\/"]}]},{"@type":"ImageObject","inLanguage":"nn-NO","@id":"https:\/\/www.jaermuseet.no\/garborgsenteret\/her-er-barnas-ordforar\/#primaryimage","url":"https:\/\/www.jaermuseet.no\/garborgsenteret\/wp-content\/uploads\/sites\/2\/2015\/09\/James-BondevikLig.png","contentUrl":"https:\/\/www.jaermuseet.no\/garborgsenteret\/wp-content\/uploads\/sites\/2\/2015\/09\/James-BondevikLig.png","width":659,"height":341},{"@type":"BreadcrumbList","@id":"https:\/\/www.jaermuseet.no\/garborgsenteret\/her-er-barnas-ordforar\/#breadcrumb","itemListElement":[{"@type":"ListItem","position":1,"name":"Hjem","item":"https:\/\/www.jaermuseet.no\/garborgsenteret\/"},{"@type":"ListItem","position":2,"name":"Her er barnas ordf\u00f8rar"}]},{"@type":"WebSite","@id":"https:\/\/www.jaermuseet.no\/garborgsenteret\/#website","url":"https:\/\/www.jaermuseet.no\/garborgsenteret\/","name":"Garborgsenteret","description":"A national arena to promote the interest for authors Arne and Hulda Garborg","potentialAction":[{"@type":"SearchAction","target":{"@type":"EntryPoint","urlTemplate":"https:\/\/www.jaermuseet.no\/garborgsenteret\/?s={search_term_string}"},"query-input":{"@type":"PropertyValueSpecification","valueRequired":true,"valueName":"search_term_string"}}],"inLanguage":"nn-NO"},{"@type":"Person","@id":"https:\/\/www.jaermuseet.no\/garborgsenteret\/#\/schema\/person\/52c44fabae367c881e773d89b13f6a39","name":"\u00d8rjan Zazzera Johansen","image":{"@type":"ImageObject","inLanguage":"nn-NO","@id":"https:\/\/secure.gravatar.com\/avatar\/0b86a48618c6ca6592b74ea11c3de001ac75d3e294240f39e05a080f19386fb4?s=96&d=mm&r=g","url":"https:\/\/secure.gravatar.com\/avatar\/0b86a48618c6ca6592b74ea11c3de001ac75d3e294240f39e05a080f19386fb4?s=96&d=mm&r=g","contentUrl":"https:\/\/secure.gravatar.com\/avatar\/0b86a48618c6ca6592b74ea11c3de001ac75d3e294240f39e05a080f19386fb4?s=96&d=mm&r=g","caption":"\u00d8rjan Zazzera Johansen"},"url":"https:\/\/www.jaermuseet.no\/garborgsenteret\/author\/orjo\/"}]}},"cc_featured_image_caption":{"caption_text":"","source_text":"","source_url":""},"jetpack_featured_media_url":"https:\/\/www.jaermuseet.no\/garborgsenteret\/wp-content\/uploads\/sites\/2\/2015\/09\/James-BondevikLig.png","jetpack_sharing_enabled":true,"_links":{"self":[{"href":"https:\/\/www.jaermuseet.no\/garborgsenteret\/wp-json\/wp\/v2\/posts\/1433","targetHints":{"allow":["GET"]}}],"collection":[{"href":"https:\/\/www.jaermuseet.no\/garborgsenteret\/wp-json\/wp\/v2\/posts"}],"about":[{"href":"https:\/\/www.jaermuseet.no\/garborgsenteret\/wp-json\/wp\/v2\/types\/post"}],"author":[{"embeddable":true,"href":"https:\/\/www.jaermuseet.no\/garborgsenteret\/wp-json\/wp\/v2\/users\/17"}],"replies":[{"embeddable":true,"href":"https:\/\/www.jaermuseet.no\/garborgsenteret\/wp-json\/wp\/v2\/comments?post=1433"}],"version-history":[{"count":26,"href":"https:\/\/www.jaermuseet.no\/garborgsenteret\/wp-json\/wp\/v2\/posts\/1433\/revisions"}],"predecessor-version":[{"id":1495,"href":"https:\/\/www.jaermuseet.no\/garborgsenteret\/wp-json\/wp\/v2\/posts\/1433\/revisions\/1495"}],"wp:featuredmedia":[{"embeddable":true,"href":"https:\/\/www.jaermuseet.no\/garborgsenteret\/wp-json\/wp\/v2\/media\/1445"}],"wp:attachment":[{"href":"https:\/\/www.jaermuseet.no\/garborgsenteret\/wp-json\/wp\/v2\/media?parent=1433"}],"wp:term":[{"taxonomy":"category","embeddable":true,"href":"https:\/\/www.jaermuseet.no\/garborgsenteret\/wp-json\/wp\/v2\/categories?post=1433"},{"taxonomy":"post_tag","embeddable":true,"href":"https:\/\/www.jaermuseet.no\/garborgsenteret\/wp-json\/wp\/v2\/tags?post=1433"}],"curies":[{"name":"wp","href":"https:\/\/api.w.org\/{rel}","templated":true}]}}