{"id":13900,"date":"2025-04-01T08:22:00","date_gmt":"2025-04-01T06:22:00","guid":{"rendered":"https:\/\/www.jaermuseet.no\/garborgsenteret\/?p=13900"},"modified":"2025-06-02T16:04:11","modified_gmt":"2025-06-02T14:04:11","slug":"helvedesland-jaermuseet-lanserer-familiepark-i-garborgheimen","status":"publish","type":"post","link":"https:\/\/www.jaermuseet.no\/garborgsenteret\/helvedesland-jaermuseet-lanserer-familiepark-i-garborgheimen\/","title":{"rendered":"Tar opp kampen med Kongeparken: J\u00e6rmuseet lanserer \u00abHelvedesland\u00bb"},"content":{"rendered":"\n<p class=\"has-text-align-center\"><strong>Aprilsnarren 2025!<\/strong><\/p>\n\n\n\n<p>&#8220;Endeleg er det dags for \u00e5 lansera den nye forn\u00f8yelsesparken v\u00e5r, ein familiepark i Garborgheimen!\u00bb nesten ropar Garborgsenteret sin leiar, Inger Undheim, p\u00e5 telefon fr\u00e5 bokmessa i Leipzig. Der er ho for \u00e5 delta p\u00e5 lanseringa av Haugtussa p\u00e5 tysk. \u00abN\u00e5 kan J\u00e6rmuseet ta opp kampen med Kongeparken!\u00bb<\/p>\n\n\n\n<p>Ho fortel: \u00abMe har jo sett denne utviklinga i ganske mange \u00e5r n\u00e5. Dyreparken brukar Torbj\u00f8rn Egner. Astrid Lindgren har f\u00e5tt sin eigen park i Sverige. Det er p\u00e5 h\u00f8g tid at Arne Garborg blir lyfta fr\u00e5 museum til forn\u00f8yelsespark.\u00bb<\/p>\n\n\n\n<p>Det meste er allereie klart:<\/p>\n\n\n<div class=\"wp-block-image\">\n<figure class=\"alignleft size-large\"><img loading=\"lazy\" decoding=\"async\" width=\"743\" height=\"1024\" src=\"https:\/\/www.jaermuseet.no\/wp-content\/uploads\/sites\/2\/2022\/12\/IngerU-743x1024.jpg\" alt=\"\" class=\"wp-image-9693\" srcset=\"https:\/\/www.jaermuseet.no\/garborgsenteret\/wp-content\/uploads\/sites\/2\/2022\/12\/IngerU-743x1024.jpg 743w, https:\/\/www.jaermuseet.no\/garborgsenteret\/wp-content\/uploads\/sites\/2\/2022\/12\/IngerU-218x300.jpg 218w, https:\/\/www.jaermuseet.no\/garborgsenteret\/wp-content\/uploads\/sites\/2\/2022\/12\/IngerU-145x200.jpg 145w, https:\/\/www.jaermuseet.no\/garborgsenteret\/wp-content\/uploads\/sites\/2\/2022\/12\/IngerU-1114x1536.jpg 1114w, https:\/\/www.jaermuseet.no\/garborgsenteret\/wp-content\/uploads\/sites\/2\/2022\/12\/IngerU-1485x2048.jpg 1485w, https:\/\/www.jaermuseet.no\/garborgsenteret\/wp-content\/uploads\/sites\/2\/2022\/12\/IngerU-250x345.jpg 250w, https:\/\/www.jaermuseet.no\/garborgsenteret\/wp-content\/uploads\/sites\/2\/2022\/12\/IngerU-scaled.jpg 1857w\" sizes=\"auto, (max-width: 743px) 100vw, 743px\" \/><figcaption class=\"wp-element-caption\">Inger Undheim. Arkivfoto.<\/figcaption><\/figure>\n<\/div>\n\n\n<p>\u00abDet blir halmsenger. Ungane s\u00f8v to eller tre saman i kvar seng. Det blir nesten som overnattingsbes\u00f8k! Vidare f\u00f8lger me d\u00f8gnrytmen til familien Garborg. Ungane blir vekka litt f\u00f8r klokka fem kvar morgon av ein brysk arm. Faren skal ha dei med p\u00e5 andakt. Deretter er det gardsarbeid fram til lunsj. S\u00e5 arbeid igjen. Fisk eller graut med flatbr\u00f8d til middag. Om kvelden er det \u00e5 hjelpa mor inne i huset, deretter andakt. Til slutt leggetid med aftensb\u00f8nn. Ungane kjem til \u00e5 elska det! Dei f\u00e5r utdelt gamle, stive, heimelagde skinnklede og tresko som er skikkeleg harde. Alt skal vera som under Arne Garborg sin oppvekst. D\u00e5 var faren Eivind \u00abherre i eige hus\u00bb. Ingen hadde lov til \u00e5 seia imot han. Slik skal det vera i familieparken v\u00e5r \u00f2g. Me skal f\u00f8lga husreglane han innf\u00f8rte.&#8221; <\/p>\n\n\n\n<p>Barna skal f\u00e5 gjenoppleva den p\u00e5 mest realistiske vis, seier ho.<\/p>\n\n\n\n<p>&#8220;Dei skal leika at dei er Arne og syskena hans\u00bb, seier ho, og legg til: \u00abN\u00e5 var det jo strengt tatt lite leik i barndommen til Arne.&#8221; Ho fortel at Arne hadde ei kongle \u00e5 leika med, men at dagens gjester skal f\u00e5 utdelt<em> to<\/em>.<\/p>\n\n\n\n<p>&#8220;Dei f\u00e5r ta konglene med seg heim om dei vil. Som suvenirar!&#8221;<\/p>\n\n\n\n<p>Parken kan berre ta imot ni ungar om gongen, men Undheim reknar med at det blir lange k\u00f8ar:<\/p>\n\n\n\n<p>&#8220;Det er for \u00e5 halda det realistisk. Dei var ni i syskenflokken. Ikkje alle f\u00e5r vera Arne, men oppveksten var lik for alle.\u00bb<\/p>\n\n\n\n<p>Og realistisk, det har dei verkeleg lagt seg i selen for \u00e5 f\u00e5 til.<\/p>\n\n\n\n<figure class=\"wp-block-image size-full\"><img loading=\"lazy\" decoding=\"async\" width=\"844\" height=\"518\" src=\"https:\/\/www.jaermuseet.no\/wp-content\/uploads\/sites\/2\/2016\/08\/kaldgufsBearb2-1.png\" alt=\"\" class=\"wp-image-3983\" srcset=\"https:\/\/www.jaermuseet.no\/garborgsenteret\/wp-content\/uploads\/sites\/2\/2016\/08\/kaldgufsBearb2-1.png 844w, https:\/\/www.jaermuseet.no\/garborgsenteret\/wp-content\/uploads\/sites\/2\/2016\/08\/kaldgufsBearb2-1-300x184.png 300w, https:\/\/www.jaermuseet.no\/garborgsenteret\/wp-content\/uploads\/sites\/2\/2016\/08\/kaldgufsBearb2-1-250x153.png 250w\" sizes=\"auto, (max-width: 844px) 100vw, 844px\" \/><figcaption class=\"wp-element-caption\">Illustrasjonsfoto henta fr\u00e5 Garborgl\u00f8ypa. Foto: Filmavdelingen<\/figcaption><\/figure>\n\n\n\n<p>Det betyr mellom anna at det ikkje er lov \u00e5 le, for det st\u00e5r ikkje i Bibelen at Jesus lo. Maten m\u00e5 vera smaklaus, for du skulle ikkje kosa deg med han. D\u00e5 gl\u00f8ymte du jo \u00e5 tenka p\u00e5 Gud. Til gjengjeld blir det mykje fisk:<\/p>\n\n\n\n<p>&#8220;Ja, det er mest realistisk. Og alle m\u00e5 eta opp fiskebeina. Elles hadde Gud skapt fisken uten bein. Det meinte iallfall Eivind Garborg.&#8221;<\/p>\n\n\n\n<p>Finst det ingen problem med \u00e5 gje ungane ein oppvekst som var vanleg for hundreogfemti \u00e5r sidan?<\/p>\n\n\n\n<p>&#8220;Den var aldri <em>vanleg<\/em>&#8220;, seier Undheim. &#8220;Arne Garborg og syskena hadde det ikkje som andre. Men sj\u00f8lvsagt blir det problem. Noko anna ville ikkje ha vore realistisk.<\/p>\n\n\n\n<p>Det blir sj\u00f8lvsagt utedo: &#8220;Tenk s\u00e5 spennande for sm\u00e5 romper!&#8221; ropar Undheim. &#8220;Dette blir ute p\u00e5 ordentleg, ein pinne \u00e5 sitta p\u00e5 under epletreet. Akkurat som p\u00e5 Arne Garborg si tid.&#8221;<\/p>\n\n\n\n<p>Ungane f\u00e5r ikkje lesa noko anna enn Bibelen.<\/p>\n\n\n\n<p>&#8220;Men&#8221;, seier Undheim, &#8220;me legg fleire b\u00f8ker i den bl\u00e5e kista. S\u00e5 blir det opp til ungane \u00e5 tjuvlesa utan at faren oppdagar dei. Det blir spennande og realistisk.<\/p>\n\n\n\n<figure class=\"wp-block-embed is-type-video is-provider-youtube wp-block-embed-youtube wp-embed-aspect-16-9 wp-has-aspect-ratio\"><div class=\"wp-block-embed__wrapper\">\n<div class=\"iframe-wrapper-youtube\"><iframe title=\"I den store bl\u00e5e kista\" src=\"https:\/\/www.youtube.com\/embed\/YHTM1ZD6Daw?list=PLzYxUnY508CeOUYwMM_hA-z--tlkNvpLY\" frameborder=\"0\" allow=\"accelerometer; autoplay; clipboard-write; encrypted-media; gyroscope; picture-in-picture; web-share\" referrerpolicy=\"strict-origin-when-cross-origin\" allowfullscreen><\/iframe><\/div>\n<\/div><\/figure>\n\n\n\n<p>Om ungane f\u00e5r ris?<\/p>\n\n\n\n<p>&#8220;Det kan eg ikkje svara p\u00e5 enn\u00e5&#8221;, svarer Undheim. &#8220;Men det blir ikkje lov \u00e5 nynna eller snakka tull. Og s\u00e5 m\u00e5 ungane i kyrkja kvar sundag.&#8221;<\/p>\n\n\n\n<p>\u00abKvar sundag? Skal dei bli verande lenger enn \u00e9i overnatting?\u00bb<\/p>\n\n\n\n<p>\u00abDei blir i sytten \u00e5r, akkurat som Arne Garborg. Det skal vera realistisk.\u00bb<\/p>\n\n\n\n<p>Ingen positive reglar?<\/p>\n\n\n\n<p>\u00ab\u00c5, jau d\u00e5! Det skal vera gildt i ein familiepark! Til d\u00f8mes blir det forbod mot \u00e5 drikka kaffi. Eivind Garborg meinte at ingen nordmenn skulle drikka kaffi. Dette kjem ungane til \u00e5 elska! Dei likar jo ikkje kaffi!\u00bb<\/p>\n\n\n\n<figure class=\"wp-block-image size-large\"><img loading=\"lazy\" decoding=\"async\" width=\"1024\" height=\"576\" src=\"https:\/\/www.jaermuseet.no\/wp-content\/uploads\/sites\/2\/2016\/08\/Enok_Hove-1024x576.jpg\" alt=\"\" class=\"wp-image-4007\" srcset=\"https:\/\/www.jaermuseet.no\/garborgsenteret\/wp-content\/uploads\/sites\/2\/2016\/08\/Enok_Hove-1024x576.jpg 1024w, https:\/\/www.jaermuseet.no\/garborgsenteret\/wp-content\/uploads\/sites\/2\/2016\/08\/Enok_Hove-300x169.jpg 300w, https:\/\/www.jaermuseet.no\/garborgsenteret\/wp-content\/uploads\/sites\/2\/2016\/08\/Enok_Hove-250x141.jpg 250w, https:\/\/www.jaermuseet.no\/garborgsenteret\/wp-content\/uploads\/sites\/2\/2016\/08\/Enok_Hove.jpg 1920w\" sizes=\"auto, (max-width: 1024px) 100vw, 1024px\" \/><figcaption class=\"wp-element-caption\">Illustrasjonsfoto henta fr\u00e5 Garborgl\u00f8ypa. Foto: Filmavdelingen AS.<\/figcaption><\/figure>\n\n\n\n<p>Og parkens namn:<\/p>\n\n\n\n<p>\u00abDet er det store sp\u00f8rsm\u00e5let. Me st\u00e5r igjen med to alternativ, begge bygd p\u00e5 parken sitt motto <em>Sandheden, Sandheden, om det s\u00e5 skal f\u00f8re til Helvede! <\/em>Det er eit Garborg-sitat, sj\u00f8lvsagt.&#8221;<\/p>\n\n\n\n<p>\u00abOg alternativa er?\u00bb<\/p>\n\n\n\n<p>\u00abSanningsland eller Helvedesland. Marknadssjefen i J\u00e6rmuseet m\u00e5 bestemma. Ho veit kva som sel. Men eg h\u00e5par jo det blir Sanningsland. Faen heller, Helvedesland hadde vore heilt krise. Ikkje s\u00e5 mykje p\u00e5 grunn av banninga, men herregud&#8230;&#8221; Undheim trekk pusten, \u00ab&#8230; <em>Helvede<\/em> er jo eit dansk ord! Kva vil m\u00e5lr\u00f8rsla tru?\u00bb<\/p>\n\n\n\n<p>Me \u00f8nsker lukke til, og lovar \u00e5 ta kontakt om sytten \u00e5r for \u00e5 h\u00f8yra korleis det gjekk.<\/p>\n\n\n\n<p><\/p>\n\n\n\n<p><\/p>\n","protected":false},"excerpt":{"rendered":"<p>Aprilsnarren 2025! &#8220;Endeleg er det dags for \u00e5 lansera den&#8230;<\/p>\n","protected":false},"author":17,"featured_media":13902,"comment_status":"closed","ping_status":"closed","sticky":false,"template":"","format":"standard","meta":{"_acf_changed":false,"_jetpack_memberships_contains_paid_content":false,"footnotes":""},"categories":[13],"tags":[],"class_list":["post-13900","post","type-post","status-publish","format-standard","has-post-thumbnail","hentry","category-nytt-fra-garborgsenteret","featured-image-size-large"],"acf":[],"yoast_head":"<!-- This site is optimized with the Yoast SEO plugin v27.4 - https:\/\/yoast.com\/product\/yoast-seo-wordpress\/ -->\n<title>Tar opp kampen med Kongeparken: J\u00e6rmuseet lanserer \u00abHelvedesland\u00bb - Garborgsenteret<\/title>\n<meta name=\"robots\" content=\"index, follow, max-snippet:-1, max-image-preview:large, max-video-preview:-1\" \/>\n<link rel=\"canonical\" href=\"https:\/\/www.jaermuseet.no\/garborgsenteret\/helvedesland-jaermuseet-lanserer-familiepark-i-garborgheimen\/\" \/>\n<meta property=\"og:locale\" content=\"nn_NO\" \/>\n<meta property=\"og:type\" content=\"article\" \/>\n<meta property=\"og:title\" content=\"Tar opp kampen med Kongeparken: J\u00e6rmuseet lanserer \u00abHelvedesland\u00bb - Garborgsenteret\" \/>\n<meta property=\"og:description\" content=\"Aprilsnarren 2025! &#8220;Endeleg er det dags for \u00e5 lansera den...\" \/>\n<meta property=\"og:url\" content=\"https:\/\/www.jaermuseet.no\/garborgsenteret\/helvedesland-jaermuseet-lanserer-familiepark-i-garborgheimen\/\" \/>\n<meta property=\"og:site_name\" content=\"Garborgsenteret\" \/>\n<meta property=\"article:published_time\" content=\"2025-04-01T06:22:00+00:00\" \/>\n<meta property=\"article:modified_time\" content=\"2025-06-02T14:04:11+00:00\" \/>\n<meta property=\"og:image\" content=\"https:\/\/www.jaermuseet.no\/wp-content\/uploads\/sites\/2\/2025\/03\/Denne_kaffienApr-e1743272549550.jpg\" \/>\n\t<meta property=\"og:image:width\" content=\"1744\" \/>\n\t<meta property=\"og:image:height\" content=\"854\" \/>\n\t<meta property=\"og:image:type\" content=\"image\/jpeg\" \/>\n<meta name=\"author\" content=\"\u00d8rjan Zazzera Johansen\" \/>\n<meta name=\"twitter:card\" content=\"summary_large_image\" \/>\n<meta name=\"twitter:label1\" content=\"Written by\" \/>\n\t<meta name=\"twitter:data1\" content=\"\u00d8rjan Zazzera Johansen\" \/>\n\t<meta name=\"twitter:label2\" content=\"Est. reading time\" \/>\n\t<meta name=\"twitter:data2\" content=\"5 minutt\" \/>\n<script type=\"application\/ld+json\" class=\"yoast-schema-graph\">{\"@context\":\"https:\\\/\\\/schema.org\",\"@graph\":[{\"@type\":\"Article\",\"@id\":\"https:\\\/\\\/www.jaermuseet.no\\\/garborgsenteret\\\/helvedesland-jaermuseet-lanserer-familiepark-i-garborgheimen\\\/#article\",\"isPartOf\":{\"@id\":\"https:\\\/\\\/www.jaermuseet.no\\\/garborgsenteret\\\/helvedesland-jaermuseet-lanserer-familiepark-i-garborgheimen\\\/\"},\"author\":{\"name\":\"\u00d8rjan Zazzera Johansen\",\"@id\":\"https:\\\/\\\/www.jaermuseet.no\\\/garborgsenteret\\\/#\\\/schema\\\/person\\\/52c44fabae367c881e773d89b13f6a39\"},\"headline\":\"Tar opp kampen med Kongeparken: J\u00e6rmuseet lanserer \u00abHelvedesland\u00bb\",\"datePublished\":\"2025-04-01T06:22:00+00:00\",\"dateModified\":\"2025-06-02T14:04:11+00:00\",\"mainEntityOfPage\":{\"@id\":\"https:\\\/\\\/www.jaermuseet.no\\\/garborgsenteret\\\/helvedesland-jaermuseet-lanserer-familiepark-i-garborgheimen\\\/\"},\"wordCount\":798,\"image\":{\"@id\":\"https:\\\/\\\/www.jaermuseet.no\\\/garborgsenteret\\\/helvedesland-jaermuseet-lanserer-familiepark-i-garborgheimen\\\/#primaryimage\"},\"thumbnailUrl\":\"https:\\\/\\\/www.jaermuseet.no\\\/garborgsenteret\\\/wp-content\\\/uploads\\\/sites\\\/2\\\/2025\\\/03\\\/Denne_kaffienApr-e1743272549550.jpg\",\"articleSection\":[\"Nytt\"],\"inLanguage\":\"nn-NO\"},{\"@type\":\"WebPage\",\"@id\":\"https:\\\/\\\/www.jaermuseet.no\\\/garborgsenteret\\\/helvedesland-jaermuseet-lanserer-familiepark-i-garborgheimen\\\/\",\"url\":\"https:\\\/\\\/www.jaermuseet.no\\\/garborgsenteret\\\/helvedesland-jaermuseet-lanserer-familiepark-i-garborgheimen\\\/\",\"name\":\"Tar opp kampen med Kongeparken: J\u00e6rmuseet lanserer \u00abHelvedesland\u00bb - Garborgsenteret\",\"isPartOf\":{\"@id\":\"https:\\\/\\\/www.jaermuseet.no\\\/garborgsenteret\\\/#website\"},\"primaryImageOfPage\":{\"@id\":\"https:\\\/\\\/www.jaermuseet.no\\\/garborgsenteret\\\/helvedesland-jaermuseet-lanserer-familiepark-i-garborgheimen\\\/#primaryimage\"},\"image\":{\"@id\":\"https:\\\/\\\/www.jaermuseet.no\\\/garborgsenteret\\\/helvedesland-jaermuseet-lanserer-familiepark-i-garborgheimen\\\/#primaryimage\"},\"thumbnailUrl\":\"https:\\\/\\\/www.jaermuseet.no\\\/garborgsenteret\\\/wp-content\\\/uploads\\\/sites\\\/2\\\/2025\\\/03\\\/Denne_kaffienApr-e1743272549550.jpg\",\"datePublished\":\"2025-04-01T06:22:00+00:00\",\"dateModified\":\"2025-06-02T14:04:11+00:00\",\"author\":{\"@id\":\"https:\\\/\\\/www.jaermuseet.no\\\/garborgsenteret\\\/#\\\/schema\\\/person\\\/52c44fabae367c881e773d89b13f6a39\"},\"breadcrumb\":{\"@id\":\"https:\\\/\\\/www.jaermuseet.no\\\/garborgsenteret\\\/helvedesland-jaermuseet-lanserer-familiepark-i-garborgheimen\\\/#breadcrumb\"},\"inLanguage\":\"nn-NO\",\"potentialAction\":[{\"@type\":\"ReadAction\",\"target\":[\"https:\\\/\\\/www.jaermuseet.no\\\/garborgsenteret\\\/helvedesland-jaermuseet-lanserer-familiepark-i-garborgheimen\\\/\"]}]},{\"@type\":\"ImageObject\",\"inLanguage\":\"nn-NO\",\"@id\":\"https:\\\/\\\/www.jaermuseet.no\\\/garborgsenteret\\\/helvedesland-jaermuseet-lanserer-familiepark-i-garborgheimen\\\/#primaryimage\",\"url\":\"https:\\\/\\\/www.jaermuseet.no\\\/garborgsenteret\\\/wp-content\\\/uploads\\\/sites\\\/2\\\/2025\\\/03\\\/Denne_kaffienApr-e1743272549550.jpg\",\"contentUrl\":\"https:\\\/\\\/www.jaermuseet.no\\\/garborgsenteret\\\/wp-content\\\/uploads\\\/sites\\\/2\\\/2025\\\/03\\\/Denne_kaffienApr-e1743272549550.jpg\",\"width\":1744,\"height\":854},{\"@type\":\"BreadcrumbList\",\"@id\":\"https:\\\/\\\/www.jaermuseet.no\\\/garborgsenteret\\\/helvedesland-jaermuseet-lanserer-familiepark-i-garborgheimen\\\/#breadcrumb\",\"itemListElement\":[{\"@type\":\"ListItem\",\"position\":1,\"name\":\"Hjem\",\"item\":\"https:\\\/\\\/www.jaermuseet.no\\\/garborgsenteret\\\/\"},{\"@type\":\"ListItem\",\"position\":2,\"name\":\"Tar opp kampen med Kongeparken: J\u00e6rmuseet lanserer \u00abHelvedesland\u00bb\"}]},{\"@type\":\"WebSite\",\"@id\":\"https:\\\/\\\/www.jaermuseet.no\\\/garborgsenteret\\\/#website\",\"url\":\"https:\\\/\\\/www.jaermuseet.no\\\/garborgsenteret\\\/\",\"name\":\"Garborgsenteret\",\"description\":\"A national arena to promote the interest for authors Arne and Hulda Garborg\",\"potentialAction\":[{\"@type\":\"SearchAction\",\"target\":{\"@type\":\"EntryPoint\",\"urlTemplate\":\"https:\\\/\\\/www.jaermuseet.no\\\/garborgsenteret\\\/?s={search_term_string}\"},\"query-input\":{\"@type\":\"PropertyValueSpecification\",\"valueRequired\":true,\"valueName\":\"search_term_string\"}}],\"inLanguage\":\"nn-NO\"},{\"@type\":\"Person\",\"@id\":\"https:\\\/\\\/www.jaermuseet.no\\\/garborgsenteret\\\/#\\\/schema\\\/person\\\/52c44fabae367c881e773d89b13f6a39\",\"name\":\"\u00d8rjan Zazzera Johansen\",\"image\":{\"@type\":\"ImageObject\",\"inLanguage\":\"nn-NO\",\"@id\":\"https:\\\/\\\/secure.gravatar.com\\\/avatar\\\/0b86a48618c6ca6592b74ea11c3de001ac75d3e294240f39e05a080f19386fb4?s=96&d=mm&r=g\",\"url\":\"https:\\\/\\\/secure.gravatar.com\\\/avatar\\\/0b86a48618c6ca6592b74ea11c3de001ac75d3e294240f39e05a080f19386fb4?s=96&d=mm&r=g\",\"contentUrl\":\"https:\\\/\\\/secure.gravatar.com\\\/avatar\\\/0b86a48618c6ca6592b74ea11c3de001ac75d3e294240f39e05a080f19386fb4?s=96&d=mm&r=g\",\"caption\":\"\u00d8rjan Zazzera Johansen\"},\"url\":\"https:\\\/\\\/www.jaermuseet.no\\\/garborgsenteret\\\/author\\\/orjo\\\/\"}]}<\/script>\n<!-- \/ Yoast SEO plugin. -->","yoast_head_json":{"title":"Tar opp kampen med Kongeparken: J\u00e6rmuseet lanserer \u00abHelvedesland\u00bb - Garborgsenteret","robots":{"index":"index","follow":"follow","max-snippet":"max-snippet:-1","max-image-preview":"max-image-preview:large","max-video-preview":"max-video-preview:-1"},"canonical":"https:\/\/www.jaermuseet.no\/garborgsenteret\/helvedesland-jaermuseet-lanserer-familiepark-i-garborgheimen\/","og_locale":"nn_NO","og_type":"article","og_title":"Tar opp kampen med Kongeparken: J\u00e6rmuseet lanserer \u00abHelvedesland\u00bb - Garborgsenteret","og_description":"Aprilsnarren 2025! &#8220;Endeleg er det dags for \u00e5 lansera den...","og_url":"https:\/\/www.jaermuseet.no\/garborgsenteret\/helvedesland-jaermuseet-lanserer-familiepark-i-garborgheimen\/","og_site_name":"Garborgsenteret","article_published_time":"2025-04-01T06:22:00+00:00","article_modified_time":"2025-06-02T14:04:11+00:00","og_image":[{"width":1744,"height":854,"url":"https:\/\/www.jaermuseet.no\/wp-content\/uploads\/sites\/2\/2025\/03\/Denne_kaffienApr-e1743272549550.jpg","type":"image\/jpeg"}],"author":"\u00d8rjan Zazzera Johansen","twitter_card":"summary_large_image","twitter_misc":{"Written by":"\u00d8rjan Zazzera Johansen","Est. reading time":"5 minutt"},"schema":{"@context":"https:\/\/schema.org","@graph":[{"@type":"Article","@id":"https:\/\/www.jaermuseet.no\/garborgsenteret\/helvedesland-jaermuseet-lanserer-familiepark-i-garborgheimen\/#article","isPartOf":{"@id":"https:\/\/www.jaermuseet.no\/garborgsenteret\/helvedesland-jaermuseet-lanserer-familiepark-i-garborgheimen\/"},"author":{"name":"\u00d8rjan Zazzera Johansen","@id":"https:\/\/www.jaermuseet.no\/garborgsenteret\/#\/schema\/person\/52c44fabae367c881e773d89b13f6a39"},"headline":"Tar opp kampen med Kongeparken: J\u00e6rmuseet lanserer \u00abHelvedesland\u00bb","datePublished":"2025-04-01T06:22:00+00:00","dateModified":"2025-06-02T14:04:11+00:00","mainEntityOfPage":{"@id":"https:\/\/www.jaermuseet.no\/garborgsenteret\/helvedesland-jaermuseet-lanserer-familiepark-i-garborgheimen\/"},"wordCount":798,"image":{"@id":"https:\/\/www.jaermuseet.no\/garborgsenteret\/helvedesland-jaermuseet-lanserer-familiepark-i-garborgheimen\/#primaryimage"},"thumbnailUrl":"https:\/\/www.jaermuseet.no\/garborgsenteret\/wp-content\/uploads\/sites\/2\/2025\/03\/Denne_kaffienApr-e1743272549550.jpg","articleSection":["Nytt"],"inLanguage":"nn-NO"},{"@type":"WebPage","@id":"https:\/\/www.jaermuseet.no\/garborgsenteret\/helvedesland-jaermuseet-lanserer-familiepark-i-garborgheimen\/","url":"https:\/\/www.jaermuseet.no\/garborgsenteret\/helvedesland-jaermuseet-lanserer-familiepark-i-garborgheimen\/","name":"Tar opp kampen med Kongeparken: J\u00e6rmuseet lanserer \u00abHelvedesland\u00bb - Garborgsenteret","isPartOf":{"@id":"https:\/\/www.jaermuseet.no\/garborgsenteret\/#website"},"primaryImageOfPage":{"@id":"https:\/\/www.jaermuseet.no\/garborgsenteret\/helvedesland-jaermuseet-lanserer-familiepark-i-garborgheimen\/#primaryimage"},"image":{"@id":"https:\/\/www.jaermuseet.no\/garborgsenteret\/helvedesland-jaermuseet-lanserer-familiepark-i-garborgheimen\/#primaryimage"},"thumbnailUrl":"https:\/\/www.jaermuseet.no\/garborgsenteret\/wp-content\/uploads\/sites\/2\/2025\/03\/Denne_kaffienApr-e1743272549550.jpg","datePublished":"2025-04-01T06:22:00+00:00","dateModified":"2025-06-02T14:04:11+00:00","author":{"@id":"https:\/\/www.jaermuseet.no\/garborgsenteret\/#\/schema\/person\/52c44fabae367c881e773d89b13f6a39"},"breadcrumb":{"@id":"https:\/\/www.jaermuseet.no\/garborgsenteret\/helvedesland-jaermuseet-lanserer-familiepark-i-garborgheimen\/#breadcrumb"},"inLanguage":"nn-NO","potentialAction":[{"@type":"ReadAction","target":["https:\/\/www.jaermuseet.no\/garborgsenteret\/helvedesland-jaermuseet-lanserer-familiepark-i-garborgheimen\/"]}]},{"@type":"ImageObject","inLanguage":"nn-NO","@id":"https:\/\/www.jaermuseet.no\/garborgsenteret\/helvedesland-jaermuseet-lanserer-familiepark-i-garborgheimen\/#primaryimage","url":"https:\/\/www.jaermuseet.no\/garborgsenteret\/wp-content\/uploads\/sites\/2\/2025\/03\/Denne_kaffienApr-e1743272549550.jpg","contentUrl":"https:\/\/www.jaermuseet.no\/garborgsenteret\/wp-content\/uploads\/sites\/2\/2025\/03\/Denne_kaffienApr-e1743272549550.jpg","width":1744,"height":854},{"@type":"BreadcrumbList","@id":"https:\/\/www.jaermuseet.no\/garborgsenteret\/helvedesland-jaermuseet-lanserer-familiepark-i-garborgheimen\/#breadcrumb","itemListElement":[{"@type":"ListItem","position":1,"name":"Hjem","item":"https:\/\/www.jaermuseet.no\/garborgsenteret\/"},{"@type":"ListItem","position":2,"name":"Tar opp kampen med Kongeparken: J\u00e6rmuseet lanserer \u00abHelvedesland\u00bb"}]},{"@type":"WebSite","@id":"https:\/\/www.jaermuseet.no\/garborgsenteret\/#website","url":"https:\/\/www.jaermuseet.no\/garborgsenteret\/","name":"Garborgsenteret","description":"A national arena to promote the interest for authors Arne and Hulda Garborg","potentialAction":[{"@type":"SearchAction","target":{"@type":"EntryPoint","urlTemplate":"https:\/\/www.jaermuseet.no\/garborgsenteret\/?s={search_term_string}"},"query-input":{"@type":"PropertyValueSpecification","valueRequired":true,"valueName":"search_term_string"}}],"inLanguage":"nn-NO"},{"@type":"Person","@id":"https:\/\/www.jaermuseet.no\/garborgsenteret\/#\/schema\/person\/52c44fabae367c881e773d89b13f6a39","name":"\u00d8rjan Zazzera Johansen","image":{"@type":"ImageObject","inLanguage":"nn-NO","@id":"https:\/\/secure.gravatar.com\/avatar\/0b86a48618c6ca6592b74ea11c3de001ac75d3e294240f39e05a080f19386fb4?s=96&d=mm&r=g","url":"https:\/\/secure.gravatar.com\/avatar\/0b86a48618c6ca6592b74ea11c3de001ac75d3e294240f39e05a080f19386fb4?s=96&d=mm&r=g","contentUrl":"https:\/\/secure.gravatar.com\/avatar\/0b86a48618c6ca6592b74ea11c3de001ac75d3e294240f39e05a080f19386fb4?s=96&d=mm&r=g","caption":"\u00d8rjan Zazzera Johansen"},"url":"https:\/\/www.jaermuseet.no\/garborgsenteret\/author\/orjo\/"}]}},"cc_featured_image_caption":{"caption_text":"","source_text":"","source_url":""},"jetpack_featured_media_url":"https:\/\/www.jaermuseet.no\/garborgsenteret\/wp-content\/uploads\/sites\/2\/2025\/03\/Denne_kaffienApr-e1743272549550.jpg","jetpack_sharing_enabled":true,"_links":{"self":[{"href":"https:\/\/www.jaermuseet.no\/garborgsenteret\/wp-json\/wp\/v2\/posts\/13900","targetHints":{"allow":["GET"]}}],"collection":[{"href":"https:\/\/www.jaermuseet.no\/garborgsenteret\/wp-json\/wp\/v2\/posts"}],"about":[{"href":"https:\/\/www.jaermuseet.no\/garborgsenteret\/wp-json\/wp\/v2\/types\/post"}],"author":[{"embeddable":true,"href":"https:\/\/www.jaermuseet.no\/garborgsenteret\/wp-json\/wp\/v2\/users\/17"}],"replies":[{"embeddable":true,"href":"https:\/\/www.jaermuseet.no\/garborgsenteret\/wp-json\/wp\/v2\/comments?post=13900"}],"version-history":[{"count":22,"href":"https:\/\/www.jaermuseet.no\/garborgsenteret\/wp-json\/wp\/v2\/posts\/13900\/revisions"}],"predecessor-version":[{"id":13961,"href":"https:\/\/www.jaermuseet.no\/garborgsenteret\/wp-json\/wp\/v2\/posts\/13900\/revisions\/13961"}],"wp:featuredmedia":[{"embeddable":true,"href":"https:\/\/www.jaermuseet.no\/garborgsenteret\/wp-json\/wp\/v2\/media\/13902"}],"wp:attachment":[{"href":"https:\/\/www.jaermuseet.no\/garborgsenteret\/wp-json\/wp\/v2\/media?parent=13900"}],"wp:term":[{"taxonomy":"category","embeddable":true,"href":"https:\/\/www.jaermuseet.no\/garborgsenteret\/wp-json\/wp\/v2\/categories?post=13900"},{"taxonomy":"post_tag","embeddable":true,"href":"https:\/\/www.jaermuseet.no\/garborgsenteret\/wp-json\/wp\/v2\/tags?post=13900"}],"curies":[{"name":"wp","href":"https:\/\/api.w.org\/{rel}","templated":true}]}}