{"id":13241,"date":"2024-01-14T01:54:00","date_gmt":"2024-01-13T23:54:00","guid":{"rendered":"https:\/\/www.jaermuseet.no\/garborgsenteret\/?p=13241"},"modified":"2024-01-13T20:09:34","modified_gmt":"2024-01-13T18:09:34","slug":"kvile-sans-facon","status":"publish","type":"post","link":"https:\/\/www.jaermuseet.no\/garborgsenteret\/kvile-sans-facon\/","title":{"rendered":"Kvile sans fa\u00e7on"},"content":{"rendered":"\n<p>Han vann ikkje konkurransen om ber\u00f8mte siste ord, forfattaren Arne Garborg. Han hadde hatt lungebetennelse, og vore sengeliggande i ti dagar heime i Asker, d\u00e5 han kl. 14 den 14. januar 1924 mumla \u00abkvile sans fa\u00e7on\u00bb til kona Hulda \u2013 og d\u00f8ydde. Tidlegare hadde han kalla dauden \u00abden store kvila\u00bb, men setninga er likevel uklar. Litt fransk kunne han, men me har ikkje kjelder p\u00e5 at han brukte \u00e5 slenga franske ord om seg. \u00abSans fa\u00e7on\u00bb var derimot eit fast uttrykk i Noreg i 1920-\u00e5ra, og betydde \u00absimpelthen\u00bb eller \u00abenkelt og greitt\u00bb. Den mest rimelege tolkinga er kanskje at n\u00e5 skulle han \u00abberre kvila\u00bb, letta over \u00e5 sleppa \u00e5 li meir. Alternativt kan han ha meint at han ikkje trudde p\u00e5 eit liv etter d\u00f8den.<\/p>\n\n\n\n<p>D\u00f8dsfallet knuste henne. Dei hadde hatt eit komplisert samliv, mest p\u00e5 grunn av hans lange depresjonar og introverte karakter, men kj\u00e6rleiken var sterk. Saman hadde dei sonen Tuften, svigerdottera Aagot og fire barnebarn. Alle budde p\u00e5 familietunet Labr\u00e5ten i Asker.<\/p>\n\n\n\n<p>Hulda sette seg til \u00e5 lesa dagboka til mannen sin, men braut snart saman. Ho var s\u00e5 sorgtyngd at ho ikkje kom seg opp av senga p\u00e5 fleire dagar. Det var Tuften som m\u00e5tte planlegga gravferda, noko som skulle visa seg \u00e5 bli vanskelegare enn nokon kunne ha f\u00f8restilt seg. For her var det ikkje berre ein ektemann, ein far og ein farfar som var d\u00f8d, men den unge nasjonens viktigaste intellektuelle.<\/p>\n\n\n\n<p>Det var den store forfattaren, den sterke norskdomsf\u00f8raren, den utr\u00f8yttelege fridomskjemparen som var borte. Tomrommet breidde seg over Noreg.<\/p>\n\n\n\n<p>Stortingspresident Ivar Lykke heldt minnetale p\u00e5 Stortinget same ettermiddag. Han begynte med orda: \u00ab\u00c6rede representanter! Norge har mistet en av sine st\u00f8rste s\u00f8nner! Arne Garborg er d\u00f8d.\u00bb Statsminister Abraham Berge var til stades og foreslo straks ei gravferd p\u00e5 staten sin kostnad. Dette fekk einstemmig bifall av representantane.<\/p>\n\n\n\n<p>Det var g\u00e5tt 14 \u00e5r sidan sist ein forfattar var blitt tildelt ei slik \u00e6re. Den gongen var det Bj\u00f8rnstjerne Bj\u00f8rnson. Det skulle g\u00e5 25 \u00e5r til neste gong, d\u00e5 med Sigrid Undset.<\/p>\n\n\n\n<p>Samtlege riksdekkande aviser f\u00f8rte nekrolog. Mange sette han p\u00e5 f\u00f8rstesida.<\/p>\n\n\n\n<figure class=\"wp-block-image size-large\"><img loading=\"lazy\" decoding=\"async\" width=\"687\" height=\"1024\" src=\"https:\/\/www.jaermuseet.no\/wp-content\/uploads\/sites\/2\/2024\/01\/NorigPaint-687x1024.png\" alt=\"\" class=\"wp-image-13242\" srcset=\"https:\/\/www.jaermuseet.no\/garborgsenteret\/wp-content\/uploads\/sites\/2\/2024\/01\/NorigPaint-687x1024.png 687w, https:\/\/www.jaermuseet.no\/garborgsenteret\/wp-content\/uploads\/sites\/2\/2024\/01\/NorigPaint-201x300.png 201w, https:\/\/www.jaermuseet.no\/garborgsenteret\/wp-content\/uploads\/sites\/2\/2024\/01\/NorigPaint-134x200.png 134w, https:\/\/www.jaermuseet.no\/garborgsenteret\/wp-content\/uploads\/sites\/2\/2024\/01\/NorigPaint.png 819w\" sizes=\"auto, (max-width: 687px) 100vw, 687px\" \/><\/figure>\n\n\n\n<p>\u00abEit syrgjebod av dei aller tyngste maa vi bera fram i dag. Noregs st\u00f8rste son er ikkje meir\u00bb, skreiv Den 17de Mai.<\/p>\n\n\n\n<p>D\u00f8dsbodskapen \u00abgaar landet over og s\u00e6nker sorg og vemod i alle Sind\u00bb, skreiv Stavangeren.<\/p>\n\n\n\n<p>\u00abAllikevel vil han bli ved at leve, saa l\u00e6nge dette landet har evne til at v\u00e6kke l\u00e6ngselen i noget hjerte\u00bb, skreiv Dagen.<\/p>\n\n\n\n<p>\u00abVaar st\u00f8rste og mest sermerkte diktar\u00bb, skreiv Agder Tidende.<\/p>\n\n\n\n<p>\u00abGarborg inntar hedersplassen som den norske litteraturens ypperste folkelige og nationale dikter,\u00bb skreiv TT.<\/p>\n\n\n\n<p>\u00abHan \u00e5leine var so god som ein heil bokheim\u00bb, skreiv Nordtr\u00f8nderen.<\/p>\n\n\n\n<p>Garborg var \u00abi slekt med den dybeste understr\u00f8mning i den angelsaksiske verdenslyrikk\u00bb, skreiv Dagbladet.<\/p>\n\n\n\n<p>\u00abHan skapade det moderne litteraturspr\u00e5ket f\u00f6r nationen\u00bb, skreiv Svenska Dagbladet.<\/p>\n\n\n\n<p>\u00abH\u00f8vdingen i norsk litteratur\u00bb, skreiv Grimstad-posten.<\/p>\n\n\n\n<p>\u00abDet er ikke for meget sagt, at Norge igaar mistet sin st\u00f8rste aandsh\u00f8vding\u00bb, skreiv Indlandsposten.<\/p>\n\n\n\n<p>\u00abDen mann er gjengen burt som hev havt meir innverknad p\u00e5 sine samtidingar enn nokon annan i landet\u00bb, skreiv Bondebladet.<\/p>\n\n\n\n<p>\u00abDet er heller ikkje berre ein mann som gaar burt. Det er ein tidsbolk i Noregs saga\u00bb, skreiv Agderposten.<\/p>\n\n\n\n<p>\u00abSoga um Arne Garborg er soga um eventyrguten meir enn um nokon annan nordmann i den siste hundradaare\u00bb, skreiv Bergens Tidende.<\/p>\n\n\n\n<p>\u00abHan var den store t\u00e6nker og den store digter, et geni\u00bb, skreiv Stavanger Aftenblad.<\/p>\n\n\n\n<p>\u00abFor alt han har gjeve, takkar ungdommen i dag. Og mest fordi han \u00abauka ljoset i verda\u00bb, skreiv Stavanger Aftenblad i ein annan av sine nekrologar.<\/p>\n\n\n\n<p>\u00abHan overlater til eftertiden verdier som aldrig vil tapes, aldrig d\u00f8\u00bb, skreiv 1ste Mai.<\/p>\n\n\n\n<figure class=\"wp-block-image size-large\"><img loading=\"lazy\" decoding=\"async\" width=\"749\" height=\"1024\" src=\"https:\/\/www.jaermuseet.no\/wp-content\/uploads\/sites\/2\/2024\/01\/AftenbladetPaint2-749x1024.png\" alt=\"\" class=\"wp-image-13244\" srcset=\"https:\/\/www.jaermuseet.no\/garborgsenteret\/wp-content\/uploads\/sites\/2\/2024\/01\/AftenbladetPaint2-749x1024.png 749w, https:\/\/www.jaermuseet.no\/garborgsenteret\/wp-content\/uploads\/sites\/2\/2024\/01\/AftenbladetPaint2-219x300.png 219w, https:\/\/www.jaermuseet.no\/garborgsenteret\/wp-content\/uploads\/sites\/2\/2024\/01\/AftenbladetPaint2-146x200.png 146w, https:\/\/www.jaermuseet.no\/garborgsenteret\/wp-content\/uploads\/sites\/2\/2024\/01\/AftenbladetPaint2.png 916w\" sizes=\"auto, (max-width: 749px) 100vw, 749px\" \/><\/figure>\n\n\n\n<p>Den nye Social-demokraten oppsummerte slik: \u00abein stridsmann som slo hardt daa han saag uretten breida seg, ein tenkjar som aldri unte seg fred eller ro f\u00f8r han naadde fram til kjernen i problemet, ei lidande sjel paa leiting etter den fred som hans sanningskrav alltid skauv undan, ein klaartenkt idealist som sette arbeidet for rett og rettferd til livsmaal, ein einsleg, utr\u00f8ytande arbeidsmaur som saag alt og eigna seg til alt som r\u00f8rde seg i folket, og som i sitt livsverk har gjeve sitt folk evelege verdiar\u00bb.<\/p>\n\n\n\n<p>Det hadde ingen ende. Nokre aviser trykte fleire nekrologar i same nummeret. Andre skreiv om Garborg i fleire nummer etter kvarandre.<\/p>\n\n\n\n<p>Den offentlege hyllinga skjulte eit h\u00f8gst privat drama. For kor og korleis skulle nasjonalskalden gravleggast? Gravferd p\u00e5 statens kostnad var eit tveegga sverd for Hulda Garborg. Noreg var eit kristent land, men Garborg hadde meld seg ut av statskyrkja. Den sengeliggande Hulda trudde mannen \u00f8nskte seg ei borgarleg b\u00e5lferd.<\/p>\n\n\n\n<p>Trass familiens protestar bestemte Stortinget alt dagen etter d\u00f8dsfallet at ein seremoni skulle haldast m\u00e5ndag 21. januar i Trefoldighetskirken i Oslo. Garborg sin venn, presten Ivar Mortensson skulle tala ved b\u00e5ra.<\/p>\n\n\n\n<p>Tuften m\u00f8tte Stortinget p\u00e5 familiens vegner. Hulda hadde lese i Arne Garborg si dagbok at draumen hans var \u00e5 bli lagt i ein haug i ein lund. Dette kunne berre bety Knudaheihagen ved diktarstova hans p\u00e5 Undheim, der han hadde planta tre. Men for \u00e5 bli gravlagt i uvigsla jord trong ein l\u00f8yve fr\u00e5 regjeringa.<\/p>\n\n\n\n<p>Det blei komplisert. Familien fekk beskjed om at ein seremoni uansett m\u00e5tte haldast i Trefoldighetskirken, hovudstadens st\u00f8rste kyrkje, fordi heile regjeringa og Stortinget skulle delta.<\/p>\n\n\n\n<p>Til slutt m\u00e5tte Hulda, utslitt av sorg, gje seg. Arne Garborg tilh\u00f8yrte ikkje berre familien, men heile det norske folket. Ho aksepterte planane s\u00e5 lenge seremonien var borgarleg. Ho aksepterte \u00f2g at Ivar Mortensson talte, s\u00e5 lenge han gjorde som Garborg sin venn og ikkje som prest.<\/p>\n\n\n\n<p>Men eit par dagar f\u00f8r seremonien viste det seg at Mortensson forberedte seg p\u00e5 \u00e5 halda preiken som prest. Han hadde trykka opp religi\u00f8se dikt til seremonien som Garborg aldri ville ha akseptert, meinte Hulda. Ho raste, men det var for seint \u00e5 endra noko n\u00e5. Dagen kom. Det gjorde heile regjeringa og eit samla storting \u00f2g. Kyrkja var heilt full av \u00f8vrigheit og lekfolk, 3000 til saman. I tillegg m\u00e5tte mange bli st\u00e5ande utanfor.<\/p>\n\n\n\n<p>D\u00f8rene gjekk opp. Alle reiste seg og bukka d\u00e5 kong Haakon kom g\u00e5ande gjennom midtgangen p\u00e5 krykker, stavrande, tett f\u00f8lgd av ein adjutant klar til \u00e5 fanga Hans Majestet skulle han snubla. Kongen fekk sete heilt framme, sidelengs, nesten i midtgangen, slik at alle kunne f\u00e5 sj\u00e5 han.<\/p>\n\n\n\n<figure class=\"wp-block-image size-large\"><img loading=\"lazy\" decoding=\"async\" width=\"1024\" height=\"865\" src=\"https:\/\/www.jaermuseet.no\/wp-content\/uploads\/sites\/2\/2024\/01\/MinneseremoniBearb-scaled-e1704967443348-1024x865.jpg\" alt=\"\" class=\"wp-image-13250\" srcset=\"https:\/\/www.jaermuseet.no\/garborgsenteret\/wp-content\/uploads\/sites\/2\/2024\/01\/MinneseremoniBearb-scaled-e1704967443348-1024x865.jpg 1024w, https:\/\/www.jaermuseet.no\/garborgsenteret\/wp-content\/uploads\/sites\/2\/2024\/01\/MinneseremoniBearb-scaled-e1704967443348-300x253.jpg 300w, https:\/\/www.jaermuseet.no\/garborgsenteret\/wp-content\/uploads\/sites\/2\/2024\/01\/MinneseremoniBearb-scaled-e1704967443348-200x169.jpg 200w, https:\/\/www.jaermuseet.no\/garborgsenteret\/wp-content\/uploads\/sites\/2\/2024\/01\/MinneseremoniBearb-scaled-e1704967443348-1536x1297.jpg 1536w, https:\/\/www.jaermuseet.no\/garborgsenteret\/wp-content\/uploads\/sites\/2\/2024\/01\/MinneseremoniBearb-scaled-e1704967443348.jpg 1612w\" sizes=\"auto, (max-width: 1024px) 100vw, 1024px\" \/><figcaption class=\"wp-element-caption\">Kong H\u00e5kon midt i bildet. B\u00e5ra oppe til venstre.<\/figcaption><\/figure>\n\n\n\n<p>Seremonien begynte med Ivar Aasen sin song \u00abHeimen er b\u00e5de vond og god\u00bb, f\u00f8lgt av Garborg sin eigen \u00abDet stig av hav\u00bb. S\u00e5 talte Mortensson. Han begynte passande nok med \u00e5 sitera Garborg si einaste salme, \u00abGud signe Noregs land\u00bb, ogs\u00e5 kalla \u00abnynorskens nasjonalsong\u00bb. Minnetalen var skriven p\u00e5 bunden form:<\/p>\n\n\n\n<p>\u00abNaar handi eg leggover augo,<br>Daa mun eg sjaa deg so greidt,<br>Slik som du var i dei femti aari,<br>Daa her me tilsaman gjekk.<\/p>\n\n\n\n<p>Daa ser eg ein mann som med lykti i hand<br>Gjeng leitar og leitar paa strand.<br>Um eitkvart han finn, han leitar p\u00e5 nytt.\u00bb<\/p>\n\n\n\n<p>Slik fortsette Mortensson med eit vakkert flettverk av eigne og vennen Garborg sine ord. End\u00e5 s\u00e5 vonbroten Hulda var p\u00e5 Mortensson og stortinget, tykte ho teksten var fager. 70 kransar blei lagde ved b\u00e5ra. Tolv studentar vakta b\u00e5ra og bar ho ut av kyrkja.<\/p>\n\n\n\n<p>Arne Garborg blei kremert og Hulda fekk oska med seg. S\u00e5 f\u00f8lgde ein ny, vanskeleg kamp i sorga. Eit lite trekantdrama oppstod mellom familien, Time kommune og Time m\u00e5llag om Knudaheio. Til slutt fall ting p\u00e5 plass. Kommunen overtok eigarskapen, m\u00e5llaget fekk disponera huset (som snart blei museum) og den 7. juni 1925 blei Arne Garborg, med l\u00f8yve fr\u00e5 regjeringa, hauglagt i lunden sin p\u00e5 H\u00f8g-J\u00e6ren.<\/p>\n\n\n\n<p>Endeleg \u00abkvile sans fa\u00e7on\u00bb.<\/p>\n\n\n\n<figure class=\"wp-block-gallery has-nested-images columns-default is-cropped wp-block-gallery-1 is-layout-flex wp-block-gallery-is-layout-flex\">\n<figure class=\"wp-block-image size-large\"><img loading=\"lazy\" decoding=\"async\" width=\"720\" height=\"1024\" data-id=\"13245\" src=\"https:\/\/www.jaermuseet.no\/wp-content\/uploads\/sites\/2\/2024\/01\/BondebladetPaint2-720x1024.png\" alt=\"\" class=\"wp-image-13245\" srcset=\"https:\/\/www.jaermuseet.no\/garborgsenteret\/wp-content\/uploads\/sites\/2\/2024\/01\/BondebladetPaint2-720x1024.png 720w, https:\/\/www.jaermuseet.no\/garborgsenteret\/wp-content\/uploads\/sites\/2\/2024\/01\/BondebladetPaint2-211x300.png 211w, https:\/\/www.jaermuseet.no\/garborgsenteret\/wp-content\/uploads\/sites\/2\/2024\/01\/BondebladetPaint2-141x200.png 141w, https:\/\/www.jaermuseet.no\/garborgsenteret\/wp-content\/uploads\/sites\/2\/2024\/01\/BondebladetPaint2-1080x1536.png 1080w, https:\/\/www.jaermuseet.no\/garborgsenteret\/wp-content\/uploads\/sites\/2\/2024\/01\/BondebladetPaint2-1441x2048.png 1441w, https:\/\/www.jaermuseet.no\/garborgsenteret\/wp-content\/uploads\/sites\/2\/2024\/01\/BondebladetPaint2.png 1492w\" sizes=\"auto, (max-width: 720px) 100vw, 720px\" \/><\/figure>\n<\/figure>\n\n\n\n<p><em>Avisforsidene er lasta ned fr\u00e5 Nasjonalbiblioteket. Bildet fr\u00e5 b\u00e5lferda tilh\u00f8yrte Hulda Garborg (fotograf ukjend) og er n\u00e5 i J\u00e6rmuseet si samling.<\/em><\/p>\n\n\n\n<p><em>Ein kortare versjon av denne artikkelen blei publisert i Stavanger Aftenblad 13.1.24.<\/em><\/p>\n","protected":false},"excerpt":{"rendered":"<p>Han vann ikkje konkurransen om ber\u00f8mte siste ord, forfattaren Arne&#8230;<\/p>\n","protected":false},"author":17,"featured_media":13246,"comment_status":"closed","ping_status":"closed","sticky":false,"template":"","format":"standard","meta":{"_acf_changed":false,"_jetpack_memberships_contains_paid_content":false,"footnotes":""},"categories":[13],"tags":[],"class_list":["post-13241","post","type-post","status-publish","format-standard","has-post-thumbnail","hentry","category-nytt-fra-garborgsenteret","featured-image-size-large"],"acf":[],"yoast_head":"<!-- This site is optimized with the Yoast SEO plugin v27.4 - https:\/\/yoast.com\/product\/yoast-seo-wordpress\/ -->\n<title>Kvile sans fa\u00e7on - Garborgsenteret<\/title>\n<meta name=\"robots\" content=\"index, follow, max-snippet:-1, max-image-preview:large, max-video-preview:-1\" \/>\n<link rel=\"canonical\" href=\"https:\/\/www.jaermuseet.no\/garborgsenteret\/kvile-sans-facon\/\" \/>\n<meta property=\"og:locale\" content=\"nn_NO\" \/>\n<meta property=\"og:type\" content=\"article\" \/>\n<meta property=\"og:title\" content=\"Kvile sans fa\u00e7on - Garborgsenteret\" \/>\n<meta property=\"og:description\" content=\"Han vann ikkje konkurransen om ber\u00f8mte siste ord, forfattaren Arne...\" \/>\n<meta property=\"og:url\" content=\"https:\/\/www.jaermuseet.no\/garborgsenteret\/kvile-sans-facon\/\" \/>\n<meta property=\"og:site_name\" content=\"Garborgsenteret\" \/>\n<meta property=\"article:published_time\" content=\"2024-01-13T23:54:00+00:00\" \/>\n<meta property=\"og:image\" content=\"https:\/\/www.jaermuseet.no\/wp-content\/uploads\/sites\/2\/2024\/01\/DagbladetForside.png\" \/>\n\t<meta property=\"og:image:width\" content=\"810\" \/>\n\t<meta property=\"og:image:height\" content=\"770\" \/>\n\t<meta property=\"og:image:type\" content=\"image\/png\" \/>\n<meta name=\"author\" content=\"\u00d8rjan Zazzera Johansen\" \/>\n<meta name=\"twitter:card\" content=\"summary_large_image\" \/>\n<meta name=\"twitter:label1\" content=\"Written by\" \/>\n\t<meta name=\"twitter:data1\" content=\"\u00d8rjan Zazzera Johansen\" \/>\n\t<meta name=\"twitter:label2\" content=\"Est. reading time\" \/>\n\t<meta name=\"twitter:data2\" content=\"9 minutt\" \/>\n<script type=\"application\/ld+json\" class=\"yoast-schema-graph\">{\"@context\":\"https:\\\/\\\/schema.org\",\"@graph\":[{\"@type\":\"Article\",\"@id\":\"https:\\\/\\\/www.jaermuseet.no\\\/garborgsenteret\\\/kvile-sans-facon\\\/#article\",\"isPartOf\":{\"@id\":\"https:\\\/\\\/www.jaermuseet.no\\\/garborgsenteret\\\/kvile-sans-facon\\\/\"},\"author\":{\"name\":\"\u00d8rjan Zazzera Johansen\",\"@id\":\"https:\\\/\\\/www.jaermuseet.no\\\/garborgsenteret\\\/#\\\/schema\\\/person\\\/52c44fabae367c881e773d89b13f6a39\"},\"headline\":\"Kvile sans fa\u00e7on\",\"datePublished\":\"2024-01-13T23:54:00+00:00\",\"mainEntityOfPage\":{\"@id\":\"https:\\\/\\\/www.jaermuseet.no\\\/garborgsenteret\\\/kvile-sans-facon\\\/\"},\"wordCount\":1345,\"image\":{\"@id\":\"https:\\\/\\\/www.jaermuseet.no\\\/garborgsenteret\\\/kvile-sans-facon\\\/#primaryimage\"},\"thumbnailUrl\":\"https:\\\/\\\/www.jaermuseet.no\\\/garborgsenteret\\\/wp-content\\\/uploads\\\/sites\\\/2\\\/2024\\\/01\\\/DagbladetForside.png\",\"articleSection\":[\"Nytt\"],\"inLanguage\":\"nn-NO\"},{\"@type\":\"WebPage\",\"@id\":\"https:\\\/\\\/www.jaermuseet.no\\\/garborgsenteret\\\/kvile-sans-facon\\\/\",\"url\":\"https:\\\/\\\/www.jaermuseet.no\\\/garborgsenteret\\\/kvile-sans-facon\\\/\",\"name\":\"Kvile sans fa\u00e7on - Garborgsenteret\",\"isPartOf\":{\"@id\":\"https:\\\/\\\/www.jaermuseet.no\\\/garborgsenteret\\\/#website\"},\"primaryImageOfPage\":{\"@id\":\"https:\\\/\\\/www.jaermuseet.no\\\/garborgsenteret\\\/kvile-sans-facon\\\/#primaryimage\"},\"image\":{\"@id\":\"https:\\\/\\\/www.jaermuseet.no\\\/garborgsenteret\\\/kvile-sans-facon\\\/#primaryimage\"},\"thumbnailUrl\":\"https:\\\/\\\/www.jaermuseet.no\\\/garborgsenteret\\\/wp-content\\\/uploads\\\/sites\\\/2\\\/2024\\\/01\\\/DagbladetForside.png\",\"datePublished\":\"2024-01-13T23:54:00+00:00\",\"author\":{\"@id\":\"https:\\\/\\\/www.jaermuseet.no\\\/garborgsenteret\\\/#\\\/schema\\\/person\\\/52c44fabae367c881e773d89b13f6a39\"},\"breadcrumb\":{\"@id\":\"https:\\\/\\\/www.jaermuseet.no\\\/garborgsenteret\\\/kvile-sans-facon\\\/#breadcrumb\"},\"inLanguage\":\"nn-NO\",\"potentialAction\":[{\"@type\":\"ReadAction\",\"target\":[\"https:\\\/\\\/www.jaermuseet.no\\\/garborgsenteret\\\/kvile-sans-facon\\\/\"]}]},{\"@type\":\"ImageObject\",\"inLanguage\":\"nn-NO\",\"@id\":\"https:\\\/\\\/www.jaermuseet.no\\\/garborgsenteret\\\/kvile-sans-facon\\\/#primaryimage\",\"url\":\"https:\\\/\\\/www.jaermuseet.no\\\/garborgsenteret\\\/wp-content\\\/uploads\\\/sites\\\/2\\\/2024\\\/01\\\/DagbladetForside.png\",\"contentUrl\":\"https:\\\/\\\/www.jaermuseet.no\\\/garborgsenteret\\\/wp-content\\\/uploads\\\/sites\\\/2\\\/2024\\\/01\\\/DagbladetForside.png\",\"width\":810,\"height\":770},{\"@type\":\"BreadcrumbList\",\"@id\":\"https:\\\/\\\/www.jaermuseet.no\\\/garborgsenteret\\\/kvile-sans-facon\\\/#breadcrumb\",\"itemListElement\":[{\"@type\":\"ListItem\",\"position\":1,\"name\":\"Hjem\",\"item\":\"https:\\\/\\\/www.jaermuseet.no\\\/garborgsenteret\\\/\"},{\"@type\":\"ListItem\",\"position\":2,\"name\":\"Kvile sans fa\u00e7on\"}]},{\"@type\":\"WebSite\",\"@id\":\"https:\\\/\\\/www.jaermuseet.no\\\/garborgsenteret\\\/#website\",\"url\":\"https:\\\/\\\/www.jaermuseet.no\\\/garborgsenteret\\\/\",\"name\":\"Garborgsenteret\",\"description\":\"A national arena to promote the interest for authors Arne and Hulda Garborg\",\"potentialAction\":[{\"@type\":\"SearchAction\",\"target\":{\"@type\":\"EntryPoint\",\"urlTemplate\":\"https:\\\/\\\/www.jaermuseet.no\\\/garborgsenteret\\\/?s={search_term_string}\"},\"query-input\":{\"@type\":\"PropertyValueSpecification\",\"valueRequired\":true,\"valueName\":\"search_term_string\"}}],\"inLanguage\":\"nn-NO\"},{\"@type\":\"Person\",\"@id\":\"https:\\\/\\\/www.jaermuseet.no\\\/garborgsenteret\\\/#\\\/schema\\\/person\\\/52c44fabae367c881e773d89b13f6a39\",\"name\":\"\u00d8rjan Zazzera Johansen\",\"image\":{\"@type\":\"ImageObject\",\"inLanguage\":\"nn-NO\",\"@id\":\"https:\\\/\\\/secure.gravatar.com\\\/avatar\\\/0b86a48618c6ca6592b74ea11c3de001ac75d3e294240f39e05a080f19386fb4?s=96&d=mm&r=g\",\"url\":\"https:\\\/\\\/secure.gravatar.com\\\/avatar\\\/0b86a48618c6ca6592b74ea11c3de001ac75d3e294240f39e05a080f19386fb4?s=96&d=mm&r=g\",\"contentUrl\":\"https:\\\/\\\/secure.gravatar.com\\\/avatar\\\/0b86a48618c6ca6592b74ea11c3de001ac75d3e294240f39e05a080f19386fb4?s=96&d=mm&r=g\",\"caption\":\"\u00d8rjan Zazzera Johansen\"},\"url\":\"https:\\\/\\\/www.jaermuseet.no\\\/garborgsenteret\\\/author\\\/orjo\\\/\"}]}<\/script>\n<!-- \/ Yoast SEO plugin. -->","yoast_head_json":{"title":"Kvile sans fa\u00e7on - Garborgsenteret","robots":{"index":"index","follow":"follow","max-snippet":"max-snippet:-1","max-image-preview":"max-image-preview:large","max-video-preview":"max-video-preview:-1"},"canonical":"https:\/\/www.jaermuseet.no\/garborgsenteret\/kvile-sans-facon\/","og_locale":"nn_NO","og_type":"article","og_title":"Kvile sans fa\u00e7on - Garborgsenteret","og_description":"Han vann ikkje konkurransen om ber\u00f8mte siste ord, forfattaren Arne...","og_url":"https:\/\/www.jaermuseet.no\/garborgsenteret\/kvile-sans-facon\/","og_site_name":"Garborgsenteret","article_published_time":"2024-01-13T23:54:00+00:00","og_image":[{"width":810,"height":770,"url":"https:\/\/www.jaermuseet.no\/wp-content\/uploads\/sites\/2\/2024\/01\/DagbladetForside.png","type":"image\/png"}],"author":"\u00d8rjan Zazzera Johansen","twitter_card":"summary_large_image","twitter_misc":{"Written by":"\u00d8rjan Zazzera Johansen","Est. reading time":"9 minutt"},"schema":{"@context":"https:\/\/schema.org","@graph":[{"@type":"Article","@id":"https:\/\/www.jaermuseet.no\/garborgsenteret\/kvile-sans-facon\/#article","isPartOf":{"@id":"https:\/\/www.jaermuseet.no\/garborgsenteret\/kvile-sans-facon\/"},"author":{"name":"\u00d8rjan Zazzera Johansen","@id":"https:\/\/www.jaermuseet.no\/garborgsenteret\/#\/schema\/person\/52c44fabae367c881e773d89b13f6a39"},"headline":"Kvile sans fa\u00e7on","datePublished":"2024-01-13T23:54:00+00:00","mainEntityOfPage":{"@id":"https:\/\/www.jaermuseet.no\/garborgsenteret\/kvile-sans-facon\/"},"wordCount":1345,"image":{"@id":"https:\/\/www.jaermuseet.no\/garborgsenteret\/kvile-sans-facon\/#primaryimage"},"thumbnailUrl":"https:\/\/www.jaermuseet.no\/garborgsenteret\/wp-content\/uploads\/sites\/2\/2024\/01\/DagbladetForside.png","articleSection":["Nytt"],"inLanguage":"nn-NO"},{"@type":"WebPage","@id":"https:\/\/www.jaermuseet.no\/garborgsenteret\/kvile-sans-facon\/","url":"https:\/\/www.jaermuseet.no\/garborgsenteret\/kvile-sans-facon\/","name":"Kvile sans fa\u00e7on - Garborgsenteret","isPartOf":{"@id":"https:\/\/www.jaermuseet.no\/garborgsenteret\/#website"},"primaryImageOfPage":{"@id":"https:\/\/www.jaermuseet.no\/garborgsenteret\/kvile-sans-facon\/#primaryimage"},"image":{"@id":"https:\/\/www.jaermuseet.no\/garborgsenteret\/kvile-sans-facon\/#primaryimage"},"thumbnailUrl":"https:\/\/www.jaermuseet.no\/garborgsenteret\/wp-content\/uploads\/sites\/2\/2024\/01\/DagbladetForside.png","datePublished":"2024-01-13T23:54:00+00:00","author":{"@id":"https:\/\/www.jaermuseet.no\/garborgsenteret\/#\/schema\/person\/52c44fabae367c881e773d89b13f6a39"},"breadcrumb":{"@id":"https:\/\/www.jaermuseet.no\/garborgsenteret\/kvile-sans-facon\/#breadcrumb"},"inLanguage":"nn-NO","potentialAction":[{"@type":"ReadAction","target":["https:\/\/www.jaermuseet.no\/garborgsenteret\/kvile-sans-facon\/"]}]},{"@type":"ImageObject","inLanguage":"nn-NO","@id":"https:\/\/www.jaermuseet.no\/garborgsenteret\/kvile-sans-facon\/#primaryimage","url":"https:\/\/www.jaermuseet.no\/garborgsenteret\/wp-content\/uploads\/sites\/2\/2024\/01\/DagbladetForside.png","contentUrl":"https:\/\/www.jaermuseet.no\/garborgsenteret\/wp-content\/uploads\/sites\/2\/2024\/01\/DagbladetForside.png","width":810,"height":770},{"@type":"BreadcrumbList","@id":"https:\/\/www.jaermuseet.no\/garborgsenteret\/kvile-sans-facon\/#breadcrumb","itemListElement":[{"@type":"ListItem","position":1,"name":"Hjem","item":"https:\/\/www.jaermuseet.no\/garborgsenteret\/"},{"@type":"ListItem","position":2,"name":"Kvile sans fa\u00e7on"}]},{"@type":"WebSite","@id":"https:\/\/www.jaermuseet.no\/garborgsenteret\/#website","url":"https:\/\/www.jaermuseet.no\/garborgsenteret\/","name":"Garborgsenteret","description":"A national arena to promote the interest for authors Arne and Hulda Garborg","potentialAction":[{"@type":"SearchAction","target":{"@type":"EntryPoint","urlTemplate":"https:\/\/www.jaermuseet.no\/garborgsenteret\/?s={search_term_string}"},"query-input":{"@type":"PropertyValueSpecification","valueRequired":true,"valueName":"search_term_string"}}],"inLanguage":"nn-NO"},{"@type":"Person","@id":"https:\/\/www.jaermuseet.no\/garborgsenteret\/#\/schema\/person\/52c44fabae367c881e773d89b13f6a39","name":"\u00d8rjan Zazzera Johansen","image":{"@type":"ImageObject","inLanguage":"nn-NO","@id":"https:\/\/secure.gravatar.com\/avatar\/0b86a48618c6ca6592b74ea11c3de001ac75d3e294240f39e05a080f19386fb4?s=96&d=mm&r=g","url":"https:\/\/secure.gravatar.com\/avatar\/0b86a48618c6ca6592b74ea11c3de001ac75d3e294240f39e05a080f19386fb4?s=96&d=mm&r=g","contentUrl":"https:\/\/secure.gravatar.com\/avatar\/0b86a48618c6ca6592b74ea11c3de001ac75d3e294240f39e05a080f19386fb4?s=96&d=mm&r=g","caption":"\u00d8rjan Zazzera Johansen"},"url":"https:\/\/www.jaermuseet.no\/garborgsenteret\/author\/orjo\/"}]}},"cc_featured_image_caption":{"caption_text":"","source_text":"","source_url":""},"jetpack_featured_media_url":"https:\/\/www.jaermuseet.no\/garborgsenteret\/wp-content\/uploads\/sites\/2\/2024\/01\/DagbladetForside.png","jetpack_sharing_enabled":true,"_links":{"self":[{"href":"https:\/\/www.jaermuseet.no\/garborgsenteret\/wp-json\/wp\/v2\/posts\/13241","targetHints":{"allow":["GET"]}}],"collection":[{"href":"https:\/\/www.jaermuseet.no\/garborgsenteret\/wp-json\/wp\/v2\/posts"}],"about":[{"href":"https:\/\/www.jaermuseet.no\/garborgsenteret\/wp-json\/wp\/v2\/types\/post"}],"author":[{"embeddable":true,"href":"https:\/\/www.jaermuseet.no\/garborgsenteret\/wp-json\/wp\/v2\/users\/17"}],"replies":[{"embeddable":true,"href":"https:\/\/www.jaermuseet.no\/garborgsenteret\/wp-json\/wp\/v2\/comments?post=13241"}],"version-history":[{"count":14,"href":"https:\/\/www.jaermuseet.no\/garborgsenteret\/wp-json\/wp\/v2\/posts\/13241\/revisions"}],"predecessor-version":[{"id":13274,"href":"https:\/\/www.jaermuseet.no\/garborgsenteret\/wp-json\/wp\/v2\/posts\/13241\/revisions\/13274"}],"wp:featuredmedia":[{"embeddable":true,"href":"https:\/\/www.jaermuseet.no\/garborgsenteret\/wp-json\/wp\/v2\/media\/13246"}],"wp:attachment":[{"href":"https:\/\/www.jaermuseet.no\/garborgsenteret\/wp-json\/wp\/v2\/media?parent=13241"}],"wp:term":[{"taxonomy":"category","embeddable":true,"href":"https:\/\/www.jaermuseet.no\/garborgsenteret\/wp-json\/wp\/v2\/categories?post=13241"},{"taxonomy":"post_tag","embeddable":true,"href":"https:\/\/www.jaermuseet.no\/garborgsenteret\/wp-json\/wp\/v2\/tags?post=13241"}],"curies":[{"name":"wp","href":"https:\/\/api.w.org\/{rel}","templated":true}]}}