{"id":360,"date":"2024-06-26T12:55:03","date_gmt":"2024-06-26T10:55:03","guid":{"rendered":"https:\/\/www.jaermuseet.no\/garborgheimen\/?p=360"},"modified":"2024-08-20T19:35:45","modified_gmt":"2024-08-20T17:35:45","slug":"garborgdora","status":"publish","type":"post","link":"https:\/\/www.jaermuseet.no\/garborgheimen\/2024\/06\/26\/garborgdora\/","title":{"rendered":"Garborg-d\u00f8ra er heime att"},"content":{"rendered":"\n<p><strong>Ho vart redda ut av ein konteinar i 1976&nbsp;<\/strong><\/p>\n\n\n\n<p>Garborgheimen vart freda i 1939. Likevel har det blitt gjort endringar med huset opp gjennom historia. D\u00e5 diktarheimen opna som museum 25. januar 1951 i h\u00f8ve 100-\u00e5rsh\u00f8gtida for Arne Garborgs f\u00f8dsel, var over 3000 menneske til stades. Mange tusen bes\u00f8kande gjekk gjennom inngangsd\u00f8rene i ettertid. Dei h\u00f8ge bes\u00f8kstala f\u00f8rte til slitasje  p\u00e5 huset, og vedlikehald har vore n\u00f8dvendig i fleire omgangar.&nbsp;&nbsp;<\/p>\n\n\n\n<figure class=\"wp-block-image size-large\"><img loading=\"lazy\" decoding=\"async\" width=\"872\" height=\"1024\" src=\"https:\/\/www.jaermuseet.no\/garborgheimen\/wp-content\/uploads\/sites\/15\/2024\/06\/SnipImage-872x1024.jpg\" alt=\"\" class=\"wp-image-398\" srcset=\"https:\/\/www.jaermuseet.no\/garborgheimen\/wp-content\/uploads\/sites\/15\/2024\/06\/SnipImage-872x1024.jpg 872w, https:\/\/www.jaermuseet.no\/garborgheimen\/wp-content\/uploads\/sites\/15\/2024\/06\/SnipImage-256x300.jpg 256w, https:\/\/www.jaermuseet.no\/garborgheimen\/wp-content\/uploads\/sites\/15\/2024\/06\/SnipImage-170x200.jpg 170w, https:\/\/www.jaermuseet.no\/garborgheimen\/wp-content\/uploads\/sites\/15\/2024\/06\/SnipImage.jpg 944w\" sizes=\"auto, (max-width: 872px) 100vw, 872px\" \/><figcaption class=\"wp-element-caption\">Faksimile: J\u00e6rbladet.<\/figcaption><\/figure>\n\n\n\n<p>I 1976 l\u00f8yvde fylkeskommunen, Time kommune og Time m\u00e5llag midlar til eit omfattande restaureringsarbeid p\u00e5 Garborgheimen. Arbeidet vart gjort av det lokalet byggefirmaet Time Trevare. Av utvendig arbeid vart bordkledninga skifta ut, gamle vindauge vart fornya, og det vart lagt isolasjon mellom t\u00f8mmerveggen og bordkledninga. Allereie p\u00e5 1960-talet hadde den originale tj\u00f8rebreidde kledninga p\u00e5 baksida av huset vorte erstatta av kvitm\u00e5la st\u00e5ande kledning. Reier Time jr., som deltok i arbeidet i 1976, hugsa at ein var n\u00f8ye med \u00e5 bruka tidsrett dimensjon p\u00e5 kledningsbord og listverk.&nbsp; Men den st\u00e5ande kledningen p\u00e5 baksida av huset vart no skifta ut med liggjande, utan at han hugsa heilt kvifor det vart gjort.&nbsp;&nbsp;<\/p>\n\n\n\n<p>Skiftet av inngangsd\u00f8r var del av dette omfattande restaureringsarbeidet. Arbeidet med \u00e5 laga ny d\u00f8r til Garborgheimen vart gjort med stor flid. Ogs\u00e5 her vart arbeidet utf\u00f8rt s\u00e6rs n\u00f8ye av Time trevare. M\u00e5la p\u00e5 den nye d\u00f8ra var like p\u00e5 millimeteren som den gamle. Men kvar skulle ein gjera av denne? J\u00e6rbuen er ikkje kjend for \u00e5 spara p\u00e5 gammalt rask. D\u00f8ra hamna i konteinaren hj\u00e5 \u00abTrevaren\u00bb p\u00e5 Bryne. Den kulturinteresserte brynebuen Arne Aarsheim budde i nabolaget, og fekk dette med seg. Han synst det var for gale at d\u00f8ra skulle hivast, og bad om \u00e5 f\u00e5 ho.&nbsp;<\/p>\n\n\n\n<figure class=\"wp-block-gallery has-nested-images columns-default is-cropped wp-block-gallery-1 is-layout-flex wp-block-gallery-is-layout-flex\">\n<figure class=\"wp-block-image size-large\"><img loading=\"lazy\" decoding=\"async\" width=\"774\" height=\"1024\" data-id=\"388\" src=\"https:\/\/www.jaermuseet.no\/garborgheimen\/wp-content\/uploads\/sites\/15\/2024\/06\/MusikkRed2-774x1024.jpg\" alt=\"\" class=\"wp-image-388\" srcset=\"https:\/\/www.jaermuseet.no\/garborgheimen\/wp-content\/uploads\/sites\/15\/2024\/06\/MusikkRed2-774x1024.jpg 774w, https:\/\/www.jaermuseet.no\/garborgheimen\/wp-content\/uploads\/sites\/15\/2024\/06\/MusikkRed2-227x300.jpg 227w, https:\/\/www.jaermuseet.no\/garborgheimen\/wp-content\/uploads\/sites\/15\/2024\/06\/MusikkRed2-151x200.jpg 151w, https:\/\/www.jaermuseet.no\/garborgheimen\/wp-content\/uploads\/sites\/15\/2024\/06\/MusikkRed2-1161x1536.jpg 1161w, https:\/\/www.jaermuseet.no\/garborgheimen\/wp-content\/uploads\/sites\/15\/2024\/06\/MusikkRed2-1548x2048.jpg 1548w, https:\/\/www.jaermuseet.no\/garborgheimen\/wp-content\/uploads\/sites\/15\/2024\/06\/MusikkRed2-scaled.jpg 1934w\" sizes=\"auto, (max-width: 774px) 100vw, 774px\" \/><figcaption class=\"wp-element-caption\">Arne Aarsheim p\u00e5 fritidseigedomen p\u00e5 Sirev\u00e5g. Garborg-d\u00f8ra<br> i bakgrunnen. Foto: privat.<\/figcaption><\/figure>\n<\/figure>\n\n\n\n<p>Den gamle Garborg-d\u00f8ra fr\u00e5 1848 fekk eit nytt liv p\u00e5 fritidseigedomen til familien Aarsheim p\u00e5 Sirev\u00e5g. Ho fekk etter kvart eit str\u00f8k med bl\u00e5maling. Innsida vart ur\u00f8rt. Det vart sett opp lemmar p\u00e5 utsida av d\u00f8ra. Desse verna d\u00f8ra for vind og v\u00ear n\u00e5r familien reiste heim att til Bryne.&nbsp;<\/p>\n\n\n\n<p>I 2021 f\u00f8rte J\u00e6rmuseet kledninga p\u00e5 baksida av Garborgheimen tilbake til historisk korrekt utsj\u00e5nad att. Den liggande kvitmalte kledninga fr\u00e5 1976 vart erstatta med tj\u00f8rebreidd og st\u00e5ande hunkledning, som gamle bilde fr\u00e5 1920-talet viste. Det var vanleg \u00e5 nytta hun, det ytste, runde bordet skore av ein t\u00f8mmerstokk, p\u00e5 baksida av husa. &nbsp;<\/p>\n\n\n\n<figure class=\"wp-block-image size-large\"><img loading=\"lazy\" decoding=\"async\" width=\"1024\" height=\"693\" src=\"https:\/\/www.jaermuseet.no\/garborgheimen\/wp-content\/uploads\/sites\/15\/2024\/06\/Garborgheimen-fra-austsida-1920-talet-detalj-Foto-Martin-Garborg-1024x693.jpg\" alt=\"\" class=\"wp-image-396\" srcset=\"https:\/\/www.jaermuseet.no\/garborgheimen\/wp-content\/uploads\/sites\/15\/2024\/06\/Garborgheimen-fra-austsida-1920-talet-detalj-Foto-Martin-Garborg-1024x693.jpg 1024w, https:\/\/www.jaermuseet.no\/garborgheimen\/wp-content\/uploads\/sites\/15\/2024\/06\/Garborgheimen-fra-austsida-1920-talet-detalj-Foto-Martin-Garborg-300x203.jpg 300w, https:\/\/www.jaermuseet.no\/garborgheimen\/wp-content\/uploads\/sites\/15\/2024\/06\/Garborgheimen-fra-austsida-1920-talet-detalj-Foto-Martin-Garborg-200x135.jpg 200w, https:\/\/www.jaermuseet.no\/garborgheimen\/wp-content\/uploads\/sites\/15\/2024\/06\/Garborgheimen-fra-austsida-1920-talet-detalj-Foto-Martin-Garborg.jpg 1117w\" sizes=\"auto, (max-width: 1024px) 100vw, 1024px\" \/><\/figure>\n\n\n\n<p>D\u00e5 borna til Arne Aarsheim vart kjend med dette restaureringsarbeidet, ville dei gjerne gje d\u00f8ra tilbake slik at ho kunne f\u00e5 koma heim til Garborg att. Slik vart det. Den originale inngangsd\u00f8ra er no blitt del av den nyreviderte milj\u00f8utstillinga i 2. etasje i Garborgheimen.&nbsp;<\/p>\n\n\n\n<p><strong>Tretten lag med m\u00e5ling<\/strong><\/p>\n\n\n\n<figure class=\"wp-block-gallery has-nested-images columns-default is-cropped wp-block-gallery-2 is-layout-flex wp-block-gallery-is-layout-flex\">\n<figure class=\"wp-block-image size-large\"><img loading=\"lazy\" decoding=\"async\" width=\"768\" height=\"1024\" data-id=\"400\" src=\"https:\/\/www.jaermuseet.no\/garborgheimen\/wp-content\/uploads\/sites\/15\/2024\/06\/2585F9F3-1FD4-462A-B1F1-49393EC77EA6_1_201_a-768x1024.jpeg\" alt=\"\" class=\"wp-image-400\" srcset=\"https:\/\/www.jaermuseet.no\/garborgheimen\/wp-content\/uploads\/sites\/15\/2024\/06\/2585F9F3-1FD4-462A-B1F1-49393EC77EA6_1_201_a-768x1024.jpeg 768w, https:\/\/www.jaermuseet.no\/garborgheimen\/wp-content\/uploads\/sites\/15\/2024\/06\/2585F9F3-1FD4-462A-B1F1-49393EC77EA6_1_201_a-225x300.jpeg 225w, https:\/\/www.jaermuseet.no\/garborgheimen\/wp-content\/uploads\/sites\/15\/2024\/06\/2585F9F3-1FD4-462A-B1F1-49393EC77EA6_1_201_a-150x200.jpeg 150w, https:\/\/www.jaermuseet.no\/garborgheimen\/wp-content\/uploads\/sites\/15\/2024\/06\/2585F9F3-1FD4-462A-B1F1-49393EC77EA6_1_201_a-1152x1536.jpeg 1152w, https:\/\/www.jaermuseet.no\/garborgheimen\/wp-content\/uploads\/sites\/15\/2024\/06\/2585F9F3-1FD4-462A-B1F1-49393EC77EA6_1_201_a-1536x2048.jpeg 1536w, https:\/\/www.jaermuseet.no\/garborgheimen\/wp-content\/uploads\/sites\/15\/2024\/06\/2585F9F3-1FD4-462A-B1F1-49393EC77EA6_1_201_a-scaled.jpeg 1920w\" sizes=\"auto, (max-width: 768px) 100vw, 768px\" \/><figcaption class=\"wp-element-caption\">Foto: Sahra Campbell.<\/figcaption><\/figure>\n<\/figure>\n\n\n\n<p>D\u00e5 konservatorane i J\u00e6rmuseet overtok d\u00f8ra, vart b\u00e5de treverk og metall reinska p\u00e5 forsiktig vis. I samband med konserveringa av d\u00f8ra \u00f8nskte dei \u00e5 finna ut kva farge d\u00f8ra hadde hatt opprinneleg. Var ho gr\u00f8n, slik ein trudde?&nbsp;<\/p>\n\n\n\n<p>Ved \u00e5 studera ein liten bit av malingslaget under mikroskopet, s\u00e5g konservator Sahra Campbell tretten ulike lag med m\u00e5ling. D\u00f8ra har vore m\u00e5la i ulike fargar opp igjennom \u00e5ra, og har vore b\u00e5de einsfarga og tofarga. Det inste laget viste seg \u00e5 vera okergult, med eit tynt lag med brun linoljem\u00e5ling. Denne teknikken vert kalla \u00e5dring, ein m\u00e5te \u00e5 imitera strukturen i treverket p\u00e5. P\u00e5 denne m\u00e5ten kunne ein f\u00e5 billig tre til \u00e5 sj\u00e5 ut som eit meir eksklusivt treverk. Det var vanleg \u00e5 bruka meir ressursar p\u00e5 dei delane av huset som var synleg for gjester, til d\u00f8mes inngangspartiet, gangen og bua, som bestestova i eit j\u00e6rhus heiter.\u00a0\u00a0<\/p>\n\n\n\n<figure class=\"wp-block-gallery has-nested-images columns-default is-cropped wp-block-gallery-3 is-layout-flex wp-block-gallery-is-layout-flex\">\n<figure class=\"wp-block-image size-large\"><img loading=\"lazy\" decoding=\"async\" width=\"602\" height=\"780\" data-id=\"395\" src=\"https:\/\/www.jaermuseet.no\/garborgheimen\/wp-content\/uploads\/sites\/15\/2024\/06\/DorRustraud.png\" alt=\"\" class=\"wp-image-395\" srcset=\"https:\/\/www.jaermuseet.no\/garborgheimen\/wp-content\/uploads\/sites\/15\/2024\/06\/DorRustraud.png 602w, https:\/\/www.jaermuseet.no\/garborgheimen\/wp-content\/uploads\/sites\/15\/2024\/06\/DorRustraud-232x300.png 232w, https:\/\/www.jaermuseet.no\/garborgheimen\/wp-content\/uploads\/sites\/15\/2024\/06\/DorRustraud-154x200.png 154w\" sizes=\"auto, (max-width: 602px) 100vw, 602px\" \/><\/figure>\n\n\n\n<figure class=\"wp-block-image size-large\"><img loading=\"lazy\" decoding=\"async\" width=\"602\" height=\"780\" data-id=\"390\" src=\"https:\/\/www.jaermuseet.no\/garborgheimen\/wp-content\/uploads\/sites\/15\/2024\/06\/BorGronbeige.png\" alt=\"\" class=\"wp-image-390\" srcset=\"https:\/\/www.jaermuseet.no\/garborgheimen\/wp-content\/uploads\/sites\/15\/2024\/06\/BorGronbeige.png 602w, https:\/\/www.jaermuseet.no\/garborgheimen\/wp-content\/uploads\/sites\/15\/2024\/06\/BorGronbeige-232x300.png 232w, https:\/\/www.jaermuseet.no\/garborgheimen\/wp-content\/uploads\/sites\/15\/2024\/06\/BorGronbeige-154x200.png 154w\" sizes=\"auto, (max-width: 602px) 100vw, 602px\" \/><\/figure>\n\n\n\n<figure class=\"wp-block-image size-large\"><img loading=\"lazy\" decoding=\"async\" width=\"600\" height=\"774\" data-id=\"391\" src=\"https:\/\/www.jaermuseet.no\/garborgheimen\/wp-content\/uploads\/sites\/15\/2024\/06\/DorBrunbrun.png\" alt=\"\" class=\"wp-image-391\" srcset=\"https:\/\/www.jaermuseet.no\/garborgheimen\/wp-content\/uploads\/sites\/15\/2024\/06\/DorBrunbrun.png 600w, https:\/\/www.jaermuseet.no\/garborgheimen\/wp-content\/uploads\/sites\/15\/2024\/06\/DorBrunbrun-233x300.png 233w, https:\/\/www.jaermuseet.no\/garborgheimen\/wp-content\/uploads\/sites\/15\/2024\/06\/DorBrunbrun-155x200.png 155w\" sizes=\"auto, (max-width: 600px) 100vw, 600px\" \/><\/figure>\n\n\n\n<figure class=\"wp-block-image size-large\"><img loading=\"lazy\" decoding=\"async\" width=\"602\" height=\"780\" data-id=\"392\" src=\"https:\/\/www.jaermuseet.no\/garborgheimen\/wp-content\/uploads\/sites\/15\/2024\/06\/DorGronEggekvit.png\" alt=\"\" class=\"wp-image-392\" srcset=\"https:\/\/www.jaermuseet.no\/garborgheimen\/wp-content\/uploads\/sites\/15\/2024\/06\/DorGronEggekvit.png 602w, https:\/\/www.jaermuseet.no\/garborgheimen\/wp-content\/uploads\/sites\/15\/2024\/06\/DorGronEggekvit-232x300.png 232w, https:\/\/www.jaermuseet.no\/garborgheimen\/wp-content\/uploads\/sites\/15\/2024\/06\/DorGronEggekvit-154x200.png 154w\" sizes=\"auto, (max-width: 602px) 100vw, 602px\" \/><\/figure>\n\n\n\n<figure class=\"wp-block-image size-large\"><img loading=\"lazy\" decoding=\"async\" width=\"602\" height=\"780\" data-id=\"393\" src=\"https:\/\/www.jaermuseet.no\/garborgheimen\/wp-content\/uploads\/sites\/15\/2024\/06\/DorBrunbeige.png\" alt=\"\" class=\"wp-image-393\" srcset=\"https:\/\/www.jaermuseet.no\/garborgheimen\/wp-content\/uploads\/sites\/15\/2024\/06\/DorBrunbeige.png 602w, https:\/\/www.jaermuseet.no\/garborgheimen\/wp-content\/uploads\/sites\/15\/2024\/06\/DorBrunbeige-232x300.png 232w, https:\/\/www.jaermuseet.no\/garborgheimen\/wp-content\/uploads\/sites\/15\/2024\/06\/DorBrunbeige-154x200.png 154w\" sizes=\"auto, (max-width: 602px) 100vw, 602px\" \/><\/figure>\n\n\n\n<figure class=\"wp-block-image size-large\"><img loading=\"lazy\" decoding=\"async\" width=\"600\" height=\"773\" data-id=\"394\" src=\"https:\/\/www.jaermuseet.no\/garborgheimen\/wp-content\/uploads\/sites\/15\/2024\/06\/DorGron.png\" alt=\"\" class=\"wp-image-394\" srcset=\"https:\/\/www.jaermuseet.no\/garborgheimen\/wp-content\/uploads\/sites\/15\/2024\/06\/DorGron.png 600w, https:\/\/www.jaermuseet.no\/garborgheimen\/wp-content\/uploads\/sites\/15\/2024\/06\/DorGron-233x300.png 233w, https:\/\/www.jaermuseet.no\/garborgheimen\/wp-content\/uploads\/sites\/15\/2024\/06\/DorGron-155x200.png 155w\" sizes=\"auto, (max-width: 600px) 100vw, 600px\" \/><figcaption class=\"wp-element-caption\">M\u00e5lingslaga opp gjennom \u00e5ra, slik konservatoren ser f\u00f8re seg.<\/figcaption><\/figure>\n<\/figure>\n\n\n\n<p>Noverande inngangsd\u00f8r i Garborgheimen er blitt m\u00e5la med den opprinnelege okergule fargen konservatoren fann p\u00e5 d\u00f8ra. Over det okergule m\u00e5lingslaget er d\u00f8ra \u00e5dra med tynn brun linoljem\u00e5ling.&nbsp;&nbsp;<\/p>\n\n\n\n<figure class=\"wp-block-gallery has-nested-images columns-default is-cropped wp-block-gallery-4 is-layout-flex wp-block-gallery-is-layout-flex\">\n<figure class=\"wp-block-image size-large\"><img loading=\"lazy\" decoding=\"async\" width=\"601\" height=\"779\" data-id=\"389\" src=\"https:\/\/www.jaermuseet.no\/garborgheimen\/wp-content\/uploads\/sites\/15\/2024\/06\/DorAdra.png\" alt=\"\" class=\"wp-image-389\" srcset=\"https:\/\/www.jaermuseet.no\/garborgheimen\/wp-content\/uploads\/sites\/15\/2024\/06\/DorAdra.png 601w, https:\/\/www.jaermuseet.no\/garborgheimen\/wp-content\/uploads\/sites\/15\/2024\/06\/DorAdra-231x300.png 231w, https:\/\/www.jaermuseet.no\/garborgheimen\/wp-content\/uploads\/sites\/15\/2024\/06\/DorAdra-154x200.png 154w\" sizes=\"auto, (max-width: 601px) 100vw, 601px\" \/><figcaption class=\"wp-element-caption\">D\u00f8ra slik ho s\u00e5g ut d\u00e5 ho var ny 1848.<\/figcaption><\/figure>\n\n\n\n<figure class=\"wp-block-image size-large\"><img loading=\"lazy\" decoding=\"async\" width=\"830\" height=\"1024\" data-id=\"414\" src=\"https:\/\/www.jaermuseet.no\/garborgheimen\/wp-content\/uploads\/sites\/15\/2024\/06\/Nydora-830x1024.jpg\" alt=\"\" class=\"wp-image-414\" srcset=\"https:\/\/www.jaermuseet.no\/garborgheimen\/wp-content\/uploads\/sites\/15\/2024\/06\/Nydora-830x1024.jpg 830w, https:\/\/www.jaermuseet.no\/garborgheimen\/wp-content\/uploads\/sites\/15\/2024\/06\/Nydora-243x300.jpg 243w, https:\/\/www.jaermuseet.no\/garborgheimen\/wp-content\/uploads\/sites\/15\/2024\/06\/Nydora-162x200.jpg 162w, https:\/\/www.jaermuseet.no\/garborgheimen\/wp-content\/uploads\/sites\/15\/2024\/06\/Nydora-1245x1536.jpg 1245w, https:\/\/www.jaermuseet.no\/garborgheimen\/wp-content\/uploads\/sites\/15\/2024\/06\/Nydora-1660x2048.jpg 1660w\" sizes=\"auto, (max-width: 830px) 100vw, 830px\" \/><figcaption class=\"wp-element-caption\">Den nye inngangsd\u00f8ra er m\u00e5la i same farge, og med \u00e5dring, for \u00e5 likna p\u00e5 originalen.<\/figcaption><\/figure>\n<\/figure>\n\n\n\n<details class=\"wp-block-stackable-accordion stk-block-accordion stk-inner-blocks stk-block-content stk-block stk-01425c0 is-style-default\" data-block-id=\"01425c0\">\n<summary class=\"wp-block-stackable-column stk-block-column stk-column stk-block stk-5aa99f6 stk--container-small stk-block-accordion__heading\" data-v=\"4\" data-block-id=\"5aa99f6\"><div class=\"stk-column-wrapper stk-block-column__content stk-container stk-5aa99f6-container stk-hover-parent\"><div class=\"stk-block-content stk-inner-blocks stk-5aa99f6-inner-blocks\">\n<div class=\"wp-block-stackable-icon-label stk-block-icon-label stk-block stk-722d872\" data-block-id=\"722d872\"><div class=\"stk-row stk-inner-blocks stk-block-content\">\n<div class=\"wp-block-stackable-heading stk-block-heading stk-block-heading--v2 stk-block stk-47db234\" id=\"sja-konservator-sahra-campbell-i-arbeid\" data-block-id=\"47db234\"><h4 class=\"stk-block-heading__text\">Sj\u00e5 konservator Sahra Campbell i arbeid<\/h4><\/div>\n\n\n\n<div class=\"wp-block-stackable-icon stk-block-icon stk-block stk-65aa3da\" data-block-id=\"65aa3da\"><span class=\"stk--svg-wrapper\"><div class=\"stk--inner-svg\"><svg style=\"height:0;width:0\"><defs><linearGradient id=\"linear-gradient-65aa3da\" x1=\"0\" x2=\"100%\" y1=\"0\" y2=\"0\"><stop offset=\"0%\" style=\"stop-opacity:1;stop-color:var(--linear-gradient-65-aa-3-da-color-1)\"><\/stop><stop offset=\"100%\" style=\"stop-opacity:1;stop-color:var(--linear-gradient-65-aa-3-da-color-2)\"><\/stop><\/linearGradient><\/defs><\/svg><svg data-prefix=\"fas\" data-icon=\"chevron-down\" class=\"svg-inline--fa fa-chevron-down fa-w-14\" xmlns=\"http:\/\/www.w3.org\/2000\/svg\" viewBox=\"0 0 448 512\" aria-hidden=\"true\" width=\"32\" height=\"32\"><path fill=\"currentColor\" d=\"M207.029 381.476L12.686 187.132c-9.373-9.373-9.373-24.569 0-33.941l22.667-22.667c9.357-9.357 24.522-9.375 33.901-.04L224 284.505l154.745-154.021c9.379-9.335 24.544-9.317 33.901.04l22.667 22.667c9.373 9.373 9.373 24.569 0 33.941L240.971 381.476c-9.373 9.372-24.569 9.372-33.942 0z\"><\/path><\/svg><\/div><\/span><\/div>\n<\/div><\/div>\n<\/div><\/div><\/summary>\n\n\n\n<div class=\"wp-block-stackable-column stk-block-column stk-column stk-block stk-712618a stk-block-accordion__content\" data-v=\"4\" data-block-id=\"712618a\"><div class=\"stk-column-wrapper stk-block-column__content stk-container stk-712618a-container stk--no-background stk--no-padding\"><div class=\"stk-block-content stk-inner-blocks stk-712618a-inner-blocks\">\n<div class=\"wp-block-stackable-text stk-block-text stk-block stk-38a07de\" data-block-id=\"38a07de\"><p class=\"stk-block-text__text\"><\/p><\/div>\n\n\n\n<figure class=\"wp-block-embed is-type-video is-provider-youtube wp-block-embed-youtube wp-embed-aspect-16-9 wp-has-aspect-ratio\"><div class=\"wp-block-embed__wrapper\">\n<div class=\"iframe-wrapper-youtube\"><iframe title=\"Konservator Sarah Campbell om den gamle Garborg-d\u00f8ra\" src=\"https:\/\/www.youtube.com\/embed\/DpYDCDfXbEM?feature=oembed\" frameborder=\"0\" allow=\"accelerometer; autoplay; clipboard-write; encrypted-media; gyroscope; picture-in-picture; web-share\" referrerpolicy=\"strict-origin-when-cross-origin\" allowfullscreen><\/iframe><\/div>\n<\/div><\/figure>\n<\/div><\/div><\/div>\n<\/details>\n\n\n\n<p><strong>L\u00e5sen p\u00e5 d\u00f8ra<\/strong><\/p>\n\n\n\n<figure class=\"wp-block-image size-large\"><img loading=\"lazy\" decoding=\"async\" width=\"1024\" height=\"927\" src=\"https:\/\/www.jaermuseet.no\/garborgheimen\/wp-content\/uploads\/sites\/15\/2024\/06\/Handtaket-1024x927.jpg\" alt=\"\" class=\"wp-image-382\" srcset=\"https:\/\/www.jaermuseet.no\/garborgheimen\/wp-content\/uploads\/sites\/15\/2024\/06\/Handtaket-1024x927.jpg 1024w, https:\/\/www.jaermuseet.no\/garborgheimen\/wp-content\/uploads\/sites\/15\/2024\/06\/Handtaket-300x272.jpg 300w, https:\/\/www.jaermuseet.no\/garborgheimen\/wp-content\/uploads\/sites\/15\/2024\/06\/Handtaket-200x181.jpg 200w, https:\/\/www.jaermuseet.no\/garborgheimen\/wp-content\/uploads\/sites\/15\/2024\/06\/Handtaket-1536x1391.jpg 1536w, https:\/\/www.jaermuseet.no\/garborgheimen\/wp-content\/uploads\/sites\/15\/2024\/06\/Handtaket-2048x1854.jpg 2048w\" sizes=\"auto, (max-width: 1024px) 100vw, 1024px\" \/><\/figure>\n\n\n\n<p>D\u00f8rl\u00e5sen p\u00e5 originald\u00f8ra er smidd i jern. D\u00f8rklinka er ein finurleg kombinasjon av handtak og n\u00f8kkel i eitt. Over n\u00f8kkelholet er det gravert inn AG. Garborgsenteret sine tilsette lurte p\u00e5 kvifor. Var l\u00e5sen laga til Aadne Garborg, farfaren til Arne Garborg? Aadne Olavson Garborg var enkemann og flytte inn i stovekammerset p\u00e5 Garborgheimen d\u00e5 huset stod ferdig i 1848, saman med sin nygifte son&nbsp;og svigerdotter som tre \u00e5r seinare fekk odelsguten Aadne Eivindson. Naboen T\u00f8nnes Svendson Garborg var bonde og smed, og ein god venn av Garborg-familien. Var det han som hadde laga l\u00e5sen?&nbsp;&nbsp;<\/p>\n\n\n\n<p>Sverre Reiten,  n\u00e6raste nabo til Garborgheimen, hugsar godt at det kom tilreisande til garden deira d\u00e5 han var gut. Familien l\u00e5nte ut n\u00f8kkelen til Garborgheimen til tilreisande som kom utanom museet sine opningstider. Denne s\u00e5g ut som ein ordin\u00e6r n\u00f8kkel i jern. Sverre meiner \u00e5 hugsa at den finurlege handtak-n\u00f8kkelen vart laga av Torkell Ommundsen Norheim, m\u00e5llagsmann og&nbsp; medlem av tilsynsnemnda i Garborgheimen og Knudaheio. &nbsp;<\/p>\n\n\n\n<p>Torkell Norheim (1909-1999) var ein sann Garborg-venn og bonde. Noko av det gildaste han visste, var \u00e5 smi. Torkell var av \u201csmedablod\u201d b\u00e5de p\u00e5 fars- og morssida, fortel s\u00f8nene hans, Tore og Aasmund Norheim. Heime p\u00e5 Norheim-garden er det ei gammal esse, som var i bruk brukte titt og ofte. Morfaren til Torkell var <a href=\"https:\/\/nbl.snl.no\/O.G._Kverneland\" target=\"_blank\" rel=\"noreferrer noopener\">O. G. Kverneland<\/a>, grunnleggjaren av Kvernelands Fabrikk, der Torkell brukte mykje tid som gut om somrane. Han f\u00f8rte vidare smiekunsten nedervd gjennom generasjonar p\u00e5 J\u00e6ren.&nbsp;Og fekk han skapa noko i Garborgs teneste, gjorde han det med heile si sjel. Torkell var mannen som teikna den flotte porten inn til Knudaheio. Porten som kom p\u00e5 plass i 1958, har dekoren symboliserer Arne Garborg sitt liv . Denne kan ein lesa meir om i Time historielag si \u00e5rbok. &nbsp;<\/p>\n\n\n\n<p>Det er mogleg at l\u00e5sbeslaget med AG inngravert i p\u00e5 den gamle Garborgheimen-d\u00f8ra vart laga d\u00e5 huset vart museum i 1951. Kven som har laga det, veit me ikkje. N\u00f8kkelen som st\u00e5r i d\u00f8ra i utstillinga p\u00e5 Garborgheimen, er smidd i smia Audamotland-garden p\u00e5 N\u00e6rb\u00f8 i 2023 av smed Christian Bjotveit.&nbsp; Den originale n\u00f8kkelen Torkell Norheim laga er bevart hj\u00e5 J\u00e6rmuseet, som del av Garborgheimen si museumshistorie.&nbsp;&nbsp;&nbsp;<\/p>\n\n\n\n<details class=\"wp-block-stackable-accordion stk-block-accordion stk-inner-blocks stk-block-content stk-block stk-7d80b8e is-style-default\" data-block-id=\"7d80b8e\">\n<summary class=\"wp-block-stackable-column stk-block-column stk-column stk-block stk-1820ca4 stk--container-small stk-block-accordion__heading\" data-v=\"4\" data-block-id=\"1820ca4\"><div class=\"stk-column-wrapper stk-block-column__content stk-container stk-1820ca4-container stk-hover-parent\"><div class=\"stk-block-content stk-inner-blocks stk-1820ca4-inner-blocks\">\n<div class=\"wp-block-stackable-icon-label stk-block-icon-label stk-block stk-3cc0734\" data-block-id=\"3cc0734\"><div class=\"stk-row stk-inner-blocks stk-block-content\">\n<div class=\"wp-block-stackable-heading stk-block-heading stk-block-heading--v2 stk-block stk-485dfc3\" id=\"sja-smed-christian-bjotveit-i-arbeid\" data-block-id=\"485dfc3\"><h4 class=\"stk-block-heading__text\">Sj\u00e5 smed Christian Bjotveit i arbeid<\/h4><\/div>\n\n\n\n<div class=\"wp-block-stackable-icon stk-block-icon stk-block stk-1ed9bca\" data-block-id=\"1ed9bca\"><span class=\"stk--svg-wrapper\"><div class=\"stk--inner-svg\"><svg style=\"height:0;width:0\"><defs><linearGradient id=\"linear-gradient-1ed9bca\" x1=\"0\" x2=\"100%\" y1=\"0\" y2=\"0\"><stop offset=\"0%\" style=\"stop-opacity:1;stop-color:var(--linear-gradient-1-ed-9-bca-color-1)\"><\/stop><stop offset=\"100%\" style=\"stop-opacity:1;stop-color:var(--linear-gradient-1-ed-9-bca-color-2)\"><\/stop><\/linearGradient><\/defs><\/svg><svg data-prefix=\"fas\" data-icon=\"chevron-down\" class=\"svg-inline--fa fa-chevron-down fa-w-14\" xmlns=\"http:\/\/www.w3.org\/2000\/svg\" viewBox=\"0 0 448 512\" aria-hidden=\"true\" width=\"32\" height=\"32\"><path fill=\"currentColor\" d=\"M207.029 381.476L12.686 187.132c-9.373-9.373-9.373-24.569 0-33.941l22.667-22.667c9.357-9.357 24.522-9.375 33.901-.04L224 284.505l154.745-154.021c9.379-9.335 24.544-9.317 33.901.04l22.667 22.667c9.373 9.373 9.373 24.569 0 33.941L240.971 381.476c-9.373 9.372-24.569 9.372-33.942 0z\"><\/path><\/svg><\/div><\/span><\/div>\n<\/div><\/div>\n<\/div><\/div><\/summary>\n\n\n\n<div class=\"wp-block-stackable-column stk-block-column stk-column stk-block stk-d89b8d1 stk-block-accordion__content\" data-v=\"4\" data-block-id=\"d89b8d1\"><div class=\"stk-column-wrapper stk-block-column__content stk-container stk-d89b8d1-container stk--no-background stk--no-padding\"><div class=\"stk-block-content stk-inner-blocks stk-d89b8d1-inner-blocks\">\n<figure class=\"wp-block-embed is-type-video is-provider-youtube wp-block-embed-youtube wp-embed-aspect-16-9 wp-has-aspect-ratio\"><div class=\"wp-block-embed__wrapper\">\n<div class=\"iframe-wrapper-youtube\"><iframe title=\"Smed Christian Bjotveit om den gamle Garborg-d\u00f8ra\" src=\"https:\/\/www.youtube.com\/embed\/HGphsh8g0yw?feature=oembed\" frameborder=\"0\" allow=\"accelerometer; autoplay; clipboard-write; encrypted-media; gyroscope; picture-in-picture; web-share\" referrerpolicy=\"strict-origin-when-cross-origin\" allowfullscreen><\/iframe><\/div>\n<\/div><\/figure>\n\n\n\n<p class=\"has-text-align-left\">&nbsp;<\/p>\n\n\n\n<p class=\"has-text-align-left\"><\/p>\n<\/div><\/div><\/div>\n<\/details>\n\n\n\n<p>Kjelder:&nbsp;&nbsp;<\/p>\n\n\n\n<p><a href=\"https:\/\/www.nb.no\/items\/b28fbdc58815ea89a718d8d2adb71bae?page=1\" target=\"_blank\" rel=\"noreferrer noopener\">Restaurering av Garborgheimen. J\u00e6rbladet 14.02.1950<\/a>&nbsp;<\/p>\n\n\n\n<p>Reparert i strid med fredinga. Stavanger Aftenblad 20.03.2000&nbsp;<\/p>\n\n\n\n<p>Det er delte meiningar om jobben me gjer. J\u00e6rbladet 17.09.2021&nbsp;<\/p>\n\n\n\n<p>No er det p\u00e5 tide at ho kjem fram i lyset. J\u00e6rbladet 27.10.2023&nbsp;&nbsp;<\/p>\n\n\n\n<p><a href=\"https:\/\/www.nb.no\/items\/7f16f807f1935517c7e7961381c3cd7f?page=0\" target=\"_blank\" rel=\"noreferrer noopener\">Ola Nordsletten m.fl.: Fr\u00e5 Garborg til Knudaheio, Time M\u00e5llag 1984<\/a>&nbsp;&nbsp;<\/p>\n\n\n\n<p><a href=\"https:\/\/www.nb.no\/items\/bbe44a133c4450f7321efee0ebbebd7b?page=0\" target=\"_blank\" rel=\"noreferrer noopener\">Sigbj\u00f8rn Reime: Om Garborgheimen, Time kommune 2003<\/a>&nbsp;<\/p>\n\n\n\n<p>Herborg Kverneland: Porten i Knudaheio, Time historielag si \u00e5rbok 2013 &nbsp;<\/p>\n\n\n\n<p>Samtale med Sverre Reiten 26.06.24&nbsp;<\/p>\n\n\n\n<p>Samtale med Tore Norheim 26.-27.06.24&nbsp;<\/p>\n\n\n\n<p>Samtale med Aasmund Norheim 27.06.24&nbsp;<\/p>\n","protected":false},"excerpt":{"rendered":"<p>Ho vart redda ut av ein konteinar i 1976&nbsp; Garborgheimen&#8230;<\/p>\n","protected":false},"author":30,"featured_media":383,"comment_status":"closed","ping_status":"closed","sticky":false,"template":"","format":"standard","meta":{"_acf_changed":false,"_jetpack_memberships_contains_paid_content":false,"footnotes":""},"categories":[4],"tags":[],"class_list":["post-360","post","type-post","status-publish","format-standard","has-post-thumbnail","hentry","category-aktuelt","featured-image-size-large"],"acf":[],"yoast_head":"<!-- This site is optimized with the Yoast SEO plugin v27.4 - https:\/\/yoast.com\/product\/yoast-seo-wordpress\/ -->\n<title>Garborg-d\u00f8ra er heime att - Garborgheimen<\/title>\n<meta name=\"robots\" content=\"index, follow, max-snippet:-1, max-image-preview:large, max-video-preview:-1\" \/>\n<link rel=\"canonical\" href=\"https:\/\/www.jaermuseet.no\/garborgheimen\/2024\/06\/26\/garborgdora\/\" \/>\n<meta property=\"og:locale\" content=\"nn_NO\" \/>\n<meta property=\"og:type\" content=\"article\" \/>\n<meta property=\"og:title\" content=\"Garborg-d\u00f8ra er heime att - Garborgheimen\" \/>\n<meta property=\"og:description\" content=\"Ho vart redda ut av ein konteinar i 1976&nbsp; Garborgheimen...\" \/>\n<meta property=\"og:url\" content=\"https:\/\/www.jaermuseet.no\/garborgheimen\/2024\/06\/26\/garborgdora\/\" \/>\n<meta property=\"og:site_name\" content=\"Garborgheimen\" \/>\n<meta property=\"article:published_time\" content=\"2024-06-26T10:55:03+00:00\" \/>\n<meta property=\"article:modified_time\" content=\"2024-08-20T17:35:45+00:00\" \/>\n<meta property=\"og:image\" content=\"https:\/\/www.jaermuseet.no\/garborgheimen\/wp-content\/uploads\/sites\/15\/2024\/06\/DoraCut.jpg\" \/>\n\t<meta property=\"og:image:width\" content=\"1845\" \/>\n\t<meta property=\"og:image:height\" content=\"1559\" \/>\n\t<meta property=\"og:image:type\" content=\"image\/jpeg\" \/>\n<meta name=\"author\" content=\"Inger Undheim\" \/>\n<meta name=\"twitter:card\" content=\"summary_large_image\" \/>\n<meta name=\"twitter:label1\" content=\"Written by\" \/>\n\t<meta name=\"twitter:data1\" content=\"Inger Undheim\" \/>\n\t<meta name=\"twitter:label2\" content=\"Est. reading time\" \/>\n\t<meta name=\"twitter:data2\" content=\"9 minutt\" \/>\n<script type=\"application\/ld+json\" class=\"yoast-schema-graph\">{\"@context\":\"https:\\\/\\\/schema.org\",\"@graph\":[{\"@type\":\"Article\",\"@id\":\"https:\\\/\\\/www.jaermuseet.no\\\/garborgheimen\\\/2024\\\/06\\\/26\\\/garborgdora\\\/#article\",\"isPartOf\":{\"@id\":\"https:\\\/\\\/www.jaermuseet.no\\\/garborgheimen\\\/2024\\\/06\\\/26\\\/garborgdora\\\/\"},\"author\":{\"name\":\"Inger Undheim\",\"@id\":\"https:\\\/\\\/www.jaermuseet.no\\\/garborgheimen\\\/#\\\/schema\\\/person\\\/188d1441bade2c83f534feca847de293\"},\"headline\":\"Garborg-d\u00f8ra er heime att\",\"datePublished\":\"2024-06-26T10:55:03+00:00\",\"dateModified\":\"2024-08-20T17:35:45+00:00\",\"mainEntityOfPage\":{\"@id\":\"https:\\\/\\\/www.jaermuseet.no\\\/garborgheimen\\\/2024\\\/06\\\/26\\\/garborgdora\\\/\"},\"wordCount\":1235,\"image\":{\"@id\":\"https:\\\/\\\/www.jaermuseet.no\\\/garborgheimen\\\/2024\\\/06\\\/26\\\/garborgdora\\\/#primaryimage\"},\"thumbnailUrl\":\"https:\\\/\\\/www.jaermuseet.no\\\/garborgheimen\\\/wp-content\\\/uploads\\\/sites\\\/15\\\/2024\\\/06\\\/DoraCut.jpg\",\"articleSection\":[\"Aktuelt\"],\"inLanguage\":\"nn-NO\"},{\"@type\":\"WebPage\",\"@id\":\"https:\\\/\\\/www.jaermuseet.no\\\/garborgheimen\\\/2024\\\/06\\\/26\\\/garborgdora\\\/\",\"url\":\"https:\\\/\\\/www.jaermuseet.no\\\/garborgheimen\\\/2024\\\/06\\\/26\\\/garborgdora\\\/\",\"name\":\"Garborg-d\u00f8ra er heime att - Garborgheimen\",\"isPartOf\":{\"@id\":\"https:\\\/\\\/www.jaermuseet.no\\\/garborgheimen\\\/#website\"},\"primaryImageOfPage\":{\"@id\":\"https:\\\/\\\/www.jaermuseet.no\\\/garborgheimen\\\/2024\\\/06\\\/26\\\/garborgdora\\\/#primaryimage\"},\"image\":{\"@id\":\"https:\\\/\\\/www.jaermuseet.no\\\/garborgheimen\\\/2024\\\/06\\\/26\\\/garborgdora\\\/#primaryimage\"},\"thumbnailUrl\":\"https:\\\/\\\/www.jaermuseet.no\\\/garborgheimen\\\/wp-content\\\/uploads\\\/sites\\\/15\\\/2024\\\/06\\\/DoraCut.jpg\",\"datePublished\":\"2024-06-26T10:55:03+00:00\",\"dateModified\":\"2024-08-20T17:35:45+00:00\",\"author\":{\"@id\":\"https:\\\/\\\/www.jaermuseet.no\\\/garborgheimen\\\/#\\\/schema\\\/person\\\/188d1441bade2c83f534feca847de293\"},\"breadcrumb\":{\"@id\":\"https:\\\/\\\/www.jaermuseet.no\\\/garborgheimen\\\/2024\\\/06\\\/26\\\/garborgdora\\\/#breadcrumb\"},\"inLanguage\":\"nn-NO\",\"potentialAction\":[{\"@type\":\"ReadAction\",\"target\":[\"https:\\\/\\\/www.jaermuseet.no\\\/garborgheimen\\\/2024\\\/06\\\/26\\\/garborgdora\\\/\"]}]},{\"@type\":\"ImageObject\",\"inLanguage\":\"nn-NO\",\"@id\":\"https:\\\/\\\/www.jaermuseet.no\\\/garborgheimen\\\/2024\\\/06\\\/26\\\/garborgdora\\\/#primaryimage\",\"url\":\"https:\\\/\\\/www.jaermuseet.no\\\/garborgheimen\\\/wp-content\\\/uploads\\\/sites\\\/15\\\/2024\\\/06\\\/DoraCut.jpg\",\"contentUrl\":\"https:\\\/\\\/www.jaermuseet.no\\\/garborgheimen\\\/wp-content\\\/uploads\\\/sites\\\/15\\\/2024\\\/06\\\/DoraCut.jpg\",\"width\":1845,\"height\":1559},{\"@type\":\"BreadcrumbList\",\"@id\":\"https:\\\/\\\/www.jaermuseet.no\\\/garborgheimen\\\/2024\\\/06\\\/26\\\/garborgdora\\\/#breadcrumb\",\"itemListElement\":[{\"@type\":\"ListItem\",\"position\":1,\"name\":\"Hjem\",\"item\":\"https:\\\/\\\/www.jaermuseet.no\\\/garborgheimen\\\/\"},{\"@type\":\"ListItem\",\"position\":2,\"name\":\"Garborg-d\u00f8ra er heime att\"}]},{\"@type\":\"WebSite\",\"@id\":\"https:\\\/\\\/www.jaermuseet.no\\\/garborgheimen\\\/#website\",\"url\":\"https:\\\/\\\/www.jaermuseet.no\\\/garborgheimen\\\/\",\"name\":\"Garborgheimen\",\"description\":\"Arne Garborg sin barndomsheim\",\"potentialAction\":[{\"@type\":\"SearchAction\",\"target\":{\"@type\":\"EntryPoint\",\"urlTemplate\":\"https:\\\/\\\/www.jaermuseet.no\\\/garborgheimen\\\/?s={search_term_string}\"},\"query-input\":{\"@type\":\"PropertyValueSpecification\",\"valueRequired\":true,\"valueName\":\"search_term_string\"}}],\"inLanguage\":\"nn-NO\"},{\"@type\":\"Person\",\"@id\":\"https:\\\/\\\/www.jaermuseet.no\\\/garborgheimen\\\/#\\\/schema\\\/person\\\/188d1441bade2c83f534feca847de293\",\"name\":\"Inger Undheim\",\"image\":{\"@type\":\"ImageObject\",\"inLanguage\":\"nn-NO\",\"@id\":\"https:\\\/\\\/secure.gravatar.com\\\/avatar\\\/d89ccf1b1c2f179aac09be3827eca91e057ff060c9e6220ddca74deca1e8ff57?s=96&d=mm&r=g\",\"url\":\"https:\\\/\\\/secure.gravatar.com\\\/avatar\\\/d89ccf1b1c2f179aac09be3827eca91e057ff060c9e6220ddca74deca1e8ff57?s=96&d=mm&r=g\",\"contentUrl\":\"https:\\\/\\\/secure.gravatar.com\\\/avatar\\\/d89ccf1b1c2f179aac09be3827eca91e057ff060c9e6220ddca74deca1e8ff57?s=96&d=mm&r=g\",\"caption\":\"Inger Undheim\"},\"url\":\"https:\\\/\\\/www.jaermuseet.no\\\/garborgheimen\\\/author\\\/iundheim\\\/\"}]}<\/script>\n<!-- \/ Yoast SEO plugin. -->","yoast_head_json":{"title":"Garborg-d\u00f8ra er heime att - Garborgheimen","robots":{"index":"index","follow":"follow","max-snippet":"max-snippet:-1","max-image-preview":"max-image-preview:large","max-video-preview":"max-video-preview:-1"},"canonical":"https:\/\/www.jaermuseet.no\/garborgheimen\/2024\/06\/26\/garborgdora\/","og_locale":"nn_NO","og_type":"article","og_title":"Garborg-d\u00f8ra er heime att - Garborgheimen","og_description":"Ho vart redda ut av ein konteinar i 1976&nbsp; Garborgheimen...","og_url":"https:\/\/www.jaermuseet.no\/garborgheimen\/2024\/06\/26\/garborgdora\/","og_site_name":"Garborgheimen","article_published_time":"2024-06-26T10:55:03+00:00","article_modified_time":"2024-08-20T17:35:45+00:00","og_image":[{"width":1845,"height":1559,"url":"https:\/\/www.jaermuseet.no\/garborgheimen\/wp-content\/uploads\/sites\/15\/2024\/06\/DoraCut.jpg","type":"image\/jpeg"}],"author":"Inger Undheim","twitter_card":"summary_large_image","twitter_misc":{"Written by":"Inger Undheim","Est. reading time":"9 minutt"},"schema":{"@context":"https:\/\/schema.org","@graph":[{"@type":"Article","@id":"https:\/\/www.jaermuseet.no\/garborgheimen\/2024\/06\/26\/garborgdora\/#article","isPartOf":{"@id":"https:\/\/www.jaermuseet.no\/garborgheimen\/2024\/06\/26\/garborgdora\/"},"author":{"name":"Inger Undheim","@id":"https:\/\/www.jaermuseet.no\/garborgheimen\/#\/schema\/person\/188d1441bade2c83f534feca847de293"},"headline":"Garborg-d\u00f8ra er heime att","datePublished":"2024-06-26T10:55:03+00:00","dateModified":"2024-08-20T17:35:45+00:00","mainEntityOfPage":{"@id":"https:\/\/www.jaermuseet.no\/garborgheimen\/2024\/06\/26\/garborgdora\/"},"wordCount":1235,"image":{"@id":"https:\/\/www.jaermuseet.no\/garborgheimen\/2024\/06\/26\/garborgdora\/#primaryimage"},"thumbnailUrl":"https:\/\/www.jaermuseet.no\/garborgheimen\/wp-content\/uploads\/sites\/15\/2024\/06\/DoraCut.jpg","articleSection":["Aktuelt"],"inLanguage":"nn-NO"},{"@type":"WebPage","@id":"https:\/\/www.jaermuseet.no\/garborgheimen\/2024\/06\/26\/garborgdora\/","url":"https:\/\/www.jaermuseet.no\/garborgheimen\/2024\/06\/26\/garborgdora\/","name":"Garborg-d\u00f8ra er heime att - Garborgheimen","isPartOf":{"@id":"https:\/\/www.jaermuseet.no\/garborgheimen\/#website"},"primaryImageOfPage":{"@id":"https:\/\/www.jaermuseet.no\/garborgheimen\/2024\/06\/26\/garborgdora\/#primaryimage"},"image":{"@id":"https:\/\/www.jaermuseet.no\/garborgheimen\/2024\/06\/26\/garborgdora\/#primaryimage"},"thumbnailUrl":"https:\/\/www.jaermuseet.no\/garborgheimen\/wp-content\/uploads\/sites\/15\/2024\/06\/DoraCut.jpg","datePublished":"2024-06-26T10:55:03+00:00","dateModified":"2024-08-20T17:35:45+00:00","author":{"@id":"https:\/\/www.jaermuseet.no\/garborgheimen\/#\/schema\/person\/188d1441bade2c83f534feca847de293"},"breadcrumb":{"@id":"https:\/\/www.jaermuseet.no\/garborgheimen\/2024\/06\/26\/garborgdora\/#breadcrumb"},"inLanguage":"nn-NO","potentialAction":[{"@type":"ReadAction","target":["https:\/\/www.jaermuseet.no\/garborgheimen\/2024\/06\/26\/garborgdora\/"]}]},{"@type":"ImageObject","inLanguage":"nn-NO","@id":"https:\/\/www.jaermuseet.no\/garborgheimen\/2024\/06\/26\/garborgdora\/#primaryimage","url":"https:\/\/www.jaermuseet.no\/garborgheimen\/wp-content\/uploads\/sites\/15\/2024\/06\/DoraCut.jpg","contentUrl":"https:\/\/www.jaermuseet.no\/garborgheimen\/wp-content\/uploads\/sites\/15\/2024\/06\/DoraCut.jpg","width":1845,"height":1559},{"@type":"BreadcrumbList","@id":"https:\/\/www.jaermuseet.no\/garborgheimen\/2024\/06\/26\/garborgdora\/#breadcrumb","itemListElement":[{"@type":"ListItem","position":1,"name":"Hjem","item":"https:\/\/www.jaermuseet.no\/garborgheimen\/"},{"@type":"ListItem","position":2,"name":"Garborg-d\u00f8ra er heime att"}]},{"@type":"WebSite","@id":"https:\/\/www.jaermuseet.no\/garborgheimen\/#website","url":"https:\/\/www.jaermuseet.no\/garborgheimen\/","name":"Garborgheimen","description":"Arne Garborg sin barndomsheim","potentialAction":[{"@type":"SearchAction","target":{"@type":"EntryPoint","urlTemplate":"https:\/\/www.jaermuseet.no\/garborgheimen\/?s={search_term_string}"},"query-input":{"@type":"PropertyValueSpecification","valueRequired":true,"valueName":"search_term_string"}}],"inLanguage":"nn-NO"},{"@type":"Person","@id":"https:\/\/www.jaermuseet.no\/garborgheimen\/#\/schema\/person\/188d1441bade2c83f534feca847de293","name":"Inger Undheim","image":{"@type":"ImageObject","inLanguage":"nn-NO","@id":"https:\/\/secure.gravatar.com\/avatar\/d89ccf1b1c2f179aac09be3827eca91e057ff060c9e6220ddca74deca1e8ff57?s=96&d=mm&r=g","url":"https:\/\/secure.gravatar.com\/avatar\/d89ccf1b1c2f179aac09be3827eca91e057ff060c9e6220ddca74deca1e8ff57?s=96&d=mm&r=g","contentUrl":"https:\/\/secure.gravatar.com\/avatar\/d89ccf1b1c2f179aac09be3827eca91e057ff060c9e6220ddca74deca1e8ff57?s=96&d=mm&r=g","caption":"Inger Undheim"},"url":"https:\/\/www.jaermuseet.no\/garborgheimen\/author\/iundheim\/"}]}},"cc_featured_image_caption":{"caption_text":"","source_text":"","source_url":""},"jetpack_featured_media_url":"https:\/\/www.jaermuseet.no\/garborgheimen\/wp-content\/uploads\/sites\/15\/2024\/06\/DoraCut.jpg","jetpack_sharing_enabled":true,"_links":{"self":[{"href":"https:\/\/www.jaermuseet.no\/garborgheimen\/wp-json\/wp\/v2\/posts\/360","targetHints":{"allow":["GET"]}}],"collection":[{"href":"https:\/\/www.jaermuseet.no\/garborgheimen\/wp-json\/wp\/v2\/posts"}],"about":[{"href":"https:\/\/www.jaermuseet.no\/garborgheimen\/wp-json\/wp\/v2\/types\/post"}],"author":[{"embeddable":true,"href":"https:\/\/www.jaermuseet.no\/garborgheimen\/wp-json\/wp\/v2\/users\/30"}],"replies":[{"embeddable":true,"href":"https:\/\/www.jaermuseet.no\/garborgheimen\/wp-json\/wp\/v2\/comments?post=360"}],"version-history":[{"count":20,"href":"https:\/\/www.jaermuseet.no\/garborgheimen\/wp-json\/wp\/v2\/posts\/360\/revisions"}],"predecessor-version":[{"id":456,"href":"https:\/\/www.jaermuseet.no\/garborgheimen\/wp-json\/wp\/v2\/posts\/360\/revisions\/456"}],"wp:featuredmedia":[{"embeddable":true,"href":"https:\/\/www.jaermuseet.no\/garborgheimen\/wp-json\/wp\/v2\/media\/383"}],"wp:attachment":[{"href":"https:\/\/www.jaermuseet.no\/garborgheimen\/wp-json\/wp\/v2\/media?parent=360"}],"wp:term":[{"taxonomy":"category","embeddable":true,"href":"https:\/\/www.jaermuseet.no\/garborgheimen\/wp-json\/wp\/v2\/categories?post=360"},{"taxonomy":"post_tag","embeddable":true,"href":"https:\/\/www.jaermuseet.no\/garborgheimen\/wp-json\/wp\/v2\/tags?post=360"}],"curies":[{"name":"wp","href":"https:\/\/api.w.org\/{rel}","templated":true}]}}