{"id":926,"date":"2018-04-17T13:46:25","date_gmt":"2018-04-17T11:46:25","guid":{"rendered":"https:\/\/www.jaermuseet.no\/flyhistorisk\/?p=926"},"modified":"2018-06-27T09:08:06","modified_gmt":"2018-06-27T07:08:06","slug":"flygebladet-2","status":"publish","type":"post","link":"https:\/\/www.jaermuseet.no\/flyhistorisk\/flygebladet-2\/","title":{"rendered":"FLYGEBLADET"},"content":{"rendered":"<p><strong><em>Tekst &amp; foto: Egil Endresen, Styreleder Venneforeningen <\/em><\/strong><\/p>\n<p><strong>Bes\u00f8k fra Bod\u00f8<\/strong><\/p>\n<p>14. mars hadde museet bes\u00f8k\u00a0fra Norsk Luftfartsmuseum i Bod\u00f8 i form av nestkommanderende ved Luftforsvarsmuseet og medlemmer fra Bod\u00f8 Flyhistoriske Forening. Sistnevnte tilsvarer v\u00e5r venneforening. Hensikten med bes\u00f8ket var \u00e5 utveksle erfaringer og \u00e5 se p\u00e5 muligheter for \u00e5 hjelpe hverandre p\u00e5 ulike m\u00e5ter. Begge museene arbeider, som de fleste sikkert kjenner til, med restaurering av Messerschmitt Bf 109. Per dags dato har de to prosjektene kommet omtrent like langt. Der prosjektene st\u00e5r n\u00e5, er det mange detaljer som teamene m\u00e5 finne ut av. Med dette var erfaringsutvekslingen denne dagen sv\u00e6rt nyttig for begge parter. Skal man f\u00e5 til en effektiv kommunikasjon, er det n\u00f8dvendig for de involverte \u00e5 treffes fra tid til annen. Ettersom b\u00e5de vi og gjengen i Bod\u00f8 gjennom lang tid har samlet inn deler til Bf 109, kan vi n\u00e5 hjelpe hverandre med utveksling av deler.<\/p>\n<div class=\"tiled-gallery type-rectangular tiled-gallery-unresized\" data-original-width=\"500\" data-carousel-extra='null' itemscope itemtype=\"http:\/\/schema.org\/ImageGallery\" > <div class=\"gallery-row\" style=\"width: 500px; height: 168px;\" data-original-width=\"500\" data-original-height=\"168\" > <div class=\"gallery-group images-1\" style=\"width: 250px; height: 168px;\" data-original-width=\"250\" data-original-height=\"168\" > <div class=\"tiled-gallery-item tiled-gallery-item-small\" itemprop=\"associatedMedia\" itemscope itemtype=\"http:\/\/schema.org\/ImageObject\"> <a href=\"https:\/\/www.jaermuseet.no\/flyhistorisk\/flygebladet-2\/besok-fra-bodo\/\" border=\"0\" itemprop=\"url\"> <meta itemprop=\"width\" content=\"246\"> <meta itemprop=\"height\" content=\"164\"> <img decoding=\"async\" class=\"\" data-attachment-id=\"929\" data-orig-file=\"https:\/\/www.jaermuseet.no\/flyhistorisk\/wp-content\/uploads\/sites\/4\/2018\/04\/Bes\u00f8k-fra-Bod\u00f8.jpg\" data-orig-size=\"500,333\" data-comments-opened=\"\" data-image-meta=\"{&quot;aperture&quot;:&quot;0&quot;,&quot;credit&quot;:&quot;&quot;,&quot;camera&quot;:&quot;&quot;,&quot;caption&quot;:&quot;&quot;,&quot;created_timestamp&quot;:&quot;0&quot;,&quot;copyright&quot;:&quot;&quot;,&quot;focal_length&quot;:&quot;0&quot;,&quot;iso&quot;:&quot;0&quot;,&quot;shutter_speed&quot;:&quot;0&quot;,&quot;title&quot;:&quot;&quot;,&quot;orientation&quot;:&quot;0&quot;}\" data-image-title=\"Bes\u00f8k fra Bod\u00f8\" data-image-description=\"\" data-medium-file=\"https:\/\/www.jaermuseet.no\/flyhistorisk\/wp-content\/uploads\/sites\/4\/2018\/04\/Bes\u00f8k-fra-Bod\u00f8-300x200.jpg\" data-large-file=\"https:\/\/www.jaermuseet.no\/flyhistorisk\/wp-content\/uploads\/sites\/4\/2018\/04\/Bes\u00f8k-fra-Bod\u00f8.jpg\" src=\"https:\/\/i0.wp.com\/www.jaermuseet.no\/flyhistorisk\/wp-content\/uploads\/sites\/4\/2018\/04\/Bes%C3%B8k-fra-Bod%C3%B8.jpg?w=246&#038;h=164&#038;ssl=1\" width=\"246\" height=\"164\" loading=\"lazy\" data-original-width=\"246\" data-original-height=\"164\" itemprop=\"http:\/\/schema.org\/image\" title=\"Bes\u00f8k fra Bod\u00f8\" alt=\"Arnt Espen diskuterer motoren med Ketil Lunde fra Bod\u00f8\" style=\"width: 246px; height: 164px;\" \/> <\/a> <div class=\"tiled-gallery-caption\" itemprop=\"caption description\"> Arnt Espen diskuterer motoren med Ketil Lunde fra Bod\u00f8 <\/div> <\/div> <\/div> <!-- close group --> <div class=\"gallery-group images-1\" style=\"width: 250px; height: 168px;\" data-original-width=\"250\" data-original-height=\"168\" > <div class=\"tiled-gallery-item tiled-gallery-item-small\" itemprop=\"associatedMedia\" itemscope itemtype=\"http:\/\/schema.org\/ImageObject\"> <a href=\"https:\/\/www.jaermuseet.no\/flyhistorisk\/flygebladet-2\/besok-fra-bodo2\/\" border=\"0\" itemprop=\"url\"> <meta itemprop=\"width\" content=\"246\"> <meta itemprop=\"height\" content=\"164\"> <img decoding=\"async\" class=\"\" data-attachment-id=\"930\" data-orig-file=\"https:\/\/www.jaermuseet.no\/flyhistorisk\/wp-content\/uploads\/sites\/4\/2018\/04\/Bes\u00f8k-fra-Bod\u00f82.jpg\" data-orig-size=\"583,389\" data-comments-opened=\"\" data-image-meta=\"{&quot;aperture&quot;:&quot;0&quot;,&quot;credit&quot;:&quot;&quot;,&quot;camera&quot;:&quot;&quot;,&quot;caption&quot;:&quot;&quot;,&quot;created_timestamp&quot;:&quot;0&quot;,&quot;copyright&quot;:&quot;&quot;,&quot;focal_length&quot;:&quot;0&quot;,&quot;iso&quot;:&quot;0&quot;,&quot;shutter_speed&quot;:&quot;0&quot;,&quot;title&quot;:&quot;&quot;,&quot;orientation&quot;:&quot;0&quot;}\" data-image-title=\"Bes\u00f8k fra Bod\u00f82\" data-image-description=\"\" data-medium-file=\"https:\/\/www.jaermuseet.no\/flyhistorisk\/wp-content\/uploads\/sites\/4\/2018\/04\/Bes\u00f8k-fra-Bod\u00f82-300x200.jpg\" data-large-file=\"https:\/\/www.jaermuseet.no\/flyhistorisk\/wp-content\/uploads\/sites\/4\/2018\/04\/Bes\u00f8k-fra-Bod\u00f82.jpg\" src=\"https:\/\/i0.wp.com\/www.jaermuseet.no\/flyhistorisk\/wp-content\/uploads\/sites\/4\/2018\/04\/Bes%C3%B8k-fra-Bod%C3%B82.jpg?w=246&#038;h=164&#038;ssl=1\" width=\"246\" height=\"164\" loading=\"lazy\" data-original-width=\"246\" data-original-height=\"164\" itemprop=\"http:\/\/schema.org\/image\" title=\"Bes\u00f8k fra Bod\u00f82\" alt=\"Kjell sammen med Ole Sigurd S\u00f8rensen. Han er kaptein og nestkommanderende for luftfartsdelen av Forsvarets museer, som innbefatter luftforsvarsdelen av museet i Bod\u00f8\" style=\"width: 246px; height: 164px;\" \/> <\/a> <div class=\"tiled-gallery-caption\" itemprop=\"caption description\"> Kjell sammen med Ole Sigurd S\u00f8rensen. Han er kaptein og nestkommanderende for luftfartsdelen av Forsvarets museer, som innbefatter luftforsvarsdelen av museet i Bod\u00f8 <\/div> <\/div> <\/div> <!-- close group --> <\/div> <!-- close row --> <div class=\"gallery-row\" style=\"width: 500px; height: 216px;\" data-original-width=\"500\" data-original-height=\"216\" > <div class=\"gallery-group images-1\" style=\"width: 500px; height: 216px;\" data-original-width=\"500\" data-original-height=\"216\" > <div class=\"tiled-gallery-item tiled-gallery-item-large\" itemprop=\"associatedMedia\" itemscope itemtype=\"http:\/\/schema.org\/ImageObject\"> <a href=\"https:\/\/www.jaermuseet.no\/flyhistorisk\/flygebladet-2\/besok-fra-bodo4\/\" border=\"0\" itemprop=\"url\"> <meta itemprop=\"width\" content=\"496\"> <meta itemprop=\"height\" content=\"212\"> <img decoding=\"async\" class=\"\" data-attachment-id=\"931\" data-orig-file=\"https:\/\/www.jaermuseet.no\/flyhistorisk\/wp-content\/uploads\/sites\/4\/2018\/04\/Bes\u00f8k-fra-Bod\u00f84.jpg\" data-orig-size=\"930,398\" data-comments-opened=\"\" data-image-meta=\"{&quot;aperture&quot;:&quot;0&quot;,&quot;credit&quot;:&quot;&quot;,&quot;camera&quot;:&quot;&quot;,&quot;caption&quot;:&quot;&quot;,&quot;created_timestamp&quot;:&quot;0&quot;,&quot;copyright&quot;:&quot;&quot;,&quot;focal_length&quot;:&quot;0&quot;,&quot;iso&quot;:&quot;0&quot;,&quot;shutter_speed&quot;:&quot;0&quot;,&quot;title&quot;:&quot;&quot;,&quot;orientation&quot;:&quot;0&quot;}\" data-image-title=\"Bes\u00f8k fra Bod\u00f84\" data-image-description=\"\" data-medium-file=\"https:\/\/www.jaermuseet.no\/flyhistorisk\/wp-content\/uploads\/sites\/4\/2018\/04\/Bes\u00f8k-fra-Bod\u00f84-300x128.jpg\" data-large-file=\"https:\/\/www.jaermuseet.no\/flyhistorisk\/wp-content\/uploads\/sites\/4\/2018\/04\/Bes\u00f8k-fra-Bod\u00f84.jpg\" src=\"https:\/\/i0.wp.com\/www.jaermuseet.no\/flyhistorisk\/wp-content\/uploads\/sites\/4\/2018\/04\/Bes%C3%B8k-fra-Bod%C3%B84.jpg?w=496&#038;h=212&#038;ssl=1\" width=\"496\" height=\"212\" loading=\"lazy\" data-original-width=\"496\" data-original-height=\"212\" itemprop=\"http:\/\/schema.org\/image\" title=\"Bes\u00f8k fra Bod\u00f84\" alt=\"Og til slutt hygget alle seg med pizza\" style=\"width: 496px; height: 212px;\" \/> <\/a> <div class=\"tiled-gallery-caption\" itemprop=\"caption description\"> Og til slutt hygget alle seg med pizza <\/div> <\/div> <\/div> <!-- close group --> <\/div> <!-- close row --> <div class=\"gallery-row\" style=\"width: 500px; height: 168px;\" data-original-width=\"500\" data-original-height=\"168\" > <div class=\"gallery-group images-1\" style=\"width: 250px; height: 168px;\" data-original-width=\"250\" data-original-height=\"168\" > <div class=\"tiled-gallery-item tiled-gallery-item-small\" itemprop=\"associatedMedia\" itemscope itemtype=\"http:\/\/schema.org\/ImageObject\"> <a href=\"https:\/\/www.jaermuseet.no\/flyhistorisk\/flygebladet-2\/besok-fra-bodo5\/\" border=\"0\" itemprop=\"url\"> <meta itemprop=\"width\" content=\"246\"> <meta itemprop=\"height\" content=\"164\"> <img decoding=\"async\" class=\"\" data-attachment-id=\"932\" data-orig-file=\"https:\/\/www.jaermuseet.no\/flyhistorisk\/wp-content\/uploads\/sites\/4\/2018\/04\/Bes\u00f8k-fra-Bod\u00f85.jpg\" data-orig-size=\"488,325\" data-comments-opened=\"\" data-image-meta=\"{&quot;aperture&quot;:&quot;0&quot;,&quot;credit&quot;:&quot;&quot;,&quot;camera&quot;:&quot;&quot;,&quot;caption&quot;:&quot;&quot;,&quot;created_timestamp&quot;:&quot;0&quot;,&quot;copyright&quot;:&quot;&quot;,&quot;focal_length&quot;:&quot;0&quot;,&quot;iso&quot;:&quot;0&quot;,&quot;shutter_speed&quot;:&quot;0&quot;,&quot;title&quot;:&quot;&quot;,&quot;orientation&quot;:&quot;0&quot;}\" data-image-title=\"Bes\u00f8k fra Bod\u00f85\" data-image-description=\"\" data-medium-file=\"https:\/\/www.jaermuseet.no\/flyhistorisk\/wp-content\/uploads\/sites\/4\/2018\/04\/Bes\u00f8k-fra-Bod\u00f85-300x200.jpg\" data-large-file=\"https:\/\/www.jaermuseet.no\/flyhistorisk\/wp-content\/uploads\/sites\/4\/2018\/04\/Bes\u00f8k-fra-Bod\u00f85.jpg\" src=\"https:\/\/i0.wp.com\/www.jaermuseet.no\/flyhistorisk\/wp-content\/uploads\/sites\/4\/2018\/04\/Bes%C3%B8k-fra-Bod%C3%B85.jpg?w=246&#038;h=164&#038;ssl=1\" width=\"246\" height=\"164\" loading=\"lazy\" data-original-width=\"246\" data-original-height=\"164\" itemprop=\"http:\/\/schema.org\/image\" title=\"Bes\u00f8k fra Bod\u00f85\" alt=\"Rasmus og Arnt Espen i diskusjon med Ivan Kristiansen\" style=\"width: 246px; height: 164px;\" \/> <\/a> <div class=\"tiled-gallery-caption\" itemprop=\"caption description\"> Rasmus og Arnt Espen i diskusjon med Ivan Kristiansen <\/div> <\/div> <\/div> <!-- close group --> <div class=\"gallery-group images-1\" style=\"width: 250px; height: 168px;\" data-original-width=\"250\" data-original-height=\"168\" > <div class=\"tiled-gallery-item tiled-gallery-item-small\" itemprop=\"associatedMedia\" itemscope itemtype=\"http:\/\/schema.org\/ImageObject\"> <a href=\"https:\/\/www.jaermuseet.no\/flyhistorisk\/flygebladet-2\/besok-fra-bodo6\/\" border=\"0\" itemprop=\"url\"> <meta itemprop=\"width\" content=\"246\"> <meta itemprop=\"height\" content=\"164\"> <img decoding=\"async\" class=\"\" data-attachment-id=\"933\" data-orig-file=\"https:\/\/www.jaermuseet.no\/flyhistorisk\/wp-content\/uploads\/sites\/4\/2018\/04\/Bes\u00f8k-fra-Bod\u00f86.jpg\" data-orig-size=\"513,342\" data-comments-opened=\"\" data-image-meta=\"{&quot;aperture&quot;:&quot;0&quot;,&quot;credit&quot;:&quot;&quot;,&quot;camera&quot;:&quot;&quot;,&quot;caption&quot;:&quot;&quot;,&quot;created_timestamp&quot;:&quot;0&quot;,&quot;copyright&quot;:&quot;&quot;,&quot;focal_length&quot;:&quot;0&quot;,&quot;iso&quot;:&quot;0&quot;,&quot;shutter_speed&quot;:&quot;0&quot;,&quot;title&quot;:&quot;&quot;,&quot;orientation&quot;:&quot;0&quot;}\" data-image-title=\"Bes\u00f8k fra Bod\u00f86\" data-image-description=\"\" data-medium-file=\"https:\/\/www.jaermuseet.no\/flyhistorisk\/wp-content\/uploads\/sites\/4\/2018\/04\/Bes\u00f8k-fra-Bod\u00f86-300x200.jpg\" data-large-file=\"https:\/\/www.jaermuseet.no\/flyhistorisk\/wp-content\/uploads\/sites\/4\/2018\/04\/Bes\u00f8k-fra-Bod\u00f86.jpg\" src=\"https:\/\/i0.wp.com\/www.jaermuseet.no\/flyhistorisk\/wp-content\/uploads\/sites\/4\/2018\/04\/Bes%C3%B8k-fra-Bod%C3%B86.jpg?w=246&#038;h=164&#038;ssl=1\" width=\"246\" height=\"164\" loading=\"lazy\" data-original-width=\"246\" data-original-height=\"164\" itemprop=\"http:\/\/schema.org\/image\" title=\"Bes\u00f8k fra Bod\u00f86\" alt=\"John Skog\u00f8y sammen med Gordon.\" style=\"width: 246px; height: 164px;\" \/> <\/a> <div class=\"tiled-gallery-caption\" itemprop=\"caption description\"> John Skog\u00f8y sammen med Gordon. <\/div> <\/div> <\/div> <!-- close group --> <\/div> <!-- close row --> <div class=\"gallery-row\" style=\"width: 500px; height: 241px;\" data-original-width=\"500\" data-original-height=\"241\" > <div class=\"gallery-group images-1\" style=\"width: 500px; height: 241px;\" data-original-width=\"500\" data-original-height=\"241\" > <div class=\"tiled-gallery-item tiled-gallery-item-large\" itemprop=\"associatedMedia\" itemscope itemtype=\"http:\/\/schema.org\/ImageObject\"> <a href=\"https:\/\/www.jaermuseet.no\/flyhistorisk\/flygebladet-2\/bilde3-2\/\" border=\"0\" itemprop=\"url\"> <meta itemprop=\"width\" content=\"496\"> <meta itemprop=\"height\" content=\"237\"> <img decoding=\"async\" class=\"\" data-attachment-id=\"934\" data-orig-file=\"https:\/\/www.jaermuseet.no\/flyhistorisk\/wp-content\/uploads\/sites\/4\/2018\/04\/Bilde3.jpg\" data-orig-size=\"619,296\" data-comments-opened=\"\" data-image-meta=\"{&quot;aperture&quot;:&quot;0&quot;,&quot;credit&quot;:&quot;&quot;,&quot;camera&quot;:&quot;&quot;,&quot;caption&quot;:&quot;&quot;,&quot;created_timestamp&quot;:&quot;0&quot;,&quot;copyright&quot;:&quot;&quot;,&quot;focal_length&quot;:&quot;0&quot;,&quot;iso&quot;:&quot;0&quot;,&quot;shutter_speed&quot;:&quot;0&quot;,&quot;title&quot;:&quot;&quot;,&quot;orientation&quot;:&quot;0&quot;}\" data-image-title=\"Bilde3\" data-image-description=\"\" data-medium-file=\"https:\/\/www.jaermuseet.no\/flyhistorisk\/wp-content\/uploads\/sites\/4\/2018\/04\/Bilde3-300x143.jpg\" data-large-file=\"https:\/\/www.jaermuseet.no\/flyhistorisk\/wp-content\/uploads\/sites\/4\/2018\/04\/Bilde3.jpg\" src=\"https:\/\/i0.wp.com\/www.jaermuseet.no\/flyhistorisk\/wp-content\/uploads\/sites\/4\/2018\/04\/Bilde3.jpg?w=496&#038;h=237&#038;ssl=1\" srcset=\"https:\/\/www.jaermuseet.no\/flyhistorisk\/wp-content\/uploads\/sites\/4\/2018\/04\/Bilde3.jpg 619w, https:\/\/www.jaermuseet.no\/flyhistorisk\/wp-content\/uploads\/sites\/4\/2018\/04\/Bilde3-300x143.jpg 300w, https:\/\/www.jaermuseet.no\/flyhistorisk\/wp-content\/uploads\/sites\/4\/2018\/04\/Bilde3-250x120.jpg 250w\" width=\"496\" height=\"237\" loading=\"lazy\" data-original-width=\"496\" data-original-height=\"237\" itemprop=\"http:\/\/schema.org\/image\" title=\"Bilde3\" alt=\"Georg sammen med John Skog\u00f8y fra Bod\u00f8\" style=\"width: 496px; height: 237px;\" \/> <\/a> <div class=\"tiled-gallery-caption\" itemprop=\"caption description\"> Georg sammen med John Skog\u00f8y fra Bod\u00f8 <\/div> <\/div> <\/div> <!-- close group --> <\/div> <!-- close row --> <\/div>\n<p><strong>\u00c5rets arrangementer<\/strong><\/p>\n<p>Planleggingen av \u00e5rets arrangementer i regi av Venneforeningen er i full gang. Vi tar sikte p\u00e5 \u00e5 arrangere Wings &amp; Wheels s\u00f8ndag 17. juni og Hafrsfjorddagen s\u00f8ndag 19. august. W&amp;W arrangerer vi sammen med Sportsbilklubben etter den samme malen som n\u00e5 har v\u00e6rt vellykket i mange \u00e5r.<\/p>\n<p>Hafrsfjorddagen gikk ikke s\u00e6rlig bra i fjor, men vi har bestemt oss for \u00e5 pr\u00f8ve igjen. Det blir spesielt viktig \u00e5 s\u00f8rge for flere deltagere og utstillere i \u00e5r enn det vi fikk i fjor. Fjor\u00e5rets arrangement var dessuten preget av et bedr\u00f8velig tilskuerantall. En av tingene vi gj\u00f8r for \u00e5 bedre dette i \u00e5r er \u00e5 legge Hafrsfjorddagen til en litt tidligere dato enn i fjor.\u00a0 Med dette h\u00e5per vi n\u00e5 \u00e5 unng\u00e5 s\u00e5 mange andre konkurrerende arrangement sammenfallende helg. \u00a0Som tidligere er vi helt avhengige av at medlemmene stiller og hjelper oss med dugnadsinnsats p\u00e5 de to arrangementene.<\/p>\n<div class=\"tiled-gallery type-rectangular tiled-gallery-unresized\" data-original-width=\"500\" data-carousel-extra='null' itemscope itemtype=\"http:\/\/schema.org\/ImageGallery\" > <div class=\"gallery-row\" style=\"width: 500px; height: 227px;\" data-original-width=\"500\" data-original-height=\"227\" > <div class=\"gallery-group images-1\" style=\"width: 500px; height: 227px;\" data-original-width=\"500\" data-original-height=\"227\" > <div class=\"tiled-gallery-item tiled-gallery-item-large\" itemprop=\"associatedMedia\" itemscope itemtype=\"http:\/\/schema.org\/ImageObject\"> <a href=\"https:\/\/www.jaermuseet.no\/flyhistorisk\/flygebladet-2\/planlegging-arrangement\/\" border=\"0\" itemprop=\"url\"> <meta itemprop=\"width\" content=\"496\"> <meta itemprop=\"height\" content=\"223\"> <img decoding=\"async\" class=\"\" data-attachment-id=\"935\" data-orig-file=\"https:\/\/www.jaermuseet.no\/flyhistorisk\/wp-content\/uploads\/sites\/4\/2018\/04\/Planlegging-arrangement.jpg\" data-orig-size=\"944,425\" data-comments-opened=\"\" data-image-meta=\"{&quot;aperture&quot;:&quot;0&quot;,&quot;credit&quot;:&quot;&quot;,&quot;camera&quot;:&quot;&quot;,&quot;caption&quot;:&quot;&quot;,&quot;created_timestamp&quot;:&quot;0&quot;,&quot;copyright&quot;:&quot;&quot;,&quot;focal_length&quot;:&quot;0&quot;,&quot;iso&quot;:&quot;0&quot;,&quot;shutter_speed&quot;:&quot;0&quot;,&quot;title&quot;:&quot;&quot;,&quot;orientation&quot;:&quot;0&quot;}\" data-image-title=\"Planlegging arrangement\" data-image-description=\"\" data-medium-file=\"https:\/\/www.jaermuseet.no\/flyhistorisk\/wp-content\/uploads\/sites\/4\/2018\/04\/Planlegging-arrangement-300x135.jpg\" data-large-file=\"https:\/\/www.jaermuseet.no\/flyhistorisk\/wp-content\/uploads\/sites\/4\/2018\/04\/Planlegging-arrangement.jpg\" src=\"https:\/\/i0.wp.com\/www.jaermuseet.no\/flyhistorisk\/wp-content\/uploads\/sites\/4\/2018\/04\/Planlegging-arrangement.jpg?w=496&#038;h=223&#038;ssl=1\" srcset=\"https:\/\/www.jaermuseet.no\/flyhistorisk\/wp-content\/uploads\/sites\/4\/2018\/04\/Planlegging-arrangement.jpg 944w, https:\/\/www.jaermuseet.no\/flyhistorisk\/wp-content\/uploads\/sites\/4\/2018\/04\/Planlegging-arrangement-300x135.jpg 300w, https:\/\/www.jaermuseet.no\/flyhistorisk\/wp-content\/uploads\/sites\/4\/2018\/04\/Planlegging-arrangement-250x113.jpg 250w\" width=\"496\" height=\"223\" loading=\"lazy\" data-original-width=\"496\" data-original-height=\"223\" itemprop=\"http:\/\/schema.org\/image\" title=\"Planlegging arrangement\" alt=\"Fra et planleggingsm\u00f8te, fra venstre Helge Nyhus, Tine Daae og Harald Gr\u00f8nnestad.\" style=\"width: 496px; height: 223px;\" \/> <\/a> <div class=\"tiled-gallery-caption\" itemprop=\"caption description\"> Fra et planleggingsm\u00f8te, fra venstre Helge Nyhus, Tine Daae og Harald Gr\u00f8nnestad. <\/div> <\/div> <\/div> <!-- close group --> <\/div> <!-- close row --> <\/div>\n<p><strong>Gordon Bore fyller 80<\/strong><\/p>\n<p>Gordon var med i museet fra de f\u00f8rste tankene ble lansert, og var en av de aktive i gruppen som jobbet hardt for \u00e5 starte et flymuseum. Et f\u00f8rste avgj\u00f8rende sp\u00f8rsm\u00e5l var f\u00e5 tak i et lokale til museet. Hangaren i S\u00f8mmev\u00e5gen var den naturlige kandidaten. Det f\u00f8rste og avgj\u00f8rende sp\u00f8rsm\u00e5let var \u00e5 f\u00e5 lov av Luftforsvaret til \u00e5 ta i bruk hangaren til museumsform\u00e5l. Gordon forteller at det var under et bes\u00f8k p\u00e5 Sola av generalinspekt\u00f8ren for Luftforsvaret, Alf Granviken, at han s\u00e5 at de kunne lykkes med planen om \u00e5 etablere et flymuseum i S\u00f8mmev\u00e5gen da Granviken sa \u00abdette f\u00e5r vi til\u00bb.<\/p>\n<p>Det neste var \u00e5 finne en eier som kunne overta hangaren. Til slutt var det Rogaland fylkeskommune som overtok hangaren for 1 krone fra Forsvaret. Gordon forteller at dav\u00e6rende fylkesr\u00e5dmann, Fredrik Wendt, var avgj\u00f8rende for at fylket overtok hangaren, slik at den kunne tas i bruk til flymuseum.<\/p>\n<div class=\"tiled-gallery type-rectangular tiled-gallery-unresized\" data-original-width=\"500\" data-carousel-extra='null' itemscope itemtype=\"http:\/\/schema.org\/ImageGallery\" > <div class=\"gallery-row\" style=\"width: 500px; height: 137px;\" data-original-width=\"500\" data-original-height=\"137\" > <div class=\"gallery-group images-1\" style=\"width: 167px; height: 137px;\" data-original-width=\"167\" data-original-height=\"137\" > <div class=\"tiled-gallery-item tiled-gallery-item-small\" itemprop=\"associatedMedia\" itemscope itemtype=\"http:\/\/schema.org\/ImageObject\"> <a href=\"https:\/\/www.jaermuseet.no\/flyhistorisk\/flygebladet-2\/gorodn-bore\/\" border=\"0\" itemprop=\"url\"> <meta itemprop=\"width\" content=\"163\"> <meta itemprop=\"height\" content=\"133\"> <img decoding=\"async\" class=\"\" data-attachment-id=\"936\" data-orig-file=\"https:\/\/www.jaermuseet.no\/flyhistorisk\/wp-content\/uploads\/sites\/4\/2018\/04\/Gorodn-Bore.jpg\" data-orig-size=\"441,361\" data-comments-opened=\"\" data-image-meta=\"{&quot;aperture&quot;:&quot;0&quot;,&quot;credit&quot;:&quot;&quot;,&quot;camera&quot;:&quot;&quot;,&quot;caption&quot;:&quot;&quot;,&quot;created_timestamp&quot;:&quot;0&quot;,&quot;copyright&quot;:&quot;&quot;,&quot;focal_length&quot;:&quot;0&quot;,&quot;iso&quot;:&quot;0&quot;,&quot;shutter_speed&quot;:&quot;0&quot;,&quot;title&quot;:&quot;&quot;,&quot;orientation&quot;:&quot;0&quot;}\" data-image-title=\"Gorodn Bore\" data-image-description=\"\" data-medium-file=\"https:\/\/www.jaermuseet.no\/flyhistorisk\/wp-content\/uploads\/sites\/4\/2018\/04\/Gorodn-Bore-300x246.jpg\" data-large-file=\"https:\/\/www.jaermuseet.no\/flyhistorisk\/wp-content\/uploads\/sites\/4\/2018\/04\/Gorodn-Bore.jpg\" src=\"https:\/\/i0.wp.com\/www.jaermuseet.no\/flyhistorisk\/wp-content\/uploads\/sites\/4\/2018\/04\/Gorodn-Bore.jpg?w=163&#038;h=133&#038;ssl=1\" srcset=\"https:\/\/www.jaermuseet.no\/flyhistorisk\/wp-content\/uploads\/sites\/4\/2018\/04\/Gorodn-Bore.jpg 441w, https:\/\/www.jaermuseet.no\/flyhistorisk\/wp-content\/uploads\/sites\/4\/2018\/04\/Gorodn-Bore-300x246.jpg 300w, https:\/\/www.jaermuseet.no\/flyhistorisk\/wp-content\/uploads\/sites\/4\/2018\/04\/Gorodn-Bore-250x205.jpg 250w\" width=\"163\" height=\"133\" loading=\"lazy\" data-original-width=\"163\" data-original-height=\"133\" itemprop=\"http:\/\/schema.org\/image\" title=\"Gorodn Bore\" alt=\"Gordon Bore\" style=\"width: 163px; height: 133px;\" \/> <\/a> <div class=\"tiled-gallery-caption\" itemprop=\"caption description\"> Gordon Bore <\/div> <\/div> <\/div> <!-- close group --> <div class=\"gallery-group images-1\" style=\"width: 333px; height: 137px;\" data-original-width=\"333\" data-original-height=\"137\" > <div class=\"tiled-gallery-item tiled-gallery-item-large\" itemprop=\"associatedMedia\" itemscope itemtype=\"http:\/\/schema.org\/ImageObject\"> <a href=\"https:\/\/www.jaermuseet.no\/flyhistorisk\/flygebladet-2\/f-84-2\/\" border=\"0\" itemprop=\"url\"> <meta itemprop=\"width\" content=\"329\"> <meta itemprop=\"height\" content=\"133\"> <img decoding=\"async\" class=\"\" data-attachment-id=\"937\" data-orig-file=\"https:\/\/www.jaermuseet.no\/flyhistorisk\/wp-content\/uploads\/sites\/4\/2018\/04\/F-84.jpg\" data-orig-size=\"650,263\" data-comments-opened=\"\" data-image-meta=\"{&quot;aperture&quot;:&quot;0&quot;,&quot;credit&quot;:&quot;&quot;,&quot;camera&quot;:&quot;&quot;,&quot;caption&quot;:&quot;&quot;,&quot;created_timestamp&quot;:&quot;0&quot;,&quot;copyright&quot;:&quot;&quot;,&quot;focal_length&quot;:&quot;0&quot;,&quot;iso&quot;:&quot;0&quot;,&quot;shutter_speed&quot;:&quot;0&quot;,&quot;title&quot;:&quot;&quot;,&quot;orientation&quot;:&quot;0&quot;}\" data-image-title=\"F-84\" data-image-description=\"\" data-medium-file=\"https:\/\/www.jaermuseet.no\/flyhistorisk\/wp-content\/uploads\/sites\/4\/2018\/04\/F-84-300x121.jpg\" data-large-file=\"https:\/\/www.jaermuseet.no\/flyhistorisk\/wp-content\/uploads\/sites\/4\/2018\/04\/F-84.jpg\" src=\"https:\/\/i0.wp.com\/www.jaermuseet.no\/flyhistorisk\/wp-content\/uploads\/sites\/4\/2018\/04\/F-84.jpg?w=329&#038;h=133&#038;ssl=1\" srcset=\"https:\/\/www.jaermuseet.no\/flyhistorisk\/wp-content\/uploads\/sites\/4\/2018\/04\/F-84.jpg 650w, https:\/\/www.jaermuseet.no\/flyhistorisk\/wp-content\/uploads\/sites\/4\/2018\/04\/F-84-300x121.jpg 300w, https:\/\/www.jaermuseet.no\/flyhistorisk\/wp-content\/uploads\/sites\/4\/2018\/04\/F-84-250x101.jpg 250w\" width=\"329\" height=\"133\" loading=\"lazy\" data-original-width=\"329\" data-original-height=\"133\" itemprop=\"http:\/\/schema.org\/image\" title=\"F-84\" alt=\"Museets f\u00f8rste fly var en F-84G Thunderjet\" style=\"width: 329px; height: 133px;\" \/> <\/a> <div class=\"tiled-gallery-caption\" itemprop=\"caption description\"> Museets f\u00f8rste fly var en F-84G Thunderjet <\/div> <\/div> <\/div> <!-- close group --> <\/div> <!-- close row --> <div class=\"gallery-row\" style=\"width: 500px; height: 264px;\" data-original-width=\"500\" data-original-height=\"264\" > <div class=\"gallery-group images-1\" style=\"width: 263px; height: 264px;\" data-original-width=\"263\" data-original-height=\"264\" > <div class=\"tiled-gallery-item tiled-gallery-item-large\" itemprop=\"associatedMedia\" itemscope itemtype=\"http:\/\/schema.org\/ImageObject\"> <a href=\"https:\/\/www.jaermuseet.no\/flyhistorisk\/flygebladet-2\/puma\/\" border=\"0\" itemprop=\"url\"> <meta itemprop=\"width\" content=\"259\"> <meta itemprop=\"height\" content=\"260\"> <img decoding=\"async\" class=\"\" data-attachment-id=\"938\" data-orig-file=\"https:\/\/www.jaermuseet.no\/flyhistorisk\/wp-content\/uploads\/sites\/4\/2018\/04\/Puma.jpg\" data-orig-size=\"638,639\" data-comments-opened=\"\" data-image-meta=\"{&quot;aperture&quot;:&quot;0&quot;,&quot;credit&quot;:&quot;&quot;,&quot;camera&quot;:&quot;&quot;,&quot;caption&quot;:&quot;&quot;,&quot;created_timestamp&quot;:&quot;0&quot;,&quot;copyright&quot;:&quot;&quot;,&quot;focal_length&quot;:&quot;0&quot;,&quot;iso&quot;:&quot;0&quot;,&quot;shutter_speed&quot;:&quot;0&quot;,&quot;title&quot;:&quot;&quot;,&quot;orientation&quot;:&quot;0&quot;}\" data-image-title=\"Puma\" data-image-description=\"\" data-medium-file=\"https:\/\/www.jaermuseet.no\/flyhistorisk\/wp-content\/uploads\/sites\/4\/2018\/04\/Puma-300x300.jpg\" data-large-file=\"https:\/\/www.jaermuseet.no\/flyhistorisk\/wp-content\/uploads\/sites\/4\/2018\/04\/Puma.jpg\" src=\"https:\/\/i0.wp.com\/www.jaermuseet.no\/flyhistorisk\/wp-content\/uploads\/sites\/4\/2018\/04\/Puma.jpg?w=259&#038;h=260&#038;ssl=1\" srcset=\"https:\/\/www.jaermuseet.no\/flyhistorisk\/wp-content\/uploads\/sites\/4\/2018\/04\/Puma.jpg 638w, https:\/\/www.jaermuseet.no\/flyhistorisk\/wp-content\/uploads\/sites\/4\/2018\/04\/Puma-150x150.jpg 150w, https:\/\/www.jaermuseet.no\/flyhistorisk\/wp-content\/uploads\/sites\/4\/2018\/04\/Puma-300x300.jpg 300w, https:\/\/www.jaermuseet.no\/flyhistorisk\/wp-content\/uploads\/sites\/4\/2018\/04\/Puma-250x250.jpg 250w\" width=\"259\" height=\"260\" loading=\"lazy\" data-original-width=\"259\" data-original-height=\"260\" itemprop=\"http:\/\/schema.org\/image\" title=\"Puma\" alt=\"Gordon sammen med noen av de ivrige elevene ved Sola\" style=\"width: 259px; height: 260px;\" \/> <\/a> <div class=\"tiled-gallery-caption\" itemprop=\"caption description\"> Gordon sammen med noen av de ivrige elevene ved Sola <\/div> <\/div> <\/div> <!-- close group --> <div class=\"gallery-group images-2\" style=\"width: 237px; height: 264px;\" data-original-width=\"237\" data-original-height=\"264\" > <div class=\"tiled-gallery-item tiled-gallery-item-small\" itemprop=\"associatedMedia\" itemscope itemtype=\"http:\/\/schema.org\/ImageObject\"> <a href=\"https:\/\/www.jaermuseet.no\/flyhistorisk\/flygebladet-2\/puma2\/\" border=\"0\" itemprop=\"url\"> <meta itemprop=\"width\" content=\"233\"> <meta itemprop=\"height\" content=\"119\"> <img decoding=\"async\" class=\"\" data-attachment-id=\"939\" data-orig-file=\"https:\/\/www.jaermuseet.no\/flyhistorisk\/wp-content\/uploads\/sites\/4\/2018\/04\/Puma2.jpg\" data-orig-size=\"1102,565\" data-comments-opened=\"\" data-image-meta=\"{&quot;aperture&quot;:&quot;0&quot;,&quot;credit&quot;:&quot;&quot;,&quot;camera&quot;:&quot;&quot;,&quot;caption&quot;:&quot;&quot;,&quot;created_timestamp&quot;:&quot;0&quot;,&quot;copyright&quot;:&quot;&quot;,&quot;focal_length&quot;:&quot;0&quot;,&quot;iso&quot;:&quot;0&quot;,&quot;shutter_speed&quot;:&quot;0&quot;,&quot;title&quot;:&quot;&quot;,&quot;orientation&quot;:&quot;0&quot;}\" data-image-title=\"Puma2\" data-image-description=\"\" data-medium-file=\"https:\/\/www.jaermuseet.no\/flyhistorisk\/wp-content\/uploads\/sites\/4\/2018\/04\/Puma2-300x154.jpg\" data-large-file=\"https:\/\/www.jaermuseet.no\/flyhistorisk\/wp-content\/uploads\/sites\/4\/2018\/04\/Puma2-1024x525.jpg\" src=\"https:\/\/i0.wp.com\/www.jaermuseet.no\/flyhistorisk\/wp-content\/uploads\/sites\/4\/2018\/04\/Puma2.jpg?w=233&#038;h=119&#038;ssl=1\" srcset=\"https:\/\/www.jaermuseet.no\/flyhistorisk\/wp-content\/uploads\/sites\/4\/2018\/04\/Puma2.jpg 1102w, https:\/\/www.jaermuseet.no\/flyhistorisk\/wp-content\/uploads\/sites\/4\/2018\/04\/Puma2-300x154.jpg 300w, https:\/\/www.jaermuseet.no\/flyhistorisk\/wp-content\/uploads\/sites\/4\/2018\/04\/Puma2-1024x525.jpg 1024w, https:\/\/www.jaermuseet.no\/flyhistorisk\/wp-content\/uploads\/sites\/4\/2018\/04\/Puma2-250x128.jpg 250w\" width=\"233\" height=\"119\" loading=\"lazy\" data-original-width=\"233\" data-original-height=\"119\" itemprop=\"http:\/\/schema.org\/image\" title=\"Puma2\" alt=\"Puma2\" style=\"width: 233px; height: 119px;\" \/> <\/a> <\/div> <div class=\"tiled-gallery-item tiled-gallery-item-small\" itemprop=\"associatedMedia\" itemscope itemtype=\"http:\/\/schema.org\/ImageObject\"> <a href=\"https:\/\/www.jaermuseet.no\/flyhistorisk\/flygebladet-2\/bell-47\/\" border=\"0\" itemprop=\"url\"> <meta itemprop=\"width\" content=\"233\"> <meta itemprop=\"height\" content=\"137\"> <img decoding=\"async\" class=\"\" data-attachment-id=\"940\" data-orig-file=\"https:\/\/www.jaermuseet.no\/flyhistorisk\/wp-content\/uploads\/sites\/4\/2018\/04\/Bell-47.jpg\" data-orig-size=\"650,381\" data-comments-opened=\"\" data-image-meta=\"{&quot;aperture&quot;:&quot;0&quot;,&quot;credit&quot;:&quot;&quot;,&quot;camera&quot;:&quot;&quot;,&quot;caption&quot;:&quot;&quot;,&quot;created_timestamp&quot;:&quot;0&quot;,&quot;copyright&quot;:&quot;&quot;,&quot;focal_length&quot;:&quot;0&quot;,&quot;iso&quot;:&quot;0&quot;,&quot;shutter_speed&quot;:&quot;0&quot;,&quot;title&quot;:&quot;&quot;,&quot;orientation&quot;:&quot;0&quot;}\" data-image-title=\"Bell 47\" data-image-description=\"\" data-medium-file=\"https:\/\/www.jaermuseet.no\/flyhistorisk\/wp-content\/uploads\/sites\/4\/2018\/04\/Bell-47-300x176.jpg\" data-large-file=\"https:\/\/www.jaermuseet.no\/flyhistorisk\/wp-content\/uploads\/sites\/4\/2018\/04\/Bell-47.jpg\" src=\"https:\/\/i0.wp.com\/www.jaermuseet.no\/flyhistorisk\/wp-content\/uploads\/sites\/4\/2018\/04\/Bell-47.jpg?w=233&#038;h=137&#038;ssl=1\" srcset=\"https:\/\/www.jaermuseet.no\/flyhistorisk\/wp-content\/uploads\/sites\/4\/2018\/04\/Bell-47.jpg 650w, https:\/\/www.jaermuseet.no\/flyhistorisk\/wp-content\/uploads\/sites\/4\/2018\/04\/Bell-47-300x176.jpg 300w, https:\/\/www.jaermuseet.no\/flyhistorisk\/wp-content\/uploads\/sites\/4\/2018\/04\/Bell-47-250x147.jpg 250w\" width=\"233\" height=\"137\" loading=\"lazy\" data-original-width=\"233\" data-original-height=\"137\" itemprop=\"http:\/\/schema.org\/image\" title=\"Bell 47\" alt=\"Den ferdig restaurerte Bell 47\" style=\"width: 233px; height: 137px;\" \/> <\/a> <div class=\"tiled-gallery-caption\" itemprop=\"caption description\"> Den ferdig restaurerte Bell 47 <\/div> <\/div> <\/div> <!-- close group --> <\/div> <!-- close row --> <\/div>\n<p>Den neste jobben var \u00e5 anskaffe fly. Det f\u00f8rste flyet museet overtok var F-84G Thunderjet, som sto p\u00e5 sokkel utenfor befalsmessen i S\u00f8mmev\u00e5gen. De neste som ble sikret for museet var RF-84F Thunderflash som kom fra Rygge, F-86F som var lagret p\u00e5 Flesland og F-86K som sto p\u00e5 Lista. De f\u00f8rste flyene ble plassert i hj\u00f8rnet der simulatoren st\u00e5r i dag, etter at en hadde f\u00e5tt fjernet utstyret til F-4 Phantom II\u00a0som var lagret der. Det neste avgj\u00f8rende var at Helikopter Service, som hadde satt sammen helikoptre for Forsvaret i hangaren og hadde brukt det n\u00e5v\u00e6rende verkstedet som lager, flyttet lageret til Forus. Det var starten p\u00e5 en stor jobb med \u00e5 innrede rommet til verksted. Gordon var ogs\u00e5 leder for verkstedet i mange \u00e5r, men er ikke lenger aktiv i verkstedet.<\/p>\n<p>Gordon, som startet sin karriere i Luftforsvaret, jobbet lenge i Helikopter Service. Et av de f\u00f8rste restaureringsprosjektene han hadde ansvaret for var Bell 47, som var det f\u00f8rste helikopteret som ble anskaffet av museet. Museet hadde f\u00e5tt et tilbud om \u00e5 kj\u00f8pe en Bell 47 fra Sverige for 100 000 kr. Gordon opps\u00f8kte dav\u00e6rende HS-direkt\u00f8r, Lars Harlem, som ikke bare sa seg villig til \u00e5 donere midlene til innkj\u00f8p, men ogs\u00e5 hjalp med transporten. Gordon fikk dessuten tillatelse til \u00e5 bruke HS sine lokaler til restaureringsarbeidet.<\/p>\n<p>Gordon forteller at den viktigste jobben han har hatt i museet de siste \u00e5rene er restaureringen av et Super Puma i samarbeid med Sola videreg\u00e5ende skole. Her har Gordon ledet arbeidet, og hatt grupper av elever med seg i restaureringsarbeidet, som har utgangspunkt i to vrak som museet har f\u00e5tt overta. Prosjektet har n\u00e5 p\u00e5g\u00e5tt i 18 \u00e5r, og n\u00e6rmer seg slutten.<\/p>\n<p><strong>Bj\u00f8rn N. Skogen er d\u00f8d <\/strong><\/p>\n<p>Vi har f\u00e5tt det triste budskapet at Bj\u00f8rn N. Skogen er g\u00e5tt bort etter kort tids sykeleie. Han har var et av v\u00e5re \u00e6resmedlemmer og har gjennom mange \u00e5r gjort en stor innsats for museet. Han var lenge aktiv, bl. a. som medlem i styret og i organisering av arrangementer. Han var kasserer i \u00e5tte \u00e5r, fra 1999 til 2007. Da Stiftelsen ble etablert 2005, ble han ogs\u00e5 kasserer for Stiftelsen. I 2008 ble han styremedlem i Venneforeningen, og i 2009 nestleder. Han var aktivt med i arbeidet med \u00e5 splitte den tidligere medlemsmassen i en stiftelse og en ny venneforening sammen med Rasmus Svihus.<\/p>\n<div class=\"tiled-gallery type-rectangular tiled-gallery-unresized\" data-original-width=\"500\" data-carousel-extra='null' itemscope itemtype=\"http:\/\/schema.org\/ImageGallery\" > <div class=\"gallery-row\" style=\"width: 500px; height: 329px;\" data-original-width=\"500\" data-original-height=\"329\" > <div class=\"gallery-group images-1\" style=\"width: 500px; height: 329px;\" data-original-width=\"500\" data-original-height=\"329\" > <div class=\"tiled-gallery-item tiled-gallery-item-large\" itemprop=\"associatedMedia\" itemscope itemtype=\"http:\/\/schema.org\/ImageObject\"> <a href=\"https:\/\/www.jaermuseet.no\/flyhistorisk\/flygebladet-2\/bjorn-skogen\/\" border=\"0\" itemprop=\"url\"> <meta itemprop=\"width\" content=\"496\"> <meta itemprop=\"height\" content=\"325\"> <img decoding=\"async\" class=\"\" data-attachment-id=\"941\" data-orig-file=\"https:\/\/www.jaermuseet.no\/flyhistorisk\/wp-content\/uploads\/sites\/4\/2018\/04\/Bj\u00f8rn-skogen.jpg\" data-orig-size=\"567,372\" data-comments-opened=\"\" data-image-meta=\"{&quot;aperture&quot;:&quot;0&quot;,&quot;credit&quot;:&quot;&quot;,&quot;camera&quot;:&quot;&quot;,&quot;caption&quot;:&quot;&quot;,&quot;created_timestamp&quot;:&quot;0&quot;,&quot;copyright&quot;:&quot;&quot;,&quot;focal_length&quot;:&quot;0&quot;,&quot;iso&quot;:&quot;0&quot;,&quot;shutter_speed&quot;:&quot;0&quot;,&quot;title&quot;:&quot;&quot;,&quot;orientation&quot;:&quot;0&quot;}\" data-image-title=\"Bj\u00f8rn skogen\" data-image-description=\"\" data-medium-file=\"https:\/\/www.jaermuseet.no\/flyhistorisk\/wp-content\/uploads\/sites\/4\/2018\/04\/Bj\u00f8rn-skogen-300x197.jpg\" data-large-file=\"https:\/\/www.jaermuseet.no\/flyhistorisk\/wp-content\/uploads\/sites\/4\/2018\/04\/Bj\u00f8rn-skogen.jpg\" src=\"https:\/\/i0.wp.com\/www.jaermuseet.no\/flyhistorisk\/wp-content\/uploads\/sites\/4\/2018\/04\/Bj%C3%B8rn-skogen.jpg?w=496&#038;h=325&#038;ssl=1\" width=\"496\" height=\"325\" loading=\"lazy\" data-original-width=\"496\" data-original-height=\"325\" itemprop=\"http:\/\/schema.org\/image\" title=\"Bj\u00f8rn skogen\" alt=\"Bj\u00f8rn N. Skogen\" style=\"width: 496px; height: 325px;\" \/> <\/a> <div class=\"tiled-gallery-caption\" itemprop=\"caption description\"> Bj\u00f8rn N. Skogen <\/div> <\/div> <\/div> <!-- close group --> <\/div> <!-- close row --> <\/div>\n<p>Etter at han avsluttet sin tid i styret, har han v\u00e6rt mindre aktiv i museet. Som takk for sin store innsats ble han utnevnt til \u00e6resmedlem av Venneforeningen.<\/p>\n<p>Bj\u00f8rn var kjent som en god og til dels skarp debattant, med klare meninger. Han kunne v\u00e6re ironisk, ikke minst selvironisk, hadde kommentarer med snert som han ofte avsluttet med en god latter.<\/p>\n<p>Vi vil savne Bj\u00f8rn i museet.<\/p>\n<p><strong>Utstillingen <\/strong><\/p>\n<div class=\"tiled-gallery type-rectangular tiled-gallery-unresized\" data-original-width=\"500\" data-carousel-extra='null' itemscope itemtype=\"http:\/\/schema.org\/ImageGallery\" > <div class=\"gallery-row\" style=\"width: 500px; height: 157px;\" data-original-width=\"500\" data-original-height=\"157\" > <div class=\"gallery-group images-1\" style=\"width: 267px; height: 157px;\" data-original-width=\"267\" data-original-height=\"157\" > <div class=\"tiled-gallery-item tiled-gallery-item-large\" itemprop=\"associatedMedia\" itemscope itemtype=\"http:\/\/schema.org\/ImageObject\"> <a href=\"https:\/\/www.jaermuseet.no\/flyhistorisk\/flygebladet-2\/kanon\/\" border=\"0\" itemprop=\"url\"> <meta itemprop=\"width\" content=\"263\"> <meta itemprop=\"height\" content=\"153\"> <img decoding=\"async\" class=\"\" data-attachment-id=\"942\" data-orig-file=\"https:\/\/www.jaermuseet.no\/flyhistorisk\/wp-content\/uploads\/sites\/4\/2018\/04\/Kanon.jpg\" data-orig-size=\"551,320\" data-comments-opened=\"\" data-image-meta=\"{&quot;aperture&quot;:&quot;0&quot;,&quot;credit&quot;:&quot;&quot;,&quot;camera&quot;:&quot;&quot;,&quot;caption&quot;:&quot;&quot;,&quot;created_timestamp&quot;:&quot;0&quot;,&quot;copyright&quot;:&quot;&quot;,&quot;focal_length&quot;:&quot;0&quot;,&quot;iso&quot;:&quot;0&quot;,&quot;shutter_speed&quot;:&quot;0&quot;,&quot;title&quot;:&quot;&quot;,&quot;orientation&quot;:&quot;0&quot;}\" data-image-title=\"Kanon\" data-image-description=\"\" data-medium-file=\"https:\/\/www.jaermuseet.no\/flyhistorisk\/wp-content\/uploads\/sites\/4\/2018\/04\/Kanon-300x174.jpg\" data-large-file=\"https:\/\/www.jaermuseet.no\/flyhistorisk\/wp-content\/uploads\/sites\/4\/2018\/04\/Kanon.jpg\" src=\"https:\/\/i0.wp.com\/www.jaermuseet.no\/flyhistorisk\/wp-content\/uploads\/sites\/4\/2018\/04\/Kanon.jpg?w=263&#038;h=153&#038;ssl=1\" srcset=\"https:\/\/www.jaermuseet.no\/flyhistorisk\/wp-content\/uploads\/sites\/4\/2018\/04\/Kanon.jpg 551w, https:\/\/www.jaermuseet.no\/flyhistorisk\/wp-content\/uploads\/sites\/4\/2018\/04\/Kanon-300x174.jpg 300w, https:\/\/www.jaermuseet.no\/flyhistorisk\/wp-content\/uploads\/sites\/4\/2018\/04\/Kanon-250x145.jpg 250w\" width=\"263\" height=\"153\" loading=\"lazy\" data-original-width=\"263\" data-original-height=\"153\" itemprop=\"http:\/\/schema.org\/image\" title=\"Kanon\" alt=\"Tyske 88 mm luftvernkanon l\u00f8ftes p\u00e5 plass\" style=\"width: 263px; height: 153px;\" \/> <\/a> <div class=\"tiled-gallery-caption\" itemprop=\"caption description\"> Tyske 88 mm luftvernkanon l\u00f8ftes p\u00e5 plass <\/div> <\/div> <\/div> <!-- close group --> <div class=\"gallery-group images-1\" style=\"width: 233px; height: 157px;\" data-original-width=\"233\" data-original-height=\"157\" > <div class=\"tiled-gallery-item tiled-gallery-item-small\" itemprop=\"associatedMedia\" itemscope itemtype=\"http:\/\/schema.org\/ImageObject\"> <a href=\"https:\/\/www.jaermuseet.no\/flyhistorisk\/flygebladet-2\/radar\/\" border=\"0\" itemprop=\"url\"> <meta itemprop=\"width\" content=\"229\"> <meta itemprop=\"height\" content=\"153\"> <img decoding=\"async\" class=\"\" data-attachment-id=\"943\" data-orig-file=\"https:\/\/www.jaermuseet.no\/flyhistorisk\/wp-content\/uploads\/sites\/4\/2018\/04\/Radar.jpg\" data-orig-size=\"430,286\" data-comments-opened=\"\" data-image-meta=\"{&quot;aperture&quot;:&quot;0&quot;,&quot;credit&quot;:&quot;&quot;,&quot;camera&quot;:&quot;&quot;,&quot;caption&quot;:&quot;&quot;,&quot;created_timestamp&quot;:&quot;0&quot;,&quot;copyright&quot;:&quot;&quot;,&quot;focal_length&quot;:&quot;0&quot;,&quot;iso&quot;:&quot;0&quot;,&quot;shutter_speed&quot;:&quot;0&quot;,&quot;title&quot;:&quot;&quot;,&quot;orientation&quot;:&quot;0&quot;}\" data-image-title=\"\" data-image-description=\"\" data-medium-file=\"https:\/\/www.jaermuseet.no\/flyhistorisk\/wp-content\/uploads\/sites\/4\/2018\/04\/Radar-300x200.jpg\" data-large-file=\"https:\/\/www.jaermuseet.no\/flyhistorisk\/wp-content\/uploads\/sites\/4\/2018\/04\/Radar.jpg\" src=\"https:\/\/i0.wp.com\/www.jaermuseet.no\/flyhistorisk\/wp-content\/uploads\/sites\/4\/2018\/04\/Radar.jpg?w=229&#038;h=153&#038;ssl=1\" srcset=\"https:\/\/www.jaermuseet.no\/flyhistorisk\/wp-content\/uploads\/sites\/4\/2018\/04\/Radar.jpg 430w, https:\/\/www.jaermuseet.no\/flyhistorisk\/wp-content\/uploads\/sites\/4\/2018\/04\/Radar-300x200.jpg 300w, https:\/\/www.jaermuseet.no\/flyhistorisk\/wp-content\/uploads\/sites\/4\/2018\/04\/Radar-250x166.jpg 250w\" width=\"229\" height=\"153\" loading=\"lazy\" data-original-width=\"229\" data-original-height=\"153\" itemprop=\"http:\/\/schema.org\/image\" title=\"\" alt=\"\" style=\"width: 229px; height: 153px;\" \/> <\/a> <\/div> <\/div> <!-- close group --> <\/div> <!-- close row --> <div class=\"gallery-row\" style=\"width: 500px; height: 283px;\" data-original-width=\"500\" data-original-height=\"283\" > <div class=\"gallery-group images-1\" style=\"width: 500px; height: 283px;\" data-original-width=\"500\" data-original-height=\"283\" > <div class=\"tiled-gallery-item tiled-gallery-item-large\" itemprop=\"associatedMedia\" itemscope itemtype=\"http:\/\/schema.org\/ImageObject\"> <a href=\"https:\/\/www.jaermuseet.no\/flyhistorisk\/flygebladet-2\/storch\/\" border=\"0\" itemprop=\"url\"> <meta itemprop=\"width\" content=\"496\"> <meta itemprop=\"height\" content=\"279\"> <img decoding=\"async\" class=\"\" data-attachment-id=\"944\" data-orig-file=\"https:\/\/www.jaermuseet.no\/flyhistorisk\/wp-content\/uploads\/sites\/4\/2018\/04\/Storch.jpg\" data-orig-size=\"428,241\" data-comments-opened=\"\" data-image-meta=\"{&quot;aperture&quot;:&quot;0&quot;,&quot;credit&quot;:&quot;&quot;,&quot;camera&quot;:&quot;&quot;,&quot;caption&quot;:&quot;&quot;,&quot;created_timestamp&quot;:&quot;0&quot;,&quot;copyright&quot;:&quot;&quot;,&quot;focal_length&quot;:&quot;0&quot;,&quot;iso&quot;:&quot;0&quot;,&quot;shutter_speed&quot;:&quot;0&quot;,&quot;title&quot;:&quot;&quot;,&quot;orientation&quot;:&quot;0&quot;}\" data-image-title=\"Storch\" data-image-description=\"\" data-medium-file=\"https:\/\/www.jaermuseet.no\/flyhistorisk\/wp-content\/uploads\/sites\/4\/2018\/04\/Storch-300x169.jpg\" data-large-file=\"https:\/\/www.jaermuseet.no\/flyhistorisk\/wp-content\/uploads\/sites\/4\/2018\/04\/Storch.jpg\" src=\"https:\/\/i0.wp.com\/www.jaermuseet.no\/flyhistorisk\/wp-content\/uploads\/sites\/4\/2018\/04\/Storch.jpg?w=496&#038;h=279&#038;ssl=1\" srcset=\"https:\/\/www.jaermuseet.no\/flyhistorisk\/wp-content\/uploads\/sites\/4\/2018\/04\/Storch.jpg 428w, https:\/\/www.jaermuseet.no\/flyhistorisk\/wp-content\/uploads\/sites\/4\/2018\/04\/Storch-300x169.jpg 300w, https:\/\/www.jaermuseet.no\/flyhistorisk\/wp-content\/uploads\/sites\/4\/2018\/04\/Storch-250x141.jpg 250w\" width=\"496\" height=\"279\" loading=\"lazy\" data-original-width=\"496\" data-original-height=\"279\" itemprop=\"http:\/\/schema.org\/image\" title=\"Storch\" alt=\"Og s\u00e5 er den p\u00e5 plass, boltet fast og Storchen er kommet dit den skal st\u00e5\" style=\"width: 496px; height: 279px;\" \/> <\/a> <div class=\"tiled-gallery-caption\" itemprop=\"caption description\"> Og s\u00e5 er den p\u00e5 plass, boltet fast og Storchen er kommet dit den skal st\u00e5 <\/div> <\/div> <\/div> <!-- close group --> <\/div> <!-- close row --> <\/div>\n<p>Den store omrokkeringen av utstillingen g\u00e5r sin gang. I skrivende stund har alle de store gjenstandene vi m\u00e5tte flytte p\u00e5 f\u00e5r \u00e5 lage en mer presentabel og logisk utstilling kommet til sin tilm\u00e5lte plass. Det gjenst\u00e5r likevel mye arbeid f\u00f8r alle de mindre gjenstandene er der hvor vi vil ha dem f\u00f8r vi \u00e5pner d\u00f8rene for publikum s\u00f8ndag 6. mai.<\/p>\n<p><strong>Scho-ka- kola <\/strong><\/p>\n<div class=\"tiled-gallery type-rectangular tiled-gallery-unresized\" data-original-width=\"500\" data-carousel-extra='null' itemscope itemtype=\"http:\/\/schema.org\/ImageGallery\" > <div class=\"gallery-row\" style=\"width: 500px; height: 176px;\" data-original-width=\"500\" data-original-height=\"176\" > <div class=\"gallery-group images-1\" style=\"width: 191px; height: 176px;\" data-original-width=\"191\" data-original-height=\"176\" > <div class=\"tiled-gallery-item tiled-gallery-item-small\" itemprop=\"associatedMedia\" itemscope itemtype=\"http:\/\/schema.org\/ImageObject\"> <a href=\"https:\/\/www.jaermuseet.no\/flyhistorisk\/flygebladet-2\/sjokko\/\" border=\"0\" itemprop=\"url\"> <meta itemprop=\"width\" content=\"187\"> <meta itemprop=\"height\" content=\"172\"> <img decoding=\"async\" class=\"\" data-attachment-id=\"945\" data-orig-file=\"https:\/\/www.jaermuseet.no\/flyhistorisk\/wp-content\/uploads\/sites\/4\/2018\/04\/Sjokko.jpg\" data-orig-size=\"428,395\" data-comments-opened=\"\" data-image-meta=\"{&quot;aperture&quot;:&quot;0&quot;,&quot;credit&quot;:&quot;&quot;,&quot;camera&quot;:&quot;&quot;,&quot;caption&quot;:&quot;&quot;,&quot;created_timestamp&quot;:&quot;0&quot;,&quot;copyright&quot;:&quot;&quot;,&quot;focal_length&quot;:&quot;0&quot;,&quot;iso&quot;:&quot;0&quot;,&quot;shutter_speed&quot;:&quot;0&quot;,&quot;title&quot;:&quot;&quot;,&quot;orientation&quot;:&quot;0&quot;}\" data-image-title=\"Sjokko\" data-image-description=\"\" data-medium-file=\"https:\/\/www.jaermuseet.no\/flyhistorisk\/wp-content\/uploads\/sites\/4\/2018\/04\/Sjokko-300x277.jpg\" data-large-file=\"https:\/\/www.jaermuseet.no\/flyhistorisk\/wp-content\/uploads\/sites\/4\/2018\/04\/Sjokko.jpg\" src=\"https:\/\/i0.wp.com\/www.jaermuseet.no\/flyhistorisk\/wp-content\/uploads\/sites\/4\/2018\/04\/Sjokko.jpg?w=187&#038;h=172&#038;ssl=1\" srcset=\"https:\/\/www.jaermuseet.no\/flyhistorisk\/wp-content\/uploads\/sites\/4\/2018\/04\/Sjokko.jpg 428w, https:\/\/www.jaermuseet.no\/flyhistorisk\/wp-content\/uploads\/sites\/4\/2018\/04\/Sjokko-300x277.jpg 300w, https:\/\/www.jaermuseet.no\/flyhistorisk\/wp-content\/uploads\/sites\/4\/2018\/04\/Sjokko-250x231.jpg 250w\" width=\"187\" height=\"172\" loading=\"lazy\" data-original-width=\"187\" data-original-height=\"172\" itemprop=\"http:\/\/schema.org\/image\" title=\"Sjokko\" alt=\"Scho- ka-kola fra Heinkel He 115.\" style=\"width: 187px; height: 172px;\" \/> <\/a> <div class=\"tiled-gallery-caption\" itemprop=\"caption description\"> Scho- ka-kola fra Heinkel He 115. <\/div> <\/div> <\/div> <!-- close group --> <div class=\"gallery-group images-1\" style=\"width: 309px; height: 176px;\" data-original-width=\"309\" data-original-height=\"176\" > <div class=\"tiled-gallery-item tiled-gallery-item-large\" itemprop=\"associatedMedia\" itemscope itemtype=\"http:\/\/schema.org\/ImageObject\"> <a href=\"https:\/\/www.jaermuseet.no\/flyhistorisk\/flygebladet-2\/sjokko2\/\" border=\"0\" itemprop=\"url\"> <meta itemprop=\"width\" content=\"305\"> <meta itemprop=\"height\" content=\"172\"> <img decoding=\"async\" class=\"\" data-attachment-id=\"946\" data-orig-file=\"https:\/\/www.jaermuseet.no\/flyhistorisk\/wp-content\/uploads\/sites\/4\/2018\/04\/Sjokko2.jpg\" data-orig-size=\"680,384\" data-comments-opened=\"\" data-image-meta=\"{&quot;aperture&quot;:&quot;0&quot;,&quot;credit&quot;:&quot;&quot;,&quot;camera&quot;:&quot;&quot;,&quot;caption&quot;:&quot;&quot;,&quot;created_timestamp&quot;:&quot;0&quot;,&quot;copyright&quot;:&quot;&quot;,&quot;focal_length&quot;:&quot;0&quot;,&quot;iso&quot;:&quot;0&quot;,&quot;shutter_speed&quot;:&quot;0&quot;,&quot;title&quot;:&quot;&quot;,&quot;orientation&quot;:&quot;0&quot;}\" data-image-title=\"Sjokko2\" data-image-description=\"\" data-medium-file=\"https:\/\/www.jaermuseet.no\/flyhistorisk\/wp-content\/uploads\/sites\/4\/2018\/04\/Sjokko2-300x169.jpg\" data-large-file=\"https:\/\/www.jaermuseet.no\/flyhistorisk\/wp-content\/uploads\/sites\/4\/2018\/04\/Sjokko2.jpg\" src=\"https:\/\/i0.wp.com\/www.jaermuseet.no\/flyhistorisk\/wp-content\/uploads\/sites\/4\/2018\/04\/Sjokko2.jpg?w=305&#038;h=172&#038;ssl=1\" srcset=\"https:\/\/www.jaermuseet.no\/flyhistorisk\/wp-content\/uploads\/sites\/4\/2018\/04\/Sjokko2.jpg 680w, https:\/\/www.jaermuseet.no\/flyhistorisk\/wp-content\/uploads\/sites\/4\/2018\/04\/Sjokko2-300x169.jpg 300w, https:\/\/www.jaermuseet.no\/flyhistorisk\/wp-content\/uploads\/sites\/4\/2018\/04\/Sjokko2-250x141.jpg 250w\" width=\"305\" height=\"172\" loading=\"lazy\" data-original-width=\"305\" data-original-height=\"172\" itemprop=\"http:\/\/schema.org\/image\" title=\"Sjokko2\" alt=\"Dagens pakning. Som en ser, det er ikke store endringer p\u00e5 75 \u00e5r! De har riktignok fjernet \u00abWehrmacht packung\u00bb\" style=\"width: 305px; height: 172px;\" \/> <\/a> <div class=\"tiled-gallery-caption\" itemprop=\"caption description\"> Dagens pakning. Som en ser, det er ikke store endringer p\u00e5 75 \u00e5r! De har riktignok fjernet \u00abWehrmacht packung\u00bb <\/div> <\/div> <\/div> <!-- close group --> <\/div> <!-- close row --> <\/div>\n<p>Da museet hevet Heinkel He 115, fant vi som kjent en pakke med n\u00f8dutstyr i den ene vingen. Noe av innholdet var pakker med Scho-ka-kola. Det underlige er at produktet fremdeles produseres i Tyskland. Det er m\u00f8rk sjokolade med et ganske h\u00f8yt koffeininnhold. Det var et meget popul\u00e6rt produkt i tyske milit\u00e6re enheter under krigen. De allierte hadde tilsvarende produkter, men ogs\u00e5 blant de allierte var det tyske scho-ka-kola det mest popul\u00e6re. Vi har kj\u00f8pt inn noen bokser scho-ka-kola p\u00e5 postordre. Etter en lang og intens \u00f8kt med utstillingsarbeid i hangaren ble sjokoladen nylig pr\u00f8vd av dugnadsgjengen. De fleste fant den velsmakende.<\/p>\n<p><strong>Caproni Ca.\u00a0310 <\/strong><\/p>\n<p>Via Kjell Dahle har museet f\u00e5tt noen bilder av Caproni Ca.\u00a0310 i gave fra Jon Grundseth. Bildene er tatt p\u00e5 Sola av hans far, Odd Grundseth. Bildene har en uvanlig god kvalitet. Tekstene under bildene er de originale kommentarene fra Odd Grundseth.<\/p>\n<div class=\"tiled-gallery type-rectangular tiled-gallery-unresized\" data-original-width=\"500\" data-carousel-extra='null' itemscope itemtype=\"http:\/\/schema.org\/ImageGallery\" > <div class=\"gallery-row\" style=\"width: 500px; height: 207px;\" data-original-width=\"500\" data-original-height=\"207\" > <div class=\"gallery-group images-1\" style=\"width: 327px; height: 207px;\" data-original-width=\"327\" data-original-height=\"207\" > <div class=\"tiled-gallery-item tiled-gallery-item-large\" itemprop=\"associatedMedia\" itemscope itemtype=\"http:\/\/schema.org\/ImageObject\"> <a href=\"https:\/\/www.jaermuseet.no\/flyhistorisk\/flygebladet-2\/ca-310-3\/\" border=\"0\" itemprop=\"url\"> <meta itemprop=\"width\" content=\"323\"> <meta itemprop=\"height\" content=\"203\"> <img decoding=\"async\" class=\"\" data-attachment-id=\"947\" data-orig-file=\"https:\/\/www.jaermuseet.no\/flyhistorisk\/wp-content\/uploads\/sites\/4\/2018\/04\/Ca-310-3.jpg\" data-orig-size=\"698,438\" data-comments-opened=\"\" data-image-meta=\"{&quot;aperture&quot;:&quot;0&quot;,&quot;credit&quot;:&quot;&quot;,&quot;camera&quot;:&quot;&quot;,&quot;caption&quot;:&quot;&quot;,&quot;created_timestamp&quot;:&quot;0&quot;,&quot;copyright&quot;:&quot;&quot;,&quot;focal_length&quot;:&quot;0&quot;,&quot;iso&quot;:&quot;0&quot;,&quot;shutter_speed&quot;:&quot;0&quot;,&quot;title&quot;:&quot;&quot;,&quot;orientation&quot;:&quot;0&quot;}\" data-image-title=\"Ca 310 3\" data-image-description=\"\" data-medium-file=\"https:\/\/www.jaermuseet.no\/flyhistorisk\/wp-content\/uploads\/sites\/4\/2018\/04\/Ca-310-3-300x188.jpg\" data-large-file=\"https:\/\/www.jaermuseet.no\/flyhistorisk\/wp-content\/uploads\/sites\/4\/2018\/04\/Ca-310-3.jpg\" src=\"https:\/\/i0.wp.com\/www.jaermuseet.no\/flyhistorisk\/wp-content\/uploads\/sites\/4\/2018\/04\/Ca-310-3.jpg?w=323&#038;h=203&#038;ssl=1\" srcset=\"https:\/\/www.jaermuseet.no\/flyhistorisk\/wp-content\/uploads\/sites\/4\/2018\/04\/Ca-310-3.jpg 698w, https:\/\/www.jaermuseet.no\/flyhistorisk\/wp-content\/uploads\/sites\/4\/2018\/04\/Ca-310-3-300x188.jpg 300w, https:\/\/www.jaermuseet.no\/flyhistorisk\/wp-content\/uploads\/sites\/4\/2018\/04\/Ca-310-3-250x157.jpg 250w\" width=\"323\" height=\"203\" loading=\"lazy\" data-original-width=\"323\" data-original-height=\"203\" itemprop=\"http:\/\/schema.org\/image\" title=\"Ca 310 3\" alt=\"Propeller p\u00e5monteres\" style=\"width: 323px; height: 203px;\" \/> <\/a> <div class=\"tiled-gallery-caption\" itemprop=\"caption description\"> Propeller p\u00e5monteres <\/div> <\/div> <\/div> <!-- close group --> <div class=\"gallery-group images-2\" style=\"width: 173px; height: 207px;\" data-original-width=\"173\" data-original-height=\"207\" > <div class=\"tiled-gallery-item tiled-gallery-item-small\" itemprop=\"associatedMedia\" itemscope itemtype=\"http:\/\/schema.org\/ImageObject\"> <a href=\"https:\/\/www.jaermuseet.no\/flyhistorisk\/flygebladet-2\/ca310-2\/\" border=\"0\" itemprop=\"url\"> <meta itemprop=\"width\" content=\"169\"> <meta itemprop=\"height\" content=\"95\"> <img decoding=\"async\" class=\"\" data-attachment-id=\"948\" data-orig-file=\"https:\/\/www.jaermuseet.no\/flyhistorisk\/wp-content\/uploads\/sites\/4\/2018\/04\/Ca310-2.jpg\" data-orig-size=\"671,378\" data-comments-opened=\"\" data-image-meta=\"{&quot;aperture&quot;:&quot;0&quot;,&quot;credit&quot;:&quot;&quot;,&quot;camera&quot;:&quot;&quot;,&quot;caption&quot;:&quot;&quot;,&quot;created_timestamp&quot;:&quot;0&quot;,&quot;copyright&quot;:&quot;&quot;,&quot;focal_length&quot;:&quot;0&quot;,&quot;iso&quot;:&quot;0&quot;,&quot;shutter_speed&quot;:&quot;0&quot;,&quot;title&quot;:&quot;&quot;,&quot;orientation&quot;:&quot;0&quot;}\" data-image-title=\"Ca310 2\" data-image-description=\"\" data-medium-file=\"https:\/\/www.jaermuseet.no\/flyhistorisk\/wp-content\/uploads\/sites\/4\/2018\/04\/Ca310-2-300x169.jpg\" data-large-file=\"https:\/\/www.jaermuseet.no\/flyhistorisk\/wp-content\/uploads\/sites\/4\/2018\/04\/Ca310-2.jpg\" src=\"https:\/\/i0.wp.com\/www.jaermuseet.no\/flyhistorisk\/wp-content\/uploads\/sites\/4\/2018\/04\/Ca310-2.jpg?w=169&#038;h=95&#038;ssl=1\" srcset=\"https:\/\/www.jaermuseet.no\/flyhistorisk\/wp-content\/uploads\/sites\/4\/2018\/04\/Ca310-2.jpg 671w, https:\/\/www.jaermuseet.no\/flyhistorisk\/wp-content\/uploads\/sites\/4\/2018\/04\/Ca310-2-300x169.jpg 300w, https:\/\/www.jaermuseet.no\/flyhistorisk\/wp-content\/uploads\/sites\/4\/2018\/04\/Ca310-2-250x141.jpg 250w\" width=\"169\" height=\"95\" loading=\"lazy\" data-original-width=\"169\" data-original-height=\"95\" itemprop=\"http:\/\/schema.org\/image\" title=\"Ca310 2\" alt=\"Min sveit (A-sveiten) etter landing\" style=\"width: 169px; height: 95px;\" \/> <\/a> <div class=\"tiled-gallery-caption\" itemprop=\"caption description\"> Min sveit (A-sveiten) etter landing <\/div> <\/div> <div class=\"tiled-gallery-item tiled-gallery-item-small\" itemprop=\"associatedMedia\" itemscope itemtype=\"http:\/\/schema.org\/ImageObject\"> <a href=\"https:\/\/www.jaermuseet.no\/flyhistorisk\/flygebladet-2\/ca310\/\" border=\"0\" itemprop=\"url\"> <meta itemprop=\"width\" content=\"169\"> <meta itemprop=\"height\" content=\"104\"> <img decoding=\"async\" class=\"\" data-attachment-id=\"949\" data-orig-file=\"https:\/\/www.jaermuseet.no\/flyhistorisk\/wp-content\/uploads\/sites\/4\/2018\/04\/Ca310.jpg\" data-orig-size=\"672,411\" data-comments-opened=\"\" data-image-meta=\"{&quot;aperture&quot;:&quot;0&quot;,&quot;credit&quot;:&quot;&quot;,&quot;camera&quot;:&quot;&quot;,&quot;caption&quot;:&quot;&quot;,&quot;created_timestamp&quot;:&quot;0&quot;,&quot;copyright&quot;:&quot;&quot;,&quot;focal_length&quot;:&quot;0&quot;,&quot;iso&quot;:&quot;0&quot;,&quot;shutter_speed&quot;:&quot;0&quot;,&quot;title&quot;:&quot;&quot;,&quot;orientation&quot;:&quot;0&quot;}\" data-image-title=\"Ca310\" data-image-description=\"\" data-medium-file=\"https:\/\/www.jaermuseet.no\/flyhistorisk\/wp-content\/uploads\/sites\/4\/2018\/04\/Ca310-300x183.jpg\" data-large-file=\"https:\/\/www.jaermuseet.no\/flyhistorisk\/wp-content\/uploads\/sites\/4\/2018\/04\/Ca310.jpg\" src=\"https:\/\/i0.wp.com\/www.jaermuseet.no\/flyhistorisk\/wp-content\/uploads\/sites\/4\/2018\/04\/Ca310.jpg?w=169&#038;h=104&#038;ssl=1\" srcset=\"https:\/\/www.jaermuseet.no\/flyhistorisk\/wp-content\/uploads\/sites\/4\/2018\/04\/Ca310.jpg 672w, https:\/\/www.jaermuseet.no\/flyhistorisk\/wp-content\/uploads\/sites\/4\/2018\/04\/Ca310-300x183.jpg 300w, https:\/\/www.jaermuseet.no\/flyhistorisk\/wp-content\/uploads\/sites\/4\/2018\/04\/Ca310-250x153.jpg 250w\" width=\"169\" height=\"104\" loading=\"lazy\" data-original-width=\"169\" data-original-height=\"104\" itemprop=\"http:\/\/schema.org\/image\" title=\"Ca310\" alt=\"Italiensk mekaniker og ego i hangaren\" style=\"width: 169px; height: 104px;\" \/> <\/a> <div class=\"tiled-gallery-caption\" itemprop=\"caption description\"> Italiensk mekaniker og ego i hangaren <\/div> <\/div> <\/div> <!-- close group --> <\/div> <!-- close row --> <\/div>\n<p><strong>ROMAVIA , unikt fly p\u00e5 charter til Romania. <\/strong><\/p>\n<p><em>Tekst &amp; Foto: Helge Nyhus<\/em><\/p>\n<p>YR-ABB hadde sin f\u00f8rste tur i luften 16.mai 1974, og ble bygget for TAROM. Flyet er en BOEING 707-3K1C, cn20804. Vingespenn 46,6 m, lengde 44,4 m, h\u00f8yde 13,1 m, hastighet 972 km\/h, rekkevidde 6.290 km. Fra 1976 fl\u00f8y den for den rumenske staten til 1990. S\u00e5 fl\u00f8y den for LAR Romania, Trans Caribbean, LAR, Surinaamse og kom til ROMAVIA i 1992, og videre til Aero Asia i 1995. Samme \u00e5r kom den igjen til ROMAVIA. Den ble senere omregistrert til N707GF av Omega Air, og solgt til Wilmington Trust Co. 11. september 2012. I dag er flyet lagret.<\/p>\n<p>ROMAVIA ble stiftet i 1991, og gikk konkurs i 2014. Selskapet opererte denne ene Boeing 707, og har ellers operert BA-146-200, Rombac 1-11, Il-18, An-24 og An-26. Det hadde base i Otopeni i Romania. Callsign var Aeromavia. ICAO: RMW, og IATA: WQ.<\/p>\n<div class=\"tiled-gallery type-rectangular tiled-gallery-unresized\" data-original-width=\"500\" data-carousel-extra='null' itemscope itemtype=\"http:\/\/schema.org\/ImageGallery\" > <div class=\"gallery-row\" style=\"width: 500px; height: 215px;\" data-original-width=\"500\" data-original-height=\"215\" > <div class=\"gallery-group images-1\" style=\"width: 500px; height: 215px;\" data-original-width=\"500\" data-original-height=\"215\" > <div class=\"tiled-gallery-item tiled-gallery-item-large\" itemprop=\"associatedMedia\" itemscope itemtype=\"http:\/\/schema.org\/ImageObject\"> <a href=\"https:\/\/www.jaermuseet.no\/flyhistorisk\/flygebladet-2\/yr-abb\/\" border=\"0\" itemprop=\"url\"> <meta itemprop=\"width\" content=\"496\"> <meta itemprop=\"height\" content=\"211\"> <img decoding=\"async\" class=\"\" data-attachment-id=\"950\" data-orig-file=\"https:\/\/www.jaermuseet.no\/flyhistorisk\/wp-content\/uploads\/sites\/4\/2018\/04\/YR-ABB.jpg\" data-orig-size=\"861,367\" data-comments-opened=\"\" data-image-meta=\"{&quot;aperture&quot;:&quot;0&quot;,&quot;credit&quot;:&quot;&quot;,&quot;camera&quot;:&quot;&quot;,&quot;caption&quot;:&quot;&quot;,&quot;created_timestamp&quot;:&quot;0&quot;,&quot;copyright&quot;:&quot;&quot;,&quot;focal_length&quot;:&quot;0&quot;,&quot;iso&quot;:&quot;0&quot;,&quot;shutter_speed&quot;:&quot;0&quot;,&quot;title&quot;:&quot;&quot;,&quot;orientation&quot;:&quot;0&quot;}\" data-image-title=\"YR-ABB\" data-image-description=\"\" data-medium-file=\"https:\/\/www.jaermuseet.no\/flyhistorisk\/wp-content\/uploads\/sites\/4\/2018\/04\/YR-ABB-300x128.jpg\" data-large-file=\"https:\/\/www.jaermuseet.no\/flyhistorisk\/wp-content\/uploads\/sites\/4\/2018\/04\/YR-ABB.jpg\" src=\"https:\/\/i0.wp.com\/www.jaermuseet.no\/flyhistorisk\/wp-content\/uploads\/sites\/4\/2018\/04\/YR-ABB.jpg?w=496&#038;h=211&#038;ssl=1\" srcset=\"https:\/\/www.jaermuseet.no\/flyhistorisk\/wp-content\/uploads\/sites\/4\/2018\/04\/YR-ABB.jpg 861w, https:\/\/www.jaermuseet.no\/flyhistorisk\/wp-content\/uploads\/sites\/4\/2018\/04\/YR-ABB-300x128.jpg 300w, https:\/\/www.jaermuseet.no\/flyhistorisk\/wp-content\/uploads\/sites\/4\/2018\/04\/YR-ABB-250x107.jpg 250w\" width=\"496\" height=\"211\" loading=\"lazy\" data-original-width=\"496\" data-original-height=\"211\" itemprop=\"http:\/\/schema.org\/image\" title=\"YR-ABB\" alt=\"YR-ABB fl\u00f8y charter fra Stavanger til Romania i 1994. Bildet er tatt p\u00e5 Sola i Juli 1994.\" style=\"width: 496px; height: 211px;\" \/> <\/a> <div class=\"tiled-gallery-caption\" itemprop=\"caption description\"> YR-ABB fl\u00f8y charter fra Stavanger til Romania i 1994. Bildet er tatt p\u00e5 Sola i Juli 1994. <\/div> <\/div> <\/div> <!-- close group --> <\/div> <!-- close row --> <\/div>\n","protected":false},"excerpt":{"rendered":"<p>Tekst &amp; foto: Egil Endresen, Styreleder Venneforeningen Bes\u00f8k fra Bod\u00f8&#8230;<\/p>\n","protected":false},"author":3,"featured_media":939,"comment_status":"closed","ping_status":"closed","sticky":false,"template":"","format":"standard","meta":{"_acf_changed":false,"_jetpack_memberships_contains_paid_content":false,"footnotes":""},"categories":[2],"tags":[],"class_list":["post-926","post","type-post","status-publish","format-standard","has-post-thumbnail","hentry","category-aktuelt","featured-image-size-large"],"acf":[],"yoast_head":"<!-- This site is optimized with the Yoast SEO plugin v27.4 - https:\/\/yoast.com\/product\/yoast-seo-wordpress\/ -->\n<title>FLYGEBLADET - Flyhistorisk Museum Sola<\/title>\n<meta name=\"robots\" content=\"index, follow, max-snippet:-1, max-image-preview:large, max-video-preview:-1\" \/>\n<link rel=\"canonical\" href=\"https:\/\/www.jaermuseet.no\/flyhistorisk\/flygebladet-2\/\" \/>\n<meta property=\"og:locale\" content=\"nn_NO\" \/>\n<meta property=\"og:type\" content=\"article\" \/>\n<meta property=\"og:title\" content=\"FLYGEBLADET - Flyhistorisk Museum Sola\" \/>\n<meta property=\"og:description\" content=\"Tekst &amp; foto: Egil Endresen, Styreleder Venneforeningen Bes\u00f8k fra Bod\u00f8...\" \/>\n<meta property=\"og:url\" content=\"https:\/\/www.jaermuseet.no\/flyhistorisk\/flygebladet-2\/\" \/>\n<meta property=\"og:site_name\" content=\"Flyhistorisk Museum Sola\" \/>\n<meta property=\"article:published_time\" content=\"2018-04-17T11:46:25+00:00\" \/>\n<meta property=\"article:modified_time\" content=\"2018-06-27T07:08:06+00:00\" \/>\n<meta property=\"og:image\" content=\"https:\/\/www.jaermuseet.no\/flyhistorisk\/wp-content\/uploads\/sites\/4\/2018\/04\/Puma2.jpg\" \/>\n\t<meta property=\"og:image:width\" content=\"1102\" \/>\n\t<meta property=\"og:image:height\" content=\"565\" \/>\n\t<meta property=\"og:image:type\" content=\"image\/jpeg\" \/>\n<meta name=\"author\" content=\"Flyhistorisk\" \/>\n<meta name=\"twitter:card\" content=\"summary_large_image\" \/>\n<meta name=\"twitter:label1\" content=\"Written by\" \/>\n\t<meta name=\"twitter:data1\" content=\"Flyhistorisk\" \/>\n\t<meta name=\"twitter:label2\" content=\"Est. reading time\" \/>\n\t<meta name=\"twitter:data2\" content=\"7 minutt\" \/>\n<script type=\"application\/ld+json\" class=\"yoast-schema-graph\">{\"@context\":\"https:\\\/\\\/schema.org\",\"@graph\":[{\"@type\":\"Article\",\"@id\":\"https:\\\/\\\/www.jaermuseet.no\\\/flyhistorisk\\\/flygebladet-2\\\/#article\",\"isPartOf\":{\"@id\":\"https:\\\/\\\/www.jaermuseet.no\\\/flyhistorisk\\\/flygebladet-2\\\/\"},\"author\":{\"name\":\"Flyhistorisk\",\"@id\":\"https:\\\/\\\/www.jaermuseet.no\\\/flyhistorisk\\\/#\\\/schema\\\/person\\\/fb7c64a141b10ccbf139c101c1c39297\"},\"headline\":\"FLYGEBLADET\",\"datePublished\":\"2018-04-17T11:46:25+00:00\",\"dateModified\":\"2018-06-27T07:08:06+00:00\",\"mainEntityOfPage\":{\"@id\":\"https:\\\/\\\/www.jaermuseet.no\\\/flyhistorisk\\\/flygebladet-2\\\/\"},\"wordCount\":1357,\"image\":{\"@id\":\"https:\\\/\\\/www.jaermuseet.no\\\/flyhistorisk\\\/flygebladet-2\\\/#primaryimage\"},\"thumbnailUrl\":\"https:\\\/\\\/www.jaermuseet.no\\\/flyhistorisk\\\/wp-content\\\/uploads\\\/sites\\\/4\\\/2018\\\/04\\\/Puma2.jpg\",\"articleSection\":[\"Aktuelt\"],\"inLanguage\":\"nn-NO\"},{\"@type\":\"WebPage\",\"@id\":\"https:\\\/\\\/www.jaermuseet.no\\\/flyhistorisk\\\/flygebladet-2\\\/\",\"url\":\"https:\\\/\\\/www.jaermuseet.no\\\/flyhistorisk\\\/flygebladet-2\\\/\",\"name\":\"FLYGEBLADET - Flyhistorisk Museum Sola\",\"isPartOf\":{\"@id\":\"https:\\\/\\\/www.jaermuseet.no\\\/flyhistorisk\\\/#website\"},\"primaryImageOfPage\":{\"@id\":\"https:\\\/\\\/www.jaermuseet.no\\\/flyhistorisk\\\/flygebladet-2\\\/#primaryimage\"},\"image\":{\"@id\":\"https:\\\/\\\/www.jaermuseet.no\\\/flyhistorisk\\\/flygebladet-2\\\/#primaryimage\"},\"thumbnailUrl\":\"https:\\\/\\\/www.jaermuseet.no\\\/flyhistorisk\\\/wp-content\\\/uploads\\\/sites\\\/4\\\/2018\\\/04\\\/Puma2.jpg\",\"datePublished\":\"2018-04-17T11:46:25+00:00\",\"dateModified\":\"2018-06-27T07:08:06+00:00\",\"author\":{\"@id\":\"https:\\\/\\\/www.jaermuseet.no\\\/flyhistorisk\\\/#\\\/schema\\\/person\\\/fb7c64a141b10ccbf139c101c1c39297\"},\"breadcrumb\":{\"@id\":\"https:\\\/\\\/www.jaermuseet.no\\\/flyhistorisk\\\/flygebladet-2\\\/#breadcrumb\"},\"inLanguage\":\"nn-NO\",\"potentialAction\":[{\"@type\":\"ReadAction\",\"target\":[\"https:\\\/\\\/www.jaermuseet.no\\\/flyhistorisk\\\/flygebladet-2\\\/\"]}]},{\"@type\":\"ImageObject\",\"inLanguage\":\"nn-NO\",\"@id\":\"https:\\\/\\\/www.jaermuseet.no\\\/flyhistorisk\\\/flygebladet-2\\\/#primaryimage\",\"url\":\"https:\\\/\\\/www.jaermuseet.no\\\/flyhistorisk\\\/wp-content\\\/uploads\\\/sites\\\/4\\\/2018\\\/04\\\/Puma2.jpg\",\"contentUrl\":\"https:\\\/\\\/www.jaermuseet.no\\\/flyhistorisk\\\/wp-content\\\/uploads\\\/sites\\\/4\\\/2018\\\/04\\\/Puma2.jpg\",\"width\":1102,\"height\":565},{\"@type\":\"BreadcrumbList\",\"@id\":\"https:\\\/\\\/www.jaermuseet.no\\\/flyhistorisk\\\/flygebladet-2\\\/#breadcrumb\",\"itemListElement\":[{\"@type\":\"ListItem\",\"position\":1,\"name\":\"Hjem\",\"item\":\"https:\\\/\\\/www.jaermuseet.no\\\/flyhistorisk\\\/\"},{\"@type\":\"ListItem\",\"position\":2,\"name\":\"FLYGEBLADET\"}]},{\"@type\":\"WebSite\",\"@id\":\"https:\\\/\\\/www.jaermuseet.no\\\/flyhistorisk\\\/#website\",\"url\":\"https:\\\/\\\/www.jaermuseet.no\\\/flyhistorisk\\\/\",\"name\":\"Flyhistorisk Museum Sola\",\"description\":\"One of Norway\u2019s largest civil collections of airplanes\",\"potentialAction\":[{\"@type\":\"SearchAction\",\"target\":{\"@type\":\"EntryPoint\",\"urlTemplate\":\"https:\\\/\\\/www.jaermuseet.no\\\/flyhistorisk\\\/?s={search_term_string}\"},\"query-input\":{\"@type\":\"PropertyValueSpecification\",\"valueRequired\":true,\"valueName\":\"search_term_string\"}}],\"inLanguage\":\"nn-NO\"},{\"@type\":\"Person\",\"@id\":\"https:\\\/\\\/www.jaermuseet.no\\\/flyhistorisk\\\/#\\\/schema\\\/person\\\/fb7c64a141b10ccbf139c101c1c39297\",\"name\":\"Flyhistorisk\",\"image\":{\"@type\":\"ImageObject\",\"inLanguage\":\"nn-NO\",\"@id\":\"https:\\\/\\\/secure.gravatar.com\\\/avatar\\\/6a67dd7f87836b69b29b49028b01bea26bbf872caff3451d17e160f5c4c6e156?s=96&d=mm&r=g\",\"url\":\"https:\\\/\\\/secure.gravatar.com\\\/avatar\\\/6a67dd7f87836b69b29b49028b01bea26bbf872caff3451d17e160f5c4c6e156?s=96&d=mm&r=g\",\"contentUrl\":\"https:\\\/\\\/secure.gravatar.com\\\/avatar\\\/6a67dd7f87836b69b29b49028b01bea26bbf872caff3451d17e160f5c4c6e156?s=96&d=mm&r=g\",\"caption\":\"Flyhistorisk\"},\"url\":\"https:\\\/\\\/www.jaermuseet.no\\\/flyhistorisk\\\/author\\\/flyhistorisk\\\/\"}]}<\/script>\n<!-- \/ Yoast SEO plugin. -->","yoast_head_json":{"title":"FLYGEBLADET - Flyhistorisk Museum Sola","robots":{"index":"index","follow":"follow","max-snippet":"max-snippet:-1","max-image-preview":"max-image-preview:large","max-video-preview":"max-video-preview:-1"},"canonical":"https:\/\/www.jaermuseet.no\/flyhistorisk\/flygebladet-2\/","og_locale":"nn_NO","og_type":"article","og_title":"FLYGEBLADET - Flyhistorisk Museum Sola","og_description":"Tekst &amp; foto: Egil Endresen, Styreleder Venneforeningen Bes\u00f8k fra Bod\u00f8...","og_url":"https:\/\/www.jaermuseet.no\/flyhistorisk\/flygebladet-2\/","og_site_name":"Flyhistorisk Museum Sola","article_published_time":"2018-04-17T11:46:25+00:00","article_modified_time":"2018-06-27T07:08:06+00:00","og_image":[{"width":1102,"height":565,"url":"https:\/\/www.jaermuseet.no\/flyhistorisk\/wp-content\/uploads\/sites\/4\/2018\/04\/Puma2.jpg","type":"image\/jpeg"}],"author":"Flyhistorisk","twitter_card":"summary_large_image","twitter_misc":{"Written by":"Flyhistorisk","Est. reading time":"7 minutt"},"schema":{"@context":"https:\/\/schema.org","@graph":[{"@type":"Article","@id":"https:\/\/www.jaermuseet.no\/flyhistorisk\/flygebladet-2\/#article","isPartOf":{"@id":"https:\/\/www.jaermuseet.no\/flyhistorisk\/flygebladet-2\/"},"author":{"name":"Flyhistorisk","@id":"https:\/\/www.jaermuseet.no\/flyhistorisk\/#\/schema\/person\/fb7c64a141b10ccbf139c101c1c39297"},"headline":"FLYGEBLADET","datePublished":"2018-04-17T11:46:25+00:00","dateModified":"2018-06-27T07:08:06+00:00","mainEntityOfPage":{"@id":"https:\/\/www.jaermuseet.no\/flyhistorisk\/flygebladet-2\/"},"wordCount":1357,"image":{"@id":"https:\/\/www.jaermuseet.no\/flyhistorisk\/flygebladet-2\/#primaryimage"},"thumbnailUrl":"https:\/\/www.jaermuseet.no\/flyhistorisk\/wp-content\/uploads\/sites\/4\/2018\/04\/Puma2.jpg","articleSection":["Aktuelt"],"inLanguage":"nn-NO"},{"@type":"WebPage","@id":"https:\/\/www.jaermuseet.no\/flyhistorisk\/flygebladet-2\/","url":"https:\/\/www.jaermuseet.no\/flyhistorisk\/flygebladet-2\/","name":"FLYGEBLADET - Flyhistorisk Museum Sola","isPartOf":{"@id":"https:\/\/www.jaermuseet.no\/flyhistorisk\/#website"},"primaryImageOfPage":{"@id":"https:\/\/www.jaermuseet.no\/flyhistorisk\/flygebladet-2\/#primaryimage"},"image":{"@id":"https:\/\/www.jaermuseet.no\/flyhistorisk\/flygebladet-2\/#primaryimage"},"thumbnailUrl":"https:\/\/www.jaermuseet.no\/flyhistorisk\/wp-content\/uploads\/sites\/4\/2018\/04\/Puma2.jpg","datePublished":"2018-04-17T11:46:25+00:00","dateModified":"2018-06-27T07:08:06+00:00","author":{"@id":"https:\/\/www.jaermuseet.no\/flyhistorisk\/#\/schema\/person\/fb7c64a141b10ccbf139c101c1c39297"},"breadcrumb":{"@id":"https:\/\/www.jaermuseet.no\/flyhistorisk\/flygebladet-2\/#breadcrumb"},"inLanguage":"nn-NO","potentialAction":[{"@type":"ReadAction","target":["https:\/\/www.jaermuseet.no\/flyhistorisk\/flygebladet-2\/"]}]},{"@type":"ImageObject","inLanguage":"nn-NO","@id":"https:\/\/www.jaermuseet.no\/flyhistorisk\/flygebladet-2\/#primaryimage","url":"https:\/\/www.jaermuseet.no\/flyhistorisk\/wp-content\/uploads\/sites\/4\/2018\/04\/Puma2.jpg","contentUrl":"https:\/\/www.jaermuseet.no\/flyhistorisk\/wp-content\/uploads\/sites\/4\/2018\/04\/Puma2.jpg","width":1102,"height":565},{"@type":"BreadcrumbList","@id":"https:\/\/www.jaermuseet.no\/flyhistorisk\/flygebladet-2\/#breadcrumb","itemListElement":[{"@type":"ListItem","position":1,"name":"Hjem","item":"https:\/\/www.jaermuseet.no\/flyhistorisk\/"},{"@type":"ListItem","position":2,"name":"FLYGEBLADET"}]},{"@type":"WebSite","@id":"https:\/\/www.jaermuseet.no\/flyhistorisk\/#website","url":"https:\/\/www.jaermuseet.no\/flyhistorisk\/","name":"Flyhistorisk Museum Sola","description":"One of Norway\u2019s largest civil collections of airplanes","potentialAction":[{"@type":"SearchAction","target":{"@type":"EntryPoint","urlTemplate":"https:\/\/www.jaermuseet.no\/flyhistorisk\/?s={search_term_string}"},"query-input":{"@type":"PropertyValueSpecification","valueRequired":true,"valueName":"search_term_string"}}],"inLanguage":"nn-NO"},{"@type":"Person","@id":"https:\/\/www.jaermuseet.no\/flyhistorisk\/#\/schema\/person\/fb7c64a141b10ccbf139c101c1c39297","name":"Flyhistorisk","image":{"@type":"ImageObject","inLanguage":"nn-NO","@id":"https:\/\/secure.gravatar.com\/avatar\/6a67dd7f87836b69b29b49028b01bea26bbf872caff3451d17e160f5c4c6e156?s=96&d=mm&r=g","url":"https:\/\/secure.gravatar.com\/avatar\/6a67dd7f87836b69b29b49028b01bea26bbf872caff3451d17e160f5c4c6e156?s=96&d=mm&r=g","contentUrl":"https:\/\/secure.gravatar.com\/avatar\/6a67dd7f87836b69b29b49028b01bea26bbf872caff3451d17e160f5c4c6e156?s=96&d=mm&r=g","caption":"Flyhistorisk"},"url":"https:\/\/www.jaermuseet.no\/flyhistorisk\/author\/flyhistorisk\/"}]}},"cc_featured_image_caption":{"caption_text":"","source_text":"","source_url":""},"jetpack_featured_media_url":"https:\/\/www.jaermuseet.no\/flyhistorisk\/wp-content\/uploads\/sites\/4\/2018\/04\/Puma2.jpg","jetpack_sharing_enabled":true,"_links":{"self":[{"href":"https:\/\/www.jaermuseet.no\/flyhistorisk\/wp-json\/wp\/v2\/posts\/926","targetHints":{"allow":["GET"]}}],"collection":[{"href":"https:\/\/www.jaermuseet.no\/flyhistorisk\/wp-json\/wp\/v2\/posts"}],"about":[{"href":"https:\/\/www.jaermuseet.no\/flyhistorisk\/wp-json\/wp\/v2\/types\/post"}],"author":[{"embeddable":true,"href":"https:\/\/www.jaermuseet.no\/flyhistorisk\/wp-json\/wp\/v2\/users\/3"}],"replies":[{"embeddable":true,"href":"https:\/\/www.jaermuseet.no\/flyhistorisk\/wp-json\/wp\/v2\/comments?post=926"}],"version-history":[{"count":7,"href":"https:\/\/www.jaermuseet.no\/flyhistorisk\/wp-json\/wp\/v2\/posts\/926\/revisions"}],"predecessor-version":[{"id":959,"href":"https:\/\/www.jaermuseet.no\/flyhistorisk\/wp-json\/wp\/v2\/posts\/926\/revisions\/959"}],"wp:featuredmedia":[{"embeddable":true,"href":"https:\/\/www.jaermuseet.no\/flyhistorisk\/wp-json\/wp\/v2\/media\/939"}],"wp:attachment":[{"href":"https:\/\/www.jaermuseet.no\/flyhistorisk\/wp-json\/wp\/v2\/media?parent=926"}],"wp:term":[{"taxonomy":"category","embeddable":true,"href":"https:\/\/www.jaermuseet.no\/flyhistorisk\/wp-json\/wp\/v2\/categories?post=926"},{"taxonomy":"post_tag","embeddable":true,"href":"https:\/\/www.jaermuseet.no\/flyhistorisk\/wp-json\/wp\/v2\/tags?post=926"}],"curies":[{"name":"wp","href":"https:\/\/api.w.org\/{rel}","templated":true}]}}