{"id":8,"date":"2013-06-26T13:31:33","date_gmt":"2013-06-26T12:31:33","guid":{"rendered":"https:\/\/www.jaermuseet.no\/flyhistorisk\/sommerapent-pa-flymuseet\/"},"modified":"2015-10-01T11:17:42","modified_gmt":"2015-10-01T09:17:42","slug":"sommerapent-pa-flymuseet","status":"publish","type":"post","link":"https:\/\/www.jaermuseet.no\/flyhistorisk\/sommerapent-pa-flymuseet\/","title":{"rendered":"Sommer\u00e5pent p\u00e5 flymuseet"},"content":{"rendered":"<p style=\"text-align: justify;line-height: normal;margin-bottom: 0pt\"><span style=\"font-family: 'Times New Roman','serif';font-size: 12pt\"><strong><span style=\"font-family: 'Times New Roman','serif';font-size: 12pt\"><strong>Frem til og med s\u00f8ndag 18. august har Flyhistorisk Museum Sola \u00e5pent fra tirsdag til s\u00f8ndag mellom klokken 12:00 og 16:00.<\/strong> <\/span><\/strong><\/span><\/p>\n<p>At man finner et flymuseum ved Stavanger Lufthavn, Sola er ingen tilfeldighet. Da flyplassen \u00e5pnet i 1937 var det som landets f\u00f8rste sivile landflyplass. Med sine to rullebaner i betong var flyplassen uhyre moderne, selv i internasjonal m\u00e5lestokk. Dette kan eksemplifiseres ved at flyplassen var den nest f\u00f8rste i hele Europa som fikk et fast banedekke p\u00e5 rullebanene.<\/p>\n<p>Med sin strategiske posisjon i det s\u00f8rlige Norge langs den viktige J\u00e6rkysten var flyplassen et h\u00f8yt prioritert angrepsm\u00e5l under den tyske invasjonen av Norge 9. april 1940. Dette kommer klart til uttrykk i de store ressursene tyskerne la ned i angrepet mot flyplassen under invasjonen, og de store utbyggingene de gjennomf\u00f8rte i omr\u00e5det gjennom hele okkupasjonstiden.<\/p>\n<p><img loading=\"lazy\" decoding=\"async\" style=\"width: 383px;height: 349px;margin-right: 10px;margin-bottom: 10px;float: left\" src=\"https:\/\/www.jaermuseet.no\/wp-content\/uploads\/sites\/4\/2013\/06\/2_-_Kopi.jpg\" alt=\"2 - Kopi\" width=\"386\" height=\"338\" \/>De tyske utbyggingene og utvidelsene av flyplassen gav det norske forsvaret og v\u00e5re NATO-allierte en milit\u00e6r flystasjon av ypperste klasse p\u00e5 Sola i etterkrigstiden. F\u00f8rste halvdel av 1950-\u00e5rene var Sola Hovedflystasjon Norges viktigste milit\u00e6re flyplass. Flyplassens milit\u00e6re topp\u00e5r var 1954\/55. Da var omkring 100 milit\u00e6rfly fast stasjonert p\u00e5 Sola. P\u00e5 starten av 1950-tallet var det spesielt en flytype som satte sitt preg p\u00e5 Sola og det norske luftforsvaret, Republic F-84 Thunderjet.<\/p>\n<p><span style=\"font-family: 'Times New Roman','serif';font-size: 12pt\">Ingen annen flytype har tjenestegjort i s\u00e5 stort antall i Norge som Republic F-84 Thunderjet. Flytypen var med p\u00e5 \u00e5 bygge opp Luftforsvaret i f\u00f8rste halvdel av 1950-\u00e5rene. Samtlige 206 fly ble levert som en del av det amerikanske v\u00e5penhjelp-programmet.<\/span><\/p>\n<p>10. september 1951 fikk 334 skvadron her p\u00e5 Sola \u00e6ren av \u00e5 bli Luftforsvarts f\u00f8rste Thunderjet-skvadron. Denne dagen ble de seks f\u00f8rste F-84 overrakt Luftforsvaret. Selveste general Eisenhower, senere president i USA, stod i spissen for overrekkelsen, en begivenhet bevitnet av over 6000 tilskuere.<\/p>\n<p style=\"text-align: justify;line-height: normal;margin-bottom: 0pt\"><span style=\"font-family: 'Times New Roman','serif';font-size: 12pt\"> <span style=\"font-family: 'Times New Roman','serif';font-size: 12pt\"><img loading=\"lazy\" decoding=\"async\" style=\"margin-right: 10px;margin-bottom: 10px\" src=\"https:\/\/www.jaermuseet.no\/wp-content\/uploads\/sites\/4\/2013\/06\/1.jpg\" alt=\"1\" width=\"679\" height=\"288\" \/><\/span>De f\u00f8rste seks flyene var av E-modellen. De \u00f8vrige 200 var G-modeller. Til sammen ble seks Thunderjet-skvadroner med 25 fly hver satt opp i Norge mellom 1952 og 1954. Tre av disse skvadronene hadde tilhold p\u00e5 Sola da de mottok sine Thunderjets. En operativ skvadron bestod egentlig av 16 fly, men hver skvadron hadde ni fly i reserve for \u00e5 konstant kunne opprettholde full beredskap. <\/span><\/p>\n<p>Dessverre var Thunderjet-perioden preget av en rekke ulykker, mange med d\u00f8delig utgang. Under sine ni \u00e5r i Luftforsvaret fl\u00f8y flytypen beskjedene 200 000 timer, hvilket er undre 1000 timer per fly. I l\u00f8pet av denne perioden ble hele 92 fly avskrevet og ikke mindre enn 34 piloter omkom som f\u00f8lge av ulike ulykker.<\/p>\n<p>Formiddagen 21. august 1952 tok fire Thunderjet fra 334 skvadron av fra Sola for et \u00f8vingstokt. Klokken 11:10 var ulykken et faktum. I tett formasjon like over g\u00e5rden Steinsland p\u00e5 S\u00f8rby, Rennes\u00f8y kom Sersjant Bjarne Salte borti halen p\u00e5 flyet til Sersjant Audun Vea. Halen, tipp<span style=\"font-family: 'Times New Roman','serif';font-size: 12pt\">tanker og til slutt den ene vingen falt av flyet til Vea som var oppslukt av flammer. Vea lyktes i \u00e5 skyte seg ut. Pilotskjermen tok fyr og falt av, men hovedskjermen foldet seg fint ut. Da Vea ikke klarer \u00e5 fri seg fra stolen landet han sittende i den ca. 1200 meter s\u00f8r for g\u00e5rden Steinsland. Dette var den f\u00f8rste utskytningen fra en jetjager i Skandinavia. Stolen fra den historiske hendelsen st\u00e5r utstilt p\u00e5 Flyhistorisk Museum Sola side om side med museets Thunderjet. Sersjant Bjarne Salte fikk returnert og landet trygt p\u00e5 Sola etter den dramatisk kollisjonen. <\/span><\/p>\n<p><span style=\"font-family: 'Times New Roman','serif';font-size: 12pt\">Gjennom 1950-tallet ble det ved hjelp av midler fra det amerikanske v\u00e5penhjelpprogrammet bygd ut stadig flere milit\u00e6re flystasjoner i Norge. Den milit\u00e6re flyaktiviteten p\u00e5 Sola ble dermed gradvis redusert med opprettelsen av nye jagerflybaser over hele landet. I 1982 ble 718 skvadron nedlagt som den siste operative jagerflyskvadronen med base p\u00e5 Sola. <\/span><\/p>\n<p>&nbsp;<\/p>\n<p><span style=\"font-family: 'Times New Roman','serif';font-size: 12pt\">\u00d8nsker du \u00e5 l\u00e6re mer om denne interessante og spennende historien er Flyhistorisk Museum Sola plassen \u00e5 bes\u00f8ke i sommer. I tillegg til \u00e5 ha alle jetjagere det norske luftforsvaret tidligere har operert stilt ut i sin utstilling finner man ogs\u00e5 en rekke klassikere fra andre verdenskrig og sivil luftfart fra etterkrigstiden blant museets over 40 utstilte fly! <\/span><\/p>\n<p><span style=\"font-family: 'Times New Roman','serif';font-size: 12pt\"><strong>Frem til og med s\u00f8ndag 18. august har flymuseet \u00e5pent fra tirsdag til s\u00f8ndag mellom klokken 12:00 og 16:00.<\/strong> <\/span><\/p>\n","protected":false},"excerpt":{"rendered":"<p style=\"line-height: normal;margin-bottom: 0pt\"><span style=\"font-family: 'Times New Roman','serif';font-size: 12pt\"><img loading=\"lazy\" decoding=\"async\" width=\"282\" height=\"216\" style=\"margin-right: 10px;margin-bottom: 10px;float: left\" alt=\"6 - Kopi\" src=\"https:\/\/www.jaermuseet.no\/wp-content\/uploads\/sites\/4\/2013\/06\/6_-_Kopi.JPG\" \/>Frem til og med s\u00f8ndag 18. august har flymuseet \u00e5pent fra tirsdag til s\u00f8ndag mellom klokken 12:00 og 16:00. <br \/><\/span><\/p>\n","protected":false},"author":3,"featured_media":366,"comment_status":"open","ping_status":"open","sticky":false,"template":"","format":"standard","meta":{"_acf_changed":false,"_jetpack_memberships_contains_paid_content":false,"footnotes":""},"categories":[2],"tags":[],"class_list":["post-8","post","type-post","status-publish","format-standard","has-post-thumbnail","hentry","category-aktuelt","featured-image-size-large"],"acf":[],"yoast_head":"<!-- This site is optimized with the Yoast SEO plugin v27.4 - https:\/\/yoast.com\/product\/yoast-seo-wordpress\/ -->\n<title>Sommer\u00e5pent p\u00e5 flymuseet - Flyhistorisk Museum Sola<\/title>\n<meta name=\"robots\" content=\"index, follow, max-snippet:-1, max-image-preview:large, max-video-preview:-1\" \/>\n<link rel=\"canonical\" href=\"https:\/\/www.jaermuseet.no\/flyhistorisk\/sommerapent-pa-flymuseet\/\" \/>\n<meta property=\"og:locale\" content=\"nn_NO\" \/>\n<meta property=\"og:type\" content=\"article\" \/>\n<meta property=\"og:title\" content=\"Sommer\u00e5pent p\u00e5 flymuseet - Flyhistorisk Museum Sola\" \/>\n<meta property=\"og:description\" content=\"Frem til og med s\u00f8ndag 18. august har flymuseet \u00e5pent fra tirsdag til s\u00f8ndag mellom klokken 12:00 og 16:00.\" \/>\n<meta property=\"og:url\" content=\"https:\/\/www.jaermuseet.no\/flyhistorisk\/sommerapent-pa-flymuseet\/\" \/>\n<meta property=\"og:site_name\" content=\"Flyhistorisk Museum Sola\" \/>\n<meta property=\"article:published_time\" content=\"2013-06-26T12:31:33+00:00\" \/>\n<meta property=\"article:modified_time\" content=\"2015-10-01T09:17:42+00:00\" \/>\n<meta property=\"og:image\" content=\"https:\/\/www.jaermuseet.no\/flyhistorisk\/wp-content\/uploads\/sites\/4\/2014\/05\/Sommerp\u00e5pent2.jpg\" \/>\n\t<meta property=\"og:image:width\" content=\"3264\" \/>\n\t<meta property=\"og:image:height\" content=\"1836\" \/>\n\t<meta property=\"og:image:type\" content=\"image\/jpeg\" \/>\n<meta name=\"author\" content=\"Flyhistorisk\" \/>\n<meta name=\"twitter:card\" content=\"summary_large_image\" \/>\n<meta name=\"twitter:label1\" content=\"Written by\" \/>\n\t<meta name=\"twitter:data1\" content=\"Flyhistorisk\" \/>\n\t<meta name=\"twitter:label2\" content=\"Est. reading time\" \/>\n\t<meta name=\"twitter:data2\" content=\"3 minutt\" \/>\n<script type=\"application\/ld+json\" class=\"yoast-schema-graph\">{\"@context\":\"https:\\\/\\\/schema.org\",\"@graph\":[{\"@type\":\"Article\",\"@id\":\"https:\\\/\\\/www.jaermuseet.no\\\/flyhistorisk\\\/sommerapent-pa-flymuseet\\\/#article\",\"isPartOf\":{\"@id\":\"https:\\\/\\\/www.jaermuseet.no\\\/flyhistorisk\\\/sommerapent-pa-flymuseet\\\/\"},\"author\":{\"name\":\"Flyhistorisk\",\"@id\":\"https:\\\/\\\/www.jaermuseet.no\\\/flyhistorisk\\\/#\\\/schema\\\/person\\\/fb7c64a141b10ccbf139c101c1c39297\"},\"headline\":\"Sommer\u00e5pent p\u00e5 flymuseet\",\"datePublished\":\"2013-06-26T12:31:33+00:00\",\"dateModified\":\"2015-10-01T09:17:42+00:00\",\"mainEntityOfPage\":{\"@id\":\"https:\\\/\\\/www.jaermuseet.no\\\/flyhistorisk\\\/sommerapent-pa-flymuseet\\\/\"},\"wordCount\":686,\"commentCount\":0,\"image\":{\"@id\":\"https:\\\/\\\/www.jaermuseet.no\\\/flyhistorisk\\\/sommerapent-pa-flymuseet\\\/#primaryimage\"},\"thumbnailUrl\":\"https:\\\/\\\/www.jaermuseet.no\\\/flyhistorisk\\\/wp-content\\\/uploads\\\/sites\\\/4\\\/2014\\\/05\\\/Sommerp\u00e5pent2.jpg\",\"articleSection\":[\"Aktuelt\"],\"inLanguage\":\"nn-NO\",\"potentialAction\":[{\"@type\":\"CommentAction\",\"name\":\"Comment\",\"target\":[\"https:\\\/\\\/www.jaermuseet.no\\\/flyhistorisk\\\/sommerapent-pa-flymuseet\\\/#respond\"]}]},{\"@type\":\"WebPage\",\"@id\":\"https:\\\/\\\/www.jaermuseet.no\\\/flyhistorisk\\\/sommerapent-pa-flymuseet\\\/\",\"url\":\"https:\\\/\\\/www.jaermuseet.no\\\/flyhistorisk\\\/sommerapent-pa-flymuseet\\\/\",\"name\":\"Sommer\u00e5pent p\u00e5 flymuseet - Flyhistorisk Museum Sola\",\"isPartOf\":{\"@id\":\"https:\\\/\\\/www.jaermuseet.no\\\/flyhistorisk\\\/#website\"},\"primaryImageOfPage\":{\"@id\":\"https:\\\/\\\/www.jaermuseet.no\\\/flyhistorisk\\\/sommerapent-pa-flymuseet\\\/#primaryimage\"},\"image\":{\"@id\":\"https:\\\/\\\/www.jaermuseet.no\\\/flyhistorisk\\\/sommerapent-pa-flymuseet\\\/#primaryimage\"},\"thumbnailUrl\":\"https:\\\/\\\/www.jaermuseet.no\\\/flyhistorisk\\\/wp-content\\\/uploads\\\/sites\\\/4\\\/2014\\\/05\\\/Sommerp\u00e5pent2.jpg\",\"datePublished\":\"2013-06-26T12:31:33+00:00\",\"dateModified\":\"2015-10-01T09:17:42+00:00\",\"author\":{\"@id\":\"https:\\\/\\\/www.jaermuseet.no\\\/flyhistorisk\\\/#\\\/schema\\\/person\\\/fb7c64a141b10ccbf139c101c1c39297\"},\"breadcrumb\":{\"@id\":\"https:\\\/\\\/www.jaermuseet.no\\\/flyhistorisk\\\/sommerapent-pa-flymuseet\\\/#breadcrumb\"},\"inLanguage\":\"nn-NO\",\"potentialAction\":[{\"@type\":\"ReadAction\",\"target\":[\"https:\\\/\\\/www.jaermuseet.no\\\/flyhistorisk\\\/sommerapent-pa-flymuseet\\\/\"]}]},{\"@type\":\"ImageObject\",\"inLanguage\":\"nn-NO\",\"@id\":\"https:\\\/\\\/www.jaermuseet.no\\\/flyhistorisk\\\/sommerapent-pa-flymuseet\\\/#primaryimage\",\"url\":\"https:\\\/\\\/www.jaermuseet.no\\\/flyhistorisk\\\/wp-content\\\/uploads\\\/sites\\\/4\\\/2014\\\/05\\\/Sommerp\u00e5pent2.jpg\",\"contentUrl\":\"https:\\\/\\\/www.jaermuseet.no\\\/flyhistorisk\\\/wp-content\\\/uploads\\\/sites\\\/4\\\/2014\\\/05\\\/Sommerp\u00e5pent2.jpg\",\"width\":3264,\"height\":1836},{\"@type\":\"BreadcrumbList\",\"@id\":\"https:\\\/\\\/www.jaermuseet.no\\\/flyhistorisk\\\/sommerapent-pa-flymuseet\\\/#breadcrumb\",\"itemListElement\":[{\"@type\":\"ListItem\",\"position\":1,\"name\":\"Hjem\",\"item\":\"https:\\\/\\\/www.jaermuseet.no\\\/flyhistorisk\\\/\"},{\"@type\":\"ListItem\",\"position\":2,\"name\":\"Sommer\u00e5pent p\u00e5 flymuseet\"}]},{\"@type\":\"WebSite\",\"@id\":\"https:\\\/\\\/www.jaermuseet.no\\\/flyhistorisk\\\/#website\",\"url\":\"https:\\\/\\\/www.jaermuseet.no\\\/flyhistorisk\\\/\",\"name\":\"Flyhistorisk Museum Sola\",\"description\":\"One of Norway\u2019s largest civil collections of airplanes\",\"potentialAction\":[{\"@type\":\"SearchAction\",\"target\":{\"@type\":\"EntryPoint\",\"urlTemplate\":\"https:\\\/\\\/www.jaermuseet.no\\\/flyhistorisk\\\/?s={search_term_string}\"},\"query-input\":{\"@type\":\"PropertyValueSpecification\",\"valueRequired\":true,\"valueName\":\"search_term_string\"}}],\"inLanguage\":\"nn-NO\"},{\"@type\":\"Person\",\"@id\":\"https:\\\/\\\/www.jaermuseet.no\\\/flyhistorisk\\\/#\\\/schema\\\/person\\\/fb7c64a141b10ccbf139c101c1c39297\",\"name\":\"Flyhistorisk\",\"image\":{\"@type\":\"ImageObject\",\"inLanguage\":\"nn-NO\",\"@id\":\"https:\\\/\\\/secure.gravatar.com\\\/avatar\\\/6a67dd7f87836b69b29b49028b01bea26bbf872caff3451d17e160f5c4c6e156?s=96&d=mm&r=g\",\"url\":\"https:\\\/\\\/secure.gravatar.com\\\/avatar\\\/6a67dd7f87836b69b29b49028b01bea26bbf872caff3451d17e160f5c4c6e156?s=96&d=mm&r=g\",\"contentUrl\":\"https:\\\/\\\/secure.gravatar.com\\\/avatar\\\/6a67dd7f87836b69b29b49028b01bea26bbf872caff3451d17e160f5c4c6e156?s=96&d=mm&r=g\",\"caption\":\"Flyhistorisk\"},\"url\":\"https:\\\/\\\/www.jaermuseet.no\\\/flyhistorisk\\\/author\\\/flyhistorisk\\\/\"}]}<\/script>\n<!-- \/ Yoast SEO plugin. -->","yoast_head_json":{"title":"Sommer\u00e5pent p\u00e5 flymuseet - Flyhistorisk Museum Sola","robots":{"index":"index","follow":"follow","max-snippet":"max-snippet:-1","max-image-preview":"max-image-preview:large","max-video-preview":"max-video-preview:-1"},"canonical":"https:\/\/www.jaermuseet.no\/flyhistorisk\/sommerapent-pa-flymuseet\/","og_locale":"nn_NO","og_type":"article","og_title":"Sommer\u00e5pent p\u00e5 flymuseet - Flyhistorisk Museum Sola","og_description":"Frem til og med s\u00f8ndag 18. august har flymuseet \u00e5pent fra tirsdag til s\u00f8ndag mellom klokken 12:00 og 16:00.","og_url":"https:\/\/www.jaermuseet.no\/flyhistorisk\/sommerapent-pa-flymuseet\/","og_site_name":"Flyhistorisk Museum Sola","article_published_time":"2013-06-26T12:31:33+00:00","article_modified_time":"2015-10-01T09:17:42+00:00","og_image":[{"width":3264,"height":1836,"url":"https:\/\/www.jaermuseet.no\/flyhistorisk\/wp-content\/uploads\/sites\/4\/2014\/05\/Sommerp\u00e5pent2.jpg","type":"image\/jpeg"}],"author":"Flyhistorisk","twitter_card":"summary_large_image","twitter_misc":{"Written by":"Flyhistorisk","Est. reading time":"3 minutt"},"schema":{"@context":"https:\/\/schema.org","@graph":[{"@type":"Article","@id":"https:\/\/www.jaermuseet.no\/flyhistorisk\/sommerapent-pa-flymuseet\/#article","isPartOf":{"@id":"https:\/\/www.jaermuseet.no\/flyhistorisk\/sommerapent-pa-flymuseet\/"},"author":{"name":"Flyhistorisk","@id":"https:\/\/www.jaermuseet.no\/flyhistorisk\/#\/schema\/person\/fb7c64a141b10ccbf139c101c1c39297"},"headline":"Sommer\u00e5pent p\u00e5 flymuseet","datePublished":"2013-06-26T12:31:33+00:00","dateModified":"2015-10-01T09:17:42+00:00","mainEntityOfPage":{"@id":"https:\/\/www.jaermuseet.no\/flyhistorisk\/sommerapent-pa-flymuseet\/"},"wordCount":686,"commentCount":0,"image":{"@id":"https:\/\/www.jaermuseet.no\/flyhistorisk\/sommerapent-pa-flymuseet\/#primaryimage"},"thumbnailUrl":"https:\/\/www.jaermuseet.no\/flyhistorisk\/wp-content\/uploads\/sites\/4\/2014\/05\/Sommerp\u00e5pent2.jpg","articleSection":["Aktuelt"],"inLanguage":"nn-NO","potentialAction":[{"@type":"CommentAction","name":"Comment","target":["https:\/\/www.jaermuseet.no\/flyhistorisk\/sommerapent-pa-flymuseet\/#respond"]}]},{"@type":"WebPage","@id":"https:\/\/www.jaermuseet.no\/flyhistorisk\/sommerapent-pa-flymuseet\/","url":"https:\/\/www.jaermuseet.no\/flyhistorisk\/sommerapent-pa-flymuseet\/","name":"Sommer\u00e5pent p\u00e5 flymuseet - Flyhistorisk Museum Sola","isPartOf":{"@id":"https:\/\/www.jaermuseet.no\/flyhistorisk\/#website"},"primaryImageOfPage":{"@id":"https:\/\/www.jaermuseet.no\/flyhistorisk\/sommerapent-pa-flymuseet\/#primaryimage"},"image":{"@id":"https:\/\/www.jaermuseet.no\/flyhistorisk\/sommerapent-pa-flymuseet\/#primaryimage"},"thumbnailUrl":"https:\/\/www.jaermuseet.no\/flyhistorisk\/wp-content\/uploads\/sites\/4\/2014\/05\/Sommerp\u00e5pent2.jpg","datePublished":"2013-06-26T12:31:33+00:00","dateModified":"2015-10-01T09:17:42+00:00","author":{"@id":"https:\/\/www.jaermuseet.no\/flyhistorisk\/#\/schema\/person\/fb7c64a141b10ccbf139c101c1c39297"},"breadcrumb":{"@id":"https:\/\/www.jaermuseet.no\/flyhistorisk\/sommerapent-pa-flymuseet\/#breadcrumb"},"inLanguage":"nn-NO","potentialAction":[{"@type":"ReadAction","target":["https:\/\/www.jaermuseet.no\/flyhistorisk\/sommerapent-pa-flymuseet\/"]}]},{"@type":"ImageObject","inLanguage":"nn-NO","@id":"https:\/\/www.jaermuseet.no\/flyhistorisk\/sommerapent-pa-flymuseet\/#primaryimage","url":"https:\/\/www.jaermuseet.no\/flyhistorisk\/wp-content\/uploads\/sites\/4\/2014\/05\/Sommerp\u00e5pent2.jpg","contentUrl":"https:\/\/www.jaermuseet.no\/flyhistorisk\/wp-content\/uploads\/sites\/4\/2014\/05\/Sommerp\u00e5pent2.jpg","width":3264,"height":1836},{"@type":"BreadcrumbList","@id":"https:\/\/www.jaermuseet.no\/flyhistorisk\/sommerapent-pa-flymuseet\/#breadcrumb","itemListElement":[{"@type":"ListItem","position":1,"name":"Hjem","item":"https:\/\/www.jaermuseet.no\/flyhistorisk\/"},{"@type":"ListItem","position":2,"name":"Sommer\u00e5pent p\u00e5 flymuseet"}]},{"@type":"WebSite","@id":"https:\/\/www.jaermuseet.no\/flyhistorisk\/#website","url":"https:\/\/www.jaermuseet.no\/flyhistorisk\/","name":"Flyhistorisk Museum Sola","description":"One of Norway\u2019s largest civil collections of airplanes","potentialAction":[{"@type":"SearchAction","target":{"@type":"EntryPoint","urlTemplate":"https:\/\/www.jaermuseet.no\/flyhistorisk\/?s={search_term_string}"},"query-input":{"@type":"PropertyValueSpecification","valueRequired":true,"valueName":"search_term_string"}}],"inLanguage":"nn-NO"},{"@type":"Person","@id":"https:\/\/www.jaermuseet.no\/flyhistorisk\/#\/schema\/person\/fb7c64a141b10ccbf139c101c1c39297","name":"Flyhistorisk","image":{"@type":"ImageObject","inLanguage":"nn-NO","@id":"https:\/\/secure.gravatar.com\/avatar\/6a67dd7f87836b69b29b49028b01bea26bbf872caff3451d17e160f5c4c6e156?s=96&d=mm&r=g","url":"https:\/\/secure.gravatar.com\/avatar\/6a67dd7f87836b69b29b49028b01bea26bbf872caff3451d17e160f5c4c6e156?s=96&d=mm&r=g","contentUrl":"https:\/\/secure.gravatar.com\/avatar\/6a67dd7f87836b69b29b49028b01bea26bbf872caff3451d17e160f5c4c6e156?s=96&d=mm&r=g","caption":"Flyhistorisk"},"url":"https:\/\/www.jaermuseet.no\/flyhistorisk\/author\/flyhistorisk\/"}]}},"cc_featured_image_caption":{"caption_text":"","source_text":"","source_url":""},"jetpack_featured_media_url":"https:\/\/www.jaermuseet.no\/flyhistorisk\/wp-content\/uploads\/sites\/4\/2014\/05\/Sommerp\u00e5pent2.jpg","jetpack_sharing_enabled":true,"_links":{"self":[{"href":"https:\/\/www.jaermuseet.no\/flyhistorisk\/wp-json\/wp\/v2\/posts\/8","targetHints":{"allow":["GET"]}}],"collection":[{"href":"https:\/\/www.jaermuseet.no\/flyhistorisk\/wp-json\/wp\/v2\/posts"}],"about":[{"href":"https:\/\/www.jaermuseet.no\/flyhistorisk\/wp-json\/wp\/v2\/types\/post"}],"author":[{"embeddable":true,"href":"https:\/\/www.jaermuseet.no\/flyhistorisk\/wp-json\/wp\/v2\/users\/3"}],"replies":[{"embeddable":true,"href":"https:\/\/www.jaermuseet.no\/flyhistorisk\/wp-json\/wp\/v2\/comments?post=8"}],"version-history":[{"count":1,"href":"https:\/\/www.jaermuseet.no\/flyhistorisk\/wp-json\/wp\/v2\/posts\/8\/revisions"}],"predecessor-version":[{"id":357,"href":"https:\/\/www.jaermuseet.no\/flyhistorisk\/wp-json\/wp\/v2\/posts\/8\/revisions\/357"}],"wp:featuredmedia":[{"embeddable":true,"href":"https:\/\/www.jaermuseet.no\/flyhistorisk\/wp-json\/wp\/v2\/media\/366"}],"wp:attachment":[{"href":"https:\/\/www.jaermuseet.no\/flyhistorisk\/wp-json\/wp\/v2\/media?parent=8"}],"wp:term":[{"taxonomy":"category","embeddable":true,"href":"https:\/\/www.jaermuseet.no\/flyhistorisk\/wp-json\/wp\/v2\/categories?post=8"},{"taxonomy":"post_tag","embeddable":true,"href":"https:\/\/www.jaermuseet.no\/flyhistorisk\/wp-json\/wp\/v2\/tags?post=8"}],"curies":[{"name":"wp","href":"https:\/\/api.w.org\/{rel}","templated":true}]}}