{"id":6,"date":"2012-09-21T09:23:20","date_gmt":"2012-09-21T08:23:20","guid":{"rendered":"https:\/\/www.jaermuseet.no\/flyhistorisk\/vardugnad-pa-flymuseet\/"},"modified":"2015-10-01T11:18:32","modified_gmt":"2015-10-01T09:18:32","slug":"vardugnad-pa-flymuseet","status":"publish","type":"post","link":"https:\/\/www.jaermuseet.no\/flyhistorisk\/vardugnad-pa-flymuseet\/","title":{"rendered":"V\u00e5rdugnad p\u00e5 Flymuseet"},"content":{"rendered":"<p><span style=\"line-height: 115%;font-family: 'Calibri', 'sans-serif';font-size: 12pt\"><span style=\"line-height: 115%;font-family: 'Calibri', 'sans-serif';font-size: 12pt\"><strong>Ved v\u00e5rens ankomst v\u00e5kner en rekke av J\u00e6rmuseets avdelinger til nytt liv etter en forholdsvis stille periode i vinterdvale. Flyhistorisk Museum Sola er intet unntak.<\/strong> <\/span><\/span><\/p>\n<p style=\"text-align: justify\"><span style=\"line-height: 115%;font-family: 'Calibri', 'sans-serif';font-size: 12pt\">L\u00f8rdag 6. april summet <\/span><span style=\"line-height: 115%;font-family: 'Calibri', 'sans-serif';font-size: 12pt\">museet atter en gang av liv. Et tjuetalls av ildsjelene i museets venneforening hadde satt av denne str\u00e5lende l\u00f8rdagen til dugnadsjobbing i museet. Gjennom hele dagen var museets medlemmer \u00e5 finne h\u00f8yt, lavt, over, opp\u00e5, under og mellom de godt over 30 flyene, de utallige motorene og montrene du finner i museets utstilling. Fly ble pusset og t\u00f8rrmoppet, glass ble rengjort og skilt og andre effekter fikk en tiltrengt st\u00f8vt\u00f8rk. Med dette, er museet et stort skritt n\u00e6rmere \u00e5rets sesong\u00e5pning s\u00f8ndag 5. mai.<\/span><\/p>\n<p style=\"text-align: justify\"><span style=\"line-height: 115%;font-family: 'Calibri', 'sans-serif';font-size: 12pt\"><span style=\"line-height: 115%;font-family: 'Calibri', 'sans-serif';font-size: 12pt\">Mockupcockpiten av en F-84 Thunderjet blir her forvist til et av museets lagre for \u00e5 gj\u00f8re plass til den kommende Heinkel He 115-utstillingen museet i skrivende stund har under utarbeiding. <\/span><\/span><\/p>\n<p style=\"margin-bottom: 0pt\"><span style=\"line-height: 115%;font-size: 12pt\">Det meste vedr\u00f8rende Flyhistorisk Museum Sola er av det h\u00f8ytflygende slaget, inkludert v\u00e5rdugnaden! <\/span><\/p>\n<p style=\"margin-bottom: 0pt\">\n","protected":false},"excerpt":{"rendered":"<p style=\"text-align: justify\"><span style=\"line-height: 115%;font-family: 'Calibri', 'sans-serif';font-size: 12pt\"><strong>Ved v\u00e5rens ankomst v\u00e5kner en rekke av J\u00e6rmuseets avdelinger til nytt liv etter en forholdsvis stille periode i vinterdvale. Flyhistorisk Museum Sola er intet unntak.<\/strong> <\/span><\/p>\n","protected":false},"author":3,"featured_media":362,"comment_status":"open","ping_status":"open","sticky":false,"template":"","format":"standard","meta":{"_acf_changed":false,"_jetpack_memberships_contains_paid_content":false,"footnotes":""},"categories":[2],"tags":[],"class_list":["post-6","post","type-post","status-publish","format-standard","has-post-thumbnail","hentry","category-aktuelt","featured-image-size-large"],"acf":[],"yoast_head":"<!-- This site is optimized with the Yoast SEO plugin v27.4 - https:\/\/yoast.com\/product\/yoast-seo-wordpress\/ -->\n<title>V\u00e5rdugnad p\u00e5 Flymuseet - Flyhistorisk Museum Sola<\/title>\n<meta name=\"robots\" content=\"index, follow, max-snippet:-1, max-image-preview:large, max-video-preview:-1\" \/>\n<link rel=\"canonical\" href=\"https:\/\/www.jaermuseet.no\/flyhistorisk\/vardugnad-pa-flymuseet\/\" \/>\n<meta property=\"og:locale\" content=\"nn_NO\" \/>\n<meta property=\"og:type\" content=\"article\" \/>\n<meta property=\"og:title\" content=\"V\u00e5rdugnad p\u00e5 Flymuseet - Flyhistorisk Museum Sola\" \/>\n<meta property=\"og:description\" content=\"Ved v\u00e5rens ankomst v\u00e5kner en rekke av J\u00e6rmuseets avdelinger til nytt liv etter en forholdsvis stille periode i vinterdvale. Flyhistorisk Museum Sola er intet unntak.\" \/>\n<meta property=\"og:url\" content=\"https:\/\/www.jaermuseet.no\/flyhistorisk\/vardugnad-pa-flymuseet\/\" \/>\n<meta property=\"og:site_name\" content=\"Flyhistorisk Museum Sola\" \/>\n<meta property=\"article:published_time\" content=\"2012-09-21T08:23:20+00:00\" \/>\n<meta property=\"article:modified_time\" content=\"2015-10-01T09:18:32+00:00\" \/>\n<meta property=\"og:image\" content=\"https:\/\/www.jaermuseet.no\/flyhistorisk\/wp-content\/uploads\/sites\/4\/2014\/05\/Dugnad-1024x768.jpg\" \/>\n\t<meta property=\"og:image:width\" content=\"1024\" \/>\n\t<meta property=\"og:image:height\" content=\"768\" \/>\n\t<meta property=\"og:image:type\" content=\"image\/jpeg\" \/>\n<meta name=\"author\" content=\"Flyhistorisk\" \/>\n<meta name=\"twitter:card\" content=\"summary_large_image\" \/>\n<meta name=\"twitter:label1\" content=\"Written by\" \/>\n\t<meta name=\"twitter:data1\" content=\"Flyhistorisk\" \/>\n\t<meta name=\"twitter:label2\" content=\"Est. reading time\" \/>\n\t<meta name=\"twitter:data2\" content=\"1 minutt\" \/>\n<script type=\"application\/ld+json\" class=\"yoast-schema-graph\">{\"@context\":\"https:\\\/\\\/schema.org\",\"@graph\":[{\"@type\":\"Article\",\"@id\":\"https:\\\/\\\/www.jaermuseet.no\\\/flyhistorisk\\\/vardugnad-pa-flymuseet\\\/#article\",\"isPartOf\":{\"@id\":\"https:\\\/\\\/www.jaermuseet.no\\\/flyhistorisk\\\/vardugnad-pa-flymuseet\\\/\"},\"author\":{\"name\":\"Flyhistorisk\",\"@id\":\"https:\\\/\\\/www.jaermuseet.no\\\/flyhistorisk\\\/#\\\/schema\\\/person\\\/fb7c64a141b10ccbf139c101c1c39297\"},\"headline\":\"V\u00e5rdugnad p\u00e5 Flymuseet\",\"datePublished\":\"2012-09-21T08:23:20+00:00\",\"dateModified\":\"2015-10-01T09:18:32+00:00\",\"mainEntityOfPage\":{\"@id\":\"https:\\\/\\\/www.jaermuseet.no\\\/flyhistorisk\\\/vardugnad-pa-flymuseet\\\/\"},\"wordCount\":171,\"commentCount\":0,\"image\":{\"@id\":\"https:\\\/\\\/www.jaermuseet.no\\\/flyhistorisk\\\/vardugnad-pa-flymuseet\\\/#primaryimage\"},\"thumbnailUrl\":\"https:\\\/\\\/www.jaermuseet.no\\\/flyhistorisk\\\/wp-content\\\/uploads\\\/sites\\\/4\\\/2014\\\/05\\\/Dugnad.jpg\",\"articleSection\":[\"Aktuelt\"],\"inLanguage\":\"nn-NO\",\"potentialAction\":[{\"@type\":\"CommentAction\",\"name\":\"Comment\",\"target\":[\"https:\\\/\\\/www.jaermuseet.no\\\/flyhistorisk\\\/vardugnad-pa-flymuseet\\\/#respond\"]}]},{\"@type\":\"WebPage\",\"@id\":\"https:\\\/\\\/www.jaermuseet.no\\\/flyhistorisk\\\/vardugnad-pa-flymuseet\\\/\",\"url\":\"https:\\\/\\\/www.jaermuseet.no\\\/flyhistorisk\\\/vardugnad-pa-flymuseet\\\/\",\"name\":\"V\u00e5rdugnad p\u00e5 Flymuseet - Flyhistorisk Museum Sola\",\"isPartOf\":{\"@id\":\"https:\\\/\\\/www.jaermuseet.no\\\/flyhistorisk\\\/#website\"},\"primaryImageOfPage\":{\"@id\":\"https:\\\/\\\/www.jaermuseet.no\\\/flyhistorisk\\\/vardugnad-pa-flymuseet\\\/#primaryimage\"},\"image\":{\"@id\":\"https:\\\/\\\/www.jaermuseet.no\\\/flyhistorisk\\\/vardugnad-pa-flymuseet\\\/#primaryimage\"},\"thumbnailUrl\":\"https:\\\/\\\/www.jaermuseet.no\\\/flyhistorisk\\\/wp-content\\\/uploads\\\/sites\\\/4\\\/2014\\\/05\\\/Dugnad.jpg\",\"datePublished\":\"2012-09-21T08:23:20+00:00\",\"dateModified\":\"2015-10-01T09:18:32+00:00\",\"author\":{\"@id\":\"https:\\\/\\\/www.jaermuseet.no\\\/flyhistorisk\\\/#\\\/schema\\\/person\\\/fb7c64a141b10ccbf139c101c1c39297\"},\"breadcrumb\":{\"@id\":\"https:\\\/\\\/www.jaermuseet.no\\\/flyhistorisk\\\/vardugnad-pa-flymuseet\\\/#breadcrumb\"},\"inLanguage\":\"nn-NO\",\"potentialAction\":[{\"@type\":\"ReadAction\",\"target\":[\"https:\\\/\\\/www.jaermuseet.no\\\/flyhistorisk\\\/vardugnad-pa-flymuseet\\\/\"]}]},{\"@type\":\"ImageObject\",\"inLanguage\":\"nn-NO\",\"@id\":\"https:\\\/\\\/www.jaermuseet.no\\\/flyhistorisk\\\/vardugnad-pa-flymuseet\\\/#primaryimage\",\"url\":\"https:\\\/\\\/www.jaermuseet.no\\\/flyhistorisk\\\/wp-content\\\/uploads\\\/sites\\\/4\\\/2014\\\/05\\\/Dugnad.jpg\",\"contentUrl\":\"https:\\\/\\\/www.jaermuseet.no\\\/flyhistorisk\\\/wp-content\\\/uploads\\\/sites\\\/4\\\/2014\\\/05\\\/Dugnad.jpg\",\"width\":3968,\"height\":2976},{\"@type\":\"BreadcrumbList\",\"@id\":\"https:\\\/\\\/www.jaermuseet.no\\\/flyhistorisk\\\/vardugnad-pa-flymuseet\\\/#breadcrumb\",\"itemListElement\":[{\"@type\":\"ListItem\",\"position\":1,\"name\":\"Hjem\",\"item\":\"https:\\\/\\\/www.jaermuseet.no\\\/flyhistorisk\\\/\"},{\"@type\":\"ListItem\",\"position\":2,\"name\":\"V\u00e5rdugnad p\u00e5 Flymuseet\"}]},{\"@type\":\"WebSite\",\"@id\":\"https:\\\/\\\/www.jaermuseet.no\\\/flyhistorisk\\\/#website\",\"url\":\"https:\\\/\\\/www.jaermuseet.no\\\/flyhistorisk\\\/\",\"name\":\"Flyhistorisk Museum Sola\",\"description\":\"One of Norway\u2019s largest civil collections of airplanes\",\"potentialAction\":[{\"@type\":\"SearchAction\",\"target\":{\"@type\":\"EntryPoint\",\"urlTemplate\":\"https:\\\/\\\/www.jaermuseet.no\\\/flyhistorisk\\\/?s={search_term_string}\"},\"query-input\":{\"@type\":\"PropertyValueSpecification\",\"valueRequired\":true,\"valueName\":\"search_term_string\"}}],\"inLanguage\":\"nn-NO\"},{\"@type\":\"Person\",\"@id\":\"https:\\\/\\\/www.jaermuseet.no\\\/flyhistorisk\\\/#\\\/schema\\\/person\\\/fb7c64a141b10ccbf139c101c1c39297\",\"name\":\"Flyhistorisk\",\"image\":{\"@type\":\"ImageObject\",\"inLanguage\":\"nn-NO\",\"@id\":\"https:\\\/\\\/secure.gravatar.com\\\/avatar\\\/6a67dd7f87836b69b29b49028b01bea26bbf872caff3451d17e160f5c4c6e156?s=96&d=mm&r=g\",\"url\":\"https:\\\/\\\/secure.gravatar.com\\\/avatar\\\/6a67dd7f87836b69b29b49028b01bea26bbf872caff3451d17e160f5c4c6e156?s=96&d=mm&r=g\",\"contentUrl\":\"https:\\\/\\\/secure.gravatar.com\\\/avatar\\\/6a67dd7f87836b69b29b49028b01bea26bbf872caff3451d17e160f5c4c6e156?s=96&d=mm&r=g\",\"caption\":\"Flyhistorisk\"},\"url\":\"https:\\\/\\\/www.jaermuseet.no\\\/flyhistorisk\\\/author\\\/flyhistorisk\\\/\"}]}<\/script>\n<!-- \/ Yoast SEO plugin. -->","yoast_head_json":{"title":"V\u00e5rdugnad p\u00e5 Flymuseet - Flyhistorisk Museum Sola","robots":{"index":"index","follow":"follow","max-snippet":"max-snippet:-1","max-image-preview":"max-image-preview:large","max-video-preview":"max-video-preview:-1"},"canonical":"https:\/\/www.jaermuseet.no\/flyhistorisk\/vardugnad-pa-flymuseet\/","og_locale":"nn_NO","og_type":"article","og_title":"V\u00e5rdugnad p\u00e5 Flymuseet - Flyhistorisk Museum Sola","og_description":"Ved v\u00e5rens ankomst v\u00e5kner en rekke av J\u00e6rmuseets avdelinger til nytt liv etter en forholdsvis stille periode i vinterdvale. Flyhistorisk Museum Sola er intet unntak.","og_url":"https:\/\/www.jaermuseet.no\/flyhistorisk\/vardugnad-pa-flymuseet\/","og_site_name":"Flyhistorisk Museum Sola","article_published_time":"2012-09-21T08:23:20+00:00","article_modified_time":"2015-10-01T09:18:32+00:00","og_image":[{"width":1024,"height":768,"url":"https:\/\/www.jaermuseet.no\/flyhistorisk\/wp-content\/uploads\/sites\/4\/2014\/05\/Dugnad-1024x768.jpg","type":"image\/jpeg"}],"author":"Flyhistorisk","twitter_card":"summary_large_image","twitter_misc":{"Written by":"Flyhistorisk","Est. reading time":"1 minutt"},"schema":{"@context":"https:\/\/schema.org","@graph":[{"@type":"Article","@id":"https:\/\/www.jaermuseet.no\/flyhistorisk\/vardugnad-pa-flymuseet\/#article","isPartOf":{"@id":"https:\/\/www.jaermuseet.no\/flyhistorisk\/vardugnad-pa-flymuseet\/"},"author":{"name":"Flyhistorisk","@id":"https:\/\/www.jaermuseet.no\/flyhistorisk\/#\/schema\/person\/fb7c64a141b10ccbf139c101c1c39297"},"headline":"V\u00e5rdugnad p\u00e5 Flymuseet","datePublished":"2012-09-21T08:23:20+00:00","dateModified":"2015-10-01T09:18:32+00:00","mainEntityOfPage":{"@id":"https:\/\/www.jaermuseet.no\/flyhistorisk\/vardugnad-pa-flymuseet\/"},"wordCount":171,"commentCount":0,"image":{"@id":"https:\/\/www.jaermuseet.no\/flyhistorisk\/vardugnad-pa-flymuseet\/#primaryimage"},"thumbnailUrl":"https:\/\/www.jaermuseet.no\/flyhistorisk\/wp-content\/uploads\/sites\/4\/2014\/05\/Dugnad.jpg","articleSection":["Aktuelt"],"inLanguage":"nn-NO","potentialAction":[{"@type":"CommentAction","name":"Comment","target":["https:\/\/www.jaermuseet.no\/flyhistorisk\/vardugnad-pa-flymuseet\/#respond"]}]},{"@type":"WebPage","@id":"https:\/\/www.jaermuseet.no\/flyhistorisk\/vardugnad-pa-flymuseet\/","url":"https:\/\/www.jaermuseet.no\/flyhistorisk\/vardugnad-pa-flymuseet\/","name":"V\u00e5rdugnad p\u00e5 Flymuseet - Flyhistorisk Museum Sola","isPartOf":{"@id":"https:\/\/www.jaermuseet.no\/flyhistorisk\/#website"},"primaryImageOfPage":{"@id":"https:\/\/www.jaermuseet.no\/flyhistorisk\/vardugnad-pa-flymuseet\/#primaryimage"},"image":{"@id":"https:\/\/www.jaermuseet.no\/flyhistorisk\/vardugnad-pa-flymuseet\/#primaryimage"},"thumbnailUrl":"https:\/\/www.jaermuseet.no\/flyhistorisk\/wp-content\/uploads\/sites\/4\/2014\/05\/Dugnad.jpg","datePublished":"2012-09-21T08:23:20+00:00","dateModified":"2015-10-01T09:18:32+00:00","author":{"@id":"https:\/\/www.jaermuseet.no\/flyhistorisk\/#\/schema\/person\/fb7c64a141b10ccbf139c101c1c39297"},"breadcrumb":{"@id":"https:\/\/www.jaermuseet.no\/flyhistorisk\/vardugnad-pa-flymuseet\/#breadcrumb"},"inLanguage":"nn-NO","potentialAction":[{"@type":"ReadAction","target":["https:\/\/www.jaermuseet.no\/flyhistorisk\/vardugnad-pa-flymuseet\/"]}]},{"@type":"ImageObject","inLanguage":"nn-NO","@id":"https:\/\/www.jaermuseet.no\/flyhistorisk\/vardugnad-pa-flymuseet\/#primaryimage","url":"https:\/\/www.jaermuseet.no\/flyhistorisk\/wp-content\/uploads\/sites\/4\/2014\/05\/Dugnad.jpg","contentUrl":"https:\/\/www.jaermuseet.no\/flyhistorisk\/wp-content\/uploads\/sites\/4\/2014\/05\/Dugnad.jpg","width":3968,"height":2976},{"@type":"BreadcrumbList","@id":"https:\/\/www.jaermuseet.no\/flyhistorisk\/vardugnad-pa-flymuseet\/#breadcrumb","itemListElement":[{"@type":"ListItem","position":1,"name":"Hjem","item":"https:\/\/www.jaermuseet.no\/flyhistorisk\/"},{"@type":"ListItem","position":2,"name":"V\u00e5rdugnad p\u00e5 Flymuseet"}]},{"@type":"WebSite","@id":"https:\/\/www.jaermuseet.no\/flyhistorisk\/#website","url":"https:\/\/www.jaermuseet.no\/flyhistorisk\/","name":"Flyhistorisk Museum Sola","description":"One of Norway\u2019s largest civil collections of airplanes","potentialAction":[{"@type":"SearchAction","target":{"@type":"EntryPoint","urlTemplate":"https:\/\/www.jaermuseet.no\/flyhistorisk\/?s={search_term_string}"},"query-input":{"@type":"PropertyValueSpecification","valueRequired":true,"valueName":"search_term_string"}}],"inLanguage":"nn-NO"},{"@type":"Person","@id":"https:\/\/www.jaermuseet.no\/flyhistorisk\/#\/schema\/person\/fb7c64a141b10ccbf139c101c1c39297","name":"Flyhistorisk","image":{"@type":"ImageObject","inLanguage":"nn-NO","@id":"https:\/\/secure.gravatar.com\/avatar\/6a67dd7f87836b69b29b49028b01bea26bbf872caff3451d17e160f5c4c6e156?s=96&d=mm&r=g","url":"https:\/\/secure.gravatar.com\/avatar\/6a67dd7f87836b69b29b49028b01bea26bbf872caff3451d17e160f5c4c6e156?s=96&d=mm&r=g","contentUrl":"https:\/\/secure.gravatar.com\/avatar\/6a67dd7f87836b69b29b49028b01bea26bbf872caff3451d17e160f5c4c6e156?s=96&d=mm&r=g","caption":"Flyhistorisk"},"url":"https:\/\/www.jaermuseet.no\/flyhistorisk\/author\/flyhistorisk\/"}]}},"cc_featured_image_caption":{"caption_text":"","source_text":"","source_url":""},"jetpack_featured_media_url":"https:\/\/www.jaermuseet.no\/flyhistorisk\/wp-content\/uploads\/sites\/4\/2014\/05\/Dugnad.jpg","jetpack_sharing_enabled":true,"_links":{"self":[{"href":"https:\/\/www.jaermuseet.no\/flyhistorisk\/wp-json\/wp\/v2\/posts\/6","targetHints":{"allow":["GET"]}}],"collection":[{"href":"https:\/\/www.jaermuseet.no\/flyhistorisk\/wp-json\/wp\/v2\/posts"}],"about":[{"href":"https:\/\/www.jaermuseet.no\/flyhistorisk\/wp-json\/wp\/v2\/types\/post"}],"author":[{"embeddable":true,"href":"https:\/\/www.jaermuseet.no\/flyhistorisk\/wp-json\/wp\/v2\/users\/3"}],"replies":[{"embeddable":true,"href":"https:\/\/www.jaermuseet.no\/flyhistorisk\/wp-json\/wp\/v2\/comments?post=6"}],"version-history":[{"count":2,"href":"https:\/\/www.jaermuseet.no\/flyhistorisk\/wp-json\/wp\/v2\/posts\/6\/revisions"}],"predecessor-version":[{"id":367,"href":"https:\/\/www.jaermuseet.no\/flyhistorisk\/wp-json\/wp\/v2\/posts\/6\/revisions\/367"}],"wp:featuredmedia":[{"embeddable":true,"href":"https:\/\/www.jaermuseet.no\/flyhistorisk\/wp-json\/wp\/v2\/media\/362"}],"wp:attachment":[{"href":"https:\/\/www.jaermuseet.no\/flyhistorisk\/wp-json\/wp\/v2\/media?parent=6"}],"wp:term":[{"taxonomy":"category","embeddable":true,"href":"https:\/\/www.jaermuseet.no\/flyhistorisk\/wp-json\/wp\/v2\/categories?post=6"},{"taxonomy":"post_tag","embeddable":true,"href":"https:\/\/www.jaermuseet.no\/flyhistorisk\/wp-json\/wp\/v2\/tags?post=6"}],"curies":[{"name":"wp","href":"https:\/\/api.w.org\/{rel}","templated":true}]}}