{"id":527,"date":"2016-04-21T18:25:47","date_gmt":"2016-04-21T16:25:47","guid":{"rendered":"https:\/\/www.jaermuseet.no\/flyhistorisk\/?p=527"},"modified":"2016-04-21T19:26:32","modified_gmt":"2016-04-21T17:26:32","slug":"varvask-pa-flymuseet","status":"publish","type":"post","link":"https:\/\/www.jaermuseet.no\/flyhistorisk\/varvask-pa-flymuseet\/","title":{"rendered":"V\u00e5rvask p\u00e5 Flymuseet"},"content":{"rendered":"<p><strong>Gjennom de siste \u00e5rene har det v\u00e6rt et sikkert v\u00e5rtegn \u00e5 se de tallrike og mangfoldige ansatte i J\u00e6rmuseets avdeling for Levande historie samle st\u00f8vsugere, vaskekoster, mopper og annet vaskeutstyr for \u00e5 begi seg ut p\u00e5 v\u00e5rens store vasketurne. Gjennom den omkring tre uker lange turneen er avdelingen innom Vistnestunet, Limagarden, Gr\u00f8daland, Haugabakka, Krigsmuseet og Flymuseet. Etter \u00e9n til tre dagers arbeid ved det enkelte museum kan man med rette si stedet nesten ikke er til \u00e5 kjenne igjen da vasketurneen forlater museet.<\/strong><\/p>\n<p>Av de seks turnelokasjonene kan man trygt si Flymuseet med sine 32 utstilte fly, bortimot to dusin flymotorer og 3000 kvadratmeter utstillingsareal er det mest omfangsrike stoppestedet p\u00e5 vasketurneen. Foruten utstillingen har museet dessuten en kafeteria med bordplass til 50 gjester som skriker etter en skikkelig vaske- og ryddeaksjon f\u00f8r vi \u00e5pner d\u00f8rene for sesongen. S\u00e5 m\u00e5 man jo heller ikke glemme museumsbutikken som tidvis f\u00e5r den yngre generasjon til \u00e5 miste bakkekontakten i det de oppdager mange hyllemeter med lekefly!<\/p>\n<p>&nbsp;<\/p>\n<div class=\"tiled-gallery type-rectangular tiled-gallery-unresized\" data-original-width=\"500\" data-carousel-extra='null' itemscope itemtype=\"http:\/\/schema.org\/ImageGallery\" > <div class=\"gallery-row\" style=\"width: 500px; height: 123px;\" data-original-width=\"500\" data-original-height=\"123\" > <div class=\"gallery-group images-1\" style=\"width: 215px; height: 123px;\" data-original-width=\"215\" data-original-height=\"123\" > <div class=\"tiled-gallery-item tiled-gallery-item-small\" itemprop=\"associatedMedia\" itemscope itemtype=\"http:\/\/schema.org\/ImageObject\"> <a href=\"https:\/\/www.jaermuseet.no\/flyhistorisk\/20160420_1124120\/\" border=\"0\" itemprop=\"url\"> <meta itemprop=\"width\" content=\"211\"> <meta itemprop=\"height\" content=\"119\"> <img decoding=\"async\" class=\"\" data-attachment-id=\"513\" data-orig-file=\"https:\/\/www.jaermuseet.no\/flyhistorisk\/wp-content\/uploads\/sites\/4\/2016\/04\/20160420_1124120.jpg\" data-orig-size=\"3264,1836\" data-comments-opened=\"\" data-image-meta=\"{&quot;aperture&quot;:&quot;2.6&quot;,&quot;credit&quot;:&quot;&quot;,&quot;camera&quot;:&quot;GT-I9295&quot;,&quot;caption&quot;:&quot;&quot;,&quot;created_timestamp&quot;:&quot;1461151452&quot;,&quot;copyright&quot;:&quot;&quot;,&quot;focal_length&quot;:&quot;3.7&quot;,&quot;iso&quot;:&quot;160&quot;,&quot;shutter_speed&quot;:&quot;0.058823529411765&quot;,&quot;title&quot;:&quot;&quot;,&quot;orientation&quot;:&quot;1&quot;}\" data-image-title=\"\" data-image-description=\"\" data-medium-file=\"https:\/\/www.jaermuseet.no\/flyhistorisk\/wp-content\/uploads\/sites\/4\/2016\/04\/20160420_1124120-300x169.jpg\" data-large-file=\"https:\/\/www.jaermuseet.no\/flyhistorisk\/wp-content\/uploads\/sites\/4\/2016\/04\/20160420_1124120-1024x576.jpg\" src=\"https:\/\/i0.wp.com\/www.jaermuseet.no\/flyhistorisk\/wp-content\/uploads\/sites\/4\/2016\/04\/20160420_1124120.jpg?w=211&#038;h=119&#038;ssl=1\" srcset=\"https:\/\/www.jaermuseet.no\/flyhistorisk\/wp-content\/uploads\/sites\/4\/2016\/04\/20160420_1124120.jpg 3264w, https:\/\/www.jaermuseet.no\/flyhistorisk\/wp-content\/uploads\/sites\/4\/2016\/04\/20160420_1124120-300x169.jpg 300w, https:\/\/www.jaermuseet.no\/flyhistorisk\/wp-content\/uploads\/sites\/4\/2016\/04\/20160420_1124120-768x432.jpg 768w, https:\/\/www.jaermuseet.no\/flyhistorisk\/wp-content\/uploads\/sites\/4\/2016\/04\/20160420_1124120-1024x576.jpg 1024w, https:\/\/www.jaermuseet.no\/flyhistorisk\/wp-content\/uploads\/sites\/4\/2016\/04\/20160420_1124120-250x141.jpg 250w\" width=\"211\" height=\"119\" loading=\"lazy\" data-original-width=\"211\" data-original-height=\"119\" itemprop=\"http:\/\/schema.org\/image\" title=\"\" alt=\"Ernst Knutson fra museets venneforening stilte ogs\u00e5 opp\" style=\"width: 211px; height: 119px;\" \/> <\/a> <div class=\"tiled-gallery-caption\" itemprop=\"caption description\"> Ernst Knutson fra museets venneforening stilte ogs\u00e5 opp <\/div> <\/div> <\/div> <!-- close group --> <div class=\"gallery-group images-1\" style=\"width: 70px; height: 123px;\" data-original-width=\"70\" data-original-height=\"123\" > <div class=\"tiled-gallery-item tiled-gallery-item-small\" itemprop=\"associatedMedia\" itemscope itemtype=\"http:\/\/schema.org\/ImageObject\"> <a href=\"https:\/\/www.jaermuseet.no\/flyhistorisk\/20160414_144825\/\" border=\"0\" itemprop=\"url\"> <meta itemprop=\"width\" content=\"66\"> <meta itemprop=\"height\" content=\"119\"> <img decoding=\"async\" class=\"\" data-attachment-id=\"511\" data-orig-file=\"https:\/\/www.jaermuseet.no\/flyhistorisk\/wp-content\/uploads\/sites\/4\/2016\/04\/20160414_144825-e1461253035899.jpg\" data-orig-size=\"1836,3264\" data-comments-opened=\"\" data-image-meta=\"{&quot;aperture&quot;:&quot;2.6&quot;,&quot;credit&quot;:&quot;&quot;,&quot;camera&quot;:&quot;GT-I9295&quot;,&quot;caption&quot;:&quot;&quot;,&quot;created_timestamp&quot;:&quot;1460645304&quot;,&quot;copyright&quot;:&quot;&quot;,&quot;focal_length&quot;:&quot;3.7&quot;,&quot;iso&quot;:&quot;500&quot;,&quot;shutter_speed&quot;:&quot;0.058823529411765&quot;,&quot;title&quot;:&quot;&quot;,&quot;orientation&quot;:&quot;6&quot;}\" data-image-title=\"\" data-image-description=\"\" data-medium-file=\"https:\/\/www.jaermuseet.no\/flyhistorisk\/wp-content\/uploads\/sites\/4\/2016\/04\/20160414_144825-e1461253035899-169x300.jpg\" data-large-file=\"https:\/\/www.jaermuseet.no\/flyhistorisk\/wp-content\/uploads\/sites\/4\/2016\/04\/20160414_144825-e1461253035899-576x1024.jpg\" src=\"https:\/\/i0.wp.com\/www.jaermuseet.no\/flyhistorisk\/wp-content\/uploads\/sites\/4\/2016\/04\/20160414_144825-e1461253035899.jpg?w=66&#038;h=119&#038;ssl=1\" width=\"66\" height=\"119\" loading=\"lazy\" data-original-width=\"66\" data-original-height=\"119\" itemprop=\"http:\/\/schema.org\/image\" title=\"\" alt=\"Museets Fieseler Fi 156 Storch er eneste fly av typen utstilt i Norge. Knut G. Austad s\u00f8rger for en st\u00f8vfri maskin til sesong\u00e5pning.\" style=\"width: 66px; height: 119px;\" \/> <\/a> <div class=\"tiled-gallery-caption\" itemprop=\"caption description\"> Museets Fieseler Fi 156 Storch er eneste fly av typen utstilt i Norge. Knut G. Austad s\u00f8rger for en st\u00f8vfri maskin til sesong\u00e5pning. <\/div> <\/div> <\/div> <!-- close group --> <div class=\"gallery-group images-1\" style=\"width: 215px; height: 123px;\" data-original-width=\"215\" data-original-height=\"123\" > <div class=\"tiled-gallery-item tiled-gallery-item-small\" itemprop=\"associatedMedia\" itemscope itemtype=\"http:\/\/schema.org\/ImageObject\"> <a href=\"https:\/\/www.jaermuseet.no\/flyhistorisk\/20160420_103126\/\" border=\"0\" itemprop=\"url\"> <meta itemprop=\"width\" content=\"211\"> <meta itemprop=\"height\" content=\"119\"> <img decoding=\"async\" class=\"\" data-attachment-id=\"512\" data-orig-file=\"https:\/\/www.jaermuseet.no\/flyhistorisk\/wp-content\/uploads\/sites\/4\/2016\/04\/20160420_103126.jpg\" data-orig-size=\"3264,1836\" data-comments-opened=\"\" data-image-meta=\"{&quot;aperture&quot;:&quot;2.6&quot;,&quot;credit&quot;:&quot;&quot;,&quot;camera&quot;:&quot;GT-I9295&quot;,&quot;caption&quot;:&quot;&quot;,&quot;created_timestamp&quot;:&quot;1461148286&quot;,&quot;copyright&quot;:&quot;&quot;,&quot;focal_length&quot;:&quot;3.7&quot;,&quot;iso&quot;:&quot;125&quot;,&quot;shutter_speed&quot;:&quot;0.04&quot;,&quot;title&quot;:&quot;&quot;,&quot;orientation&quot;:&quot;1&quot;}\" data-image-title=\"20160420_103126\" data-image-description=\"\" data-medium-file=\"https:\/\/www.jaermuseet.no\/flyhistorisk\/wp-content\/uploads\/sites\/4\/2016\/04\/20160420_103126-300x169.jpg\" data-large-file=\"https:\/\/www.jaermuseet.no\/flyhistorisk\/wp-content\/uploads\/sites\/4\/2016\/04\/20160420_103126-1024x576.jpg\" src=\"https:\/\/i0.wp.com\/www.jaermuseet.no\/flyhistorisk\/wp-content\/uploads\/sites\/4\/2016\/04\/20160420_103126.jpg?w=211&#038;h=119&#038;ssl=1\" srcset=\"https:\/\/www.jaermuseet.no\/flyhistorisk\/wp-content\/uploads\/sites\/4\/2016\/04\/20160420_103126.jpg 3264w, https:\/\/www.jaermuseet.no\/flyhistorisk\/wp-content\/uploads\/sites\/4\/2016\/04\/20160420_103126-300x169.jpg 300w, https:\/\/www.jaermuseet.no\/flyhistorisk\/wp-content\/uploads\/sites\/4\/2016\/04\/20160420_103126-768x432.jpg 768w, https:\/\/www.jaermuseet.no\/flyhistorisk\/wp-content\/uploads\/sites\/4\/2016\/04\/20160420_103126-1024x576.jpg 1024w, https:\/\/www.jaermuseet.no\/flyhistorisk\/wp-content\/uploads\/sites\/4\/2016\/04\/20160420_103126-250x141.jpg 250w\" width=\"211\" height=\"119\" loading=\"lazy\" data-original-width=\"211\" data-original-height=\"119\" itemprop=\"http:\/\/schema.org\/image\" title=\"20160420_103126\" alt=\"Kan ikke si annet enn at forandringen er god motivasjon.\" style=\"width: 211px; height: 119px;\" \/> <\/a> <div class=\"tiled-gallery-caption\" itemprop=\"caption description\"> Kan ikke si annet enn at forandringen er god motivasjon. <\/div> <\/div> <\/div> <!-- close group --> <\/div> <!-- close row --> <div class=\"gallery-row\" style=\"width: 500px; height: 434px;\" data-original-width=\"500\" data-original-height=\"434\" > <div class=\"gallery-group images-3\" style=\"width: 254px; height: 434px;\" data-original-width=\"254\" data-original-height=\"434\" > <div class=\"tiled-gallery-item tiled-gallery-item-large\" itemprop=\"associatedMedia\" itemscope itemtype=\"http:\/\/schema.org\/ImageObject\"> <a href=\"https:\/\/www.jaermuseet.no\/flyhistorisk\/20160414_134423\/\" border=\"0\" itemprop=\"url\"> <meta itemprop=\"width\" content=\"250\"> <meta itemprop=\"height\" content=\"141\"> <img decoding=\"async\" class=\"\" data-attachment-id=\"510\" data-orig-file=\"https:\/\/www.jaermuseet.no\/flyhistorisk\/wp-content\/uploads\/sites\/4\/2016\/04\/20160414_134423.jpg\" data-orig-size=\"3264,1836\" data-comments-opened=\"\" data-image-meta=\"{&quot;aperture&quot;:&quot;2.6&quot;,&quot;credit&quot;:&quot;&quot;,&quot;camera&quot;:&quot;GT-I9295&quot;,&quot;caption&quot;:&quot;&quot;,&quot;created_timestamp&quot;:&quot;1460641463&quot;,&quot;copyright&quot;:&quot;&quot;,&quot;focal_length&quot;:&quot;3.7&quot;,&quot;iso&quot;:&quot;125&quot;,&quot;shutter_speed&quot;:&quot;0.03030303030303&quot;,&quot;title&quot;:&quot;&quot;,&quot;orientation&quot;:&quot;1&quot;}\" data-image-title=\"\" data-image-description=\"\" data-medium-file=\"https:\/\/www.jaermuseet.no\/flyhistorisk\/wp-content\/uploads\/sites\/4\/2016\/04\/20160414_134423-300x169.jpg\" data-large-file=\"https:\/\/www.jaermuseet.no\/flyhistorisk\/wp-content\/uploads\/sites\/4\/2016\/04\/20160414_134423-1024x576.jpg\" src=\"https:\/\/i0.wp.com\/www.jaermuseet.no\/flyhistorisk\/wp-content\/uploads\/sites\/4\/2016\/04\/20160414_134423.jpg?w=250&#038;h=141&#038;ssl=1\" srcset=\"https:\/\/www.jaermuseet.no\/flyhistorisk\/wp-content\/uploads\/sites\/4\/2016\/04\/20160414_134423.jpg 3264w, https:\/\/www.jaermuseet.no\/flyhistorisk\/wp-content\/uploads\/sites\/4\/2016\/04\/20160414_134423-300x169.jpg 300w, https:\/\/www.jaermuseet.no\/flyhistorisk\/wp-content\/uploads\/sites\/4\/2016\/04\/20160414_134423-768x432.jpg 768w, https:\/\/www.jaermuseet.no\/flyhistorisk\/wp-content\/uploads\/sites\/4\/2016\/04\/20160414_134423-1024x576.jpg 1024w, https:\/\/www.jaermuseet.no\/flyhistorisk\/wp-content\/uploads\/sites\/4\/2016\/04\/20160414_134423-250x141.jpg 250w\" width=\"250\" height=\"141\" loading=\"lazy\" data-original-width=\"250\" data-original-height=\"141\" itemprop=\"http:\/\/schema.org\/image\" title=\"\" alt=\"Unn Iren Skretting Thorsen s\u00f8rger for rene bord og rene stoler.\" style=\"width: 250px; height: 141px;\" \/> <\/a> <div class=\"tiled-gallery-caption\" itemprop=\"caption description\"> Unn Iren Skretting Thorsen s\u00f8rger for rene bord og rene stoler. <\/div> <\/div> <div class=\"tiled-gallery-item tiled-gallery-item-large\" itemprop=\"associatedMedia\" itemscope itemtype=\"http:\/\/schema.org\/ImageObject\"> <a href=\"https:\/\/www.jaermuseet.no\/flyhistorisk\/20160414_130601\/\" border=\"0\" itemprop=\"url\"> <meta itemprop=\"width\" content=\"250\"> <meta itemprop=\"height\" content=\"141\"> <img decoding=\"async\" class=\"\" data-attachment-id=\"509\" data-orig-file=\"https:\/\/www.jaermuseet.no\/flyhistorisk\/wp-content\/uploads\/sites\/4\/2016\/04\/20160414_130601.jpg\" data-orig-size=\"3264,1836\" data-comments-opened=\"\" data-image-meta=\"{&quot;aperture&quot;:&quot;2.6&quot;,&quot;credit&quot;:&quot;&quot;,&quot;camera&quot;:&quot;GT-I9295&quot;,&quot;caption&quot;:&quot;&quot;,&quot;created_timestamp&quot;:&quot;1460639161&quot;,&quot;copyright&quot;:&quot;&quot;,&quot;focal_length&quot;:&quot;3.7&quot;,&quot;iso&quot;:&quot;125&quot;,&quot;shutter_speed&quot;:&quot;0.04&quot;,&quot;title&quot;:&quot;&quot;,&quot;orientation&quot;:&quot;1&quot;}\" data-image-title=\"\" data-image-description=\"\" data-medium-file=\"https:\/\/www.jaermuseet.no\/flyhistorisk\/wp-content\/uploads\/sites\/4\/2016\/04\/20160414_130601-300x169.jpg\" data-large-file=\"https:\/\/www.jaermuseet.no\/flyhistorisk\/wp-content\/uploads\/sites\/4\/2016\/04\/20160414_130601-1024x576.jpg\" src=\"https:\/\/i0.wp.com\/www.jaermuseet.no\/flyhistorisk\/wp-content\/uploads\/sites\/4\/2016\/04\/20160414_130601.jpg?w=250&#038;h=141&#038;ssl=1\" srcset=\"https:\/\/www.jaermuseet.no\/flyhistorisk\/wp-content\/uploads\/sites\/4\/2016\/04\/20160414_130601.jpg 3264w, https:\/\/www.jaermuseet.no\/flyhistorisk\/wp-content\/uploads\/sites\/4\/2016\/04\/20160414_130601-300x169.jpg 300w, https:\/\/www.jaermuseet.no\/flyhistorisk\/wp-content\/uploads\/sites\/4\/2016\/04\/20160414_130601-768x432.jpg 768w, https:\/\/www.jaermuseet.no\/flyhistorisk\/wp-content\/uploads\/sites\/4\/2016\/04\/20160414_130601-1024x576.jpg 1024w, https:\/\/www.jaermuseet.no\/flyhistorisk\/wp-content\/uploads\/sites\/4\/2016\/04\/20160414_130601-250x141.jpg 250w\" width=\"250\" height=\"141\" loading=\"lazy\" data-original-width=\"250\" data-original-height=\"141\" itemprop=\"http:\/\/schema.org\/image\" title=\"\" alt=\"Inger Smidt Olsen og H\u00e5vard T\u00f8rresen s\u00f8rger for at kj\u00f8kkenet skinner.\" style=\"width: 250px; height: 141px;\" \/> <\/a> <div class=\"tiled-gallery-caption\" itemprop=\"caption description\"> Inger Smidt Olsen og H\u00e5vard T\u00f8rresen s\u00f8rger for at kj\u00f8kkenet skinner. <\/div> <\/div> <div class=\"tiled-gallery-item tiled-gallery-item-large\" itemprop=\"associatedMedia\" itemscope itemtype=\"http:\/\/schema.org\/ImageObject\"> <a href=\"https:\/\/www.jaermuseet.no\/flyhistorisk\/20160414_130508\/\" border=\"0\" itemprop=\"url\"> <meta itemprop=\"width\" content=\"250\"> <meta itemprop=\"height\" content=\"140\"> <img decoding=\"async\" class=\"\" data-attachment-id=\"508\" data-orig-file=\"https:\/\/www.jaermuseet.no\/flyhistorisk\/wp-content\/uploads\/sites\/4\/2016\/04\/20160414_130508.jpg\" data-orig-size=\"3264,1836\" data-comments-opened=\"\" data-image-meta=\"{&quot;aperture&quot;:&quot;2.6&quot;,&quot;credit&quot;:&quot;&quot;,&quot;camera&quot;:&quot;GT-I9295&quot;,&quot;caption&quot;:&quot;&quot;,&quot;created_timestamp&quot;:&quot;1460639108&quot;,&quot;copyright&quot;:&quot;&quot;,&quot;focal_length&quot;:&quot;3.7&quot;,&quot;iso&quot;:&quot;125&quot;,&quot;shutter_speed&quot;:&quot;0.058823529411765&quot;,&quot;title&quot;:&quot;&quot;,&quot;orientation&quot;:&quot;1&quot;}\" data-image-title=\"20160414_130508\" data-image-description=\"\" data-medium-file=\"https:\/\/www.jaermuseet.no\/flyhistorisk\/wp-content\/uploads\/sites\/4\/2016\/04\/20160414_130508-300x169.jpg\" data-large-file=\"https:\/\/www.jaermuseet.no\/flyhistorisk\/wp-content\/uploads\/sites\/4\/2016\/04\/20160414_130508-1024x576.jpg\" src=\"https:\/\/i0.wp.com\/www.jaermuseet.no\/flyhistorisk\/wp-content\/uploads\/sites\/4\/2016\/04\/20160414_130508.jpg?w=250&#038;h=140&#038;ssl=1\" srcset=\"https:\/\/www.jaermuseet.no\/flyhistorisk\/wp-content\/uploads\/sites\/4\/2016\/04\/20160414_130508.jpg 3264w, https:\/\/www.jaermuseet.no\/flyhistorisk\/wp-content\/uploads\/sites\/4\/2016\/04\/20160414_130508-300x169.jpg 300w, https:\/\/www.jaermuseet.no\/flyhistorisk\/wp-content\/uploads\/sites\/4\/2016\/04\/20160414_130508-768x432.jpg 768w, https:\/\/www.jaermuseet.no\/flyhistorisk\/wp-content\/uploads\/sites\/4\/2016\/04\/20160414_130508-1024x576.jpg 1024w, https:\/\/www.jaermuseet.no\/flyhistorisk\/wp-content\/uploads\/sites\/4\/2016\/04\/20160414_130508-250x141.jpg 250w\" width=\"250\" height=\"140\" loading=\"lazy\" data-original-width=\"250\" data-original-height=\"140\" itemprop=\"http:\/\/schema.org\/image\" title=\"20160414_130508\" alt=\"Ingeborg N. Skj\u00e6rpe har kastet seg over et skikkelig klenodie.\" style=\"width: 250px; height: 140px;\" \/> <\/a> <div class=\"tiled-gallery-caption\" itemprop=\"caption description\"> Ingeborg N. Skj\u00e6rpe har kastet seg over et skikkelig klenodie. <\/div> <\/div> <\/div> <!-- close group --> <div class=\"gallery-group images-1\" style=\"width: 246px; height: 434px;\" data-original-width=\"246\" data-original-height=\"434\" > <div class=\"tiled-gallery-item tiled-gallery-item-small\" itemprop=\"associatedMedia\" itemscope itemtype=\"http:\/\/schema.org\/ImageObject\"> <a href=\"https:\/\/www.jaermuseet.no\/flyhistorisk\/20160414_130428\/\" border=\"0\" itemprop=\"url\"> <meta itemprop=\"width\" content=\"242\"> <meta itemprop=\"height\" content=\"430\"> <img decoding=\"async\" class=\"\" data-attachment-id=\"507\" data-orig-file=\"https:\/\/www.jaermuseet.no\/flyhistorisk\/wp-content\/uploads\/sites\/4\/2016\/04\/20160414_130428-e1461253012453.jpg\" data-orig-size=\"1836,3264\" data-comments-opened=\"\" data-image-meta=\"{&quot;aperture&quot;:&quot;2.6&quot;,&quot;credit&quot;:&quot;&quot;,&quot;camera&quot;:&quot;GT-I9295&quot;,&quot;caption&quot;:&quot;&quot;,&quot;created_timestamp&quot;:&quot;1460639068&quot;,&quot;copyright&quot;:&quot;&quot;,&quot;focal_length&quot;:&quot;3.7&quot;,&quot;iso&quot;:&quot;800&quot;,&quot;shutter_speed&quot;:&quot;0.058823529411765&quot;,&quot;title&quot;:&quot;&quot;,&quot;orientation&quot;:&quot;6&quot;}\" data-image-title=\"20160414_130428\" data-image-description=\"\" data-medium-file=\"https:\/\/www.jaermuseet.no\/flyhistorisk\/wp-content\/uploads\/sites\/4\/2016\/04\/20160414_130428-e1461253012453-169x300.jpg\" data-large-file=\"https:\/\/www.jaermuseet.no\/flyhistorisk\/wp-content\/uploads\/sites\/4\/2016\/04\/20160414_130428-e1461253012453-576x1024.jpg\" src=\"https:\/\/i0.wp.com\/www.jaermuseet.no\/flyhistorisk\/wp-content\/uploads\/sites\/4\/2016\/04\/20160414_130428-e1461253012453.jpg?w=242&#038;h=430&#038;ssl=1\" srcset=\"https:\/\/www.jaermuseet.no\/flyhistorisk\/wp-content\/uploads\/sites\/4\/2016\/04\/20160414_130428-e1461253012453.jpg 1836w, https:\/\/www.jaermuseet.no\/flyhistorisk\/wp-content\/uploads\/sites\/4\/2016\/04\/20160414_130428-e1461253012453-169x300.jpg 169w, https:\/\/www.jaermuseet.no\/flyhistorisk\/wp-content\/uploads\/sites\/4\/2016\/04\/20160414_130428-e1461253012453-768x1365.jpg 768w, https:\/\/www.jaermuseet.no\/flyhistorisk\/wp-content\/uploads\/sites\/4\/2016\/04\/20160414_130428-e1461253012453-576x1024.jpg 576w, https:\/\/www.jaermuseet.no\/flyhistorisk\/wp-content\/uploads\/sites\/4\/2016\/04\/20160414_130428-e1461253012453-250x444.jpg 250w\" width=\"242\" height=\"430\" loading=\"lazy\" data-original-width=\"242\" data-original-height=\"430\" itemprop=\"http:\/\/schema.org\/image\" title=\"20160414_130428\" alt=\"Siegfried fra venneforeningen liker seg best i h\u00f8yden\" style=\"width: 242px; height: 430px;\" \/> <\/a> <div class=\"tiled-gallery-caption\" itemprop=\"caption description\"> Siegfried fra venneforeningen liker seg best i h\u00f8yden <\/div> <\/div> <\/div> <!-- close group --> <\/div> <!-- close row --> <div class=\"gallery-row\" style=\"width: 500px; height: 214px;\" data-original-width=\"500\" data-original-height=\"214\" > <div class=\"gallery-group images-1\" style=\"width: 378px; height: 214px;\" data-original-width=\"378\" data-original-height=\"214\" > <div class=\"tiled-gallery-item tiled-gallery-item-large\" itemprop=\"associatedMedia\" itemscope itemtype=\"http:\/\/schema.org\/ImageObject\"> <a href=\"https:\/\/www.jaermuseet.no\/flyhistorisk\/20160414_130356\/\" border=\"0\" itemprop=\"url\"> <meta itemprop=\"width\" content=\"374\"> <meta itemprop=\"height\" content=\"210\"> <img decoding=\"async\" class=\"\" data-attachment-id=\"506\" data-orig-file=\"https:\/\/www.jaermuseet.no\/flyhistorisk\/wp-content\/uploads\/sites\/4\/2016\/04\/20160414_130356.jpg\" data-orig-size=\"3264,1836\" data-comments-opened=\"\" data-image-meta=\"{&quot;aperture&quot;:&quot;2.6&quot;,&quot;credit&quot;:&quot;&quot;,&quot;camera&quot;:&quot;GT-I9295&quot;,&quot;caption&quot;:&quot;&quot;,&quot;created_timestamp&quot;:&quot;1460639035&quot;,&quot;copyright&quot;:&quot;&quot;,&quot;focal_length&quot;:&quot;3.7&quot;,&quot;iso&quot;:&quot;250&quot;,&quot;shutter_speed&quot;:&quot;0.058823529411765&quot;,&quot;title&quot;:&quot;&quot;,&quot;orientation&quot;:&quot;1&quot;}\" data-image-title=\"20160414_130356\" data-image-description=\"\" data-medium-file=\"https:\/\/www.jaermuseet.no\/flyhistorisk\/wp-content\/uploads\/sites\/4\/2016\/04\/20160414_130356-300x169.jpg\" data-large-file=\"https:\/\/www.jaermuseet.no\/flyhistorisk\/wp-content\/uploads\/sites\/4\/2016\/04\/20160414_130356-1024x576.jpg\" src=\"https:\/\/i0.wp.com\/www.jaermuseet.no\/flyhistorisk\/wp-content\/uploads\/sites\/4\/2016\/04\/20160414_130356.jpg?w=374&#038;h=210&#038;ssl=1\" srcset=\"https:\/\/www.jaermuseet.no\/flyhistorisk\/wp-content\/uploads\/sites\/4\/2016\/04\/20160414_130356.jpg 3264w, https:\/\/www.jaermuseet.no\/flyhistorisk\/wp-content\/uploads\/sites\/4\/2016\/04\/20160414_130356-300x169.jpg 300w, https:\/\/www.jaermuseet.no\/flyhistorisk\/wp-content\/uploads\/sites\/4\/2016\/04\/20160414_130356-768x432.jpg 768w, https:\/\/www.jaermuseet.no\/flyhistorisk\/wp-content\/uploads\/sites\/4\/2016\/04\/20160414_130356-1024x576.jpg 1024w, https:\/\/www.jaermuseet.no\/flyhistorisk\/wp-content\/uploads\/sites\/4\/2016\/04\/20160414_130356-250x141.jpg 250w\" width=\"374\" height=\"210\" loading=\"lazy\" data-original-width=\"374\" data-original-height=\"210\" itemprop=\"http:\/\/schema.org\/image\" title=\"20160414_130356\" alt=\"Knut G. Austad vasker og vasker.\" style=\"width: 374px; height: 210px;\" \/> <\/a> <div class=\"tiled-gallery-caption\" itemprop=\"caption description\"> Knut G. Austad vasker og vasker. <\/div> <\/div> <\/div> <!-- close group --> <div class=\"gallery-group images-1\" style=\"width: 122px; height: 214px;\" data-original-width=\"122\" data-original-height=\"214\" > <div class=\"tiled-gallery-item tiled-gallery-item-small\" itemprop=\"associatedMedia\" itemscope itemtype=\"http:\/\/schema.org\/ImageObject\"> <a href=\"https:\/\/www.jaermuseet.no\/flyhistorisk\/20160414_1255100\/\" border=\"0\" itemprop=\"url\"> <meta itemprop=\"width\" content=\"118\"> <meta itemprop=\"height\" content=\"210\"> <img decoding=\"async\" class=\"\" data-attachment-id=\"505\" data-orig-file=\"https:\/\/www.jaermuseet.no\/flyhistorisk\/wp-content\/uploads\/sites\/4\/2016\/04\/20160414_1255100-e1461254750894.jpg\" data-orig-size=\"1836,3264\" data-comments-opened=\"\" data-image-meta=\"{&quot;aperture&quot;:&quot;2.6&quot;,&quot;credit&quot;:&quot;&quot;,&quot;camera&quot;:&quot;GT-I9295&quot;,&quot;caption&quot;:&quot;&quot;,&quot;created_timestamp&quot;:&quot;1460638510&quot;,&quot;copyright&quot;:&quot;&quot;,&quot;focal_length&quot;:&quot;3.7&quot;,&quot;iso&quot;:&quot;400&quot;,&quot;shutter_speed&quot;:&quot;0.058823529411765&quot;,&quot;title&quot;:&quot;&quot;,&quot;orientation&quot;:&quot;6&quot;}\" data-image-title=\"\" data-image-description=\"\" data-medium-file=\"https:\/\/www.jaermuseet.no\/flyhistorisk\/wp-content\/uploads\/sites\/4\/2016\/04\/20160414_1255100-e1461254750894-169x300.jpg\" data-large-file=\"https:\/\/www.jaermuseet.no\/flyhistorisk\/wp-content\/uploads\/sites\/4\/2016\/04\/20160414_1255100-e1461254750894-576x1024.jpg\" src=\"https:\/\/i0.wp.com\/www.jaermuseet.no\/flyhistorisk\/wp-content\/uploads\/sites\/4\/2016\/04\/20160414_1255100-e1461254750894.jpg?w=118&#038;h=210&#038;ssl=1\" srcset=\"https:\/\/www.jaermuseet.no\/flyhistorisk\/wp-content\/uploads\/sites\/4\/2016\/04\/20160414_1255100-e1461254750894.jpg 1836w, https:\/\/www.jaermuseet.no\/flyhistorisk\/wp-content\/uploads\/sites\/4\/2016\/04\/20160414_1255100-e1461254750894-169x300.jpg 169w, https:\/\/www.jaermuseet.no\/flyhistorisk\/wp-content\/uploads\/sites\/4\/2016\/04\/20160414_1255100-e1461254750894-768x1365.jpg 768w, https:\/\/www.jaermuseet.no\/flyhistorisk\/wp-content\/uploads\/sites\/4\/2016\/04\/20160414_1255100-e1461254750894-576x1024.jpg 576w, https:\/\/www.jaermuseet.no\/flyhistorisk\/wp-content\/uploads\/sites\/4\/2016\/04\/20160414_1255100-e1461254750894-250x444.jpg 250w\" width=\"118\" height=\"210\" loading=\"lazy\" data-original-width=\"118\" data-original-height=\"210\" itemprop=\"http:\/\/schema.org\/image\" title=\"\" alt=\"Ted Jonny Taraldsen og Odd-Geir Rosland s\u00f8rger for at museet f\u00e5r godt tiltrengt lagerplass.\" style=\"width: 118px; height: 210px;\" \/> <\/a> <div class=\"tiled-gallery-caption\" itemprop=\"caption description\"> Ted Jonny Taraldsen og Odd-Geir Rosland s\u00f8rger for at museet f\u00e5r godt tiltrengt lagerplass. <\/div> <\/div> <\/div> <!-- close group --> <\/div> <!-- close row --> <div class=\"gallery-row\" style=\"width: 500px; height: 447px;\" data-original-width=\"500\" data-original-height=\"447\" > <div class=\"gallery-group images-1\" style=\"width: 253px; height: 447px;\" data-original-width=\"253\" data-original-height=\"447\" > <div class=\"tiled-gallery-item tiled-gallery-item-small\" itemprop=\"associatedMedia\" itemscope itemtype=\"http:\/\/schema.org\/ImageObject\"> <a href=\"https:\/\/www.jaermuseet.no\/flyhistorisk\/20160414_123318\/\" border=\"0\" itemprop=\"url\"> <meta itemprop=\"width\" content=\"249\"> <meta itemprop=\"height\" content=\"443\"> <img decoding=\"async\" class=\"\" data-attachment-id=\"504\" data-orig-file=\"https:\/\/www.jaermuseet.no\/flyhistorisk\/wp-content\/uploads\/sites\/4\/2016\/04\/20160414_123318-e1461254737703.jpg\" data-orig-size=\"1836,3264\" data-comments-opened=\"\" data-image-meta=\"{&quot;aperture&quot;:&quot;2.6&quot;,&quot;credit&quot;:&quot;&quot;,&quot;camera&quot;:&quot;GT-I9295&quot;,&quot;caption&quot;:&quot;&quot;,&quot;created_timestamp&quot;:&quot;1460637197&quot;,&quot;copyright&quot;:&quot;&quot;,&quot;focal_length&quot;:&quot;3.7&quot;,&quot;iso&quot;:&quot;320&quot;,&quot;shutter_speed&quot;:&quot;0.058823529411765&quot;,&quot;title&quot;:&quot;&quot;,&quot;orientation&quot;:&quot;1&quot;}\" data-image-title=\"\" data-image-description=\"\" data-medium-file=\"https:\/\/www.jaermuseet.no\/flyhistorisk\/wp-content\/uploads\/sites\/4\/2016\/04\/20160414_123318-e1461254737703-169x300.jpg\" data-large-file=\"https:\/\/www.jaermuseet.no\/flyhistorisk\/wp-content\/uploads\/sites\/4\/2016\/04\/20160414_123318-e1461254737703-576x1024.jpg\" src=\"https:\/\/i0.wp.com\/www.jaermuseet.no\/flyhistorisk\/wp-content\/uploads\/sites\/4\/2016\/04\/20160414_123318-e1461254737703.jpg?w=249&#038;h=443&#038;ssl=1\" srcset=\"https:\/\/www.jaermuseet.no\/flyhistorisk\/wp-content\/uploads\/sites\/4\/2016\/04\/20160414_123318-e1461254737703.jpg 1836w, https:\/\/www.jaermuseet.no\/flyhistorisk\/wp-content\/uploads\/sites\/4\/2016\/04\/20160414_123318-e1461254737703-169x300.jpg 169w, https:\/\/www.jaermuseet.no\/flyhistorisk\/wp-content\/uploads\/sites\/4\/2016\/04\/20160414_123318-e1461254737703-768x1365.jpg 768w, https:\/\/www.jaermuseet.no\/flyhistorisk\/wp-content\/uploads\/sites\/4\/2016\/04\/20160414_123318-e1461254737703-576x1024.jpg 576w, https:\/\/www.jaermuseet.no\/flyhistorisk\/wp-content\/uploads\/sites\/4\/2016\/04\/20160414_123318-e1461254737703-250x444.jpg 250w\" width=\"249\" height=\"443\" loading=\"lazy\" data-original-width=\"249\" data-original-height=\"443\" itemprop=\"http:\/\/schema.org\/image\" title=\"\" alt=\"Lett \u00e5 se hva som er vasket eller ei.\" style=\"width: 249px; height: 443px;\" \/> <\/a> <div class=\"tiled-gallery-caption\" itemprop=\"caption description\"> Lett \u00e5 se hva som er vasket eller ei. <\/div> <\/div> <\/div> <!-- close group --> <div class=\"gallery-group images-3\" style=\"width: 247px; height: 447px;\" data-original-width=\"247\" data-original-height=\"447\" > <div class=\"tiled-gallery-item tiled-gallery-item-small\" itemprop=\"associatedMedia\" itemscope itemtype=\"http:\/\/schema.org\/ImageObject\"> <a href=\"https:\/\/www.jaermuseet.no\/flyhistorisk\/20160414_102248\/\" border=\"0\" itemprop=\"url\"> <meta itemprop=\"width\" content=\"243\"> <meta itemprop=\"height\" content=\"137\"> <img decoding=\"async\" class=\"\" data-attachment-id=\"503\" data-orig-file=\"https:\/\/www.jaermuseet.no\/flyhistorisk\/wp-content\/uploads\/sites\/4\/2016\/04\/20160414_102248.jpg\" data-orig-size=\"3264,1836\" data-comments-opened=\"\" data-image-meta=\"{&quot;aperture&quot;:&quot;2.6&quot;,&quot;credit&quot;:&quot;&quot;,&quot;camera&quot;:&quot;GT-I9295&quot;,&quot;caption&quot;:&quot;&quot;,&quot;created_timestamp&quot;:&quot;1460629368&quot;,&quot;copyright&quot;:&quot;&quot;,&quot;focal_length&quot;:&quot;3.7&quot;,&quot;iso&quot;:&quot;125&quot;,&quot;shutter_speed&quot;:&quot;0.04&quot;,&quot;title&quot;:&quot;&quot;,&quot;orientation&quot;:&quot;1&quot;}\" data-image-title=\"20160414_102248\" data-image-description=\"\" data-medium-file=\"https:\/\/www.jaermuseet.no\/flyhistorisk\/wp-content\/uploads\/sites\/4\/2016\/04\/20160414_102248-300x169.jpg\" data-large-file=\"https:\/\/www.jaermuseet.no\/flyhistorisk\/wp-content\/uploads\/sites\/4\/2016\/04\/20160414_102248-1024x576.jpg\" src=\"https:\/\/i0.wp.com\/www.jaermuseet.no\/flyhistorisk\/wp-content\/uploads\/sites\/4\/2016\/04\/20160414_102248.jpg?w=243&#038;h=137&#038;ssl=1\" srcset=\"https:\/\/www.jaermuseet.no\/flyhistorisk\/wp-content\/uploads\/sites\/4\/2016\/04\/20160414_102248.jpg 3264w, https:\/\/www.jaermuseet.no\/flyhistorisk\/wp-content\/uploads\/sites\/4\/2016\/04\/20160414_102248-300x169.jpg 300w, https:\/\/www.jaermuseet.no\/flyhistorisk\/wp-content\/uploads\/sites\/4\/2016\/04\/20160414_102248-768x432.jpg 768w, https:\/\/www.jaermuseet.no\/flyhistorisk\/wp-content\/uploads\/sites\/4\/2016\/04\/20160414_102248-1024x576.jpg 1024w, https:\/\/www.jaermuseet.no\/flyhistorisk\/wp-content\/uploads\/sites\/4\/2016\/04\/20160414_102248-250x141.jpg 250w\" width=\"243\" height=\"137\" loading=\"lazy\" data-original-width=\"243\" data-original-height=\"137\" itemprop=\"http:\/\/schema.org\/image\" title=\"20160414_102248\" alt=\"Venneforeningen jobber kveldsskift for \u00e5 f\u00e5 den nye utstillingen p\u00e5 plass. F\u00f8lg med p\u00e5 nettsiden for mer informasjon.\" style=\"width: 243px; height: 137px;\" \/> <\/a> <div class=\"tiled-gallery-caption\" itemprop=\"caption description\"> Venneforeningen jobber kveldsskift for \u00e5 f\u00e5 den nye utstillingen p\u00e5 plass. F\u00f8lg med p\u00e5 nettsiden for mer informasjon. <\/div> <\/div> <div class=\"tiled-gallery-item tiled-gallery-item-small\" itemprop=\"associatedMedia\" itemscope itemtype=\"http:\/\/schema.org\/ImageObject\"> <a href=\"https:\/\/www.jaermuseet.no\/flyhistorisk\/varvask-pa-flymuseet\/20151005_150350-2\/\" border=\"0\" itemprop=\"url\"> <meta itemprop=\"width\" content=\"243\"> <meta itemprop=\"height\" content=\"137\"> <img decoding=\"async\" class=\"\" data-attachment-id=\"534\" data-orig-file=\"https:\/\/www.jaermuseet.no\/flyhistorisk\/wp-content\/uploads\/sites\/4\/2016\/04\/20151005_150350-1.jpg\" data-orig-size=\"3264,1836\" data-comments-opened=\"\" data-image-meta=\"{&quot;aperture&quot;:&quot;2.6&quot;,&quot;credit&quot;:&quot;&quot;,&quot;camera&quot;:&quot;GT-I9295&quot;,&quot;caption&quot;:&quot;&quot;,&quot;created_timestamp&quot;:&quot;1444057430&quot;,&quot;copyright&quot;:&quot;&quot;,&quot;focal_length&quot;:&quot;3.7&quot;,&quot;iso&quot;:&quot;125&quot;,&quot;shutter_speed&quot;:&quot;0.058823529411765&quot;,&quot;title&quot;:&quot;&quot;,&quot;orientation&quot;:&quot;1&quot;}\" data-image-title=\"\" data-image-description=\"\" data-medium-file=\"https:\/\/www.jaermuseet.no\/flyhistorisk\/wp-content\/uploads\/sites\/4\/2016\/04\/20151005_150350-1-300x169.jpg\" data-large-file=\"https:\/\/www.jaermuseet.no\/flyhistorisk\/wp-content\/uploads\/sites\/4\/2016\/04\/20151005_150350-1-1024x576.jpg\" src=\"https:\/\/i0.wp.com\/www.jaermuseet.no\/flyhistorisk\/wp-content\/uploads\/sites\/4\/2016\/04\/20151005_150350-1.jpg?w=243&#038;h=137&#038;ssl=1\" srcset=\"https:\/\/www.jaermuseet.no\/flyhistorisk\/wp-content\/uploads\/sites\/4\/2016\/04\/20151005_150350-1.jpg 3264w, https:\/\/www.jaermuseet.no\/flyhistorisk\/wp-content\/uploads\/sites\/4\/2016\/04\/20151005_150350-1-300x169.jpg 300w, https:\/\/www.jaermuseet.no\/flyhistorisk\/wp-content\/uploads\/sites\/4\/2016\/04\/20151005_150350-1-768x432.jpg 768w, https:\/\/www.jaermuseet.no\/flyhistorisk\/wp-content\/uploads\/sites\/4\/2016\/04\/20151005_150350-1-1024x576.jpg 1024w, https:\/\/www.jaermuseet.no\/flyhistorisk\/wp-content\/uploads\/sites\/4\/2016\/04\/20151005_150350-1-250x141.jpg 250w\" width=\"243\" height=\"137\" loading=\"lazy\" data-original-width=\"243\" data-original-height=\"137\" itemprop=\"http:\/\/schema.org\/image\" title=\"\" alt=\"Finnes det bedre leker enn fly? Vi har v\u00e5re tvil.\" style=\"width: 243px; height: 137px;\" \/> <\/a> <div class=\"tiled-gallery-caption\" itemprop=\"caption description\"> Finnes det bedre leker enn fly? Vi har v\u00e5re tvil. <\/div> <\/div> <div class=\"tiled-gallery-item tiled-gallery-item-small\" itemprop=\"associatedMedia\" itemscope itemtype=\"http:\/\/schema.org\/ImageObject\"> <a href=\"https:\/\/www.jaermuseet.no\/flyhistorisk\/varvask-pa-flymuseet\/flymuseet4\/\" border=\"0\" itemprop=\"url\"> <meta itemprop=\"width\" content=\"243\"> <meta itemprop=\"height\" content=\"161\"> <img decoding=\"async\" class=\"\" data-attachment-id=\"535\" data-orig-file=\"https:\/\/www.jaermuseet.no\/flyhistorisk\/wp-content\/uploads\/sites\/4\/2016\/04\/flymuseet4.jpg\" data-orig-size=\"3072,2044\" data-comments-opened=\"\" data-image-meta=\"{&quot;aperture&quot;:&quot;2.8&quot;,&quot;credit&quot;:&quot;&quot;,&quot;camera&quot;:&quot;NIKON D4&quot;,&quot;caption&quot;:&quot;&quot;,&quot;created_timestamp&quot;:&quot;1401695722&quot;,&quot;copyright&quot;:&quot;&quot;,&quot;focal_length&quot;:&quot;28&quot;,&quot;iso&quot;:&quot;800&quot;,&quot;shutter_speed&quot;:&quot;0.002&quot;,&quot;title&quot;:&quot;&quot;,&quot;orientation&quot;:&quot;0&quot;}\" data-image-title=\"flymuseet4\" data-image-description=\"\" data-medium-file=\"https:\/\/www.jaermuseet.no\/flyhistorisk\/wp-content\/uploads\/sites\/4\/2016\/04\/flymuseet4-300x200.jpg\" data-large-file=\"https:\/\/www.jaermuseet.no\/flyhistorisk\/wp-content\/uploads\/sites\/4\/2016\/04\/flymuseet4-1024x681.jpg\" src=\"https:\/\/i0.wp.com\/www.jaermuseet.no\/flyhistorisk\/wp-content\/uploads\/sites\/4\/2016\/04\/flymuseet4.jpg?w=243&#038;h=161&#038;ssl=1\" srcset=\"https:\/\/www.jaermuseet.no\/flyhistorisk\/wp-content\/uploads\/sites\/4\/2016\/04\/flymuseet4.jpg 3072w, https:\/\/www.jaermuseet.no\/flyhistorisk\/wp-content\/uploads\/sites\/4\/2016\/04\/flymuseet4-300x200.jpg 300w, https:\/\/www.jaermuseet.no\/flyhistorisk\/wp-content\/uploads\/sites\/4\/2016\/04\/flymuseet4-768x511.jpg 768w, https:\/\/www.jaermuseet.no\/flyhistorisk\/wp-content\/uploads\/sites\/4\/2016\/04\/flymuseet4-1024x681.jpg 1024w, https:\/\/www.jaermuseet.no\/flyhistorisk\/wp-content\/uploads\/sites\/4\/2016\/04\/flymuseet4-250x166.jpg 250w\" width=\"243\" height=\"161\" loading=\"lazy\" data-original-width=\"243\" data-original-height=\"161\" itemprop=\"http:\/\/schema.org\/image\" title=\"flymuseet4\" alt=\"Etter tre dagers intensiv arbeid hvorp\u00e5 total arbeidsmengde oversteg et m\u00e5nedsverk med god margin er Flymuseet snart klart for sesongstart.\" style=\"width: 243px; height: 161px;\" \/> <\/a> <div class=\"tiled-gallery-caption\" itemprop=\"caption description\"> Etter tre dagers intensiv arbeid hvorp\u00e5 total arbeidsmengde oversteg et m\u00e5nedsverk med god margin er Flymuseet snart klart for sesongstart. <\/div> <\/div> <\/div> <!-- close group --> <\/div> <!-- close row --> <\/div>\n<p>&nbsp;<\/p>\n<p>&nbsp;<\/p>\n<p>&nbsp;<\/p>\n","protected":false},"excerpt":{"rendered":"<p>Gjennom de siste \u00e5rene har det v\u00e6rt et sikkert v\u00e5rtegn&#8230;<\/p>\n","protected":false},"author":3,"featured_media":513,"comment_status":"closed","ping_status":"closed","sticky":false,"template":"","format":"standard","meta":{"_acf_changed":false,"_jetpack_memberships_contains_paid_content":false,"footnotes":""},"categories":[2],"tags":[],"class_list":["post-527","post","type-post","status-publish","format-standard","has-post-thumbnail","hentry","category-aktuelt","featured-image-size-large"],"acf":[],"yoast_head":"<!-- This site is optimized with the Yoast SEO plugin v27.4 - https:\/\/yoast.com\/product\/yoast-seo-wordpress\/ -->\n<title>V\u00e5rvask p\u00e5 Flymuseet - Flyhistorisk Museum Sola<\/title>\n<meta name=\"robots\" content=\"index, follow, max-snippet:-1, max-image-preview:large, max-video-preview:-1\" \/>\n<link rel=\"canonical\" href=\"https:\/\/www.jaermuseet.no\/flyhistorisk\/varvask-pa-flymuseet\/\" \/>\n<meta property=\"og:locale\" content=\"nn_NO\" \/>\n<meta property=\"og:type\" content=\"article\" \/>\n<meta property=\"og:title\" content=\"V\u00e5rvask p\u00e5 Flymuseet - Flyhistorisk Museum Sola\" \/>\n<meta property=\"og:description\" content=\"Gjennom de siste \u00e5rene har det v\u00e6rt et sikkert v\u00e5rtegn...\" \/>\n<meta property=\"og:url\" content=\"https:\/\/www.jaermuseet.no\/flyhistorisk\/varvask-pa-flymuseet\/\" \/>\n<meta property=\"og:site_name\" content=\"Flyhistorisk Museum Sola\" \/>\n<meta property=\"article:published_time\" content=\"2016-04-21T16:25:47+00:00\" \/>\n<meta property=\"article:modified_time\" content=\"2016-04-21T17:26:32+00:00\" \/>\n<meta property=\"og:image\" content=\"https:\/\/www.jaermuseet.no\/flyhistorisk\/wp-content\/uploads\/sites\/4\/2016\/04\/20160420_1124120.jpg\" \/>\n\t<meta property=\"og:image:width\" content=\"3264\" \/>\n\t<meta property=\"og:image:height\" content=\"1836\" \/>\n\t<meta property=\"og:image:type\" content=\"image\/jpeg\" \/>\n<meta name=\"author\" content=\"Flyhistorisk\" \/>\n<meta name=\"twitter:card\" content=\"summary_large_image\" \/>\n<meta name=\"twitter:label1\" content=\"Written by\" \/>\n\t<meta name=\"twitter:data1\" content=\"Flyhistorisk\" \/>\n\t<meta name=\"twitter:label2\" content=\"Est. reading time\" \/>\n\t<meta name=\"twitter:data2\" content=\"1 minutt\" \/>\n<script type=\"application\/ld+json\" class=\"yoast-schema-graph\">{\"@context\":\"https:\\\/\\\/schema.org\",\"@graph\":[{\"@type\":\"Article\",\"@id\":\"https:\\\/\\\/www.jaermuseet.no\\\/flyhistorisk\\\/varvask-pa-flymuseet\\\/#article\",\"isPartOf\":{\"@id\":\"https:\\\/\\\/www.jaermuseet.no\\\/flyhistorisk\\\/varvask-pa-flymuseet\\\/\"},\"author\":{\"name\":\"Flyhistorisk\",\"@id\":\"https:\\\/\\\/www.jaermuseet.no\\\/flyhistorisk\\\/#\\\/schema\\\/person\\\/fb7c64a141b10ccbf139c101c1c39297\"},\"headline\":\"V\u00e5rvask p\u00e5 Flymuseet\",\"datePublished\":\"2016-04-21T16:25:47+00:00\",\"dateModified\":\"2016-04-21T17:26:32+00:00\",\"mainEntityOfPage\":{\"@id\":\"https:\\\/\\\/www.jaermuseet.no\\\/flyhistorisk\\\/varvask-pa-flymuseet\\\/\"},\"wordCount\":178,\"image\":{\"@id\":\"https:\\\/\\\/www.jaermuseet.no\\\/flyhistorisk\\\/varvask-pa-flymuseet\\\/#primaryimage\"},\"thumbnailUrl\":\"https:\\\/\\\/www.jaermuseet.no\\\/flyhistorisk\\\/wp-content\\\/uploads\\\/sites\\\/4\\\/2016\\\/04\\\/20160420_1124120.jpg\",\"articleSection\":[\"Aktuelt\"],\"inLanguage\":\"nn-NO\"},{\"@type\":\"WebPage\",\"@id\":\"https:\\\/\\\/www.jaermuseet.no\\\/flyhistorisk\\\/varvask-pa-flymuseet\\\/\",\"url\":\"https:\\\/\\\/www.jaermuseet.no\\\/flyhistorisk\\\/varvask-pa-flymuseet\\\/\",\"name\":\"V\u00e5rvask p\u00e5 Flymuseet - Flyhistorisk Museum Sola\",\"isPartOf\":{\"@id\":\"https:\\\/\\\/www.jaermuseet.no\\\/flyhistorisk\\\/#website\"},\"primaryImageOfPage\":{\"@id\":\"https:\\\/\\\/www.jaermuseet.no\\\/flyhistorisk\\\/varvask-pa-flymuseet\\\/#primaryimage\"},\"image\":{\"@id\":\"https:\\\/\\\/www.jaermuseet.no\\\/flyhistorisk\\\/varvask-pa-flymuseet\\\/#primaryimage\"},\"thumbnailUrl\":\"https:\\\/\\\/www.jaermuseet.no\\\/flyhistorisk\\\/wp-content\\\/uploads\\\/sites\\\/4\\\/2016\\\/04\\\/20160420_1124120.jpg\",\"datePublished\":\"2016-04-21T16:25:47+00:00\",\"dateModified\":\"2016-04-21T17:26:32+00:00\",\"author\":{\"@id\":\"https:\\\/\\\/www.jaermuseet.no\\\/flyhistorisk\\\/#\\\/schema\\\/person\\\/fb7c64a141b10ccbf139c101c1c39297\"},\"breadcrumb\":{\"@id\":\"https:\\\/\\\/www.jaermuseet.no\\\/flyhistorisk\\\/varvask-pa-flymuseet\\\/#breadcrumb\"},\"inLanguage\":\"nn-NO\",\"potentialAction\":[{\"@type\":\"ReadAction\",\"target\":[\"https:\\\/\\\/www.jaermuseet.no\\\/flyhistorisk\\\/varvask-pa-flymuseet\\\/\"]}]},{\"@type\":\"ImageObject\",\"inLanguage\":\"nn-NO\",\"@id\":\"https:\\\/\\\/www.jaermuseet.no\\\/flyhistorisk\\\/varvask-pa-flymuseet\\\/#primaryimage\",\"url\":\"https:\\\/\\\/www.jaermuseet.no\\\/flyhistorisk\\\/wp-content\\\/uploads\\\/sites\\\/4\\\/2016\\\/04\\\/20160420_1124120.jpg\",\"contentUrl\":\"https:\\\/\\\/www.jaermuseet.no\\\/flyhistorisk\\\/wp-content\\\/uploads\\\/sites\\\/4\\\/2016\\\/04\\\/20160420_1124120.jpg\",\"width\":3264,\"height\":1836,\"caption\":\"Ernst Knutson fra museets venneforening stilte ogs\u00e5 opp\"},{\"@type\":\"BreadcrumbList\",\"@id\":\"https:\\\/\\\/www.jaermuseet.no\\\/flyhistorisk\\\/varvask-pa-flymuseet\\\/#breadcrumb\",\"itemListElement\":[{\"@type\":\"ListItem\",\"position\":1,\"name\":\"Hjem\",\"item\":\"https:\\\/\\\/www.jaermuseet.no\\\/flyhistorisk\\\/\"},{\"@type\":\"ListItem\",\"position\":2,\"name\":\"V\u00e5rvask p\u00e5 Flymuseet\"}]},{\"@type\":\"WebSite\",\"@id\":\"https:\\\/\\\/www.jaermuseet.no\\\/flyhistorisk\\\/#website\",\"url\":\"https:\\\/\\\/www.jaermuseet.no\\\/flyhistorisk\\\/\",\"name\":\"Flyhistorisk Museum Sola\",\"description\":\"One of Norway\u2019s largest civil collections of airplanes\",\"potentialAction\":[{\"@type\":\"SearchAction\",\"target\":{\"@type\":\"EntryPoint\",\"urlTemplate\":\"https:\\\/\\\/www.jaermuseet.no\\\/flyhistorisk\\\/?s={search_term_string}\"},\"query-input\":{\"@type\":\"PropertyValueSpecification\",\"valueRequired\":true,\"valueName\":\"search_term_string\"}}],\"inLanguage\":\"nn-NO\"},{\"@type\":\"Person\",\"@id\":\"https:\\\/\\\/www.jaermuseet.no\\\/flyhistorisk\\\/#\\\/schema\\\/person\\\/fb7c64a141b10ccbf139c101c1c39297\",\"name\":\"Flyhistorisk\",\"image\":{\"@type\":\"ImageObject\",\"inLanguage\":\"nn-NO\",\"@id\":\"https:\\\/\\\/secure.gravatar.com\\\/avatar\\\/6a67dd7f87836b69b29b49028b01bea26bbf872caff3451d17e160f5c4c6e156?s=96&d=mm&r=g\",\"url\":\"https:\\\/\\\/secure.gravatar.com\\\/avatar\\\/6a67dd7f87836b69b29b49028b01bea26bbf872caff3451d17e160f5c4c6e156?s=96&d=mm&r=g\",\"contentUrl\":\"https:\\\/\\\/secure.gravatar.com\\\/avatar\\\/6a67dd7f87836b69b29b49028b01bea26bbf872caff3451d17e160f5c4c6e156?s=96&d=mm&r=g\",\"caption\":\"Flyhistorisk\"},\"url\":\"https:\\\/\\\/www.jaermuseet.no\\\/flyhistorisk\\\/author\\\/flyhistorisk\\\/\"}]}<\/script>\n<!-- \/ Yoast SEO plugin. -->","yoast_head_json":{"title":"V\u00e5rvask p\u00e5 Flymuseet - Flyhistorisk Museum Sola","robots":{"index":"index","follow":"follow","max-snippet":"max-snippet:-1","max-image-preview":"max-image-preview:large","max-video-preview":"max-video-preview:-1"},"canonical":"https:\/\/www.jaermuseet.no\/flyhistorisk\/varvask-pa-flymuseet\/","og_locale":"nn_NO","og_type":"article","og_title":"V\u00e5rvask p\u00e5 Flymuseet - Flyhistorisk Museum Sola","og_description":"Gjennom de siste \u00e5rene har det v\u00e6rt et sikkert v\u00e5rtegn...","og_url":"https:\/\/www.jaermuseet.no\/flyhistorisk\/varvask-pa-flymuseet\/","og_site_name":"Flyhistorisk Museum Sola","article_published_time":"2016-04-21T16:25:47+00:00","article_modified_time":"2016-04-21T17:26:32+00:00","og_image":[{"width":3264,"height":1836,"url":"https:\/\/www.jaermuseet.no\/flyhistorisk\/wp-content\/uploads\/sites\/4\/2016\/04\/20160420_1124120.jpg","type":"image\/jpeg"}],"author":"Flyhistorisk","twitter_card":"summary_large_image","twitter_misc":{"Written by":"Flyhistorisk","Est. reading time":"1 minutt"},"schema":{"@context":"https:\/\/schema.org","@graph":[{"@type":"Article","@id":"https:\/\/www.jaermuseet.no\/flyhistorisk\/varvask-pa-flymuseet\/#article","isPartOf":{"@id":"https:\/\/www.jaermuseet.no\/flyhistorisk\/varvask-pa-flymuseet\/"},"author":{"name":"Flyhistorisk","@id":"https:\/\/www.jaermuseet.no\/flyhistorisk\/#\/schema\/person\/fb7c64a141b10ccbf139c101c1c39297"},"headline":"V\u00e5rvask p\u00e5 Flymuseet","datePublished":"2016-04-21T16:25:47+00:00","dateModified":"2016-04-21T17:26:32+00:00","mainEntityOfPage":{"@id":"https:\/\/www.jaermuseet.no\/flyhistorisk\/varvask-pa-flymuseet\/"},"wordCount":178,"image":{"@id":"https:\/\/www.jaermuseet.no\/flyhistorisk\/varvask-pa-flymuseet\/#primaryimage"},"thumbnailUrl":"https:\/\/www.jaermuseet.no\/flyhistorisk\/wp-content\/uploads\/sites\/4\/2016\/04\/20160420_1124120.jpg","articleSection":["Aktuelt"],"inLanguage":"nn-NO"},{"@type":"WebPage","@id":"https:\/\/www.jaermuseet.no\/flyhistorisk\/varvask-pa-flymuseet\/","url":"https:\/\/www.jaermuseet.no\/flyhistorisk\/varvask-pa-flymuseet\/","name":"V\u00e5rvask p\u00e5 Flymuseet - Flyhistorisk Museum Sola","isPartOf":{"@id":"https:\/\/www.jaermuseet.no\/flyhistorisk\/#website"},"primaryImageOfPage":{"@id":"https:\/\/www.jaermuseet.no\/flyhistorisk\/varvask-pa-flymuseet\/#primaryimage"},"image":{"@id":"https:\/\/www.jaermuseet.no\/flyhistorisk\/varvask-pa-flymuseet\/#primaryimage"},"thumbnailUrl":"https:\/\/www.jaermuseet.no\/flyhistorisk\/wp-content\/uploads\/sites\/4\/2016\/04\/20160420_1124120.jpg","datePublished":"2016-04-21T16:25:47+00:00","dateModified":"2016-04-21T17:26:32+00:00","author":{"@id":"https:\/\/www.jaermuseet.no\/flyhistorisk\/#\/schema\/person\/fb7c64a141b10ccbf139c101c1c39297"},"breadcrumb":{"@id":"https:\/\/www.jaermuseet.no\/flyhistorisk\/varvask-pa-flymuseet\/#breadcrumb"},"inLanguage":"nn-NO","potentialAction":[{"@type":"ReadAction","target":["https:\/\/www.jaermuseet.no\/flyhistorisk\/varvask-pa-flymuseet\/"]}]},{"@type":"ImageObject","inLanguage":"nn-NO","@id":"https:\/\/www.jaermuseet.no\/flyhistorisk\/varvask-pa-flymuseet\/#primaryimage","url":"https:\/\/www.jaermuseet.no\/flyhistorisk\/wp-content\/uploads\/sites\/4\/2016\/04\/20160420_1124120.jpg","contentUrl":"https:\/\/www.jaermuseet.no\/flyhistorisk\/wp-content\/uploads\/sites\/4\/2016\/04\/20160420_1124120.jpg","width":3264,"height":1836,"caption":"Ernst Knutson fra museets venneforening stilte ogs\u00e5 opp"},{"@type":"BreadcrumbList","@id":"https:\/\/www.jaermuseet.no\/flyhistorisk\/varvask-pa-flymuseet\/#breadcrumb","itemListElement":[{"@type":"ListItem","position":1,"name":"Hjem","item":"https:\/\/www.jaermuseet.no\/flyhistorisk\/"},{"@type":"ListItem","position":2,"name":"V\u00e5rvask p\u00e5 Flymuseet"}]},{"@type":"WebSite","@id":"https:\/\/www.jaermuseet.no\/flyhistorisk\/#website","url":"https:\/\/www.jaermuseet.no\/flyhistorisk\/","name":"Flyhistorisk Museum Sola","description":"One of Norway\u2019s largest civil collections of airplanes","potentialAction":[{"@type":"SearchAction","target":{"@type":"EntryPoint","urlTemplate":"https:\/\/www.jaermuseet.no\/flyhistorisk\/?s={search_term_string}"},"query-input":{"@type":"PropertyValueSpecification","valueRequired":true,"valueName":"search_term_string"}}],"inLanguage":"nn-NO"},{"@type":"Person","@id":"https:\/\/www.jaermuseet.no\/flyhistorisk\/#\/schema\/person\/fb7c64a141b10ccbf139c101c1c39297","name":"Flyhistorisk","image":{"@type":"ImageObject","inLanguage":"nn-NO","@id":"https:\/\/secure.gravatar.com\/avatar\/6a67dd7f87836b69b29b49028b01bea26bbf872caff3451d17e160f5c4c6e156?s=96&d=mm&r=g","url":"https:\/\/secure.gravatar.com\/avatar\/6a67dd7f87836b69b29b49028b01bea26bbf872caff3451d17e160f5c4c6e156?s=96&d=mm&r=g","contentUrl":"https:\/\/secure.gravatar.com\/avatar\/6a67dd7f87836b69b29b49028b01bea26bbf872caff3451d17e160f5c4c6e156?s=96&d=mm&r=g","caption":"Flyhistorisk"},"url":"https:\/\/www.jaermuseet.no\/flyhistorisk\/author\/flyhistorisk\/"}]}},"cc_featured_image_caption":{"caption_text":"","source_text":"","source_url":""},"jetpack_featured_media_url":"https:\/\/www.jaermuseet.no\/flyhistorisk\/wp-content\/uploads\/sites\/4\/2016\/04\/20160420_1124120.jpg","jetpack_sharing_enabled":true,"_links":{"self":[{"href":"https:\/\/www.jaermuseet.no\/flyhistorisk\/wp-json\/wp\/v2\/posts\/527","targetHints":{"allow":["GET"]}}],"collection":[{"href":"https:\/\/www.jaermuseet.no\/flyhistorisk\/wp-json\/wp\/v2\/posts"}],"about":[{"href":"https:\/\/www.jaermuseet.no\/flyhistorisk\/wp-json\/wp\/v2\/types\/post"}],"author":[{"embeddable":true,"href":"https:\/\/www.jaermuseet.no\/flyhistorisk\/wp-json\/wp\/v2\/users\/3"}],"replies":[{"embeddable":true,"href":"https:\/\/www.jaermuseet.no\/flyhistorisk\/wp-json\/wp\/v2\/comments?post=527"}],"version-history":[{"count":13,"href":"https:\/\/www.jaermuseet.no\/flyhistorisk\/wp-json\/wp\/v2\/posts\/527\/revisions"}],"predecessor-version":[{"id":543,"href":"https:\/\/www.jaermuseet.no\/flyhistorisk\/wp-json\/wp\/v2\/posts\/527\/revisions\/543"}],"wp:featuredmedia":[{"embeddable":true,"href":"https:\/\/www.jaermuseet.no\/flyhistorisk\/wp-json\/wp\/v2\/media\/513"}],"wp:attachment":[{"href":"https:\/\/www.jaermuseet.no\/flyhistorisk\/wp-json\/wp\/v2\/media?parent=527"}],"wp:term":[{"taxonomy":"category","embeddable":true,"href":"https:\/\/www.jaermuseet.no\/flyhistorisk\/wp-json\/wp\/v2\/categories?post=527"},{"taxonomy":"post_tag","embeddable":true,"href":"https:\/\/www.jaermuseet.no\/flyhistorisk\/wp-json\/wp\/v2\/tags?post=527"}],"curies":[{"name":"wp","href":"https:\/\/api.w.org\/{rel}","templated":true}]}}