{"id":47,"date":"2013-10-24T12:17:43","date_gmt":"2013-10-24T11:17:43","guid":{"rendered":"https:\/\/www.jaermuseet.no\/flyhistorisk\/saab-91b-2-safir\/"},"modified":"2015-10-05T12:57:53","modified_gmt":"2015-10-05T10:57:53","slug":"saab-91b-2-safir","status":"publish","type":"post","link":"https:\/\/www.jaermuseet.no\/flyhistorisk\/saab-91b-2-safir\/","title":{"rendered":"Saab 91B-2 Safir"},"content":{"rendered":"<p style=\"text-align: justify\"><strong>Saab 91 Safir er et treseters element\u00e6rt trenings- og kommunikasjonsfly utviklet i Sverige p\u00e5 midten av 1940-tallet. Flyet har en lengde p\u00e5 8 meter, et vingespenn p\u00e5 10,6 meter og en toppfart p\u00e5 275km\/t. Innledningsvis hadde flyet forholdsvis liten suksess. Fra produksjonsstart i 1945 frem til 1950 ble kun 48 eksemplarer produsert. Flyets st\u00f8rste svakhet, bokstavelig talt, var en for svak motor. Dette endret seg imidlertid da fabrikken lanserte en ny utgave i januar 1949.<\/strong><\/p>\n<p style=\"text-align: justify\">Med sin sterkere motor ble Saab 91B Safir en stor suksess. Foruten det svenske, tok det norske, finske, asteriske, tunisiske og etiopiske flyv\u00e5penet typen i bruk som sitt viktigeste element\u00e6re treningsfly. Flyet ble dessuten benyttet av flere kommersielle flyselskap, deriblant Air France og Lufthansa.<\/p>\n<p style=\"text-align: justify\"><strong>Norsk bruk<\/strong><br \/>\nP\u00e5 midten av 1950-tallet ble det omsider bestemt at det norske flyv\u00e5penet skulle bytte ut sine gamle Cornell og Harvard treningsfly fra krigens dager. Ettersom de nye skoleflyene skulle skaffes ved norske midler stod man fritt til selv \u00e5 bestemme flytype. Valget falt p\u00e5 det h\u00f8yst vellykkede Saab 91B Safir. Med dette ble det bestilt 25 splitter nye fly 20. september 1956. Allerede 29. april \u00e5ret etter var samtlige fly levert Kjeller. Etter mottakskontroll ble flyene tildelt flyskolen p\u00e5 V\u00e6rnes. I tillegg til flyskolen ble flyene fordelt til St\u00f8ttevingene p\u00e5 Rygge, Gardermoen, Sola og \u00d8rlandet. Da flytypen ble utfaset fra Luftforsvaret i 1982 hadde flytypen hatt fire totalhavari med til sammen fem omkommende.<\/p>\n<p style=\"text-align: justify\"><strong>Museets fly<\/strong><br \/>\nMuseets fly har byggenummer 91-336 med serienummer 57-336 og ble overlevert Luftforsvaret 4. mars 1957. I l\u00f8pet av sin fartstid hadde flyet to alvorlige ulykker. Flyet ble reparert etter begge sine uhell og hadde akkumulert 4737 timer og 10 minutter flytid da det ble utfaset forsvaret sommeren 1982. Flyet gikk deretter videre til Sogn Videreg\u00e5ende Skoles flytekniske linje i Oslo f\u00f8r det ble overfl\u00f8t Forsvarets museer i 1996. Veien gikk deretter videre til Flyhistorisk Museum Sola som n\u00e5 har flyet p\u00e5 langtidsdeponi fra Forsvarets museer.<\/p>\n<p style=\"text-align: justify\"><img loading=\"lazy\" decoding=\"async\" class=\"aligncenter wp-image-332 size-large\" src=\"https:\/\/www.jaermuseet.no\/flyhistorisk\/wp-content\/uploads\/sites\/4\/2013\/10\/FMSF89.901-15-7_r-1024x422.jpg\" alt=\"Safir\" width=\"1024\" height=\"422\" srcset=\"https:\/\/www.jaermuseet.no\/flyhistorisk\/wp-content\/uploads\/sites\/4\/2013\/10\/FMSF89.901-15-7_r-1024x422.jpg 1024w, https:\/\/www.jaermuseet.no\/flyhistorisk\/wp-content\/uploads\/sites\/4\/2013\/10\/FMSF89.901-15-7_r-300x124.jpg 300w, https:\/\/www.jaermuseet.no\/flyhistorisk\/wp-content\/uploads\/sites\/4\/2013\/10\/FMSF89.901-15-7_r.jpg 1920w, https:\/\/www.jaermuseet.no\/flyhistorisk\/wp-content\/uploads\/sites\/4\/2013\/10\/FMSF89.901-15-7_r-250x103.jpg 250w\" sizes=\"auto, (max-width: 1024px) 100vw, 1024px\" \/>Fotosamlingen til Flyhistorisk Museum Sola, J\u00e6rmuseet<\/p>\n","protected":false},"excerpt":{"rendered":"<p><img loading=\"lazy\" decoding=\"async\" width=\"448\" height=\"336\" style=\"margin-right: 10px;margin-bottom: 10px\" alt=\"Saab 91B-2 Safir\" src=\"images\/stories\/sola_flyhistorisk\/Flysamlingen\/Saab_91B-2_Safir.JPG\" \/><\/p>\n","protected":false},"author":3,"featured_media":273,"comment_status":"open","ping_status":"open","sticky":false,"template":"","format":"standard","meta":{"_acf_changed":false,"_jetpack_memberships_contains_paid_content":false,"footnotes":""},"categories":[3],"tags":[],"class_list":["post-47","post","type-post","status-publish","format-standard","has-post-thumbnail","hentry","category-utstillinger","featured-image-size-large"],"acf":[],"yoast_head":"<!-- This site is optimized with the Yoast SEO plugin v27.4 - https:\/\/yoast.com\/product\/yoast-seo-wordpress\/ -->\n<title>Saab 91B-2 Safir - Flyhistorisk Museum Sola<\/title>\n<meta name=\"robots\" content=\"index, follow, max-snippet:-1, max-image-preview:large, max-video-preview:-1\" \/>\n<link rel=\"canonical\" href=\"https:\/\/www.jaermuseet.no\/flyhistorisk\/saab-91b-2-safir\/\" \/>\n<meta property=\"og:locale\" content=\"nn_NO\" \/>\n<meta property=\"og:type\" content=\"article\" \/>\n<meta property=\"og:title\" content=\"Saab 91B-2 Safir - Flyhistorisk Museum Sola\" \/>\n<meta property=\"og:url\" content=\"https:\/\/www.jaermuseet.no\/flyhistorisk\/saab-91b-2-safir\/\" \/>\n<meta property=\"og:site_name\" content=\"Flyhistorisk Museum Sola\" \/>\n<meta property=\"article:published_time\" content=\"2013-10-24T11:17:43+00:00\" \/>\n<meta property=\"article:modified_time\" content=\"2015-10-05T10:57:53+00:00\" \/>\n<meta property=\"og:image\" content=\"https:\/\/www.jaermuseet.no\/flyhistorisk\/wp-content\/uploads\/sites\/4\/2013\/10\/Safir.jpg\" \/>\n\t<meta property=\"og:image:width\" content=\"2750\" \/>\n\t<meta property=\"og:image:height\" content=\"1532\" \/>\n\t<meta property=\"og:image:type\" content=\"image\/jpeg\" \/>\n<meta name=\"author\" content=\"Flyhistorisk\" \/>\n<meta name=\"twitter:card\" content=\"summary_large_image\" \/>\n<meta name=\"twitter:label1\" content=\"Written by\" \/>\n\t<meta name=\"twitter:data1\" content=\"Flyhistorisk\" \/>\n\t<meta name=\"twitter:label2\" content=\"Est. reading time\" \/>\n\t<meta name=\"twitter:data2\" content=\"2 minutt\" \/>\n<script type=\"application\/ld+json\" class=\"yoast-schema-graph\">{\"@context\":\"https:\\\/\\\/schema.org\",\"@graph\":[{\"@type\":\"Article\",\"@id\":\"https:\\\/\\\/www.jaermuseet.no\\\/flyhistorisk\\\/saab-91b-2-safir\\\/#article\",\"isPartOf\":{\"@id\":\"https:\\\/\\\/www.jaermuseet.no\\\/flyhistorisk\\\/saab-91b-2-safir\\\/\"},\"author\":{\"name\":\"Flyhistorisk\",\"@id\":\"https:\\\/\\\/www.jaermuseet.no\\\/flyhistorisk\\\/#\\\/schema\\\/person\\\/fb7c64a141b10ccbf139c101c1c39297\"},\"headline\":\"Saab 91B-2 Safir\",\"datePublished\":\"2013-10-24T11:17:43+00:00\",\"dateModified\":\"2015-10-05T10:57:53+00:00\",\"mainEntityOfPage\":{\"@id\":\"https:\\\/\\\/www.jaermuseet.no\\\/flyhistorisk\\\/saab-91b-2-safir\\\/\"},\"wordCount\":325,\"commentCount\":0,\"image\":{\"@id\":\"https:\\\/\\\/www.jaermuseet.no\\\/flyhistorisk\\\/saab-91b-2-safir\\\/#primaryimage\"},\"thumbnailUrl\":\"https:\\\/\\\/www.jaermuseet.no\\\/flyhistorisk\\\/wp-content\\\/uploads\\\/sites\\\/4\\\/2013\\\/10\\\/Safir.jpg\",\"articleSection\":[\"Utstillinger\"],\"inLanguage\":\"nn-NO\",\"potentialAction\":[{\"@type\":\"CommentAction\",\"name\":\"Comment\",\"target\":[\"https:\\\/\\\/www.jaermuseet.no\\\/flyhistorisk\\\/saab-91b-2-safir\\\/#respond\"]}]},{\"@type\":\"WebPage\",\"@id\":\"https:\\\/\\\/www.jaermuseet.no\\\/flyhistorisk\\\/saab-91b-2-safir\\\/\",\"url\":\"https:\\\/\\\/www.jaermuseet.no\\\/flyhistorisk\\\/saab-91b-2-safir\\\/\",\"name\":\"Saab 91B-2 Safir - Flyhistorisk Museum Sola\",\"isPartOf\":{\"@id\":\"https:\\\/\\\/www.jaermuseet.no\\\/flyhistorisk\\\/#website\"},\"primaryImageOfPage\":{\"@id\":\"https:\\\/\\\/www.jaermuseet.no\\\/flyhistorisk\\\/saab-91b-2-safir\\\/#primaryimage\"},\"image\":{\"@id\":\"https:\\\/\\\/www.jaermuseet.no\\\/flyhistorisk\\\/saab-91b-2-safir\\\/#primaryimage\"},\"thumbnailUrl\":\"https:\\\/\\\/www.jaermuseet.no\\\/flyhistorisk\\\/wp-content\\\/uploads\\\/sites\\\/4\\\/2013\\\/10\\\/Safir.jpg\",\"datePublished\":\"2013-10-24T11:17:43+00:00\",\"dateModified\":\"2015-10-05T10:57:53+00:00\",\"author\":{\"@id\":\"https:\\\/\\\/www.jaermuseet.no\\\/flyhistorisk\\\/#\\\/schema\\\/person\\\/fb7c64a141b10ccbf139c101c1c39297\"},\"breadcrumb\":{\"@id\":\"https:\\\/\\\/www.jaermuseet.no\\\/flyhistorisk\\\/saab-91b-2-safir\\\/#breadcrumb\"},\"inLanguage\":\"nn-NO\",\"potentialAction\":[{\"@type\":\"ReadAction\",\"target\":[\"https:\\\/\\\/www.jaermuseet.no\\\/flyhistorisk\\\/saab-91b-2-safir\\\/\"]}]},{\"@type\":\"ImageObject\",\"inLanguage\":\"nn-NO\",\"@id\":\"https:\\\/\\\/www.jaermuseet.no\\\/flyhistorisk\\\/saab-91b-2-safir\\\/#primaryimage\",\"url\":\"https:\\\/\\\/www.jaermuseet.no\\\/flyhistorisk\\\/wp-content\\\/uploads\\\/sites\\\/4\\\/2013\\\/10\\\/Safir.jpg\",\"contentUrl\":\"https:\\\/\\\/www.jaermuseet.no\\\/flyhistorisk\\\/wp-content\\\/uploads\\\/sites\\\/4\\\/2013\\\/10\\\/Safir.jpg\",\"width\":2750,\"height\":1532},{\"@type\":\"BreadcrumbList\",\"@id\":\"https:\\\/\\\/www.jaermuseet.no\\\/flyhistorisk\\\/saab-91b-2-safir\\\/#breadcrumb\",\"itemListElement\":[{\"@type\":\"ListItem\",\"position\":1,\"name\":\"Hjem\",\"item\":\"https:\\\/\\\/www.jaermuseet.no\\\/flyhistorisk\\\/\"},{\"@type\":\"ListItem\",\"position\":2,\"name\":\"Saab 91B-2 Safir\"}]},{\"@type\":\"WebSite\",\"@id\":\"https:\\\/\\\/www.jaermuseet.no\\\/flyhistorisk\\\/#website\",\"url\":\"https:\\\/\\\/www.jaermuseet.no\\\/flyhistorisk\\\/\",\"name\":\"Flyhistorisk Museum Sola\",\"description\":\"One of Norway\u2019s largest civil collections of airplanes\",\"potentialAction\":[{\"@type\":\"SearchAction\",\"target\":{\"@type\":\"EntryPoint\",\"urlTemplate\":\"https:\\\/\\\/www.jaermuseet.no\\\/flyhistorisk\\\/?s={search_term_string}\"},\"query-input\":{\"@type\":\"PropertyValueSpecification\",\"valueRequired\":true,\"valueName\":\"search_term_string\"}}],\"inLanguage\":\"nn-NO\"},{\"@type\":\"Person\",\"@id\":\"https:\\\/\\\/www.jaermuseet.no\\\/flyhistorisk\\\/#\\\/schema\\\/person\\\/fb7c64a141b10ccbf139c101c1c39297\",\"name\":\"Flyhistorisk\",\"image\":{\"@type\":\"ImageObject\",\"inLanguage\":\"nn-NO\",\"@id\":\"https:\\\/\\\/secure.gravatar.com\\\/avatar\\\/6a67dd7f87836b69b29b49028b01bea26bbf872caff3451d17e160f5c4c6e156?s=96&d=mm&r=g\",\"url\":\"https:\\\/\\\/secure.gravatar.com\\\/avatar\\\/6a67dd7f87836b69b29b49028b01bea26bbf872caff3451d17e160f5c4c6e156?s=96&d=mm&r=g\",\"contentUrl\":\"https:\\\/\\\/secure.gravatar.com\\\/avatar\\\/6a67dd7f87836b69b29b49028b01bea26bbf872caff3451d17e160f5c4c6e156?s=96&d=mm&r=g\",\"caption\":\"Flyhistorisk\"},\"url\":\"https:\\\/\\\/www.jaermuseet.no\\\/flyhistorisk\\\/author\\\/flyhistorisk\\\/\"}]}<\/script>\n<!-- \/ Yoast SEO plugin. -->","yoast_head_json":{"title":"Saab 91B-2 Safir - Flyhistorisk Museum Sola","robots":{"index":"index","follow":"follow","max-snippet":"max-snippet:-1","max-image-preview":"max-image-preview:large","max-video-preview":"max-video-preview:-1"},"canonical":"https:\/\/www.jaermuseet.no\/flyhistorisk\/saab-91b-2-safir\/","og_locale":"nn_NO","og_type":"article","og_title":"Saab 91B-2 Safir - Flyhistorisk Museum Sola","og_url":"https:\/\/www.jaermuseet.no\/flyhistorisk\/saab-91b-2-safir\/","og_site_name":"Flyhistorisk Museum Sola","article_published_time":"2013-10-24T11:17:43+00:00","article_modified_time":"2015-10-05T10:57:53+00:00","og_image":[{"width":2750,"height":1532,"url":"https:\/\/www.jaermuseet.no\/flyhistorisk\/wp-content\/uploads\/sites\/4\/2013\/10\/Safir.jpg","type":"image\/jpeg"}],"author":"Flyhistorisk","twitter_card":"summary_large_image","twitter_misc":{"Written by":"Flyhistorisk","Est. reading time":"2 minutt"},"schema":{"@context":"https:\/\/schema.org","@graph":[{"@type":"Article","@id":"https:\/\/www.jaermuseet.no\/flyhistorisk\/saab-91b-2-safir\/#article","isPartOf":{"@id":"https:\/\/www.jaermuseet.no\/flyhistorisk\/saab-91b-2-safir\/"},"author":{"name":"Flyhistorisk","@id":"https:\/\/www.jaermuseet.no\/flyhistorisk\/#\/schema\/person\/fb7c64a141b10ccbf139c101c1c39297"},"headline":"Saab 91B-2 Safir","datePublished":"2013-10-24T11:17:43+00:00","dateModified":"2015-10-05T10:57:53+00:00","mainEntityOfPage":{"@id":"https:\/\/www.jaermuseet.no\/flyhistorisk\/saab-91b-2-safir\/"},"wordCount":325,"commentCount":0,"image":{"@id":"https:\/\/www.jaermuseet.no\/flyhistorisk\/saab-91b-2-safir\/#primaryimage"},"thumbnailUrl":"https:\/\/www.jaermuseet.no\/flyhistorisk\/wp-content\/uploads\/sites\/4\/2013\/10\/Safir.jpg","articleSection":["Utstillinger"],"inLanguage":"nn-NO","potentialAction":[{"@type":"CommentAction","name":"Comment","target":["https:\/\/www.jaermuseet.no\/flyhistorisk\/saab-91b-2-safir\/#respond"]}]},{"@type":"WebPage","@id":"https:\/\/www.jaermuseet.no\/flyhistorisk\/saab-91b-2-safir\/","url":"https:\/\/www.jaermuseet.no\/flyhistorisk\/saab-91b-2-safir\/","name":"Saab 91B-2 Safir - Flyhistorisk Museum Sola","isPartOf":{"@id":"https:\/\/www.jaermuseet.no\/flyhistorisk\/#website"},"primaryImageOfPage":{"@id":"https:\/\/www.jaermuseet.no\/flyhistorisk\/saab-91b-2-safir\/#primaryimage"},"image":{"@id":"https:\/\/www.jaermuseet.no\/flyhistorisk\/saab-91b-2-safir\/#primaryimage"},"thumbnailUrl":"https:\/\/www.jaermuseet.no\/flyhistorisk\/wp-content\/uploads\/sites\/4\/2013\/10\/Safir.jpg","datePublished":"2013-10-24T11:17:43+00:00","dateModified":"2015-10-05T10:57:53+00:00","author":{"@id":"https:\/\/www.jaermuseet.no\/flyhistorisk\/#\/schema\/person\/fb7c64a141b10ccbf139c101c1c39297"},"breadcrumb":{"@id":"https:\/\/www.jaermuseet.no\/flyhistorisk\/saab-91b-2-safir\/#breadcrumb"},"inLanguage":"nn-NO","potentialAction":[{"@type":"ReadAction","target":["https:\/\/www.jaermuseet.no\/flyhistorisk\/saab-91b-2-safir\/"]}]},{"@type":"ImageObject","inLanguage":"nn-NO","@id":"https:\/\/www.jaermuseet.no\/flyhistorisk\/saab-91b-2-safir\/#primaryimage","url":"https:\/\/www.jaermuseet.no\/flyhistorisk\/wp-content\/uploads\/sites\/4\/2013\/10\/Safir.jpg","contentUrl":"https:\/\/www.jaermuseet.no\/flyhistorisk\/wp-content\/uploads\/sites\/4\/2013\/10\/Safir.jpg","width":2750,"height":1532},{"@type":"BreadcrumbList","@id":"https:\/\/www.jaermuseet.no\/flyhistorisk\/saab-91b-2-safir\/#breadcrumb","itemListElement":[{"@type":"ListItem","position":1,"name":"Hjem","item":"https:\/\/www.jaermuseet.no\/flyhistorisk\/"},{"@type":"ListItem","position":2,"name":"Saab 91B-2 Safir"}]},{"@type":"WebSite","@id":"https:\/\/www.jaermuseet.no\/flyhistorisk\/#website","url":"https:\/\/www.jaermuseet.no\/flyhistorisk\/","name":"Flyhistorisk Museum Sola","description":"One of Norway\u2019s largest civil collections of airplanes","potentialAction":[{"@type":"SearchAction","target":{"@type":"EntryPoint","urlTemplate":"https:\/\/www.jaermuseet.no\/flyhistorisk\/?s={search_term_string}"},"query-input":{"@type":"PropertyValueSpecification","valueRequired":true,"valueName":"search_term_string"}}],"inLanguage":"nn-NO"},{"@type":"Person","@id":"https:\/\/www.jaermuseet.no\/flyhistorisk\/#\/schema\/person\/fb7c64a141b10ccbf139c101c1c39297","name":"Flyhistorisk","image":{"@type":"ImageObject","inLanguage":"nn-NO","@id":"https:\/\/secure.gravatar.com\/avatar\/6a67dd7f87836b69b29b49028b01bea26bbf872caff3451d17e160f5c4c6e156?s=96&d=mm&r=g","url":"https:\/\/secure.gravatar.com\/avatar\/6a67dd7f87836b69b29b49028b01bea26bbf872caff3451d17e160f5c4c6e156?s=96&d=mm&r=g","contentUrl":"https:\/\/secure.gravatar.com\/avatar\/6a67dd7f87836b69b29b49028b01bea26bbf872caff3451d17e160f5c4c6e156?s=96&d=mm&r=g","caption":"Flyhistorisk"},"url":"https:\/\/www.jaermuseet.no\/flyhistorisk\/author\/flyhistorisk\/"}]}},"cc_featured_image_caption":{"caption_text":"","source_text":"","source_url":""},"jetpack_featured_media_url":"https:\/\/www.jaermuseet.no\/flyhistorisk\/wp-content\/uploads\/sites\/4\/2013\/10\/Safir.jpg","jetpack_sharing_enabled":true,"_links":{"self":[{"href":"https:\/\/www.jaermuseet.no\/flyhistorisk\/wp-json\/wp\/v2\/posts\/47","targetHints":{"allow":["GET"]}}],"collection":[{"href":"https:\/\/www.jaermuseet.no\/flyhistorisk\/wp-json\/wp\/v2\/posts"}],"about":[{"href":"https:\/\/www.jaermuseet.no\/flyhistorisk\/wp-json\/wp\/v2\/types\/post"}],"author":[{"embeddable":true,"href":"https:\/\/www.jaermuseet.no\/flyhistorisk\/wp-json\/wp\/v2\/users\/3"}],"replies":[{"embeddable":true,"href":"https:\/\/www.jaermuseet.no\/flyhistorisk\/wp-json\/wp\/v2\/comments?post=47"}],"version-history":[{"count":7,"href":"https:\/\/www.jaermuseet.no\/flyhistorisk\/wp-json\/wp\/v2\/posts\/47\/revisions"}],"predecessor-version":[{"id":417,"href":"https:\/\/www.jaermuseet.no\/flyhistorisk\/wp-json\/wp\/v2\/posts\/47\/revisions\/417"}],"wp:featuredmedia":[{"embeddable":true,"href":"https:\/\/www.jaermuseet.no\/flyhistorisk\/wp-json\/wp\/v2\/media\/273"}],"wp:attachment":[{"href":"https:\/\/www.jaermuseet.no\/flyhistorisk\/wp-json\/wp\/v2\/media?parent=47"}],"wp:term":[{"taxonomy":"category","embeddable":true,"href":"https:\/\/www.jaermuseet.no\/flyhistorisk\/wp-json\/wp\/v2\/categories?post=47"},{"taxonomy":"post_tag","embeddable":true,"href":"https:\/\/www.jaermuseet.no\/flyhistorisk\/wp-json\/wp\/v2\/tags?post=47"}],"curies":[{"name":"wp","href":"https:\/\/api.w.org\/{rel}","templated":true}]}}