{"id":32,"date":"2013-10-24T07:17:06","date_gmt":"2013-10-24T06:17:06","guid":{"rendered":"https:\/\/www.jaermuseet.no\/flyhistorisk\/aero-grand-commander-680fl\/"},"modified":"2015-10-05T14:08:37","modified_gmt":"2015-10-05T12:08:37","slug":"aero-grand-commander-680fl","status":"publish","type":"post","link":"https:\/\/www.jaermuseet.no\/flyhistorisk\/aero-grand-commander-680fl\/","title":{"rendered":"Aero Grand Commander 680FL"},"content":{"rendered":"<p style=\"text-align: justify\"><strong>Aero Grand Commander er et amerikansk forretningsfly tilh\u00f8rende flyserien Aero Commander 500. Aero Design and Engineering Corporation ble etablert i USA i desember 1944 for \u00e5 lage et passasjerfly med plass til fem til syv personer. Arbeidet ble gjennomf\u00f8rt p\u00e5 fritidene av en gruppe flyingeni\u00f8rer fra Douglas Aircraft Companys A-20 Team. Gruppen \u00f8nsket \u00e5 designe et lite foretningsfly med utgangspunkt i selskapets A-20 bombefly. Deres arbeid resulterte i at prototypen for det som skulle bli en lang serie Commandere tok til luften i april 1948.<\/strong><\/p>\n<p style=\"text-align: justify\">For \u00e5 kunne ta flere passasjerer ble skroget etter hvert forlenget med omkring to meter. Med dette fikk flyet en lenggde p\u00e5 12,6 meter og et vingespenn p\u00e5 15 meter. Dets toppfart var 435km\/t. Serien ble markedsf\u00f8rt som Grand Commander. Denne versjonen fl\u00f8y f\u00f8rste gang i desember 1962. Grand Commander ble flydd av to piloter og kunne ta opp til 11 passasjerer. Senere utgaver ble modernisert med trykkabin og turbopropmotorer.<\/p>\n<p style=\"text-align: justify\"><strong>Norsk bruk<\/strong><br \/>\nAero Grand Commander fikk aldri noe utpreget bruk i Norge. Maskinen forble forholdsvis sjelden her til lands, men noen maskiner kom til landet. Flytypen ble blant annet bruk av NorFly og Fjellanger-Wider\u00f8. Sistnevnte brukte flyet til kartleggings- og fotooppdrag. Flytypen ble dessuten leid ut til Statens Forurensningstilsyn for oljevernberedskap.<\/p>\n<p style=\"text-align: justify\"><strong>Museets fly<\/strong><br \/>\nMuseets fly er bygd i 1964. Det startet sin tjeneste i Canada. Etter to \u00e5r ved Sam Hashman Management Ltd i Calgary ble flyet solgt til USA. I mars 1972 ble flyet kj\u00f8pt av NorFly. I 1983 ble flyet videresolgt til Fjellanger-Wider\u00f8. Da flyets luftdyktighetsbevis gikk ut 31. mai 1989 fikk flymuseets formann en foresp\u00f8rsel per telefon om museet var interessert i en Grand Commander. Senere samme dag stod flyet parkert utenfor museet!<\/p>\n<figure id=\"attachment_331\" aria-describedby=\"caption-attachment-331\" style=\"width: 1024px\" class=\"wp-caption aligncenter\"><img loading=\"lazy\" decoding=\"async\" class=\"wp-image-331 size-large\" src=\"https:\/\/www.jaermuseet.no\/flyhistorisk\/wp-content\/uploads\/sites\/4\/2013\/10\/FMSF89.891-5-28_r-1024x429.jpg\" alt=\"Fotosamlingen til Flyhistorisk Museum Sola, J\u00e6rmuseet\" width=\"1024\" height=\"429\" srcset=\"https:\/\/www.jaermuseet.no\/flyhistorisk\/wp-content\/uploads\/sites\/4\/2013\/10\/FMSF89.891-5-28_r-1024x429.jpg 1024w, https:\/\/www.jaermuseet.no\/flyhistorisk\/wp-content\/uploads\/sites\/4\/2013\/10\/FMSF89.891-5-28_r-300x126.jpg 300w, https:\/\/www.jaermuseet.no\/flyhistorisk\/wp-content\/uploads\/sites\/4\/2013\/10\/FMSF89.891-5-28_r-250x105.jpg 250w, https:\/\/www.jaermuseet.no\/flyhistorisk\/wp-content\/uploads\/sites\/4\/2013\/10\/FMSF89.891-5-28_r.jpg 1682w\" sizes=\"auto, (max-width: 1024px) 100vw, 1024px\" \/><figcaption id=\"caption-attachment-331\" class=\"wp-caption-text\">Fotosamlingen til Flyhistorisk Museum Sola, J\u00e6rmuseet<\/figcaption><\/figure>\n","protected":false},"excerpt":{"rendered":"<p><img loading=\"lazy\" decoding=\"async\" width=\"448\" height=\"336\" style=\"margin-right: 10px;margin-bottom: 10px\" alt=\"Aero Grand Commander 680FL\" src=\"images\/stories\/sola_flyhistorisk\/Flysamlingen\/Aero_Grand_Commander_680FL.JPG\" \/><\/p>\n","protected":false},"author":3,"featured_media":253,"comment_status":"open","ping_status":"open","sticky":false,"template":"","format":"standard","meta":{"_acf_changed":false,"_jetpack_memberships_contains_paid_content":false,"footnotes":""},"categories":[3],"tags":[],"class_list":["post-32","post","type-post","status-publish","format-standard","has-post-thumbnail","hentry","category-utstillinger","featured-image-size-large"],"acf":[],"yoast_head":"<!-- This site is optimized with the Yoast SEO plugin v27.4 - https:\/\/yoast.com\/product\/yoast-seo-wordpress\/ -->\n<title>Aero Grand Commander 680FL - Flyhistorisk Museum Sola<\/title>\n<meta name=\"robots\" content=\"index, follow, max-snippet:-1, max-image-preview:large, max-video-preview:-1\" \/>\n<link rel=\"canonical\" href=\"https:\/\/www.jaermuseet.no\/flyhistorisk\/aero-grand-commander-680fl\/\" \/>\n<meta property=\"og:locale\" content=\"nn_NO\" \/>\n<meta property=\"og:type\" content=\"article\" \/>\n<meta property=\"og:title\" content=\"Aero Grand Commander 680FL - Flyhistorisk Museum Sola\" \/>\n<meta property=\"og:url\" content=\"https:\/\/www.jaermuseet.no\/flyhistorisk\/aero-grand-commander-680fl\/\" \/>\n<meta property=\"og:site_name\" content=\"Flyhistorisk Museum Sola\" \/>\n<meta property=\"article:published_time\" content=\"2013-10-24T06:17:06+00:00\" \/>\n<meta property=\"article:modified_time\" content=\"2015-10-05T12:08:37+00:00\" \/>\n<meta property=\"og:image\" content=\"https:\/\/www.jaermuseet.no\/flyhistorisk\/wp-content\/uploads\/sites\/4\/2013\/10\/Aero-Grand-Commander.jpg\" \/>\n\t<meta property=\"og:image:width\" content=\"1920\" \/>\n\t<meta property=\"og:image:height\" content=\"1080\" \/>\n\t<meta property=\"og:image:type\" content=\"image\/jpeg\" \/>\n<meta name=\"author\" content=\"Flyhistorisk\" \/>\n<meta name=\"twitter:card\" content=\"summary_large_image\" \/>\n<meta name=\"twitter:label1\" content=\"Written by\" \/>\n\t<meta name=\"twitter:data1\" content=\"Flyhistorisk\" \/>\n\t<meta name=\"twitter:label2\" content=\"Est. reading time\" \/>\n\t<meta name=\"twitter:data2\" content=\"1 minutt\" \/>\n<script type=\"application\/ld+json\" class=\"yoast-schema-graph\">{\"@context\":\"https:\\\/\\\/schema.org\",\"@graph\":[{\"@type\":\"Article\",\"@id\":\"https:\\\/\\\/www.jaermuseet.no\\\/flyhistorisk\\\/aero-grand-commander-680fl\\\/#article\",\"isPartOf\":{\"@id\":\"https:\\\/\\\/www.jaermuseet.no\\\/flyhistorisk\\\/aero-grand-commander-680fl\\\/\"},\"author\":{\"name\":\"Flyhistorisk\",\"@id\":\"https:\\\/\\\/www.jaermuseet.no\\\/flyhistorisk\\\/#\\\/schema\\\/person\\\/fb7c64a141b10ccbf139c101c1c39297\"},\"headline\":\"Aero Grand Commander 680FL\",\"datePublished\":\"2013-10-24T06:17:06+00:00\",\"dateModified\":\"2015-10-05T12:08:37+00:00\",\"mainEntityOfPage\":{\"@id\":\"https:\\\/\\\/www.jaermuseet.no\\\/flyhistorisk\\\/aero-grand-commander-680fl\\\/\"},\"wordCount\":293,\"commentCount\":0,\"image\":{\"@id\":\"https:\\\/\\\/www.jaermuseet.no\\\/flyhistorisk\\\/aero-grand-commander-680fl\\\/#primaryimage\"},\"thumbnailUrl\":\"https:\\\/\\\/www.jaermuseet.no\\\/flyhistorisk\\\/wp-content\\\/uploads\\\/sites\\\/4\\\/2013\\\/10\\\/Aero-Grand-Commander.jpg\",\"articleSection\":[\"Utstillinger\"],\"inLanguage\":\"nn-NO\",\"potentialAction\":[{\"@type\":\"CommentAction\",\"name\":\"Comment\",\"target\":[\"https:\\\/\\\/www.jaermuseet.no\\\/flyhistorisk\\\/aero-grand-commander-680fl\\\/#respond\"]}]},{\"@type\":\"WebPage\",\"@id\":\"https:\\\/\\\/www.jaermuseet.no\\\/flyhistorisk\\\/aero-grand-commander-680fl\\\/\",\"url\":\"https:\\\/\\\/www.jaermuseet.no\\\/flyhistorisk\\\/aero-grand-commander-680fl\\\/\",\"name\":\"Aero Grand Commander 680FL - Flyhistorisk Museum Sola\",\"isPartOf\":{\"@id\":\"https:\\\/\\\/www.jaermuseet.no\\\/flyhistorisk\\\/#website\"},\"primaryImageOfPage\":{\"@id\":\"https:\\\/\\\/www.jaermuseet.no\\\/flyhistorisk\\\/aero-grand-commander-680fl\\\/#primaryimage\"},\"image\":{\"@id\":\"https:\\\/\\\/www.jaermuseet.no\\\/flyhistorisk\\\/aero-grand-commander-680fl\\\/#primaryimage\"},\"thumbnailUrl\":\"https:\\\/\\\/www.jaermuseet.no\\\/flyhistorisk\\\/wp-content\\\/uploads\\\/sites\\\/4\\\/2013\\\/10\\\/Aero-Grand-Commander.jpg\",\"datePublished\":\"2013-10-24T06:17:06+00:00\",\"dateModified\":\"2015-10-05T12:08:37+00:00\",\"author\":{\"@id\":\"https:\\\/\\\/www.jaermuseet.no\\\/flyhistorisk\\\/#\\\/schema\\\/person\\\/fb7c64a141b10ccbf139c101c1c39297\"},\"breadcrumb\":{\"@id\":\"https:\\\/\\\/www.jaermuseet.no\\\/flyhistorisk\\\/aero-grand-commander-680fl\\\/#breadcrumb\"},\"inLanguage\":\"nn-NO\",\"potentialAction\":[{\"@type\":\"ReadAction\",\"target\":[\"https:\\\/\\\/www.jaermuseet.no\\\/flyhistorisk\\\/aero-grand-commander-680fl\\\/\"]}]},{\"@type\":\"ImageObject\",\"inLanguage\":\"nn-NO\",\"@id\":\"https:\\\/\\\/www.jaermuseet.no\\\/flyhistorisk\\\/aero-grand-commander-680fl\\\/#primaryimage\",\"url\":\"https:\\\/\\\/www.jaermuseet.no\\\/flyhistorisk\\\/wp-content\\\/uploads\\\/sites\\\/4\\\/2013\\\/10\\\/Aero-Grand-Commander.jpg\",\"contentUrl\":\"https:\\\/\\\/www.jaermuseet.no\\\/flyhistorisk\\\/wp-content\\\/uploads\\\/sites\\\/4\\\/2013\\\/10\\\/Aero-Grand-Commander.jpg\",\"width\":1920,\"height\":1080},{\"@type\":\"BreadcrumbList\",\"@id\":\"https:\\\/\\\/www.jaermuseet.no\\\/flyhistorisk\\\/aero-grand-commander-680fl\\\/#breadcrumb\",\"itemListElement\":[{\"@type\":\"ListItem\",\"position\":1,\"name\":\"Hjem\",\"item\":\"https:\\\/\\\/www.jaermuseet.no\\\/flyhistorisk\\\/\"},{\"@type\":\"ListItem\",\"position\":2,\"name\":\"Aero Grand Commander 680FL\"}]},{\"@type\":\"WebSite\",\"@id\":\"https:\\\/\\\/www.jaermuseet.no\\\/flyhistorisk\\\/#website\",\"url\":\"https:\\\/\\\/www.jaermuseet.no\\\/flyhistorisk\\\/\",\"name\":\"Flyhistorisk Museum Sola\",\"description\":\"One of Norway\u2019s largest civil collections of airplanes\",\"potentialAction\":[{\"@type\":\"SearchAction\",\"target\":{\"@type\":\"EntryPoint\",\"urlTemplate\":\"https:\\\/\\\/www.jaermuseet.no\\\/flyhistorisk\\\/?s={search_term_string}\"},\"query-input\":{\"@type\":\"PropertyValueSpecification\",\"valueRequired\":true,\"valueName\":\"search_term_string\"}}],\"inLanguage\":\"nn-NO\"},{\"@type\":\"Person\",\"@id\":\"https:\\\/\\\/www.jaermuseet.no\\\/flyhistorisk\\\/#\\\/schema\\\/person\\\/fb7c64a141b10ccbf139c101c1c39297\",\"name\":\"Flyhistorisk\",\"image\":{\"@type\":\"ImageObject\",\"inLanguage\":\"nn-NO\",\"@id\":\"https:\\\/\\\/secure.gravatar.com\\\/avatar\\\/6a67dd7f87836b69b29b49028b01bea26bbf872caff3451d17e160f5c4c6e156?s=96&d=mm&r=g\",\"url\":\"https:\\\/\\\/secure.gravatar.com\\\/avatar\\\/6a67dd7f87836b69b29b49028b01bea26bbf872caff3451d17e160f5c4c6e156?s=96&d=mm&r=g\",\"contentUrl\":\"https:\\\/\\\/secure.gravatar.com\\\/avatar\\\/6a67dd7f87836b69b29b49028b01bea26bbf872caff3451d17e160f5c4c6e156?s=96&d=mm&r=g\",\"caption\":\"Flyhistorisk\"},\"url\":\"https:\\\/\\\/www.jaermuseet.no\\\/flyhistorisk\\\/author\\\/flyhistorisk\\\/\"}]}<\/script>\n<!-- \/ Yoast SEO plugin. -->","yoast_head_json":{"title":"Aero Grand Commander 680FL - Flyhistorisk Museum Sola","robots":{"index":"index","follow":"follow","max-snippet":"max-snippet:-1","max-image-preview":"max-image-preview:large","max-video-preview":"max-video-preview:-1"},"canonical":"https:\/\/www.jaermuseet.no\/flyhistorisk\/aero-grand-commander-680fl\/","og_locale":"nn_NO","og_type":"article","og_title":"Aero Grand Commander 680FL - Flyhistorisk Museum Sola","og_url":"https:\/\/www.jaermuseet.no\/flyhistorisk\/aero-grand-commander-680fl\/","og_site_name":"Flyhistorisk Museum Sola","article_published_time":"2013-10-24T06:17:06+00:00","article_modified_time":"2015-10-05T12:08:37+00:00","og_image":[{"width":1920,"height":1080,"url":"https:\/\/www.jaermuseet.no\/flyhistorisk\/wp-content\/uploads\/sites\/4\/2013\/10\/Aero-Grand-Commander.jpg","type":"image\/jpeg"}],"author":"Flyhistorisk","twitter_card":"summary_large_image","twitter_misc":{"Written by":"Flyhistorisk","Est. reading time":"1 minutt"},"schema":{"@context":"https:\/\/schema.org","@graph":[{"@type":"Article","@id":"https:\/\/www.jaermuseet.no\/flyhistorisk\/aero-grand-commander-680fl\/#article","isPartOf":{"@id":"https:\/\/www.jaermuseet.no\/flyhistorisk\/aero-grand-commander-680fl\/"},"author":{"name":"Flyhistorisk","@id":"https:\/\/www.jaermuseet.no\/flyhistorisk\/#\/schema\/person\/fb7c64a141b10ccbf139c101c1c39297"},"headline":"Aero Grand Commander 680FL","datePublished":"2013-10-24T06:17:06+00:00","dateModified":"2015-10-05T12:08:37+00:00","mainEntityOfPage":{"@id":"https:\/\/www.jaermuseet.no\/flyhistorisk\/aero-grand-commander-680fl\/"},"wordCount":293,"commentCount":0,"image":{"@id":"https:\/\/www.jaermuseet.no\/flyhistorisk\/aero-grand-commander-680fl\/#primaryimage"},"thumbnailUrl":"https:\/\/www.jaermuseet.no\/flyhistorisk\/wp-content\/uploads\/sites\/4\/2013\/10\/Aero-Grand-Commander.jpg","articleSection":["Utstillinger"],"inLanguage":"nn-NO","potentialAction":[{"@type":"CommentAction","name":"Comment","target":["https:\/\/www.jaermuseet.no\/flyhistorisk\/aero-grand-commander-680fl\/#respond"]}]},{"@type":"WebPage","@id":"https:\/\/www.jaermuseet.no\/flyhistorisk\/aero-grand-commander-680fl\/","url":"https:\/\/www.jaermuseet.no\/flyhistorisk\/aero-grand-commander-680fl\/","name":"Aero Grand Commander 680FL - Flyhistorisk Museum Sola","isPartOf":{"@id":"https:\/\/www.jaermuseet.no\/flyhistorisk\/#website"},"primaryImageOfPage":{"@id":"https:\/\/www.jaermuseet.no\/flyhistorisk\/aero-grand-commander-680fl\/#primaryimage"},"image":{"@id":"https:\/\/www.jaermuseet.no\/flyhistorisk\/aero-grand-commander-680fl\/#primaryimage"},"thumbnailUrl":"https:\/\/www.jaermuseet.no\/flyhistorisk\/wp-content\/uploads\/sites\/4\/2013\/10\/Aero-Grand-Commander.jpg","datePublished":"2013-10-24T06:17:06+00:00","dateModified":"2015-10-05T12:08:37+00:00","author":{"@id":"https:\/\/www.jaermuseet.no\/flyhistorisk\/#\/schema\/person\/fb7c64a141b10ccbf139c101c1c39297"},"breadcrumb":{"@id":"https:\/\/www.jaermuseet.no\/flyhistorisk\/aero-grand-commander-680fl\/#breadcrumb"},"inLanguage":"nn-NO","potentialAction":[{"@type":"ReadAction","target":["https:\/\/www.jaermuseet.no\/flyhistorisk\/aero-grand-commander-680fl\/"]}]},{"@type":"ImageObject","inLanguage":"nn-NO","@id":"https:\/\/www.jaermuseet.no\/flyhistorisk\/aero-grand-commander-680fl\/#primaryimage","url":"https:\/\/www.jaermuseet.no\/flyhistorisk\/wp-content\/uploads\/sites\/4\/2013\/10\/Aero-Grand-Commander.jpg","contentUrl":"https:\/\/www.jaermuseet.no\/flyhistorisk\/wp-content\/uploads\/sites\/4\/2013\/10\/Aero-Grand-Commander.jpg","width":1920,"height":1080},{"@type":"BreadcrumbList","@id":"https:\/\/www.jaermuseet.no\/flyhistorisk\/aero-grand-commander-680fl\/#breadcrumb","itemListElement":[{"@type":"ListItem","position":1,"name":"Hjem","item":"https:\/\/www.jaermuseet.no\/flyhistorisk\/"},{"@type":"ListItem","position":2,"name":"Aero Grand Commander 680FL"}]},{"@type":"WebSite","@id":"https:\/\/www.jaermuseet.no\/flyhistorisk\/#website","url":"https:\/\/www.jaermuseet.no\/flyhistorisk\/","name":"Flyhistorisk Museum Sola","description":"One of Norway\u2019s largest civil collections of airplanes","potentialAction":[{"@type":"SearchAction","target":{"@type":"EntryPoint","urlTemplate":"https:\/\/www.jaermuseet.no\/flyhistorisk\/?s={search_term_string}"},"query-input":{"@type":"PropertyValueSpecification","valueRequired":true,"valueName":"search_term_string"}}],"inLanguage":"nn-NO"},{"@type":"Person","@id":"https:\/\/www.jaermuseet.no\/flyhistorisk\/#\/schema\/person\/fb7c64a141b10ccbf139c101c1c39297","name":"Flyhistorisk","image":{"@type":"ImageObject","inLanguage":"nn-NO","@id":"https:\/\/secure.gravatar.com\/avatar\/6a67dd7f87836b69b29b49028b01bea26bbf872caff3451d17e160f5c4c6e156?s=96&d=mm&r=g","url":"https:\/\/secure.gravatar.com\/avatar\/6a67dd7f87836b69b29b49028b01bea26bbf872caff3451d17e160f5c4c6e156?s=96&d=mm&r=g","contentUrl":"https:\/\/secure.gravatar.com\/avatar\/6a67dd7f87836b69b29b49028b01bea26bbf872caff3451d17e160f5c4c6e156?s=96&d=mm&r=g","caption":"Flyhistorisk"},"url":"https:\/\/www.jaermuseet.no\/flyhistorisk\/author\/flyhistorisk\/"}]}},"cc_featured_image_caption":{"caption_text":"","source_text":"","source_url":""},"jetpack_featured_media_url":"https:\/\/www.jaermuseet.no\/flyhistorisk\/wp-content\/uploads\/sites\/4\/2013\/10\/Aero-Grand-Commander.jpg","jetpack_sharing_enabled":true,"_links":{"self":[{"href":"https:\/\/www.jaermuseet.no\/flyhistorisk\/wp-json\/wp\/v2\/posts\/32","targetHints":{"allow":["GET"]}}],"collection":[{"href":"https:\/\/www.jaermuseet.no\/flyhistorisk\/wp-json\/wp\/v2\/posts"}],"about":[{"href":"https:\/\/www.jaermuseet.no\/flyhistorisk\/wp-json\/wp\/v2\/types\/post"}],"author":[{"embeddable":true,"href":"https:\/\/www.jaermuseet.no\/flyhistorisk\/wp-json\/wp\/v2\/users\/3"}],"replies":[{"embeddable":true,"href":"https:\/\/www.jaermuseet.no\/flyhistorisk\/wp-json\/wp\/v2\/comments?post=32"}],"version-history":[{"count":4,"href":"https:\/\/www.jaermuseet.no\/flyhistorisk\/wp-json\/wp\/v2\/posts\/32\/revisions"}],"predecessor-version":[{"id":450,"href":"https:\/\/www.jaermuseet.no\/flyhistorisk\/wp-json\/wp\/v2\/posts\/32\/revisions\/450"}],"wp:featuredmedia":[{"embeddable":true,"href":"https:\/\/www.jaermuseet.no\/flyhistorisk\/wp-json\/wp\/v2\/media\/253"}],"wp:attachment":[{"href":"https:\/\/www.jaermuseet.no\/flyhistorisk\/wp-json\/wp\/v2\/media?parent=32"}],"wp:term":[{"taxonomy":"category","embeddable":true,"href":"https:\/\/www.jaermuseet.no\/flyhistorisk\/wp-json\/wp\/v2\/categories?post=32"},{"taxonomy":"post_tag","embeddable":true,"href":"https:\/\/www.jaermuseet.no\/flyhistorisk\/wp-json\/wp\/v2\/tags?post=32"}],"curies":[{"name":"wp","href":"https:\/\/api.w.org\/{rel}","templated":true}]}}